{"id":405530,"date":"2023-05-16T21:37:50","date_gmt":"2023-05-17T00:37:50","guid":{"rendered":"https:\/\/www.suno.com.br\/noticias\/?p=405530"},"modified":"2023-05-16T21:37:52","modified_gmt":"2023-05-17T00:37:52","slug":"inflacao-itau-itub4-ipca-revisao-corte-combustiveis","status":"publish","type":"post","link":"https:\/\/www.suno.com.br\/noticias\/inflacao-itau-itub4-ipca-revisao-corte-combustiveis\/","title":{"rendered":"Infla\u00e7\u00e3o: Ita\u00fa (ITUB4) atualiza proje\u00e7\u00e3o do IPCA 2023 ap\u00f3s corte dos combust\u00edveis"},"content":{"rendered":"<p>O <a class=\"suno-keyword\" target=\"_blank\" data-force=\"yes\" data-priority=\"2\" href=\"https:\/\/www.suno.com.br\/acoes\/ITUB4\/\" rel=\"noopener\">Ita\u00fa Unibanco (ITUB4)<\/a> revisou de 6,0% para 5,8% a estimativa de <strong>infla\u00e7\u00e3o<\/strong> para o \u00cdndice Nacional de Pre\u00e7os ao Consumidor Amplo (IPCA) de 2023 ap\u00f3s o an\u00fancio da queda dos pre\u00e7os dos combust\u00edveis pela <a class=\"suno-keyword\" target=\"_blank\" data-force=\"yes\" data-priority=\"2\" href=\"https:\/\/www.suno.com.br\/acoes\/PETR4\/\" rel=\"noopener\">Petrobras (PETR4)<\/a>. A estimativa para 2024 foi mantida em 4,5%.<\/p>\t<div class=\"wrapper-featured-image\">\n\t\t<figure class=\"spotlightImg\">\n\n\t\t\t<picture>\n\t\t\t\t<source media=\"(max-width: 768px)\" srcset=\"https:\/\/files.sunoresearch.com.br\/n\/uploads\/2022\/09\/ipca-gasolina-400x200.jpg\">\n\t\t\t\t<img loading=\"lazy\" decoding=\"async\" class=\"newsContent__article__imgCapa lazyloadDisabled \" src=\"https:\/\/files.sunoresearch.com.br\/n\/uploads\/2022\/09\/ipca-gasolina-800x450.jpg\" width=\"800\" height=\"450\" alt=\"Infla\u00e7\u00e3o: Ita\u00fa (ITUB4) atualiza proje\u00e7\u00e3o do IPCA 2023 ap\u00f3s corte dos combust\u00edveis\" fetchpriority=high \/>\n\t\t\t<\/picture>\n\n\t\t\t<figcaption class=\"wp-caption-text wp-caption-text--show\">Infla\u00e7\u00e3o- Foto: Marcello Casal jr\/Ag\u00eancia Senado<\/figcaption>\n\t\t<\/figure>\n\t<\/div>\n\n\n\n\n\n\t<p>\n\t\t<a href=\"\" target=\"_blank\" data-element=\"shortcode-suno-banner\" title=\"Banner SUNO, clique e saiba mais\">\n\t\t\t<picture>\n\t\t\t\t<source media=\"(max-width: 500px)\" srcset=\"\">\n\t\t\t\t<img class=\"newsContent__article__imgCapa newsContent__article__imgCapa--banner\"\n\t\t\t\t\tsrc=\"\"\n\t\t\t\t\tdata-promo-id=\"240038\"\t\t\t\t\t\t\t\t\t\t\t\t\t\t\talt=\"\"\n\t\t\t\t>\n\t\t\t<\/picture>\n\t\t<\/a>\n\t<\/p>\n\n\n\n\n\n<p>Na avalia\u00e7\u00e3o das economistas Luciana Rabelo e Julia Passabom, an\u00fancio de hoje anula quase todo o impacto altista da volta de <a class=\"suno-keyword\" target=\"_blank\" data-force=\"no\" data-priority=\"1\" href=\"https:\/\/www.suno.com.br\/artigos\/tributos-federais\/\" rel=\"noopener\">tributos federais<\/a> e estaduais sobre o<strong> pre\u00e7o da gasolina<\/strong> no ano. &#8220;Cabe lembrar que a nossa proje\u00e7\u00e3o para o ano inclui al\u00edquota de R$ 1,22 no ICMS sobre a gasolina no m\u00eas de junho (impacto de +21bps) e a volta do Pis\/Cofins de R$ 0,34 sobre a gasolina em julho (impacto de +34bps)&#8221;, escreveram no relat\u00f3rio.<\/p>\n\n\n\n<p>Elas ponderam que, observando-se a pol\u00edtica de <strong>pre\u00e7os da Petrobras<\/strong>, poderia haver espa\u00e7o para corte adicional, provavelmente em julho, caso o <strong>pre\u00e7o do petr\u00f3leo<\/strong> continue pr\u00f3ximo de US$ 75 por barril e o c\u00e2mbio pouco abaixo de R$ 5 por d\u00f3lar, &#8220;o que n\u00e3o \u00e9 nosso cen\u00e1rio base \u00e0 frente&#8221;, dizem.<\/p>\n\n\n\n<p>O <strong>cen\u00e1rio de infla\u00e7\u00e3o do Ita\u00fa<\/strong> leva em conta <a class=\"suno-keyword\" target=\"_blank\" data-force=\"no\" data-priority=\"1\" href=\"https:\/\/www.suno.com.br\/artigos\/precos-administrados\/\" rel=\"noopener\">pre\u00e7os administrados<\/a> em 10,2% e livres, em 4,3%, com destaque para a alta de apenas 1,5% em alimentos, seguindo infla\u00e7\u00e3o pr\u00f3xima de 13% no grupo ano passado. &#8220;A desinfla\u00e7\u00e3o se d\u00e1 com clima favor\u00e1vel para plantio e colheita da safra brasileira e americana esse ano, com El Ni\u00f1o no segundo semestre, bem como pela queda observada no pre\u00e7o de fertilizantes, ap\u00f3s o choque observado do ano passado&#8221;, afirmam.<\/p>\n\n\n\n<p>Elas estimam ainda 3,3% na <strong>infla\u00e7\u00e3o de bens industriais<\/strong> e alta de 6,2% em servi\u00e7os. &#8220;O \u00faltimo grupo, mais inercial e com impacto de um mercado de trabalho ainda resiliente e com ritmo de alta de sal\u00e1rios robusto, tende a mostrar trajet\u00f3ria de desinfla\u00e7\u00e3o mais lenta e gradual, o que \u00e9 compat\u00edvel com o est\u00e1gio atual do ciclo&#8221;, escreveram Rabelo e Passabom.<\/p>\n\n\n\t<p>\n\t\t<a href=\"https:\/\/lp.suno.com.br\/ebook-gratuito-investindo-no-exterior\/\" target=\"_blank\" data-element=\"shortcode-suno-banner\" title=\"Banner SUNO, clique e saiba mais\">\n\t\t\t<picture>\n\t\t\t\t<source media=\"(max-width: 500px)\" srcset=\"https:\/\/files.sunoresearch.com.br\/n\/uploads\/2023\/03\/400x300-Investindo-no-exterior.png\">\n\t\t\t\t<img class=\"newsContent__article__imgCapa newsContent__article__imgCapa--banner\"\n\t\t\t\t\tsrc=\"https:\/\/files.sunoresearch.com.br\/n\/uploads\/2023\/03\/1420x240-Investindo-no-exterior.png\"\n\t\t\t\t\tdata-promo-id=\"383161\"\t\t\t\t\t\t\t\t\t\twidth='1420' height='240'\t\t\t\t\talt=\"https:\/\/files.sunoresearch.com.br\/n\/uploads\/2023\/03\/1420x240-Investindo-no-exterior.png\"\n\t\t\t\t>\n\t\t\t<\/picture>\n\t\t<\/a>\n\t<\/p>\n\n\n\n\n\n<h2 class=\"wp-block-heading\">Infla\u00e7\u00e3o no ano que vem<\/h2>\n\n\n\n<p>E a infla\u00e7\u00e3o no ano que vem? O Ita\u00fa manteve a proje\u00e7\u00e3o de 4,5% para o IPCA de 2024. Rabelo e Passabom ponderam que o seu cen\u00e1rio n\u00e3o incorpora um eventual impacto de uma revis\u00e3o da meta. Isso, explicam, tenderia a levar a proje\u00e7\u00e3o do ano para acima de 5%.<\/p>\n\n\n\n<p>&#8220;Por outro lado, a manuten\u00e7\u00e3o da meta em 3%, um c\u00e2mbio mais apreciado e uma menor in\u00e9rcia da <strong>infla\u00e7\u00e3o <\/strong>vinda de 2023 s\u00e3o riscos de baixa para nossa proje\u00e7\u00e3o. Ajustar a meta \u00e0s proje\u00e7\u00f5es, e n\u00e3o vice-versa, seria manobra de risco, cujo resultado mais prov\u00e1vel seria intensificar a desancoragem das expectativas&#8221;, afirmam.<\/p>\n\n\n\n<p><em>Com Estad\u00e3o Conte\u00fado<\/em><\/p>\n\n\n\t<p>\n\t\t<a href=\"https:\/\/lp.suno.com.br\/suno-one\/?utm_campaign=_SNC6964518A_\" target=\"_blank\" data-element=\"shortcode-suno-banner\" title=\"Banner SUNO, clique e saiba mais\">\n\t\t\t<picture>\n\t\t\t\t<source media=\"(max-width: 500px)\" srcset=\"https:\/\/files.sunoresearch.com.br\/n\/uploads\/2025\/09\/400x300-Suno-One-png.webp\">\n\t\t\t\t<img class=\"newsContent__article__imgCapa newsContent__article__imgCapa--banner\"\n\t\t\t\t\tsrc=\"https:\/\/files.sunoresearch.com.br\/n\/uploads\/2025\/09\/1420x240-Suno-One-png.webp\"\n\t\t\t\t\tdata-promo-id=\"383121\"\t\t\t\t\t\t\t\t\t\twidth='1420' height='240'\t\t\t\t\talt=\"https:\/\/files.sunoresearch.com.br\/n\/uploads\/2025\/09\/1420x240-Suno-One-png.webp\"\n\t\t\t\t>\n\t\t\t<\/picture>\n\t\t<\/a>\n\t<\/p>\n\n\n","protected":false},"excerpt":{"rendered":"<p>O Ita\u00fa Unibanco (ITUB4) revisou de 6,0% para 5,8% a estimativa de infla\u00e7\u00e3o para o \u00cdndice Nacional de Pre\u00e7os ao Consumidor Amplo (IPCA) de 2023 ap\u00f3s o an\u00fancio da queda dos pre\u00e7os dos combust\u00edveis pela Petrobras (PETR4). A estimativa para 2024 foi mantida em 4,5%. Infla\u00e7\u00e3o- Foto: Marcello Casal jr\/Ag\u00eancia Senado Na avalia\u00e7\u00e3o das economistas [&hellip;]<\/p>\n","protected":false},"author":43,"featured_media":295460,"comment_status":"closed","ping_status":"closed","sticky":false,"template":"","format":"standard","meta":[],"categories":[64],"tags":[1437,850,966,519,595],"suno_strategy":[],"class_list":["post-405530","post","type-post","status-publish","format-standard","has-post-thumbnail","hentry","category-negocios","tag-combustiveis","tag-inflacao","tag-ipca","tag-itau-unibanco-itub3-itub4","tag-petrobras-petr4"],"yoast_head":"<!-- This site is optimized with the Yoast SEO plugin v24.4 - https:\/\/yoast.com\/wordpress\/plugins\/seo\/ -->\n<title>Infla\u00e7\u00e3o: Ita\u00fa (ITUB4) revisa proje\u00e7\u00e3o do IPCA ap\u00f3s corte de combust\u00edveis<\/title>\n<meta name=\"description\" content=\"O Ita\u00fa revisou para 5,8% a estimativa de infla\u00e7\u00e3o para o IPCA de 2023 ap\u00f3s o an\u00fancio da queda dos pre\u00e7os dos combust\u00edveis pela Petrobras\" \/>\n<meta name=\"robots\" content=\"index, follow, max-snippet:-1, max-image-preview:large, max-video-preview:-1\" \/>\n<link rel=\"canonical\" href=\"https:\/\/www.suno.com.br\/noticias\/inflacao-itau-itub4-ipca-revisao-corte-combustiveis\/\" \/>\n<meta property=\"og:locale\" content=\"pt_BR\" \/>\n<meta property=\"og:type\" content=\"article\" \/>\n<meta property=\"og:title\" content=\"Infla\u00e7\u00e3o: Ita\u00fa (ITUB4) revisa proje\u00e7\u00e3o do IPCA ap\u00f3s corte de combust\u00edveis\" \/>\n<meta property=\"og:description\" content=\"O Ita\u00fa revisou para 5,8% a estimativa de infla\u00e7\u00e3o para o IPCA de 2023 ap\u00f3s o an\u00fancio da queda dos pre\u00e7os dos combust\u00edveis pela Petrobras\" \/>\n<meta property=\"og:url\" content=\"https:\/\/www.suno.com.br\/noticias\/inflacao-itau-itub4-ipca-revisao-corte-combustiveis\/\" \/>\n<meta property=\"og:site_name\" content=\"Suno Not\u00edcias\" \/>\n<meta property=\"article:publisher\" content=\"https:\/\/facebook.com\/sunoresearch\" \/>\n<meta property=\"article:author\" content=\"https:\/\/www.facebook.com\/sunonoticias\/\" \/>\n<meta property=\"og:image\" content=\"https:\/\/files.sunoresearch.com.br\/n\/uploads\/2022\/09\/ipca-gasolina-scaled.jpg\" \/>\n\t<meta property=\"og:image:width\" content=\"2560\" \/>\n\t<meta property=\"og:image:height\" content=\"1707\" \/>\n\t<meta property=\"og:image:type\" content=\"image\/jpeg\" \/>\n<meta name=\"author\" content=\"Reda\u00e7\u00e3o Suno Not\u00edcias\" \/>\n<meta name=\"twitter:card\" content=\"summary_large_image\" \/>\n<meta name=\"twitter:creator\" content=\"@https:\/\/twitter.com\/sunoresearch\" \/>\n<meta name=\"twitter:site\" content=\"@sunoresearch\" \/>\n<meta name=\"twitter:label1\" content=\"Escrito por\" \/>\n\t<meta name=\"twitter:data1\" content=\"Reda\u00e7\u00e3o Suno Not\u00edcias\" \/>\n\t<meta name=\"twitter:label2\" content=\"Est. tempo de leitura\" \/>\n\t<meta name=\"twitter:data2\" content=\"3 minutos\" \/>\n<script type=\"application\/ld+json\" class=\"yoast-schema-graph\">{\"@context\":\"https:\/\/schema.org\",\"@graph\":[{\"@type\":\"NewsArticle\",\"@id\":\"https:\/\/www.suno.com.br\/noticias\/inflacao-itau-itub4-ipca-revisao-corte-combustiveis\/#article\",\"isPartOf\":{\"@id\":\"https:\/\/www.suno.com.br\/noticias\/inflacao-itau-itub4-ipca-revisao-corte-combustiveis\/\"},\"author\":{\"name\":\"Reda\u00e7\u00e3o Suno Not\u00edcias\",\"@id\":\"https:\/\/www.suno.com.br\/noticias\/#\/schema\/person\/c1b1bd3727fa852bd045e9dbff3673ea\"},\"headline\":\"Infla\u00e7\u00e3o: Ita\u00fa (ITUB4) atualiza proje\u00e7\u00e3o do IPCA 2023 ap\u00f3s corte dos combust\u00edveis\",\"datePublished\":\"2023-05-17T00:37:50+00:00\",\"dateModified\":\"2023-05-17T00:37:52+00:00\",\"mainEntityOfPage\":{\"@id\":\"https:\/\/www.suno.com.br\/noticias\/inflacao-itau-itub4-ipca-revisao-corte-combustiveis\/\"},\"wordCount\":482,\"publisher\":{\"@id\":\"https:\/\/www.suno.com.br\/noticias\/#organization\"},\"image\":{\"@id\":\"https:\/\/www.suno.com.br\/noticias\/inflacao-itau-itub4-ipca-revisao-corte-combustiveis\/#primaryimage\"},\"thumbnailUrl\":\"https:\/\/files.sunoresearch.com.br\/n\/uploads\/2022\/09\/ipca-gasolina-scaled.jpg\",\"keywords\":[\"combust\u00edveis\",\"infla\u00e7\u00e3o\",\"IPCA\",\"Ita\u00fa Unibanco (ITUB3\/ITUB4)\",\"Petrobras (PETR4)\"],\"articleSection\":[\"Neg\u00f3cios\"],\"inLanguage\":\"pt-BR\"},{\"@type\":\"WebPage\",\"@id\":\"https:\/\/www.suno.com.br\/noticias\/inflacao-itau-itub4-ipca-revisao-corte-combustiveis\/\",\"url\":\"https:\/\/www.suno.com.br\/noticias\/inflacao-itau-itub4-ipca-revisao-corte-combustiveis\/\",\"name\":\"Infla\u00e7\u00e3o: Ita\u00fa (ITUB4) revisa proje\u00e7\u00e3o do IPCA ap\u00f3s corte de combust\u00edveis\",\"isPartOf\":{\"@id\":\"https:\/\/www.suno.com.br\/noticias\/#website\"},\"primaryImageOfPage\":{\"@id\":\"https:\/\/www.suno.com.br\/noticias\/inflacao-itau-itub4-ipca-revisao-corte-combustiveis\/#primaryimage\"},\"image\":{\"@id\":\"https:\/\/www.suno.com.br\/noticias\/inflacao-itau-itub4-ipca-revisao-corte-combustiveis\/#primaryimage\"},\"thumbnailUrl\":\"https:\/\/files.sunoresearch.com.br\/n\/uploads\/2022\/09\/ipca-gasolina-scaled.jpg\",\"datePublished\":\"2023-05-17T00:37:50+00:00\",\"dateModified\":\"2023-05-17T00:37:52+00:00\",\"description\":\"O Ita\u00fa revisou para 5,8% a estimativa de infla\u00e7\u00e3o para o IPCA de 2023 ap\u00f3s o an\u00fancio da queda dos pre\u00e7os dos combust\u00edveis pela Petrobras\",\"breadcrumb\":{\"@id\":\"https:\/\/www.suno.com.br\/noticias\/inflacao-itau-itub4-ipca-revisao-corte-combustiveis\/#breadcrumb\"},\"inLanguage\":\"pt-BR\",\"potentialAction\":[{\"@type\":\"ReadAction\",\"target\":[\"https:\/\/www.suno.com.br\/noticias\/inflacao-itau-itub4-ipca-revisao-corte-combustiveis\/\"]}]},{\"@type\":\"ImageObject\",\"inLanguage\":\"pt-BR\",\"@id\":\"https:\/\/www.suno.com.br\/noticias\/inflacao-itau-itub4-ipca-revisao-corte-combustiveis\/#primaryimage\",\"url\":\"https:\/\/files.sunoresearch.com.br\/n\/uploads\/2022\/09\/ipca-gasolina-scaled.jpg\",\"contentUrl\":\"https:\/\/files.sunoresearch.com.br\/n\/uploads\/2022\/09\/ipca-gasolina-scaled.jpg\",\"width\":2560,\"height\":1707,\"caption\":\"Infla\u00e7\u00e3o- Foto: Marcello Casal jr\/Ag\u00eancia Senado\"},{\"@type\":\"BreadcrumbList\",\"@id\":\"https:\/\/www.suno.com.br\/noticias\/inflacao-itau-itub4-ipca-revisao-corte-combustiveis\/#breadcrumb\",\"itemListElement\":[{\"@type\":\"ListItem\",\"position\":1,\"name\":\"Not\u00edcias\",\"item\":\"https:\/\/www.suno.com.br\/noticias\/\"},{\"@type\":\"ListItem\",\"position\":2,\"name\":\"Neg\u00f3cios\",\"item\":\"https:\/\/www.suno.com.br\/noticias\/negocios\/\"},{\"@type\":\"ListItem\",\"position\":3,\"name\":\"Infla\u00e7\u00e3o: Ita\u00fa (ITUB4) atualiza proje\u00e7\u00e3o do IPCA 2023 ap\u00f3s corte dos combust\u00edveis\"}]},{\"@type\":\"WebSite\",\"@id\":\"https:\/\/www.suno.com.br\/noticias\/#website\",\"url\":\"https:\/\/www.suno.com.br\/noticias\/\",\"name\":\"Suno Not\u00edcias\",\"description\":\"Seu portal de informa\u00e7\u00e3o sobre o mundo dos investimentos\",\"publisher\":{\"@id\":\"https:\/\/www.suno.com.br\/noticias\/#organization\"},\"potentialAction\":[{\"@type\":\"SearchAction\",\"target\":{\"@type\":\"EntryPoint\",\"urlTemplate\":\"https:\/\/www.suno.com.br\/noticias\/?s={search_term_string}\"},\"query-input\":{\"@type\":\"PropertyValueSpecification\",\"valueRequired\":true,\"valueName\":\"search_term_string\"}}],\"inLanguage\":\"pt-BR\"},{\"@type\":\"Organization\",\"@id\":\"https:\/\/www.suno.com.br\/noticias\/#organization\",\"name\":\"Suno Not\u00edcias\",\"url\":\"https:\/\/www.suno.com.br\/noticias\/\",\"logo\":{\"@type\":\"ImageObject\",\"inLanguage\":\"pt-BR\",\"@id\":\"https:\/\/www.suno.com.br\/noticias\/#\/schema\/logo\/image\/\",\"url\":\"https:\/\/files.sunoresearch.com.br\/n\/uploads\/2021\/09\/suno-logo.png\",\"contentUrl\":\"https:\/\/files.sunoresearch.com.br\/n\/uploads\/2021\/09\/suno-logo.png\",\"width\":180,\"height\":180,\"caption\":\"Suno Not\u00edcias\"},\"image\":{\"@id\":\"https:\/\/www.suno.com.br\/noticias\/#\/schema\/logo\/image\/\"},\"sameAs\":[\"https:\/\/facebook.com\/sunoresearch\",\"https:\/\/x.com\/sunoresearch\",\"https:\/\/www.instagram.com\/suno\",\"https:\/\/www.linkedin.com\/company\/suno-research\/\",\"https:\/\/www.youtube.com\/c\/sunoresearch\"]},{\"@type\":\"Person\",\"@id\":\"https:\/\/www.suno.com.br\/noticias\/#\/schema\/person\/c1b1bd3727fa852bd045e9dbff3673ea\",\"name\":\"Reda\u00e7\u00e3o Suno Not\u00edcias\",\"image\":{\"@type\":\"ImageObject\",\"inLanguage\":\"pt-BR\",\"@id\":\"https:\/\/www.suno.com.br\/noticias\/#\/schema\/person\/image\/\",\"url\":\"https:\/\/secure.gravatar.com\/avatar\/b8104b9b5a71985d5238ee59fbe418af?s=96&r=g\",\"contentUrl\":\"https:\/\/secure.gravatar.com\/avatar\/b8104b9b5a71985d5238ee59fbe418af?s=96&r=g\",\"caption\":\"Reda\u00e7\u00e3o Suno Not\u00edcias\"},\"description\":\"O Suno Not\u00edcias \u00e9 um portal de informa\u00e7\u00f5es sobre Mercado Financeiro, Pol\u00edtica, Neg\u00f3cios, Economia e Finan\u00e7as Pessoais.\",\"sameAs\":[\"https:\/\/www.suno.com.br\/noticias\",\"https:\/\/www.facebook.com\/sunonoticias\/\",\"https:\/\/www.instagram.com\/sunonoticias\/\",\"https:\/\/x.com\/https:\/\/twitter.com\/sunoresearch\",\"https:\/\/www.youtube.com\/sunonoticias\"],\"url\":\"https:\/\/www.suno.com.br\/noticias\/author\/redacao-suno\/\"}]}<\/script>\n<!-- \/ Yoast SEO plugin. -->","yoast_head_json":{"title":"Infla\u00e7\u00e3o: Ita\u00fa (ITUB4) revisa proje\u00e7\u00e3o do IPCA ap\u00f3s corte de combust\u00edveis","description":"O Ita\u00fa revisou para 5,8% a estimativa de infla\u00e7\u00e3o para o IPCA de 2023 ap\u00f3s o an\u00fancio da queda dos pre\u00e7os dos combust\u00edveis pela Petrobras","robots":{"index":"index","follow":"follow","max-snippet":"max-snippet:-1","max-image-preview":"max-image-preview:large","max-video-preview":"max-video-preview:-1"},"canonical":"https:\/\/www.suno.com.br\/noticias\/inflacao-itau-itub4-ipca-revisao-corte-combustiveis\/","og_locale":"pt_BR","og_type":"article","og_title":"Infla\u00e7\u00e3o: Ita\u00fa (ITUB4) revisa proje\u00e7\u00e3o do IPCA ap\u00f3s corte de combust\u00edveis","og_description":"O Ita\u00fa revisou para 5,8% a estimativa de infla\u00e7\u00e3o para o IPCA de 2023 ap\u00f3s o an\u00fancio da queda dos pre\u00e7os dos combust\u00edveis pela Petrobras","og_url":"https:\/\/www.suno.com.br\/noticias\/inflacao-itau-itub4-ipca-revisao-corte-combustiveis\/","og_site_name":"Suno Not\u00edcias","article_publisher":"https:\/\/facebook.com\/sunoresearch","article_author":"https:\/\/www.facebook.com\/sunonoticias\/","og_image":[{"width":2560,"height":1707,"url":"https:\/\/files.sunoresearch.com.br\/n\/uploads\/2022\/09\/ipca-gasolina-scaled.jpg","type":"image\/jpeg"}],"author":"Reda\u00e7\u00e3o Suno Not\u00edcias","twitter_card":"summary_large_image","twitter_creator":"@https:\/\/twitter.com\/sunoresearch","twitter_site":"@sunoresearch","twitter_misc":{"Escrito por":"Reda\u00e7\u00e3o Suno Not\u00edcias","Est. tempo de leitura":"3 minutos"},"schema":{"@context":"https:\/\/schema.org","@graph":[{"@type":"NewsArticle","@id":"https:\/\/www.suno.com.br\/noticias\/inflacao-itau-itub4-ipca-revisao-corte-combustiveis\/#article","isPartOf":{"@id":"https:\/\/www.suno.com.br\/noticias\/inflacao-itau-itub4-ipca-revisao-corte-combustiveis\/"},"author":{"name":"Reda\u00e7\u00e3o Suno Not\u00edcias","@id":"https:\/\/www.suno.com.br\/noticias\/#\/schema\/person\/c1b1bd3727fa852bd045e9dbff3673ea"},"headline":"Infla\u00e7\u00e3o: Ita\u00fa (ITUB4) atualiza proje\u00e7\u00e3o do IPCA 2023 ap\u00f3s corte dos combust\u00edveis","datePublished":"2023-05-17T00:37:50+00:00","dateModified":"2023-05-17T00:37:52+00:00","mainEntityOfPage":{"@id":"https:\/\/www.suno.com.br\/noticias\/inflacao-itau-itub4-ipca-revisao-corte-combustiveis\/"},"wordCount":482,"publisher":{"@id":"https:\/\/www.suno.com.br\/noticias\/#organization"},"image":{"@id":"https:\/\/www.suno.com.br\/noticias\/inflacao-itau-itub4-ipca-revisao-corte-combustiveis\/#primaryimage"},"thumbnailUrl":"https:\/\/files.sunoresearch.com.br\/n\/uploads\/2022\/09\/ipca-gasolina-scaled.jpg","keywords":["combust\u00edveis","infla\u00e7\u00e3o","IPCA","Ita\u00fa Unibanco (ITUB3\/ITUB4)","Petrobras (PETR4)"],"articleSection":["Neg\u00f3cios"],"inLanguage":"pt-BR"},{"@type":"WebPage","@id":"https:\/\/www.suno.com.br\/noticias\/inflacao-itau-itub4-ipca-revisao-corte-combustiveis\/","url":"https:\/\/www.suno.com.br\/noticias\/inflacao-itau-itub4-ipca-revisao-corte-combustiveis\/","name":"Infla\u00e7\u00e3o: Ita\u00fa (ITUB4) revisa proje\u00e7\u00e3o do IPCA ap\u00f3s corte de combust\u00edveis","isPartOf":{"@id":"https:\/\/www.suno.com.br\/noticias\/#website"},"primaryImageOfPage":{"@id":"https:\/\/www.suno.com.br\/noticias\/inflacao-itau-itub4-ipca-revisao-corte-combustiveis\/#primaryimage"},"image":{"@id":"https:\/\/www.suno.com.br\/noticias\/inflacao-itau-itub4-ipca-revisao-corte-combustiveis\/#primaryimage"},"thumbnailUrl":"https:\/\/files.sunoresearch.com.br\/n\/uploads\/2022\/09\/ipca-gasolina-scaled.jpg","datePublished":"2023-05-17T00:37:50+00:00","dateModified":"2023-05-17T00:37:52+00:00","description":"O Ita\u00fa revisou para 5,8% a estimativa de infla\u00e7\u00e3o para o IPCA de 2023 ap\u00f3s o an\u00fancio da queda dos pre\u00e7os dos combust\u00edveis pela Petrobras","breadcrumb":{"@id":"https:\/\/www.suno.com.br\/noticias\/inflacao-itau-itub4-ipca-revisao-corte-combustiveis\/#breadcrumb"},"inLanguage":"pt-BR","potentialAction":[{"@type":"ReadAction","target":["https:\/\/www.suno.com.br\/noticias\/inflacao-itau-itub4-ipca-revisao-corte-combustiveis\/"]}]},{"@type":"ImageObject","inLanguage":"pt-BR","@id":"https:\/\/www.suno.com.br\/noticias\/inflacao-itau-itub4-ipca-revisao-corte-combustiveis\/#primaryimage","url":"https:\/\/files.sunoresearch.com.br\/n\/uploads\/2022\/09\/ipca-gasolina-scaled.jpg","contentUrl":"https:\/\/files.sunoresearch.com.br\/n\/uploads\/2022\/09\/ipca-gasolina-scaled.jpg","width":2560,"height":1707,"caption":"Infla\u00e7\u00e3o- Foto: Marcello Casal jr\/Ag\u00eancia Senado"},{"@type":"BreadcrumbList","@id":"https:\/\/www.suno.com.br\/noticias\/inflacao-itau-itub4-ipca-revisao-corte-combustiveis\/#breadcrumb","itemListElement":[{"@type":"ListItem","position":1,"name":"Not\u00edcias","item":"https:\/\/www.suno.com.br\/noticias\/"},{"@type":"ListItem","position":2,"name":"Neg\u00f3cios","item":"https:\/\/www.suno.com.br\/noticias\/negocios\/"},{"@type":"ListItem","position":3,"name":"Infla\u00e7\u00e3o: Ita\u00fa (ITUB4) atualiza proje\u00e7\u00e3o do IPCA 2023 ap\u00f3s corte dos combust\u00edveis"}]},{"@type":"WebSite","@id":"https:\/\/www.suno.com.br\/noticias\/#website","url":"https:\/\/www.suno.com.br\/noticias\/","name":"Suno Not\u00edcias","description":"Seu portal de informa\u00e7\u00e3o sobre o mundo dos investimentos","publisher":{"@id":"https:\/\/www.suno.com.br\/noticias\/#organization"},"potentialAction":[{"@type":"SearchAction","target":{"@type":"EntryPoint","urlTemplate":"https:\/\/www.suno.com.br\/noticias\/?s={search_term_string}"},"query-input":{"@type":"PropertyValueSpecification","valueRequired":true,"valueName":"search_term_string"}}],"inLanguage":"pt-BR"},{"@type":"Organization","@id":"https:\/\/www.suno.com.br\/noticias\/#organization","name":"Suno Not\u00edcias","url":"https:\/\/www.suno.com.br\/noticias\/","logo":{"@type":"ImageObject","inLanguage":"pt-BR","@id":"https:\/\/www.suno.com.br\/noticias\/#\/schema\/logo\/image\/","url":"https:\/\/files.sunoresearch.com.br\/n\/uploads\/2021\/09\/suno-logo.png","contentUrl":"https:\/\/files.sunoresearch.com.br\/n\/uploads\/2021\/09\/suno-logo.png","width":180,"height":180,"caption":"Suno Not\u00edcias"},"image":{"@id":"https:\/\/www.suno.com.br\/noticias\/#\/schema\/logo\/image\/"},"sameAs":["https:\/\/facebook.com\/sunoresearch","https:\/\/x.com\/sunoresearch","https:\/\/www.instagram.com\/suno","https:\/\/www.linkedin.com\/company\/suno-research\/","https:\/\/www.youtube.com\/c\/sunoresearch"]},{"@type":"Person","@id":"https:\/\/www.suno.com.br\/noticias\/#\/schema\/person\/c1b1bd3727fa852bd045e9dbff3673ea","name":"Reda\u00e7\u00e3o Suno Not\u00edcias","image":{"@type":"ImageObject","inLanguage":"pt-BR","@id":"https:\/\/www.suno.com.br\/noticias\/#\/schema\/person\/image\/","url":"https:\/\/secure.gravatar.com\/avatar\/b8104b9b5a71985d5238ee59fbe418af?s=96&r=g","contentUrl":"https:\/\/secure.gravatar.com\/avatar\/b8104b9b5a71985d5238ee59fbe418af?s=96&r=g","caption":"Reda\u00e7\u00e3o Suno Not\u00edcias"},"description":"O Suno Not\u00edcias \u00e9 um portal de informa\u00e7\u00f5es sobre Mercado Financeiro, Pol\u00edtica, Neg\u00f3cios, Economia e Finan\u00e7as Pessoais.","sameAs":["https:\/\/www.suno.com.br\/noticias","https:\/\/www.facebook.com\/sunonoticias\/","https:\/\/www.instagram.com\/sunonoticias\/","https:\/\/x.com\/https:\/\/twitter.com\/sunoresearch","https:\/\/www.youtube.com\/sunonoticias"],"url":"https:\/\/www.suno.com.br\/noticias\/author\/redacao-suno\/"}]}},"default_loop_html":"<div class=\"cardsPage__listCard__boxs\"><div class=\"cardsPage__listCard__boxs__img\"><a href=\"https:\/\/www.suno.com.br\/noticias\/inflacao-itau-itub4-ipca-revisao-corte-combustiveis\/\"><img class=\"mask\" src=\"https:\/\/www.suno.com.br\/noticias\/wp-content\/themes\/suno\/resources\/images\/spotlight\/spotlight1img\/bg-mask.png\" alt=\"Image Mask\"\/><img src=\"https:\/\/files.sunoresearch.com.br\/n\/uploads\/2022\/09\/ipca-gasolina-400x200.jpg\" alt=\"Infla\u00e7\u00e3o: Ita\u00fa (ITUB4) atualiza proje\u00e7\u00e3o do IPCA 2023 ap\u00f3s corte dos combust\u00edveis\"\/><\/a><span class=\"spotlightCategory\"><a href=\"https:\/\/www.suno.com.br\/noticias\/negocios\/\">Neg\u00f3cios<\/a><\/span><\/div><div class=\"cardsPage__listCard__boxs__content\"><a href=\"https:\/\/www.suno.com.br\/noticias\/inflacao-itau-itub4-ipca-revisao-corte-combustiveis\/\"><h2 class=\"content__title\">Infla\u00e7\u00e3o: Ita\u00fa (ITUB4) atualiza proje\u00e7\u00e3o do IPCA 2023 ap\u00f3s corte dos combust\u00edveis<\/h2><\/a><div class=\"newsContent__article__meta\"><div class=\"newsContent__article__meta__authorBox\"><a href=\"https:\/\/www.suno.com.br\/noticias\/author\/redacao-suno\/\" class=\"authorBox__avatar noMobi\"><img src=\"https:\/\/files.sunoresearch.com.br\/n\/uploads\/2020\/08\/0ace682d-redacao-1-150x150.webp\" alt=\"Reda\u00e7\u00e3o Suno Not\u00edcias\"><\/a><div class=\"authorBox__name\"><span>por\n\t\t\t<a href=\"https:\/\/www.suno.com.br\/noticias\/author\/redacao-suno\/\"><span itemprop=\"author\">Reda\u00e7\u00e3o Suno Not\u00edcias<\/span><\/a><\/span><time datetime=\"2023-05-16T21:37:50-03:00\" itemprop=\"datePublished\">16\/05\/2023 21:37<\/time><\/div><\/div><\/div><\/div><\/div>","single_layout":"posts","amp_enabled":true,"_links":{"self":[{"href":"https:\/\/www.suno.com.br\/noticias\/wp-json\/wp\/v2\/posts\/405530"}],"collection":[{"href":"https:\/\/www.suno.com.br\/noticias\/wp-json\/wp\/v2\/posts"}],"about":[{"href":"https:\/\/www.suno.com.br\/noticias\/wp-json\/wp\/v2\/types\/post"}],"author":[{"embeddable":true,"href":"https:\/\/www.suno.com.br\/noticias\/wp-json\/wp\/v2\/users\/43"}],"replies":[{"embeddable":true,"href":"https:\/\/www.suno.com.br\/noticias\/wp-json\/wp\/v2\/comments?post=405530"}],"version-history":[{"count":2,"href":"https:\/\/www.suno.com.br\/noticias\/wp-json\/wp\/v2\/posts\/405530\/revisions"}],"predecessor-version":[{"id":405535,"href":"https:\/\/www.suno.com.br\/noticias\/wp-json\/wp\/v2\/posts\/405530\/revisions\/405535"}],"wp:featuredmedia":[{"embeddable":true,"href":"https:\/\/www.suno.com.br\/noticias\/wp-json\/wp\/v2\/media\/295460"}],"wp:attachment":[{"href":"https:\/\/www.suno.com.br\/noticias\/wp-json\/wp\/v2\/media?parent=405530"}],"wp:term":[{"taxonomy":"category","embeddable":true,"href":"https:\/\/www.suno.com.br\/noticias\/wp-json\/wp\/v2\/categories?post=405530"},{"taxonomy":"post_tag","embeddable":true,"href":"https:\/\/www.suno.com.br\/noticias\/wp-json\/wp\/v2\/tags?post=405530"},{"taxonomy":"suno_strategy","embeddable":true,"href":"https:\/\/www.suno.com.br\/noticias\/wp-json\/wp\/v2\/suno_strategy?post=405530"}],"curies":[{"name":"wp","href":"https:\/\/api.w.org\/{rel}","templated":true}]}}