{"id":40432,"date":"2019-10-09T11:31:20","date_gmt":"2019-10-09T14:31:20","guid":{"rendered":"https:\/\/www.suno.com.br\/noticias\/?p=40432"},"modified":"2019-11-04T14:00:28","modified_gmt":"2019-11-04T16:00:28","slug":"saudi-aramco-processo-ipo-nao-foi-impactado-apos-atentado","status":"publish","type":"post","link":"https:\/\/www.suno.com.br\/noticias\/saudi-aramco-processo-ipo-nao-foi-impactado-apos-atentado\/","title":{"rendered":"Saudi Aramco afirma que processo do IPO n\u00e3o foi impactado ap\u00f3s atentado"},"content":{"rendered":"<p>A Saudi Aramco, estatal saudita da explora\u00e7\u00e3o petrol\u00edfera, deve retomar a capacidade total de produ\u00e7\u00e3o antes do esperado ap\u00f3s os atentados sofridos no m\u00eas passado contra suas instala\u00e7\u00f5es.<\/p>\t<div class=\"wrapper-featured-image\">\n\t\t<figure class=\"spotlightImg\">\n\n\t\t\t<picture>\n\t\t\t\t<source media=\"(max-width: 768px)\" srcset=\"https:\/\/files.sunoresearch.com.br\/n\/uploads\/2019\/08\/eee79107-saudi-aramco-e1566572657790-400x200.webp\">\n\t\t\t\t<img loading=\"lazy\" decoding=\"async\" class=\"newsContent__article__imgCapa lazyloadDisabled newsContent__article__imgCapa--noCaption\" src=\"https:\/\/files.sunoresearch.com.br\/n\/uploads\/2019\/08\/eee79107-saudi-aramco-e1566572657790-800x450.webp\" width=\"800\" height=\"450\" alt=\"Saudi Aramco afirma que processo do IPO n\u00e3o foi impactado ap\u00f3s atentado\" fetchpriority=high \/>\n\t\t\t<\/picture>\n\n\t\t\t<figcaption class=\"wp-caption-text wp-caption-text--hide\">Opep \u00e9 pressionada a diminuir a produ\u00e7\u00e3o antes do IPO da Saudi Aramco<\/figcaption>\n\t\t<\/figure>\n\t<\/div>\n\n\n\n<p>Quem reiterou a situa\u00e7\u00e3o da estatal da Ar\u00e1bia Saudita foi o presidente da <strong>Saudi Aramco<\/strong>, Amin Nasser, nesta quarta-feira (9), ao comentar que os planos para a <a href=\"https:\/\/www.suno.com.br\/artigos\/ipo\/\">oferta p\u00fablica inicial de a\u00e7\u00f5es (IPO)<\/a> n\u00e3o foram impactados pelos ataques dos drones.<\/p>\n<p>Em 30 de setembro, Ibrahim al-Buaianain, diretor comercial da companhia, disse que a capacidade produtiva j\u00e1 havia voltado aos n\u00edveis registrados pouco antes do atentado \u00e0s sua maior instala\u00e7\u00e3o <a href=\"https:\/\/www.suno.com.br\/artigos\/cotacao-do-petroleo\/\">petroleira<\/a>.<\/p>\n<p>No dia 14 de setembro, duas instala\u00e7\u00f5es da Saudi Aramco foram incendiadas por terroristas.<\/p>\n<p><a href=\"https:\/\/www.suno.com.br\/noticias\/petrobras-perenco-venda-campos-uss-398-milhoes\/\">Veja tamb\u00e9m: Petrobras conclui a venda dos campos do Rio de Janeiro \u00e0 Perenco por US$ 398 milh\u00f5es<\/a><\/p>\n<p>Durante a guerra civil, em 2014, os houthis assumiram o controle de Sanaa, a do I\u00eamen. Desde ent\u00e3o, os sauditas tem liderado uma coaliz\u00e3o tentando combater os rebeldes com o intuito de retir\u00e1-los da regi\u00e3o e reinstalar um governo apoiado pela Ar\u00e1bia Saudita, Emirados \u00c1rabes Unidos, entre outra pot\u00eancias.<\/p>\n<h2>Planejamento da Saudi Aramco<\/h2>\n<p>A estatal saudita est\u00e1 provisionando a venda de aproximadamente 2% de suas a\u00e7\u00f5es na Tadawul, a Bolsa de Valores da Ar\u00e1bia Saudita. A informa\u00e7\u00e3o foi divulgada por fontes ligadas ao assunto. A oferta das a\u00e7\u00f5es no pa\u00eds \u00e1rabe deve ocorrer entre o fim de novembro e o in\u00edcio de dezembro.<\/p>\n\t<p>\n\t\t<a href=\"https:\/\/lp.suno.com.br\/planilha-controle-gastos\/\" target=\"_blank\" data-element=\"shortcode-suno-banner\" title=\"Banner SUNO, clique e saiba mais\">\n\t\t\t<picture>\n\t\t\t\t<source media=\"(max-width: 500px)\" srcset=\"https:\/\/files.sunoresearch.com.br\/n\/uploads\/2023\/03\/400x300-Planilha-controle-de-gastos.png\">\n\t\t\t\t<img class=\"newsContent__article__imgCapa newsContent__article__imgCapa--banner\"\n\t\t\t\t\tsrc=\"https:\/\/files.sunoresearch.com.br\/n\/uploads\/2023\/03\/1420x240-Planilha-controle-de-gastos.png\"\n\t\t\t\t\tdata-promo-id=\"311945\"\t\t\t\t\t\t\t\t\t\twidth='1420' height='240'\t\t\t\t\talt=\"https:\/\/files.sunoresearch.com.br\/n\/uploads\/2023\/03\/1420x240-Planilha-controle-de-gastos.png\"\n\t\t\t\t>\n\t\t\t<\/picture>\n\t\t<\/a>\n\t<\/p>\n\n\n<p>Em um evento sobre assuntos energ\u00e9ticos em Londres, Amin H. Nasser, CEO da empresa, afirmou que a capacidade de produ\u00e7\u00e3o da companhia seria elevada para 12 milh\u00f5es de barris por dia at\u00e9 novembro.<\/p>\n<p>&#8220;Considerando o progresso at\u00e9 agora, podemos atingir esse objetivo&#8221;, disse o presidente da empresa. Atualmente, a estimativa fact\u00edvel \u00e9 de que a companhia produza 9,9 milh\u00f5es de barris por dia.<\/p>\n<p><a href=\"https:\/\/www.suno.com.br\/noticias\/encomendas-da-industria-da-alemanha-caem-o-dobro-do-previsto\/\">Confira: Encomendas da ind\u00fastria da Alemanha caem o dobro do previsto<\/a><\/p>\n<p>De acordo com executivo, o atentado refor\u00e7ou a posi\u00e7\u00e3o da empresa na inten\u00e7\u00e3o da abertura de capital, uma vez que a companhia foi resiliente nos momentos cr\u00edticos. Segundo eles, os processos de emergenciais da <strong>Saudi Aramco<\/strong> funcionaram de forma assertiva.<\/p>\n","protected":false},"excerpt":{"rendered":"<p>A Saudi Aramco, estatal saudita da explora\u00e7\u00e3o petrol\u00edfera, deve retomar a capacidade total de produ\u00e7\u00e3o antes do esperado ap\u00f3s os atentados sofridos no m\u00eas passado contra suas instala\u00e7\u00f5es. Opep \u00e9 pressionada a diminuir a produ\u00e7\u00e3o antes do IPO da Saudi Aramco Quem reiterou a situa\u00e7\u00e3o da estatal da Ar\u00e1bia Saudita foi o presidente da Saudi [&hellip;]<\/p>\n","protected":false},"author":24,"featured_media":35092,"comment_status":"closed","ping_status":"closed","sticky":false,"template":"","format":"standard","meta":[],"categories":[64],"tags":[319,766,1981],"suno_strategy":[],"class_list":["post-40432","post","type-post","status-publish","format-standard","has-post-thumbnail","hentry","category-negocios","tag-ipo-oferta-inicial-de-acoes","tag-petroleo","tag-saudi-aramco"],"yoast_head":"<!-- This site is optimized with the Yoast SEO plugin v24.4 - https:\/\/yoast.com\/wordpress\/plugins\/seo\/ -->\n<title>Saudi Aramco afirma que IPO n\u00e3o foi impactado ap\u00f3s atentado<\/title>\n<meta name=\"description\" content=\"A Saudi Aramco deve retomar a capacidade total de produ\u00e7\u00e3o antes do esperado ap\u00f3s os atentados sofridos no m\u00eas passado. Saiba mais.\" \/>\n<meta name=\"robots\" content=\"index, follow, max-snippet:-1, max-image-preview:large, max-video-preview:-1\" \/>\n<link rel=\"canonical\" href=\"https:\/\/www.suno.com.br\/noticias\/saudi-aramco-processo-ipo-nao-foi-impactado-apos-atentado\/\" \/>\n<meta property=\"og:locale\" content=\"pt_BR\" \/>\n<meta property=\"og:type\" content=\"article\" \/>\n<meta property=\"og:title\" content=\"Saudi Aramco afirma que IPO n\u00e3o foi impactado ap\u00f3s atentado\" \/>\n<meta property=\"og:description\" content=\"A Saudi Aramco deve retomar a capacidade total de produ\u00e7\u00e3o antes do esperado ap\u00f3s os atentados sofridos no m\u00eas passado. Saiba mais.\" \/>\n<meta property=\"og:url\" content=\"https:\/\/www.suno.com.br\/noticias\/saudi-aramco-processo-ipo-nao-foi-impactado-apos-atentado\/\" \/>\n<meta property=\"og:site_name\" content=\"Suno Not\u00edcias\" \/>\n<meta property=\"article:publisher\" content=\"https:\/\/facebook.com\/sunoresearch\" \/>\n<meta property=\"og:image\" content=\"https:\/\/files.sunoresearch.com.br\/n\/uploads\/2019\/08\/eee79107-saudi-aramco-e1566572657790.jpg\" \/>\n\t<meta property=\"og:image:width\" content=\"1200\" \/>\n\t<meta property=\"og:image:height\" content=\"527\" \/>\n\t<meta property=\"og:image:type\" content=\"image\/jpeg\" \/>\n<meta name=\"author\" content=\"Jader Lazarini\" \/>\n<meta name=\"twitter:card\" content=\"summary_large_image\" \/>\n<meta name=\"twitter:creator\" content=\"@sunoresearch\" \/>\n<meta name=\"twitter:site\" content=\"@sunoresearch\" \/>\n<meta name=\"twitter:label1\" content=\"Escrito por\" \/>\n\t<meta name=\"twitter:data1\" content=\"Jader Lazarini\" \/>\n\t<meta name=\"twitter:label2\" content=\"Est. tempo de leitura\" \/>\n\t<meta name=\"twitter:data2\" content=\"2 minutos\" \/>\n<script type=\"application\/ld+json\" class=\"yoast-schema-graph\">{\"@context\":\"https:\/\/schema.org\",\"@graph\":[{\"@type\":\"NewsArticle\",\"@id\":\"https:\/\/www.suno.com.br\/noticias\/saudi-aramco-processo-ipo-nao-foi-impactado-apos-atentado\/#article\",\"isPartOf\":{\"@id\":\"https:\/\/www.suno.com.br\/noticias\/saudi-aramco-processo-ipo-nao-foi-impactado-apos-atentado\/\"},\"author\":{\"name\":\"Jader Lazarini\",\"@id\":\"https:\/\/www.suno.com.br\/noticias\/#\/schema\/person\/918d79de1f0281f01599b93f9ea6e23f\"},\"headline\":\"Saudi Aramco afirma que processo do IPO n\u00e3o foi impactado ap\u00f3s atentado\",\"datePublished\":\"2019-10-09T14:31:20+00:00\",\"dateModified\":\"2019-11-04T16:00:28+00:00\",\"mainEntityOfPage\":{\"@id\":\"https:\/\/www.suno.com.br\/noticias\/saudi-aramco-processo-ipo-nao-foi-impactado-apos-atentado\/\"},\"wordCount\":395,\"publisher\":{\"@id\":\"https:\/\/www.suno.com.br\/noticias\/#organization\"},\"image\":{\"@id\":\"https:\/\/www.suno.com.br\/noticias\/saudi-aramco-processo-ipo-nao-foi-impactado-apos-atentado\/#primaryimage\"},\"thumbnailUrl\":\"https:\/\/files.sunoresearch.com.br\/n\/uploads\/2019\/08\/eee79107-saudi-aramco-e1566572657790-jpg.webp\",\"keywords\":[\"IPO (Oferta Inicial de A\u00e7\u00f5es)\",\"Petr\u00f3leo\",\"Saudi Aramco\"],\"articleSection\":[\"Neg\u00f3cios\"],\"inLanguage\":\"pt-BR\"},{\"@type\":\"WebPage\",\"@id\":\"https:\/\/www.suno.com.br\/noticias\/saudi-aramco-processo-ipo-nao-foi-impactado-apos-atentado\/\",\"url\":\"https:\/\/www.suno.com.br\/noticias\/saudi-aramco-processo-ipo-nao-foi-impactado-apos-atentado\/\",\"name\":\"Saudi Aramco afirma que IPO n\u00e3o foi impactado ap\u00f3s atentado\",\"isPartOf\":{\"@id\":\"https:\/\/www.suno.com.br\/noticias\/#website\"},\"primaryImageOfPage\":{\"@id\":\"https:\/\/www.suno.com.br\/noticias\/saudi-aramco-processo-ipo-nao-foi-impactado-apos-atentado\/#primaryimage\"},\"image\":{\"@id\":\"https:\/\/www.suno.com.br\/noticias\/saudi-aramco-processo-ipo-nao-foi-impactado-apos-atentado\/#primaryimage\"},\"thumbnailUrl\":\"https:\/\/files.sunoresearch.com.br\/n\/uploads\/2019\/08\/eee79107-saudi-aramco-e1566572657790-jpg.webp\",\"datePublished\":\"2019-10-09T14:31:20+00:00\",\"dateModified\":\"2019-11-04T16:00:28+00:00\",\"description\":\"A Saudi Aramco deve retomar a capacidade total de produ\u00e7\u00e3o antes do esperado ap\u00f3s os atentados sofridos no m\u00eas passado. Saiba mais.\",\"breadcrumb\":{\"@id\":\"https:\/\/www.suno.com.br\/noticias\/saudi-aramco-processo-ipo-nao-foi-impactado-apos-atentado\/#breadcrumb\"},\"inLanguage\":\"pt-BR\",\"potentialAction\":[{\"@type\":\"ReadAction\",\"target\":[\"https:\/\/www.suno.com.br\/noticias\/saudi-aramco-processo-ipo-nao-foi-impactado-apos-atentado\/\"]}]},{\"@type\":\"ImageObject\",\"inLanguage\":\"pt-BR\",\"@id\":\"https:\/\/www.suno.com.br\/noticias\/saudi-aramco-processo-ipo-nao-foi-impactado-apos-atentado\/#primaryimage\",\"url\":\"https:\/\/files.sunoresearch.com.br\/n\/uploads\/2019\/08\/eee79107-saudi-aramco-e1566572657790-jpg.webp\",\"contentUrl\":\"https:\/\/files.sunoresearch.com.br\/n\/uploads\/2019\/08\/eee79107-saudi-aramco-e1566572657790-jpg.webp\",\"width\":1200,\"height\":527,\"caption\":\"Opep \u00e9 pressionada a diminuir a produ\u00e7\u00e3o antes do IPO da Saudi Aramco\"},{\"@type\":\"BreadcrumbList\",\"@id\":\"https:\/\/www.suno.com.br\/noticias\/saudi-aramco-processo-ipo-nao-foi-impactado-apos-atentado\/#breadcrumb\",\"itemListElement\":[{\"@type\":\"ListItem\",\"position\":1,\"name\":\"Not\u00edcias\",\"item\":\"https:\/\/www.suno.com.br\/noticias\/\"},{\"@type\":\"ListItem\",\"position\":2,\"name\":\"Neg\u00f3cios\",\"item\":\"https:\/\/www.suno.com.br\/noticias\/negocios\/\"},{\"@type\":\"ListItem\",\"position\":3,\"name\":\"Saudi Aramco afirma que processo do IPO n\u00e3o foi impactado ap\u00f3s atentado\"}]},{\"@type\":\"WebSite\",\"@id\":\"https:\/\/www.suno.com.br\/noticias\/#website\",\"url\":\"https:\/\/www.suno.com.br\/noticias\/\",\"name\":\"Suno Not\u00edcias\",\"description\":\"Seu portal de informa\u00e7\u00e3o sobre o mundo dos investimentos\",\"publisher\":{\"@id\":\"https:\/\/www.suno.com.br\/noticias\/#organization\"},\"potentialAction\":[{\"@type\":\"SearchAction\",\"target\":{\"@type\":\"EntryPoint\",\"urlTemplate\":\"https:\/\/www.suno.com.br\/noticias\/?s={search_term_string}\"},\"query-input\":{\"@type\":\"PropertyValueSpecification\",\"valueRequired\":true,\"valueName\":\"search_term_string\"}}],\"inLanguage\":\"pt-BR\"},{\"@type\":\"Organization\",\"@id\":\"https:\/\/www.suno.com.br\/noticias\/#organization\",\"name\":\"Suno Not\u00edcias\",\"url\":\"https:\/\/www.suno.com.br\/noticias\/\",\"logo\":{\"@type\":\"ImageObject\",\"inLanguage\":\"pt-BR\",\"@id\":\"https:\/\/www.suno.com.br\/noticias\/#\/schema\/logo\/image\/\",\"url\":\"https:\/\/files.sunoresearch.com.br\/n\/uploads\/2021\/09\/suno-logo.png\",\"contentUrl\":\"https:\/\/files.sunoresearch.com.br\/n\/uploads\/2021\/09\/suno-logo.png\",\"width\":180,\"height\":180,\"caption\":\"Suno Not\u00edcias\"},\"image\":{\"@id\":\"https:\/\/www.suno.com.br\/noticias\/#\/schema\/logo\/image\/\"},\"sameAs\":[\"https:\/\/facebook.com\/sunoresearch\",\"https:\/\/x.com\/sunoresearch\",\"https:\/\/www.instagram.com\/suno\",\"https:\/\/www.linkedin.com\/company\/suno-research\/\",\"https:\/\/www.youtube.com\/c\/sunoresearch\"]},{\"@type\":\"Person\",\"@id\":\"https:\/\/www.suno.com.br\/noticias\/#\/schema\/person\/918d79de1f0281f01599b93f9ea6e23f\",\"name\":\"Jader Lazarini\",\"image\":{\"@type\":\"ImageObject\",\"inLanguage\":\"pt-BR\",\"@id\":\"https:\/\/www.suno.com.br\/noticias\/#\/schema\/person\/image\/\",\"url\":\"https:\/\/secure.gravatar.com\/avatar\/3c1ad8caa51589841baeb923fcddea97?s=96&r=g\",\"contentUrl\":\"https:\/\/secure.gravatar.com\/avatar\/3c1ad8caa51589841baeb923fcddea97?s=96&r=g\",\"caption\":\"Jader Lazarini\"},\"description\":\"Jader Lazarini escreve sobre investimentos, finan\u00e7as, economia e neg\u00f3cios. \u00c9 bacharel em Rela\u00e7\u00f5es Internacionais e analista CNPI (2619).\",\"url\":\"https:\/\/www.suno.com.br\/noticias\/author\/jader-lazarini\/\"}]}<\/script>\n<!-- \/ Yoast SEO plugin. -->","yoast_head_json":{"title":"Saudi Aramco afirma que IPO n\u00e3o foi impactado ap\u00f3s atentado","description":"A Saudi Aramco deve retomar a capacidade total de produ\u00e7\u00e3o antes do esperado ap\u00f3s os atentados sofridos no m\u00eas passado. Saiba mais.","robots":{"index":"index","follow":"follow","max-snippet":"max-snippet:-1","max-image-preview":"max-image-preview:large","max-video-preview":"max-video-preview:-1"},"canonical":"https:\/\/www.suno.com.br\/noticias\/saudi-aramco-processo-ipo-nao-foi-impactado-apos-atentado\/","og_locale":"pt_BR","og_type":"article","og_title":"Saudi Aramco afirma que IPO n\u00e3o foi impactado ap\u00f3s atentado","og_description":"A Saudi Aramco deve retomar a capacidade total de produ\u00e7\u00e3o antes do esperado ap\u00f3s os atentados sofridos no m\u00eas passado. Saiba mais.","og_url":"https:\/\/www.suno.com.br\/noticias\/saudi-aramco-processo-ipo-nao-foi-impactado-apos-atentado\/","og_site_name":"Suno Not\u00edcias","article_publisher":"https:\/\/facebook.com\/sunoresearch","og_image":[{"width":1200,"height":527,"url":"https:\/\/files.sunoresearch.com.br\/n\/uploads\/2019\/08\/eee79107-saudi-aramco-e1566572657790.jpg","type":"image\/jpeg"}],"author":"Jader Lazarini","twitter_card":"summary_large_image","twitter_creator":"@sunoresearch","twitter_site":"@sunoresearch","twitter_misc":{"Escrito por":"Jader Lazarini","Est. tempo de leitura":"2 minutos"},"schema":{"@context":"https:\/\/schema.org","@graph":[{"@type":"NewsArticle","@id":"https:\/\/www.suno.com.br\/noticias\/saudi-aramco-processo-ipo-nao-foi-impactado-apos-atentado\/#article","isPartOf":{"@id":"https:\/\/www.suno.com.br\/noticias\/saudi-aramco-processo-ipo-nao-foi-impactado-apos-atentado\/"},"author":{"name":"Jader Lazarini","@id":"https:\/\/www.suno.com.br\/noticias\/#\/schema\/person\/918d79de1f0281f01599b93f9ea6e23f"},"headline":"Saudi Aramco afirma que processo do IPO n\u00e3o foi impactado ap\u00f3s atentado","datePublished":"2019-10-09T14:31:20+00:00","dateModified":"2019-11-04T16:00:28+00:00","mainEntityOfPage":{"@id":"https:\/\/www.suno.com.br\/noticias\/saudi-aramco-processo-ipo-nao-foi-impactado-apos-atentado\/"},"wordCount":395,"publisher":{"@id":"https:\/\/www.suno.com.br\/noticias\/#organization"},"image":{"@id":"https:\/\/www.suno.com.br\/noticias\/saudi-aramco-processo-ipo-nao-foi-impactado-apos-atentado\/#primaryimage"},"thumbnailUrl":"https:\/\/files.sunoresearch.com.br\/n\/uploads\/2019\/08\/eee79107-saudi-aramco-e1566572657790-jpg.webp","keywords":["IPO (Oferta Inicial de A\u00e7\u00f5es)","Petr\u00f3leo","Saudi Aramco"],"articleSection":["Neg\u00f3cios"],"inLanguage":"pt-BR"},{"@type":"WebPage","@id":"https:\/\/www.suno.com.br\/noticias\/saudi-aramco-processo-ipo-nao-foi-impactado-apos-atentado\/","url":"https:\/\/www.suno.com.br\/noticias\/saudi-aramco-processo-ipo-nao-foi-impactado-apos-atentado\/","name":"Saudi Aramco afirma que IPO n\u00e3o foi impactado ap\u00f3s atentado","isPartOf":{"@id":"https:\/\/www.suno.com.br\/noticias\/#website"},"primaryImageOfPage":{"@id":"https:\/\/www.suno.com.br\/noticias\/saudi-aramco-processo-ipo-nao-foi-impactado-apos-atentado\/#primaryimage"},"image":{"@id":"https:\/\/www.suno.com.br\/noticias\/saudi-aramco-processo-ipo-nao-foi-impactado-apos-atentado\/#primaryimage"},"thumbnailUrl":"https:\/\/files.sunoresearch.com.br\/n\/uploads\/2019\/08\/eee79107-saudi-aramco-e1566572657790-jpg.webp","datePublished":"2019-10-09T14:31:20+00:00","dateModified":"2019-11-04T16:00:28+00:00","description":"A Saudi Aramco deve retomar a capacidade total de produ\u00e7\u00e3o antes do esperado ap\u00f3s os atentados sofridos no m\u00eas passado. Saiba mais.","breadcrumb":{"@id":"https:\/\/www.suno.com.br\/noticias\/saudi-aramco-processo-ipo-nao-foi-impactado-apos-atentado\/#breadcrumb"},"inLanguage":"pt-BR","potentialAction":[{"@type":"ReadAction","target":["https:\/\/www.suno.com.br\/noticias\/saudi-aramco-processo-ipo-nao-foi-impactado-apos-atentado\/"]}]},{"@type":"ImageObject","inLanguage":"pt-BR","@id":"https:\/\/www.suno.com.br\/noticias\/saudi-aramco-processo-ipo-nao-foi-impactado-apos-atentado\/#primaryimage","url":"https:\/\/files.sunoresearch.com.br\/n\/uploads\/2019\/08\/eee79107-saudi-aramco-e1566572657790-jpg.webp","contentUrl":"https:\/\/files.sunoresearch.com.br\/n\/uploads\/2019\/08\/eee79107-saudi-aramco-e1566572657790-jpg.webp","width":1200,"height":527,"caption":"Opep \u00e9 pressionada a diminuir a produ\u00e7\u00e3o antes do IPO da Saudi Aramco"},{"@type":"BreadcrumbList","@id":"https:\/\/www.suno.com.br\/noticias\/saudi-aramco-processo-ipo-nao-foi-impactado-apos-atentado\/#breadcrumb","itemListElement":[{"@type":"ListItem","position":1,"name":"Not\u00edcias","item":"https:\/\/www.suno.com.br\/noticias\/"},{"@type":"ListItem","position":2,"name":"Neg\u00f3cios","item":"https:\/\/www.suno.com.br\/noticias\/negocios\/"},{"@type":"ListItem","position":3,"name":"Saudi Aramco afirma que processo do IPO n\u00e3o foi impactado ap\u00f3s atentado"}]},{"@type":"WebSite","@id":"https:\/\/www.suno.com.br\/noticias\/#website","url":"https:\/\/www.suno.com.br\/noticias\/","name":"Suno Not\u00edcias","description":"Seu portal de informa\u00e7\u00e3o sobre o mundo dos investimentos","publisher":{"@id":"https:\/\/www.suno.com.br\/noticias\/#organization"},"potentialAction":[{"@type":"SearchAction","target":{"@type":"EntryPoint","urlTemplate":"https:\/\/www.suno.com.br\/noticias\/?s={search_term_string}"},"query-input":{"@type":"PropertyValueSpecification","valueRequired":true,"valueName":"search_term_string"}}],"inLanguage":"pt-BR"},{"@type":"Organization","@id":"https:\/\/www.suno.com.br\/noticias\/#organization","name":"Suno Not\u00edcias","url":"https:\/\/www.suno.com.br\/noticias\/","logo":{"@type":"ImageObject","inLanguage":"pt-BR","@id":"https:\/\/www.suno.com.br\/noticias\/#\/schema\/logo\/image\/","url":"https:\/\/files.sunoresearch.com.br\/n\/uploads\/2021\/09\/suno-logo.png","contentUrl":"https:\/\/files.sunoresearch.com.br\/n\/uploads\/2021\/09\/suno-logo.png","width":180,"height":180,"caption":"Suno Not\u00edcias"},"image":{"@id":"https:\/\/www.suno.com.br\/noticias\/#\/schema\/logo\/image\/"},"sameAs":["https:\/\/facebook.com\/sunoresearch","https:\/\/x.com\/sunoresearch","https:\/\/www.instagram.com\/suno","https:\/\/www.linkedin.com\/company\/suno-research\/","https:\/\/www.youtube.com\/c\/sunoresearch"]},{"@type":"Person","@id":"https:\/\/www.suno.com.br\/noticias\/#\/schema\/person\/918d79de1f0281f01599b93f9ea6e23f","name":"Jader Lazarini","image":{"@type":"ImageObject","inLanguage":"pt-BR","@id":"https:\/\/www.suno.com.br\/noticias\/#\/schema\/person\/image\/","url":"https:\/\/secure.gravatar.com\/avatar\/3c1ad8caa51589841baeb923fcddea97?s=96&r=g","contentUrl":"https:\/\/secure.gravatar.com\/avatar\/3c1ad8caa51589841baeb923fcddea97?s=96&r=g","caption":"Jader Lazarini"},"description":"Jader Lazarini escreve sobre investimentos, finan\u00e7as, economia e neg\u00f3cios. \u00c9 bacharel em Rela\u00e7\u00f5es Internacionais e analista CNPI (2619).","url":"https:\/\/www.suno.com.br\/noticias\/author\/jader-lazarini\/"}]}},"default_loop_html":"<div class=\"cardsPage__listCard__boxs\"><div class=\"cardsPage__listCard__boxs__img\"><a href=\"https:\/\/www.suno.com.br\/noticias\/saudi-aramco-processo-ipo-nao-foi-impactado-apos-atentado\/\"><img class=\"mask\" src=\"https:\/\/www.suno.com.br\/noticias\/wp-content\/themes\/suno\/resources\/images\/spotlight\/spotlight1img\/bg-mask.png\" alt=\"Image Mask\"\/><img src=\"https:\/\/files.sunoresearch.com.br\/n\/uploads\/2019\/08\/eee79107-saudi-aramco-e1566572657790-400x200.webp\" alt=\"Saudi Aramco afirma que processo do IPO n\u00e3o foi impactado ap\u00f3s atentado\"\/><\/a><span class=\"spotlightCategory\"><a href=\"https:\/\/www.suno.com.br\/noticias\/negocios\/\">Neg\u00f3cios<\/a><\/span><\/div><div class=\"cardsPage__listCard__boxs__content\"><a href=\"https:\/\/www.suno.com.br\/noticias\/saudi-aramco-processo-ipo-nao-foi-impactado-apos-atentado\/\"><h2 class=\"content__title\">Saudi Aramco afirma que processo do IPO n\u00e3o foi impactado ap\u00f3s atentado<\/h2><\/a><div class=\"newsContent__article__meta\"><div class=\"newsContent__article__meta__authorBox\"><a href=\"https:\/\/www.suno.com.br\/noticias\/author\/jader-lazarini\/\" class=\"authorBox__avatar noMobi\"><img src=\"https:\/\/files.sunoresearch.com.br\/n\/uploads\/2021\/01\/178e6598-foto-perfil-2-150x150.jpg\" alt=\"Jader Lazarini\"><\/a><div class=\"authorBox__name\"><span>por\n\t\t\t<a href=\"https:\/\/www.suno.com.br\/noticias\/author\/jader-lazarini\/\"><span itemprop=\"author\">Jader Lazarini<\/span><\/a><\/span><time datetime=\"2019-10-09T11:31:20-03:00\" itemprop=\"datePublished\">09\/10\/2019 11:31<\/time><\/div><\/div><\/div><\/div><\/div>","single_layout":"posts","amp_enabled":true,"_links":{"self":[{"href":"https:\/\/www.suno.com.br\/noticias\/wp-json\/wp\/v2\/posts\/40432"}],"collection":[{"href":"https:\/\/www.suno.com.br\/noticias\/wp-json\/wp\/v2\/posts"}],"about":[{"href":"https:\/\/www.suno.com.br\/noticias\/wp-json\/wp\/v2\/types\/post"}],"author":[{"embeddable":true,"href":"https:\/\/www.suno.com.br\/noticias\/wp-json\/wp\/v2\/users\/24"}],"replies":[{"embeddable":true,"href":"https:\/\/www.suno.com.br\/noticias\/wp-json\/wp\/v2\/comments?post=40432"}],"version-history":[{"count":0,"href":"https:\/\/www.suno.com.br\/noticias\/wp-json\/wp\/v2\/posts\/40432\/revisions"}],"wp:featuredmedia":[{"embeddable":true,"href":"https:\/\/www.suno.com.br\/noticias\/wp-json\/wp\/v2\/media\/35092"}],"wp:attachment":[{"href":"https:\/\/www.suno.com.br\/noticias\/wp-json\/wp\/v2\/media?parent=40432"}],"wp:term":[{"taxonomy":"category","embeddable":true,"href":"https:\/\/www.suno.com.br\/noticias\/wp-json\/wp\/v2\/categories?post=40432"},{"taxonomy":"post_tag","embeddable":true,"href":"https:\/\/www.suno.com.br\/noticias\/wp-json\/wp\/v2\/tags?post=40432"},{"taxonomy":"suno_strategy","embeddable":true,"href":"https:\/\/www.suno.com.br\/noticias\/wp-json\/wp\/v2\/suno_strategy?post=40432"}],"curies":[{"name":"wp","href":"https:\/\/api.w.org\/{rel}","templated":true}]}}