{"id":404257,"date":"2023-05-14T16:16:52","date_gmt":"2023-05-14T19:16:52","guid":{"rendered":"https:\/\/www.suno.com.br\/noticias\/?p=404257"},"modified":"2023-05-14T18:04:02","modified_gmt":"2023-05-14T21:04:02","slug":"embraer-embr3-acordo-netjets-xp-recomenda-compra","status":"publish","type":"post","link":"https:\/\/www.suno.com.br\/noticias\/embraer-embr3-acordo-netjets-xp-recomenda-compra\/","title":{"rendered":"Embraer (EMBR3) e NetJets fecham acordo bilion\u00e1rio para encomenda de at\u00e9 250 jatos Praetor 500; XP sugere compra de a\u00e7\u00f5es"},"content":{"rendered":"<p>A <strong>Embraer (EMBR3) <\/strong>assinou um novo contrato com a NetJets, para a encomenda de at\u00e9 250 op\u00e7\u00f5es de jatos Praetor 500. Segundo a empresa brasileira, o neg\u00f3cio est\u00e1 avaliado em mais de US$ 5 bilh\u00f5es, com entregas a partir de 2025. <\/p>\t<div class=\"wrapper-featured-image\">\n\t\t<figure class=\"spotlightImg\">\n\n\t\t\t<picture>\n\t\t\t\t<source media=\"(max-width: 768px)\" srcset=\"https:\/\/files.sunoresearch.com.br\/n\/uploads\/2023\/05\/NetJets-P500-1-1200x822-0767bf3b-1e8c-49b9-b46d-2f8848122330-400x200.jpg\">\n\t\t\t\t<img loading=\"lazy\" decoding=\"async\" class=\"newsContent__article__imgCapa lazyloadDisabled \" src=\"https:\/\/files.sunoresearch.com.br\/n\/uploads\/2023\/05\/NetJets-P500-1-1200x822-0767bf3b-1e8c-49b9-b46d-2f8848122330-800x450.jpg\" width=\"800\" height=\"450\" alt=\"Embraer (EMBR3) e NetJets fecham acordo bilion\u00e1rio para encomenda de at\u00e9 250 jatos Praetor 500; XP sugere compra de a\u00e7\u00f5es\" fetchpriority=high \/>\n\t\t\t<\/picture>\n\n\t\t\t<figcaption class=\"wp-caption-text wp-caption-text--show\">Embraer (EMBR3). Foto: Divulga\u00e7\u00e3o<\/figcaption>\n\t\t<\/figure>\n\t<\/div>\n\n\n\n\n\n\t<p>\n\t\t<a href=\"\" target=\"_blank\" data-element=\"shortcode-suno-banner\" title=\"Banner SUNO, clique e saiba mais\">\n\t\t\t<picture>\n\t\t\t\t<source media=\"(max-width: 500px)\" srcset=\"\">\n\t\t\t\t<img class=\"newsContent__article__imgCapa newsContent__article__imgCapa--banner\"\n\t\t\t\t\tsrc=\"\"\n\t\t\t\t\tdata-promo-id=\"288009\"\t\t\t\t\t\t\t\t\t\t\t\t\t\t\talt=\"\"\n\t\t\t\t>\n\t\t\t<\/picture>\n\t\t<\/a>\n\t<\/p>\n\n\n\n\n\n\n\n<p>&#8220;Essa ser\u00e1 a primeira vez que a <strong>NetJets<\/strong> oferecer\u00e1 o <strong>Praetor 500<\/strong> aos seus clientes. H\u00e1 mais de uma d\u00e9cada, a NetJets opera a s\u00e9rie <strong>Phenom 300 da Embraer,<\/strong> que se tornou uma das aeronaves mais bem-sucedidas de sua frota&#8221;, diz nota da Embraer. <\/p>\n\n\n\n<p>A NetJets \u00e9 uma empresa privada de t\u00e1xi a\u00e9reo, de avi\u00f5es a jato executivos dos EUA, investida pela Berkshire Hattaway (<a class=\"suno-keyword\" target=\"_blank\" data-force=\"yes\" data-priority=\"2\" href=\"https:\/\/www.suno.com.br\/bdrs\/berk34\/\" rel=\"noopener\">BERK34<\/a>), cujo presidente \u00e9 o investidor Warren Buffett.<\/p>\n\n\n\n<p>A <strong>parceria entre a Embraer e a NetJets<\/strong> come\u00e7ou em 2010, quando a operadora assinou pela primeira vez um contrato de compra de 50 aeronaves Phenom 300, com at\u00e9 75 op\u00e7\u00f5es adicionais. Em 2021, ap\u00f3s a entrega de mais de 100 aeronaves, as empresas assinaram um contrato para at\u00e9 100 jatos Phenom 300\/E adicionais, no valor de mais de US$ 1,2 bilh\u00e3o.<\/p>\n\n\n\n<p>&#8220;Com a <strong>aquisi\u00e7\u00e3o do Praetor 500<\/strong>, a NetJets refor\u00e7a seu compromisso em criar uma experi\u00eancia cada vez mais aprimorada aos seus clientes, j\u00e1 que realiza uma m\u00e9dia de 1.200 voos di\u00e1rios em todo o mundo&#8221;, diz a Embraer. &#8220;A operadora refor\u00e7a a confian\u00e7a no portf\u00f3lio de produtos mais avan\u00e7ado em seus respectivos segmentos e no suporte de excel\u00eancia da Embraer, que oferece a melhor experi\u00eancia aos passageiros da NetJets.&#8221;<\/p>\n\n\n\t<p>\n\t\t<a href=\"https:\/\/lp.suno.com.br\/plataforma-de-controle-de-investimentos\/\" target=\"_blank\" data-element=\"shortcode-suno-banner\" title=\"Banner SUNO, clique e saiba mais\">\n\t\t\t<picture>\n\t\t\t\t<source media=\"(max-width: 500px)\" srcset=\"https:\/\/files.sunoresearch.com.br\/n\/uploads\/2023\/03\/400x300-Controle-de-Investimentos.png\">\n\t\t\t\t<img class=\"newsContent__article__imgCapa newsContent__article__imgCapa--banner\"\n\t\t\t\t\tsrc=\"https:\/\/files.sunoresearch.com.br\/n\/uploads\/2023\/03\/1420x240-Controle-de-Investimentos.png\"\n\t\t\t\t\tdata-promo-id=\"383162\"\t\t\t\t\t\t\t\t\t\twidth='1420' height='240'\t\t\t\t\talt=\"https:\/\/files.sunoresearch.com.br\/n\/uploads\/2023\/03\/1420x240-Controle-de-Investimentos.png\"\n\t\t\t\t>\n\t\t\t<\/picture>\n\t\t<\/a>\n\t<\/p>\n\n\n\n\n\n<h2 class=\"wp-block-heading\">Embraer: parceria com a NetJets<\/h2>\n\n\n\n<p>Michael Amalfitano, Presidente e CEO da Embraer Avia\u00e7\u00e3o Executiva, explica: \u201cDesde 2010, a Embraer tem o privil\u00e9gio de ser<strong> parceira da NetJets<\/strong>. A presen\u00e7a de nossas aeronaves l\u00edderes em tecnologia e performance em seus mercados na NetJets \u00e9 uma verdadeira prova do valor de nossa marca e de nossa capacidade de oferecer a melhor experi\u00eancia em avia\u00e7\u00e3o executiva\u201d, afirma. <\/p>\n\n\n\n<p>\u201cA <strong>parceria estrat\u00e9gica<\/strong> tem sido parte essencial do crescimento de nossos neg\u00f3cios, com a NetJets exercendo todas as <a class=\"suno-keyword\" target=\"_blank\" data-force=\"no\" data-priority=\"1\" href=\"https:\/\/www.suno.com.br\/artigos\/opcao-de-compra\/\" rel=\"noopener\">op\u00e7\u00f5es de compra<\/a> de aeronaves encomendadas \u00e0 Embraer desde o in\u00edcio. Depois de construir esta base de sucesso com a s\u00e9rie Phenom 300, temos o prazer em assinar este contrato para o jato de m\u00e9dio porte Praetor 500 e esperamos um futuro ainda mais brilhante pela frente.\u201d<\/p>\n\n\n\n<p>Doug Henneberry, vice-presidente executivo de gest\u00e3o de ativos de aeronaves da NetJets, acrecsenta: \u201cEstamos ansiosos para adicionar o Embraer Praetor 500 \u00e0 nossa frota de m\u00e9dio porte. Trata-se de um dos jatos executivos mais modernos da atualidade\u201d, diz. \u201cEste contrato hist\u00f3rico \u00e9 mais uma maneira de aumentarmos nossa frota para o benef\u00edcio de nossos clientes fi\u00e9is. Ao adicionar at\u00e9 250 aeronaves \u00e0 nossa frota, continuaremos a proporcionar aos passageiros um servi\u00e7o excepcional e acesso cont\u00ednuo a todos os cantos do mundo.\u201d<\/p>\n\n\n\n<p>O Praetor 500 \u00e9 o jato executivo de m\u00e9dio porte, com o melhor alcance da categoria, permitindo voar, sem paradas, de costa a costa nos EUA, principal mercado da NetJets. \u00c9 a aeronave mais r\u00e1pida do segmento m\u00e9dio, contando tamb\u00e9m com desempenho de pista incompar\u00e1vel. Em termos de tecnologia, \u00e9 a \u00fanica aeronave da sua categoria com controles completos de voo fly-by-wire.<\/p>\n\n\n\n<p>O Praetor 500 n\u00e3o apenas &#8220;oferece desempenho excepcional, mas tamb\u00e9m a experi\u00eancia de cabine mais confort\u00e1vel da sua categoria&#8221;, segundo a empresa. &#8220;Ele possui a menor altitude de cabine em sua classe, bem como a se\u00e7\u00e3o transversal mais alta e larga do segmento. Al\u00e9m disso, oferece cabine com piso plano, acabamento de piso de pedra, lavat\u00f3rio a v\u00e1cuo e amplo espa\u00e7o para bagagem, incluindo o maior bagageiro interno dentre os jatos m\u00e9dios.&#8221;<\/p>\n\n\n\n<h2 class=\"wp-block-heading\">XP: recomenda\u00e7\u00e3o \u00e9 de compra para EMBR3; veja por qu\u00ea<\/h2>\n\n\n\n<p>O <strong>an\u00fancio da Embraer <\/strong>sobre novo acordo de US$ 5 bilh\u00f5es com a empresa l\u00edder de avia\u00e7\u00e3o privada NetJets, para at\u00e9 250 op\u00e7\u00f5es de jatos Praetor 500 (a serem entregues a partir de 2025) inclui um extenso acordo de Servi\u00e7os &amp; Suporte. <\/p>\n\n\n\n<p>&#8220;Embora a parceria n\u00e3o entre para os n\u00fameros de backlog (uma vez que as op\u00e7\u00f5es n\u00e3o s\u00e3o pedidos firmes), vemos como um refor\u00e7o positivo para o forte momento da avia\u00e7\u00e3o executiva, com s\u00f3lidas carteira de pedidos s\u00f3lida e rela\u00e7\u00e3o book-to-bill (2,5x em 2021 e 1,8x em 2022) implicando em atividade comercial forte&#8221;, diz a XP. <\/p>\n\n\n\n<p>Com o m\u00faltiplo EV\/EBITDA de 2023 em 6,5x (vs. nosso m\u00faltiplo alvo justo de 6,9x),&#8221; vemos um n\u00edvel de valuation atrativo e reiteramos nossa recomenda\u00e7\u00e3o de <strong>compra para EMBR3<\/strong>.&#8221;<\/p>\n\n\n\n<p>Os analistas da XP dizem que a not\u00edcia refor\u00e7a o &#8220;forte potencial da Avia\u00e7\u00e3o Executiva nos pr\u00f3ximos anos, apoiada por sua s\u00f3lida carteira de pedidos e din\u00e2mica de mercado favor\u00e1vel&#8221;. E acrescenta: &#8220;Vemos n\u00edveis s\u00f3lidos book-to-bill para a divis\u00e3o de jatos executivos da Embraer com drivers estruturais, como idade m\u00e9dia da frota e renova\u00e7\u00e3o apoiando novos pedidos consistentes),&#8221; <\/p>\n\n\n\n<p>A XP v\u00ea o desempenho recente das a\u00e7\u00f5es da Embraer mostrando &#8220;uma rea\u00e7\u00e3o negativa excessiva ap\u00f3s os resultados do 1T23&#8221;<\/p>\n\n\n\n<p>As entregas de aeronaves devem come\u00e7ar em 2025., lembra a XP, e o acordo refor\u00e7a um relacionamento de <a class=\"suno-keyword\" target=\"_blank\" data-force=\"no\" data-priority=\"1\" href=\"https:\/\/www.suno.com.br\/artigos\/longo-prazo\/\" rel=\"noopener\">longo prazo<\/a> entre as duas empresas (a NetJets assinou em 2010 um acordo de compra de 50 aeronaves Phenom 300 (com 75 op\u00e7\u00f5es adicionais) e, mais tarde, em 2021, assinou um acordo cont\u00ednuo para at\u00e9 100 jatos Phenom 300 \/ E adicionais).<\/p>\n\n\n\n<p>Outro ponto destacado pela XP: A NetJets \u00e9 l\u00edder mundial em opera\u00e7\u00e3o de avia\u00e7\u00e3o privada, com um modelo de neg\u00f3cios que se baseia na venda de fra\u00e7\u00f5es de aeronaves espec\u00edficas para o acesso garantido do cliente \u00e0 aeronave (por um determinado per\u00edodo de tempo). &#8220;Com mais de 800 jatos, a empresa possui uma frota diversificada (de jatos leves e m\u00e9dios a grandes e de longo alcance)&#8221;, complementa sobre o empresa que fez o acordo com a <strong>Embraer<\/strong>.<\/p>\n\n\n\t<p>\n\t\t<a href=\"https:\/\/lp.suno.com.br\/suno-one\/?utm_campaign=_SNC6964518A_\" target=\"_blank\" data-element=\"shortcode-suno-banner\" title=\"Banner SUNO, clique e saiba mais\">\n\t\t\t<picture>\n\t\t\t\t<source media=\"(max-width: 500px)\" srcset=\"https:\/\/files.sunoresearch.com.br\/n\/uploads\/2025\/09\/400x300-Suno-One-png.webp\">\n\t\t\t\t<img class=\"newsContent__article__imgCapa newsContent__article__imgCapa--banner\"\n\t\t\t\t\tsrc=\"https:\/\/files.sunoresearch.com.br\/n\/uploads\/2025\/09\/1420x240-Suno-One-png.webp\"\n\t\t\t\t\tdata-promo-id=\"383121\"\t\t\t\t\t\t\t\t\t\twidth='1420' height='240'\t\t\t\t\talt=\"https:\/\/files.sunoresearch.com.br\/n\/uploads\/2025\/09\/1420x240-Suno-One-png.webp\"\n\t\t\t\t>\n\t\t\t<\/picture>\n\t\t<\/a>\n\t<\/p>\n\n\n","protected":false},"excerpt":{"rendered":"<p>A Embraer (EMBR3) assinou um novo contrato com a NetJets, para a encomenda de at\u00e9 250 op\u00e7\u00f5es de jatos Praetor 500. Segundo a empresa brasileira, o neg\u00f3cio est\u00e1 avaliado em mais de US$ 5 bilh\u00f5es, com entregas a partir de 2025. Embraer (EMBR3). Foto: Divulga\u00e7\u00e3o &#8220;Essa ser\u00e1 a primeira vez que a NetJets oferecer\u00e1 o [&hellip;]<\/p>\n","protected":false},"author":98,"featured_media":404258,"comment_status":"closed","ping_status":"closed","sticky":false,"template":"","format":"standard","meta":[],"categories":[64],"tags":[286,460],"suno_strategy":[],"class_list":["post-404257","post","type-post","status-publish","format-standard","has-post-thumbnail","hentry","category-negocios","tag-acoes","tag-embraer-embr3"],"yoast_head":"<!-- This site is optimized with the Yoast SEO plugin v24.4 - https:\/\/yoast.com\/wordpress\/plugins\/seo\/ -->\n<title>Embraer (EMBR3) e NetJets fecham acordo bilion\u00e1rio; veja mais<\/title>\n<meta name=\"description\" content=\"A Embraer (EMBR3) assinou um novo contrato com a NetJets, para a venda de at\u00e9 250 op\u00e7\u00f5es de jatos Praetor 500. Saiba mais\" \/>\n<meta name=\"robots\" content=\"index, follow, max-snippet:-1, max-image-preview:large, max-video-preview:-1\" \/>\n<link rel=\"canonical\" href=\"https:\/\/www.suno.com.br\/noticias\/embraer-embr3-acordo-netjets-xp-recomenda-compra\/\" \/>\n<meta property=\"og:locale\" content=\"pt_BR\" \/>\n<meta property=\"og:type\" content=\"article\" \/>\n<meta property=\"og:title\" content=\"Embraer (EMBR3) e NetJets fecham acordo bilion\u00e1rio; veja mais\" \/>\n<meta property=\"og:description\" content=\"A Embraer (EMBR3) assinou um novo contrato com a NetJets, para a venda de at\u00e9 250 op\u00e7\u00f5es de jatos Praetor 500. Saiba mais\" \/>\n<meta property=\"og:url\" content=\"https:\/\/www.suno.com.br\/noticias\/embraer-embr3-acordo-netjets-xp-recomenda-compra\/\" \/>\n<meta property=\"og:site_name\" content=\"Suno Not\u00edcias\" \/>\n<meta property=\"article:publisher\" content=\"https:\/\/facebook.com\/sunoresearch\" \/>\n<meta property=\"og:image\" content=\"https:\/\/files.sunoresearch.com.br\/n\/uploads\/2023\/05\/NetJets-P500-1-1200x822-0767bf3b-1e8c-49b9-b46d-2f8848122330.jpg\" \/>\n\t<meta property=\"og:image:width\" content=\"1200\" \/>\n\t<meta property=\"og:image:height\" content=\"822\" \/>\n\t<meta property=\"og:image:type\" content=\"image\/jpeg\" \/>\n<meta name=\"author\" content=\"Marco Ant\u00f4nio Lopes\" \/>\n<meta name=\"twitter:card\" content=\"summary_large_image\" \/>\n<meta name=\"twitter:creator\" content=\"@sunoresearch\" \/>\n<meta name=\"twitter:site\" content=\"@sunoresearch\" \/>\n<meta name=\"twitter:label1\" content=\"Escrito por\" \/>\n\t<meta name=\"twitter:data1\" content=\"Marco Ant\u00f4nio Lopes\" \/>\n\t<meta name=\"twitter:label2\" content=\"Est. tempo de leitura\" \/>\n\t<meta name=\"twitter:data2\" content=\"6 minutos\" \/>\n<script type=\"application\/ld+json\" class=\"yoast-schema-graph\">{\"@context\":\"https:\/\/schema.org\",\"@graph\":[{\"@type\":\"NewsArticle\",\"@id\":\"https:\/\/www.suno.com.br\/noticias\/embraer-embr3-acordo-netjets-xp-recomenda-compra\/#article\",\"isPartOf\":{\"@id\":\"https:\/\/www.suno.com.br\/noticias\/embraer-embr3-acordo-netjets-xp-recomenda-compra\/\"},\"author\":{\"name\":\"Marco Ant\u00f4nio Lopes\",\"@id\":\"https:\/\/www.suno.com.br\/noticias\/#\/schema\/person\/829bbe8d57f84333b966b96229c6bf5f\"},\"headline\":\"Embraer (EMBR3) e NetJets fecham acordo bilion\u00e1rio para encomenda de at\u00e9 250 jatos Praetor 500; XP sugere compra de a\u00e7\u00f5es\",\"datePublished\":\"2023-05-14T19:16:52+00:00\",\"dateModified\":\"2023-05-14T21:04:02+00:00\",\"mainEntityOfPage\":{\"@id\":\"https:\/\/www.suno.com.br\/noticias\/embraer-embr3-acordo-netjets-xp-recomenda-compra\/\"},\"wordCount\":1021,\"publisher\":{\"@id\":\"https:\/\/www.suno.com.br\/noticias\/#organization\"},\"image\":{\"@id\":\"https:\/\/www.suno.com.br\/noticias\/embraer-embr3-acordo-netjets-xp-recomenda-compra\/#primaryimage\"},\"thumbnailUrl\":\"https:\/\/files.sunoresearch.com.br\/n\/uploads\/2023\/05\/NetJets-P500-1-1200x822-0767bf3b-1e8c-49b9-b46d-2f8848122330.jpg\",\"keywords\":[\"A\u00e7\u00f5es\",\"Embraer (EMBR3)\"],\"articleSection\":[\"Neg\u00f3cios\"],\"inLanguage\":\"pt-BR\"},{\"@type\":\"WebPage\",\"@id\":\"https:\/\/www.suno.com.br\/noticias\/embraer-embr3-acordo-netjets-xp-recomenda-compra\/\",\"url\":\"https:\/\/www.suno.com.br\/noticias\/embraer-embr3-acordo-netjets-xp-recomenda-compra\/\",\"name\":\"Embraer (EMBR3) e NetJets fecham acordo bilion\u00e1rio; veja mais\",\"isPartOf\":{\"@id\":\"https:\/\/www.suno.com.br\/noticias\/#website\"},\"primaryImageOfPage\":{\"@id\":\"https:\/\/www.suno.com.br\/noticias\/embraer-embr3-acordo-netjets-xp-recomenda-compra\/#primaryimage\"},\"image\":{\"@id\":\"https:\/\/www.suno.com.br\/noticias\/embraer-embr3-acordo-netjets-xp-recomenda-compra\/#primaryimage\"},\"thumbnailUrl\":\"https:\/\/files.sunoresearch.com.br\/n\/uploads\/2023\/05\/NetJets-P500-1-1200x822-0767bf3b-1e8c-49b9-b46d-2f8848122330.jpg\",\"datePublished\":\"2023-05-14T19:16:52+00:00\",\"dateModified\":\"2023-05-14T21:04:02+00:00\",\"description\":\"A Embraer (EMBR3) assinou um novo contrato com a NetJets, para a venda de at\u00e9 250 op\u00e7\u00f5es de jatos Praetor 500. Saiba mais\",\"breadcrumb\":{\"@id\":\"https:\/\/www.suno.com.br\/noticias\/embraer-embr3-acordo-netjets-xp-recomenda-compra\/#breadcrumb\"},\"inLanguage\":\"pt-BR\",\"potentialAction\":[{\"@type\":\"ReadAction\",\"target\":[\"https:\/\/www.suno.com.br\/noticias\/embraer-embr3-acordo-netjets-xp-recomenda-compra\/\"]}]},{\"@type\":\"ImageObject\",\"inLanguage\":\"pt-BR\",\"@id\":\"https:\/\/www.suno.com.br\/noticias\/embraer-embr3-acordo-netjets-xp-recomenda-compra\/#primaryimage\",\"url\":\"https:\/\/files.sunoresearch.com.br\/n\/uploads\/2023\/05\/NetJets-P500-1-1200x822-0767bf3b-1e8c-49b9-b46d-2f8848122330.jpg\",\"contentUrl\":\"https:\/\/files.sunoresearch.com.br\/n\/uploads\/2023\/05\/NetJets-P500-1-1200x822-0767bf3b-1e8c-49b9-b46d-2f8848122330.jpg\",\"width\":1200,\"height\":822,\"caption\":\"Embraer (EMBR3). Foto: Divulga\u00e7\u00e3o\"},{\"@type\":\"BreadcrumbList\",\"@id\":\"https:\/\/www.suno.com.br\/noticias\/embraer-embr3-acordo-netjets-xp-recomenda-compra\/#breadcrumb\",\"itemListElement\":[{\"@type\":\"ListItem\",\"position\":1,\"name\":\"Not\u00edcias\",\"item\":\"https:\/\/www.suno.com.br\/noticias\/\"},{\"@type\":\"ListItem\",\"position\":2,\"name\":\"Neg\u00f3cios\",\"item\":\"https:\/\/www.suno.com.br\/noticias\/negocios\/\"},{\"@type\":\"ListItem\",\"position\":3,\"name\":\"Embraer (EMBR3) e NetJets fecham acordo bilion\u00e1rio para encomenda de at\u00e9 250 jatos Praetor 500; XP sugere compra de a\u00e7\u00f5es\"}]},{\"@type\":\"WebSite\",\"@id\":\"https:\/\/www.suno.com.br\/noticias\/#website\",\"url\":\"https:\/\/www.suno.com.br\/noticias\/\",\"name\":\"Suno Not\u00edcias\",\"description\":\"Seu portal de informa\u00e7\u00e3o sobre o mundo dos investimentos\",\"publisher\":{\"@id\":\"https:\/\/www.suno.com.br\/noticias\/#organization\"},\"potentialAction\":[{\"@type\":\"SearchAction\",\"target\":{\"@type\":\"EntryPoint\",\"urlTemplate\":\"https:\/\/www.suno.com.br\/noticias\/?s={search_term_string}\"},\"query-input\":{\"@type\":\"PropertyValueSpecification\",\"valueRequired\":true,\"valueName\":\"search_term_string\"}}],\"inLanguage\":\"pt-BR\"},{\"@type\":\"Organization\",\"@id\":\"https:\/\/www.suno.com.br\/noticias\/#organization\",\"name\":\"Suno Not\u00edcias\",\"url\":\"https:\/\/www.suno.com.br\/noticias\/\",\"logo\":{\"@type\":\"ImageObject\",\"inLanguage\":\"pt-BR\",\"@id\":\"https:\/\/www.suno.com.br\/noticias\/#\/schema\/logo\/image\/\",\"url\":\"https:\/\/files.sunoresearch.com.br\/n\/uploads\/2021\/09\/suno-logo.png\",\"contentUrl\":\"https:\/\/files.sunoresearch.com.br\/n\/uploads\/2021\/09\/suno-logo.png\",\"width\":180,\"height\":180,\"caption\":\"Suno Not\u00edcias\"},\"image\":{\"@id\":\"https:\/\/www.suno.com.br\/noticias\/#\/schema\/logo\/image\/\"},\"sameAs\":[\"https:\/\/facebook.com\/sunoresearch\",\"https:\/\/x.com\/sunoresearch\",\"https:\/\/www.instagram.com\/suno\",\"https:\/\/www.linkedin.com\/company\/suno-research\/\",\"https:\/\/www.youtube.com\/c\/sunoresearch\"]},{\"@type\":\"Person\",\"@id\":\"https:\/\/www.suno.com.br\/noticias\/#\/schema\/person\/829bbe8d57f84333b966b96229c6bf5f\",\"name\":\"Marco Ant\u00f4nio Lopes\",\"image\":{\"@type\":\"ImageObject\",\"inLanguage\":\"pt-BR\",\"@id\":\"https:\/\/www.suno.com.br\/noticias\/#\/schema\/person\/image\/\",\"url\":\"https:\/\/secure.gravatar.com\/avatar\/385167b012fbc1cde32c5446ee253313?s=96&r=g\",\"contentUrl\":\"https:\/\/secure.gravatar.com\/avatar\/385167b012fbc1cde32c5446ee253313?s=96&r=g\",\"caption\":\"Marco Ant\u00f4nio Lopes\"},\"description\":\"Jornalista, \u00e9 editor no Suno Not\u00edcias. Trabalhou nas revistas Playboy, Super, Veja Comer &amp; Beber, Homem Vogue e Universo Masculino, al\u00e9m dos portais Abril.com, R7, nas editorias de Home, Esportes, Hora 7, Entretenimento e Geral, e Eu Quero Investir. Autor do livro Bruce Lee: Definitivo (Editora Conrad). Colaborou nas revistas Nova, Veja SP, Grandes Guerras, Placar, Bizz, Casa Claudia e Quatro Rodas.\",\"url\":\"https:\/\/www.suno.com.br\/noticias\/author\/marco-lopes\/\"}]}<\/script>\n<!-- \/ Yoast SEO plugin. -->","yoast_head_json":{"title":"Embraer (EMBR3) e NetJets fecham acordo bilion\u00e1rio; veja mais","description":"A Embraer (EMBR3) assinou um novo contrato com a NetJets, para a venda de at\u00e9 250 op\u00e7\u00f5es de jatos Praetor 500. Saiba mais","robots":{"index":"index","follow":"follow","max-snippet":"max-snippet:-1","max-image-preview":"max-image-preview:large","max-video-preview":"max-video-preview:-1"},"canonical":"https:\/\/www.suno.com.br\/noticias\/embraer-embr3-acordo-netjets-xp-recomenda-compra\/","og_locale":"pt_BR","og_type":"article","og_title":"Embraer (EMBR3) e NetJets fecham acordo bilion\u00e1rio; veja mais","og_description":"A Embraer (EMBR3) assinou um novo contrato com a NetJets, para a venda de at\u00e9 250 op\u00e7\u00f5es de jatos Praetor 500. Saiba mais","og_url":"https:\/\/www.suno.com.br\/noticias\/embraer-embr3-acordo-netjets-xp-recomenda-compra\/","og_site_name":"Suno Not\u00edcias","article_publisher":"https:\/\/facebook.com\/sunoresearch","og_image":[{"width":1200,"height":822,"url":"https:\/\/files.sunoresearch.com.br\/n\/uploads\/2023\/05\/NetJets-P500-1-1200x822-0767bf3b-1e8c-49b9-b46d-2f8848122330.jpg","type":"image\/jpeg"}],"author":"Marco Ant\u00f4nio Lopes","twitter_card":"summary_large_image","twitter_creator":"@sunoresearch","twitter_site":"@sunoresearch","twitter_misc":{"Escrito por":"Marco Ant\u00f4nio Lopes","Est. tempo de leitura":"6 minutos"},"schema":{"@context":"https:\/\/schema.org","@graph":[{"@type":"NewsArticle","@id":"https:\/\/www.suno.com.br\/noticias\/embraer-embr3-acordo-netjets-xp-recomenda-compra\/#article","isPartOf":{"@id":"https:\/\/www.suno.com.br\/noticias\/embraer-embr3-acordo-netjets-xp-recomenda-compra\/"},"author":{"name":"Marco Ant\u00f4nio Lopes","@id":"https:\/\/www.suno.com.br\/noticias\/#\/schema\/person\/829bbe8d57f84333b966b96229c6bf5f"},"headline":"Embraer (EMBR3) e NetJets fecham acordo bilion\u00e1rio para encomenda de at\u00e9 250 jatos Praetor 500; XP sugere compra de a\u00e7\u00f5es","datePublished":"2023-05-14T19:16:52+00:00","dateModified":"2023-05-14T21:04:02+00:00","mainEntityOfPage":{"@id":"https:\/\/www.suno.com.br\/noticias\/embraer-embr3-acordo-netjets-xp-recomenda-compra\/"},"wordCount":1021,"publisher":{"@id":"https:\/\/www.suno.com.br\/noticias\/#organization"},"image":{"@id":"https:\/\/www.suno.com.br\/noticias\/embraer-embr3-acordo-netjets-xp-recomenda-compra\/#primaryimage"},"thumbnailUrl":"https:\/\/files.sunoresearch.com.br\/n\/uploads\/2023\/05\/NetJets-P500-1-1200x822-0767bf3b-1e8c-49b9-b46d-2f8848122330.jpg","keywords":["A\u00e7\u00f5es","Embraer (EMBR3)"],"articleSection":["Neg\u00f3cios"],"inLanguage":"pt-BR"},{"@type":"WebPage","@id":"https:\/\/www.suno.com.br\/noticias\/embraer-embr3-acordo-netjets-xp-recomenda-compra\/","url":"https:\/\/www.suno.com.br\/noticias\/embraer-embr3-acordo-netjets-xp-recomenda-compra\/","name":"Embraer (EMBR3) e NetJets fecham acordo bilion\u00e1rio; veja mais","isPartOf":{"@id":"https:\/\/www.suno.com.br\/noticias\/#website"},"primaryImageOfPage":{"@id":"https:\/\/www.suno.com.br\/noticias\/embraer-embr3-acordo-netjets-xp-recomenda-compra\/#primaryimage"},"image":{"@id":"https:\/\/www.suno.com.br\/noticias\/embraer-embr3-acordo-netjets-xp-recomenda-compra\/#primaryimage"},"thumbnailUrl":"https:\/\/files.sunoresearch.com.br\/n\/uploads\/2023\/05\/NetJets-P500-1-1200x822-0767bf3b-1e8c-49b9-b46d-2f8848122330.jpg","datePublished":"2023-05-14T19:16:52+00:00","dateModified":"2023-05-14T21:04:02+00:00","description":"A Embraer (EMBR3) assinou um novo contrato com a NetJets, para a venda de at\u00e9 250 op\u00e7\u00f5es de jatos Praetor 500. Saiba mais","breadcrumb":{"@id":"https:\/\/www.suno.com.br\/noticias\/embraer-embr3-acordo-netjets-xp-recomenda-compra\/#breadcrumb"},"inLanguage":"pt-BR","potentialAction":[{"@type":"ReadAction","target":["https:\/\/www.suno.com.br\/noticias\/embraer-embr3-acordo-netjets-xp-recomenda-compra\/"]}]},{"@type":"ImageObject","inLanguage":"pt-BR","@id":"https:\/\/www.suno.com.br\/noticias\/embraer-embr3-acordo-netjets-xp-recomenda-compra\/#primaryimage","url":"https:\/\/files.sunoresearch.com.br\/n\/uploads\/2023\/05\/NetJets-P500-1-1200x822-0767bf3b-1e8c-49b9-b46d-2f8848122330.jpg","contentUrl":"https:\/\/files.sunoresearch.com.br\/n\/uploads\/2023\/05\/NetJets-P500-1-1200x822-0767bf3b-1e8c-49b9-b46d-2f8848122330.jpg","width":1200,"height":822,"caption":"Embraer (EMBR3). Foto: Divulga\u00e7\u00e3o"},{"@type":"BreadcrumbList","@id":"https:\/\/www.suno.com.br\/noticias\/embraer-embr3-acordo-netjets-xp-recomenda-compra\/#breadcrumb","itemListElement":[{"@type":"ListItem","position":1,"name":"Not\u00edcias","item":"https:\/\/www.suno.com.br\/noticias\/"},{"@type":"ListItem","position":2,"name":"Neg\u00f3cios","item":"https:\/\/www.suno.com.br\/noticias\/negocios\/"},{"@type":"ListItem","position":3,"name":"Embraer (EMBR3) e NetJets fecham acordo bilion\u00e1rio para encomenda de at\u00e9 250 jatos Praetor 500; XP sugere compra de a\u00e7\u00f5es"}]},{"@type":"WebSite","@id":"https:\/\/www.suno.com.br\/noticias\/#website","url":"https:\/\/www.suno.com.br\/noticias\/","name":"Suno Not\u00edcias","description":"Seu portal de informa\u00e7\u00e3o sobre o mundo dos investimentos","publisher":{"@id":"https:\/\/www.suno.com.br\/noticias\/#organization"},"potentialAction":[{"@type":"SearchAction","target":{"@type":"EntryPoint","urlTemplate":"https:\/\/www.suno.com.br\/noticias\/?s={search_term_string}"},"query-input":{"@type":"PropertyValueSpecification","valueRequired":true,"valueName":"search_term_string"}}],"inLanguage":"pt-BR"},{"@type":"Organization","@id":"https:\/\/www.suno.com.br\/noticias\/#organization","name":"Suno Not\u00edcias","url":"https:\/\/www.suno.com.br\/noticias\/","logo":{"@type":"ImageObject","inLanguage":"pt-BR","@id":"https:\/\/www.suno.com.br\/noticias\/#\/schema\/logo\/image\/","url":"https:\/\/files.sunoresearch.com.br\/n\/uploads\/2021\/09\/suno-logo.png","contentUrl":"https:\/\/files.sunoresearch.com.br\/n\/uploads\/2021\/09\/suno-logo.png","width":180,"height":180,"caption":"Suno Not\u00edcias"},"image":{"@id":"https:\/\/www.suno.com.br\/noticias\/#\/schema\/logo\/image\/"},"sameAs":["https:\/\/facebook.com\/sunoresearch","https:\/\/x.com\/sunoresearch","https:\/\/www.instagram.com\/suno","https:\/\/www.linkedin.com\/company\/suno-research\/","https:\/\/www.youtube.com\/c\/sunoresearch"]},{"@type":"Person","@id":"https:\/\/www.suno.com.br\/noticias\/#\/schema\/person\/829bbe8d57f84333b966b96229c6bf5f","name":"Marco Ant\u00f4nio Lopes","image":{"@type":"ImageObject","inLanguage":"pt-BR","@id":"https:\/\/www.suno.com.br\/noticias\/#\/schema\/person\/image\/","url":"https:\/\/secure.gravatar.com\/avatar\/385167b012fbc1cde32c5446ee253313?s=96&r=g","contentUrl":"https:\/\/secure.gravatar.com\/avatar\/385167b012fbc1cde32c5446ee253313?s=96&r=g","caption":"Marco Ant\u00f4nio Lopes"},"description":"Jornalista, \u00e9 editor no Suno Not\u00edcias. Trabalhou nas revistas Playboy, Super, Veja Comer &amp; Beber, Homem Vogue e Universo Masculino, al\u00e9m dos portais Abril.com, R7, nas editorias de Home, Esportes, Hora 7, Entretenimento e Geral, e Eu Quero Investir. Autor do livro Bruce Lee: Definitivo (Editora Conrad). Colaborou nas revistas Nova, Veja SP, Grandes Guerras, Placar, Bizz, Casa Claudia e Quatro Rodas.","url":"https:\/\/www.suno.com.br\/noticias\/author\/marco-lopes\/"}]}},"default_loop_html":"<div class=\"cardsPage__listCard__boxs\"><div class=\"cardsPage__listCard__boxs__img\"><a href=\"https:\/\/www.suno.com.br\/noticias\/embraer-embr3-acordo-netjets-xp-recomenda-compra\/\"><img class=\"mask\" src=\"https:\/\/www.suno.com.br\/noticias\/wp-content\/themes\/suno\/resources\/images\/spotlight\/spotlight1img\/bg-mask.png\" alt=\"Image Mask\"\/><img src=\"https:\/\/files.sunoresearch.com.br\/n\/uploads\/2023\/05\/NetJets-P500-1-1200x822-0767bf3b-1e8c-49b9-b46d-2f8848122330-400x200.jpg\" alt=\"Embraer (EMBR3) e NetJets fecham acordo bilion\u00e1rio para encomenda de at\u00e9 250 jatos Praetor 500; XP sugere compra de a\u00e7\u00f5es\"\/><\/a><span class=\"spotlightCategory\"><a href=\"https:\/\/www.suno.com.br\/noticias\/negocios\/\">Neg\u00f3cios<\/a><\/span><\/div><div class=\"cardsPage__listCard__boxs__content\"><a href=\"https:\/\/www.suno.com.br\/noticias\/embraer-embr3-acordo-netjets-xp-recomenda-compra\/\"><h2 class=\"content__title\">Embraer (EMBR3) e NetJets fecham acordo bilion\u00e1rio para encomenda de at\u00e9 250 jatos Praetor 500; XP sugere compra de a\u00e7\u00f5es<\/h2><\/a><div class=\"newsContent__article__meta\"><div class=\"newsContent__article__meta__authorBox\"><a href=\"https:\/\/www.suno.com.br\/noticias\/author\/marco-lopes\/\" class=\"authorBox__avatar noMobi\"><img src=\"https:\/\/secure.gravatar.com\/avatar\/385167b012fbc1cde32c5446ee253313?s=96&#038;r=g\" alt=\"Marco Ant\u00f4nio Lopes\"><\/a><div class=\"authorBox__name\"><span>por\n\t\t\t<a href=\"https:\/\/www.suno.com.br\/noticias\/author\/marco-lopes\/\"><span itemprop=\"author\">Marco Ant\u00f4nio Lopes<\/span><\/a><\/span><time datetime=\"2023-05-14T16:16:52-03:00\" itemprop=\"datePublished\">14\/05\/2023 16:16<\/time><\/div><\/div><\/div><\/div><\/div>","single_layout":"posts","amp_enabled":true,"_links":{"self":[{"href":"https:\/\/www.suno.com.br\/noticias\/wp-json\/wp\/v2\/posts\/404257"}],"collection":[{"href":"https:\/\/www.suno.com.br\/noticias\/wp-json\/wp\/v2\/posts"}],"about":[{"href":"https:\/\/www.suno.com.br\/noticias\/wp-json\/wp\/v2\/types\/post"}],"author":[{"embeddable":true,"href":"https:\/\/www.suno.com.br\/noticias\/wp-json\/wp\/v2\/users\/98"}],"replies":[{"embeddable":true,"href":"https:\/\/www.suno.com.br\/noticias\/wp-json\/wp\/v2\/comments?post=404257"}],"version-history":[{"count":3,"href":"https:\/\/www.suno.com.br\/noticias\/wp-json\/wp\/v2\/posts\/404257\/revisions"}],"predecessor-version":[{"id":404292,"href":"https:\/\/www.suno.com.br\/noticias\/wp-json\/wp\/v2\/posts\/404257\/revisions\/404292"}],"wp:featuredmedia":[{"embeddable":true,"href":"https:\/\/www.suno.com.br\/noticias\/wp-json\/wp\/v2\/media\/404258"}],"wp:attachment":[{"href":"https:\/\/www.suno.com.br\/noticias\/wp-json\/wp\/v2\/media?parent=404257"}],"wp:term":[{"taxonomy":"category","embeddable":true,"href":"https:\/\/www.suno.com.br\/noticias\/wp-json\/wp\/v2\/categories?post=404257"},{"taxonomy":"post_tag","embeddable":true,"href":"https:\/\/www.suno.com.br\/noticias\/wp-json\/wp\/v2\/tags?post=404257"},{"taxonomy":"suno_strategy","embeddable":true,"href":"https:\/\/www.suno.com.br\/noticias\/wp-json\/wp\/v2\/suno_strategy?post=404257"}],"curies":[{"name":"wp","href":"https:\/\/api.w.org\/{rel}","templated":true}]}}