{"id":404152,"date":"2023-05-14T11:11:50","date_gmt":"2023-05-14T14:11:50","guid":{"rendered":"https:\/\/www.suno.com.br\/noticias\/?p=404152"},"modified":"2023-05-14T17:14:16","modified_gmt":"2023-05-14T20:14:16","slug":"eletrobras-elet3-afeta-sabesp-sbsp3-estatais-privatizacao","status":"publish","type":"post","link":"https:\/\/www.suno.com.br\/noticias\/eletrobras-elet3-afeta-sabesp-sbsp3-estatais-privatizacao\/","title":{"rendered":"A\u00e7\u00e3o do governo contra a privatiza\u00e7\u00e3o da Eletrobras (ELET3) abala Sabesp (SBSP3), Copel (CPLE6) e outras estatais?"},"content":{"rendered":"<p>A decis\u00e3o do governo federal de buscar o Supremo Tribunal Federal (STF) para rever a regra que limita o poder de voto na <a href=\"https:\/\/www.suno.com.br\/acoes\/elet3\/\"><strong>Eletrobras<\/strong> (ELET3)<\/a> e os sinais de que o Executivo pode ir al\u00e9m desta primeira medida aumentaram a percep\u00e7\u00e3o de risco de investidores n\u00e3o apenas sobre a ex-estatal, como tamb\u00e9m em outras empresas do setor el\u00e9trico e de servi\u00e7os p\u00fablicos, em particular aquelas com perspectiva de privatiza\u00e7\u00e3o \u00e0 vista, como <a class=\"suno-keyword\" data-force=\"yes\" data-priority=\"2\" href=\"https:\/\/www.suno.com.br\/acoes\/CPLE6\/\" target=\"_blank\" rel=\"noopener\">Copel (CPLE6)<\/a>, <a class=\"suno-keyword\" data-force=\"yes\" data-priority=\"2\" href=\"https:\/\/www.suno.com.br\/acoes\/CMIG4\/\" target=\"_blank\" rel=\"noopener\">Cemig (CMIG4)<\/a> e <a class=\"suno-keyword\" data-force=\"yes\" data-priority=\"2\" href=\"https:\/\/www.suno.com.br\/acoes\/SBSP3\/\" target=\"_blank\" rel=\"noopener\">Sabesp (SBSP3)<\/a>, na vis\u00e3o de especialistas ouvidos pela reportagem.<\/p>\t<div class=\"wrapper-featured-image\">\n\t\t<figure class=\"spotlightImg\">\n\n\t\t\t<picture>\n\t\t\t\t<source media=\"(max-width: 768px)\" srcset=\"https:\/\/files.sunoresearch.com.br\/n\/uploads\/2022\/12\/ELETROBRAS-ELET3-400x200.jpg\">\n\t\t\t\t<img loading=\"lazy\" decoding=\"async\" class=\"newsContent__article__imgCapa lazyloadDisabled \" src=\"https:\/\/files.sunoresearch.com.br\/n\/uploads\/2022\/12\/ELETROBRAS-ELET3-800x450.jpg\" width=\"800\" height=\"450\" alt=\"A\u00e7\u00e3o do governo contra a privatiza\u00e7\u00e3o da Eletrobras (ELET3) abala Sabesp (SBSP3), Copel (CPLE6) e outras estatais?\" fetchpriority=high \/>\n\t\t\t<\/picture>\n\n\t\t\t<figcaption class=\"wp-caption-text wp-caption-text--show\">Eletrobras (ELET3). Foto: Ag\u00eancia Brasil.<\/figcaption>\n\t\t<\/figure>\n\t<\/div>\n\n\n\n\n\n\t<p>\n\t\t<a href=\"https:\/\/lp.suno.com.br\/planilha-da-vida-financeira\/\" target=\"_blank\" data-element=\"shortcode-suno-banner\" title=\"Banner SUNO, clique e saiba mais\">\n\t\t\t<picture>\n\t\t\t\t<source media=\"(max-width: 500px)\" srcset=\"https:\/\/files.sunoresearch.com.br\/n\/uploads\/2023\/04\/400x300-Planilha-vida-financeira-true.png\">\n\t\t\t\t<img class=\"newsContent__article__imgCapa newsContent__article__imgCapa--banner\"\n\t\t\t\t\tsrc=\"https:\/\/files.sunoresearch.com.br\/n\/uploads\/2023\/04\/1420x240-Planilha-vida-financeira-true.png\"\n\t\t\t\t\tdata-promo-id=\"106682\"\t\t\t\t\t\t\t\t\t\twidth='1420' height='240'\t\t\t\t\talt=\"https:\/\/files.sunoresearch.com.br\/n\/uploads\/2023\/04\/1420x240-Planilha-vida-financeira-true.png\"\n\t\t\t\t>\n\t\t\t<\/picture>\n\t\t<\/a>\n\t<\/p>\n\n\n\n\n\n\n\n<p>As <strong>a\u00e7\u00f5es da Eletrobras<\/strong> tiveram baixa de 1,71% a ON e 1,74% a PNB, enquanto Copel ON perdeu at\u00e9 mais, 2%, Cemig PN baixou 0,25%, na contram\u00e3o do principal \u00edndice da Bolsa, o Ibovespa, que subiu 0,85%. <\/p>\n\n\n\n<div class=\"pluginQuotation\">\n  <p class=\"ticker\">\n    Cota\u00e7\u00e3o <span>ELET3<\/span>\n  <\/p>\n  <div class=\"info\">\n    <div class=\"leftSide\">\n      Gr\u00e1fico gerado em: 14\/05\/2023    <\/div>\n\t\t\t\t\t<div class=\"rightSide\">\n\t\t\t\t\t<span class=\"period\">\n\t\t\t\t\t\t5 Dias\t\t\t\t\t<\/span>\n\t\t\t<\/div>\n\t\t  <\/div>\n\n  <div id=\"chart-1f1d8f97db9358daa29d99d4bcf1ef6f\" data-block-hash=\"1f1d8f97db9358daa29d99d4bcf1ef6f\"  class=\"chart\" style=\"width:100%;height:400px;\"><\/div>\n\n  <div class=\"pluginQuotation__footer\">\n    <div class=\"dataChart\">\n\n      <div class=\"dataChart__div1 variation\">\n        <div class=\"value-positive\">\n          6,90 (+2,28%)        <\/div>\n        <div class=\"text\">\n          Varia\u00e7\u00e3o do per\u00edodo\n        <\/div>\n      <\/div>\n\n      <div class=\"dataChart__div2 minMax\">\n        <div class=\"value\">\n          R$\u00a033,00        <\/div>\n        <div class=\"text\">\n          M\u00ednima\n        <\/div>\n      <\/div>\n\n      <div class=\"dataChart__div3 minMax\">\n        <div class=\"value\">\n          R$\u00a036,39        <\/div>\n        <div class=\"text\">\n          M\u00e1xima\n        <\/div>\n      <\/div>\n\n\t\t\t<div class=\"dataChart__div4 rightSide\">\n\t\t\t\t<div class=\"analiticaSource\">\n\t\t\t\t\t<span>\n\t\t\t\t\t\tFonte:\n\t\t\t\t\t<\/span>\n\t\t\t\t\t<img decoding=\"async\" class=\"analiticaLogo\" src=\"https:\/\/www.suno.com.br\/noticias\/wp-content\/plugins\/suno-block-ticker-quotation\/src\/suno-analitica-logo.png\" alt=\"Logo Suno Anal\u00edtica\" \/>\n\t\t\t\t<\/div>\n\n\t\t\t\t<a href=\"https:\/\/www.suno.com.br\/analitica\/acoes\/ELET3\" target=\"_blank\">\n\t\t\t\t\t<span>\n\t\t\t\t\t\tVer mais cota\u00e7\u00f5es\n\t\t\t\t\t<\/span>\n\t\t\t\t\t<svg xmlns=\"http:\/\/www.w3.org\/2000\/svg\" width=\"9\" height=\"8\" viewBox=\"0 0 9 8\" fill=\"none\">\n\t\t\t\t\t\t<path d=\"M4.20996 0L3.50496 0.705L6.29496 3.5H0.209961V4.5H6.29496L3.50496 7.295L4.20996 8L8.20996 4L4.20996 0Z\" fill=\"#D42126\" \/>\n\t\t\t\t\t<\/svg>\n\t\t\t\t<\/a>\n    <\/div>\n\n    <\/div>\n  <\/div>\n<\/div>\n\n\n<script type=\"text\/javascript\">\n  let chart_1f1d8f97db9358daa29d99d4bcf1ef6f = document.getElementById('chart-1f1d8f97db9358daa29d99d4bcf1ef6f');\n  let data_json_1f1d8f97db9358daa29d99d4bcf1ef6f = \"[{\\\"date\\\":\\\"08\\\\\\\/05\\\\\\\/23 10:20\\\",\\\"value\\\":33.02},{\\\"date\\\":\\\"08\\\\\\\/05\\\\\\\/23 11:30\\\",\\\"value\\\":33},{\\\"date\\\":\\\"08\\\\\\\/05\\\\\\\/23 11:40\\\",\\\"value\\\":33.13},{\\\"date\\\":\\\"08\\\\\\\/05\\\\\\\/23 11:50\\\",\\\"value\\\":33.23},{\\\"date\\\":\\\"08\\\\\\\/05\\\\\\\/23 12:00\\\",\\\"value\\\":33.53},{\\\"date\\\":\\\"08\\\\\\\/05\\\\\\\/23 12:10\\\",\\\"value\\\":33.45},{\\\"date\\\":\\\"08\\\\\\\/05\\\\\\\/23 12:20\\\",\\\"value\\\":33.42},{\\\"date\\\":\\\"08\\\\\\\/05\\\\\\\/23 12:30\\\",\\\"value\\\":33.7},{\\\"date\\\":\\\"08\\\\\\\/05\\\\\\\/23 12:40\\\",\\\"value\\\":33.55},{\\\"date\\\":\\\"08\\\\\\\/05\\\\\\\/23 12:50\\\",\\\"value\\\":33.62},{\\\"date\\\":\\\"08\\\\\\\/05\\\\\\\/23 13:00\\\",\\\"value\\\":33.54},{\\\"date\\\":\\\"08\\\\\\\/05\\\\\\\/23 13:10\\\",\\\"value\\\":33.54},{\\\"date\\\":\\\"08\\\\\\\/05\\\\\\\/23 13:20\\\",\\\"value\\\":33.45},{\\\"date\\\":\\\"08\\\\\\\/05\\\\\\\/23 15:00\\\",\\\"value\\\":33.14},{\\\"date\\\":\\\"08\\\\\\\/05\\\\\\\/23 15:10\\\",\\\"value\\\":33.12},{\\\"date\\\":\\\"08\\\\\\\/05\\\\\\\/23 15:20\\\",\\\"value\\\":33.13},{\\\"date\\\":\\\"08\\\\\\\/05\\\\\\\/23 15:30\\\",\\\"value\\\":33.09},{\\\"date\\\":\\\"08\\\\\\\/05\\\\\\\/23 15:40\\\",\\\"value\\\":33.09},{\\\"date\\\":\\\"08\\\\\\\/05\\\\\\\/23 15:50\\\",\\\"value\\\":33.13},{\\\"date\\\":\\\"08\\\\\\\/05\\\\\\\/23 16:00\\\",\\\"value\\\":33.3},{\\\"date\\\":\\\"08\\\\\\\/05\\\\\\\/23 16:10\\\",\\\"value\\\":33.31},{\\\"date\\\":\\\"08\\\\\\\/05\\\\\\\/23 16:20\\\",\\\"value\\\":33.41},{\\\"date\\\":\\\"08\\\\\\\/05\\\\\\\/23 16:30\\\",\\\"value\\\":33.45},{\\\"date\\\":\\\"09\\\\\\\/05\\\\\\\/23 10:10\\\",\\\"value\\\":33.36},{\\\"date\\\":\\\"09\\\\\\\/05\\\\\\\/23 10:20\\\",\\\"value\\\":33.31},{\\\"date\\\":\\\"09\\\\\\\/05\\\\\\\/23 10:30\\\",\\\"value\\\":33.27},{\\\"date\\\":\\\"09\\\\\\\/05\\\\\\\/23 10:40\\\",\\\"value\\\":33.06},{\\\"date\\\":\\\"09\\\\\\\/05\\\\\\\/23 10:50\\\",\\\"value\\\":33},{\\\"date\\\":\\\"09\\\\\\\/05\\\\\\\/23 11:00\\\",\\\"value\\\":33.36},{\\\"date\\\":\\\"09\\\\\\\/05\\\\\\\/23 11:10\\\",\\\"value\\\":33.42},{\\\"date\\\":\\\"09\\\\\\\/05\\\\\\\/23 11:40\\\",\\\"value\\\":33.58},{\\\"date\\\":\\\"09\\\\\\\/05\\\\\\\/23 11:50\\\",\\\"value\\\":33.59},{\\\"date\\\":\\\"09\\\\\\\/05\\\\\\\/23 12:00\\\",\\\"value\\\":33.68},{\\\"date\\\":\\\"09\\\\\\\/05\\\\\\\/23 12:10\\\",\\\"value\\\":33.7},{\\\"date\\\":\\\"09\\\\\\\/05\\\\\\\/23 12:20\\\",\\\"value\\\":33.93},{\\\"date\\\":\\\"09\\\\\\\/05\\\\\\\/23 12:30\\\",\\\"value\\\":33.84},{\\\"date\\\":\\\"09\\\\\\\/05\\\\\\\/23 12:40\\\",\\\"value\\\":33.92},{\\\"date\\\":\\\"09\\\\\\\/05\\\\\\\/23 12:50\\\",\\\"value\\\":33.99},{\\\"date\\\":\\\"09\\\\\\\/05\\\\\\\/23 13:00\\\",\\\"value\\\":34.1},{\\\"date\\\":\\\"09\\\\\\\/05\\\\\\\/23 13:10\\\",\\\"value\\\":34.15},{\\\"date\\\":\\\"09\\\\\\\/05\\\\\\\/23 13:20\\\",\\\"value\\\":34.31},{\\\"date\\\":\\\"09\\\\\\\/05\\\\\\\/23 15:50\\\",\\\"value\\\":34.5},{\\\"date\\\":\\\"09\\\\\\\/05\\\\\\\/23 16:00\\\",\\\"value\\\":34.44},{\\\"date\\\":\\\"09\\\\\\\/05\\\\\\\/23 16:10\\\",\\\"value\\\":34.54},{\\\"date\\\":\\\"09\\\\\\\/05\\\\\\\/23 16:20\\\",\\\"value\\\":34.7},{\\\"date\\\":\\\"09\\\\\\\/05\\\\\\\/23 16:30\\\",\\\"value\\\":34.65},{\\\"date\\\":\\\"09\\\\\\\/05\\\\\\\/23 16:40\\\",\\\"value\\\":34.68},{\\\"date\\\":\\\"09\\\\\\\/05\\\\\\\/23 16:50\\\",\\\"value\\\":34.73},{\\\"date\\\":\\\"10\\\\\\\/05\\\\\\\/23 10:10\\\",\\\"value\\\":34.89},{\\\"date\\\":\\\"10\\\\\\\/05\\\\\\\/23 10:20\\\",\\\"value\\\":34.9},{\\\"date\\\":\\\"10\\\\\\\/05\\\\\\\/23 10:30\\\",\\\"value\\\":35},{\\\"date\\\":\\\"10\\\\\\\/05\\\\\\\/23 10:40\\\",\\\"value\\\":35.26},{\\\"date\\\":\\\"10\\\\\\\/05\\\\\\\/23 10:50\\\",\\\"value\\\":35.39},{\\\"date\\\":\\\"10\\\\\\\/05\\\\\\\/23 11:00\\\",\\\"value\\\":35.63},{\\\"date\\\":\\\"11\\\\\\\/05\\\\\\\/23 12:20\\\",\\\"value\\\":35.77},{\\\"date\\\":\\\"11\\\\\\\/05\\\\\\\/23 12:30\\\",\\\"value\\\":35.76},{\\\"date\\\":\\\"11\\\\\\\/05\\\\\\\/23 12:40\\\",\\\"value\\\":35.86},{\\\"date\\\":\\\"11\\\\\\\/05\\\\\\\/23 12:50\\\",\\\"value\\\":35.79},{\\\"date\\\":\\\"11\\\\\\\/05\\\\\\\/23 13:00\\\",\\\"value\\\":35.79},{\\\"date\\\":\\\"11\\\\\\\/05\\\\\\\/23 14:40\\\",\\\"value\\\":36.31},{\\\"date\\\":\\\"11\\\\\\\/05\\\\\\\/23 14:50\\\",\\\"value\\\":36.31},{\\\"date\\\":\\\"11\\\\\\\/05\\\\\\\/23 15:00\\\",\\\"value\\\":36.15},{\\\"date\\\":\\\"11\\\\\\\/05\\\\\\\/23 15:10\\\",\\\"value\\\":36.19},{\\\"date\\\":\\\"11\\\\\\\/05\\\\\\\/23 15:20\\\",\\\"value\\\":36.08},{\\\"date\\\":\\\"11\\\\\\\/05\\\\\\\/23 15:30\\\",\\\"value\\\":36.14},{\\\"date\\\":\\\"11\\\\\\\/05\\\\\\\/23 15:40\\\",\\\"value\\\":36.39},{\\\"date\\\":\\\"11\\\\\\\/05\\\\\\\/23 15:50\\\",\\\"value\\\":35.3}]\";\n  let isPositive_1f1d8f97db9358daa29d99d4bcf1ef6f = true;\n\n  let color_1f1d8f97db9358daa29d99d4bcf1ef6f = isPositive_1f1d8f97db9358daa29d99d4bcf1ef6f ? '#3AB53A' : '#D92C2D';\n\n  let data_1f1d8f97db9358daa29d99d4bcf1ef6f = JSON.parse(data_json_1f1d8f97db9358daa29d99d4bcf1ef6f);\n\n  const result_1f1d8f97db9358daa29d99d4bcf1ef6f = {\n    date: [],\n    value: [],\n  };\n\n  data_1f1d8f97db9358daa29d99d4bcf1ef6f.forEach((item) => {\n    result_1f1d8f97db9358daa29d99d4bcf1ef6f.date.push(item.date);\n    result_1f1d8f97db9358daa29d99d4bcf1ef6f.value.push(Number(item.value));\n  });\n\n  let option_1f1d8f97db9358daa29d99d4bcf1ef6f = {\n    \/\/ variavel de cor global\n    color: [color_1f1d8f97db9358daa29d99d4bcf1ef6f],\n    title: {\n      text: '',\n    },\n    tooltip: {\n      trigger: 'axis',\n      axisPointer: {\n        type: 'cross',\n        label: {\n          \/\/ cor dos valores em X e Y\n          backgroundColor: color_1f1d8f97db9358daa29d99d4bcf1ef6f,\n          formatter: (value) => {\n            if (typeof value.value === 'number') {\n              return Number(value.value).toLocaleString('pt-br', {\n                style: 'currency',\n                currency: 'BRL'\n              });\n            }\n            return value.value;\n          },\n        },\n      },\n      valueFormatter: (value) => Number(value).toLocaleString('pt-br', {\n        style: 'currency',\n        currency: 'BRL'\n      }),\n    },\n    legend: {\n      \/\/ data: ['Valor de Fechamento'],\n      show: false,\n    },\n    toolbox: {\n      feature: {\n        saveAsImage: {\n          show: false,\n        },\n      },\n    },\n    grid: {\n      left: '0px',\n      right: '0px',\n      bottom: '0px',\n      containLabel: true,\n    },\n    xAxis: [{\n      type: 'category',\n      data: result_1f1d8f97db9358daa29d99d4bcf1ef6f.date,\n      boundaryGap: true,\n    }],\n    yAxis: [{\n      type: 'value',\n      min: Math.min(...result_1f1d8f97db9358daa29d99d4bcf1ef6f.value),\n      max: Math.max(...result_1f1d8f97db9358daa29d99d4bcf1ef6f.value),\n      axisLabel: {\n        formatter: (value) => value.toLocaleString('pt-br', {\n          style: 'currency',\n          currency: 'BRL'\n        }),\n      },\n    }],\n    series: [{\n      name: 'Valor de Fechamento',\n      type: 'line',\n      stack: 'Total',\n      \/\/ cor do grafico\n      areaStyle: {},\n      emphasis: {\n        focus: 'series',\n      },\n      data: result_1f1d8f97db9358daa29d99d4bcf1ef6f.value,\n      \/\/ cor da linha\n      lineStyle: {\n        color: color_1f1d8f97db9358daa29d99d4bcf1ef6f,\n      },\n    }, ],\n  };\n\n\twindow.chart_1f1d8f97db9358daa29d99d4bcf1ef6f = {\n\t\tel: chart_1f1d8f97db9358daa29d99d4bcf1ef6f,\n\t\toption: option_1f1d8f97db9358daa29d99d4bcf1ef6f\t};\n\n\n<\/script>\n\n\n\n<p>&#8220;A mola mestra do <strong>setor el\u00e9trico<\/strong>, que permite confiabilidade, por ser um setor que demanda investimento maci\u00e7o, \u00e9 a seguran\u00e7a jur\u00eddica, \u00e9 isso que permite atra\u00e7\u00e3o perene e cont\u00ednua de investimentos. O que preocupa ADI [A\u00e7\u00e3o Direta de Inconstitucionalidade] \u00e9 que, embora ela n\u00e3o questione a privatiza\u00e7\u00e3o, discute um crit\u00e9rio que foi aprovado pelo Congresso Nacional e pelo TCU [Tribunal de Contas da Uni\u00e3o] &#8211; e o TCU fez an\u00e1lise extremamente criteriosa e foi extremamente r\u00edgido com rela\u00e7\u00e3o ao tema&#8221;, diz Gustavo de Marchi, consultor da FGV Energia e vice-presidente da comiss\u00e3o de energia da OAB.<\/p>\n\n\n\n<p>Ele salienta que os investidores e o setor el\u00e9trico j\u00e1 tinham assimilado a regra, que tamb\u00e9m foi usada anteriormente em outras privatiza\u00e7\u00f5es, como no caso da <a class=\"suno-keyword\" target=\"_blank\" data-force=\"yes\" data-priority=\"2\" href=\"https:\/\/www.suno.com.br\/acoes\/VALE3\/\" rel=\"noopener\">Vale (VALE3)<\/a>. Por isso, o questionamento gera preocupa\u00e7\u00e3o. &#8220;Outros processos semelhantes, vide <strong>caso da Copel<\/strong>, da Cemig &#8211; que est\u00e1 em fase mais incipiente -, certamente seriam moldados dentro das diretrizes que foram consideradas no modelo da Eletrobras. Ent\u00e3o haver\u00e1 um impacto direto nesses processos, pelo menos em revisitar o modelo que estava sendo desenhado para essas duas companhias&#8221;, diz. Ele tamb\u00e9m n\u00e3o descarta impactos em outros setores da infraestrutura, com destaque para o saneamento, que tamb\u00e9m vem passando por v\u00e1rios processos de privatiza\u00e7\u00e3o e capitaliza\u00e7\u00e3o.<\/p>\n\n\n\n<h2 class=\"wp-block-heading\">Eletrobras: preocupa\u00e7\u00e3o com decis\u00e3o do STF<\/h2>\n\n\n\n<p>Na percep\u00e7\u00e3o de um profissional do mercado que acompanhou de perto a <strong>privatiza\u00e7\u00e3o da Eletrobras<\/strong>, caso o STF conceda a liminar pedida pelo governo suspendendo a limita\u00e7\u00e3o de 10% e permitindo o voto em linha com sua efetiva participa\u00e7\u00e3o acion\u00e1ria, da ordem de 43%, as estatais estaduais n\u00e3o conseguir\u00e3o realizar o <a class=\"suno-keyword\" target=\"_blank\" data-force=\"no\" data-priority=\"2\" href=\"https:\/\/www.suno.com.br\/artigos\/privatizacao\/\" rel=\"noopener\">processo de privatiza\u00e7\u00e3o<\/a>.<\/p>\n\n\n\n<p>&#8220;Se houver liminar, Copel e <strong>Sabesp<\/strong> est\u00e3o em xeque&#8221; disse a fonte, que participa esta semana de evento com investidores em Nova York e disse que os participantes est\u00e3o estarrecidos com o <strong>movimento do governo federal<\/strong> sobre a Eletrobras, justamente em um momento em que as duas estatais estaduais j\u00e1 buscam atrair capital para as futuras opera\u00e7\u00f5es, hoje em fase preparat\u00f3ria.<\/p>\n\n\n\n<p>O advogado Andr\u00e9 Edelstein, s\u00f3cio do escrit\u00f3rio Edelstein Advogados, tamb\u00e9m considera que a a\u00e7\u00e3o do governo pode <strong>afetar outras privatiza\u00e7\u00f5es<\/strong>. &#8220;Quando tem processo que envolve <a class=\"suno-keyword\" target=\"_blank\" data-force=\"no\" data-priority=\"1\" href=\"https:\/\/www.suno.com.br\/artigos\/capital-intensivo\/\" rel=\"noopener\">capital intensivo<\/a>, estabilidade das regras e seguran\u00e7a s\u00e3o chaves na decis\u00e3o de investimento. Eventualmente, o processo da Copel pode perder atratividade considerando o precedente com a maior empresa el\u00e9trica do Brasil. Embora na Copel estejamos falando de entes diferentes porque \u00e9 uma companhia estadual, o antecedente que n\u00e3o pode ser ignorado&#8221;, diz.<\/p>\n\n\n\t<p>\n\t\t<a href=\"https:\/\/lp.suno.com.br\/planilha-da-vida-financeira\/\" target=\"_blank\" data-element=\"shortcode-suno-banner\" title=\"Banner SUNO, clique e saiba mais\">\n\t\t\t<picture>\n\t\t\t\t<source media=\"(max-width: 500px)\" srcset=\"https:\/\/files.sunoresearch.com.br\/n\/uploads\/2023\/04\/400x300-Planilha-vida-financeira-true.png\">\n\t\t\t\t<img class=\"newsContent__article__imgCapa newsContent__article__imgCapa--banner\"\n\t\t\t\t\tsrc=\"https:\/\/files.sunoresearch.com.br\/n\/uploads\/2023\/04\/1420x240-Planilha-vida-financeira-true.png\"\n\t\t\t\t\tdata-promo-id=\"106682\"\t\t\t\t\t\t\t\t\t\twidth='1420' height='240'\t\t\t\t\talt=\"https:\/\/files.sunoresearch.com.br\/n\/uploads\/2023\/04\/1420x240-Planilha-vida-financeira-true.png\"\n\t\t\t\t>\n\t\t\t<\/picture>\n\t\t<\/a>\n\t<\/p>\n\n\n\n\n\n<h2 class=\"wp-block-heading\">Recado ao mercado<\/h2>\n\n\n\n<p>O s\u00f3cio do escrit\u00f3rio Castro Barros Advogado Paulo Henrique Dantas considerou que a ADI funciona como um &#8220;recado para o mercado de que as privatiza\u00e7\u00f5es podem ser revistas&#8221;, sejam as que j\u00e1 sa\u00edram do papel, caso da Eletrobras, sejam as que vinham sendo planejadas para ocorrer nos pr\u00f3ximos anos e meses. &#8220;A <strong>revis\u00e3o da Eletrobras<\/strong> \u00e9 mais complexa porque teve mudan\u00e7a na lei para permitir a privatiza\u00e7\u00e3o. teve processo para que ocorresse e, uma vez que foi questionado \u00e0 \u00e9poca e acabou acontecendo, pode dar sinal contradit\u00f3rio ao mercado para as que est\u00e3o por vir e influenciar na forma e se elas v\u00e3o ocorrer&#8221;, disse.<\/p>\n\n\n\n<p>Com vis\u00e3o diferente, a s\u00f3cia da \u00e1rea de Energia e Recursos Naturais do Demarest, Rosi Costa Barros, considera que &#8220;ainda \u00e9 cedo&#8221; para repercuss\u00f5es da ADI em outras empresas ou investimentos do setor el\u00e9trico. &#8220;A Cemig e a Copel, por exemplo, t\u00eam a liberdade de fazer [a privatiza\u00e7\u00e3o] como entenderem mais eficiente e podem usar esse modelo perfeitamente&#8221;, disse a advogada, lembrando que se trata de estatais estaduais.<\/p>\n\n\n\n<p>Ela classificou a ADI como um movimento voltado especificamente para Eletrobras, cuja privatiza\u00e7\u00e3o est\u00e1 na mira do governo desde a campanha. Ainda assim, considera que a a\u00e7\u00e3o refor\u00e7a sentimento de inseguran\u00e7a jur\u00eddica para o investidor, embora lembre que outras decis\u00f5es, inclusive por parte do regulador, afetam a atratividade em particular do <a class=\"suno-keyword\" target=\"_blank\" data-force=\"no\" data-priority=\"1\" href=\"https:\/\/www.suno.com.br\/artigos\/capital-estrangeiro\/\" rel=\"noopener\">capital estrangeiro<\/a>. &#8220;Essa a\u00e7\u00e3o da Eletrobras \u00e9 s\u00f3 mais um exemplo para abalar a seguran\u00e7a jur\u00eddica, mas n\u00e3o \u00e9 decisivo, afeta a seguran\u00e7a de forma macro, assim como outras medidas do regulador&#8221;, disse.<\/p>\n\n\n\n<h2 class=\"wp-block-heading\">Argumentos<\/h2>\n\n\n\n<p>Embora De Marchi considere que existe legitimidade do governo em querer rever se houve inconstitucionalidade, De Marchi defende que caber\u00e1 ao STF sopesar todos os pontos, inclusive o ponto de vista da seguran\u00e7a jur\u00eddica, e a eventual decis\u00e3o judicial ter\u00e1 de ser &#8220;altamente justificada e fundamentada. &#8220;Se n\u00e3o, vamos ter uma afeta\u00e7\u00e3o n\u00e3o s\u00f3 nos modelos de privatiza\u00e7\u00e3o, mas tamb\u00e9m nos modelos que j\u00e1 foram consubstanciados&#8221;, disse.<\/p>\n\n\n\n<p>Para Edelstein, a argumenta\u00e7\u00e3o apresentada pela Advocacia Geral da Uni\u00e3o (AGU) \u00e9 fr\u00e1gil, e os contra argumentos s\u00e3o mais robustos para manter a validade de todo o processo. &#8220;Eles falam de algumas ofensas ao direito de propriedade, moralidade, razoabilidade, e todos esses argumentos invocados na a\u00e7\u00e3o s\u00e3o justamente os que refor\u00e7am a validade do processo, a validade de atingir o que participa\u00e7\u00e3o. Privatiza\u00e7\u00e3o foi decis\u00e3o pol\u00edtica do Estado brasileiro. Se depois n\u00e3o agradou, se o Estado se arrependeu, n\u00e3o cabe buscar revers\u00e3o por meio de outras vias atrav\u00e9s de argumentos fr\u00e1geis&#8221;, disse.<\/p>\n\n\n\n<p>O s\u00f3cio do Mattos Filho da \u00e1rea de <a class=\"suno-keyword\" target=\"_blank\" data-force=\"no\" data-priority=\"1\" href=\"https:\/\/www.suno.com.br\/artigos\/mercado-de-capitais-conceito\/\" rel=\"noopener\">Mercado de Capitais<\/a>, Jean Arakawa, salientou que o <strong>processo de privatiza\u00e7\u00e3o da Eletrobras<\/strong> todo foi efetivamente aprovado pelo Congresso Nacional com o escrut\u00ednio do TCU, enquanto a limita\u00e7\u00e3o de voto questionada pela Uni\u00e3o est\u00e1 na lei das SAs e foi um movimento parecido com o adotado com a migra\u00e7\u00e3o da Embraer para o <a class=\"suno-keyword\" target=\"_blank\" data-force=\"no\" data-priority=\"1\" href=\"https:\/\/www.suno.com.br\/artigos\/novo-mercado\/\" rel=\"noopener\">Novo Mercado<\/a>. &#8220;A argumenta\u00e7\u00e3o \u00e9 de que \u00e9 danoso para a Uni\u00e3o, mas foi o modelo da desestatiza\u00e7\u00e3o&#8221;, diz, considerando a a\u00e7\u00e3o como uma tentativa de se retomar o controle da companhia.<\/p>\n\n\n\n<p>Para ele, existe a expectativa de que os contratos sejam respeitados. &#8220;Foi um compromisso do Estado brasileiro e ter revers\u00e3o vai causar inseguran\u00e7a e ceticismo em rela\u00e7\u00e3o \u00e0 intera\u00e7\u00e3o com companhias que tenham investimentos e controle da Uni\u00e3o.<\/p>\n\n\n\n<p>&#8220;A tend\u00eancia no STF \u00e9 manter as decis\u00f5es sobre a <strong>Eletrobras<\/strong> N\u00e3o vejo muito espa\u00e7o pra rever a privatiza\u00e7\u00e3o da forma como foi. [A argumenta\u00e7\u00e3o] pode ser aceita por ser quest\u00e3o procedimental, mas o resultado seria a manuten\u00e7\u00e3o do processo de desestatiza\u00e7\u00e3o. Vai ter que questionar o processo como um todo e que seguiu todos os ritos necess\u00e1rios, isso deveria ter sido feito na \u00e9poca que estava ocorrendo, a n\u00e3o se que surja algo relevante que n\u00e3o vejo no momento&#8221;, opinou Dantas.<\/p>\n\n\n\n<p><em>Com Estad\u00e3o Conte\u00fado<\/em><\/p>\n\n\n\t<p>\n\t\t<a href=\"https:\/\/lp.suno.com.br\/suno-one\/?utm_campaign=_SNC6964518A_\" target=\"_blank\" data-element=\"shortcode-suno-banner\" title=\"Banner SUNO, clique e saiba mais\">\n\t\t\t<picture>\n\t\t\t\t<source media=\"(max-width: 500px)\" srcset=\"https:\/\/files.sunoresearch.com.br\/n\/uploads\/2025\/09\/400x300-Suno-One-png.webp\">\n\t\t\t\t<img class=\"newsContent__article__imgCapa newsContent__article__imgCapa--banner\"\n\t\t\t\t\tsrc=\"https:\/\/files.sunoresearch.com.br\/n\/uploads\/2025\/09\/1420x240-Suno-One-png.webp\"\n\t\t\t\t\tdata-promo-id=\"383121\"\t\t\t\t\t\t\t\t\t\twidth='1420' height='240'\t\t\t\t\talt=\"https:\/\/files.sunoresearch.com.br\/n\/uploads\/2025\/09\/1420x240-Suno-One-png.webp\"\n\t\t\t\t>\n\t\t\t<\/picture>\n\t\t<\/a>\n\t<\/p>\n\n\n","protected":false},"excerpt":{"rendered":"<p>A decis\u00e3o do governo federal de buscar o Supremo Tribunal Federal (STF) para rever a regra que limita o poder de voto na Eletrobras (ELET3) e os sinais de que o Executivo pode ir al\u00e9m desta primeira medida aumentaram a percep\u00e7\u00e3o de risco de investidores n\u00e3o apenas sobre a ex-estatal, como tamb\u00e9m em outras empresas [&hellip;]<\/p>\n","protected":false},"author":43,"featured_media":334367,"comment_status":"closed","ping_status":"closed","sticky":false,"template":"","format":"standard","meta":[],"categories":[64],"tags":[420,431,455,104992,106765],"suno_strategy":[],"class_list":["post-404152","post","type-post","status-publish","format-standard","has-post-thumbnail","hentry","category-negocios","tag-cemig-cmig3-cmig4","tag-copel-cple3-cple5-cple6","tag-eletrobras-elet3-elet5-elet6","tag-privatizacao-da-eletrobras","tag-sabesp-sbsp3"],"yoast_head":"<!-- This site is optimized with the Yoast SEO plugin v24.4 - https:\/\/yoast.com\/wordpress\/plugins\/seo\/ -->\n<title>A\u00e7\u00e3o do governo contra a Eletrobras (ELET3) afeta estatais<\/title>\n<meta name=\"description\" content=\"A decis\u00e3o do governo federal de buscar o STF para rever a regra que limita o poder de voto na Eletrobras aumentou a percep\u00e7\u00e3o de risco\" \/>\n<meta name=\"robots\" content=\"index, follow, max-snippet:-1, max-image-preview:large, max-video-preview:-1\" \/>\n<link rel=\"canonical\" href=\"https:\/\/www.suno.com.br\/noticias\/eletrobras-elet3-afeta-sabesp-sbsp3-estatais-privatizacao\/\" \/>\n<meta property=\"og:locale\" content=\"pt_BR\" \/>\n<meta property=\"og:type\" content=\"article\" \/>\n<meta property=\"og:title\" content=\"A\u00e7\u00e3o do governo contra a Eletrobras (ELET3) afeta estatais\" \/>\n<meta property=\"og:description\" content=\"A decis\u00e3o do governo federal de buscar o STF para rever a regra que limita o poder de voto na Eletrobras aumentou a percep\u00e7\u00e3o de risco\" \/>\n<meta property=\"og:url\" content=\"https:\/\/www.suno.com.br\/noticias\/eletrobras-elet3-afeta-sabesp-sbsp3-estatais-privatizacao\/\" \/>\n<meta property=\"og:site_name\" content=\"Suno Not\u00edcias\" \/>\n<meta property=\"article:publisher\" content=\"https:\/\/facebook.com\/sunoresearch\" \/>\n<meta property=\"article:author\" content=\"https:\/\/www.facebook.com\/sunonoticias\/\" \/>\n<meta property=\"og:image\" content=\"https:\/\/files.sunoresearch.com.br\/n\/uploads\/2022\/12\/ELETROBRAS-ELET3.jpg\" \/>\n\t<meta property=\"og:image:width\" content=\"1200\" \/>\n\t<meta property=\"og:image:height\" content=\"800\" \/>\n\t<meta property=\"og:image:type\" content=\"image\/jpeg\" \/>\n<meta name=\"author\" content=\"Reda\u00e7\u00e3o Suno Not\u00edcias\" \/>\n<meta name=\"twitter:card\" content=\"summary_large_image\" \/>\n<meta name=\"twitter:creator\" content=\"@https:\/\/twitter.com\/sunoresearch\" \/>\n<meta name=\"twitter:site\" content=\"@sunoresearch\" \/>\n<meta name=\"twitter:label1\" content=\"Escrito por\" \/>\n\t<meta name=\"twitter:data1\" content=\"Reda\u00e7\u00e3o Suno Not\u00edcias\" \/>\n\t<meta name=\"twitter:label2\" content=\"Est. tempo de leitura\" \/>\n\t<meta name=\"twitter:data2\" content=\"7 minutos\" \/>\n<script type=\"application\/ld+json\" class=\"yoast-schema-graph\">{\"@context\":\"https:\/\/schema.org\",\"@graph\":[{\"@type\":\"NewsArticle\",\"@id\":\"https:\/\/www.suno.com.br\/noticias\/eletrobras-elet3-afeta-sabesp-sbsp3-estatais-privatizacao\/#article\",\"isPartOf\":{\"@id\":\"https:\/\/www.suno.com.br\/noticias\/eletrobras-elet3-afeta-sabesp-sbsp3-estatais-privatizacao\/\"},\"author\":{\"name\":\"Reda\u00e7\u00e3o Suno Not\u00edcias\",\"@id\":\"https:\/\/www.suno.com.br\/noticias\/#\/schema\/person\/c1b1bd3727fa852bd045e9dbff3673ea\"},\"headline\":\"A\u00e7\u00e3o do governo contra a privatiza\u00e7\u00e3o da Eletrobras (ELET3) abala Sabesp (SBSP3), Copel (CPLE6) e outras estatais?\",\"datePublished\":\"2023-05-14T14:11:50+00:00\",\"dateModified\":\"2023-05-14T20:14:16+00:00\",\"mainEntityOfPage\":{\"@id\":\"https:\/\/www.suno.com.br\/noticias\/eletrobras-elet3-afeta-sabesp-sbsp3-estatais-privatizacao\/\"},\"wordCount\":1314,\"publisher\":{\"@id\":\"https:\/\/www.suno.com.br\/noticias\/#organization\"},\"image\":{\"@id\":\"https:\/\/www.suno.com.br\/noticias\/eletrobras-elet3-afeta-sabesp-sbsp3-estatais-privatizacao\/#primaryimage\"},\"thumbnailUrl\":\"https:\/\/files.sunoresearch.com.br\/n\/uploads\/2022\/12\/ELETROBRAS-ELET3.jpg\",\"keywords\":[\"Cemig (CMIG3\/CMIG4)\",\"Copel (CPLE3\/CPLE5\/CPLE6)\",\"Eletrobras (ELET3\/ELET5\/ELET6)\",\"privatiza\u00e7\u00e3o da Eletrobras\",\"Sabesp (SBSP3)\"],\"articleSection\":[\"Neg\u00f3cios\"],\"inLanguage\":\"pt-BR\"},{\"@type\":\"WebPage\",\"@id\":\"https:\/\/www.suno.com.br\/noticias\/eletrobras-elet3-afeta-sabesp-sbsp3-estatais-privatizacao\/\",\"url\":\"https:\/\/www.suno.com.br\/noticias\/eletrobras-elet3-afeta-sabesp-sbsp3-estatais-privatizacao\/\",\"name\":\"A\u00e7\u00e3o do governo contra a Eletrobras (ELET3) afeta estatais\",\"isPartOf\":{\"@id\":\"https:\/\/www.suno.com.br\/noticias\/#website\"},\"primaryImageOfPage\":{\"@id\":\"https:\/\/www.suno.com.br\/noticias\/eletrobras-elet3-afeta-sabesp-sbsp3-estatais-privatizacao\/#primaryimage\"},\"image\":{\"@id\":\"https:\/\/www.suno.com.br\/noticias\/eletrobras-elet3-afeta-sabesp-sbsp3-estatais-privatizacao\/#primaryimage\"},\"thumbnailUrl\":\"https:\/\/files.sunoresearch.com.br\/n\/uploads\/2022\/12\/ELETROBRAS-ELET3.jpg\",\"datePublished\":\"2023-05-14T14:11:50+00:00\",\"dateModified\":\"2023-05-14T20:14:16+00:00\",\"description\":\"A decis\u00e3o do governo federal de buscar o STF para rever a regra que limita o poder de voto na Eletrobras aumentou a percep\u00e7\u00e3o de risco\",\"breadcrumb\":{\"@id\":\"https:\/\/www.suno.com.br\/noticias\/eletrobras-elet3-afeta-sabesp-sbsp3-estatais-privatizacao\/#breadcrumb\"},\"inLanguage\":\"pt-BR\",\"potentialAction\":[{\"@type\":\"ReadAction\",\"target\":[\"https:\/\/www.suno.com.br\/noticias\/eletrobras-elet3-afeta-sabesp-sbsp3-estatais-privatizacao\/\"]}]},{\"@type\":\"ImageObject\",\"inLanguage\":\"pt-BR\",\"@id\":\"https:\/\/www.suno.com.br\/noticias\/eletrobras-elet3-afeta-sabesp-sbsp3-estatais-privatizacao\/#primaryimage\",\"url\":\"https:\/\/files.sunoresearch.com.br\/n\/uploads\/2022\/12\/ELETROBRAS-ELET3.jpg\",\"contentUrl\":\"https:\/\/files.sunoresearch.com.br\/n\/uploads\/2022\/12\/ELETROBRAS-ELET3.jpg\",\"width\":1200,\"height\":800,\"caption\":\"Eletrobras (ELET3). Foto: Ag\u00eancia Brasil.\"},{\"@type\":\"BreadcrumbList\",\"@id\":\"https:\/\/www.suno.com.br\/noticias\/eletrobras-elet3-afeta-sabesp-sbsp3-estatais-privatizacao\/#breadcrumb\",\"itemListElement\":[{\"@type\":\"ListItem\",\"position\":1,\"name\":\"Not\u00edcias\",\"item\":\"https:\/\/www.suno.com.br\/noticias\/\"},{\"@type\":\"ListItem\",\"position\":2,\"name\":\"Neg\u00f3cios\",\"item\":\"https:\/\/www.suno.com.br\/noticias\/negocios\/\"},{\"@type\":\"ListItem\",\"position\":3,\"name\":\"A\u00e7\u00e3o do governo contra a privatiza\u00e7\u00e3o da Eletrobras (ELET3) abala Sabesp (SBSP3), Copel (CPLE6) e outras estatais?\"}]},{\"@type\":\"WebSite\",\"@id\":\"https:\/\/www.suno.com.br\/noticias\/#website\",\"url\":\"https:\/\/www.suno.com.br\/noticias\/\",\"name\":\"Suno Not\u00edcias\",\"description\":\"Seu portal de informa\u00e7\u00e3o sobre o mundo dos investimentos\",\"publisher\":{\"@id\":\"https:\/\/www.suno.com.br\/noticias\/#organization\"},\"potentialAction\":[{\"@type\":\"SearchAction\",\"target\":{\"@type\":\"EntryPoint\",\"urlTemplate\":\"https:\/\/www.suno.com.br\/noticias\/?s={search_term_string}\"},\"query-input\":{\"@type\":\"PropertyValueSpecification\",\"valueRequired\":true,\"valueName\":\"search_term_string\"}}],\"inLanguage\":\"pt-BR\"},{\"@type\":\"Organization\",\"@id\":\"https:\/\/www.suno.com.br\/noticias\/#organization\",\"name\":\"Suno Not\u00edcias\",\"url\":\"https:\/\/www.suno.com.br\/noticias\/\",\"logo\":{\"@type\":\"ImageObject\",\"inLanguage\":\"pt-BR\",\"@id\":\"https:\/\/www.suno.com.br\/noticias\/#\/schema\/logo\/image\/\",\"url\":\"https:\/\/files.sunoresearch.com.br\/n\/uploads\/2021\/09\/suno-logo.png\",\"contentUrl\":\"https:\/\/files.sunoresearch.com.br\/n\/uploads\/2021\/09\/suno-logo.png\",\"width\":180,\"height\":180,\"caption\":\"Suno Not\u00edcias\"},\"image\":{\"@id\":\"https:\/\/www.suno.com.br\/noticias\/#\/schema\/logo\/image\/\"},\"sameAs\":[\"https:\/\/facebook.com\/sunoresearch\",\"https:\/\/x.com\/sunoresearch\",\"https:\/\/www.instagram.com\/suno\",\"https:\/\/www.linkedin.com\/company\/suno-research\/\",\"https:\/\/www.youtube.com\/c\/sunoresearch\"]},{\"@type\":\"Person\",\"@id\":\"https:\/\/www.suno.com.br\/noticias\/#\/schema\/person\/c1b1bd3727fa852bd045e9dbff3673ea\",\"name\":\"Reda\u00e7\u00e3o Suno Not\u00edcias\",\"image\":{\"@type\":\"ImageObject\",\"inLanguage\":\"pt-BR\",\"@id\":\"https:\/\/www.suno.com.br\/noticias\/#\/schema\/person\/image\/\",\"url\":\"https:\/\/secure.gravatar.com\/avatar\/b8104b9b5a71985d5238ee59fbe418af?s=96&r=g\",\"contentUrl\":\"https:\/\/secure.gravatar.com\/avatar\/b8104b9b5a71985d5238ee59fbe418af?s=96&r=g\",\"caption\":\"Reda\u00e7\u00e3o Suno Not\u00edcias\"},\"description\":\"O Suno Not\u00edcias \u00e9 um portal de informa\u00e7\u00f5es sobre Mercado Financeiro, Pol\u00edtica, Neg\u00f3cios, Economia e Finan\u00e7as Pessoais.\",\"sameAs\":[\"https:\/\/www.suno.com.br\/noticias\",\"https:\/\/www.facebook.com\/sunonoticias\/\",\"https:\/\/www.instagram.com\/sunonoticias\/\",\"https:\/\/x.com\/https:\/\/twitter.com\/sunoresearch\",\"https:\/\/www.youtube.com\/sunonoticias\"],\"url\":\"https:\/\/www.suno.com.br\/noticias\/author\/redacao-suno\/\"}]}<\/script>\n<!-- \/ Yoast SEO plugin. -->","yoast_head_json":{"title":"A\u00e7\u00e3o do governo contra a Eletrobras (ELET3) afeta estatais","description":"A decis\u00e3o do governo federal de buscar o STF para rever a regra que limita o poder de voto na Eletrobras aumentou a percep\u00e7\u00e3o de risco","robots":{"index":"index","follow":"follow","max-snippet":"max-snippet:-1","max-image-preview":"max-image-preview:large","max-video-preview":"max-video-preview:-1"},"canonical":"https:\/\/www.suno.com.br\/noticias\/eletrobras-elet3-afeta-sabesp-sbsp3-estatais-privatizacao\/","og_locale":"pt_BR","og_type":"article","og_title":"A\u00e7\u00e3o do governo contra a Eletrobras (ELET3) afeta estatais","og_description":"A decis\u00e3o do governo federal de buscar o STF para rever a regra que limita o poder de voto na Eletrobras aumentou a percep\u00e7\u00e3o de risco","og_url":"https:\/\/www.suno.com.br\/noticias\/eletrobras-elet3-afeta-sabesp-sbsp3-estatais-privatizacao\/","og_site_name":"Suno Not\u00edcias","article_publisher":"https:\/\/facebook.com\/sunoresearch","article_author":"https:\/\/www.facebook.com\/sunonoticias\/","og_image":[{"width":1200,"height":800,"url":"https:\/\/files.sunoresearch.com.br\/n\/uploads\/2022\/12\/ELETROBRAS-ELET3.jpg","type":"image\/jpeg"}],"author":"Reda\u00e7\u00e3o Suno Not\u00edcias","twitter_card":"summary_large_image","twitter_creator":"@https:\/\/twitter.com\/sunoresearch","twitter_site":"@sunoresearch","twitter_misc":{"Escrito por":"Reda\u00e7\u00e3o Suno Not\u00edcias","Est. tempo de leitura":"7 minutos"},"schema":{"@context":"https:\/\/schema.org","@graph":[{"@type":"NewsArticle","@id":"https:\/\/www.suno.com.br\/noticias\/eletrobras-elet3-afeta-sabesp-sbsp3-estatais-privatizacao\/#article","isPartOf":{"@id":"https:\/\/www.suno.com.br\/noticias\/eletrobras-elet3-afeta-sabesp-sbsp3-estatais-privatizacao\/"},"author":{"name":"Reda\u00e7\u00e3o Suno Not\u00edcias","@id":"https:\/\/www.suno.com.br\/noticias\/#\/schema\/person\/c1b1bd3727fa852bd045e9dbff3673ea"},"headline":"A\u00e7\u00e3o do governo contra a privatiza\u00e7\u00e3o da Eletrobras (ELET3) abala Sabesp (SBSP3), Copel (CPLE6) e outras estatais?","datePublished":"2023-05-14T14:11:50+00:00","dateModified":"2023-05-14T20:14:16+00:00","mainEntityOfPage":{"@id":"https:\/\/www.suno.com.br\/noticias\/eletrobras-elet3-afeta-sabesp-sbsp3-estatais-privatizacao\/"},"wordCount":1314,"publisher":{"@id":"https:\/\/www.suno.com.br\/noticias\/#organization"},"image":{"@id":"https:\/\/www.suno.com.br\/noticias\/eletrobras-elet3-afeta-sabesp-sbsp3-estatais-privatizacao\/#primaryimage"},"thumbnailUrl":"https:\/\/files.sunoresearch.com.br\/n\/uploads\/2022\/12\/ELETROBRAS-ELET3.jpg","keywords":["Cemig (CMIG3\/CMIG4)","Copel (CPLE3\/CPLE5\/CPLE6)","Eletrobras (ELET3\/ELET5\/ELET6)","privatiza\u00e7\u00e3o da Eletrobras","Sabesp (SBSP3)"],"articleSection":["Neg\u00f3cios"],"inLanguage":"pt-BR"},{"@type":"WebPage","@id":"https:\/\/www.suno.com.br\/noticias\/eletrobras-elet3-afeta-sabesp-sbsp3-estatais-privatizacao\/","url":"https:\/\/www.suno.com.br\/noticias\/eletrobras-elet3-afeta-sabesp-sbsp3-estatais-privatizacao\/","name":"A\u00e7\u00e3o do governo contra a Eletrobras (ELET3) afeta estatais","isPartOf":{"@id":"https:\/\/www.suno.com.br\/noticias\/#website"},"primaryImageOfPage":{"@id":"https:\/\/www.suno.com.br\/noticias\/eletrobras-elet3-afeta-sabesp-sbsp3-estatais-privatizacao\/#primaryimage"},"image":{"@id":"https:\/\/www.suno.com.br\/noticias\/eletrobras-elet3-afeta-sabesp-sbsp3-estatais-privatizacao\/#primaryimage"},"thumbnailUrl":"https:\/\/files.sunoresearch.com.br\/n\/uploads\/2022\/12\/ELETROBRAS-ELET3.jpg","datePublished":"2023-05-14T14:11:50+00:00","dateModified":"2023-05-14T20:14:16+00:00","description":"A decis\u00e3o do governo federal de buscar o STF para rever a regra que limita o poder de voto na Eletrobras aumentou a percep\u00e7\u00e3o de risco","breadcrumb":{"@id":"https:\/\/www.suno.com.br\/noticias\/eletrobras-elet3-afeta-sabesp-sbsp3-estatais-privatizacao\/#breadcrumb"},"inLanguage":"pt-BR","potentialAction":[{"@type":"ReadAction","target":["https:\/\/www.suno.com.br\/noticias\/eletrobras-elet3-afeta-sabesp-sbsp3-estatais-privatizacao\/"]}]},{"@type":"ImageObject","inLanguage":"pt-BR","@id":"https:\/\/www.suno.com.br\/noticias\/eletrobras-elet3-afeta-sabesp-sbsp3-estatais-privatizacao\/#primaryimage","url":"https:\/\/files.sunoresearch.com.br\/n\/uploads\/2022\/12\/ELETROBRAS-ELET3.jpg","contentUrl":"https:\/\/files.sunoresearch.com.br\/n\/uploads\/2022\/12\/ELETROBRAS-ELET3.jpg","width":1200,"height":800,"caption":"Eletrobras (ELET3). Foto: Ag\u00eancia Brasil."},{"@type":"BreadcrumbList","@id":"https:\/\/www.suno.com.br\/noticias\/eletrobras-elet3-afeta-sabesp-sbsp3-estatais-privatizacao\/#breadcrumb","itemListElement":[{"@type":"ListItem","position":1,"name":"Not\u00edcias","item":"https:\/\/www.suno.com.br\/noticias\/"},{"@type":"ListItem","position":2,"name":"Neg\u00f3cios","item":"https:\/\/www.suno.com.br\/noticias\/negocios\/"},{"@type":"ListItem","position":3,"name":"A\u00e7\u00e3o do governo contra a privatiza\u00e7\u00e3o da Eletrobras (ELET3) abala Sabesp (SBSP3), Copel (CPLE6) e outras estatais?"}]},{"@type":"WebSite","@id":"https:\/\/www.suno.com.br\/noticias\/#website","url":"https:\/\/www.suno.com.br\/noticias\/","name":"Suno Not\u00edcias","description":"Seu portal de informa\u00e7\u00e3o sobre o mundo dos investimentos","publisher":{"@id":"https:\/\/www.suno.com.br\/noticias\/#organization"},"potentialAction":[{"@type":"SearchAction","target":{"@type":"EntryPoint","urlTemplate":"https:\/\/www.suno.com.br\/noticias\/?s={search_term_string}"},"query-input":{"@type":"PropertyValueSpecification","valueRequired":true,"valueName":"search_term_string"}}],"inLanguage":"pt-BR"},{"@type":"Organization","@id":"https:\/\/www.suno.com.br\/noticias\/#organization","name":"Suno Not\u00edcias","url":"https:\/\/www.suno.com.br\/noticias\/","logo":{"@type":"ImageObject","inLanguage":"pt-BR","@id":"https:\/\/www.suno.com.br\/noticias\/#\/schema\/logo\/image\/","url":"https:\/\/files.sunoresearch.com.br\/n\/uploads\/2021\/09\/suno-logo.png","contentUrl":"https:\/\/files.sunoresearch.com.br\/n\/uploads\/2021\/09\/suno-logo.png","width":180,"height":180,"caption":"Suno Not\u00edcias"},"image":{"@id":"https:\/\/www.suno.com.br\/noticias\/#\/schema\/logo\/image\/"},"sameAs":["https:\/\/facebook.com\/sunoresearch","https:\/\/x.com\/sunoresearch","https:\/\/www.instagram.com\/suno","https:\/\/www.linkedin.com\/company\/suno-research\/","https:\/\/www.youtube.com\/c\/sunoresearch"]},{"@type":"Person","@id":"https:\/\/www.suno.com.br\/noticias\/#\/schema\/person\/c1b1bd3727fa852bd045e9dbff3673ea","name":"Reda\u00e7\u00e3o Suno Not\u00edcias","image":{"@type":"ImageObject","inLanguage":"pt-BR","@id":"https:\/\/www.suno.com.br\/noticias\/#\/schema\/person\/image\/","url":"https:\/\/secure.gravatar.com\/avatar\/b8104b9b5a71985d5238ee59fbe418af?s=96&r=g","contentUrl":"https:\/\/secure.gravatar.com\/avatar\/b8104b9b5a71985d5238ee59fbe418af?s=96&r=g","caption":"Reda\u00e7\u00e3o Suno Not\u00edcias"},"description":"O Suno Not\u00edcias \u00e9 um portal de informa\u00e7\u00f5es sobre Mercado Financeiro, Pol\u00edtica, Neg\u00f3cios, Economia e Finan\u00e7as Pessoais.","sameAs":["https:\/\/www.suno.com.br\/noticias","https:\/\/www.facebook.com\/sunonoticias\/","https:\/\/www.instagram.com\/sunonoticias\/","https:\/\/x.com\/https:\/\/twitter.com\/sunoresearch","https:\/\/www.youtube.com\/sunonoticias"],"url":"https:\/\/www.suno.com.br\/noticias\/author\/redacao-suno\/"}]}},"default_loop_html":"<div class=\"cardsPage__listCard__boxs\"><div class=\"cardsPage__listCard__boxs__img\"><a href=\"https:\/\/www.suno.com.br\/noticias\/eletrobras-elet3-afeta-sabesp-sbsp3-estatais-privatizacao\/\"><img class=\"mask\" src=\"https:\/\/www.suno.com.br\/noticias\/wp-content\/themes\/suno\/resources\/images\/spotlight\/spotlight1img\/bg-mask.png\" alt=\"Image Mask\"\/><img src=\"https:\/\/files.sunoresearch.com.br\/n\/uploads\/2022\/12\/ELETROBRAS-ELET3-400x200.jpg\" alt=\"A\u00e7\u00e3o do governo contra a privatiza\u00e7\u00e3o da Eletrobras (ELET3) abala Sabesp (SBSP3), Copel (CPLE6) e outras estatais?\"\/><\/a><span class=\"spotlightCategory\"><a href=\"https:\/\/www.suno.com.br\/noticias\/negocios\/\">Neg\u00f3cios<\/a><\/span><\/div><div class=\"cardsPage__listCard__boxs__content\"><a href=\"https:\/\/www.suno.com.br\/noticias\/eletrobras-elet3-afeta-sabesp-sbsp3-estatais-privatizacao\/\"><h2 class=\"content__title\">A\u00e7\u00e3o do governo contra a privatiza\u00e7\u00e3o da Eletrobras (ELET3) abala Sabesp (SBSP3), Copel (CPLE6) e outras estatais?<\/h2><\/a><div class=\"newsContent__article__meta\"><div class=\"newsContent__article__meta__authorBox\"><a href=\"https:\/\/www.suno.com.br\/noticias\/author\/redacao-suno\/\" class=\"authorBox__avatar noMobi\"><img src=\"https:\/\/files.sunoresearch.com.br\/n\/uploads\/2020\/08\/0ace682d-redacao-1-150x150.webp\" alt=\"Reda\u00e7\u00e3o Suno Not\u00edcias\"><\/a><div class=\"authorBox__name\"><span>por\n\t\t\t<a href=\"https:\/\/www.suno.com.br\/noticias\/author\/redacao-suno\/\"><span itemprop=\"author\">Reda\u00e7\u00e3o Suno Not\u00edcias<\/span><\/a><\/span><time datetime=\"2023-05-14T11:11:50-03:00\" itemprop=\"datePublished\">14\/05\/2023 11:11<\/time><\/div><\/div><\/div><\/div><\/div>","single_layout":"posts","amp_enabled":true,"_links":{"self":[{"href":"https:\/\/www.suno.com.br\/noticias\/wp-json\/wp\/v2\/posts\/404152"}],"collection":[{"href":"https:\/\/www.suno.com.br\/noticias\/wp-json\/wp\/v2\/posts"}],"about":[{"href":"https:\/\/www.suno.com.br\/noticias\/wp-json\/wp\/v2\/types\/post"}],"author":[{"embeddable":true,"href":"https:\/\/www.suno.com.br\/noticias\/wp-json\/wp\/v2\/users\/43"}],"replies":[{"embeddable":true,"href":"https:\/\/www.suno.com.br\/noticias\/wp-json\/wp\/v2\/comments?post=404152"}],"version-history":[{"count":3,"href":"https:\/\/www.suno.com.br\/noticias\/wp-json\/wp\/v2\/posts\/404152\/revisions"}],"predecessor-version":[{"id":404275,"href":"https:\/\/www.suno.com.br\/noticias\/wp-json\/wp\/v2\/posts\/404152\/revisions\/404275"}],"wp:featuredmedia":[{"embeddable":true,"href":"https:\/\/www.suno.com.br\/noticias\/wp-json\/wp\/v2\/media\/334367"}],"wp:attachment":[{"href":"https:\/\/www.suno.com.br\/noticias\/wp-json\/wp\/v2\/media?parent=404152"}],"wp:term":[{"taxonomy":"category","embeddable":true,"href":"https:\/\/www.suno.com.br\/noticias\/wp-json\/wp\/v2\/categories?post=404152"},{"taxonomy":"post_tag","embeddable":true,"href":"https:\/\/www.suno.com.br\/noticias\/wp-json\/wp\/v2\/tags?post=404152"},{"taxonomy":"suno_strategy","embeddable":true,"href":"https:\/\/www.suno.com.br\/noticias\/wp-json\/wp\/v2\/suno_strategy?post=404152"}],"curies":[{"name":"wp","href":"https:\/\/api.w.org\/{rel}","templated":true}]}}