{"id":40410,"date":"2019-10-09T10:58:02","date_gmt":"2019-10-09T13:58:02","guid":{"rendered":"https:\/\/www.suno.com.br\/noticias\/?p=40410"},"modified":"2019-10-16T17:16:26","modified_gmt":"2019-10-16T20:16:26","slug":"fedex-possivel-alianca-correios-brasil","status":"publish","type":"post","link":"https:\/\/www.suno.com.br\/noticias\/fedex-possivel-alianca-correios-brasil\/","title":{"rendered":"FedEx estuda poss\u00edvel alian\u00e7a com os Correios no Brasil"},"content":{"rendered":"<p>O presidente da FedEx na Am\u00e9rica Latina, Juan Cento, afirmou n\u00e3o descartar uma parceria com os <strong>Correios. <\/strong>A estatal est\u00e1 nos planos de <strong><a href=\"https:\/\/www.suno.com.br\/artigos\/privatizacao\/\">privatiza\u00e7\u00f5es<\/a> <\/strong>do Governo Federal.<\/p>\t<div class=\"wrapper-featured-image\">\n\t\t<figure class=\"spotlightImg\">\n\n\t\t\t<picture>\n\t\t\t\t<source media=\"(max-width: 768px)\" srcset=\"https:\/\/files.sunoresearch.com.br\/n\/uploads\/2019\/10\/904fc92c-fedex-400x200.webp\">\n\t\t\t\t<img loading=\"lazy\" decoding=\"async\" class=\"newsContent__article__imgCapa lazyloadDisabled newsContent__article__imgCapa--noCaption\" src=\"https:\/\/files.sunoresearch.com.br\/n\/uploads\/2019\/10\/904fc92c-fedex-800x450.webp\" width=\"800\" height=\"450\" alt=\"FedEx estuda poss\u00edvel alian\u00e7a com os Correios no Brasil\" fetchpriority=high \/>\n\t\t\t<\/picture>\n\n\t\t\t<figcaption class=\"wp-caption-text wp-caption-text--hide\">FedEx (divulga\u00e7\u00e3o)<\/figcaption>\n\t\t<\/figure>\n\t<\/div>\n\n\n\n<p>&#8220;Nos EUA n\u00f3s [<strong>FedEx<\/strong>] transportamos tudo para o US Post Office. Ent\u00e3o existem oportunidades de ganhos trabalhando com os Correios, seja por meio de uma alian\u00e7a ou outro tipo de relacionamento. Estamos monitorando de perto o que eles est\u00e3o fazendo e as oportunidades que possam surgir&#8221;, disse Cento.<\/p>\n<p>A FedEx quer se consolidar como uma op\u00e7\u00e3o real de empresa de entregas no Brasil, com foco no segmento do e-commerce. &#8220;Os clientes est\u00e3o em busca de algu\u00e9m que ofere\u00e7a esse servi\u00e7o de conex\u00e3o do pa\u00eds com hor\u00e1rio de entrega agendado&#8221;, afirmou o executivo.<\/p>\n<h2>Expans\u00e3o da FedEx<\/h2>\n<p>At\u00e9 maio do ano que vem, a empresa deve renovar 400 ve\u00edculos de sua frota que conta com 2,8 mil unidades.<\/p>\n<p>Os caminh\u00f5es, carretas e vans foram comprados de tr\u00eas grandes montadoras:<\/p>\n<ul>\n<li>Mercedes-Benz;<\/li>\n<li>Fiat;<\/li>\n<li>Facchini.<\/li>\n<\/ul>\n<p>Ademais, para aumentar sua participa\u00e7\u00e3o no e-commerce a companhia tem tratado com varejistas de grande porte e algumas startups, para ajud\u00e1-las a ganhar mercado.<\/p>\n\t<p>\n\t\t<a href=\"https:\/\/lp.suno.com.br\/4-emissao-snel11\/\" target=\"_blank\" data-element=\"shortcode-suno-banner\" title=\"Banner SUNO, clique e saiba mais\">\n\t\t\t<picture>\n\t\t\t\t<source media=\"(max-width: 500px)\" srcset=\"https:\/\/files.sunoresearch.com.br\/n\/uploads\/2025\/07\/400x300-Mobile-Artigos-7.webp\">\n\t\t\t\t<img class=\"newsContent__article__imgCapa newsContent__article__imgCapa--banner\"\n\t\t\t\t\tsrc=\"https:\/\/files.sunoresearch.com.br\/n\/uploads\/2025\/07\/1420x240-Banner-Artigos-1-_-Banner-Materias-5.webp\"\n\t\t\t\t\tdata-promo-id=\"613822\"\t\t\t\t\t\t\t\t\t\twidth='1420' height='240'\t\t\t\t\talt=\"https:\/\/files.sunoresearch.com.br\/n\/uploads\/2025\/07\/1420x240-Banner-Artigos-1-_-Banner-Materias-5.webp\"\n\t\t\t\t>\n\t\t\t<\/picture>\n\t\t<\/a>\n\t<\/p>\n\n\n<p>Em 2018, a FedEx comprou a concorrente direta <strong>TNT<\/strong> <strong>Express<\/strong> e deu mais um grande salto com a aquisi\u00e7\u00e3o. A total integra\u00e7\u00e3o da TNT a sua marca deve acontecer at\u00e9 o meio de 2020. &#8220;Concluir essa mudan\u00e7a vai nos ajudar a fortalecer nossa marca&#8221;, afirma Luiz Roberto Vasconcelos, vice-presidente de opera\u00e7\u00f5es da FedEx Express.<\/p>\n<p><a href=\"https:\/\/www.suno.com.br\/noticias\/correios-aumento-corte-gastos-r-23-bilhoes\/\">Veja tamb\u00e9m: Correios avaliam aumentar corte de gastos para R$ 2,3 bilh\u00f5es<\/a><\/p>\n<p>A <strong>FedEx<\/strong> tamb\u00e9m est\u00e1 concluindo a expans\u00e3o de seu armaz\u00e9m localizado no aeroporto de Viracopos, em Campinas, no interior de S\u00e3o Paulo. Esse investimento deve dobrar a capacidade de seu armaz\u00e9m, que passar\u00e1 de 4,5 mil m\u00b2 para 10 mil m\u00b2. Al\u00e9m disso, novos equipamentos foram inclu\u00eddos no local, com sistemas modernos de pesagem.<\/p>\n","protected":false},"excerpt":{"rendered":"<p>O presidente da FedEx na Am\u00e9rica Latina, Juan Cento, afirmou n\u00e3o descartar uma parceria com os Correios. A estatal est\u00e1 nos planos de privatiza\u00e7\u00f5es do Governo Federal. FedEx (divulga\u00e7\u00e3o) &#8220;Nos EUA n\u00f3s [FedEx] transportamos tudo para o US Post Office. Ent\u00e3o existem oportunidades de ganhos trabalhando com os Correios, seja por meio de uma alian\u00e7a [&hellip;]<\/p>\n","protected":false},"author":19,"featured_media":40430,"comment_status":"closed","ping_status":"closed","sticky":false,"template":"","format":"standard","meta":[],"categories":[64],"tags":[700,1417],"suno_strategy":[],"class_list":["post-40410","post","type-post","status-publish","format-standard","has-post-thumbnail","hentry","category-negocios","tag-correios","tag-fedex-fdxb34"],"yoast_head":"<!-- This site is optimized with the Yoast SEO plugin v24.4 - https:\/\/yoast.com\/wordpress\/plugins\/seo\/ -->\n<title>FedEx estuda poss\u00edvel alian\u00e7a com os Correios no Brasil<\/title>\n<meta name=\"description\" content=\"O presidente do FedEx na Am\u00e9rica Latina, Juan Cento, afirmou que h\u00e1 a possibilidade de sua empresa fazer uma oferta pelos Correios. Saiba mais\" \/>\n<meta name=\"robots\" content=\"index, follow, max-snippet:-1, max-image-preview:large, max-video-preview:-1\" \/>\n<link rel=\"canonical\" href=\"https:\/\/www.suno.com.br\/noticias\/fedex-possivel-alianca-correios-brasil\/\" \/>\n<meta property=\"og:locale\" content=\"pt_BR\" \/>\n<meta property=\"og:type\" content=\"article\" \/>\n<meta property=\"og:title\" content=\"FedEx estuda poss\u00edvel alian\u00e7a com os Correios no Brasil\" \/>\n<meta property=\"og:description\" content=\"O presidente do FedEx na Am\u00e9rica Latina, Juan Cento, afirmou que h\u00e1 a possibilidade de sua empresa fazer uma oferta pelos Correios. Saiba mais\" \/>\n<meta property=\"og:url\" content=\"https:\/\/www.suno.com.br\/noticias\/fedex-possivel-alianca-correios-brasil\/\" \/>\n<meta property=\"og:site_name\" content=\"Suno Not\u00edcias\" \/>\n<meta property=\"article:publisher\" content=\"https:\/\/facebook.com\/sunoresearch\" \/>\n<meta property=\"og:image\" content=\"https:\/\/files.sunoresearch.com.br\/n\/uploads\/2019\/10\/904fc92c-fedex.jpg\" \/>\n\t<meta property=\"og:image:width\" content=\"2000\" \/>\n\t<meta property=\"og:image:height\" content=\"1333\" \/>\n\t<meta property=\"og:image:type\" content=\"image\/jpeg\" \/>\n<meta name=\"author\" content=\"Juliano Passaro\" \/>\n<meta name=\"twitter:card\" content=\"summary_large_image\" \/>\n<meta name=\"twitter:creator\" content=\"@sunoresearch\" \/>\n<meta name=\"twitter:site\" content=\"@sunoresearch\" \/>\n<meta name=\"twitter:label1\" content=\"Escrito por\" \/>\n\t<meta name=\"twitter:data1\" content=\"Juliano Passaro\" \/>\n\t<meta name=\"twitter:label2\" content=\"Est. tempo de leitura\" \/>\n\t<meta name=\"twitter:data2\" content=\"2 minutos\" \/>\n<script type=\"application\/ld+json\" class=\"yoast-schema-graph\">{\"@context\":\"https:\/\/schema.org\",\"@graph\":[{\"@type\":\"NewsArticle\",\"@id\":\"https:\/\/www.suno.com.br\/noticias\/fedex-possivel-alianca-correios-brasil\/#article\",\"isPartOf\":{\"@id\":\"https:\/\/www.suno.com.br\/noticias\/fedex-possivel-alianca-correios-brasil\/\"},\"author\":{\"name\":\"Juliano Passaro\",\"@id\":\"https:\/\/www.suno.com.br\/noticias\/#\/schema\/person\/1db762f78ffd8919a648a63e425953e3\"},\"headline\":\"FedEx estuda poss\u00edvel alian\u00e7a com os Correios no Brasil\",\"datePublished\":\"2019-10-09T13:58:02+00:00\",\"dateModified\":\"2019-10-16T20:16:26+00:00\",\"mainEntityOfPage\":{\"@id\":\"https:\/\/www.suno.com.br\/noticias\/fedex-possivel-alianca-correios-brasil\/\"},\"wordCount\":344,\"publisher\":{\"@id\":\"https:\/\/www.suno.com.br\/noticias\/#organization\"},\"image\":{\"@id\":\"https:\/\/www.suno.com.br\/noticias\/fedex-possivel-alianca-correios-brasil\/#primaryimage\"},\"thumbnailUrl\":\"https:\/\/files.sunoresearch.com.br\/n\/uploads\/2019\/10\/904fc92c-fedex-jpg.webp\",\"keywords\":[\"Correios\",\"Fedex (FDXB34)\"],\"articleSection\":[\"Neg\u00f3cios\"],\"inLanguage\":\"pt-BR\"},{\"@type\":\"WebPage\",\"@id\":\"https:\/\/www.suno.com.br\/noticias\/fedex-possivel-alianca-correios-brasil\/\",\"url\":\"https:\/\/www.suno.com.br\/noticias\/fedex-possivel-alianca-correios-brasil\/\",\"name\":\"FedEx estuda poss\u00edvel alian\u00e7a com os Correios no Brasil\",\"isPartOf\":{\"@id\":\"https:\/\/www.suno.com.br\/noticias\/#website\"},\"primaryImageOfPage\":{\"@id\":\"https:\/\/www.suno.com.br\/noticias\/fedex-possivel-alianca-correios-brasil\/#primaryimage\"},\"image\":{\"@id\":\"https:\/\/www.suno.com.br\/noticias\/fedex-possivel-alianca-correios-brasil\/#primaryimage\"},\"thumbnailUrl\":\"https:\/\/files.sunoresearch.com.br\/n\/uploads\/2019\/10\/904fc92c-fedex-jpg.webp\",\"datePublished\":\"2019-10-09T13:58:02+00:00\",\"dateModified\":\"2019-10-16T20:16:26+00:00\",\"description\":\"O presidente do FedEx na Am\u00e9rica Latina, Juan Cento, afirmou que h\u00e1 a possibilidade de sua empresa fazer uma oferta pelos Correios. Saiba mais\",\"breadcrumb\":{\"@id\":\"https:\/\/www.suno.com.br\/noticias\/fedex-possivel-alianca-correios-brasil\/#breadcrumb\"},\"inLanguage\":\"pt-BR\",\"potentialAction\":[{\"@type\":\"ReadAction\",\"target\":[\"https:\/\/www.suno.com.br\/noticias\/fedex-possivel-alianca-correios-brasil\/\"]}]},{\"@type\":\"ImageObject\",\"inLanguage\":\"pt-BR\",\"@id\":\"https:\/\/www.suno.com.br\/noticias\/fedex-possivel-alianca-correios-brasil\/#primaryimage\",\"url\":\"https:\/\/files.sunoresearch.com.br\/n\/uploads\/2019\/10\/904fc92c-fedex-jpg.webp\",\"contentUrl\":\"https:\/\/files.sunoresearch.com.br\/n\/uploads\/2019\/10\/904fc92c-fedex-jpg.webp\",\"width\":2000,\"height\":1333,\"caption\":\"FedEx (divulga\u00e7\u00e3o)\"},{\"@type\":\"BreadcrumbList\",\"@id\":\"https:\/\/www.suno.com.br\/noticias\/fedex-possivel-alianca-correios-brasil\/#breadcrumb\",\"itemListElement\":[{\"@type\":\"ListItem\",\"position\":1,\"name\":\"Not\u00edcias\",\"item\":\"https:\/\/www.suno.com.br\/noticias\/\"},{\"@type\":\"ListItem\",\"position\":2,\"name\":\"Neg\u00f3cios\",\"item\":\"https:\/\/www.suno.com.br\/noticias\/negocios\/\"},{\"@type\":\"ListItem\",\"position\":3,\"name\":\"FedEx estuda poss\u00edvel alian\u00e7a com os Correios no Brasil\"}]},{\"@type\":\"WebSite\",\"@id\":\"https:\/\/www.suno.com.br\/noticias\/#website\",\"url\":\"https:\/\/www.suno.com.br\/noticias\/\",\"name\":\"Suno Not\u00edcias\",\"description\":\"Seu portal de informa\u00e7\u00e3o sobre o mundo dos investimentos\",\"publisher\":{\"@id\":\"https:\/\/www.suno.com.br\/noticias\/#organization\"},\"potentialAction\":[{\"@type\":\"SearchAction\",\"target\":{\"@type\":\"EntryPoint\",\"urlTemplate\":\"https:\/\/www.suno.com.br\/noticias\/?s={search_term_string}\"},\"query-input\":{\"@type\":\"PropertyValueSpecification\",\"valueRequired\":true,\"valueName\":\"search_term_string\"}}],\"inLanguage\":\"pt-BR\"},{\"@type\":\"Organization\",\"@id\":\"https:\/\/www.suno.com.br\/noticias\/#organization\",\"name\":\"Suno Not\u00edcias\",\"url\":\"https:\/\/www.suno.com.br\/noticias\/\",\"logo\":{\"@type\":\"ImageObject\",\"inLanguage\":\"pt-BR\",\"@id\":\"https:\/\/www.suno.com.br\/noticias\/#\/schema\/logo\/image\/\",\"url\":\"https:\/\/files.sunoresearch.com.br\/n\/uploads\/2021\/09\/suno-logo.png\",\"contentUrl\":\"https:\/\/files.sunoresearch.com.br\/n\/uploads\/2021\/09\/suno-logo.png\",\"width\":180,\"height\":180,\"caption\":\"Suno Not\u00edcias\"},\"image\":{\"@id\":\"https:\/\/www.suno.com.br\/noticias\/#\/schema\/logo\/image\/\"},\"sameAs\":[\"https:\/\/facebook.com\/sunoresearch\",\"https:\/\/x.com\/sunoresearch\",\"https:\/\/www.instagram.com\/suno\",\"https:\/\/www.linkedin.com\/company\/suno-research\/\",\"https:\/\/www.youtube.com\/c\/sunoresearch\"]},{\"@type\":\"Person\",\"@id\":\"https:\/\/www.suno.com.br\/noticias\/#\/schema\/person\/1db762f78ffd8919a648a63e425953e3\",\"name\":\"Juliano Passaro\",\"image\":{\"@type\":\"ImageObject\",\"inLanguage\":\"pt-BR\",\"@id\":\"https:\/\/www.suno.com.br\/noticias\/#\/schema\/person\/image\/\",\"url\":\"https:\/\/secure.gravatar.com\/avatar\/743d4df28eebf6dcc46b4ad03c319e92?s=96&r=g\",\"contentUrl\":\"https:\/\/secure.gravatar.com\/avatar\/743d4df28eebf6dcc46b4ad03c319e92?s=96&r=g\",\"caption\":\"Juliano Passaro\"},\"description\":\"Juliano Passaro escreve sobre pol\u00edtica, economia e neg\u00f3cios para o portal da Suno Research. Antes da Suno, trabalhou no Portal da Band. \u00c9 formado em jornalismo pela Universidade Presbiteriana Mackenzie.\",\"url\":\"https:\/\/www.suno.com.br\/noticias\/author\/juliano\/\"}]}<\/script>\n<!-- \/ Yoast SEO plugin. -->","yoast_head_json":{"title":"FedEx estuda poss\u00edvel alian\u00e7a com os Correios no Brasil","description":"O presidente do FedEx na Am\u00e9rica Latina, Juan Cento, afirmou que h\u00e1 a possibilidade de sua empresa fazer uma oferta pelos Correios. Saiba mais","robots":{"index":"index","follow":"follow","max-snippet":"max-snippet:-1","max-image-preview":"max-image-preview:large","max-video-preview":"max-video-preview:-1"},"canonical":"https:\/\/www.suno.com.br\/noticias\/fedex-possivel-alianca-correios-brasil\/","og_locale":"pt_BR","og_type":"article","og_title":"FedEx estuda poss\u00edvel alian\u00e7a com os Correios no Brasil","og_description":"O presidente do FedEx na Am\u00e9rica Latina, Juan Cento, afirmou que h\u00e1 a possibilidade de sua empresa fazer uma oferta pelos Correios. Saiba mais","og_url":"https:\/\/www.suno.com.br\/noticias\/fedex-possivel-alianca-correios-brasil\/","og_site_name":"Suno Not\u00edcias","article_publisher":"https:\/\/facebook.com\/sunoresearch","og_image":[{"width":2000,"height":1333,"url":"https:\/\/files.sunoresearch.com.br\/n\/uploads\/2019\/10\/904fc92c-fedex.jpg","type":"image\/jpeg"}],"author":"Juliano Passaro","twitter_card":"summary_large_image","twitter_creator":"@sunoresearch","twitter_site":"@sunoresearch","twitter_misc":{"Escrito por":"Juliano Passaro","Est. tempo de leitura":"2 minutos"},"schema":{"@context":"https:\/\/schema.org","@graph":[{"@type":"NewsArticle","@id":"https:\/\/www.suno.com.br\/noticias\/fedex-possivel-alianca-correios-brasil\/#article","isPartOf":{"@id":"https:\/\/www.suno.com.br\/noticias\/fedex-possivel-alianca-correios-brasil\/"},"author":{"name":"Juliano Passaro","@id":"https:\/\/www.suno.com.br\/noticias\/#\/schema\/person\/1db762f78ffd8919a648a63e425953e3"},"headline":"FedEx estuda poss\u00edvel alian\u00e7a com os Correios no Brasil","datePublished":"2019-10-09T13:58:02+00:00","dateModified":"2019-10-16T20:16:26+00:00","mainEntityOfPage":{"@id":"https:\/\/www.suno.com.br\/noticias\/fedex-possivel-alianca-correios-brasil\/"},"wordCount":344,"publisher":{"@id":"https:\/\/www.suno.com.br\/noticias\/#organization"},"image":{"@id":"https:\/\/www.suno.com.br\/noticias\/fedex-possivel-alianca-correios-brasil\/#primaryimage"},"thumbnailUrl":"https:\/\/files.sunoresearch.com.br\/n\/uploads\/2019\/10\/904fc92c-fedex-jpg.webp","keywords":["Correios","Fedex (FDXB34)"],"articleSection":["Neg\u00f3cios"],"inLanguage":"pt-BR"},{"@type":"WebPage","@id":"https:\/\/www.suno.com.br\/noticias\/fedex-possivel-alianca-correios-brasil\/","url":"https:\/\/www.suno.com.br\/noticias\/fedex-possivel-alianca-correios-brasil\/","name":"FedEx estuda poss\u00edvel alian\u00e7a com os Correios no Brasil","isPartOf":{"@id":"https:\/\/www.suno.com.br\/noticias\/#website"},"primaryImageOfPage":{"@id":"https:\/\/www.suno.com.br\/noticias\/fedex-possivel-alianca-correios-brasil\/#primaryimage"},"image":{"@id":"https:\/\/www.suno.com.br\/noticias\/fedex-possivel-alianca-correios-brasil\/#primaryimage"},"thumbnailUrl":"https:\/\/files.sunoresearch.com.br\/n\/uploads\/2019\/10\/904fc92c-fedex-jpg.webp","datePublished":"2019-10-09T13:58:02+00:00","dateModified":"2019-10-16T20:16:26+00:00","description":"O presidente do FedEx na Am\u00e9rica Latina, Juan Cento, afirmou que h\u00e1 a possibilidade de sua empresa fazer uma oferta pelos Correios. Saiba mais","breadcrumb":{"@id":"https:\/\/www.suno.com.br\/noticias\/fedex-possivel-alianca-correios-brasil\/#breadcrumb"},"inLanguage":"pt-BR","potentialAction":[{"@type":"ReadAction","target":["https:\/\/www.suno.com.br\/noticias\/fedex-possivel-alianca-correios-brasil\/"]}]},{"@type":"ImageObject","inLanguage":"pt-BR","@id":"https:\/\/www.suno.com.br\/noticias\/fedex-possivel-alianca-correios-brasil\/#primaryimage","url":"https:\/\/files.sunoresearch.com.br\/n\/uploads\/2019\/10\/904fc92c-fedex-jpg.webp","contentUrl":"https:\/\/files.sunoresearch.com.br\/n\/uploads\/2019\/10\/904fc92c-fedex-jpg.webp","width":2000,"height":1333,"caption":"FedEx (divulga\u00e7\u00e3o)"},{"@type":"BreadcrumbList","@id":"https:\/\/www.suno.com.br\/noticias\/fedex-possivel-alianca-correios-brasil\/#breadcrumb","itemListElement":[{"@type":"ListItem","position":1,"name":"Not\u00edcias","item":"https:\/\/www.suno.com.br\/noticias\/"},{"@type":"ListItem","position":2,"name":"Neg\u00f3cios","item":"https:\/\/www.suno.com.br\/noticias\/negocios\/"},{"@type":"ListItem","position":3,"name":"FedEx estuda poss\u00edvel alian\u00e7a com os Correios no Brasil"}]},{"@type":"WebSite","@id":"https:\/\/www.suno.com.br\/noticias\/#website","url":"https:\/\/www.suno.com.br\/noticias\/","name":"Suno Not\u00edcias","description":"Seu portal de informa\u00e7\u00e3o sobre o mundo dos investimentos","publisher":{"@id":"https:\/\/www.suno.com.br\/noticias\/#organization"},"potentialAction":[{"@type":"SearchAction","target":{"@type":"EntryPoint","urlTemplate":"https:\/\/www.suno.com.br\/noticias\/?s={search_term_string}"},"query-input":{"@type":"PropertyValueSpecification","valueRequired":true,"valueName":"search_term_string"}}],"inLanguage":"pt-BR"},{"@type":"Organization","@id":"https:\/\/www.suno.com.br\/noticias\/#organization","name":"Suno Not\u00edcias","url":"https:\/\/www.suno.com.br\/noticias\/","logo":{"@type":"ImageObject","inLanguage":"pt-BR","@id":"https:\/\/www.suno.com.br\/noticias\/#\/schema\/logo\/image\/","url":"https:\/\/files.sunoresearch.com.br\/n\/uploads\/2021\/09\/suno-logo.png","contentUrl":"https:\/\/files.sunoresearch.com.br\/n\/uploads\/2021\/09\/suno-logo.png","width":180,"height":180,"caption":"Suno Not\u00edcias"},"image":{"@id":"https:\/\/www.suno.com.br\/noticias\/#\/schema\/logo\/image\/"},"sameAs":["https:\/\/facebook.com\/sunoresearch","https:\/\/x.com\/sunoresearch","https:\/\/www.instagram.com\/suno","https:\/\/www.linkedin.com\/company\/suno-research\/","https:\/\/www.youtube.com\/c\/sunoresearch"]},{"@type":"Person","@id":"https:\/\/www.suno.com.br\/noticias\/#\/schema\/person\/1db762f78ffd8919a648a63e425953e3","name":"Juliano Passaro","image":{"@type":"ImageObject","inLanguage":"pt-BR","@id":"https:\/\/www.suno.com.br\/noticias\/#\/schema\/person\/image\/","url":"https:\/\/secure.gravatar.com\/avatar\/743d4df28eebf6dcc46b4ad03c319e92?s=96&r=g","contentUrl":"https:\/\/secure.gravatar.com\/avatar\/743d4df28eebf6dcc46b4ad03c319e92?s=96&r=g","caption":"Juliano Passaro"},"description":"Juliano Passaro escreve sobre pol\u00edtica, economia e neg\u00f3cios para o portal da Suno Research. Antes da Suno, trabalhou no Portal da Band. \u00c9 formado em jornalismo pela Universidade Presbiteriana Mackenzie.","url":"https:\/\/www.suno.com.br\/noticias\/author\/juliano\/"}]}},"default_loop_html":"<div class=\"cardsPage__listCard__boxs\"><div class=\"cardsPage__listCard__boxs__img\"><a href=\"https:\/\/www.suno.com.br\/noticias\/fedex-possivel-alianca-correios-brasil\/\"><img class=\"mask\" src=\"https:\/\/www.suno.com.br\/noticias\/wp-content\/themes\/suno\/resources\/images\/spotlight\/spotlight1img\/bg-mask.png\" alt=\"Image Mask\"\/><img src=\"https:\/\/files.sunoresearch.com.br\/n\/uploads\/2019\/10\/904fc92c-fedex-400x200.webp\" alt=\"FedEx estuda poss\u00edvel alian\u00e7a com os Correios no Brasil\"\/><\/a><span class=\"spotlightCategory\"><a href=\"https:\/\/www.suno.com.br\/noticias\/negocios\/\">Neg\u00f3cios<\/a><\/span><\/div><div class=\"cardsPage__listCard__boxs__content\"><a href=\"https:\/\/www.suno.com.br\/noticias\/fedex-possivel-alianca-correios-brasil\/\"><h2 class=\"content__title\">FedEx estuda poss\u00edvel alian\u00e7a com os Correios no Brasil<\/h2><\/a><div class=\"newsContent__article__meta\"><div class=\"newsContent__article__meta__authorBox\"><a href=\"https:\/\/www.suno.com.br\/noticias\/author\/juliano\/\" class=\"authorBox__avatar noMobi\"><img src=\"https:\/\/files.sunoresearch.com.br\/n\/uploads\/2019\/06\/7cc3efea-whatsapp-image-2019-07-18-at-21.59.33-e1563499821209-150x150.webp\" alt=\"Juliano Passaro\"><\/a><div class=\"authorBox__name\"><span>por\n\t\t\t<a href=\"https:\/\/www.suno.com.br\/noticias\/author\/juliano\/\"><span itemprop=\"author\">Juliano Passaro<\/span><\/a><\/span><time datetime=\"2019-10-09T10:58:02-03:00\" itemprop=\"datePublished\">09\/10\/2019 10:58<\/time><\/div><\/div><\/div><\/div><\/div>","single_layout":"posts","amp_enabled":true,"_links":{"self":[{"href":"https:\/\/www.suno.com.br\/noticias\/wp-json\/wp\/v2\/posts\/40410"}],"collection":[{"href":"https:\/\/www.suno.com.br\/noticias\/wp-json\/wp\/v2\/posts"}],"about":[{"href":"https:\/\/www.suno.com.br\/noticias\/wp-json\/wp\/v2\/types\/post"}],"author":[{"embeddable":true,"href":"https:\/\/www.suno.com.br\/noticias\/wp-json\/wp\/v2\/users\/19"}],"replies":[{"embeddable":true,"href":"https:\/\/www.suno.com.br\/noticias\/wp-json\/wp\/v2\/comments?post=40410"}],"version-history":[{"count":0,"href":"https:\/\/www.suno.com.br\/noticias\/wp-json\/wp\/v2\/posts\/40410\/revisions"}],"wp:featuredmedia":[{"embeddable":true,"href":"https:\/\/www.suno.com.br\/noticias\/wp-json\/wp\/v2\/media\/40430"}],"wp:attachment":[{"href":"https:\/\/www.suno.com.br\/noticias\/wp-json\/wp\/v2\/media?parent=40410"}],"wp:term":[{"taxonomy":"category","embeddable":true,"href":"https:\/\/www.suno.com.br\/noticias\/wp-json\/wp\/v2\/categories?post=40410"},{"taxonomy":"post_tag","embeddable":true,"href":"https:\/\/www.suno.com.br\/noticias\/wp-json\/wp\/v2\/tags?post=40410"},{"taxonomy":"suno_strategy","embeddable":true,"href":"https:\/\/www.suno.com.br\/noticias\/wp-json\/wp\/v2\/suno_strategy?post=40410"}],"curies":[{"name":"wp","href":"https:\/\/api.w.org\/{rel}","templated":true}]}}