{"id":40377,"date":"2019-10-09T08:07:33","date_gmt":"2019-10-09T11:07:33","guid":{"rendered":"https:\/\/www.suno.com.br\/noticias\/?p=40377"},"modified":"2019-10-09T20:13:01","modified_gmt":"2019-10-09T23:13:01","slug":"cemig-tem-multa-de-12-milhoes-mantida-pela-justica","status":"publish","type":"post","link":"https:\/\/www.suno.com.br\/noticias\/cemig-tem-multa-de-12-milhoes-mantida-pela-justica\/","title":{"rendered":"Cemig tem multa de R$ 12 milh\u00f5es mantida pela Justi\u00e7a"},"content":{"rendered":"<p>A Justi\u00e7a de Minas Gerais decidiu manter a multa de R$ 12 milh\u00f5es \u00e0 Cemig (<strong>CMIG4<\/strong>), ocasionada por &#8220;irregularidades encontradas&#8221;. A vistoria da \u00e1rea econ\u00f4mico-financeira e patrimonial da concession\u00e1ria, no in\u00edcio de 2013, levantou suspeitas que foram averiguadas pelas autoridades.<\/p>\t<div class=\"wrapper-featured-image\">\n\t\t<figure class=\"spotlightImg\">\n\n\t\t\t<picture>\n\t\t\t\t<source media=\"(max-width: 768px)\" srcset=\"https:\/\/files.sunoresearch.com.br\/n\/uploads\/2019\/08\/ed470c2f-cemig-400x200.webp\">\n\t\t\t\t<img loading=\"lazy\" decoding=\"async\" class=\"newsContent__article__imgCapa lazyloadDisabled newsContent__article__imgCapa--noCaption\" src=\"https:\/\/files.sunoresearch.com.br\/n\/uploads\/2019\/08\/ed470c2f-cemig-800x450.webp\" width=\"800\" height=\"450\" alt=\"Cemig tem multa de R$ 12 milh\u00f5es mantida pela Justi\u00e7a\" fetchpriority=high \/>\n\t\t\t<\/picture>\n\n\t\t\t<figcaption class=\"wp-caption-text wp-caption-text--hide\">Cemig tem ratings elevados<\/figcaption>\n\t\t<\/figure>\n\t<\/div>\n\n\n\n<p>O processo levou em considera\u00e7\u00e3o os argumentos da Ag\u00eancia Nacional de Energia El\u00e9trica (Aneel) e da Advocacia-Geral da Uni\u00e3o (AGU), julgando inconcludente o pedido da <strong>Cemig<\/strong>.<\/p>\n<h2>Justi\u00e7a reitera a manuten\u00e7\u00e3o da multa \u00e0 Cemig<\/h2>\n<p>A Justi\u00e7a admitiu que &#8220;a infra\u00e7\u00e3o foi corretamente descrita e tipificada no respectivo auto, que, por sua vez, tamb\u00e9m n\u00e3o padece de qualquer nulidade&#8221;. Al\u00e9m disso, afirmou que a Cemig &#8220;n\u00e3o lan\u00e7ou raz\u00f5es ou motivos que afastem as bem lan\u00e7adas raz\u00f5es da Aneel&#8221;.<\/p>\n\t<p>\n\t\t<a href=\"https:\/\/lp.suno.com.br\/asset\/fundos\/suno-fic-fia\/\" target=\"_blank\" data-element=\"shortcode-suno-banner\" title=\"Banner SUNO, clique e saiba mais\">\n\t\t\t<picture>\n\t\t\t\t<source media=\"(max-width: 500px)\" srcset=\"https:\/\/files.sunoresearch.com.br\/n\/uploads\/2023\/10\/SUNO-FIC-FIA-400x300-Mobile-Artigos-5.png\">\n\t\t\t\t<img class=\"newsContent__article__imgCapa newsContent__article__imgCapa--banner\"\n\t\t\t\t\tsrc=\"https:\/\/files.sunoresearch.com.br\/n\/uploads\/2023\/10\/SUNO-FIC-FIA-1420x240-Banner-Artigos-1-_-Banner-Materias-4.png\"\n\t\t\t\t\tdata-promo-id=\"478742\"\t\t\t\t\t\t\t\t\t\twidth='2840' height='480'\t\t\t\t\talt=\"https:\/\/files.sunoresearch.com.br\/n\/uploads\/2023\/10\/SUNO-FIC-FIA-1420x240-Banner-Artigos-1-_-Banner-Materias-4.png\"\n\t\t\t\t>\n\t\t\t<\/picture>\n\t\t<\/a>\n\t<\/p>\n\n\n<p>A companhia de Minas Gerais havia tentado anular o auto de infra\u00e7\u00e3o e impedir a entrada do seu nome no Cadastro de Inadimplentes (Cadin) da Receita Federal. A empresa argumentou que o processo administrativo teria ficado paralisado por mais de tr\u00eas anos, dessa forma, teria prescrito.<\/p>\n<p>Al\u00e9m disso, a Cemig alegou que a Aneel deveria ser punida &#8220;devida a desrespeito de prazos previstos na Resolu\u00e7\u00e3o n\u00ba 63\/2004&#8221;. A estatal procurava a redu\u00e7\u00e3o da multa, argumentando que era uma &#8220;ofensa aos princ\u00edpios da razoabilidade e da proporcionalidade&#8221;.<\/p>\n<p><a href=\"https:\/\/www.suno.com.br\/noticias\/demanda-petroleo-diminuira-2020-agencia-internacional-energia\/\">Confira: Demanda por petr\u00f3leo diminuir\u00e1 em 2020, diz Ag\u00eancia Internacional de Energia<\/a><\/p>\n<p>No entanto, a AGU contestou as solicita\u00e7\u00f5es da Cemig. Por meio da Procuradoria Federal no Estado de Minas e da Procuradoria Federal em conjunto \u00e0 Aneel, reiterou que n\u00e3o havia como se falar em prescri\u00e7\u00e3o de prazo intercorrente, j\u00e1 que o processo n\u00e3o ficou paralisado por mais de tr\u00eas anos. Em 2014 foram adicionadas novas provas cont\u00e1beis ao processo.<\/p>\n<p>Em refer\u00eancia ao valor da infra\u00e7\u00e3o, reclamada pela companhia mineira, a AGU ressaltou que &#8220;a ag\u00eancia reguladora levou em considera\u00e7\u00e3o o potencial lesivo da infra\u00e7\u00e3o e a retifica\u00e7\u00e3o das n\u00e3o conformidades adotadas pela <strong>Cemig<\/strong>&#8220;.<\/p>\n","protected":false},"excerpt":{"rendered":"<p>A Justi\u00e7a de Minas Gerais decidiu manter a multa de R$ 12 milh\u00f5es \u00e0 Cemig (CMIG4), ocasionada por &#8220;irregularidades encontradas&#8221;. A vistoria da \u00e1rea econ\u00f4mico-financeira e patrimonial da concession\u00e1ria, no in\u00edcio de 2013, levantou suspeitas que foram averiguadas pelas autoridades. Cemig tem ratings elevados O processo levou em considera\u00e7\u00e3o os argumentos da Ag\u00eancia Nacional de [&hellip;]<\/p>\n","protected":false},"author":24,"featured_media":35945,"comment_status":"closed","ping_status":"closed","sticky":false,"template":"","format":"standard","meta":[],"categories":[61],"tags":[420,921],"suno_strategy":[],"class_list":["post-40377","post","type-post","status-publish","format-standard","has-post-thumbnail","hentry","category-politica","tag-cemig-cmig3-cmig4","tag-minas-gerais"],"yoast_head":"<!-- This site is optimized with the Yoast SEO plugin v24.4 - https:\/\/yoast.com\/wordpress\/plugins\/seo\/ -->\n<title>Cemig tem multa de R$ 12 milh\u00f5es mantida pela Justi\u00e7a<\/title>\n<meta name=\"description\" content=\"A Justi\u00e7a de Minas Gerais decidir manter a multa de R$ 12 milh\u00f5es \u00e0 Cemig, ocasionada por &quot;irregularidades encontradas&quot;. Clique e saiba mais.\" \/>\n<meta name=\"robots\" content=\"index, follow, max-snippet:-1, max-image-preview:large, max-video-preview:-1\" \/>\n<link rel=\"canonical\" href=\"https:\/\/www.suno.com.br\/noticias\/cemig-tem-multa-de-12-milhoes-mantida-pela-justica\/\" \/>\n<meta property=\"og:locale\" content=\"pt_BR\" \/>\n<meta property=\"og:type\" content=\"article\" \/>\n<meta property=\"og:title\" content=\"Cemig tem multa de R$ 12 milh\u00f5es mantida pela Justi\u00e7a\" \/>\n<meta property=\"og:description\" content=\"A Justi\u00e7a de Minas Gerais decidir manter a multa de R$ 12 milh\u00f5es \u00e0 Cemig, ocasionada por &quot;irregularidades encontradas&quot;. Clique e saiba mais.\" \/>\n<meta property=\"og:url\" content=\"https:\/\/www.suno.com.br\/noticias\/cemig-tem-multa-de-12-milhoes-mantida-pela-justica\/\" \/>\n<meta property=\"og:site_name\" content=\"Suno Not\u00edcias\" \/>\n<meta property=\"article:publisher\" content=\"https:\/\/facebook.com\/sunoresearch\" \/>\n<meta property=\"og:image\" content=\"https:\/\/files.sunoresearch.com.br\/n\/uploads\/2019\/08\/ed470c2f-cemig-1024x683.jpg\" \/>\n\t<meta property=\"og:image:width\" content=\"1024\" \/>\n\t<meta property=\"og:image:height\" content=\"683\" \/>\n\t<meta property=\"og:image:type\" content=\"image\/jpeg\" \/>\n<meta name=\"author\" content=\"Jader Lazarini\" \/>\n<meta name=\"twitter:card\" content=\"summary_large_image\" \/>\n<meta name=\"twitter:creator\" content=\"@sunoresearch\" \/>\n<meta name=\"twitter:site\" content=\"@sunoresearch\" \/>\n<meta name=\"twitter:label1\" content=\"Escrito por\" \/>\n\t<meta name=\"twitter:data1\" content=\"Jader Lazarini\" \/>\n\t<meta name=\"twitter:label2\" content=\"Est. tempo de leitura\" \/>\n\t<meta name=\"twitter:data2\" content=\"2 minutos\" \/>\n<script type=\"application\/ld+json\" class=\"yoast-schema-graph\">{\"@context\":\"https:\/\/schema.org\",\"@graph\":[{\"@type\":\"NewsArticle\",\"@id\":\"https:\/\/www.suno.com.br\/noticias\/cemig-tem-multa-de-12-milhoes-mantida-pela-justica\/#article\",\"isPartOf\":{\"@id\":\"https:\/\/www.suno.com.br\/noticias\/cemig-tem-multa-de-12-milhoes-mantida-pela-justica\/\"},\"author\":{\"name\":\"Jader Lazarini\",\"@id\":\"https:\/\/www.suno.com.br\/noticias\/#\/schema\/person\/918d79de1f0281f01599b93f9ea6e23f\"},\"headline\":\"Cemig tem multa de R$ 12 milh\u00f5es mantida pela Justi\u00e7a\",\"datePublished\":\"2019-10-09T11:07:33+00:00\",\"dateModified\":\"2019-10-09T23:13:01+00:00\",\"mainEntityOfPage\":{\"@id\":\"https:\/\/www.suno.com.br\/noticias\/cemig-tem-multa-de-12-milhoes-mantida-pela-justica\/\"},\"wordCount\":358,\"publisher\":{\"@id\":\"https:\/\/www.suno.com.br\/noticias\/#organization\"},\"image\":{\"@id\":\"https:\/\/www.suno.com.br\/noticias\/cemig-tem-multa-de-12-milhoes-mantida-pela-justica\/#primaryimage\"},\"thumbnailUrl\":\"https:\/\/files.sunoresearch.com.br\/n\/uploads\/2019\/08\/ed470c2f-cemig-jpg.webp\",\"keywords\":[\"Cemig (CMIG3\/CMIG4)\",\"Minas Gerais\"],\"articleSection\":[\"Pol\u00edtica\"],\"inLanguage\":\"pt-BR\"},{\"@type\":\"WebPage\",\"@id\":\"https:\/\/www.suno.com.br\/noticias\/cemig-tem-multa-de-12-milhoes-mantida-pela-justica\/\",\"url\":\"https:\/\/www.suno.com.br\/noticias\/cemig-tem-multa-de-12-milhoes-mantida-pela-justica\/\",\"name\":\"Cemig tem multa de R$ 12 milh\u00f5es mantida pela Justi\u00e7a\",\"isPartOf\":{\"@id\":\"https:\/\/www.suno.com.br\/noticias\/#website\"},\"primaryImageOfPage\":{\"@id\":\"https:\/\/www.suno.com.br\/noticias\/cemig-tem-multa-de-12-milhoes-mantida-pela-justica\/#primaryimage\"},\"image\":{\"@id\":\"https:\/\/www.suno.com.br\/noticias\/cemig-tem-multa-de-12-milhoes-mantida-pela-justica\/#primaryimage\"},\"thumbnailUrl\":\"https:\/\/files.sunoresearch.com.br\/n\/uploads\/2019\/08\/ed470c2f-cemig-jpg.webp\",\"datePublished\":\"2019-10-09T11:07:33+00:00\",\"dateModified\":\"2019-10-09T23:13:01+00:00\",\"description\":\"A Justi\u00e7a de Minas Gerais decidir manter a multa de R$ 12 milh\u00f5es \u00e0 Cemig, ocasionada por \\\"irregularidades encontradas\\\". Clique e saiba mais.\",\"breadcrumb\":{\"@id\":\"https:\/\/www.suno.com.br\/noticias\/cemig-tem-multa-de-12-milhoes-mantida-pela-justica\/#breadcrumb\"},\"inLanguage\":\"pt-BR\",\"potentialAction\":[{\"@type\":\"ReadAction\",\"target\":[\"https:\/\/www.suno.com.br\/noticias\/cemig-tem-multa-de-12-milhoes-mantida-pela-justica\/\"]}]},{\"@type\":\"ImageObject\",\"inLanguage\":\"pt-BR\",\"@id\":\"https:\/\/www.suno.com.br\/noticias\/cemig-tem-multa-de-12-milhoes-mantida-pela-justica\/#primaryimage\",\"url\":\"https:\/\/files.sunoresearch.com.br\/n\/uploads\/2019\/08\/ed470c2f-cemig-jpg.webp\",\"contentUrl\":\"https:\/\/files.sunoresearch.com.br\/n\/uploads\/2019\/08\/ed470c2f-cemig-jpg.webp\",\"width\":2119,\"height\":1414,\"caption\":\"Cemig tem ratings elevados\"},{\"@type\":\"BreadcrumbList\",\"@id\":\"https:\/\/www.suno.com.br\/noticias\/cemig-tem-multa-de-12-milhoes-mantida-pela-justica\/#breadcrumb\",\"itemListElement\":[{\"@type\":\"ListItem\",\"position\":1,\"name\":\"Not\u00edcias\",\"item\":\"https:\/\/www.suno.com.br\/noticias\/\"},{\"@type\":\"ListItem\",\"position\":2,\"name\":\"Pol\u00edtica\",\"item\":\"https:\/\/www.suno.com.br\/noticias\/politica\/\"},{\"@type\":\"ListItem\",\"position\":3,\"name\":\"Cemig tem multa de R$ 12 milh\u00f5es mantida pela Justi\u00e7a\"}]},{\"@type\":\"WebSite\",\"@id\":\"https:\/\/www.suno.com.br\/noticias\/#website\",\"url\":\"https:\/\/www.suno.com.br\/noticias\/\",\"name\":\"Suno Not\u00edcias\",\"description\":\"Seu portal de informa\u00e7\u00e3o sobre o mundo dos investimentos\",\"publisher\":{\"@id\":\"https:\/\/www.suno.com.br\/noticias\/#organization\"},\"potentialAction\":[{\"@type\":\"SearchAction\",\"target\":{\"@type\":\"EntryPoint\",\"urlTemplate\":\"https:\/\/www.suno.com.br\/noticias\/?s={search_term_string}\"},\"query-input\":{\"@type\":\"PropertyValueSpecification\",\"valueRequired\":true,\"valueName\":\"search_term_string\"}}],\"inLanguage\":\"pt-BR\"},{\"@type\":\"Organization\",\"@id\":\"https:\/\/www.suno.com.br\/noticias\/#organization\",\"name\":\"Suno Not\u00edcias\",\"url\":\"https:\/\/www.suno.com.br\/noticias\/\",\"logo\":{\"@type\":\"ImageObject\",\"inLanguage\":\"pt-BR\",\"@id\":\"https:\/\/www.suno.com.br\/noticias\/#\/schema\/logo\/image\/\",\"url\":\"https:\/\/files.sunoresearch.com.br\/n\/uploads\/2021\/09\/suno-logo.png\",\"contentUrl\":\"https:\/\/files.sunoresearch.com.br\/n\/uploads\/2021\/09\/suno-logo.png\",\"width\":180,\"height\":180,\"caption\":\"Suno Not\u00edcias\"},\"image\":{\"@id\":\"https:\/\/www.suno.com.br\/noticias\/#\/schema\/logo\/image\/\"},\"sameAs\":[\"https:\/\/facebook.com\/sunoresearch\",\"https:\/\/x.com\/sunoresearch\",\"https:\/\/www.instagram.com\/suno\",\"https:\/\/www.linkedin.com\/company\/suno-research\/\",\"https:\/\/www.youtube.com\/c\/sunoresearch\"]},{\"@type\":\"Person\",\"@id\":\"https:\/\/www.suno.com.br\/noticias\/#\/schema\/person\/918d79de1f0281f01599b93f9ea6e23f\",\"name\":\"Jader Lazarini\",\"image\":{\"@type\":\"ImageObject\",\"inLanguage\":\"pt-BR\",\"@id\":\"https:\/\/www.suno.com.br\/noticias\/#\/schema\/person\/image\/\",\"url\":\"https:\/\/secure.gravatar.com\/avatar\/3c1ad8caa51589841baeb923fcddea97?s=96&r=g\",\"contentUrl\":\"https:\/\/secure.gravatar.com\/avatar\/3c1ad8caa51589841baeb923fcddea97?s=96&r=g\",\"caption\":\"Jader Lazarini\"},\"description\":\"Jader Lazarini escreve sobre investimentos, finan\u00e7as, economia e neg\u00f3cios. \u00c9 bacharel em Rela\u00e7\u00f5es Internacionais e analista CNPI (2619).\",\"url\":\"https:\/\/www.suno.com.br\/noticias\/author\/jader-lazarini\/\"}]}<\/script>\n<!-- \/ Yoast SEO plugin. -->","yoast_head_json":{"title":"Cemig tem multa de R$ 12 milh\u00f5es mantida pela Justi\u00e7a","description":"A Justi\u00e7a de Minas Gerais decidir manter a multa de R$ 12 milh\u00f5es \u00e0 Cemig, ocasionada por \"irregularidades encontradas\". Clique e saiba mais.","robots":{"index":"index","follow":"follow","max-snippet":"max-snippet:-1","max-image-preview":"max-image-preview:large","max-video-preview":"max-video-preview:-1"},"canonical":"https:\/\/www.suno.com.br\/noticias\/cemig-tem-multa-de-12-milhoes-mantida-pela-justica\/","og_locale":"pt_BR","og_type":"article","og_title":"Cemig tem multa de R$ 12 milh\u00f5es mantida pela Justi\u00e7a","og_description":"A Justi\u00e7a de Minas Gerais decidir manter a multa de R$ 12 milh\u00f5es \u00e0 Cemig, ocasionada por \"irregularidades encontradas\". Clique e saiba mais.","og_url":"https:\/\/www.suno.com.br\/noticias\/cemig-tem-multa-de-12-milhoes-mantida-pela-justica\/","og_site_name":"Suno Not\u00edcias","article_publisher":"https:\/\/facebook.com\/sunoresearch","og_image":[{"width":1024,"height":683,"url":"https:\/\/files.sunoresearch.com.br\/n\/uploads\/2019\/08\/ed470c2f-cemig-1024x683.jpg","type":"image\/jpeg"}],"author":"Jader Lazarini","twitter_card":"summary_large_image","twitter_creator":"@sunoresearch","twitter_site":"@sunoresearch","twitter_misc":{"Escrito por":"Jader Lazarini","Est. tempo de leitura":"2 minutos"},"schema":{"@context":"https:\/\/schema.org","@graph":[{"@type":"NewsArticle","@id":"https:\/\/www.suno.com.br\/noticias\/cemig-tem-multa-de-12-milhoes-mantida-pela-justica\/#article","isPartOf":{"@id":"https:\/\/www.suno.com.br\/noticias\/cemig-tem-multa-de-12-milhoes-mantida-pela-justica\/"},"author":{"name":"Jader Lazarini","@id":"https:\/\/www.suno.com.br\/noticias\/#\/schema\/person\/918d79de1f0281f01599b93f9ea6e23f"},"headline":"Cemig tem multa de R$ 12 milh\u00f5es mantida pela Justi\u00e7a","datePublished":"2019-10-09T11:07:33+00:00","dateModified":"2019-10-09T23:13:01+00:00","mainEntityOfPage":{"@id":"https:\/\/www.suno.com.br\/noticias\/cemig-tem-multa-de-12-milhoes-mantida-pela-justica\/"},"wordCount":358,"publisher":{"@id":"https:\/\/www.suno.com.br\/noticias\/#organization"},"image":{"@id":"https:\/\/www.suno.com.br\/noticias\/cemig-tem-multa-de-12-milhoes-mantida-pela-justica\/#primaryimage"},"thumbnailUrl":"https:\/\/files.sunoresearch.com.br\/n\/uploads\/2019\/08\/ed470c2f-cemig-jpg.webp","keywords":["Cemig (CMIG3\/CMIG4)","Minas Gerais"],"articleSection":["Pol\u00edtica"],"inLanguage":"pt-BR"},{"@type":"WebPage","@id":"https:\/\/www.suno.com.br\/noticias\/cemig-tem-multa-de-12-milhoes-mantida-pela-justica\/","url":"https:\/\/www.suno.com.br\/noticias\/cemig-tem-multa-de-12-milhoes-mantida-pela-justica\/","name":"Cemig tem multa de R$ 12 milh\u00f5es mantida pela Justi\u00e7a","isPartOf":{"@id":"https:\/\/www.suno.com.br\/noticias\/#website"},"primaryImageOfPage":{"@id":"https:\/\/www.suno.com.br\/noticias\/cemig-tem-multa-de-12-milhoes-mantida-pela-justica\/#primaryimage"},"image":{"@id":"https:\/\/www.suno.com.br\/noticias\/cemig-tem-multa-de-12-milhoes-mantida-pela-justica\/#primaryimage"},"thumbnailUrl":"https:\/\/files.sunoresearch.com.br\/n\/uploads\/2019\/08\/ed470c2f-cemig-jpg.webp","datePublished":"2019-10-09T11:07:33+00:00","dateModified":"2019-10-09T23:13:01+00:00","description":"A Justi\u00e7a de Minas Gerais decidir manter a multa de R$ 12 milh\u00f5es \u00e0 Cemig, ocasionada por \"irregularidades encontradas\". Clique e saiba mais.","breadcrumb":{"@id":"https:\/\/www.suno.com.br\/noticias\/cemig-tem-multa-de-12-milhoes-mantida-pela-justica\/#breadcrumb"},"inLanguage":"pt-BR","potentialAction":[{"@type":"ReadAction","target":["https:\/\/www.suno.com.br\/noticias\/cemig-tem-multa-de-12-milhoes-mantida-pela-justica\/"]}]},{"@type":"ImageObject","inLanguage":"pt-BR","@id":"https:\/\/www.suno.com.br\/noticias\/cemig-tem-multa-de-12-milhoes-mantida-pela-justica\/#primaryimage","url":"https:\/\/files.sunoresearch.com.br\/n\/uploads\/2019\/08\/ed470c2f-cemig-jpg.webp","contentUrl":"https:\/\/files.sunoresearch.com.br\/n\/uploads\/2019\/08\/ed470c2f-cemig-jpg.webp","width":2119,"height":1414,"caption":"Cemig tem ratings elevados"},{"@type":"BreadcrumbList","@id":"https:\/\/www.suno.com.br\/noticias\/cemig-tem-multa-de-12-milhoes-mantida-pela-justica\/#breadcrumb","itemListElement":[{"@type":"ListItem","position":1,"name":"Not\u00edcias","item":"https:\/\/www.suno.com.br\/noticias\/"},{"@type":"ListItem","position":2,"name":"Pol\u00edtica","item":"https:\/\/www.suno.com.br\/noticias\/politica\/"},{"@type":"ListItem","position":3,"name":"Cemig tem multa de R$ 12 milh\u00f5es mantida pela Justi\u00e7a"}]},{"@type":"WebSite","@id":"https:\/\/www.suno.com.br\/noticias\/#website","url":"https:\/\/www.suno.com.br\/noticias\/","name":"Suno Not\u00edcias","description":"Seu portal de informa\u00e7\u00e3o sobre o mundo dos investimentos","publisher":{"@id":"https:\/\/www.suno.com.br\/noticias\/#organization"},"potentialAction":[{"@type":"SearchAction","target":{"@type":"EntryPoint","urlTemplate":"https:\/\/www.suno.com.br\/noticias\/?s={search_term_string}"},"query-input":{"@type":"PropertyValueSpecification","valueRequired":true,"valueName":"search_term_string"}}],"inLanguage":"pt-BR"},{"@type":"Organization","@id":"https:\/\/www.suno.com.br\/noticias\/#organization","name":"Suno Not\u00edcias","url":"https:\/\/www.suno.com.br\/noticias\/","logo":{"@type":"ImageObject","inLanguage":"pt-BR","@id":"https:\/\/www.suno.com.br\/noticias\/#\/schema\/logo\/image\/","url":"https:\/\/files.sunoresearch.com.br\/n\/uploads\/2021\/09\/suno-logo.png","contentUrl":"https:\/\/files.sunoresearch.com.br\/n\/uploads\/2021\/09\/suno-logo.png","width":180,"height":180,"caption":"Suno Not\u00edcias"},"image":{"@id":"https:\/\/www.suno.com.br\/noticias\/#\/schema\/logo\/image\/"},"sameAs":["https:\/\/facebook.com\/sunoresearch","https:\/\/x.com\/sunoresearch","https:\/\/www.instagram.com\/suno","https:\/\/www.linkedin.com\/company\/suno-research\/","https:\/\/www.youtube.com\/c\/sunoresearch"]},{"@type":"Person","@id":"https:\/\/www.suno.com.br\/noticias\/#\/schema\/person\/918d79de1f0281f01599b93f9ea6e23f","name":"Jader Lazarini","image":{"@type":"ImageObject","inLanguage":"pt-BR","@id":"https:\/\/www.suno.com.br\/noticias\/#\/schema\/person\/image\/","url":"https:\/\/secure.gravatar.com\/avatar\/3c1ad8caa51589841baeb923fcddea97?s=96&r=g","contentUrl":"https:\/\/secure.gravatar.com\/avatar\/3c1ad8caa51589841baeb923fcddea97?s=96&r=g","caption":"Jader Lazarini"},"description":"Jader Lazarini escreve sobre investimentos, finan\u00e7as, economia e neg\u00f3cios. \u00c9 bacharel em Rela\u00e7\u00f5es Internacionais e analista CNPI (2619).","url":"https:\/\/www.suno.com.br\/noticias\/author\/jader-lazarini\/"}]}},"default_loop_html":"<div class=\"cardsPage__listCard__boxs\"><div class=\"cardsPage__listCard__boxs__img\"><a href=\"https:\/\/www.suno.com.br\/noticias\/cemig-tem-multa-de-12-milhoes-mantida-pela-justica\/\"><img class=\"mask\" src=\"https:\/\/www.suno.com.br\/noticias\/wp-content\/themes\/suno\/resources\/images\/spotlight\/spotlight1img\/bg-mask.png\" alt=\"Image Mask\"\/><img src=\"https:\/\/files.sunoresearch.com.br\/n\/uploads\/2019\/08\/ed470c2f-cemig-400x200.webp\" alt=\"Cemig tem multa de R$ 12 milh\u00f5es mantida pela Justi\u00e7a\"\/><\/a><span class=\"spotlightCategory\"><a href=\"https:\/\/www.suno.com.br\/noticias\/politica\/\">Pol\u00edtica<\/a><\/span><\/div><div class=\"cardsPage__listCard__boxs__content\"><a href=\"https:\/\/www.suno.com.br\/noticias\/cemig-tem-multa-de-12-milhoes-mantida-pela-justica\/\"><h2 class=\"content__title\">Cemig tem multa de R$ 12 milh\u00f5es mantida pela Justi\u00e7a<\/h2><\/a><div class=\"newsContent__article__meta\"><div class=\"newsContent__article__meta__authorBox\"><a href=\"https:\/\/www.suno.com.br\/noticias\/author\/jader-lazarini\/\" class=\"authorBox__avatar noMobi\"><img src=\"https:\/\/files.sunoresearch.com.br\/n\/uploads\/2021\/01\/178e6598-foto-perfil-2-150x150.jpg\" alt=\"Jader Lazarini\"><\/a><div class=\"authorBox__name\"><span>por\n\t\t\t<a href=\"https:\/\/www.suno.com.br\/noticias\/author\/jader-lazarini\/\"><span itemprop=\"author\">Jader Lazarini<\/span><\/a><\/span><time datetime=\"2019-10-09T08:07:33-03:00\" itemprop=\"datePublished\">09\/10\/2019 08:07<\/time><\/div><\/div><\/div><\/div><\/div>","single_layout":"posts","amp_enabled":true,"_links":{"self":[{"href":"https:\/\/www.suno.com.br\/noticias\/wp-json\/wp\/v2\/posts\/40377"}],"collection":[{"href":"https:\/\/www.suno.com.br\/noticias\/wp-json\/wp\/v2\/posts"}],"about":[{"href":"https:\/\/www.suno.com.br\/noticias\/wp-json\/wp\/v2\/types\/post"}],"author":[{"embeddable":true,"href":"https:\/\/www.suno.com.br\/noticias\/wp-json\/wp\/v2\/users\/24"}],"replies":[{"embeddable":true,"href":"https:\/\/www.suno.com.br\/noticias\/wp-json\/wp\/v2\/comments?post=40377"}],"version-history":[{"count":0,"href":"https:\/\/www.suno.com.br\/noticias\/wp-json\/wp\/v2\/posts\/40377\/revisions"}],"wp:featuredmedia":[{"embeddable":true,"href":"https:\/\/www.suno.com.br\/noticias\/wp-json\/wp\/v2\/media\/35945"}],"wp:attachment":[{"href":"https:\/\/www.suno.com.br\/noticias\/wp-json\/wp\/v2\/media?parent=40377"}],"wp:term":[{"taxonomy":"category","embeddable":true,"href":"https:\/\/www.suno.com.br\/noticias\/wp-json\/wp\/v2\/categories?post=40377"},{"taxonomy":"post_tag","embeddable":true,"href":"https:\/\/www.suno.com.br\/noticias\/wp-json\/wp\/v2\/tags?post=40377"},{"taxonomy":"suno_strategy","embeddable":true,"href":"https:\/\/www.suno.com.br\/noticias\/wp-json\/wp\/v2\/suno_strategy?post=40377"}],"curies":[{"name":"wp","href":"https:\/\/api.w.org\/{rel}","templated":true}]}}