{"id":4037,"date":"2018-09-17T17:51:22","date_gmt":"2018-09-17T20:51:22","guid":{"rendered":"https:\/\/www.suno.com.br\/noticias\/?p=4037"},"modified":"2021-02-18T15:25:50","modified_gmt":"2021-02-18T18:25:50","slug":"ibovespa-valorizacao-pesquisa-eleitoral","status":"publish","type":"post","link":"https:\/\/www.suno.com.br\/noticias\/ibovespa-valorizacao-pesquisa-eleitoral\/","title":{"rendered":"Ibovespa fecha com alta valoriza\u00e7\u00e3o ap\u00f3s pesquisa eleitoral"},"content":{"rendered":"<p>O Ibovespa n\u00e3o seguiu o caminho de Wall Street e fechou com alta valoriza\u00e7\u00e3o de quase 2%. O\u00a0 mercado est\u00e1 refletindo a nova pesquisa eleitoral da CNT\/MDA que mostra\u00a0 Jair Bolsonaro (PSL) ainda mais consolidado na primeira posi\u00e7\u00e3o da corrida\u00a0 \u00e0 Presid\u00eancia, seguido por Fernando Haddad\u00a0 (PT).<\/p>\t<div class=\"wrapper-featured-image\">\n\t\t<figure class=\"spotlightImg\">\n\n\t\t\t<picture>\n\t\t\t\t<source media=\"(max-width: 768px)\" srcset=\"https:\/\/files.sunoresearch.com.br\/n\/uploads\/2018\/09\/4280f563-professional-chart-font-electronics-diagram-multimedia-1163685-pxhere.com_-400x200.webp\">\n\t\t\t\t<img loading=\"lazy\" decoding=\"async\" class=\"newsContent__article__imgCapa lazyloadDisabled newsContent__article__imgCapa--noCaption\" src=\"https:\/\/files.sunoresearch.com.br\/n\/uploads\/2018\/09\/4280f563-professional-chart-font-electronics-diagram-multimedia-1163685-pxhere.com_-800x450.webp\" width=\"800\" height=\"450\" alt=\"Ibovespa fecha com alta valoriza\u00e7\u00e3o ap\u00f3s pesquisa eleitoral\" fetchpriority=high \/>\n\t\t\t<\/picture>\n\n\t\t\t<figcaption class=\"wp-caption-text wp-caption-text--hide\"><\/figcaption>\n\t\t<\/figure>\n\t<\/div>\n\n\n<p>Lan\u00e7ada na manh\u00e3 de hoje, a pesquisa CNT\/MDA mostra um cen\u00e1rio que levaria Jair Bolsonaro (PSL) e Fernando Haddad (PT) para o segundo turno. O deputado tem 28,2% das inten\u00e7\u00f5es de voto contra 17,6% do ex-prefeito petista.<\/p>\n<p>Diferente de levantamentos anteriores, os candidatos apresentam maior separa\u00e7\u00e3o entre si. Ciro Gomes (PDT) aparece em terceiro com 10,8% das inten\u00e7\u00f5es de voto. Geraldo Alckmin (PSDB) tem 6,1%. Marina Silva (Rede) aparece com 4,1%. Jo\u00e3o Amo\u00eado (Novo) tem 2,8%. Henrique Meirelles (MDB) aparece com 1,7%. Cabo Daciolo (Patriotas), Vera L\u00facia (PSTU) e Guilherme Boulos (PSOL) aparecem com menos de um ponto. Os outros candidatos n\u00e3o pontuaram. 13,4% dos entrevistados disseram que votariam em branco ou nulo e 12,3% se disseram indecisos. <a href=\"https:\/\/www.suno.com.br\/noticias\/pesquisa-cnt-mda-bolsonaro\/\">Mais da pesquisa, aqui.<\/a><\/p>\n<p>No \u00e2mbito macroecon\u00f4mico, o IBC, conhecido como um primeiro indicador do PIB, foi ajustado para 0,58% de julho ante junho, segundo o Banco Central. O resultado foi acima do esperado pelos analistas. J\u00e1 no IBC anual, o avan\u00e7o foi de 2,56%, tamb\u00e9m maior que o 1,90% esperado pelos analistas.<\/p>\n<p>O d\u00f3lar, por sua vez, teve queda acentuada de 1,0% valendo 4,1252 na venda. A moeda teve queda acentuada ap\u00f3s o anuncio de que Trump falaria sobre as quest\u00f5es comerciais com a China ainda hoje.<\/p>\n<p>O presidente norte-americano afirmou em sua conta oficial no Twitter que os pa\u00edses que n\u00e3o negociarem com Washington ser\u00e3o taxados. A amea\u00e7a vem na mesma m\u00e3o da iminente cobran\u00e7a de tarifas por parte dos Estados Unidos sobre bens US$ 200 bilh\u00f5es em bens chineses.<\/p>\n<p><strong>Destaques no Ibovespa<\/strong><br \/>\nAs a\u00e7\u00f5es com maiores valoriza\u00e7\u00f5es no preg\u00e3o de hoje fora: Usiminas PNA (USIMS) 8,71%, Viavarejo UNT N2 (VVAR11), 7,93% e Gol PN N2 (GOLL4) com 7,29%.<br \/>\nAs que tiveram as maiores desvaloriza\u00e7\u00f5es nos papeis: Klabin S\/A UNT N2 (KLBN11), -1,48%, Suzano (SUZB3), -1,56% e Natura ON (NATU3) com -0,53%<\/p>\n","protected":false},"excerpt":{"rendered":"<p>O Ibovespa n\u00e3o seguiu o caminho de Wall Street e fechou com alta valoriza\u00e7\u00e3o de quase 2%. O\u00a0 mercado est\u00e1 refletindo a nova pesquisa eleitoral da CNT\/MDA que mostra\u00a0 Jair Bolsonaro (PSL) ainda mais consolidado na primeira posi\u00e7\u00e3o da corrida\u00a0 \u00e0 Presid\u00eancia, seguido por Fernando Haddad\u00a0 (PT). Lan\u00e7ada na manh\u00e3 de hoje, a pesquisa CNT\/MDA [&hellip;]<\/p>\n","protected":false},"author":6,"featured_media":3488,"comment_status":"closed","ping_status":"closed","sticky":false,"template":"","format":"standard","meta":[],"categories":[60],"tags":[309],"suno_strategy":[],"class_list":["post-4037","post","type-post","status-publish","format-standard","has-post-thumbnail","hentry","category-mercado","tag-bolsa-de-valores"],"yoast_head":"<!-- This site is optimized with the Yoast SEO plugin v24.4 - https:\/\/yoast.com\/wordpress\/plugins\/seo\/ -->\n<title>Ibovespa fecha com alta valoriza\u00e7\u00e3o ap\u00f3s pesquisa eleitoral<\/title>\n<meta name=\"robots\" content=\"index, follow, max-snippet:-1, max-image-preview:large, max-video-preview:-1\" \/>\n<link rel=\"canonical\" href=\"https:\/\/www.suno.com.br\/noticias\/ibovespa-valorizacao-pesquisa-eleitoral\/\" \/>\n<meta property=\"og:locale\" content=\"pt_BR\" \/>\n<meta property=\"og:type\" content=\"article\" \/>\n<meta property=\"og:title\" content=\"Ibovespa fecha com alta valoriza\u00e7\u00e3o ap\u00f3s pesquisa eleitoral\" \/>\n<meta property=\"og:description\" content=\"O Ibovespa n\u00e3o seguiu o caminho de Wall Street e fechou com alta valoriza\u00e7\u00e3o de quase 2%. O\u00a0 mercado est\u00e1 refletindo a nova pesquisa eleitoral da CNT\/MDA que mostra\u00a0 Jair Bolsonaro (PSL) ainda mais consolidado na primeira posi\u00e7\u00e3o da corrida\u00a0 \u00e0 Presid\u00eancia, seguido por Fernando Haddad\u00a0 (PT). Lan\u00e7ada na manh\u00e3 de hoje, a pesquisa CNT\/MDA [&hellip;]\" \/>\n<meta property=\"og:url\" content=\"https:\/\/www.suno.com.br\/noticias\/ibovespa-valorizacao-pesquisa-eleitoral\/\" \/>\n<meta property=\"og:site_name\" content=\"Suno Not\u00edcias\" \/>\n<meta property=\"article:publisher\" content=\"https:\/\/facebook.com\/sunoresearch\" \/>\n<meta property=\"article:author\" content=\"https:\/\/www.linkedin.com\/in\/paulo-jaschke-328221168\/\" \/>\n<meta property=\"og:image\" content=\"https:\/\/files.sunoresearch.com.br\/n\/uploads\/2018\/09\/4280f563-professional-chart-font-electronics-diagram-multimedia-1163685-pxhere.com_.jpg\" \/>\n\t<meta property=\"og:image:width\" content=\"2560\" \/>\n\t<meta property=\"og:image:height\" content=\"1438\" \/>\n\t<meta property=\"og:image:type\" content=\"image\/jpeg\" \/>\n<meta name=\"author\" content=\"Paulo Jaschke\" \/>\n<meta name=\"twitter:card\" content=\"summary_large_image\" \/>\n<meta name=\"twitter:creator\" content=\"@sunoresearch\" \/>\n<meta name=\"twitter:site\" content=\"@sunoresearch\" \/>\n<meta name=\"twitter:label1\" content=\"Escrito por\" \/>\n\t<meta name=\"twitter:data1\" content=\"Paulo Jaschke\" \/>\n\t<meta name=\"twitter:label2\" content=\"Est. tempo de leitura\" \/>\n\t<meta name=\"twitter:data2\" content=\"2 minutos\" \/>\n<script type=\"application\/ld+json\" class=\"yoast-schema-graph\">{\"@context\":\"https:\/\/schema.org\",\"@graph\":[{\"@type\":\"NewsArticle\",\"@id\":\"https:\/\/www.suno.com.br\/noticias\/ibovespa-valorizacao-pesquisa-eleitoral\/#article\",\"isPartOf\":{\"@id\":\"https:\/\/www.suno.com.br\/noticias\/ibovespa-valorizacao-pesquisa-eleitoral\/\"},\"author\":{\"name\":\"Paulo Jaschke\",\"@id\":\"https:\/\/www.suno.com.br\/noticias\/#\/schema\/person\/edc78e26bff487bcad4a7d5e75ca2938\"},\"headline\":\"Ibovespa fecha com alta valoriza\u00e7\u00e3o ap\u00f3s pesquisa eleitoral\",\"datePublished\":\"2018-09-17T20:51:22+00:00\",\"dateModified\":\"2021-02-18T18:25:50+00:00\",\"mainEntityOfPage\":{\"@id\":\"https:\/\/www.suno.com.br\/noticias\/ibovespa-valorizacao-pesquisa-eleitoral\/\"},\"wordCount\":372,\"publisher\":{\"@id\":\"https:\/\/www.suno.com.br\/noticias\/#organization\"},\"image\":{\"@id\":\"https:\/\/www.suno.com.br\/noticias\/ibovespa-valorizacao-pesquisa-eleitoral\/#primaryimage\"},\"thumbnailUrl\":\"https:\/\/files.sunoresearch.com.br\/n\/uploads\/2018\/09\/4280f563-professional-chart-font-electronics-diagram-multimedia-1163685-pxhere.com_-jpg.webp\",\"keywords\":[\"Bolsa de Valores\"],\"articleSection\":[\"Mercado\"],\"inLanguage\":\"pt-BR\"},{\"@type\":\"WebPage\",\"@id\":\"https:\/\/www.suno.com.br\/noticias\/ibovespa-valorizacao-pesquisa-eleitoral\/\",\"url\":\"https:\/\/www.suno.com.br\/noticias\/ibovespa-valorizacao-pesquisa-eleitoral\/\",\"name\":\"Ibovespa fecha com alta valoriza\u00e7\u00e3o ap\u00f3s pesquisa eleitoral\",\"isPartOf\":{\"@id\":\"https:\/\/www.suno.com.br\/noticias\/#website\"},\"primaryImageOfPage\":{\"@id\":\"https:\/\/www.suno.com.br\/noticias\/ibovespa-valorizacao-pesquisa-eleitoral\/#primaryimage\"},\"image\":{\"@id\":\"https:\/\/www.suno.com.br\/noticias\/ibovespa-valorizacao-pesquisa-eleitoral\/#primaryimage\"},\"thumbnailUrl\":\"https:\/\/files.sunoresearch.com.br\/n\/uploads\/2018\/09\/4280f563-professional-chart-font-electronics-diagram-multimedia-1163685-pxhere.com_-jpg.webp\",\"datePublished\":\"2018-09-17T20:51:22+00:00\",\"dateModified\":\"2021-02-18T18:25:50+00:00\",\"breadcrumb\":{\"@id\":\"https:\/\/www.suno.com.br\/noticias\/ibovespa-valorizacao-pesquisa-eleitoral\/#breadcrumb\"},\"inLanguage\":\"pt-BR\",\"potentialAction\":[{\"@type\":\"ReadAction\",\"target\":[\"https:\/\/www.suno.com.br\/noticias\/ibovespa-valorizacao-pesquisa-eleitoral\/\"]}]},{\"@type\":\"ImageObject\",\"inLanguage\":\"pt-BR\",\"@id\":\"https:\/\/www.suno.com.br\/noticias\/ibovespa-valorizacao-pesquisa-eleitoral\/#primaryimage\",\"url\":\"https:\/\/files.sunoresearch.com.br\/n\/uploads\/2018\/09\/4280f563-professional-chart-font-electronics-diagram-multimedia-1163685-pxhere.com_-jpg.webp\",\"contentUrl\":\"https:\/\/files.sunoresearch.com.br\/n\/uploads\/2018\/09\/4280f563-professional-chart-font-electronics-diagram-multimedia-1163685-pxhere.com_-jpg.webp\",\"width\":2560,\"height\":1438},{\"@type\":\"BreadcrumbList\",\"@id\":\"https:\/\/www.suno.com.br\/noticias\/ibovespa-valorizacao-pesquisa-eleitoral\/#breadcrumb\",\"itemListElement\":[{\"@type\":\"ListItem\",\"position\":1,\"name\":\"Not\u00edcias\",\"item\":\"https:\/\/www.suno.com.br\/noticias\/\"},{\"@type\":\"ListItem\",\"position\":2,\"name\":\"Mercado\",\"item\":\"https:\/\/www.suno.com.br\/noticias\/mercado\/\"},{\"@type\":\"ListItem\",\"position\":3,\"name\":\"Ibovespa fecha com alta valoriza\u00e7\u00e3o ap\u00f3s pesquisa eleitoral\"}]},{\"@type\":\"WebSite\",\"@id\":\"https:\/\/www.suno.com.br\/noticias\/#website\",\"url\":\"https:\/\/www.suno.com.br\/noticias\/\",\"name\":\"Suno Not\u00edcias\",\"description\":\"Seu portal de informa\u00e7\u00e3o sobre o mundo dos investimentos\",\"publisher\":{\"@id\":\"https:\/\/www.suno.com.br\/noticias\/#organization\"},\"potentialAction\":[{\"@type\":\"SearchAction\",\"target\":{\"@type\":\"EntryPoint\",\"urlTemplate\":\"https:\/\/www.suno.com.br\/noticias\/?s={search_term_string}\"},\"query-input\":{\"@type\":\"PropertyValueSpecification\",\"valueRequired\":true,\"valueName\":\"search_term_string\"}}],\"inLanguage\":\"pt-BR\"},{\"@type\":\"Organization\",\"@id\":\"https:\/\/www.suno.com.br\/noticias\/#organization\",\"name\":\"Suno Not\u00edcias\",\"url\":\"https:\/\/www.suno.com.br\/noticias\/\",\"logo\":{\"@type\":\"ImageObject\",\"inLanguage\":\"pt-BR\",\"@id\":\"https:\/\/www.suno.com.br\/noticias\/#\/schema\/logo\/image\/\",\"url\":\"https:\/\/files.sunoresearch.com.br\/n\/uploads\/2021\/09\/suno-logo.png\",\"contentUrl\":\"https:\/\/files.sunoresearch.com.br\/n\/uploads\/2021\/09\/suno-logo.png\",\"width\":180,\"height\":180,\"caption\":\"Suno Not\u00edcias\"},\"image\":{\"@id\":\"https:\/\/www.suno.com.br\/noticias\/#\/schema\/logo\/image\/\"},\"sameAs\":[\"https:\/\/facebook.com\/sunoresearch\",\"https:\/\/x.com\/sunoresearch\",\"https:\/\/www.instagram.com\/suno\",\"https:\/\/www.linkedin.com\/company\/suno-research\/\",\"https:\/\/www.youtube.com\/c\/sunoresearch\"]},{\"@type\":\"Person\",\"@id\":\"https:\/\/www.suno.com.br\/noticias\/#\/schema\/person\/edc78e26bff487bcad4a7d5e75ca2938\",\"name\":\"Paulo Jaschke\",\"image\":{\"@type\":\"ImageObject\",\"inLanguage\":\"pt-BR\",\"@id\":\"https:\/\/www.suno.com.br\/noticias\/#\/schema\/person\/image\/\",\"url\":\"https:\/\/secure.gravatar.com\/avatar\/d866ede420b0a0e4741620ba27841b8f?s=96&r=g\",\"contentUrl\":\"https:\/\/secure.gravatar.com\/avatar\/d866ede420b0a0e4741620ba27841b8f?s=96&r=g\",\"caption\":\"Paulo Jaschke\"},\"description\":\"Paulo Jaschke \u00e9 estudante de jornalismo na ESPM-SP. Escreve sobre o mercado financeiro, economia e pol\u00edtica internacional para o portal da Suno Research. Tamb\u00e9m escreve sobre economia internacional na ag\u00eancia CMA e \u00e9 rep\u00f3rter esportivo pela Web r\u00e1dio EsportesNet. Em 2018, foi rep\u00f3rter esportivo pela R\u00e1dio ESPM na Copa do Mundo 2018 e escreveu para a Revista Plural ESPM.\",\"sameAs\":[\"https:\/\/www.suno.com.br\/\",\"https:\/\/www.linkedin.com\/in\/paulo-jaschke-328221168\/\"],\"url\":\"https:\/\/www.suno.com.br\/noticias\/author\/paulo-jaschke\/\"}]}<\/script>\n<!-- \/ Yoast SEO plugin. -->","yoast_head_json":{"title":"Ibovespa fecha com alta valoriza\u00e7\u00e3o ap\u00f3s pesquisa eleitoral","robots":{"index":"index","follow":"follow","max-snippet":"max-snippet:-1","max-image-preview":"max-image-preview:large","max-video-preview":"max-video-preview:-1"},"canonical":"https:\/\/www.suno.com.br\/noticias\/ibovespa-valorizacao-pesquisa-eleitoral\/","og_locale":"pt_BR","og_type":"article","og_title":"Ibovespa fecha com alta valoriza\u00e7\u00e3o ap\u00f3s pesquisa eleitoral","og_description":"O Ibovespa n\u00e3o seguiu o caminho de Wall Street e fechou com alta valoriza\u00e7\u00e3o de quase 2%. O\u00a0 mercado est\u00e1 refletindo a nova pesquisa eleitoral da CNT\/MDA que mostra\u00a0 Jair Bolsonaro (PSL) ainda mais consolidado na primeira posi\u00e7\u00e3o da corrida\u00a0 \u00e0 Presid\u00eancia, seguido por Fernando Haddad\u00a0 (PT). Lan\u00e7ada na manh\u00e3 de hoje, a pesquisa CNT\/MDA [&hellip;]","og_url":"https:\/\/www.suno.com.br\/noticias\/ibovespa-valorizacao-pesquisa-eleitoral\/","og_site_name":"Suno Not\u00edcias","article_publisher":"https:\/\/facebook.com\/sunoresearch","article_author":"https:\/\/www.linkedin.com\/in\/paulo-jaschke-328221168\/","og_image":[{"width":2560,"height":1438,"url":"https:\/\/files.sunoresearch.com.br\/n\/uploads\/2018\/09\/4280f563-professional-chart-font-electronics-diagram-multimedia-1163685-pxhere.com_.jpg","type":"image\/jpeg"}],"author":"Paulo Jaschke","twitter_card":"summary_large_image","twitter_creator":"@sunoresearch","twitter_site":"@sunoresearch","twitter_misc":{"Escrito por":"Paulo Jaschke","Est. tempo de leitura":"2 minutos"},"schema":{"@context":"https:\/\/schema.org","@graph":[{"@type":"NewsArticle","@id":"https:\/\/www.suno.com.br\/noticias\/ibovespa-valorizacao-pesquisa-eleitoral\/#article","isPartOf":{"@id":"https:\/\/www.suno.com.br\/noticias\/ibovespa-valorizacao-pesquisa-eleitoral\/"},"author":{"name":"Paulo Jaschke","@id":"https:\/\/www.suno.com.br\/noticias\/#\/schema\/person\/edc78e26bff487bcad4a7d5e75ca2938"},"headline":"Ibovespa fecha com alta valoriza\u00e7\u00e3o ap\u00f3s pesquisa eleitoral","datePublished":"2018-09-17T20:51:22+00:00","dateModified":"2021-02-18T18:25:50+00:00","mainEntityOfPage":{"@id":"https:\/\/www.suno.com.br\/noticias\/ibovespa-valorizacao-pesquisa-eleitoral\/"},"wordCount":372,"publisher":{"@id":"https:\/\/www.suno.com.br\/noticias\/#organization"},"image":{"@id":"https:\/\/www.suno.com.br\/noticias\/ibovespa-valorizacao-pesquisa-eleitoral\/#primaryimage"},"thumbnailUrl":"https:\/\/files.sunoresearch.com.br\/n\/uploads\/2018\/09\/4280f563-professional-chart-font-electronics-diagram-multimedia-1163685-pxhere.com_-jpg.webp","keywords":["Bolsa de Valores"],"articleSection":["Mercado"],"inLanguage":"pt-BR"},{"@type":"WebPage","@id":"https:\/\/www.suno.com.br\/noticias\/ibovespa-valorizacao-pesquisa-eleitoral\/","url":"https:\/\/www.suno.com.br\/noticias\/ibovespa-valorizacao-pesquisa-eleitoral\/","name":"Ibovespa fecha com alta valoriza\u00e7\u00e3o ap\u00f3s pesquisa eleitoral","isPartOf":{"@id":"https:\/\/www.suno.com.br\/noticias\/#website"},"primaryImageOfPage":{"@id":"https:\/\/www.suno.com.br\/noticias\/ibovespa-valorizacao-pesquisa-eleitoral\/#primaryimage"},"image":{"@id":"https:\/\/www.suno.com.br\/noticias\/ibovespa-valorizacao-pesquisa-eleitoral\/#primaryimage"},"thumbnailUrl":"https:\/\/files.sunoresearch.com.br\/n\/uploads\/2018\/09\/4280f563-professional-chart-font-electronics-diagram-multimedia-1163685-pxhere.com_-jpg.webp","datePublished":"2018-09-17T20:51:22+00:00","dateModified":"2021-02-18T18:25:50+00:00","breadcrumb":{"@id":"https:\/\/www.suno.com.br\/noticias\/ibovespa-valorizacao-pesquisa-eleitoral\/#breadcrumb"},"inLanguage":"pt-BR","potentialAction":[{"@type":"ReadAction","target":["https:\/\/www.suno.com.br\/noticias\/ibovespa-valorizacao-pesquisa-eleitoral\/"]}]},{"@type":"ImageObject","inLanguage":"pt-BR","@id":"https:\/\/www.suno.com.br\/noticias\/ibovespa-valorizacao-pesquisa-eleitoral\/#primaryimage","url":"https:\/\/files.sunoresearch.com.br\/n\/uploads\/2018\/09\/4280f563-professional-chart-font-electronics-diagram-multimedia-1163685-pxhere.com_-jpg.webp","contentUrl":"https:\/\/files.sunoresearch.com.br\/n\/uploads\/2018\/09\/4280f563-professional-chart-font-electronics-diagram-multimedia-1163685-pxhere.com_-jpg.webp","width":2560,"height":1438},{"@type":"BreadcrumbList","@id":"https:\/\/www.suno.com.br\/noticias\/ibovespa-valorizacao-pesquisa-eleitoral\/#breadcrumb","itemListElement":[{"@type":"ListItem","position":1,"name":"Not\u00edcias","item":"https:\/\/www.suno.com.br\/noticias\/"},{"@type":"ListItem","position":2,"name":"Mercado","item":"https:\/\/www.suno.com.br\/noticias\/mercado\/"},{"@type":"ListItem","position":3,"name":"Ibovespa fecha com alta valoriza\u00e7\u00e3o ap\u00f3s pesquisa eleitoral"}]},{"@type":"WebSite","@id":"https:\/\/www.suno.com.br\/noticias\/#website","url":"https:\/\/www.suno.com.br\/noticias\/","name":"Suno Not\u00edcias","description":"Seu portal de informa\u00e7\u00e3o sobre o mundo dos investimentos","publisher":{"@id":"https:\/\/www.suno.com.br\/noticias\/#organization"},"potentialAction":[{"@type":"SearchAction","target":{"@type":"EntryPoint","urlTemplate":"https:\/\/www.suno.com.br\/noticias\/?s={search_term_string}"},"query-input":{"@type":"PropertyValueSpecification","valueRequired":true,"valueName":"search_term_string"}}],"inLanguage":"pt-BR"},{"@type":"Organization","@id":"https:\/\/www.suno.com.br\/noticias\/#organization","name":"Suno Not\u00edcias","url":"https:\/\/www.suno.com.br\/noticias\/","logo":{"@type":"ImageObject","inLanguage":"pt-BR","@id":"https:\/\/www.suno.com.br\/noticias\/#\/schema\/logo\/image\/","url":"https:\/\/files.sunoresearch.com.br\/n\/uploads\/2021\/09\/suno-logo.png","contentUrl":"https:\/\/files.sunoresearch.com.br\/n\/uploads\/2021\/09\/suno-logo.png","width":180,"height":180,"caption":"Suno Not\u00edcias"},"image":{"@id":"https:\/\/www.suno.com.br\/noticias\/#\/schema\/logo\/image\/"},"sameAs":["https:\/\/facebook.com\/sunoresearch","https:\/\/x.com\/sunoresearch","https:\/\/www.instagram.com\/suno","https:\/\/www.linkedin.com\/company\/suno-research\/","https:\/\/www.youtube.com\/c\/sunoresearch"]},{"@type":"Person","@id":"https:\/\/www.suno.com.br\/noticias\/#\/schema\/person\/edc78e26bff487bcad4a7d5e75ca2938","name":"Paulo Jaschke","image":{"@type":"ImageObject","inLanguage":"pt-BR","@id":"https:\/\/www.suno.com.br\/noticias\/#\/schema\/person\/image\/","url":"https:\/\/secure.gravatar.com\/avatar\/d866ede420b0a0e4741620ba27841b8f?s=96&r=g","contentUrl":"https:\/\/secure.gravatar.com\/avatar\/d866ede420b0a0e4741620ba27841b8f?s=96&r=g","caption":"Paulo Jaschke"},"description":"Paulo Jaschke \u00e9 estudante de jornalismo na ESPM-SP. Escreve sobre o mercado financeiro, economia e pol\u00edtica internacional para o portal da Suno Research. Tamb\u00e9m escreve sobre economia internacional na ag\u00eancia CMA e \u00e9 rep\u00f3rter esportivo pela Web r\u00e1dio EsportesNet. Em 2018, foi rep\u00f3rter esportivo pela R\u00e1dio ESPM na Copa do Mundo 2018 e escreveu para a Revista Plural ESPM.","sameAs":["https:\/\/www.suno.com.br\/","https:\/\/www.linkedin.com\/in\/paulo-jaschke-328221168\/"],"url":"https:\/\/www.suno.com.br\/noticias\/author\/paulo-jaschke\/"}]}},"default_loop_html":"<div class=\"cardsPage__listCard__boxs\"><div class=\"cardsPage__listCard__boxs__img\"><a href=\"https:\/\/www.suno.com.br\/noticias\/ibovespa-valorizacao-pesquisa-eleitoral\/\"><img class=\"mask\" src=\"https:\/\/www.suno.com.br\/noticias\/wp-content\/themes\/suno\/resources\/images\/spotlight\/spotlight1img\/bg-mask.png\" alt=\"Image Mask\"\/><img src=\"https:\/\/files.sunoresearch.com.br\/n\/uploads\/2018\/09\/4280f563-professional-chart-font-electronics-diagram-multimedia-1163685-pxhere.com_-400x200.webp\" alt=\"Ibovespa fecha com alta valoriza\u00e7\u00e3o ap\u00f3s pesquisa eleitoral\"\/><\/a><span class=\"spotlightCategory\"><a href=\"https:\/\/www.suno.com.br\/noticias\/mercado\/\">Mercado<\/a><\/span><\/div><div class=\"cardsPage__listCard__boxs__content\"><a href=\"https:\/\/www.suno.com.br\/noticias\/ibovespa-valorizacao-pesquisa-eleitoral\/\"><h2 class=\"content__title\">Ibovespa fecha com alta valoriza\u00e7\u00e3o ap\u00f3s pesquisa eleitoral<\/h2><\/a><div class=\"newsContent__article__meta\"><div class=\"newsContent__article__meta__authorBox\"><a href=\"https:\/\/www.suno.com.br\/noticias\/author\/paulo-jaschke\/\" class=\"authorBox__avatar noMobi\"><img src=\"https:\/\/secure.gravatar.com\/avatar\/d866ede420b0a0e4741620ba27841b8f?s=96&#038;r=g\" alt=\"Paulo Jaschke\"><\/a><div class=\"authorBox__name\"><span>por\n\t\t\t<a href=\"https:\/\/www.suno.com.br\/noticias\/author\/paulo-jaschke\/\"><span itemprop=\"author\">Paulo Jaschke<\/span><\/a><\/span><time datetime=\"2018-09-17T17:51:22-03:00\" itemprop=\"datePublished\">17\/09\/2018 17:51<\/time><\/div><\/div><\/div><\/div><\/div>","single_layout":"posts","amp_enabled":true,"_links":{"self":[{"href":"https:\/\/www.suno.com.br\/noticias\/wp-json\/wp\/v2\/posts\/4037"}],"collection":[{"href":"https:\/\/www.suno.com.br\/noticias\/wp-json\/wp\/v2\/posts"}],"about":[{"href":"https:\/\/www.suno.com.br\/noticias\/wp-json\/wp\/v2\/types\/post"}],"author":[{"embeddable":true,"href":"https:\/\/www.suno.com.br\/noticias\/wp-json\/wp\/v2\/users\/6"}],"replies":[{"embeddable":true,"href":"https:\/\/www.suno.com.br\/noticias\/wp-json\/wp\/v2\/comments?post=4037"}],"version-history":[{"count":0,"href":"https:\/\/www.suno.com.br\/noticias\/wp-json\/wp\/v2\/posts\/4037\/revisions"}],"wp:featuredmedia":[{"embeddable":true,"href":"https:\/\/www.suno.com.br\/noticias\/wp-json\/wp\/v2\/media\/3488"}],"wp:attachment":[{"href":"https:\/\/www.suno.com.br\/noticias\/wp-json\/wp\/v2\/media?parent=4037"}],"wp:term":[{"taxonomy":"category","embeddable":true,"href":"https:\/\/www.suno.com.br\/noticias\/wp-json\/wp\/v2\/categories?post=4037"},{"taxonomy":"post_tag","embeddable":true,"href":"https:\/\/www.suno.com.br\/noticias\/wp-json\/wp\/v2\/tags?post=4037"},{"taxonomy":"suno_strategy","embeddable":true,"href":"https:\/\/www.suno.com.br\/noticias\/wp-json\/wp\/v2\/suno_strategy?post=4037"}],"curies":[{"name":"wp","href":"https:\/\/api.w.org\/{rel}","templated":true}]}}