{"id":403552,"date":"2023-05-12T08:21:03","date_gmt":"2023-05-12T11:21:03","guid":{"rendered":"https:\/\/www.suno.com.br\/noticias\/?p=403552"},"modified":"2023-05-12T11:34:33","modified_gmt":"2023-05-12T14:34:33","slug":"bradespar-brap4-resultado-1t23-balanco","status":"publish","type":"post","link":"https:\/\/www.suno.com.br\/noticias\/bradespar-brap4-resultado-1t23-balanco\/","title":{"rendered":"Bradespar (BRAP4) lucra R$ 768 milh\u00f5es no 1T23"},"content":{"rendered":"<p>A <strong>Bradespar<\/strong> (<a href=\"https:\/\/www.suno.com.br\/acoes\/brap4\" target=\"_blank\" rel=\"noreferrer noopener\">BRAP4<\/a>) anotou <a class=\"suno-keyword\" target=\"_blank\" data-force=\"no\" data-priority=\"1\" href=\"https:\/\/www.suno.com.br\/artigos\/lucro-liquido\/\" rel=\"noopener\">lucro l\u00edquido<\/a> de R$ 768 milh\u00f5es no primeiro trimestre de 2023 (1T23), conforme balan\u00e7o divulgado nesta sexta-feira (12).<\/p><div class=\"videoFull \">\n\t\t\t<div class=\"videoWrapper yt-lazyload center\"\n\t\t\t\tdata-width=\"960\"\n\t\t\t\tdata-height=\"540\"\n\t\t\t\tdata-id=\"7ekfs1IRjMA\"\n\t\t\t\tdata-alt=\"V\u00eddeo do YouTube - clique para reproduzir\"\n\t\t\t\tdata-logo=\"3\"\n\t\t\t\tdata-imagequality=\"maxres\">\n\t\t\t<\/div>\n\t\t<\/div><script type=\"application\/ld+json\">{\"@context\":\"https:\/\/schema.org\",\"@type\":\"VideoObject\",\"name\":\"Copel (CPLE6): entenda os resultados do 1T23 | Dividendos devem cair? | Vale a pena comprar Copel?\",\"description\":\"#copel #cple6 #resultados #balan\u00e7o #dividendos #mercadofinanceiro #investimentos #bolsadevalores #especial A Companhia Paranaense de Energia \u2013 Copel (CPLE6) \u2013 obteve lucro l\u00edquido de R$ 635,5 milh\u00f5es no primeiro trimestre deste 2023, queda de 5,1% na compara\u00e7\u00e3o anual O resultado reflete acr\u00e9scimo de R$ 32,3 milh\u00f5es na rubrica \u201cdeprecia\u00e7\u00e3o e amortiza\u00e7\u00e3o\u201c, devido, principalmente, \u00e0 entrada em opera\u00e7\u00e3o\u2026\",\"duration\":\"PT22M12S\",\"embedUrl\":\"https:\/\/www.youtube.com\/embed\/7ekfs1IRjMA\",\"regionsAllowed\":\"pt-BR\",\"interactionStatistic\":{\"@type\":\"InteractionCounter\",\"interactionType\":{\"@type\":\"WatchAction\"},\"userInteractionCount\":3255},\"thumbnailUrl\":\"https:\/\/i.ytimg.com\/vi\/7ekfs1IRjMA\/default.jpg\",\"uploadDate\":\"2023-05-12T03:26:42Z\"}<\/script>\n\n\n\n\n\t<p>\n\t\t<a href=\"https:\/\/lp.suno.com.br\/planilha-da-vida-financeira\/\" target=\"_blank\" data-element=\"shortcode-suno-banner\" title=\"Banner SUNO, clique e saiba mais\">\n\t\t\t<picture>\n\t\t\t\t<source media=\"(max-width: 500px)\" srcset=\"https:\/\/files.sunoresearch.com.br\/n\/uploads\/2023\/04\/400x300-Planilha-vida-financeira-true.png\">\n\t\t\t\t<img class=\"newsContent__article__imgCapa newsContent__article__imgCapa--banner\"\n\t\t\t\t\tsrc=\"https:\/\/files.sunoresearch.com.br\/n\/uploads\/2023\/04\/1420x240-Planilha-vida-financeira-true.png\"\n\t\t\t\t\tdata-promo-id=\"106682\"\t\t\t\t\t\t\t\t\t\twidth='1420' height='240'\t\t\t\t\talt=\"https:\/\/files.sunoresearch.com.br\/n\/uploads\/2023\/04\/1420x240-Planilha-vida-financeira-true.png\"\n\t\t\t\t>\n\t\t\t<\/picture>\n\t\t<\/a>\n\t<\/p>\n\n\n\n\n\n\n\n<p>Com isso, a <strong><a href=\"https:\/\/statusinvest.com.br\/acoes\/brap4\" target=\"_blank\" rel=\"noreferrer noopener\">BRAP4<\/a><\/strong> apresenta uma baixa de 16,9% na base anual. A Bradespar destaca que esse foi um dos seus melhores trimestres da hist\u00f3ria, apesar da <a class=\"suno-keyword\" data-force=\"no\" data-priority=\"1\" href=\"https:\/\/www.suno.com.br\/artigos\/reducao-capital\/\" target=\"_blank\" rel=\"noopener\">redu\u00e7\u00e3o de capital<\/a> social que vem desde 2021.<\/p>\n\n\n\n<p>Segundo a companhia, esse resultado \u00e9 originado pela <a class=\"suno-keyword\" data-force=\"no\" data-priority=\"1\" href=\"https:\/\/www.suno.com.br\/artigos\/equivalencia-patrimonial\/\" target=\"_blank\" rel=\"noopener\">equival\u00eancia patrimonial<\/a> e <a class=\"suno-keyword\" data-force=\"no\" data-priority=\"1\" href=\"https:\/\/www.suno.com.br\/artigos\/entenda-o-jcp\/\" target=\"_blank\" rel=\"noopener\">juros sobre capital pr\u00f3prio<\/a> da <a class=\"suno-keyword\" data-force=\"yes\" data-priority=\"2\" href=\"https:\/\/www.suno.com.br\/acoes\/VALE3\/\" target=\"_blank\" rel=\"noopener\">Vale (VALE3)<\/a> &#8211; companhia na qual a empresa, bra\u00e7o de participa\u00e7\u00f5es do <a class=\"suno-keyword\" data-force=\"yes\" data-priority=\"2\" href=\"https:\/\/www.suno.com.br\/acoes\/BBDC4\/\" target=\"_blank\" rel=\"noopener\">Bradesco (BBDC4)<\/a> det\u00e9m parte.<\/p>\n\n\n\n<p>Ao final do primeiro trimestre de 2023, o valor de mercado dos ativos da Bradespar correspondia a R$ 13,1 bilh\u00f5es. Com isso, a empresa tem 3,68% do capital votante da Vale.<\/p>\n\n\n\n<p>O <a class=\"suno-keyword\" target=\"_blank\" data-force=\"no\" data-priority=\"1\" href=\"https:\/\/www.suno.com.br\/artigos\/lucro-operacional\/\" rel=\"noopener\">lucro operacional<\/a> antes de IR\/CS foi de R$ 770,9 milh\u00f5es, representando baixa de 16,8% na compara\u00e7\u00e3o com igual etapa de 2022.<\/p>\n\n\n\n<p>J\u00e1 o <a class=\"suno-keyword\" data-force=\"no\" data-priority=\"1\" href=\"https:\/\/www.suno.com.br\/artigos\/resultado-financeiro\/\" target=\"_blank\" rel=\"noopener\">resultado financeiro<\/a> da Bradespar foi positivo em R$ 18,1 milh\u00f5es ao fim de mar\u00e7o, decorrente, principalmente, de <a class=\"suno-keyword\" data-force=\"no\" data-priority=\"1\" href=\"https:\/\/www.suno.com.br\/artigos\/aplicacoes-financeiras\/\" target=\"_blank\" rel=\"noopener\">aplica\u00e7\u00f5es financeiras<\/a> e de remunera\u00e7\u00e3o sobre Impostos a Recuperar.<\/p>\n\n\n\n<p>&#8220;Tal resultado reflete a continuidade da posi\u00e7\u00e3o l\u00edquida de caixa da Companhia, na medida que liquidou todo o endividamento financeiro em exerc\u00edcios anteriores&#8221;, diz o <strong>resultado da Bradespar<\/strong>.<\/p>\n\n\n\n<p>As despesas gerais e administrativas da empresa foram de R$ 1,742 milh\u00e3o no 1T23, representando alta de 8,3% em rela\u00e7\u00e3o ao mesmo per\u00edodo de 2022.<\/p>\n\n\n\n<h2 class=\"wp-block-heading\">Desempenho de BRAP4<\/h2>\n\n\n\n<div class=\"pluginQuotation\">\n  <p class=\"ticker\">\n    Cota\u00e7\u00e3o <span>BRAP4<\/span>\n  <\/p>\n  <div class=\"info\">\n    <div class=\"leftSide\">\n      Gr\u00e1fico gerado em: 12\/05\/2023    <\/div>\n\t\t\t\t\t<div class=\"rightSide\">\n\t\t\t\t\t<span class=\"period\">\n\t\t\t\t\t\t1 Dia\t\t\t\t\t<\/span>\n\t\t\t<\/div>\n\t\t  <\/div>\n\n  <div id=\"chart-04d7f91e3d89f1e85e11e0e535884f84\" data-block-hash=\"04d7f91e3d89f1e85e11e0e535884f84\"  class=\"chart\" style=\"width:100%;height:400px;\"><\/div>\n\n  <div class=\"pluginQuotation__footer\">\n    <div class=\"dataChart\">\n\n      <div class=\"dataChart__div1 variation\">\n        <div class=\"value-negative\">\n          -0,27 (-0,06%)        <\/div>\n        <div class=\"text\">\n          Varia\u00e7\u00e3o do per\u00edodo\n        <\/div>\n      <\/div>\n\n      <div class=\"dataChart__div2 minMax\">\n        <div class=\"value\">\n          R$\u00a021,95        <\/div>\n        <div class=\"text\">\n          M\u00ednima\n        <\/div>\n      <\/div>\n\n      <div class=\"dataChart__div3 minMax\">\n        <div class=\"value\">\n          R$\u00a022,01        <\/div>\n        <div class=\"text\">\n          M\u00e1xima\n        <\/div>\n      <\/div>\n\n\t\t\t<div class=\"dataChart__div4 rightSide\">\n\t\t\t\t<div class=\"analiticaSource\">\n\t\t\t\t\t<span>\n\t\t\t\t\t\tFonte:\n\t\t\t\t\t<\/span>\n\t\t\t\t\t<img decoding=\"async\" class=\"analiticaLogo\" src=\"https:\/\/www.suno.com.br\/noticias\/wp-content\/plugins\/suno-block-ticker-quotation\/src\/suno-analitica-logo.png\" alt=\"Logo Suno Anal\u00edtica\" \/>\n\t\t\t\t<\/div>\n\n\t\t\t\t<a href=\"https:\/\/www.suno.com.br\/analitica\/acoes\/BRAP4\" target=\"_blank\">\n\t\t\t\t\t<span>\n\t\t\t\t\t\tVer mais cota\u00e7\u00f5es\n\t\t\t\t\t<\/span>\n\t\t\t\t\t<svg xmlns=\"http:\/\/www.w3.org\/2000\/svg\" width=\"9\" height=\"8\" viewBox=\"0 0 9 8\" fill=\"none\">\n\t\t\t\t\t\t<path d=\"M4.20996 0L3.50496 0.705L6.29496 3.5H0.209961V4.5H6.29496L3.50496 7.295L4.20996 8L8.20996 4L4.20996 0Z\" fill=\"#D42126\" \/>\n\t\t\t\t\t<\/svg>\n\t\t\t\t<\/a>\n    <\/div>\n\n    <\/div>\n  <\/div>\n<\/div>\n\n\n<script type=\"text\/javascript\">\n  let chart_04d7f91e3d89f1e85e11e0e535884f84 = document.getElementById('chart-04d7f91e3d89f1e85e11e0e535884f84');\n  let data_json_04d7f91e3d89f1e85e11e0e535884f84 = \"[{\\\"date\\\":\\\"12\\\\\\\/05\\\\\\\/23 10:02\\\",\\\"value\\\":22.01},{\\\"date\\\":\\\"12\\\\\\\/05\\\\\\\/23 10:04\\\",\\\"value\\\":21.99},{\\\"date\\\":\\\"12\\\\\\\/05\\\\\\\/23 10:06\\\",\\\"value\\\":21.95}]\";\n  let isPositive_04d7f91e3d89f1e85e11e0e535884f84 = \"\";\n\n  let color_04d7f91e3d89f1e85e11e0e535884f84 = isPositive_04d7f91e3d89f1e85e11e0e535884f84 ? '#3AB53A' : '#D92C2D';\n\n  let data_04d7f91e3d89f1e85e11e0e535884f84 = JSON.parse(data_json_04d7f91e3d89f1e85e11e0e535884f84);\n\n  const result_04d7f91e3d89f1e85e11e0e535884f84 = {\n    date: [],\n    value: [],\n  };\n\n  data_04d7f91e3d89f1e85e11e0e535884f84.forEach((item) => {\n    result_04d7f91e3d89f1e85e11e0e535884f84.date.push(item.date);\n    result_04d7f91e3d89f1e85e11e0e535884f84.value.push(Number(item.value));\n  });\n\n  let option_04d7f91e3d89f1e85e11e0e535884f84 = {\n    \/\/ variavel de cor global\n    color: [color_04d7f91e3d89f1e85e11e0e535884f84],\n    title: {\n      text: '',\n    },\n    tooltip: {\n      trigger: 'axis',\n      axisPointer: {\n        type: 'cross',\n        label: {\n          \/\/ cor dos valores em X e Y\n          backgroundColor: color_04d7f91e3d89f1e85e11e0e535884f84,\n          formatter: (value) => {\n            if (typeof value.value === 'number') {\n              return Number(value.value).toLocaleString('pt-br', {\n                style: 'currency',\n                currency: 'BRL'\n              });\n            }\n            return value.value;\n          },\n        },\n      },\n      valueFormatter: (value) => Number(value).toLocaleString('pt-br', {\n        style: 'currency',\n        currency: 'BRL'\n      }),\n    },\n    legend: {\n      \/\/ data: ['Valor de Fechamento'],\n      show: false,\n    },\n    toolbox: {\n      feature: {\n        saveAsImage: {\n          show: false,\n        },\n      },\n    },\n    grid: {\n      left: '0px',\n      right: '0px',\n      bottom: '0px',\n      containLabel: true,\n    },\n    xAxis: [{\n      type: 'category',\n      data: result_04d7f91e3d89f1e85e11e0e535884f84.date,\n      boundaryGap: true,\n    }],\n    yAxis: [{\n      type: 'value',\n      min: Math.min(...result_04d7f91e3d89f1e85e11e0e535884f84.value),\n      max: Math.max(...result_04d7f91e3d89f1e85e11e0e535884f84.value),\n      axisLabel: {\n        formatter: (value) => value.toLocaleString('pt-br', {\n          style: 'currency',\n          currency: 'BRL'\n        }),\n      },\n    }],\n    series: [{\n      name: 'Valor de Fechamento',\n      type: 'line',\n      stack: 'Total',\n      \/\/ cor do grafico\n      areaStyle: {},\n      emphasis: {\n        focus: 'series',\n      },\n      data: result_04d7f91e3d89f1e85e11e0e535884f84.value,\n      \/\/ cor da linha\n      lineStyle: {\n        color: color_04d7f91e3d89f1e85e11e0e535884f84,\n      },\n    }, ],\n  };\n\n\twindow.chart_04d7f91e3d89f1e85e11e0e535884f84 = {\n\t\tel: chart_04d7f91e3d89f1e85e11e0e535884f84,\n\t\toption: option_04d7f91e3d89f1e85e11e0e535884f84\t};\n\n\n<\/script>\n\n\n\n<h2 class=\"wp-block-heading\">Mais a\u00e7\u00f5es da Vale na Bradespar<\/h2>\n\n\n\n<p>Em seu <strong>balan\u00e7o do 1T23<\/strong>, a empresa destacou que a Vale registrou US$ 1,48 bilh\u00e3o em lucro l\u00edquido, al\u00e9m de US$ 1,1 bilh\u00e3o em investimentos.<\/p>\n\n\n\n<p>Al\u00e9m disso, a movimenta\u00e7\u00f5es na estrutura de capital foram feitas.<\/p>\n\n\n\n<p>&#8220;Cumpre destacar, ainda, o terceiro programa de recompra de a\u00e7\u00f5es da Vale. Neste trimestre, a empresa atingiu a marca de aproximadamente 233,7 milh\u00f5es de a\u00e7\u00f5es adquiridas, com desembolso de US$ 3,7 bilh\u00f5es, representando cerca de 47,0% do programa atualmente em vigor de at\u00e9 500 milh\u00f5es de a\u00e7\u00f5es. A Alta Administra\u00e7\u00e3o da empresa considera o presente programa de recompra um dos melhores investimentos dispon\u00edveis no cen\u00e1rio atual&#8221;, consta no documento do <strong>resultado do 1T23<\/strong>.<\/p>\n\n\n\n<p>&#8220;Por fim, em fevereiro do ano corrente, a VALE anunciou o pagamento de R$ 8,13 bilh\u00f5es em dividendos, que somados aos R$ 1,32 bilh\u00e3o de juros sobre o capital pr\u00f3prio j\u00e1 deliberados pelo Conselho de Administra\u00e7\u00e3o em dezembro de 2022, perfizeram o montante de R$ 9,45 bilh\u00f5es, cujo pagamento foi realizado em mar\u00e7o de 2023&#8221;, completa a <strong>Bradespar<\/strong>.<\/p>\n\n\n\t<p>\n\t\t<a href=\"https:\/\/lp.suno.com.br\/ebook-como-analisar-uma-acao\/\" target=\"_blank\" data-element=\"shortcode-suno-banner\" title=\"Banner SUNO, clique e saiba mais\">\n\t\t\t<picture>\n\t\t\t\t<source media=\"(max-width: 500px)\" srcset=\"https:\/\/files.sunoresearch.com.br\/n\/uploads\/2023\/03\/Ebook-Acoes-Mobile.jpg\">\n\t\t\t\t<img class=\"newsContent__article__imgCapa newsContent__article__imgCapa--banner\"\n\t\t\t\t\tsrc=\"https:\/\/files.sunoresearch.com.br\/n\/uploads\/2023\/03\/Ebook-Acoes-Desktop.jpg\"\n\t\t\t\t\tdata-promo-id=\"378302\"\t\t\t\t\t\t\t\t\t\twidth='1420' height='286'\t\t\t\t\talt=\"https:\/\/files.sunoresearch.com.br\/n\/uploads\/2023\/03\/Ebook-Acoes-Desktop.jpg\"\n\t\t\t\t>\n\t\t\t<\/picture>\n\t\t<\/a>\n\t<\/p>\n\n\n","protected":false},"excerpt":{"rendered":"<p>A Bradespar (BRAP4) anotou lucro l\u00edquido de R$ 768 milh\u00f5es no primeiro trimestre de 2023 (1T23), conforme balan\u00e7o divulgado nesta sexta-feira (12). Com isso, a BRAP4 apresenta uma baixa de 16,9% na base anual. A Bradespar destaca que esse foi um dos seus melhores trimestres da hist\u00f3ria, apesar da redu\u00e7\u00e3o de capital social que vem [&hellip;]<\/p>\n","protected":false},"author":73,"featured_media":381436,"comment_status":"closed","ping_status":"closed","sticky":false,"template":"","format":"standard","meta":[],"categories":[64],"tags":[1029,393,1607],"suno_strategy":[],"class_list":["post-403552","post","type-post","status-publish","format-standard","has-post-thumbnail","hentry","category-negocios","tag-balancos-trimestrais","tag-bradespar-brap3-brap4","tag-resultado-das-empresas"],"yoast_head":"<!-- This site is optimized with the Yoast SEO plugin v24.4 - https:\/\/yoast.com\/wordpress\/plugins\/seo\/ -->\n<title>Bradespar (BRAP4) lucra R$ 768 milh\u00f5es no 1T23<\/title>\n<meta name=\"description\" content=\"A Bradespar destaca que esse foi um dos seus melhores trimestres da hist\u00f3ria, apesar da redu\u00e7\u00e3o de capital social que vem desde 2021.\" \/>\n<meta name=\"robots\" content=\"index, follow, max-snippet:-1, max-image-preview:large, max-video-preview:-1\" \/>\n<link rel=\"canonical\" href=\"https:\/\/www.suno.com.br\/noticias\/bradespar-brap4-resultado-1t23-balanco\/\" \/>\n<meta property=\"og:locale\" content=\"pt_BR\" \/>\n<meta property=\"og:type\" content=\"article\" \/>\n<meta property=\"og:title\" content=\"Bradespar (BRAP4) lucra R$ 768 milh\u00f5es no 1T23\" \/>\n<meta property=\"og:description\" content=\"A Bradespar destaca que esse foi um dos seus melhores trimestres da hist\u00f3ria, apesar da redu\u00e7\u00e3o de capital social que vem desde 2021.\" \/>\n<meta property=\"og:url\" content=\"https:\/\/www.suno.com.br\/noticias\/bradespar-brap4-resultado-1t23-balanco\/\" \/>\n<meta property=\"og:site_name\" content=\"Suno Not\u00edcias\" \/>\n<meta property=\"article:publisher\" content=\"https:\/\/facebook.com\/sunoresearch\" \/>\n<meta property=\"og:image\" content=\"https:\/\/files.sunoresearch.com.br\/n\/uploads\/2023\/03\/Bradespar.jpg\" \/>\n\t<meta property=\"og:image:width\" content=\"1400\" \/>\n\t<meta property=\"og:image:height\" content=\"833\" \/>\n\t<meta property=\"og:image:type\" content=\"image\/jpeg\" \/>\n<meta name=\"author\" content=\"Eduardo Vargas\" \/>\n<meta name=\"twitter:card\" content=\"summary_large_image\" \/>\n<meta name=\"twitter:creator\" content=\"@sunoresearch\" \/>\n<meta name=\"twitter:site\" content=\"@sunoresearch\" \/>\n<meta name=\"twitter:label1\" content=\"Escrito por\" \/>\n\t<meta name=\"twitter:data1\" content=\"Eduardo Vargas\" \/>\n\t<meta name=\"twitter:label2\" content=\"Est. tempo de leitura\" \/>\n\t<meta name=\"twitter:data2\" content=\"3 minutos\" \/>\n<script type=\"application\/ld+json\" class=\"yoast-schema-graph\">{\"@context\":\"https:\/\/schema.org\",\"@graph\":[{\"@type\":\"NewsArticle\",\"@id\":\"https:\/\/www.suno.com.br\/noticias\/bradespar-brap4-resultado-1t23-balanco\/#article\",\"isPartOf\":{\"@id\":\"https:\/\/www.suno.com.br\/noticias\/bradespar-brap4-resultado-1t23-balanco\/\"},\"author\":{\"name\":\"Eduardo Vargas\",\"@id\":\"https:\/\/www.suno.com.br\/noticias\/#\/schema\/person\/7f4d362bf3518e76090143ae77bb49a5\"},\"headline\":\"Bradespar (BRAP4) lucra R$ 768 milh\u00f5es no 1T23\",\"datePublished\":\"2023-05-12T11:21:03+00:00\",\"dateModified\":\"2023-05-12T14:34:33+00:00\",\"mainEntityOfPage\":{\"@id\":\"https:\/\/www.suno.com.br\/noticias\/bradespar-brap4-resultado-1t23-balanco\/\"},\"wordCount\":432,\"publisher\":{\"@id\":\"https:\/\/www.suno.com.br\/noticias\/#organization\"},\"image\":{\"@id\":\"https:\/\/www.suno.com.br\/noticias\/bradespar-brap4-resultado-1t23-balanco\/#primaryimage\"},\"thumbnailUrl\":\"https:\/\/files.sunoresearch.com.br\/n\/uploads\/2023\/03\/Bradespar.jpg\",\"keywords\":[\"balan\u00e7os trimestrais\",\"Bradespar (BRAP3\/BRAP4)\",\"Resultado das empresas\"],\"articleSection\":[\"Neg\u00f3cios\"],\"inLanguage\":\"pt-BR\"},{\"@type\":\"WebPage\",\"@id\":\"https:\/\/www.suno.com.br\/noticias\/bradespar-brap4-resultado-1t23-balanco\/\",\"url\":\"https:\/\/www.suno.com.br\/noticias\/bradespar-brap4-resultado-1t23-balanco\/\",\"name\":\"Bradespar (BRAP4) lucra R$ 768 milh\u00f5es no 1T23\",\"isPartOf\":{\"@id\":\"https:\/\/www.suno.com.br\/noticias\/#website\"},\"primaryImageOfPage\":{\"@id\":\"https:\/\/www.suno.com.br\/noticias\/bradespar-brap4-resultado-1t23-balanco\/#primaryimage\"},\"image\":{\"@id\":\"https:\/\/www.suno.com.br\/noticias\/bradespar-brap4-resultado-1t23-balanco\/#primaryimage\"},\"thumbnailUrl\":\"https:\/\/files.sunoresearch.com.br\/n\/uploads\/2023\/03\/Bradespar.jpg\",\"datePublished\":\"2023-05-12T11:21:03+00:00\",\"dateModified\":\"2023-05-12T14:34:33+00:00\",\"description\":\"A Bradespar destaca que esse foi um dos seus melhores trimestres da hist\u00f3ria, apesar da redu\u00e7\u00e3o de capital social que vem desde 2021.\",\"breadcrumb\":{\"@id\":\"https:\/\/www.suno.com.br\/noticias\/bradespar-brap4-resultado-1t23-balanco\/#breadcrumb\"},\"inLanguage\":\"pt-BR\",\"potentialAction\":[{\"@type\":\"ReadAction\",\"target\":[\"https:\/\/www.suno.com.br\/noticias\/bradespar-brap4-resultado-1t23-balanco\/\"]}]},{\"@type\":\"ImageObject\",\"inLanguage\":\"pt-BR\",\"@id\":\"https:\/\/www.suno.com.br\/noticias\/bradespar-brap4-resultado-1t23-balanco\/#primaryimage\",\"url\":\"https:\/\/files.sunoresearch.com.br\/n\/uploads\/2023\/03\/Bradespar.jpg\",\"contentUrl\":\"https:\/\/files.sunoresearch.com.br\/n\/uploads\/2023\/03\/Bradespar.jpg\",\"width\":1400,\"height\":833,\"caption\":\"Bradespar (BRAP4) - Foto: Ricardo Teles\/Divulga\u00e7\u00e3o\"},{\"@type\":\"BreadcrumbList\",\"@id\":\"https:\/\/www.suno.com.br\/noticias\/bradespar-brap4-resultado-1t23-balanco\/#breadcrumb\",\"itemListElement\":[{\"@type\":\"ListItem\",\"position\":1,\"name\":\"Not\u00edcias\",\"item\":\"https:\/\/www.suno.com.br\/noticias\/\"},{\"@type\":\"ListItem\",\"position\":2,\"name\":\"Neg\u00f3cios\",\"item\":\"https:\/\/www.suno.com.br\/noticias\/negocios\/\"},{\"@type\":\"ListItem\",\"position\":3,\"name\":\"Bradespar (BRAP4) lucra R$ 768 milh\u00f5es no 1T23\"}]},{\"@type\":\"WebSite\",\"@id\":\"https:\/\/www.suno.com.br\/noticias\/#website\",\"url\":\"https:\/\/www.suno.com.br\/noticias\/\",\"name\":\"Suno Not\u00edcias\",\"description\":\"Seu portal de informa\u00e7\u00e3o sobre o mundo dos investimentos\",\"publisher\":{\"@id\":\"https:\/\/www.suno.com.br\/noticias\/#organization\"},\"potentialAction\":[{\"@type\":\"SearchAction\",\"target\":{\"@type\":\"EntryPoint\",\"urlTemplate\":\"https:\/\/www.suno.com.br\/noticias\/?s={search_term_string}\"},\"query-input\":{\"@type\":\"PropertyValueSpecification\",\"valueRequired\":true,\"valueName\":\"search_term_string\"}}],\"inLanguage\":\"pt-BR\"},{\"@type\":\"Organization\",\"@id\":\"https:\/\/www.suno.com.br\/noticias\/#organization\",\"name\":\"Suno Not\u00edcias\",\"url\":\"https:\/\/www.suno.com.br\/noticias\/\",\"logo\":{\"@type\":\"ImageObject\",\"inLanguage\":\"pt-BR\",\"@id\":\"https:\/\/www.suno.com.br\/noticias\/#\/schema\/logo\/image\/\",\"url\":\"https:\/\/files.sunoresearch.com.br\/n\/uploads\/2021\/09\/suno-logo.png\",\"contentUrl\":\"https:\/\/files.sunoresearch.com.br\/n\/uploads\/2021\/09\/suno-logo.png\",\"width\":180,\"height\":180,\"caption\":\"Suno Not\u00edcias\"},\"image\":{\"@id\":\"https:\/\/www.suno.com.br\/noticias\/#\/schema\/logo\/image\/\"},\"sameAs\":[\"https:\/\/facebook.com\/sunoresearch\",\"https:\/\/x.com\/sunoresearch\",\"https:\/\/www.instagram.com\/suno\",\"https:\/\/www.linkedin.com\/company\/suno-research\/\",\"https:\/\/www.youtube.com\/c\/sunoresearch\"]},{\"@type\":\"Person\",\"@id\":\"https:\/\/www.suno.com.br\/noticias\/#\/schema\/person\/7f4d362bf3518e76090143ae77bb49a5\",\"name\":\"Eduardo Vargas\",\"image\":{\"@type\":\"ImageObject\",\"inLanguage\":\"pt-BR\",\"@id\":\"https:\/\/www.suno.com.br\/noticias\/#\/schema\/person\/image\/\",\"url\":\"https:\/\/secure.gravatar.com\/avatar\/dac340933427a22924c9f99d1eb2e3f2?s=96&r=g\",\"contentUrl\":\"https:\/\/secure.gravatar.com\/avatar\/dac340933427a22924c9f99d1eb2e3f2?s=96&r=g\",\"caption\":\"Eduardo Vargas\"},\"description\":\"Jornalista formado pela UFSC, cobre macroeconomia, neg\u00f3cios e startups para o Suno Not\u00edcias, escrevendo principalmente not\u00edcias sobre o mercado financeiro e a bolsa de valores. No YouTube e no Instagram, \u00e9 respons\u00e1vel pela produ\u00e7\u00e3o de Reels e Shorts do Suno Not\u00edcias. Anteriormente, trabalhou cobrindo economia e cotidiano no ND+ e para o ND, maior jornal impresso de Santa Catarina. Cursou um semestre letivo de Estudos de M\u00eddia na Universidad de Buenos Aires.\",\"url\":\"https:\/\/www.suno.com.br\/noticias\/author\/eduardo-vargas\/\"}]}<\/script>\n<!-- \/ Yoast SEO plugin. -->","yoast_head_json":{"title":"Bradespar (BRAP4) lucra R$ 768 milh\u00f5es no 1T23","description":"A Bradespar destaca que esse foi um dos seus melhores trimestres da hist\u00f3ria, apesar da redu\u00e7\u00e3o de capital social que vem desde 2021.","robots":{"index":"index","follow":"follow","max-snippet":"max-snippet:-1","max-image-preview":"max-image-preview:large","max-video-preview":"max-video-preview:-1"},"canonical":"https:\/\/www.suno.com.br\/noticias\/bradespar-brap4-resultado-1t23-balanco\/","og_locale":"pt_BR","og_type":"article","og_title":"Bradespar (BRAP4) lucra R$ 768 milh\u00f5es no 1T23","og_description":"A Bradespar destaca que esse foi um dos seus melhores trimestres da hist\u00f3ria, apesar da redu\u00e7\u00e3o de capital social que vem desde 2021.","og_url":"https:\/\/www.suno.com.br\/noticias\/bradespar-brap4-resultado-1t23-balanco\/","og_site_name":"Suno Not\u00edcias","article_publisher":"https:\/\/facebook.com\/sunoresearch","og_image":[{"width":1400,"height":833,"url":"https:\/\/files.sunoresearch.com.br\/n\/uploads\/2023\/03\/Bradespar.jpg","type":"image\/jpeg"}],"author":"Eduardo Vargas","twitter_card":"summary_large_image","twitter_creator":"@sunoresearch","twitter_site":"@sunoresearch","twitter_misc":{"Escrito por":"Eduardo Vargas","Est. tempo de leitura":"3 minutos"},"schema":{"@context":"https:\/\/schema.org","@graph":[{"@type":"NewsArticle","@id":"https:\/\/www.suno.com.br\/noticias\/bradespar-brap4-resultado-1t23-balanco\/#article","isPartOf":{"@id":"https:\/\/www.suno.com.br\/noticias\/bradespar-brap4-resultado-1t23-balanco\/"},"author":{"name":"Eduardo Vargas","@id":"https:\/\/www.suno.com.br\/noticias\/#\/schema\/person\/7f4d362bf3518e76090143ae77bb49a5"},"headline":"Bradespar (BRAP4) lucra R$ 768 milh\u00f5es no 1T23","datePublished":"2023-05-12T11:21:03+00:00","dateModified":"2023-05-12T14:34:33+00:00","mainEntityOfPage":{"@id":"https:\/\/www.suno.com.br\/noticias\/bradespar-brap4-resultado-1t23-balanco\/"},"wordCount":432,"publisher":{"@id":"https:\/\/www.suno.com.br\/noticias\/#organization"},"image":{"@id":"https:\/\/www.suno.com.br\/noticias\/bradespar-brap4-resultado-1t23-balanco\/#primaryimage"},"thumbnailUrl":"https:\/\/files.sunoresearch.com.br\/n\/uploads\/2023\/03\/Bradespar.jpg","keywords":["balan\u00e7os trimestrais","Bradespar (BRAP3\/BRAP4)","Resultado das empresas"],"articleSection":["Neg\u00f3cios"],"inLanguage":"pt-BR"},{"@type":"WebPage","@id":"https:\/\/www.suno.com.br\/noticias\/bradespar-brap4-resultado-1t23-balanco\/","url":"https:\/\/www.suno.com.br\/noticias\/bradespar-brap4-resultado-1t23-balanco\/","name":"Bradespar (BRAP4) lucra R$ 768 milh\u00f5es no 1T23","isPartOf":{"@id":"https:\/\/www.suno.com.br\/noticias\/#website"},"primaryImageOfPage":{"@id":"https:\/\/www.suno.com.br\/noticias\/bradespar-brap4-resultado-1t23-balanco\/#primaryimage"},"image":{"@id":"https:\/\/www.suno.com.br\/noticias\/bradespar-brap4-resultado-1t23-balanco\/#primaryimage"},"thumbnailUrl":"https:\/\/files.sunoresearch.com.br\/n\/uploads\/2023\/03\/Bradespar.jpg","datePublished":"2023-05-12T11:21:03+00:00","dateModified":"2023-05-12T14:34:33+00:00","description":"A Bradespar destaca que esse foi um dos seus melhores trimestres da hist\u00f3ria, apesar da redu\u00e7\u00e3o de capital social que vem desde 2021.","breadcrumb":{"@id":"https:\/\/www.suno.com.br\/noticias\/bradespar-brap4-resultado-1t23-balanco\/#breadcrumb"},"inLanguage":"pt-BR","potentialAction":[{"@type":"ReadAction","target":["https:\/\/www.suno.com.br\/noticias\/bradespar-brap4-resultado-1t23-balanco\/"]}]},{"@type":"ImageObject","inLanguage":"pt-BR","@id":"https:\/\/www.suno.com.br\/noticias\/bradespar-brap4-resultado-1t23-balanco\/#primaryimage","url":"https:\/\/files.sunoresearch.com.br\/n\/uploads\/2023\/03\/Bradespar.jpg","contentUrl":"https:\/\/files.sunoresearch.com.br\/n\/uploads\/2023\/03\/Bradespar.jpg","width":1400,"height":833,"caption":"Bradespar (BRAP4) - Foto: Ricardo Teles\/Divulga\u00e7\u00e3o"},{"@type":"BreadcrumbList","@id":"https:\/\/www.suno.com.br\/noticias\/bradespar-brap4-resultado-1t23-balanco\/#breadcrumb","itemListElement":[{"@type":"ListItem","position":1,"name":"Not\u00edcias","item":"https:\/\/www.suno.com.br\/noticias\/"},{"@type":"ListItem","position":2,"name":"Neg\u00f3cios","item":"https:\/\/www.suno.com.br\/noticias\/negocios\/"},{"@type":"ListItem","position":3,"name":"Bradespar (BRAP4) lucra R$ 768 milh\u00f5es no 1T23"}]},{"@type":"WebSite","@id":"https:\/\/www.suno.com.br\/noticias\/#website","url":"https:\/\/www.suno.com.br\/noticias\/","name":"Suno Not\u00edcias","description":"Seu portal de informa\u00e7\u00e3o sobre o mundo dos investimentos","publisher":{"@id":"https:\/\/www.suno.com.br\/noticias\/#organization"},"potentialAction":[{"@type":"SearchAction","target":{"@type":"EntryPoint","urlTemplate":"https:\/\/www.suno.com.br\/noticias\/?s={search_term_string}"},"query-input":{"@type":"PropertyValueSpecification","valueRequired":true,"valueName":"search_term_string"}}],"inLanguage":"pt-BR"},{"@type":"Organization","@id":"https:\/\/www.suno.com.br\/noticias\/#organization","name":"Suno Not\u00edcias","url":"https:\/\/www.suno.com.br\/noticias\/","logo":{"@type":"ImageObject","inLanguage":"pt-BR","@id":"https:\/\/www.suno.com.br\/noticias\/#\/schema\/logo\/image\/","url":"https:\/\/files.sunoresearch.com.br\/n\/uploads\/2021\/09\/suno-logo.png","contentUrl":"https:\/\/files.sunoresearch.com.br\/n\/uploads\/2021\/09\/suno-logo.png","width":180,"height":180,"caption":"Suno Not\u00edcias"},"image":{"@id":"https:\/\/www.suno.com.br\/noticias\/#\/schema\/logo\/image\/"},"sameAs":["https:\/\/facebook.com\/sunoresearch","https:\/\/x.com\/sunoresearch","https:\/\/www.instagram.com\/suno","https:\/\/www.linkedin.com\/company\/suno-research\/","https:\/\/www.youtube.com\/c\/sunoresearch"]},{"@type":"Person","@id":"https:\/\/www.suno.com.br\/noticias\/#\/schema\/person\/7f4d362bf3518e76090143ae77bb49a5","name":"Eduardo Vargas","image":{"@type":"ImageObject","inLanguage":"pt-BR","@id":"https:\/\/www.suno.com.br\/noticias\/#\/schema\/person\/image\/","url":"https:\/\/secure.gravatar.com\/avatar\/dac340933427a22924c9f99d1eb2e3f2?s=96&r=g","contentUrl":"https:\/\/secure.gravatar.com\/avatar\/dac340933427a22924c9f99d1eb2e3f2?s=96&r=g","caption":"Eduardo Vargas"},"description":"Jornalista formado pela UFSC, cobre macroeconomia, neg\u00f3cios e startups para o Suno Not\u00edcias, escrevendo principalmente not\u00edcias sobre o mercado financeiro e a bolsa de valores. No YouTube e no Instagram, \u00e9 respons\u00e1vel pela produ\u00e7\u00e3o de Reels e Shorts do Suno Not\u00edcias. Anteriormente, trabalhou cobrindo economia e cotidiano no ND+ e para o ND, maior jornal impresso de Santa Catarina. Cursou um semestre letivo de Estudos de M\u00eddia na Universidad de Buenos Aires.","url":"https:\/\/www.suno.com.br\/noticias\/author\/eduardo-vargas\/"}]}},"default_loop_html":"<div class=\"cardsPage__listCard__boxs\"><div class=\"cardsPage__listCard__boxs__img\"><a href=\"https:\/\/www.suno.com.br\/noticias\/bradespar-brap4-resultado-1t23-balanco\/\"><img class=\"mask\" src=\"https:\/\/www.suno.com.br\/noticias\/wp-content\/themes\/suno\/resources\/images\/spotlight\/spotlight1img\/bg-mask.png\" alt=\"Image Mask\"\/><img src=\"https:\/\/files.sunoresearch.com.br\/n\/uploads\/2023\/03\/Bradespar-400x200.jpg\" alt=\"Bradespar (BRAP4) lucra R$ 768 milh\u00f5es no 1T23\"\/><\/a><span class=\"spotlightCategory\"><a href=\"https:\/\/www.suno.com.br\/noticias\/negocios\/\">Neg\u00f3cios<\/a><\/span><\/div><div class=\"cardsPage__listCard__boxs__content\"><a href=\"https:\/\/www.suno.com.br\/noticias\/bradespar-brap4-resultado-1t23-balanco\/\"><h2 class=\"content__title\">Bradespar (BRAP4) lucra R$ 768 milh\u00f5es no 1T23<\/h2><\/a><div class=\"newsContent__article__meta\"><div class=\"newsContent__article__meta__authorBox\"><a href=\"https:\/\/www.suno.com.br\/noticias\/author\/eduardo-vargas\/\" class=\"authorBox__avatar noMobi\"><img src=\"https:\/\/secure.gravatar.com\/avatar\/dac340933427a22924c9f99d1eb2e3f2?s=96&#038;r=g\" alt=\"Eduardo Vargas\"><\/a><div class=\"authorBox__name\"><span>por\n\t\t\t<a href=\"https:\/\/www.suno.com.br\/noticias\/author\/eduardo-vargas\/\"><span itemprop=\"author\">Eduardo Vargas<\/span><\/a><\/span><time datetime=\"2023-05-12T08:21:03-03:00\" itemprop=\"datePublished\">12\/05\/2023 08:21<\/time><\/div><\/div><\/div><\/div><\/div>","single_layout":"posts","amp_enabled":true,"_links":{"self":[{"href":"https:\/\/www.suno.com.br\/noticias\/wp-json\/wp\/v2\/posts\/403552"}],"collection":[{"href":"https:\/\/www.suno.com.br\/noticias\/wp-json\/wp\/v2\/posts"}],"about":[{"href":"https:\/\/www.suno.com.br\/noticias\/wp-json\/wp\/v2\/types\/post"}],"author":[{"embeddable":true,"href":"https:\/\/www.suno.com.br\/noticias\/wp-json\/wp\/v2\/users\/73"}],"replies":[{"embeddable":true,"href":"https:\/\/www.suno.com.br\/noticias\/wp-json\/wp\/v2\/comments?post=403552"}],"version-history":[{"count":2,"href":"https:\/\/www.suno.com.br\/noticias\/wp-json\/wp\/v2\/posts\/403552\/revisions"}],"predecessor-version":[{"id":403727,"href":"https:\/\/www.suno.com.br\/noticias\/wp-json\/wp\/v2\/posts\/403552\/revisions\/403727"}],"wp:featuredmedia":[{"embeddable":true,"href":"https:\/\/www.suno.com.br\/noticias\/wp-json\/wp\/v2\/media\/381436"}],"wp:attachment":[{"href":"https:\/\/www.suno.com.br\/noticias\/wp-json\/wp\/v2\/media?parent=403552"}],"wp:term":[{"taxonomy":"category","embeddable":true,"href":"https:\/\/www.suno.com.br\/noticias\/wp-json\/wp\/v2\/categories?post=403552"},{"taxonomy":"post_tag","embeddable":true,"href":"https:\/\/www.suno.com.br\/noticias\/wp-json\/wp\/v2\/tags?post=403552"},{"taxonomy":"suno_strategy","embeddable":true,"href":"https:\/\/www.suno.com.br\/noticias\/wp-json\/wp\/v2\/suno_strategy?post=403552"}],"curies":[{"name":"wp","href":"https:\/\/api.w.org\/{rel}","templated":true}]}}