{"id":403333,"date":"2023-05-11T18:29:10","date_gmt":"2023-05-11T21:29:10","guid":{"rendered":"https:\/\/www.suno.com.br\/noticias\/?p=403333"},"modified":"2023-05-11T18:29:16","modified_gmt":"2023-05-11T21:29:16","slug":"lula-petrobras-petr4-correios-nao-vai-vender","status":"publish","type":"post","link":"https:\/\/www.suno.com.br\/noticias\/lula-petrobras-petr4-correios-nao-vai-vender\/","title":{"rendered":"Lula avisa que n\u00e3o vai vender Petrobras (PETR4) nem Correios; presidente aponta &#8216;sacanagem&#8217; na privatiza\u00e7\u00e3o da Eletrobras (ELET6)"},"content":{"rendered":"<p>O presidente da Rep\u00fablica, Luiz In\u00e1cio <strong>Lula<\/strong> da Silva, disse nesta quinta (11) que n\u00e3o pretende vender mais ativos da <a class=\"suno-keyword\" data-force=\"yes\" data-priority=\"2\" href=\"https:\/\/www.suno.com.br\/acoes\/PETR4\/\" target=\"_blank\" rel=\"noopener\">Petrobras (PETR4)<\/a> e que os Correios n\u00e3o ser\u00e3o privatizados. O chefe do Executivo afirmou que somar\u00e1 esfor\u00e7os para que a estatal tenha gasolina e \u00f3leo diesel mais baratos. Al\u00e9m disso, o governante voltou a criticar a venda da <a class=\"suno-keyword\" data-force=\"yes\" data-priority=\"2\" href=\"https:\/\/www.suno.com.br\/acoes\/ELET6\/\" target=\"_blank\" rel=\"noopener\">Eletrobras (ELET6)<\/a>, a que classificou como &#8220;sacanagem&#8221;.<\/p>\t<div class=\"wrapper-featured-image\">\n\t\t<figure class=\"spotlightImg\">\n\n\t\t\t<picture>\n\t\t\t\t<source media=\"(max-width: 768px)\" srcset=\"https:\/\/files.sunoresearch.com.br\/n\/uploads\/2023\/03\/lula-entrevista-petrobras-petr4-foto-tv247-youtube-400x200.jpg\">\n\t\t\t\t<img loading=\"lazy\" decoding=\"async\" class=\"newsContent__article__imgCapa lazyloadDisabled \" src=\"https:\/\/files.sunoresearch.com.br\/n\/uploads\/2023\/03\/lula-entrevista-petrobras-petr4-foto-tv247-youtube-800x450.jpg\" width=\"800\" height=\"450\" alt=\"Lula avisa que n\u00e3o vai vender Petrobras (PETR4) nem Correios; presidente aponta &#8216;sacanagem&#8217; na privatiza\u00e7\u00e3o da Eletrobras (ELET6)\" fetchpriority=high \/>\n\t\t\t<\/picture>\n\n\t\t\t<figcaption class=\"wp-caption-text wp-caption-text--show\">Presidente Lula em entrevista ao canal TV 247. Foto: YouTube<\/figcaption>\n\t\t<\/figure>\n\t<\/div>\n\n\n\n\n\n\t<p>\n\t\t<a href=\"\" target=\"_blank\" data-element=\"shortcode-suno-banner\" title=\"Banner SUNO, clique e saiba mais\">\n\t\t\t<picture>\n\t\t\t\t<source media=\"(max-width: 500px)\" srcset=\"\">\n\t\t\t\t<img class=\"newsContent__article__imgCapa newsContent__article__imgCapa--banner\"\n\t\t\t\t\tsrc=\"\"\n\t\t\t\t\tdata-promo-id=\"254218\"\t\t\t\t\t\t\t\t\t\t\t\t\t\t\talt=\"\"\n\t\t\t\t>\n\t\t\t<\/picture>\n\t\t<\/a>\n\t<\/p>\n\n\n\n\n\n<p>&#8220;N\u00e3o vamos vender mais nada da<strong> Petrobras<\/strong>, o Correio n\u00e3o ser\u00e1 vendido, vamos tentar fazer com que a Petrobras possa ter a gasolina e \u00f3leo diesel mais baratos&#8221;, comentou Lula no evento de lan\u00e7amento das plen\u00e1rias estaduais do PPA Participativo. &#8220;Que a gente possa voltar a construir navio, possa voltar a fazer plataforma e recuperar o maior patrim\u00f4nio que o povo brasileiro construiu&#8221;<\/p>\n\n\n\n<p>No discurso, Lula tamb\u00e9m criticou a venda da <strong>Eletrobras<\/strong> que, segundo ele, foi com objetivo de &#8220;pagar juros&#8221;. <\/p>\n\n\n\n<blockquote class=\"wp-block-quote is-layout-flow wp-block-quote-is-layout-flow\">\n<p>Hoje, n\u00e3o temos estatal e ainda estamos devendo muito. Veja a sacanagem, tem gente preocupada com o que eu falo, e o que eu falo \u00e9 o que aconteceu. O governo tem 43% das a\u00e7\u00f5es mas, no conselho, s\u00f3 tem direito a um voto. Nossos 40% s\u00f3 valem um.<\/p>\n<\/blockquote>\n\n\n\n<p>Na \u00faltima sexta (5), a Advocacia-Geral da Uni\u00e3o (AGU) entrou com uma a\u00e7\u00e3o de inconstitucionalidade no Supremo Tribunal Federal (STF) questionando o poder de voto que o Estado tem na Eletrobras, de 10%. A Uni\u00e3o det\u00e9m 43% da empresa, privatizada em junho do ano passado pelo governo Bolsonaro. O governo federal pede que essa restri\u00e7\u00e3o seja suspensa at\u00e9 o julgamento do processo pelo STF.<\/p>\n\n\n\n<p>A justificativa do pedido \u00e9 de que a limita\u00e7\u00e3o do voto &#8220;\u00e9 uma afronta aos princ\u00edpios constitucionais de razoabilidade, proporcionalidade, impessoalidade, da moralidade e da efici\u00eancia da administra\u00e7\u00e3o p\u00fablica&#8221;.<\/p>\n\n\n\t<p>\n\t\t<a href=\"https:\/\/lp.suno.com.br\/suno-one\/?utm_campaign=_SNC6964518A_\" target=\"_blank\" data-element=\"shortcode-suno-banner\" title=\"Banner SUNO, clique e saiba mais\">\n\t\t\t<picture>\n\t\t\t\t<source media=\"(max-width: 500px)\" srcset=\"https:\/\/files.sunoresearch.com.br\/n\/uploads\/2025\/09\/400x300-Suno-One-png.webp\">\n\t\t\t\t<img class=\"newsContent__article__imgCapa newsContent__article__imgCapa--banner\"\n\t\t\t\t\tsrc=\"https:\/\/files.sunoresearch.com.br\/n\/uploads\/2025\/09\/1420x240-Suno-One-png.webp\"\n\t\t\t\t\tdata-promo-id=\"383121\"\t\t\t\t\t\t\t\t\t\twidth='1420' height='240'\t\t\t\t\talt=\"https:\/\/files.sunoresearch.com.br\/n\/uploads\/2025\/09\/1420x240-Suno-One-png.webp\"\n\t\t\t\t>\n\t\t\t<\/picture>\n\t\t<\/a>\n\t<\/p>\n\n\n\n\n\n<h2 class=\"wp-block-heading\">Petrobras no Ibovespa hoje<\/h2>\n\n\n\n<p>As <strong>a\u00e7\u00f5es da Petrobras<\/strong> foram impulsionadas no Ibovespa hoje com o an\u00fancio da distribui\u00e7\u00e3o de R$ 24,7 bilh\u00f5es em <a class=\"suno-keyword\" data-force=\"no\" data-priority=\"1\" href=\"https:\/\/www.suno.com.br\/guias\/dividendos\/\" target=\"_blank\" rel=\"noopener\">dividendos<\/a>. <\/p>\n\n\n\t<div data-element=\"shortcode-read-more\" class=\"knowMore\">\n\t\t\t\t<span class=\"knowMore__title\">Leia mais<\/span>\n\t\t\t\t<a class=\"knowMore__link\" href=\"https:\/\/www.suno.com.br\/noticias\/petrobras-petr4-pagamento-dividendos-1t23\/\">\n\t\t\tPetrobras (PETR4) aprova pagamento de dividendos bilion\u00e1rios; veja valor por a\u00e7\u00e3o\t\t<\/a>\n\t<\/div>\n\n\n\n\n<p>A data de corte \u00e9 amanh\u00e3 (12) para os investidores da B3 e o pagamento ser\u00e1 feito em duas parcelas, da seguinte forma:<\/p>\n\n\n\n<ul class=\"wp-block-list\">\n<li>1\u00ba parcela: R$ 0,946788 por a\u00e7\u00e3o ordin\u00e1ria e preferencial em circula\u00e7\u00e3o; pagamento: 18\/08\/23<\/li>\n\n\n\n<li>2\u00ba parcela: R$ 0,946789 por a\u00e7\u00e3o ordin\u00e1ria e preferencial; pagamento: 20\/09\/23<\/li>\n<\/ul>\n\n\n\n<p>Com as falas de<strong> Lula<\/strong> e os dividendos da Petrobras, os pap\u00e9is da petroleira fecharam o dia com alta de 3,67%, aos R$ 25,43.<\/p>\n\n\n\n<p><em>Com Estad\u00e3o Conte\u00fado<\/em><\/p>\n\n\n\t<p>\n\t\t<a href=\"https:\/\/lp.suno.com.br\/plataforma-de-controle-de-investimentos\/\" target=\"_blank\" data-element=\"shortcode-suno-banner\" title=\"Banner SUNO, clique e saiba mais\">\n\t\t\t<picture>\n\t\t\t\t<source media=\"(max-width: 500px)\" srcset=\"https:\/\/files.sunoresearch.com.br\/n\/uploads\/2023\/03\/400x300-Controle-de-Investimentos.png\">\n\t\t\t\t<img class=\"newsContent__article__imgCapa newsContent__article__imgCapa--banner\"\n\t\t\t\t\tsrc=\"https:\/\/files.sunoresearch.com.br\/n\/uploads\/2023\/03\/1420x240-Controle-de-Investimentos.png\"\n\t\t\t\t\tdata-promo-id=\"383162\"\t\t\t\t\t\t\t\t\t\twidth='1420' height='240'\t\t\t\t\talt=\"https:\/\/files.sunoresearch.com.br\/n\/uploads\/2023\/03\/1420x240-Controle-de-Investimentos.png\"\n\t\t\t\t>\n\t\t\t<\/picture>\n\t\t<\/a>\n\t<\/p>\n\n\n","protected":false},"excerpt":{"rendered":"<p>O presidente da Rep\u00fablica, Luiz In\u00e1cio Lula da Silva, disse nesta quinta (11) que n\u00e3o pretende vender mais ativos da Petrobras (PETR4) e que os Correios n\u00e3o ser\u00e3o privatizados. O chefe do Executivo afirmou que somar\u00e1 esfor\u00e7os para que a estatal tenha gasolina e \u00f3leo diesel mais baratos. Al\u00e9m disso, o governante voltou a criticar [&hellip;]<\/p>\n","protected":false},"author":232,"featured_media":378660,"comment_status":"closed","ping_status":"closed","sticky":false,"template":"","format":"standard","meta":[],"categories":[61],"tags":[286,455,709,595],"suno_strategy":[],"class_list":["post-403333","post","type-post","status-publish","format-standard","has-post-thumbnail","hentry","category-politica","tag-acoes","tag-eletrobras-elet3-elet5-elet6","tag-lula","tag-petrobras-petr4"],"yoast_head":"<!-- This site is optimized with the Yoast SEO plugin v24.4 - https:\/\/yoast.com\/wordpress\/plugins\/seo\/ -->\n<title>Lula avisa que n\u00e3o vai vender Petrobras (PETR4) nem Correios; confira<\/title>\n<meta name=\"description\" content=\"O presidente Lula disse nesta quinta (11) que n\u00e3o pretende vender mais ativos da Petrobras (PETR4) nem privatizar os Correios.\" \/>\n<meta name=\"robots\" content=\"index, follow, max-snippet:-1, max-image-preview:large, max-video-preview:-1\" \/>\n<link rel=\"canonical\" href=\"https:\/\/www.suno.com.br\/noticias\/lula-petrobras-petr4-correios-nao-vai-vender\/\" \/>\n<meta property=\"og:locale\" content=\"pt_BR\" \/>\n<meta property=\"og:type\" content=\"article\" \/>\n<meta property=\"og:title\" content=\"Lula avisa que n\u00e3o vai vender Petrobras (PETR4) nem Correios; confira\" \/>\n<meta property=\"og:description\" content=\"O presidente Lula disse nesta quinta (11) que n\u00e3o pretende vender mais ativos da Petrobras (PETR4) nem privatizar os Correios.\" \/>\n<meta property=\"og:url\" content=\"https:\/\/www.suno.com.br\/noticias\/lula-petrobras-petr4-correios-nao-vai-vender\/\" \/>\n<meta property=\"og:site_name\" content=\"Suno Not\u00edcias\" \/>\n<meta property=\"article:publisher\" content=\"https:\/\/facebook.com\/sunoresearch\" \/>\n<meta property=\"og:image\" content=\"https:\/\/files.sunoresearch.com.br\/n\/uploads\/2023\/03\/lula-entrevista-petrobras-petr4-foto-tv247-youtube.jpg\" \/>\n\t<meta property=\"og:image:width\" content=\"1200\" \/>\n\t<meta property=\"og:image:height\" content=\"675\" \/>\n\t<meta property=\"og:image:type\" content=\"image\/jpeg\" \/>\n<meta name=\"author\" content=\"Erick Matheus Nery\" \/>\n<meta name=\"twitter:card\" content=\"summary_large_image\" \/>\n<meta name=\"twitter:creator\" content=\"@sunoresearch\" \/>\n<meta name=\"twitter:site\" content=\"@sunoresearch\" \/>\n<meta name=\"twitter:label1\" content=\"Escrito por\" \/>\n\t<meta name=\"twitter:data1\" content=\"Erick Matheus Nery\" \/>\n\t<meta name=\"twitter:label2\" content=\"Est. tempo de leitura\" \/>\n\t<meta name=\"twitter:data2\" content=\"3 minutos\" \/>\n<script type=\"application\/ld+json\" class=\"yoast-schema-graph\">{\"@context\":\"https:\/\/schema.org\",\"@graph\":[{\"@type\":\"NewsArticle\",\"@id\":\"https:\/\/www.suno.com.br\/noticias\/lula-petrobras-petr4-correios-nao-vai-vender\/#article\",\"isPartOf\":{\"@id\":\"https:\/\/www.suno.com.br\/noticias\/lula-petrobras-petr4-correios-nao-vai-vender\/\"},\"author\":{\"name\":\"Erick Matheus Nery\",\"@id\":\"https:\/\/www.suno.com.br\/noticias\/#\/schema\/person\/6899bc3f19d1a7315f807131c2c013a0\"},\"headline\":\"Lula avisa que n\u00e3o vai vender Petrobras (PETR4) nem Correios; presidente aponta &#8216;sacanagem&#8217; na privatiza\u00e7\u00e3o da Eletrobras (ELET6)\",\"datePublished\":\"2023-05-11T21:29:10+00:00\",\"dateModified\":\"2023-05-11T21:29:16+00:00\",\"mainEntityOfPage\":{\"@id\":\"https:\/\/www.suno.com.br\/noticias\/lula-petrobras-petr4-correios-nao-vai-vender\/\"},\"wordCount\":432,\"publisher\":{\"@id\":\"https:\/\/www.suno.com.br\/noticias\/#organization\"},\"image\":{\"@id\":\"https:\/\/www.suno.com.br\/noticias\/lula-petrobras-petr4-correios-nao-vai-vender\/#primaryimage\"},\"thumbnailUrl\":\"https:\/\/files.sunoresearch.com.br\/n\/uploads\/2023\/03\/lula-entrevista-petrobras-petr4-foto-tv247-youtube.jpg\",\"keywords\":[\"A\u00e7\u00f5es\",\"Eletrobras (ELET3\/ELET5\/ELET6)\",\"Lula\",\"Petrobras (PETR4)\"],\"articleSection\":[\"Pol\u00edtica\"],\"inLanguage\":\"pt-BR\"},{\"@type\":\"WebPage\",\"@id\":\"https:\/\/www.suno.com.br\/noticias\/lula-petrobras-petr4-correios-nao-vai-vender\/\",\"url\":\"https:\/\/www.suno.com.br\/noticias\/lula-petrobras-petr4-correios-nao-vai-vender\/\",\"name\":\"Lula avisa que n\u00e3o vai vender Petrobras (PETR4) nem Correios; confira\",\"isPartOf\":{\"@id\":\"https:\/\/www.suno.com.br\/noticias\/#website\"},\"primaryImageOfPage\":{\"@id\":\"https:\/\/www.suno.com.br\/noticias\/lula-petrobras-petr4-correios-nao-vai-vender\/#primaryimage\"},\"image\":{\"@id\":\"https:\/\/www.suno.com.br\/noticias\/lula-petrobras-petr4-correios-nao-vai-vender\/#primaryimage\"},\"thumbnailUrl\":\"https:\/\/files.sunoresearch.com.br\/n\/uploads\/2023\/03\/lula-entrevista-petrobras-petr4-foto-tv247-youtube.jpg\",\"datePublished\":\"2023-05-11T21:29:10+00:00\",\"dateModified\":\"2023-05-11T21:29:16+00:00\",\"description\":\"O presidente Lula disse nesta quinta (11) que n\u00e3o pretende vender mais ativos da Petrobras (PETR4) nem privatizar os Correios.\",\"breadcrumb\":{\"@id\":\"https:\/\/www.suno.com.br\/noticias\/lula-petrobras-petr4-correios-nao-vai-vender\/#breadcrumb\"},\"inLanguage\":\"pt-BR\",\"potentialAction\":[{\"@type\":\"ReadAction\",\"target\":[\"https:\/\/www.suno.com.br\/noticias\/lula-petrobras-petr4-correios-nao-vai-vender\/\"]}]},{\"@type\":\"ImageObject\",\"inLanguage\":\"pt-BR\",\"@id\":\"https:\/\/www.suno.com.br\/noticias\/lula-petrobras-petr4-correios-nao-vai-vender\/#primaryimage\",\"url\":\"https:\/\/files.sunoresearch.com.br\/n\/uploads\/2023\/03\/lula-entrevista-petrobras-petr4-foto-tv247-youtube.jpg\",\"contentUrl\":\"https:\/\/files.sunoresearch.com.br\/n\/uploads\/2023\/03\/lula-entrevista-petrobras-petr4-foto-tv247-youtube.jpg\",\"width\":1200,\"height\":675,\"caption\":\"Presidente Lula em entrevista ao canal TV 247. Foto: YouTube\"},{\"@type\":\"BreadcrumbList\",\"@id\":\"https:\/\/www.suno.com.br\/noticias\/lula-petrobras-petr4-correios-nao-vai-vender\/#breadcrumb\",\"itemListElement\":[{\"@type\":\"ListItem\",\"position\":1,\"name\":\"Not\u00edcias\",\"item\":\"https:\/\/www.suno.com.br\/noticias\/\"},{\"@type\":\"ListItem\",\"position\":2,\"name\":\"Pol\u00edtica\",\"item\":\"https:\/\/www.suno.com.br\/noticias\/politica\/\"},{\"@type\":\"ListItem\",\"position\":3,\"name\":\"Lula avisa que n\u00e3o vai vender Petrobras (PETR4) nem Correios; presidente aponta &#8216;sacanagem&#8217; na privatiza\u00e7\u00e3o da Eletrobras (ELET6)\"}]},{\"@type\":\"WebSite\",\"@id\":\"https:\/\/www.suno.com.br\/noticias\/#website\",\"url\":\"https:\/\/www.suno.com.br\/noticias\/\",\"name\":\"Suno Not\u00edcias\",\"description\":\"Seu portal de informa\u00e7\u00e3o sobre o mundo dos investimentos\",\"publisher\":{\"@id\":\"https:\/\/www.suno.com.br\/noticias\/#organization\"},\"potentialAction\":[{\"@type\":\"SearchAction\",\"target\":{\"@type\":\"EntryPoint\",\"urlTemplate\":\"https:\/\/www.suno.com.br\/noticias\/?s={search_term_string}\"},\"query-input\":{\"@type\":\"PropertyValueSpecification\",\"valueRequired\":true,\"valueName\":\"search_term_string\"}}],\"inLanguage\":\"pt-BR\"},{\"@type\":\"Organization\",\"@id\":\"https:\/\/www.suno.com.br\/noticias\/#organization\",\"name\":\"Suno Not\u00edcias\",\"url\":\"https:\/\/www.suno.com.br\/noticias\/\",\"logo\":{\"@type\":\"ImageObject\",\"inLanguage\":\"pt-BR\",\"@id\":\"https:\/\/www.suno.com.br\/noticias\/#\/schema\/logo\/image\/\",\"url\":\"https:\/\/files.sunoresearch.com.br\/n\/uploads\/2021\/09\/suno-logo.png\",\"contentUrl\":\"https:\/\/files.sunoresearch.com.br\/n\/uploads\/2021\/09\/suno-logo.png\",\"width\":180,\"height\":180,\"caption\":\"Suno Not\u00edcias\"},\"image\":{\"@id\":\"https:\/\/www.suno.com.br\/noticias\/#\/schema\/logo\/image\/\"},\"sameAs\":[\"https:\/\/facebook.com\/sunoresearch\",\"https:\/\/x.com\/sunoresearch\",\"https:\/\/www.instagram.com\/suno\",\"https:\/\/www.linkedin.com\/company\/suno-research\/\",\"https:\/\/www.youtube.com\/c\/sunoresearch\"]},{\"@type\":\"Person\",\"@id\":\"https:\/\/www.suno.com.br\/noticias\/#\/schema\/person\/6899bc3f19d1a7315f807131c2c013a0\",\"name\":\"Erick Matheus Nery\",\"image\":{\"@type\":\"ImageObject\",\"inLanguage\":\"pt-BR\",\"@id\":\"https:\/\/www.suno.com.br\/noticias\/#\/schema\/person\/image\/\",\"url\":\"https:\/\/secure.gravatar.com\/avatar\/518ddffe438ccb767782d372a66304d2?s=96&r=g\",\"contentUrl\":\"https:\/\/secure.gravatar.com\/avatar\/518ddffe438ccb767782d372a66304d2?s=96&r=g\",\"caption\":\"Erick Matheus Nery\"},\"description\":\"Formado em Jornalismo pela Universidade Federal do Par\u00e1 (UFPA), conta com extens\u00e3o em Jornalismo Econ\u00f4mico pela Funda\u00e7\u00e3o Get\u00falio Vargas (FGV). No Suno Not\u00edcias, atua como rep\u00f3rter de Mercado, com foco nos setores de telecomunica\u00e7\u00f5es, varejo, alimentos e renda fixa. Conta com passagens pelo jornal O Estado de S\u00e3o Paulo, como trainee de Jornalismo Econ\u00f4mico, e pelo site Not\u00edcias da TV.\",\"url\":\"https:\/\/www.suno.com.br\/noticias\/author\/erick-nery\/\"}]}<\/script>\n<!-- \/ Yoast SEO plugin. -->","yoast_head_json":{"title":"Lula avisa que n\u00e3o vai vender Petrobras (PETR4) nem Correios; confira","description":"O presidente Lula disse nesta quinta (11) que n\u00e3o pretende vender mais ativos da Petrobras (PETR4) nem privatizar os Correios.","robots":{"index":"index","follow":"follow","max-snippet":"max-snippet:-1","max-image-preview":"max-image-preview:large","max-video-preview":"max-video-preview:-1"},"canonical":"https:\/\/www.suno.com.br\/noticias\/lula-petrobras-petr4-correios-nao-vai-vender\/","og_locale":"pt_BR","og_type":"article","og_title":"Lula avisa que n\u00e3o vai vender Petrobras (PETR4) nem Correios; confira","og_description":"O presidente Lula disse nesta quinta (11) que n\u00e3o pretende vender mais ativos da Petrobras (PETR4) nem privatizar os Correios.","og_url":"https:\/\/www.suno.com.br\/noticias\/lula-petrobras-petr4-correios-nao-vai-vender\/","og_site_name":"Suno Not\u00edcias","article_publisher":"https:\/\/facebook.com\/sunoresearch","og_image":[{"width":1200,"height":675,"url":"https:\/\/files.sunoresearch.com.br\/n\/uploads\/2023\/03\/lula-entrevista-petrobras-petr4-foto-tv247-youtube.jpg","type":"image\/jpeg"}],"author":"Erick Matheus Nery","twitter_card":"summary_large_image","twitter_creator":"@sunoresearch","twitter_site":"@sunoresearch","twitter_misc":{"Escrito por":"Erick Matheus Nery","Est. tempo de leitura":"3 minutos"},"schema":{"@context":"https:\/\/schema.org","@graph":[{"@type":"NewsArticle","@id":"https:\/\/www.suno.com.br\/noticias\/lula-petrobras-petr4-correios-nao-vai-vender\/#article","isPartOf":{"@id":"https:\/\/www.suno.com.br\/noticias\/lula-petrobras-petr4-correios-nao-vai-vender\/"},"author":{"name":"Erick Matheus Nery","@id":"https:\/\/www.suno.com.br\/noticias\/#\/schema\/person\/6899bc3f19d1a7315f807131c2c013a0"},"headline":"Lula avisa que n\u00e3o vai vender Petrobras (PETR4) nem Correios; presidente aponta &#8216;sacanagem&#8217; na privatiza\u00e7\u00e3o da Eletrobras (ELET6)","datePublished":"2023-05-11T21:29:10+00:00","dateModified":"2023-05-11T21:29:16+00:00","mainEntityOfPage":{"@id":"https:\/\/www.suno.com.br\/noticias\/lula-petrobras-petr4-correios-nao-vai-vender\/"},"wordCount":432,"publisher":{"@id":"https:\/\/www.suno.com.br\/noticias\/#organization"},"image":{"@id":"https:\/\/www.suno.com.br\/noticias\/lula-petrobras-petr4-correios-nao-vai-vender\/#primaryimage"},"thumbnailUrl":"https:\/\/files.sunoresearch.com.br\/n\/uploads\/2023\/03\/lula-entrevista-petrobras-petr4-foto-tv247-youtube.jpg","keywords":["A\u00e7\u00f5es","Eletrobras (ELET3\/ELET5\/ELET6)","Lula","Petrobras (PETR4)"],"articleSection":["Pol\u00edtica"],"inLanguage":"pt-BR"},{"@type":"WebPage","@id":"https:\/\/www.suno.com.br\/noticias\/lula-petrobras-petr4-correios-nao-vai-vender\/","url":"https:\/\/www.suno.com.br\/noticias\/lula-petrobras-petr4-correios-nao-vai-vender\/","name":"Lula avisa que n\u00e3o vai vender Petrobras (PETR4) nem Correios; confira","isPartOf":{"@id":"https:\/\/www.suno.com.br\/noticias\/#website"},"primaryImageOfPage":{"@id":"https:\/\/www.suno.com.br\/noticias\/lula-petrobras-petr4-correios-nao-vai-vender\/#primaryimage"},"image":{"@id":"https:\/\/www.suno.com.br\/noticias\/lula-petrobras-petr4-correios-nao-vai-vender\/#primaryimage"},"thumbnailUrl":"https:\/\/files.sunoresearch.com.br\/n\/uploads\/2023\/03\/lula-entrevista-petrobras-petr4-foto-tv247-youtube.jpg","datePublished":"2023-05-11T21:29:10+00:00","dateModified":"2023-05-11T21:29:16+00:00","description":"O presidente Lula disse nesta quinta (11) que n\u00e3o pretende vender mais ativos da Petrobras (PETR4) nem privatizar os Correios.","breadcrumb":{"@id":"https:\/\/www.suno.com.br\/noticias\/lula-petrobras-petr4-correios-nao-vai-vender\/#breadcrumb"},"inLanguage":"pt-BR","potentialAction":[{"@type":"ReadAction","target":["https:\/\/www.suno.com.br\/noticias\/lula-petrobras-petr4-correios-nao-vai-vender\/"]}]},{"@type":"ImageObject","inLanguage":"pt-BR","@id":"https:\/\/www.suno.com.br\/noticias\/lula-petrobras-petr4-correios-nao-vai-vender\/#primaryimage","url":"https:\/\/files.sunoresearch.com.br\/n\/uploads\/2023\/03\/lula-entrevista-petrobras-petr4-foto-tv247-youtube.jpg","contentUrl":"https:\/\/files.sunoresearch.com.br\/n\/uploads\/2023\/03\/lula-entrevista-petrobras-petr4-foto-tv247-youtube.jpg","width":1200,"height":675,"caption":"Presidente Lula em entrevista ao canal TV 247. Foto: YouTube"},{"@type":"BreadcrumbList","@id":"https:\/\/www.suno.com.br\/noticias\/lula-petrobras-petr4-correios-nao-vai-vender\/#breadcrumb","itemListElement":[{"@type":"ListItem","position":1,"name":"Not\u00edcias","item":"https:\/\/www.suno.com.br\/noticias\/"},{"@type":"ListItem","position":2,"name":"Pol\u00edtica","item":"https:\/\/www.suno.com.br\/noticias\/politica\/"},{"@type":"ListItem","position":3,"name":"Lula avisa que n\u00e3o vai vender Petrobras (PETR4) nem Correios; presidente aponta &#8216;sacanagem&#8217; na privatiza\u00e7\u00e3o da Eletrobras (ELET6)"}]},{"@type":"WebSite","@id":"https:\/\/www.suno.com.br\/noticias\/#website","url":"https:\/\/www.suno.com.br\/noticias\/","name":"Suno Not\u00edcias","description":"Seu portal de informa\u00e7\u00e3o sobre o mundo dos investimentos","publisher":{"@id":"https:\/\/www.suno.com.br\/noticias\/#organization"},"potentialAction":[{"@type":"SearchAction","target":{"@type":"EntryPoint","urlTemplate":"https:\/\/www.suno.com.br\/noticias\/?s={search_term_string}"},"query-input":{"@type":"PropertyValueSpecification","valueRequired":true,"valueName":"search_term_string"}}],"inLanguage":"pt-BR"},{"@type":"Organization","@id":"https:\/\/www.suno.com.br\/noticias\/#organization","name":"Suno Not\u00edcias","url":"https:\/\/www.suno.com.br\/noticias\/","logo":{"@type":"ImageObject","inLanguage":"pt-BR","@id":"https:\/\/www.suno.com.br\/noticias\/#\/schema\/logo\/image\/","url":"https:\/\/files.sunoresearch.com.br\/n\/uploads\/2021\/09\/suno-logo.png","contentUrl":"https:\/\/files.sunoresearch.com.br\/n\/uploads\/2021\/09\/suno-logo.png","width":180,"height":180,"caption":"Suno Not\u00edcias"},"image":{"@id":"https:\/\/www.suno.com.br\/noticias\/#\/schema\/logo\/image\/"},"sameAs":["https:\/\/facebook.com\/sunoresearch","https:\/\/x.com\/sunoresearch","https:\/\/www.instagram.com\/suno","https:\/\/www.linkedin.com\/company\/suno-research\/","https:\/\/www.youtube.com\/c\/sunoresearch"]},{"@type":"Person","@id":"https:\/\/www.suno.com.br\/noticias\/#\/schema\/person\/6899bc3f19d1a7315f807131c2c013a0","name":"Erick Matheus Nery","image":{"@type":"ImageObject","inLanguage":"pt-BR","@id":"https:\/\/www.suno.com.br\/noticias\/#\/schema\/person\/image\/","url":"https:\/\/secure.gravatar.com\/avatar\/518ddffe438ccb767782d372a66304d2?s=96&r=g","contentUrl":"https:\/\/secure.gravatar.com\/avatar\/518ddffe438ccb767782d372a66304d2?s=96&r=g","caption":"Erick Matheus Nery"},"description":"Formado em Jornalismo pela Universidade Federal do Par\u00e1 (UFPA), conta com extens\u00e3o em Jornalismo Econ\u00f4mico pela Funda\u00e7\u00e3o Get\u00falio Vargas (FGV). No Suno Not\u00edcias, atua como rep\u00f3rter de Mercado, com foco nos setores de telecomunica\u00e7\u00f5es, varejo, alimentos e renda fixa. Conta com passagens pelo jornal O Estado de S\u00e3o Paulo, como trainee de Jornalismo Econ\u00f4mico, e pelo site Not\u00edcias da TV.","url":"https:\/\/www.suno.com.br\/noticias\/author\/erick-nery\/"}]}},"default_loop_html":"<div class=\"cardsPage__listCard__boxs\"><div class=\"cardsPage__listCard__boxs__img\"><a href=\"https:\/\/www.suno.com.br\/noticias\/lula-petrobras-petr4-correios-nao-vai-vender\/\"><img class=\"mask\" src=\"https:\/\/www.suno.com.br\/noticias\/wp-content\/themes\/suno\/resources\/images\/spotlight\/spotlight1img\/bg-mask.png\" alt=\"Image Mask\"\/><img src=\"https:\/\/files.sunoresearch.com.br\/n\/uploads\/2023\/03\/lula-entrevista-petrobras-petr4-foto-tv247-youtube-400x200.jpg\" alt=\"Lula avisa que n\u00e3o vai vender Petrobras (PETR4) nem Correios; presidente aponta &#8216;sacanagem&#8217; na privatiza\u00e7\u00e3o da Eletrobras (ELET6)\"\/><\/a><span class=\"spotlightCategory\"><a href=\"https:\/\/www.suno.com.br\/noticias\/politica\/\">Pol\u00edtica<\/a><\/span><\/div><div class=\"cardsPage__listCard__boxs__content\"><a href=\"https:\/\/www.suno.com.br\/noticias\/lula-petrobras-petr4-correios-nao-vai-vender\/\"><h2 class=\"content__title\">Lula avisa que n\u00e3o vai vender Petrobras (PETR4) nem Correios; presidente aponta &#8216;sacanagem&#8217; na privatiza\u00e7\u00e3o da Eletrobras (ELET6)<\/h2><\/a><div class=\"newsContent__article__meta\"><div class=\"newsContent__article__meta__authorBox\"><a href=\"https:\/\/www.suno.com.br\/noticias\/author\/erick-nery\/\" class=\"authorBox__avatar noMobi\"><img src=\"https:\/\/secure.gravatar.com\/avatar\/518ddffe438ccb767782d372a66304d2?s=96&#038;r=g\" alt=\"Erick Matheus Nery\"><\/a><div class=\"authorBox__name\"><span>por\n\t\t\t<a href=\"https:\/\/www.suno.com.br\/noticias\/author\/erick-nery\/\"><span itemprop=\"author\">Erick Matheus Nery<\/span><\/a><\/span><time datetime=\"2023-05-11T18:29:10-03:00\" itemprop=\"datePublished\">11\/05\/2023 18:29<\/time><\/div><\/div><\/div><\/div><\/div>","single_layout":"posts","amp_enabled":true,"_links":{"self":[{"href":"https:\/\/www.suno.com.br\/noticias\/wp-json\/wp\/v2\/posts\/403333"}],"collection":[{"href":"https:\/\/www.suno.com.br\/noticias\/wp-json\/wp\/v2\/posts"}],"about":[{"href":"https:\/\/www.suno.com.br\/noticias\/wp-json\/wp\/v2\/types\/post"}],"author":[{"embeddable":true,"href":"https:\/\/www.suno.com.br\/noticias\/wp-json\/wp\/v2\/users\/232"}],"replies":[{"embeddable":true,"href":"https:\/\/www.suno.com.br\/noticias\/wp-json\/wp\/v2\/comments?post=403333"}],"version-history":[{"count":3,"href":"https:\/\/www.suno.com.br\/noticias\/wp-json\/wp\/v2\/posts\/403333\/revisions"}],"predecessor-version":[{"id":403375,"href":"https:\/\/www.suno.com.br\/noticias\/wp-json\/wp\/v2\/posts\/403333\/revisions\/403375"}],"wp:featuredmedia":[{"embeddable":true,"href":"https:\/\/www.suno.com.br\/noticias\/wp-json\/wp\/v2\/media\/378660"}],"wp:attachment":[{"href":"https:\/\/www.suno.com.br\/noticias\/wp-json\/wp\/v2\/media?parent=403333"}],"wp:term":[{"taxonomy":"category","embeddable":true,"href":"https:\/\/www.suno.com.br\/noticias\/wp-json\/wp\/v2\/categories?post=403333"},{"taxonomy":"post_tag","embeddable":true,"href":"https:\/\/www.suno.com.br\/noticias\/wp-json\/wp\/v2\/tags?post=403333"},{"taxonomy":"suno_strategy","embeddable":true,"href":"https:\/\/www.suno.com.br\/noticias\/wp-json\/wp\/v2\/suno_strategy?post=403333"}],"curies":[{"name":"wp","href":"https:\/\/api.w.org\/{rel}","templated":true}]}}