{"id":402539,"date":"2023-05-10T11:52:21","date_gmt":"2023-05-10T14:52:21","guid":{"rendered":"https:\/\/www.suno.com.br\/noticias\/?p=402539"},"modified":"2023-05-10T11:52:26","modified_gmt":"2023-05-10T14:52:26","slug":"cpi-dos-eua-sobe-abr23-analises-inflacao","status":"publish","type":"post","link":"https:\/\/www.suno.com.br\/noticias\/cpi-dos-eua-sobe-abr23-analises-inflacao\/","title":{"rendered":"CPI dos EUA sobe 0,4% em abril; taxa anual desacelera a 4,9%"},"content":{"rendered":"<p>O \u00edndice de pre\u00e7os ao consumidor (<strong>CPI<\/strong>, na sigla em ingl\u00eas) dos Estados Unidos subiu 0,4% em abril ante mar\u00e7o, segundo dados com ajustes sazonais publicados nesta quarta (10) pelo Departamento do Trabalho. O resultado ficou em linha com a mediana de analistas consultados pelo Proje\u00e7\u00f5es Broadcast.<\/p>\t<div class=\"wrapper-featured-image\">\n\t\t<figure class=\"spotlightImg\">\n\n\t\t\t<picture>\n\t\t\t\t<source media=\"(max-width: 768px)\" srcset=\"https:\/\/files.sunoresearch.com.br\/n\/uploads\/2023\/02\/Estados-Unidos-400x200.webp\">\n\t\t\t\t<img loading=\"lazy\" decoding=\"async\" class=\"newsContent__article__imgCapa lazyloadDisabled \" src=\"https:\/\/files.sunoresearch.com.br\/n\/uploads\/2023\/02\/Estados-Unidos-800x450.webp\" width=\"800\" height=\"450\" alt=\"CPI dos EUA sobe 0,4% em abril; taxa anual desacelera a 4,9%\" fetchpriority=high \/>\n\t\t\t<\/picture>\n\n\t\t\t<figcaption class=\"wp-caption-text wp-caption-text--show\">Infla\u00e7\u00e3o nos EUA: CPI sobe 0,3% em janeiro; taxa anual desacelera a 3,1%. Foto: Unsplash<\/figcaption>\n\t\t<\/figure>\n\t<\/div>\n\n\n\n\n\n\t<p>\n\t\t<a href=\"https:\/\/lp.suno.com.br\/ebook-como-analisar-uma-acao\/\" target=\"_blank\" data-element=\"shortcode-suno-banner\" title=\"Banner SUNO, clique e saiba mais\">\n\t\t\t<picture>\n\t\t\t\t<source media=\"(max-width: 500px)\" srcset=\"https:\/\/files.sunoresearch.com.br\/n\/uploads\/2023\/03\/Ebook-Acoes-Mobile.jpg\">\n\t\t\t\t<img class=\"newsContent__article__imgCapa newsContent__article__imgCapa--banner\"\n\t\t\t\t\tsrc=\"https:\/\/files.sunoresearch.com.br\/n\/uploads\/2023\/03\/Ebook-Acoes-Desktop.jpg\"\n\t\t\t\t\tdata-promo-id=\"378302\"\t\t\t\t\t\t\t\t\t\twidth='1420' height='286'\t\t\t\t\talt=\"https:\/\/files.sunoresearch.com.br\/n\/uploads\/2023\/03\/Ebook-Acoes-Desktop.jpg\"\n\t\t\t\t>\n\t\t\t<\/picture>\n\t\t<\/a>\n\t<\/p>\n\n\n\n\n\n<p>O <strong>n\u00facleo do CPI<\/strong>, que exclui os vol\u00e1teis pre\u00e7os de alimentos e energia, tamb\u00e9m avan\u00e7ou 0,4% na compara\u00e7\u00e3o mensal, em linha com a proje\u00e7\u00e3o.<\/p>\n\n\n\n<p>Na compara\u00e7\u00e3o anual, o \u00edndice cheio do <strong>CPI dos EUA<\/strong> subiu 4,9% em abril, desacelerando levemente em rela\u00e7\u00e3o ao ganho de 5,0% de mar\u00e7o e abaixo da proje\u00e7\u00e3o, que previa acr\u00e9scimo de 5,0%. <\/p>\n\n\n\n<p>J\u00e1 o n\u00facleo do CPI teve incremento anual de 5,5% no m\u00eas passado, em linha com o consenso do mercado e recuando levemente ante o avan\u00e7o de 5,6% de mar\u00e7o.<\/p>\n\n\n\t<p>\n\t\t<a href=\"https:\/\/lp.suno.com.br\/ebook-gratuito-investindo-no-exterior\/\" target=\"_blank\" data-element=\"shortcode-suno-banner\" title=\"Banner SUNO, clique e saiba mais\">\n\t\t\t<picture>\n\t\t\t\t<source media=\"(max-width: 500px)\" srcset=\"https:\/\/files.sunoresearch.com.br\/n\/uploads\/2023\/03\/400x300-Investindo-no-exterior.png\">\n\t\t\t\t<img class=\"newsContent__article__imgCapa newsContent__article__imgCapa--banner\"\n\t\t\t\t\tsrc=\"https:\/\/files.sunoresearch.com.br\/n\/uploads\/2023\/03\/1420x240-Investindo-no-exterior.png\"\n\t\t\t\t\tdata-promo-id=\"383161\"\t\t\t\t\t\t\t\t\t\twidth='1420' height='240'\t\t\t\t\talt=\"https:\/\/files.sunoresearch.com.br\/n\/uploads\/2023\/03\/1420x240-Investindo-no-exterior.png\"\n\t\t\t\t>\n\t\t\t<\/picture>\n\t\t<\/a>\n\t<\/p>\n\n\n\n\n\n<h2 class=\"wp-block-heading\">CPI dos EUA: O que os n\u00fameros mostram?<\/h2>\n\n\n\n<p>Na vis\u00e3o de Marcelo Oliveira, s\u00f3cio-fundador da Quantzed, os <strong>dados do CPI dos EUA<\/strong> vieram em linha com o esperado pelos agentes econ\u00f4micos: &#8220;O mercado americano reage positivamente com S&amp;P e Nasdaq subindo com investidores \u00e0 espera agora de uma manuten\u00e7\u00e3o dos juros pelo Fed [Federal Reserve, o banco central dos Estados Unidos], j\u00e1 que n\u00e3o houve surpresas negativas nos n\u00fameros. Ibovespa segue em linha acompanhando o otimismo do exterior, seguindo no positivo&#8221;.<\/p>\n\n\n\n<p>&#8220;Os dados de mar\u00e7o do Payroll que foram revisados para baixo tamb\u00e9m agradaram o mercado. Com isso e com esses dados do CPI vindo em linha, o mercado espera uma manuten\u00e7\u00e3o de juros nos EUA pelo Fed na pr\u00f3xima reuni\u00e3o&#8221;, projeta Oliveira.<\/p>\n\n\n\n<p>Gabriel Ribeiro, especialista do Braza Bank, refor\u00e7a que o <strong>d\u00f3lar<\/strong> opera em queda ap\u00f3s a divulga\u00e7\u00e3o dos n\u00fameros da infla\u00e7\u00e3o dos Estados Unidos.<\/p>\n\n\n\n<p>&#8220;Com o dado em linha do esperado, a preocupa\u00e7\u00e3o de novos aumentos bruscos de juros por l\u00e1 diminui, o que contribui para o cen\u00e1rio positivo interno no c\u00e2mbio e no <a class=\"suno-keyword\" target=\"_blank\" data-force=\"no\" data-priority=\"1\" href=\"https:\/\/www.suno.com.br\/artigos\/di-futuro\/\" rel=\"noopener\">DI futuro<\/a>. Mesmo com o tom considerado mais &#8216;hawkish&#8217; por parte do BC, \u00e9 uma sinaliza\u00e7\u00e3o de que o fim do aperto monet\u00e1rio pode estar pr\u00f3ximo&#8221;, complementa o profissional ao analisar os n\u00fameros do <strong>CPI<\/strong> dos EUA.<\/p>\n\n\n\n<p><em>Com Estad\u00e3o Conte\u00fado<\/em><\/p>\n\n\n\t<p>\n\t\t<a href=\"https:\/\/lp.suno.com.br\/suno-one\/?utm_campaign=_SNC6964518A_\" target=\"_blank\" data-element=\"shortcode-suno-banner\" title=\"Banner SUNO, clique e saiba mais\">\n\t\t\t<picture>\n\t\t\t\t<source media=\"(max-width: 500px)\" srcset=\"https:\/\/files.sunoresearch.com.br\/n\/uploads\/2025\/09\/400x300-Suno-One-png.webp\">\n\t\t\t\t<img class=\"newsContent__article__imgCapa newsContent__article__imgCapa--banner\"\n\t\t\t\t\tsrc=\"https:\/\/files.sunoresearch.com.br\/n\/uploads\/2025\/09\/1420x240-Suno-One-png.webp\"\n\t\t\t\t\tdata-promo-id=\"383121\"\t\t\t\t\t\t\t\t\t\twidth='1420' height='240'\t\t\t\t\talt=\"https:\/\/files.sunoresearch.com.br\/n\/uploads\/2025\/09\/1420x240-Suno-One-png.webp\"\n\t\t\t\t>\n\t\t\t<\/picture>\n\t\t<\/a>\n\t<\/p>\n\n\n","protected":false},"excerpt":{"rendered":"<p>O \u00edndice de pre\u00e7os ao consumidor (CPI, na sigla em ingl\u00eas) dos Estados Unidos subiu 0,4% em abril ante mar\u00e7o, segundo dados com ajustes sazonais publicados nesta quarta (10) pelo Departamento do Trabalho. O resultado ficou em linha com a mediana de analistas consultados pelo Proje\u00e7\u00f5es Broadcast. Infla\u00e7\u00e3o nos EUA: CPI sobe 0,3% em janeiro; [&hellip;]<\/p>\n","protected":false},"author":232,"featured_media":358608,"comment_status":"closed","ping_status":"closed","sticky":false,"template":"","format":"standard","meta":[],"categories":[63],"tags":[105816,793,850],"suno_strategy":[],"class_list":["post-402539","post","type-post","status-publish","format-standard","has-post-thumbnail","hentry","category-internacional","tag-especialistas","tag-estados-unidos-eua","tag-inflacao"],"yoast_head":"<!-- This site is optimized with the Yoast SEO plugin v24.4 - https:\/\/yoast.com\/wordpress\/plugins\/seo\/ -->\n<title>CPI dos EUA sobe 0,4% em abril; taxa anual desacelera a 4,9%<\/title>\n<meta name=\"description\" content=\"O \u00edndice de pre\u00e7os ao consumidor (CPI, na sigla em ingl\u00eas) dos Estados Unidos subiu 0,4% em abril ante mar\u00e7o. Saiba mais!\" \/>\n<meta name=\"robots\" content=\"index, follow, max-snippet:-1, max-image-preview:large, max-video-preview:-1\" \/>\n<link rel=\"canonical\" href=\"https:\/\/www.suno.com.br\/noticias\/cpi-dos-eua-sobe-abr23-analises-inflacao\/\" \/>\n<meta property=\"og:locale\" content=\"pt_BR\" \/>\n<meta property=\"og:type\" content=\"article\" \/>\n<meta property=\"og:title\" content=\"CPI dos EUA sobe 0,4% em abril; taxa anual desacelera a 4,9%\" \/>\n<meta property=\"og:description\" content=\"O \u00edndice de pre\u00e7os ao consumidor (CPI, na sigla em ingl\u00eas) dos Estados Unidos subiu 0,4% em abril ante mar\u00e7o. Saiba mais!\" \/>\n<meta property=\"og:url\" content=\"https:\/\/www.suno.com.br\/noticias\/cpi-dos-eua-sobe-abr23-analises-inflacao\/\" \/>\n<meta property=\"og:site_name\" content=\"Suno Not\u00edcias\" \/>\n<meta property=\"article:publisher\" content=\"https:\/\/facebook.com\/sunoresearch\" \/>\n<meta property=\"og:image\" content=\"https:\/\/files.sunoresearch.com.br\/n\/uploads\/2023\/02\/Estados-Unidos-scaled.jpg\" \/>\n\t<meta property=\"og:image:width\" content=\"2560\" \/>\n\t<meta property=\"og:image:height\" content=\"1707\" \/>\n\t<meta property=\"og:image:type\" content=\"image\/jpeg\" \/>\n<meta name=\"author\" content=\"Erick Matheus Nery\" \/>\n<meta name=\"twitter:card\" content=\"summary_large_image\" \/>\n<meta name=\"twitter:creator\" content=\"@sunoresearch\" \/>\n<meta name=\"twitter:site\" content=\"@sunoresearch\" \/>\n<meta name=\"twitter:label1\" content=\"Escrito por\" \/>\n\t<meta name=\"twitter:data1\" content=\"Erick Matheus Nery\" \/>\n\t<meta name=\"twitter:label2\" content=\"Est. tempo de leitura\" \/>\n\t<meta name=\"twitter:data2\" content=\"2 minutos\" \/>\n<script type=\"application\/ld+json\" class=\"yoast-schema-graph\">{\"@context\":\"https:\/\/schema.org\",\"@graph\":[{\"@type\":\"NewsArticle\",\"@id\":\"https:\/\/www.suno.com.br\/noticias\/cpi-dos-eua-sobe-abr23-analises-inflacao\/#article\",\"isPartOf\":{\"@id\":\"https:\/\/www.suno.com.br\/noticias\/cpi-dos-eua-sobe-abr23-analises-inflacao\/\"},\"author\":{\"name\":\"Erick Matheus Nery\",\"@id\":\"https:\/\/www.suno.com.br\/noticias\/#\/schema\/person\/6899bc3f19d1a7315f807131c2c013a0\"},\"headline\":\"CPI dos EUA sobe 0,4% em abril; taxa anual desacelera a 4,9%\",\"datePublished\":\"2023-05-10T14:52:21+00:00\",\"dateModified\":\"2023-05-10T14:52:26+00:00\",\"mainEntityOfPage\":{\"@id\":\"https:\/\/www.suno.com.br\/noticias\/cpi-dos-eua-sobe-abr23-analises-inflacao\/\"},\"wordCount\":408,\"publisher\":{\"@id\":\"https:\/\/www.suno.com.br\/noticias\/#organization\"},\"image\":{\"@id\":\"https:\/\/www.suno.com.br\/noticias\/cpi-dos-eua-sobe-abr23-analises-inflacao\/#primaryimage\"},\"thumbnailUrl\":\"https:\/\/files.sunoresearch.com.br\/n\/uploads\/2023\/02\/Estados-Unidos-scaled.webp\",\"keywords\":[\"Especialistas\",\"Estados Unidos (EUA)\",\"infla\u00e7\u00e3o\"],\"articleSection\":[\"Internacional\"],\"inLanguage\":\"pt-BR\"},{\"@type\":\"WebPage\",\"@id\":\"https:\/\/www.suno.com.br\/noticias\/cpi-dos-eua-sobe-abr23-analises-inflacao\/\",\"url\":\"https:\/\/www.suno.com.br\/noticias\/cpi-dos-eua-sobe-abr23-analises-inflacao\/\",\"name\":\"CPI dos EUA sobe 0,4% em abril; taxa anual desacelera a 4,9%\",\"isPartOf\":{\"@id\":\"https:\/\/www.suno.com.br\/noticias\/#website\"},\"primaryImageOfPage\":{\"@id\":\"https:\/\/www.suno.com.br\/noticias\/cpi-dos-eua-sobe-abr23-analises-inflacao\/#primaryimage\"},\"image\":{\"@id\":\"https:\/\/www.suno.com.br\/noticias\/cpi-dos-eua-sobe-abr23-analises-inflacao\/#primaryimage\"},\"thumbnailUrl\":\"https:\/\/files.sunoresearch.com.br\/n\/uploads\/2023\/02\/Estados-Unidos-scaled.webp\",\"datePublished\":\"2023-05-10T14:52:21+00:00\",\"dateModified\":\"2023-05-10T14:52:26+00:00\",\"description\":\"O \u00edndice de pre\u00e7os ao consumidor (CPI, na sigla em ingl\u00eas) dos Estados Unidos subiu 0,4% em abril ante mar\u00e7o. Saiba mais!\",\"breadcrumb\":{\"@id\":\"https:\/\/www.suno.com.br\/noticias\/cpi-dos-eua-sobe-abr23-analises-inflacao\/#breadcrumb\"},\"inLanguage\":\"pt-BR\",\"potentialAction\":[{\"@type\":\"ReadAction\",\"target\":[\"https:\/\/www.suno.com.br\/noticias\/cpi-dos-eua-sobe-abr23-analises-inflacao\/\"]}]},{\"@type\":\"ImageObject\",\"inLanguage\":\"pt-BR\",\"@id\":\"https:\/\/www.suno.com.br\/noticias\/cpi-dos-eua-sobe-abr23-analises-inflacao\/#primaryimage\",\"url\":\"https:\/\/files.sunoresearch.com.br\/n\/uploads\/2023\/02\/Estados-Unidos-scaled.webp\",\"contentUrl\":\"https:\/\/files.sunoresearch.com.br\/n\/uploads\/2023\/02\/Estados-Unidos-scaled.webp\",\"width\":2560,\"height\":1707,\"caption\":\"Infla\u00e7\u00e3o nos EUA: CPI sobe 0,3% em janeiro; taxa anual desacelera a 3,1%. Foto: Unsplash\"},{\"@type\":\"BreadcrumbList\",\"@id\":\"https:\/\/www.suno.com.br\/noticias\/cpi-dos-eua-sobe-abr23-analises-inflacao\/#breadcrumb\",\"itemListElement\":[{\"@type\":\"ListItem\",\"position\":1,\"name\":\"Not\u00edcias\",\"item\":\"https:\/\/www.suno.com.br\/noticias\/\"},{\"@type\":\"ListItem\",\"position\":2,\"name\":\"Internacional\",\"item\":\"https:\/\/www.suno.com.br\/noticias\/internacional\/\"},{\"@type\":\"ListItem\",\"position\":3,\"name\":\"CPI dos EUA sobe 0,4% em abril; taxa anual desacelera a 4,9%\"}]},{\"@type\":\"WebSite\",\"@id\":\"https:\/\/www.suno.com.br\/noticias\/#website\",\"url\":\"https:\/\/www.suno.com.br\/noticias\/\",\"name\":\"Suno Not\u00edcias\",\"description\":\"Seu portal de informa\u00e7\u00e3o sobre o mundo dos investimentos\",\"publisher\":{\"@id\":\"https:\/\/www.suno.com.br\/noticias\/#organization\"},\"potentialAction\":[{\"@type\":\"SearchAction\",\"target\":{\"@type\":\"EntryPoint\",\"urlTemplate\":\"https:\/\/www.suno.com.br\/noticias\/?s={search_term_string}\"},\"query-input\":{\"@type\":\"PropertyValueSpecification\",\"valueRequired\":true,\"valueName\":\"search_term_string\"}}],\"inLanguage\":\"pt-BR\"},{\"@type\":\"Organization\",\"@id\":\"https:\/\/www.suno.com.br\/noticias\/#organization\",\"name\":\"Suno Not\u00edcias\",\"url\":\"https:\/\/www.suno.com.br\/noticias\/\",\"logo\":{\"@type\":\"ImageObject\",\"inLanguage\":\"pt-BR\",\"@id\":\"https:\/\/www.suno.com.br\/noticias\/#\/schema\/logo\/image\/\",\"url\":\"https:\/\/files.sunoresearch.com.br\/n\/uploads\/2021\/09\/suno-logo.png\",\"contentUrl\":\"https:\/\/files.sunoresearch.com.br\/n\/uploads\/2021\/09\/suno-logo.png\",\"width\":180,\"height\":180,\"caption\":\"Suno Not\u00edcias\"},\"image\":{\"@id\":\"https:\/\/www.suno.com.br\/noticias\/#\/schema\/logo\/image\/\"},\"sameAs\":[\"https:\/\/facebook.com\/sunoresearch\",\"https:\/\/x.com\/sunoresearch\",\"https:\/\/www.instagram.com\/suno\",\"https:\/\/www.linkedin.com\/company\/suno-research\/\",\"https:\/\/www.youtube.com\/c\/sunoresearch\"]},{\"@type\":\"Person\",\"@id\":\"https:\/\/www.suno.com.br\/noticias\/#\/schema\/person\/6899bc3f19d1a7315f807131c2c013a0\",\"name\":\"Erick Matheus Nery\",\"image\":{\"@type\":\"ImageObject\",\"inLanguage\":\"pt-BR\",\"@id\":\"https:\/\/www.suno.com.br\/noticias\/#\/schema\/person\/image\/\",\"url\":\"https:\/\/secure.gravatar.com\/avatar\/518ddffe438ccb767782d372a66304d2?s=96&r=g\",\"contentUrl\":\"https:\/\/secure.gravatar.com\/avatar\/518ddffe438ccb767782d372a66304d2?s=96&r=g\",\"caption\":\"Erick Matheus Nery\"},\"description\":\"Formado em Jornalismo pela Universidade Federal do Par\u00e1 (UFPA), conta com extens\u00e3o em Jornalismo Econ\u00f4mico pela Funda\u00e7\u00e3o Get\u00falio Vargas (FGV). No Suno Not\u00edcias, atua como rep\u00f3rter de Mercado, com foco nos setores de telecomunica\u00e7\u00f5es, varejo, alimentos e renda fixa. Conta com passagens pelo jornal O Estado de S\u00e3o Paulo, como trainee de Jornalismo Econ\u00f4mico, e pelo site Not\u00edcias da TV.\",\"url\":\"https:\/\/www.suno.com.br\/noticias\/author\/erick-nery\/\"}]}<\/script>\n<!-- \/ Yoast SEO plugin. -->","yoast_head_json":{"title":"CPI dos EUA sobe 0,4% em abril; taxa anual desacelera a 4,9%","description":"O \u00edndice de pre\u00e7os ao consumidor (CPI, na sigla em ingl\u00eas) dos Estados Unidos subiu 0,4% em abril ante mar\u00e7o. Saiba mais!","robots":{"index":"index","follow":"follow","max-snippet":"max-snippet:-1","max-image-preview":"max-image-preview:large","max-video-preview":"max-video-preview:-1"},"canonical":"https:\/\/www.suno.com.br\/noticias\/cpi-dos-eua-sobe-abr23-analises-inflacao\/","og_locale":"pt_BR","og_type":"article","og_title":"CPI dos EUA sobe 0,4% em abril; taxa anual desacelera a 4,9%","og_description":"O \u00edndice de pre\u00e7os ao consumidor (CPI, na sigla em ingl\u00eas) dos Estados Unidos subiu 0,4% em abril ante mar\u00e7o. Saiba mais!","og_url":"https:\/\/www.suno.com.br\/noticias\/cpi-dos-eua-sobe-abr23-analises-inflacao\/","og_site_name":"Suno Not\u00edcias","article_publisher":"https:\/\/facebook.com\/sunoresearch","og_image":[{"width":2560,"height":1707,"url":"https:\/\/files.sunoresearch.com.br\/n\/uploads\/2023\/02\/Estados-Unidos-scaled.jpg","type":"image\/jpeg"}],"author":"Erick Matheus Nery","twitter_card":"summary_large_image","twitter_creator":"@sunoresearch","twitter_site":"@sunoresearch","twitter_misc":{"Escrito por":"Erick Matheus Nery","Est. tempo de leitura":"2 minutos"},"schema":{"@context":"https:\/\/schema.org","@graph":[{"@type":"NewsArticle","@id":"https:\/\/www.suno.com.br\/noticias\/cpi-dos-eua-sobe-abr23-analises-inflacao\/#article","isPartOf":{"@id":"https:\/\/www.suno.com.br\/noticias\/cpi-dos-eua-sobe-abr23-analises-inflacao\/"},"author":{"name":"Erick Matheus Nery","@id":"https:\/\/www.suno.com.br\/noticias\/#\/schema\/person\/6899bc3f19d1a7315f807131c2c013a0"},"headline":"CPI dos EUA sobe 0,4% em abril; taxa anual desacelera a 4,9%","datePublished":"2023-05-10T14:52:21+00:00","dateModified":"2023-05-10T14:52:26+00:00","mainEntityOfPage":{"@id":"https:\/\/www.suno.com.br\/noticias\/cpi-dos-eua-sobe-abr23-analises-inflacao\/"},"wordCount":408,"publisher":{"@id":"https:\/\/www.suno.com.br\/noticias\/#organization"},"image":{"@id":"https:\/\/www.suno.com.br\/noticias\/cpi-dos-eua-sobe-abr23-analises-inflacao\/#primaryimage"},"thumbnailUrl":"https:\/\/files.sunoresearch.com.br\/n\/uploads\/2023\/02\/Estados-Unidos-scaled.webp","keywords":["Especialistas","Estados Unidos (EUA)","infla\u00e7\u00e3o"],"articleSection":["Internacional"],"inLanguage":"pt-BR"},{"@type":"WebPage","@id":"https:\/\/www.suno.com.br\/noticias\/cpi-dos-eua-sobe-abr23-analises-inflacao\/","url":"https:\/\/www.suno.com.br\/noticias\/cpi-dos-eua-sobe-abr23-analises-inflacao\/","name":"CPI dos EUA sobe 0,4% em abril; taxa anual desacelera a 4,9%","isPartOf":{"@id":"https:\/\/www.suno.com.br\/noticias\/#website"},"primaryImageOfPage":{"@id":"https:\/\/www.suno.com.br\/noticias\/cpi-dos-eua-sobe-abr23-analises-inflacao\/#primaryimage"},"image":{"@id":"https:\/\/www.suno.com.br\/noticias\/cpi-dos-eua-sobe-abr23-analises-inflacao\/#primaryimage"},"thumbnailUrl":"https:\/\/files.sunoresearch.com.br\/n\/uploads\/2023\/02\/Estados-Unidos-scaled.webp","datePublished":"2023-05-10T14:52:21+00:00","dateModified":"2023-05-10T14:52:26+00:00","description":"O \u00edndice de pre\u00e7os ao consumidor (CPI, na sigla em ingl\u00eas) dos Estados Unidos subiu 0,4% em abril ante mar\u00e7o. Saiba mais!","breadcrumb":{"@id":"https:\/\/www.suno.com.br\/noticias\/cpi-dos-eua-sobe-abr23-analises-inflacao\/#breadcrumb"},"inLanguage":"pt-BR","potentialAction":[{"@type":"ReadAction","target":["https:\/\/www.suno.com.br\/noticias\/cpi-dos-eua-sobe-abr23-analises-inflacao\/"]}]},{"@type":"ImageObject","inLanguage":"pt-BR","@id":"https:\/\/www.suno.com.br\/noticias\/cpi-dos-eua-sobe-abr23-analises-inflacao\/#primaryimage","url":"https:\/\/files.sunoresearch.com.br\/n\/uploads\/2023\/02\/Estados-Unidos-scaled.webp","contentUrl":"https:\/\/files.sunoresearch.com.br\/n\/uploads\/2023\/02\/Estados-Unidos-scaled.webp","width":2560,"height":1707,"caption":"Infla\u00e7\u00e3o nos EUA: CPI sobe 0,3% em janeiro; taxa anual desacelera a 3,1%. Foto: Unsplash"},{"@type":"BreadcrumbList","@id":"https:\/\/www.suno.com.br\/noticias\/cpi-dos-eua-sobe-abr23-analises-inflacao\/#breadcrumb","itemListElement":[{"@type":"ListItem","position":1,"name":"Not\u00edcias","item":"https:\/\/www.suno.com.br\/noticias\/"},{"@type":"ListItem","position":2,"name":"Internacional","item":"https:\/\/www.suno.com.br\/noticias\/internacional\/"},{"@type":"ListItem","position":3,"name":"CPI dos EUA sobe 0,4% em abril; taxa anual desacelera a 4,9%"}]},{"@type":"WebSite","@id":"https:\/\/www.suno.com.br\/noticias\/#website","url":"https:\/\/www.suno.com.br\/noticias\/","name":"Suno Not\u00edcias","description":"Seu portal de informa\u00e7\u00e3o sobre o mundo dos investimentos","publisher":{"@id":"https:\/\/www.suno.com.br\/noticias\/#organization"},"potentialAction":[{"@type":"SearchAction","target":{"@type":"EntryPoint","urlTemplate":"https:\/\/www.suno.com.br\/noticias\/?s={search_term_string}"},"query-input":{"@type":"PropertyValueSpecification","valueRequired":true,"valueName":"search_term_string"}}],"inLanguage":"pt-BR"},{"@type":"Organization","@id":"https:\/\/www.suno.com.br\/noticias\/#organization","name":"Suno Not\u00edcias","url":"https:\/\/www.suno.com.br\/noticias\/","logo":{"@type":"ImageObject","inLanguage":"pt-BR","@id":"https:\/\/www.suno.com.br\/noticias\/#\/schema\/logo\/image\/","url":"https:\/\/files.sunoresearch.com.br\/n\/uploads\/2021\/09\/suno-logo.png","contentUrl":"https:\/\/files.sunoresearch.com.br\/n\/uploads\/2021\/09\/suno-logo.png","width":180,"height":180,"caption":"Suno Not\u00edcias"},"image":{"@id":"https:\/\/www.suno.com.br\/noticias\/#\/schema\/logo\/image\/"},"sameAs":["https:\/\/facebook.com\/sunoresearch","https:\/\/x.com\/sunoresearch","https:\/\/www.instagram.com\/suno","https:\/\/www.linkedin.com\/company\/suno-research\/","https:\/\/www.youtube.com\/c\/sunoresearch"]},{"@type":"Person","@id":"https:\/\/www.suno.com.br\/noticias\/#\/schema\/person\/6899bc3f19d1a7315f807131c2c013a0","name":"Erick Matheus Nery","image":{"@type":"ImageObject","inLanguage":"pt-BR","@id":"https:\/\/www.suno.com.br\/noticias\/#\/schema\/person\/image\/","url":"https:\/\/secure.gravatar.com\/avatar\/518ddffe438ccb767782d372a66304d2?s=96&r=g","contentUrl":"https:\/\/secure.gravatar.com\/avatar\/518ddffe438ccb767782d372a66304d2?s=96&r=g","caption":"Erick Matheus Nery"},"description":"Formado em Jornalismo pela Universidade Federal do Par\u00e1 (UFPA), conta com extens\u00e3o em Jornalismo Econ\u00f4mico pela Funda\u00e7\u00e3o Get\u00falio Vargas (FGV). No Suno Not\u00edcias, atua como rep\u00f3rter de Mercado, com foco nos setores de telecomunica\u00e7\u00f5es, varejo, alimentos e renda fixa. Conta com passagens pelo jornal O Estado de S\u00e3o Paulo, como trainee de Jornalismo Econ\u00f4mico, e pelo site Not\u00edcias da TV.","url":"https:\/\/www.suno.com.br\/noticias\/author\/erick-nery\/"}]}},"default_loop_html":"<div class=\"cardsPage__listCard__boxs\"><div class=\"cardsPage__listCard__boxs__img\"><a href=\"https:\/\/www.suno.com.br\/noticias\/cpi-dos-eua-sobe-abr23-analises-inflacao\/\"><img class=\"mask\" src=\"https:\/\/www.suno.com.br\/noticias\/wp-content\/themes\/suno\/resources\/images\/spotlight\/spotlight1img\/bg-mask.png\" alt=\"Image Mask\"\/><img src=\"https:\/\/files.sunoresearch.com.br\/n\/uploads\/2023\/02\/Estados-Unidos-400x200.webp\" alt=\"CPI dos EUA sobe 0,4% em abril; taxa anual desacelera a 4,9%\"\/><\/a><span class=\"spotlightCategory\"><a href=\"https:\/\/www.suno.com.br\/noticias\/internacional\/\">Internacional<\/a><\/span><\/div><div class=\"cardsPage__listCard__boxs__content\"><a href=\"https:\/\/www.suno.com.br\/noticias\/cpi-dos-eua-sobe-abr23-analises-inflacao\/\"><h2 class=\"content__title\">CPI dos EUA sobe 0,4% em abril; taxa anual desacelera a 4,9%<\/h2><\/a><div class=\"newsContent__article__meta\"><div class=\"newsContent__article__meta__authorBox\"><a href=\"https:\/\/www.suno.com.br\/noticias\/author\/erick-nery\/\" class=\"authorBox__avatar noMobi\"><img src=\"https:\/\/secure.gravatar.com\/avatar\/518ddffe438ccb767782d372a66304d2?s=96&#038;r=g\" alt=\"Erick Matheus Nery\"><\/a><div class=\"authorBox__name\"><span>por\n\t\t\t<a href=\"https:\/\/www.suno.com.br\/noticias\/author\/erick-nery\/\"><span itemprop=\"author\">Erick Matheus Nery<\/span><\/a><\/span><time datetime=\"2023-05-10T11:52:21-03:00\" itemprop=\"datePublished\">10\/05\/2023 11:52<\/time><\/div><\/div><\/div><\/div><\/div>","single_layout":"posts","amp_enabled":true,"_links":{"self":[{"href":"https:\/\/www.suno.com.br\/noticias\/wp-json\/wp\/v2\/posts\/402539"}],"collection":[{"href":"https:\/\/www.suno.com.br\/noticias\/wp-json\/wp\/v2\/posts"}],"about":[{"href":"https:\/\/www.suno.com.br\/noticias\/wp-json\/wp\/v2\/types\/post"}],"author":[{"embeddable":true,"href":"https:\/\/www.suno.com.br\/noticias\/wp-json\/wp\/v2\/users\/232"}],"replies":[{"embeddable":true,"href":"https:\/\/www.suno.com.br\/noticias\/wp-json\/wp\/v2\/comments?post=402539"}],"version-history":[{"count":3,"href":"https:\/\/www.suno.com.br\/noticias\/wp-json\/wp\/v2\/posts\/402539\/revisions"}],"predecessor-version":[{"id":402648,"href":"https:\/\/www.suno.com.br\/noticias\/wp-json\/wp\/v2\/posts\/402539\/revisions\/402648"}],"wp:featuredmedia":[{"embeddable":true,"href":"https:\/\/www.suno.com.br\/noticias\/wp-json\/wp\/v2\/media\/358608"}],"wp:attachment":[{"href":"https:\/\/www.suno.com.br\/noticias\/wp-json\/wp\/v2\/media?parent=402539"}],"wp:term":[{"taxonomy":"category","embeddable":true,"href":"https:\/\/www.suno.com.br\/noticias\/wp-json\/wp\/v2\/categories?post=402539"},{"taxonomy":"post_tag","embeddable":true,"href":"https:\/\/www.suno.com.br\/noticias\/wp-json\/wp\/v2\/tags?post=402539"},{"taxonomy":"suno_strategy","embeddable":true,"href":"https:\/\/www.suno.com.br\/noticias\/wp-json\/wp\/v2\/suno_strategy?post=402539"}],"curies":[{"name":"wp","href":"https:\/\/api.w.org\/{rel}","templated":true}]}}