{"id":40237,"date":"2019-10-08T10:12:43","date_gmt":"2019-10-08T13:12:43","guid":{"rendered":"https:\/\/www.suno.com.br\/noticias\/?p=40237"},"modified":"2019-10-08T10:12:43","modified_gmt":"2019-10-08T13:12:43","slug":"mercosul-uniao-europeia-ue-acordo-livre-comercio-franca-acordo-nao","status":"publish","type":"post","link":"https:\/\/www.suno.com.br\/noticias\/mercosul-uniao-europeia-ue-acordo-livre-comercio-franca-acordo-nao\/","title":{"rendered":"Fran\u00e7a n\u00e3o assinar\u00e1 acordo do Mercosul nas &#8216;atuais condi\u00e7\u00f5es&#8217;, diz ministra francesa"},"content":{"rendered":"<p>A ministra francesa do Meio Ambiente, <strong>Elisabeth<\/strong> <strong>Borne<\/strong>, afirmou nesta ter\u00e7a-feira (8) que o pa\u00eds n\u00e3o assinar\u00e1 o acordo sobre quest\u00f5es agr\u00edcolas entre a <a href=\"https:\/\/www.suno.com.br\/artigos\/uniao-europeia\/\">Uni\u00e3o Europeia<\/a> e o <a href=\"https:\/\/www.suno.com.br\/artigos\/mercosul\/\">Mercosul<\/a> devido ao desrespeito \u00e0 floresta amaz\u00f4nica.<\/p>\t<div class=\"wrapper-featured-image\">\n\t\t<figure class=\"spotlightImg\">\n\n\t\t\t<picture>\n\t\t\t\t<source media=\"(max-width: 768px)\" srcset=\"https:\/\/files.sunoresearch.com.br\/n\/uploads\/2019\/10\/4315f4b2-ministra-drancaacordo-nao-assinar\u00e1-400x200.webp\">\n\t\t\t\t<img loading=\"lazy\" decoding=\"async\" class=\"newsContent__article__imgCapa lazyloadDisabled newsContent__article__imgCapa--noCaption\" src=\"https:\/\/files.sunoresearch.com.br\/n\/uploads\/2019\/10\/4315f4b2-ministra-drancaacordo-nao-assinar\u00e1-jpg.webp\" width=\"800\" height=\"450\" alt=\"Fran\u00e7a n\u00e3o assinar\u00e1 acordo do Mercosul nas &#8216;atuais condi\u00e7\u00f5es&#8217;, diz ministra francesa\" fetchpriority=high \/>\n\t\t\t<\/picture>\n\n\t\t\t<figcaption class=\"wp-caption-text wp-caption-text--hide\"><\/figcaption>\n\t\t<\/figure>\n\t<\/div>\n\n\n\n<p>De acordo com Borne, n\u00e3o h\u00e1 uma possibilidade em assinar um acordo com um pa\u00eds que n\u00e3o respeita o <strong>tratado<\/strong> de <strong>clima<\/strong> de <strong>Paris<\/strong>. &#8220;N\u00e3o podemos assinar um tratado comercial com um pa\u00eds que n\u00e3o respeita a floresta amaz\u00f4nica, que n\u00e3o respeita o tratado de Paris. A Fran\u00e7a n\u00e3o assinar\u00e1 o acordo do <strong>Mercosul<\/strong> nessas condi\u00e7\u00f5es&#8221;, informou a ministra em entrevista \u00e0 emissora de televis\u00e3o BFM.<\/p>\n<p>Em agosto, o presidente franc\u00eas <strong>Emmanuel<\/strong> <strong>Macron<\/strong> acusou o mandat\u00e1rio Jair Bolsonaro de mentir na c\u00fapula do <a href=\"https:\/\/www.suno.com.br\/artigos\/g20\/\">G20<\/a> sobre quest\u00f5es ambientais no Brasil. De acordo com o pa\u00eds, a mentira foi usada como estrat\u00e9gia para minimizar as preocupa\u00e7\u00f5es com as mudan\u00e7as clim\u00e1ticas.<\/p>\n<h2>Acordo entre Mercosul e Uni\u00e3o Europeia<\/h2>\n<p>A Fran\u00e7a se posiciona contr\u00e1ria ao acordo entre os dois blocos desde as queimadas na floresta amaz\u00f4nica.\u00a0Ap\u00f3s o prosicionamento de Paris, o primeiro ministro da Irlanda, Leo Varadkar, amea\u00e7ou ser contra o acordo caso o Brasil n\u00e3o respeitasse \u00e0s normas ambientais.<\/p>\n<p>&#8220;De maneira alguma a Irlanda votar\u00e1 a favor do acordo de livre com\u00e9rcio entre UE e Mercosul se o Brasil n\u00e3o cumprir seus compromissos ambientais&#8221;, disse Varadkar.<\/p>\n<p><a href=\"\/\/www.suno.com.br\/noticias\/acordo-ue-mercosul-aprovado-2020\/\">Confira Tamb\u00e9m: Acordo entre UE e Mercosul ser\u00e1 aprovado ap\u00f3s 2020, diz comiss\u00e1ria<\/a><\/p>\n<p>Do mesmo modo, a \u00c1ustria vetou o tratado, no dia 18 de setembro, pois acredita que o Pa\u00eds n\u00e3o tem compromisso com a preserva\u00e7\u00e3o da Amaz\u00f4nia. &#8220;O acordo teria sido ruim para nossa agricultura, mas especialmente para a prote\u00e7\u00e3o clim\u00e1tica e os direitos trabalhistas na Am\u00e9rica do Sul&#8221;, disse o vice-chefe do Partido Social-Democrata, J\u00f6rg Leichtfried.<\/p>\n\t<p>\n\t\t<a href=\"https:\/\/lp.suno.com.br\/suno-one\/?utm_campaign=_SNC6964518A_\" target=\"_blank\" data-element=\"shortcode-suno-banner\" title=\"Banner SUNO, clique e saiba mais\">\n\t\t\t<picture>\n\t\t\t\t<source media=\"(max-width: 500px)\" srcset=\"https:\/\/files.sunoresearch.com.br\/n\/uploads\/2025\/09\/400x300-Suno-One-png.webp\">\n\t\t\t\t<img class=\"newsContent__article__imgCapa newsContent__article__imgCapa--banner\"\n\t\t\t\t\tsrc=\"https:\/\/files.sunoresearch.com.br\/n\/uploads\/2025\/09\/1420x240-Suno-One-png.webp\"\n\t\t\t\t\tdata-promo-id=\"85810\"\t\t\t\t\t\t\t\t\t\twidth='1420' height='240'\t\t\t\t\talt=\"https:\/\/files.sunoresearch.com.br\/n\/uploads\/2025\/09\/1420x240-Suno-One-png.webp\"\n\t\t\t\t>\n\t\t\t<\/picture>\n\t\t<\/a>\n\t<\/p>\n\n\n<p><span style=\"font-size: 1.1429rem;\">Para a aprova\u00e7\u00e3o do tratado \u00e9 necess\u00e1ria o posicionamento positivo de ao menos 28 pa\u00edses do bloco europeu. O acordo entre a <strong>Uni\u00e3o Europeia<\/strong> e o <strong>Mercosul<\/strong> prev\u00ea a implementa\u00e7\u00e3o efetiva do Acordo de Paris que aborda quest\u00f5es clim\u00e1ticas como o combate ao desmatamento.<\/span><\/p>\n","protected":false},"excerpt":{"rendered":"<p>A ministra francesa do Meio Ambiente, Elisabeth Borne, afirmou nesta ter\u00e7a-feira (8) que o pa\u00eds n\u00e3o assinar\u00e1 o acordo sobre quest\u00f5es agr\u00edcolas entre a Uni\u00e3o Europeia e o Mercosul devido ao desrespeito \u00e0 floresta amaz\u00f4nica. De acordo com Borne, n\u00e3o h\u00e1 uma possibilidade em assinar um acordo com um pa\u00eds que n\u00e3o respeita o tratado [&hellip;]<\/p>\n","protected":false},"author":15,"featured_media":40250,"comment_status":"closed","ping_status":"closed","sticky":false,"template":"","format":"standard","meta":[],"categories":[63],"tags":[810,868,731],"suno_strategy":[],"class_list":["post-40237","post","type-post","status-publish","format-standard","has-post-thumbnail","hentry","category-internacional","tag-acordo-de-paris","tag-mercosul","tag-uniao-europeia"],"yoast_head":"<!-- This site is optimized with the Yoast SEO plugin v24.4 - https:\/\/yoast.com\/wordpress\/plugins\/seo\/ -->\n<title>Fran\u00e7a n\u00e3o assinar\u00e1 acordo do Mercosul &#039;nas atuais condi\u00e7\u00f5es&#039;<\/title>\n<meta name=\"description\" content=\"A ministra francesa afirmou nesta ter\u00e7a (8) que o pa\u00eds n\u00e3o assinar\u00e1 o acordo entre a UE e o Mercosul nas &#039;atuais condi\u00e7\u00f5es&#039;. Clique aqui\" \/>\n<meta name=\"robots\" content=\"index, follow, max-snippet:-1, max-image-preview:large, max-video-preview:-1\" \/>\n<link rel=\"canonical\" href=\"https:\/\/www.suno.com.br\/noticias\/mercosul-uniao-europeia-ue-acordo-livre-comercio-franca-acordo-nao\/\" \/>\n<meta property=\"og:locale\" content=\"pt_BR\" \/>\n<meta property=\"og:type\" content=\"article\" \/>\n<meta property=\"og:title\" content=\"Fran\u00e7a n\u00e3o assinar\u00e1 acordo do Mercosul &#039;nas atuais condi\u00e7\u00f5es&#039;\" \/>\n<meta property=\"og:description\" content=\"A ministra francesa afirmou nesta ter\u00e7a (8) que o pa\u00eds n\u00e3o assinar\u00e1 o acordo entre a UE e o Mercosul nas &#039;atuais condi\u00e7\u00f5es&#039;. Clique aqui\" \/>\n<meta property=\"og:url\" content=\"https:\/\/www.suno.com.br\/noticias\/mercosul-uniao-europeia-ue-acordo-livre-comercio-franca-acordo-nao\/\" \/>\n<meta property=\"og:site_name\" content=\"Suno Not\u00edcias\" \/>\n<meta property=\"article:publisher\" content=\"https:\/\/facebook.com\/sunoresearch\" \/>\n<meta property=\"og:image\" content=\"https:\/\/files.sunoresearch.com.br\/n\/uploads\/2019\/10\/4315f4b2-ministra-drancaacordo-nao-assinar\u00e1.jpg\" \/>\n\t<meta property=\"og:image:width\" content=\"400\" \/>\n\t<meta property=\"og:image:height\" content=\"400\" \/>\n\t<meta property=\"og:image:type\" content=\"image\/jpeg\" \/>\n<meta name=\"author\" content=\"Poliana Santos\" \/>\n<meta name=\"twitter:card\" content=\"summary_large_image\" \/>\n<meta name=\"twitter:creator\" content=\"@sunoresearch\" \/>\n<meta name=\"twitter:site\" content=\"@sunoresearch\" \/>\n<meta name=\"twitter:label1\" content=\"Escrito por\" \/>\n\t<meta name=\"twitter:data1\" content=\"Poliana Santos\" \/>\n\t<meta name=\"twitter:label2\" content=\"Est. tempo de leitura\" \/>\n\t<meta name=\"twitter:data2\" content=\"2 minutos\" \/>\n<script type=\"application\/ld+json\" class=\"yoast-schema-graph\">{\"@context\":\"https:\/\/schema.org\",\"@graph\":[{\"@type\":\"NewsArticle\",\"@id\":\"https:\/\/www.suno.com.br\/noticias\/mercosul-uniao-europeia-ue-acordo-livre-comercio-franca-acordo-nao\/#article\",\"isPartOf\":{\"@id\":\"https:\/\/www.suno.com.br\/noticias\/mercosul-uniao-europeia-ue-acordo-livre-comercio-franca-acordo-nao\/\"},\"author\":{\"name\":\"Poliana Santos\",\"@id\":\"https:\/\/www.suno.com.br\/noticias\/#\/schema\/person\/02ec1f752758247878a2bf4abee1aeda\"},\"headline\":\"Fran\u00e7a n\u00e3o assinar\u00e1 acordo do Mercosul nas &#8216;atuais condi\u00e7\u00f5es&#8217;, diz ministra francesa\",\"datePublished\":\"2019-10-08T13:12:43+00:00\",\"mainEntityOfPage\":{\"@id\":\"https:\/\/www.suno.com.br\/noticias\/mercosul-uniao-europeia-ue-acordo-livre-comercio-franca-acordo-nao\/\"},\"wordCount\":399,\"publisher\":{\"@id\":\"https:\/\/www.suno.com.br\/noticias\/#organization\"},\"image\":{\"@id\":\"https:\/\/www.suno.com.br\/noticias\/mercosul-uniao-europeia-ue-acordo-livre-comercio-franca-acordo-nao\/#primaryimage\"},\"thumbnailUrl\":\"https:\/\/files.sunoresearch.com.br\/n\/uploads\/2019\/10\/4315f4b2-ministra-drancaacordo-nao-assinar\u00e1-jpg.webp\",\"keywords\":[\"Acordo de Paris\",\"Mercosul\",\"Uni\u00e3o Europeia\"],\"articleSection\":[\"Internacional\"],\"inLanguage\":\"pt-BR\"},{\"@type\":\"WebPage\",\"@id\":\"https:\/\/www.suno.com.br\/noticias\/mercosul-uniao-europeia-ue-acordo-livre-comercio-franca-acordo-nao\/\",\"url\":\"https:\/\/www.suno.com.br\/noticias\/mercosul-uniao-europeia-ue-acordo-livre-comercio-franca-acordo-nao\/\",\"name\":\"Fran\u00e7a n\u00e3o assinar\u00e1 acordo do Mercosul 'nas atuais condi\u00e7\u00f5es'\",\"isPartOf\":{\"@id\":\"https:\/\/www.suno.com.br\/noticias\/#website\"},\"primaryImageOfPage\":{\"@id\":\"https:\/\/www.suno.com.br\/noticias\/mercosul-uniao-europeia-ue-acordo-livre-comercio-franca-acordo-nao\/#primaryimage\"},\"image\":{\"@id\":\"https:\/\/www.suno.com.br\/noticias\/mercosul-uniao-europeia-ue-acordo-livre-comercio-franca-acordo-nao\/#primaryimage\"},\"thumbnailUrl\":\"https:\/\/files.sunoresearch.com.br\/n\/uploads\/2019\/10\/4315f4b2-ministra-drancaacordo-nao-assinar\u00e1-jpg.webp\",\"datePublished\":\"2019-10-08T13:12:43+00:00\",\"description\":\"A ministra francesa afirmou nesta ter\u00e7a (8) que o pa\u00eds n\u00e3o assinar\u00e1 o acordo entre a UE e o Mercosul nas 'atuais condi\u00e7\u00f5es'. Clique aqui\",\"breadcrumb\":{\"@id\":\"https:\/\/www.suno.com.br\/noticias\/mercosul-uniao-europeia-ue-acordo-livre-comercio-franca-acordo-nao\/#breadcrumb\"},\"inLanguage\":\"pt-BR\",\"potentialAction\":[{\"@type\":\"ReadAction\",\"target\":[\"https:\/\/www.suno.com.br\/noticias\/mercosul-uniao-europeia-ue-acordo-livre-comercio-franca-acordo-nao\/\"]}]},{\"@type\":\"ImageObject\",\"inLanguage\":\"pt-BR\",\"@id\":\"https:\/\/www.suno.com.br\/noticias\/mercosul-uniao-europeia-ue-acordo-livre-comercio-franca-acordo-nao\/#primaryimage\",\"url\":\"https:\/\/files.sunoresearch.com.br\/n\/uploads\/2019\/10\/4315f4b2-ministra-drancaacordo-nao-assinar\u00e1-jpg.webp\",\"contentUrl\":\"https:\/\/files.sunoresearch.com.br\/n\/uploads\/2019\/10\/4315f4b2-ministra-drancaacordo-nao-assinar\u00e1-jpg.webp\",\"width\":400,\"height\":400,\"caption\":\"Mercosul\"},{\"@type\":\"BreadcrumbList\",\"@id\":\"https:\/\/www.suno.com.br\/noticias\/mercosul-uniao-europeia-ue-acordo-livre-comercio-franca-acordo-nao\/#breadcrumb\",\"itemListElement\":[{\"@type\":\"ListItem\",\"position\":1,\"name\":\"Not\u00edcias\",\"item\":\"https:\/\/www.suno.com.br\/noticias\/\"},{\"@type\":\"ListItem\",\"position\":2,\"name\":\"Internacional\",\"item\":\"https:\/\/www.suno.com.br\/noticias\/internacional\/\"},{\"@type\":\"ListItem\",\"position\":3,\"name\":\"Fran\u00e7a n\u00e3o assinar\u00e1 acordo do Mercosul nas &#8216;atuais condi\u00e7\u00f5es&#8217;, diz ministra francesa\"}]},{\"@type\":\"WebSite\",\"@id\":\"https:\/\/www.suno.com.br\/noticias\/#website\",\"url\":\"https:\/\/www.suno.com.br\/noticias\/\",\"name\":\"Suno Not\u00edcias\",\"description\":\"Seu portal de informa\u00e7\u00e3o sobre o mundo dos investimentos\",\"publisher\":{\"@id\":\"https:\/\/www.suno.com.br\/noticias\/#organization\"},\"potentialAction\":[{\"@type\":\"SearchAction\",\"target\":{\"@type\":\"EntryPoint\",\"urlTemplate\":\"https:\/\/www.suno.com.br\/noticias\/?s={search_term_string}\"},\"query-input\":{\"@type\":\"PropertyValueSpecification\",\"valueRequired\":true,\"valueName\":\"search_term_string\"}}],\"inLanguage\":\"pt-BR\"},{\"@type\":\"Organization\",\"@id\":\"https:\/\/www.suno.com.br\/noticias\/#organization\",\"name\":\"Suno Not\u00edcias\",\"url\":\"https:\/\/www.suno.com.br\/noticias\/\",\"logo\":{\"@type\":\"ImageObject\",\"inLanguage\":\"pt-BR\",\"@id\":\"https:\/\/www.suno.com.br\/noticias\/#\/schema\/logo\/image\/\",\"url\":\"https:\/\/files.sunoresearch.com.br\/n\/uploads\/2021\/09\/suno-logo.png\",\"contentUrl\":\"https:\/\/files.sunoresearch.com.br\/n\/uploads\/2021\/09\/suno-logo.png\",\"width\":180,\"height\":180,\"caption\":\"Suno Not\u00edcias\"},\"image\":{\"@id\":\"https:\/\/www.suno.com.br\/noticias\/#\/schema\/logo\/image\/\"},\"sameAs\":[\"https:\/\/facebook.com\/sunoresearch\",\"https:\/\/x.com\/sunoresearch\",\"https:\/\/www.instagram.com\/suno\",\"https:\/\/www.linkedin.com\/company\/suno-research\/\",\"https:\/\/www.youtube.com\/c\/sunoresearch\"]},{\"@type\":\"Person\",\"@id\":\"https:\/\/www.suno.com.br\/noticias\/#\/schema\/person\/02ec1f752758247878a2bf4abee1aeda\",\"name\":\"Poliana Santos\",\"image\":{\"@type\":\"ImageObject\",\"inLanguage\":\"pt-BR\",\"@id\":\"https:\/\/www.suno.com.br\/noticias\/#\/schema\/person\/image\/\",\"url\":\"https:\/\/secure.gravatar.com\/avatar\/0645bd32f23d87b2130f2b2dff1d3f8d?s=96&r=g\",\"contentUrl\":\"https:\/\/secure.gravatar.com\/avatar\/0645bd32f23d87b2130f2b2dff1d3f8d?s=96&r=g\",\"caption\":\"Poliana Santos\"},\"description\":\"Rep\u00f3rter no Suno Not\u00edcias, com cobertura em mercado financeiro, economia, finan\u00e7as pessoais, renda fixa e varejo. Jornalista formada pela Faculdade C\u00e1sper L\u00edbero e possui passagem na R\u00e1dio Gazeta AM com a produ\u00e7\u00e3o de conte\u00fado sobre economia, pol\u00edtica, sa\u00fade, moda e m\u00fasica. Possui certificado de conclus\u00e3o do curso de An\u00e1lise de Balan\u00e7os pela Funda\u00e7\u00e3o Bradesco, Agenda Brasil pela FAAP, Educa\u00e7\u00e3o Pol\u00edtica por Alexandre Garcia e do Tesouro Direto e Mercado de A\u00e7\u00f5es pela B3.\",\"url\":\"https:\/\/www.suno.com.br\/noticias\/author\/poliana-santos\/\"}]}<\/script>\n<!-- \/ Yoast SEO plugin. -->","yoast_head_json":{"title":"Fran\u00e7a n\u00e3o assinar\u00e1 acordo do Mercosul 'nas atuais condi\u00e7\u00f5es'","description":"A ministra francesa afirmou nesta ter\u00e7a (8) que o pa\u00eds n\u00e3o assinar\u00e1 o acordo entre a UE e o Mercosul nas 'atuais condi\u00e7\u00f5es'. Clique aqui","robots":{"index":"index","follow":"follow","max-snippet":"max-snippet:-1","max-image-preview":"max-image-preview:large","max-video-preview":"max-video-preview:-1"},"canonical":"https:\/\/www.suno.com.br\/noticias\/mercosul-uniao-europeia-ue-acordo-livre-comercio-franca-acordo-nao\/","og_locale":"pt_BR","og_type":"article","og_title":"Fran\u00e7a n\u00e3o assinar\u00e1 acordo do Mercosul 'nas atuais condi\u00e7\u00f5es'","og_description":"A ministra francesa afirmou nesta ter\u00e7a (8) que o pa\u00eds n\u00e3o assinar\u00e1 o acordo entre a UE e o Mercosul nas 'atuais condi\u00e7\u00f5es'. Clique aqui","og_url":"https:\/\/www.suno.com.br\/noticias\/mercosul-uniao-europeia-ue-acordo-livre-comercio-franca-acordo-nao\/","og_site_name":"Suno Not\u00edcias","article_publisher":"https:\/\/facebook.com\/sunoresearch","og_image":[{"width":400,"height":400,"url":"https:\/\/files.sunoresearch.com.br\/n\/uploads\/2019\/10\/4315f4b2-ministra-drancaacordo-nao-assinar\u00e1.jpg","type":"image\/jpeg"}],"author":"Poliana Santos","twitter_card":"summary_large_image","twitter_creator":"@sunoresearch","twitter_site":"@sunoresearch","twitter_misc":{"Escrito por":"Poliana Santos","Est. tempo de leitura":"2 minutos"},"schema":{"@context":"https:\/\/schema.org","@graph":[{"@type":"NewsArticle","@id":"https:\/\/www.suno.com.br\/noticias\/mercosul-uniao-europeia-ue-acordo-livre-comercio-franca-acordo-nao\/#article","isPartOf":{"@id":"https:\/\/www.suno.com.br\/noticias\/mercosul-uniao-europeia-ue-acordo-livre-comercio-franca-acordo-nao\/"},"author":{"name":"Poliana Santos","@id":"https:\/\/www.suno.com.br\/noticias\/#\/schema\/person\/02ec1f752758247878a2bf4abee1aeda"},"headline":"Fran\u00e7a n\u00e3o assinar\u00e1 acordo do Mercosul nas &#8216;atuais condi\u00e7\u00f5es&#8217;, diz ministra francesa","datePublished":"2019-10-08T13:12:43+00:00","mainEntityOfPage":{"@id":"https:\/\/www.suno.com.br\/noticias\/mercosul-uniao-europeia-ue-acordo-livre-comercio-franca-acordo-nao\/"},"wordCount":399,"publisher":{"@id":"https:\/\/www.suno.com.br\/noticias\/#organization"},"image":{"@id":"https:\/\/www.suno.com.br\/noticias\/mercosul-uniao-europeia-ue-acordo-livre-comercio-franca-acordo-nao\/#primaryimage"},"thumbnailUrl":"https:\/\/files.sunoresearch.com.br\/n\/uploads\/2019\/10\/4315f4b2-ministra-drancaacordo-nao-assinar\u00e1-jpg.webp","keywords":["Acordo de Paris","Mercosul","Uni\u00e3o Europeia"],"articleSection":["Internacional"],"inLanguage":"pt-BR"},{"@type":"WebPage","@id":"https:\/\/www.suno.com.br\/noticias\/mercosul-uniao-europeia-ue-acordo-livre-comercio-franca-acordo-nao\/","url":"https:\/\/www.suno.com.br\/noticias\/mercosul-uniao-europeia-ue-acordo-livre-comercio-franca-acordo-nao\/","name":"Fran\u00e7a n\u00e3o assinar\u00e1 acordo do Mercosul 'nas atuais condi\u00e7\u00f5es'","isPartOf":{"@id":"https:\/\/www.suno.com.br\/noticias\/#website"},"primaryImageOfPage":{"@id":"https:\/\/www.suno.com.br\/noticias\/mercosul-uniao-europeia-ue-acordo-livre-comercio-franca-acordo-nao\/#primaryimage"},"image":{"@id":"https:\/\/www.suno.com.br\/noticias\/mercosul-uniao-europeia-ue-acordo-livre-comercio-franca-acordo-nao\/#primaryimage"},"thumbnailUrl":"https:\/\/files.sunoresearch.com.br\/n\/uploads\/2019\/10\/4315f4b2-ministra-drancaacordo-nao-assinar\u00e1-jpg.webp","datePublished":"2019-10-08T13:12:43+00:00","description":"A ministra francesa afirmou nesta ter\u00e7a (8) que o pa\u00eds n\u00e3o assinar\u00e1 o acordo entre a UE e o Mercosul nas 'atuais condi\u00e7\u00f5es'. Clique aqui","breadcrumb":{"@id":"https:\/\/www.suno.com.br\/noticias\/mercosul-uniao-europeia-ue-acordo-livre-comercio-franca-acordo-nao\/#breadcrumb"},"inLanguage":"pt-BR","potentialAction":[{"@type":"ReadAction","target":["https:\/\/www.suno.com.br\/noticias\/mercosul-uniao-europeia-ue-acordo-livre-comercio-franca-acordo-nao\/"]}]},{"@type":"ImageObject","inLanguage":"pt-BR","@id":"https:\/\/www.suno.com.br\/noticias\/mercosul-uniao-europeia-ue-acordo-livre-comercio-franca-acordo-nao\/#primaryimage","url":"https:\/\/files.sunoresearch.com.br\/n\/uploads\/2019\/10\/4315f4b2-ministra-drancaacordo-nao-assinar\u00e1-jpg.webp","contentUrl":"https:\/\/files.sunoresearch.com.br\/n\/uploads\/2019\/10\/4315f4b2-ministra-drancaacordo-nao-assinar\u00e1-jpg.webp","width":400,"height":400,"caption":"Mercosul"},{"@type":"BreadcrumbList","@id":"https:\/\/www.suno.com.br\/noticias\/mercosul-uniao-europeia-ue-acordo-livre-comercio-franca-acordo-nao\/#breadcrumb","itemListElement":[{"@type":"ListItem","position":1,"name":"Not\u00edcias","item":"https:\/\/www.suno.com.br\/noticias\/"},{"@type":"ListItem","position":2,"name":"Internacional","item":"https:\/\/www.suno.com.br\/noticias\/internacional\/"},{"@type":"ListItem","position":3,"name":"Fran\u00e7a n\u00e3o assinar\u00e1 acordo do Mercosul nas &#8216;atuais condi\u00e7\u00f5es&#8217;, diz ministra francesa"}]},{"@type":"WebSite","@id":"https:\/\/www.suno.com.br\/noticias\/#website","url":"https:\/\/www.suno.com.br\/noticias\/","name":"Suno Not\u00edcias","description":"Seu portal de informa\u00e7\u00e3o sobre o mundo dos investimentos","publisher":{"@id":"https:\/\/www.suno.com.br\/noticias\/#organization"},"potentialAction":[{"@type":"SearchAction","target":{"@type":"EntryPoint","urlTemplate":"https:\/\/www.suno.com.br\/noticias\/?s={search_term_string}"},"query-input":{"@type":"PropertyValueSpecification","valueRequired":true,"valueName":"search_term_string"}}],"inLanguage":"pt-BR"},{"@type":"Organization","@id":"https:\/\/www.suno.com.br\/noticias\/#organization","name":"Suno Not\u00edcias","url":"https:\/\/www.suno.com.br\/noticias\/","logo":{"@type":"ImageObject","inLanguage":"pt-BR","@id":"https:\/\/www.suno.com.br\/noticias\/#\/schema\/logo\/image\/","url":"https:\/\/files.sunoresearch.com.br\/n\/uploads\/2021\/09\/suno-logo.png","contentUrl":"https:\/\/files.sunoresearch.com.br\/n\/uploads\/2021\/09\/suno-logo.png","width":180,"height":180,"caption":"Suno Not\u00edcias"},"image":{"@id":"https:\/\/www.suno.com.br\/noticias\/#\/schema\/logo\/image\/"},"sameAs":["https:\/\/facebook.com\/sunoresearch","https:\/\/x.com\/sunoresearch","https:\/\/www.instagram.com\/suno","https:\/\/www.linkedin.com\/company\/suno-research\/","https:\/\/www.youtube.com\/c\/sunoresearch"]},{"@type":"Person","@id":"https:\/\/www.suno.com.br\/noticias\/#\/schema\/person\/02ec1f752758247878a2bf4abee1aeda","name":"Poliana Santos","image":{"@type":"ImageObject","inLanguage":"pt-BR","@id":"https:\/\/www.suno.com.br\/noticias\/#\/schema\/person\/image\/","url":"https:\/\/secure.gravatar.com\/avatar\/0645bd32f23d87b2130f2b2dff1d3f8d?s=96&r=g","contentUrl":"https:\/\/secure.gravatar.com\/avatar\/0645bd32f23d87b2130f2b2dff1d3f8d?s=96&r=g","caption":"Poliana Santos"},"description":"Rep\u00f3rter no Suno Not\u00edcias, com cobertura em mercado financeiro, economia, finan\u00e7as pessoais, renda fixa e varejo. Jornalista formada pela Faculdade C\u00e1sper L\u00edbero e possui passagem na R\u00e1dio Gazeta AM com a produ\u00e7\u00e3o de conte\u00fado sobre economia, pol\u00edtica, sa\u00fade, moda e m\u00fasica. Possui certificado de conclus\u00e3o do curso de An\u00e1lise de Balan\u00e7os pela Funda\u00e7\u00e3o Bradesco, Agenda Brasil pela FAAP, Educa\u00e7\u00e3o Pol\u00edtica por Alexandre Garcia e do Tesouro Direto e Mercado de A\u00e7\u00f5es pela B3.","url":"https:\/\/www.suno.com.br\/noticias\/author\/poliana-santos\/"}]}},"default_loop_html":"<div class=\"cardsPage__listCard__boxs\"><div class=\"cardsPage__listCard__boxs__img\"><a href=\"https:\/\/www.suno.com.br\/noticias\/mercosul-uniao-europeia-ue-acordo-livre-comercio-franca-acordo-nao\/\"><img class=\"mask\" src=\"https:\/\/www.suno.com.br\/noticias\/wp-content\/themes\/suno\/resources\/images\/spotlight\/spotlight1img\/bg-mask.png\" alt=\"Image Mask\"\/><img src=\"https:\/\/files.sunoresearch.com.br\/n\/uploads\/2019\/10\/4315f4b2-ministra-drancaacordo-nao-assinar\u00e1-400x200.webp\" alt=\"Fran\u00e7a n\u00e3o assinar\u00e1 acordo do Mercosul nas &#8216;atuais condi\u00e7\u00f5es&#8217;, diz ministra francesa\"\/><\/a><span class=\"spotlightCategory\"><a href=\"https:\/\/www.suno.com.br\/noticias\/internacional\/\">Internacional<\/a><\/span><\/div><div class=\"cardsPage__listCard__boxs__content\"><a href=\"https:\/\/www.suno.com.br\/noticias\/mercosul-uniao-europeia-ue-acordo-livre-comercio-franca-acordo-nao\/\"><h2 class=\"content__title\">Fran\u00e7a n\u00e3o assinar\u00e1 acordo do Mercosul nas &#8216;atuais condi\u00e7\u00f5es&#8217;, diz ministra francesa<\/h2><\/a><div class=\"newsContent__article__meta\"><div class=\"newsContent__article__meta__authorBox\"><a href=\"https:\/\/www.suno.com.br\/noticias\/author\/poliana-santos\/\" class=\"authorBox__avatar noMobi\"><img src=\"https:\/\/files.sunoresearch.com.br\/n\/uploads\/2020\/08\/7ef34026-whatsapp-image-2020-08-03-at-12.37.57-150x150.webp\" alt=\"Poliana Santos\"><\/a><div class=\"authorBox__name\"><span>por\n\t\t\t<a href=\"https:\/\/www.suno.com.br\/noticias\/author\/poliana-santos\/\"><span itemprop=\"author\">Poliana Santos<\/span><\/a><\/span><time datetime=\"2019-10-08T10:12:43-03:00\" itemprop=\"datePublished\">08\/10\/2019 10:12<\/time><\/div><\/div><\/div><\/div><\/div>","single_layout":"posts","amp_enabled":true,"_links":{"self":[{"href":"https:\/\/www.suno.com.br\/noticias\/wp-json\/wp\/v2\/posts\/40237"}],"collection":[{"href":"https:\/\/www.suno.com.br\/noticias\/wp-json\/wp\/v2\/posts"}],"about":[{"href":"https:\/\/www.suno.com.br\/noticias\/wp-json\/wp\/v2\/types\/post"}],"author":[{"embeddable":true,"href":"https:\/\/www.suno.com.br\/noticias\/wp-json\/wp\/v2\/users\/15"}],"replies":[{"embeddable":true,"href":"https:\/\/www.suno.com.br\/noticias\/wp-json\/wp\/v2\/comments?post=40237"}],"version-history":[{"count":0,"href":"https:\/\/www.suno.com.br\/noticias\/wp-json\/wp\/v2\/posts\/40237\/revisions"}],"wp:featuredmedia":[{"embeddable":true,"href":"https:\/\/www.suno.com.br\/noticias\/wp-json\/wp\/v2\/media\/40250"}],"wp:attachment":[{"href":"https:\/\/www.suno.com.br\/noticias\/wp-json\/wp\/v2\/media?parent=40237"}],"wp:term":[{"taxonomy":"category","embeddable":true,"href":"https:\/\/www.suno.com.br\/noticias\/wp-json\/wp\/v2\/categories?post=40237"},{"taxonomy":"post_tag","embeddable":true,"href":"https:\/\/www.suno.com.br\/noticias\/wp-json\/wp\/v2\/tags?post=40237"},{"taxonomy":"suno_strategy","embeddable":true,"href":"https:\/\/www.suno.com.br\/noticias\/wp-json\/wp\/v2\/suno_strategy?post=40237"}],"curies":[{"name":"wp","href":"https:\/\/api.w.org\/{rel}","templated":true}]}}