{"id":401998,"date":"2023-05-09T09:36:39","date_gmt":"2023-05-09T12:36:39","guid":{"rendered":"https:\/\/www.suno.com.br\/noticias\/?p=401998"},"modified":"2023-05-09T09:42:16","modified_gmt":"2023-05-09T12:42:16","slug":"agenda-mercado-copom-ntco3-braskem","status":"publish","type":"post","link":"https:\/\/www.suno.com.br\/noticias\/agenda-mercado-copom-ntco3-braskem\/","title":{"rendered":"Ata do Copom, resultados de Natura (NTCO3) e Braskem (BRKM5): o que preenche a agenda nesta ter\u00e7a-feira"},"content":{"rendered":"<p>A Ata do Comit\u00ea de <a href=\"https:\/\/www.suno.com.br\/artigos\/politica-monetaria\/\" target=\"_blank\" rel=\"noreferrer noopener\">Pol\u00edtica Monet\u00e1ria<\/a> (<strong>Copom<\/strong>) abre esta ter\u00e7a-feira (9), com as sinaliza\u00e7\u00f5es do <a href=\"https:\/\/www.suno.com.br\/artigos\/bacen\/\" target=\"_blank\" rel=\"noreferrer noopener\">Banco Central (BC)<\/a> sobre a condu\u00e7\u00e3o da taxa de juros. O documento oficial da reuni\u00e3o, que decidiu pela manuten\u00e7\u00e3o da Selic a 13,75%, refor\u00e7ou que n\u00e3o existe uma rela\u00e7\u00e3o mec\u00e2nica entre as pol\u00edticas do BC  e o novo arcabou\u00e7o fiscal do governo. <\/p>\t<div class=\"wrapper-featured-image\">\n\t\t<figure class=\"spotlightImg\">\n\n\t\t\t<picture>\n\t\t\t\t<source media=\"(max-width: 768px)\" srcset=\"https:\/\/files.sunoresearch.com.br\/n\/uploads\/2023\/05\/agenda-itau-unibanco-itub4-boletim-focus-400x200.jpg\">\n\t\t\t\t<img loading=\"lazy\" decoding=\"async\" class=\"newsContent__article__imgCapa lazyloadDisabled \" src=\"https:\/\/files.sunoresearch.com.br\/n\/uploads\/2023\/05\/agenda-itau-unibanco-itub4-boletim-focus-800x450.jpg\" width=\"800\" height=\"450\" alt=\"Ata do Copom, resultados de Natura (NTCO3) e Braskem (BRKM5): o que preenche a agenda nesta ter\u00e7a-feira\" fetchpriority=high \/>\n\t\t\t<\/picture>\n\n\t\t\t<figcaption class=\"wp-caption-text wp-caption-text--show\">Foto: iStock<\/figcaption>\n\t\t<\/figure>\n\t<\/div>\n\n\n\n\n\n\t<p>\n\t\t<a href=\"https:\/\/lp.suno.com.br\/suno-one\/?utm_campaign=_SNC6964518A_\" target=\"_blank\" data-element=\"shortcode-suno-banner\" title=\"Banner SUNO, clique e saiba mais\">\n\t\t\t<picture>\n\t\t\t\t<source media=\"(max-width: 500px)\" srcset=\"https:\/\/files.sunoresearch.com.br\/n\/uploads\/2025\/09\/400x300-Suno-One-png.webp\">\n\t\t\t\t<img class=\"newsContent__article__imgCapa newsContent__article__imgCapa--banner\"\n\t\t\t\t\tsrc=\"https:\/\/files.sunoresearch.com.br\/n\/uploads\/2025\/09\/1420x240-Suno-One-png.webp\"\n\t\t\t\t\tdata-promo-id=\"383121\"\t\t\t\t\t\t\t\t\t\twidth='1420' height='240'\t\t\t\t\talt=\"https:\/\/files.sunoresearch.com.br\/n\/uploads\/2025\/09\/1420x240-Suno-One-png.webp\"\n\t\t\t\t>\n\t\t\t<\/picture>\n\t\t<\/a>\n\t<\/p>\n\n\n\n\n\n<p>Por outro lado, o colegiado tranquiliza o mercado quanto a um aumento da <strong>taxa Selic <\/strong>nos pr\u00f3ximos ciclos, afirmando que &#8220;os cen\u00e1rios que poderiam requerer a retomada do ciclo de aperto monet\u00e1rio se tornaram menos prov\u00e1veis\u201d.<\/p>\n\n\n\n<p>Ainda no radar dos investidores dever\u00e1 estar a <strong>Natura &amp;Co (<a href=\"https:\/\/www.suno.com.br\/acoes\/ntco3\/\" target=\"_blank\" rel=\"noreferrer noopener\">NTCO3<\/a>)<\/strong> que divulgou seu resultado do primeiro trimestre do ano. A empresa apresentou preju\u00edzo l\u00edquido de R$ 652,4 milh\u00f5es, uma alta de 1,4% em rela\u00e7\u00e3o ao tamb\u00e9m preju\u00edzo de um ano antes.<\/p>\n\n\n\n<p>Antes da marca de cosm\u00e9ticos, a petroqu\u00edmica <strong>Braskem (<a href=\"https:\/\/www.suno.com.br\/acoes\/brkm5\/\" target=\"_blank\" rel=\"noreferrer noopener\">BRKM5<\/a>)<\/strong> informou uma queda anual de 94% no lucro l\u00edquido, para R$ 242 milh\u00f5es. Com not\u00edcias circulando sobre uma poss\u00edvel compra da companhia, as a\u00e7\u00f5es da empresa vinham tendo dias de alta na Bolsa. Ap\u00f3s negar a movimenta\u00e7\u00e3o, a Braskem confirmou ter recebido a proposta, mas sem entrar em mais detalhes. De acordo com as informa\u00e7\u00f5es do jornal Valor Econ\u00f4mico, o movimento partiu da gestora americana Apollo e da estatal Empresa Nacional de Petr\u00f3leo de Abu Dhabi (Adnoc). Na segunda-feira (8), as a\u00e7\u00f5es da Braskem chegaram a disparar 22%.<\/p>\n\n\n\n<p>Em continuidade \u00e0 temporada de balan\u00e7os, <strong>CVC (<a href=\"https:\/\/www.suno.com.br\/acoes\/cvcb3\/\" target=\"_blank\" rel=\"noreferrer noopener\">CVCB3<\/a>)<\/strong>, <strong>M\u00e9liuz (<a href=\"https:\/\/www.suno.com.br\/acoes\/cash3\/\" target=\"_blank\" rel=\"noreferrer noopener\">CASH3<\/a>)<\/strong>, <strong>Minerva (<a href=\"https:\/\/www.suno.com.br\/acoes\/beef3\/\" target=\"_blank\" rel=\"noreferrer noopener\">BEEF3<\/a>)<\/strong>, <strong>Telef\u00f4nica (<a href=\"https:\/\/www.suno.com.br\/bdrs\/tlnc34\/\" target=\"_blank\" rel=\"noreferrer noopener\">TLNC34<\/a>)<\/strong>, <strong>Aribnb (<a href=\"https:\/\/www.suno.com.brbdrs\/airb34\" target=\"_blank\" rel=\"noreferrer noopener\">AIRB34<\/a>)<\/strong> e <strong>Yduqs (<a href=\"https:\/\/www.suno.com.bracoes\/yduq3\" target=\"_blank\" rel=\"noreferrer noopener\">YUDQ3<\/a>)<\/strong> divulgam os n\u00fameros ap\u00f3s o fechamento do mercado.<\/p>\n\n\n\n<h2 class=\"wp-block-heading\">O que mais acontece na Agenda do Brasil<\/h2>\n\n\n\n<p>O Ministro da Fazenda, <strong>Fernando Haddad<\/strong>, passa o dia de hoje viajando com destino ao Jap\u00e3o. Ele estar\u00e1 presente como representante do Brasil nas reuni\u00f5es do <strong>G7 <\/strong>nos pr\u00f3ximos dias. O evento oficial acontece no final do m\u00eas \u2013 20 e 21 de maio \u2013 ir\u00e1 contar com a presen\u00e7a do presidente Luiz In\u00e1cio Lula da Silva. <\/p>\n\n\n\n<p>No Brasil, Lula participa da inaugura\u00e7\u00e3o da Linha de Produ\u00e7\u00e3o do Ca\u00e7a F-39 Gripen, na Embraer, em Gavi\u00e3o Peixoto (SP) \u00e0s 10h30. A aeronave \u00e9 a mais moderna em opera\u00e7\u00e3o na Am\u00e9rica Latina e vai equipar o 1.\u00ba Grupo de Defesa A\u00e9rea (1.\u00ba GDA), localizado em An\u00e1polis (GO). <\/p>\n\n\n\n<h2 class=\"wp-block-heading\">Estados Unidos<\/h2>\n\n\n\n<p>Na agenda dos ianques, o presidente americano, Joe Biden, participa de uma reuni\u00e3o com lideran\u00e7as do Congresso sobre o teto da d\u00edvida na Casa Branca \u00e0s 17 horas. \u00c0s 17h30, a American Petroleum Institute (API) divulga os <strong>estoques de petr\u00f3leo<\/strong> da semana at\u00e9 5\/5. <\/p>\n\n\n\t<p>\n\t\t<a href=\"https:\/\/lp.suno.com.br\/ebook-gratuito-investindo-no-exterior\/\" target=\"_blank\" data-element=\"shortcode-suno-banner\" title=\"Banner SUNO, clique e saiba mais\">\n\t\t\t<picture>\n\t\t\t\t<source media=\"(max-width: 500px)\" srcset=\"https:\/\/files.sunoresearch.com.br\/n\/uploads\/2023\/03\/400x300-Investindo-no-exterior.png\">\n\t\t\t\t<img class=\"newsContent__article__imgCapa newsContent__article__imgCapa--banner\"\n\t\t\t\t\tsrc=\"https:\/\/files.sunoresearch.com.br\/n\/uploads\/2023\/03\/1420x240-Investindo-no-exterior.png\"\n\t\t\t\t\tdata-promo-id=\"383161\"\t\t\t\t\t\t\t\t\t\twidth='1420' height='240'\t\t\t\t\talt=\"https:\/\/files.sunoresearch.com.br\/n\/uploads\/2023\/03\/1420x240-Investindo-no-exterior.png\"\n\t\t\t\t>\n\t\t\t<\/picture>\n\t\t<\/a>\n\t<\/p>\n\n\n\n\n\n<p>Enquanto isso, as bolsas ao redor do mundo permanecem cautelosas aguardando o resultado do <strong>\u00cdndice de Pre\u00e7os ao Consumidor (<a href=\"https:\/\/www.suno.com.br\/artigos\/cpi\/\" target=\"_blank\" rel=\"noreferrer noopener\">CPI<\/a>) <\/strong>do m\u00eas de abril, medidor da evolu\u00e7\u00e3o dos pre\u00e7os de bens e servi\u00e7os nos EUA.<\/p>\n\n\n\n<h2 class=\"wp-block-heading\">Na Europa<\/h2>\n\n\n\n<p>Passado o feriado da coroa\u00e7\u00e3o do Rei Charles III, a bolsa de Londres voltou a operar esta manh\u00e3. As principais bolsas europeias come\u00e7aram o dia refletindo a queda na balan\u00e7a comercial da China e atuavam em queda. Para os exportadores da <a href=\"https:\/\/www.suno.com.br\/artigos\/zona-do-euro\/\" target=\"_blank\" rel=\"noreferrer noopener\">Zona do Euro<\/a>, o recuo apresentado no volume de importa\u00e7\u00f5es chinesas pode ser um agravante econ\u00f4mico. Al\u00e9m disso, o resultado tamb\u00e9m pesa nas cota\u00e7\u00f5es de petr\u00f3leo, antes da pr\u00e9via semanal dos estoques americanos. O resultado do CPI americano tamb\u00e9m gera um certo suspense na Zona do Euro.<\/p>\n\n\n\n<p>Entre as empresas, o banco UBS recuava levemente (-0,09%) em Zurique ap\u00f3s apresentar novos l\u00edderes e modelo operacional para lidar com a aquisi\u00e7\u00e3o do Credit Suisse.<\/p>\n\n\n\n<h2 class=\"wp-block-heading\">Mercado asi\u00e1tico<\/h2>\n\n\n\n<p>Os dados da balan\u00e7a comercial chinesa de abril causou uma rea\u00e7\u00e3o negativa geral nas bolsas asi\u00e1ticas. A desacelera\u00e7\u00e3o anual das exporta\u00e7\u00f5es e uma inesperada queda nas importa\u00e7\u00f5es de 7,9%. Em Hong Kong, <a href=\"https:\/\/www.suno.com.br\/artigos\/hang-seng\/\" target=\"_blank\" rel=\"noreferrer noopener\">Hang Seng<\/a> foi a recordista na queda (-2,12%), ainda refletindo um temor pelo CPI americano de amanh\u00e3. <\/p>\n\n\n\n<p>Na Bolsa de T\u00f3quio, a <a href=\"https:\/\/www.suno.com.br\/artigos\/bolsa-de-valores-de-toquio\/\" target=\"_blank\" rel=\"noreferrer noopener\">Nikkei<\/a>, foi impulsionada pelas sider\u00fargicas, ap\u00f3s a JFE Holdings (+14,51%) divulgar proje\u00e7\u00e3o de lucros em alta. <\/p>\n\n\n\n<p>Em Dalian, o min\u00e9rio de ferro subiu mais 1,28%, ap\u00f3s ter dado um salto de 5% na v\u00e9spera<\/p>\n\n\n\t<p>\n\t\t<a href=\"https:\/\/lp.suno.com.br\/ebook-como-analisar-uma-acao\/\" target=\"_blank\" data-element=\"shortcode-suno-banner\" title=\"Banner SUNO, clique e saiba mais\">\n\t\t\t<picture>\n\t\t\t\t<source media=\"(max-width: 500px)\" srcset=\"https:\/\/files.sunoresearch.com.br\/n\/uploads\/2023\/03\/Ebook-Acoes-Mobile.jpg\">\n\t\t\t\t<img class=\"newsContent__article__imgCapa newsContent__article__imgCapa--banner\"\n\t\t\t\t\tsrc=\"https:\/\/files.sunoresearch.com.br\/n\/uploads\/2023\/03\/Ebook-Acoes-Desktop.jpg\"\n\t\t\t\t\tdata-promo-id=\"378302\"\t\t\t\t\t\t\t\t\t\twidth='1420' height='286'\t\t\t\t\talt=\"https:\/\/files.sunoresearch.com.br\/n\/uploads\/2023\/03\/Ebook-Acoes-Desktop.jpg\"\n\t\t\t\t>\n\t\t\t<\/picture>\n\t\t<\/a>\n\t<\/p>\n\n\n\n\n\n<h2 class=\"wp-block-heading\">Semana Tem\u00e1tica do Imposto de Renda na Suno<\/h2>\n\n\n\n<p>J\u00e1 fez sua declara\u00e7\u00e3o do IR? Com a data final se aproximando, o Suno Not\u00edcias preparou uma semana tem\u00e1tica exclusiva para n\u00e3o ter dificuldades na hora de ficar em dia com o Le\u00e3o. <\/p>\n\n\n\n<p>Em parceria com a Grana Capital, a <strong><a href=\"https:\/\/www.suno.com.br\/noticias\/semana-de-imposto-de-renda-agenda\/\" target=\"_blank\" rel=\"noreferrer noopener\">Semana de IR do Suno Not\u00edcias<\/a><\/strong>, vai de segunda a sexta-feira desta semana e tem uma programa\u00e7\u00e3o recheada de conte\u00fado que n\u00e3o pode faltar na hora de declarar. Ontem, 8, j\u00e1 foi liberada uma mat\u00e9ria com <a href=\"https:\/\/www.suno.com.br\/noticias\/imposto-de-renda-dicas-declarar-reta-final\/\" target=\"_blank\" rel=\"noreferrer noopener\">5 dicas valiosas na hora de enviar a declara\u00e7\u00e3o do IRPF 2023<\/a> e quais s\u00e3o as pessoas que precisam prestar contas ao fisco neste ano. <\/p>\n\n\n\n<p>Hoje, 9, voc\u00ea fica por dentro de quais s\u00e3o os 10 erros mais cometidos pela maioria, no momento de declarar o IRPF. Al\u00e9m disso, a reportagem informar\u00e1 como evitar essas \u2018pegadinhas\u2019 para n\u00e3o cair na&nbsp;<a href=\"https:\/\/www.suno.com.br\/artigos\/malha-fina\/\" target=\"_blank\" rel=\"noreferrer noopener\">malha fina<\/a>.<\/p>\n\n\n\n<p>Para ficar por dentro de todo o conte\u00fado da Semana de IR do Suno Not\u00edcias, \u00e9 s\u00f3 acessar este <a href=\"https:\/\/www.suno.com.br\/noticias\/tags\/semana-tematica\/\" target=\"_blank\" rel=\"noreferrer noopener\">link<\/a>. <\/p>\n\n\n\t<p>\n\t\t<a href=\"https:\/\/lp.suno.com.br\/suno-one\/?utm_campaign=_SNC6964518A_\" target=\"_blank\" data-element=\"shortcode-suno-banner\" title=\"Banner SUNO, clique e saiba mais\">\n\t\t\t<picture>\n\t\t\t\t<source media=\"(max-width: 500px)\" srcset=\"https:\/\/files.sunoresearch.com.br\/n\/uploads\/2025\/09\/400x300-Suno-One-png.webp\">\n\t\t\t\t<img class=\"newsContent__article__imgCapa newsContent__article__imgCapa--banner\"\n\t\t\t\t\tsrc=\"https:\/\/files.sunoresearch.com.br\/n\/uploads\/2025\/09\/1420x240-Suno-One-png.webp\"\n\t\t\t\t\tdata-promo-id=\"383121\"\t\t\t\t\t\t\t\t\t\twidth='1420' height='240'\t\t\t\t\talt=\"https:\/\/files.sunoresearch.com.br\/n\/uploads\/2025\/09\/1420x240-Suno-One-png.webp\"\n\t\t\t\t>\n\t\t\t<\/picture>\n\t\t<\/a>\n\t<\/p>\n\n\n","protected":false},"excerpt":{"rendered":"<p>A Ata do Comit\u00ea de Pol\u00edtica Monet\u00e1ria (Copom) abre esta ter\u00e7a-feira (9), com as sinaliza\u00e7\u00f5es do Banco Central (BC) sobre a condu\u00e7\u00e3o da taxa de juros. O documento oficial da reuni\u00e3o, que decidiu pela manuten\u00e7\u00e3o da Selic a 13,75%, refor\u00e7ou que n\u00e3o existe uma rela\u00e7\u00e3o mec\u00e2nica entre as pol\u00edticas do BC e o novo arcabou\u00e7o [&hellip;]<\/p>\n","protected":false},"author":283,"featured_media":401142,"comment_status":"closed","ping_status":"closed","sticky":false,"template":"","format":"standard","meta":[],"categories":[60],"tags":[1980,1842,395,1104,574],"suno_strategy":[],"class_list":["post-401998","post","type-post","status-publish","format-standard","has-post-thumbnail","hentry","category-mercado","tag-agenda-do-dia","tag-banco-central-bc","tag-braskem-brkm3-brkm5-brkm6","tag-copom","tag-natura-ntco3"],"yoast_head":"<!-- This site is optimized with the Yoast SEO plugin v24.4 - https:\/\/yoast.com\/wordpress\/plugins\/seo\/ -->\n<title>Copom, Natura (NTCO3) e Braskem (BRKM5): confira agenda de hoje<\/title>\n<meta name=\"description\" content=\"Balan\u00e7os de Natura (NTCO3) e Braskem (BRKM5) ressoaram no mercado nesta madrugada enquanto o mercado aguardava a Ata do Copom. Veja mais.\" \/>\n<meta name=\"robots\" content=\"index, follow, max-snippet:-1, max-image-preview:large, max-video-preview:-1\" \/>\n<link rel=\"canonical\" href=\"https:\/\/www.suno.com.br\/noticias\/agenda-mercado-copom-ntco3-braskem\/\" \/>\n<meta property=\"og:locale\" content=\"pt_BR\" \/>\n<meta property=\"og:type\" content=\"article\" \/>\n<meta property=\"og:title\" content=\"Copom, Natura (NTCO3) e Braskem (BRKM5): confira agenda de hoje\" \/>\n<meta property=\"og:description\" content=\"Balan\u00e7os de Natura (NTCO3) e Braskem (BRKM5) ressoaram no mercado nesta madrugada enquanto o mercado aguardava a Ata do Copom. Veja mais.\" \/>\n<meta property=\"og:url\" content=\"https:\/\/www.suno.com.br\/noticias\/agenda-mercado-copom-ntco3-braskem\/\" \/>\n<meta property=\"og:site_name\" content=\"Suno Not\u00edcias\" \/>\n<meta property=\"article:publisher\" content=\"https:\/\/facebook.com\/sunoresearch\" \/>\n<meta property=\"og:image\" content=\"https:\/\/files.sunoresearch.com.br\/n\/uploads\/2023\/05\/agenda-itau-unibanco-itub4-boletim-focus.jpg\" \/>\n\t<meta property=\"og:image:width\" content=\"1200\" \/>\n\t<meta property=\"og:image:height\" content=\"800\" \/>\n\t<meta property=\"og:image:type\" content=\"image\/jpeg\" \/>\n<meta name=\"author\" content=\"Camila Paim\" \/>\n<meta name=\"twitter:card\" content=\"summary_large_image\" \/>\n<meta name=\"twitter:creator\" content=\"@sunoresearch\" \/>\n<meta name=\"twitter:site\" content=\"@sunoresearch\" \/>\n<meta name=\"twitter:label1\" content=\"Escrito por\" \/>\n\t<meta name=\"twitter:data1\" content=\"Camila Paim\" \/>\n\t<meta name=\"twitter:label2\" content=\"Est. tempo de leitura\" \/>\n\t<meta name=\"twitter:data2\" content=\"5 minutos\" \/>\n<script type=\"application\/ld+json\" class=\"yoast-schema-graph\">{\"@context\":\"https:\/\/schema.org\",\"@graph\":[{\"@type\":\"NewsArticle\",\"@id\":\"https:\/\/www.suno.com.br\/noticias\/agenda-mercado-copom-ntco3-braskem\/#article\",\"isPartOf\":{\"@id\":\"https:\/\/www.suno.com.br\/noticias\/agenda-mercado-copom-ntco3-braskem\/\"},\"author\":{\"name\":\"Camila Paim\",\"@id\":\"https:\/\/www.suno.com.br\/noticias\/#\/schema\/person\/f341d3ae5d1cc685176c9a5327cdfdbb\"},\"headline\":\"Ata do Copom, resultados de Natura (NTCO3) e Braskem (BRKM5): o que preenche a agenda nesta ter\u00e7a-feira\",\"datePublished\":\"2023-05-09T12:36:39+00:00\",\"dateModified\":\"2023-05-09T12:42:16+00:00\",\"mainEntityOfPage\":{\"@id\":\"https:\/\/www.suno.com.br\/noticias\/agenda-mercado-copom-ntco3-braskem\/\"},\"wordCount\":940,\"publisher\":{\"@id\":\"https:\/\/www.suno.com.br\/noticias\/#organization\"},\"image\":{\"@id\":\"https:\/\/www.suno.com.br\/noticias\/agenda-mercado-copom-ntco3-braskem\/#primaryimage\"},\"thumbnailUrl\":\"https:\/\/files.sunoresearch.com.br\/n\/uploads\/2023\/05\/agenda-itau-unibanco-itub4-boletim-focus.jpg\",\"keywords\":[\"agenda do dia\",\"Banco Central (BC)\",\"Braskem (BRKM3\/BRKM5\/BRKM6)\",\"Copom\",\"Natura (NTCO3)\"],\"articleSection\":[\"Mercado\"],\"inLanguage\":\"pt-BR\"},{\"@type\":\"WebPage\",\"@id\":\"https:\/\/www.suno.com.br\/noticias\/agenda-mercado-copom-ntco3-braskem\/\",\"url\":\"https:\/\/www.suno.com.br\/noticias\/agenda-mercado-copom-ntco3-braskem\/\",\"name\":\"Copom, Natura (NTCO3) e Braskem (BRKM5): confira agenda de hoje\",\"isPartOf\":{\"@id\":\"https:\/\/www.suno.com.br\/noticias\/#website\"},\"primaryImageOfPage\":{\"@id\":\"https:\/\/www.suno.com.br\/noticias\/agenda-mercado-copom-ntco3-braskem\/#primaryimage\"},\"image\":{\"@id\":\"https:\/\/www.suno.com.br\/noticias\/agenda-mercado-copom-ntco3-braskem\/#primaryimage\"},\"thumbnailUrl\":\"https:\/\/files.sunoresearch.com.br\/n\/uploads\/2023\/05\/agenda-itau-unibanco-itub4-boletim-focus.jpg\",\"datePublished\":\"2023-05-09T12:36:39+00:00\",\"dateModified\":\"2023-05-09T12:42:16+00:00\",\"description\":\"Balan\u00e7os de Natura (NTCO3) e Braskem (BRKM5) ressoaram no mercado nesta madrugada enquanto o mercado aguardava a Ata do Copom. Veja mais.\",\"breadcrumb\":{\"@id\":\"https:\/\/www.suno.com.br\/noticias\/agenda-mercado-copom-ntco3-braskem\/#breadcrumb\"},\"inLanguage\":\"pt-BR\",\"potentialAction\":[{\"@type\":\"ReadAction\",\"target\":[\"https:\/\/www.suno.com.br\/noticias\/agenda-mercado-copom-ntco3-braskem\/\"]}]},{\"@type\":\"ImageObject\",\"inLanguage\":\"pt-BR\",\"@id\":\"https:\/\/www.suno.com.br\/noticias\/agenda-mercado-copom-ntco3-braskem\/#primaryimage\",\"url\":\"https:\/\/files.sunoresearch.com.br\/n\/uploads\/2023\/05\/agenda-itau-unibanco-itub4-boletim-focus.jpg\",\"contentUrl\":\"https:\/\/files.sunoresearch.com.br\/n\/uploads\/2023\/05\/agenda-itau-unibanco-itub4-boletim-focus.jpg\",\"width\":1200,\"height\":800,\"caption\":\"Foto: iStock\"},{\"@type\":\"BreadcrumbList\",\"@id\":\"https:\/\/www.suno.com.br\/noticias\/agenda-mercado-copom-ntco3-braskem\/#breadcrumb\",\"itemListElement\":[{\"@type\":\"ListItem\",\"position\":1,\"name\":\"Not\u00edcias\",\"item\":\"https:\/\/www.suno.com.br\/noticias\/\"},{\"@type\":\"ListItem\",\"position\":2,\"name\":\"Mercado\",\"item\":\"https:\/\/www.suno.com.br\/noticias\/mercado\/\"},{\"@type\":\"ListItem\",\"position\":3,\"name\":\"Ata do Copom, resultados de Natura (NTCO3) e Braskem (BRKM5): o que preenche a agenda nesta ter\u00e7a-feira\"}]},{\"@type\":\"WebSite\",\"@id\":\"https:\/\/www.suno.com.br\/noticias\/#website\",\"url\":\"https:\/\/www.suno.com.br\/noticias\/\",\"name\":\"Suno Not\u00edcias\",\"description\":\"Seu portal de informa\u00e7\u00e3o sobre o mundo dos investimentos\",\"publisher\":{\"@id\":\"https:\/\/www.suno.com.br\/noticias\/#organization\"},\"potentialAction\":[{\"@type\":\"SearchAction\",\"target\":{\"@type\":\"EntryPoint\",\"urlTemplate\":\"https:\/\/www.suno.com.br\/noticias\/?s={search_term_string}\"},\"query-input\":{\"@type\":\"PropertyValueSpecification\",\"valueRequired\":true,\"valueName\":\"search_term_string\"}}],\"inLanguage\":\"pt-BR\"},{\"@type\":\"Organization\",\"@id\":\"https:\/\/www.suno.com.br\/noticias\/#organization\",\"name\":\"Suno Not\u00edcias\",\"url\":\"https:\/\/www.suno.com.br\/noticias\/\",\"logo\":{\"@type\":\"ImageObject\",\"inLanguage\":\"pt-BR\",\"@id\":\"https:\/\/www.suno.com.br\/noticias\/#\/schema\/logo\/image\/\",\"url\":\"https:\/\/files.sunoresearch.com.br\/n\/uploads\/2021\/09\/suno-logo.png\",\"contentUrl\":\"https:\/\/files.sunoresearch.com.br\/n\/uploads\/2021\/09\/suno-logo.png\",\"width\":180,\"height\":180,\"caption\":\"Suno Not\u00edcias\"},\"image\":{\"@id\":\"https:\/\/www.suno.com.br\/noticias\/#\/schema\/logo\/image\/\"},\"sameAs\":[\"https:\/\/facebook.com\/sunoresearch\",\"https:\/\/x.com\/sunoresearch\",\"https:\/\/www.instagram.com\/suno\",\"https:\/\/www.linkedin.com\/company\/suno-research\/\",\"https:\/\/www.youtube.com\/c\/sunoresearch\"]},{\"@type\":\"Person\",\"@id\":\"https:\/\/www.suno.com.br\/noticias\/#\/schema\/person\/f341d3ae5d1cc685176c9a5327cdfdbb\",\"name\":\"Camila Paim\",\"image\":{\"@type\":\"ImageObject\",\"inLanguage\":\"pt-BR\",\"@id\":\"https:\/\/www.suno.com.br\/noticias\/#\/schema\/person\/image\/\",\"url\":\"https:\/\/secure.gravatar.com\/avatar\/f33728e65febb1aa7ecf6792956f9b20?s=96&r=g\",\"contentUrl\":\"https:\/\/secure.gravatar.com\/avatar\/f33728e65febb1aa7ecf6792956f9b20?s=96&r=g\",\"caption\":\"Camila Paim\"},\"description\":\"Jornalista formada pela USP, tem experi\u00eancia em reda\u00e7\u00f5es, SEO, Branded Content e Webdesign. Com passagem pelo Jornal da USP, Empiricus e C6 Bank, hoje \u00e9 rep\u00f3rter no Suno Not\u00edcias cobrindo macroeconomia, finan\u00e7as pessoais e startups.\",\"url\":\"https:\/\/www.suno.com.br\/noticias\/author\/camila-figueiredosuno-com-br\/\"}]}<\/script>\n<!-- \/ Yoast SEO plugin. -->","yoast_head_json":{"title":"Copom, Natura (NTCO3) e Braskem (BRKM5): confira agenda de hoje","description":"Balan\u00e7os de Natura (NTCO3) e Braskem (BRKM5) ressoaram no mercado nesta madrugada enquanto o mercado aguardava a Ata do Copom. Veja mais.","robots":{"index":"index","follow":"follow","max-snippet":"max-snippet:-1","max-image-preview":"max-image-preview:large","max-video-preview":"max-video-preview:-1"},"canonical":"https:\/\/www.suno.com.br\/noticias\/agenda-mercado-copom-ntco3-braskem\/","og_locale":"pt_BR","og_type":"article","og_title":"Copom, Natura (NTCO3) e Braskem (BRKM5): confira agenda de hoje","og_description":"Balan\u00e7os de Natura (NTCO3) e Braskem (BRKM5) ressoaram no mercado nesta madrugada enquanto o mercado aguardava a Ata do Copom. Veja mais.","og_url":"https:\/\/www.suno.com.br\/noticias\/agenda-mercado-copom-ntco3-braskem\/","og_site_name":"Suno Not\u00edcias","article_publisher":"https:\/\/facebook.com\/sunoresearch","og_image":[{"width":1200,"height":800,"url":"https:\/\/files.sunoresearch.com.br\/n\/uploads\/2023\/05\/agenda-itau-unibanco-itub4-boletim-focus.jpg","type":"image\/jpeg"}],"author":"Camila Paim","twitter_card":"summary_large_image","twitter_creator":"@sunoresearch","twitter_site":"@sunoresearch","twitter_misc":{"Escrito por":"Camila Paim","Est. tempo de leitura":"5 minutos"},"schema":{"@context":"https:\/\/schema.org","@graph":[{"@type":"NewsArticle","@id":"https:\/\/www.suno.com.br\/noticias\/agenda-mercado-copom-ntco3-braskem\/#article","isPartOf":{"@id":"https:\/\/www.suno.com.br\/noticias\/agenda-mercado-copom-ntco3-braskem\/"},"author":{"name":"Camila Paim","@id":"https:\/\/www.suno.com.br\/noticias\/#\/schema\/person\/f341d3ae5d1cc685176c9a5327cdfdbb"},"headline":"Ata do Copom, resultados de Natura (NTCO3) e Braskem (BRKM5): o que preenche a agenda nesta ter\u00e7a-feira","datePublished":"2023-05-09T12:36:39+00:00","dateModified":"2023-05-09T12:42:16+00:00","mainEntityOfPage":{"@id":"https:\/\/www.suno.com.br\/noticias\/agenda-mercado-copom-ntco3-braskem\/"},"wordCount":940,"publisher":{"@id":"https:\/\/www.suno.com.br\/noticias\/#organization"},"image":{"@id":"https:\/\/www.suno.com.br\/noticias\/agenda-mercado-copom-ntco3-braskem\/#primaryimage"},"thumbnailUrl":"https:\/\/files.sunoresearch.com.br\/n\/uploads\/2023\/05\/agenda-itau-unibanco-itub4-boletim-focus.jpg","keywords":["agenda do dia","Banco Central (BC)","Braskem (BRKM3\/BRKM5\/BRKM6)","Copom","Natura (NTCO3)"],"articleSection":["Mercado"],"inLanguage":"pt-BR"},{"@type":"WebPage","@id":"https:\/\/www.suno.com.br\/noticias\/agenda-mercado-copom-ntco3-braskem\/","url":"https:\/\/www.suno.com.br\/noticias\/agenda-mercado-copom-ntco3-braskem\/","name":"Copom, Natura (NTCO3) e Braskem (BRKM5): confira agenda de hoje","isPartOf":{"@id":"https:\/\/www.suno.com.br\/noticias\/#website"},"primaryImageOfPage":{"@id":"https:\/\/www.suno.com.br\/noticias\/agenda-mercado-copom-ntco3-braskem\/#primaryimage"},"image":{"@id":"https:\/\/www.suno.com.br\/noticias\/agenda-mercado-copom-ntco3-braskem\/#primaryimage"},"thumbnailUrl":"https:\/\/files.sunoresearch.com.br\/n\/uploads\/2023\/05\/agenda-itau-unibanco-itub4-boletim-focus.jpg","datePublished":"2023-05-09T12:36:39+00:00","dateModified":"2023-05-09T12:42:16+00:00","description":"Balan\u00e7os de Natura (NTCO3) e Braskem (BRKM5) ressoaram no mercado nesta madrugada enquanto o mercado aguardava a Ata do Copom. Veja mais.","breadcrumb":{"@id":"https:\/\/www.suno.com.br\/noticias\/agenda-mercado-copom-ntco3-braskem\/#breadcrumb"},"inLanguage":"pt-BR","potentialAction":[{"@type":"ReadAction","target":["https:\/\/www.suno.com.br\/noticias\/agenda-mercado-copom-ntco3-braskem\/"]}]},{"@type":"ImageObject","inLanguage":"pt-BR","@id":"https:\/\/www.suno.com.br\/noticias\/agenda-mercado-copom-ntco3-braskem\/#primaryimage","url":"https:\/\/files.sunoresearch.com.br\/n\/uploads\/2023\/05\/agenda-itau-unibanco-itub4-boletim-focus.jpg","contentUrl":"https:\/\/files.sunoresearch.com.br\/n\/uploads\/2023\/05\/agenda-itau-unibanco-itub4-boletim-focus.jpg","width":1200,"height":800,"caption":"Foto: iStock"},{"@type":"BreadcrumbList","@id":"https:\/\/www.suno.com.br\/noticias\/agenda-mercado-copom-ntco3-braskem\/#breadcrumb","itemListElement":[{"@type":"ListItem","position":1,"name":"Not\u00edcias","item":"https:\/\/www.suno.com.br\/noticias\/"},{"@type":"ListItem","position":2,"name":"Mercado","item":"https:\/\/www.suno.com.br\/noticias\/mercado\/"},{"@type":"ListItem","position":3,"name":"Ata do Copom, resultados de Natura (NTCO3) e Braskem (BRKM5): o que preenche a agenda nesta ter\u00e7a-feira"}]},{"@type":"WebSite","@id":"https:\/\/www.suno.com.br\/noticias\/#website","url":"https:\/\/www.suno.com.br\/noticias\/","name":"Suno Not\u00edcias","description":"Seu portal de informa\u00e7\u00e3o sobre o mundo dos investimentos","publisher":{"@id":"https:\/\/www.suno.com.br\/noticias\/#organization"},"potentialAction":[{"@type":"SearchAction","target":{"@type":"EntryPoint","urlTemplate":"https:\/\/www.suno.com.br\/noticias\/?s={search_term_string}"},"query-input":{"@type":"PropertyValueSpecification","valueRequired":true,"valueName":"search_term_string"}}],"inLanguage":"pt-BR"},{"@type":"Organization","@id":"https:\/\/www.suno.com.br\/noticias\/#organization","name":"Suno Not\u00edcias","url":"https:\/\/www.suno.com.br\/noticias\/","logo":{"@type":"ImageObject","inLanguage":"pt-BR","@id":"https:\/\/www.suno.com.br\/noticias\/#\/schema\/logo\/image\/","url":"https:\/\/files.sunoresearch.com.br\/n\/uploads\/2021\/09\/suno-logo.png","contentUrl":"https:\/\/files.sunoresearch.com.br\/n\/uploads\/2021\/09\/suno-logo.png","width":180,"height":180,"caption":"Suno Not\u00edcias"},"image":{"@id":"https:\/\/www.suno.com.br\/noticias\/#\/schema\/logo\/image\/"},"sameAs":["https:\/\/facebook.com\/sunoresearch","https:\/\/x.com\/sunoresearch","https:\/\/www.instagram.com\/suno","https:\/\/www.linkedin.com\/company\/suno-research\/","https:\/\/www.youtube.com\/c\/sunoresearch"]},{"@type":"Person","@id":"https:\/\/www.suno.com.br\/noticias\/#\/schema\/person\/f341d3ae5d1cc685176c9a5327cdfdbb","name":"Camila Paim","image":{"@type":"ImageObject","inLanguage":"pt-BR","@id":"https:\/\/www.suno.com.br\/noticias\/#\/schema\/person\/image\/","url":"https:\/\/secure.gravatar.com\/avatar\/f33728e65febb1aa7ecf6792956f9b20?s=96&r=g","contentUrl":"https:\/\/secure.gravatar.com\/avatar\/f33728e65febb1aa7ecf6792956f9b20?s=96&r=g","caption":"Camila Paim"},"description":"Jornalista formada pela USP, tem experi\u00eancia em reda\u00e7\u00f5es, SEO, Branded Content e Webdesign. Com passagem pelo Jornal da USP, Empiricus e C6 Bank, hoje \u00e9 rep\u00f3rter no Suno Not\u00edcias cobrindo macroeconomia, finan\u00e7as pessoais e startups.","url":"https:\/\/www.suno.com.br\/noticias\/author\/camila-figueiredosuno-com-br\/"}]}},"default_loop_html":"<div class=\"cardsPage__listCard__boxs\"><div class=\"cardsPage__listCard__boxs__img\"><a href=\"https:\/\/www.suno.com.br\/noticias\/agenda-mercado-copom-ntco3-braskem\/\"><img class=\"mask\" src=\"https:\/\/www.suno.com.br\/noticias\/wp-content\/themes\/suno\/resources\/images\/spotlight\/spotlight1img\/bg-mask.png\" alt=\"Image Mask\"\/><img src=\"https:\/\/files.sunoresearch.com.br\/n\/uploads\/2023\/05\/agenda-itau-unibanco-itub4-boletim-focus-400x200.jpg\" alt=\"Ata do Copom, resultados de Natura (NTCO3) e Braskem (BRKM5): o que preenche a agenda nesta ter\u00e7a-feira\"\/><\/a><span class=\"spotlightCategory\"><a href=\"https:\/\/www.suno.com.br\/noticias\/mercado\/\">Mercado<\/a><\/span><\/div><div class=\"cardsPage__listCard__boxs__content\"><a href=\"https:\/\/www.suno.com.br\/noticias\/agenda-mercado-copom-ntco3-braskem\/\"><h2 class=\"content__title\">Ata do Copom, resultados de Natura (NTCO3) e Braskem (BRKM5): o que preenche a agenda nesta ter\u00e7a-feira<\/h2><\/a><div class=\"newsContent__article__meta\"><div class=\"newsContent__article__meta__authorBox\"><a href=\"https:\/\/www.suno.com.br\/noticias\/author\/camila-figueiredosuno-com-br\/\" class=\"authorBox__avatar noMobi\"><img src=\"https:\/\/files.sunoresearch.com.br\/n\/uploads\/2024\/05\/camila-paim-square-150x150.jpg\" alt=\"Camila Paim\"><\/a><div class=\"authorBox__name\"><span>por\n\t\t\t<a href=\"https:\/\/www.suno.com.br\/noticias\/author\/camila-figueiredosuno-com-br\/\"><span itemprop=\"author\">Camila Paim<\/span><\/a><\/span><time datetime=\"2023-05-09T09:36:39-03:00\" itemprop=\"datePublished\">09\/05\/2023 09:36<\/time><\/div><\/div><\/div><\/div><\/div>","single_layout":"posts","amp_enabled":true,"_links":{"self":[{"href":"https:\/\/www.suno.com.br\/noticias\/wp-json\/wp\/v2\/posts\/401998"}],"collection":[{"href":"https:\/\/www.suno.com.br\/noticias\/wp-json\/wp\/v2\/posts"}],"about":[{"href":"https:\/\/www.suno.com.br\/noticias\/wp-json\/wp\/v2\/types\/post"}],"author":[{"embeddable":true,"href":"https:\/\/www.suno.com.br\/noticias\/wp-json\/wp\/v2\/users\/283"}],"replies":[{"embeddable":true,"href":"https:\/\/www.suno.com.br\/noticias\/wp-json\/wp\/v2\/comments?post=401998"}],"version-history":[{"count":3,"href":"https:\/\/www.suno.com.br\/noticias\/wp-json\/wp\/v2\/posts\/401998\/revisions"}],"predecessor-version":[{"id":402051,"href":"https:\/\/www.suno.com.br\/noticias\/wp-json\/wp\/v2\/posts\/401998\/revisions\/402051"}],"wp:featuredmedia":[{"embeddable":true,"href":"https:\/\/www.suno.com.br\/noticias\/wp-json\/wp\/v2\/media\/401142"}],"wp:attachment":[{"href":"https:\/\/www.suno.com.br\/noticias\/wp-json\/wp\/v2\/media?parent=401998"}],"wp:term":[{"taxonomy":"category","embeddable":true,"href":"https:\/\/www.suno.com.br\/noticias\/wp-json\/wp\/v2\/categories?post=401998"},{"taxonomy":"post_tag","embeddable":true,"href":"https:\/\/www.suno.com.br\/noticias\/wp-json\/wp\/v2\/tags?post=401998"},{"taxonomy":"suno_strategy","embeddable":true,"href":"https:\/\/www.suno.com.br\/noticias\/wp-json\/wp\/v2\/suno_strategy?post=401998"}],"curies":[{"name":"wp","href":"https:\/\/api.w.org\/{rel}","templated":true}]}}