{"id":40196,"date":"2019-10-07T20:47:38","date_gmt":"2019-10-07T23:47:38","guid":{"rendered":"https:\/\/www.suno.com.br\/noticias\/?p=40196"},"modified":"2019-10-07T20:47:38","modified_gmt":"2019-10-07T23:47:38","slug":"grupo-carrefour-brasil-finaliza-compra-ewally","status":"publish","type":"post","link":"https:\/\/www.suno.com.br\/noticias\/grupo-carrefour-brasil-finaliza-compra-ewally\/","title":{"rendered":"Grupo Carrefour Brasil finaliza compra de 49% da Ewally"},"content":{"rendered":"<p>O <a href=\"https:\/\/www.suno.com.br\/noticias\/carrefour-ceo-grupo-pao-de-acucar\/\">Carrefour Brasil (<\/a><a href=\"https:\/\/www.suno.com.br\/noticias\/carrefour-ceo-grupo-pao-de-acucar\/\">CRFB3<\/a>) finalizou a <strong>compra<\/strong> de 49% de participa\u00e7\u00e3o na <strong>fintech Ewally Tecnologia<\/strong>\u00a0<strong>e Servi\u00e7os.<\/strong><\/p>\t<div class=\"wrapper-featured-image\">\n\t\t<figure class=\"spotlightImg\">\n\n\t\t\t<picture>\n\t\t\t\t<source media=\"(max-width: 768px)\" srcset=\"https:\/\/files.sunoresearch.com.br\/n\/uploads\/2019\/07\/b3b843e3-carrefour-400x200.webp\">\n\t\t\t\t<img loading=\"lazy\" decoding=\"async\" class=\"newsContent__article__imgCapa lazyloadDisabled newsContent__article__imgCapa--noCaption\" src=\"https:\/\/files.sunoresearch.com.br\/n\/uploads\/2019\/07\/b3b843e3-carrefour-800x450.webp\" width=\"800\" height=\"450\" alt=\"Grupo Carrefour Brasil finaliza compra de 49% da Ewally\" fetchpriority=high \/>\n\t\t\t<\/picture>\n\n\t\t\t<figcaption class=\"wp-caption-text wp-caption-text--hide\">Carrefour (CRFB3) esclarece \u00e0 CVM oscila\u00e7\u00f5es at\u00edpicas de a\u00e7\u00f5es<\/figcaption>\n\t\t<\/figure>\n\t<\/div>\n\n\n\n<p>De acordo com comunicado divulgado pelo <strong>Carrefour,<\/strong> foi feita a assinatura dos instrumentos finais, por interm\u00e9dio da Carrefour Com\u00e9rcio e Ind\u00fastria, sua subsidi\u00e1ria, com op\u00e7\u00e3o de compra do controle at\u00e9 2022.<\/p>\n<p>\u201cCom essa transa\u00e7\u00e3o o <strong>Grupo Carrefour Brasil<\/strong> refor\u00e7a ainda mais seu ecossistema e reafirma seu compromisso com sua estrat\u00e9gia de transforma\u00e7\u00e3o digital&#8221;, afirmou a empresa.<\/p>\n<h2>Acordo j\u00e1 havia sido anunciado pelo Carrefour<\/h2>\n<p>O <strong>Carrefour Brasil<\/strong> \u00a0comunicou na \u00faltima ter\u00e7a-feira (01) que chegou a um acordo para aquisi\u00e7\u00e3o de 49% da fintech <strong>Ewally,<\/strong> com op\u00e7\u00e3o de compra do controle em 2022. A informa\u00e7\u00e3o foi noticiada pela ag\u00eancia Reuters.<\/p>\n<p>Em comunicado, o <strong>Carrefour Brasil<\/strong> declarou que: \u201cPlenamente alinhada com a estrat\u00e9gia de digitaliza\u00e7\u00e3o da companhia, esse movimento d\u00e1 in\u00edcio \u00e0 atua\u00e7\u00e3o no segmento de conta digital\u201d.<\/p>\n<p><a href=\"https:\/\/www.suno.com.br\/noticias\/carrefour-brasil-chega-acordo-ewally\/\">Saiba mais: Carrefour Brasil chega a acordo por 49% de Ewally<\/a><\/p>\n<p>Al\u00e9m disso, a empresa salientou que o acordo acelerar\u00e1 o processo de <strong>transforma\u00e7\u00e3o digital<\/strong> e <strong>inova\u00e7\u00e3o,<\/strong> ampliando seu <strong>ecossistema de pagamentos<\/strong> e <strong>distribui\u00e7\u00e3o de produtos<\/strong> e <strong>servi\u00e7os digitais<\/strong> no Pa\u00eds. Detalhes da transa\u00e7\u00e3o n\u00e3o foram informados.<\/p>\n<h2>Lucro l\u00edquido de R$ 419 milh\u00f5es no 2T19<\/h2>\n<p>O Grupo divulgou em agosto os resultados do segundo trimestre de 2019. A companhia registrou <a href=\"https:\/\/www.suno.com.br\/artigos\/lucro-liquido\/\"><strong>lucro l\u00edquido<\/strong><\/a> de R$ 419 milh\u00f5es. O valor indica alta de 11% em compara\u00e7\u00e3o ao mesmo per\u00edodo do ano passado.<\/p>\n\t<p>\n\t\t<a href=\"https:\/\/lp.suno.com.br\/ebook-10-livros\/\" target=\"_blank\" data-element=\"shortcode-suno-banner\" title=\"Banner SUNO, clique e saiba mais\">\n\t\t\t<picture>\n\t\t\t\t<source media=\"(max-width: 500px)\" srcset=\"https:\/\/files.sunoresearch.com.br\/n\/uploads\/2023\/03\/400x300-10-livros.png\">\n\t\t\t\t<img class=\"newsContent__article__imgCapa newsContent__article__imgCapa--banner\"\n\t\t\t\t\tsrc=\"https:\/\/files.sunoresearch.com.br\/n\/uploads\/2023\/03\/1420x240-10-livros.png\"\n\t\t\t\t\tdata-promo-id=\"383159\"\t\t\t\t\t\t\t\t\t\twidth='1420' height='240'\t\t\t\t\talt=\"https:\/\/files.sunoresearch.com.br\/n\/uploads\/2023\/03\/1420x240-10-livros.png\"\n\t\t\t\t>\n\t\t\t<\/picture>\n\t\t<\/a>\n\t<\/p>\n\n\n<p>As vendas brutas somaram R$ 15,3 bilh\u00f5es no segundo trimestre deste ano. No total de vendas, a alta foi de 12,9% em rela\u00e7\u00e3o ao segundo semestre de 2018.<\/p>\n<p><a href=\"https:\/\/www.suno.com.br\/noticias\/carrefour-ceo-grupo-pao-de-acucar\/\">Saiba mais:\u00a0Carrefour anuncia ex-executivo do Grupo P\u00e3o de A\u00e7\u00facar como novo CEO<\/a><\/p>\n<p>A <a href=\"https:\/\/www.suno.com.br\/artigos\/margem-ebitda\/\">margem <strong>Ebitda<\/strong><\/a>, calculada por meio da divis\u00e3o do lucro antes dos juros, impostos, deprecia\u00e7\u00e3o e amortiza\u00e7\u00e3o teve alta de 12,7% no 2\u00baT19. O resultado foi de R$ 1,053 bilh\u00e3o. Ao considerar o IFRS 16, norma relacionada ao arrendamento mercantil, a margem foi ajustada para R$ 1,117 bilh\u00e3o.<\/p>\n","protected":false},"excerpt":{"rendered":"<p>O Carrefour Brasil (CRFB3) finalizou a compra de 49% de participa\u00e7\u00e3o na fintech Ewally Tecnologia\u00a0e Servi\u00e7os. Carrefour (CRFB3) esclarece \u00e0 CVM oscila\u00e7\u00f5es at\u00edpicas de a\u00e7\u00f5es De acordo com comunicado divulgado pelo Carrefour, foi feita a assinatura dos instrumentos finais, por interm\u00e9dio da Carrefour Com\u00e9rcio e Ind\u00fastria, sua subsidi\u00e1ria, com op\u00e7\u00e3o de compra do controle at\u00e9 [&hellip;]<\/p>\n","protected":false},"author":23,"featured_media":30660,"comment_status":"closed","ping_status":"closed","sticky":false,"template":"","format":"standard","meta":[],"categories":[64],"tags":[405],"suno_strategy":[],"class_list":["post-40196","post","type-post","status-publish","format-standard","has-post-thumbnail","hentry","category-negocios","tag-carrefour-crfb3"],"yoast_head":"<!-- This site is optimized with the Yoast SEO plugin v24.4 - https:\/\/yoast.com\/wordpress\/plugins\/seo\/ -->\n<title>Grupo Carrefour Brasil finaliza compra de 49% da Ewally<\/title>\n<meta name=\"description\" content=\"O Carrefour Brasil finalizou a compra de 49% de participa\u00e7\u00e3o na fintech Ewally Tecnologia\u00a0e Servi\u00e7os. Clique aqui para saber mais.\" \/>\n<meta name=\"robots\" content=\"index, follow, max-snippet:-1, max-image-preview:large, max-video-preview:-1\" \/>\n<link rel=\"canonical\" href=\"https:\/\/www.suno.com.br\/noticias\/grupo-carrefour-brasil-finaliza-compra-ewally\/\" \/>\n<meta property=\"og:locale\" content=\"pt_BR\" \/>\n<meta property=\"og:type\" content=\"article\" \/>\n<meta property=\"og:title\" content=\"Grupo Carrefour Brasil finaliza compra de 49% da Ewally\" \/>\n<meta property=\"og:description\" content=\"O Carrefour Brasil finalizou a compra de 49% de participa\u00e7\u00e3o na fintech Ewally Tecnologia\u00a0e Servi\u00e7os. Clique aqui para saber mais.\" \/>\n<meta property=\"og:url\" content=\"https:\/\/www.suno.com.br\/noticias\/grupo-carrefour-brasil-finaliza-compra-ewally\/\" \/>\n<meta property=\"og:site_name\" content=\"Suno Not\u00edcias\" \/>\n<meta property=\"article:publisher\" content=\"https:\/\/facebook.com\/sunoresearch\" \/>\n<meta property=\"og:image\" content=\"https:\/\/files.sunoresearch.com.br\/n\/uploads\/2019\/07\/b3b843e3-carrefour.jpg\" \/>\n\t<meta property=\"og:image:width\" content=\"800\" \/>\n\t<meta property=\"og:image:height\" content=\"533\" \/>\n\t<meta property=\"og:image:type\" content=\"image\/jpeg\" \/>\n<meta name=\"author\" content=\"Rafael Lara\" \/>\n<meta name=\"twitter:card\" content=\"summary_large_image\" \/>\n<meta name=\"twitter:creator\" content=\"@sunoresearch\" \/>\n<meta name=\"twitter:site\" content=\"@sunoresearch\" \/>\n<meta name=\"twitter:label1\" content=\"Escrito por\" \/>\n\t<meta name=\"twitter:data1\" content=\"Rafael Lara\" \/>\n\t<meta name=\"twitter:label2\" content=\"Est. tempo de leitura\" \/>\n\t<meta name=\"twitter:data2\" content=\"2 minutos\" \/>\n<script type=\"application\/ld+json\" class=\"yoast-schema-graph\">{\"@context\":\"https:\/\/schema.org\",\"@graph\":[{\"@type\":\"NewsArticle\",\"@id\":\"https:\/\/www.suno.com.br\/noticias\/grupo-carrefour-brasil-finaliza-compra-ewally\/#article\",\"isPartOf\":{\"@id\":\"https:\/\/www.suno.com.br\/noticias\/grupo-carrefour-brasil-finaliza-compra-ewally\/\"},\"author\":{\"name\":\"Rafael Lara\",\"@id\":\"https:\/\/www.suno.com.br\/noticias\/#\/schema\/person\/098743caeed97b37f51315c9576c4078\"},\"headline\":\"Grupo Carrefour Brasil finaliza compra de 49% da Ewally\",\"datePublished\":\"2019-10-07T23:47:38+00:00\",\"mainEntityOfPage\":{\"@id\":\"https:\/\/www.suno.com.br\/noticias\/grupo-carrefour-brasil-finaliza-compra-ewally\/\"},\"wordCount\":359,\"publisher\":{\"@id\":\"https:\/\/www.suno.com.br\/noticias\/#organization\"},\"image\":{\"@id\":\"https:\/\/www.suno.com.br\/noticias\/grupo-carrefour-brasil-finaliza-compra-ewally\/#primaryimage\"},\"thumbnailUrl\":\"https:\/\/files.sunoresearch.com.br\/n\/uploads\/2019\/07\/b3b843e3-carrefour-jpg.webp\",\"keywords\":[\"Carrefour (CRFB3)\"],\"articleSection\":[\"Neg\u00f3cios\"],\"inLanguage\":\"pt-BR\"},{\"@type\":\"WebPage\",\"@id\":\"https:\/\/www.suno.com.br\/noticias\/grupo-carrefour-brasil-finaliza-compra-ewally\/\",\"url\":\"https:\/\/www.suno.com.br\/noticias\/grupo-carrefour-brasil-finaliza-compra-ewally\/\",\"name\":\"Grupo Carrefour Brasil finaliza compra de 49% da Ewally\",\"isPartOf\":{\"@id\":\"https:\/\/www.suno.com.br\/noticias\/#website\"},\"primaryImageOfPage\":{\"@id\":\"https:\/\/www.suno.com.br\/noticias\/grupo-carrefour-brasil-finaliza-compra-ewally\/#primaryimage\"},\"image\":{\"@id\":\"https:\/\/www.suno.com.br\/noticias\/grupo-carrefour-brasil-finaliza-compra-ewally\/#primaryimage\"},\"thumbnailUrl\":\"https:\/\/files.sunoresearch.com.br\/n\/uploads\/2019\/07\/b3b843e3-carrefour-jpg.webp\",\"datePublished\":\"2019-10-07T23:47:38+00:00\",\"description\":\"O Carrefour Brasil finalizou a compra de 49% de participa\u00e7\u00e3o na fintech Ewally Tecnologia\u00a0e Servi\u00e7os. Clique aqui para saber mais.\",\"breadcrumb\":{\"@id\":\"https:\/\/www.suno.com.br\/noticias\/grupo-carrefour-brasil-finaliza-compra-ewally\/#breadcrumb\"},\"inLanguage\":\"pt-BR\",\"potentialAction\":[{\"@type\":\"ReadAction\",\"target\":[\"https:\/\/www.suno.com.br\/noticias\/grupo-carrefour-brasil-finaliza-compra-ewally\/\"]}]},{\"@type\":\"ImageObject\",\"inLanguage\":\"pt-BR\",\"@id\":\"https:\/\/www.suno.com.br\/noticias\/grupo-carrefour-brasil-finaliza-compra-ewally\/#primaryimage\",\"url\":\"https:\/\/files.sunoresearch.com.br\/n\/uploads\/2019\/07\/b3b843e3-carrefour-jpg.webp\",\"contentUrl\":\"https:\/\/files.sunoresearch.com.br\/n\/uploads\/2019\/07\/b3b843e3-carrefour-jpg.webp\",\"width\":800,\"height\":533,\"caption\":\"Carrefour (CRFB3) esclarece \u00e0 CVM oscila\u00e7\u00f5es at\u00edpicas de a\u00e7\u00f5es\"},{\"@type\":\"BreadcrumbList\",\"@id\":\"https:\/\/www.suno.com.br\/noticias\/grupo-carrefour-brasil-finaliza-compra-ewally\/#breadcrumb\",\"itemListElement\":[{\"@type\":\"ListItem\",\"position\":1,\"name\":\"Not\u00edcias\",\"item\":\"https:\/\/www.suno.com.br\/noticias\/\"},{\"@type\":\"ListItem\",\"position\":2,\"name\":\"Neg\u00f3cios\",\"item\":\"https:\/\/www.suno.com.br\/noticias\/negocios\/\"},{\"@type\":\"ListItem\",\"position\":3,\"name\":\"Grupo Carrefour Brasil finaliza compra de 49% da Ewally\"}]},{\"@type\":\"WebSite\",\"@id\":\"https:\/\/www.suno.com.br\/noticias\/#website\",\"url\":\"https:\/\/www.suno.com.br\/noticias\/\",\"name\":\"Suno Not\u00edcias\",\"description\":\"Seu portal de informa\u00e7\u00e3o sobre o mundo dos investimentos\",\"publisher\":{\"@id\":\"https:\/\/www.suno.com.br\/noticias\/#organization\"},\"potentialAction\":[{\"@type\":\"SearchAction\",\"target\":{\"@type\":\"EntryPoint\",\"urlTemplate\":\"https:\/\/www.suno.com.br\/noticias\/?s={search_term_string}\"},\"query-input\":{\"@type\":\"PropertyValueSpecification\",\"valueRequired\":true,\"valueName\":\"search_term_string\"}}],\"inLanguage\":\"pt-BR\"},{\"@type\":\"Organization\",\"@id\":\"https:\/\/www.suno.com.br\/noticias\/#organization\",\"name\":\"Suno Not\u00edcias\",\"url\":\"https:\/\/www.suno.com.br\/noticias\/\",\"logo\":{\"@type\":\"ImageObject\",\"inLanguage\":\"pt-BR\",\"@id\":\"https:\/\/www.suno.com.br\/noticias\/#\/schema\/logo\/image\/\",\"url\":\"https:\/\/files.sunoresearch.com.br\/n\/uploads\/2021\/09\/suno-logo.png\",\"contentUrl\":\"https:\/\/files.sunoresearch.com.br\/n\/uploads\/2021\/09\/suno-logo.png\",\"width\":180,\"height\":180,\"caption\":\"Suno Not\u00edcias\"},\"image\":{\"@id\":\"https:\/\/www.suno.com.br\/noticias\/#\/schema\/logo\/image\/\"},\"sameAs\":[\"https:\/\/facebook.com\/sunoresearch\",\"https:\/\/x.com\/sunoresearch\",\"https:\/\/www.instagram.com\/suno\",\"https:\/\/www.linkedin.com\/company\/suno-research\/\",\"https:\/\/www.youtube.com\/c\/sunoresearch\"]},{\"@type\":\"Person\",\"@id\":\"https:\/\/www.suno.com.br\/noticias\/#\/schema\/person\/098743caeed97b37f51315c9576c4078\",\"name\":\"Rafael Lara\",\"image\":{\"@type\":\"ImageObject\",\"inLanguage\":\"pt-BR\",\"@id\":\"https:\/\/www.suno.com.br\/noticias\/#\/schema\/person\/image\/\",\"url\":\"https:\/\/secure.gravatar.com\/avatar\/dfc254ab9bb2ea1895d98b9e9dae4bdd?s=96&r=g\",\"contentUrl\":\"https:\/\/secure.gravatar.com\/avatar\/dfc254ab9bb2ea1895d98b9e9dae4bdd?s=96&r=g\",\"caption\":\"Rafael Lara\"},\"description\":\"Rafael Lara cursa jornalismo na Faculdade C\u00e1sper L\u00edbero. Escreve sobre pol\u00edtica, economia e neg\u00f3cios para o portal Suno Not\u00edcias. Antes, colaborou na TV Gazeta na produ\u00e7\u00e3o do programa Edi\u00e7\u00e3o Extra.\",\"url\":\"https:\/\/www.suno.com.br\/noticias\/author\/rafael\/\"}]}<\/script>\n<!-- \/ Yoast SEO plugin. -->","yoast_head_json":{"title":"Grupo Carrefour Brasil finaliza compra de 49% da Ewally","description":"O Carrefour Brasil finalizou a compra de 49% de participa\u00e7\u00e3o na fintech Ewally Tecnologia\u00a0e Servi\u00e7os. Clique aqui para saber mais.","robots":{"index":"index","follow":"follow","max-snippet":"max-snippet:-1","max-image-preview":"max-image-preview:large","max-video-preview":"max-video-preview:-1"},"canonical":"https:\/\/www.suno.com.br\/noticias\/grupo-carrefour-brasil-finaliza-compra-ewally\/","og_locale":"pt_BR","og_type":"article","og_title":"Grupo Carrefour Brasil finaliza compra de 49% da Ewally","og_description":"O Carrefour Brasil finalizou a compra de 49% de participa\u00e7\u00e3o na fintech Ewally Tecnologia\u00a0e Servi\u00e7os. Clique aqui para saber mais.","og_url":"https:\/\/www.suno.com.br\/noticias\/grupo-carrefour-brasil-finaliza-compra-ewally\/","og_site_name":"Suno Not\u00edcias","article_publisher":"https:\/\/facebook.com\/sunoresearch","og_image":[{"width":800,"height":533,"url":"https:\/\/files.sunoresearch.com.br\/n\/uploads\/2019\/07\/b3b843e3-carrefour.jpg","type":"image\/jpeg"}],"author":"Rafael Lara","twitter_card":"summary_large_image","twitter_creator":"@sunoresearch","twitter_site":"@sunoresearch","twitter_misc":{"Escrito por":"Rafael Lara","Est. tempo de leitura":"2 minutos"},"schema":{"@context":"https:\/\/schema.org","@graph":[{"@type":"NewsArticle","@id":"https:\/\/www.suno.com.br\/noticias\/grupo-carrefour-brasil-finaliza-compra-ewally\/#article","isPartOf":{"@id":"https:\/\/www.suno.com.br\/noticias\/grupo-carrefour-brasil-finaliza-compra-ewally\/"},"author":{"name":"Rafael Lara","@id":"https:\/\/www.suno.com.br\/noticias\/#\/schema\/person\/098743caeed97b37f51315c9576c4078"},"headline":"Grupo Carrefour Brasil finaliza compra de 49% da Ewally","datePublished":"2019-10-07T23:47:38+00:00","mainEntityOfPage":{"@id":"https:\/\/www.suno.com.br\/noticias\/grupo-carrefour-brasil-finaliza-compra-ewally\/"},"wordCount":359,"publisher":{"@id":"https:\/\/www.suno.com.br\/noticias\/#organization"},"image":{"@id":"https:\/\/www.suno.com.br\/noticias\/grupo-carrefour-brasil-finaliza-compra-ewally\/#primaryimage"},"thumbnailUrl":"https:\/\/files.sunoresearch.com.br\/n\/uploads\/2019\/07\/b3b843e3-carrefour-jpg.webp","keywords":["Carrefour (CRFB3)"],"articleSection":["Neg\u00f3cios"],"inLanguage":"pt-BR"},{"@type":"WebPage","@id":"https:\/\/www.suno.com.br\/noticias\/grupo-carrefour-brasil-finaliza-compra-ewally\/","url":"https:\/\/www.suno.com.br\/noticias\/grupo-carrefour-brasil-finaliza-compra-ewally\/","name":"Grupo Carrefour Brasil finaliza compra de 49% da Ewally","isPartOf":{"@id":"https:\/\/www.suno.com.br\/noticias\/#website"},"primaryImageOfPage":{"@id":"https:\/\/www.suno.com.br\/noticias\/grupo-carrefour-brasil-finaliza-compra-ewally\/#primaryimage"},"image":{"@id":"https:\/\/www.suno.com.br\/noticias\/grupo-carrefour-brasil-finaliza-compra-ewally\/#primaryimage"},"thumbnailUrl":"https:\/\/files.sunoresearch.com.br\/n\/uploads\/2019\/07\/b3b843e3-carrefour-jpg.webp","datePublished":"2019-10-07T23:47:38+00:00","description":"O Carrefour Brasil finalizou a compra de 49% de participa\u00e7\u00e3o na fintech Ewally Tecnologia\u00a0e Servi\u00e7os. Clique aqui para saber mais.","breadcrumb":{"@id":"https:\/\/www.suno.com.br\/noticias\/grupo-carrefour-brasil-finaliza-compra-ewally\/#breadcrumb"},"inLanguage":"pt-BR","potentialAction":[{"@type":"ReadAction","target":["https:\/\/www.suno.com.br\/noticias\/grupo-carrefour-brasil-finaliza-compra-ewally\/"]}]},{"@type":"ImageObject","inLanguage":"pt-BR","@id":"https:\/\/www.suno.com.br\/noticias\/grupo-carrefour-brasil-finaliza-compra-ewally\/#primaryimage","url":"https:\/\/files.sunoresearch.com.br\/n\/uploads\/2019\/07\/b3b843e3-carrefour-jpg.webp","contentUrl":"https:\/\/files.sunoresearch.com.br\/n\/uploads\/2019\/07\/b3b843e3-carrefour-jpg.webp","width":800,"height":533,"caption":"Carrefour (CRFB3) esclarece \u00e0 CVM oscila\u00e7\u00f5es at\u00edpicas de a\u00e7\u00f5es"},{"@type":"BreadcrumbList","@id":"https:\/\/www.suno.com.br\/noticias\/grupo-carrefour-brasil-finaliza-compra-ewally\/#breadcrumb","itemListElement":[{"@type":"ListItem","position":1,"name":"Not\u00edcias","item":"https:\/\/www.suno.com.br\/noticias\/"},{"@type":"ListItem","position":2,"name":"Neg\u00f3cios","item":"https:\/\/www.suno.com.br\/noticias\/negocios\/"},{"@type":"ListItem","position":3,"name":"Grupo Carrefour Brasil finaliza compra de 49% da Ewally"}]},{"@type":"WebSite","@id":"https:\/\/www.suno.com.br\/noticias\/#website","url":"https:\/\/www.suno.com.br\/noticias\/","name":"Suno Not\u00edcias","description":"Seu portal de informa\u00e7\u00e3o sobre o mundo dos investimentos","publisher":{"@id":"https:\/\/www.suno.com.br\/noticias\/#organization"},"potentialAction":[{"@type":"SearchAction","target":{"@type":"EntryPoint","urlTemplate":"https:\/\/www.suno.com.br\/noticias\/?s={search_term_string}"},"query-input":{"@type":"PropertyValueSpecification","valueRequired":true,"valueName":"search_term_string"}}],"inLanguage":"pt-BR"},{"@type":"Organization","@id":"https:\/\/www.suno.com.br\/noticias\/#organization","name":"Suno Not\u00edcias","url":"https:\/\/www.suno.com.br\/noticias\/","logo":{"@type":"ImageObject","inLanguage":"pt-BR","@id":"https:\/\/www.suno.com.br\/noticias\/#\/schema\/logo\/image\/","url":"https:\/\/files.sunoresearch.com.br\/n\/uploads\/2021\/09\/suno-logo.png","contentUrl":"https:\/\/files.sunoresearch.com.br\/n\/uploads\/2021\/09\/suno-logo.png","width":180,"height":180,"caption":"Suno Not\u00edcias"},"image":{"@id":"https:\/\/www.suno.com.br\/noticias\/#\/schema\/logo\/image\/"},"sameAs":["https:\/\/facebook.com\/sunoresearch","https:\/\/x.com\/sunoresearch","https:\/\/www.instagram.com\/suno","https:\/\/www.linkedin.com\/company\/suno-research\/","https:\/\/www.youtube.com\/c\/sunoresearch"]},{"@type":"Person","@id":"https:\/\/www.suno.com.br\/noticias\/#\/schema\/person\/098743caeed97b37f51315c9576c4078","name":"Rafael Lara","image":{"@type":"ImageObject","inLanguage":"pt-BR","@id":"https:\/\/www.suno.com.br\/noticias\/#\/schema\/person\/image\/","url":"https:\/\/secure.gravatar.com\/avatar\/dfc254ab9bb2ea1895d98b9e9dae4bdd?s=96&r=g","contentUrl":"https:\/\/secure.gravatar.com\/avatar\/dfc254ab9bb2ea1895d98b9e9dae4bdd?s=96&r=g","caption":"Rafael Lara"},"description":"Rafael Lara cursa jornalismo na Faculdade C\u00e1sper L\u00edbero. Escreve sobre pol\u00edtica, economia e neg\u00f3cios para o portal Suno Not\u00edcias. Antes, colaborou na TV Gazeta na produ\u00e7\u00e3o do programa Edi\u00e7\u00e3o Extra.","url":"https:\/\/www.suno.com.br\/noticias\/author\/rafael\/"}]}},"default_loop_html":"<div class=\"cardsPage__listCard__boxs\"><div class=\"cardsPage__listCard__boxs__img\"><a href=\"https:\/\/www.suno.com.br\/noticias\/grupo-carrefour-brasil-finaliza-compra-ewally\/\"><img class=\"mask\" src=\"https:\/\/www.suno.com.br\/noticias\/wp-content\/themes\/suno\/resources\/images\/spotlight\/spotlight1img\/bg-mask.png\" alt=\"Image Mask\"\/><img src=\"https:\/\/files.sunoresearch.com.br\/n\/uploads\/2019\/07\/b3b843e3-carrefour-400x200.webp\" alt=\"Grupo Carrefour Brasil finaliza compra de 49% da Ewally\"\/><\/a><span class=\"spotlightCategory\"><a href=\"https:\/\/www.suno.com.br\/noticias\/negocios\/\">Neg\u00f3cios<\/a><\/span><\/div><div class=\"cardsPage__listCard__boxs__content\"><a href=\"https:\/\/www.suno.com.br\/noticias\/grupo-carrefour-brasil-finaliza-compra-ewally\/\"><h2 class=\"content__title\">Grupo Carrefour Brasil finaliza compra de 49% da Ewally<\/h2><\/a><div class=\"newsContent__article__meta\"><div class=\"newsContent__article__meta__authorBox\"><a href=\"https:\/\/www.suno.com.br\/noticias\/author\/rafael\/\" class=\"authorBox__avatar noMobi\"><img src=\"https:\/\/secure.gravatar.com\/avatar\/dfc254ab9bb2ea1895d98b9e9dae4bdd?s=96&#038;r=g\" alt=\"Rafael Lara\"><\/a><div class=\"authorBox__name\"><span>por\n\t\t\t<a href=\"https:\/\/www.suno.com.br\/noticias\/author\/rafael\/\"><span itemprop=\"author\">Rafael Lara<\/span><\/a><\/span><time datetime=\"2019-10-07T20:47:38-03:00\" itemprop=\"datePublished\">07\/10\/2019 20:47<\/time><\/div><\/div><\/div><\/div><\/div>","single_layout":"posts","amp_enabled":true,"_links":{"self":[{"href":"https:\/\/www.suno.com.br\/noticias\/wp-json\/wp\/v2\/posts\/40196"}],"collection":[{"href":"https:\/\/www.suno.com.br\/noticias\/wp-json\/wp\/v2\/posts"}],"about":[{"href":"https:\/\/www.suno.com.br\/noticias\/wp-json\/wp\/v2\/types\/post"}],"author":[{"embeddable":true,"href":"https:\/\/www.suno.com.br\/noticias\/wp-json\/wp\/v2\/users\/23"}],"replies":[{"embeddable":true,"href":"https:\/\/www.suno.com.br\/noticias\/wp-json\/wp\/v2\/comments?post=40196"}],"version-history":[{"count":0,"href":"https:\/\/www.suno.com.br\/noticias\/wp-json\/wp\/v2\/posts\/40196\/revisions"}],"wp:featuredmedia":[{"embeddable":true,"href":"https:\/\/www.suno.com.br\/noticias\/wp-json\/wp\/v2\/media\/30660"}],"wp:attachment":[{"href":"https:\/\/www.suno.com.br\/noticias\/wp-json\/wp\/v2\/media?parent=40196"}],"wp:term":[{"taxonomy":"category","embeddable":true,"href":"https:\/\/www.suno.com.br\/noticias\/wp-json\/wp\/v2\/categories?post=40196"},{"taxonomy":"post_tag","embeddable":true,"href":"https:\/\/www.suno.com.br\/noticias\/wp-json\/wp\/v2\/tags?post=40196"},{"taxonomy":"suno_strategy","embeddable":true,"href":"https:\/\/www.suno.com.br\/noticias\/wp-json\/wp\/v2\/suno_strategy?post=40196"}],"curies":[{"name":"wp","href":"https:\/\/api.w.org\/{rel}","templated":true}]}}