{"id":40147,"date":"2019-10-07T20:17:10","date_gmt":"2019-10-07T23:17:10","guid":{"rendered":"https:\/\/www.suno.com.br\/noticias\/?p=40147"},"modified":"2019-10-16T20:33:04","modified_gmt":"2019-10-16T23:33:04","slug":"b3-aposenta-telao-das-acoes","status":"publish","type":"post","link":"https:\/\/www.suno.com.br\/noticias\/b3-aposenta-telao-das-acoes\/","title":{"rendered":"Exclusivo: B3 ir\u00e1 substituir tradicional tel\u00e3o das a\u00e7\u00f5es"},"content":{"rendered":"<p>A <a href=\"https:\/\/www.suno.com.br\/artigos\/b3\/\"><strong>Bolsa de Valores de S\u00e3o Paulo <\/strong>(B3)<\/a> (<strong>B3SA3<\/strong>) ir\u00e1 aposentar o tradicional tel\u00e3o que apresenta as cota\u00e7\u00f5es das a\u00e7\u00f5es no pr\u00e9dio localizado no centro da cidade.<\/p>\t<div class=\"wrapper-featured-image\">\n\t\t<figure class=\"spotlightImg\">\n\n\t\t\t<picture>\n\t\t\t\t<source media=\"(max-width: 768px)\" srcset=\"https:\/\/files.sunoresearch.com.br\/n\/uploads\/2019\/10\/3a8cefeb-b3-400x200.webp\">\n\t\t\t\t<img loading=\"lazy\" decoding=\"async\" class=\"newsContent__article__imgCapa lazyloadDisabled newsContent__article__imgCapa--noCaption\" src=\"https:\/\/files.sunoresearch.com.br\/n\/uploads\/2019\/10\/3a8cefeb-b3-800x450.webp\" width=\"800\" height=\"450\" alt=\"Exclusivo: B3 ir\u00e1 substituir tradicional tel\u00e3o das a\u00e7\u00f5es\" fetchpriority=high \/>\n\t\t\t<\/picture>\n\n\t\t\t<figcaption class=\"wp-caption-text wp-caption-text--hide\">Bolsa de Valores (B3)<\/figcaption>\n\t\t<\/figure>\n\t<\/div>\n\n\n\n<p>No local, ser\u00e1 instalado um tel\u00e3o novo, totalmente reformulado, com tecnologia mais avan\u00e7ada. Apesar das altera\u00e7\u00f5es na estrutura, a <a href=\"https:\/\/www.suno.com.br\/artigos\/b3\/\"><strong>B3<\/strong> <\/a>informou que as opera\u00e7\u00f5es n\u00e3o sofrer\u00e3o qualquer tipo de altera\u00e7\u00e3o.<\/p>\n<p>Al\u00e9m disso, oito artistas ir\u00e3o disputar duas vagas para reformular o espa\u00e7o e apresentar novas obras que ir\u00e3o decorar o local.<\/p>\n<p><a href=\"https:\/\/www.suno.com.br\/noticias\/b3-quer-criar-acao-ordinaria-potencializada\/\">Veja tamb\u00e9m: B3 quer criar a\u00e7\u00e3o ordin\u00e1ria potencializada<\/a><\/p>\n<p>O espa\u00e7o ficar\u00e1 aberto at\u00e9 30 de outubro, quando ir\u00e1 fechar para reforma, e dever\u00e1 ser reaberto ao p\u00fablico em abril do ano que vem. O local tamb\u00e9m \u00e9 utilizado para eventos e aberto a visita\u00e7\u00e3o.<\/p>\n<p>A B3 ter\u00e1 tamb\u00e9m um local para que os visitantes simulem a abertura de capital de uma empresa, um centro de mem\u00f3ria do mercado e um caf\u00e9.<\/p>\n<h2>Do preg\u00e3o de pedra ao de led<\/h2>\n<p>Nos anos 1970, o local contava com uma lousa onde era anotado a giz por funcion\u00e1rios todas as opera\u00e7\u00f5es de compra e venda dos pap\u00e9is. Esse preg\u00e3o foi logo apelidado como &#8220;preg\u00e3o da pedra&#8221;.<\/p>\n<p>Na d\u00e9cada seguinte, com as opera\u00e7\u00f5es sendo combinadas j\u00e1 por telefone, o preg\u00e3o passou a ser o viva-voz. Esse sistema durou at\u00e9 2005, quando a B3 passou a realizar as opera\u00e7\u00f5es de forma eletr\u00f4nica.<\/p>\n\t<p>\n\t\t<a href=\"https:\/\/lp.suno.com.br\/nossas-assinaturas\/?utm_campaign=_SNC8166F3A4_\" target=\"_blank\" data-element=\"shortcode-suno-banner\" title=\"Banner SUNO, clique e saiba mais\">\n\t\t\t<picture>\n\t\t\t\t<source media=\"(max-width: 500px)\" srcset=\"https:\/\/files.sunoresearch.com.br\/n\/uploads\/2025\/08\/Artigos-e-Noticias-Banner-Materias-01-Mobile_-400x300-1-png.webp\">\n\t\t\t\t<img class=\"newsContent__article__imgCapa newsContent__article__imgCapa--banner\"\n\t\t\t\t\tsrc=\"https:\/\/files.sunoresearch.com.br\/n\/uploads\/2025\/08\/Artigos-e-Noticias-Banner-Materias-01-Desktop_-1420x240-4-png.webp\"\n\t\t\t\t\tdata-promo-id=\"620371\"\t\t\t\t\t\t\t\t\t\twidth='1420' height='240'\t\t\t\t\talt=\"https:\/\/files.sunoresearch.com.br\/n\/uploads\/2025\/08\/Artigos-e-Noticias-Banner-Materias-01-Desktop_-1420x240-4-png.webp\"\n\t\t\t\t>\n\t\t\t<\/picture>\n\t\t<\/a>\n\t<\/p>\n\n\n<p>O espa\u00e7o dos leil\u00f5es viva voz foi mantido para visita\u00e7\u00e3o e eventos at\u00e9 agora, quando passar\u00e1 por reformas.<\/p>\n<p><strong>A B3<\/strong> \u00e9 a respons\u00e1vel pela bolsa de valores no Brasil. Al\u00e9m disso, incorpora tamb\u00e9m a bolsa de mercadorias e futuros, al\u00e9m da Cetip, uma institui\u00e7\u00e3o de cust\u00f3dia de t\u00edtulos p\u00fablicos e privados.<\/p>\n<h2>Credit Suisse confiante nas a\u00e7\u00f5es da B3<\/h2>\n<p>Os pap\u00e9is da B3\u00a0devem ter espa\u00e7o para crescimento conforme o volume em renda vari\u00e1vel aumente. A informa\u00e7\u00e3o foi divulgada pelo <strong>Credit Suisse<\/strong> em um relat\u00f3rio enviado a seus clientes no final de setembro.<\/p>\n<p>Daniel Sonder, diretor financeiro da\u00a0Bolsa de Valores de S\u00e3o Paulo, esteve com os analistas do banco, onde p\u00f4de apresentar as perspectivas da Bolsa.<\/p>\n<p>\u201cA administra\u00e7\u00e3o \u00e9 muito otimista sobre as perspectivas dos volumes de a\u00e7\u00f5es e v\u00ea uma mudan\u00e7a estrutural no mercado local, com uma mudan\u00e7a significativa de renda fixa em a\u00e7\u00f5es, maior participa\u00e7\u00e3o de fundos de investimento e pessoas f\u00edsicas. Destacando um estudo da Anbima, h\u00e1 uma oportunidade para a aloca\u00e7\u00e3o em a\u00e7\u00f5es da ind\u00fastria local de gestores de ativos local dobrar de 8 a 10% para 20%\u201d apontaram os analistas.<\/p>\n<h2>B3 aguarda privatiza\u00e7\u00f5es<\/h2>\n<p>As ofertas secund\u00e1rias (<a href=\"https:\/\/www.suno.com.br\/artigos\/follow-on\/\">follow on<\/a>) das participa\u00e7\u00f5es do do governo em empresas estatais e privadas, as ofertas prim\u00e1rias (<a href=\"https:\/\/www.suno.com.br\/artigos\/vale-pena-investir-em-um-ipo\/\">IPO<\/a>), principalmente no setor de infraestrutura, representam bons indicadores de que o volume m\u00e9dio negociado no curto prazo e no longo prazo pode ser elevado.<\/p>\n<p>O potencial de desinvestimento de empresas de private equity tamb\u00e9m \u00e9 um ind\u00edcio de que a prefer\u00eancia passar\u00e1 a ser pela renda vari\u00e1vel.<\/p>\n<p>\u201cPensando em uma tend\u00eancia de longo prazo, o <a href=\"https:\/\/www.suno.com.br\/artigos\/free-float\/\">free float<\/a> (parte das empresas negociadas em Bolsa) para o valor de mercado ainda \u00e9 baixo no Brasil em rela\u00e7\u00e3o aos padr\u00f5es internacionais. H\u00e1 espa\u00e7o para redu\u00e7\u00e3o nas participa\u00e7\u00f5es de controle das empresas brasileiras e, cada vez mais, os acionistas controladores est\u00e3o aceitando a ideia de controlar suas empresas com participa\u00e7\u00e3o de 30% a 40% em vez de acima de 50%\u201d, salientou o relat\u00f3rio do banco.<\/p>\n\t<p>\n\t\t<a href=\"https:\/\/lp.suno.com.br\/ebook-guia-ir\/\" target=\"_blank\" data-element=\"shortcode-suno-banner\" title=\"Banner SUNO, clique e saiba mais\">\n\t\t\t<picture>\n\t\t\t\t<source media=\"(max-width: 500px)\" srcset=\"https:\/\/files.sunoresearch.com.br\/n\/uploads\/2023\/03\/400x300-Ebook-IR.png\">\n\t\t\t\t<img class=\"newsContent__article__imgCapa newsContent__article__imgCapa--banner\"\n\t\t\t\t\tsrc=\"https:\/\/files.sunoresearch.com.br\/n\/uploads\/2023\/03\/1420x240-Ebook-IR.png\"\n\t\t\t\t\tdata-promo-id=\"383124\"\t\t\t\t\t\t\t\t\t\twidth='1420' height='240'\t\t\t\t\talt=\"https:\/\/files.sunoresearch.com.br\/n\/uploads\/2023\/03\/1420x240-Ebook-IR.png\"\n\t\t\t\t>\n\t\t\t<\/picture>\n\t\t<\/a>\n\t<\/p>\n\n\n<p>O <strong>Credit Suisse<\/strong> mant\u00e9m a recomenda\u00e7\u00e3o &#8220;<a href=\"https:\/\/www.suno.com.br\/artigos\/outperform\/\">outperform<\/a>&#8221; para as a\u00e7\u00f5es da <strong>B3,<\/strong> com um pre\u00e7o alvo de R$ 48,00.<\/p>\n","protected":false},"excerpt":{"rendered":"<p>A Bolsa de Valores de S\u00e3o Paulo (B3) (B3SA3) ir\u00e1 aposentar o tradicional tel\u00e3o que apresenta as cota\u00e7\u00f5es das a\u00e7\u00f5es no pr\u00e9dio localizado no centro da cidade. Bolsa de Valores (B3) No local, ser\u00e1 instalado um tel\u00e3o novo, totalmente reformulado, com tecnologia mais avan\u00e7ada. Apesar das altera\u00e7\u00f5es na estrutura, a B3 informou que as opera\u00e7\u00f5es [&hellip;]<\/p>\n","protected":false},"author":27,"featured_media":40028,"comment_status":"closed","ping_status":"closed","sticky":false,"template":"","format":"standard","meta":[],"categories":[60],"tags":[367,1937],"suno_strategy":[],"class_list":["post-40147","post","type-post","status-publish","format-standard","has-post-thumbnail","hentry","category-mercado","tag-b3-b3sa3","tag-bolsa-de-valores-de-sao-paulo-b3"],"yoast_head":"<!-- This site is optimized with the Yoast SEO plugin v24.4 - https:\/\/yoast.com\/wordpress\/plugins\/seo\/ -->\n<title>Exclusivo: B3 ir\u00e1 substituir tradicional tel\u00e3o das a\u00e7\u00f5es<\/title>\n<meta name=\"description\" content=\"A Bolsa de Valores de S\u00e3o Paulo (B3) ir\u00e1 aposentar o tradicional tel\u00e3o que apresenta as cota\u00e7\u00f5es das a\u00e7\u00f5es. Clique aqui para saber mais.\" \/>\n<meta name=\"robots\" content=\"index, follow, max-snippet:-1, max-image-preview:large, max-video-preview:-1\" \/>\n<link rel=\"canonical\" href=\"https:\/\/www.suno.com.br\/noticias\/b3-aposenta-telao-das-acoes\/\" \/>\n<meta property=\"og:locale\" content=\"pt_BR\" \/>\n<meta property=\"og:type\" content=\"article\" \/>\n<meta property=\"og:title\" content=\"Exclusivo: B3 ir\u00e1 substituir tradicional tel\u00e3o das a\u00e7\u00f5es\" \/>\n<meta property=\"og:description\" content=\"A Bolsa de Valores de S\u00e3o Paulo (B3) ir\u00e1 aposentar o tradicional tel\u00e3o que apresenta as cota\u00e7\u00f5es das a\u00e7\u00f5es. Clique aqui para saber mais.\" \/>\n<meta property=\"og:url\" content=\"https:\/\/www.suno.com.br\/noticias\/b3-aposenta-telao-das-acoes\/\" \/>\n<meta property=\"og:site_name\" content=\"Suno Not\u00edcias\" \/>\n<meta property=\"article:publisher\" content=\"https:\/\/facebook.com\/sunoresearch\" \/>\n<meta property=\"og:image\" content=\"https:\/\/files.sunoresearch.com.br\/n\/uploads\/2019\/10\/3a8cefeb-b3.jpg\" \/>\n\t<meta property=\"og:image:width\" content=\"1700\" \/>\n\t<meta property=\"og:image:height\" content=\"1065\" \/>\n\t<meta property=\"og:image:type\" content=\"image\/jpeg\" \/>\n<meta name=\"author\" content=\"Vinicius Pereira\" \/>\n<meta name=\"twitter:card\" content=\"summary_large_image\" \/>\n<meta name=\"twitter:creator\" content=\"@https:\/\/twitter.com\/viniciuspjornal\" \/>\n<meta name=\"twitter:site\" content=\"@sunoresearch\" \/>\n<meta name=\"twitter:label1\" content=\"Escrito por\" \/>\n\t<meta name=\"twitter:data1\" content=\"Vinicius Pereira\" \/>\n\t<meta name=\"twitter:label2\" content=\"Est. tempo de leitura\" \/>\n\t<meta name=\"twitter:data2\" content=\"3 minutos\" \/>\n<script type=\"application\/ld+json\" class=\"yoast-schema-graph\">{\"@context\":\"https:\/\/schema.org\",\"@graph\":[{\"@type\":\"NewsArticle\",\"@id\":\"https:\/\/www.suno.com.br\/noticias\/b3-aposenta-telao-das-acoes\/#article\",\"isPartOf\":{\"@id\":\"https:\/\/www.suno.com.br\/noticias\/b3-aposenta-telao-das-acoes\/\"},\"author\":{\"name\":\"Vinicius Pereira\",\"@id\":\"https:\/\/www.suno.com.br\/noticias\/#\/schema\/person\/a20761b96e4df7eb57f1f9e41be1dbf3\"},\"headline\":\"Exclusivo: B3 ir\u00e1 substituir tradicional tel\u00e3o das a\u00e7\u00f5es\",\"datePublished\":\"2019-10-07T23:17:10+00:00\",\"dateModified\":\"2019-10-16T23:33:04+00:00\",\"mainEntityOfPage\":{\"@id\":\"https:\/\/www.suno.com.br\/noticias\/b3-aposenta-telao-das-acoes\/\"},\"wordCount\":662,\"publisher\":{\"@id\":\"https:\/\/www.suno.com.br\/noticias\/#organization\"},\"image\":{\"@id\":\"https:\/\/www.suno.com.br\/noticias\/b3-aposenta-telao-das-acoes\/#primaryimage\"},\"thumbnailUrl\":\"https:\/\/files.sunoresearch.com.br\/n\/uploads\/2019\/10\/3a8cefeb-b3-jpg.webp\",\"keywords\":[\"B3 (B3SA3)\",\"Bolsa de Valores de S\u00e3o Paulo (B3)\"],\"articleSection\":[\"Mercado\"],\"inLanguage\":\"pt-BR\"},{\"@type\":\"WebPage\",\"@id\":\"https:\/\/www.suno.com.br\/noticias\/b3-aposenta-telao-das-acoes\/\",\"url\":\"https:\/\/www.suno.com.br\/noticias\/b3-aposenta-telao-das-acoes\/\",\"name\":\"Exclusivo: B3 ir\u00e1 substituir tradicional tel\u00e3o das a\u00e7\u00f5es\",\"isPartOf\":{\"@id\":\"https:\/\/www.suno.com.br\/noticias\/#website\"},\"primaryImageOfPage\":{\"@id\":\"https:\/\/www.suno.com.br\/noticias\/b3-aposenta-telao-das-acoes\/#primaryimage\"},\"image\":{\"@id\":\"https:\/\/www.suno.com.br\/noticias\/b3-aposenta-telao-das-acoes\/#primaryimage\"},\"thumbnailUrl\":\"https:\/\/files.sunoresearch.com.br\/n\/uploads\/2019\/10\/3a8cefeb-b3-jpg.webp\",\"datePublished\":\"2019-10-07T23:17:10+00:00\",\"dateModified\":\"2019-10-16T23:33:04+00:00\",\"description\":\"A Bolsa de Valores de S\u00e3o Paulo (B3) ir\u00e1 aposentar o tradicional tel\u00e3o que apresenta as cota\u00e7\u00f5es das a\u00e7\u00f5es. Clique aqui para saber mais.\",\"breadcrumb\":{\"@id\":\"https:\/\/www.suno.com.br\/noticias\/b3-aposenta-telao-das-acoes\/#breadcrumb\"},\"inLanguage\":\"pt-BR\",\"potentialAction\":[{\"@type\":\"ReadAction\",\"target\":[\"https:\/\/www.suno.com.br\/noticias\/b3-aposenta-telao-das-acoes\/\"]}]},{\"@type\":\"ImageObject\",\"inLanguage\":\"pt-BR\",\"@id\":\"https:\/\/www.suno.com.br\/noticias\/b3-aposenta-telao-das-acoes\/#primaryimage\",\"url\":\"https:\/\/files.sunoresearch.com.br\/n\/uploads\/2019\/10\/3a8cefeb-b3-jpg.webp\",\"contentUrl\":\"https:\/\/files.sunoresearch.com.br\/n\/uploads\/2019\/10\/3a8cefeb-b3-jpg.webp\",\"width\":1700,\"height\":1065,\"caption\":\"Bolsa de Valores (B3)\"},{\"@type\":\"BreadcrumbList\",\"@id\":\"https:\/\/www.suno.com.br\/noticias\/b3-aposenta-telao-das-acoes\/#breadcrumb\",\"itemListElement\":[{\"@type\":\"ListItem\",\"position\":1,\"name\":\"Not\u00edcias\",\"item\":\"https:\/\/www.suno.com.br\/noticias\/\"},{\"@type\":\"ListItem\",\"position\":2,\"name\":\"Mercado\",\"item\":\"https:\/\/www.suno.com.br\/noticias\/mercado\/\"},{\"@type\":\"ListItem\",\"position\":3,\"name\":\"Exclusivo: B3 ir\u00e1 substituir tradicional tel\u00e3o das a\u00e7\u00f5es\"}]},{\"@type\":\"WebSite\",\"@id\":\"https:\/\/www.suno.com.br\/noticias\/#website\",\"url\":\"https:\/\/www.suno.com.br\/noticias\/\",\"name\":\"Suno Not\u00edcias\",\"description\":\"Seu portal de informa\u00e7\u00e3o sobre o mundo dos investimentos\",\"publisher\":{\"@id\":\"https:\/\/www.suno.com.br\/noticias\/#organization\"},\"potentialAction\":[{\"@type\":\"SearchAction\",\"target\":{\"@type\":\"EntryPoint\",\"urlTemplate\":\"https:\/\/www.suno.com.br\/noticias\/?s={search_term_string}\"},\"query-input\":{\"@type\":\"PropertyValueSpecification\",\"valueRequired\":true,\"valueName\":\"search_term_string\"}}],\"inLanguage\":\"pt-BR\"},{\"@type\":\"Organization\",\"@id\":\"https:\/\/www.suno.com.br\/noticias\/#organization\",\"name\":\"Suno Not\u00edcias\",\"url\":\"https:\/\/www.suno.com.br\/noticias\/\",\"logo\":{\"@type\":\"ImageObject\",\"inLanguage\":\"pt-BR\",\"@id\":\"https:\/\/www.suno.com.br\/noticias\/#\/schema\/logo\/image\/\",\"url\":\"https:\/\/files.sunoresearch.com.br\/n\/uploads\/2021\/09\/suno-logo.png\",\"contentUrl\":\"https:\/\/files.sunoresearch.com.br\/n\/uploads\/2021\/09\/suno-logo.png\",\"width\":180,\"height\":180,\"caption\":\"Suno Not\u00edcias\"},\"image\":{\"@id\":\"https:\/\/www.suno.com.br\/noticias\/#\/schema\/logo\/image\/\"},\"sameAs\":[\"https:\/\/facebook.com\/sunoresearch\",\"https:\/\/x.com\/sunoresearch\",\"https:\/\/www.instagram.com\/suno\",\"https:\/\/www.linkedin.com\/company\/suno-research\/\",\"https:\/\/www.youtube.com\/c\/sunoresearch\"]},{\"@type\":\"Person\",\"@id\":\"https:\/\/www.suno.com.br\/noticias\/#\/schema\/person\/a20761b96e4df7eb57f1f9e41be1dbf3\",\"name\":\"Vinicius Pereira\",\"image\":{\"@type\":\"ImageObject\",\"inLanguage\":\"pt-BR\",\"@id\":\"https:\/\/www.suno.com.br\/noticias\/#\/schema\/person\/image\/\",\"url\":\"https:\/\/secure.gravatar.com\/avatar\/783866b933198f5cc4c5d03fcc8b1301?s=96&r=g\",\"contentUrl\":\"https:\/\/secure.gravatar.com\/avatar\/783866b933198f5cc4c5d03fcc8b1301?s=96&r=g\",\"caption\":\"Vinicius Pereira\"},\"description\":\"Vinicius Pereira foi rep\u00f3rter de economia da Folha de S.Paulo, stringer do jornal no Canad\u00e1 e colaborador de VEJA. J\u00e1 escreveu tamb\u00e9m para BBC Brasil, The Intercept Brasil e UOL. Tem MBA em Informa\u00e7\u00f5es Econ\u00f4mico-Financeiras e Mercado de Capitais pela FIA\/B3.\",\"sameAs\":[\"https:\/\/x.com\/https:\/\/twitter.com\/viniciuspjornal\"],\"url\":\"https:\/\/www.suno.com.br\/noticias\/author\/vinicius-pereira\/\"}]}<\/script>\n<!-- \/ Yoast SEO plugin. -->","yoast_head_json":{"title":"Exclusivo: B3 ir\u00e1 substituir tradicional tel\u00e3o das a\u00e7\u00f5es","description":"A Bolsa de Valores de S\u00e3o Paulo (B3) ir\u00e1 aposentar o tradicional tel\u00e3o que apresenta as cota\u00e7\u00f5es das a\u00e7\u00f5es. Clique aqui para saber mais.","robots":{"index":"index","follow":"follow","max-snippet":"max-snippet:-1","max-image-preview":"max-image-preview:large","max-video-preview":"max-video-preview:-1"},"canonical":"https:\/\/www.suno.com.br\/noticias\/b3-aposenta-telao-das-acoes\/","og_locale":"pt_BR","og_type":"article","og_title":"Exclusivo: B3 ir\u00e1 substituir tradicional tel\u00e3o das a\u00e7\u00f5es","og_description":"A Bolsa de Valores de S\u00e3o Paulo (B3) ir\u00e1 aposentar o tradicional tel\u00e3o que apresenta as cota\u00e7\u00f5es das a\u00e7\u00f5es. Clique aqui para saber mais.","og_url":"https:\/\/www.suno.com.br\/noticias\/b3-aposenta-telao-das-acoes\/","og_site_name":"Suno Not\u00edcias","article_publisher":"https:\/\/facebook.com\/sunoresearch","og_image":[{"width":1700,"height":1065,"url":"https:\/\/files.sunoresearch.com.br\/n\/uploads\/2019\/10\/3a8cefeb-b3.jpg","type":"image\/jpeg"}],"author":"Vinicius Pereira","twitter_card":"summary_large_image","twitter_creator":"@https:\/\/twitter.com\/viniciuspjornal","twitter_site":"@sunoresearch","twitter_misc":{"Escrito por":"Vinicius Pereira","Est. tempo de leitura":"3 minutos"},"schema":{"@context":"https:\/\/schema.org","@graph":[{"@type":"NewsArticle","@id":"https:\/\/www.suno.com.br\/noticias\/b3-aposenta-telao-das-acoes\/#article","isPartOf":{"@id":"https:\/\/www.suno.com.br\/noticias\/b3-aposenta-telao-das-acoes\/"},"author":{"name":"Vinicius Pereira","@id":"https:\/\/www.suno.com.br\/noticias\/#\/schema\/person\/a20761b96e4df7eb57f1f9e41be1dbf3"},"headline":"Exclusivo: B3 ir\u00e1 substituir tradicional tel\u00e3o das a\u00e7\u00f5es","datePublished":"2019-10-07T23:17:10+00:00","dateModified":"2019-10-16T23:33:04+00:00","mainEntityOfPage":{"@id":"https:\/\/www.suno.com.br\/noticias\/b3-aposenta-telao-das-acoes\/"},"wordCount":662,"publisher":{"@id":"https:\/\/www.suno.com.br\/noticias\/#organization"},"image":{"@id":"https:\/\/www.suno.com.br\/noticias\/b3-aposenta-telao-das-acoes\/#primaryimage"},"thumbnailUrl":"https:\/\/files.sunoresearch.com.br\/n\/uploads\/2019\/10\/3a8cefeb-b3-jpg.webp","keywords":["B3 (B3SA3)","Bolsa de Valores de S\u00e3o Paulo (B3)"],"articleSection":["Mercado"],"inLanguage":"pt-BR"},{"@type":"WebPage","@id":"https:\/\/www.suno.com.br\/noticias\/b3-aposenta-telao-das-acoes\/","url":"https:\/\/www.suno.com.br\/noticias\/b3-aposenta-telao-das-acoes\/","name":"Exclusivo: B3 ir\u00e1 substituir tradicional tel\u00e3o das a\u00e7\u00f5es","isPartOf":{"@id":"https:\/\/www.suno.com.br\/noticias\/#website"},"primaryImageOfPage":{"@id":"https:\/\/www.suno.com.br\/noticias\/b3-aposenta-telao-das-acoes\/#primaryimage"},"image":{"@id":"https:\/\/www.suno.com.br\/noticias\/b3-aposenta-telao-das-acoes\/#primaryimage"},"thumbnailUrl":"https:\/\/files.sunoresearch.com.br\/n\/uploads\/2019\/10\/3a8cefeb-b3-jpg.webp","datePublished":"2019-10-07T23:17:10+00:00","dateModified":"2019-10-16T23:33:04+00:00","description":"A Bolsa de Valores de S\u00e3o Paulo (B3) ir\u00e1 aposentar o tradicional tel\u00e3o que apresenta as cota\u00e7\u00f5es das a\u00e7\u00f5es. Clique aqui para saber mais.","breadcrumb":{"@id":"https:\/\/www.suno.com.br\/noticias\/b3-aposenta-telao-das-acoes\/#breadcrumb"},"inLanguage":"pt-BR","potentialAction":[{"@type":"ReadAction","target":["https:\/\/www.suno.com.br\/noticias\/b3-aposenta-telao-das-acoes\/"]}]},{"@type":"ImageObject","inLanguage":"pt-BR","@id":"https:\/\/www.suno.com.br\/noticias\/b3-aposenta-telao-das-acoes\/#primaryimage","url":"https:\/\/files.sunoresearch.com.br\/n\/uploads\/2019\/10\/3a8cefeb-b3-jpg.webp","contentUrl":"https:\/\/files.sunoresearch.com.br\/n\/uploads\/2019\/10\/3a8cefeb-b3-jpg.webp","width":1700,"height":1065,"caption":"Bolsa de Valores (B3)"},{"@type":"BreadcrumbList","@id":"https:\/\/www.suno.com.br\/noticias\/b3-aposenta-telao-das-acoes\/#breadcrumb","itemListElement":[{"@type":"ListItem","position":1,"name":"Not\u00edcias","item":"https:\/\/www.suno.com.br\/noticias\/"},{"@type":"ListItem","position":2,"name":"Mercado","item":"https:\/\/www.suno.com.br\/noticias\/mercado\/"},{"@type":"ListItem","position":3,"name":"Exclusivo: B3 ir\u00e1 substituir tradicional tel\u00e3o das a\u00e7\u00f5es"}]},{"@type":"WebSite","@id":"https:\/\/www.suno.com.br\/noticias\/#website","url":"https:\/\/www.suno.com.br\/noticias\/","name":"Suno Not\u00edcias","description":"Seu portal de informa\u00e7\u00e3o sobre o mundo dos investimentos","publisher":{"@id":"https:\/\/www.suno.com.br\/noticias\/#organization"},"potentialAction":[{"@type":"SearchAction","target":{"@type":"EntryPoint","urlTemplate":"https:\/\/www.suno.com.br\/noticias\/?s={search_term_string}"},"query-input":{"@type":"PropertyValueSpecification","valueRequired":true,"valueName":"search_term_string"}}],"inLanguage":"pt-BR"},{"@type":"Organization","@id":"https:\/\/www.suno.com.br\/noticias\/#organization","name":"Suno Not\u00edcias","url":"https:\/\/www.suno.com.br\/noticias\/","logo":{"@type":"ImageObject","inLanguage":"pt-BR","@id":"https:\/\/www.suno.com.br\/noticias\/#\/schema\/logo\/image\/","url":"https:\/\/files.sunoresearch.com.br\/n\/uploads\/2021\/09\/suno-logo.png","contentUrl":"https:\/\/files.sunoresearch.com.br\/n\/uploads\/2021\/09\/suno-logo.png","width":180,"height":180,"caption":"Suno Not\u00edcias"},"image":{"@id":"https:\/\/www.suno.com.br\/noticias\/#\/schema\/logo\/image\/"},"sameAs":["https:\/\/facebook.com\/sunoresearch","https:\/\/x.com\/sunoresearch","https:\/\/www.instagram.com\/suno","https:\/\/www.linkedin.com\/company\/suno-research\/","https:\/\/www.youtube.com\/c\/sunoresearch"]},{"@type":"Person","@id":"https:\/\/www.suno.com.br\/noticias\/#\/schema\/person\/a20761b96e4df7eb57f1f9e41be1dbf3","name":"Vinicius Pereira","image":{"@type":"ImageObject","inLanguage":"pt-BR","@id":"https:\/\/www.suno.com.br\/noticias\/#\/schema\/person\/image\/","url":"https:\/\/secure.gravatar.com\/avatar\/783866b933198f5cc4c5d03fcc8b1301?s=96&r=g","contentUrl":"https:\/\/secure.gravatar.com\/avatar\/783866b933198f5cc4c5d03fcc8b1301?s=96&r=g","caption":"Vinicius Pereira"},"description":"Vinicius Pereira foi rep\u00f3rter de economia da Folha de S.Paulo, stringer do jornal no Canad\u00e1 e colaborador de VEJA. J\u00e1 escreveu tamb\u00e9m para BBC Brasil, The Intercept Brasil e UOL. Tem MBA em Informa\u00e7\u00f5es Econ\u00f4mico-Financeiras e Mercado de Capitais pela FIA\/B3.","sameAs":["https:\/\/x.com\/https:\/\/twitter.com\/viniciuspjornal"],"url":"https:\/\/www.suno.com.br\/noticias\/author\/vinicius-pereira\/"}]}},"default_loop_html":"<div class=\"cardsPage__listCard__boxs\"><div class=\"cardsPage__listCard__boxs__img\"><a href=\"https:\/\/www.suno.com.br\/noticias\/b3-aposenta-telao-das-acoes\/\"><img class=\"mask\" src=\"https:\/\/www.suno.com.br\/noticias\/wp-content\/themes\/suno\/resources\/images\/spotlight\/spotlight1img\/bg-mask.png\" alt=\"Image Mask\"\/><img src=\"https:\/\/files.sunoresearch.com.br\/n\/uploads\/2019\/10\/3a8cefeb-b3-400x200.webp\" alt=\"Exclusivo: B3 ir\u00e1 substituir tradicional tel\u00e3o das a\u00e7\u00f5es\"\/><\/a><span class=\"spotlightCategory\"><a href=\"https:\/\/www.suno.com.br\/noticias\/mercado\/\">Mercado<\/a><\/span><\/div><div class=\"cardsPage__listCard__boxs__content\"><a href=\"https:\/\/www.suno.com.br\/noticias\/b3-aposenta-telao-das-acoes\/\"><h2 class=\"content__title\">Exclusivo: B3 ir\u00e1 substituir tradicional tel\u00e3o das a\u00e7\u00f5es<\/h2><\/a><div class=\"newsContent__article__meta\"><div class=\"newsContent__article__meta__authorBox\"><a href=\"https:\/\/www.suno.com.br\/noticias\/author\/vinicius-pereira\/\" class=\"authorBox__avatar noMobi\"><img src=\"https:\/\/files.sunoresearch.com.br\/n\/uploads\/2020\/08\/77510613-whatsapp-image-2020-08-03-at-13.40.40-150x150.webp\" alt=\"Vinicius Pereira\"><\/a><div class=\"authorBox__name\"><span>por\n\t\t\t<a href=\"https:\/\/www.suno.com.br\/noticias\/author\/vinicius-pereira\/\"><span itemprop=\"author\">Vinicius Pereira<\/span><\/a><\/span><time datetime=\"2019-10-07T20:17:10-03:00\" itemprop=\"datePublished\">07\/10\/2019 20:17<\/time><\/div><\/div><\/div><\/div><\/div>","single_layout":"posts","amp_enabled":true,"_links":{"self":[{"href":"https:\/\/www.suno.com.br\/noticias\/wp-json\/wp\/v2\/posts\/40147"}],"collection":[{"href":"https:\/\/www.suno.com.br\/noticias\/wp-json\/wp\/v2\/posts"}],"about":[{"href":"https:\/\/www.suno.com.br\/noticias\/wp-json\/wp\/v2\/types\/post"}],"author":[{"embeddable":true,"href":"https:\/\/www.suno.com.br\/noticias\/wp-json\/wp\/v2\/users\/27"}],"replies":[{"embeddable":true,"href":"https:\/\/www.suno.com.br\/noticias\/wp-json\/wp\/v2\/comments?post=40147"}],"version-history":[{"count":0,"href":"https:\/\/www.suno.com.br\/noticias\/wp-json\/wp\/v2\/posts\/40147\/revisions"}],"wp:featuredmedia":[{"embeddable":true,"href":"https:\/\/www.suno.com.br\/noticias\/wp-json\/wp\/v2\/media\/40028"}],"wp:attachment":[{"href":"https:\/\/www.suno.com.br\/noticias\/wp-json\/wp\/v2\/media?parent=40147"}],"wp:term":[{"taxonomy":"category","embeddable":true,"href":"https:\/\/www.suno.com.br\/noticias\/wp-json\/wp\/v2\/categories?post=40147"},{"taxonomy":"post_tag","embeddable":true,"href":"https:\/\/www.suno.com.br\/noticias\/wp-json\/wp\/v2\/tags?post=40147"},{"taxonomy":"suno_strategy","embeddable":true,"href":"https:\/\/www.suno.com.br\/noticias\/wp-json\/wp\/v2\/suno_strategy?post=40147"}],"curies":[{"name":"wp","href":"https:\/\/api.w.org\/{rel}","templated":true}]}}