{"id":401340,"date":"2023-05-08T16:03:22","date_gmt":"2023-05-08T19:03:22","guid":{"rendered":"https:\/\/www.suno.com.br\/noticias\/?p=401340"},"modified":"2023-05-08T18:56:14","modified_gmt":"2023-05-08T21:56:14","slug":"braskem-brkm5-quem-quer-comprar-empresa-entenda","status":"publish","type":"post","link":"https:\/\/www.suno.com.br\/noticias\/braskem-brkm5-quem-quer-comprar-empresa-entenda\/","title":{"rendered":"Braskem (BRKM5): estatal \u00e1rabe faz proposta alta pela empresa, diz jornal; a\u00e7\u00f5es disparam 6,4%"},"content":{"rendered":"<p>As a\u00e7\u00f5es da <a class=\"suno-keyword\" data-force=\"yes\" data-priority=\"2\" href=\"https:\/\/www.suno.com.br\/acoes\/BRKM5\/\" target=\"_blank\" rel=\"noopener\"><strong>Braskem<\/strong> (BRKM5)<\/a> v\u00eam tendo dias de alta na Bolsa com as not\u00edcias sobre uma poss\u00edvel compra da companhia petroqu\u00edmica. Ap\u00f3s negar a movimenta\u00e7\u00e3o, a empresa voltou atr\u00e1s e confirmou nesta segunda (8) que recebeu essa proposta, mas n\u00e3o detalhou o caso. Segundo o jornal Valor Econ\u00f4mico, esse movimento partiu da gestora americana Apollo e da estatal Empresa Nacional de Petr\u00f3leo de Abu Dhabi (Adnoc).<\/p>\t<div class=\"wrapper-featured-image\">\n\t\t<figure class=\"spotlightImg\">\n\n\t\t\t<picture>\n\t\t\t\t<source media=\"(max-width: 768px)\" srcset=\"https:\/\/files.sunoresearch.com.br\/n\/uploads\/2022\/11\/braskem-brkm5-bofa-eleva-preco-alvo-upside-400x200.jpg\">\n\t\t\t\t<img loading=\"lazy\" decoding=\"async\" class=\"newsContent__article__imgCapa lazyloadDisabled \" src=\"https:\/\/files.sunoresearch.com.br\/n\/uploads\/2022\/11\/braskem-brkm5-bofa-eleva-preco-alvo-upside-800x450.jpg\" width=\"800\" height=\"450\" alt=\"Braskem (BRKM5): estatal \u00e1rabe faz proposta alta pela empresa, diz jornal; a\u00e7\u00f5es disparam 6,4%\" fetchpriority=high \/>\n\t\t\t<\/picture>\n\n\t\t\t<figcaption class=\"wp-caption-text wp-caption-text--show\">Braskem (BRKM5). Foto: Divulga\u00e7\u00e3o<\/figcaption>\n\t\t<\/figure>\n\t<\/div>\n\n\n\n\n\n\t<p>\n\t\t<a href=\"https:\/\/lp.suno.com.br\/planilha-da-vida-financeira\/\" target=\"_blank\" data-element=\"shortcode-suno-banner\" title=\"Banner SUNO, clique e saiba mais\">\n\t\t\t<picture>\n\t\t\t\t<source media=\"(max-width: 500px)\" srcset=\"https:\/\/files.sunoresearch.com.br\/n\/uploads\/2023\/04\/400x300-Planilha-vida-financeira-true.png\">\n\t\t\t\t<img class=\"newsContent__article__imgCapa newsContent__article__imgCapa--banner\"\n\t\t\t\t\tsrc=\"https:\/\/files.sunoresearch.com.br\/n\/uploads\/2023\/04\/1420x240-Planilha-vida-financeira-true.png\"\n\t\t\t\t\tdata-promo-id=\"106682\"\t\t\t\t\t\t\t\t\t\twidth='1420' height='240'\t\t\t\t\talt=\"https:\/\/files.sunoresearch.com.br\/n\/uploads\/2023\/04\/1420x240-Planilha-vida-financeira-true.png\"\n\t\t\t\t>\n\t\t\t<\/picture>\n\t\t<\/a>\n\t<\/p>\n\n\n\n\n\n<p>Fontes do Valor pr\u00f3ximas \u00e0s conversas confirmaram essa movimenta\u00e7\u00e3o. De acordo com a apura\u00e7\u00e3o do ve\u00edculo, a gestora norte-americana e a <strong>estatal dos Emirados \u00c1rabes<\/strong> se uniram nesta proposta, na qual pagariam R$ 47 por a\u00e7\u00e3o.<\/p>\n\n\n\n<p>Por\u00e9m, essa negocia\u00e7\u00e3o s\u00f3 sairia do papel caso os credores da Novonor, que possuem as <strong>a\u00e7\u00f5es da Braskem<\/strong> em garantia a d\u00edvidas de quase R$ 15 bilh\u00f5es, topassem negociar.<\/p>\n\n\n\n<p>Com essa movimenta\u00e7\u00e3o, a <strong>Adnoc<\/strong> pretende usar a plataforma da Braskem para seus neg\u00f3cios petroqu\u00edmicos nas Am\u00e9ricas.<\/p>\n\n\n\n<p>Nesta segunda as a\u00e7\u00f5es da Braskem subiram 6,48% &#8211; chegaram a disparar 22% -, cotadas a R$ 25,30.<\/p>\n\n\n\n<h2 class=\"wp-block-heading\">Braskem: Entenda o que aconteceu<\/h2>\n\n\n\n<p>Esse movimento de alta das&nbsp;a\u00e7\u00f5es da Braskem&nbsp;come\u00e7ou na \u00faltima sexta (5), quando ve\u00edculos como os jornais O Globo, Valor Econ\u00f4mico e Folha de S. Paulo informaram que a Empresa Nacional de Petr\u00f3leo de Abu Dhabi (Adnoc) estaria interessada em comprar 100% da petroqu\u00edmica.<\/p>\n\n\n\n\t<div data-element=\"shortcode-read-more\" class=\"readToo\">\n\t\t\t\t<span class=\"readToo__title\">Leia mais<\/span>\n\t\t\t\t<ul class=\"readToo__list\">\n\t\t\t<li><a href=\"https:\/\/www.suno.com.br\/noticias\/braskem-brkm5-ibovespa-hoje-080523-alta-acoes\/\">Braskem (BRKM5) chega a disparar 22% no Ibovespa hoje; entenda o que aconteceu<\/a><\/li><li><a href=\"https:\/\/www.suno.com.br\/noticias\/braskem-brkm5-dispara-proposta-compra-empresa-acoes\/\">Braskem (BRKM5): rumor sobre proposta de compra da companhia pela ADNOC leva a\u00e7\u00f5es a uma alta de 23%; Novonor nega<\/a><\/li>\t\t<\/ul>\n\t<\/div>\n\n\n\n\n<p>Com essas not\u00edcias, os pap\u00e9is chegaram a disparar mais de 40% no intradia e encerraram o preg\u00e3o de sexta em alta de 23,62%. Na ocasi\u00e3o, a empresa havia publicado um&nbsp;<a href=\"https:\/\/www.suno.com.br\/artigos\/fato-relevante\/\" target=\"_blank\" rel=\"noreferrer noopener\">fato relevante<\/a>&nbsp;no qual a Novonor, detentora de 50,1% do capital social da Braskem, negou ter recebido propostas de outras empresas interessadas no neg\u00f3cio.<\/p>\n\n\n\t<p>\n\t\t<a href=\"https:\/\/lp.suno.com.br\/ebook-como-analisar-uma-acao\/\" target=\"_blank\" data-element=\"shortcode-suno-banner\" title=\"Banner SUNO, clique e saiba mais\">\n\t\t\t<picture>\n\t\t\t\t<source media=\"(max-width: 500px)\" srcset=\"https:\/\/files.sunoresearch.com.br\/n\/uploads\/2023\/03\/Ebook-Acoes-Mobile.jpg\">\n\t\t\t\t<img class=\"newsContent__article__imgCapa newsContent__article__imgCapa--banner\"\n\t\t\t\t\tsrc=\"https:\/\/files.sunoresearch.com.br\/n\/uploads\/2023\/03\/Ebook-Acoes-Desktop.jpg\"\n\t\t\t\t\tdata-promo-id=\"378302\"\t\t\t\t\t\t\t\t\t\twidth='1420' height='286'\t\t\t\t\talt=\"https:\/\/files.sunoresearch.com.br\/n\/uploads\/2023\/03\/Ebook-Acoes-Desktop.jpg\"\n\t\t\t\t>\n\t\t\t<\/picture>\n\t\t<\/a>\n\t<\/p>\n\n\n\n\n\n<p>Contudo, nesta manh\u00e3, os&nbsp;<strong>gestores da Braskem<\/strong>&nbsp;publicaram um novo&nbsp;<a target=\"_blank\" href=\"https:\/\/www.suno.com.br\/artigos\/fato-relevante\/\" rel=\"noreferrer noopener\">fato relevante<\/a>&nbsp;com o seguinte posicionamento da Novonor:<\/p>\n\n\n\n<blockquote class=\"wp-block-quote is-layout-flow wp-block-quote-is-layout-flow\">\n<p>Prezados, informamos que, ap\u00f3s nossa \u00faltima mensagem a V. Sas., recebemos uma proposta, n\u00e3o vinculante, a qual ser\u00e1 avaliada em conjunto com as demais partes interessadas. Manteremos V. Sas. informadas caso haja qualquer evolu\u00e7\u00e3o material sobre o tema.<\/p>\n<\/blockquote>\n\n\n\n<h2 class=\"wp-block-heading\">Braskem no Ibovespa hoje<\/h2>\n\n\n\n<p>Ao longo desta manh\u00e3, os pap\u00e9is da <strong>Braskem<\/strong> chegaram a disparar 22,69%, ao pre\u00e7o de R$ 29,15. Por volta das 16h, a alta era de 5,77%, ao pre\u00e7o de R$ 25,13. Fecharam em alta de 6,4%.<\/p>\n\n\n\t<p>\n\t\t<a href=\"https:\/\/lp.suno.com.br\/suno-one\/?utm_campaign=_SNC6964518A_\" target=\"_blank\" data-element=\"shortcode-suno-banner\" title=\"Banner SUNO, clique e saiba mais\">\n\t\t\t<picture>\n\t\t\t\t<source media=\"(max-width: 500px)\" srcset=\"https:\/\/files.sunoresearch.com.br\/n\/uploads\/2025\/09\/400x300-Suno-One-png.webp\">\n\t\t\t\t<img class=\"newsContent__article__imgCapa newsContent__article__imgCapa--banner\"\n\t\t\t\t\tsrc=\"https:\/\/files.sunoresearch.com.br\/n\/uploads\/2025\/09\/1420x240-Suno-One-png.webp\"\n\t\t\t\t\tdata-promo-id=\"383121\"\t\t\t\t\t\t\t\t\t\twidth='1420' height='240'\t\t\t\t\talt=\"https:\/\/files.sunoresearch.com.br\/n\/uploads\/2025\/09\/1420x240-Suno-One-png.webp\"\n\t\t\t\t>\n\t\t\t<\/picture>\n\t\t<\/a>\n\t<\/p>\n\n\n","protected":false},"excerpt":{"rendered":"<p>As a\u00e7\u00f5es da Braskem (BRKM5) v\u00eam tendo dias de alta na Bolsa com as not\u00edcias sobre uma poss\u00edvel compra da companhia petroqu\u00edmica. Ap\u00f3s negar a movimenta\u00e7\u00e3o, a empresa voltou atr\u00e1s e confirmou nesta segunda (8) que recebeu essa proposta, mas n\u00e3o detalhou o caso. Segundo o jornal Valor Econ\u00f4mico, esse movimento partiu da gestora americana [&hellip;]<\/p>\n","protected":false},"author":232,"featured_media":325787,"comment_status":"closed","ping_status":"closed","sticky":false,"template":"","format":"standard","meta":[],"categories":[60],"tags":[286,395],"suno_strategy":[],"class_list":["post-401340","post","type-post","status-publish","format-standard","has-post-thumbnail","hentry","category-mercado","tag-acoes","tag-braskem-brkm3-brkm5-brkm6"],"yoast_head":"<!-- This site is optimized with the Yoast SEO plugin v24.4 - https:\/\/yoast.com\/wordpress\/plugins\/seo\/ -->\n<title>Braskem (BRKM5): \u00c1rabes fazem proposta alta; a\u00e7\u00f5es sobem 6,4%<\/title>\n<meta name=\"description\" content=\"As a\u00e7\u00f5es da Braskem (BRKM5) est\u00e3o tendo dias de alta na Bolsa com as not\u00edcias sobre uma poss\u00edvel compra da companhia petroqu\u00edmica. Entenda!\" \/>\n<meta name=\"robots\" content=\"index, follow, max-snippet:-1, max-image-preview:large, max-video-preview:-1\" \/>\n<link rel=\"canonical\" href=\"https:\/\/www.suno.com.br\/noticias\/braskem-brkm5-quem-quer-comprar-empresa-entenda\/\" \/>\n<meta property=\"og:locale\" content=\"pt_BR\" \/>\n<meta property=\"og:type\" content=\"article\" \/>\n<meta property=\"og:title\" content=\"Braskem (BRKM5): \u00c1rabes fazem proposta alta; a\u00e7\u00f5es sobem 6,4%\" \/>\n<meta property=\"og:description\" content=\"As a\u00e7\u00f5es da Braskem (BRKM5) est\u00e3o tendo dias de alta na Bolsa com as not\u00edcias sobre uma poss\u00edvel compra da companhia petroqu\u00edmica. Entenda!\" \/>\n<meta property=\"og:url\" content=\"https:\/\/www.suno.com.br\/noticias\/braskem-brkm5-quem-quer-comprar-empresa-entenda\/\" \/>\n<meta property=\"og:site_name\" content=\"Suno Not\u00edcias\" \/>\n<meta property=\"article:publisher\" content=\"https:\/\/facebook.com\/sunoresearch\" \/>\n<meta property=\"og:image\" content=\"https:\/\/files.sunoresearch.com.br\/n\/uploads\/2022\/11\/braskem-brkm5-bofa-eleva-preco-alvo-upside.jpg\" \/>\n\t<meta property=\"og:image:width\" content=\"1200\" \/>\n\t<meta property=\"og:image:height\" content=\"800\" \/>\n\t<meta property=\"og:image:type\" content=\"image\/jpeg\" \/>\n<meta name=\"author\" content=\"Erick Matheus Nery\" \/>\n<meta name=\"twitter:card\" content=\"summary_large_image\" \/>\n<meta name=\"twitter:creator\" content=\"@sunoresearch\" \/>\n<meta name=\"twitter:site\" content=\"@sunoresearch\" \/>\n<meta name=\"twitter:label1\" content=\"Escrito por\" \/>\n\t<meta name=\"twitter:data1\" content=\"Erick Matheus Nery\" \/>\n\t<meta name=\"twitter:label2\" content=\"Est. tempo de leitura\" \/>\n\t<meta name=\"twitter:data2\" content=\"3 minutos\" \/>\n<script type=\"application\/ld+json\" class=\"yoast-schema-graph\">{\"@context\":\"https:\/\/schema.org\",\"@graph\":[{\"@type\":\"NewsArticle\",\"@id\":\"https:\/\/www.suno.com.br\/noticias\/braskem-brkm5-quem-quer-comprar-empresa-entenda\/#article\",\"isPartOf\":{\"@id\":\"https:\/\/www.suno.com.br\/noticias\/braskem-brkm5-quem-quer-comprar-empresa-entenda\/\"},\"author\":{\"name\":\"Erick Matheus Nery\",\"@id\":\"https:\/\/www.suno.com.br\/noticias\/#\/schema\/person\/6899bc3f19d1a7315f807131c2c013a0\"},\"headline\":\"Braskem (BRKM5): estatal \u00e1rabe faz proposta alta pela empresa, diz jornal; a\u00e7\u00f5es disparam 6,4%\",\"datePublished\":\"2023-05-08T19:03:22+00:00\",\"dateModified\":\"2023-05-08T21:56:14+00:00\",\"mainEntityOfPage\":{\"@id\":\"https:\/\/www.suno.com.br\/noticias\/braskem-brkm5-quem-quer-comprar-empresa-entenda\/\"},\"wordCount\":425,\"publisher\":{\"@id\":\"https:\/\/www.suno.com.br\/noticias\/#organization\"},\"image\":{\"@id\":\"https:\/\/www.suno.com.br\/noticias\/braskem-brkm5-quem-quer-comprar-empresa-entenda\/#primaryimage\"},\"thumbnailUrl\":\"https:\/\/files.sunoresearch.com.br\/n\/uploads\/2022\/11\/braskem-brkm5-bofa-eleva-preco-alvo-upside.jpg\",\"keywords\":[\"A\u00e7\u00f5es\",\"Braskem (BRKM3\/BRKM5\/BRKM6)\"],\"articleSection\":[\"Mercado\"],\"inLanguage\":\"pt-BR\"},{\"@type\":\"WebPage\",\"@id\":\"https:\/\/www.suno.com.br\/noticias\/braskem-brkm5-quem-quer-comprar-empresa-entenda\/\",\"url\":\"https:\/\/www.suno.com.br\/noticias\/braskem-brkm5-quem-quer-comprar-empresa-entenda\/\",\"name\":\"Braskem (BRKM5): \u00c1rabes fazem proposta alta; a\u00e7\u00f5es sobem 6,4%\",\"isPartOf\":{\"@id\":\"https:\/\/www.suno.com.br\/noticias\/#website\"},\"primaryImageOfPage\":{\"@id\":\"https:\/\/www.suno.com.br\/noticias\/braskem-brkm5-quem-quer-comprar-empresa-entenda\/#primaryimage\"},\"image\":{\"@id\":\"https:\/\/www.suno.com.br\/noticias\/braskem-brkm5-quem-quer-comprar-empresa-entenda\/#primaryimage\"},\"thumbnailUrl\":\"https:\/\/files.sunoresearch.com.br\/n\/uploads\/2022\/11\/braskem-brkm5-bofa-eleva-preco-alvo-upside.jpg\",\"datePublished\":\"2023-05-08T19:03:22+00:00\",\"dateModified\":\"2023-05-08T21:56:14+00:00\",\"description\":\"As a\u00e7\u00f5es da Braskem (BRKM5) est\u00e3o tendo dias de alta na Bolsa com as not\u00edcias sobre uma poss\u00edvel compra da companhia petroqu\u00edmica. Entenda!\",\"breadcrumb\":{\"@id\":\"https:\/\/www.suno.com.br\/noticias\/braskem-brkm5-quem-quer-comprar-empresa-entenda\/#breadcrumb\"},\"inLanguage\":\"pt-BR\",\"potentialAction\":[{\"@type\":\"ReadAction\",\"target\":[\"https:\/\/www.suno.com.br\/noticias\/braskem-brkm5-quem-quer-comprar-empresa-entenda\/\"]}]},{\"@type\":\"ImageObject\",\"inLanguage\":\"pt-BR\",\"@id\":\"https:\/\/www.suno.com.br\/noticias\/braskem-brkm5-quem-quer-comprar-empresa-entenda\/#primaryimage\",\"url\":\"https:\/\/files.sunoresearch.com.br\/n\/uploads\/2022\/11\/braskem-brkm5-bofa-eleva-preco-alvo-upside.jpg\",\"contentUrl\":\"https:\/\/files.sunoresearch.com.br\/n\/uploads\/2022\/11\/braskem-brkm5-bofa-eleva-preco-alvo-upside.jpg\",\"width\":1200,\"height\":800,\"caption\":\"Braskem (BRKM5). Foto: Divulga\u00e7\u00e3o\"},{\"@type\":\"BreadcrumbList\",\"@id\":\"https:\/\/www.suno.com.br\/noticias\/braskem-brkm5-quem-quer-comprar-empresa-entenda\/#breadcrumb\",\"itemListElement\":[{\"@type\":\"ListItem\",\"position\":1,\"name\":\"Not\u00edcias\",\"item\":\"https:\/\/www.suno.com.br\/noticias\/\"},{\"@type\":\"ListItem\",\"position\":2,\"name\":\"Mercado\",\"item\":\"https:\/\/www.suno.com.br\/noticias\/mercado\/\"},{\"@type\":\"ListItem\",\"position\":3,\"name\":\"Braskem (BRKM5): estatal \u00e1rabe faz proposta alta pela empresa, diz jornal; a\u00e7\u00f5es disparam 6,4%\"}]},{\"@type\":\"WebSite\",\"@id\":\"https:\/\/www.suno.com.br\/noticias\/#website\",\"url\":\"https:\/\/www.suno.com.br\/noticias\/\",\"name\":\"Suno Not\u00edcias\",\"description\":\"Seu portal de informa\u00e7\u00e3o sobre o mundo dos investimentos\",\"publisher\":{\"@id\":\"https:\/\/www.suno.com.br\/noticias\/#organization\"},\"potentialAction\":[{\"@type\":\"SearchAction\",\"target\":{\"@type\":\"EntryPoint\",\"urlTemplate\":\"https:\/\/www.suno.com.br\/noticias\/?s={search_term_string}\"},\"query-input\":{\"@type\":\"PropertyValueSpecification\",\"valueRequired\":true,\"valueName\":\"search_term_string\"}}],\"inLanguage\":\"pt-BR\"},{\"@type\":\"Organization\",\"@id\":\"https:\/\/www.suno.com.br\/noticias\/#organization\",\"name\":\"Suno Not\u00edcias\",\"url\":\"https:\/\/www.suno.com.br\/noticias\/\",\"logo\":{\"@type\":\"ImageObject\",\"inLanguage\":\"pt-BR\",\"@id\":\"https:\/\/www.suno.com.br\/noticias\/#\/schema\/logo\/image\/\",\"url\":\"https:\/\/files.sunoresearch.com.br\/n\/uploads\/2021\/09\/suno-logo.png\",\"contentUrl\":\"https:\/\/files.sunoresearch.com.br\/n\/uploads\/2021\/09\/suno-logo.png\",\"width\":180,\"height\":180,\"caption\":\"Suno Not\u00edcias\"},\"image\":{\"@id\":\"https:\/\/www.suno.com.br\/noticias\/#\/schema\/logo\/image\/\"},\"sameAs\":[\"https:\/\/facebook.com\/sunoresearch\",\"https:\/\/x.com\/sunoresearch\",\"https:\/\/www.instagram.com\/suno\",\"https:\/\/www.linkedin.com\/company\/suno-research\/\",\"https:\/\/www.youtube.com\/c\/sunoresearch\"]},{\"@type\":\"Person\",\"@id\":\"https:\/\/www.suno.com.br\/noticias\/#\/schema\/person\/6899bc3f19d1a7315f807131c2c013a0\",\"name\":\"Erick Matheus Nery\",\"image\":{\"@type\":\"ImageObject\",\"inLanguage\":\"pt-BR\",\"@id\":\"https:\/\/www.suno.com.br\/noticias\/#\/schema\/person\/image\/\",\"url\":\"https:\/\/secure.gravatar.com\/avatar\/518ddffe438ccb767782d372a66304d2?s=96&r=g\",\"contentUrl\":\"https:\/\/secure.gravatar.com\/avatar\/518ddffe438ccb767782d372a66304d2?s=96&r=g\",\"caption\":\"Erick Matheus Nery\"},\"description\":\"Formado em Jornalismo pela Universidade Federal do Par\u00e1 (UFPA), conta com extens\u00e3o em Jornalismo Econ\u00f4mico pela Funda\u00e7\u00e3o Get\u00falio Vargas (FGV). No Suno Not\u00edcias, atua como rep\u00f3rter de Mercado, com foco nos setores de telecomunica\u00e7\u00f5es, varejo, alimentos e renda fixa. Conta com passagens pelo jornal O Estado de S\u00e3o Paulo, como trainee de Jornalismo Econ\u00f4mico, e pelo site Not\u00edcias da TV.\",\"url\":\"https:\/\/www.suno.com.br\/noticias\/author\/erick-nery\/\"}]}<\/script>\n<!-- \/ Yoast SEO plugin. -->","yoast_head_json":{"title":"Braskem (BRKM5): \u00c1rabes fazem proposta alta; a\u00e7\u00f5es sobem 6,4%","description":"As a\u00e7\u00f5es da Braskem (BRKM5) est\u00e3o tendo dias de alta na Bolsa com as not\u00edcias sobre uma poss\u00edvel compra da companhia petroqu\u00edmica. Entenda!","robots":{"index":"index","follow":"follow","max-snippet":"max-snippet:-1","max-image-preview":"max-image-preview:large","max-video-preview":"max-video-preview:-1"},"canonical":"https:\/\/www.suno.com.br\/noticias\/braskem-brkm5-quem-quer-comprar-empresa-entenda\/","og_locale":"pt_BR","og_type":"article","og_title":"Braskem (BRKM5): \u00c1rabes fazem proposta alta; a\u00e7\u00f5es sobem 6,4%","og_description":"As a\u00e7\u00f5es da Braskem (BRKM5) est\u00e3o tendo dias de alta na Bolsa com as not\u00edcias sobre uma poss\u00edvel compra da companhia petroqu\u00edmica. Entenda!","og_url":"https:\/\/www.suno.com.br\/noticias\/braskem-brkm5-quem-quer-comprar-empresa-entenda\/","og_site_name":"Suno Not\u00edcias","article_publisher":"https:\/\/facebook.com\/sunoresearch","og_image":[{"width":1200,"height":800,"url":"https:\/\/files.sunoresearch.com.br\/n\/uploads\/2022\/11\/braskem-brkm5-bofa-eleva-preco-alvo-upside.jpg","type":"image\/jpeg"}],"author":"Erick Matheus Nery","twitter_card":"summary_large_image","twitter_creator":"@sunoresearch","twitter_site":"@sunoresearch","twitter_misc":{"Escrito por":"Erick Matheus Nery","Est. tempo de leitura":"3 minutos"},"schema":{"@context":"https:\/\/schema.org","@graph":[{"@type":"NewsArticle","@id":"https:\/\/www.suno.com.br\/noticias\/braskem-brkm5-quem-quer-comprar-empresa-entenda\/#article","isPartOf":{"@id":"https:\/\/www.suno.com.br\/noticias\/braskem-brkm5-quem-quer-comprar-empresa-entenda\/"},"author":{"name":"Erick Matheus Nery","@id":"https:\/\/www.suno.com.br\/noticias\/#\/schema\/person\/6899bc3f19d1a7315f807131c2c013a0"},"headline":"Braskem (BRKM5): estatal \u00e1rabe faz proposta alta pela empresa, diz jornal; a\u00e7\u00f5es disparam 6,4%","datePublished":"2023-05-08T19:03:22+00:00","dateModified":"2023-05-08T21:56:14+00:00","mainEntityOfPage":{"@id":"https:\/\/www.suno.com.br\/noticias\/braskem-brkm5-quem-quer-comprar-empresa-entenda\/"},"wordCount":425,"publisher":{"@id":"https:\/\/www.suno.com.br\/noticias\/#organization"},"image":{"@id":"https:\/\/www.suno.com.br\/noticias\/braskem-brkm5-quem-quer-comprar-empresa-entenda\/#primaryimage"},"thumbnailUrl":"https:\/\/files.sunoresearch.com.br\/n\/uploads\/2022\/11\/braskem-brkm5-bofa-eleva-preco-alvo-upside.jpg","keywords":["A\u00e7\u00f5es","Braskem (BRKM3\/BRKM5\/BRKM6)"],"articleSection":["Mercado"],"inLanguage":"pt-BR"},{"@type":"WebPage","@id":"https:\/\/www.suno.com.br\/noticias\/braskem-brkm5-quem-quer-comprar-empresa-entenda\/","url":"https:\/\/www.suno.com.br\/noticias\/braskem-brkm5-quem-quer-comprar-empresa-entenda\/","name":"Braskem (BRKM5): \u00c1rabes fazem proposta alta; a\u00e7\u00f5es sobem 6,4%","isPartOf":{"@id":"https:\/\/www.suno.com.br\/noticias\/#website"},"primaryImageOfPage":{"@id":"https:\/\/www.suno.com.br\/noticias\/braskem-brkm5-quem-quer-comprar-empresa-entenda\/#primaryimage"},"image":{"@id":"https:\/\/www.suno.com.br\/noticias\/braskem-brkm5-quem-quer-comprar-empresa-entenda\/#primaryimage"},"thumbnailUrl":"https:\/\/files.sunoresearch.com.br\/n\/uploads\/2022\/11\/braskem-brkm5-bofa-eleva-preco-alvo-upside.jpg","datePublished":"2023-05-08T19:03:22+00:00","dateModified":"2023-05-08T21:56:14+00:00","description":"As a\u00e7\u00f5es da Braskem (BRKM5) est\u00e3o tendo dias de alta na Bolsa com as not\u00edcias sobre uma poss\u00edvel compra da companhia petroqu\u00edmica. Entenda!","breadcrumb":{"@id":"https:\/\/www.suno.com.br\/noticias\/braskem-brkm5-quem-quer-comprar-empresa-entenda\/#breadcrumb"},"inLanguage":"pt-BR","potentialAction":[{"@type":"ReadAction","target":["https:\/\/www.suno.com.br\/noticias\/braskem-brkm5-quem-quer-comprar-empresa-entenda\/"]}]},{"@type":"ImageObject","inLanguage":"pt-BR","@id":"https:\/\/www.suno.com.br\/noticias\/braskem-brkm5-quem-quer-comprar-empresa-entenda\/#primaryimage","url":"https:\/\/files.sunoresearch.com.br\/n\/uploads\/2022\/11\/braskem-brkm5-bofa-eleva-preco-alvo-upside.jpg","contentUrl":"https:\/\/files.sunoresearch.com.br\/n\/uploads\/2022\/11\/braskem-brkm5-bofa-eleva-preco-alvo-upside.jpg","width":1200,"height":800,"caption":"Braskem (BRKM5). Foto: Divulga\u00e7\u00e3o"},{"@type":"BreadcrumbList","@id":"https:\/\/www.suno.com.br\/noticias\/braskem-brkm5-quem-quer-comprar-empresa-entenda\/#breadcrumb","itemListElement":[{"@type":"ListItem","position":1,"name":"Not\u00edcias","item":"https:\/\/www.suno.com.br\/noticias\/"},{"@type":"ListItem","position":2,"name":"Mercado","item":"https:\/\/www.suno.com.br\/noticias\/mercado\/"},{"@type":"ListItem","position":3,"name":"Braskem (BRKM5): estatal \u00e1rabe faz proposta alta pela empresa, diz jornal; a\u00e7\u00f5es disparam 6,4%"}]},{"@type":"WebSite","@id":"https:\/\/www.suno.com.br\/noticias\/#website","url":"https:\/\/www.suno.com.br\/noticias\/","name":"Suno Not\u00edcias","description":"Seu portal de informa\u00e7\u00e3o sobre o mundo dos investimentos","publisher":{"@id":"https:\/\/www.suno.com.br\/noticias\/#organization"},"potentialAction":[{"@type":"SearchAction","target":{"@type":"EntryPoint","urlTemplate":"https:\/\/www.suno.com.br\/noticias\/?s={search_term_string}"},"query-input":{"@type":"PropertyValueSpecification","valueRequired":true,"valueName":"search_term_string"}}],"inLanguage":"pt-BR"},{"@type":"Organization","@id":"https:\/\/www.suno.com.br\/noticias\/#organization","name":"Suno Not\u00edcias","url":"https:\/\/www.suno.com.br\/noticias\/","logo":{"@type":"ImageObject","inLanguage":"pt-BR","@id":"https:\/\/www.suno.com.br\/noticias\/#\/schema\/logo\/image\/","url":"https:\/\/files.sunoresearch.com.br\/n\/uploads\/2021\/09\/suno-logo.png","contentUrl":"https:\/\/files.sunoresearch.com.br\/n\/uploads\/2021\/09\/suno-logo.png","width":180,"height":180,"caption":"Suno Not\u00edcias"},"image":{"@id":"https:\/\/www.suno.com.br\/noticias\/#\/schema\/logo\/image\/"},"sameAs":["https:\/\/facebook.com\/sunoresearch","https:\/\/x.com\/sunoresearch","https:\/\/www.instagram.com\/suno","https:\/\/www.linkedin.com\/company\/suno-research\/","https:\/\/www.youtube.com\/c\/sunoresearch"]},{"@type":"Person","@id":"https:\/\/www.suno.com.br\/noticias\/#\/schema\/person\/6899bc3f19d1a7315f807131c2c013a0","name":"Erick Matheus Nery","image":{"@type":"ImageObject","inLanguage":"pt-BR","@id":"https:\/\/www.suno.com.br\/noticias\/#\/schema\/person\/image\/","url":"https:\/\/secure.gravatar.com\/avatar\/518ddffe438ccb767782d372a66304d2?s=96&r=g","contentUrl":"https:\/\/secure.gravatar.com\/avatar\/518ddffe438ccb767782d372a66304d2?s=96&r=g","caption":"Erick Matheus Nery"},"description":"Formado em Jornalismo pela Universidade Federal do Par\u00e1 (UFPA), conta com extens\u00e3o em Jornalismo Econ\u00f4mico pela Funda\u00e7\u00e3o Get\u00falio Vargas (FGV). No Suno Not\u00edcias, atua como rep\u00f3rter de Mercado, com foco nos setores de telecomunica\u00e7\u00f5es, varejo, alimentos e renda fixa. Conta com passagens pelo jornal O Estado de S\u00e3o Paulo, como trainee de Jornalismo Econ\u00f4mico, e pelo site Not\u00edcias da TV.","url":"https:\/\/www.suno.com.br\/noticias\/author\/erick-nery\/"}]}},"default_loop_html":"<div class=\"cardsPage__listCard__boxs\"><div class=\"cardsPage__listCard__boxs__img\"><a href=\"https:\/\/www.suno.com.br\/noticias\/braskem-brkm5-quem-quer-comprar-empresa-entenda\/\"><img class=\"mask\" src=\"https:\/\/www.suno.com.br\/noticias\/wp-content\/themes\/suno\/resources\/images\/spotlight\/spotlight1img\/bg-mask.png\" alt=\"Image Mask\"\/><img src=\"https:\/\/files.sunoresearch.com.br\/n\/uploads\/2022\/11\/braskem-brkm5-bofa-eleva-preco-alvo-upside-400x200.jpg\" alt=\"Braskem (BRKM5): estatal \u00e1rabe faz proposta alta pela empresa, diz jornal; a\u00e7\u00f5es disparam 6,4%\"\/><\/a><span class=\"spotlightCategory\"><a href=\"https:\/\/www.suno.com.br\/noticias\/mercado\/\">Mercado<\/a><\/span><\/div><div class=\"cardsPage__listCard__boxs__content\"><a href=\"https:\/\/www.suno.com.br\/noticias\/braskem-brkm5-quem-quer-comprar-empresa-entenda\/\"><h2 class=\"content__title\">Braskem (BRKM5): estatal \u00e1rabe faz proposta alta pela empresa, diz jornal; a\u00e7\u00f5es disparam 6,4%<\/h2><\/a><div class=\"newsContent__article__meta\"><div class=\"newsContent__article__meta__authorBox\"><a href=\"https:\/\/www.suno.com.br\/noticias\/author\/eduardo-vargas\/\" class=\"authorBox__avatar noMobi\"><img src=\"https:\/\/secure.gravatar.com\/avatar\/dac340933427a22924c9f99d1eb2e3f2?s=96&#038;r=g\" alt=\"Eduardo Vargas\"><\/a><div class=\"authorBox__name\"><span>por\n\t\t\t<a href=\"https:\/\/www.suno.com.br\/noticias\/author\/eduardo-vargas\/\"><span itemprop=\"author\">Eduardo Vargas<\/span><\/a><\/span><time datetime=\"2023-05-08T16:03:22-03:00\" itemprop=\"datePublished\">08\/05\/2023 16:03<\/time><\/div><\/div><\/div><\/div><\/div>","single_layout":"posts","amp_enabled":true,"_links":{"self":[{"href":"https:\/\/www.suno.com.br\/noticias\/wp-json\/wp\/v2\/posts\/401340"}],"collection":[{"href":"https:\/\/www.suno.com.br\/noticias\/wp-json\/wp\/v2\/posts"}],"about":[{"href":"https:\/\/www.suno.com.br\/noticias\/wp-json\/wp\/v2\/types\/post"}],"author":[{"embeddable":true,"href":"https:\/\/www.suno.com.br\/noticias\/wp-json\/wp\/v2\/users\/232"}],"replies":[{"embeddable":true,"href":"https:\/\/www.suno.com.br\/noticias\/wp-json\/wp\/v2\/comments?post=401340"}],"version-history":[{"count":2,"href":"https:\/\/www.suno.com.br\/noticias\/wp-json\/wp\/v2\/posts\/401340\/revisions"}],"predecessor-version":[{"id":401736,"href":"https:\/\/www.suno.com.br\/noticias\/wp-json\/wp\/v2\/posts\/401340\/revisions\/401736"}],"wp:featuredmedia":[{"embeddable":true,"href":"https:\/\/www.suno.com.br\/noticias\/wp-json\/wp\/v2\/media\/325787"}],"wp:attachment":[{"href":"https:\/\/www.suno.com.br\/noticias\/wp-json\/wp\/v2\/media?parent=401340"}],"wp:term":[{"taxonomy":"category","embeddable":true,"href":"https:\/\/www.suno.com.br\/noticias\/wp-json\/wp\/v2\/categories?post=401340"},{"taxonomy":"post_tag","embeddable":true,"href":"https:\/\/www.suno.com.br\/noticias\/wp-json\/wp\/v2\/tags?post=401340"},{"taxonomy":"suno_strategy","embeddable":true,"href":"https:\/\/www.suno.com.br\/noticias\/wp-json\/wp\/v2\/suno_strategy?post=401340"}],"curies":[{"name":"wp","href":"https:\/\/api.w.org\/{rel}","templated":true}]}}