{"id":40131,"date":"2019-10-07T15:21:06","date_gmt":"2019-10-07T18:21:06","guid":{"rendered":"https:\/\/www.suno.com.br\/noticias\/?p=40131"},"modified":"2019-10-07T20:00:59","modified_gmt":"2019-10-07T23:00:59","slug":"varejo-comecou-reagir-setembro-presidente-magazine-luiza","status":"publish","type":"post","link":"https:\/\/www.suno.com.br\/noticias\/varejo-comecou-reagir-setembro-presidente-magazine-luiza\/","title":{"rendered":"Varejo come\u00e7ou a reagir em setembro, diz presidente do Magazine Luiza"},"content":{"rendered":"<p>A presidente do conselho de administra\u00e7\u00e3o do <strong>Magazine Luiza<\/strong>, <a href=\"https:\/\/www.suno.com.br\/tudo-sobre\/luiza-helena-trajano\/\">Luiza Helena Trajano<\/a>, afirmou nesta segunda-feira (7) que o varejo apresentou sinais de recupera\u00e7\u00e3o em setembro.<\/p>\t<div class=\"wrapper-featured-image\">\n\t\t<figure class=\"spotlightImg\">\n\n\t\t\t<picture>\n\t\t\t\t<source media=\"(max-width: 768px)\" srcset=\"https:\/\/files.sunoresearch.com.br\/n\/uploads\/2019\/10\/7577f9ff-luiza-trajano-400x200.webp\">\n\t\t\t\t<img loading=\"lazy\" decoding=\"async\" class=\"newsContent__article__imgCapa lazyloadDisabled newsContent__article__imgCapa--noCaption\" src=\"https:\/\/files.sunoresearch.com.br\/n\/uploads\/2019\/10\/7577f9ff-luiza-trajano-800x450.webp\" width=\"800\" height=\"450\" alt=\"Varejo come\u00e7ou a reagir em setembro, diz presidente do Magazine Luiza\" fetchpriority=high \/>\n\t\t\t<\/picture>\n\n\t\t\t<figcaption class=\"wp-caption-text wp-caption-text--hide\">Luiza Trajano, do Magazine Luiza (MGLU3), \u00e9 acusada de ser &quot;socialista&quot; por Bolsonaro<\/figcaption>\n\t\t<\/figure>\n\t<\/div>\n\n\n<p>De acordo com Trajano, a libera\u00e7\u00e3o dos recursos do <a href=\"https:\/\/www.suno.com.br\/artigos\/fgts\/\">Fundo de Garantia do Tempo de Servi\u00e7o (<strong>FGTS<\/strong>)<\/a> devem trazer uma rea\u00e7\u00e3o positiva ao <strong>varejo<\/strong>. Al\u00e9m disso, segundo a executiva, a aprova\u00e7\u00e3o de reformas, como a <strong>tribut\u00e1ria<\/strong> e a da <strong>Previd\u00eancia<\/strong> ajudar\u00e3o na recupera\u00e7\u00e3o do setor.<\/p>\n\n<p>\u201cCome\u00e7amos a ver uma luz no fim do t\u00fanel. O varejo come\u00e7a a ter rea\u00e7\u00e3o\u201d, afirmou Trajano.<\/p>\n<p>A executiva falou ainda sobre o avan\u00e7o do com\u00e9rcio virtual. Segundo ela, as empresas que desenvolvem programas de pagamento digital pr\u00f3prios est\u00e3o crescendo de forma significativa.<\/p>\n<p>\u201cNo Brasil vamos ter que competir com pagamento digital de bancos, Google, Facebook, e outros. E vai vencer quem conseguir fidelizar os clientes\u201d, disse a presidente do CDA da gigante varejista.<\/p>\n<p>Trajano comentou o r\u00e1pido avan\u00e7o tecnol\u00f3gico da <strong>China<\/strong>. De acordo com a executiva, a velocidade de desenvolvimento \u00e9 fundamental para manter a competitividade do varejo no Brasil.<\/p>\n<p>&#8220;L\u00e1 o governo deixa que criem tudo e, depois quando o neg\u00f3cio cresce, criam a regulamenta\u00e7\u00e3o. O Brasil \u00e9 diferente. Mas \u00e9 essencial ao varejo brasileiro imprimir mais velocidade para se manter competitivo\u201d, afirmou Trajano.<\/p>\n<h2>Desempenho do Magazine Luiza<\/h2>\n<p>Trajano afirmou que, em compara\u00e7\u00e3o com outras redes de varejo, a <strong>Magazine Luiza<\/strong> est\u00e1 apresentando crescimento acima da m\u00e9dia do setor.<\/p>\n<p>Para manter os bons resultados, a\u00a0executiva ressaltou que a companhia pretende apostar no setor de log\u00edstica.<\/p>\n\t<p>\n\t\t<a href=\"https:\/\/lps.suno.com.br\/asset\/newsletter\/\" target=\"_blank\" data-element=\"shortcode-suno-banner\" title=\"Banner SUNO, clique e saiba mais\">\n\t\t\t<picture>\n\t\t\t\t<source media=\"(max-width: 500px)\" srcset=\"https:\/\/files.sunoresearch.com.br\/n\/uploads\/2023\/04\/400x300-Mobile-Artigos-4.jpg\">\n\t\t\t\t<img class=\"newsContent__article__imgCapa newsContent__article__imgCapa--banner\"\n\t\t\t\t\tsrc=\"https:\/\/files.sunoresearch.com.br\/n\/uploads\/2023\/04\/1420x240-Banner-Artigos-1-_-Banner-Materias-1.jpg\"\n\t\t\t\t\tdata-promo-id=\"386700\"\t\t\t\t\t\t\t\t\t\twidth='1420' height='240'\t\t\t\t\talt=\"https:\/\/files.sunoresearch.com.br\/n\/uploads\/2023\/04\/1420x240-Banner-Artigos-1-_-Banner-Materias-1.jpg\"\n\t\t\t\t>\n\t\t\t<\/picture>\n\t\t<\/a>\n\t<\/p>\n\n\n<p>\u201cMontamos um diferencial log\u00edstico de oferecer a entrega em at\u00e9 duas horas (das compras on-line). Esse \u00e9 um diferencial que com o atendimento faz diferen\u00e7a para o consumidor\u201d, disse Trajano.<\/p>\n<p>A presidente do conselho administrativo lembrou que a rede de varejo abriu 100 lojas no ano passado e afirmou que novas unidades ser\u00e3o abertas neste ano. No entanto, n\u00e3o especificou o n\u00famero de novas lojas.<\/p>\n<h2>Crescimento al\u00e9m do varejo<\/h2>\n<p>Em julho, o presidente da Magazine Luiza, Frederico Trajano, afirmou em entrevista a &#8220;Exame&#8221;, que o foco da empresa \u00e9 aumentar a produtividade, como foi anunciado aos investidores.<\/p>\n<p><a href=\"https:\/\/www.suno.com.br\/noticias\/magazine-luiza-quer-crescer-alem-do-varejo-diz-presidente-da-empresa\/\">Saiba mais: Magazine Luiza quer crescer al\u00e9m do varejo, diz presidente da empresa<\/a><\/p>\n<p>Segundo Trajano, o momento da marca \u00e9 de inova\u00e7\u00e3o. \u201cChegou a hora de radicalizar nosso crescimento. Digitalizamos o Magalu e queremos digitalizar o Brasil, levando a muitos o que \u00e9 privil\u00e9gio de poucos\u201d, afirmou.<\/p>\n<p>Al\u00e9m do <strong>varejo<\/strong>, o executivo afirmou que o grupo quer investir em superaplicativos, que disponibilizam v\u00e1rios produtos e servi\u00e7os na palma da m\u00e3o do cliente. A inspira\u00e7\u00e3o vem da China. O aplicativo atual do Magazine Luiza tem 33 milh\u00f5es de downloads.<\/p>\n","protected":false},"excerpt":{"rendered":"<p>A presidente do conselho de administra\u00e7\u00e3o do Magazine Luiza, Luiza Helena Trajano, afirmou nesta segunda-feira (7) que o varejo apresentou sinais de recupera\u00e7\u00e3o em setembro. Luiza Trajano, do Magazine Luiza (MGLU3), \u00e9 acusada de ser &quot;socialista&quot; por Bolsonaro De acordo com Trajano, a libera\u00e7\u00e3o dos recursos do Fundo de Garantia do Tempo de Servi\u00e7o (FGTS) [&hellip;]<\/p>\n","protected":false},"author":18,"featured_media":40135,"comment_status":"closed","ping_status":"closed","sticky":false,"template":"","format":"standard","meta":[],"categories":[64],"tags":[910,548,322,803],"suno_strategy":[],"class_list":["post-40131","post","type-post","status-publish","format-standard","has-post-thumbnail","hentry","category-negocios","tag-fgts","tag-magazine-luiza-mglu3","tag-previdencia-social","tag-varejo"],"yoast_head":"<!-- This site is optimized with the Yoast SEO plugin v24.4 - https:\/\/yoast.com\/wordpress\/plugins\/seo\/ -->\n<title>Varejo come\u00e7ou a reagir em setembro, diz presidente do Magazine Luiza<\/title>\n<meta name=\"description\" content=\"Luiza Helena Trajano, do Magazine Luiza, afirmou que o varejo apresentou sinais de recupera\u00e7\u00e3o em setembro. Clique para saber mais.\" \/>\n<meta name=\"robots\" content=\"index, follow, max-snippet:-1, max-image-preview:large, max-video-preview:-1\" \/>\n<link rel=\"canonical\" href=\"https:\/\/www.suno.com.br\/noticias\/varejo-comecou-reagir-setembro-presidente-magazine-luiza\/\" \/>\n<meta property=\"og:locale\" content=\"pt_BR\" \/>\n<meta property=\"og:type\" content=\"article\" \/>\n<meta property=\"og:title\" content=\"Varejo come\u00e7ou a reagir em setembro, diz presidente do Magazine Luiza\" \/>\n<meta property=\"og:description\" content=\"Luiza Helena Trajano, do Magazine Luiza, afirmou que o varejo apresentou sinais de recupera\u00e7\u00e3o em setembro. Clique para saber mais.\" \/>\n<meta property=\"og:url\" content=\"https:\/\/www.suno.com.br\/noticias\/varejo-comecou-reagir-setembro-presidente-magazine-luiza\/\" \/>\n<meta property=\"og:site_name\" content=\"Suno Not\u00edcias\" \/>\n<meta property=\"article:publisher\" content=\"https:\/\/facebook.com\/sunoresearch\" \/>\n<meta property=\"og:image\" content=\"https:\/\/files.sunoresearch.com.br\/n\/uploads\/2019\/10\/7577f9ff-luiza-trajano-1024x688.jpg\" \/>\n\t<meta property=\"og:image:width\" content=\"1024\" \/>\n\t<meta property=\"og:image:height\" content=\"688\" \/>\n\t<meta property=\"og:image:type\" content=\"image\/jpeg\" \/>\n<meta name=\"author\" content=\"Giovanna Oliveira\" \/>\n<meta name=\"twitter:card\" content=\"summary_large_image\" \/>\n<meta name=\"twitter:creator\" content=\"@sunoresearch\" \/>\n<meta name=\"twitter:site\" content=\"@sunoresearch\" \/>\n<meta name=\"twitter:label1\" content=\"Escrito por\" \/>\n\t<meta name=\"twitter:data1\" content=\"Giovanna Oliveira\" \/>\n\t<meta name=\"twitter:label2\" content=\"Est. tempo de leitura\" \/>\n\t<meta name=\"twitter:data2\" content=\"2 minutos\" \/>\n<script type=\"application\/ld+json\" class=\"yoast-schema-graph\">{\"@context\":\"https:\/\/schema.org\",\"@graph\":[{\"@type\":\"NewsArticle\",\"@id\":\"https:\/\/www.suno.com.br\/noticias\/varejo-comecou-reagir-setembro-presidente-magazine-luiza\/#article\",\"isPartOf\":{\"@id\":\"https:\/\/www.suno.com.br\/noticias\/varejo-comecou-reagir-setembro-presidente-magazine-luiza\/\"},\"author\":{\"name\":\"Giovanna Oliveira\",\"@id\":\"https:\/\/www.suno.com.br\/noticias\/#\/schema\/person\/4e19e3d2575736e5283d58eb3199d120\"},\"headline\":\"Varejo come\u00e7ou a reagir em setembro, diz presidente do Magazine Luiza\",\"datePublished\":\"2019-10-07T18:21:06+00:00\",\"dateModified\":\"2019-10-07T23:00:59+00:00\",\"mainEntityOfPage\":{\"@id\":\"https:\/\/www.suno.com.br\/noticias\/varejo-comecou-reagir-setembro-presidente-magazine-luiza\/\"},\"wordCount\":482,\"publisher\":{\"@id\":\"https:\/\/www.suno.com.br\/noticias\/#organization\"},\"image\":{\"@id\":\"https:\/\/www.suno.com.br\/noticias\/varejo-comecou-reagir-setembro-presidente-magazine-luiza\/#primaryimage\"},\"thumbnailUrl\":\"https:\/\/files.sunoresearch.com.br\/n\/uploads\/2019\/10\/7577f9ff-luiza-trajano-scaled.webp\",\"keywords\":[\"FGTS\",\"Magazine Luiza (MGLU3)\",\"Previd\u00eancia Social\",\"varejo\"],\"articleSection\":[\"Neg\u00f3cios\"],\"inLanguage\":\"pt-BR\"},{\"@type\":\"WebPage\",\"@id\":\"https:\/\/www.suno.com.br\/noticias\/varejo-comecou-reagir-setembro-presidente-magazine-luiza\/\",\"url\":\"https:\/\/www.suno.com.br\/noticias\/varejo-comecou-reagir-setembro-presidente-magazine-luiza\/\",\"name\":\"Varejo come\u00e7ou a reagir em setembro, diz presidente do Magazine Luiza\",\"isPartOf\":{\"@id\":\"https:\/\/www.suno.com.br\/noticias\/#website\"},\"primaryImageOfPage\":{\"@id\":\"https:\/\/www.suno.com.br\/noticias\/varejo-comecou-reagir-setembro-presidente-magazine-luiza\/#primaryimage\"},\"image\":{\"@id\":\"https:\/\/www.suno.com.br\/noticias\/varejo-comecou-reagir-setembro-presidente-magazine-luiza\/#primaryimage\"},\"thumbnailUrl\":\"https:\/\/files.sunoresearch.com.br\/n\/uploads\/2019\/10\/7577f9ff-luiza-trajano-scaled.webp\",\"datePublished\":\"2019-10-07T18:21:06+00:00\",\"dateModified\":\"2019-10-07T23:00:59+00:00\",\"description\":\"Luiza Helena Trajano, do Magazine Luiza, afirmou que o varejo apresentou sinais de recupera\u00e7\u00e3o em setembro. Clique para saber mais.\",\"breadcrumb\":{\"@id\":\"https:\/\/www.suno.com.br\/noticias\/varejo-comecou-reagir-setembro-presidente-magazine-luiza\/#breadcrumb\"},\"inLanguage\":\"pt-BR\",\"potentialAction\":[{\"@type\":\"ReadAction\",\"target\":[\"https:\/\/www.suno.com.br\/noticias\/varejo-comecou-reagir-setembro-presidente-magazine-luiza\/\"]}]},{\"@type\":\"ImageObject\",\"inLanguage\":\"pt-BR\",\"@id\":\"https:\/\/www.suno.com.br\/noticias\/varejo-comecou-reagir-setembro-presidente-magazine-luiza\/#primaryimage\",\"url\":\"https:\/\/files.sunoresearch.com.br\/n\/uploads\/2019\/10\/7577f9ff-luiza-trajano-scaled.webp\",\"contentUrl\":\"https:\/\/files.sunoresearch.com.br\/n\/uploads\/2019\/10\/7577f9ff-luiza-trajano-scaled.webp\",\"width\":2560,\"height\":1719,\"caption\":\"Luiza Trajano, do Magazine Luiza (MGLU3), \u00e9 acusada de ser \\\"socialista\\\" por Bolsonaro\"},{\"@type\":\"BreadcrumbList\",\"@id\":\"https:\/\/www.suno.com.br\/noticias\/varejo-comecou-reagir-setembro-presidente-magazine-luiza\/#breadcrumb\",\"itemListElement\":[{\"@type\":\"ListItem\",\"position\":1,\"name\":\"Not\u00edcias\",\"item\":\"https:\/\/www.suno.com.br\/noticias\/\"},{\"@type\":\"ListItem\",\"position\":2,\"name\":\"Neg\u00f3cios\",\"item\":\"https:\/\/www.suno.com.br\/noticias\/negocios\/\"},{\"@type\":\"ListItem\",\"position\":3,\"name\":\"Varejo come\u00e7ou a reagir em setembro, diz presidente do Magazine Luiza\"}]},{\"@type\":\"WebSite\",\"@id\":\"https:\/\/www.suno.com.br\/noticias\/#website\",\"url\":\"https:\/\/www.suno.com.br\/noticias\/\",\"name\":\"Suno Not\u00edcias\",\"description\":\"Seu portal de informa\u00e7\u00e3o sobre o mundo dos investimentos\",\"publisher\":{\"@id\":\"https:\/\/www.suno.com.br\/noticias\/#organization\"},\"potentialAction\":[{\"@type\":\"SearchAction\",\"target\":{\"@type\":\"EntryPoint\",\"urlTemplate\":\"https:\/\/www.suno.com.br\/noticias\/?s={search_term_string}\"},\"query-input\":{\"@type\":\"PropertyValueSpecification\",\"valueRequired\":true,\"valueName\":\"search_term_string\"}}],\"inLanguage\":\"pt-BR\"},{\"@type\":\"Organization\",\"@id\":\"https:\/\/www.suno.com.br\/noticias\/#organization\",\"name\":\"Suno Not\u00edcias\",\"url\":\"https:\/\/www.suno.com.br\/noticias\/\",\"logo\":{\"@type\":\"ImageObject\",\"inLanguage\":\"pt-BR\",\"@id\":\"https:\/\/www.suno.com.br\/noticias\/#\/schema\/logo\/image\/\",\"url\":\"https:\/\/files.sunoresearch.com.br\/n\/uploads\/2021\/09\/suno-logo.png\",\"contentUrl\":\"https:\/\/files.sunoresearch.com.br\/n\/uploads\/2021\/09\/suno-logo.png\",\"width\":180,\"height\":180,\"caption\":\"Suno Not\u00edcias\"},\"image\":{\"@id\":\"https:\/\/www.suno.com.br\/noticias\/#\/schema\/logo\/image\/\"},\"sameAs\":[\"https:\/\/facebook.com\/sunoresearch\",\"https:\/\/x.com\/sunoresearch\",\"https:\/\/www.instagram.com\/suno\",\"https:\/\/www.linkedin.com\/company\/suno-research\/\",\"https:\/\/www.youtube.com\/c\/sunoresearch\"]},{\"@type\":\"Person\",\"@id\":\"https:\/\/www.suno.com.br\/noticias\/#\/schema\/person\/4e19e3d2575736e5283d58eb3199d120\",\"name\":\"Giovanna Oliveira\",\"image\":{\"@type\":\"ImageObject\",\"inLanguage\":\"pt-BR\",\"@id\":\"https:\/\/www.suno.com.br\/noticias\/#\/schema\/person\/image\/\",\"url\":\"https:\/\/secure.gravatar.com\/avatar\/9a37b3ae208962ac568992d0ffdbc2eb?s=96&r=g\",\"contentUrl\":\"https:\/\/secure.gravatar.com\/avatar\/9a37b3ae208962ac568992d0ffdbc2eb?s=96&r=g\",\"caption\":\"Giovanna Oliveira\"},\"description\":\"Giovanna Oliveira escreve sobre economia e pol\u00edtica. Foi rep\u00f3rter do portal de jornalismo da ESPM-SP e produziu conte\u00fado para a Corinthians TV. \u00c9 estudante da ESPM.\",\"url\":\"https:\/\/www.suno.com.br\/noticias\/author\/giovanna\/\"}]}<\/script>\n<!-- \/ Yoast SEO plugin. -->","yoast_head_json":{"title":"Varejo come\u00e7ou a reagir em setembro, diz presidente do Magazine Luiza","description":"Luiza Helena Trajano, do Magazine Luiza, afirmou que o varejo apresentou sinais de recupera\u00e7\u00e3o em setembro. Clique para saber mais.","robots":{"index":"index","follow":"follow","max-snippet":"max-snippet:-1","max-image-preview":"max-image-preview:large","max-video-preview":"max-video-preview:-1"},"canonical":"https:\/\/www.suno.com.br\/noticias\/varejo-comecou-reagir-setembro-presidente-magazine-luiza\/","og_locale":"pt_BR","og_type":"article","og_title":"Varejo come\u00e7ou a reagir em setembro, diz presidente do Magazine Luiza","og_description":"Luiza Helena Trajano, do Magazine Luiza, afirmou que o varejo apresentou sinais de recupera\u00e7\u00e3o em setembro. Clique para saber mais.","og_url":"https:\/\/www.suno.com.br\/noticias\/varejo-comecou-reagir-setembro-presidente-magazine-luiza\/","og_site_name":"Suno Not\u00edcias","article_publisher":"https:\/\/facebook.com\/sunoresearch","og_image":[{"width":1024,"height":688,"url":"https:\/\/files.sunoresearch.com.br\/n\/uploads\/2019\/10\/7577f9ff-luiza-trajano-1024x688.jpg","type":"image\/jpeg"}],"author":"Giovanna Oliveira","twitter_card":"summary_large_image","twitter_creator":"@sunoresearch","twitter_site":"@sunoresearch","twitter_misc":{"Escrito por":"Giovanna Oliveira","Est. tempo de leitura":"2 minutos"},"schema":{"@context":"https:\/\/schema.org","@graph":[{"@type":"NewsArticle","@id":"https:\/\/www.suno.com.br\/noticias\/varejo-comecou-reagir-setembro-presidente-magazine-luiza\/#article","isPartOf":{"@id":"https:\/\/www.suno.com.br\/noticias\/varejo-comecou-reagir-setembro-presidente-magazine-luiza\/"},"author":{"name":"Giovanna Oliveira","@id":"https:\/\/www.suno.com.br\/noticias\/#\/schema\/person\/4e19e3d2575736e5283d58eb3199d120"},"headline":"Varejo come\u00e7ou a reagir em setembro, diz presidente do Magazine Luiza","datePublished":"2019-10-07T18:21:06+00:00","dateModified":"2019-10-07T23:00:59+00:00","mainEntityOfPage":{"@id":"https:\/\/www.suno.com.br\/noticias\/varejo-comecou-reagir-setembro-presidente-magazine-luiza\/"},"wordCount":482,"publisher":{"@id":"https:\/\/www.suno.com.br\/noticias\/#organization"},"image":{"@id":"https:\/\/www.suno.com.br\/noticias\/varejo-comecou-reagir-setembro-presidente-magazine-luiza\/#primaryimage"},"thumbnailUrl":"https:\/\/files.sunoresearch.com.br\/n\/uploads\/2019\/10\/7577f9ff-luiza-trajano-scaled.webp","keywords":["FGTS","Magazine Luiza (MGLU3)","Previd\u00eancia Social","varejo"],"articleSection":["Neg\u00f3cios"],"inLanguage":"pt-BR"},{"@type":"WebPage","@id":"https:\/\/www.suno.com.br\/noticias\/varejo-comecou-reagir-setembro-presidente-magazine-luiza\/","url":"https:\/\/www.suno.com.br\/noticias\/varejo-comecou-reagir-setembro-presidente-magazine-luiza\/","name":"Varejo come\u00e7ou a reagir em setembro, diz presidente do Magazine Luiza","isPartOf":{"@id":"https:\/\/www.suno.com.br\/noticias\/#website"},"primaryImageOfPage":{"@id":"https:\/\/www.suno.com.br\/noticias\/varejo-comecou-reagir-setembro-presidente-magazine-luiza\/#primaryimage"},"image":{"@id":"https:\/\/www.suno.com.br\/noticias\/varejo-comecou-reagir-setembro-presidente-magazine-luiza\/#primaryimage"},"thumbnailUrl":"https:\/\/files.sunoresearch.com.br\/n\/uploads\/2019\/10\/7577f9ff-luiza-trajano-scaled.webp","datePublished":"2019-10-07T18:21:06+00:00","dateModified":"2019-10-07T23:00:59+00:00","description":"Luiza Helena Trajano, do Magazine Luiza, afirmou que o varejo apresentou sinais de recupera\u00e7\u00e3o em setembro. Clique para saber mais.","breadcrumb":{"@id":"https:\/\/www.suno.com.br\/noticias\/varejo-comecou-reagir-setembro-presidente-magazine-luiza\/#breadcrumb"},"inLanguage":"pt-BR","potentialAction":[{"@type":"ReadAction","target":["https:\/\/www.suno.com.br\/noticias\/varejo-comecou-reagir-setembro-presidente-magazine-luiza\/"]}]},{"@type":"ImageObject","inLanguage":"pt-BR","@id":"https:\/\/www.suno.com.br\/noticias\/varejo-comecou-reagir-setembro-presidente-magazine-luiza\/#primaryimage","url":"https:\/\/files.sunoresearch.com.br\/n\/uploads\/2019\/10\/7577f9ff-luiza-trajano-scaled.webp","contentUrl":"https:\/\/files.sunoresearch.com.br\/n\/uploads\/2019\/10\/7577f9ff-luiza-trajano-scaled.webp","width":2560,"height":1719,"caption":"Luiza Trajano, do Magazine Luiza (MGLU3), \u00e9 acusada de ser \"socialista\" por Bolsonaro"},{"@type":"BreadcrumbList","@id":"https:\/\/www.suno.com.br\/noticias\/varejo-comecou-reagir-setembro-presidente-magazine-luiza\/#breadcrumb","itemListElement":[{"@type":"ListItem","position":1,"name":"Not\u00edcias","item":"https:\/\/www.suno.com.br\/noticias\/"},{"@type":"ListItem","position":2,"name":"Neg\u00f3cios","item":"https:\/\/www.suno.com.br\/noticias\/negocios\/"},{"@type":"ListItem","position":3,"name":"Varejo come\u00e7ou a reagir em setembro, diz presidente do Magazine Luiza"}]},{"@type":"WebSite","@id":"https:\/\/www.suno.com.br\/noticias\/#website","url":"https:\/\/www.suno.com.br\/noticias\/","name":"Suno Not\u00edcias","description":"Seu portal de informa\u00e7\u00e3o sobre o mundo dos investimentos","publisher":{"@id":"https:\/\/www.suno.com.br\/noticias\/#organization"},"potentialAction":[{"@type":"SearchAction","target":{"@type":"EntryPoint","urlTemplate":"https:\/\/www.suno.com.br\/noticias\/?s={search_term_string}"},"query-input":{"@type":"PropertyValueSpecification","valueRequired":true,"valueName":"search_term_string"}}],"inLanguage":"pt-BR"},{"@type":"Organization","@id":"https:\/\/www.suno.com.br\/noticias\/#organization","name":"Suno Not\u00edcias","url":"https:\/\/www.suno.com.br\/noticias\/","logo":{"@type":"ImageObject","inLanguage":"pt-BR","@id":"https:\/\/www.suno.com.br\/noticias\/#\/schema\/logo\/image\/","url":"https:\/\/files.sunoresearch.com.br\/n\/uploads\/2021\/09\/suno-logo.png","contentUrl":"https:\/\/files.sunoresearch.com.br\/n\/uploads\/2021\/09\/suno-logo.png","width":180,"height":180,"caption":"Suno Not\u00edcias"},"image":{"@id":"https:\/\/www.suno.com.br\/noticias\/#\/schema\/logo\/image\/"},"sameAs":["https:\/\/facebook.com\/sunoresearch","https:\/\/x.com\/sunoresearch","https:\/\/www.instagram.com\/suno","https:\/\/www.linkedin.com\/company\/suno-research\/","https:\/\/www.youtube.com\/c\/sunoresearch"]},{"@type":"Person","@id":"https:\/\/www.suno.com.br\/noticias\/#\/schema\/person\/4e19e3d2575736e5283d58eb3199d120","name":"Giovanna Oliveira","image":{"@type":"ImageObject","inLanguage":"pt-BR","@id":"https:\/\/www.suno.com.br\/noticias\/#\/schema\/person\/image\/","url":"https:\/\/secure.gravatar.com\/avatar\/9a37b3ae208962ac568992d0ffdbc2eb?s=96&r=g","contentUrl":"https:\/\/secure.gravatar.com\/avatar\/9a37b3ae208962ac568992d0ffdbc2eb?s=96&r=g","caption":"Giovanna Oliveira"},"description":"Giovanna Oliveira escreve sobre economia e pol\u00edtica. Foi rep\u00f3rter do portal de jornalismo da ESPM-SP e produziu conte\u00fado para a Corinthians TV. \u00c9 estudante da ESPM.","url":"https:\/\/www.suno.com.br\/noticias\/author\/giovanna\/"}]}},"default_loop_html":"<div class=\"cardsPage__listCard__boxs\"><div class=\"cardsPage__listCard__boxs__img\"><a href=\"https:\/\/www.suno.com.br\/noticias\/varejo-comecou-reagir-setembro-presidente-magazine-luiza\/\"><img class=\"mask\" src=\"https:\/\/www.suno.com.br\/noticias\/wp-content\/themes\/suno\/resources\/images\/spotlight\/spotlight1img\/bg-mask.png\" alt=\"Image Mask\"\/><img src=\"https:\/\/files.sunoresearch.com.br\/n\/uploads\/2019\/10\/7577f9ff-luiza-trajano-400x200.webp\" alt=\"Varejo come\u00e7ou a reagir em setembro, diz presidente do Magazine Luiza\"\/><\/a><span class=\"spotlightCategory\"><a href=\"https:\/\/www.suno.com.br\/noticias\/negocios\/\">Neg\u00f3cios<\/a><\/span><\/div><div class=\"cardsPage__listCard__boxs__content\"><a href=\"https:\/\/www.suno.com.br\/noticias\/varejo-comecou-reagir-setembro-presidente-magazine-luiza\/\"><h2 class=\"content__title\">Varejo come\u00e7ou a reagir em setembro, diz presidente do Magazine Luiza<\/h2><\/a><div class=\"newsContent__article__meta\"><div class=\"newsContent__article__meta__authorBox\"><a href=\"https:\/\/www.suno.com.br\/noticias\/author\/giovanna\/\" class=\"authorBox__avatar noMobi\"><img src=\"https:\/\/files.sunoresearch.com.br\/n\/uploads\/2019\/06\/952a89ca-screenshot_20190608-171507-150x150.webp\" alt=\"Giovanna Oliveira\"><\/a><div class=\"authorBox__name\"><span>por\n\t\t\t<a href=\"https:\/\/www.suno.com.br\/noticias\/author\/giovanna\/\"><span itemprop=\"author\">Giovanna Oliveira<\/span><\/a><\/span><time datetime=\"2019-10-07T15:21:06-03:00\" itemprop=\"datePublished\">07\/10\/2019 15:21<\/time><\/div><\/div><\/div><\/div><\/div>","single_layout":"posts","amp_enabled":true,"_links":{"self":[{"href":"https:\/\/www.suno.com.br\/noticias\/wp-json\/wp\/v2\/posts\/40131"}],"collection":[{"href":"https:\/\/www.suno.com.br\/noticias\/wp-json\/wp\/v2\/posts"}],"about":[{"href":"https:\/\/www.suno.com.br\/noticias\/wp-json\/wp\/v2\/types\/post"}],"author":[{"embeddable":true,"href":"https:\/\/www.suno.com.br\/noticias\/wp-json\/wp\/v2\/users\/18"}],"replies":[{"embeddable":true,"href":"https:\/\/www.suno.com.br\/noticias\/wp-json\/wp\/v2\/comments?post=40131"}],"version-history":[{"count":0,"href":"https:\/\/www.suno.com.br\/noticias\/wp-json\/wp\/v2\/posts\/40131\/revisions"}],"wp:featuredmedia":[{"embeddable":true,"href":"https:\/\/www.suno.com.br\/noticias\/wp-json\/wp\/v2\/media\/40135"}],"wp:attachment":[{"href":"https:\/\/www.suno.com.br\/noticias\/wp-json\/wp\/v2\/media?parent=40131"}],"wp:term":[{"taxonomy":"category","embeddable":true,"href":"https:\/\/www.suno.com.br\/noticias\/wp-json\/wp\/v2\/categories?post=40131"},{"taxonomy":"post_tag","embeddable":true,"href":"https:\/\/www.suno.com.br\/noticias\/wp-json\/wp\/v2\/tags?post=40131"},{"taxonomy":"suno_strategy","embeddable":true,"href":"https:\/\/www.suno.com.br\/noticias\/wp-json\/wp\/v2\/suno_strategy?post=40131"}],"curies":[{"name":"wp","href":"https:\/\/api.w.org\/{rel}","templated":true}]}}