{"id":401189,"date":"2023-05-08T12:57:49","date_gmt":"2023-05-08T15:57:49","guid":{"rendered":"https:\/\/www.suno.com.br\/noticias\/?p=401189"},"modified":"2023-05-08T12:57:57","modified_gmt":"2023-05-08T15:57:57","slug":"como-o-itau-itub4-e-afetado-pelo-fim-do-jcp-e-o-teto-do-rotativo","status":"publish","type":"post","link":"https:\/\/www.suno.com.br\/noticias\/como-o-itau-itub4-e-afetado-pelo-fim-do-jcp-e-o-teto-do-rotativo\/","title":{"rendered":"Como o Ita\u00fa (ITUB4) \u00e9 afetado pelo &#8216;fim do JCP&#8217; e o &#8216;teto do rotativo&#8217;?"},"content":{"rendered":"<p>Em teleconfer\u00eancia com analistas ap\u00f3s reportar um lucro de R$ 8,4 bilh\u00f5es no primeiro trimestre deste ano, o CEO do <a class=\"suno-keyword\" data-force=\"yes\" data-priority=\"2\" href=\"https:\/\/www.suno.com.br\/acoes\/ITUB4\/\" target=\"_blank\" rel=\"noopener\"><strong>Ita\u00fa <\/strong>(ITUB4)<\/a>, Milton Maluhy Filho, comentou que o banco &#8220;n\u00e3o ignora riscos&#8221; ao ser indagado sobre eventuais impactos tribut\u00e1rios e regulat\u00f3rios.<\/p><div class=\"videoFull \">\n\t\t\t<div class=\"videoWrapper yt-lazyload center\"\n\t\t\t\tdata-width=\"960\"\n\t\t\t\tdata-height=\"540\"\n\t\t\t\tdata-id=\"1lERiZzGlp4\"\n\t\t\t\tdata-alt=\"V\u00eddeo do YouTube - clique para reproduzir\"\n\t\t\t\tdata-logo=\"3\"\n\t\t\t\tdata-imagequality=\"maxres\">\n\t\t\t<\/div>\n\t\t<\/div><script type=\"application\/ld+json\">{\"@context\":\"https:\/\/schema.org\",\"@type\":\"VideoObject\",\"name\":\"Bradesco (BBDC4): entenda os resultados do 1T23 |  Vale a pena comprar Bradesco?\",\"description\":\"#bradesco #bbdc4 #bbdc3 #bancos #mercadofinanceiro #investimentos #bolsadevalores #ibovespa #especial Bradesco (BBDC4) entenda os resultados do 1T23 | Vale a pena comprar Bradesco? O Banco Bradesco (Banco Bradesco S\/A) \u00e9 um banco m\u00faltiplo brasileiro, constitu\u00eddo como sociedade an\u00f4nima de capital aberto e negociado na B3 sob o c\u00f3digo BBDC3 e BBDC4. Sua atividade principal \u00e9 o\u2026\",\"duration\":\"PT25M53S\",\"embedUrl\":\"https:\/\/www.youtube.com\/embed\/1lERiZzGlp4\",\"regionsAllowed\":\"pt-BR\",\"interactionStatistic\":{\"@type\":\"InteractionCounter\",\"interactionType\":{\"@type\":\"WatchAction\"},\"userInteractionCount\":3654},\"thumbnailUrl\":\"https:\/\/i.ytimg.com\/vi\/1lERiZzGlp4\/default.jpg\",\"uploadDate\":\"2023-05-06T03:36:54Z\"}<\/script>\n\n\n\n\n\t<p>\n\t\t<a href=\"\" target=\"_blank\" data-element=\"shortcode-suno-banner\" title=\"Banner SUNO, clique e saiba mais\">\n\t\t\t<picture>\n\t\t\t\t<source media=\"(max-width: 500px)\" srcset=\"\">\n\t\t\t\t<img class=\"newsContent__article__imgCapa newsContent__article__imgCapa--banner\"\n\t\t\t\t\tsrc=\"\"\n\t\t\t\t\tdata-promo-id=\"265406\"\t\t\t\t\t\t\t\t\t\t\t\t\t\t\talt=\"\"\n\t\t\t\t>\n\t\t\t<\/picture>\n\t\t<\/a>\n\t<\/p>\n\n\n\n\n\n\n\n<p>Isso, considerando as propostas ventiladas em Bras\u00edlia que s\u00e3o temas caros ao Ita\u00fa e os demais bancos e t\u00eam <a href=\"https:\/\/www.suno.com.br\/noticias\/haddad-bancos-juros-credito-rotativo\/\" target=\"_blank\" rel=\"noreferrer noopener\">motivado encontros entre o Minist\u00e9rio da Fazenda<\/a> e executivos de <a class=\"suno-keyword\" data-force=\"no\" data-priority=\"1\" href=\"https:\/\/www.suno.com.br\/artigos\/instituicoes-financeiras\/\" target=\"_blank\" rel=\"noopener\">institui\u00e7\u00f5es financeiras<\/a>.<\/p>\n\n\n\n<p>Dentre estes, a possibilidade de um &#8216;teto&#8217; na cobran\u00e7a dos juros do cart\u00e3o rotativo e o <a href=\"https:\/\/www.suno.com.br\/noticias\/fim-jcp-acoes-prejudicadas\/\" target=\"_blank\" rel=\"noreferrer noopener\">fim dos <strong>Juros Sobre Capital Pr\u00f3prio (JCP<\/strong>)<\/a>.<\/p>\n\n\n\n<p>&#8220;De fato, aqui no Ita\u00fa n\u00e3o ignoramos risco. Temos algumas incertezas, e o de cart\u00f5es \u00e9 uma delas. O trabalho que temos \u00e9 de conseguir educar os stakeholders sobre como funciona o mundo de cart\u00f5es &#8211; que \u00e9 um ambiente muito complexo, um ecossistema que contempla com bandeira, lojista, cliente e emissor&#8221;, disse o <strong>CEO do Ita\u00fa<\/strong>.<\/p>\n\n\n\n<p>&#8220;Eu defendo a t\u00e9cnica e a compreens\u00e3o do todo, isso tem ficado claro para o mercado, fica claro tamb\u00e9m para o Banco Central, Minist\u00e9rio da Fazenda. Estamos discutindo alternativas e caminhos para evoluir o mercado. Claro que isso n\u00e3o depende de uma parte isolada&#8221;, segue.<\/p>\n\n\n\n<p>Sobre o <strong>JCP<\/strong>, o executivo destacou que a vis\u00e3o ainda \u00e9 de uma leitura preliminar, que n\u00e3o h\u00e1 uma proposta clara.<\/p>\n\n\n\n<p>O Ministro da Fazenda, Fernando Haddad disse ainda em meados de abril que um eventual <a href=\"https:\/\/www.suno.com.br\/noticias\/jcp-entra-mira-haddad-relatorio-x\/\"><strong>fim do JCP<\/strong> <\/a>poderia servir para <a href=\"https:\/\/www.suno.com.br\/noticias\/fim-do-jcp-haddad-medidas-coibir-abusos\/\" target=\"_blank\" rel=\"noreferrer noopener\">\u201ccoibir supostos abusos&#8221;<\/a>. Maluhy, ao responder um analista, chegou a citar um caso, por\u00e9m sem revelar os nomes.<\/p>\n\n\n\n<p>Al\u00e9m disso, defendeu uma solu\u00e7\u00e3o mais direcionada e espec\u00edfica para os problemas que envolvem a quest\u00e3o.<\/p>\n\n\n\n<p>&#8220;Sobre o JCP, \u00e9 pura leitura. N\u00e3o temos proposta clara. Vimos recentemente coment\u00e1rios sobre um auto de infra\u00e7\u00e3o que teria sido feito para uma empresa em um valor bem relevante. A nossa vis\u00e3o aqui \u00e9 que se algu\u00e9m fez alguma opera\u00e7\u00e3o errada [de JCP] &#8211; e n\u00e3o sei qual \u00e9 o caso e n\u00e3o farei ju\u00edzo de valor sobre a causa &#8211; acho que tem que atacar de forma implac\u00e1vel onde houve um exagero ou um excesso de &#8216;criatividade'&#8221;, comentou.<\/p>\n\n\n\n\t<div data-element=\"shortcode-read-more\" class=\"readToo\">\n\t\t\t\t<span class=\"readToo__title\">Leia mais<\/span>\n\t\t\t\t<ul class=\"readToo__list\">\n\t\t\t<li><a href=\"https:\/\/www.suno.com.br\/noticias\/ibovespa-hoje-08052023\/\">Ibovespa opera em alta, aos 106 mil pontos; Eletrobras (ELET3) cai com riscos de reestatiza\u00e7\u00e3o<\/a><\/li><li><a href=\"https:\/\/www.suno.com.br\/noticias\/btg-pactual-bpac11-lucro-resultado-balanco-1t23\/\">BTG Pactual (BPAC11) sobe lucro em 10%, para R$ 2,26 bilh\u00f5es<\/a><\/li><li><a href=\"https:\/\/www.suno.com.br\/noticias\/itau-unibanco-lucro-gerecial-1t23\/\">Ita\u00fa Unibanco (ITUB4) tem alta de 14% no lucro l\u00edquido do primeiro trimestre de 2023, para R$ 8,4 bilh\u00f5es<\/a><\/li><li><a href=\"https:\/\/www.suno.com.br\/noticias\/bradesco-bbdc4-expectativa-resultados-semestre\/\">Bradesco (BBDC4) espera n\u00fameros melhores no segundo semestre, ap\u00f3s primeiro trimestre &#8216;vol\u00e1til&#8217;<\/a><\/li>\t\t<\/ul>\n\t<\/div>\n\n\n\n\n<p>O CEO ainda relembrou que o <strong>JCP <\/strong>foi criado a fim de substituir a <a class=\"suno-keyword\" data-force=\"no\" data-priority=\"2\" href=\"https:\/\/www.suno.com.br\/artigos\/correcao-monetaria\/\" target=\"_blank\" rel=\"noopener\">corre\u00e7\u00e3o monet\u00e1ria<\/a> de balan\u00e7os, para &#8220;manter o poder de paridade do seu patrim\u00f4nio em um pa\u00eds inflacion\u00e1rio como o nosso&#8221;. <\/p>\n\n\n\n<p>Al\u00e9m disso, destacou que o setor em que o banco atua \u00e9 o &#8220;mais tributado do pa\u00eds&#8221;, com 45% de impostos dentre IR, contribui\u00e7\u00e3o social, PIS e Cofins sobre spread e outros tributos.<\/p>\n\n\n\n<p>&#8220;Temos que tomar cuidado com essas agendas de <a class=\"suno-keyword\" target=\"_blank\" data-force=\"no\" data-priority=\"1\" href=\"https:\/\/www.suno.com.br\/artigos\/curto-prazo\/\" rel=\"noopener\">curto prazo<\/a>, pois elas comprometem o crescimento da carteira de cr\u00e9dito e aumentam o spread no Brasil, e precisamos atacar o custo, justamente o contr\u00e1rio&#8221;, completou.<\/p>\n\n\n\n<h2 class=\"wp-block-heading\">Ita\u00fa fez ajustes de portf\u00f3lio para &#8216;atravessar inadimpl\u00eancia&#8217;<\/h2>\n\n\n\n<p>Sendo um tema amargo a concorrentes mais expostos ao varejo, a inadimpl\u00eancia tamb\u00e9m esteve dentre os temas centrais da teleconfer\u00eancia do Ita\u00fa. <\/p>\n\n\n\n<p>O CEO do banco, contudo, destacou que h\u00e1 um ajuste de portf\u00f3lio em curso na carteira de cr\u00e9dito, a fim de &#8216;calibrar o risco&#8217; e manter a resili\u00eancia no ambiente macroecon\u00f4mico atual.<\/p>\n\n\n\t<p>\n\t\t<a href=\"https:\/\/lp.suno.com.br\/suno-one\/?utm_campaign=_SNC6964518A_\" target=\"_blank\" data-element=\"shortcode-suno-banner\" title=\"Banner SUNO, clique e saiba mais\">\n\t\t\t<picture>\n\t\t\t\t<source media=\"(max-width: 500px)\" srcset=\"https:\/\/files.sunoresearch.com.br\/n\/uploads\/2025\/09\/400x300-Suno-One-png.webp\">\n\t\t\t\t<img class=\"newsContent__article__imgCapa newsContent__article__imgCapa--banner\"\n\t\t\t\t\tsrc=\"https:\/\/files.sunoresearch.com.br\/n\/uploads\/2025\/09\/1420x240-Suno-One-png.webp\"\n\t\t\t\t\tdata-promo-id=\"383121\"\t\t\t\t\t\t\t\t\t\twidth='1420' height='240'\t\t\t\t\talt=\"https:\/\/files.sunoresearch.com.br\/n\/uploads\/2025\/09\/1420x240-Suno-One-png.webp\"\n\t\t\t\t>\n\t\t\t<\/picture>\n\t\t<\/a>\n\t<\/p>\n\n\n\n\n\n<p>&#8220;Tem um trabalho de reposicionamento, migramos para um portf\u00f3lio mais garantido, com rentabilidade mais baixa por\u00e9m mais resiliente em um cen\u00e1rio de maior adversidade. L\u00e1 atr\u00e1s tivemos um ter\u00e7o do portf\u00f3lio em baixa renda, e agora reduzimos mais de 10 pontos percentuais nesse segmento&#8221;, disse Maluhy.<\/p>\n\n\n\n<p>&#8220;Olhando no varejo [de cr\u00e9dito] como um todo, a nossa expectativa \u00e9 de continuar atuando forte, mas n\u00e3o acho que volta para os patamares l\u00e1 de tr\u00e1s. Ainda temos uma agenda forte de efici\u00eancia. No fundo \u00e9 o que controlamos, sobretudo na <a class=\"suno-keyword\" data-force=\"no\" data-priority=\"1\" href=\"https:\/\/www.suno.com.br\/artigos\/pessoa-fisica\/\" target=\"_blank\" rel=\"noopener\">pessoa f\u00edsica<\/a>&#8220;, acrescentou.<\/p>\n\n\n\n<p>Atualmente o <a href=\"https:\/\/statusinvest.com.br\/acoes\/itub4\" target=\"_blank\" rel=\"noreferrer noopener\"><strong>ITUB4<\/strong><\/a> soma uma participa\u00e7\u00e3o de mercado (market share) de cerca de 30% &#8211; considerando a participa\u00e7\u00e3o do Banco Carrefour, o qual o Ita\u00fa det\u00e9m 49%.<\/p>\n\n\n\n<p>O <strong>CEO <\/strong>destacou que apesar das mudan\u00e7as no varejo, o perfil dos clientes sempre foi &#8220;de m\u00e9dia e alta renda, de um modo geral&#8221;.<\/p>\n\n\n\n<h2 class=\"wp-block-heading\">Menos ag\u00eancias e agenda de efici\u00eancia<\/h2>\n\n\n\n<p>Sobre as mudan\u00e7as estruturais do banco, que envolvem um corte de cerca de 1,5 mil ag\u00eancias desde meados de 2015, o CEO reiterou a inten\u00e7\u00e3o da casa em &#8220;seguir com a agenda de efici\u00eancia&#8221; e de ter em mente um modelo &#8216;phygital&#8217; &#8211; termo em ingl\u00eas que descreve um modelo de neg\u00f3cio que mescla o f\u00edsico e o digital.<\/p>\n\n\n\n<p>&#8220;Conseguimos atingir essa efici\u00eancia com uma <a class=\"suno-keyword\" target=\"_blank\" data-force=\"no\" data-priority=\"1\" href=\"https:\/\/www.suno.com.br\/artigos\/alavancagem-operacional\/\" rel=\"noopener\">alavancagem operacional<\/a>, tinha espa\u00e7o para isso. Em termos de redu\u00e7\u00e3o de ag\u00eancias, n\u00f3s reduzimos praticamente 1,5 mil ag\u00eancias desde meados de 2015. N\u00e3o \u00e9 um objetivo isolado, o objetivo \u00e9 atender melhor os nossos clientes, acreditamos muito em um modelo phygital&#8221;, comentou.<\/p>\n\n\n\n<p>No primeiro trimestre deste ano, o Ita\u00fa fechou 55 ag\u00eancias e chegou \u00e0 marca de 415 ag\u00eancias digitais, um &#8220;modelo diferente com custo baixo e hor\u00e1rio estendido&#8221;, segundo a gest\u00e3o atual.<\/p>\n\n\n\n<p>&#8220;H\u00e1 espa\u00e7o, continuaremos evoluindo e debru\u00e7ados sobre a agenda de efici\u00eancia. O topline vem forte, ajuda no \u00edndice, mas temos um olha para frente, o equil\u00edbrio tem que continuar se dando. Se o topline \u00e9 incerto, o custo \u00e9 certo. Continuaremos mergulhados nisso&#8221;, destacou o CEO do <strong>Ita\u00fa<\/strong>.<\/p>\n\n\n\t<p>\n\t\t<a href=\"https:\/\/lp.suno.com.br\/plataforma-de-controle-de-investimentos\/\" target=\"_blank\" data-element=\"shortcode-suno-banner\" title=\"Banner SUNO, clique e saiba mais\">\n\t\t\t<picture>\n\t\t\t\t<source media=\"(max-width: 500px)\" srcset=\"https:\/\/files.sunoresearch.com.br\/n\/uploads\/2023\/03\/400x300-Controle-de-Investimentos.png\">\n\t\t\t\t<img class=\"newsContent__article__imgCapa newsContent__article__imgCapa--banner\"\n\t\t\t\t\tsrc=\"https:\/\/files.sunoresearch.com.br\/n\/uploads\/2023\/03\/1420x240-Controle-de-Investimentos.png\"\n\t\t\t\t\tdata-promo-id=\"383162\"\t\t\t\t\t\t\t\t\t\twidth='1420' height='240'\t\t\t\t\talt=\"https:\/\/files.sunoresearch.com.br\/n\/uploads\/2023\/03\/1420x240-Controle-de-Investimentos.png\"\n\t\t\t\t>\n\t\t\t<\/picture>\n\t\t<\/a>\n\t<\/p>\n\n\n","protected":false},"excerpt":{"rendered":"<p>Em teleconfer\u00eancia com analistas ap\u00f3s reportar um lucro de R$ 8,4 bilh\u00f5es no primeiro trimestre deste ano, o CEO do Ita\u00fa (ITUB4), Milton Maluhy Filho, comentou que o banco &#8220;n\u00e3o ignora riscos&#8221; ao ser indagado sobre eventuais impactos tribut\u00e1rios e regulat\u00f3rios. Isso, considerando as propostas ventiladas em Bras\u00edlia que s\u00e3o temas caros ao Ita\u00fa e [&hellip;]<\/p>\n","protected":false},"author":73,"featured_media":401262,"comment_status":"closed","ping_status":"closed","sticky":false,"template":"","format":"standard","meta":[],"categories":[64],"tags":[1029,289,105816,519,1957,1607],"suno_strategy":[],"class_list":["post-401189","post","type-post","status-publish","format-standard","has-post-thumbnail","hentry","category-negocios","tag-balancos-trimestrais","tag-bancos","tag-especialistas","tag-itau-unibanco-itub3-itub4","tag-juros-sobre-capital-proprio-jcp","tag-resultado-das-empresas"],"yoast_head":"<!-- This site is optimized with the Yoast SEO plugin v24.4 - https:\/\/yoast.com\/wordpress\/plugins\/seo\/ -->\n<title>Como o Ita\u00fa (ITUB4) \u00e9 afetado pelo &#039;fim do JCP&#039; e o &#039;teto do rotativo&#039;?<\/title>\n<meta name=\"description\" content=\"Em teleconfer\u00eancia, CEO do Ita\u00fa destacou que h\u00e1 que se ter &#039;cautela com o curto prazo&#039; pois medidas podem aumentar o spread.\" \/>\n<meta name=\"robots\" content=\"index, follow, max-snippet:-1, max-image-preview:large, max-video-preview:-1\" \/>\n<link rel=\"canonical\" href=\"https:\/\/www.suno.com.br\/noticias\/como-o-itau-itub4-e-afetado-pelo-fim-do-jcp-e-o-teto-do-rotativo\/\" \/>\n<meta property=\"og:locale\" content=\"pt_BR\" \/>\n<meta property=\"og:type\" content=\"article\" \/>\n<meta property=\"og:title\" content=\"Como o Ita\u00fa (ITUB4) \u00e9 afetado pelo &#039;fim do JCP&#039; e o &#039;teto do rotativo&#039;?\" \/>\n<meta property=\"og:description\" content=\"Em teleconfer\u00eancia, CEO do Ita\u00fa destacou que h\u00e1 que se ter &#039;cautela com o curto prazo&#039; pois medidas podem aumentar o spread.\" \/>\n<meta property=\"og:url\" content=\"https:\/\/www.suno.com.br\/noticias\/como-o-itau-itub4-e-afetado-pelo-fim-do-jcp-e-o-teto-do-rotativo\/\" \/>\n<meta property=\"og:site_name\" content=\"Suno Not\u00edcias\" \/>\n<meta property=\"article:publisher\" content=\"https:\/\/facebook.com\/sunoresearch\" \/>\n<meta property=\"og:image\" content=\"https:\/\/files.sunoresearch.com.br\/n\/uploads\/2023\/05\/CEO-do-Itau.jpg\" \/>\n\t<meta property=\"og:image:width\" content=\"1366\" \/>\n\t<meta property=\"og:image:height\" content=\"768\" \/>\n\t<meta property=\"og:image:type\" content=\"image\/jpeg\" \/>\n<meta name=\"author\" content=\"Eduardo Vargas\" \/>\n<meta name=\"twitter:card\" content=\"summary_large_image\" \/>\n<meta name=\"twitter:creator\" content=\"@sunoresearch\" \/>\n<meta name=\"twitter:site\" content=\"@sunoresearch\" \/>\n<meta name=\"twitter:label1\" content=\"Escrito por\" \/>\n\t<meta name=\"twitter:data1\" content=\"Eduardo Vargas\" \/>\n\t<meta name=\"twitter:label2\" content=\"Est. tempo de leitura\" \/>\n\t<meta name=\"twitter:data2\" content=\"5 minutos\" \/>\n<script type=\"application\/ld+json\" class=\"yoast-schema-graph\">{\"@context\":\"https:\/\/schema.org\",\"@graph\":[{\"@type\":\"NewsArticle\",\"@id\":\"https:\/\/www.suno.com.br\/noticias\/como-o-itau-itub4-e-afetado-pelo-fim-do-jcp-e-o-teto-do-rotativo\/#article\",\"isPartOf\":{\"@id\":\"https:\/\/www.suno.com.br\/noticias\/como-o-itau-itub4-e-afetado-pelo-fim-do-jcp-e-o-teto-do-rotativo\/\"},\"author\":{\"name\":\"Eduardo Vargas\",\"@id\":\"https:\/\/www.suno.com.br\/noticias\/#\/schema\/person\/7f4d362bf3518e76090143ae77bb49a5\"},\"headline\":\"Como o Ita\u00fa (ITUB4) \u00e9 afetado pelo &#8216;fim do JCP&#8217; e o &#8216;teto do rotativo&#8217;?\",\"datePublished\":\"2023-05-08T15:57:49+00:00\",\"dateModified\":\"2023-05-08T15:57:57+00:00\",\"mainEntityOfPage\":{\"@id\":\"https:\/\/www.suno.com.br\/noticias\/como-o-itau-itub4-e-afetado-pelo-fim-do-jcp-e-o-teto-do-rotativo\/\"},\"wordCount\":946,\"publisher\":{\"@id\":\"https:\/\/www.suno.com.br\/noticias\/#organization\"},\"image\":{\"@id\":\"https:\/\/www.suno.com.br\/noticias\/como-o-itau-itub4-e-afetado-pelo-fim-do-jcp-e-o-teto-do-rotativo\/#primaryimage\"},\"thumbnailUrl\":\"https:\/\/files.sunoresearch.com.br\/n\/uploads\/2023\/05\/CEO-do-Itau.jpg\",\"keywords\":[\"balan\u00e7os trimestrais\",\"bancos\",\"Especialistas\",\"Ita\u00fa Unibanco (ITUB3\/ITUB4)\",\"juros sobre capital pr\u00f3prio (JCP)\",\"Resultado das empresas\"],\"articleSection\":[\"Neg\u00f3cios\"],\"inLanguage\":\"pt-BR\"},{\"@type\":\"WebPage\",\"@id\":\"https:\/\/www.suno.com.br\/noticias\/como-o-itau-itub4-e-afetado-pelo-fim-do-jcp-e-o-teto-do-rotativo\/\",\"url\":\"https:\/\/www.suno.com.br\/noticias\/como-o-itau-itub4-e-afetado-pelo-fim-do-jcp-e-o-teto-do-rotativo\/\",\"name\":\"Como o Ita\u00fa (ITUB4) \u00e9 afetado pelo 'fim do JCP' e o 'teto do rotativo'?\",\"isPartOf\":{\"@id\":\"https:\/\/www.suno.com.br\/noticias\/#website\"},\"primaryImageOfPage\":{\"@id\":\"https:\/\/www.suno.com.br\/noticias\/como-o-itau-itub4-e-afetado-pelo-fim-do-jcp-e-o-teto-do-rotativo\/#primaryimage\"},\"image\":{\"@id\":\"https:\/\/www.suno.com.br\/noticias\/como-o-itau-itub4-e-afetado-pelo-fim-do-jcp-e-o-teto-do-rotativo\/#primaryimage\"},\"thumbnailUrl\":\"https:\/\/files.sunoresearch.com.br\/n\/uploads\/2023\/05\/CEO-do-Itau.jpg\",\"datePublished\":\"2023-05-08T15:57:49+00:00\",\"dateModified\":\"2023-05-08T15:57:57+00:00\",\"description\":\"Em teleconfer\u00eancia, CEO do Ita\u00fa destacou que h\u00e1 que se ter 'cautela com o curto prazo' pois medidas podem aumentar o spread.\",\"breadcrumb\":{\"@id\":\"https:\/\/www.suno.com.br\/noticias\/como-o-itau-itub4-e-afetado-pelo-fim-do-jcp-e-o-teto-do-rotativo\/#breadcrumb\"},\"inLanguage\":\"pt-BR\",\"potentialAction\":[{\"@type\":\"ReadAction\",\"target\":[\"https:\/\/www.suno.com.br\/noticias\/como-o-itau-itub4-e-afetado-pelo-fim-do-jcp-e-o-teto-do-rotativo\/\"]}]},{\"@type\":\"ImageObject\",\"inLanguage\":\"pt-BR\",\"@id\":\"https:\/\/www.suno.com.br\/noticias\/como-o-itau-itub4-e-afetado-pelo-fim-do-jcp-e-o-teto-do-rotativo\/#primaryimage\",\"url\":\"https:\/\/files.sunoresearch.com.br\/n\/uploads\/2023\/05\/CEO-do-Itau.jpg\",\"contentUrl\":\"https:\/\/files.sunoresearch.com.br\/n\/uploads\/2023\/05\/CEO-do-Itau.jpg\",\"width\":1366,\"height\":768,\"caption\":\"O CEO do Ita\u00fa (ITUB4), Milton Maluhy Filho, em teleconfer\u00eancia de resultados - Foto: Reprodu\u00e7\u00e3o\/Ita\u00fa\"},{\"@type\":\"BreadcrumbList\",\"@id\":\"https:\/\/www.suno.com.br\/noticias\/como-o-itau-itub4-e-afetado-pelo-fim-do-jcp-e-o-teto-do-rotativo\/#breadcrumb\",\"itemListElement\":[{\"@type\":\"ListItem\",\"position\":1,\"name\":\"Not\u00edcias\",\"item\":\"https:\/\/www.suno.com.br\/noticias\/\"},{\"@type\":\"ListItem\",\"position\":2,\"name\":\"Neg\u00f3cios\",\"item\":\"https:\/\/www.suno.com.br\/noticias\/negocios\/\"},{\"@type\":\"ListItem\",\"position\":3,\"name\":\"Como o Ita\u00fa (ITUB4) \u00e9 afetado pelo &#8216;fim do JCP&#8217; e o &#8216;teto do rotativo&#8217;?\"}]},{\"@type\":\"WebSite\",\"@id\":\"https:\/\/www.suno.com.br\/noticias\/#website\",\"url\":\"https:\/\/www.suno.com.br\/noticias\/\",\"name\":\"Suno Not\u00edcias\",\"description\":\"Seu portal de informa\u00e7\u00e3o sobre o mundo dos investimentos\",\"publisher\":{\"@id\":\"https:\/\/www.suno.com.br\/noticias\/#organization\"},\"potentialAction\":[{\"@type\":\"SearchAction\",\"target\":{\"@type\":\"EntryPoint\",\"urlTemplate\":\"https:\/\/www.suno.com.br\/noticias\/?s={search_term_string}\"},\"query-input\":{\"@type\":\"PropertyValueSpecification\",\"valueRequired\":true,\"valueName\":\"search_term_string\"}}],\"inLanguage\":\"pt-BR\"},{\"@type\":\"Organization\",\"@id\":\"https:\/\/www.suno.com.br\/noticias\/#organization\",\"name\":\"Suno Not\u00edcias\",\"url\":\"https:\/\/www.suno.com.br\/noticias\/\",\"logo\":{\"@type\":\"ImageObject\",\"inLanguage\":\"pt-BR\",\"@id\":\"https:\/\/www.suno.com.br\/noticias\/#\/schema\/logo\/image\/\",\"url\":\"https:\/\/files.sunoresearch.com.br\/n\/uploads\/2021\/09\/suno-logo.png\",\"contentUrl\":\"https:\/\/files.sunoresearch.com.br\/n\/uploads\/2021\/09\/suno-logo.png\",\"width\":180,\"height\":180,\"caption\":\"Suno Not\u00edcias\"},\"image\":{\"@id\":\"https:\/\/www.suno.com.br\/noticias\/#\/schema\/logo\/image\/\"},\"sameAs\":[\"https:\/\/facebook.com\/sunoresearch\",\"https:\/\/x.com\/sunoresearch\",\"https:\/\/www.instagram.com\/suno\",\"https:\/\/www.linkedin.com\/company\/suno-research\/\",\"https:\/\/www.youtube.com\/c\/sunoresearch\"]},{\"@type\":\"Person\",\"@id\":\"https:\/\/www.suno.com.br\/noticias\/#\/schema\/person\/7f4d362bf3518e76090143ae77bb49a5\",\"name\":\"Eduardo Vargas\",\"image\":{\"@type\":\"ImageObject\",\"inLanguage\":\"pt-BR\",\"@id\":\"https:\/\/www.suno.com.br\/noticias\/#\/schema\/person\/image\/\",\"url\":\"https:\/\/secure.gravatar.com\/avatar\/dac340933427a22924c9f99d1eb2e3f2?s=96&r=g\",\"contentUrl\":\"https:\/\/secure.gravatar.com\/avatar\/dac340933427a22924c9f99d1eb2e3f2?s=96&r=g\",\"caption\":\"Eduardo Vargas\"},\"description\":\"Jornalista formado pela UFSC, cobre macroeconomia, neg\u00f3cios e startups para o Suno Not\u00edcias, escrevendo principalmente not\u00edcias sobre o mercado financeiro e a bolsa de valores. No YouTube e no Instagram, \u00e9 respons\u00e1vel pela produ\u00e7\u00e3o de Reels e Shorts do Suno Not\u00edcias. Anteriormente, trabalhou cobrindo economia e cotidiano no ND+ e para o ND, maior jornal impresso de Santa Catarina. Cursou um semestre letivo de Estudos de M\u00eddia na Universidad de Buenos Aires.\",\"url\":\"https:\/\/www.suno.com.br\/noticias\/author\/eduardo-vargas\/\"}]}<\/script>\n<!-- \/ Yoast SEO plugin. -->","yoast_head_json":{"title":"Como o Ita\u00fa (ITUB4) \u00e9 afetado pelo 'fim do JCP' e o 'teto do rotativo'?","description":"Em teleconfer\u00eancia, CEO do Ita\u00fa destacou que h\u00e1 que se ter 'cautela com o curto prazo' pois medidas podem aumentar o spread.","robots":{"index":"index","follow":"follow","max-snippet":"max-snippet:-1","max-image-preview":"max-image-preview:large","max-video-preview":"max-video-preview:-1"},"canonical":"https:\/\/www.suno.com.br\/noticias\/como-o-itau-itub4-e-afetado-pelo-fim-do-jcp-e-o-teto-do-rotativo\/","og_locale":"pt_BR","og_type":"article","og_title":"Como o Ita\u00fa (ITUB4) \u00e9 afetado pelo 'fim do JCP' e o 'teto do rotativo'?","og_description":"Em teleconfer\u00eancia, CEO do Ita\u00fa destacou que h\u00e1 que se ter 'cautela com o curto prazo' pois medidas podem aumentar o spread.","og_url":"https:\/\/www.suno.com.br\/noticias\/como-o-itau-itub4-e-afetado-pelo-fim-do-jcp-e-o-teto-do-rotativo\/","og_site_name":"Suno Not\u00edcias","article_publisher":"https:\/\/facebook.com\/sunoresearch","og_image":[{"width":1366,"height":768,"url":"https:\/\/files.sunoresearch.com.br\/n\/uploads\/2023\/05\/CEO-do-Itau.jpg","type":"image\/jpeg"}],"author":"Eduardo Vargas","twitter_card":"summary_large_image","twitter_creator":"@sunoresearch","twitter_site":"@sunoresearch","twitter_misc":{"Escrito por":"Eduardo Vargas","Est. tempo de leitura":"5 minutos"},"schema":{"@context":"https:\/\/schema.org","@graph":[{"@type":"NewsArticle","@id":"https:\/\/www.suno.com.br\/noticias\/como-o-itau-itub4-e-afetado-pelo-fim-do-jcp-e-o-teto-do-rotativo\/#article","isPartOf":{"@id":"https:\/\/www.suno.com.br\/noticias\/como-o-itau-itub4-e-afetado-pelo-fim-do-jcp-e-o-teto-do-rotativo\/"},"author":{"name":"Eduardo Vargas","@id":"https:\/\/www.suno.com.br\/noticias\/#\/schema\/person\/7f4d362bf3518e76090143ae77bb49a5"},"headline":"Como o Ita\u00fa (ITUB4) \u00e9 afetado pelo &#8216;fim do JCP&#8217; e o &#8216;teto do rotativo&#8217;?","datePublished":"2023-05-08T15:57:49+00:00","dateModified":"2023-05-08T15:57:57+00:00","mainEntityOfPage":{"@id":"https:\/\/www.suno.com.br\/noticias\/como-o-itau-itub4-e-afetado-pelo-fim-do-jcp-e-o-teto-do-rotativo\/"},"wordCount":946,"publisher":{"@id":"https:\/\/www.suno.com.br\/noticias\/#organization"},"image":{"@id":"https:\/\/www.suno.com.br\/noticias\/como-o-itau-itub4-e-afetado-pelo-fim-do-jcp-e-o-teto-do-rotativo\/#primaryimage"},"thumbnailUrl":"https:\/\/files.sunoresearch.com.br\/n\/uploads\/2023\/05\/CEO-do-Itau.jpg","keywords":["balan\u00e7os trimestrais","bancos","Especialistas","Ita\u00fa Unibanco (ITUB3\/ITUB4)","juros sobre capital pr\u00f3prio (JCP)","Resultado das empresas"],"articleSection":["Neg\u00f3cios"],"inLanguage":"pt-BR"},{"@type":"WebPage","@id":"https:\/\/www.suno.com.br\/noticias\/como-o-itau-itub4-e-afetado-pelo-fim-do-jcp-e-o-teto-do-rotativo\/","url":"https:\/\/www.suno.com.br\/noticias\/como-o-itau-itub4-e-afetado-pelo-fim-do-jcp-e-o-teto-do-rotativo\/","name":"Como o Ita\u00fa (ITUB4) \u00e9 afetado pelo 'fim do JCP' e o 'teto do rotativo'?","isPartOf":{"@id":"https:\/\/www.suno.com.br\/noticias\/#website"},"primaryImageOfPage":{"@id":"https:\/\/www.suno.com.br\/noticias\/como-o-itau-itub4-e-afetado-pelo-fim-do-jcp-e-o-teto-do-rotativo\/#primaryimage"},"image":{"@id":"https:\/\/www.suno.com.br\/noticias\/como-o-itau-itub4-e-afetado-pelo-fim-do-jcp-e-o-teto-do-rotativo\/#primaryimage"},"thumbnailUrl":"https:\/\/files.sunoresearch.com.br\/n\/uploads\/2023\/05\/CEO-do-Itau.jpg","datePublished":"2023-05-08T15:57:49+00:00","dateModified":"2023-05-08T15:57:57+00:00","description":"Em teleconfer\u00eancia, CEO do Ita\u00fa destacou que h\u00e1 que se ter 'cautela com o curto prazo' pois medidas podem aumentar o spread.","breadcrumb":{"@id":"https:\/\/www.suno.com.br\/noticias\/como-o-itau-itub4-e-afetado-pelo-fim-do-jcp-e-o-teto-do-rotativo\/#breadcrumb"},"inLanguage":"pt-BR","potentialAction":[{"@type":"ReadAction","target":["https:\/\/www.suno.com.br\/noticias\/como-o-itau-itub4-e-afetado-pelo-fim-do-jcp-e-o-teto-do-rotativo\/"]}]},{"@type":"ImageObject","inLanguage":"pt-BR","@id":"https:\/\/www.suno.com.br\/noticias\/como-o-itau-itub4-e-afetado-pelo-fim-do-jcp-e-o-teto-do-rotativo\/#primaryimage","url":"https:\/\/files.sunoresearch.com.br\/n\/uploads\/2023\/05\/CEO-do-Itau.jpg","contentUrl":"https:\/\/files.sunoresearch.com.br\/n\/uploads\/2023\/05\/CEO-do-Itau.jpg","width":1366,"height":768,"caption":"O CEO do Ita\u00fa (ITUB4), Milton Maluhy Filho, em teleconfer\u00eancia de resultados - Foto: Reprodu\u00e7\u00e3o\/Ita\u00fa"},{"@type":"BreadcrumbList","@id":"https:\/\/www.suno.com.br\/noticias\/como-o-itau-itub4-e-afetado-pelo-fim-do-jcp-e-o-teto-do-rotativo\/#breadcrumb","itemListElement":[{"@type":"ListItem","position":1,"name":"Not\u00edcias","item":"https:\/\/www.suno.com.br\/noticias\/"},{"@type":"ListItem","position":2,"name":"Neg\u00f3cios","item":"https:\/\/www.suno.com.br\/noticias\/negocios\/"},{"@type":"ListItem","position":3,"name":"Como o Ita\u00fa (ITUB4) \u00e9 afetado pelo &#8216;fim do JCP&#8217; e o &#8216;teto do rotativo&#8217;?"}]},{"@type":"WebSite","@id":"https:\/\/www.suno.com.br\/noticias\/#website","url":"https:\/\/www.suno.com.br\/noticias\/","name":"Suno Not\u00edcias","description":"Seu portal de informa\u00e7\u00e3o sobre o mundo dos investimentos","publisher":{"@id":"https:\/\/www.suno.com.br\/noticias\/#organization"},"potentialAction":[{"@type":"SearchAction","target":{"@type":"EntryPoint","urlTemplate":"https:\/\/www.suno.com.br\/noticias\/?s={search_term_string}"},"query-input":{"@type":"PropertyValueSpecification","valueRequired":true,"valueName":"search_term_string"}}],"inLanguage":"pt-BR"},{"@type":"Organization","@id":"https:\/\/www.suno.com.br\/noticias\/#organization","name":"Suno Not\u00edcias","url":"https:\/\/www.suno.com.br\/noticias\/","logo":{"@type":"ImageObject","inLanguage":"pt-BR","@id":"https:\/\/www.suno.com.br\/noticias\/#\/schema\/logo\/image\/","url":"https:\/\/files.sunoresearch.com.br\/n\/uploads\/2021\/09\/suno-logo.png","contentUrl":"https:\/\/files.sunoresearch.com.br\/n\/uploads\/2021\/09\/suno-logo.png","width":180,"height":180,"caption":"Suno Not\u00edcias"},"image":{"@id":"https:\/\/www.suno.com.br\/noticias\/#\/schema\/logo\/image\/"},"sameAs":["https:\/\/facebook.com\/sunoresearch","https:\/\/x.com\/sunoresearch","https:\/\/www.instagram.com\/suno","https:\/\/www.linkedin.com\/company\/suno-research\/","https:\/\/www.youtube.com\/c\/sunoresearch"]},{"@type":"Person","@id":"https:\/\/www.suno.com.br\/noticias\/#\/schema\/person\/7f4d362bf3518e76090143ae77bb49a5","name":"Eduardo Vargas","image":{"@type":"ImageObject","inLanguage":"pt-BR","@id":"https:\/\/www.suno.com.br\/noticias\/#\/schema\/person\/image\/","url":"https:\/\/secure.gravatar.com\/avatar\/dac340933427a22924c9f99d1eb2e3f2?s=96&r=g","contentUrl":"https:\/\/secure.gravatar.com\/avatar\/dac340933427a22924c9f99d1eb2e3f2?s=96&r=g","caption":"Eduardo Vargas"},"description":"Jornalista formado pela UFSC, cobre macroeconomia, neg\u00f3cios e startups para o Suno Not\u00edcias, escrevendo principalmente not\u00edcias sobre o mercado financeiro e a bolsa de valores. No YouTube e no Instagram, \u00e9 respons\u00e1vel pela produ\u00e7\u00e3o de Reels e Shorts do Suno Not\u00edcias. Anteriormente, trabalhou cobrindo economia e cotidiano no ND+ e para o ND, maior jornal impresso de Santa Catarina. Cursou um semestre letivo de Estudos de M\u00eddia na Universidad de Buenos Aires.","url":"https:\/\/www.suno.com.br\/noticias\/author\/eduardo-vargas\/"}]}},"default_loop_html":"<div class=\"cardsPage__listCard__boxs\"><div class=\"cardsPage__listCard__boxs__img\"><a href=\"https:\/\/www.suno.com.br\/noticias\/como-o-itau-itub4-e-afetado-pelo-fim-do-jcp-e-o-teto-do-rotativo\/\"><img class=\"mask\" src=\"https:\/\/www.suno.com.br\/noticias\/wp-content\/themes\/suno\/resources\/images\/spotlight\/spotlight1img\/bg-mask.png\" alt=\"Image Mask\"\/><img src=\"https:\/\/files.sunoresearch.com.br\/n\/uploads\/2023\/05\/CEO-do-Itau-400x200.jpg\" alt=\"Como o Ita\u00fa (ITUB4) \u00e9 afetado pelo &#8216;fim do JCP&#8217; e o &#8216;teto do rotativo&#8217;?\"\/><\/a><span class=\"spotlightCategory\"><a href=\"https:\/\/www.suno.com.br\/noticias\/negocios\/\">Neg\u00f3cios<\/a><\/span><\/div><div class=\"cardsPage__listCard__boxs__content\"><a href=\"https:\/\/www.suno.com.br\/noticias\/como-o-itau-itub4-e-afetado-pelo-fim-do-jcp-e-o-teto-do-rotativo\/\"><h2 class=\"content__title\">Como o Ita\u00fa (ITUB4) \u00e9 afetado pelo &#8216;fim do JCP&#8217; e o &#8216;teto do rotativo&#8217;?<\/h2><\/a><div class=\"newsContent__article__meta\"><div class=\"newsContent__article__meta__authorBox\"><a href=\"https:\/\/www.suno.com.br\/noticias\/author\/joao-vitor-jacintho\/\" class=\"authorBox__avatar noMobi\"><img src=\"https:\/\/secure.gravatar.com\/avatar\/2843227ca03ccf8cc7ccca45204c127e?s=96&#038;r=g\" alt=\"Jo\u00e3o Vitor Jacintho\"><\/a><div class=\"authorBox__name\"><span>por\n\t\t\t<a href=\"https:\/\/www.suno.com.br\/noticias\/author\/joao-vitor-jacintho\/\"><span itemprop=\"author\">Jo\u00e3o Vitor Jacintho<\/span><\/a><\/span><time datetime=\"2023-05-08T12:57:49-03:00\" itemprop=\"datePublished\">08\/05\/2023 12:57<\/time><\/div><\/div><\/div><\/div><\/div>","single_layout":"posts","amp_enabled":true,"_links":{"self":[{"href":"https:\/\/www.suno.com.br\/noticias\/wp-json\/wp\/v2\/posts\/401189"}],"collection":[{"href":"https:\/\/www.suno.com.br\/noticias\/wp-json\/wp\/v2\/posts"}],"about":[{"href":"https:\/\/www.suno.com.br\/noticias\/wp-json\/wp\/v2\/types\/post"}],"author":[{"embeddable":true,"href":"https:\/\/www.suno.com.br\/noticias\/wp-json\/wp\/v2\/users\/73"}],"replies":[{"embeddable":true,"href":"https:\/\/www.suno.com.br\/noticias\/wp-json\/wp\/v2\/comments?post=401189"}],"version-history":[{"count":3,"href":"https:\/\/www.suno.com.br\/noticias\/wp-json\/wp\/v2\/posts\/401189\/revisions"}],"predecessor-version":[{"id":401310,"href":"https:\/\/www.suno.com.br\/noticias\/wp-json\/wp\/v2\/posts\/401189\/revisions\/401310"}],"wp:featuredmedia":[{"embeddable":true,"href":"https:\/\/www.suno.com.br\/noticias\/wp-json\/wp\/v2\/media\/401262"}],"wp:attachment":[{"href":"https:\/\/www.suno.com.br\/noticias\/wp-json\/wp\/v2\/media?parent=401189"}],"wp:term":[{"taxonomy":"category","embeddable":true,"href":"https:\/\/www.suno.com.br\/noticias\/wp-json\/wp\/v2\/categories?post=401189"},{"taxonomy":"post_tag","embeddable":true,"href":"https:\/\/www.suno.com.br\/noticias\/wp-json\/wp\/v2\/tags?post=401189"},{"taxonomy":"suno_strategy","embeddable":true,"href":"https:\/\/www.suno.com.br\/noticias\/wp-json\/wp\/v2\/suno_strategy?post=401189"}],"curies":[{"name":"wp","href":"https:\/\/api.w.org\/{rel}","templated":true}]}}