{"id":4009,"date":"2018-09-17T11:10:30","date_gmt":"2018-09-17T14:10:30","guid":{"rendered":"https:\/\/www.suno.com.br\/noticias\/?p=4009"},"modified":"2018-09-17T11:36:04","modified_gmt":"2018-09-17T14:36:04","slug":"pesquisa-cnt-mda-bolsonaro","status":"publish","type":"post","link":"https:\/\/www.suno.com.br\/noticias\/pesquisa-cnt-mda-bolsonaro\/","title":{"rendered":"Pesquisa CNT\/MDA mostra Bolsonaro na lideran\u00e7a com 28,2% e Haddad em segundo com 17,6%"},"content":{"rendered":"<p>Lan\u00e7ada na manh\u00e3 de hoje por volta das 11h, a pesquisa CNT\/MDA mostra um cen\u00e1rio que levaria Jair Bolsonaro (PSL) e Fernando Haddad (PT) ao segundo turno. O deputado tem 28,2% das inten\u00e7\u00f5es de voto contra 17,6% do ex-prefeito petista.<\/p>\t<div class=\"wrapper-featured-image\">\n\t\t<figure class=\"spotlightImg\">\n\n\t\t\t<picture>\n\t\t\t\t<source media=\"(max-width: 768px)\" srcset=\"https:\/\/files.sunoresearch.com.br\/n\/uploads\/2018\/09\/587b14f4-datafolha-400x200.webp\">\n\t\t\t\t<img loading=\"lazy\" decoding=\"async\" class=\"newsContent__article__imgCapa lazyloadDisabled newsContent__article__imgCapa--noCaption\" src=\"https:\/\/files.sunoresearch.com.br\/n\/uploads\/2018\/09\/587b14f4-datafolha-800x450.webp\" width=\"800\" height=\"450\" alt=\"Pesquisa CNT\/MDA mostra Bolsonaro na lideran\u00e7a com 28,2% e Haddad em segundo com 17,6%\" fetchpriority=high \/>\n\t\t\t<\/picture>\n\n\t\t\t<figcaption class=\"wp-caption-text wp-caption-text--hide\"><\/figcaption>\n\t\t<\/figure>\n\t<\/div>\n\n\n<p>Diferente de levantamentos anteriores, os candidatos apresentam maior separa\u00e7\u00e3o entre si. Ciro Gomes (PDT) aparece em terceiro com 10,8% das inten\u00e7\u00f5es de voto. Geraldo Alckmin (PSDB) tem 6,1%. Marina Silva (Rede) aparece com 4,1%. Jo\u00e3o Amo\u00eado (Novo) tem 2,8%. Henrique Meirelles (MDB) aparece com 1,7%. Cabo Daciolo (Patriotas), Vera L\u00facia (PSTU) e Guilherme Boulos (PSOL) aparecem com menos de um ponto. Os outros candidatos n\u00e3o pontuaram. 13,4% dos entrevistados disseram que votariam em branco ou nulo e 12,3% se disseram indecisos.<\/p>\n<p>Na pesquisa espont\u00e2nea, em que os eleitores n\u00e3o recebem uma lista de candidatos no momento de responder, Lula continua aparecendo com 7,5% das inten\u00e7\u00f5es de voto, ocupando a terceira coloca\u00e7\u00e3o. Nesse caso, Bolsonaro tem 23,7% das inten\u00e7\u00f5es de voto e Haddad, 9,1%. Os que se dizem indecisos, nessa modalidade de pesquisa, somam 31,3% do total.<\/p>\n<p>O levantamento pesquisou as inten\u00e7\u00f5es de voto em 15 cen\u00e1rios diferentes de segundo turno, incluindo disputas duvidosas como, por exemplo, Geraldo Alckmin contra Henrique Meirelles.<\/p>\n<p>Entre os embates mais prov\u00e1veis, envolvendo Jair Bolsonaro, o deputado perderia somente para Ciro Gomes, que tem 37,8% das inten\u00e7\u00f5es contra 36,1% do candidato do PSL. J\u00e1 contra Haddad, Bolsonaro aparece com 39% contra 35,7% do petista. Contra Marina Silva, o deputado tem 39,4% das inten\u00e7\u00f5es contra 28,2% da ex-senadora. Numa poss\u00edvel disputa entre Haddad e Ciro Gomes, o candidato do PDT venceria de 38,1% a 26,1% do petista.<\/p>\n<p>A pesquisa ainda fez perguntas eleitorais de cunho mais geral:<\/p>\n<p>23,7% dos entrevistados se dizem muito interessados na elei\u00e7\u00e3o deste ano para presidente da Rep\u00fablica. O restante tem m\u00e9dio (26,0%), pouco (24,9%) ou nenhum interesse (24,8%) no processo eleitoral. 0,6% n\u00e3o sabem\/n\u00e3o responderam.<\/p>\n<p>Os meios de comunica\u00e7\u00e3o que mais influenciam os entrevistados na escolha sobre em quem votar s\u00e3o: televis\u00e3o\/r\u00e1dio (44,8%); internet\/redes sociais (27,6%); 25,7% responderam que nenhum desses influencia.<\/p>\n<p>Em rela\u00e7\u00e3o ao resultado da elei\u00e7\u00e3o para presidente da Rep\u00fablica, para 40,4%, ser\u00e1 leg\u00edtimo e traduzir\u00e1 a vontade popular; para 30,8%, ser\u00e1 apenas parcialmente leg\u00edtimo devido ao processo eleitoral turbulento; para 16,8%, n\u00e3o ser\u00e1 leg\u00edtimo.<\/p>\n<p>Al\u00e9m das perguntas eleitorais, os entrevistados tamb\u00e9m avaliaram o desempenho do governo atual. Sobre o governo de Michel Temer, 2,5% dos entrevistados disseram v\u00ea-lo como positivo, contra 81,5% que o veem como negativo.<\/p>\n<p>A pesquisa foi registrada no TSE (Tribunal Superior Eleitoral) sob o n\u00famero BR-04362\/2018 e ouviu 2.002 pessoas, em 137 munic\u00edpios de 25 Unidades da Federa\u00e7\u00e3o.<\/p>\n<p>Na \u00faltima pesquisa CNT\/MDA, divulgada no dia 20 de agosto, Lula ainda aparecia como candidato e estava na frente, com 37,3% das inten\u00e7\u00f5es de voto. Jair Bolsonaro (PSL) aparecia com 18,8%, Marina Silva (Rede) tinha 5,6% e Geraldo Alckmin (PSDB) tinha 4,9%. Ciro Gomes (PDT) apresentava 4,1% e \u00c1lvaro Dias (Podemos) aparecia com 2,7%.<\/p>\n","protected":false},"excerpt":{"rendered":"<p>Lan\u00e7ada na manh\u00e3 de hoje por volta das 11h, a pesquisa CNT\/MDA mostra um cen\u00e1rio que levaria Jair Bolsonaro (PSL) e Fernando Haddad (PT) ao segundo turno. O deputado tem 28,2% das inten\u00e7\u00f5es de voto contra 17,6% do ex-prefeito petista. Diferente de levantamentos anteriores, os candidatos apresentam maior separa\u00e7\u00e3o entre si. Ciro Gomes (PDT) aparece [&hellip;]<\/p>\n","protected":false},"author":5,"featured_media":3955,"comment_status":"closed","ping_status":"closed","sticky":false,"template":"","format":"standard","meta":[],"categories":[61],"tags":[697],"suno_strategy":[],"class_list":["post-4009","post","type-post","status-publish","format-standard","has-post-thumbnail","hentry","category-politica","tag-eleicoes"],"yoast_head":"<!-- This site is optimized with the Yoast SEO plugin v24.4 - https:\/\/yoast.com\/wordpress\/plugins\/seo\/ -->\n<title>Pesquisa CNT\/MDA mostra Bolsonaro na lideran\u00e7a com 28,2% e Haddad em segundo com 17,6%<\/title>\n<meta name=\"description\" content=\"Pesquisa mostra um destrinchamento dos candidatos que disputam um lugar no segundo turno. Ciro aparece em terceiro. Clique para saber mais.\" \/>\n<meta name=\"robots\" content=\"index, follow, max-snippet:-1, max-image-preview:large, max-video-preview:-1\" \/>\n<link rel=\"canonical\" href=\"https:\/\/www.suno.com.br\/noticias\/pesquisa-cnt-mda-bolsonaro\/\" \/>\n<meta property=\"og:locale\" content=\"pt_BR\" \/>\n<meta property=\"og:type\" content=\"article\" \/>\n<meta property=\"og:title\" content=\"Pesquisa CNT\/MDA mostra Bolsonaro na lideran\u00e7a com 28,2% e Haddad em segundo com 17,6%\" \/>\n<meta property=\"og:description\" content=\"Pesquisa mostra um destrinchamento dos candidatos que disputam um lugar no segundo turno. Ciro aparece em terceiro. Clique para saber mais.\" \/>\n<meta property=\"og:url\" content=\"https:\/\/www.suno.com.br\/noticias\/pesquisa-cnt-mda-bolsonaro\/\" \/>\n<meta property=\"og:site_name\" content=\"Suno Not\u00edcias\" \/>\n<meta property=\"article:publisher\" content=\"https:\/\/facebook.com\/sunoresearch\" \/>\n<meta property=\"article:author\" content=\"https:\/\/www.linkedin.com\/in\/daniel-quandt-a49985110\/\" \/>\n<meta property=\"og:image\" content=\"https:\/\/files.sunoresearch.com.br\/n\/uploads\/2018\/09\/587b14f4-datafolha.jpg\" \/>\n\t<meta property=\"og:image:width\" content=\"2560\" \/>\n\t<meta property=\"og:image:height\" content=\"1707\" \/>\n\t<meta property=\"og:image:type\" content=\"image\/jpeg\" \/>\n<meta name=\"author\" content=\"Daniel Quandt\" \/>\n<meta name=\"twitter:card\" content=\"summary_large_image\" \/>\n<meta name=\"twitter:creator\" content=\"@sunoresearch\" \/>\n<meta name=\"twitter:site\" content=\"@sunoresearch\" \/>\n<meta name=\"twitter:label1\" content=\"Escrito por\" \/>\n\t<meta name=\"twitter:data1\" content=\"Daniel Quandt\" \/>\n\t<meta name=\"twitter:label2\" content=\"Est. tempo de leitura\" \/>\n\t<meta name=\"twitter:data2\" content=\"2 minutos\" \/>\n<script type=\"application\/ld+json\" class=\"yoast-schema-graph\">{\"@context\":\"https:\/\/schema.org\",\"@graph\":[{\"@type\":\"NewsArticle\",\"@id\":\"https:\/\/www.suno.com.br\/noticias\/pesquisa-cnt-mda-bolsonaro\/#article\",\"isPartOf\":{\"@id\":\"https:\/\/www.suno.com.br\/noticias\/pesquisa-cnt-mda-bolsonaro\/\"},\"author\":{\"name\":\"Daniel Quandt\",\"@id\":\"https:\/\/www.suno.com.br\/noticias\/#\/schema\/person\/eca2bab82984722db00d1e6facd8bb26\"},\"headline\":\"Pesquisa CNT\/MDA mostra Bolsonaro na lideran\u00e7a com 28,2% e Haddad em segundo com 17,6%\",\"datePublished\":\"2018-09-17T14:10:30+00:00\",\"dateModified\":\"2018-09-17T14:36:04+00:00\",\"mainEntityOfPage\":{\"@id\":\"https:\/\/www.suno.com.br\/noticias\/pesquisa-cnt-mda-bolsonaro\/\"},\"wordCount\":504,\"publisher\":{\"@id\":\"https:\/\/www.suno.com.br\/noticias\/#organization\"},\"image\":{\"@id\":\"https:\/\/www.suno.com.br\/noticias\/pesquisa-cnt-mda-bolsonaro\/#primaryimage\"},\"thumbnailUrl\":\"https:\/\/files.sunoresearch.com.br\/n\/uploads\/2018\/09\/587b14f4-datafolha-jpg.webp\",\"keywords\":[\"Elei\u00e7\u00f5es\"],\"articleSection\":[\"Pol\u00edtica\"],\"inLanguage\":\"pt-BR\"},{\"@type\":\"WebPage\",\"@id\":\"https:\/\/www.suno.com.br\/noticias\/pesquisa-cnt-mda-bolsonaro\/\",\"url\":\"https:\/\/www.suno.com.br\/noticias\/pesquisa-cnt-mda-bolsonaro\/\",\"name\":\"Pesquisa CNT\/MDA mostra Bolsonaro na lideran\u00e7a com 28,2% e Haddad em segundo com 17,6%\",\"isPartOf\":{\"@id\":\"https:\/\/www.suno.com.br\/noticias\/#website\"},\"primaryImageOfPage\":{\"@id\":\"https:\/\/www.suno.com.br\/noticias\/pesquisa-cnt-mda-bolsonaro\/#primaryimage\"},\"image\":{\"@id\":\"https:\/\/www.suno.com.br\/noticias\/pesquisa-cnt-mda-bolsonaro\/#primaryimage\"},\"thumbnailUrl\":\"https:\/\/files.sunoresearch.com.br\/n\/uploads\/2018\/09\/587b14f4-datafolha-jpg.webp\",\"datePublished\":\"2018-09-17T14:10:30+00:00\",\"dateModified\":\"2018-09-17T14:36:04+00:00\",\"description\":\"Pesquisa mostra um destrinchamento dos candidatos que disputam um lugar no segundo turno. Ciro aparece em terceiro. Clique para saber mais.\",\"breadcrumb\":{\"@id\":\"https:\/\/www.suno.com.br\/noticias\/pesquisa-cnt-mda-bolsonaro\/#breadcrumb\"},\"inLanguage\":\"pt-BR\",\"potentialAction\":[{\"@type\":\"ReadAction\",\"target\":[\"https:\/\/www.suno.com.br\/noticias\/pesquisa-cnt-mda-bolsonaro\/\"]}]},{\"@type\":\"ImageObject\",\"inLanguage\":\"pt-BR\",\"@id\":\"https:\/\/www.suno.com.br\/noticias\/pesquisa-cnt-mda-bolsonaro\/#primaryimage\",\"url\":\"https:\/\/files.sunoresearch.com.br\/n\/uploads\/2018\/09\/587b14f4-datafolha-jpg.webp\",\"contentUrl\":\"https:\/\/files.sunoresearch.com.br\/n\/uploads\/2018\/09\/587b14f4-datafolha-jpg.webp\",\"width\":2560,\"height\":1707},{\"@type\":\"BreadcrumbList\",\"@id\":\"https:\/\/www.suno.com.br\/noticias\/pesquisa-cnt-mda-bolsonaro\/#breadcrumb\",\"itemListElement\":[{\"@type\":\"ListItem\",\"position\":1,\"name\":\"Not\u00edcias\",\"item\":\"https:\/\/www.suno.com.br\/noticias\/\"},{\"@type\":\"ListItem\",\"position\":2,\"name\":\"Pol\u00edtica\",\"item\":\"https:\/\/www.suno.com.br\/noticias\/politica\/\"},{\"@type\":\"ListItem\",\"position\":3,\"name\":\"Pesquisa CNT\/MDA mostra Bolsonaro na lideran\u00e7a com 28,2% e Haddad em segundo com 17,6%\"}]},{\"@type\":\"WebSite\",\"@id\":\"https:\/\/www.suno.com.br\/noticias\/#website\",\"url\":\"https:\/\/www.suno.com.br\/noticias\/\",\"name\":\"Suno Not\u00edcias\",\"description\":\"Seu portal de informa\u00e7\u00e3o sobre o mundo dos investimentos\",\"publisher\":{\"@id\":\"https:\/\/www.suno.com.br\/noticias\/#organization\"},\"potentialAction\":[{\"@type\":\"SearchAction\",\"target\":{\"@type\":\"EntryPoint\",\"urlTemplate\":\"https:\/\/www.suno.com.br\/noticias\/?s={search_term_string}\"},\"query-input\":{\"@type\":\"PropertyValueSpecification\",\"valueRequired\":true,\"valueName\":\"search_term_string\"}}],\"inLanguage\":\"pt-BR\"},{\"@type\":\"Organization\",\"@id\":\"https:\/\/www.suno.com.br\/noticias\/#organization\",\"name\":\"Suno Not\u00edcias\",\"url\":\"https:\/\/www.suno.com.br\/noticias\/\",\"logo\":{\"@type\":\"ImageObject\",\"inLanguage\":\"pt-BR\",\"@id\":\"https:\/\/www.suno.com.br\/noticias\/#\/schema\/logo\/image\/\",\"url\":\"https:\/\/files.sunoresearch.com.br\/n\/uploads\/2021\/09\/suno-logo.png\",\"contentUrl\":\"https:\/\/files.sunoresearch.com.br\/n\/uploads\/2021\/09\/suno-logo.png\",\"width\":180,\"height\":180,\"caption\":\"Suno Not\u00edcias\"},\"image\":{\"@id\":\"https:\/\/www.suno.com.br\/noticias\/#\/schema\/logo\/image\/\"},\"sameAs\":[\"https:\/\/facebook.com\/sunoresearch\",\"https:\/\/x.com\/sunoresearch\",\"https:\/\/www.instagram.com\/suno\",\"https:\/\/www.linkedin.com\/company\/suno-research\/\",\"https:\/\/www.youtube.com\/c\/sunoresearch\"]},{\"@type\":\"Person\",\"@id\":\"https:\/\/www.suno.com.br\/noticias\/#\/schema\/person\/eca2bab82984722db00d1e6facd8bb26\",\"name\":\"Daniel Quandt\",\"image\":{\"@type\":\"ImageObject\",\"inLanguage\":\"pt-BR\",\"@id\":\"https:\/\/www.suno.com.br\/noticias\/#\/schema\/person\/image\/\",\"url\":\"https:\/\/secure.gravatar.com\/avatar\/5faf4378f9fbf4557a5836a88d66f99a?s=96&r=g\",\"contentUrl\":\"https:\/\/secure.gravatar.com\/avatar\/5faf4378f9fbf4557a5836a88d66f99a?s=96&r=g\",\"caption\":\"Daniel Quandt\"},\"description\":\"Aluno da Universidade de S\u00e3o Paulo, Daniel Quandt escreve sobre economia, mercado financeiro e pol\u00edtica no portal da Suno Research. J\u00e1 passou pela Ag\u00eancia USP de Inova\u00e7\u00e3o e pela startup de v\u00eddeo em blockchain Paratii, desenvolvendo seu conhecimento da aplica\u00e7\u00e3o de tecnologia de ponta ao mercado.\",\"sameAs\":[\"https:\/\/www.suno.com.br\/\",\"https:\/\/www.linkedin.com\/in\/daniel-quandt-a49985110\/\"],\"url\":\"https:\/\/www.suno.com.br\/noticias\/author\/daniel-quandt\/\"}]}<\/script>\n<!-- \/ Yoast SEO plugin. -->","yoast_head_json":{"title":"Pesquisa CNT\/MDA mostra Bolsonaro na lideran\u00e7a com 28,2% e Haddad em segundo com 17,6%","description":"Pesquisa mostra um destrinchamento dos candidatos que disputam um lugar no segundo turno. Ciro aparece em terceiro. Clique para saber mais.","robots":{"index":"index","follow":"follow","max-snippet":"max-snippet:-1","max-image-preview":"max-image-preview:large","max-video-preview":"max-video-preview:-1"},"canonical":"https:\/\/www.suno.com.br\/noticias\/pesquisa-cnt-mda-bolsonaro\/","og_locale":"pt_BR","og_type":"article","og_title":"Pesquisa CNT\/MDA mostra Bolsonaro na lideran\u00e7a com 28,2% e Haddad em segundo com 17,6%","og_description":"Pesquisa mostra um destrinchamento dos candidatos que disputam um lugar no segundo turno. Ciro aparece em terceiro. Clique para saber mais.","og_url":"https:\/\/www.suno.com.br\/noticias\/pesquisa-cnt-mda-bolsonaro\/","og_site_name":"Suno Not\u00edcias","article_publisher":"https:\/\/facebook.com\/sunoresearch","article_author":"https:\/\/www.linkedin.com\/in\/daniel-quandt-a49985110\/","og_image":[{"width":2560,"height":1707,"url":"https:\/\/files.sunoresearch.com.br\/n\/uploads\/2018\/09\/587b14f4-datafolha.jpg","type":"image\/jpeg"}],"author":"Daniel Quandt","twitter_card":"summary_large_image","twitter_creator":"@sunoresearch","twitter_site":"@sunoresearch","twitter_misc":{"Escrito por":"Daniel Quandt","Est. tempo de leitura":"2 minutos"},"schema":{"@context":"https:\/\/schema.org","@graph":[{"@type":"NewsArticle","@id":"https:\/\/www.suno.com.br\/noticias\/pesquisa-cnt-mda-bolsonaro\/#article","isPartOf":{"@id":"https:\/\/www.suno.com.br\/noticias\/pesquisa-cnt-mda-bolsonaro\/"},"author":{"name":"Daniel Quandt","@id":"https:\/\/www.suno.com.br\/noticias\/#\/schema\/person\/eca2bab82984722db00d1e6facd8bb26"},"headline":"Pesquisa CNT\/MDA mostra Bolsonaro na lideran\u00e7a com 28,2% e Haddad em segundo com 17,6%","datePublished":"2018-09-17T14:10:30+00:00","dateModified":"2018-09-17T14:36:04+00:00","mainEntityOfPage":{"@id":"https:\/\/www.suno.com.br\/noticias\/pesquisa-cnt-mda-bolsonaro\/"},"wordCount":504,"publisher":{"@id":"https:\/\/www.suno.com.br\/noticias\/#organization"},"image":{"@id":"https:\/\/www.suno.com.br\/noticias\/pesquisa-cnt-mda-bolsonaro\/#primaryimage"},"thumbnailUrl":"https:\/\/files.sunoresearch.com.br\/n\/uploads\/2018\/09\/587b14f4-datafolha-jpg.webp","keywords":["Elei\u00e7\u00f5es"],"articleSection":["Pol\u00edtica"],"inLanguage":"pt-BR"},{"@type":"WebPage","@id":"https:\/\/www.suno.com.br\/noticias\/pesquisa-cnt-mda-bolsonaro\/","url":"https:\/\/www.suno.com.br\/noticias\/pesquisa-cnt-mda-bolsonaro\/","name":"Pesquisa CNT\/MDA mostra Bolsonaro na lideran\u00e7a com 28,2% e Haddad em segundo com 17,6%","isPartOf":{"@id":"https:\/\/www.suno.com.br\/noticias\/#website"},"primaryImageOfPage":{"@id":"https:\/\/www.suno.com.br\/noticias\/pesquisa-cnt-mda-bolsonaro\/#primaryimage"},"image":{"@id":"https:\/\/www.suno.com.br\/noticias\/pesquisa-cnt-mda-bolsonaro\/#primaryimage"},"thumbnailUrl":"https:\/\/files.sunoresearch.com.br\/n\/uploads\/2018\/09\/587b14f4-datafolha-jpg.webp","datePublished":"2018-09-17T14:10:30+00:00","dateModified":"2018-09-17T14:36:04+00:00","description":"Pesquisa mostra um destrinchamento dos candidatos que disputam um lugar no segundo turno. Ciro aparece em terceiro. Clique para saber mais.","breadcrumb":{"@id":"https:\/\/www.suno.com.br\/noticias\/pesquisa-cnt-mda-bolsonaro\/#breadcrumb"},"inLanguage":"pt-BR","potentialAction":[{"@type":"ReadAction","target":["https:\/\/www.suno.com.br\/noticias\/pesquisa-cnt-mda-bolsonaro\/"]}]},{"@type":"ImageObject","inLanguage":"pt-BR","@id":"https:\/\/www.suno.com.br\/noticias\/pesquisa-cnt-mda-bolsonaro\/#primaryimage","url":"https:\/\/files.sunoresearch.com.br\/n\/uploads\/2018\/09\/587b14f4-datafolha-jpg.webp","contentUrl":"https:\/\/files.sunoresearch.com.br\/n\/uploads\/2018\/09\/587b14f4-datafolha-jpg.webp","width":2560,"height":1707},{"@type":"BreadcrumbList","@id":"https:\/\/www.suno.com.br\/noticias\/pesquisa-cnt-mda-bolsonaro\/#breadcrumb","itemListElement":[{"@type":"ListItem","position":1,"name":"Not\u00edcias","item":"https:\/\/www.suno.com.br\/noticias\/"},{"@type":"ListItem","position":2,"name":"Pol\u00edtica","item":"https:\/\/www.suno.com.br\/noticias\/politica\/"},{"@type":"ListItem","position":3,"name":"Pesquisa CNT\/MDA mostra Bolsonaro na lideran\u00e7a com 28,2% e Haddad em segundo com 17,6%"}]},{"@type":"WebSite","@id":"https:\/\/www.suno.com.br\/noticias\/#website","url":"https:\/\/www.suno.com.br\/noticias\/","name":"Suno Not\u00edcias","description":"Seu portal de informa\u00e7\u00e3o sobre o mundo dos investimentos","publisher":{"@id":"https:\/\/www.suno.com.br\/noticias\/#organization"},"potentialAction":[{"@type":"SearchAction","target":{"@type":"EntryPoint","urlTemplate":"https:\/\/www.suno.com.br\/noticias\/?s={search_term_string}"},"query-input":{"@type":"PropertyValueSpecification","valueRequired":true,"valueName":"search_term_string"}}],"inLanguage":"pt-BR"},{"@type":"Organization","@id":"https:\/\/www.suno.com.br\/noticias\/#organization","name":"Suno Not\u00edcias","url":"https:\/\/www.suno.com.br\/noticias\/","logo":{"@type":"ImageObject","inLanguage":"pt-BR","@id":"https:\/\/www.suno.com.br\/noticias\/#\/schema\/logo\/image\/","url":"https:\/\/files.sunoresearch.com.br\/n\/uploads\/2021\/09\/suno-logo.png","contentUrl":"https:\/\/files.sunoresearch.com.br\/n\/uploads\/2021\/09\/suno-logo.png","width":180,"height":180,"caption":"Suno Not\u00edcias"},"image":{"@id":"https:\/\/www.suno.com.br\/noticias\/#\/schema\/logo\/image\/"},"sameAs":["https:\/\/facebook.com\/sunoresearch","https:\/\/x.com\/sunoresearch","https:\/\/www.instagram.com\/suno","https:\/\/www.linkedin.com\/company\/suno-research\/","https:\/\/www.youtube.com\/c\/sunoresearch"]},{"@type":"Person","@id":"https:\/\/www.suno.com.br\/noticias\/#\/schema\/person\/eca2bab82984722db00d1e6facd8bb26","name":"Daniel Quandt","image":{"@type":"ImageObject","inLanguage":"pt-BR","@id":"https:\/\/www.suno.com.br\/noticias\/#\/schema\/person\/image\/","url":"https:\/\/secure.gravatar.com\/avatar\/5faf4378f9fbf4557a5836a88d66f99a?s=96&r=g","contentUrl":"https:\/\/secure.gravatar.com\/avatar\/5faf4378f9fbf4557a5836a88d66f99a?s=96&r=g","caption":"Daniel Quandt"},"description":"Aluno da Universidade de S\u00e3o Paulo, Daniel Quandt escreve sobre economia, mercado financeiro e pol\u00edtica no portal da Suno Research. J\u00e1 passou pela Ag\u00eancia USP de Inova\u00e7\u00e3o e pela startup de v\u00eddeo em blockchain Paratii, desenvolvendo seu conhecimento da aplica\u00e7\u00e3o de tecnologia de ponta ao mercado.","sameAs":["https:\/\/www.suno.com.br\/","https:\/\/www.linkedin.com\/in\/daniel-quandt-a49985110\/"],"url":"https:\/\/www.suno.com.br\/noticias\/author\/daniel-quandt\/"}]}},"default_loop_html":"<div class=\"cardsPage__listCard__boxs\"><div class=\"cardsPage__listCard__boxs__img\"><a href=\"https:\/\/www.suno.com.br\/noticias\/pesquisa-cnt-mda-bolsonaro\/\"><img class=\"mask\" src=\"https:\/\/www.suno.com.br\/noticias\/wp-content\/themes\/suno\/resources\/images\/spotlight\/spotlight1img\/bg-mask.png\" alt=\"Image Mask\"\/><img src=\"https:\/\/files.sunoresearch.com.br\/n\/uploads\/2018\/09\/587b14f4-datafolha-400x200.webp\" alt=\"Pesquisa CNT\/MDA mostra Bolsonaro na lideran\u00e7a com 28,2% e Haddad em segundo com 17,6%\"\/><\/a><span class=\"spotlightCategory\"><a href=\"https:\/\/www.suno.com.br\/noticias\/politica\/\">Pol\u00edtica<\/a><\/span><\/div><div class=\"cardsPage__listCard__boxs__content\"><a href=\"https:\/\/www.suno.com.br\/noticias\/pesquisa-cnt-mda-bolsonaro\/\"><h2 class=\"content__title\">Pesquisa CNT\/MDA mostra Bolsonaro na lideran\u00e7a com 28,2% e Haddad em segundo com 17,6%<\/h2><\/a><div class=\"newsContent__article__meta\"><div class=\"newsContent__article__meta__authorBox\"><a href=\"https:\/\/www.suno.com.br\/noticias\/author\/daniel-quandt\/\" class=\"authorBox__avatar noMobi\"><img src=\"https:\/\/secure.gravatar.com\/avatar\/5faf4378f9fbf4557a5836a88d66f99a?s=96&#038;r=g\" alt=\"Daniel Quandt\"><\/a><div class=\"authorBox__name\"><span>por\n\t\t\t<a href=\"https:\/\/www.suno.com.br\/noticias\/author\/daniel-quandt\/\"><span itemprop=\"author\">Daniel Quandt<\/span><\/a><\/span><time datetime=\"2018-09-17T11:10:30-03:00\" itemprop=\"datePublished\">17\/09\/2018 11:10<\/time><\/div><\/div><\/div><\/div><\/div>","single_layout":"posts","amp_enabled":true,"_links":{"self":[{"href":"https:\/\/www.suno.com.br\/noticias\/wp-json\/wp\/v2\/posts\/4009"}],"collection":[{"href":"https:\/\/www.suno.com.br\/noticias\/wp-json\/wp\/v2\/posts"}],"about":[{"href":"https:\/\/www.suno.com.br\/noticias\/wp-json\/wp\/v2\/types\/post"}],"author":[{"embeddable":true,"href":"https:\/\/www.suno.com.br\/noticias\/wp-json\/wp\/v2\/users\/5"}],"replies":[{"embeddable":true,"href":"https:\/\/www.suno.com.br\/noticias\/wp-json\/wp\/v2\/comments?post=4009"}],"version-history":[{"count":0,"href":"https:\/\/www.suno.com.br\/noticias\/wp-json\/wp\/v2\/posts\/4009\/revisions"}],"wp:featuredmedia":[{"embeddable":true,"href":"https:\/\/www.suno.com.br\/noticias\/wp-json\/wp\/v2\/media\/3955"}],"wp:attachment":[{"href":"https:\/\/www.suno.com.br\/noticias\/wp-json\/wp\/v2\/media?parent=4009"}],"wp:term":[{"taxonomy":"category","embeddable":true,"href":"https:\/\/www.suno.com.br\/noticias\/wp-json\/wp\/v2\/categories?post=4009"},{"taxonomy":"post_tag","embeddable":true,"href":"https:\/\/www.suno.com.br\/noticias\/wp-json\/wp\/v2\/tags?post=4009"},{"taxonomy":"suno_strategy","embeddable":true,"href":"https:\/\/www.suno.com.br\/noticias\/wp-json\/wp\/v2\/suno_strategy?post=4009"}],"curies":[{"name":"wp","href":"https:\/\/api.w.org\/{rel}","templated":true}]}}