{"id":400635,"date":"2023-05-06T10:17:50","date_gmt":"2023-05-06T13:17:50","guid":{"rendered":"https:\/\/www.suno.com.br\/noticias\/?p=400635"},"modified":"2023-05-06T10:17:53","modified_gmt":"2023-05-06T13:17:53","slug":"bradesco-bbdc4-expectativa-resultados-semestre","status":"publish","type":"post","link":"https:\/\/www.suno.com.br\/noticias\/bradesco-bbdc4-expectativa-resultados-semestre\/","title":{"rendered":"Bradesco (BBDC4) espera n\u00fameros melhores no segundo semestre, ap\u00f3s primeiro trimestre &#8216;vol\u00e1til&#8217;"},"content":{"rendered":"<p>O presidente do <strong>Bradesco<\/strong> (<a href=\"https:\/\/www.suno.com.br\/acoes\/bbdc4\/\" target=\"_blank\" rel=\"noopener\">BBDC4<\/a>), Octavio de Lazari Junior, disse nesta sexta-feira, 5, que o banco continua esperando uma melhora nos resultados ao longo do ano. Ele destacou que o primeiro trimestre foi vol\u00e1til, mas que encerrou de modo mais positivo com a divulga\u00e7\u00e3o da proposta de arcabou\u00e7o fiscal pelo governo de Luiz In\u00e1cio Lula da Silva (PT).<\/p>\t<div class=\"wrapper-featured-image\">\n\t\t<figure class=\"spotlightImg\">\n\n\t\t\t<picture>\n\t\t\t\t<source media=\"(max-width: 768px)\" srcset=\"https:\/\/files.sunoresearch.com.br\/n\/uploads\/2021\/02\/a52b280e-230615fachadas14-400x200.webp\">\n\t\t\t\t<img loading=\"lazy\" decoding=\"async\" class=\"newsContent__article__imgCapa lazyloadDisabled \" src=\"https:\/\/files.sunoresearch.com.br\/n\/uploads\/2021\/02\/a52b280e-230615fachadas14-800x450.webp\" width=\"800\" height=\"450\" alt=\"Bradesco (BBDC4) espera n\u00fameros melhores no segundo semestre, ap\u00f3s primeiro trimestre &#8216;vol\u00e1til&#8217;\" fetchpriority=high \/>\n\t\t\t<\/picture>\n\n\t\t\t<figcaption class=\"wp-caption-text wp-caption-text--show\">Bradesco (BBDC4). Foto: divulga\u00e7\u00e3o<\/figcaption>\n\t\t<\/figure>\n\t<\/div>\n\n\n\t<p>\n\t\t<a href=\"https:\/\/lp2.suno.com.br\/cl\/black-friday-2025\/?utm_campaign=_SNCDF0E4858_\" target=\"_blank\" data-element=\"shortcode-suno-banner\" title=\"Banner SUNO, clique e saiba mais\">\n\t\t\t<picture>\n\t\t\t\t<source media=\"(max-width: 500px)\" srcset=\"https:\/\/files.sunoresearch.com.br\/n\/uploads\/2025\/10\/Artigos-e-Noticias-Banner-Home-artigos-01-Mobile_-400x300-1-png.webp\">\n\t\t\t\t<img class=\"newsContent__article__imgCapa newsContent__article__imgCapa--banner\"\n\t\t\t\t\tsrc=\"https:\/\/files.sunoresearch.com.br\/n\/uploads\/2025\/10\/Artigos-e-Noticias-Banner-Home-artigos-01-Desktop_-1420x240-1-png.webp\"\n\t\t\t\t\tdata-promo-id=\"311259\"\t\t\t\t\t\t\t\t\t\twidth='1420' height='240'\t\t\t\t\talt=\"https:\/\/files.sunoresearch.com.br\/n\/uploads\/2025\/10\/Artigos-e-Noticias-Banner-Home-artigos-01-Desktop_-1420x240-1-png.webp\"\n\t\t\t\t>\n\t\t\t<\/picture>\n\t\t<\/a>\n\t<\/p>\n\n\n<p>&#8220;Vemos o segundo trimestre ainda pressionado por conta da PDD (provis\u00f5es contra a <a href=\"https:\/\/www.suno.com.br\/artigos\/inadimplencia\/\" target=\"_blank\" rel=\"noopener\">inadimpl\u00eancia<\/a>), mas continuamos a ver uma melhoria de resultados ao longo do ano, com n\u00fameros melhores no segundo semestre&#8221;, disse Lazari em coletiva de imprensa para comentar os <strong>resultados do Bradesco<\/strong> no primeiro trimestre, divulgados na quinta-feira.<\/p>\n<p>O <strong>lucro do Bradesco<\/strong> no primeiro trimestre foi de R$ 4,28 bilh\u00f5es, queda de 37,3% em rela\u00e7\u00e3o ao mesmo per\u00edodo do ano passado.<\/p>\n\t<div data-element=\"shortcode-read-more\" class=\"knowMore\">\n\t\t\t\t<span class=\"knowMore__title\">Leia mais:<\/span>\n\t\t\t\t<a class=\"knowMore__link\" href=\"https:\/\/www.suno.com.br\/noticias\/energia-investimento-ministro-lula\/\">\n\t\t\tEnergia deve ter investimento de R$ 56 bilh\u00f5es, diz ministro\t\t<\/a>\n\t<\/div>\n\n\n<p>Segundo Lazari, o resultado veio dentro do esperado pelo banco. &#8220;As provis\u00f5es seguem elevadas, mas dentro das nossas previs\u00f5es&#8221;, comentou. &#8220;\u00c9 claro que em momentos como esse as pequenas empresas e as pessoas f\u00edsicas sofrem mais, mas isso faz parte dos <a href=\"https:\/\/www.suno.com.br\/artigos\/ciclo-economico\/\" target=\"_blank\" rel=\"noopener\">ciclos econ\u00f4micos<\/a>. As oportunidades da opera\u00e7\u00e3o de varejo em um Pa\u00eds como o nosso s\u00e3o enormes&#8221;, acrescentou.<\/p>\n<p>De acordo com o executivo, o banco continua perseguindo maior efici\u00eancia na rede de atendimento, com uma maior presen\u00e7a digital e revis\u00f5es na rede f\u00edsica. O Bradesco tem fechado <strong>ag\u00eancias<\/strong> e convertido parte delas em unidades de neg\u00f3cio, unidades sem caixa e que s\u00e3o mais enxutas. &#8220;O nosso posicionamento \u00e9 permanentemente ajustado para sermos eficientes&#8221;, afirmou.<\/p>\n<p>O Bradesco, disse Lazari, tem como foco o equil\u00edbrio no custo de servir, tornando o atendimento mais consultivo. Neste sentido, o <strong>banco<\/strong> deve investir R$ 6 bilh\u00f5es em tecnologia neste ano, e pretende rodar 75% das transa\u00e7\u00f5es de neg\u00f3cios em nuvem at\u00e9 2025. Hoje, j\u00e1 roda 35% delas em plataformas na nuvem.<\/p>\n<p>Ainda de acordo com o presidente do banco, o investimento em atendimento mais consultivo inclui a \u00e1rea de investimento. &#8220;Neste ano, estamos expandindo equipe de especialistas em investimentos em 40%, e n\u00e3o vamos parar por a\u00ed&#8221;, comentou.<\/p>\n<h2><b>Crise banc\u00e1ria nos EUA refletir\u00e1 no Bradesco?<\/b><\/h2>\n<p>O <strong>presidente do Bradesco<\/strong> disse n\u00e3o ver reflexos da crise dos bancos m\u00e9dios nos Estados Unidos sobre o mercado brasileiro, e considera que o Bradesco Bank, opera\u00e7\u00e3o do conglomerado em solo americano, est\u00e1 protegida da piora das condi\u00e7\u00f5es naquele mercado. &#8220;N\u00e3o vemos um reflexo no Brasil, que tem regras mais r\u00edgidas, at\u00e9 pelo passado j\u00e1 remoto que temos&#8221;, disse.<\/p>\n<p>Lazari destacou ainda que o <strong>Bradesco Bank<\/strong>, sediado na Fl\u00f3rida, tem vetores diferentes dos bancos de m\u00e9dio porte que quebraram nos EUA nos \u00faltimos meses.<\/p>\n<p>Segundo o executivo, a inadimpl\u00eancia do banco \u00e9 baix\u00edssima, porque a carteira \u00e9 exposta a linhas como o imobili\u00e1rio, e os clientes s\u00e3o de alta renda. &#8220;Com rela\u00e7\u00e3o aos bancos que vimos (quebrar), o <strong>Bradesco<\/strong> Bank n\u00e3o tem os mesmos problemas&#8221;, afirmou.<\/p>\n<p class=\"newsProviderSignature\">(Com informa\u00e7\u00f5es de Estad\u00e3o Conte\u00fado)<\/p>\n\t<p>\n\t\t<a href=\"https:\/\/lp.suno.com.br\/ebook-como-analisar-uma-acao\/\" target=\"_blank\" data-element=\"shortcode-suno-banner\" title=\"Banner SUNO, clique e saiba mais\">\n\t\t\t<picture>\n\t\t\t\t<source media=\"(max-width: 500px)\" srcset=\"https:\/\/files.sunoresearch.com.br\/n\/uploads\/2023\/12\/Ebook-Acoes-Mobile.jpg\">\n\t\t\t\t<img class=\"newsContent__article__imgCapa newsContent__article__imgCapa--banner\"\n\t\t\t\t\tsrc=\"https:\/\/files.sunoresearch.com.br\/n\/uploads\/2023\/12\/Ebook-Acoes-Desktop.webp\"\n\t\t\t\t\tdata-promo-id=\"311260\"\t\t\t\t\t\t\t\t\t\twidth='1420' height='286'\t\t\t\t\talt=\"https:\/\/files.sunoresearch.com.br\/n\/uploads\/2023\/12\/Ebook-Acoes-Desktop.webp\"\n\t\t\t\t>\n\t\t\t<\/picture>\n\t\t<\/a>\n\t<\/p>\n\n\n","protected":false},"excerpt":{"rendered":"<p>O presidente do Bradesco (BBDC4), Octavio de Lazari Junior, disse nesta sexta-feira, 5, que o banco continua esperando uma melhora nos resultados ao longo do ano. Ele destacou que o primeiro trimestre foi vol\u00e1til, mas que encerrou de modo mais positivo com a divulga\u00e7\u00e3o da proposta de arcabou\u00e7o fiscal pelo governo de Luiz In\u00e1cio Lula [&hellip;]<\/p>\n","protected":false},"author":173,"featured_media":118916,"comment_status":"closed","ping_status":"closed","sticky":false,"template":"","format":"standard","meta":[],"categories":[64],"tags":[392],"suno_strategy":[],"class_list":["post-400635","post","type-post","status-publish","format-standard","has-post-thumbnail","hentry","category-negocios","tag-bradesco-bbdc3-bbdc4"],"yoast_head":"<!-- This site is optimized with the Yoast SEO plugin v24.4 - https:\/\/yoast.com\/wordpress\/plugins\/seo\/ -->\n<title>Bradesco (BBDC4) espera n\u00fameros melhores no segundo semestre<\/title>\n<meta name=\"description\" content=\"O presidente do Bradesco (BBDC4) disse que o banco continua esperando uma melhora nos resultados ao longo do ano. Veja o que foi dito.\" \/>\n<meta name=\"robots\" content=\"index, follow, max-snippet:-1, max-image-preview:large, max-video-preview:-1\" \/>\n<link rel=\"canonical\" href=\"https:\/\/www.suno.com.br\/noticias\/bradesco-bbdc4-expectativa-resultados-semestre\/\" \/>\n<meta property=\"og:locale\" content=\"pt_BR\" \/>\n<meta property=\"og:type\" content=\"article\" \/>\n<meta property=\"og:title\" content=\"Bradesco (BBDC4) espera n\u00fameros melhores no segundo semestre\" \/>\n<meta property=\"og:description\" content=\"O presidente do Bradesco (BBDC4) disse que o banco continua esperando uma melhora nos resultados ao longo do ano. Veja o que foi dito.\" \/>\n<meta property=\"og:url\" content=\"https:\/\/www.suno.com.br\/noticias\/bradesco-bbdc4-expectativa-resultados-semestre\/\" \/>\n<meta property=\"og:site_name\" content=\"Suno Not\u00edcias\" \/>\n<meta property=\"article:publisher\" content=\"https:\/\/facebook.com\/sunoresearch\" \/>\n<meta property=\"og:image\" content=\"https:\/\/files.sunoresearch.com.br\/n\/uploads\/2021\/02\/a52b280e-230615fachadas14.jpg\" \/>\n\t<meta property=\"og:image:width\" content=\"1200\" \/>\n\t<meta property=\"og:image:height\" content=\"797\" \/>\n\t<meta property=\"og:image:type\" content=\"image\/jpeg\" \/>\n<meta name=\"author\" content=\"Jo\u00e3o Vitor\" \/>\n<meta name=\"twitter:card\" content=\"summary_large_image\" \/>\n<meta name=\"twitter:creator\" content=\"@sunoresearch\" \/>\n<meta name=\"twitter:site\" content=\"@sunoresearch\" \/>\n<meta name=\"twitter:label1\" content=\"Escrito por\" \/>\n\t<meta name=\"twitter:data1\" content=\"Jo\u00e3o Vitor\" \/>\n\t<meta name=\"twitter:label2\" content=\"Est. tempo de leitura\" \/>\n\t<meta name=\"twitter:data2\" content=\"3 minutos\" \/>\n<script type=\"application\/ld+json\" class=\"yoast-schema-graph\">{\"@context\":\"https:\/\/schema.org\",\"@graph\":[{\"@type\":\"NewsArticle\",\"@id\":\"https:\/\/www.suno.com.br\/noticias\/bradesco-bbdc4-expectativa-resultados-semestre\/#article\",\"isPartOf\":{\"@id\":\"https:\/\/www.suno.com.br\/noticias\/bradesco-bbdc4-expectativa-resultados-semestre\/\"},\"author\":{\"name\":\"Jo\u00e3o Vitor\",\"@id\":\"https:\/\/www.suno.com.br\/noticias\/#\/schema\/person\/87fc6973867c52dd884811905c43afba\"},\"headline\":\"Bradesco (BBDC4) espera n\u00fameros melhores no segundo semestre, ap\u00f3s primeiro trimestre &#8216;vol\u00e1til&#8217;\",\"datePublished\":\"2023-05-06T13:17:50+00:00\",\"dateModified\":\"2023-05-06T13:17:53+00:00\",\"mainEntityOfPage\":{\"@id\":\"https:\/\/www.suno.com.br\/noticias\/bradesco-bbdc4-expectativa-resultados-semestre\/\"},\"wordCount\":535,\"publisher\":{\"@id\":\"https:\/\/www.suno.com.br\/noticias\/#organization\"},\"image\":{\"@id\":\"https:\/\/www.suno.com.br\/noticias\/bradesco-bbdc4-expectativa-resultados-semestre\/#primaryimage\"},\"thumbnailUrl\":\"https:\/\/files.sunoresearch.com.br\/n\/uploads\/2021\/02\/a52b280e-230615fachadas14-jpg.webp\",\"keywords\":[\"Bradesco (BBDC3\/BBDC4)\"],\"articleSection\":[\"Neg\u00f3cios\"],\"inLanguage\":\"pt-BR\"},{\"@type\":\"WebPage\",\"@id\":\"https:\/\/www.suno.com.br\/noticias\/bradesco-bbdc4-expectativa-resultados-semestre\/\",\"url\":\"https:\/\/www.suno.com.br\/noticias\/bradesco-bbdc4-expectativa-resultados-semestre\/\",\"name\":\"Bradesco (BBDC4) espera n\u00fameros melhores no segundo semestre\",\"isPartOf\":{\"@id\":\"https:\/\/www.suno.com.br\/noticias\/#website\"},\"primaryImageOfPage\":{\"@id\":\"https:\/\/www.suno.com.br\/noticias\/bradesco-bbdc4-expectativa-resultados-semestre\/#primaryimage\"},\"image\":{\"@id\":\"https:\/\/www.suno.com.br\/noticias\/bradesco-bbdc4-expectativa-resultados-semestre\/#primaryimage\"},\"thumbnailUrl\":\"https:\/\/files.sunoresearch.com.br\/n\/uploads\/2021\/02\/a52b280e-230615fachadas14-jpg.webp\",\"datePublished\":\"2023-05-06T13:17:50+00:00\",\"dateModified\":\"2023-05-06T13:17:53+00:00\",\"description\":\"O presidente do Bradesco (BBDC4) disse que o banco continua esperando uma melhora nos resultados ao longo do ano. Veja o que foi dito.\",\"breadcrumb\":{\"@id\":\"https:\/\/www.suno.com.br\/noticias\/bradesco-bbdc4-expectativa-resultados-semestre\/#breadcrumb\"},\"inLanguage\":\"pt-BR\",\"potentialAction\":[{\"@type\":\"ReadAction\",\"target\":[\"https:\/\/www.suno.com.br\/noticias\/bradesco-bbdc4-expectativa-resultados-semestre\/\"]}]},{\"@type\":\"ImageObject\",\"inLanguage\":\"pt-BR\",\"@id\":\"https:\/\/www.suno.com.br\/noticias\/bradesco-bbdc4-expectativa-resultados-semestre\/#primaryimage\",\"url\":\"https:\/\/files.sunoresearch.com.br\/n\/uploads\/2021\/02\/a52b280e-230615fachadas14-jpg.webp\",\"contentUrl\":\"https:\/\/files.sunoresearch.com.br\/n\/uploads\/2021\/02\/a52b280e-230615fachadas14-jpg.webp\",\"width\":1200,\"height\":797,\"caption\":\"Bradesco (BBDC4). Foto: divulga\u00e7\u00e3o\"},{\"@type\":\"BreadcrumbList\",\"@id\":\"https:\/\/www.suno.com.br\/noticias\/bradesco-bbdc4-expectativa-resultados-semestre\/#breadcrumb\",\"itemListElement\":[{\"@type\":\"ListItem\",\"position\":1,\"name\":\"Not\u00edcias\",\"item\":\"https:\/\/www.suno.com.br\/noticias\/\"},{\"@type\":\"ListItem\",\"position\":2,\"name\":\"Neg\u00f3cios\",\"item\":\"https:\/\/www.suno.com.br\/noticias\/negocios\/\"},{\"@type\":\"ListItem\",\"position\":3,\"name\":\"Bradesco (BBDC4) espera n\u00fameros melhores no segundo semestre, ap\u00f3s primeiro trimestre &#8216;vol\u00e1til&#8217;\"}]},{\"@type\":\"WebSite\",\"@id\":\"https:\/\/www.suno.com.br\/noticias\/#website\",\"url\":\"https:\/\/www.suno.com.br\/noticias\/\",\"name\":\"Suno Not\u00edcias\",\"description\":\"Seu portal de informa\u00e7\u00e3o sobre o mundo dos investimentos\",\"publisher\":{\"@id\":\"https:\/\/www.suno.com.br\/noticias\/#organization\"},\"potentialAction\":[{\"@type\":\"SearchAction\",\"target\":{\"@type\":\"EntryPoint\",\"urlTemplate\":\"https:\/\/www.suno.com.br\/noticias\/?s={search_term_string}\"},\"query-input\":{\"@type\":\"PropertyValueSpecification\",\"valueRequired\":true,\"valueName\":\"search_term_string\"}}],\"inLanguage\":\"pt-BR\"},{\"@type\":\"Organization\",\"@id\":\"https:\/\/www.suno.com.br\/noticias\/#organization\",\"name\":\"Suno Not\u00edcias\",\"url\":\"https:\/\/www.suno.com.br\/noticias\/\",\"logo\":{\"@type\":\"ImageObject\",\"inLanguage\":\"pt-BR\",\"@id\":\"https:\/\/www.suno.com.br\/noticias\/#\/schema\/logo\/image\/\",\"url\":\"https:\/\/files.sunoresearch.com.br\/n\/uploads\/2021\/09\/suno-logo.png\",\"contentUrl\":\"https:\/\/files.sunoresearch.com.br\/n\/uploads\/2021\/09\/suno-logo.png\",\"width\":180,\"height\":180,\"caption\":\"Suno Not\u00edcias\"},\"image\":{\"@id\":\"https:\/\/www.suno.com.br\/noticias\/#\/schema\/logo\/image\/\"},\"sameAs\":[\"https:\/\/facebook.com\/sunoresearch\",\"https:\/\/x.com\/sunoresearch\",\"https:\/\/www.instagram.com\/suno\",\"https:\/\/www.linkedin.com\/company\/suno-research\/\",\"https:\/\/www.youtube.com\/c\/sunoresearch\"]},{\"@type\":\"Person\",\"@id\":\"https:\/\/www.suno.com.br\/noticias\/#\/schema\/person\/87fc6973867c52dd884811905c43afba\",\"name\":\"Jo\u00e3o Vitor\",\"image\":{\"@type\":\"ImageObject\",\"inLanguage\":\"pt-BR\",\"@id\":\"https:\/\/www.suno.com.br\/noticias\/#\/schema\/person\/image\/\",\"url\":\"https:\/\/secure.gravatar.com\/avatar\/2843227ca03ccf8cc7ccca45204c127e?s=96&r=g\",\"contentUrl\":\"https:\/\/secure.gravatar.com\/avatar\/2843227ca03ccf8cc7ccca45204c127e?s=96&r=g\",\"caption\":\"Jo\u00e3o Vitor\"},\"description\":\"Redator profissional, com atua\u00e7\u00e3o no mercado editorial na produ\u00e7\u00e3o de not\u00edcias e conte\u00fados sobre o mercado de a\u00e7\u00f5es, fundos imobili\u00e1rios e economia popular. Graduando em Engenharia Qu\u00edmica pela Unesp, tamb\u00e9m j\u00e1 atuou como consultor financeiro.\",\"url\":\"https:\/\/www.suno.com.br\/noticias\/author\/joao-vitor-jacintho\/\"}]}<\/script>\n<!-- \/ Yoast SEO plugin. -->","yoast_head_json":{"title":"Bradesco (BBDC4) espera n\u00fameros melhores no segundo semestre","description":"O presidente do Bradesco (BBDC4) disse que o banco continua esperando uma melhora nos resultados ao longo do ano. Veja o que foi dito.","robots":{"index":"index","follow":"follow","max-snippet":"max-snippet:-1","max-image-preview":"max-image-preview:large","max-video-preview":"max-video-preview:-1"},"canonical":"https:\/\/www.suno.com.br\/noticias\/bradesco-bbdc4-expectativa-resultados-semestre\/","og_locale":"pt_BR","og_type":"article","og_title":"Bradesco (BBDC4) espera n\u00fameros melhores no segundo semestre","og_description":"O presidente do Bradesco (BBDC4) disse que o banco continua esperando uma melhora nos resultados ao longo do ano. Veja o que foi dito.","og_url":"https:\/\/www.suno.com.br\/noticias\/bradesco-bbdc4-expectativa-resultados-semestre\/","og_site_name":"Suno Not\u00edcias","article_publisher":"https:\/\/facebook.com\/sunoresearch","og_image":[{"width":1200,"height":797,"url":"https:\/\/files.sunoresearch.com.br\/n\/uploads\/2021\/02\/a52b280e-230615fachadas14.jpg","type":"image\/jpeg"}],"author":"Jo\u00e3o Vitor","twitter_card":"summary_large_image","twitter_creator":"@sunoresearch","twitter_site":"@sunoresearch","twitter_misc":{"Escrito por":"Jo\u00e3o Vitor","Est. tempo de leitura":"3 minutos"},"schema":{"@context":"https:\/\/schema.org","@graph":[{"@type":"NewsArticle","@id":"https:\/\/www.suno.com.br\/noticias\/bradesco-bbdc4-expectativa-resultados-semestre\/#article","isPartOf":{"@id":"https:\/\/www.suno.com.br\/noticias\/bradesco-bbdc4-expectativa-resultados-semestre\/"},"author":{"name":"Jo\u00e3o Vitor","@id":"https:\/\/www.suno.com.br\/noticias\/#\/schema\/person\/87fc6973867c52dd884811905c43afba"},"headline":"Bradesco (BBDC4) espera n\u00fameros melhores no segundo semestre, ap\u00f3s primeiro trimestre &#8216;vol\u00e1til&#8217;","datePublished":"2023-05-06T13:17:50+00:00","dateModified":"2023-05-06T13:17:53+00:00","mainEntityOfPage":{"@id":"https:\/\/www.suno.com.br\/noticias\/bradesco-bbdc4-expectativa-resultados-semestre\/"},"wordCount":535,"publisher":{"@id":"https:\/\/www.suno.com.br\/noticias\/#organization"},"image":{"@id":"https:\/\/www.suno.com.br\/noticias\/bradesco-bbdc4-expectativa-resultados-semestre\/#primaryimage"},"thumbnailUrl":"https:\/\/files.sunoresearch.com.br\/n\/uploads\/2021\/02\/a52b280e-230615fachadas14-jpg.webp","keywords":["Bradesco (BBDC3\/BBDC4)"],"articleSection":["Neg\u00f3cios"],"inLanguage":"pt-BR"},{"@type":"WebPage","@id":"https:\/\/www.suno.com.br\/noticias\/bradesco-bbdc4-expectativa-resultados-semestre\/","url":"https:\/\/www.suno.com.br\/noticias\/bradesco-bbdc4-expectativa-resultados-semestre\/","name":"Bradesco (BBDC4) espera n\u00fameros melhores no segundo semestre","isPartOf":{"@id":"https:\/\/www.suno.com.br\/noticias\/#website"},"primaryImageOfPage":{"@id":"https:\/\/www.suno.com.br\/noticias\/bradesco-bbdc4-expectativa-resultados-semestre\/#primaryimage"},"image":{"@id":"https:\/\/www.suno.com.br\/noticias\/bradesco-bbdc4-expectativa-resultados-semestre\/#primaryimage"},"thumbnailUrl":"https:\/\/files.sunoresearch.com.br\/n\/uploads\/2021\/02\/a52b280e-230615fachadas14-jpg.webp","datePublished":"2023-05-06T13:17:50+00:00","dateModified":"2023-05-06T13:17:53+00:00","description":"O presidente do Bradesco (BBDC4) disse que o banco continua esperando uma melhora nos resultados ao longo do ano. Veja o que foi dito.","breadcrumb":{"@id":"https:\/\/www.suno.com.br\/noticias\/bradesco-bbdc4-expectativa-resultados-semestre\/#breadcrumb"},"inLanguage":"pt-BR","potentialAction":[{"@type":"ReadAction","target":["https:\/\/www.suno.com.br\/noticias\/bradesco-bbdc4-expectativa-resultados-semestre\/"]}]},{"@type":"ImageObject","inLanguage":"pt-BR","@id":"https:\/\/www.suno.com.br\/noticias\/bradesco-bbdc4-expectativa-resultados-semestre\/#primaryimage","url":"https:\/\/files.sunoresearch.com.br\/n\/uploads\/2021\/02\/a52b280e-230615fachadas14-jpg.webp","contentUrl":"https:\/\/files.sunoresearch.com.br\/n\/uploads\/2021\/02\/a52b280e-230615fachadas14-jpg.webp","width":1200,"height":797,"caption":"Bradesco (BBDC4). Foto: divulga\u00e7\u00e3o"},{"@type":"BreadcrumbList","@id":"https:\/\/www.suno.com.br\/noticias\/bradesco-bbdc4-expectativa-resultados-semestre\/#breadcrumb","itemListElement":[{"@type":"ListItem","position":1,"name":"Not\u00edcias","item":"https:\/\/www.suno.com.br\/noticias\/"},{"@type":"ListItem","position":2,"name":"Neg\u00f3cios","item":"https:\/\/www.suno.com.br\/noticias\/negocios\/"},{"@type":"ListItem","position":3,"name":"Bradesco (BBDC4) espera n\u00fameros melhores no segundo semestre, ap\u00f3s primeiro trimestre &#8216;vol\u00e1til&#8217;"}]},{"@type":"WebSite","@id":"https:\/\/www.suno.com.br\/noticias\/#website","url":"https:\/\/www.suno.com.br\/noticias\/","name":"Suno Not\u00edcias","description":"Seu portal de informa\u00e7\u00e3o sobre o mundo dos investimentos","publisher":{"@id":"https:\/\/www.suno.com.br\/noticias\/#organization"},"potentialAction":[{"@type":"SearchAction","target":{"@type":"EntryPoint","urlTemplate":"https:\/\/www.suno.com.br\/noticias\/?s={search_term_string}"},"query-input":{"@type":"PropertyValueSpecification","valueRequired":true,"valueName":"search_term_string"}}],"inLanguage":"pt-BR"},{"@type":"Organization","@id":"https:\/\/www.suno.com.br\/noticias\/#organization","name":"Suno Not\u00edcias","url":"https:\/\/www.suno.com.br\/noticias\/","logo":{"@type":"ImageObject","inLanguage":"pt-BR","@id":"https:\/\/www.suno.com.br\/noticias\/#\/schema\/logo\/image\/","url":"https:\/\/files.sunoresearch.com.br\/n\/uploads\/2021\/09\/suno-logo.png","contentUrl":"https:\/\/files.sunoresearch.com.br\/n\/uploads\/2021\/09\/suno-logo.png","width":180,"height":180,"caption":"Suno Not\u00edcias"},"image":{"@id":"https:\/\/www.suno.com.br\/noticias\/#\/schema\/logo\/image\/"},"sameAs":["https:\/\/facebook.com\/sunoresearch","https:\/\/x.com\/sunoresearch","https:\/\/www.instagram.com\/suno","https:\/\/www.linkedin.com\/company\/suno-research\/","https:\/\/www.youtube.com\/c\/sunoresearch"]},{"@type":"Person","@id":"https:\/\/www.suno.com.br\/noticias\/#\/schema\/person\/87fc6973867c52dd884811905c43afba","name":"Jo\u00e3o Vitor","image":{"@type":"ImageObject","inLanguage":"pt-BR","@id":"https:\/\/www.suno.com.br\/noticias\/#\/schema\/person\/image\/","url":"https:\/\/secure.gravatar.com\/avatar\/2843227ca03ccf8cc7ccca45204c127e?s=96&r=g","contentUrl":"https:\/\/secure.gravatar.com\/avatar\/2843227ca03ccf8cc7ccca45204c127e?s=96&r=g","caption":"Jo\u00e3o Vitor"},"description":"Redator profissional, com atua\u00e7\u00e3o no mercado editorial na produ\u00e7\u00e3o de not\u00edcias e conte\u00fados sobre o mercado de a\u00e7\u00f5es, fundos imobili\u00e1rios e economia popular. Graduando em Engenharia Qu\u00edmica pela Unesp, tamb\u00e9m j\u00e1 atuou como consultor financeiro.","url":"https:\/\/www.suno.com.br\/noticias\/author\/joao-vitor-jacintho\/"}]}},"default_loop_html":"<div class=\"cardsPage__listCard__boxs\"><div class=\"cardsPage__listCard__boxs__img\"><a href=\"https:\/\/www.suno.com.br\/noticias\/bradesco-bbdc4-expectativa-resultados-semestre\/\"><img class=\"mask\" src=\"https:\/\/www.suno.com.br\/noticias\/wp-content\/themes\/suno\/resources\/images\/spotlight\/spotlight1img\/bg-mask.png\" alt=\"Image Mask\"\/><img src=\"https:\/\/files.sunoresearch.com.br\/n\/uploads\/2021\/02\/a52b280e-230615fachadas14-400x200.webp\" alt=\"Bradesco (BBDC4) espera n\u00fameros melhores no segundo semestre, ap\u00f3s primeiro trimestre &#8216;vol\u00e1til&#8217;\"\/><\/a><span class=\"spotlightCategory\"><a href=\"https:\/\/www.suno.com.br\/noticias\/negocios\/\">Neg\u00f3cios<\/a><\/span><\/div><div class=\"cardsPage__listCard__boxs__content\"><a href=\"https:\/\/www.suno.com.br\/noticias\/bradesco-bbdc4-expectativa-resultados-semestre\/\"><h2 class=\"content__title\">Bradesco (BBDC4) espera n\u00fameros melhores no segundo semestre, ap\u00f3s primeiro trimestre &#8216;vol\u00e1til&#8217;<\/h2><\/a><div class=\"newsContent__article__meta\"><div class=\"newsContent__article__meta__authorBox\"><a href=\"https:\/\/www.suno.com.br\/noticias\/author\/joao-vitor-jacintho\/\" class=\"authorBox__avatar noMobi\"><img src=\"https:\/\/secure.gravatar.com\/avatar\/2843227ca03ccf8cc7ccca45204c127e?s=96&#038;r=g\" alt=\"Jo\u00e3o Vitor Jacintho\"><\/a><div class=\"authorBox__name\"><span>por\n\t\t\t<a href=\"https:\/\/www.suno.com.br\/noticias\/author\/joao-vitor-jacintho\/\"><span itemprop=\"author\">Jo\u00e3o Vitor Jacintho<\/span><\/a><\/span><time datetime=\"2023-05-06T10:17:50-03:00\" itemprop=\"datePublished\">06\/05\/2023 10:17<\/time><\/div><\/div><\/div><\/div><\/div>","single_layout":"posts","amp_enabled":true,"_links":{"self":[{"href":"https:\/\/www.suno.com.br\/noticias\/wp-json\/wp\/v2\/posts\/400635"}],"collection":[{"href":"https:\/\/www.suno.com.br\/noticias\/wp-json\/wp\/v2\/posts"}],"about":[{"href":"https:\/\/www.suno.com.br\/noticias\/wp-json\/wp\/v2\/types\/post"}],"author":[{"embeddable":true,"href":"https:\/\/www.suno.com.br\/noticias\/wp-json\/wp\/v2\/users\/173"}],"replies":[{"embeddable":true,"href":"https:\/\/www.suno.com.br\/noticias\/wp-json\/wp\/v2\/comments?post=400635"}],"version-history":[{"count":3,"href":"https:\/\/www.suno.com.br\/noticias\/wp-json\/wp\/v2\/posts\/400635\/revisions"}],"predecessor-version":[{"id":400867,"href":"https:\/\/www.suno.com.br\/noticias\/wp-json\/wp\/v2\/posts\/400635\/revisions\/400867"}],"wp:featuredmedia":[{"embeddable":true,"href":"https:\/\/www.suno.com.br\/noticias\/wp-json\/wp\/v2\/media\/118916"}],"wp:attachment":[{"href":"https:\/\/www.suno.com.br\/noticias\/wp-json\/wp\/v2\/media?parent=400635"}],"wp:term":[{"taxonomy":"category","embeddable":true,"href":"https:\/\/www.suno.com.br\/noticias\/wp-json\/wp\/v2\/categories?post=400635"},{"taxonomy":"post_tag","embeddable":true,"href":"https:\/\/www.suno.com.br\/noticias\/wp-json\/wp\/v2\/tags?post=400635"},{"taxonomy":"suno_strategy","embeddable":true,"href":"https:\/\/www.suno.com.br\/noticias\/wp-json\/wp\/v2\/suno_strategy?post=400635"}],"curies":[{"name":"wp","href":"https:\/\/api.w.org\/{rel}","templated":true}]}}