{"id":400109,"date":"2023-05-05T13:20:39","date_gmt":"2023-05-05T16:20:39","guid":{"rendered":"https:\/\/www.suno.com.br\/noticias\/?p=400109"},"modified":"2023-05-05T13:30:32","modified_gmt":"2023-05-05T16:30:32","slug":"covid19-pandemia-oms-decreta-fim-emergencia-entenda","status":"publish","type":"post","link":"https:\/\/www.suno.com.br\/noticias\/covid19-pandemia-oms-decreta-fim-emergencia-entenda\/","title":{"rendered":"Pandemia da Covid-19 acabou? OMS decreta fim da emerg\u00eancia sanit\u00e1ria global sobre v\u00edrus"},"content":{"rendered":"<p>A Organiza\u00e7\u00e3o Mundial da Sa\u00fade (OMS) declarou que o estado de emerg\u00eancia de sa\u00fade global por causa da <strong>Covid-19<\/strong> est\u00e1 encerrado, mais de tr\u00eas anos ap\u00f3s seu in\u00edcio, decretado em 30 de janeiro de 2020. Segundo o comunicado divulgado nesta sexta (5), o v\u00edrus seguir\u00e1 com status de pandemia, de forma similar ao que ocorre com o HIV.<\/p>\t<div class=\"wrapper-featured-image\">\n\t\t<figure class=\"spotlightImg\">\n\n\t\t\t<picture>\n\t\t\t\t<source media=\"(max-width: 768px)\" srcset=\"https:\/\/files.sunoresearch.com.br\/n\/uploads\/2020\/11\/389da440-shutterstock_ofh2ufq-400x200.webp\">\n\t\t\t\t<img loading=\"lazy\" decoding=\"async\" class=\"newsContent__article__imgCapa lazyloadDisabled \" src=\"https:\/\/files.sunoresearch.com.br\/n\/uploads\/2020\/11\/389da440-shutterstock_ofh2ufq-800x450.webp\" width=\"800\" height=\"450\" alt=\"Pandemia da Covid-19 acabou? OMS decreta fim da emerg\u00eancia sanit\u00e1ria global sobre v\u00edrus\" fetchpriority=high \/>\n\t\t\t<\/picture>\n\n\t\t\t<figcaption class=\"wp-caption-text wp-caption-text--show\">Covid-19. Foto: Unsplash<\/figcaption>\n\t\t<\/figure>\n\t<\/div>\n\n\n\n\n\n\t<p>\n\t\t<a href=\"https:\/\/lp.suno.com.br\/ebook-como-analisar-uma-acao\/\" target=\"_blank\" data-element=\"shortcode-suno-banner\" title=\"Banner SUNO, clique e saiba mais\">\n\t\t\t<picture>\n\t\t\t\t<source media=\"(max-width: 500px)\" srcset=\"https:\/\/files.sunoresearch.com.br\/n\/uploads\/2023\/03\/Ebook-Acoes-Mobile.jpg\">\n\t\t\t\t<img class=\"newsContent__article__imgCapa newsContent__article__imgCapa--banner\"\n\t\t\t\t\tsrc=\"https:\/\/files.sunoresearch.com.br\/n\/uploads\/2023\/03\/Ebook-Acoes-Desktop.jpg\"\n\t\t\t\t\tdata-promo-id=\"378302\"\t\t\t\t\t\t\t\t\t\twidth='1420' height='286'\t\t\t\t\talt=\"https:\/\/files.sunoresearch.com.br\/n\/uploads\/2023\/03\/Ebook-Acoes-Desktop.jpg\"\n\t\t\t\t>\n\t\t\t<\/picture>\n\t\t<\/a>\n\t<\/p>\n\n\n\n\n\n<p>&#8220;Com grande esperan\u00e7a, declaro a Covid-19 encerrada como uma <strong>emerg\u00eancia de sa\u00fade global<\/strong>. No entanto, isso n\u00e3o significa que a Covid-19 acabou como uma amea\u00e7a \u00e0 sa\u00fade global&#8221;, explicou Tedros Adhanom, diretor-geral da OMS.<\/p>\n\n\n\n<blockquote class=\"wp-block-quote is-layout-flow wp-block-quote-is-layout-flow\">\n<p>Este v\u00edrus veio para ficar. Ainda est\u00e1 matando e est\u00e1 mudando. Permanece o risco do surgimento de novas variantes que provocam novos surtos de casos e mortes.<\/p>\n<\/blockquote>\n\n\n\n<figure class=\"wp-block-embed is-type-rich is-provider-twitter wp-block-embed-twitter\"><div class=\"wp-block-embed__wrapper\">\n<blockquote class=\"twitter-tweet\" data-width=\"550\" data-dnt=\"true\"><p lang=\"en\" dir=\"ltr\">&quot;As we speak, thousands of people around the world are fighting for their lives in intensive care units. And millions more continue to live with the debilitating effects of post-<a href=\"https:\/\/twitter.com\/hashtag\/COVID19?src=hash&amp;ref_src=twsrc%5Etfw\">#COVID19<\/a> condition&quot;-<a href=\"https:\/\/twitter.com\/DrTedros?ref_src=twsrc%5Etfw\">@DrTedros<\/a> <a href=\"https:\/\/t.co\/KWPMPiS5h5\">https:\/\/t.co\/KWPMPiS5h5<\/a><\/p>&mdash; World Health Organization (WHO) (@WHO) <a href=\"https:\/\/twitter.com\/WHO\/status\/1654477534082236416?ref_src=twsrc%5Etfw\">May 5, 2023<\/a><\/blockquote>\n<\/div><\/figure>\n\n\n\n<p>A decis\u00e3o da <strong>OMS<\/strong> \u00e9 um marco na evolu\u00e7\u00e3o de como os seres humanos lidar\u00e3o com o novo coronav\u00edrus agora. Em entrevista ao The New York Times, K. Srintath Reddy, profissional que liderou a Funda\u00e7\u00e3o de Sa\u00fade P\u00fablica da \u00cdndia durante a pandemia, afirmou que o <strong>an\u00fancio da OMS<\/strong> foi apropriado, tendo em vista os altos n\u00edveis globais de imunidade \u00e0 Covid.<\/p>\n\n\n\n<p>&#8220;J\u00e1 n\u00e3o possui o mesmo n\u00edvel de perigo. A Covid atingiu um n\u00edvel de equil\u00edbrio, um certo tipo de coexist\u00eancia com o hospedeiro humano&#8221;, ressaltou o profissional.<\/p>\n\n\n\t<p>\n\t\t<a href=\"https:\/\/lp.suno.com.br\/ebook-gratuito-investindo-no-exterior\/\" target=\"_blank\" data-element=\"shortcode-suno-banner\" title=\"Banner SUNO, clique e saiba mais\">\n\t\t\t<picture>\n\t\t\t\t<source media=\"(max-width: 500px)\" srcset=\"https:\/\/files.sunoresearch.com.br\/n\/uploads\/2023\/03\/400x300-Investindo-no-exterior.png\">\n\t\t\t\t<img class=\"newsContent__article__imgCapa newsContent__article__imgCapa--banner\"\n\t\t\t\t\tsrc=\"https:\/\/files.sunoresearch.com.br\/n\/uploads\/2023\/03\/1420x240-Investindo-no-exterior.png\"\n\t\t\t\t\tdata-promo-id=\"383161\"\t\t\t\t\t\t\t\t\t\twidth='1420' height='240'\t\t\t\t\talt=\"https:\/\/files.sunoresearch.com.br\/n\/uploads\/2023\/03\/1420x240-Investindo-no-exterior.png\"\n\t\t\t\t>\n\t\t\t<\/picture>\n\t\t<\/a>\n\t<\/p>\n\n\n\n\n\n<h2 class=\"wp-block-heading\">Covid-19 no mundo e no Brasil<\/h2>\n\n\n\n<p>Segundo os n\u00fameros divulgados pela OMS nesta semana, mais de 6,9 milh\u00f5es de pessoas morreram desde o in\u00edcio da <strong>pandemia da Covid-19<\/strong> em todo o mundo. Al\u00e9m disso, mais de 765 milh\u00f5es de casos foram confirmados oficialmente. No entanto, a pr\u00f3pria organiza\u00e7\u00e3o e pesquisadores independentes afirmam que esses n\u00fameros s\u00e3o subestimados.<\/p>\n\n\n\n<p>Na coletiva de imprensa, o diretor da OMS refor\u00e7ou que a doen\u00e7a segue ativa: &#8220;Enquanto falamos, milhares de pessoas em todo o mundo est\u00e3o lutando por suas vidas em unidades de terapia intensiva. E outros milh\u00f5es continuam a viver com os efeitos debilitantes do p\u00f3s-Covid&#8221;.<\/p>\n\n\n\n<p>No Brasil, segundo os dados do Minist\u00e9rio da Sa\u00fade no Painel Coronav\u00edrus, desde o in\u00edcio da pandemia da <strong>Covid-19 <\/strong>foram confirmados 37,4 milh\u00f5es de casos, com 701 mil mortes.<\/p>\n\n\n\t<p>\n\t\t<a href=\"https:\/\/lp.suno.com.br\/suno-one\/?utm_campaign=_SNC6964518A_\" target=\"_blank\" data-element=\"shortcode-suno-banner\" title=\"Banner SUNO, clique e saiba mais\">\n\t\t\t<picture>\n\t\t\t\t<source media=\"(max-width: 500px)\" srcset=\"https:\/\/files.sunoresearch.com.br\/n\/uploads\/2025\/09\/400x300-Suno-One-png.webp\">\n\t\t\t\t<img class=\"newsContent__article__imgCapa newsContent__article__imgCapa--banner\"\n\t\t\t\t\tsrc=\"https:\/\/files.sunoresearch.com.br\/n\/uploads\/2025\/09\/1420x240-Suno-One-png.webp\"\n\t\t\t\t\tdata-promo-id=\"383121\"\t\t\t\t\t\t\t\t\t\twidth='1420' height='240'\t\t\t\t\talt=\"https:\/\/files.sunoresearch.com.br\/n\/uploads\/2025\/09\/1420x240-Suno-One-png.webp\"\n\t\t\t\t>\n\t\t\t<\/picture>\n\t\t<\/a>\n\t<\/p>\n\n\n","protected":false},"excerpt":{"rendered":"<p>A Organiza\u00e7\u00e3o Mundial da Sa\u00fade (OMS) declarou que o estado de emerg\u00eancia de sa\u00fade global por causa da Covid-19 est\u00e1 encerrado, mais de tr\u00eas anos ap\u00f3s seu in\u00edcio, decretado em 30 de janeiro de 2020. Segundo o comunicado divulgado nesta sexta (5), o v\u00edrus seguir\u00e1 com status de pandemia, de forma similar ao que ocorre [&hellip;]<\/p>\n","protected":false},"author":232,"featured_media":98472,"comment_status":"closed","ping_status":"closed","sticky":false,"template":"","format":"standard","meta":[],"categories":[63],"tags":[2487],"suno_strategy":[],"class_list":["post-400109","post","type-post","status-publish","format-standard","has-post-thumbnail","hentry","category-internacional","tag-coronavirus"],"yoast_head":"<!-- This site is optimized with the Yoast SEO plugin v24.4 - https:\/\/yoast.com\/wordpress\/plugins\/seo\/ -->\n<title>Pandemia da Covid-19 acabou? OMS decreta fim da emerg\u00eancia; entenda<\/title>\n<meta name=\"description\" content=\"A Organiza\u00e7\u00e3o Mundial da Sa\u00fade (OMS) declarou que o estado de emerg\u00eancia de sa\u00fade global por causa da Covid-19 est\u00e1 encerrado.\" \/>\n<meta name=\"robots\" content=\"index, follow, max-snippet:-1, max-image-preview:large, max-video-preview:-1\" \/>\n<link rel=\"canonical\" href=\"https:\/\/www.suno.com.br\/noticias\/covid19-pandemia-oms-decreta-fim-emergencia-entenda\/\" \/>\n<meta property=\"og:locale\" content=\"pt_BR\" \/>\n<meta property=\"og:type\" content=\"article\" \/>\n<meta property=\"og:title\" content=\"Pandemia da Covid-19 acabou? OMS decreta fim da emerg\u00eancia; entenda\" \/>\n<meta property=\"og:description\" content=\"A Organiza\u00e7\u00e3o Mundial da Sa\u00fade (OMS) declarou que o estado de emerg\u00eancia de sa\u00fade global por causa da Covid-19 est\u00e1 encerrado.\" \/>\n<meta property=\"og:url\" content=\"https:\/\/www.suno.com.br\/noticias\/covid19-pandemia-oms-decreta-fim-emergencia-entenda\/\" \/>\n<meta property=\"og:site_name\" content=\"Suno Not\u00edcias\" \/>\n<meta property=\"article:publisher\" content=\"https:\/\/facebook.com\/sunoresearch\" \/>\n<meta property=\"og:image\" content=\"https:\/\/files.sunoresearch.com.br\/n\/uploads\/2020\/11\/389da440-shutterstock_ofh2ufq.jpg\" \/>\n\t<meta property=\"og:image:width\" content=\"1292\" \/>\n\t<meta property=\"og:image:height\" content=\"836\" \/>\n\t<meta property=\"og:image:type\" content=\"image\/jpeg\" \/>\n<meta name=\"author\" content=\"Erick Matheus Nery\" \/>\n<meta name=\"twitter:card\" content=\"summary_large_image\" \/>\n<meta name=\"twitter:creator\" content=\"@sunoresearch\" \/>\n<meta name=\"twitter:site\" content=\"@sunoresearch\" \/>\n<meta name=\"twitter:label1\" content=\"Escrito por\" \/>\n\t<meta name=\"twitter:data1\" content=\"Erick Matheus Nery\" \/>\n\t<meta name=\"twitter:label2\" content=\"Est. tempo de leitura\" \/>\n\t<meta name=\"twitter:data2\" content=\"2 minutos\" \/>\n<script type=\"application\/ld+json\" class=\"yoast-schema-graph\">{\"@context\":\"https:\/\/schema.org\",\"@graph\":[{\"@type\":\"NewsArticle\",\"@id\":\"https:\/\/www.suno.com.br\/noticias\/covid19-pandemia-oms-decreta-fim-emergencia-entenda\/#article\",\"isPartOf\":{\"@id\":\"https:\/\/www.suno.com.br\/noticias\/covid19-pandemia-oms-decreta-fim-emergencia-entenda\/\"},\"author\":{\"name\":\"Erick Matheus Nery\",\"@id\":\"https:\/\/www.suno.com.br\/noticias\/#\/schema\/person\/6899bc3f19d1a7315f807131c2c013a0\"},\"headline\":\"Pandemia da Covid-19 acabou? OMS decreta fim da emerg\u00eancia sanit\u00e1ria global sobre v\u00edrus\",\"datePublished\":\"2023-05-05T16:20:39+00:00\",\"dateModified\":\"2023-05-05T16:30:32+00:00\",\"mainEntityOfPage\":{\"@id\":\"https:\/\/www.suno.com.br\/noticias\/covid19-pandemia-oms-decreta-fim-emergencia-entenda\/\"},\"wordCount\":407,\"publisher\":{\"@id\":\"https:\/\/www.suno.com.br\/noticias\/#organization\"},\"image\":{\"@id\":\"https:\/\/www.suno.com.br\/noticias\/covid19-pandemia-oms-decreta-fim-emergencia-entenda\/#primaryimage\"},\"thumbnailUrl\":\"https:\/\/files.sunoresearch.com.br\/n\/uploads\/2020\/11\/389da440-shutterstock_ofh2ufq-jpg.webp\",\"keywords\":[\"coronav\u00edrus\"],\"articleSection\":[\"Internacional\"],\"inLanguage\":\"pt-BR\"},{\"@type\":\"WebPage\",\"@id\":\"https:\/\/www.suno.com.br\/noticias\/covid19-pandemia-oms-decreta-fim-emergencia-entenda\/\",\"url\":\"https:\/\/www.suno.com.br\/noticias\/covid19-pandemia-oms-decreta-fim-emergencia-entenda\/\",\"name\":\"Pandemia da Covid-19 acabou? OMS decreta fim da emerg\u00eancia; entenda\",\"isPartOf\":{\"@id\":\"https:\/\/www.suno.com.br\/noticias\/#website\"},\"primaryImageOfPage\":{\"@id\":\"https:\/\/www.suno.com.br\/noticias\/covid19-pandemia-oms-decreta-fim-emergencia-entenda\/#primaryimage\"},\"image\":{\"@id\":\"https:\/\/www.suno.com.br\/noticias\/covid19-pandemia-oms-decreta-fim-emergencia-entenda\/#primaryimage\"},\"thumbnailUrl\":\"https:\/\/files.sunoresearch.com.br\/n\/uploads\/2020\/11\/389da440-shutterstock_ofh2ufq-jpg.webp\",\"datePublished\":\"2023-05-05T16:20:39+00:00\",\"dateModified\":\"2023-05-05T16:30:32+00:00\",\"description\":\"A Organiza\u00e7\u00e3o Mundial da Sa\u00fade (OMS) declarou que o estado de emerg\u00eancia de sa\u00fade global por causa da Covid-19 est\u00e1 encerrado.\",\"breadcrumb\":{\"@id\":\"https:\/\/www.suno.com.br\/noticias\/covid19-pandemia-oms-decreta-fim-emergencia-entenda\/#breadcrumb\"},\"inLanguage\":\"pt-BR\",\"potentialAction\":[{\"@type\":\"ReadAction\",\"target\":[\"https:\/\/www.suno.com.br\/noticias\/covid19-pandemia-oms-decreta-fim-emergencia-entenda\/\"]}]},{\"@type\":\"ImageObject\",\"inLanguage\":\"pt-BR\",\"@id\":\"https:\/\/www.suno.com.br\/noticias\/covid19-pandemia-oms-decreta-fim-emergencia-entenda\/#primaryimage\",\"url\":\"https:\/\/files.sunoresearch.com.br\/n\/uploads\/2020\/11\/389da440-shutterstock_ofh2ufq-jpg.webp\",\"contentUrl\":\"https:\/\/files.sunoresearch.com.br\/n\/uploads\/2020\/11\/389da440-shutterstock_ofh2ufq-jpg.webp\",\"width\":1292,\"height\":836,\"caption\":\"Covid-19. Foto: Unsplash\"},{\"@type\":\"BreadcrumbList\",\"@id\":\"https:\/\/www.suno.com.br\/noticias\/covid19-pandemia-oms-decreta-fim-emergencia-entenda\/#breadcrumb\",\"itemListElement\":[{\"@type\":\"ListItem\",\"position\":1,\"name\":\"Not\u00edcias\",\"item\":\"https:\/\/www.suno.com.br\/noticias\/\"},{\"@type\":\"ListItem\",\"position\":2,\"name\":\"Internacional\",\"item\":\"https:\/\/www.suno.com.br\/noticias\/internacional\/\"},{\"@type\":\"ListItem\",\"position\":3,\"name\":\"Pandemia da Covid-19 acabou? OMS decreta fim da emerg\u00eancia sanit\u00e1ria global sobre v\u00edrus\"}]},{\"@type\":\"WebSite\",\"@id\":\"https:\/\/www.suno.com.br\/noticias\/#website\",\"url\":\"https:\/\/www.suno.com.br\/noticias\/\",\"name\":\"Suno Not\u00edcias\",\"description\":\"Seu portal de informa\u00e7\u00e3o sobre o mundo dos investimentos\",\"publisher\":{\"@id\":\"https:\/\/www.suno.com.br\/noticias\/#organization\"},\"potentialAction\":[{\"@type\":\"SearchAction\",\"target\":{\"@type\":\"EntryPoint\",\"urlTemplate\":\"https:\/\/www.suno.com.br\/noticias\/?s={search_term_string}\"},\"query-input\":{\"@type\":\"PropertyValueSpecification\",\"valueRequired\":true,\"valueName\":\"search_term_string\"}}],\"inLanguage\":\"pt-BR\"},{\"@type\":\"Organization\",\"@id\":\"https:\/\/www.suno.com.br\/noticias\/#organization\",\"name\":\"Suno Not\u00edcias\",\"url\":\"https:\/\/www.suno.com.br\/noticias\/\",\"logo\":{\"@type\":\"ImageObject\",\"inLanguage\":\"pt-BR\",\"@id\":\"https:\/\/www.suno.com.br\/noticias\/#\/schema\/logo\/image\/\",\"url\":\"https:\/\/files.sunoresearch.com.br\/n\/uploads\/2021\/09\/suno-logo.png\",\"contentUrl\":\"https:\/\/files.sunoresearch.com.br\/n\/uploads\/2021\/09\/suno-logo.png\",\"width\":180,\"height\":180,\"caption\":\"Suno Not\u00edcias\"},\"image\":{\"@id\":\"https:\/\/www.suno.com.br\/noticias\/#\/schema\/logo\/image\/\"},\"sameAs\":[\"https:\/\/facebook.com\/sunoresearch\",\"https:\/\/x.com\/sunoresearch\",\"https:\/\/www.instagram.com\/suno\",\"https:\/\/www.linkedin.com\/company\/suno-research\/\",\"https:\/\/www.youtube.com\/c\/sunoresearch\"]},{\"@type\":\"Person\",\"@id\":\"https:\/\/www.suno.com.br\/noticias\/#\/schema\/person\/6899bc3f19d1a7315f807131c2c013a0\",\"name\":\"Erick Matheus Nery\",\"image\":{\"@type\":\"ImageObject\",\"inLanguage\":\"pt-BR\",\"@id\":\"https:\/\/www.suno.com.br\/noticias\/#\/schema\/person\/image\/\",\"url\":\"https:\/\/secure.gravatar.com\/avatar\/518ddffe438ccb767782d372a66304d2?s=96&r=g\",\"contentUrl\":\"https:\/\/secure.gravatar.com\/avatar\/518ddffe438ccb767782d372a66304d2?s=96&r=g\",\"caption\":\"Erick Matheus Nery\"},\"description\":\"Formado em Jornalismo pela Universidade Federal do Par\u00e1 (UFPA), conta com extens\u00e3o em Jornalismo Econ\u00f4mico pela Funda\u00e7\u00e3o Get\u00falio Vargas (FGV). No Suno Not\u00edcias, atua como rep\u00f3rter de Mercado, com foco nos setores de telecomunica\u00e7\u00f5es, varejo, alimentos e renda fixa. Conta com passagens pelo jornal O Estado de S\u00e3o Paulo, como trainee de Jornalismo Econ\u00f4mico, e pelo site Not\u00edcias da TV.\",\"url\":\"https:\/\/www.suno.com.br\/noticias\/author\/erick-nery\/\"}]}<\/script>\n<!-- \/ Yoast SEO plugin. -->","yoast_head_json":{"title":"Pandemia da Covid-19 acabou? OMS decreta fim da emerg\u00eancia; entenda","description":"A Organiza\u00e7\u00e3o Mundial da Sa\u00fade (OMS) declarou que o estado de emerg\u00eancia de sa\u00fade global por causa da Covid-19 est\u00e1 encerrado.","robots":{"index":"index","follow":"follow","max-snippet":"max-snippet:-1","max-image-preview":"max-image-preview:large","max-video-preview":"max-video-preview:-1"},"canonical":"https:\/\/www.suno.com.br\/noticias\/covid19-pandemia-oms-decreta-fim-emergencia-entenda\/","og_locale":"pt_BR","og_type":"article","og_title":"Pandemia da Covid-19 acabou? OMS decreta fim da emerg\u00eancia; entenda","og_description":"A Organiza\u00e7\u00e3o Mundial da Sa\u00fade (OMS) declarou que o estado de emerg\u00eancia de sa\u00fade global por causa da Covid-19 est\u00e1 encerrado.","og_url":"https:\/\/www.suno.com.br\/noticias\/covid19-pandemia-oms-decreta-fim-emergencia-entenda\/","og_site_name":"Suno Not\u00edcias","article_publisher":"https:\/\/facebook.com\/sunoresearch","og_image":[{"width":1292,"height":836,"url":"https:\/\/files.sunoresearch.com.br\/n\/uploads\/2020\/11\/389da440-shutterstock_ofh2ufq.jpg","type":"image\/jpeg"}],"author":"Erick Matheus Nery","twitter_card":"summary_large_image","twitter_creator":"@sunoresearch","twitter_site":"@sunoresearch","twitter_misc":{"Escrito por":"Erick Matheus Nery","Est. tempo de leitura":"2 minutos"},"schema":{"@context":"https:\/\/schema.org","@graph":[{"@type":"NewsArticle","@id":"https:\/\/www.suno.com.br\/noticias\/covid19-pandemia-oms-decreta-fim-emergencia-entenda\/#article","isPartOf":{"@id":"https:\/\/www.suno.com.br\/noticias\/covid19-pandemia-oms-decreta-fim-emergencia-entenda\/"},"author":{"name":"Erick Matheus Nery","@id":"https:\/\/www.suno.com.br\/noticias\/#\/schema\/person\/6899bc3f19d1a7315f807131c2c013a0"},"headline":"Pandemia da Covid-19 acabou? OMS decreta fim da emerg\u00eancia sanit\u00e1ria global sobre v\u00edrus","datePublished":"2023-05-05T16:20:39+00:00","dateModified":"2023-05-05T16:30:32+00:00","mainEntityOfPage":{"@id":"https:\/\/www.suno.com.br\/noticias\/covid19-pandemia-oms-decreta-fim-emergencia-entenda\/"},"wordCount":407,"publisher":{"@id":"https:\/\/www.suno.com.br\/noticias\/#organization"},"image":{"@id":"https:\/\/www.suno.com.br\/noticias\/covid19-pandemia-oms-decreta-fim-emergencia-entenda\/#primaryimage"},"thumbnailUrl":"https:\/\/files.sunoresearch.com.br\/n\/uploads\/2020\/11\/389da440-shutterstock_ofh2ufq-jpg.webp","keywords":["coronav\u00edrus"],"articleSection":["Internacional"],"inLanguage":"pt-BR"},{"@type":"WebPage","@id":"https:\/\/www.suno.com.br\/noticias\/covid19-pandemia-oms-decreta-fim-emergencia-entenda\/","url":"https:\/\/www.suno.com.br\/noticias\/covid19-pandemia-oms-decreta-fim-emergencia-entenda\/","name":"Pandemia da Covid-19 acabou? OMS decreta fim da emerg\u00eancia; entenda","isPartOf":{"@id":"https:\/\/www.suno.com.br\/noticias\/#website"},"primaryImageOfPage":{"@id":"https:\/\/www.suno.com.br\/noticias\/covid19-pandemia-oms-decreta-fim-emergencia-entenda\/#primaryimage"},"image":{"@id":"https:\/\/www.suno.com.br\/noticias\/covid19-pandemia-oms-decreta-fim-emergencia-entenda\/#primaryimage"},"thumbnailUrl":"https:\/\/files.sunoresearch.com.br\/n\/uploads\/2020\/11\/389da440-shutterstock_ofh2ufq-jpg.webp","datePublished":"2023-05-05T16:20:39+00:00","dateModified":"2023-05-05T16:30:32+00:00","description":"A Organiza\u00e7\u00e3o Mundial da Sa\u00fade (OMS) declarou que o estado de emerg\u00eancia de sa\u00fade global por causa da Covid-19 est\u00e1 encerrado.","breadcrumb":{"@id":"https:\/\/www.suno.com.br\/noticias\/covid19-pandemia-oms-decreta-fim-emergencia-entenda\/#breadcrumb"},"inLanguage":"pt-BR","potentialAction":[{"@type":"ReadAction","target":["https:\/\/www.suno.com.br\/noticias\/covid19-pandemia-oms-decreta-fim-emergencia-entenda\/"]}]},{"@type":"ImageObject","inLanguage":"pt-BR","@id":"https:\/\/www.suno.com.br\/noticias\/covid19-pandemia-oms-decreta-fim-emergencia-entenda\/#primaryimage","url":"https:\/\/files.sunoresearch.com.br\/n\/uploads\/2020\/11\/389da440-shutterstock_ofh2ufq-jpg.webp","contentUrl":"https:\/\/files.sunoresearch.com.br\/n\/uploads\/2020\/11\/389da440-shutterstock_ofh2ufq-jpg.webp","width":1292,"height":836,"caption":"Covid-19. Foto: Unsplash"},{"@type":"BreadcrumbList","@id":"https:\/\/www.suno.com.br\/noticias\/covid19-pandemia-oms-decreta-fim-emergencia-entenda\/#breadcrumb","itemListElement":[{"@type":"ListItem","position":1,"name":"Not\u00edcias","item":"https:\/\/www.suno.com.br\/noticias\/"},{"@type":"ListItem","position":2,"name":"Internacional","item":"https:\/\/www.suno.com.br\/noticias\/internacional\/"},{"@type":"ListItem","position":3,"name":"Pandemia da Covid-19 acabou? OMS decreta fim da emerg\u00eancia sanit\u00e1ria global sobre v\u00edrus"}]},{"@type":"WebSite","@id":"https:\/\/www.suno.com.br\/noticias\/#website","url":"https:\/\/www.suno.com.br\/noticias\/","name":"Suno Not\u00edcias","description":"Seu portal de informa\u00e7\u00e3o sobre o mundo dos investimentos","publisher":{"@id":"https:\/\/www.suno.com.br\/noticias\/#organization"},"potentialAction":[{"@type":"SearchAction","target":{"@type":"EntryPoint","urlTemplate":"https:\/\/www.suno.com.br\/noticias\/?s={search_term_string}"},"query-input":{"@type":"PropertyValueSpecification","valueRequired":true,"valueName":"search_term_string"}}],"inLanguage":"pt-BR"},{"@type":"Organization","@id":"https:\/\/www.suno.com.br\/noticias\/#organization","name":"Suno Not\u00edcias","url":"https:\/\/www.suno.com.br\/noticias\/","logo":{"@type":"ImageObject","inLanguage":"pt-BR","@id":"https:\/\/www.suno.com.br\/noticias\/#\/schema\/logo\/image\/","url":"https:\/\/files.sunoresearch.com.br\/n\/uploads\/2021\/09\/suno-logo.png","contentUrl":"https:\/\/files.sunoresearch.com.br\/n\/uploads\/2021\/09\/suno-logo.png","width":180,"height":180,"caption":"Suno Not\u00edcias"},"image":{"@id":"https:\/\/www.suno.com.br\/noticias\/#\/schema\/logo\/image\/"},"sameAs":["https:\/\/facebook.com\/sunoresearch","https:\/\/x.com\/sunoresearch","https:\/\/www.instagram.com\/suno","https:\/\/www.linkedin.com\/company\/suno-research\/","https:\/\/www.youtube.com\/c\/sunoresearch"]},{"@type":"Person","@id":"https:\/\/www.suno.com.br\/noticias\/#\/schema\/person\/6899bc3f19d1a7315f807131c2c013a0","name":"Erick Matheus Nery","image":{"@type":"ImageObject","inLanguage":"pt-BR","@id":"https:\/\/www.suno.com.br\/noticias\/#\/schema\/person\/image\/","url":"https:\/\/secure.gravatar.com\/avatar\/518ddffe438ccb767782d372a66304d2?s=96&r=g","contentUrl":"https:\/\/secure.gravatar.com\/avatar\/518ddffe438ccb767782d372a66304d2?s=96&r=g","caption":"Erick Matheus Nery"},"description":"Formado em Jornalismo pela Universidade Federal do Par\u00e1 (UFPA), conta com extens\u00e3o em Jornalismo Econ\u00f4mico pela Funda\u00e7\u00e3o Get\u00falio Vargas (FGV). No Suno Not\u00edcias, atua como rep\u00f3rter de Mercado, com foco nos setores de telecomunica\u00e7\u00f5es, varejo, alimentos e renda fixa. Conta com passagens pelo jornal O Estado de S\u00e3o Paulo, como trainee de Jornalismo Econ\u00f4mico, e pelo site Not\u00edcias da TV.","url":"https:\/\/www.suno.com.br\/noticias\/author\/erick-nery\/"}]}},"default_loop_html":"<div class=\"cardsPage__listCard__boxs\"><div class=\"cardsPage__listCard__boxs__img\"><a href=\"https:\/\/www.suno.com.br\/noticias\/covid19-pandemia-oms-decreta-fim-emergencia-entenda\/\"><img class=\"mask\" src=\"https:\/\/www.suno.com.br\/noticias\/wp-content\/themes\/suno\/resources\/images\/spotlight\/spotlight1img\/bg-mask.png\" alt=\"Image Mask\"\/><img src=\"https:\/\/files.sunoresearch.com.br\/n\/uploads\/2020\/11\/389da440-shutterstock_ofh2ufq-400x200.webp\" alt=\"Pandemia da Covid-19 acabou? OMS decreta fim da emerg\u00eancia sanit\u00e1ria global sobre v\u00edrus\"\/><\/a><span class=\"spotlightCategory\"><a href=\"https:\/\/www.suno.com.br\/noticias\/internacional\/\">Internacional<\/a><\/span><\/div><div class=\"cardsPage__listCard__boxs__content\"><a href=\"https:\/\/www.suno.com.br\/noticias\/covid19-pandemia-oms-decreta-fim-emergencia-entenda\/\"><h2 class=\"content__title\">Pandemia da Covid-19 acabou? OMS decreta fim da emerg\u00eancia sanit\u00e1ria global sobre v\u00edrus<\/h2><\/a><div class=\"newsContent__article__meta\"><div class=\"newsContent__article__meta__authorBox\"><a href=\"https:\/\/www.suno.com.br\/noticias\/author\/erick-nery\/\" class=\"authorBox__avatar noMobi\"><img src=\"https:\/\/secure.gravatar.com\/avatar\/518ddffe438ccb767782d372a66304d2?s=96&#038;r=g\" alt=\"Erick Matheus Nery\"><\/a><div class=\"authorBox__name\"><span>por\n\t\t\t<a href=\"https:\/\/www.suno.com.br\/noticias\/author\/erick-nery\/\"><span itemprop=\"author\">Erick Matheus Nery<\/span><\/a><\/span><time datetime=\"2023-05-05T13:20:39-03:00\" itemprop=\"datePublished\">05\/05\/2023 13:20<\/time><\/div><\/div><\/div><\/div><\/div>","single_layout":"posts","amp_enabled":true,"_links":{"self":[{"href":"https:\/\/www.suno.com.br\/noticias\/wp-json\/wp\/v2\/posts\/400109"}],"collection":[{"href":"https:\/\/www.suno.com.br\/noticias\/wp-json\/wp\/v2\/posts"}],"about":[{"href":"https:\/\/www.suno.com.br\/noticias\/wp-json\/wp\/v2\/types\/post"}],"author":[{"embeddable":true,"href":"https:\/\/www.suno.com.br\/noticias\/wp-json\/wp\/v2\/users\/232"}],"replies":[{"embeddable":true,"href":"https:\/\/www.suno.com.br\/noticias\/wp-json\/wp\/v2\/comments?post=400109"}],"version-history":[{"count":3,"href":"https:\/\/www.suno.com.br\/noticias\/wp-json\/wp\/v2\/posts\/400109\/revisions"}],"predecessor-version":[{"id":400264,"href":"https:\/\/www.suno.com.br\/noticias\/wp-json\/wp\/v2\/posts\/400109\/revisions\/400264"}],"wp:featuredmedia":[{"embeddable":true,"href":"https:\/\/www.suno.com.br\/noticias\/wp-json\/wp\/v2\/media\/98472"}],"wp:attachment":[{"href":"https:\/\/www.suno.com.br\/noticias\/wp-json\/wp\/v2\/media?parent=400109"}],"wp:term":[{"taxonomy":"category","embeddable":true,"href":"https:\/\/www.suno.com.br\/noticias\/wp-json\/wp\/v2\/categories?post=400109"},{"taxonomy":"post_tag","embeddable":true,"href":"https:\/\/www.suno.com.br\/noticias\/wp-json\/wp\/v2\/tags?post=400109"},{"taxonomy":"suno_strategy","embeddable":true,"href":"https:\/\/www.suno.com.br\/noticias\/wp-json\/wp\/v2\/suno_strategy?post=400109"}],"curies":[{"name":"wp","href":"https:\/\/api.w.org\/{rel}","templated":true}]}}