{"id":400096,"date":"2023-05-08T07:00:00","date_gmt":"2023-05-08T10:00:00","guid":{"rendered":"https:\/\/www.suno.com.br\/noticias\/?p=400096"},"modified":"2023-05-08T12:48:49","modified_gmt":"2023-05-08T15:48:49","slug":"semana-de-imposto-de-renda-agenda","status":"publish","type":"post","link":"https:\/\/www.suno.com.br\/noticias\/semana-de-imposto-de-renda-agenda\/","title":{"rendered":"Semana de Imposto de Renda: veja como acertar na hora da declara\u00e7\u00e3o!"},"content":{"rendered":"<p>A declara\u00e7\u00e3o do<strong> Imposto de Renda<\/strong> \u00e9 um procedimento que deve ser feito por milh\u00f5es de brasileiros anualmente. Mesmo que pare\u00e7a dif\u00edcil, ainda \u00e9 poss\u00edvel preencher o documento sem maiores problemas.<\/p>\t<div class=\"wrapper-featured-image\">\n\t\t<figure class=\"spotlightImg\">\n\n\t\t\t<picture>\n\t\t\t\t<source media=\"(max-width: 768px)\" srcset=\"https:\/\/files.sunoresearch.com.br\/n\/uploads\/2023\/05\/Imposto-de-Renda-400x200.jpg\">\n\t\t\t\t<img loading=\"lazy\" decoding=\"async\" class=\"newsContent__article__imgCapa lazyloadDisabled \" src=\"https:\/\/files.sunoresearch.com.br\/n\/uploads\/2023\/05\/Imposto-de-Renda-800x450.jpg\" width=\"800\" height=\"450\" alt=\"Semana de Imposto de Renda: veja como acertar na hora da declara\u00e7\u00e3o!\" fetchpriority=high \/>\n\t\t\t<\/picture>\n\n\t\t\t<figcaption class=\"wp-caption-text wp-caption-text--show\">Semana de Imposto de Renda: veja como acertar na hora da declara\u00e7\u00e3o! Foto: Marcelo Camargo\/Ag\u00eancia Brasil<\/figcaption>\n\t\t<\/figure>\n\t<\/div>\n\n\n\n\n\n\n\n\t<p>\n\t\t<a href=\"\" target=\"_blank\" data-element=\"shortcode-suno-banner\" title=\"Banner SUNO, clique e saiba mais\">\n\t\t\t<picture>\n\t\t\t\t<source media=\"(max-width: 500px)\" srcset=\"\">\n\t\t\t\t<img class=\"newsContent__article__imgCapa newsContent__article__imgCapa--banner\"\n\t\t\t\t\tsrc=\"\"\n\t\t\t\t\tdata-promo-id=\"401219\"\t\t\t\t\t\t\t\t\t\t\t\t\t\t\talt=\"\"\n\t\t\t\t>\n\t\t\t<\/picture>\n\t\t<\/a>\n\t<\/p>\n\n\n\n\n\n<p>Por isso, se voc\u00ea deseja preencher a declara\u00e7\u00e3o do <a class=\"suno-keyword\" data-force=\"no\" data-priority=\"2\" href=\"https:\/\/www.suno.com.br\/guias\/imposto-de-renda-guia\/\" target=\"_blank\" rel=\"noopener\">Imposto de Renda<\/a> corretamente, voc\u00ea precisa acompanhar a Semana de Imposto de Renda do Suno Not\u00edcias, patrocinada pelo Grana Capital.<\/p>\n\n\n\n<p>Como acertar no envio da declara\u00e7\u00e3o do <strong>IRPF 2023<\/strong>? O que pode ser deduzido na <strong>declara\u00e7\u00e3o do IRPF 2023<\/strong>? Como declarar investimentos no <strong>IR 2023<\/strong>? Essas s\u00e3o algumas das quest\u00f5es que a Semana de Imposto de Renda vai te responder.<\/p>\n\n\n\n<p>O Suno Not\u00edcias apurou, com os melhores especialistas do mercado, tudo o que voc\u00ea precisa saber sobre o IRPF 2023. Voc\u00ea pode encontrar todo o conte\u00fado neste <a href=\"https:\/\/www.suno.com.br\/noticias\/tags\/semana-tematica\/\" target=\"_blank\" rel=\"noreferrer noopener\">link<\/a>.<\/p>\n\n\n\n<h2 class=\"wp-block-heading\">Semana de Imposto de Renda do Suno Not\u00edcias: como vai ser?<\/h2>\n\n\n\n<p>A Semana de Imposto de Renda do SUNO Not\u00edcias come\u00e7a nesta segunda-feira (8) e vai at\u00e9 a sexta-feira (12), com bastante conte\u00fado de qualidade. Confira:<\/p>\n\n\n\n<h3 class=\"wp-block-heading\">Segunda-feira (08\/05)<\/h3>\n\n\n\n<p>A semana tem\u00e1tica come\u00e7a com uma mat\u00e9ria dando cinco dicas para voc\u00ea acertar no envio da declara\u00e7\u00e3o do IRPF 2023. Essa reportagem tamb\u00e9m te mostra quais s\u00e3o as pessoas que precisam prestar contas ao <strong>fisco<\/strong> neste ano.<\/p>\n\n\n\t<p>\n\t\t<a href=\"https:\/\/lp.suno.com.br\/suno-one\/?utm_campaign=_SNC6964518A_\" target=\"_blank\" data-element=\"shortcode-suno-banner\" title=\"Banner SUNO, clique e saiba mais\">\n\t\t\t<picture>\n\t\t\t\t<source media=\"(max-width: 500px)\" srcset=\"https:\/\/files.sunoresearch.com.br\/n\/uploads\/2025\/09\/400x300-Suno-One-png.webp\">\n\t\t\t\t<img class=\"newsContent__article__imgCapa newsContent__article__imgCapa--banner\"\n\t\t\t\t\tsrc=\"https:\/\/files.sunoresearch.com.br\/n\/uploads\/2025\/09\/1420x240-Suno-One-png.webp\"\n\t\t\t\t\tdata-promo-id=\"383121\"\t\t\t\t\t\t\t\t\t\twidth='1420' height='240'\t\t\t\t\talt=\"https:\/\/files.sunoresearch.com.br\/n\/uploads\/2025\/09\/1420x240-Suno-One-png.webp\"\n\t\t\t\t>\n\t\t\t<\/picture>\n\t\t<\/a>\n\t<\/p>\n\n\n\n\n\n<h3 class=\"wp-block-heading\">Ter\u00e7a-feira (09\/05)<\/h3>\n\n\n\n<p>No segundo dia da Semana de IRPF, te mostraremos quais s\u00e3o os 10 erros mais cometidos pela maioria, no momento de declarar o IRPF. Al\u00e9m disso, a reportagem informar\u00e1 como evitar essas \u2018pegadinhas\u2019 para n\u00e3o cair na <a class=\"suno-keyword\" data-force=\"no\" data-priority=\"1\" href=\"https:\/\/www.suno.com.br\/artigos\/malha-fina\/\" target=\"_blank\" rel=\"noopener\">malha fina<\/a>.<\/p>\n\n\n\n<h3 class=\"wp-block-heading\">Quarta-feira (10\/05)<\/h3>\n\n\n\n<p>O terceiro dia ter\u00e1 uma mat\u00e9ria especial que informar\u00e1 o que pode ser deduzido na declara\u00e7\u00e3o do IRPF 2023. Para voc\u00ea ter uma compreens\u00e3o melhor do assunto, tamb\u00e9m citaremos quais despesas n\u00e3o s\u00e3o dedut\u00edveis no IR deste ano.<\/p>\n\n\n\n<p>O dia contar\u00e1 ainda com uma reportagem sobre a necessidade de declarar o &#8220;pedacinho do <strong>Nubank<\/strong>&#8220;, que nada mais \u00e9 do que um BDR \u2013 um certificado que representa um sexto de uma a\u00e7\u00e3o ordin\u00e1ria classe A da <strong>Nu Holdings<\/strong>, empresa l\u00edder do grupo Nubank, negociada na Bolsa de Nova York. Voc\u00ea ver\u00e1 um passo a passo de como informar esse dado ao fisco. <\/p>\n\n\n\n<h3 class=\"wp-block-heading\">Quinta-feira (11\/05)<\/h3>\n\n\n\n<p>No quarto dia da semana tem\u00e1tica, teremos uma reportagem que explicar\u00e1 como <strong>declarar investimentos<\/strong> no Imposto de Renda 2023. O conte\u00fado ainda apresentar\u00e1 quais aplica\u00e7\u00f5es precisam ser declaradas no IR.<\/p>\n\n\n\n<p>Neste dia, tamb\u00e9m ter\u00e1 uma reportagem explicando tudo que precisa saber como declarar o IR em fundos imobili\u00e1rios. Ser\u00e3o respondidas quest\u00f5es como declarar fundo n\u00e3o listado em Bolsa e como informar ganhos e preju\u00edzos.<\/p>\n\n\n\n<h3 class=\"wp-block-heading\">Sexta-feira (12\/05)<\/h3>\n\n\n\n<p>Para fechar, o \u00faltimo dia da Semana de Imposto de Renda vai trazer duas mat\u00e9rias referentes aos investimentos em a\u00e7\u00f5es. <\/p>\n\n\n\n<p>A primeira ir\u00e1 mostrar, detalhadamente, como \u00e9 realizada a declara\u00e7\u00e3o dos pap\u00e9is no IRPF 2023. A reportagem tamb\u00e9m citar\u00e1 quais s\u00e3o as mudan\u00e7as na declara\u00e7\u00e3o deste ano.<\/p>\n\n\n\n<p>A segunda tratar\u00e1 dos dividendos que s\u00e3o isentos de <strong>Imposto de Renda<\/strong>, mas tem que declarar. Ser\u00e1 apresentado todo o processo de como fazer.  <\/p>\n\n\n\t<p>\n\t\t<a href=\"https:\/\/lp.suno.com.br\/planilha-da-vida-financeira\/\" target=\"_blank\" data-element=\"shortcode-suno-banner\" title=\"Banner SUNO, clique e saiba mais\">\n\t\t\t<picture>\n\t\t\t\t<source media=\"(max-width: 500px)\" srcset=\"https:\/\/files.sunoresearch.com.br\/n\/uploads\/2023\/04\/400x300-Planilha-vida-financeira-true.png\">\n\t\t\t\t<img class=\"newsContent__article__imgCapa newsContent__article__imgCapa--banner\"\n\t\t\t\t\tsrc=\"https:\/\/files.sunoresearch.com.br\/n\/uploads\/2023\/04\/1420x240-Planilha-vida-financeira-true.png\"\n\t\t\t\t\tdata-promo-id=\"383123\"\t\t\t\t\t\t\t\t\t\twidth='1420' height='240'\t\t\t\t\talt=\"https:\/\/files.sunoresearch.com.br\/n\/uploads\/2023\/04\/1420x240-Planilha-vida-financeira-true.png\"\n\t\t\t\t>\n\t\t\t<\/picture>\n\t\t<\/a>\n\t<\/p>\n\n\n","protected":false},"excerpt":{"rendered":"<p>A declara\u00e7\u00e3o do Imposto de Renda \u00e9 um procedimento que deve ser feito por milh\u00f5es de brasileiros anualmente. Mesmo que pare\u00e7a dif\u00edcil, ainda \u00e9 poss\u00edvel preencher o documento sem maiores problemas. Semana de Imposto de Renda: veja como acertar na hora da declara\u00e7\u00e3o! Foto: Marcelo Camargo\/Ag\u00eancia Brasil Por isso, se voc\u00ea deseja preencher a declara\u00e7\u00e3o [&hellip;]<\/p>\n","protected":false},"author":224,"featured_media":400126,"comment_status":"closed","ping_status":"closed","sticky":false,"template":"","format":"standard","meta":[],"categories":[65],"tags":[286,303,847,106962],"suno_strategy":[],"class_list":["post-400096","post","type-post","status-publish","format-standard","has-post-thumbnail","hentry","category-financas-pessoais","tag-acoes","tag-imposto-de-renda","tag-receita-federal","tag-semana-tematica"],"yoast_head":"<!-- This site is optimized with the Yoast SEO plugin v24.4 - https:\/\/yoast.com\/wordpress\/plugins\/seo\/ -->\n<title>Semana de Imposto de Renda: veja como acertar na hora da declara\u00e7\u00e3o!<\/title>\n<meta name=\"description\" content=\"Na Semana de Imposto de Renda, voc\u00ea vai aprender como declarar o IRPF corretamente. Para n\u00e3o perder nenhum detalhe, leia aqui!\" \/>\n<meta name=\"robots\" content=\"index, follow, max-snippet:-1, max-image-preview:large, max-video-preview:-1\" \/>\n<link rel=\"canonical\" href=\"https:\/\/www.suno.com.br\/noticias\/semana-de-imposto-de-renda-agenda\/\" \/>\n<meta property=\"og:locale\" content=\"pt_BR\" \/>\n<meta property=\"og:type\" content=\"article\" \/>\n<meta property=\"og:title\" content=\"Semana de Imposto de Renda: veja como acertar na hora da declara\u00e7\u00e3o!\" \/>\n<meta property=\"og:description\" content=\"Na Semana de Imposto de Renda, voc\u00ea vai aprender como declarar o IRPF corretamente. Para n\u00e3o perder nenhum detalhe, leia aqui!\" \/>\n<meta property=\"og:url\" content=\"https:\/\/www.suno.com.br\/noticias\/semana-de-imposto-de-renda-agenda\/\" \/>\n<meta property=\"og:site_name\" content=\"Suno Not\u00edcias\" \/>\n<meta property=\"article:publisher\" content=\"https:\/\/facebook.com\/sunoresearch\" \/>\n<meta property=\"og:image\" content=\"https:\/\/files.sunoresearch.com.br\/n\/uploads\/2023\/05\/Imposto-de-Renda.jpg\" \/>\n\t<meta property=\"og:image:width\" content=\"1200\" \/>\n\t<meta property=\"og:image:height\" content=\"754\" \/>\n\t<meta property=\"og:image:type\" content=\"image\/jpeg\" \/>\n<meta name=\"author\" content=\"Silvio Suehiro\" \/>\n<meta name=\"twitter:card\" content=\"summary_large_image\" \/>\n<meta name=\"twitter:creator\" content=\"@sunoresearch\" \/>\n<meta name=\"twitter:site\" content=\"@sunoresearch\" \/>\n<meta name=\"twitter:label1\" content=\"Escrito por\" \/>\n\t<meta name=\"twitter:data1\" content=\"Silvio Suehiro\" \/>\n\t<meta name=\"twitter:label2\" content=\"Est. tempo de leitura\" \/>\n\t<meta name=\"twitter:data2\" content=\"3 minutos\" \/>\n<script type=\"application\/ld+json\" class=\"yoast-schema-graph\">{\"@context\":\"https:\/\/schema.org\",\"@graph\":[{\"@type\":\"NewsArticle\",\"@id\":\"https:\/\/www.suno.com.br\/noticias\/semana-de-imposto-de-renda-agenda\/#article\",\"isPartOf\":{\"@id\":\"https:\/\/www.suno.com.br\/noticias\/semana-de-imposto-de-renda-agenda\/\"},\"author\":{\"name\":\"Silvio Suehiro\",\"@id\":\"https:\/\/www.suno.com.br\/noticias\/#\/schema\/person\/c94f387eeb0598ad381eac3e47a8686c\"},\"headline\":\"Semana de Imposto de Renda: veja como acertar na hora da declara\u00e7\u00e3o!\",\"datePublished\":\"2023-05-08T10:00:00+00:00\",\"dateModified\":\"2023-05-08T15:48:49+00:00\",\"mainEntityOfPage\":{\"@id\":\"https:\/\/www.suno.com.br\/noticias\/semana-de-imposto-de-renda-agenda\/\"},\"wordCount\":543,\"publisher\":{\"@id\":\"https:\/\/www.suno.com.br\/noticias\/#organization\"},\"image\":{\"@id\":\"https:\/\/www.suno.com.br\/noticias\/semana-de-imposto-de-renda-agenda\/#primaryimage\"},\"thumbnailUrl\":\"https:\/\/files.sunoresearch.com.br\/n\/uploads\/2023\/05\/Imposto-de-Renda.jpg\",\"keywords\":[\"A\u00e7\u00f5es\",\"Imposto de Renda\",\"Receita Federal\",\"semana tem\u00e1tica\"],\"articleSection\":[\"Finan\u00e7as Pessoais\"],\"inLanguage\":\"pt-BR\"},{\"@type\":\"WebPage\",\"@id\":\"https:\/\/www.suno.com.br\/noticias\/semana-de-imposto-de-renda-agenda\/\",\"url\":\"https:\/\/www.suno.com.br\/noticias\/semana-de-imposto-de-renda-agenda\/\",\"name\":\"Semana de Imposto de Renda: veja como acertar na hora da declara\u00e7\u00e3o!\",\"isPartOf\":{\"@id\":\"https:\/\/www.suno.com.br\/noticias\/#website\"},\"primaryImageOfPage\":{\"@id\":\"https:\/\/www.suno.com.br\/noticias\/semana-de-imposto-de-renda-agenda\/#primaryimage\"},\"image\":{\"@id\":\"https:\/\/www.suno.com.br\/noticias\/semana-de-imposto-de-renda-agenda\/#primaryimage\"},\"thumbnailUrl\":\"https:\/\/files.sunoresearch.com.br\/n\/uploads\/2023\/05\/Imposto-de-Renda.jpg\",\"datePublished\":\"2023-05-08T10:00:00+00:00\",\"dateModified\":\"2023-05-08T15:48:49+00:00\",\"description\":\"Na Semana de Imposto de Renda, voc\u00ea vai aprender como declarar o IRPF corretamente. Para n\u00e3o perder nenhum detalhe, leia aqui!\",\"breadcrumb\":{\"@id\":\"https:\/\/www.suno.com.br\/noticias\/semana-de-imposto-de-renda-agenda\/#breadcrumb\"},\"inLanguage\":\"pt-BR\",\"potentialAction\":[{\"@type\":\"ReadAction\",\"target\":[\"https:\/\/www.suno.com.br\/noticias\/semana-de-imposto-de-renda-agenda\/\"]}]},{\"@type\":\"ImageObject\",\"inLanguage\":\"pt-BR\",\"@id\":\"https:\/\/www.suno.com.br\/noticias\/semana-de-imposto-de-renda-agenda\/#primaryimage\",\"url\":\"https:\/\/files.sunoresearch.com.br\/n\/uploads\/2023\/05\/Imposto-de-Renda.jpg\",\"contentUrl\":\"https:\/\/files.sunoresearch.com.br\/n\/uploads\/2023\/05\/Imposto-de-Renda.jpg\",\"width\":1200,\"height\":754,\"caption\":\"Semana de Imposto de Renda: veja como acertar na hora da declara\u00e7\u00e3o! Foto: Marcelo Camargo\/Ag\u00eancia Brasil\"},{\"@type\":\"BreadcrumbList\",\"@id\":\"https:\/\/www.suno.com.br\/noticias\/semana-de-imposto-de-renda-agenda\/#breadcrumb\",\"itemListElement\":[{\"@type\":\"ListItem\",\"position\":1,\"name\":\"Not\u00edcias\",\"item\":\"https:\/\/www.suno.com.br\/noticias\/\"},{\"@type\":\"ListItem\",\"position\":2,\"name\":\"Finan\u00e7as Pessoais\",\"item\":\"https:\/\/www.suno.com.br\/noticias\/financas-pessoais\/\"},{\"@type\":\"ListItem\",\"position\":3,\"name\":\"Semana de Imposto de Renda: veja como acertar na hora da declara\u00e7\u00e3o!\"}]},{\"@type\":\"WebSite\",\"@id\":\"https:\/\/www.suno.com.br\/noticias\/#website\",\"url\":\"https:\/\/www.suno.com.br\/noticias\/\",\"name\":\"Suno Not\u00edcias\",\"description\":\"Seu portal de informa\u00e7\u00e3o sobre o mundo dos investimentos\",\"publisher\":{\"@id\":\"https:\/\/www.suno.com.br\/noticias\/#organization\"},\"potentialAction\":[{\"@type\":\"SearchAction\",\"target\":{\"@type\":\"EntryPoint\",\"urlTemplate\":\"https:\/\/www.suno.com.br\/noticias\/?s={search_term_string}\"},\"query-input\":{\"@type\":\"PropertyValueSpecification\",\"valueRequired\":true,\"valueName\":\"search_term_string\"}}],\"inLanguage\":\"pt-BR\"},{\"@type\":\"Organization\",\"@id\":\"https:\/\/www.suno.com.br\/noticias\/#organization\",\"name\":\"Suno Not\u00edcias\",\"url\":\"https:\/\/www.suno.com.br\/noticias\/\",\"logo\":{\"@type\":\"ImageObject\",\"inLanguage\":\"pt-BR\",\"@id\":\"https:\/\/www.suno.com.br\/noticias\/#\/schema\/logo\/image\/\",\"url\":\"https:\/\/files.sunoresearch.com.br\/n\/uploads\/2021\/09\/suno-logo.png\",\"contentUrl\":\"https:\/\/files.sunoresearch.com.br\/n\/uploads\/2021\/09\/suno-logo.png\",\"width\":180,\"height\":180,\"caption\":\"Suno Not\u00edcias\"},\"image\":{\"@id\":\"https:\/\/www.suno.com.br\/noticias\/#\/schema\/logo\/image\/\"},\"sameAs\":[\"https:\/\/facebook.com\/sunoresearch\",\"https:\/\/x.com\/sunoresearch\",\"https:\/\/www.instagram.com\/suno\",\"https:\/\/www.linkedin.com\/company\/suno-research\/\",\"https:\/\/www.youtube.com\/c\/sunoresearch\"]},{\"@type\":\"Person\",\"@id\":\"https:\/\/www.suno.com.br\/noticias\/#\/schema\/person\/c94f387eeb0598ad381eac3e47a8686c\",\"name\":\"Silvio Suehiro\",\"image\":{\"@type\":\"ImageObject\",\"inLanguage\":\"pt-BR\",\"@id\":\"https:\/\/www.suno.com.br\/noticias\/#\/schema\/person\/image\/\",\"url\":\"https:\/\/secure.gravatar.com\/avatar\/06585eb21140975c6be6bb79a07edac1?s=96&r=g\",\"contentUrl\":\"https:\/\/secure.gravatar.com\/avatar\/06585eb21140975c6be6bb79a07edac1?s=96&r=g\",\"caption\":\"Silvio Suehiro\"},\"description\":\"Redator freelancer, com experi\u00eancia na produ\u00e7\u00e3o de not\u00edcias e artigos para as \u00e1reas de economia, finan\u00e7as e investimentos. Graduado em Comunica\u00e7\u00e3o Social - Jornalismo pela Universidade de Mogi das Cruzes (UMC), e p\u00f3s-graduado em Produ\u00e7\u00e3o Audiovisual Multiplataforma pela Universidade Anhembi Morumbi (UAM).\",\"url\":\"https:\/\/www.suno.com.br\/noticias\/author\/silvio-suehiro\/\"}]}<\/script>\n<!-- \/ Yoast SEO plugin. -->","yoast_head_json":{"title":"Semana de Imposto de Renda: veja como acertar na hora da declara\u00e7\u00e3o!","description":"Na Semana de Imposto de Renda, voc\u00ea vai aprender como declarar o IRPF corretamente. Para n\u00e3o perder nenhum detalhe, leia aqui!","robots":{"index":"index","follow":"follow","max-snippet":"max-snippet:-1","max-image-preview":"max-image-preview:large","max-video-preview":"max-video-preview:-1"},"canonical":"https:\/\/www.suno.com.br\/noticias\/semana-de-imposto-de-renda-agenda\/","og_locale":"pt_BR","og_type":"article","og_title":"Semana de Imposto de Renda: veja como acertar na hora da declara\u00e7\u00e3o!","og_description":"Na Semana de Imposto de Renda, voc\u00ea vai aprender como declarar o IRPF corretamente. Para n\u00e3o perder nenhum detalhe, leia aqui!","og_url":"https:\/\/www.suno.com.br\/noticias\/semana-de-imposto-de-renda-agenda\/","og_site_name":"Suno Not\u00edcias","article_publisher":"https:\/\/facebook.com\/sunoresearch","og_image":[{"width":1200,"height":754,"url":"https:\/\/files.sunoresearch.com.br\/n\/uploads\/2023\/05\/Imposto-de-Renda.jpg","type":"image\/jpeg"}],"author":"Silvio Suehiro","twitter_card":"summary_large_image","twitter_creator":"@sunoresearch","twitter_site":"@sunoresearch","twitter_misc":{"Escrito por":"Silvio Suehiro","Est. tempo de leitura":"3 minutos"},"schema":{"@context":"https:\/\/schema.org","@graph":[{"@type":"NewsArticle","@id":"https:\/\/www.suno.com.br\/noticias\/semana-de-imposto-de-renda-agenda\/#article","isPartOf":{"@id":"https:\/\/www.suno.com.br\/noticias\/semana-de-imposto-de-renda-agenda\/"},"author":{"name":"Silvio Suehiro","@id":"https:\/\/www.suno.com.br\/noticias\/#\/schema\/person\/c94f387eeb0598ad381eac3e47a8686c"},"headline":"Semana de Imposto de Renda: veja como acertar na hora da declara\u00e7\u00e3o!","datePublished":"2023-05-08T10:00:00+00:00","dateModified":"2023-05-08T15:48:49+00:00","mainEntityOfPage":{"@id":"https:\/\/www.suno.com.br\/noticias\/semana-de-imposto-de-renda-agenda\/"},"wordCount":543,"publisher":{"@id":"https:\/\/www.suno.com.br\/noticias\/#organization"},"image":{"@id":"https:\/\/www.suno.com.br\/noticias\/semana-de-imposto-de-renda-agenda\/#primaryimage"},"thumbnailUrl":"https:\/\/files.sunoresearch.com.br\/n\/uploads\/2023\/05\/Imposto-de-Renda.jpg","keywords":["A\u00e7\u00f5es","Imposto de Renda","Receita Federal","semana tem\u00e1tica"],"articleSection":["Finan\u00e7as Pessoais"],"inLanguage":"pt-BR"},{"@type":"WebPage","@id":"https:\/\/www.suno.com.br\/noticias\/semana-de-imposto-de-renda-agenda\/","url":"https:\/\/www.suno.com.br\/noticias\/semana-de-imposto-de-renda-agenda\/","name":"Semana de Imposto de Renda: veja como acertar na hora da declara\u00e7\u00e3o!","isPartOf":{"@id":"https:\/\/www.suno.com.br\/noticias\/#website"},"primaryImageOfPage":{"@id":"https:\/\/www.suno.com.br\/noticias\/semana-de-imposto-de-renda-agenda\/#primaryimage"},"image":{"@id":"https:\/\/www.suno.com.br\/noticias\/semana-de-imposto-de-renda-agenda\/#primaryimage"},"thumbnailUrl":"https:\/\/files.sunoresearch.com.br\/n\/uploads\/2023\/05\/Imposto-de-Renda.jpg","datePublished":"2023-05-08T10:00:00+00:00","dateModified":"2023-05-08T15:48:49+00:00","description":"Na Semana de Imposto de Renda, voc\u00ea vai aprender como declarar o IRPF corretamente. Para n\u00e3o perder nenhum detalhe, leia aqui!","breadcrumb":{"@id":"https:\/\/www.suno.com.br\/noticias\/semana-de-imposto-de-renda-agenda\/#breadcrumb"},"inLanguage":"pt-BR","potentialAction":[{"@type":"ReadAction","target":["https:\/\/www.suno.com.br\/noticias\/semana-de-imposto-de-renda-agenda\/"]}]},{"@type":"ImageObject","inLanguage":"pt-BR","@id":"https:\/\/www.suno.com.br\/noticias\/semana-de-imposto-de-renda-agenda\/#primaryimage","url":"https:\/\/files.sunoresearch.com.br\/n\/uploads\/2023\/05\/Imposto-de-Renda.jpg","contentUrl":"https:\/\/files.sunoresearch.com.br\/n\/uploads\/2023\/05\/Imposto-de-Renda.jpg","width":1200,"height":754,"caption":"Semana de Imposto de Renda: veja como acertar na hora da declara\u00e7\u00e3o! Foto: Marcelo Camargo\/Ag\u00eancia Brasil"},{"@type":"BreadcrumbList","@id":"https:\/\/www.suno.com.br\/noticias\/semana-de-imposto-de-renda-agenda\/#breadcrumb","itemListElement":[{"@type":"ListItem","position":1,"name":"Not\u00edcias","item":"https:\/\/www.suno.com.br\/noticias\/"},{"@type":"ListItem","position":2,"name":"Finan\u00e7as Pessoais","item":"https:\/\/www.suno.com.br\/noticias\/financas-pessoais\/"},{"@type":"ListItem","position":3,"name":"Semana de Imposto de Renda: veja como acertar na hora da declara\u00e7\u00e3o!"}]},{"@type":"WebSite","@id":"https:\/\/www.suno.com.br\/noticias\/#website","url":"https:\/\/www.suno.com.br\/noticias\/","name":"Suno Not\u00edcias","description":"Seu portal de informa\u00e7\u00e3o sobre o mundo dos investimentos","publisher":{"@id":"https:\/\/www.suno.com.br\/noticias\/#organization"},"potentialAction":[{"@type":"SearchAction","target":{"@type":"EntryPoint","urlTemplate":"https:\/\/www.suno.com.br\/noticias\/?s={search_term_string}"},"query-input":{"@type":"PropertyValueSpecification","valueRequired":true,"valueName":"search_term_string"}}],"inLanguage":"pt-BR"},{"@type":"Organization","@id":"https:\/\/www.suno.com.br\/noticias\/#organization","name":"Suno Not\u00edcias","url":"https:\/\/www.suno.com.br\/noticias\/","logo":{"@type":"ImageObject","inLanguage":"pt-BR","@id":"https:\/\/www.suno.com.br\/noticias\/#\/schema\/logo\/image\/","url":"https:\/\/files.sunoresearch.com.br\/n\/uploads\/2021\/09\/suno-logo.png","contentUrl":"https:\/\/files.sunoresearch.com.br\/n\/uploads\/2021\/09\/suno-logo.png","width":180,"height":180,"caption":"Suno Not\u00edcias"},"image":{"@id":"https:\/\/www.suno.com.br\/noticias\/#\/schema\/logo\/image\/"},"sameAs":["https:\/\/facebook.com\/sunoresearch","https:\/\/x.com\/sunoresearch","https:\/\/www.instagram.com\/suno","https:\/\/www.linkedin.com\/company\/suno-research\/","https:\/\/www.youtube.com\/c\/sunoresearch"]},{"@type":"Person","@id":"https:\/\/www.suno.com.br\/noticias\/#\/schema\/person\/c94f387eeb0598ad381eac3e47a8686c","name":"Silvio Suehiro","image":{"@type":"ImageObject","inLanguage":"pt-BR","@id":"https:\/\/www.suno.com.br\/noticias\/#\/schema\/person\/image\/","url":"https:\/\/secure.gravatar.com\/avatar\/06585eb21140975c6be6bb79a07edac1?s=96&r=g","contentUrl":"https:\/\/secure.gravatar.com\/avatar\/06585eb21140975c6be6bb79a07edac1?s=96&r=g","caption":"Silvio Suehiro"},"description":"Redator freelancer, com experi\u00eancia na produ\u00e7\u00e3o de not\u00edcias e artigos para as \u00e1reas de economia, finan\u00e7as e investimentos. Graduado em Comunica\u00e7\u00e3o Social - Jornalismo pela Universidade de Mogi das Cruzes (UMC), e p\u00f3s-graduado em Produ\u00e7\u00e3o Audiovisual Multiplataforma pela Universidade Anhembi Morumbi (UAM).","url":"https:\/\/www.suno.com.br\/noticias\/author\/silvio-suehiro\/"}]}},"default_loop_html":"<div class=\"cardsPage__listCard__boxs\"><div class=\"cardsPage__listCard__boxs__img\"><a href=\"https:\/\/www.suno.com.br\/noticias\/semana-de-imposto-de-renda-agenda\/\"><img class=\"mask\" src=\"https:\/\/www.suno.com.br\/noticias\/wp-content\/themes\/suno\/resources\/images\/spotlight\/spotlight1img\/bg-mask.png\" alt=\"Image Mask\"\/><img src=\"https:\/\/files.sunoresearch.com.br\/n\/uploads\/2023\/05\/Imposto-de-Renda-400x200.jpg\" alt=\"Semana de Imposto de Renda: veja como acertar na hora da declara\u00e7\u00e3o!\"\/><\/a><span class=\"spotlightCategory\"><a href=\"https:\/\/www.suno.com.br\/noticias\/financas-pessoais\/\">Finan\u00e7as Pessoais<\/a><\/span><\/div><div class=\"cardsPage__listCard__boxs__content\"><a href=\"https:\/\/www.suno.com.br\/noticias\/semana-de-imposto-de-renda-agenda\/\"><h2 class=\"content__title\">Semana de Imposto de Renda: veja como acertar na hora da declara\u00e7\u00e3o!<\/h2><\/a><div class=\"newsContent__article__meta\"><div class=\"newsContent__article__meta__authorBox\"><a href=\"https:\/\/www.suno.com.br\/noticias\/author\/silvio-suehiro\/\" class=\"authorBox__avatar noMobi\"><img src=\"https:\/\/secure.gravatar.com\/avatar\/06585eb21140975c6be6bb79a07edac1?s=96&#038;r=g\" alt=\"Silvio Suehiro\"><\/a><div class=\"authorBox__name\"><span>por\n\t\t\t<a href=\"https:\/\/www.suno.com.br\/noticias\/author\/silvio-suehiro\/\"><span itemprop=\"author\">Silvio Suehiro<\/span><\/a><\/span><time datetime=\"2023-05-08T07:00:00-03:00\" itemprop=\"datePublished\">08\/05\/2023 07:00<\/time><\/div><\/div><\/div><\/div><\/div>","single_layout":"posts","amp_enabled":true,"_links":{"self":[{"href":"https:\/\/www.suno.com.br\/noticias\/wp-json\/wp\/v2\/posts\/400096"}],"collection":[{"href":"https:\/\/www.suno.com.br\/noticias\/wp-json\/wp\/v2\/posts"}],"about":[{"href":"https:\/\/www.suno.com.br\/noticias\/wp-json\/wp\/v2\/types\/post"}],"author":[{"embeddable":true,"href":"https:\/\/www.suno.com.br\/noticias\/wp-json\/wp\/v2\/users\/224"}],"replies":[{"embeddable":true,"href":"https:\/\/www.suno.com.br\/noticias\/wp-json\/wp\/v2\/comments?post=400096"}],"version-history":[{"count":3,"href":"https:\/\/www.suno.com.br\/noticias\/wp-json\/wp\/v2\/posts\/400096\/revisions"}],"predecessor-version":[{"id":401294,"href":"https:\/\/www.suno.com.br\/noticias\/wp-json\/wp\/v2\/posts\/400096\/revisions\/401294"}],"wp:featuredmedia":[{"embeddable":true,"href":"https:\/\/www.suno.com.br\/noticias\/wp-json\/wp\/v2\/media\/400126"}],"wp:attachment":[{"href":"https:\/\/www.suno.com.br\/noticias\/wp-json\/wp\/v2\/media?parent=400096"}],"wp:term":[{"taxonomy":"category","embeddable":true,"href":"https:\/\/www.suno.com.br\/noticias\/wp-json\/wp\/v2\/categories?post=400096"},{"taxonomy":"post_tag","embeddable":true,"href":"https:\/\/www.suno.com.br\/noticias\/wp-json\/wp\/v2\/tags?post=400096"},{"taxonomy":"suno_strategy","embeddable":true,"href":"https:\/\/www.suno.com.br\/noticias\/wp-json\/wp\/v2\/suno_strategy?post=400096"}],"curies":[{"name":"wp","href":"https:\/\/api.w.org\/{rel}","templated":true}]}}