{"id":39997,"date":"2019-10-06T10:38:08","date_gmt":"2019-10-06T13:38:08","guid":{"rendered":"https:\/\/www.suno.com.br\/noticias\/?p=39997"},"modified":"2021-02-18T17:23:48","modified_gmt":"2021-02-18T20:23:48","slug":"maia-afirma-selic-muito-alta","status":"publish","type":"post","link":"https:\/\/www.suno.com.br\/noticias\/maia-afirma-selic-muito-alta\/","title":{"rendered":"Maia afirma que Selic est\u00e1 muito alta em rela\u00e7\u00e3o a juros de outros pa\u00edses"},"content":{"rendered":"<p>O presidente da C\u00e2mara dos Deputados, <strong>Rodrigo<\/strong> <strong>Maia<\/strong> (DEM-RJ), afirmou no \u00faltimo s\u00e1bado (5) que a taxa de juros do Brasil <a href=\"https:\/\/www.suno.com.br\/artigos\/taxa-selic\/\">(Selic)<\/a> permanece muito alta em compara\u00e7\u00e3o com pa\u00edses mais desenvolvidos. Maia ainda citou que alguns pa\u00edses est\u00e3o com a taxa de juros em n\u00edvel negativo.<\/p>\t<div class=\"wrapper-featured-image\">\n\t\t<figure class=\"spotlightImg\">\n\n\t\t\t<picture>\n\t\t\t\t<source media=\"(max-width: 768px)\" srcset=\"https:\/\/files.sunoresearch.com.br\/n\/uploads\/2019\/06\/9bb389f7-maia-400x200.webp\">\n\t\t\t\t<img loading=\"lazy\" decoding=\"async\" class=\"newsContent__article__imgCapa lazyloadDisabled newsContent__article__imgCapa--noCaption\" src=\"https:\/\/files.sunoresearch.com.br\/n\/uploads\/2019\/06\/9bb389f7-maia-800x450.webp\" width=\"800\" height=\"450\" alt=\"Maia afirma que Selic est\u00e1 muito alta em rela\u00e7\u00e3o a juros de outros pa\u00edses\" fetchpriority=high \/>\n\t\t\t<\/picture>\n\n\t\t\t<figcaption class=\"wp-caption-text wp-caption-text--hide\">Maia descarta corte de sal\u00e1rios para financiar coronavoucher<\/figcaption>\n\t\t<\/figure>\n\t<\/div>\n\n\n\n<p>Mesmo com declara\u00e7\u00f5es fortes, Maia salientou que n\u00e3o busca causar interfer\u00eancia em decis\u00f5es de politica monet\u00e1ria do Banco Central. Entretanto, o deputado fez quest\u00e3o de deixar claro que h\u00e1 espa\u00e7o para novos cortes na <strong>Selic<\/strong>.<\/p>\n<p>As declara\u00e7\u00f5es do deputado foram feitas em um evento da revista Piau\u00ed, em S\u00e3o Paulo.<\/p>\n<h2>\u00daltimo corte na taxa de juros do Brasil<\/h2>\n<p>O <a href=\"https:\/\/www.suno.com.br\/artigos\/copom\/\">Comit\u00ea de Pol\u00edtica Monet\u00e1ria (Copom)<\/a> do <a href=\"https:\/\/www.suno.com.br\/artigos\/bacen\/\"><strong>Banco Central (BC)<\/strong><\/a> decidiu, no dia 18 de setembro, cortar em 0,50 ponto percentual a\u00a0taxa b\u00e1sica de juros.<\/p>\n<p>A taxa b\u00e1sica de juros ficou em 5,50% ao ano, em uma nova m\u00ednima hist\u00f3rica. Essa foi a segunda vez que o BC cortou a <strong>Selic<\/strong> desde o come\u00e7o do mandato de <strong><a href=\"https:\/\/www.suno.com.br\/noticias\/roberto-campos-neto-presidente-bc\/\">Roberto Campos Neto<\/a><\/strong>, no come\u00e7o de 2019.<\/p>\n<p><a href=\"https:\/\/www.suno.com.br\/noticias\/odebrecht-bndes-recuperacao-judicial\/\">Veja tamb\u00e9m: Odebrecht: BNDES requisita novo plano de recupera\u00e7\u00e3o judicial<\/a><\/p>\n<p>A decis\u00e3o do Banco Central tinha sido prevista pelos analistas do mercado. O \u00faltimo <a href=\"https:\/\/www.suno.com.br\/artigos\/relatorio-focus\/\">Boletim Focus<\/a>, divulgado no dia 16 de setembro, indicou uma previs\u00e3o de uma Selic em 5,00% at\u00e9 o final de 2019.<\/p>\n<h2>Cen\u00e1rio macroecon\u00f4mico e influ\u00eancia no corte da Selic<\/h2>\n<p>O novo corte da Selic foi motivado pelo cen\u00e1rio macroecon\u00f4mico. O <a href=\"https:\/\/www.suno.com.br\/artigos\/ipca\/\"><strong>\u00cdndice Nacional de Pre\u00e7os ao Consumidor Amplo<\/strong><\/a> (IPCA) diminuiu para 0,11% em agosto. No m\u00eas de julho, o \u00edndice registrou uma alta de 0,19%.<\/p>\n<p>A meta do governo no acumulado para o ano \u00e9 de 4,25%. At\u00e9 o momento, o <strong>IPCA<\/strong> atingiu 3,43% em 12 meses. No acumulado dos \u00faltimos 12 meses a infla\u00e7\u00e3o oficial do Brasil ficou em 3,22%.<\/p>\n<h2>Novo corte at\u00e9 final de 2019<\/h2>\n<p>Mesmo com o \u00faltimo corte da <strong>Selic<\/strong>, algumas institui\u00e7\u00f5es financeiras prev\u00eaem um corte ainda maior da taxa de juros, que poderia chegar em 4,75%. Entre eles, por exemplo, est\u00e1 o Bradesco<strong>,<\/strong> que prev\u00ea a manuten\u00e7\u00e3o dessa taxa at\u00e9 o final de 2020.<\/p>\n","protected":false},"excerpt":{"rendered":"<p>O presidente da C\u00e2mara dos Deputados, Rodrigo Maia (DEM-RJ), afirmou no \u00faltimo s\u00e1bado (5) que a taxa de juros do Brasil (Selic) permanece muito alta em compara\u00e7\u00e3o com pa\u00edses mais desenvolvidos. Maia ainda citou que alguns pa\u00edses est\u00e3o com a taxa de juros em n\u00edvel negativo. Maia descarta corte de sal\u00e1rios para financiar coronavoucher Mesmo [&hellip;]<\/p>\n","protected":false},"author":19,"featured_media":29205,"comment_status":"closed","ping_status":"closed","sticky":false,"template":"","format":"standard","meta":[],"categories":[62],"tags":[892,290],"suno_strategy":[],"class_list":["post-39997","post","type-post","status-publish","format-standard","has-post-thumbnail","hentry","category-economia","tag-rodrigo-maia","tag-taxa-selic"],"yoast_head":"<!-- This site is optimized with the Yoast SEO plugin v24.4 - https:\/\/yoast.com\/wordpress\/plugins\/seo\/ -->\n<title>Maia afirma que Selic est\u00e1 muito alta em rela\u00e7\u00e3o a juros de outros pa\u00edses<\/title>\n<meta name=\"description\" content=\"O presidente da C\u00e2mara dos Deputados, Rodrigo Maia (DEM-RJ), afirmou que a taxa de juros do Brasil (Selic) permanece muito alta. Saiba mais.\" \/>\n<meta name=\"robots\" content=\"index, follow, max-snippet:-1, max-image-preview:large, max-video-preview:-1\" \/>\n<link rel=\"canonical\" href=\"https:\/\/www.suno.com.br\/noticias\/maia-afirma-selic-muito-alta\/\" \/>\n<meta property=\"og:locale\" content=\"pt_BR\" \/>\n<meta property=\"og:type\" content=\"article\" \/>\n<meta property=\"og:title\" content=\"Maia afirma que Selic est\u00e1 muito alta em rela\u00e7\u00e3o a juros de outros pa\u00edses\" \/>\n<meta property=\"og:description\" content=\"O presidente da C\u00e2mara dos Deputados, Rodrigo Maia (DEM-RJ), afirmou que a taxa de juros do Brasil (Selic) permanece muito alta. Saiba mais.\" \/>\n<meta property=\"og:url\" content=\"https:\/\/www.suno.com.br\/noticias\/maia-afirma-selic-muito-alta\/\" \/>\n<meta property=\"og:site_name\" content=\"Suno Not\u00edcias\" \/>\n<meta property=\"article:publisher\" content=\"https:\/\/facebook.com\/sunoresearch\" \/>\n<meta property=\"og:image\" content=\"https:\/\/files.sunoresearch.com.br\/n\/uploads\/2019\/06\/9bb389f7-maia.jpg\" \/>\n\t<meta property=\"og:image:width\" content=\"1140\" \/>\n\t<meta property=\"og:image:height\" content=\"760\" \/>\n\t<meta property=\"og:image:type\" content=\"image\/jpeg\" \/>\n<meta name=\"author\" content=\"Juliano Passaro\" \/>\n<meta name=\"twitter:card\" content=\"summary_large_image\" \/>\n<meta name=\"twitter:creator\" content=\"@sunoresearch\" \/>\n<meta name=\"twitter:site\" content=\"@sunoresearch\" \/>\n<meta name=\"twitter:label1\" content=\"Escrito por\" \/>\n\t<meta name=\"twitter:data1\" content=\"Juliano Passaro\" \/>\n\t<meta name=\"twitter:label2\" content=\"Est. tempo de leitura\" \/>\n\t<meta name=\"twitter:data2\" content=\"2 minutos\" \/>\n<script type=\"application\/ld+json\" class=\"yoast-schema-graph\">{\"@context\":\"https:\/\/schema.org\",\"@graph\":[{\"@type\":\"NewsArticle\",\"@id\":\"https:\/\/www.suno.com.br\/noticias\/maia-afirma-selic-muito-alta\/#article\",\"isPartOf\":{\"@id\":\"https:\/\/www.suno.com.br\/noticias\/maia-afirma-selic-muito-alta\/\"},\"author\":{\"name\":\"Juliano Passaro\",\"@id\":\"https:\/\/www.suno.com.br\/noticias\/#\/schema\/person\/1db762f78ffd8919a648a63e425953e3\"},\"headline\":\"Maia afirma que Selic est\u00e1 muito alta em rela\u00e7\u00e3o a juros de outros pa\u00edses\",\"datePublished\":\"2019-10-06T13:38:08+00:00\",\"dateModified\":\"2021-02-18T20:23:48+00:00\",\"mainEntityOfPage\":{\"@id\":\"https:\/\/www.suno.com.br\/noticias\/maia-afirma-selic-muito-alta\/\"},\"wordCount\":379,\"publisher\":{\"@id\":\"https:\/\/www.suno.com.br\/noticias\/#organization\"},\"image\":{\"@id\":\"https:\/\/www.suno.com.br\/noticias\/maia-afirma-selic-muito-alta\/#primaryimage\"},\"thumbnailUrl\":\"https:\/\/files.sunoresearch.com.br\/n\/uploads\/2019\/06\/9bb389f7-maia-jpg.webp\",\"keywords\":[\"Rodrigo Maia\",\"Taxa Selic\"],\"articleSection\":[\"Economia\"],\"inLanguage\":\"pt-BR\"},{\"@type\":\"WebPage\",\"@id\":\"https:\/\/www.suno.com.br\/noticias\/maia-afirma-selic-muito-alta\/\",\"url\":\"https:\/\/www.suno.com.br\/noticias\/maia-afirma-selic-muito-alta\/\",\"name\":\"Maia afirma que Selic est\u00e1 muito alta em rela\u00e7\u00e3o a juros de outros pa\u00edses\",\"isPartOf\":{\"@id\":\"https:\/\/www.suno.com.br\/noticias\/#website\"},\"primaryImageOfPage\":{\"@id\":\"https:\/\/www.suno.com.br\/noticias\/maia-afirma-selic-muito-alta\/#primaryimage\"},\"image\":{\"@id\":\"https:\/\/www.suno.com.br\/noticias\/maia-afirma-selic-muito-alta\/#primaryimage\"},\"thumbnailUrl\":\"https:\/\/files.sunoresearch.com.br\/n\/uploads\/2019\/06\/9bb389f7-maia-jpg.webp\",\"datePublished\":\"2019-10-06T13:38:08+00:00\",\"dateModified\":\"2021-02-18T20:23:48+00:00\",\"description\":\"O presidente da C\u00e2mara dos Deputados, Rodrigo Maia (DEM-RJ), afirmou que a taxa de juros do Brasil (Selic) permanece muito alta. Saiba mais.\",\"breadcrumb\":{\"@id\":\"https:\/\/www.suno.com.br\/noticias\/maia-afirma-selic-muito-alta\/#breadcrumb\"},\"inLanguage\":\"pt-BR\",\"potentialAction\":[{\"@type\":\"ReadAction\",\"target\":[\"https:\/\/www.suno.com.br\/noticias\/maia-afirma-selic-muito-alta\/\"]}]},{\"@type\":\"ImageObject\",\"inLanguage\":\"pt-BR\",\"@id\":\"https:\/\/www.suno.com.br\/noticias\/maia-afirma-selic-muito-alta\/#primaryimage\",\"url\":\"https:\/\/files.sunoresearch.com.br\/n\/uploads\/2019\/06\/9bb389f7-maia-jpg.webp\",\"contentUrl\":\"https:\/\/files.sunoresearch.com.br\/n\/uploads\/2019\/06\/9bb389f7-maia-jpg.webp\",\"width\":1140,\"height\":760,\"caption\":\"Maia descarta corte de sal\u00e1rios para financiar coronavoucher\"},{\"@type\":\"BreadcrumbList\",\"@id\":\"https:\/\/www.suno.com.br\/noticias\/maia-afirma-selic-muito-alta\/#breadcrumb\",\"itemListElement\":[{\"@type\":\"ListItem\",\"position\":1,\"name\":\"Not\u00edcias\",\"item\":\"https:\/\/www.suno.com.br\/noticias\/\"},{\"@type\":\"ListItem\",\"position\":2,\"name\":\"Economia\",\"item\":\"https:\/\/www.suno.com.br\/noticias\/economia\/\"},{\"@type\":\"ListItem\",\"position\":3,\"name\":\"Maia afirma que Selic est\u00e1 muito alta em rela\u00e7\u00e3o a juros de outros pa\u00edses\"}]},{\"@type\":\"WebSite\",\"@id\":\"https:\/\/www.suno.com.br\/noticias\/#website\",\"url\":\"https:\/\/www.suno.com.br\/noticias\/\",\"name\":\"Suno Not\u00edcias\",\"description\":\"Seu portal de informa\u00e7\u00e3o sobre o mundo dos investimentos\",\"publisher\":{\"@id\":\"https:\/\/www.suno.com.br\/noticias\/#organization\"},\"potentialAction\":[{\"@type\":\"SearchAction\",\"target\":{\"@type\":\"EntryPoint\",\"urlTemplate\":\"https:\/\/www.suno.com.br\/noticias\/?s={search_term_string}\"},\"query-input\":{\"@type\":\"PropertyValueSpecification\",\"valueRequired\":true,\"valueName\":\"search_term_string\"}}],\"inLanguage\":\"pt-BR\"},{\"@type\":\"Organization\",\"@id\":\"https:\/\/www.suno.com.br\/noticias\/#organization\",\"name\":\"Suno Not\u00edcias\",\"url\":\"https:\/\/www.suno.com.br\/noticias\/\",\"logo\":{\"@type\":\"ImageObject\",\"inLanguage\":\"pt-BR\",\"@id\":\"https:\/\/www.suno.com.br\/noticias\/#\/schema\/logo\/image\/\",\"url\":\"https:\/\/files.sunoresearch.com.br\/n\/uploads\/2021\/09\/suno-logo.png\",\"contentUrl\":\"https:\/\/files.sunoresearch.com.br\/n\/uploads\/2021\/09\/suno-logo.png\",\"width\":180,\"height\":180,\"caption\":\"Suno Not\u00edcias\"},\"image\":{\"@id\":\"https:\/\/www.suno.com.br\/noticias\/#\/schema\/logo\/image\/\"},\"sameAs\":[\"https:\/\/facebook.com\/sunoresearch\",\"https:\/\/x.com\/sunoresearch\",\"https:\/\/www.instagram.com\/suno\",\"https:\/\/www.linkedin.com\/company\/suno-research\/\",\"https:\/\/www.youtube.com\/c\/sunoresearch\"]},{\"@type\":\"Person\",\"@id\":\"https:\/\/www.suno.com.br\/noticias\/#\/schema\/person\/1db762f78ffd8919a648a63e425953e3\",\"name\":\"Juliano Passaro\",\"image\":{\"@type\":\"ImageObject\",\"inLanguage\":\"pt-BR\",\"@id\":\"https:\/\/www.suno.com.br\/noticias\/#\/schema\/person\/image\/\",\"url\":\"https:\/\/secure.gravatar.com\/avatar\/743d4df28eebf6dcc46b4ad03c319e92?s=96&r=g\",\"contentUrl\":\"https:\/\/secure.gravatar.com\/avatar\/743d4df28eebf6dcc46b4ad03c319e92?s=96&r=g\",\"caption\":\"Juliano Passaro\"},\"description\":\"Juliano Passaro escreve sobre pol\u00edtica, economia e neg\u00f3cios para o portal da Suno Research. Antes da Suno, trabalhou no Portal da Band. \u00c9 formado em jornalismo pela Universidade Presbiteriana Mackenzie.\",\"url\":\"https:\/\/www.suno.com.br\/noticias\/author\/juliano\/\"}]}<\/script>\n<!-- \/ Yoast SEO plugin. -->","yoast_head_json":{"title":"Maia afirma que Selic est\u00e1 muito alta em rela\u00e7\u00e3o a juros de outros pa\u00edses","description":"O presidente da C\u00e2mara dos Deputados, Rodrigo Maia (DEM-RJ), afirmou que a taxa de juros do Brasil (Selic) permanece muito alta. Saiba mais.","robots":{"index":"index","follow":"follow","max-snippet":"max-snippet:-1","max-image-preview":"max-image-preview:large","max-video-preview":"max-video-preview:-1"},"canonical":"https:\/\/www.suno.com.br\/noticias\/maia-afirma-selic-muito-alta\/","og_locale":"pt_BR","og_type":"article","og_title":"Maia afirma que Selic est\u00e1 muito alta em rela\u00e7\u00e3o a juros de outros pa\u00edses","og_description":"O presidente da C\u00e2mara dos Deputados, Rodrigo Maia (DEM-RJ), afirmou que a taxa de juros do Brasil (Selic) permanece muito alta. Saiba mais.","og_url":"https:\/\/www.suno.com.br\/noticias\/maia-afirma-selic-muito-alta\/","og_site_name":"Suno Not\u00edcias","article_publisher":"https:\/\/facebook.com\/sunoresearch","og_image":[{"width":1140,"height":760,"url":"https:\/\/files.sunoresearch.com.br\/n\/uploads\/2019\/06\/9bb389f7-maia.jpg","type":"image\/jpeg"}],"author":"Juliano Passaro","twitter_card":"summary_large_image","twitter_creator":"@sunoresearch","twitter_site":"@sunoresearch","twitter_misc":{"Escrito por":"Juliano Passaro","Est. tempo de leitura":"2 minutos"},"schema":{"@context":"https:\/\/schema.org","@graph":[{"@type":"NewsArticle","@id":"https:\/\/www.suno.com.br\/noticias\/maia-afirma-selic-muito-alta\/#article","isPartOf":{"@id":"https:\/\/www.suno.com.br\/noticias\/maia-afirma-selic-muito-alta\/"},"author":{"name":"Juliano Passaro","@id":"https:\/\/www.suno.com.br\/noticias\/#\/schema\/person\/1db762f78ffd8919a648a63e425953e3"},"headline":"Maia afirma que Selic est\u00e1 muito alta em rela\u00e7\u00e3o a juros de outros pa\u00edses","datePublished":"2019-10-06T13:38:08+00:00","dateModified":"2021-02-18T20:23:48+00:00","mainEntityOfPage":{"@id":"https:\/\/www.suno.com.br\/noticias\/maia-afirma-selic-muito-alta\/"},"wordCount":379,"publisher":{"@id":"https:\/\/www.suno.com.br\/noticias\/#organization"},"image":{"@id":"https:\/\/www.suno.com.br\/noticias\/maia-afirma-selic-muito-alta\/#primaryimage"},"thumbnailUrl":"https:\/\/files.sunoresearch.com.br\/n\/uploads\/2019\/06\/9bb389f7-maia-jpg.webp","keywords":["Rodrigo Maia","Taxa Selic"],"articleSection":["Economia"],"inLanguage":"pt-BR"},{"@type":"WebPage","@id":"https:\/\/www.suno.com.br\/noticias\/maia-afirma-selic-muito-alta\/","url":"https:\/\/www.suno.com.br\/noticias\/maia-afirma-selic-muito-alta\/","name":"Maia afirma que Selic est\u00e1 muito alta em rela\u00e7\u00e3o a juros de outros pa\u00edses","isPartOf":{"@id":"https:\/\/www.suno.com.br\/noticias\/#website"},"primaryImageOfPage":{"@id":"https:\/\/www.suno.com.br\/noticias\/maia-afirma-selic-muito-alta\/#primaryimage"},"image":{"@id":"https:\/\/www.suno.com.br\/noticias\/maia-afirma-selic-muito-alta\/#primaryimage"},"thumbnailUrl":"https:\/\/files.sunoresearch.com.br\/n\/uploads\/2019\/06\/9bb389f7-maia-jpg.webp","datePublished":"2019-10-06T13:38:08+00:00","dateModified":"2021-02-18T20:23:48+00:00","description":"O presidente da C\u00e2mara dos Deputados, Rodrigo Maia (DEM-RJ), afirmou que a taxa de juros do Brasil (Selic) permanece muito alta. Saiba mais.","breadcrumb":{"@id":"https:\/\/www.suno.com.br\/noticias\/maia-afirma-selic-muito-alta\/#breadcrumb"},"inLanguage":"pt-BR","potentialAction":[{"@type":"ReadAction","target":["https:\/\/www.suno.com.br\/noticias\/maia-afirma-selic-muito-alta\/"]}]},{"@type":"ImageObject","inLanguage":"pt-BR","@id":"https:\/\/www.suno.com.br\/noticias\/maia-afirma-selic-muito-alta\/#primaryimage","url":"https:\/\/files.sunoresearch.com.br\/n\/uploads\/2019\/06\/9bb389f7-maia-jpg.webp","contentUrl":"https:\/\/files.sunoresearch.com.br\/n\/uploads\/2019\/06\/9bb389f7-maia-jpg.webp","width":1140,"height":760,"caption":"Maia descarta corte de sal\u00e1rios para financiar coronavoucher"},{"@type":"BreadcrumbList","@id":"https:\/\/www.suno.com.br\/noticias\/maia-afirma-selic-muito-alta\/#breadcrumb","itemListElement":[{"@type":"ListItem","position":1,"name":"Not\u00edcias","item":"https:\/\/www.suno.com.br\/noticias\/"},{"@type":"ListItem","position":2,"name":"Economia","item":"https:\/\/www.suno.com.br\/noticias\/economia\/"},{"@type":"ListItem","position":3,"name":"Maia afirma que Selic est\u00e1 muito alta em rela\u00e7\u00e3o a juros de outros pa\u00edses"}]},{"@type":"WebSite","@id":"https:\/\/www.suno.com.br\/noticias\/#website","url":"https:\/\/www.suno.com.br\/noticias\/","name":"Suno Not\u00edcias","description":"Seu portal de informa\u00e7\u00e3o sobre o mundo dos investimentos","publisher":{"@id":"https:\/\/www.suno.com.br\/noticias\/#organization"},"potentialAction":[{"@type":"SearchAction","target":{"@type":"EntryPoint","urlTemplate":"https:\/\/www.suno.com.br\/noticias\/?s={search_term_string}"},"query-input":{"@type":"PropertyValueSpecification","valueRequired":true,"valueName":"search_term_string"}}],"inLanguage":"pt-BR"},{"@type":"Organization","@id":"https:\/\/www.suno.com.br\/noticias\/#organization","name":"Suno Not\u00edcias","url":"https:\/\/www.suno.com.br\/noticias\/","logo":{"@type":"ImageObject","inLanguage":"pt-BR","@id":"https:\/\/www.suno.com.br\/noticias\/#\/schema\/logo\/image\/","url":"https:\/\/files.sunoresearch.com.br\/n\/uploads\/2021\/09\/suno-logo.png","contentUrl":"https:\/\/files.sunoresearch.com.br\/n\/uploads\/2021\/09\/suno-logo.png","width":180,"height":180,"caption":"Suno Not\u00edcias"},"image":{"@id":"https:\/\/www.suno.com.br\/noticias\/#\/schema\/logo\/image\/"},"sameAs":["https:\/\/facebook.com\/sunoresearch","https:\/\/x.com\/sunoresearch","https:\/\/www.instagram.com\/suno","https:\/\/www.linkedin.com\/company\/suno-research\/","https:\/\/www.youtube.com\/c\/sunoresearch"]},{"@type":"Person","@id":"https:\/\/www.suno.com.br\/noticias\/#\/schema\/person\/1db762f78ffd8919a648a63e425953e3","name":"Juliano Passaro","image":{"@type":"ImageObject","inLanguage":"pt-BR","@id":"https:\/\/www.suno.com.br\/noticias\/#\/schema\/person\/image\/","url":"https:\/\/secure.gravatar.com\/avatar\/743d4df28eebf6dcc46b4ad03c319e92?s=96&r=g","contentUrl":"https:\/\/secure.gravatar.com\/avatar\/743d4df28eebf6dcc46b4ad03c319e92?s=96&r=g","caption":"Juliano Passaro"},"description":"Juliano Passaro escreve sobre pol\u00edtica, economia e neg\u00f3cios para o portal da Suno Research. Antes da Suno, trabalhou no Portal da Band. \u00c9 formado em jornalismo pela Universidade Presbiteriana Mackenzie.","url":"https:\/\/www.suno.com.br\/noticias\/author\/juliano\/"}]}},"default_loop_html":"<div class=\"cardsPage__listCard__boxs\"><div class=\"cardsPage__listCard__boxs__img\"><a href=\"https:\/\/www.suno.com.br\/noticias\/maia-afirma-selic-muito-alta\/\"><img class=\"mask\" src=\"https:\/\/www.suno.com.br\/noticias\/wp-content\/themes\/suno\/resources\/images\/spotlight\/spotlight1img\/bg-mask.png\" alt=\"Image Mask\"\/><img src=\"https:\/\/files.sunoresearch.com.br\/n\/uploads\/2019\/06\/9bb389f7-maia-400x200.webp\" alt=\"Maia afirma que Selic est\u00e1 muito alta em rela\u00e7\u00e3o a juros de outros pa\u00edses\"\/><\/a><span class=\"spotlightCategory\"><a href=\"https:\/\/www.suno.com.br\/noticias\/economia\/\">Economia<\/a><\/span><\/div><div class=\"cardsPage__listCard__boxs__content\"><a href=\"https:\/\/www.suno.com.br\/noticias\/maia-afirma-selic-muito-alta\/\"><h2 class=\"content__title\">Maia afirma que Selic est\u00e1 muito alta em rela\u00e7\u00e3o a juros de outros pa\u00edses<\/h2><\/a><div class=\"newsContent__article__meta\"><div class=\"newsContent__article__meta__authorBox\"><a href=\"https:\/\/www.suno.com.br\/noticias\/author\/juliano\/\" class=\"authorBox__avatar noMobi\"><img src=\"https:\/\/files.sunoresearch.com.br\/n\/uploads\/2019\/06\/7cc3efea-whatsapp-image-2019-07-18-at-21.59.33-e1563499821209-150x150.webp\" alt=\"Juliano Passaro\"><\/a><div class=\"authorBox__name\"><span>por\n\t\t\t<a href=\"https:\/\/www.suno.com.br\/noticias\/author\/juliano\/\"><span itemprop=\"author\">Juliano Passaro<\/span><\/a><\/span><time datetime=\"2019-10-06T10:38:08-03:00\" itemprop=\"datePublished\">06\/10\/2019 10:38<\/time><\/div><\/div><\/div><\/div><\/div>","single_layout":"posts","amp_enabled":true,"_links":{"self":[{"href":"https:\/\/www.suno.com.br\/noticias\/wp-json\/wp\/v2\/posts\/39997"}],"collection":[{"href":"https:\/\/www.suno.com.br\/noticias\/wp-json\/wp\/v2\/posts"}],"about":[{"href":"https:\/\/www.suno.com.br\/noticias\/wp-json\/wp\/v2\/types\/post"}],"author":[{"embeddable":true,"href":"https:\/\/www.suno.com.br\/noticias\/wp-json\/wp\/v2\/users\/19"}],"replies":[{"embeddable":true,"href":"https:\/\/www.suno.com.br\/noticias\/wp-json\/wp\/v2\/comments?post=39997"}],"version-history":[{"count":0,"href":"https:\/\/www.suno.com.br\/noticias\/wp-json\/wp\/v2\/posts\/39997\/revisions"}],"wp:featuredmedia":[{"embeddable":true,"href":"https:\/\/www.suno.com.br\/noticias\/wp-json\/wp\/v2\/media\/29205"}],"wp:attachment":[{"href":"https:\/\/www.suno.com.br\/noticias\/wp-json\/wp\/v2\/media?parent=39997"}],"wp:term":[{"taxonomy":"category","embeddable":true,"href":"https:\/\/www.suno.com.br\/noticias\/wp-json\/wp\/v2\/categories?post=39997"},{"taxonomy":"post_tag","embeddable":true,"href":"https:\/\/www.suno.com.br\/noticias\/wp-json\/wp\/v2\/tags?post=39997"},{"taxonomy":"suno_strategy","embeddable":true,"href":"https:\/\/www.suno.com.br\/noticias\/wp-json\/wp\/v2\/suno_strategy?post=39997"}],"curies":[{"name":"wp","href":"https:\/\/api.w.org\/{rel}","templated":true}]}}