{"id":39990,"date":"2019-10-05T16:55:50","date_gmt":"2019-10-05T19:55:50","guid":{"rendered":"https:\/\/www.suno.com.br\/noticias\/?p=39990"},"modified":"2019-10-05T16:55:50","modified_gmt":"2019-10-05T19:55:50","slug":"azul-codeshare-empresas-europeias","status":"publish","type":"post","link":"https:\/\/www.suno.com.br\/noticias\/azul-codeshare-empresas-europeias\/","title":{"rendered":"Azul planeja acordo de codeshare com empresas europeias"},"content":{"rendered":"<p>O presidente da Azul, John Rodgerson, comunicou neste s\u00e1bado (5), que a companhia a\u00e9rea estuda firmar acordos de compartilhamento de voos (em ingl\u00eas, codeshare) com empresas europeias.<\/p>\t<div class=\"wrapper-featured-image\">\n\t\t<figure class=\"spotlightImg\">\n\n\t\t\t<picture>\n\t\t\t\t<source media=\"(max-width: 768px)\" srcset=\"https:\/\/files.sunoresearch.com.br\/n\/uploads\/2019\/08\/7693077b-azul-400x200.webp\">\n\t\t\t\t<img loading=\"lazy\" decoding=\"async\" class=\"newsContent__article__imgCapa lazyloadDisabled newsContent__article__imgCapa--noCaption\" src=\"https:\/\/files.sunoresearch.com.br\/n\/uploads\/2019\/08\/7693077b-azul-800x450.webp\" width=\"800\" height=\"450\" alt=\"Azul planeja acordo de codeshare com empresas europeias\" fetchpriority=high \/>\n\t\t\t<\/picture>\n\n\t\t\t<figcaption class=\"wp-caption-text wp-caption-text--hide\">Destaques de empresas<\/figcaption>\n\t\t<\/figure>\n\t<\/div>\n\n\n<p><span style=\"display: inline !important; float: none; background-color: transparent; color: rgba(0, 0, 0, 0.7); cursor: text; font-family: Georgia,'Times New Roman','Bitstream Charter',Times,serif; font-size: 19.33px; font-style: normal; font-variant: normal; font-weight: 400; letter-spacing: normal; orphans: 2; text-align: left; text-decoration: none; text-indent: 0px; text-transform: none; -webkit-text-stroke-width: 0px; white-space: normal; word-spacing: 0px;\"><\/span><\/p>\n<p>O presidente da <strong>Azul<\/strong> afirmou em entrevista coletiva para divulgar voos com \u201cstopover\u201d (categoria que permite ao passageiro permanecer alguns dias na cidade durante conex\u00f5es) em <strong>S\u00e3o Paulo<\/strong>: &#8220;claro que, se tivermos oportunidades de fazer [acordos] com empresas europeias, vamos fazer\u201d.<\/p>\n<p>\u201cN\u00f3s dobramos de tamanho em Guarulhos no \u00faltimo ano, isso abre os olhos das empresas estrangeiras, agora somos parceiro para conex\u00e3o\u201d, salientou Rodgerson.<\/p>\n<h2>Parcerias da Azul<\/h2>\n<p>No dia 29 de agosto, a companhia a\u00e9rea <strong>Azul<\/strong> comunicou assinou um contrato entre sua unidade de transporte de cargas da empresa e o <strong>Mercado<\/strong>\u00a0<strong>Livre.<\/strong><\/p>\n\n<p>Em comunicado, a <strong>Azul<\/strong> afirmou que \u201ccomo resultado, a Azul Cargo Express ser\u00e1 a empresa respons\u00e1vel pelas entregas a\u00e9reas das compras feitas pelo site do Mercado Livre\u201d.<\/p>\n<p>J\u00e1 o vice-presidente da <strong>Mercado Envios<\/strong> para a <strong>Am\u00e9rica Latina,<\/strong> Leandro Bassoi, disse que \u201cPor meio dessa parceria, temos expectativa de atingir n\u00fameros alt\u00edssimos de entregas em tempo cada vez menor\u201d.<\/p>\n<p><span style=\"display: inline !important; float: none; background-color: transparent; color: rgba(0, 0, 0, 0.7); cursor: text; font-family: Georgia,'Times New Roman','Bitstream Charter',Times,serif; font-size: 19.33px; font-style: normal; font-variant: normal; font-weight: 400; letter-spacing: normal; orphans: 2; text-align: left; text-decoration: none; text-indent: 0px; text-transform: none; -webkit-text-stroke-width: 0px; white-space: normal; word-spacing: 0px;\">\t<p>\n\t\t<a href=\"https:\/\/lp.suno.com.br\/asset\/fundos\/suno-fiagro-snag11\/\" target=\"_blank\" data-element=\"shortcode-suno-banner\" title=\"Banner SUNO, clique e saiba mais\">\n\t\t\t<picture>\n\t\t\t\t<source media=\"(max-width: 500px)\" srcset=\"https:\/\/files.sunoresearch.com.br\/n\/uploads\/2024\/03\/400x300-Mobile-Artigos-1_SNAG.png\">\n\t\t\t\t<img class=\"newsContent__article__imgCapa newsContent__article__imgCapa--banner\"\n\t\t\t\t\tsrc=\"https:\/\/files.sunoresearch.com.br\/n\/uploads\/2024\/03\/1420x240-Banner-Artigos-1-_-Banner-Materias-1_SNAG.png\"\n\t\t\t\t\tdata-promo-id=\"364416\"\t\t\t\t\t\t\t\t\t\twidth='1420' height='240'\t\t\t\t\talt=\"https:\/\/files.sunoresearch.com.br\/n\/uploads\/2024\/03\/1420x240-Banner-Artigos-1-_-Banner-Materias-1_SNAG.png\"\n\t\t\t\t>\n\t\t\t<\/picture>\n\t\t<\/a>\n\t<\/p>\n\n<\/span><\/p>\n<p>No momento, o <strong>Mercado Livre<\/strong> \u00e9 respons\u00e1vel por 10% da receita da <strong>companhia a\u00e9rea.<\/strong> A empresa havia um acordo planejado com os Correios, contudo, desistiu afirmando que prefere ter mais flexibilidade da unidade de transporte de cargas.<\/p>\n<h2>Empresa foi acusada de ass\u00e9dio aos pilotos da Passaredo<\/h2>\n<p>No dia 27 de agosto, a companhia a\u00e9rea regional, Passaredo, anunciou que recorrer\u00e1 ao <strong>Conselho Administrativo de Defesa Econ\u00f4mica (Cade)<\/strong> e \u00e0 Justi\u00e7a contra a <strong>Azul<\/strong> por um suposto ass\u00e9dio a sua equipe de pilotos e co-pilotos. A not\u00edcia foi divulgada pelo jornal &#8220;Estado de S. Paulo&#8221;.<\/p>\n<p><a href=\"https:\/\/www.suno.com.br\/noticias\/azul-acusada-assedio-pilotos-passaredo\/\">Saiba mais: Azul \u00e9 acusada de ass\u00e9dio aos pilotos da Passaredo<\/a><\/p>\n<p>Segundo a empresa, o departamento de recursos humanos da <strong>Azul<\/strong> tem insistido em entrar em contato com os pilotos da Passaredo e da MAP (a\u00e9rea regional que tamb\u00e9m \u00e9 da Passaredo) oferecendo vagas de emprego imediato para pilotar aeronaves a jato.<\/p>\n","protected":false},"excerpt":{"rendered":"<p>O presidente da Azul, John Rodgerson, comunicou neste s\u00e1bado (5), que a companhia a\u00e9rea estuda firmar acordos de compartilhamento de voos (em ingl\u00eas, codeshare) com empresas europeias. Destaques de empresas O presidente da Azul afirmou em entrevista coletiva para divulgar voos com \u201cstopover\u201d (categoria que permite ao passageiro permanecer alguns dias na cidade durante conex\u00f5es) [&hellip;]<\/p>\n","protected":false},"author":23,"featured_media":35528,"comment_status":"closed","ping_status":"closed","sticky":false,"template":"","format":"standard","meta":[],"categories":[64],"tags":[106932,2088,1235,1791],"suno_strategy":[],"class_list":["post-39990","post","type-post","status-publish","format-standard","has-post-thumbnail","hentry","category-negocios","tag-azul-azul4","tag-codeshare","tag-mercado-livre-meli34","tag-passaredo"],"yoast_head":"<!-- This site is optimized with the Yoast SEO plugin v24.4 - https:\/\/yoast.com\/wordpress\/plugins\/seo\/ -->\n<title>Azul planeja acordo de codeshare com empresas europeias<\/title>\n<meta name=\"description\" content=\"O presidente da Azul que a companhia a\u00e9rea estuda firmar acordos de compartilhamento de voos com empresas europeias. Clique para mais.\" \/>\n<meta name=\"robots\" content=\"index, follow, max-snippet:-1, max-image-preview:large, max-video-preview:-1\" \/>\n<link rel=\"canonical\" href=\"https:\/\/www.suno.com.br\/noticias\/azul-codeshare-empresas-europeias\/\" \/>\n<meta property=\"og:locale\" content=\"pt_BR\" \/>\n<meta property=\"og:type\" content=\"article\" \/>\n<meta property=\"og:title\" content=\"Azul planeja acordo de codeshare com empresas europeias\" \/>\n<meta property=\"og:description\" content=\"O presidente da Azul que a companhia a\u00e9rea estuda firmar acordos de compartilhamento de voos com empresas europeias. Clique para mais.\" \/>\n<meta property=\"og:url\" content=\"https:\/\/www.suno.com.br\/noticias\/azul-codeshare-empresas-europeias\/\" \/>\n<meta property=\"og:site_name\" content=\"Suno Not\u00edcias\" \/>\n<meta property=\"article:publisher\" content=\"https:\/\/facebook.com\/sunoresearch\" \/>\n<meta property=\"og:image\" content=\"https:\/\/files.sunoresearch.com.br\/n\/uploads\/2019\/08\/7693077b-azul.jpg\" \/>\n\t<meta property=\"og:image:width\" content=\"984\" \/>\n\t<meta property=\"og:image:height\" content=\"654\" \/>\n\t<meta property=\"og:image:type\" content=\"image\/jpeg\" \/>\n<meta name=\"author\" content=\"Rafael Lara\" \/>\n<meta name=\"twitter:card\" content=\"summary_large_image\" \/>\n<meta name=\"twitter:creator\" content=\"@sunoresearch\" \/>\n<meta name=\"twitter:site\" content=\"@sunoresearch\" \/>\n<meta name=\"twitter:label1\" content=\"Escrito por\" \/>\n\t<meta name=\"twitter:data1\" content=\"Rafael Lara\" \/>\n\t<meta name=\"twitter:label2\" content=\"Est. tempo de leitura\" \/>\n\t<meta name=\"twitter:data2\" content=\"2 minutos\" \/>\n<script type=\"application\/ld+json\" class=\"yoast-schema-graph\">{\"@context\":\"https:\/\/schema.org\",\"@graph\":[{\"@type\":\"NewsArticle\",\"@id\":\"https:\/\/www.suno.com.br\/noticias\/azul-codeshare-empresas-europeias\/#article\",\"isPartOf\":{\"@id\":\"https:\/\/www.suno.com.br\/noticias\/azul-codeshare-empresas-europeias\/\"},\"author\":{\"name\":\"Rafael Lara\",\"@id\":\"https:\/\/www.suno.com.br\/noticias\/#\/schema\/person\/098743caeed97b37f51315c9576c4078\"},\"headline\":\"Azul planeja acordo de codeshare com empresas europeias\",\"datePublished\":\"2019-10-05T19:55:50+00:00\",\"mainEntityOfPage\":{\"@id\":\"https:\/\/www.suno.com.br\/noticias\/azul-codeshare-empresas-europeias\/\"},\"wordCount\":354,\"publisher\":{\"@id\":\"https:\/\/www.suno.com.br\/noticias\/#organization\"},\"image\":{\"@id\":\"https:\/\/www.suno.com.br\/noticias\/azul-codeshare-empresas-europeias\/#primaryimage\"},\"thumbnailUrl\":\"https:\/\/files.sunoresearch.com.br\/n\/uploads\/2019\/08\/7693077b-azul-jpg.webp\",\"keywords\":[\"Azul (AZUL4)\",\"codeshare\",\"Mercado Livre (MELI34)\",\"Passaredo\"],\"articleSection\":[\"Neg\u00f3cios\"],\"inLanguage\":\"pt-BR\"},{\"@type\":\"WebPage\",\"@id\":\"https:\/\/www.suno.com.br\/noticias\/azul-codeshare-empresas-europeias\/\",\"url\":\"https:\/\/www.suno.com.br\/noticias\/azul-codeshare-empresas-europeias\/\",\"name\":\"Azul planeja acordo de codeshare com empresas europeias\",\"isPartOf\":{\"@id\":\"https:\/\/www.suno.com.br\/noticias\/#website\"},\"primaryImageOfPage\":{\"@id\":\"https:\/\/www.suno.com.br\/noticias\/azul-codeshare-empresas-europeias\/#primaryimage\"},\"image\":{\"@id\":\"https:\/\/www.suno.com.br\/noticias\/azul-codeshare-empresas-europeias\/#primaryimage\"},\"thumbnailUrl\":\"https:\/\/files.sunoresearch.com.br\/n\/uploads\/2019\/08\/7693077b-azul-jpg.webp\",\"datePublished\":\"2019-10-05T19:55:50+00:00\",\"description\":\"O presidente da Azul que a companhia a\u00e9rea estuda firmar acordos de compartilhamento de voos com empresas europeias. Clique para mais.\",\"breadcrumb\":{\"@id\":\"https:\/\/www.suno.com.br\/noticias\/azul-codeshare-empresas-europeias\/#breadcrumb\"},\"inLanguage\":\"pt-BR\",\"potentialAction\":[{\"@type\":\"ReadAction\",\"target\":[\"https:\/\/www.suno.com.br\/noticias\/azul-codeshare-empresas-europeias\/\"]}]},{\"@type\":\"ImageObject\",\"inLanguage\":\"pt-BR\",\"@id\":\"https:\/\/www.suno.com.br\/noticias\/azul-codeshare-empresas-europeias\/#primaryimage\",\"url\":\"https:\/\/files.sunoresearch.com.br\/n\/uploads\/2019\/08\/7693077b-azul-jpg.webp\",\"contentUrl\":\"https:\/\/files.sunoresearch.com.br\/n\/uploads\/2019\/08\/7693077b-azul-jpg.webp\",\"width\":984,\"height\":654,\"caption\":\"Destaques de empresas\"},{\"@type\":\"BreadcrumbList\",\"@id\":\"https:\/\/www.suno.com.br\/noticias\/azul-codeshare-empresas-europeias\/#breadcrumb\",\"itemListElement\":[{\"@type\":\"ListItem\",\"position\":1,\"name\":\"Not\u00edcias\",\"item\":\"https:\/\/www.suno.com.br\/noticias\/\"},{\"@type\":\"ListItem\",\"position\":2,\"name\":\"Neg\u00f3cios\",\"item\":\"https:\/\/www.suno.com.br\/noticias\/negocios\/\"},{\"@type\":\"ListItem\",\"position\":3,\"name\":\"Azul planeja acordo de codeshare com empresas europeias\"}]},{\"@type\":\"WebSite\",\"@id\":\"https:\/\/www.suno.com.br\/noticias\/#website\",\"url\":\"https:\/\/www.suno.com.br\/noticias\/\",\"name\":\"Suno Not\u00edcias\",\"description\":\"Seu portal de informa\u00e7\u00e3o sobre o mundo dos investimentos\",\"publisher\":{\"@id\":\"https:\/\/www.suno.com.br\/noticias\/#organization\"},\"potentialAction\":[{\"@type\":\"SearchAction\",\"target\":{\"@type\":\"EntryPoint\",\"urlTemplate\":\"https:\/\/www.suno.com.br\/noticias\/?s={search_term_string}\"},\"query-input\":{\"@type\":\"PropertyValueSpecification\",\"valueRequired\":true,\"valueName\":\"search_term_string\"}}],\"inLanguage\":\"pt-BR\"},{\"@type\":\"Organization\",\"@id\":\"https:\/\/www.suno.com.br\/noticias\/#organization\",\"name\":\"Suno Not\u00edcias\",\"url\":\"https:\/\/www.suno.com.br\/noticias\/\",\"logo\":{\"@type\":\"ImageObject\",\"inLanguage\":\"pt-BR\",\"@id\":\"https:\/\/www.suno.com.br\/noticias\/#\/schema\/logo\/image\/\",\"url\":\"https:\/\/files.sunoresearch.com.br\/n\/uploads\/2021\/09\/suno-logo.png\",\"contentUrl\":\"https:\/\/files.sunoresearch.com.br\/n\/uploads\/2021\/09\/suno-logo.png\",\"width\":180,\"height\":180,\"caption\":\"Suno Not\u00edcias\"},\"image\":{\"@id\":\"https:\/\/www.suno.com.br\/noticias\/#\/schema\/logo\/image\/\"},\"sameAs\":[\"https:\/\/facebook.com\/sunoresearch\",\"https:\/\/x.com\/sunoresearch\",\"https:\/\/www.instagram.com\/suno\",\"https:\/\/www.linkedin.com\/company\/suno-research\/\",\"https:\/\/www.youtube.com\/c\/sunoresearch\"]},{\"@type\":\"Person\",\"@id\":\"https:\/\/www.suno.com.br\/noticias\/#\/schema\/person\/098743caeed97b37f51315c9576c4078\",\"name\":\"Rafael Lara\",\"image\":{\"@type\":\"ImageObject\",\"inLanguage\":\"pt-BR\",\"@id\":\"https:\/\/www.suno.com.br\/noticias\/#\/schema\/person\/image\/\",\"url\":\"https:\/\/secure.gravatar.com\/avatar\/dfc254ab9bb2ea1895d98b9e9dae4bdd?s=96&r=g\",\"contentUrl\":\"https:\/\/secure.gravatar.com\/avatar\/dfc254ab9bb2ea1895d98b9e9dae4bdd?s=96&r=g\",\"caption\":\"Rafael Lara\"},\"description\":\"Rafael Lara cursa jornalismo na Faculdade C\u00e1sper L\u00edbero. Escreve sobre pol\u00edtica, economia e neg\u00f3cios para o portal Suno Not\u00edcias. Antes, colaborou na TV Gazeta na produ\u00e7\u00e3o do programa Edi\u00e7\u00e3o Extra.\",\"url\":\"https:\/\/www.suno.com.br\/noticias\/author\/rafael\/\"}]}<\/script>\n<!-- \/ Yoast SEO plugin. -->","yoast_head_json":{"title":"Azul planeja acordo de codeshare com empresas europeias","description":"O presidente da Azul que a companhia a\u00e9rea estuda firmar acordos de compartilhamento de voos com empresas europeias. Clique para mais.","robots":{"index":"index","follow":"follow","max-snippet":"max-snippet:-1","max-image-preview":"max-image-preview:large","max-video-preview":"max-video-preview:-1"},"canonical":"https:\/\/www.suno.com.br\/noticias\/azul-codeshare-empresas-europeias\/","og_locale":"pt_BR","og_type":"article","og_title":"Azul planeja acordo de codeshare com empresas europeias","og_description":"O presidente da Azul que a companhia a\u00e9rea estuda firmar acordos de compartilhamento de voos com empresas europeias. Clique para mais.","og_url":"https:\/\/www.suno.com.br\/noticias\/azul-codeshare-empresas-europeias\/","og_site_name":"Suno Not\u00edcias","article_publisher":"https:\/\/facebook.com\/sunoresearch","og_image":[{"width":984,"height":654,"url":"https:\/\/files.sunoresearch.com.br\/n\/uploads\/2019\/08\/7693077b-azul.jpg","type":"image\/jpeg"}],"author":"Rafael Lara","twitter_card":"summary_large_image","twitter_creator":"@sunoresearch","twitter_site":"@sunoresearch","twitter_misc":{"Escrito por":"Rafael Lara","Est. tempo de leitura":"2 minutos"},"schema":{"@context":"https:\/\/schema.org","@graph":[{"@type":"NewsArticle","@id":"https:\/\/www.suno.com.br\/noticias\/azul-codeshare-empresas-europeias\/#article","isPartOf":{"@id":"https:\/\/www.suno.com.br\/noticias\/azul-codeshare-empresas-europeias\/"},"author":{"name":"Rafael Lara","@id":"https:\/\/www.suno.com.br\/noticias\/#\/schema\/person\/098743caeed97b37f51315c9576c4078"},"headline":"Azul planeja acordo de codeshare com empresas europeias","datePublished":"2019-10-05T19:55:50+00:00","mainEntityOfPage":{"@id":"https:\/\/www.suno.com.br\/noticias\/azul-codeshare-empresas-europeias\/"},"wordCount":354,"publisher":{"@id":"https:\/\/www.suno.com.br\/noticias\/#organization"},"image":{"@id":"https:\/\/www.suno.com.br\/noticias\/azul-codeshare-empresas-europeias\/#primaryimage"},"thumbnailUrl":"https:\/\/files.sunoresearch.com.br\/n\/uploads\/2019\/08\/7693077b-azul-jpg.webp","keywords":["Azul (AZUL4)","codeshare","Mercado Livre (MELI34)","Passaredo"],"articleSection":["Neg\u00f3cios"],"inLanguage":"pt-BR"},{"@type":"WebPage","@id":"https:\/\/www.suno.com.br\/noticias\/azul-codeshare-empresas-europeias\/","url":"https:\/\/www.suno.com.br\/noticias\/azul-codeshare-empresas-europeias\/","name":"Azul planeja acordo de codeshare com empresas europeias","isPartOf":{"@id":"https:\/\/www.suno.com.br\/noticias\/#website"},"primaryImageOfPage":{"@id":"https:\/\/www.suno.com.br\/noticias\/azul-codeshare-empresas-europeias\/#primaryimage"},"image":{"@id":"https:\/\/www.suno.com.br\/noticias\/azul-codeshare-empresas-europeias\/#primaryimage"},"thumbnailUrl":"https:\/\/files.sunoresearch.com.br\/n\/uploads\/2019\/08\/7693077b-azul-jpg.webp","datePublished":"2019-10-05T19:55:50+00:00","description":"O presidente da Azul que a companhia a\u00e9rea estuda firmar acordos de compartilhamento de voos com empresas europeias. Clique para mais.","breadcrumb":{"@id":"https:\/\/www.suno.com.br\/noticias\/azul-codeshare-empresas-europeias\/#breadcrumb"},"inLanguage":"pt-BR","potentialAction":[{"@type":"ReadAction","target":["https:\/\/www.suno.com.br\/noticias\/azul-codeshare-empresas-europeias\/"]}]},{"@type":"ImageObject","inLanguage":"pt-BR","@id":"https:\/\/www.suno.com.br\/noticias\/azul-codeshare-empresas-europeias\/#primaryimage","url":"https:\/\/files.sunoresearch.com.br\/n\/uploads\/2019\/08\/7693077b-azul-jpg.webp","contentUrl":"https:\/\/files.sunoresearch.com.br\/n\/uploads\/2019\/08\/7693077b-azul-jpg.webp","width":984,"height":654,"caption":"Destaques de empresas"},{"@type":"BreadcrumbList","@id":"https:\/\/www.suno.com.br\/noticias\/azul-codeshare-empresas-europeias\/#breadcrumb","itemListElement":[{"@type":"ListItem","position":1,"name":"Not\u00edcias","item":"https:\/\/www.suno.com.br\/noticias\/"},{"@type":"ListItem","position":2,"name":"Neg\u00f3cios","item":"https:\/\/www.suno.com.br\/noticias\/negocios\/"},{"@type":"ListItem","position":3,"name":"Azul planeja acordo de codeshare com empresas europeias"}]},{"@type":"WebSite","@id":"https:\/\/www.suno.com.br\/noticias\/#website","url":"https:\/\/www.suno.com.br\/noticias\/","name":"Suno Not\u00edcias","description":"Seu portal de informa\u00e7\u00e3o sobre o mundo dos investimentos","publisher":{"@id":"https:\/\/www.suno.com.br\/noticias\/#organization"},"potentialAction":[{"@type":"SearchAction","target":{"@type":"EntryPoint","urlTemplate":"https:\/\/www.suno.com.br\/noticias\/?s={search_term_string}"},"query-input":{"@type":"PropertyValueSpecification","valueRequired":true,"valueName":"search_term_string"}}],"inLanguage":"pt-BR"},{"@type":"Organization","@id":"https:\/\/www.suno.com.br\/noticias\/#organization","name":"Suno Not\u00edcias","url":"https:\/\/www.suno.com.br\/noticias\/","logo":{"@type":"ImageObject","inLanguage":"pt-BR","@id":"https:\/\/www.suno.com.br\/noticias\/#\/schema\/logo\/image\/","url":"https:\/\/files.sunoresearch.com.br\/n\/uploads\/2021\/09\/suno-logo.png","contentUrl":"https:\/\/files.sunoresearch.com.br\/n\/uploads\/2021\/09\/suno-logo.png","width":180,"height":180,"caption":"Suno Not\u00edcias"},"image":{"@id":"https:\/\/www.suno.com.br\/noticias\/#\/schema\/logo\/image\/"},"sameAs":["https:\/\/facebook.com\/sunoresearch","https:\/\/x.com\/sunoresearch","https:\/\/www.instagram.com\/suno","https:\/\/www.linkedin.com\/company\/suno-research\/","https:\/\/www.youtube.com\/c\/sunoresearch"]},{"@type":"Person","@id":"https:\/\/www.suno.com.br\/noticias\/#\/schema\/person\/098743caeed97b37f51315c9576c4078","name":"Rafael Lara","image":{"@type":"ImageObject","inLanguage":"pt-BR","@id":"https:\/\/www.suno.com.br\/noticias\/#\/schema\/person\/image\/","url":"https:\/\/secure.gravatar.com\/avatar\/dfc254ab9bb2ea1895d98b9e9dae4bdd?s=96&r=g","contentUrl":"https:\/\/secure.gravatar.com\/avatar\/dfc254ab9bb2ea1895d98b9e9dae4bdd?s=96&r=g","caption":"Rafael Lara"},"description":"Rafael Lara cursa jornalismo na Faculdade C\u00e1sper L\u00edbero. Escreve sobre pol\u00edtica, economia e neg\u00f3cios para o portal Suno Not\u00edcias. Antes, colaborou na TV Gazeta na produ\u00e7\u00e3o do programa Edi\u00e7\u00e3o Extra.","url":"https:\/\/www.suno.com.br\/noticias\/author\/rafael\/"}]}},"default_loop_html":"<div class=\"cardsPage__listCard__boxs\"><div class=\"cardsPage__listCard__boxs__img\"><a href=\"https:\/\/www.suno.com.br\/noticias\/azul-codeshare-empresas-europeias\/\"><img class=\"mask\" src=\"https:\/\/www.suno.com.br\/noticias\/wp-content\/themes\/suno\/resources\/images\/spotlight\/spotlight1img\/bg-mask.png\" alt=\"Image Mask\"\/><img src=\"https:\/\/files.sunoresearch.com.br\/n\/uploads\/2019\/08\/7693077b-azul-400x200.webp\" alt=\"Azul planeja acordo de codeshare com empresas europeias\"\/><\/a><span class=\"spotlightCategory\"><a href=\"https:\/\/www.suno.com.br\/noticias\/negocios\/\">Neg\u00f3cios<\/a><\/span><\/div><div class=\"cardsPage__listCard__boxs__content\"><a href=\"https:\/\/www.suno.com.br\/noticias\/azul-codeshare-empresas-europeias\/\"><h2 class=\"content__title\">Azul planeja acordo de codeshare com empresas europeias<\/h2><\/a><div class=\"newsContent__article__meta\"><div class=\"newsContent__article__meta__authorBox\"><a href=\"https:\/\/www.suno.com.br\/noticias\/author\/rafael\/\" class=\"authorBox__avatar noMobi\"><img src=\"https:\/\/secure.gravatar.com\/avatar\/dfc254ab9bb2ea1895d98b9e9dae4bdd?s=96&#038;r=g\" alt=\"Rafael Lara\"><\/a><div class=\"authorBox__name\"><span>por\n\t\t\t<a href=\"https:\/\/www.suno.com.br\/noticias\/author\/rafael\/\"><span itemprop=\"author\">Rafael Lara<\/span><\/a><\/span><time datetime=\"2019-10-05T16:55:50-03:00\" itemprop=\"datePublished\">05\/10\/2019 16:55<\/time><\/div><\/div><\/div><\/div><\/div>","single_layout":"posts","amp_enabled":true,"_links":{"self":[{"href":"https:\/\/www.suno.com.br\/noticias\/wp-json\/wp\/v2\/posts\/39990"}],"collection":[{"href":"https:\/\/www.suno.com.br\/noticias\/wp-json\/wp\/v2\/posts"}],"about":[{"href":"https:\/\/www.suno.com.br\/noticias\/wp-json\/wp\/v2\/types\/post"}],"author":[{"embeddable":true,"href":"https:\/\/www.suno.com.br\/noticias\/wp-json\/wp\/v2\/users\/23"}],"replies":[{"embeddable":true,"href":"https:\/\/www.suno.com.br\/noticias\/wp-json\/wp\/v2\/comments?post=39990"}],"version-history":[{"count":0,"href":"https:\/\/www.suno.com.br\/noticias\/wp-json\/wp\/v2\/posts\/39990\/revisions"}],"wp:featuredmedia":[{"embeddable":true,"href":"https:\/\/www.suno.com.br\/noticias\/wp-json\/wp\/v2\/media\/35528"}],"wp:attachment":[{"href":"https:\/\/www.suno.com.br\/noticias\/wp-json\/wp\/v2\/media?parent=39990"}],"wp:term":[{"taxonomy":"category","embeddable":true,"href":"https:\/\/www.suno.com.br\/noticias\/wp-json\/wp\/v2\/categories?post=39990"},{"taxonomy":"post_tag","embeddable":true,"href":"https:\/\/www.suno.com.br\/noticias\/wp-json\/wp\/v2\/tags?post=39990"},{"taxonomy":"suno_strategy","embeddable":true,"href":"https:\/\/www.suno.com.br\/noticias\/wp-json\/wp\/v2\/suno_strategy?post=39990"}],"curies":[{"name":"wp","href":"https:\/\/api.w.org\/{rel}","templated":true}]}}