{"id":399787,"date":"2023-05-05T07:00:00","date_gmt":"2023-05-05T10:00:00","guid":{"rendered":"https:\/\/www.suno.com.br\/noticias\/?p=399787"},"modified":"2023-05-05T07:54:48","modified_gmt":"2023-05-05T10:54:48","slug":"selic-quando-vai-cair-copom-manutencao-juros","status":"publish","type":"post","link":"https:\/\/www.suno.com.br\/noticias\/selic-quando-vai-cair-copom-manutencao-juros\/","title":{"rendered":"Selic a 13,75% de novo: para onde vai a taxa de juros ap\u00f3s mais um Copom sem altera\u00e7\u00f5es?"},"content":{"rendered":"<p>Nesta semana o <a class=\"suno-keyword\" data-force=\"no\" data-priority=\"2\" href=\"https:\/\/www.suno.com.br\/artigos\/copom\/\" target=\"_blank\" rel=\"noopener\">Comit\u00ea de Pol\u00edtica Monet\u00e1ria (Copom)<\/a> decidiu novamente pela manuten\u00e7\u00e3o da <a href=\"https:\/\/www.suno.com.br\/guias\/taxa-selic\/\" target=\"_blank\" rel=\"noreferrer noopener\">Taxa <strong>Selic<\/strong><\/a> em 13,75%, em mais um comunicado que seguiu com cita\u00e7\u00f5es ao cen\u00e1rio fiscal a reafirma\u00e7\u00f5es do papel &#8220;vigilante&#8221; do Banco Central (BC) para com a infla\u00e7\u00e3o &#8211; atualmente abaixo de 5% no anualizado.<\/p><div class=\"videoFull \">\n\t\t\t<div class=\"videoWrapper yt-lazyload center\"\n\t\t\t\tdata-width=\"960\"\n\t\t\t\tdata-height=\"540\"\n\t\t\t\tdata-id=\"_G-cNENap2U\"\n\t\t\t\tdata-alt=\"V\u00eddeo do YouTube - clique para reproduzir\"\n\t\t\t\tdata-logo=\"3\"\n\t\t\t\tdata-imagequality=\"maxres\">\n\t\t\t<\/div>\n\t\t<\/div><script type=\"application\/ld+json\">{\"@context\":\"https:\/\/schema.org\",\"@type\":\"VideoObject\",\"name\":\"OS RECADOS DO COPOM | Vale (VALE3) e Petrobras (PETR4) caindo | Bolsonaro na mira da Pol\u00edcia Federal\",\"description\":\"#copom #juros #selic #fomc #federalreserve #petrobras #petr4 #vale3 #bolsonaro #pol\u00edtica #pol\u00edciafederal #mercadofinanceiro #investimentos #bolsadevalores #ibovespa #d\u00f3lar #livedas19h \u23f1\u1d0d\u026a\u0274\u1d1c\u1d1b\u1d00\u0262\u1d07\u1d0d 00:00 - Introdu\u00e7\u00e3o 02:16 - Copom mant\u00e9m Selic em 13,75% e manda recados ao governo 03:43 - Comunicado do Copom 18:13 - Fed aumenta juros nos EUA pela 10\u00ba vez 23:25 - D\u00f3lar cai mais de 1%\u2026\",\"duration\":\"PT43M24S\",\"embedUrl\":\"https:\/\/www.youtube.com\/embed\/_G-cNENap2U\",\"regionsAllowed\":\"pt-BR\",\"interactionStatistic\":{\"@type\":\"InteractionCounter\",\"interactionType\":{\"@type\":\"WatchAction\"},\"userInteractionCount\":3808},\"thumbnailUrl\":\"https:\/\/i.ytimg.com\/vi\/_G-cNENap2U\/default.jpg\",\"uploadDate\":\"2023-05-03T23:51:07Z\"}<\/script>\n\n\n\n\n\t<p>\n\t\t<a href=\"\" target=\"_blank\" data-element=\"shortcode-suno-banner\" title=\"Banner SUNO, clique e saiba mais\">\n\t\t\t<picture>\n\t\t\t\t<source media=\"(max-width: 500px)\" srcset=\"\">\n\t\t\t\t<img class=\"newsContent__article__imgCapa newsContent__article__imgCapa--banner\"\n\t\t\t\t\tsrc=\"\"\n\t\t\t\t\tdata-promo-id=\"240038\"\t\t\t\t\t\t\t\t\t\t\t\t\t\t\talt=\"\"\n\t\t\t\t>\n\t\t\t<\/picture>\n\t\t<\/a>\n\t<\/p>\n\n\n\n\n\n\n\n<p>Com a mesma <strong>Taxa Selic<\/strong> desde meados de agosto de 2022, a grande discuss\u00e3o macroecon\u00f4mica do mercado \u00e9 sobre quando a autoridade monet\u00e1ria passar\u00e1 a cortar juros e iniciar um ciclo baixista.<\/p>\n\n\n\n<p>Apesar de a situa\u00e7\u00e3o estar mais amena do que antes, o BC ainda conta com uma press\u00e3o intensa e expl\u00edcita do Pal\u00e1cio do Planalto pelo <strong>corte de juros<\/strong> &#8211; para estimular a atividade econ\u00f4mica no in\u00edcio do novo governo, gerando mais consumo e barateando <a class=\"suno-keyword\" data-force=\"no\" data-priority=\"1\" href=\"https:\/\/www.suno.com.br\/artigos\/custo-de-capital\/\" target=\"_blank\" rel=\"noopener\">custo de capital<\/a>.<\/p>\n\n\n\n<p>Especialistas apontam que h\u00e1 cautela por parte da autoridade monet\u00e1ria, que ainda aguarda algumas sinaliza\u00e7\u00f5es da equipe respons\u00e1vel pela elabora\u00e7\u00e3o da <a class=\"suno-keyword\" data-force=\"no\" data-priority=\"1\" href=\"https:\/\/www.suno.com.br\/artigos\/politica-fiscal\/\" target=\"_blank\" rel=\"noopener\">pol\u00edtica fiscal<\/a>.<\/p>\n\n\n\n<p>Rafael Cardoso, economista-chefe da Daycoval Asset, avalia que mesmo diante de um cen\u00e1rio que \u00e9 considerado &#8220;bem resolvido&#8221; com o arcabou\u00e7o fiscal, a meta da infla\u00e7\u00e3o gera expectativas.<\/p>\n\n\n\n<p>&#8220;O arcabou\u00e7o fiscal est\u00e1 mais resolvido, mas a quest\u00e3o n\u00e3o est\u00e1 fechada. A nota do Copom foi mais positiva ao sinalizar o avan\u00e7o do arcabou\u00e7o fiscal e a redu\u00e7\u00e3o de um eventual cen\u00e1rio de cauda onde voltaria a subir a taxa de juros. As expectativas de infla\u00e7\u00e3o n\u00e3o melhoraram e h\u00e1 uma expectativa sobre a <a class=\"suno-keyword\" data-force=\"no\" data-priority=\"1\" href=\"https:\/\/www.suno.com.br\/artigos\/meta-de-inflacao\/\" target=\"_blank\" rel=\"noopener\">meta de infla\u00e7\u00e3o<\/a> que ser\u00e1 anunciada em breve. Com isso o BC deve esperar um pouco para indicar qual o caminho dos juros\u201d, afirma.<\/p>\n\n\n\n<p>As proje\u00e7\u00f5es da casa s\u00e3o de 12,50% de <strong>Selic para o fim de 2023<\/strong> e de 9% para o ano que vem, levando em conta uma desacelera\u00e7\u00e3o da infla\u00e7\u00e3o global.<\/p>\n\n\n\n\t<div data-element=\"shortcode-read-more\" class=\"readToo\">\n\t\t\t\t<span class=\"readToo__title\">Leia mais<\/span>\n\t\t\t\t<ul class=\"readToo__list\">\n\t\t\t<li><a href=\"https:\/\/www.suno.com.br\/noticias\/bradesco-bbdc4-resultado-lucro-1t23\/\">Lucro l\u00edquido do Bradesco (BBDC4) no 1T23 recua 37,3%, para R$ 4,28 bilh\u00f5es, mas supera estimativas<\/a><\/li><li><a href=\"https:\/\/www.suno.com.br\/noticias\/ibovespa-hoje-fechamento-04052023\/\">Ibovespa sobe com alta da Petrobras (PETR4) e bancos; Vale (VALE3) e CSN (CSNA3) cedem com queda do min\u00e9rio<\/a><\/li><li><a href=\"https:\/\/www.suno.com.br\/noticias\/copom-selic-decisao-juros-maio-2023\/\">Copom mant\u00e9m taxa Selic a 13,75% ao ano pela 6\u00aa vez seguida; entenda por qu\u00ea<\/a><\/li><li><a href=\"https:\/\/www.suno.com.br\/noticias\/ipca-taxa-selic-projecoes-boletim-focus\/\">IPCA ainda maior em 2023: Veja novas proje\u00e7\u00f5es do Boletim Focus<\/a><\/li>\t\t<\/ul>\n\t<\/div>\n\n\n\n\n<h2 class=\"wp-block-heading\">BC \u00e0 espera de n\u00fameros melhores da infla\u00e7\u00e3o<\/h2>\n\n\n\n<p>Apesar dos dados de infla\u00e7\u00e3o mais otimistas nas \u00faltimas divulga\u00e7\u00f5es, o <strong>Banco Central<\/strong> tamb\u00e9m deve aguardar n\u00fameros bons nos pr\u00f3ximos meses antes de afrouxar a <a class=\"suno-keyword\" data-force=\"no\" data-priority=\"1\" href=\"https:\/\/www.suno.com.br\/artigos\/politica-monetaria\/\" target=\"_blank\" rel=\"noopener\">pol\u00edtica monet\u00e1ria<\/a> e adotar uma postura mais dovish.<\/p>\n\n\n\n<p>Ricardo Jorge, especialista em renda fixa e s\u00f3cio da Quantzed, comenta que o IPCA do m\u00eas passado foi melhor do que o esperado com qualitativo promissor tamb\u00e9m &#8211; assim como o IPCA-15 -, mas h\u00e1 uma expectativa para as pr\u00f3ximas divulga\u00e7\u00f5es.<\/p>\n\n\n\n<p>&#8220;Isso obviamente ajuda na condu\u00e7\u00e3o de pol\u00edtica monet\u00e1ria, mas, ainda para essa reuni\u00e3o, j\u00e1 era sabido que ter\u00edamos uma manuten\u00e7\u00e3o na taxa. Inclusive, pelas declara\u00e7\u00f5es que o<em> [presidente do BC]<\/em> Roberto Campos Neto deu no no Senado e vem se manifestando h\u00e1 algum tempo, dizendo que ainda \u00e9 cedo <em>[para iniciar o ciclo de cortes]<\/em>. A gente precisa de mais consist\u00eancia nos dados para que comece um ciclo de afrouxamento monet\u00e1rio&#8221;, comenta.<\/p>\n\n\n\n<p>Em relat\u00f3rio, analistas do Bank of America (BofA) destacaram que o ciclo de corte de juros deve se iniciar somente em agosto.<\/p>\n\n\n\n<p>Os especialistas David Beker e Natacha Perez projetavam um corte j\u00e1 nesta reuni\u00e3o, para 13,50%, mas ponderam um ambiente mais nebuloso para o BC.<\/p>\n\n\n\n<p>&#8220;Dada a nossa percep\u00e7\u00e3o do estado atual da economia, os efeitos acumulados do aperto monet\u00e1rio e deteriora\u00e7\u00e3o do mercado de cr\u00e9dito, adiamos nossa proje\u00e7\u00e3o para o in\u00edcio de um ciclo de flexibiliza\u00e7\u00e3o de 425 pontos base para agosto (que ocorrer\u00e1 ap\u00f3s a reuni\u00e3o do Conselho Monet\u00e1rio Nacional). Esperamos um corte inicial de 50pb e a taxa Selic em 11,75% para o fim de 2023, e continuamos projetando uma Selic de 9,5% para 2024&#8221;, preveem. <\/p>\n\n\n\t<p>\n\t\t<a href=\"https:\/\/lp.suno.com.br\/ebook-gratuito-investindo-no-exterior\/\" target=\"_blank\" data-element=\"shortcode-suno-banner\" title=\"Banner SUNO, clique e saiba mais\">\n\t\t\t<picture>\n\t\t\t\t<source media=\"(max-width: 500px)\" srcset=\"https:\/\/files.sunoresearch.com.br\/n\/uploads\/2023\/03\/400x300-Investindo-no-exterior.png\">\n\t\t\t\t<img class=\"newsContent__article__imgCapa newsContent__article__imgCapa--banner\"\n\t\t\t\t\tsrc=\"https:\/\/files.sunoresearch.com.br\/n\/uploads\/2023\/03\/1420x240-Investindo-no-exterior.png\"\n\t\t\t\t\tdata-promo-id=\"383161\"\t\t\t\t\t\t\t\t\t\twidth='1420' height='240'\t\t\t\t\talt=\"https:\/\/files.sunoresearch.com.br\/n\/uploads\/2023\/03\/1420x240-Investindo-no-exterior.png\"\n\t\t\t\t>\n\t\t\t<\/picture>\n\t\t<\/a>\n\t<\/p>\n\n\n\n\n\n<h2 class=\"wp-block-heading\">Como calibrar a carteira<\/h2>\n\n\n\n<p>Paulo Ricardo dos Santos, especialista em investimentos da Blue3, aponta que n\u00e3o foi &#8216;nenhuma surpresa&#8217; a <strong>manuten\u00e7\u00e3o da Selic<\/strong> e mant\u00e9m uma vis\u00e3o mais pessimista.<\/p>\n\n\n\n<p>&#8220;Fica dif\u00edcil enxergar uma queda e dar uma proje\u00e7\u00e3o assertiva, mas penso que est\u00e1 bem desenhado que isso n\u00e3o deve ocorrer no <a class=\"suno-keyword\" target=\"_blank\" data-force=\"no\" data-priority=\"1\" href=\"https:\/\/www.suno.com.br\/artigos\/curto-prazo\/\" rel=\"noopener\">curto prazo<\/a>, inclusive vendo a press\u00e3o pol\u00edtica&#8221;, analisa.<\/p>\n\n\n\n<p>Sobre movimentos na carteira de clientes e como o mercado reage, Santos aponta que o momento \u00e9 ca\u00f3tico e a compra de equities no momento atual depende de um apetite por risco maior por parte do investidor.<\/p>\n\n\n\n<p>&#8220;Mudar portf\u00f3lio vai do perfil do investidor, e com isso \u00e9 importante alinhar com o cliente. Estamos vindo de um grande per\u00edodo de especialistas comentando sobre \u2018bolsa barata\u2019, e de fato temos que dar mais vaz\u00e3o \u00e0 renda vari\u00e1vel e produtos estruturados para clientes com apetite de mais risco. De modo geral, segue valendo a m\u00e1xima de que \u00e9 importante dar um norte de carteira pensando no <a class=\"suno-keyword\" data-force=\"no\" data-priority=\"1\" href=\"https:\/\/www.suno.com.br\/artigos\/longo-prazo\/\" target=\"_blank\" rel=\"noopener\">longo prazo<\/a> e manter uma boa <a class=\"suno-keyword\" data-force=\"no\" data-priority=\"1\" href=\"https:\/\/www.suno.com.br\/artigos\/reserva-de-oportunidade\/\" target=\"_blank\" rel=\"noopener\">reserva de oportunidade<\/a>&#8220;, comenta.<\/p>\n\n\n\n<p>&#8220;Na renda fixa, naturalmente deve ocorrer um movimento de queda em alguns t\u00edtulos, e o investidor que fica olhando o m\u00eas a m\u00eas vai acabar deixando dinheiro na mesa. Os p\u00f3s fixados devem ter uma rentabilidade pior na <strong>queda da Selic<\/strong>, e os investidores devem carregar isso&#8221;, acrescenta.<\/p>\n\n\n\n<h2 class=\"wp-block-heading\">Movimentos da Bolsa<\/h2>\n\n\n\n<p>Diferentemente do \u00faltimo preg\u00e3o p\u00f3s Copom, o dia n\u00e3o foi de &#8216;tela vermelha&#8217; para as equities, com varejo, a\u00e9reas e demais companhias alavancadas ou que dependem do ciclo de cr\u00e9dito apresentando grandes quedas.<\/p>\n\n\n\n<p>A temporada de balan\u00e7os, por sua vez, figurou como grande driver do dia, com baixa de mais de 9% na <a class=\"suno-keyword\" target=\"_blank\" data-force=\"yes\" data-priority=\"2\" href=\"https:\/\/www.suno.com.br\/acoes\/EMBR3\/\" rel=\"noopener\">Embraer (EMBR3)<\/a> e de 6,2% na <a class=\"suno-keyword\" target=\"_blank\" data-force=\"yes\" data-priority=\"2\" href=\"https:\/\/www.suno.com.br\/acoes\/CSNA3\/\" rel=\"noopener\">CSN (CSNA3)<\/a>.<\/p>\n\n\n\n<div class=\"pluginHigherLowerTicker\">\n    <div class=\"info\">\n        <div class=\"leftSide\">\n            Cota\u00e7\u00f5es de <span class=\"\">\n                A\u00e7\u00f5es            <\/span>\n        <\/div>\n        <div class=\"rightSide\">\n            Cota\u00e7\u00f5es extra\u00eddas em 04\/05\/2023 \u00e0s 20:13        <\/div>\n    <\/div>\n\n    <div class=\"analiticsBoxPlugin\">\n        <div data-component=\"stocks\" class=\"analiticsBoxPlugin__cont\">\n            <ul class=\"analiticsBoxPlugin__tabs\">\n                <li class=\"analiticsBoxPlugin__tabs__cont analiticsBoxPlugin__tabs__current\" data-block-tab=\"tab-dd3f91dfd413c310eee33233a402d654-1\">\n                    Maiores Altas\n                    <svg xmlns=\"http:\/\/www.w3.org\/2000\/svg\" width=\"18\" height=\"10\" viewBox=\"0 0 18 10\" fill=\"none\">\n                        <path d=\"M12.3952 0L14.3035 1.90833L10.2368 5.975L6.90352 2.64167L0.728516 8.825L1.90352 10L6.90352 5L10.2368 8.33333L15.4868 3.09167L17.3952 5V0H12.3952Z\" \/>\n                    <\/svg>\n                <\/li>\n                <li class=\"analiticsBoxPlugin__tabs__cont\" data-block-tab=\"tab-dd3f91dfd413c310eee33233a402d654-2\">\n                    Maiores Baixas\n                    <svg xmlns=\"http:\/\/www.w3.org\/2000\/svg\" width=\"18\" height=\"10\" viewBox=\"0 0 18 10\" fill=\"none\">\n                        <path d=\"M12.3952 0L14.3035 1.90833L10.2368 5.975L6.90352 2.64167L0.728516 8.825L1.90352 10L6.90352 5L10.2368 8.33333L15.4868 3.09167L17.3952 5V0H12.3952Z\" \/>\n                    <\/svg>\n                <\/li>\n            <\/ul>\n            <div class=\"analiticsBoxPlugin__cont__desktop\">\n                <div id=\"tab-dd3f91dfd413c310eee33233a402d654-1\" class=\"tab-1 analiticsBoxPlugin__cont__col analiticsBoxPlugin__cont__current\">\n                                            <ul data-wrapper=\"higher\" class=\"analiticsBoxPlugin__list\">\n                                                                                            <a  data-element=\"link\"\n\t\t\t\t\t\t\t\t\thref=\"https:\/\/www.suno.com.br\/analitica\/acoes\/UGPA3\"\n\t\t\t\t\t\t\t\t\ttarget=\"_blank\"\n\t\t\t\t\t\t\t\t\tclass=\"analiticsTop__list__item__link analiticsBoxPlugin__list__item\">\n                                    <div class=\"analiticsBoxPlugin__list__item__ticker\">\n                                        <span class=\"analiticsBoxPlugin__list__item__ticker__symbol\">\n                                            UGPA3                                        <\/span>\n                                        <span class=\"analiticsBoxPlugin__list__item__ticker__company\">\n                                            ULTRAPAR PARTICIPA\u00c7\u00d5ES                                        <\/span>\n                                    <\/div>\n                                    <span class=\"analiticsBoxPlugin__list__item__indice\">R$ 16,18<\/span>\n                                    <span class=\"analiticsBoxPlugin__list__item__val__Up\">\n                                        <svg xmlns=\"http:\/\/www.w3.org\/2000\/svg\" width=\"17\" height=\"16\" viewBox=\"0 0 17 16\" fill=\"none\">\n                                            <circle cx=\"8.06177\" cy=\"8\" r=\"8\" \/>\n                                            <path d=\"M6.9719 7.52788V11.6842C6.9719 11.8586 7.1183 12 7.29886 12H8.82465C9.00521 12 9.1516 11.8586 9.1516 11.6842V7.52788H10.4065C10.9891 7.52788 11.2809 6.84759 10.8689 6.4497L8.52415 4.18499C8.26877 3.93834 7.85474 3.93834 7.59939 4.18499L5.2546 6.4497C4.84267 6.84756 5.13442 7.52788 5.717 7.52788H6.9719Z\" fill=\"white\" \/>\n                                        <\/svg>\n                                        <span>11,74%<\/span>\n                                    <\/span>\n                                <\/a>\n                                                                                            <a  data-element=\"link\"\n\t\t\t\t\t\t\t\t\thref=\"https:\/\/www.suno.com.br\/analitica\/acoes\/DXCO3\"\n\t\t\t\t\t\t\t\t\ttarget=\"_blank\"\n\t\t\t\t\t\t\t\t\tclass=\"analiticsTop__list__item__link analiticsBoxPlugin__list__item\">\n                                    <div class=\"analiticsBoxPlugin__list__item__ticker\">\n                                        <span class=\"analiticsBoxPlugin__list__item__ticker__symbol\">\n                                            DXCO3                                        <\/span>\n                                        <span class=\"analiticsBoxPlugin__list__item__ticker__company\">\n                                            DURATEX                                        <\/span>\n                                    <\/div>\n                                    <span class=\"analiticsBoxPlugin__list__item__indice\">R$ 6,49<\/span>\n                                    <span class=\"analiticsBoxPlugin__list__item__val__Up\">\n                                        <svg xmlns=\"http:\/\/www.w3.org\/2000\/svg\" width=\"17\" height=\"16\" viewBox=\"0 0 17 16\" fill=\"none\">\n                                            <circle cx=\"8.06177\" cy=\"8\" r=\"8\" \/>\n                                            <path d=\"M6.9719 7.52788V11.6842C6.9719 11.8586 7.1183 12 7.29886 12H8.82465C9.00521 12 9.1516 11.8586 9.1516 11.6842V7.52788H10.4065C10.9891 7.52788 11.2809 6.84759 10.8689 6.4497L8.52415 4.18499C8.26877 3.93834 7.85474 3.93834 7.59939 4.18499L5.2546 6.4497C4.84267 6.84756 5.13442 7.52788 5.717 7.52788H6.9719Z\" fill=\"white\" \/>\n                                        <\/svg>\n                                        <span>7,45%<\/span>\n                                    <\/span>\n                                <\/a>\n                                                                                            <a  data-element=\"link\"\n\t\t\t\t\t\t\t\t\thref=\"https:\/\/www.suno.com.br\/analitica\/acoes\/PCAR3\"\n\t\t\t\t\t\t\t\t\ttarget=\"_blank\"\n\t\t\t\t\t\t\t\t\tclass=\"analiticsTop__list__item__link analiticsBoxPlugin__list__item\">\n                                    <div class=\"analiticsBoxPlugin__list__item__ticker\">\n                                        <span class=\"analiticsBoxPlugin__list__item__ticker__symbol\">\n                                            PCAR3                                        <\/span>\n                                        <span class=\"analiticsBoxPlugin__list__item__ticker__company\">\n                                            CIA BRASILEIRA DE DISTRIBUI\u00c7\u00c3O                                        <\/span>\n                                    <\/div>\n                                    <span class=\"analiticsBoxPlugin__list__item__indice\">R$ 15,04<\/span>\n                                    <span class=\"analiticsBoxPlugin__list__item__val__Up\">\n                                        <svg xmlns=\"http:\/\/www.w3.org\/2000\/svg\" width=\"17\" height=\"16\" viewBox=\"0 0 17 16\" fill=\"none\">\n                                            <circle cx=\"8.06177\" cy=\"8\" r=\"8\" \/>\n                                            <path d=\"M6.9719 7.52788V11.6842C6.9719 11.8586 7.1183 12 7.29886 12H8.82465C9.00521 12 9.1516 11.8586 9.1516 11.6842V7.52788H10.4065C10.9891 7.52788 11.2809 6.84759 10.8689 6.4497L8.52415 4.18499C8.26877 3.93834 7.85474 3.93834 7.59939 4.18499L5.2546 6.4497C4.84267 6.84756 5.13442 7.52788 5.717 7.52788H6.9719Z\" fill=\"white\" \/>\n                                        <\/svg>\n                                        <span>6,74%<\/span>\n                                    <\/span>\n                                <\/a>\n                                                                                            <a  data-element=\"link\"\n\t\t\t\t\t\t\t\t\thref=\"https:\/\/www.suno.com.br\/analitica\/acoes\/MGLU3\"\n\t\t\t\t\t\t\t\t\ttarget=\"_blank\"\n\t\t\t\t\t\t\t\t\tclass=\"analiticsTop__list__item__link analiticsBoxPlugin__list__item\">\n                                    <div class=\"analiticsBoxPlugin__list__item__ticker\">\n                                        <span class=\"analiticsBoxPlugin__list__item__ticker__symbol\">\n                                            MGLU3                                        <\/span>\n                                        <span class=\"analiticsBoxPlugin__list__item__ticker__company\">\n                                            MAGAZINE LUIZA                                        <\/span>\n                                    <\/div>\n                                    <span class=\"analiticsBoxPlugin__list__item__indice\">R$ 3,55<\/span>\n                                    <span class=\"analiticsBoxPlugin__list__item__val__Up\">\n                                        <svg xmlns=\"http:\/\/www.w3.org\/2000\/svg\" width=\"17\" height=\"16\" viewBox=\"0 0 17 16\" fill=\"none\">\n                                            <circle cx=\"8.06177\" cy=\"8\" r=\"8\" \/>\n                                            <path d=\"M6.9719 7.52788V11.6842C6.9719 11.8586 7.1183 12 7.29886 12H8.82465C9.00521 12 9.1516 11.8586 9.1516 11.6842V7.52788H10.4065C10.9891 7.52788 11.2809 6.84759 10.8689 6.4497L8.52415 4.18499C8.26877 3.93834 7.85474 3.93834 7.59939 4.18499L5.2546 6.4497C4.84267 6.84756 5.13442 7.52788 5.717 7.52788H6.9719Z\" fill=\"white\" \/>\n                                        <\/svg>\n                                        <span>6,29%<\/span>\n                                    <\/span>\n                                <\/a>\n                                                                                            <a  data-element=\"link\"\n\t\t\t\t\t\t\t\t\thref=\"https:\/\/www.suno.com.br\/analitica\/acoes\/MRVE3\"\n\t\t\t\t\t\t\t\t\ttarget=\"_blank\"\n\t\t\t\t\t\t\t\t\tclass=\"analiticsTop__list__item__link analiticsBoxPlugin__list__item\">\n                                    <div class=\"analiticsBoxPlugin__list__item__ticker\">\n                                        <span class=\"analiticsBoxPlugin__list__item__ticker__symbol\">\n                                            MRVE3                                        <\/span>\n                                        <span class=\"analiticsBoxPlugin__list__item__ticker__company\">\n                                            MRV ENGENHARIA E PARTICIPA\u00c7\u00d5ES                                        <\/span>\n                                    <\/div>\n                                    <span class=\"analiticsBoxPlugin__list__item__indice\">R$ 7,44<\/span>\n                                    <span class=\"analiticsBoxPlugin__list__item__val__Up\">\n                                        <svg xmlns=\"http:\/\/www.w3.org\/2000\/svg\" width=\"17\" height=\"16\" viewBox=\"0 0 17 16\" fill=\"none\">\n                                            <circle cx=\"8.06177\" cy=\"8\" r=\"8\" \/>\n                                            <path d=\"M6.9719 7.52788V11.6842C6.9719 11.8586 7.1183 12 7.29886 12H8.82465C9.00521 12 9.1516 11.8586 9.1516 11.6842V7.52788H10.4065C10.9891 7.52788 11.2809 6.84759 10.8689 6.4497L8.52415 4.18499C8.26877 3.93834 7.85474 3.93834 7.59939 4.18499L5.2546 6.4497C4.84267 6.84756 5.13442 7.52788 5.717 7.52788H6.9719Z\" fill=\"white\" \/>\n                                        <\/svg>\n                                        <span>6,13%<\/span>\n                                    <\/span>\n                                <\/a>\n                                                    <\/ul>\n                                    <\/div>\n                <div id=\"tab-dd3f91dfd413c310eee33233a402d654-2\" class=\"tab-2 analiticsBoxPlugin__cont__col\">\n                                            <ul data-wrapper=\"lower\" class=\"analiticsBoxPlugin__list\">\n                                                                                            <a\n\t\t\t\t\t\t\t\t\tdata-element=\"link\"\n\t\t\t\t\t\t\t\t\thref=\"https:\/\/www.suno.com.br\/analitica\/acoes\/EMBR3\"\n\t\t\t\t\t\t\t\t\ttarget=\"_blank\"\n\t\t\t\t\t\t\t\t\tclass=\"analiticsTop__list__item__link analiticsBoxPlugin__list__item\">\n                                    <div class=\"analiticsBoxPlugin__list__item__ticker\">\n                                        <span class=\"analiticsBoxPlugin__list__item__ticker__symbol\">\n                                            EMBR3                                        <\/span>\n                                        <span class=\"analiticsBoxPlugin__list__item__ticker__company\">\n                                            EMBRAER                                        <\/span>\n                                    <\/div>\n                                    <span class=\"analiticsBoxPlugin__list__item__indice\">R$ 16,95<\/span>\n                                    <span class=\"analiticsBoxPlugin__list__item__val__Down\">\n                                        <svg xmlns=\"http:\/\/www.w3.org\/2000\/svg\" width=\"17\" height=\"16\" viewBox=\"0 0 17 16\" fill=\"none\">\n                                            <circle cx=\"8.06177\" cy=\"8\" r=\"8\" \/>\n                                            <path d=\"M6.9719 7.52788V11.6842C6.9719 11.8586 7.1183 12 7.29886 12H8.82465C9.00521 12 9.1516 11.8586 9.1516 11.6842V7.52788H10.4065C10.9891 7.52788 11.2809 6.84759 10.8689 6.4497L8.52415 4.18499C8.26877 3.93834 7.85474 3.93834 7.59939 4.18499L5.2546 6.4497C4.84267 6.84756 5.13442 7.52788 5.717 7.52788H6.9719Z\" fill=\"white\" \/>\n                                        <\/svg>\n                                        <span>-9,55%<\/span>\n                                    <\/span>\n                                <\/a>\n                                                                                            <a\n\t\t\t\t\t\t\t\t\tdata-element=\"link\"\n\t\t\t\t\t\t\t\t\thref=\"https:\/\/www.suno.com.br\/analitica\/acoes\/CSNA3\"\n\t\t\t\t\t\t\t\t\ttarget=\"_blank\"\n\t\t\t\t\t\t\t\t\tclass=\"analiticsTop__list__item__link analiticsBoxPlugin__list__item\">\n                                    <div class=\"analiticsBoxPlugin__list__item__ticker\">\n                                        <span class=\"analiticsBoxPlugin__list__item__ticker__symbol\">\n                                            CSNA3                                        <\/span>\n                                        <span class=\"analiticsBoxPlugin__list__item__ticker__company\">\n                                            CSN                                        <\/span>\n                                    <\/div>\n                                    <span class=\"analiticsBoxPlugin__list__item__indice\">R$ 12,22<\/span>\n                                    <span class=\"analiticsBoxPlugin__list__item__val__Down\">\n                                        <svg xmlns=\"http:\/\/www.w3.org\/2000\/svg\" width=\"17\" height=\"16\" viewBox=\"0 0 17 16\" fill=\"none\">\n                                            <circle cx=\"8.06177\" cy=\"8\" r=\"8\" \/>\n                                            <path d=\"M6.9719 7.52788V11.6842C6.9719 11.8586 7.1183 12 7.29886 12H8.82465C9.00521 12 9.1516 11.8586 9.1516 11.6842V7.52788H10.4065C10.9891 7.52788 11.2809 6.84759 10.8689 6.4497L8.52415 4.18499C8.26877 3.93834 7.85474 3.93834 7.59939 4.18499L5.2546 6.4497C4.84267 6.84756 5.13442 7.52788 5.717 7.52788H6.9719Z\" fill=\"white\" \/>\n                                        <\/svg>\n                                        <span>-4,98%<\/span>\n                                    <\/span>\n                                <\/a>\n                                                                                            <a\n\t\t\t\t\t\t\t\t\tdata-element=\"link\"\n\t\t\t\t\t\t\t\t\thref=\"https:\/\/www.suno.com.br\/analitica\/acoes\/CRFB3\"\n\t\t\t\t\t\t\t\t\ttarget=\"_blank\"\n\t\t\t\t\t\t\t\t\tclass=\"analiticsTop__list__item__link analiticsBoxPlugin__list__item\">\n                                    <div class=\"analiticsBoxPlugin__list__item__ticker\">\n                                        <span class=\"analiticsBoxPlugin__list__item__ticker__symbol\">\n                                            CRFB3                                        <\/span>\n                                        <span class=\"analiticsBoxPlugin__list__item__ticker__company\">\n                                            ATACAD\u00c3O                                        <\/span>\n                                    <\/div>\n                                    <span class=\"analiticsBoxPlugin__list__item__indice\">R$ 8,99<\/span>\n                                    <span class=\"analiticsBoxPlugin__list__item__val__Down\">\n                                        <svg xmlns=\"http:\/\/www.w3.org\/2000\/svg\" width=\"17\" height=\"16\" viewBox=\"0 0 17 16\" fill=\"none\">\n                                            <circle cx=\"8.06177\" cy=\"8\" r=\"8\" \/>\n                                            <path d=\"M6.9719 7.52788V11.6842C6.9719 11.8586 7.1183 12 7.29886 12H8.82465C9.00521 12 9.1516 11.8586 9.1516 11.6842V7.52788H10.4065C10.9891 7.52788 11.2809 6.84759 10.8689 6.4497L8.52415 4.18499C8.26877 3.93834 7.85474 3.93834 7.59939 4.18499L5.2546 6.4497C4.84267 6.84756 5.13442 7.52788 5.717 7.52788H6.9719Z\" fill=\"white\" \/>\n                                        <\/svg>\n                                        <span>-4,97%<\/span>\n                                    <\/span>\n                                <\/a>\n                                                                                            <a\n\t\t\t\t\t\t\t\t\tdata-element=\"link\"\n\t\t\t\t\t\t\t\t\thref=\"https:\/\/www.suno.com.br\/analitica\/acoes\/GGBR4\"\n\t\t\t\t\t\t\t\t\ttarget=\"_blank\"\n\t\t\t\t\t\t\t\t\tclass=\"analiticsTop__list__item__link analiticsBoxPlugin__list__item\">\n                                    <div class=\"analiticsBoxPlugin__list__item__ticker\">\n                                        <span class=\"analiticsBoxPlugin__list__item__ticker__symbol\">\n                                            GGBR4                                        <\/span>\n                                        <span class=\"analiticsBoxPlugin__list__item__ticker__company\">\n                                            GERDAU                                        <\/span>\n                                    <\/div>\n                                    <span class=\"analiticsBoxPlugin__list__item__indice\">R$ 23,69<\/span>\n                                    <span class=\"analiticsBoxPlugin__list__item__val__Down\">\n                                        <svg xmlns=\"http:\/\/www.w3.org\/2000\/svg\" width=\"17\" height=\"16\" viewBox=\"0 0 17 16\" fill=\"none\">\n                                            <circle cx=\"8.06177\" cy=\"8\" r=\"8\" \/>\n                                            <path d=\"M6.9719 7.52788V11.6842C6.9719 11.8586 7.1183 12 7.29886 12H8.82465C9.00521 12 9.1516 11.8586 9.1516 11.6842V7.52788H10.4065C10.9891 7.52788 11.2809 6.84759 10.8689 6.4497L8.52415 4.18499C8.26877 3.93834 7.85474 3.93834 7.59939 4.18499L5.2546 6.4497C4.84267 6.84756 5.13442 7.52788 5.717 7.52788H6.9719Z\" fill=\"white\" \/>\n                                        <\/svg>\n                                        <span>-4,13%<\/span>\n                                    <\/span>\n                                <\/a>\n                                                                                            <a\n\t\t\t\t\t\t\t\t\tdata-element=\"link\"\n\t\t\t\t\t\t\t\t\thref=\"https:\/\/www.suno.com.br\/analitica\/acoes\/PRIO3\"\n\t\t\t\t\t\t\t\t\ttarget=\"_blank\"\n\t\t\t\t\t\t\t\t\tclass=\"analiticsTop__list__item__link analiticsBoxPlugin__list__item\">\n                                    <div class=\"analiticsBoxPlugin__list__item__ticker\">\n                                        <span class=\"analiticsBoxPlugin__list__item__ticker__symbol\">\n                                            PRIO3                                        <\/span>\n                                        <span class=\"analiticsBoxPlugin__list__item__ticker__company\">\n                                            PETRO RIO                                        <\/span>\n                                    <\/div>\n                                    <span class=\"analiticsBoxPlugin__list__item__indice\">R$ 32,71<\/span>\n                                    <span class=\"analiticsBoxPlugin__list__item__val__Down\">\n                                        <svg xmlns=\"http:\/\/www.w3.org\/2000\/svg\" width=\"17\" height=\"16\" viewBox=\"0 0 17 16\" fill=\"none\">\n                                            <circle cx=\"8.06177\" cy=\"8\" r=\"8\" \/>\n                                            <path d=\"M6.9719 7.52788V11.6842C6.9719 11.8586 7.1183 12 7.29886 12H8.82465C9.00521 12 9.1516 11.8586 9.1516 11.6842V7.52788H10.4065C10.9891 7.52788 11.2809 6.84759 10.8689 6.4497L8.52415 4.18499C8.26877 3.93834 7.85474 3.93834 7.59939 4.18499L5.2546 6.4497C4.84267 6.84756 5.13442 7.52788 5.717 7.52788H6.9719Z\" fill=\"white\" \/>\n                                        <\/svg>\n                                        <span>-4,08%<\/span>\n                                    <\/span>\n                                <\/a>\n                                                    <\/ul>\n                                    <\/div>\n            <\/div>\n        <\/div>\n        <div class=\"analiticsBoxPlugin__obs\">\n            *Cota\u00e7\u00f5es extra\u00eddas em 04\/05\/2023 \u00e0s 20:13        <\/div>\n        <div class=\"analiticsBoxPlugin__footer\">\n            <div class=\"analiticaSource\">\n                <span>\n                    Fonte:\n                <\/span>\n                <img decoding=\"async\" class=\"analiticaLogo\" src=\"https:\/\/www.suno.com.br\/noticias\/wp-content\/plugins\/suno-block-ticker-quotation\/src\/suno-analitica-logo.png\" alt=\"Logo Suno Anal\u00edtica\" \/>\n            <\/div>\n\n            <a href=\"https:\/\/www.suno.com.br\/analitica\/acoes\" target=\"_blank\">\n                <span>\n                    Ver mais cota\u00e7\u00f5es\n                <\/span>\n                <svg xmlns=\"http:\/\/www.w3.org\/2000\/svg\" width=\"9\" height=\"8\" viewBox=\"0 0 9 8\" fill=\"none\">\n                    <path d=\"M4.20996 0L3.50496 0.705L6.29496 3.5H0.209961V4.5H6.29496L3.50496 7.295L4.20996 8L8.20996 4L4.20996 0Z\" fill=\"#D42126\" \/>\n                <\/svg>\n            <\/a>\n        <\/div>\n    <\/div>\n<\/div>\n\n<script type=\"text\/javascript\">\n\tfunction handleBlockTabs() {\n\t\tif (window.innerWidth < 1180) {\n\t\t\tlet elements = document.querySelectorAll('ul.analiticsBoxPlugin__tabs li')\n\t\t\tlet contents = document.querySelectorAll('.analiticsBoxPlugin__cont__col');\n\n\t\t\telements.forEach((item, index) => {\n\t\t\t\titem.addEventListener('click', function() {\n\t\t\t\t\tconst tabId = item.getAttribute('data-block-tab');\n\t\t\t\t\telements[0 == index ? index + 1 : index - 1].classList.remove('analiticsBoxPlugin__tabs__current');\n\t\t\t\t\tcontents[0 == index ? index + 1 : index - 1].classList.remove('analiticsBoxPlugin__cont__current');\n\n\t\t\t\t\titem.classList.add('analiticsBoxPlugin__tabs__current');\n\t\t\t\t\tdocument.querySelector(`#${tabId}`).classList.add('analiticsBoxPlugin__cont__current');\n\t\t\t\t})\n\t\t\t});\n\t\t}\n\t}\n\n\twindow.addEventListener(\"resize\", handleBlockTabs);\n\thandleBlockTabs();\n<\/script>\n\n\n\n<h2 class=\"wp-block-heading\">Proje\u00e7\u00f5es para Selic em 2023 e 2024<\/h2>\n\n\n\n<p><a href=\"https:\/\/www.bcb.gov.br\/content\/focus\/focus\/R20230428.pdf\" target=\"_blank\" rel=\"noreferrer noopener\">Atualmente o consenso do mercado financeiro projeta uma Selic de 12,50%<\/a> para o ano de 2023. Para 2024 a estimativa \u00e9 de 10%. Os dados s\u00e3o do \u00faltimo <a href=\"https:\/\/www.suno.com.br\/noticias\/web-stories\/ipca-inflacao-maior-projecoes-boletim-focus\/\" target=\"_blank\" rel=\"noreferrer noopener\">Boletim Focus<\/a>.<\/p>\n\n\n\t<p>\n\t\t<a href=\"https:\/\/lp.suno.com.br\/suno-one\/?utm_campaign=_SNC6964518A_\" target=\"_blank\" data-element=\"shortcode-suno-banner\" title=\"Banner SUNO, clique e saiba mais\">\n\t\t\t<picture>\n\t\t\t\t<source media=\"(max-width: 500px)\" srcset=\"https:\/\/files.sunoresearch.com.br\/n\/uploads\/2025\/09\/400x300-Suno-One-png.webp\">\n\t\t\t\t<img class=\"newsContent__article__imgCapa newsContent__article__imgCapa--banner\"\n\t\t\t\t\tsrc=\"https:\/\/files.sunoresearch.com.br\/n\/uploads\/2025\/09\/1420x240-Suno-One-png.webp\"\n\t\t\t\t\tdata-promo-id=\"383121\"\t\t\t\t\t\t\t\t\t\twidth='1420' height='240'\t\t\t\t\talt=\"https:\/\/files.sunoresearch.com.br\/n\/uploads\/2025\/09\/1420x240-Suno-One-png.webp\"\n\t\t\t\t>\n\t\t\t<\/picture>\n\t\t<\/a>\n\t<\/p>\n\n\n","protected":false},"excerpt":{"rendered":"<p>Nesta semana o Comit\u00ea de Pol\u00edtica Monet\u00e1ria (Copom) decidiu novamente pela manuten\u00e7\u00e3o da Taxa Selic em 13,75%, em mais um comunicado que seguiu com cita\u00e7\u00f5es ao cen\u00e1rio fiscal a reafirma\u00e7\u00f5es do papel &#8220;vigilante&#8221; do Banco Central (BC) para com a infla\u00e7\u00e3o &#8211; atualmente abaixo de 5% no anualizado. Com a mesma Taxa Selic desde meados [&hellip;]<\/p>\n","protected":false},"author":73,"featured_media":179071,"comment_status":"closed","ping_status":"closed","sticky":false,"template":"","format":"standard","meta":[],"categories":[62],"tags":[105815,2448,1752,290],"suno_strategy":[],"class_list":["post-399787","post","type-post","status-publish","format-standard","has-post-thumbnail","hentry","category-economia","tag-especial","tag-politica-monetaria","tag-taxa-de-juros","tag-taxa-selic"],"yoast_head":"<!-- This site is optimized with the Yoast SEO plugin v24.4 - https:\/\/yoast.com\/wordpress\/plugins\/seo\/ -->\n<title>Para onde vai a Selic ap\u00f3s mais um Copom sem alterar a taxa?<\/title>\n<meta name=\"description\" content=\"Com mais um Copom de manuten\u00e7\u00e3o da Selic, investidores discutem quando o BC deve iniciar ciclo baixista de juros e adotar postura dovish.\" \/>\n<meta name=\"robots\" content=\"index, follow, max-snippet:-1, max-image-preview:large, max-video-preview:-1\" \/>\n<link rel=\"canonical\" href=\"https:\/\/www.suno.com.br\/noticias\/selic-quando-vai-cair-copom-manutencao-juros\/\" \/>\n<meta property=\"og:locale\" content=\"pt_BR\" \/>\n<meta property=\"og:type\" content=\"article\" \/>\n<meta property=\"og:title\" content=\"Para onde vai a Selic ap\u00f3s mais um Copom sem alterar a taxa?\" \/>\n<meta property=\"og:description\" content=\"Com mais um Copom de manuten\u00e7\u00e3o da Selic, investidores discutem quando o BC deve iniciar ciclo baixista de juros e adotar postura dovish.\" \/>\n<meta property=\"og:url\" content=\"https:\/\/www.suno.com.br\/noticias\/selic-quando-vai-cair-copom-manutencao-juros\/\" \/>\n<meta property=\"og:site_name\" content=\"Suno Not\u00edcias\" \/>\n<meta property=\"article:publisher\" content=\"https:\/\/facebook.com\/sunoresearch\" \/>\n<meta property=\"og:image\" content=\"https:\/\/files.sunoresearch.com.br\/n\/uploads\/2021\/08\/7c8cf9e9-jfcrz_191119mcal57152963-scaled.jpg\" \/>\n\t<meta property=\"og:image:width\" content=\"2560\" \/>\n\t<meta property=\"og:image:height\" content=\"1707\" \/>\n\t<meta property=\"og:image:type\" content=\"image\/jpeg\" \/>\n<meta name=\"author\" content=\"Eduardo Vargas\" \/>\n<meta name=\"twitter:card\" content=\"summary_large_image\" \/>\n<meta name=\"twitter:creator\" content=\"@sunoresearch\" \/>\n<meta name=\"twitter:site\" content=\"@sunoresearch\" \/>\n<meta name=\"twitter:label1\" content=\"Escrito por\" \/>\n\t<meta name=\"twitter:data1\" content=\"Eduardo Vargas\" \/>\n\t<meta name=\"twitter:label2\" content=\"Est. tempo de leitura\" \/>\n\t<meta name=\"twitter:data2\" content=\"5 minutos\" \/>\n<script type=\"application\/ld+json\" class=\"yoast-schema-graph\">{\"@context\":\"https:\/\/schema.org\",\"@graph\":[{\"@type\":\"NewsArticle\",\"@id\":\"https:\/\/www.suno.com.br\/noticias\/selic-quando-vai-cair-copom-manutencao-juros\/#article\",\"isPartOf\":{\"@id\":\"https:\/\/www.suno.com.br\/noticias\/selic-quando-vai-cair-copom-manutencao-juros\/\"},\"author\":{\"name\":\"Eduardo Vargas\",\"@id\":\"https:\/\/www.suno.com.br\/noticias\/#\/schema\/person\/7f4d362bf3518e76090143ae77bb49a5\"},\"headline\":\"Selic a 13,75% de novo: para onde vai a taxa de juros ap\u00f3s mais um Copom sem altera\u00e7\u00f5es?\",\"datePublished\":\"2023-05-05T10:00:00+00:00\",\"dateModified\":\"2023-05-05T10:54:48+00:00\",\"mainEntityOfPage\":{\"@id\":\"https:\/\/www.suno.com.br\/noticias\/selic-quando-vai-cair-copom-manutencao-juros\/\"},\"wordCount\":982,\"publisher\":{\"@id\":\"https:\/\/www.suno.com.br\/noticias\/#organization\"},\"image\":{\"@id\":\"https:\/\/www.suno.com.br\/noticias\/selic-quando-vai-cair-copom-manutencao-juros\/#primaryimage\"},\"thumbnailUrl\":\"https:\/\/files.sunoresearch.com.br\/n\/uploads\/2021\/08\/7c8cf9e9-jfcrz_191119mcal57152963-scaled.jpg\",\"keywords\":[\"Especiais\",\"pol\u00edtica monet\u00e1ria\",\"taxa de juros\",\"Taxa Selic\"],\"articleSection\":[\"Economia\"],\"inLanguage\":\"pt-BR\"},{\"@type\":\"WebPage\",\"@id\":\"https:\/\/www.suno.com.br\/noticias\/selic-quando-vai-cair-copom-manutencao-juros\/\",\"url\":\"https:\/\/www.suno.com.br\/noticias\/selic-quando-vai-cair-copom-manutencao-juros\/\",\"name\":\"Para onde vai a Selic ap\u00f3s mais um Copom sem alterar a taxa?\",\"isPartOf\":{\"@id\":\"https:\/\/www.suno.com.br\/noticias\/#website\"},\"primaryImageOfPage\":{\"@id\":\"https:\/\/www.suno.com.br\/noticias\/selic-quando-vai-cair-copom-manutencao-juros\/#primaryimage\"},\"image\":{\"@id\":\"https:\/\/www.suno.com.br\/noticias\/selic-quando-vai-cair-copom-manutencao-juros\/#primaryimage\"},\"thumbnailUrl\":\"https:\/\/files.sunoresearch.com.br\/n\/uploads\/2021\/08\/7c8cf9e9-jfcrz_191119mcal57152963-scaled.jpg\",\"datePublished\":\"2023-05-05T10:00:00+00:00\",\"dateModified\":\"2023-05-05T10:54:48+00:00\",\"description\":\"Com mais um Copom de manuten\u00e7\u00e3o da Selic, investidores discutem quando o BC deve iniciar ciclo baixista de juros e adotar postura dovish.\",\"breadcrumb\":{\"@id\":\"https:\/\/www.suno.com.br\/noticias\/selic-quando-vai-cair-copom-manutencao-juros\/#breadcrumb\"},\"inLanguage\":\"pt-BR\",\"potentialAction\":[{\"@type\":\"ReadAction\",\"target\":[\"https:\/\/www.suno.com.br\/noticias\/selic-quando-vai-cair-copom-manutencao-juros\/\"]}]},{\"@type\":\"ImageObject\",\"inLanguage\":\"pt-BR\",\"@id\":\"https:\/\/www.suno.com.br\/noticias\/selic-quando-vai-cair-copom-manutencao-juros\/#primaryimage\",\"url\":\"https:\/\/files.sunoresearch.com.br\/n\/uploads\/2021\/08\/7c8cf9e9-jfcrz_191119mcal57152963-scaled.jpg\",\"contentUrl\":\"https:\/\/files.sunoresearch.com.br\/n\/uploads\/2021\/08\/7c8cf9e9-jfcrz_191119mcal57152963-scaled.jpg\",\"width\":2560,\"height\":1707,\"caption\":\"Campos Neto Foto: Ag\u00eancia Brasil.\"},{\"@type\":\"BreadcrumbList\",\"@id\":\"https:\/\/www.suno.com.br\/noticias\/selic-quando-vai-cair-copom-manutencao-juros\/#breadcrumb\",\"itemListElement\":[{\"@type\":\"ListItem\",\"position\":1,\"name\":\"Not\u00edcias\",\"item\":\"https:\/\/www.suno.com.br\/noticias\/\"},{\"@type\":\"ListItem\",\"position\":2,\"name\":\"Economia\",\"item\":\"https:\/\/www.suno.com.br\/noticias\/economia\/\"},{\"@type\":\"ListItem\",\"position\":3,\"name\":\"Selic a 13,75% de novo: para onde vai a taxa de juros ap\u00f3s mais um Copom sem altera\u00e7\u00f5es?\"}]},{\"@type\":\"WebSite\",\"@id\":\"https:\/\/www.suno.com.br\/noticias\/#website\",\"url\":\"https:\/\/www.suno.com.br\/noticias\/\",\"name\":\"Suno Not\u00edcias\",\"description\":\"Seu portal de informa\u00e7\u00e3o sobre o mundo dos investimentos\",\"publisher\":{\"@id\":\"https:\/\/www.suno.com.br\/noticias\/#organization\"},\"potentialAction\":[{\"@type\":\"SearchAction\",\"target\":{\"@type\":\"EntryPoint\",\"urlTemplate\":\"https:\/\/www.suno.com.br\/noticias\/?s={search_term_string}\"},\"query-input\":{\"@type\":\"PropertyValueSpecification\",\"valueRequired\":true,\"valueName\":\"search_term_string\"}}],\"inLanguage\":\"pt-BR\"},{\"@type\":\"Organization\",\"@id\":\"https:\/\/www.suno.com.br\/noticias\/#organization\",\"name\":\"Suno Not\u00edcias\",\"url\":\"https:\/\/www.suno.com.br\/noticias\/\",\"logo\":{\"@type\":\"ImageObject\",\"inLanguage\":\"pt-BR\",\"@id\":\"https:\/\/www.suno.com.br\/noticias\/#\/schema\/logo\/image\/\",\"url\":\"https:\/\/files.sunoresearch.com.br\/n\/uploads\/2021\/09\/suno-logo.png\",\"contentUrl\":\"https:\/\/files.sunoresearch.com.br\/n\/uploads\/2021\/09\/suno-logo.png\",\"width\":180,\"height\":180,\"caption\":\"Suno Not\u00edcias\"},\"image\":{\"@id\":\"https:\/\/www.suno.com.br\/noticias\/#\/schema\/logo\/image\/\"},\"sameAs\":[\"https:\/\/facebook.com\/sunoresearch\",\"https:\/\/x.com\/sunoresearch\",\"https:\/\/www.instagram.com\/suno\",\"https:\/\/www.linkedin.com\/company\/suno-research\/\",\"https:\/\/www.youtube.com\/c\/sunoresearch\"]},{\"@type\":\"Person\",\"@id\":\"https:\/\/www.suno.com.br\/noticias\/#\/schema\/person\/7f4d362bf3518e76090143ae77bb49a5\",\"name\":\"Eduardo Vargas\",\"image\":{\"@type\":\"ImageObject\",\"inLanguage\":\"pt-BR\",\"@id\":\"https:\/\/www.suno.com.br\/noticias\/#\/schema\/person\/image\/\",\"url\":\"https:\/\/secure.gravatar.com\/avatar\/dac340933427a22924c9f99d1eb2e3f2?s=96&r=g\",\"contentUrl\":\"https:\/\/secure.gravatar.com\/avatar\/dac340933427a22924c9f99d1eb2e3f2?s=96&r=g\",\"caption\":\"Eduardo Vargas\"},\"description\":\"Jornalista formado pela UFSC, cobre macroeconomia, neg\u00f3cios e startups para o Suno Not\u00edcias, escrevendo principalmente not\u00edcias sobre o mercado financeiro e a bolsa de valores. No YouTube e no Instagram, \u00e9 respons\u00e1vel pela produ\u00e7\u00e3o de Reels e Shorts do Suno Not\u00edcias. Anteriormente, trabalhou cobrindo economia e cotidiano no ND+ e para o ND, maior jornal impresso de Santa Catarina. Cursou um semestre letivo de Estudos de M\u00eddia na Universidad de Buenos Aires.\",\"url\":\"https:\/\/www.suno.com.br\/noticias\/author\/eduardo-vargas\/\"}]}<\/script>\n<!-- \/ Yoast SEO plugin. -->","yoast_head_json":{"title":"Para onde vai a Selic ap\u00f3s mais um Copom sem alterar a taxa?","description":"Com mais um Copom de manuten\u00e7\u00e3o da Selic, investidores discutem quando o BC deve iniciar ciclo baixista de juros e adotar postura dovish.","robots":{"index":"index","follow":"follow","max-snippet":"max-snippet:-1","max-image-preview":"max-image-preview:large","max-video-preview":"max-video-preview:-1"},"canonical":"https:\/\/www.suno.com.br\/noticias\/selic-quando-vai-cair-copom-manutencao-juros\/","og_locale":"pt_BR","og_type":"article","og_title":"Para onde vai a Selic ap\u00f3s mais um Copom sem alterar a taxa?","og_description":"Com mais um Copom de manuten\u00e7\u00e3o da Selic, investidores discutem quando o BC deve iniciar ciclo baixista de juros e adotar postura dovish.","og_url":"https:\/\/www.suno.com.br\/noticias\/selic-quando-vai-cair-copom-manutencao-juros\/","og_site_name":"Suno Not\u00edcias","article_publisher":"https:\/\/facebook.com\/sunoresearch","og_image":[{"width":2560,"height":1707,"url":"https:\/\/files.sunoresearch.com.br\/n\/uploads\/2021\/08\/7c8cf9e9-jfcrz_191119mcal57152963-scaled.jpg","type":"image\/jpeg"}],"author":"Eduardo Vargas","twitter_card":"summary_large_image","twitter_creator":"@sunoresearch","twitter_site":"@sunoresearch","twitter_misc":{"Escrito por":"Eduardo Vargas","Est. tempo de leitura":"5 minutos"},"schema":{"@context":"https:\/\/schema.org","@graph":[{"@type":"NewsArticle","@id":"https:\/\/www.suno.com.br\/noticias\/selic-quando-vai-cair-copom-manutencao-juros\/#article","isPartOf":{"@id":"https:\/\/www.suno.com.br\/noticias\/selic-quando-vai-cair-copom-manutencao-juros\/"},"author":{"name":"Eduardo Vargas","@id":"https:\/\/www.suno.com.br\/noticias\/#\/schema\/person\/7f4d362bf3518e76090143ae77bb49a5"},"headline":"Selic a 13,75% de novo: para onde vai a taxa de juros ap\u00f3s mais um Copom sem altera\u00e7\u00f5es?","datePublished":"2023-05-05T10:00:00+00:00","dateModified":"2023-05-05T10:54:48+00:00","mainEntityOfPage":{"@id":"https:\/\/www.suno.com.br\/noticias\/selic-quando-vai-cair-copom-manutencao-juros\/"},"wordCount":982,"publisher":{"@id":"https:\/\/www.suno.com.br\/noticias\/#organization"},"image":{"@id":"https:\/\/www.suno.com.br\/noticias\/selic-quando-vai-cair-copom-manutencao-juros\/#primaryimage"},"thumbnailUrl":"https:\/\/files.sunoresearch.com.br\/n\/uploads\/2021\/08\/7c8cf9e9-jfcrz_191119mcal57152963-scaled.jpg","keywords":["Especiais","pol\u00edtica monet\u00e1ria","taxa de juros","Taxa Selic"],"articleSection":["Economia"],"inLanguage":"pt-BR"},{"@type":"WebPage","@id":"https:\/\/www.suno.com.br\/noticias\/selic-quando-vai-cair-copom-manutencao-juros\/","url":"https:\/\/www.suno.com.br\/noticias\/selic-quando-vai-cair-copom-manutencao-juros\/","name":"Para onde vai a Selic ap\u00f3s mais um Copom sem alterar a taxa?","isPartOf":{"@id":"https:\/\/www.suno.com.br\/noticias\/#website"},"primaryImageOfPage":{"@id":"https:\/\/www.suno.com.br\/noticias\/selic-quando-vai-cair-copom-manutencao-juros\/#primaryimage"},"image":{"@id":"https:\/\/www.suno.com.br\/noticias\/selic-quando-vai-cair-copom-manutencao-juros\/#primaryimage"},"thumbnailUrl":"https:\/\/files.sunoresearch.com.br\/n\/uploads\/2021\/08\/7c8cf9e9-jfcrz_191119mcal57152963-scaled.jpg","datePublished":"2023-05-05T10:00:00+00:00","dateModified":"2023-05-05T10:54:48+00:00","description":"Com mais um Copom de manuten\u00e7\u00e3o da Selic, investidores discutem quando o BC deve iniciar ciclo baixista de juros e adotar postura dovish.","breadcrumb":{"@id":"https:\/\/www.suno.com.br\/noticias\/selic-quando-vai-cair-copom-manutencao-juros\/#breadcrumb"},"inLanguage":"pt-BR","potentialAction":[{"@type":"ReadAction","target":["https:\/\/www.suno.com.br\/noticias\/selic-quando-vai-cair-copom-manutencao-juros\/"]}]},{"@type":"ImageObject","inLanguage":"pt-BR","@id":"https:\/\/www.suno.com.br\/noticias\/selic-quando-vai-cair-copom-manutencao-juros\/#primaryimage","url":"https:\/\/files.sunoresearch.com.br\/n\/uploads\/2021\/08\/7c8cf9e9-jfcrz_191119mcal57152963-scaled.jpg","contentUrl":"https:\/\/files.sunoresearch.com.br\/n\/uploads\/2021\/08\/7c8cf9e9-jfcrz_191119mcal57152963-scaled.jpg","width":2560,"height":1707,"caption":"Campos Neto Foto: Ag\u00eancia Brasil."},{"@type":"BreadcrumbList","@id":"https:\/\/www.suno.com.br\/noticias\/selic-quando-vai-cair-copom-manutencao-juros\/#breadcrumb","itemListElement":[{"@type":"ListItem","position":1,"name":"Not\u00edcias","item":"https:\/\/www.suno.com.br\/noticias\/"},{"@type":"ListItem","position":2,"name":"Economia","item":"https:\/\/www.suno.com.br\/noticias\/economia\/"},{"@type":"ListItem","position":3,"name":"Selic a 13,75% de novo: para onde vai a taxa de juros ap\u00f3s mais um Copom sem altera\u00e7\u00f5es?"}]},{"@type":"WebSite","@id":"https:\/\/www.suno.com.br\/noticias\/#website","url":"https:\/\/www.suno.com.br\/noticias\/","name":"Suno Not\u00edcias","description":"Seu portal de informa\u00e7\u00e3o sobre o mundo dos investimentos","publisher":{"@id":"https:\/\/www.suno.com.br\/noticias\/#organization"},"potentialAction":[{"@type":"SearchAction","target":{"@type":"EntryPoint","urlTemplate":"https:\/\/www.suno.com.br\/noticias\/?s={search_term_string}"},"query-input":{"@type":"PropertyValueSpecification","valueRequired":true,"valueName":"search_term_string"}}],"inLanguage":"pt-BR"},{"@type":"Organization","@id":"https:\/\/www.suno.com.br\/noticias\/#organization","name":"Suno Not\u00edcias","url":"https:\/\/www.suno.com.br\/noticias\/","logo":{"@type":"ImageObject","inLanguage":"pt-BR","@id":"https:\/\/www.suno.com.br\/noticias\/#\/schema\/logo\/image\/","url":"https:\/\/files.sunoresearch.com.br\/n\/uploads\/2021\/09\/suno-logo.png","contentUrl":"https:\/\/files.sunoresearch.com.br\/n\/uploads\/2021\/09\/suno-logo.png","width":180,"height":180,"caption":"Suno Not\u00edcias"},"image":{"@id":"https:\/\/www.suno.com.br\/noticias\/#\/schema\/logo\/image\/"},"sameAs":["https:\/\/facebook.com\/sunoresearch","https:\/\/x.com\/sunoresearch","https:\/\/www.instagram.com\/suno","https:\/\/www.linkedin.com\/company\/suno-research\/","https:\/\/www.youtube.com\/c\/sunoresearch"]},{"@type":"Person","@id":"https:\/\/www.suno.com.br\/noticias\/#\/schema\/person\/7f4d362bf3518e76090143ae77bb49a5","name":"Eduardo Vargas","image":{"@type":"ImageObject","inLanguage":"pt-BR","@id":"https:\/\/www.suno.com.br\/noticias\/#\/schema\/person\/image\/","url":"https:\/\/secure.gravatar.com\/avatar\/dac340933427a22924c9f99d1eb2e3f2?s=96&r=g","contentUrl":"https:\/\/secure.gravatar.com\/avatar\/dac340933427a22924c9f99d1eb2e3f2?s=96&r=g","caption":"Eduardo Vargas"},"description":"Jornalista formado pela UFSC, cobre macroeconomia, neg\u00f3cios e startups para o Suno Not\u00edcias, escrevendo principalmente not\u00edcias sobre o mercado financeiro e a bolsa de valores. No YouTube e no Instagram, \u00e9 respons\u00e1vel pela produ\u00e7\u00e3o de Reels e Shorts do Suno Not\u00edcias. Anteriormente, trabalhou cobrindo economia e cotidiano no ND+ e para o ND, maior jornal impresso de Santa Catarina. Cursou um semestre letivo de Estudos de M\u00eddia na Universidad de Buenos Aires.","url":"https:\/\/www.suno.com.br\/noticias\/author\/eduardo-vargas\/"}]}},"default_loop_html":"<div class=\"cardsPage__listCard__boxs\"><div class=\"cardsPage__listCard__boxs__img\"><a href=\"https:\/\/www.suno.com.br\/noticias\/selic-quando-vai-cair-copom-manutencao-juros\/\"><img class=\"mask\" src=\"https:\/\/www.suno.com.br\/noticias\/wp-content\/themes\/suno\/resources\/images\/spotlight\/spotlight1img\/bg-mask.png\" alt=\"Image Mask\"\/><img src=\"https:\/\/files.sunoresearch.com.br\/n\/uploads\/2021\/08\/7c8cf9e9-jfcrz_191119mcal57152963-400x200.jpg\" alt=\"Selic a 13,75% de novo: para onde vai a taxa de juros ap\u00f3s mais um Copom sem altera\u00e7\u00f5es?\"\/><\/a><span class=\"spotlightCategory\"><a href=\"https:\/\/www.suno.com.br\/noticias\/economia\/\">Economia<\/a><\/span><\/div><div class=\"cardsPage__listCard__boxs__content\"><a href=\"https:\/\/www.suno.com.br\/noticias\/selic-quando-vai-cair-copom-manutencao-juros\/\"><h2 class=\"content__title\">Selic a 13,75% de novo: para onde vai a taxa de juros ap\u00f3s mais um Copom sem altera\u00e7\u00f5es?<\/h2><\/a><div class=\"newsContent__article__meta\"><div class=\"newsContent__article__meta__authorBox\"><a href=\"https:\/\/www.suno.com.br\/noticias\/author\/eduardo-vargas\/\" class=\"authorBox__avatar noMobi\"><img src=\"https:\/\/secure.gravatar.com\/avatar\/dac340933427a22924c9f99d1eb2e3f2?s=96&#038;r=g\" alt=\"Eduardo Vargas\"><\/a><div class=\"authorBox__name\"><span>por\n\t\t\t<a href=\"https:\/\/www.suno.com.br\/noticias\/author\/eduardo-vargas\/\"><span itemprop=\"author\">Eduardo Vargas<\/span><\/a><\/span><time datetime=\"2023-05-05T07:00:00-03:00\" itemprop=\"datePublished\">05\/05\/2023 07:00<\/time><\/div><\/div><\/div><\/div><\/div>","single_layout":"posts","amp_enabled":true,"_links":{"self":[{"href":"https:\/\/www.suno.com.br\/noticias\/wp-json\/wp\/v2\/posts\/399787"}],"collection":[{"href":"https:\/\/www.suno.com.br\/noticias\/wp-json\/wp\/v2\/posts"}],"about":[{"href":"https:\/\/www.suno.com.br\/noticias\/wp-json\/wp\/v2\/types\/post"}],"author":[{"embeddable":true,"href":"https:\/\/www.suno.com.br\/noticias\/wp-json\/wp\/v2\/users\/73"}],"replies":[{"embeddable":true,"href":"https:\/\/www.suno.com.br\/noticias\/wp-json\/wp\/v2\/comments?post=399787"}],"version-history":[{"count":2,"href":"https:\/\/www.suno.com.br\/noticias\/wp-json\/wp\/v2\/posts\/399787\/revisions"}],"predecessor-version":[{"id":399945,"href":"https:\/\/www.suno.com.br\/noticias\/wp-json\/wp\/v2\/posts\/399787\/revisions\/399945"}],"wp:featuredmedia":[{"embeddable":true,"href":"https:\/\/www.suno.com.br\/noticias\/wp-json\/wp\/v2\/media\/179071"}],"wp:attachment":[{"href":"https:\/\/www.suno.com.br\/noticias\/wp-json\/wp\/v2\/media?parent=399787"}],"wp:term":[{"taxonomy":"category","embeddable":true,"href":"https:\/\/www.suno.com.br\/noticias\/wp-json\/wp\/v2\/categories?post=399787"},{"taxonomy":"post_tag","embeddable":true,"href":"https:\/\/www.suno.com.br\/noticias\/wp-json\/wp\/v2\/tags?post=399787"},{"taxonomy":"suno_strategy","embeddable":true,"href":"https:\/\/www.suno.com.br\/noticias\/wp-json\/wp\/v2\/suno_strategy?post=399787"}],"curies":[{"name":"wp","href":"https:\/\/api.w.org\/{rel}","templated":true}]}}