{"id":39951,"date":"2019-10-04T17:09:15","date_gmt":"2019-10-04T20:09:15","guid":{"rendered":"https:\/\/www.suno.com.br\/noticias\/?p=39951"},"modified":"2019-10-04T17:09:15","modified_gmt":"2019-10-04T20:09:15","slug":"uniao-europeia-investigar-parceria-embraer-boeing","status":"publish","type":"post","link":"https:\/\/www.suno.com.br\/noticias\/uniao-europeia-investigar-parceria-embraer-boeing\/","title":{"rendered":"Uni\u00e3o Europeia ir\u00e1 investigar parceria entre Embraer e Boeing"},"content":{"rendered":"<p>A <strong>Uni\u00e3o Europeia<\/strong> abriu, atrav\u00e9s de seus reguladores antitruste, uma investiga\u00e7\u00e3o em larga escala em rela\u00e7\u00e3o \u00e0 oferta da Boeing por uma participa\u00e7\u00e3o controladora no bra\u00e7o de aeronaves comerciais da Embraer, nesta sexta-feira (4). A comiss\u00e3o europeia alega que o acordo pode reduzir a concorr\u00eancia e elevar pre\u00e7os.<\/p>\t<div class=\"wrapper-featured-image\">\n\t\t<figure class=\"spotlightImg\">\n\n\t\t\t<picture>\n\t\t\t\t<source media=\"(max-width: 768px)\" srcset=\"https:\/\/files.sunoresearch.com.br\/n\/uploads\/2018\/12\/cb89920c-embraer-e190-400x200.webp\">\n\t\t\t\t<img loading=\"lazy\" decoding=\"async\" class=\"newsContent__article__imgCapa lazyloadDisabled newsContent__article__imgCapa--noCaption\" src=\"https:\/\/files.sunoresearch.com.br\/n\/uploads\/2018\/12\/cb89920c-embraer-e190-800x450.webp\" width=\"800\" height=\"450\" alt=\"Uni\u00e3o Europeia ir\u00e1 investigar parceria entre Embraer e Boeing\" fetchpriority=high \/>\n\t\t\t<\/picture>\n\n\t\t\t<figcaption class=\"wp-caption-text wp-caption-text--hide\">Uni\u00e3o Europeia ir\u00e1 investigar parceria entre Embraer e Boeing<\/figcaption>\n\t\t<\/figure>\n\t<\/div>\n\n\n\n<p>A <strong>UE<\/strong> declarou que o acordo retiraria a <strong>Embraer,<\/strong> a terceira maior fabricante mundial de aeronaves, da ind\u00fastria de avi\u00f5es comerciais, j\u00e1 os rivais de China, Jap\u00e3o e R\u00fassia n\u00e3o conseguiriam preencher o espa\u00e7o nos pr\u00f3ximos 10 anos devido \u00e0s altas barreiras de entrada.<\/p>\n<p>O respons\u00e1vel pela concorr\u00eancia da <strong>UE<\/strong> declarou que ambas empresas s\u00e3o concorrentes diretas em pre\u00e7o e outros par\u00e2metros no mundo inteiro, al\u00e9m da Europa. O acordo tiraria a <strong>Embraer<\/strong> do mercado de aeronaves de corredor \u00fanico.<\/p>\n<p>Na quinta (3), a <strong>Embraer<\/strong> declarou que as empresas continuam trabalhando de forma diligente e cooperativa para fechar a parceria no menor prazo poss\u00edvel, com conclus\u00e3o prevista para o in\u00edcio de 2020.<\/p>\n\t<p>\n\t\t<a href=\"https:\/\/lp.suno.com.br\/ebook-como-analisar-uma-acao\/\" target=\"_blank\" data-element=\"shortcode-suno-banner\" title=\"Banner SUNO, clique e saiba mais\">\n\t\t\t<picture>\n\t\t\t\t<source media=\"(max-width: 500px)\" srcset=\"https:\/\/files.sunoresearch.com.br\/n\/uploads\/2023\/03\/Ebook-Acoes-Mobile.jpg\">\n\t\t\t\t<img class=\"newsContent__article__imgCapa newsContent__article__imgCapa--banner\"\n\t\t\t\t\tsrc=\"https:\/\/files.sunoresearch.com.br\/n\/uploads\/2023\/03\/Ebook-Acoes-Desktop.jpg\"\n\t\t\t\t\tdata-promo-id=\"311946\"\t\t\t\t\t\t\t\t\t\twidth='1420' height='286'\t\t\t\t\talt=\"https:\/\/files.sunoresearch.com.br\/n\/uploads\/2023\/03\/Ebook-Acoes-Desktop.jpg\"\n\t\t\t\t>\n\t\t\t<\/picture>\n\t\t<\/a>\n\t<\/p>\n\n\n<p>Em fato relevante, a <strong>Embraer<\/strong> afirma: &#8220;As partes j\u00e1 obtiveram as autoriza\u00e7\u00f5es aplic\u00e1veis das autoridades concorrenciais em algumas jurisdi\u00e7\u00f5es e a consuma\u00e7\u00e3o da opera\u00e7\u00e3o continua sujeita \u00e0 aprova\u00e7\u00e3o por autoridades concorrenciais em outras jurisdi\u00e7\u00f5es aplic\u00e1veis; e \u00e0 satisfa\u00e7\u00e3o de outras condi\u00e7\u00f5es usuais em opera\u00e7\u00f5es desta natureza.&#8221;<\/p>\n<h2>Boeing e Embraer<\/h2>\n<p>Em 29 de julho, foi noticiado que a Boeing estaria vendendo US$ 5,5 bilh\u00f5es em t\u00edtulos de cr\u00e9dito para o pagamento de um acordo realizado com a Embraer. O vencimento dos t\u00edtulos ser\u00e1 dividido em seis datas, sendo 2021, 2027, 2030, 2035, 2050 e 2059.<\/p>\n<p>Conforme divulgado pela ag\u00eancia Bloomberg, os t\u00edtulos emitidos pela Boeing poderiam render mais de 1,55 ponto percentual em compara\u00e7\u00e3o aos t\u00edtulos do Tesouro Direto.<\/p>\n\t<p>\n\t\t<a href=\"https:\/\/lp.suno.com.br\/ebook-como-analisar-uma-acao\/\" target=\"_blank\" data-element=\"shortcode-suno-banner\" title=\"Banner SUNO, clique e saiba mais\">\n\t\t\t<picture>\n\t\t\t\t<source media=\"(max-width: 500px)\" srcset=\"https:\/\/files.sunoresearch.com.br\/n\/uploads\/2023\/12\/Ebook-Acoes-Mobile.jpg\">\n\t\t\t\t<img class=\"newsContent__article__imgCapa newsContent__article__imgCapa--banner\"\n\t\t\t\t\tsrc=\"https:\/\/files.sunoresearch.com.br\/n\/uploads\/2023\/12\/Ebook-Acoes-Desktop.webp\"\n\t\t\t\t\tdata-promo-id=\"311260\"\t\t\t\t\t\t\t\t\t\twidth='1420' height='286'\t\t\t\t\talt=\"https:\/\/files.sunoresearch.com.br\/n\/uploads\/2023\/12\/Ebook-Acoes-Desktop.webp\"\n\t\t\t\t>\n\t\t\t<\/picture>\n\t\t<\/a>\n\t<\/p>\n\n\n<p>Segundo a ag\u00eancia de classifica\u00e7\u00e3o de risco S&amp;P, os t\u00edtulos podem fazer com que a d\u00edvida da empresa de avia\u00e7\u00e3o tenha acr\u00e9scimo de US$ 10 bilh\u00f5es neste ano. Dessa forma, a Boeing ter\u00e1 uma d\u00edvida consolidada de US$ 24 bilh\u00f5es.<\/p>\n<p><a href=\"https:\/\/www.suno.com.br\/noticias\/boeing-venda-5-bi-titulos-acordo-embraer\/\">Saiba mais: Boeing vender\u00e1 US$ 5,5 bi em t\u00edtulos para pagar acordo com a Embraer<\/a><\/p>\n<p>\u201cN\u00f3s esperamos que a companhia use os recursos levantados com a emiss\u00e3o para o investimento aproximado de US$ 4 bilh\u00f5es na joint venture com a Embraer. Quaisquer recursos restantes devem aumentar o caixa da companhia, que continua a lidar com os problemas do 737 Max\u201d, afirmou a S&amp;P em um relat\u00f3rio.<\/p>\n<p>As companhias pretendem lan\u00e7ar aeronaves comerciais de menor porte. Em junho, a <strong>Embraer<\/strong> lan\u00e7ou seu primeiro avi\u00e3o ap\u00f3s a fus\u00e3o com a Boeing.<\/p>\n","protected":false},"excerpt":{"rendered":"<p>A Uni\u00e3o Europeia abriu, atrav\u00e9s de seus reguladores antitruste, uma investiga\u00e7\u00e3o em larga escala em rela\u00e7\u00e3o \u00e0 oferta da Boeing por uma participa\u00e7\u00e3o controladora no bra\u00e7o de aeronaves comerciais da Embraer, nesta sexta-feira (4). A comiss\u00e3o europeia alega que o acordo pode reduzir a concorr\u00eancia e elevar pre\u00e7os. Uni\u00e3o Europeia ir\u00e1 investigar parceria entre Embraer [&hellip;]<\/p>\n","protected":false},"author":23,"featured_media":8072,"comment_status":"closed","ping_status":"closed","sticky":false,"template":"","format":"standard","meta":[],"categories":[64],"tags":[828,460,731],"suno_strategy":[],"class_list":["post-39951","post","type-post","status-publish","format-standard","has-post-thumbnail","hentry","category-negocios","tag-boeing-boei34","tag-embraer-embr3","tag-uniao-europeia"],"yoast_head":"<!-- This site is optimized with the Yoast SEO plugin v24.4 - https:\/\/yoast.com\/wordpress\/plugins\/seo\/ -->\n<title>Uni\u00e3o Europeia ir\u00e1 investigar parceria entre Embraer e Boeing<\/title>\n<meta name=\"description\" content=\"A Uni\u00e3o Europeia abriu uma investiga\u00e7\u00e3o em larga escala em rela\u00e7\u00e3o \u00e0 oferta da Boeing por uma participa\u00e7\u00e3o na Embraer. Clique para mais.\" \/>\n<meta name=\"robots\" content=\"index, follow, max-snippet:-1, max-image-preview:large, max-video-preview:-1\" \/>\n<link rel=\"canonical\" href=\"https:\/\/www.suno.com.br\/noticias\/uniao-europeia-investigar-parceria-embraer-boeing\/\" \/>\n<meta property=\"og:locale\" content=\"pt_BR\" \/>\n<meta property=\"og:type\" content=\"article\" \/>\n<meta property=\"og:title\" content=\"Uni\u00e3o Europeia ir\u00e1 investigar parceria entre Embraer e Boeing\" \/>\n<meta property=\"og:description\" content=\"A Uni\u00e3o Europeia abriu uma investiga\u00e7\u00e3o em larga escala em rela\u00e7\u00e3o \u00e0 oferta da Boeing por uma participa\u00e7\u00e3o na Embraer. Clique para mais.\" \/>\n<meta property=\"og:url\" content=\"https:\/\/www.suno.com.br\/noticias\/uniao-europeia-investigar-parceria-embraer-boeing\/\" \/>\n<meta property=\"og:site_name\" content=\"Suno Not\u00edcias\" \/>\n<meta property=\"article:publisher\" content=\"https:\/\/facebook.com\/sunoresearch\" \/>\n<meta property=\"og:image\" content=\"https:\/\/files.sunoresearch.com.br\/n\/uploads\/2018\/12\/cb89920c-embraer-e190.jpg\" \/>\n\t<meta property=\"og:image:width\" content=\"848\" \/>\n\t<meta property=\"og:image:height\" content=\"477\" \/>\n\t<meta property=\"og:image:type\" content=\"image\/jpeg\" \/>\n<meta name=\"author\" content=\"Rafael Lara\" \/>\n<meta name=\"twitter:card\" content=\"summary_large_image\" \/>\n<meta name=\"twitter:creator\" content=\"@sunoresearch\" \/>\n<meta name=\"twitter:site\" content=\"@sunoresearch\" \/>\n<meta name=\"twitter:label1\" content=\"Escrito por\" \/>\n\t<meta name=\"twitter:data1\" content=\"Rafael Lara\" \/>\n\t<meta name=\"twitter:label2\" content=\"Est. tempo de leitura\" \/>\n\t<meta name=\"twitter:data2\" content=\"2 minutos\" \/>\n<script type=\"application\/ld+json\" class=\"yoast-schema-graph\">{\"@context\":\"https:\/\/schema.org\",\"@graph\":[{\"@type\":\"NewsArticle\",\"@id\":\"https:\/\/www.suno.com.br\/noticias\/uniao-europeia-investigar-parceria-embraer-boeing\/#article\",\"isPartOf\":{\"@id\":\"https:\/\/www.suno.com.br\/noticias\/uniao-europeia-investigar-parceria-embraer-boeing\/\"},\"author\":{\"name\":\"Rafael Lara\",\"@id\":\"https:\/\/www.suno.com.br\/noticias\/#\/schema\/person\/098743caeed97b37f51315c9576c4078\"},\"headline\":\"Uni\u00e3o Europeia ir\u00e1 investigar parceria entre Embraer e Boeing\",\"datePublished\":\"2019-10-04T20:09:15+00:00\",\"mainEntityOfPage\":{\"@id\":\"https:\/\/www.suno.com.br\/noticias\/uniao-europeia-investigar-parceria-embraer-boeing\/\"},\"wordCount\":471,\"publisher\":{\"@id\":\"https:\/\/www.suno.com.br\/noticias\/#organization\"},\"image\":{\"@id\":\"https:\/\/www.suno.com.br\/noticias\/uniao-europeia-investigar-parceria-embraer-boeing\/#primaryimage\"},\"thumbnailUrl\":\"https:\/\/files.sunoresearch.com.br\/n\/uploads\/2018\/12\/cb89920c-embraer-e190-jpg.webp\",\"keywords\":[\"Boeing (BOEI34)\",\"Embraer (EMBR3)\",\"Uni\u00e3o Europeia\"],\"articleSection\":[\"Neg\u00f3cios\"],\"inLanguage\":\"pt-BR\"},{\"@type\":\"WebPage\",\"@id\":\"https:\/\/www.suno.com.br\/noticias\/uniao-europeia-investigar-parceria-embraer-boeing\/\",\"url\":\"https:\/\/www.suno.com.br\/noticias\/uniao-europeia-investigar-parceria-embraer-boeing\/\",\"name\":\"Uni\u00e3o Europeia ir\u00e1 investigar parceria entre Embraer e Boeing\",\"isPartOf\":{\"@id\":\"https:\/\/www.suno.com.br\/noticias\/#website\"},\"primaryImageOfPage\":{\"@id\":\"https:\/\/www.suno.com.br\/noticias\/uniao-europeia-investigar-parceria-embraer-boeing\/#primaryimage\"},\"image\":{\"@id\":\"https:\/\/www.suno.com.br\/noticias\/uniao-europeia-investigar-parceria-embraer-boeing\/#primaryimage\"},\"thumbnailUrl\":\"https:\/\/files.sunoresearch.com.br\/n\/uploads\/2018\/12\/cb89920c-embraer-e190-jpg.webp\",\"datePublished\":\"2019-10-04T20:09:15+00:00\",\"description\":\"A Uni\u00e3o Europeia abriu uma investiga\u00e7\u00e3o em larga escala em rela\u00e7\u00e3o \u00e0 oferta da Boeing por uma participa\u00e7\u00e3o na Embraer. Clique para mais.\",\"breadcrumb\":{\"@id\":\"https:\/\/www.suno.com.br\/noticias\/uniao-europeia-investigar-parceria-embraer-boeing\/#breadcrumb\"},\"inLanguage\":\"pt-BR\",\"potentialAction\":[{\"@type\":\"ReadAction\",\"target\":[\"https:\/\/www.suno.com.br\/noticias\/uniao-europeia-investigar-parceria-embraer-boeing\/\"]}]},{\"@type\":\"ImageObject\",\"inLanguage\":\"pt-BR\",\"@id\":\"https:\/\/www.suno.com.br\/noticias\/uniao-europeia-investigar-parceria-embraer-boeing\/#primaryimage\",\"url\":\"https:\/\/files.sunoresearch.com.br\/n\/uploads\/2018\/12\/cb89920c-embraer-e190-jpg.webp\",\"contentUrl\":\"https:\/\/files.sunoresearch.com.br\/n\/uploads\/2018\/12\/cb89920c-embraer-e190-jpg.webp\",\"width\":848,\"height\":477,\"caption\":\"Uni\u00e3o Europeia ir\u00e1 investigar parceria entre Embraer e Boeing\"},{\"@type\":\"BreadcrumbList\",\"@id\":\"https:\/\/www.suno.com.br\/noticias\/uniao-europeia-investigar-parceria-embraer-boeing\/#breadcrumb\",\"itemListElement\":[{\"@type\":\"ListItem\",\"position\":1,\"name\":\"Not\u00edcias\",\"item\":\"https:\/\/www.suno.com.br\/noticias\/\"},{\"@type\":\"ListItem\",\"position\":2,\"name\":\"Neg\u00f3cios\",\"item\":\"https:\/\/www.suno.com.br\/noticias\/negocios\/\"},{\"@type\":\"ListItem\",\"position\":3,\"name\":\"Uni\u00e3o Europeia ir\u00e1 investigar parceria entre Embraer e Boeing\"}]},{\"@type\":\"WebSite\",\"@id\":\"https:\/\/www.suno.com.br\/noticias\/#website\",\"url\":\"https:\/\/www.suno.com.br\/noticias\/\",\"name\":\"Suno Not\u00edcias\",\"description\":\"Seu portal de informa\u00e7\u00e3o sobre o mundo dos investimentos\",\"publisher\":{\"@id\":\"https:\/\/www.suno.com.br\/noticias\/#organization\"},\"potentialAction\":[{\"@type\":\"SearchAction\",\"target\":{\"@type\":\"EntryPoint\",\"urlTemplate\":\"https:\/\/www.suno.com.br\/noticias\/?s={search_term_string}\"},\"query-input\":{\"@type\":\"PropertyValueSpecification\",\"valueRequired\":true,\"valueName\":\"search_term_string\"}}],\"inLanguage\":\"pt-BR\"},{\"@type\":\"Organization\",\"@id\":\"https:\/\/www.suno.com.br\/noticias\/#organization\",\"name\":\"Suno Not\u00edcias\",\"url\":\"https:\/\/www.suno.com.br\/noticias\/\",\"logo\":{\"@type\":\"ImageObject\",\"inLanguage\":\"pt-BR\",\"@id\":\"https:\/\/www.suno.com.br\/noticias\/#\/schema\/logo\/image\/\",\"url\":\"https:\/\/files.sunoresearch.com.br\/n\/uploads\/2021\/09\/suno-logo.png\",\"contentUrl\":\"https:\/\/files.sunoresearch.com.br\/n\/uploads\/2021\/09\/suno-logo.png\",\"width\":180,\"height\":180,\"caption\":\"Suno Not\u00edcias\"},\"image\":{\"@id\":\"https:\/\/www.suno.com.br\/noticias\/#\/schema\/logo\/image\/\"},\"sameAs\":[\"https:\/\/facebook.com\/sunoresearch\",\"https:\/\/x.com\/sunoresearch\",\"https:\/\/www.instagram.com\/suno\",\"https:\/\/www.linkedin.com\/company\/suno-research\/\",\"https:\/\/www.youtube.com\/c\/sunoresearch\"]},{\"@type\":\"Person\",\"@id\":\"https:\/\/www.suno.com.br\/noticias\/#\/schema\/person\/098743caeed97b37f51315c9576c4078\",\"name\":\"Rafael Lara\",\"image\":{\"@type\":\"ImageObject\",\"inLanguage\":\"pt-BR\",\"@id\":\"https:\/\/www.suno.com.br\/noticias\/#\/schema\/person\/image\/\",\"url\":\"https:\/\/secure.gravatar.com\/avatar\/dfc254ab9bb2ea1895d98b9e9dae4bdd?s=96&r=g\",\"contentUrl\":\"https:\/\/secure.gravatar.com\/avatar\/dfc254ab9bb2ea1895d98b9e9dae4bdd?s=96&r=g\",\"caption\":\"Rafael Lara\"},\"description\":\"Rafael Lara cursa jornalismo na Faculdade C\u00e1sper L\u00edbero. Escreve sobre pol\u00edtica, economia e neg\u00f3cios para o portal Suno Not\u00edcias. Antes, colaborou na TV Gazeta na produ\u00e7\u00e3o do programa Edi\u00e7\u00e3o Extra.\",\"url\":\"https:\/\/www.suno.com.br\/noticias\/author\/rafael\/\"}]}<\/script>\n<!-- \/ Yoast SEO plugin. -->","yoast_head_json":{"title":"Uni\u00e3o Europeia ir\u00e1 investigar parceria entre Embraer e Boeing","description":"A Uni\u00e3o Europeia abriu uma investiga\u00e7\u00e3o em larga escala em rela\u00e7\u00e3o \u00e0 oferta da Boeing por uma participa\u00e7\u00e3o na Embraer. Clique para mais.","robots":{"index":"index","follow":"follow","max-snippet":"max-snippet:-1","max-image-preview":"max-image-preview:large","max-video-preview":"max-video-preview:-1"},"canonical":"https:\/\/www.suno.com.br\/noticias\/uniao-europeia-investigar-parceria-embraer-boeing\/","og_locale":"pt_BR","og_type":"article","og_title":"Uni\u00e3o Europeia ir\u00e1 investigar parceria entre Embraer e Boeing","og_description":"A Uni\u00e3o Europeia abriu uma investiga\u00e7\u00e3o em larga escala em rela\u00e7\u00e3o \u00e0 oferta da Boeing por uma participa\u00e7\u00e3o na Embraer. Clique para mais.","og_url":"https:\/\/www.suno.com.br\/noticias\/uniao-europeia-investigar-parceria-embraer-boeing\/","og_site_name":"Suno Not\u00edcias","article_publisher":"https:\/\/facebook.com\/sunoresearch","og_image":[{"width":848,"height":477,"url":"https:\/\/files.sunoresearch.com.br\/n\/uploads\/2018\/12\/cb89920c-embraer-e190.jpg","type":"image\/jpeg"}],"author":"Rafael Lara","twitter_card":"summary_large_image","twitter_creator":"@sunoresearch","twitter_site":"@sunoresearch","twitter_misc":{"Escrito por":"Rafael Lara","Est. tempo de leitura":"2 minutos"},"schema":{"@context":"https:\/\/schema.org","@graph":[{"@type":"NewsArticle","@id":"https:\/\/www.suno.com.br\/noticias\/uniao-europeia-investigar-parceria-embraer-boeing\/#article","isPartOf":{"@id":"https:\/\/www.suno.com.br\/noticias\/uniao-europeia-investigar-parceria-embraer-boeing\/"},"author":{"name":"Rafael Lara","@id":"https:\/\/www.suno.com.br\/noticias\/#\/schema\/person\/098743caeed97b37f51315c9576c4078"},"headline":"Uni\u00e3o Europeia ir\u00e1 investigar parceria entre Embraer e Boeing","datePublished":"2019-10-04T20:09:15+00:00","mainEntityOfPage":{"@id":"https:\/\/www.suno.com.br\/noticias\/uniao-europeia-investigar-parceria-embraer-boeing\/"},"wordCount":471,"publisher":{"@id":"https:\/\/www.suno.com.br\/noticias\/#organization"},"image":{"@id":"https:\/\/www.suno.com.br\/noticias\/uniao-europeia-investigar-parceria-embraer-boeing\/#primaryimage"},"thumbnailUrl":"https:\/\/files.sunoresearch.com.br\/n\/uploads\/2018\/12\/cb89920c-embraer-e190-jpg.webp","keywords":["Boeing (BOEI34)","Embraer (EMBR3)","Uni\u00e3o Europeia"],"articleSection":["Neg\u00f3cios"],"inLanguage":"pt-BR"},{"@type":"WebPage","@id":"https:\/\/www.suno.com.br\/noticias\/uniao-europeia-investigar-parceria-embraer-boeing\/","url":"https:\/\/www.suno.com.br\/noticias\/uniao-europeia-investigar-parceria-embraer-boeing\/","name":"Uni\u00e3o Europeia ir\u00e1 investigar parceria entre Embraer e Boeing","isPartOf":{"@id":"https:\/\/www.suno.com.br\/noticias\/#website"},"primaryImageOfPage":{"@id":"https:\/\/www.suno.com.br\/noticias\/uniao-europeia-investigar-parceria-embraer-boeing\/#primaryimage"},"image":{"@id":"https:\/\/www.suno.com.br\/noticias\/uniao-europeia-investigar-parceria-embraer-boeing\/#primaryimage"},"thumbnailUrl":"https:\/\/files.sunoresearch.com.br\/n\/uploads\/2018\/12\/cb89920c-embraer-e190-jpg.webp","datePublished":"2019-10-04T20:09:15+00:00","description":"A Uni\u00e3o Europeia abriu uma investiga\u00e7\u00e3o em larga escala em rela\u00e7\u00e3o \u00e0 oferta da Boeing por uma participa\u00e7\u00e3o na Embraer. Clique para mais.","breadcrumb":{"@id":"https:\/\/www.suno.com.br\/noticias\/uniao-europeia-investigar-parceria-embraer-boeing\/#breadcrumb"},"inLanguage":"pt-BR","potentialAction":[{"@type":"ReadAction","target":["https:\/\/www.suno.com.br\/noticias\/uniao-europeia-investigar-parceria-embraer-boeing\/"]}]},{"@type":"ImageObject","inLanguage":"pt-BR","@id":"https:\/\/www.suno.com.br\/noticias\/uniao-europeia-investigar-parceria-embraer-boeing\/#primaryimage","url":"https:\/\/files.sunoresearch.com.br\/n\/uploads\/2018\/12\/cb89920c-embraer-e190-jpg.webp","contentUrl":"https:\/\/files.sunoresearch.com.br\/n\/uploads\/2018\/12\/cb89920c-embraer-e190-jpg.webp","width":848,"height":477,"caption":"Uni\u00e3o Europeia ir\u00e1 investigar parceria entre Embraer e Boeing"},{"@type":"BreadcrumbList","@id":"https:\/\/www.suno.com.br\/noticias\/uniao-europeia-investigar-parceria-embraer-boeing\/#breadcrumb","itemListElement":[{"@type":"ListItem","position":1,"name":"Not\u00edcias","item":"https:\/\/www.suno.com.br\/noticias\/"},{"@type":"ListItem","position":2,"name":"Neg\u00f3cios","item":"https:\/\/www.suno.com.br\/noticias\/negocios\/"},{"@type":"ListItem","position":3,"name":"Uni\u00e3o Europeia ir\u00e1 investigar parceria entre Embraer e Boeing"}]},{"@type":"WebSite","@id":"https:\/\/www.suno.com.br\/noticias\/#website","url":"https:\/\/www.suno.com.br\/noticias\/","name":"Suno Not\u00edcias","description":"Seu portal de informa\u00e7\u00e3o sobre o mundo dos investimentos","publisher":{"@id":"https:\/\/www.suno.com.br\/noticias\/#organization"},"potentialAction":[{"@type":"SearchAction","target":{"@type":"EntryPoint","urlTemplate":"https:\/\/www.suno.com.br\/noticias\/?s={search_term_string}"},"query-input":{"@type":"PropertyValueSpecification","valueRequired":true,"valueName":"search_term_string"}}],"inLanguage":"pt-BR"},{"@type":"Organization","@id":"https:\/\/www.suno.com.br\/noticias\/#organization","name":"Suno Not\u00edcias","url":"https:\/\/www.suno.com.br\/noticias\/","logo":{"@type":"ImageObject","inLanguage":"pt-BR","@id":"https:\/\/www.suno.com.br\/noticias\/#\/schema\/logo\/image\/","url":"https:\/\/files.sunoresearch.com.br\/n\/uploads\/2021\/09\/suno-logo.png","contentUrl":"https:\/\/files.sunoresearch.com.br\/n\/uploads\/2021\/09\/suno-logo.png","width":180,"height":180,"caption":"Suno Not\u00edcias"},"image":{"@id":"https:\/\/www.suno.com.br\/noticias\/#\/schema\/logo\/image\/"},"sameAs":["https:\/\/facebook.com\/sunoresearch","https:\/\/x.com\/sunoresearch","https:\/\/www.instagram.com\/suno","https:\/\/www.linkedin.com\/company\/suno-research\/","https:\/\/www.youtube.com\/c\/sunoresearch"]},{"@type":"Person","@id":"https:\/\/www.suno.com.br\/noticias\/#\/schema\/person\/098743caeed97b37f51315c9576c4078","name":"Rafael Lara","image":{"@type":"ImageObject","inLanguage":"pt-BR","@id":"https:\/\/www.suno.com.br\/noticias\/#\/schema\/person\/image\/","url":"https:\/\/secure.gravatar.com\/avatar\/dfc254ab9bb2ea1895d98b9e9dae4bdd?s=96&r=g","contentUrl":"https:\/\/secure.gravatar.com\/avatar\/dfc254ab9bb2ea1895d98b9e9dae4bdd?s=96&r=g","caption":"Rafael Lara"},"description":"Rafael Lara cursa jornalismo na Faculdade C\u00e1sper L\u00edbero. Escreve sobre pol\u00edtica, economia e neg\u00f3cios para o portal Suno Not\u00edcias. Antes, colaborou na TV Gazeta na produ\u00e7\u00e3o do programa Edi\u00e7\u00e3o Extra.","url":"https:\/\/www.suno.com.br\/noticias\/author\/rafael\/"}]}},"default_loop_html":"<div class=\"cardsPage__listCard__boxs\"><div class=\"cardsPage__listCard__boxs__img\"><a href=\"https:\/\/www.suno.com.br\/noticias\/uniao-europeia-investigar-parceria-embraer-boeing\/\"><img class=\"mask\" src=\"https:\/\/www.suno.com.br\/noticias\/wp-content\/themes\/suno\/resources\/images\/spotlight\/spotlight1img\/bg-mask.png\" alt=\"Image Mask\"\/><img src=\"https:\/\/files.sunoresearch.com.br\/n\/uploads\/2018\/12\/cb89920c-embraer-e190-400x200.webp\" alt=\"Uni\u00e3o Europeia ir\u00e1 investigar parceria entre Embraer e Boeing\"\/><\/a><span class=\"spotlightCategory\"><a href=\"https:\/\/www.suno.com.br\/noticias\/negocios\/\">Neg\u00f3cios<\/a><\/span><\/div><div class=\"cardsPage__listCard__boxs__content\"><a href=\"https:\/\/www.suno.com.br\/noticias\/uniao-europeia-investigar-parceria-embraer-boeing\/\"><h2 class=\"content__title\">Uni\u00e3o Europeia ir\u00e1 investigar parceria entre Embraer e Boeing<\/h2><\/a><div class=\"newsContent__article__meta\"><div class=\"newsContent__article__meta__authorBox\"><a href=\"https:\/\/www.suno.com.br\/noticias\/author\/rafael\/\" class=\"authorBox__avatar noMobi\"><img src=\"https:\/\/secure.gravatar.com\/avatar\/dfc254ab9bb2ea1895d98b9e9dae4bdd?s=96&#038;r=g\" alt=\"Rafael Lara\"><\/a><div class=\"authorBox__name\"><span>por\n\t\t\t<a href=\"https:\/\/www.suno.com.br\/noticias\/author\/rafael\/\"><span itemprop=\"author\">Rafael Lara<\/span><\/a><\/span><time datetime=\"2019-10-04T17:09:15-03:00\" itemprop=\"datePublished\">04\/10\/2019 17:09<\/time><\/div><\/div><\/div><\/div><\/div>","single_layout":"posts","amp_enabled":true,"_links":{"self":[{"href":"https:\/\/www.suno.com.br\/noticias\/wp-json\/wp\/v2\/posts\/39951"}],"collection":[{"href":"https:\/\/www.suno.com.br\/noticias\/wp-json\/wp\/v2\/posts"}],"about":[{"href":"https:\/\/www.suno.com.br\/noticias\/wp-json\/wp\/v2\/types\/post"}],"author":[{"embeddable":true,"href":"https:\/\/www.suno.com.br\/noticias\/wp-json\/wp\/v2\/users\/23"}],"replies":[{"embeddable":true,"href":"https:\/\/www.suno.com.br\/noticias\/wp-json\/wp\/v2\/comments?post=39951"}],"version-history":[{"count":0,"href":"https:\/\/www.suno.com.br\/noticias\/wp-json\/wp\/v2\/posts\/39951\/revisions"}],"wp:featuredmedia":[{"embeddable":true,"href":"https:\/\/www.suno.com.br\/noticias\/wp-json\/wp\/v2\/media\/8072"}],"wp:attachment":[{"href":"https:\/\/www.suno.com.br\/noticias\/wp-json\/wp\/v2\/media?parent=39951"}],"wp:term":[{"taxonomy":"category","embeddable":true,"href":"https:\/\/www.suno.com.br\/noticias\/wp-json\/wp\/v2\/categories?post=39951"},{"taxonomy":"post_tag","embeddable":true,"href":"https:\/\/www.suno.com.br\/noticias\/wp-json\/wp\/v2\/tags?post=39951"},{"taxonomy":"suno_strategy","embeddable":true,"href":"https:\/\/www.suno.com.br\/noticias\/wp-json\/wp\/v2\/suno_strategy?post=39951"}],"curies":[{"name":"wp","href":"https:\/\/api.w.org\/{rel}","templated":true}]}}