{"id":399509,"date":"2023-05-04T16:38:47","date_gmt":"2023-05-04T19:38:47","guid":{"rendered":"https:\/\/www.suno.com.br\/noticias\/?p=399509"},"modified":"2023-05-04T16:38:54","modified_gmt":"2023-05-04T19:38:54","slug":"pis-pasep-2023-abono-salarial-sacar-calendario","status":"publish","type":"post","link":"https:\/\/www.suno.com.br\/noticias\/pis-pasep-2023-abono-salarial-sacar-calendario\/","title":{"rendered":"PIS\/PASEP: R$ 58 milh\u00f5es ainda n\u00e3o foram sacados; veja quem tem direito"},"content":{"rendered":"<p>O <a href=\"https:\/\/www.suno.com.br\/artigos\/abono-salarial\/\" target=\"_blank\" rel=\"noreferrer noopener\">abono salarial<\/a> <strong>PIS\/PASEP<\/strong> j\u00e1 liberou cerca de R$ 10,6 bilh\u00f5es at\u00e9 o m\u00eas de abril. Desse total, R$ 58 milh\u00f5es ainda n\u00e3o foram resgatados. Ao todo, 70 milh\u00f5es de trabalhadores n\u00e3o sacaram o pagamento este ano.<\/p>\t<div class=\"wrapper-featured-image\">\n\t\t<figure class=\"spotlightImg\">\n\n\t\t\t<picture>\n\t\t\t\t<source media=\"(max-width: 768px)\" srcset=\"https:\/\/files.sunoresearch.com.br\/n\/uploads\/2023\/05\/pis-pasep-2023-abono-salarial-sacar-calendario-400x200.jpg\">\n\t\t\t\t<img loading=\"lazy\" decoding=\"async\" class=\"newsContent__article__imgCapa lazyloadDisabled \" src=\"https:\/\/files.sunoresearch.com.br\/n\/uploads\/2023\/05\/pis-pasep-2023-abono-salarial-sacar-calendario-800x450.jpg\" width=\"800\" height=\"450\" alt=\"PIS\/PASEP: R$ 58 milh\u00f5es ainda n\u00e3o foram sacados; veja quem tem direito\" fetchpriority=high \/>\n\t\t\t<\/picture>\n\n\t\t\t<figcaption class=\"wp-caption-text wp-caption-text--show\">PIS n\u00e3o caiu na conta: trabalhadores identificam formas para obter pagamento. Foto: Ag\u00eancia Brasil<\/figcaption>\n\t\t<\/figure>\n\t<\/div>\n\n\n\n\n\n\t<p>\n\t\t<a href=\"\" target=\"_blank\" data-element=\"shortcode-suno-banner\" title=\"Banner SUNO, clique e saiba mais\">\n\t\t\t<picture>\n\t\t\t\t<source media=\"(max-width: 500px)\" srcset=\"\">\n\t\t\t\t<img class=\"newsContent__article__imgCapa newsContent__article__imgCapa--banner\"\n\t\t\t\t\tsrc=\"\"\n\t\t\t\t\tdata-promo-id=\"240038\"\t\t\t\t\t\t\t\t\t\t\t\t\t\t\talt=\"\"\n\t\t\t\t>\n\t\t\t<\/picture>\n\t\t<\/a>\n\t<\/p>\n\n\n\n\n\n\n\n<p>Com o novo aumento do sal\u00e1rio m\u00ednimo, o benef\u00edcio teve o <strong><a href=\"https:\/\/www.suno.com.br\/noticias\/pis-pasep-valor-reajustado\/\" target=\"_blank\" rel=\"noreferrer noopener\">valor reajustado<\/a><\/strong>, podendo variar entre R$ 110 a R$ 1.320, proporcional ao n\u00famero de meses trabalhados seguindo o ano-base 2021.&nbsp;<\/p>\n\n\n\n<p>O <strong>calend\u00e1rio do PIS\/PASEP<\/strong> prev\u00ea a libera\u00e7\u00e3o dos pagamentos de acordo com o m\u00eas de nascimento do trabalhador ou com o n\u00famero final da inscri\u00e7\u00e3o. Desde o dia 17 de fevereiro, os valores est\u00e3o sendo disponibilizados na conta e os dep\u00f3sitos v\u00e3o ser feitos at\u00e9 17 de julho. <\/p>\n\n\n\n<p>Para aqueles que perderem o prazo, \u00e9 poss\u00edvel sacar o valor at\u00e9 28 de dezembro. Depois desse prazo, \u00e9 preciso aguardar uma convoca\u00e7\u00e3o especial do Minist\u00e9rio do Trabalho.<\/p>\n\n\n\n<p>De acordo com a <strong>Caixa Econ\u00f4mica Federal (CEF)<\/strong>, os benef\u00edcios j\u00e1 est\u00e3o dispon\u00edveis para aqueles nascidos entre os meses de janeiro e junho (10,82 milh\u00f5es de trabalhadores), totalizando R$ 10,66 bilh\u00f5es.&nbsp;<\/p>\n\n\n\t<p>\n\t\t<a href=\"https:\/\/lp.suno.com.br\/ebook-gratuito-investindo-no-exterior\/\" target=\"_blank\" data-element=\"shortcode-suno-banner\" title=\"Banner SUNO, clique e saiba mais\">\n\t\t\t<picture>\n\t\t\t\t<source media=\"(max-width: 500px)\" srcset=\"https:\/\/files.sunoresearch.com.br\/n\/uploads\/2023\/03\/400x300-Investindo-no-exterior.png\">\n\t\t\t\t<img class=\"newsContent__article__imgCapa newsContent__article__imgCapa--banner\"\n\t\t\t\t\tsrc=\"https:\/\/files.sunoresearch.com.br\/n\/uploads\/2023\/03\/1420x240-Investindo-no-exterior.png\"\n\t\t\t\t\tdata-promo-id=\"383161\"\t\t\t\t\t\t\t\t\t\twidth='1420' height='240'\t\t\t\t\talt=\"https:\/\/files.sunoresearch.com.br\/n\/uploads\/2023\/03\/1420x240-Investindo-no-exterior.png\"\n\t\t\t\t>\n\t\t\t<\/picture>\n\t\t<\/a>\n\t<\/p>\n\n\n\n\n\n<h2 class=\"wp-block-heading\">Calend\u00e1rio de pagamentos do PIS\/PASEP<\/h2>\n\n\n\n<p>Para saber as datas exatas de libera\u00e7\u00e3o do <strong>abono PIS\/PASEP<\/strong>, confira os calend\u00e1rios completos abaixo:<\/p>\n\n\n\n<p>Programa Integra\u00e7\u00e3o Social (PIS), de acordo com o <strong>m\u00eas de nascimento<\/strong> do trabalhador:<\/p>\n\n\n\n<ul class=\"wp-block-list\">\n<li>Janeiro \u2013 15 de fevereiro<\/li>\n\n\n\n<li>Fevereiro \u2013 15 de fevereiro<\/li>\n\n\n\n<li>Mar\u00e7o \u2013 15 de mar\u00e7o<\/li>\n\n\n\n<li>Abril&nbsp; \u2013 15 de mar\u00e7o<\/li>\n\n\n\n<li>Maio \u2013 17 de abril<\/li>\n\n\n\n<li>Junho \u2013 17 de abril<\/li>\n\n\n\n<li>Julho \u2013 15 de maio<\/li>\n\n\n\n<li>Agosto \u2013 15 de maio<\/li>\n\n\n\n<li>Setembro \u2013 15 de junho<\/li>\n\n\n\n<li>Outubro \u2013 15 de junho<\/li>\n\n\n\n<li>Novembro \u2013 17 de julho<\/li>\n\n\n\n<li>Dezembro \u2013 17 de julho<\/li>\n<\/ul>\n\n\n\n<p>Programa de Forma\u00e7\u00e3o do Patrim\u00f4nio do Servidor P\u00fablico (Pasep), de acordo com o <strong>n\u00famero final da inscri\u00e7\u00e3o <\/strong>do trabalhador:<\/p>\n\n\n\n<ul class=\"wp-block-list\">\n<li>0 \u2013 15 de fevereiro<\/li>\n\n\n\n<li>1 \u2013 15 de mar\u00e7o<\/li>\n\n\n\n<li>2 e 3 \u2013 17 de abril<\/li>\n\n\n\n<li>4 e 5 \u2013 15 de maio<\/li>\n\n\n\n<li>6 e 7 \u2013 15 de junho<\/li>\n\n\n\n<li>8 e 9 \u2013 17 de julho<\/li>\n<\/ul>\n\n\n\n<h2 class=\"wp-block-heading\">O que fazer se o abono n\u00e3o chegar?<\/h2>\n\n\n\n<p>Caso aconte\u00e7a alguma diverg\u00eancia no sistema e o valor ainda n\u00e3o tenha sido liberado para aqueles que, segundo o calend\u00e1rio, j\u00e1 poderiam resgatar, \u00e9 preciso solicitar uma <b>revis\u00e3o dos dados.<\/b> Para isso, \u00e9 necess\u00e1rio entrar em contato com os canais de atendimento do Minist\u00e9rio do Trabalho e Emprego, atrav\u00e9s das unidades das Superintend\u00eancias Regionais do Trabalho.<\/p>\n\n\n\n<h2 class=\"wp-block-heading\">Quem tem direito ao PIS\/PASEP?<\/h2>\n\n\n\n<p>Pela internet, \u00e9 poss\u00edvel consultar e saber quem tem direito ao <strong>abono salarial PIS\/PASEP<\/strong>, qual o valor e as datas de pagamento. Para isso, basta acessar o portal gov.br ou o aplicativo da Carteira de Trabalho Digital.<\/p>\n\n\n\n<p>Lembrando que, para sacar o abono, \u00e9 preciso ter cadastro no <strong>PIS\/Pasep<\/strong> h\u00e1 no m\u00ednimo cinco\u00a0 anos, al\u00e9m de:<\/p>\n\n\n\n<ul class=\"wp-block-list\">\n<li>Ter trabalhado com carteira assinada no m\u00ednimo 30 dias em 2021;<\/li>\n\n\n\n<li>Ter recebido no m\u00ednimo at\u00e9 sal\u00e1rios (m\u00ednimos);<\/li>\n\n\n\n<li>Estar com os dados corretos e em dia com o empregador na Rais (Rela\u00e7\u00e3o Anual de Informa\u00e7\u00f5es Sociais) ou no e-social, de acordo com a categoria da empresa.<\/li>\n<\/ul>\n\n\n\t<p>\n\t\t<a href=\"https:\/\/lp.suno.com.br\/suno-one\/?utm_campaign=_SNC6964518A_\" target=\"_blank\" data-element=\"shortcode-suno-banner\" title=\"Banner SUNO, clique e saiba mais\">\n\t\t\t<picture>\n\t\t\t\t<source media=\"(max-width: 500px)\" srcset=\"https:\/\/files.sunoresearch.com.br\/n\/uploads\/2025\/09\/400x300-Suno-One-png.webp\">\n\t\t\t\t<img class=\"newsContent__article__imgCapa newsContent__article__imgCapa--banner\"\n\t\t\t\t\tsrc=\"https:\/\/files.sunoresearch.com.br\/n\/uploads\/2025\/09\/1420x240-Suno-One-png.webp\"\n\t\t\t\t\tdata-promo-id=\"383121\"\t\t\t\t\t\t\t\t\t\twidth='1420' height='240'\t\t\t\t\talt=\"https:\/\/files.sunoresearch.com.br\/n\/uploads\/2025\/09\/1420x240-Suno-One-png.webp\"\n\t\t\t\t>\n\t\t\t<\/picture>\n\t\t<\/a>\n\t<\/p>\n\n\n","protected":false},"excerpt":{"rendered":"<p>O abono salarial PIS\/PASEP j\u00e1 liberou cerca de R$ 10,6 bilh\u00f5es at\u00e9 o m\u00eas de abril. Desse total, R$ 58 milh\u00f5es ainda n\u00e3o foram resgatados. Ao todo, 70 milh\u00f5es de trabalhadores n\u00e3o sacaram o pagamento este ano. PIS n\u00e3o caiu na conta: trabalhadores identificam formas para obter pagamento. Foto: Ag\u00eancia Brasil Com o novo aumento [&hellip;]<\/p>\n","protected":false},"author":283,"featured_media":399515,"comment_status":"closed","ping_status":"closed","sticky":false,"template":"","format":"standard","meta":[],"categories":[65],"tags":[1199,835,1520],"suno_strategy":[],"class_list":["post-399509","post","type-post","status-publish","format-standard","has-post-thumbnail","hentry","category-financas-pessoais","tag-caixa-economica-federal-cef","tag-pis","tag-pis-pasep"],"yoast_head":"<!-- This site is optimized with the Yoast SEO plugin v24.4 - https:\/\/yoast.com\/wordpress\/plugins\/seo\/ -->\n<title>PIS\/PASEP ainda tem R$ 58 milh\u00f5es que n\u00e3o foram sacados<\/title>\n<meta name=\"description\" content=\"A libera\u00e7\u00e3o do abono salarial vai at\u00e9 dia 17 de julho. Confira o calend\u00e1rio do PIS\/PASEP e veja quando resgatar o benef\u00edcio.\" \/>\n<meta name=\"robots\" content=\"index, follow, max-snippet:-1, max-image-preview:large, max-video-preview:-1\" \/>\n<link rel=\"canonical\" href=\"https:\/\/www.suno.com.br\/noticias\/pis-pasep-2023-abono-salarial-sacar-calendario\/\" \/>\n<meta property=\"og:locale\" content=\"pt_BR\" \/>\n<meta property=\"og:type\" content=\"article\" \/>\n<meta property=\"og:title\" content=\"PIS\/PASEP ainda tem R$ 58 milh\u00f5es que n\u00e3o foram sacados\" \/>\n<meta property=\"og:description\" content=\"A libera\u00e7\u00e3o do abono salarial vai at\u00e9 dia 17 de julho. Confira o calend\u00e1rio do PIS\/PASEP e veja quando resgatar o benef\u00edcio.\" \/>\n<meta property=\"og:url\" content=\"https:\/\/www.suno.com.br\/noticias\/pis-pasep-2023-abono-salarial-sacar-calendario\/\" \/>\n<meta property=\"og:site_name\" content=\"Suno Not\u00edcias\" \/>\n<meta property=\"article:publisher\" content=\"https:\/\/facebook.com\/sunoresearch\" \/>\n<meta property=\"og:image\" content=\"https:\/\/files.sunoresearch.com.br\/n\/uploads\/2023\/05\/pis-pasep-2023-abono-salarial-sacar-calendario.jpg\" \/>\n\t<meta property=\"og:image:width\" content=\"1200\" \/>\n\t<meta property=\"og:image:height\" content=\"800\" \/>\n\t<meta property=\"og:image:type\" content=\"image\/jpeg\" \/>\n<meta name=\"author\" content=\"Camila Paim\" \/>\n<meta name=\"twitter:card\" content=\"summary_large_image\" \/>\n<meta name=\"twitter:creator\" content=\"@sunoresearch\" \/>\n<meta name=\"twitter:site\" content=\"@sunoresearch\" \/>\n<meta name=\"twitter:label1\" content=\"Escrito por\" \/>\n\t<meta name=\"twitter:data1\" content=\"Camila Paim\" \/>\n\t<meta name=\"twitter:label2\" content=\"Est. tempo de leitura\" \/>\n\t<meta name=\"twitter:data2\" content=\"3 minutos\" \/>\n<script type=\"application\/ld+json\" class=\"yoast-schema-graph\">{\"@context\":\"https:\/\/schema.org\",\"@graph\":[{\"@type\":\"NewsArticle\",\"@id\":\"https:\/\/www.suno.com.br\/noticias\/pis-pasep-2023-abono-salarial-sacar-calendario\/#article\",\"isPartOf\":{\"@id\":\"https:\/\/www.suno.com.br\/noticias\/pis-pasep-2023-abono-salarial-sacar-calendario\/\"},\"author\":{\"name\":\"Camila Paim\",\"@id\":\"https:\/\/www.suno.com.br\/noticias\/#\/schema\/person\/f341d3ae5d1cc685176c9a5327cdfdbb\"},\"headline\":\"PIS\/PASEP: R$ 58 milh\u00f5es ainda n\u00e3o foram sacados; veja quem tem direito\",\"datePublished\":\"2023-05-04T19:38:47+00:00\",\"dateModified\":\"2023-05-04T19:38:54+00:00\",\"mainEntityOfPage\":{\"@id\":\"https:\/\/www.suno.com.br\/noticias\/pis-pasep-2023-abono-salarial-sacar-calendario\/\"},\"wordCount\":525,\"publisher\":{\"@id\":\"https:\/\/www.suno.com.br\/noticias\/#organization\"},\"image\":{\"@id\":\"https:\/\/www.suno.com.br\/noticias\/pis-pasep-2023-abono-salarial-sacar-calendario\/#primaryimage\"},\"thumbnailUrl\":\"https:\/\/files.sunoresearch.com.br\/n\/uploads\/2023\/05\/pis-pasep-2023-abono-salarial-sacar-calendario.jpg\",\"keywords\":[\"Caixa Econ\u00f4mica Federal (CEF)\",\"PIS\",\"PIS\/Pasep\"],\"articleSection\":[\"Finan\u00e7as Pessoais\"],\"inLanguage\":\"pt-BR\"},{\"@type\":\"WebPage\",\"@id\":\"https:\/\/www.suno.com.br\/noticias\/pis-pasep-2023-abono-salarial-sacar-calendario\/\",\"url\":\"https:\/\/www.suno.com.br\/noticias\/pis-pasep-2023-abono-salarial-sacar-calendario\/\",\"name\":\"PIS\/PASEP ainda tem R$ 58 milh\u00f5es que n\u00e3o foram sacados\",\"isPartOf\":{\"@id\":\"https:\/\/www.suno.com.br\/noticias\/#website\"},\"primaryImageOfPage\":{\"@id\":\"https:\/\/www.suno.com.br\/noticias\/pis-pasep-2023-abono-salarial-sacar-calendario\/#primaryimage\"},\"image\":{\"@id\":\"https:\/\/www.suno.com.br\/noticias\/pis-pasep-2023-abono-salarial-sacar-calendario\/#primaryimage\"},\"thumbnailUrl\":\"https:\/\/files.sunoresearch.com.br\/n\/uploads\/2023\/05\/pis-pasep-2023-abono-salarial-sacar-calendario.jpg\",\"datePublished\":\"2023-05-04T19:38:47+00:00\",\"dateModified\":\"2023-05-04T19:38:54+00:00\",\"description\":\"A libera\u00e7\u00e3o do abono salarial vai at\u00e9 dia 17 de julho. Confira o calend\u00e1rio do PIS\/PASEP e veja quando resgatar o benef\u00edcio.\",\"breadcrumb\":{\"@id\":\"https:\/\/www.suno.com.br\/noticias\/pis-pasep-2023-abono-salarial-sacar-calendario\/#breadcrumb\"},\"inLanguage\":\"pt-BR\",\"potentialAction\":[{\"@type\":\"ReadAction\",\"target\":[\"https:\/\/www.suno.com.br\/noticias\/pis-pasep-2023-abono-salarial-sacar-calendario\/\"]}]},{\"@type\":\"ImageObject\",\"inLanguage\":\"pt-BR\",\"@id\":\"https:\/\/www.suno.com.br\/noticias\/pis-pasep-2023-abono-salarial-sacar-calendario\/#primaryimage\",\"url\":\"https:\/\/files.sunoresearch.com.br\/n\/uploads\/2023\/05\/pis-pasep-2023-abono-salarial-sacar-calendario.jpg\",\"contentUrl\":\"https:\/\/files.sunoresearch.com.br\/n\/uploads\/2023\/05\/pis-pasep-2023-abono-salarial-sacar-calendario.jpg\",\"width\":1200,\"height\":800,\"caption\":\"PIS n\u00e3o caiu na conta: trabalhadores identificam formas para obter pagamento. Foto: Ag\u00eancia Brasil\"},{\"@type\":\"BreadcrumbList\",\"@id\":\"https:\/\/www.suno.com.br\/noticias\/pis-pasep-2023-abono-salarial-sacar-calendario\/#breadcrumb\",\"itemListElement\":[{\"@type\":\"ListItem\",\"position\":1,\"name\":\"Not\u00edcias\",\"item\":\"https:\/\/www.suno.com.br\/noticias\/\"},{\"@type\":\"ListItem\",\"position\":2,\"name\":\"Finan\u00e7as Pessoais\",\"item\":\"https:\/\/www.suno.com.br\/noticias\/financas-pessoais\/\"},{\"@type\":\"ListItem\",\"position\":3,\"name\":\"PIS\/PASEP: R$ 58 milh\u00f5es ainda n\u00e3o foram sacados; veja quem tem direito\"}]},{\"@type\":\"WebSite\",\"@id\":\"https:\/\/www.suno.com.br\/noticias\/#website\",\"url\":\"https:\/\/www.suno.com.br\/noticias\/\",\"name\":\"Suno Not\u00edcias\",\"description\":\"Seu portal de informa\u00e7\u00e3o sobre o mundo dos investimentos\",\"publisher\":{\"@id\":\"https:\/\/www.suno.com.br\/noticias\/#organization\"},\"potentialAction\":[{\"@type\":\"SearchAction\",\"target\":{\"@type\":\"EntryPoint\",\"urlTemplate\":\"https:\/\/www.suno.com.br\/noticias\/?s={search_term_string}\"},\"query-input\":{\"@type\":\"PropertyValueSpecification\",\"valueRequired\":true,\"valueName\":\"search_term_string\"}}],\"inLanguage\":\"pt-BR\"},{\"@type\":\"Organization\",\"@id\":\"https:\/\/www.suno.com.br\/noticias\/#organization\",\"name\":\"Suno Not\u00edcias\",\"url\":\"https:\/\/www.suno.com.br\/noticias\/\",\"logo\":{\"@type\":\"ImageObject\",\"inLanguage\":\"pt-BR\",\"@id\":\"https:\/\/www.suno.com.br\/noticias\/#\/schema\/logo\/image\/\",\"url\":\"https:\/\/files.sunoresearch.com.br\/n\/uploads\/2021\/09\/suno-logo.png\",\"contentUrl\":\"https:\/\/files.sunoresearch.com.br\/n\/uploads\/2021\/09\/suno-logo.png\",\"width\":180,\"height\":180,\"caption\":\"Suno Not\u00edcias\"},\"image\":{\"@id\":\"https:\/\/www.suno.com.br\/noticias\/#\/schema\/logo\/image\/\"},\"sameAs\":[\"https:\/\/facebook.com\/sunoresearch\",\"https:\/\/x.com\/sunoresearch\",\"https:\/\/www.instagram.com\/suno\",\"https:\/\/www.linkedin.com\/company\/suno-research\/\",\"https:\/\/www.youtube.com\/c\/sunoresearch\"]},{\"@type\":\"Person\",\"@id\":\"https:\/\/www.suno.com.br\/noticias\/#\/schema\/person\/f341d3ae5d1cc685176c9a5327cdfdbb\",\"name\":\"Camila Paim\",\"image\":{\"@type\":\"ImageObject\",\"inLanguage\":\"pt-BR\",\"@id\":\"https:\/\/www.suno.com.br\/noticias\/#\/schema\/person\/image\/\",\"url\":\"https:\/\/secure.gravatar.com\/avatar\/f33728e65febb1aa7ecf6792956f9b20?s=96&r=g\",\"contentUrl\":\"https:\/\/secure.gravatar.com\/avatar\/f33728e65febb1aa7ecf6792956f9b20?s=96&r=g\",\"caption\":\"Camila Paim\"},\"description\":\"Jornalista formada pela USP, tem experi\u00eancia em reda\u00e7\u00f5es, SEO, Branded Content e Webdesign. Com passagem pelo Jornal da USP, Empiricus e C6 Bank, hoje \u00e9 rep\u00f3rter no Suno Not\u00edcias cobrindo macroeconomia, finan\u00e7as pessoais e startups.\",\"url\":\"https:\/\/www.suno.com.br\/noticias\/author\/camila-figueiredosuno-com-br\/\"}]}<\/script>\n<!-- \/ Yoast SEO plugin. -->","yoast_head_json":{"title":"PIS\/PASEP ainda tem R$ 58 milh\u00f5es que n\u00e3o foram sacados","description":"A libera\u00e7\u00e3o do abono salarial vai at\u00e9 dia 17 de julho. Confira o calend\u00e1rio do PIS\/PASEP e veja quando resgatar o benef\u00edcio.","robots":{"index":"index","follow":"follow","max-snippet":"max-snippet:-1","max-image-preview":"max-image-preview:large","max-video-preview":"max-video-preview:-1"},"canonical":"https:\/\/www.suno.com.br\/noticias\/pis-pasep-2023-abono-salarial-sacar-calendario\/","og_locale":"pt_BR","og_type":"article","og_title":"PIS\/PASEP ainda tem R$ 58 milh\u00f5es que n\u00e3o foram sacados","og_description":"A libera\u00e7\u00e3o do abono salarial vai at\u00e9 dia 17 de julho. Confira o calend\u00e1rio do PIS\/PASEP e veja quando resgatar o benef\u00edcio.","og_url":"https:\/\/www.suno.com.br\/noticias\/pis-pasep-2023-abono-salarial-sacar-calendario\/","og_site_name":"Suno Not\u00edcias","article_publisher":"https:\/\/facebook.com\/sunoresearch","og_image":[{"width":1200,"height":800,"url":"https:\/\/files.sunoresearch.com.br\/n\/uploads\/2023\/05\/pis-pasep-2023-abono-salarial-sacar-calendario.jpg","type":"image\/jpeg"}],"author":"Camila Paim","twitter_card":"summary_large_image","twitter_creator":"@sunoresearch","twitter_site":"@sunoresearch","twitter_misc":{"Escrito por":"Camila Paim","Est. tempo de leitura":"3 minutos"},"schema":{"@context":"https:\/\/schema.org","@graph":[{"@type":"NewsArticle","@id":"https:\/\/www.suno.com.br\/noticias\/pis-pasep-2023-abono-salarial-sacar-calendario\/#article","isPartOf":{"@id":"https:\/\/www.suno.com.br\/noticias\/pis-pasep-2023-abono-salarial-sacar-calendario\/"},"author":{"name":"Camila Paim","@id":"https:\/\/www.suno.com.br\/noticias\/#\/schema\/person\/f341d3ae5d1cc685176c9a5327cdfdbb"},"headline":"PIS\/PASEP: R$ 58 milh\u00f5es ainda n\u00e3o foram sacados; veja quem tem direito","datePublished":"2023-05-04T19:38:47+00:00","dateModified":"2023-05-04T19:38:54+00:00","mainEntityOfPage":{"@id":"https:\/\/www.suno.com.br\/noticias\/pis-pasep-2023-abono-salarial-sacar-calendario\/"},"wordCount":525,"publisher":{"@id":"https:\/\/www.suno.com.br\/noticias\/#organization"},"image":{"@id":"https:\/\/www.suno.com.br\/noticias\/pis-pasep-2023-abono-salarial-sacar-calendario\/#primaryimage"},"thumbnailUrl":"https:\/\/files.sunoresearch.com.br\/n\/uploads\/2023\/05\/pis-pasep-2023-abono-salarial-sacar-calendario.jpg","keywords":["Caixa Econ\u00f4mica Federal (CEF)","PIS","PIS\/Pasep"],"articleSection":["Finan\u00e7as Pessoais"],"inLanguage":"pt-BR"},{"@type":"WebPage","@id":"https:\/\/www.suno.com.br\/noticias\/pis-pasep-2023-abono-salarial-sacar-calendario\/","url":"https:\/\/www.suno.com.br\/noticias\/pis-pasep-2023-abono-salarial-sacar-calendario\/","name":"PIS\/PASEP ainda tem R$ 58 milh\u00f5es que n\u00e3o foram sacados","isPartOf":{"@id":"https:\/\/www.suno.com.br\/noticias\/#website"},"primaryImageOfPage":{"@id":"https:\/\/www.suno.com.br\/noticias\/pis-pasep-2023-abono-salarial-sacar-calendario\/#primaryimage"},"image":{"@id":"https:\/\/www.suno.com.br\/noticias\/pis-pasep-2023-abono-salarial-sacar-calendario\/#primaryimage"},"thumbnailUrl":"https:\/\/files.sunoresearch.com.br\/n\/uploads\/2023\/05\/pis-pasep-2023-abono-salarial-sacar-calendario.jpg","datePublished":"2023-05-04T19:38:47+00:00","dateModified":"2023-05-04T19:38:54+00:00","description":"A libera\u00e7\u00e3o do abono salarial vai at\u00e9 dia 17 de julho. Confira o calend\u00e1rio do PIS\/PASEP e veja quando resgatar o benef\u00edcio.","breadcrumb":{"@id":"https:\/\/www.suno.com.br\/noticias\/pis-pasep-2023-abono-salarial-sacar-calendario\/#breadcrumb"},"inLanguage":"pt-BR","potentialAction":[{"@type":"ReadAction","target":["https:\/\/www.suno.com.br\/noticias\/pis-pasep-2023-abono-salarial-sacar-calendario\/"]}]},{"@type":"ImageObject","inLanguage":"pt-BR","@id":"https:\/\/www.suno.com.br\/noticias\/pis-pasep-2023-abono-salarial-sacar-calendario\/#primaryimage","url":"https:\/\/files.sunoresearch.com.br\/n\/uploads\/2023\/05\/pis-pasep-2023-abono-salarial-sacar-calendario.jpg","contentUrl":"https:\/\/files.sunoresearch.com.br\/n\/uploads\/2023\/05\/pis-pasep-2023-abono-salarial-sacar-calendario.jpg","width":1200,"height":800,"caption":"PIS n\u00e3o caiu na conta: trabalhadores identificam formas para obter pagamento. Foto: Ag\u00eancia Brasil"},{"@type":"BreadcrumbList","@id":"https:\/\/www.suno.com.br\/noticias\/pis-pasep-2023-abono-salarial-sacar-calendario\/#breadcrumb","itemListElement":[{"@type":"ListItem","position":1,"name":"Not\u00edcias","item":"https:\/\/www.suno.com.br\/noticias\/"},{"@type":"ListItem","position":2,"name":"Finan\u00e7as Pessoais","item":"https:\/\/www.suno.com.br\/noticias\/financas-pessoais\/"},{"@type":"ListItem","position":3,"name":"PIS\/PASEP: R$ 58 milh\u00f5es ainda n\u00e3o foram sacados; veja quem tem direito"}]},{"@type":"WebSite","@id":"https:\/\/www.suno.com.br\/noticias\/#website","url":"https:\/\/www.suno.com.br\/noticias\/","name":"Suno Not\u00edcias","description":"Seu portal de informa\u00e7\u00e3o sobre o mundo dos investimentos","publisher":{"@id":"https:\/\/www.suno.com.br\/noticias\/#organization"},"potentialAction":[{"@type":"SearchAction","target":{"@type":"EntryPoint","urlTemplate":"https:\/\/www.suno.com.br\/noticias\/?s={search_term_string}"},"query-input":{"@type":"PropertyValueSpecification","valueRequired":true,"valueName":"search_term_string"}}],"inLanguage":"pt-BR"},{"@type":"Organization","@id":"https:\/\/www.suno.com.br\/noticias\/#organization","name":"Suno Not\u00edcias","url":"https:\/\/www.suno.com.br\/noticias\/","logo":{"@type":"ImageObject","inLanguage":"pt-BR","@id":"https:\/\/www.suno.com.br\/noticias\/#\/schema\/logo\/image\/","url":"https:\/\/files.sunoresearch.com.br\/n\/uploads\/2021\/09\/suno-logo.png","contentUrl":"https:\/\/files.sunoresearch.com.br\/n\/uploads\/2021\/09\/suno-logo.png","width":180,"height":180,"caption":"Suno Not\u00edcias"},"image":{"@id":"https:\/\/www.suno.com.br\/noticias\/#\/schema\/logo\/image\/"},"sameAs":["https:\/\/facebook.com\/sunoresearch","https:\/\/x.com\/sunoresearch","https:\/\/www.instagram.com\/suno","https:\/\/www.linkedin.com\/company\/suno-research\/","https:\/\/www.youtube.com\/c\/sunoresearch"]},{"@type":"Person","@id":"https:\/\/www.suno.com.br\/noticias\/#\/schema\/person\/f341d3ae5d1cc685176c9a5327cdfdbb","name":"Camila Paim","image":{"@type":"ImageObject","inLanguage":"pt-BR","@id":"https:\/\/www.suno.com.br\/noticias\/#\/schema\/person\/image\/","url":"https:\/\/secure.gravatar.com\/avatar\/f33728e65febb1aa7ecf6792956f9b20?s=96&r=g","contentUrl":"https:\/\/secure.gravatar.com\/avatar\/f33728e65febb1aa7ecf6792956f9b20?s=96&r=g","caption":"Camila Paim"},"description":"Jornalista formada pela USP, tem experi\u00eancia em reda\u00e7\u00f5es, SEO, Branded Content e Webdesign. Com passagem pelo Jornal da USP, Empiricus e C6 Bank, hoje \u00e9 rep\u00f3rter no Suno Not\u00edcias cobrindo macroeconomia, finan\u00e7as pessoais e startups.","url":"https:\/\/www.suno.com.br\/noticias\/author\/camila-figueiredosuno-com-br\/"}]}},"default_loop_html":"<div class=\"cardsPage__listCard__boxs\"><div class=\"cardsPage__listCard__boxs__img\"><a href=\"https:\/\/www.suno.com.br\/noticias\/pis-pasep-2023-abono-salarial-sacar-calendario\/\"><img class=\"mask\" src=\"https:\/\/www.suno.com.br\/noticias\/wp-content\/themes\/suno\/resources\/images\/spotlight\/spotlight1img\/bg-mask.png\" alt=\"Image Mask\"\/><img src=\"https:\/\/files.sunoresearch.com.br\/n\/uploads\/2023\/05\/pis-pasep-2023-abono-salarial-sacar-calendario-400x200.jpg\" alt=\"PIS\/PASEP: R$ 58 milh\u00f5es ainda n\u00e3o foram sacados; veja quem tem direito\"\/><\/a><span class=\"spotlightCategory\"><a href=\"https:\/\/www.suno.com.br\/noticias\/financas-pessoais\/\">Finan\u00e7as Pessoais<\/a><\/span><\/div><div class=\"cardsPage__listCard__boxs__content\"><a href=\"https:\/\/www.suno.com.br\/noticias\/pis-pasep-2023-abono-salarial-sacar-calendario\/\"><h2 class=\"content__title\">PIS\/PASEP: R$ 58 milh\u00f5es ainda n\u00e3o foram sacados; veja quem tem direito<\/h2><\/a><div class=\"newsContent__article__meta\"><div class=\"newsContent__article__meta__authorBox\"><a href=\"https:\/\/www.suno.com.br\/noticias\/author\/camila-figueiredosuno-com-br\/\" class=\"authorBox__avatar noMobi\"><img src=\"https:\/\/files.sunoresearch.com.br\/n\/uploads\/2024\/05\/camila-paim-square-150x150.jpg\" alt=\"Camila Paim\"><\/a><div class=\"authorBox__name\"><span>por\n\t\t\t<a href=\"https:\/\/www.suno.com.br\/noticias\/author\/camila-figueiredosuno-com-br\/\"><span itemprop=\"author\">Camila Paim<\/span><\/a><\/span><time datetime=\"2023-05-04T16:38:47-03:00\" itemprop=\"datePublished\">04\/05\/2023 16:38<\/time><\/div><\/div><\/div><\/div><\/div>","single_layout":"posts","amp_enabled":true,"_links":{"self":[{"href":"https:\/\/www.suno.com.br\/noticias\/wp-json\/wp\/v2\/posts\/399509"}],"collection":[{"href":"https:\/\/www.suno.com.br\/noticias\/wp-json\/wp\/v2\/posts"}],"about":[{"href":"https:\/\/www.suno.com.br\/noticias\/wp-json\/wp\/v2\/types\/post"}],"author":[{"embeddable":true,"href":"https:\/\/www.suno.com.br\/noticias\/wp-json\/wp\/v2\/users\/283"}],"replies":[{"embeddable":true,"href":"https:\/\/www.suno.com.br\/noticias\/wp-json\/wp\/v2\/comments?post=399509"}],"version-history":[{"count":3,"href":"https:\/\/www.suno.com.br\/noticias\/wp-json\/wp\/v2\/posts\/399509\/revisions"}],"predecessor-version":[{"id":400339,"href":"https:\/\/www.suno.com.br\/noticias\/wp-json\/wp\/v2\/posts\/399509\/revisions\/400339"}],"wp:featuredmedia":[{"embeddable":true,"href":"https:\/\/www.suno.com.br\/noticias\/wp-json\/wp\/v2\/media\/399515"}],"wp:attachment":[{"href":"https:\/\/www.suno.com.br\/noticias\/wp-json\/wp\/v2\/media?parent=399509"}],"wp:term":[{"taxonomy":"category","embeddable":true,"href":"https:\/\/www.suno.com.br\/noticias\/wp-json\/wp\/v2\/categories?post=399509"},{"taxonomy":"post_tag","embeddable":true,"href":"https:\/\/www.suno.com.br\/noticias\/wp-json\/wp\/v2\/tags?post=399509"},{"taxonomy":"suno_strategy","embeddable":true,"href":"https:\/\/www.suno.com.br\/noticias\/wp-json\/wp\/v2\/suno_strategy?post=399509"}],"curies":[{"name":"wp","href":"https:\/\/api.w.org\/{rel}","templated":true}]}}