{"id":39924,"date":"2019-10-04T14:53:44","date_gmt":"2019-10-04T17:53:44","guid":{"rendered":"https:\/\/www.suno.com.br\/noticias\/?p=39924"},"modified":"2019-10-04T19:42:52","modified_gmt":"2019-10-04T22:42:52","slug":"bolsonaro-sanciona-lei-telecomunicacoes","status":"publish","type":"post","link":"https:\/\/www.suno.com.br\/noticias\/bolsonaro-sanciona-lei-telecomunicacoes\/","title":{"rendered":"Jair Bolsonaro sanciona nova lei das telecomunica\u00e7\u00f5es"},"content":{"rendered":"<p>O presidente <strong>Jair Bolsonaro<\/strong> sancionou a nova lei das telecomunica\u00e7\u00f5es. A norma foi publicada nesta sexta-feira (4) no Di\u00e1rio Oficial da Uni\u00e3o.<\/p>\t<div class=\"wrapper-featured-image\">\n\t\t<figure class=\"spotlightImg\">\n\n\t\t\t<picture>\n\t\t\t\t<source media=\"(max-width: 768px)\" srcset=\"https:\/\/files.sunoresearch.com.br\/n\/uploads\/2019\/09\/b7280a08-mp-da-liberdade-economica-400x200.webp\">\n\t\t\t\t<img loading=\"lazy\" decoding=\"async\" class=\"newsContent__article__imgCapa lazyloadDisabled newsContent__article__imgCapa--noCaption\" src=\"https:\/\/files.sunoresearch.com.br\/n\/uploads\/2019\/09\/b7280a08-mp-da-liberdade-economica-800x450.webp\" width=\"800\" height=\"450\" alt=\"Jair Bolsonaro sanciona nova lei das telecomunica\u00e7\u00f5es\" fetchpriority=high \/>\n\t\t\t<\/picture>\n\n\t\t\t<figcaption class=\"wp-caption-text wp-caption-text--hide\"><\/figcaption>\n\t\t<\/figure>\n\t<\/div>\n\n\n<p>A medida aprovada busca modernizar a legisla\u00e7\u00e3o do setor de <strong>telecomunica\u00e7\u00f5es<\/strong>. Antes da altera\u00e7\u00e3o, a antiga lei que regulamentava o setor das teles estava em vigor desde 1997.<\/p>\n\n<p>\u201cO novo marco legal de telecomunica\u00e7\u00f5es vem colocar o Brasil definitivamente no caminho da economia digital\u201d, ressaltou o Sindicato Nacional das Empresas de Telefonia e de Servi\u00e7o M\u00f3vel Celular e Pessoal (SindiTelebrasil), comemorando a aprova\u00e7\u00e3o da lei.<\/p>\n<h2>Altera\u00e7\u00f5es no setor de telecomunica\u00e7\u00f5es<\/h2>\n<p>Com a aprova\u00e7\u00e3o da norma, as concess\u00f5es de <strong>telefonia fixa<\/strong> que s\u00e3o prestadas por meio do regime p\u00fablico poder\u00e3o migrar para a iniciativa privada.<\/p>\n<p>Al\u00e9m disso, atualmente s\u00f3 \u00e9 poss\u00edvel prorrogar as concess\u00f5es por uma vez somente em um per\u00edodo de at\u00e9 20 anos. Contudo, a nova lei concede a possibilidade de estender os contratos diversas vezes.<\/p>\n<p>As empresas n\u00e3o ser\u00e3o obrigadas a manter servi\u00e7os e ativos n\u00e3o lucrativos. Com isso, a nova legisla\u00e7\u00e3o permite que o valor gasto com estas obriga\u00e7\u00f5es seja utilizado para investimentos em ativos mais rent\u00e1veis, como a banda larga.<\/p>\n<p>\u201cO novo marco permite que os investimentos obrigat\u00f3rios em solu\u00e7\u00f5es obsoletas, como os orelh\u00f5es, passem a ser destinados \u00e0 amplia\u00e7\u00e3o do acesso \u00e0 internet em \u00e1reas sem infraestrutura adequada visando \u00e0 redu\u00e7\u00e3o das desigualdades\u201d, informou o SindiTelebrasil.<\/p>\n\t<p>\n\t\t<a href=\"https:\/\/lp.suno.com.br\/ebook-como-analisar-uma-acao\/\" target=\"_blank\" data-element=\"shortcode-suno-banner\" title=\"Banner SUNO, clique e saiba mais\">\n\t\t\t<picture>\n\t\t\t\t<source media=\"(max-width: 500px)\" srcset=\"https:\/\/files.sunoresearch.com.br\/n\/uploads\/2023\/03\/Ebook-Acoes-Mobile.jpg\">\n\t\t\t\t<img class=\"newsContent__article__imgCapa newsContent__article__imgCapa--banner\"\n\t\t\t\t\tsrc=\"https:\/\/files.sunoresearch.com.br\/n\/uploads\/2023\/03\/Ebook-Acoes-Desktop.jpg\"\n\t\t\t\t\tdata-promo-id=\"311946\"\t\t\t\t\t\t\t\t\t\twidth='1420' height='286'\t\t\t\t\talt=\"https:\/\/files.sunoresearch.com.br\/n\/uploads\/2023\/03\/Ebook-Acoes-Desktop.jpg\"\n\t\t\t\t>\n\t\t\t<\/picture>\n\t\t<\/a>\n\t<\/p>\n\n\n<p>Ademais, os prestadores de servi\u00e7os do segmento poder\u00e3o negociar as faixas de radiofrequ\u00eancia diretamente entre si, com a aprova\u00e7\u00e3o da <strong>Anatel<\/strong>. Atualmente, a \u00fanica forma de obter as faixas ocorre por meio dos leil\u00f5es realizados pela ag\u00eancia reguladora.<\/p>\n<h2>Consequ\u00eancia da nova lei para a Oi<\/h2>\n<p>A <strong>Oi<\/strong> poder\u00e1 ser diretamente beneficiada pela nova lei. Isso ocorre porque a medida permite que as empresas utilizem os recursos atualmente voltados a telefonia fixa para a amplia\u00e7\u00e3o do acesso \u00e0 internet.<\/p>\n<p><a href=\"https:\/\/www.suno.com.br\/noticias\/oi-projetos-de-lei\/\">Saiba mais: Oi: como projetos de lei podem selar destino da operadora<\/a><\/p>\n<p>Por conta da altera\u00e7\u00e3o, a empresa se tornar\u00e1 mais interessante aos investidores estrangeiros, como a <strong>China Mobile<\/strong> e a <strong>AT&amp;T,<\/strong> por exemplo. Ambas companhias j\u00e1 demonstraram interesse em adquirir a companhia brasileira.<\/p>\n<p>A <strong>Oi<\/strong> \u00e9 a quarta maior empresa de <strong>telecomunica\u00e7\u00f5es<\/strong> do Pa\u00eds e est\u00e1 em <a href=\"https:\/\/www.suno.com.br\/artigos\/recuperacao-judicial\/\">recupera\u00e7\u00e3o judicial<\/a> desde 2016. Outras empresas do setor tamb\u00e9m poder\u00e3o se beneficiar. Sendo elas, a Telef\u00f4nica\/Vivo, a Sercomtel, a CTBC\/Algar Telecom e a Claro.<\/p>\n","protected":false},"excerpt":{"rendered":"<p>O presidente Jair Bolsonaro sancionou a nova lei das telecomunica\u00e7\u00f5es. A norma foi publicada nesta sexta-feira (4) no Di\u00e1rio Oficial da Uni\u00e3o. A medida aprovada busca modernizar a legisla\u00e7\u00e3o do setor de telecomunica\u00e7\u00f5es. Antes da altera\u00e7\u00e3o, a antiga lei que regulamentava o setor das teles estava em vigor desde 1997. \u201cO novo marco legal de [&hellip;]<\/p>\n","protected":false},"author":18,"featured_media":38340,"comment_status":"closed","ping_status":"closed","sticky":false,"template":"","format":"standard","meta":[],"categories":[64],"tags":[719,584,937],"suno_strategy":[],"class_list":["post-39924","post","type-post","status-publish","format-standard","has-post-thumbnail","hentry","category-negocios","tag-jair-bolsonaro","tag-oi-oibr3-oibr4","tag-telecomunicacoes"],"yoast_head":"<!-- This site is optimized with the Yoast SEO plugin v24.4 - https:\/\/yoast.com\/wordpress\/plugins\/seo\/ -->\n<title>Jair Bolsonaro sanciona nova lei das telecomunica\u00e7\u00f5es<\/title>\n<meta name=\"description\" content=\"O presidente Jair Bolsonaro sancionou a nova lei das telecomunica\u00e7\u00f5es. A medida foi publicada nesta sexta-feira (4). Clique para saber mais.\" \/>\n<meta name=\"robots\" content=\"index, follow, max-snippet:-1, max-image-preview:large, max-video-preview:-1\" \/>\n<link rel=\"canonical\" href=\"https:\/\/www.suno.com.br\/noticias\/bolsonaro-sanciona-lei-telecomunicacoes\/\" \/>\n<meta property=\"og:locale\" content=\"pt_BR\" \/>\n<meta property=\"og:type\" content=\"article\" \/>\n<meta property=\"og:title\" content=\"Jair Bolsonaro sanciona nova lei das telecomunica\u00e7\u00f5es\" \/>\n<meta property=\"og:description\" content=\"O presidente Jair Bolsonaro sancionou a nova lei das telecomunica\u00e7\u00f5es. A medida foi publicada nesta sexta-feira (4). Clique para saber mais.\" \/>\n<meta property=\"og:url\" content=\"https:\/\/www.suno.com.br\/noticias\/bolsonaro-sanciona-lei-telecomunicacoes\/\" \/>\n<meta property=\"og:site_name\" content=\"Suno Not\u00edcias\" \/>\n<meta property=\"article:publisher\" content=\"https:\/\/facebook.com\/sunoresearch\" \/>\n<meta property=\"og:image\" content=\"https:\/\/files.sunoresearch.com.br\/n\/uploads\/2019\/09\/b7280a08-mp-da-liberdade-economica.jpg\" \/>\n\t<meta property=\"og:image:width\" content=\"1140\" \/>\n\t<meta property=\"og:image:height\" content=\"760\" \/>\n\t<meta property=\"og:image:type\" content=\"image\/jpeg\" \/>\n<meta name=\"author\" content=\"Giovanna Oliveira\" \/>\n<meta name=\"twitter:card\" content=\"summary_large_image\" \/>\n<meta name=\"twitter:creator\" content=\"@sunoresearch\" \/>\n<meta name=\"twitter:site\" content=\"@sunoresearch\" \/>\n<meta name=\"twitter:label1\" content=\"Escrito por\" \/>\n\t<meta name=\"twitter:data1\" content=\"Giovanna Oliveira\" \/>\n\t<meta name=\"twitter:label2\" content=\"Est. tempo de leitura\" \/>\n\t<meta name=\"twitter:data2\" content=\"2 minutos\" \/>\n<script type=\"application\/ld+json\" class=\"yoast-schema-graph\">{\"@context\":\"https:\/\/schema.org\",\"@graph\":[{\"@type\":\"NewsArticle\",\"@id\":\"https:\/\/www.suno.com.br\/noticias\/bolsonaro-sanciona-lei-telecomunicacoes\/#article\",\"isPartOf\":{\"@id\":\"https:\/\/www.suno.com.br\/noticias\/bolsonaro-sanciona-lei-telecomunicacoes\/\"},\"author\":{\"name\":\"Giovanna Oliveira\",\"@id\":\"https:\/\/www.suno.com.br\/noticias\/#\/schema\/person\/4e19e3d2575736e5283d58eb3199d120\"},\"headline\":\"Jair Bolsonaro sanciona nova lei das telecomunica\u00e7\u00f5es\",\"datePublished\":\"2019-10-04T17:53:44+00:00\",\"dateModified\":\"2019-10-04T22:42:52+00:00\",\"mainEntityOfPage\":{\"@id\":\"https:\/\/www.suno.com.br\/noticias\/bolsonaro-sanciona-lei-telecomunicacoes\/\"},\"wordCount\":438,\"publisher\":{\"@id\":\"https:\/\/www.suno.com.br\/noticias\/#organization\"},\"image\":{\"@id\":\"https:\/\/www.suno.com.br\/noticias\/bolsonaro-sanciona-lei-telecomunicacoes\/#primaryimage\"},\"thumbnailUrl\":\"https:\/\/files.sunoresearch.com.br\/n\/uploads\/2019\/09\/b7280a08-mp-da-liberdade-economica-jpg.webp\",\"keywords\":[\"Jair Bolsonaro\",\"Oi (OIBR3\/OIBR4)\",\"telecomunica\u00e7\u00f5es\"],\"articleSection\":[\"Neg\u00f3cios\"],\"inLanguage\":\"pt-BR\"},{\"@type\":\"WebPage\",\"@id\":\"https:\/\/www.suno.com.br\/noticias\/bolsonaro-sanciona-lei-telecomunicacoes\/\",\"url\":\"https:\/\/www.suno.com.br\/noticias\/bolsonaro-sanciona-lei-telecomunicacoes\/\",\"name\":\"Jair Bolsonaro sanciona nova lei das telecomunica\u00e7\u00f5es\",\"isPartOf\":{\"@id\":\"https:\/\/www.suno.com.br\/noticias\/#website\"},\"primaryImageOfPage\":{\"@id\":\"https:\/\/www.suno.com.br\/noticias\/bolsonaro-sanciona-lei-telecomunicacoes\/#primaryimage\"},\"image\":{\"@id\":\"https:\/\/www.suno.com.br\/noticias\/bolsonaro-sanciona-lei-telecomunicacoes\/#primaryimage\"},\"thumbnailUrl\":\"https:\/\/files.sunoresearch.com.br\/n\/uploads\/2019\/09\/b7280a08-mp-da-liberdade-economica-jpg.webp\",\"datePublished\":\"2019-10-04T17:53:44+00:00\",\"dateModified\":\"2019-10-04T22:42:52+00:00\",\"description\":\"O presidente Jair Bolsonaro sancionou a nova lei das telecomunica\u00e7\u00f5es. A medida foi publicada nesta sexta-feira (4). Clique para saber mais.\",\"breadcrumb\":{\"@id\":\"https:\/\/www.suno.com.br\/noticias\/bolsonaro-sanciona-lei-telecomunicacoes\/#breadcrumb\"},\"inLanguage\":\"pt-BR\",\"potentialAction\":[{\"@type\":\"ReadAction\",\"target\":[\"https:\/\/www.suno.com.br\/noticias\/bolsonaro-sanciona-lei-telecomunicacoes\/\"]}]},{\"@type\":\"ImageObject\",\"inLanguage\":\"pt-BR\",\"@id\":\"https:\/\/www.suno.com.br\/noticias\/bolsonaro-sanciona-lei-telecomunicacoes\/#primaryimage\",\"url\":\"https:\/\/files.sunoresearch.com.br\/n\/uploads\/2019\/09\/b7280a08-mp-da-liberdade-economica-jpg.webp\",\"contentUrl\":\"https:\/\/files.sunoresearch.com.br\/n\/uploads\/2019\/09\/b7280a08-mp-da-liberdade-economica-jpg.webp\",\"width\":1140,\"height\":760},{\"@type\":\"BreadcrumbList\",\"@id\":\"https:\/\/www.suno.com.br\/noticias\/bolsonaro-sanciona-lei-telecomunicacoes\/#breadcrumb\",\"itemListElement\":[{\"@type\":\"ListItem\",\"position\":1,\"name\":\"Not\u00edcias\",\"item\":\"https:\/\/www.suno.com.br\/noticias\/\"},{\"@type\":\"ListItem\",\"position\":2,\"name\":\"Neg\u00f3cios\",\"item\":\"https:\/\/www.suno.com.br\/noticias\/negocios\/\"},{\"@type\":\"ListItem\",\"position\":3,\"name\":\"Jair Bolsonaro sanciona nova lei das telecomunica\u00e7\u00f5es\"}]},{\"@type\":\"WebSite\",\"@id\":\"https:\/\/www.suno.com.br\/noticias\/#website\",\"url\":\"https:\/\/www.suno.com.br\/noticias\/\",\"name\":\"Suno Not\u00edcias\",\"description\":\"Seu portal de informa\u00e7\u00e3o sobre o mundo dos investimentos\",\"publisher\":{\"@id\":\"https:\/\/www.suno.com.br\/noticias\/#organization\"},\"potentialAction\":[{\"@type\":\"SearchAction\",\"target\":{\"@type\":\"EntryPoint\",\"urlTemplate\":\"https:\/\/www.suno.com.br\/noticias\/?s={search_term_string}\"},\"query-input\":{\"@type\":\"PropertyValueSpecification\",\"valueRequired\":true,\"valueName\":\"search_term_string\"}}],\"inLanguage\":\"pt-BR\"},{\"@type\":\"Organization\",\"@id\":\"https:\/\/www.suno.com.br\/noticias\/#organization\",\"name\":\"Suno Not\u00edcias\",\"url\":\"https:\/\/www.suno.com.br\/noticias\/\",\"logo\":{\"@type\":\"ImageObject\",\"inLanguage\":\"pt-BR\",\"@id\":\"https:\/\/www.suno.com.br\/noticias\/#\/schema\/logo\/image\/\",\"url\":\"https:\/\/files.sunoresearch.com.br\/n\/uploads\/2021\/09\/suno-logo.png\",\"contentUrl\":\"https:\/\/files.sunoresearch.com.br\/n\/uploads\/2021\/09\/suno-logo.png\",\"width\":180,\"height\":180,\"caption\":\"Suno Not\u00edcias\"},\"image\":{\"@id\":\"https:\/\/www.suno.com.br\/noticias\/#\/schema\/logo\/image\/\"},\"sameAs\":[\"https:\/\/facebook.com\/sunoresearch\",\"https:\/\/x.com\/sunoresearch\",\"https:\/\/www.instagram.com\/suno\",\"https:\/\/www.linkedin.com\/company\/suno-research\/\",\"https:\/\/www.youtube.com\/c\/sunoresearch\"]},{\"@type\":\"Person\",\"@id\":\"https:\/\/www.suno.com.br\/noticias\/#\/schema\/person\/4e19e3d2575736e5283d58eb3199d120\",\"name\":\"Giovanna Oliveira\",\"image\":{\"@type\":\"ImageObject\",\"inLanguage\":\"pt-BR\",\"@id\":\"https:\/\/www.suno.com.br\/noticias\/#\/schema\/person\/image\/\",\"url\":\"https:\/\/secure.gravatar.com\/avatar\/9a37b3ae208962ac568992d0ffdbc2eb?s=96&r=g\",\"contentUrl\":\"https:\/\/secure.gravatar.com\/avatar\/9a37b3ae208962ac568992d0ffdbc2eb?s=96&r=g\",\"caption\":\"Giovanna Oliveira\"},\"description\":\"Giovanna Oliveira escreve sobre economia e pol\u00edtica. Foi rep\u00f3rter do portal de jornalismo da ESPM-SP e produziu conte\u00fado para a Corinthians TV. \u00c9 estudante da ESPM.\",\"url\":\"https:\/\/www.suno.com.br\/noticias\/author\/giovanna\/\"}]}<\/script>\n<!-- \/ Yoast SEO plugin. -->","yoast_head_json":{"title":"Jair Bolsonaro sanciona nova lei das telecomunica\u00e7\u00f5es","description":"O presidente Jair Bolsonaro sancionou a nova lei das telecomunica\u00e7\u00f5es. A medida foi publicada nesta sexta-feira (4). Clique para saber mais.","robots":{"index":"index","follow":"follow","max-snippet":"max-snippet:-1","max-image-preview":"max-image-preview:large","max-video-preview":"max-video-preview:-1"},"canonical":"https:\/\/www.suno.com.br\/noticias\/bolsonaro-sanciona-lei-telecomunicacoes\/","og_locale":"pt_BR","og_type":"article","og_title":"Jair Bolsonaro sanciona nova lei das telecomunica\u00e7\u00f5es","og_description":"O presidente Jair Bolsonaro sancionou a nova lei das telecomunica\u00e7\u00f5es. A medida foi publicada nesta sexta-feira (4). Clique para saber mais.","og_url":"https:\/\/www.suno.com.br\/noticias\/bolsonaro-sanciona-lei-telecomunicacoes\/","og_site_name":"Suno Not\u00edcias","article_publisher":"https:\/\/facebook.com\/sunoresearch","og_image":[{"width":1140,"height":760,"url":"https:\/\/files.sunoresearch.com.br\/n\/uploads\/2019\/09\/b7280a08-mp-da-liberdade-economica.jpg","type":"image\/jpeg"}],"author":"Giovanna Oliveira","twitter_card":"summary_large_image","twitter_creator":"@sunoresearch","twitter_site":"@sunoresearch","twitter_misc":{"Escrito por":"Giovanna Oliveira","Est. tempo de leitura":"2 minutos"},"schema":{"@context":"https:\/\/schema.org","@graph":[{"@type":"NewsArticle","@id":"https:\/\/www.suno.com.br\/noticias\/bolsonaro-sanciona-lei-telecomunicacoes\/#article","isPartOf":{"@id":"https:\/\/www.suno.com.br\/noticias\/bolsonaro-sanciona-lei-telecomunicacoes\/"},"author":{"name":"Giovanna Oliveira","@id":"https:\/\/www.suno.com.br\/noticias\/#\/schema\/person\/4e19e3d2575736e5283d58eb3199d120"},"headline":"Jair Bolsonaro sanciona nova lei das telecomunica\u00e7\u00f5es","datePublished":"2019-10-04T17:53:44+00:00","dateModified":"2019-10-04T22:42:52+00:00","mainEntityOfPage":{"@id":"https:\/\/www.suno.com.br\/noticias\/bolsonaro-sanciona-lei-telecomunicacoes\/"},"wordCount":438,"publisher":{"@id":"https:\/\/www.suno.com.br\/noticias\/#organization"},"image":{"@id":"https:\/\/www.suno.com.br\/noticias\/bolsonaro-sanciona-lei-telecomunicacoes\/#primaryimage"},"thumbnailUrl":"https:\/\/files.sunoresearch.com.br\/n\/uploads\/2019\/09\/b7280a08-mp-da-liberdade-economica-jpg.webp","keywords":["Jair Bolsonaro","Oi (OIBR3\/OIBR4)","telecomunica\u00e7\u00f5es"],"articleSection":["Neg\u00f3cios"],"inLanguage":"pt-BR"},{"@type":"WebPage","@id":"https:\/\/www.suno.com.br\/noticias\/bolsonaro-sanciona-lei-telecomunicacoes\/","url":"https:\/\/www.suno.com.br\/noticias\/bolsonaro-sanciona-lei-telecomunicacoes\/","name":"Jair Bolsonaro sanciona nova lei das telecomunica\u00e7\u00f5es","isPartOf":{"@id":"https:\/\/www.suno.com.br\/noticias\/#website"},"primaryImageOfPage":{"@id":"https:\/\/www.suno.com.br\/noticias\/bolsonaro-sanciona-lei-telecomunicacoes\/#primaryimage"},"image":{"@id":"https:\/\/www.suno.com.br\/noticias\/bolsonaro-sanciona-lei-telecomunicacoes\/#primaryimage"},"thumbnailUrl":"https:\/\/files.sunoresearch.com.br\/n\/uploads\/2019\/09\/b7280a08-mp-da-liberdade-economica-jpg.webp","datePublished":"2019-10-04T17:53:44+00:00","dateModified":"2019-10-04T22:42:52+00:00","description":"O presidente Jair Bolsonaro sancionou a nova lei das telecomunica\u00e7\u00f5es. A medida foi publicada nesta sexta-feira (4). Clique para saber mais.","breadcrumb":{"@id":"https:\/\/www.suno.com.br\/noticias\/bolsonaro-sanciona-lei-telecomunicacoes\/#breadcrumb"},"inLanguage":"pt-BR","potentialAction":[{"@type":"ReadAction","target":["https:\/\/www.suno.com.br\/noticias\/bolsonaro-sanciona-lei-telecomunicacoes\/"]}]},{"@type":"ImageObject","inLanguage":"pt-BR","@id":"https:\/\/www.suno.com.br\/noticias\/bolsonaro-sanciona-lei-telecomunicacoes\/#primaryimage","url":"https:\/\/files.sunoresearch.com.br\/n\/uploads\/2019\/09\/b7280a08-mp-da-liberdade-economica-jpg.webp","contentUrl":"https:\/\/files.sunoresearch.com.br\/n\/uploads\/2019\/09\/b7280a08-mp-da-liberdade-economica-jpg.webp","width":1140,"height":760},{"@type":"BreadcrumbList","@id":"https:\/\/www.suno.com.br\/noticias\/bolsonaro-sanciona-lei-telecomunicacoes\/#breadcrumb","itemListElement":[{"@type":"ListItem","position":1,"name":"Not\u00edcias","item":"https:\/\/www.suno.com.br\/noticias\/"},{"@type":"ListItem","position":2,"name":"Neg\u00f3cios","item":"https:\/\/www.suno.com.br\/noticias\/negocios\/"},{"@type":"ListItem","position":3,"name":"Jair Bolsonaro sanciona nova lei das telecomunica\u00e7\u00f5es"}]},{"@type":"WebSite","@id":"https:\/\/www.suno.com.br\/noticias\/#website","url":"https:\/\/www.suno.com.br\/noticias\/","name":"Suno Not\u00edcias","description":"Seu portal de informa\u00e7\u00e3o sobre o mundo dos investimentos","publisher":{"@id":"https:\/\/www.suno.com.br\/noticias\/#organization"},"potentialAction":[{"@type":"SearchAction","target":{"@type":"EntryPoint","urlTemplate":"https:\/\/www.suno.com.br\/noticias\/?s={search_term_string}"},"query-input":{"@type":"PropertyValueSpecification","valueRequired":true,"valueName":"search_term_string"}}],"inLanguage":"pt-BR"},{"@type":"Organization","@id":"https:\/\/www.suno.com.br\/noticias\/#organization","name":"Suno Not\u00edcias","url":"https:\/\/www.suno.com.br\/noticias\/","logo":{"@type":"ImageObject","inLanguage":"pt-BR","@id":"https:\/\/www.suno.com.br\/noticias\/#\/schema\/logo\/image\/","url":"https:\/\/files.sunoresearch.com.br\/n\/uploads\/2021\/09\/suno-logo.png","contentUrl":"https:\/\/files.sunoresearch.com.br\/n\/uploads\/2021\/09\/suno-logo.png","width":180,"height":180,"caption":"Suno Not\u00edcias"},"image":{"@id":"https:\/\/www.suno.com.br\/noticias\/#\/schema\/logo\/image\/"},"sameAs":["https:\/\/facebook.com\/sunoresearch","https:\/\/x.com\/sunoresearch","https:\/\/www.instagram.com\/suno","https:\/\/www.linkedin.com\/company\/suno-research\/","https:\/\/www.youtube.com\/c\/sunoresearch"]},{"@type":"Person","@id":"https:\/\/www.suno.com.br\/noticias\/#\/schema\/person\/4e19e3d2575736e5283d58eb3199d120","name":"Giovanna Oliveira","image":{"@type":"ImageObject","inLanguage":"pt-BR","@id":"https:\/\/www.suno.com.br\/noticias\/#\/schema\/person\/image\/","url":"https:\/\/secure.gravatar.com\/avatar\/9a37b3ae208962ac568992d0ffdbc2eb?s=96&r=g","contentUrl":"https:\/\/secure.gravatar.com\/avatar\/9a37b3ae208962ac568992d0ffdbc2eb?s=96&r=g","caption":"Giovanna Oliveira"},"description":"Giovanna Oliveira escreve sobre economia e pol\u00edtica. Foi rep\u00f3rter do portal de jornalismo da ESPM-SP e produziu conte\u00fado para a Corinthians TV. \u00c9 estudante da ESPM.","url":"https:\/\/www.suno.com.br\/noticias\/author\/giovanna\/"}]}},"default_loop_html":"<div class=\"cardsPage__listCard__boxs\"><div class=\"cardsPage__listCard__boxs__img\"><a href=\"https:\/\/www.suno.com.br\/noticias\/bolsonaro-sanciona-lei-telecomunicacoes\/\"><img class=\"mask\" src=\"https:\/\/www.suno.com.br\/noticias\/wp-content\/themes\/suno\/resources\/images\/spotlight\/spotlight1img\/bg-mask.png\" alt=\"Image Mask\"\/><img src=\"https:\/\/files.sunoresearch.com.br\/n\/uploads\/2019\/09\/b7280a08-mp-da-liberdade-economica-400x200.webp\" alt=\"Jair Bolsonaro sanciona nova lei das telecomunica\u00e7\u00f5es\"\/><\/a><span class=\"spotlightCategory\"><a href=\"https:\/\/www.suno.com.br\/noticias\/negocios\/\">Neg\u00f3cios<\/a><\/span><\/div><div class=\"cardsPage__listCard__boxs__content\"><a href=\"https:\/\/www.suno.com.br\/noticias\/bolsonaro-sanciona-lei-telecomunicacoes\/\"><h2 class=\"content__title\">Jair Bolsonaro sanciona nova lei das telecomunica\u00e7\u00f5es<\/h2><\/a><div class=\"newsContent__article__meta\"><div class=\"newsContent__article__meta__authorBox\"><a href=\"https:\/\/www.suno.com.br\/noticias\/author\/giovanna\/\" class=\"authorBox__avatar noMobi\"><img src=\"https:\/\/files.sunoresearch.com.br\/n\/uploads\/2019\/06\/952a89ca-screenshot_20190608-171507-150x150.webp\" alt=\"Giovanna Oliveira\"><\/a><div class=\"authorBox__name\"><span>por\n\t\t\t<a href=\"https:\/\/www.suno.com.br\/noticias\/author\/giovanna\/\"><span itemprop=\"author\">Giovanna Oliveira<\/span><\/a><\/span><time datetime=\"2019-10-04T14:53:44-03:00\" itemprop=\"datePublished\">04\/10\/2019 14:53<\/time><\/div><\/div><\/div><\/div><\/div>","single_layout":"posts","amp_enabled":true,"_links":{"self":[{"href":"https:\/\/www.suno.com.br\/noticias\/wp-json\/wp\/v2\/posts\/39924"}],"collection":[{"href":"https:\/\/www.suno.com.br\/noticias\/wp-json\/wp\/v2\/posts"}],"about":[{"href":"https:\/\/www.suno.com.br\/noticias\/wp-json\/wp\/v2\/types\/post"}],"author":[{"embeddable":true,"href":"https:\/\/www.suno.com.br\/noticias\/wp-json\/wp\/v2\/users\/18"}],"replies":[{"embeddable":true,"href":"https:\/\/www.suno.com.br\/noticias\/wp-json\/wp\/v2\/comments?post=39924"}],"version-history":[{"count":0,"href":"https:\/\/www.suno.com.br\/noticias\/wp-json\/wp\/v2\/posts\/39924\/revisions"}],"wp:featuredmedia":[{"embeddable":true,"href":"https:\/\/www.suno.com.br\/noticias\/wp-json\/wp\/v2\/media\/38340"}],"wp:attachment":[{"href":"https:\/\/www.suno.com.br\/noticias\/wp-json\/wp\/v2\/media?parent=39924"}],"wp:term":[{"taxonomy":"category","embeddable":true,"href":"https:\/\/www.suno.com.br\/noticias\/wp-json\/wp\/v2\/categories?post=39924"},{"taxonomy":"post_tag","embeddable":true,"href":"https:\/\/www.suno.com.br\/noticias\/wp-json\/wp\/v2\/tags?post=39924"},{"taxonomy":"suno_strategy","embeddable":true,"href":"https:\/\/www.suno.com.br\/noticias\/wp-json\/wp\/v2\/suno_strategy?post=39924"}],"curies":[{"name":"wp","href":"https:\/\/api.w.org\/{rel}","templated":true}]}}