{"id":3992,"date":"2018-10-21T16:20:14","date_gmt":"2018-10-21T19:20:14","guid":{"rendered":"https:\/\/www.suno.com.br\/noticias\/?p=3992"},"modified":"2021-02-18T15:25:21","modified_gmt":"2021-02-18T18:25:21","slug":"saiba-melhores-faculdades-do-mundo","status":"publish","type":"post","link":"https:\/\/www.suno.com.br\/noticias\/saiba-melhores-faculdades-do-mundo\/","title":{"rendered":"Saiba quais s\u00e3o as melhores faculdades do mundo segundo o mercado de trabalho"},"content":{"rendered":"<p>Quando estamos no ensino m\u00e9dio se preparando para entrar na faculdade algumas perguntas nos surgem na cabe\u00e7a, por exemplo, se a institui\u00e7\u00e3o pretendida \u00e9 forte no mercado de trabalho.<\/p>\t<div class=\"wrapper-featured-image\">\n\t\t<figure class=\"spotlightImg\">\n\n\t\t\t<picture>\n\t\t\t\t<source media=\"(max-width: 768px)\" srcset=\"https:\/\/files.sunoresearch.com.br\/n\/uploads\/2018\/09\/cf4aef60-industrial-2816886_1920-400x200.webp\">\n\t\t\t\t<img loading=\"lazy\" decoding=\"async\" class=\"newsContent__article__imgCapa lazyloadDisabled newsContent__article__imgCapa--noCaption\" src=\"https:\/\/files.sunoresearch.com.br\/n\/uploads\/2018\/09\/cf4aef60-industrial-2816886_1920-800x450.webp\" width=\"800\" height=\"450\" alt=\"Saiba quais s\u00e3o as melhores faculdades do mundo segundo o mercado de trabalho\" fetchpriority=high \/>\n\t\t\t<\/picture>\n\n\t\t\t<figcaption class=\"wp-caption-text wp-caption-text--hide\">Metade das empresas querem contratar mais em 2019<\/figcaption>\n\t\t<\/figure>\n\t<\/div>\n\n\n<p>Esta duvida foi respondida por uma pesquisa realizada pela empresa QS, que publica anualmente o Ranking Mundial de Universidades. Infelizmente uma m\u00e1 not\u00edcia para os brasileiros. As nossas universidades come\u00e7a a figurar na lista, a partir da 67\u00b0 posi\u00e7\u00e3o.<\/p>\n<p>As universidade americanas dominam as primeiras posi\u00e7\u00f5es, sendo que, o MIT \u2013 Massachusetts Institute of Technology- fica com o primeiro lugar no p\u00f3dio. Seguido por Stanford, Universidade da Calif\u00f3rnia em Los Angeles (UCLA) e Harvard.<\/p>\n<p>O MIT, primeiro colocado, \u00e9 muito conhecido pelo seus alunos que se destacaram no campo da tecnologia como o astronauta Buzz Aldrin, Kofi Annan, ex-secret\u00e1rio da ONU e Amar Bose, engenheiro de som e fundador da empresa de equipamentos de \u00e1udio que leva o seu nome.<\/p>\n<p>Stanford, a segunda colocada, \u00e9 conhecida por pesquisadores e profissionais que figuram nos melhores patamares das empresas do Vale do Sil\u00edcio. Larry Page e Sergey Brin, fundadores do Google e Reed Hastings, fundador no Netflix, s\u00e3o um dos exemplos da renomada faculdade.<\/p>\n<p>Seis universidades brasileiras apareceram no ranking, e todas elas s\u00e3o p\u00fablicas. A primeira \u00e9 a USP \u2013 Universidade de S\u00e3o Paulo- em 67\u00b0 lugar, Unicamp, 251\u00b0lugar, UFRJ-Universidade Federal do Rio de Janeiro, 300\u00b0 posi\u00e7\u00e3o, Unesp \u2013 Universidade Estadual Paulista, UFMG, Universidade Federal de Minas Gerais e Unifesp \u2013 Universidade Federal de S\u00e3o Paulo, aparecem entre a 301\u00b0 e 497\u00b0 lugar.<\/p>\n<p>Outras faculdades da Am\u00e9rica Latina tamb\u00e9m apareceram entre as 492 institui\u00e7\u00f5es acopladas ao Ranking. PUC-Chile e Instituto Tecnol\u00f3gico de Estudos Superiores de Monterrey- M\u00e9xico em 37\u00b0 e 52\u00b0, respectivamente.<\/p>\n<p>As universidades australianas tamb\u00e9m s\u00e3o destaques no estudo. A universidade de Sydney e a Universidade de Melbourne aparecem em quinto e sexto lugar, respectivamente.<\/p>\n","protected":false},"excerpt":{"rendered":"<p>Quando estamos no ensino m\u00e9dio se preparando para entrar na faculdade algumas perguntas nos surgem na cabe\u00e7a, por exemplo, se a institui\u00e7\u00e3o pretendida \u00e9 forte no mercado de trabalho. Metade das empresas querem contratar mais em 2019 Esta duvida foi respondida por uma pesquisa realizada pela empresa QS, que publica anualmente o Ranking Mundial de [&hellip;]<\/p>\n","protected":false},"author":6,"featured_media":3994,"comment_status":"closed","ping_status":"closed","sticky":false,"template":"","format":"standard","meta":[],"categories":[64],"tags":[],"suno_strategy":[],"class_list":["post-3992","post","type-post","status-publish","format-standard","has-post-thumbnail","hentry","category-negocios"],"yoast_head":"<!-- This site is optimized with the Yoast SEO plugin v24.4 - https:\/\/yoast.com\/wordpress\/plugins\/seo\/ -->\n<title>Saiba quais s\u00e3o as melhores faculdades do mundo segundo o mercado de trabalho<\/title>\n<meta name=\"robots\" content=\"index, follow, max-snippet:-1, max-image-preview:large, max-video-preview:-1\" \/>\n<link rel=\"canonical\" href=\"https:\/\/www.suno.com.br\/noticias\/saiba-melhores-faculdades-do-mundo\/\" \/>\n<meta property=\"og:locale\" content=\"pt_BR\" \/>\n<meta property=\"og:type\" content=\"article\" \/>\n<meta property=\"og:title\" content=\"Saiba quais s\u00e3o as melhores faculdades do mundo segundo o mercado de trabalho\" \/>\n<meta property=\"og:description\" content=\"Quando estamos no ensino m\u00e9dio se preparando para entrar na faculdade algumas perguntas nos surgem na cabe\u00e7a, por exemplo, se a institui\u00e7\u00e3o pretendida \u00e9 forte no mercado de trabalho. Metade das empresas querem contratar mais em 2019 Esta duvida foi respondida por uma pesquisa realizada pela empresa QS, que publica anualmente o Ranking Mundial de [&hellip;]\" \/>\n<meta property=\"og:url\" content=\"https:\/\/www.suno.com.br\/noticias\/saiba-melhores-faculdades-do-mundo\/\" \/>\n<meta property=\"og:site_name\" content=\"Suno Not\u00edcias\" \/>\n<meta property=\"article:publisher\" content=\"https:\/\/facebook.com\/sunoresearch\" \/>\n<meta property=\"article:author\" content=\"https:\/\/www.linkedin.com\/in\/paulo-jaschke-328221168\/\" \/>\n<meta property=\"og:image\" content=\"https:\/\/files.sunoresearch.com.br\/n\/uploads\/2018\/09\/cf4aef60-industrial-2816886_1920.jpg\" \/>\n\t<meta property=\"og:image:width\" content=\"1920\" \/>\n\t<meta property=\"og:image:height\" content=\"1276\" \/>\n\t<meta property=\"og:image:type\" content=\"image\/jpeg\" \/>\n<meta name=\"author\" content=\"Paulo Jaschke\" \/>\n<meta name=\"twitter:card\" content=\"summary_large_image\" \/>\n<meta name=\"twitter:creator\" content=\"@sunoresearch\" \/>\n<meta name=\"twitter:site\" content=\"@sunoresearch\" \/>\n<meta name=\"twitter:label1\" content=\"Escrito por\" \/>\n\t<meta name=\"twitter:data1\" content=\"Paulo Jaschke\" \/>\n\t<meta name=\"twitter:label2\" content=\"Est. tempo de leitura\" \/>\n\t<meta name=\"twitter:data2\" content=\"2 minutos\" \/>\n<script type=\"application\/ld+json\" class=\"yoast-schema-graph\">{\"@context\":\"https:\/\/schema.org\",\"@graph\":[{\"@type\":\"NewsArticle\",\"@id\":\"https:\/\/www.suno.com.br\/noticias\/saiba-melhores-faculdades-do-mundo\/#article\",\"isPartOf\":{\"@id\":\"https:\/\/www.suno.com.br\/noticias\/saiba-melhores-faculdades-do-mundo\/\"},\"author\":{\"name\":\"Paulo Jaschke\",\"@id\":\"https:\/\/www.suno.com.br\/noticias\/#\/schema\/person\/edc78e26bff487bcad4a7d5e75ca2938\"},\"headline\":\"Saiba quais s\u00e3o as melhores faculdades do mundo segundo o mercado de trabalho\",\"datePublished\":\"2018-10-21T19:20:14+00:00\",\"dateModified\":\"2021-02-18T18:25:21+00:00\",\"mainEntityOfPage\":{\"@id\":\"https:\/\/www.suno.com.br\/noticias\/saiba-melhores-faculdades-do-mundo\/\"},\"wordCount\":326,\"publisher\":{\"@id\":\"https:\/\/www.suno.com.br\/noticias\/#organization\"},\"image\":{\"@id\":\"https:\/\/www.suno.com.br\/noticias\/saiba-melhores-faculdades-do-mundo\/#primaryimage\"},\"thumbnailUrl\":\"https:\/\/files.sunoresearch.com.br\/n\/uploads\/2018\/09\/cf4aef60-industrial-2816886_1920-jpg.webp\",\"articleSection\":[\"Neg\u00f3cios\"],\"inLanguage\":\"pt-BR\"},{\"@type\":\"WebPage\",\"@id\":\"https:\/\/www.suno.com.br\/noticias\/saiba-melhores-faculdades-do-mundo\/\",\"url\":\"https:\/\/www.suno.com.br\/noticias\/saiba-melhores-faculdades-do-mundo\/\",\"name\":\"Saiba quais s\u00e3o as melhores faculdades do mundo segundo o mercado de trabalho\",\"isPartOf\":{\"@id\":\"https:\/\/www.suno.com.br\/noticias\/#website\"},\"primaryImageOfPage\":{\"@id\":\"https:\/\/www.suno.com.br\/noticias\/saiba-melhores-faculdades-do-mundo\/#primaryimage\"},\"image\":{\"@id\":\"https:\/\/www.suno.com.br\/noticias\/saiba-melhores-faculdades-do-mundo\/#primaryimage\"},\"thumbnailUrl\":\"https:\/\/files.sunoresearch.com.br\/n\/uploads\/2018\/09\/cf4aef60-industrial-2816886_1920-jpg.webp\",\"datePublished\":\"2018-10-21T19:20:14+00:00\",\"dateModified\":\"2021-02-18T18:25:21+00:00\",\"breadcrumb\":{\"@id\":\"https:\/\/www.suno.com.br\/noticias\/saiba-melhores-faculdades-do-mundo\/#breadcrumb\"},\"inLanguage\":\"pt-BR\",\"potentialAction\":[{\"@type\":\"ReadAction\",\"target\":[\"https:\/\/www.suno.com.br\/noticias\/saiba-melhores-faculdades-do-mundo\/\"]}]},{\"@type\":\"ImageObject\",\"inLanguage\":\"pt-BR\",\"@id\":\"https:\/\/www.suno.com.br\/noticias\/saiba-melhores-faculdades-do-mundo\/#primaryimage\",\"url\":\"https:\/\/files.sunoresearch.com.br\/n\/uploads\/2018\/09\/cf4aef60-industrial-2816886_1920-jpg.webp\",\"contentUrl\":\"https:\/\/files.sunoresearch.com.br\/n\/uploads\/2018\/09\/cf4aef60-industrial-2816886_1920-jpg.webp\",\"width\":1920,\"height\":1276,\"caption\":\"Metade das empresas querem contratar mais em 2019\"},{\"@type\":\"BreadcrumbList\",\"@id\":\"https:\/\/www.suno.com.br\/noticias\/saiba-melhores-faculdades-do-mundo\/#breadcrumb\",\"itemListElement\":[{\"@type\":\"ListItem\",\"position\":1,\"name\":\"Not\u00edcias\",\"item\":\"https:\/\/www.suno.com.br\/noticias\/\"},{\"@type\":\"ListItem\",\"position\":2,\"name\":\"Neg\u00f3cios\",\"item\":\"https:\/\/www.suno.com.br\/noticias\/negocios\/\"},{\"@type\":\"ListItem\",\"position\":3,\"name\":\"Saiba quais s\u00e3o as melhores faculdades do mundo segundo o mercado de trabalho\"}]},{\"@type\":\"WebSite\",\"@id\":\"https:\/\/www.suno.com.br\/noticias\/#website\",\"url\":\"https:\/\/www.suno.com.br\/noticias\/\",\"name\":\"Suno Not\u00edcias\",\"description\":\"Seu portal de informa\u00e7\u00e3o sobre o mundo dos investimentos\",\"publisher\":{\"@id\":\"https:\/\/www.suno.com.br\/noticias\/#organization\"},\"potentialAction\":[{\"@type\":\"SearchAction\",\"target\":{\"@type\":\"EntryPoint\",\"urlTemplate\":\"https:\/\/www.suno.com.br\/noticias\/?s={search_term_string}\"},\"query-input\":{\"@type\":\"PropertyValueSpecification\",\"valueRequired\":true,\"valueName\":\"search_term_string\"}}],\"inLanguage\":\"pt-BR\"},{\"@type\":\"Organization\",\"@id\":\"https:\/\/www.suno.com.br\/noticias\/#organization\",\"name\":\"Suno Not\u00edcias\",\"url\":\"https:\/\/www.suno.com.br\/noticias\/\",\"logo\":{\"@type\":\"ImageObject\",\"inLanguage\":\"pt-BR\",\"@id\":\"https:\/\/www.suno.com.br\/noticias\/#\/schema\/logo\/image\/\",\"url\":\"https:\/\/files.sunoresearch.com.br\/n\/uploads\/2021\/09\/suno-logo.png\",\"contentUrl\":\"https:\/\/files.sunoresearch.com.br\/n\/uploads\/2021\/09\/suno-logo.png\",\"width\":180,\"height\":180,\"caption\":\"Suno Not\u00edcias\"},\"image\":{\"@id\":\"https:\/\/www.suno.com.br\/noticias\/#\/schema\/logo\/image\/\"},\"sameAs\":[\"https:\/\/facebook.com\/sunoresearch\",\"https:\/\/x.com\/sunoresearch\",\"https:\/\/www.instagram.com\/suno\",\"https:\/\/www.linkedin.com\/company\/suno-research\/\",\"https:\/\/www.youtube.com\/c\/sunoresearch\"]},{\"@type\":\"Person\",\"@id\":\"https:\/\/www.suno.com.br\/noticias\/#\/schema\/person\/edc78e26bff487bcad4a7d5e75ca2938\",\"name\":\"Paulo Jaschke\",\"image\":{\"@type\":\"ImageObject\",\"inLanguage\":\"pt-BR\",\"@id\":\"https:\/\/www.suno.com.br\/noticias\/#\/schema\/person\/image\/\",\"url\":\"https:\/\/secure.gravatar.com\/avatar\/d866ede420b0a0e4741620ba27841b8f?s=96&r=g\",\"contentUrl\":\"https:\/\/secure.gravatar.com\/avatar\/d866ede420b0a0e4741620ba27841b8f?s=96&r=g\",\"caption\":\"Paulo Jaschke\"},\"description\":\"Paulo Jaschke \u00e9 estudante de jornalismo na ESPM-SP. Escreve sobre o mercado financeiro, economia e pol\u00edtica internacional para o portal da Suno Research. Tamb\u00e9m escreve sobre economia internacional na ag\u00eancia CMA e \u00e9 rep\u00f3rter esportivo pela Web r\u00e1dio EsportesNet. Em 2018, foi rep\u00f3rter esportivo pela R\u00e1dio ESPM na Copa do Mundo 2018 e escreveu para a Revista Plural ESPM.\",\"sameAs\":[\"https:\/\/www.suno.com.br\/\",\"https:\/\/www.linkedin.com\/in\/paulo-jaschke-328221168\/\"],\"url\":\"https:\/\/www.suno.com.br\/noticias\/author\/paulo-jaschke\/\"}]}<\/script>\n<!-- \/ Yoast SEO plugin. -->","yoast_head_json":{"title":"Saiba quais s\u00e3o as melhores faculdades do mundo segundo o mercado de trabalho","robots":{"index":"index","follow":"follow","max-snippet":"max-snippet:-1","max-image-preview":"max-image-preview:large","max-video-preview":"max-video-preview:-1"},"canonical":"https:\/\/www.suno.com.br\/noticias\/saiba-melhores-faculdades-do-mundo\/","og_locale":"pt_BR","og_type":"article","og_title":"Saiba quais s\u00e3o as melhores faculdades do mundo segundo o mercado de trabalho","og_description":"Quando estamos no ensino m\u00e9dio se preparando para entrar na faculdade algumas perguntas nos surgem na cabe\u00e7a, por exemplo, se a institui\u00e7\u00e3o pretendida \u00e9 forte no mercado de trabalho. Metade das empresas querem contratar mais em 2019 Esta duvida foi respondida por uma pesquisa realizada pela empresa QS, que publica anualmente o Ranking Mundial de [&hellip;]","og_url":"https:\/\/www.suno.com.br\/noticias\/saiba-melhores-faculdades-do-mundo\/","og_site_name":"Suno Not\u00edcias","article_publisher":"https:\/\/facebook.com\/sunoresearch","article_author":"https:\/\/www.linkedin.com\/in\/paulo-jaschke-328221168\/","og_image":[{"width":1920,"height":1276,"url":"https:\/\/files.sunoresearch.com.br\/n\/uploads\/2018\/09\/cf4aef60-industrial-2816886_1920.jpg","type":"image\/jpeg"}],"author":"Paulo Jaschke","twitter_card":"summary_large_image","twitter_creator":"@sunoresearch","twitter_site":"@sunoresearch","twitter_misc":{"Escrito por":"Paulo Jaschke","Est. tempo de leitura":"2 minutos"},"schema":{"@context":"https:\/\/schema.org","@graph":[{"@type":"NewsArticle","@id":"https:\/\/www.suno.com.br\/noticias\/saiba-melhores-faculdades-do-mundo\/#article","isPartOf":{"@id":"https:\/\/www.suno.com.br\/noticias\/saiba-melhores-faculdades-do-mundo\/"},"author":{"name":"Paulo Jaschke","@id":"https:\/\/www.suno.com.br\/noticias\/#\/schema\/person\/edc78e26bff487bcad4a7d5e75ca2938"},"headline":"Saiba quais s\u00e3o as melhores faculdades do mundo segundo o mercado de trabalho","datePublished":"2018-10-21T19:20:14+00:00","dateModified":"2021-02-18T18:25:21+00:00","mainEntityOfPage":{"@id":"https:\/\/www.suno.com.br\/noticias\/saiba-melhores-faculdades-do-mundo\/"},"wordCount":326,"publisher":{"@id":"https:\/\/www.suno.com.br\/noticias\/#organization"},"image":{"@id":"https:\/\/www.suno.com.br\/noticias\/saiba-melhores-faculdades-do-mundo\/#primaryimage"},"thumbnailUrl":"https:\/\/files.sunoresearch.com.br\/n\/uploads\/2018\/09\/cf4aef60-industrial-2816886_1920-jpg.webp","articleSection":["Neg\u00f3cios"],"inLanguage":"pt-BR"},{"@type":"WebPage","@id":"https:\/\/www.suno.com.br\/noticias\/saiba-melhores-faculdades-do-mundo\/","url":"https:\/\/www.suno.com.br\/noticias\/saiba-melhores-faculdades-do-mundo\/","name":"Saiba quais s\u00e3o as melhores faculdades do mundo segundo o mercado de trabalho","isPartOf":{"@id":"https:\/\/www.suno.com.br\/noticias\/#website"},"primaryImageOfPage":{"@id":"https:\/\/www.suno.com.br\/noticias\/saiba-melhores-faculdades-do-mundo\/#primaryimage"},"image":{"@id":"https:\/\/www.suno.com.br\/noticias\/saiba-melhores-faculdades-do-mundo\/#primaryimage"},"thumbnailUrl":"https:\/\/files.sunoresearch.com.br\/n\/uploads\/2018\/09\/cf4aef60-industrial-2816886_1920-jpg.webp","datePublished":"2018-10-21T19:20:14+00:00","dateModified":"2021-02-18T18:25:21+00:00","breadcrumb":{"@id":"https:\/\/www.suno.com.br\/noticias\/saiba-melhores-faculdades-do-mundo\/#breadcrumb"},"inLanguage":"pt-BR","potentialAction":[{"@type":"ReadAction","target":["https:\/\/www.suno.com.br\/noticias\/saiba-melhores-faculdades-do-mundo\/"]}]},{"@type":"ImageObject","inLanguage":"pt-BR","@id":"https:\/\/www.suno.com.br\/noticias\/saiba-melhores-faculdades-do-mundo\/#primaryimage","url":"https:\/\/files.sunoresearch.com.br\/n\/uploads\/2018\/09\/cf4aef60-industrial-2816886_1920-jpg.webp","contentUrl":"https:\/\/files.sunoresearch.com.br\/n\/uploads\/2018\/09\/cf4aef60-industrial-2816886_1920-jpg.webp","width":1920,"height":1276,"caption":"Metade das empresas querem contratar mais em 2019"},{"@type":"BreadcrumbList","@id":"https:\/\/www.suno.com.br\/noticias\/saiba-melhores-faculdades-do-mundo\/#breadcrumb","itemListElement":[{"@type":"ListItem","position":1,"name":"Not\u00edcias","item":"https:\/\/www.suno.com.br\/noticias\/"},{"@type":"ListItem","position":2,"name":"Neg\u00f3cios","item":"https:\/\/www.suno.com.br\/noticias\/negocios\/"},{"@type":"ListItem","position":3,"name":"Saiba quais s\u00e3o as melhores faculdades do mundo segundo o mercado de trabalho"}]},{"@type":"WebSite","@id":"https:\/\/www.suno.com.br\/noticias\/#website","url":"https:\/\/www.suno.com.br\/noticias\/","name":"Suno Not\u00edcias","description":"Seu portal de informa\u00e7\u00e3o sobre o mundo dos investimentos","publisher":{"@id":"https:\/\/www.suno.com.br\/noticias\/#organization"},"potentialAction":[{"@type":"SearchAction","target":{"@type":"EntryPoint","urlTemplate":"https:\/\/www.suno.com.br\/noticias\/?s={search_term_string}"},"query-input":{"@type":"PropertyValueSpecification","valueRequired":true,"valueName":"search_term_string"}}],"inLanguage":"pt-BR"},{"@type":"Organization","@id":"https:\/\/www.suno.com.br\/noticias\/#organization","name":"Suno Not\u00edcias","url":"https:\/\/www.suno.com.br\/noticias\/","logo":{"@type":"ImageObject","inLanguage":"pt-BR","@id":"https:\/\/www.suno.com.br\/noticias\/#\/schema\/logo\/image\/","url":"https:\/\/files.sunoresearch.com.br\/n\/uploads\/2021\/09\/suno-logo.png","contentUrl":"https:\/\/files.sunoresearch.com.br\/n\/uploads\/2021\/09\/suno-logo.png","width":180,"height":180,"caption":"Suno Not\u00edcias"},"image":{"@id":"https:\/\/www.suno.com.br\/noticias\/#\/schema\/logo\/image\/"},"sameAs":["https:\/\/facebook.com\/sunoresearch","https:\/\/x.com\/sunoresearch","https:\/\/www.instagram.com\/suno","https:\/\/www.linkedin.com\/company\/suno-research\/","https:\/\/www.youtube.com\/c\/sunoresearch"]},{"@type":"Person","@id":"https:\/\/www.suno.com.br\/noticias\/#\/schema\/person\/edc78e26bff487bcad4a7d5e75ca2938","name":"Paulo Jaschke","image":{"@type":"ImageObject","inLanguage":"pt-BR","@id":"https:\/\/www.suno.com.br\/noticias\/#\/schema\/person\/image\/","url":"https:\/\/secure.gravatar.com\/avatar\/d866ede420b0a0e4741620ba27841b8f?s=96&r=g","contentUrl":"https:\/\/secure.gravatar.com\/avatar\/d866ede420b0a0e4741620ba27841b8f?s=96&r=g","caption":"Paulo Jaschke"},"description":"Paulo Jaschke \u00e9 estudante de jornalismo na ESPM-SP. Escreve sobre o mercado financeiro, economia e pol\u00edtica internacional para o portal da Suno Research. Tamb\u00e9m escreve sobre economia internacional na ag\u00eancia CMA e \u00e9 rep\u00f3rter esportivo pela Web r\u00e1dio EsportesNet. Em 2018, foi rep\u00f3rter esportivo pela R\u00e1dio ESPM na Copa do Mundo 2018 e escreveu para a Revista Plural ESPM.","sameAs":["https:\/\/www.suno.com.br\/","https:\/\/www.linkedin.com\/in\/paulo-jaschke-328221168\/"],"url":"https:\/\/www.suno.com.br\/noticias\/author\/paulo-jaschke\/"}]}},"default_loop_html":"<div class=\"cardsPage__listCard__boxs\"><div class=\"cardsPage__listCard__boxs__img\"><a href=\"https:\/\/www.suno.com.br\/noticias\/saiba-melhores-faculdades-do-mundo\/\"><img class=\"mask\" src=\"https:\/\/www.suno.com.br\/noticias\/wp-content\/themes\/suno\/resources\/images\/spotlight\/spotlight1img\/bg-mask.png\" alt=\"Image Mask\"\/><img src=\"https:\/\/files.sunoresearch.com.br\/n\/uploads\/2018\/09\/cf4aef60-industrial-2816886_1920-400x200.webp\" alt=\"Saiba quais s\u00e3o as melhores faculdades do mundo segundo o mercado de trabalho\"\/><\/a><span class=\"spotlightCategory\"><a href=\"https:\/\/www.suno.com.br\/noticias\/negocios\/\">Neg\u00f3cios<\/a><\/span><\/div><div class=\"cardsPage__listCard__boxs__content\"><a href=\"https:\/\/www.suno.com.br\/noticias\/saiba-melhores-faculdades-do-mundo\/\"><h2 class=\"content__title\">Saiba quais s\u00e3o as melhores faculdades do mundo segundo o mercado de trabalho<\/h2><\/a><div class=\"newsContent__article__meta\"><div class=\"newsContent__article__meta__authorBox\"><a href=\"https:\/\/www.suno.com.br\/noticias\/author\/paulo-jaschke\/\" class=\"authorBox__avatar noMobi\"><img src=\"https:\/\/secure.gravatar.com\/avatar\/d866ede420b0a0e4741620ba27841b8f?s=96&#038;r=g\" alt=\"Paulo Jaschke\"><\/a><div class=\"authorBox__name\"><span>por\n\t\t\t<a href=\"https:\/\/www.suno.com.br\/noticias\/author\/paulo-jaschke\/\"><span itemprop=\"author\">Paulo Jaschke<\/span><\/a><\/span><time datetime=\"2018-10-21T16:20:14-03:00\" itemprop=\"datePublished\">21\/10\/2018 16:20<\/time><\/div><\/div><\/div><\/div><\/div>","single_layout":"posts","amp_enabled":true,"_links":{"self":[{"href":"https:\/\/www.suno.com.br\/noticias\/wp-json\/wp\/v2\/posts\/3992"}],"collection":[{"href":"https:\/\/www.suno.com.br\/noticias\/wp-json\/wp\/v2\/posts"}],"about":[{"href":"https:\/\/www.suno.com.br\/noticias\/wp-json\/wp\/v2\/types\/post"}],"author":[{"embeddable":true,"href":"https:\/\/www.suno.com.br\/noticias\/wp-json\/wp\/v2\/users\/6"}],"replies":[{"embeddable":true,"href":"https:\/\/www.suno.com.br\/noticias\/wp-json\/wp\/v2\/comments?post=3992"}],"version-history":[{"count":0,"href":"https:\/\/www.suno.com.br\/noticias\/wp-json\/wp\/v2\/posts\/3992\/revisions"}],"wp:featuredmedia":[{"embeddable":true,"href":"https:\/\/www.suno.com.br\/noticias\/wp-json\/wp\/v2\/media\/3994"}],"wp:attachment":[{"href":"https:\/\/www.suno.com.br\/noticias\/wp-json\/wp\/v2\/media?parent=3992"}],"wp:term":[{"taxonomy":"category","embeddable":true,"href":"https:\/\/www.suno.com.br\/noticias\/wp-json\/wp\/v2\/categories?post=3992"},{"taxonomy":"post_tag","embeddable":true,"href":"https:\/\/www.suno.com.br\/noticias\/wp-json\/wp\/v2\/tags?post=3992"},{"taxonomy":"suno_strategy","embeddable":true,"href":"https:\/\/www.suno.com.br\/noticias\/wp-json\/wp\/v2\/suno_strategy?post=3992"}],"curies":[{"name":"wp","href":"https:\/\/api.w.org\/{rel}","templated":true}]}}