{"id":39880,"date":"2019-10-04T10:53:44","date_gmt":"2019-10-04T13:53:44","guid":{"rendered":"https:\/\/www.suno.com.br\/noticias\/?p=39880"},"modified":"2019-10-04T10:53:44","modified_gmt":"2019-10-04T13:53:44","slug":"ibovespa-proximo-estabilidade-eua-desemprego","status":"publish","type":"post","link":"https:\/\/www.suno.com.br\/noticias\/ibovespa-proximo-estabilidade-eua-desemprego\/","title":{"rendered":"Ibovespa opera pr\u00f3ximo a estabilidade com dados do desemprego dos EUA"},"content":{"rendered":"<p>O Ibovespa, nesta sexta-feira (4), opera pr\u00f3ximo a estabilidade entre perdas e ganhos.<\/p>\t<div class=\"wrapper-featured-image\">\n\t\t<figure class=\"spotlightImg\">\n\n\t\t\t<picture>\n\t\t\t\t<source media=\"(max-width: 768px)\" srcset=\"https:\/\/files.sunoresearch.com.br\/n\/uploads\/2018\/09\/f109fe50-noticias-mercado-400x200.webp\">\n\t\t\t\t<img loading=\"lazy\" decoding=\"async\" class=\"newsContent__article__imgCapa lazyloadDisabled newsContent__article__imgCapa--noCaption\" src=\"https:\/\/files.sunoresearch.com.br\/n\/uploads\/2018\/09\/f109fe50-noticias-mercado-800x450.webp\" width=\"800\" height=\"450\" alt=\"Ibovespa opera pr\u00f3ximo a estabilidade com dados do desemprego dos EUA\" fetchpriority=high \/>\n\t\t\t<\/picture>\n\n\t\t\t<figcaption class=\"wp-caption-text wp-caption-text--hide\">Tesouro Direto suspende negocia\u00e7\u00f5es por tempo indeterminado<\/figcaption>\n\t\t<\/figure>\n\t<\/div>\n\n\n\n<p>Por volta das 10h40, o <strong><a href=\"https:\/\/www.suno.com.br\/artigos\/ibovespa\/\">Ibovespa<\/a><\/strong> registrava uma leve varia\u00e7\u00e3o negativa de -0,06% alcan\u00e7ando 101.453,62. O\u00a0mercado financeiro reage aos dados do desemprego da maior economia do mundo.<\/p>\n<p>Al\u00e9m disso, segue no radar dos <a href=\"https:\/\/www.suno.com.br\/artigos\/todo-investidor-deveria-imprimir-este-artigo-e-pendurar-na-parede-parte-1\/\">investidores<\/a>, o discurso do presidente do FED que acontecer\u00e1 nesta sexta \u00e0s 15h, e a Caixa Econ\u00f4mica que pediu a Justi\u00e7a fal\u00eancia da Odebrecht.<\/p>\n<h2>Dados empregat\u00edcios dos EUA<\/h2>\n<p>Nesta sexta-feira, o mercado est\u00e1 reagindo aos dados do desemprego da maior economia do mundo.<\/p>\n<p>De acordo com os dados divulgados pelo Departamento do Trabalho, os Estados Unidos criaram 136 mil novas vagas de emprego. A expectativa dos analistas consultados pela &#8220;Bloomberg&#8221; \u00e9 de que a taxa do desemprego ficasse em 3,7%, a manuten\u00e7\u00e3o ficou em 3,5%.<\/p>\n<p><a href=\"\/\/www.suno.com.br\/noticias\/dolar-queda-fed-guerra-comercial-teles-04102019\/\">Confira Tamb\u00e9m: D\u00f3lar abre em queda com a possibilidade de desacelera\u00e7\u00e3o norte-americana<\/a><\/p>\n<p>Os analistas estimavam um acr\u00e9scimo de 145 mil empregos, desse modo, os dados ficaram abaixo da mediana da proje\u00e7\u00e3o dos especialistas.<\/p>\n<h2>Possibilidade de corte nas taxas juros<\/h2>\n<p>Os mercados internacionais est\u00e3o atentos \u00e0 fala de <a href=\"https:\/\/www.suno.com.br\/tudo-sobre\/jerome-powell\/\">Jerome Powell<\/a>, presidente do <strong><a href=\"https:\/\/www.suno.com.br\/artigos\/fed\/\">Federal Reserva (Fed)<\/a><\/strong> na tarde desta sexta, \u00e0s 15h.<\/p>\n\t<p>\n\t\t<a href=\"https:\/\/lp.suno.com.br\/minicurso-valuation\/\" target=\"_blank\" data-element=\"shortcode-suno-banner\" title=\"Banner SUNO, clique e saiba mais\">\n\t\t\t<picture>\n\t\t\t\t<source media=\"(max-width: 500px)\" srcset=\"https:\/\/files.sunoresearch.com.br\/n\/uploads\/2023\/03\/400x300-Minicurso-Valuation.png\">\n\t\t\t\t<img class=\"newsContent__article__imgCapa newsContent__article__imgCapa--banner\"\n\t\t\t\t\tsrc=\"https:\/\/files.sunoresearch.com.br\/n\/uploads\/2023\/03\/1420x240-Minicurso-Valuation.png\"\n\t\t\t\t\tdata-promo-id=\"383160\"\t\t\t\t\t\t\t\t\t\twidth='1420' height='240'\t\t\t\t\talt=\"https:\/\/files.sunoresearch.com.br\/n\/uploads\/2023\/03\/1420x240-Minicurso-Valuation.png\"\n\t\t\t\t>\n\t\t\t<\/picture>\n\t\t<\/a>\n\t<\/p>\n\n\n<p>A CNBC afirma que existe 90% de chance do Fed reduzir em mais 25 pontos base a taxa de juros b\u00e1sica dos EUA ainda neste m\u00eas, em decorr\u00eancia das tens\u00f5es econ\u00f4micas com a <strong>China<\/strong>.<\/p>\n<h2>Caixa Pede que Justi\u00e7a decrete fal\u00eancia da Odebrecht<\/h2>\n<p>Na \u00faltima quinta-feira (3), a <strong>Caixa Econ\u00f4mica Federal<\/strong> pediu, em documento judicial, a fal\u00eancia da gigante de constru\u00e7\u00f5es Odebrecht.<\/p>\n<p>Segundo a ag\u00eancia &#8220;Reuters&#8221;, a <strong>Caixa<\/strong> quer tamb\u00e9m que o juiz permita aos credores a nomea\u00e7\u00e3o de novos administradores para a <strong>Odebrecht<\/strong> e suas subsidi\u00e1rias em uma assembleia.<\/p>\n<p><a href=\"\/\/www.suno.com.br\/noticias\/agenda-do-dia-odebrecht-vivara-oi-lei-das-teles-btg\/\">Confira Tamb\u00e9m: Agenda do Dia: Odebrecht; Vivara; Oi; lei das Teles; BTG Pactual; Banco do Brasil<\/a><\/p>\n<p>O <strong>Banco do Brasil<\/strong> pediu \u00e0 Justi\u00e7a a anula\u00e7\u00e3o do plano de recupera\u00e7\u00e3o judicial da Odebrecht, obrigando a empresa baiana a apresentar uma nova oferta aos credores. A informa\u00e7\u00e3o foi noticiada pelo jornal &#8220;Folha de S. Paulo&#8221;.<\/p>\n<p>O Banco do Brasil \u00e9 o segundo banco estatal n\u00e3o favor\u00e1vel ao projeto da <strong>Odebrecht,<\/strong>que \u00e9 uma das mais envolvidas nos esc\u00e2ndalos de corrup\u00e7\u00e3o citados na Opera\u00e7\u00e3o Lava Jato.<\/p>\n<h2>\u00daltima cota\u00e7\u00e3o do Ibovespa<\/h2>\n<p>Na \u00faltima sess\u00e3o, quinta-feira, o <strong>Ibovespa<\/strong> encerrou em alta de 0,48% a 101.516,39 pontos.<\/p>\n","protected":false},"excerpt":{"rendered":"<p>O Ibovespa, nesta sexta-feira (4), opera pr\u00f3ximo a estabilidade entre perdas e ganhos. Tesouro Direto suspende negocia\u00e7\u00f5es por tempo indeterminado Por volta das 10h40, o Ibovespa registrava uma leve varia\u00e7\u00e3o negativa de -0,06% alcan\u00e7ando 101.453,62. O\u00a0mercado financeiro reage aos dados do desemprego da maior economia do mundo. Al\u00e9m disso, segue no radar dos investidores, o [&hellip;]<\/p>\n","protected":false},"author":15,"featured_media":3425,"comment_status":"closed","ping_status":"closed","sticky":false,"template":"","format":"standard","meta":[],"categories":[60],"tags":[793,776,783],"suno_strategy":[],"class_list":["post-39880","post","type-post","status-publish","format-standard","has-post-thumbnail","hentry","category-mercado","tag-estados-unidos-eua","tag-federal-reseve-fed","tag-odebrecht"],"yoast_head":"<!-- This site is optimized with the Yoast SEO plugin v24.4 - https:\/\/yoast.com\/wordpress\/plugins\/seo\/ -->\n<title>Ibovespa opera est\u00e1vel com dados do desemprego dos EUA<\/title>\n<meta name=\"description\" content=\"Por volta das 10h40, o Ibovespa registrava uma leve varia\u00e7\u00e3o negativa de -0,06% alcan\u00e7ando 101.453,62. Clique aqui e saiba mais\" \/>\n<meta name=\"robots\" content=\"index, follow, max-snippet:-1, max-image-preview:large, max-video-preview:-1\" \/>\n<link rel=\"canonical\" href=\"https:\/\/www.suno.com.br\/noticias\/ibovespa-proximo-estabilidade-eua-desemprego\/\" \/>\n<meta property=\"og:locale\" content=\"pt_BR\" \/>\n<meta property=\"og:type\" content=\"article\" \/>\n<meta property=\"og:title\" content=\"Ibovespa opera est\u00e1vel com dados do desemprego dos EUA\" \/>\n<meta property=\"og:description\" content=\"Por volta das 10h40, o Ibovespa registrava uma leve varia\u00e7\u00e3o negativa de -0,06% alcan\u00e7ando 101.453,62. Clique aqui e saiba mais\" \/>\n<meta property=\"og:url\" content=\"https:\/\/www.suno.com.br\/noticias\/ibovespa-proximo-estabilidade-eua-desemprego\/\" \/>\n<meta property=\"og:site_name\" content=\"Suno Not\u00edcias\" \/>\n<meta property=\"article:publisher\" content=\"https:\/\/facebook.com\/sunoresearch\" \/>\n<meta property=\"og:image\" content=\"https:\/\/files.sunoresearch.com.br\/n\/uploads\/2018\/09\/f109fe50-noticias-mercado.jpg\" \/>\n\t<meta property=\"og:image:width\" content=\"1920\" \/>\n\t<meta property=\"og:image:height\" content=\"1280\" \/>\n\t<meta property=\"og:image:type\" content=\"image\/jpeg\" \/>\n<meta name=\"author\" content=\"Poliana Santos\" \/>\n<meta name=\"twitter:card\" content=\"summary_large_image\" \/>\n<meta name=\"twitter:creator\" content=\"@sunoresearch\" \/>\n<meta name=\"twitter:site\" content=\"@sunoresearch\" \/>\n<meta name=\"twitter:label1\" content=\"Escrito por\" \/>\n\t<meta name=\"twitter:data1\" content=\"Poliana Santos\" \/>\n\t<meta name=\"twitter:label2\" content=\"Est. tempo de leitura\" \/>\n\t<meta name=\"twitter:data2\" content=\"2 minutos\" \/>\n<script type=\"application\/ld+json\" class=\"yoast-schema-graph\">{\"@context\":\"https:\/\/schema.org\",\"@graph\":[{\"@type\":\"NewsArticle\",\"@id\":\"https:\/\/www.suno.com.br\/noticias\/ibovespa-proximo-estabilidade-eua-desemprego\/#article\",\"isPartOf\":{\"@id\":\"https:\/\/www.suno.com.br\/noticias\/ibovespa-proximo-estabilidade-eua-desemprego\/\"},\"author\":{\"name\":\"Poliana Santos\",\"@id\":\"https:\/\/www.suno.com.br\/noticias\/#\/schema\/person\/02ec1f752758247878a2bf4abee1aeda\"},\"headline\":\"Ibovespa opera pr\u00f3ximo a estabilidade com dados do desemprego dos EUA\",\"datePublished\":\"2019-10-04T13:53:44+00:00\",\"mainEntityOfPage\":{\"@id\":\"https:\/\/www.suno.com.br\/noticias\/ibovespa-proximo-estabilidade-eua-desemprego\/\"},\"wordCount\":424,\"publisher\":{\"@id\":\"https:\/\/www.suno.com.br\/noticias\/#organization\"},\"image\":{\"@id\":\"https:\/\/www.suno.com.br\/noticias\/ibovespa-proximo-estabilidade-eua-desemprego\/#primaryimage\"},\"thumbnailUrl\":\"https:\/\/files.sunoresearch.com.br\/n\/uploads\/2018\/09\/f109fe50-noticias-mercado-jpg.webp\",\"keywords\":[\"Estados Unidos (EUA)\",\"Federal Reserve (FED)\",\"Odebrecht\"],\"articleSection\":[\"Mercado\"],\"inLanguage\":\"pt-BR\"},{\"@type\":\"WebPage\",\"@id\":\"https:\/\/www.suno.com.br\/noticias\/ibovespa-proximo-estabilidade-eua-desemprego\/\",\"url\":\"https:\/\/www.suno.com.br\/noticias\/ibovespa-proximo-estabilidade-eua-desemprego\/\",\"name\":\"Ibovespa opera est\u00e1vel com dados do desemprego dos EUA\",\"isPartOf\":{\"@id\":\"https:\/\/www.suno.com.br\/noticias\/#website\"},\"primaryImageOfPage\":{\"@id\":\"https:\/\/www.suno.com.br\/noticias\/ibovespa-proximo-estabilidade-eua-desemprego\/#primaryimage\"},\"image\":{\"@id\":\"https:\/\/www.suno.com.br\/noticias\/ibovespa-proximo-estabilidade-eua-desemprego\/#primaryimage\"},\"thumbnailUrl\":\"https:\/\/files.sunoresearch.com.br\/n\/uploads\/2018\/09\/f109fe50-noticias-mercado-jpg.webp\",\"datePublished\":\"2019-10-04T13:53:44+00:00\",\"description\":\"Por volta das 10h40, o Ibovespa registrava uma leve varia\u00e7\u00e3o negativa de -0,06% alcan\u00e7ando 101.453,62. Clique aqui e saiba mais\",\"breadcrumb\":{\"@id\":\"https:\/\/www.suno.com.br\/noticias\/ibovespa-proximo-estabilidade-eua-desemprego\/#breadcrumb\"},\"inLanguage\":\"pt-BR\",\"potentialAction\":[{\"@type\":\"ReadAction\",\"target\":[\"https:\/\/www.suno.com.br\/noticias\/ibovespa-proximo-estabilidade-eua-desemprego\/\"]}]},{\"@type\":\"ImageObject\",\"inLanguage\":\"pt-BR\",\"@id\":\"https:\/\/www.suno.com.br\/noticias\/ibovespa-proximo-estabilidade-eua-desemprego\/#primaryimage\",\"url\":\"https:\/\/files.sunoresearch.com.br\/n\/uploads\/2018\/09\/f109fe50-noticias-mercado-jpg.webp\",\"contentUrl\":\"https:\/\/files.sunoresearch.com.br\/n\/uploads\/2018\/09\/f109fe50-noticias-mercado-jpg.webp\",\"width\":1920,\"height\":1280,\"caption\":\"Tesouro Direto suspende negocia\u00e7\u00f5es por tempo indeterminado\"},{\"@type\":\"BreadcrumbList\",\"@id\":\"https:\/\/www.suno.com.br\/noticias\/ibovespa-proximo-estabilidade-eua-desemprego\/#breadcrumb\",\"itemListElement\":[{\"@type\":\"ListItem\",\"position\":1,\"name\":\"Not\u00edcias\",\"item\":\"https:\/\/www.suno.com.br\/noticias\/\"},{\"@type\":\"ListItem\",\"position\":2,\"name\":\"Mercado\",\"item\":\"https:\/\/www.suno.com.br\/noticias\/mercado\/\"},{\"@type\":\"ListItem\",\"position\":3,\"name\":\"Ibovespa opera pr\u00f3ximo a estabilidade com dados do desemprego dos EUA\"}]},{\"@type\":\"WebSite\",\"@id\":\"https:\/\/www.suno.com.br\/noticias\/#website\",\"url\":\"https:\/\/www.suno.com.br\/noticias\/\",\"name\":\"Suno Not\u00edcias\",\"description\":\"Seu portal de informa\u00e7\u00e3o sobre o mundo dos investimentos\",\"publisher\":{\"@id\":\"https:\/\/www.suno.com.br\/noticias\/#organization\"},\"potentialAction\":[{\"@type\":\"SearchAction\",\"target\":{\"@type\":\"EntryPoint\",\"urlTemplate\":\"https:\/\/www.suno.com.br\/noticias\/?s={search_term_string}\"},\"query-input\":{\"@type\":\"PropertyValueSpecification\",\"valueRequired\":true,\"valueName\":\"search_term_string\"}}],\"inLanguage\":\"pt-BR\"},{\"@type\":\"Organization\",\"@id\":\"https:\/\/www.suno.com.br\/noticias\/#organization\",\"name\":\"Suno Not\u00edcias\",\"url\":\"https:\/\/www.suno.com.br\/noticias\/\",\"logo\":{\"@type\":\"ImageObject\",\"inLanguage\":\"pt-BR\",\"@id\":\"https:\/\/www.suno.com.br\/noticias\/#\/schema\/logo\/image\/\",\"url\":\"https:\/\/files.sunoresearch.com.br\/n\/uploads\/2021\/09\/suno-logo.png\",\"contentUrl\":\"https:\/\/files.sunoresearch.com.br\/n\/uploads\/2021\/09\/suno-logo.png\",\"width\":180,\"height\":180,\"caption\":\"Suno Not\u00edcias\"},\"image\":{\"@id\":\"https:\/\/www.suno.com.br\/noticias\/#\/schema\/logo\/image\/\"},\"sameAs\":[\"https:\/\/facebook.com\/sunoresearch\",\"https:\/\/x.com\/sunoresearch\",\"https:\/\/www.instagram.com\/suno\",\"https:\/\/www.linkedin.com\/company\/suno-research\/\",\"https:\/\/www.youtube.com\/c\/sunoresearch\"]},{\"@type\":\"Person\",\"@id\":\"https:\/\/www.suno.com.br\/noticias\/#\/schema\/person\/02ec1f752758247878a2bf4abee1aeda\",\"name\":\"Poliana Santos\",\"image\":{\"@type\":\"ImageObject\",\"inLanguage\":\"pt-BR\",\"@id\":\"https:\/\/www.suno.com.br\/noticias\/#\/schema\/person\/image\/\",\"url\":\"https:\/\/secure.gravatar.com\/avatar\/0645bd32f23d87b2130f2b2dff1d3f8d?s=96&r=g\",\"contentUrl\":\"https:\/\/secure.gravatar.com\/avatar\/0645bd32f23d87b2130f2b2dff1d3f8d?s=96&r=g\",\"caption\":\"Poliana Santos\"},\"description\":\"Rep\u00f3rter no Suno Not\u00edcias, com cobertura em mercado financeiro, economia, finan\u00e7as pessoais, renda fixa e varejo. Jornalista formada pela Faculdade C\u00e1sper L\u00edbero e possui passagem na R\u00e1dio Gazeta AM com a produ\u00e7\u00e3o de conte\u00fado sobre economia, pol\u00edtica, sa\u00fade, moda e m\u00fasica. Possui certificado de conclus\u00e3o do curso de An\u00e1lise de Balan\u00e7os pela Funda\u00e7\u00e3o Bradesco, Agenda Brasil pela FAAP, Educa\u00e7\u00e3o Pol\u00edtica por Alexandre Garcia e do Tesouro Direto e Mercado de A\u00e7\u00f5es pela B3.\",\"url\":\"https:\/\/www.suno.com.br\/noticias\/author\/poliana-santos\/\"}]}<\/script>\n<!-- \/ Yoast SEO plugin. -->","yoast_head_json":{"title":"Ibovespa opera est\u00e1vel com dados do desemprego dos EUA","description":"Por volta das 10h40, o Ibovespa registrava uma leve varia\u00e7\u00e3o negativa de -0,06% alcan\u00e7ando 101.453,62. Clique aqui e saiba mais","robots":{"index":"index","follow":"follow","max-snippet":"max-snippet:-1","max-image-preview":"max-image-preview:large","max-video-preview":"max-video-preview:-1"},"canonical":"https:\/\/www.suno.com.br\/noticias\/ibovespa-proximo-estabilidade-eua-desemprego\/","og_locale":"pt_BR","og_type":"article","og_title":"Ibovespa opera est\u00e1vel com dados do desemprego dos EUA","og_description":"Por volta das 10h40, o Ibovespa registrava uma leve varia\u00e7\u00e3o negativa de -0,06% alcan\u00e7ando 101.453,62. Clique aqui e saiba mais","og_url":"https:\/\/www.suno.com.br\/noticias\/ibovespa-proximo-estabilidade-eua-desemprego\/","og_site_name":"Suno Not\u00edcias","article_publisher":"https:\/\/facebook.com\/sunoresearch","og_image":[{"width":1920,"height":1280,"url":"https:\/\/files.sunoresearch.com.br\/n\/uploads\/2018\/09\/f109fe50-noticias-mercado.jpg","type":"image\/jpeg"}],"author":"Poliana Santos","twitter_card":"summary_large_image","twitter_creator":"@sunoresearch","twitter_site":"@sunoresearch","twitter_misc":{"Escrito por":"Poliana Santos","Est. tempo de leitura":"2 minutos"},"schema":{"@context":"https:\/\/schema.org","@graph":[{"@type":"NewsArticle","@id":"https:\/\/www.suno.com.br\/noticias\/ibovespa-proximo-estabilidade-eua-desemprego\/#article","isPartOf":{"@id":"https:\/\/www.suno.com.br\/noticias\/ibovespa-proximo-estabilidade-eua-desemprego\/"},"author":{"name":"Poliana Santos","@id":"https:\/\/www.suno.com.br\/noticias\/#\/schema\/person\/02ec1f752758247878a2bf4abee1aeda"},"headline":"Ibovespa opera pr\u00f3ximo a estabilidade com dados do desemprego dos EUA","datePublished":"2019-10-04T13:53:44+00:00","mainEntityOfPage":{"@id":"https:\/\/www.suno.com.br\/noticias\/ibovespa-proximo-estabilidade-eua-desemprego\/"},"wordCount":424,"publisher":{"@id":"https:\/\/www.suno.com.br\/noticias\/#organization"},"image":{"@id":"https:\/\/www.suno.com.br\/noticias\/ibovespa-proximo-estabilidade-eua-desemprego\/#primaryimage"},"thumbnailUrl":"https:\/\/files.sunoresearch.com.br\/n\/uploads\/2018\/09\/f109fe50-noticias-mercado-jpg.webp","keywords":["Estados Unidos (EUA)","Federal Reserve (FED)","Odebrecht"],"articleSection":["Mercado"],"inLanguage":"pt-BR"},{"@type":"WebPage","@id":"https:\/\/www.suno.com.br\/noticias\/ibovespa-proximo-estabilidade-eua-desemprego\/","url":"https:\/\/www.suno.com.br\/noticias\/ibovespa-proximo-estabilidade-eua-desemprego\/","name":"Ibovespa opera est\u00e1vel com dados do desemprego dos EUA","isPartOf":{"@id":"https:\/\/www.suno.com.br\/noticias\/#website"},"primaryImageOfPage":{"@id":"https:\/\/www.suno.com.br\/noticias\/ibovespa-proximo-estabilidade-eua-desemprego\/#primaryimage"},"image":{"@id":"https:\/\/www.suno.com.br\/noticias\/ibovespa-proximo-estabilidade-eua-desemprego\/#primaryimage"},"thumbnailUrl":"https:\/\/files.sunoresearch.com.br\/n\/uploads\/2018\/09\/f109fe50-noticias-mercado-jpg.webp","datePublished":"2019-10-04T13:53:44+00:00","description":"Por volta das 10h40, o Ibovespa registrava uma leve varia\u00e7\u00e3o negativa de -0,06% alcan\u00e7ando 101.453,62. Clique aqui e saiba mais","breadcrumb":{"@id":"https:\/\/www.suno.com.br\/noticias\/ibovespa-proximo-estabilidade-eua-desemprego\/#breadcrumb"},"inLanguage":"pt-BR","potentialAction":[{"@type":"ReadAction","target":["https:\/\/www.suno.com.br\/noticias\/ibovespa-proximo-estabilidade-eua-desemprego\/"]}]},{"@type":"ImageObject","inLanguage":"pt-BR","@id":"https:\/\/www.suno.com.br\/noticias\/ibovespa-proximo-estabilidade-eua-desemprego\/#primaryimage","url":"https:\/\/files.sunoresearch.com.br\/n\/uploads\/2018\/09\/f109fe50-noticias-mercado-jpg.webp","contentUrl":"https:\/\/files.sunoresearch.com.br\/n\/uploads\/2018\/09\/f109fe50-noticias-mercado-jpg.webp","width":1920,"height":1280,"caption":"Tesouro Direto suspende negocia\u00e7\u00f5es por tempo indeterminado"},{"@type":"BreadcrumbList","@id":"https:\/\/www.suno.com.br\/noticias\/ibovespa-proximo-estabilidade-eua-desemprego\/#breadcrumb","itemListElement":[{"@type":"ListItem","position":1,"name":"Not\u00edcias","item":"https:\/\/www.suno.com.br\/noticias\/"},{"@type":"ListItem","position":2,"name":"Mercado","item":"https:\/\/www.suno.com.br\/noticias\/mercado\/"},{"@type":"ListItem","position":3,"name":"Ibovespa opera pr\u00f3ximo a estabilidade com dados do desemprego dos EUA"}]},{"@type":"WebSite","@id":"https:\/\/www.suno.com.br\/noticias\/#website","url":"https:\/\/www.suno.com.br\/noticias\/","name":"Suno Not\u00edcias","description":"Seu portal de informa\u00e7\u00e3o sobre o mundo dos investimentos","publisher":{"@id":"https:\/\/www.suno.com.br\/noticias\/#organization"},"potentialAction":[{"@type":"SearchAction","target":{"@type":"EntryPoint","urlTemplate":"https:\/\/www.suno.com.br\/noticias\/?s={search_term_string}"},"query-input":{"@type":"PropertyValueSpecification","valueRequired":true,"valueName":"search_term_string"}}],"inLanguage":"pt-BR"},{"@type":"Organization","@id":"https:\/\/www.suno.com.br\/noticias\/#organization","name":"Suno Not\u00edcias","url":"https:\/\/www.suno.com.br\/noticias\/","logo":{"@type":"ImageObject","inLanguage":"pt-BR","@id":"https:\/\/www.suno.com.br\/noticias\/#\/schema\/logo\/image\/","url":"https:\/\/files.sunoresearch.com.br\/n\/uploads\/2021\/09\/suno-logo.png","contentUrl":"https:\/\/files.sunoresearch.com.br\/n\/uploads\/2021\/09\/suno-logo.png","width":180,"height":180,"caption":"Suno Not\u00edcias"},"image":{"@id":"https:\/\/www.suno.com.br\/noticias\/#\/schema\/logo\/image\/"},"sameAs":["https:\/\/facebook.com\/sunoresearch","https:\/\/x.com\/sunoresearch","https:\/\/www.instagram.com\/suno","https:\/\/www.linkedin.com\/company\/suno-research\/","https:\/\/www.youtube.com\/c\/sunoresearch"]},{"@type":"Person","@id":"https:\/\/www.suno.com.br\/noticias\/#\/schema\/person\/02ec1f752758247878a2bf4abee1aeda","name":"Poliana Santos","image":{"@type":"ImageObject","inLanguage":"pt-BR","@id":"https:\/\/www.suno.com.br\/noticias\/#\/schema\/person\/image\/","url":"https:\/\/secure.gravatar.com\/avatar\/0645bd32f23d87b2130f2b2dff1d3f8d?s=96&r=g","contentUrl":"https:\/\/secure.gravatar.com\/avatar\/0645bd32f23d87b2130f2b2dff1d3f8d?s=96&r=g","caption":"Poliana Santos"},"description":"Rep\u00f3rter no Suno Not\u00edcias, com cobertura em mercado financeiro, economia, finan\u00e7as pessoais, renda fixa e varejo. Jornalista formada pela Faculdade C\u00e1sper L\u00edbero e possui passagem na R\u00e1dio Gazeta AM com a produ\u00e7\u00e3o de conte\u00fado sobre economia, pol\u00edtica, sa\u00fade, moda e m\u00fasica. Possui certificado de conclus\u00e3o do curso de An\u00e1lise de Balan\u00e7os pela Funda\u00e7\u00e3o Bradesco, Agenda Brasil pela FAAP, Educa\u00e7\u00e3o Pol\u00edtica por Alexandre Garcia e do Tesouro Direto e Mercado de A\u00e7\u00f5es pela B3.","url":"https:\/\/www.suno.com.br\/noticias\/author\/poliana-santos\/"}]}},"default_loop_html":"<div class=\"cardsPage__listCard__boxs\"><div class=\"cardsPage__listCard__boxs__img\"><a href=\"https:\/\/www.suno.com.br\/noticias\/ibovespa-proximo-estabilidade-eua-desemprego\/\"><img class=\"mask\" src=\"https:\/\/www.suno.com.br\/noticias\/wp-content\/themes\/suno\/resources\/images\/spotlight\/spotlight1img\/bg-mask.png\" alt=\"Image Mask\"\/><img src=\"https:\/\/files.sunoresearch.com.br\/n\/uploads\/2018\/09\/f109fe50-noticias-mercado-400x200.webp\" alt=\"Ibovespa opera pr\u00f3ximo a estabilidade com dados do desemprego dos EUA\"\/><\/a><span class=\"spotlightCategory\"><a href=\"https:\/\/www.suno.com.br\/noticias\/mercado\/\">Mercado<\/a><\/span><\/div><div class=\"cardsPage__listCard__boxs__content\"><a href=\"https:\/\/www.suno.com.br\/noticias\/ibovespa-proximo-estabilidade-eua-desemprego\/\"><h2 class=\"content__title\">Ibovespa opera pr\u00f3ximo a estabilidade com dados do desemprego dos EUA<\/h2><\/a><div class=\"newsContent__article__meta\"><div class=\"newsContent__article__meta__authorBox\"><a href=\"https:\/\/www.suno.com.br\/noticias\/author\/poliana-santos\/\" class=\"authorBox__avatar noMobi\"><img src=\"https:\/\/files.sunoresearch.com.br\/n\/uploads\/2020\/08\/7ef34026-whatsapp-image-2020-08-03-at-12.37.57-150x150.webp\" alt=\"Poliana Santos\"><\/a><div class=\"authorBox__name\"><span>por\n\t\t\t<a href=\"https:\/\/www.suno.com.br\/noticias\/author\/poliana-santos\/\"><span itemprop=\"author\">Poliana Santos<\/span><\/a><\/span><time datetime=\"2019-10-04T10:53:44-03:00\" itemprop=\"datePublished\">04\/10\/2019 10:53<\/time><\/div><\/div><\/div><\/div><\/div>","single_layout":"posts","amp_enabled":true,"_links":{"self":[{"href":"https:\/\/www.suno.com.br\/noticias\/wp-json\/wp\/v2\/posts\/39880"}],"collection":[{"href":"https:\/\/www.suno.com.br\/noticias\/wp-json\/wp\/v2\/posts"}],"about":[{"href":"https:\/\/www.suno.com.br\/noticias\/wp-json\/wp\/v2\/types\/post"}],"author":[{"embeddable":true,"href":"https:\/\/www.suno.com.br\/noticias\/wp-json\/wp\/v2\/users\/15"}],"replies":[{"embeddable":true,"href":"https:\/\/www.suno.com.br\/noticias\/wp-json\/wp\/v2\/comments?post=39880"}],"version-history":[{"count":0,"href":"https:\/\/www.suno.com.br\/noticias\/wp-json\/wp\/v2\/posts\/39880\/revisions"}],"wp:featuredmedia":[{"embeddable":true,"href":"https:\/\/www.suno.com.br\/noticias\/wp-json\/wp\/v2\/media\/3425"}],"wp:attachment":[{"href":"https:\/\/www.suno.com.br\/noticias\/wp-json\/wp\/v2\/media?parent=39880"}],"wp:term":[{"taxonomy":"category","embeddable":true,"href":"https:\/\/www.suno.com.br\/noticias\/wp-json\/wp\/v2\/categories?post=39880"},{"taxonomy":"post_tag","embeddable":true,"href":"https:\/\/www.suno.com.br\/noticias\/wp-json\/wp\/v2\/tags?post=39880"},{"taxonomy":"suno_strategy","embeddable":true,"href":"https:\/\/www.suno.com.br\/noticias\/wp-json\/wp\/v2\/suno_strategy?post=39880"}],"curies":[{"name":"wp","href":"https:\/\/api.w.org\/{rel}","templated":true}]}}