{"id":398590,"date":"2023-05-03T18:47:51","date_gmt":"2023-05-03T21:47:51","guid":{"rendered":"https:\/\/www.suno.com.br\/noticias\/?p=398590"},"modified":"2023-05-03T23:04:39","modified_gmt":"2023-05-04T02:04:39","slug":"copom-selic-decisao-juros-maio-2023","status":"publish","type":"post","link":"https:\/\/www.suno.com.br\/noticias\/copom-selic-decisao-juros-maio-2023\/","title":{"rendered":"Copom mant\u00e9m taxa Selic a 13,75% ao ano pela 6\u00aa vez seguida; entenda por qu\u00ea"},"content":{"rendered":"<p>O Comit\u00ea de&nbsp;<a href=\"https:\/\/www.suno.com.br\/artigos\/politica-monetaria\/\" target=\"_blank\" rel=\"noreferrer noopener\">Pol\u00edtica Monet\u00e1ria<\/a>&nbsp;(<strong>Copom<\/strong>), do Banco Central, decidiu manter a taxa Selic em 13,75% ao ano pela sexta vez consecutiva, na terceira reuni\u00e3o do ano. O an\u00fancio, feito nesta quarta-feira (3), era aguardado pelo mercado. A decis\u00e3o foi un\u00e2nime. <\/p><div class=\"videoFull \">\n\t\t\t<div class=\"videoWrapper yt-lazyload center\"\n\t\t\t\tdata-width=\"960\"\n\t\t\t\tdata-height=\"540\"\n\t\t\t\tdata-id=\"_G-cNENap2U\"\n\t\t\t\tdata-alt=\"V\u00eddeo do YouTube - clique para reproduzir\"\n\t\t\t\tdata-logo=\"3\"\n\t\t\t\tdata-imagequality=\"maxres\">\n\t\t\t<\/div>\n\t\t<\/div><script type=\"application\/ld+json\">{\"@context\":\"https:\/\/schema.org\",\"@type\":\"VideoObject\",\"name\":\"OS RECADOS DO COPOM | Vale (VALE3) e Petrobras (PETR4) caindo | Bolsonaro na mira da Pol\u00edcia Federal\",\"description\":\"#copom #juros #selic #fomc #federalreserve #petrobras #petr4 #vale3 #bolsonaro #pol\u00edtica #pol\u00edciafederal #mercadofinanceiro #investimentos #bolsadevalores #ibovespa #d\u00f3lar #livedas19h \u23f1\u1d0d\u026a\u0274\u1d1c\u1d1b\u1d00\u0262\u1d07\u1d0d 00:00 - Introdu\u00e7\u00e3o 02:16 - Copom mant\u00e9m Selic em 13,75% e manda recados ao governo 03:43 - Comunicado do Copom 18:13 - Fed aumenta juros nos EUA pela 10\u00ba vez 23:25 - D\u00f3lar cai mais de 1%\u2026\",\"duration\":\"PT43M24S\",\"embedUrl\":\"https:\/\/www.youtube.com\/embed\/_G-cNENap2U\",\"regionsAllowed\":\"pt-BR\",\"interactionStatistic\":{\"@type\":\"InteractionCounter\",\"interactionType\":{\"@type\":\"WatchAction\"},\"userInteractionCount\":3808},\"thumbnailUrl\":\"https:\/\/i.ytimg.com\/vi\/_G-cNENap2U\/default.jpg\",\"uploadDate\":\"2023-05-03T23:51:07Z\"}<\/script>\n\n\n\n\n\t<p>\n\t\t<a href=\"\" target=\"_blank\" data-element=\"shortcode-suno-banner\" title=\"Banner SUNO, clique e saiba mais\">\n\t\t\t<picture>\n\t\t\t\t<source media=\"(max-width: 500px)\" srcset=\"\">\n\t\t\t\t<img class=\"newsContent__article__imgCapa newsContent__article__imgCapa--banner\"\n\t\t\t\t\tsrc=\"\"\n\t\t\t\t\tdata-promo-id=\"240038\"\t\t\t\t\t\t\t\t\t\t\t\t\t\t\talt=\"\"\n\t\t\t\t>\n\t\t\t<\/picture>\n\t\t<\/a>\n\t<\/p>\n\n\n\n\n\n<p>Foi a primeira reuni\u00e3o desde a apresenta\u00e7\u00e3o pelo governo Luiz In\u00e1cio Lula da Silva do novo <a href=\"https:\/\/www.suno.com.br\/noticias\/especialistas-nova-ancora-fiscal-gastos\/\">arcabou\u00e7o fiscal<\/a> &#8211; regra que deve substituir o teto de gastos no controle das contas p\u00fablicas.<\/p>\n\n\n\n<p>A maioria dos especialistas do mercado esperava que os <strong>cortes da Selic <\/strong>ocorressem somente em setembro &#8211; por causa do <a class=\"suno-keyword\" target=\"_blank\" data-force=\"no\" data-priority=\"1\" href=\"https:\/\/www.suno.com.br\/artigos\/indices-de-inflacao\/\" rel=\"noopener\">\u00edndices de infla\u00e7\u00e3o<\/a>, ainda altos, e da indefini\u00e7\u00e3o em torno das regras fiscais do governo, ainda em tramita\u00e7\u00e3o no Congresso.<\/p>\n\n\n\n<p>&#8220;O Copom segue vigilante sobre a infla\u00e7\u00e3o, avaliando estrat\u00e9gia de manuten\u00e7\u00e3o da taxa b\u00e1sica. O comit\u00ea segue avaliando se manuten\u00e7\u00e3o por per\u00edodo prolongado assegurar\u00e1 converg\u00eancia&#8221;, diz o comunicado. &#8220;O Copom refor\u00e7a que ir\u00e1 perseverar at\u00e9 que se consolide desinfla\u00e7\u00e3o e ancoragem.&#8221;<\/p>\n\n\n\n<p>Desde a \u00faltima reuni\u00e3o, em mar\u00e7o, os <strong>membros do Copom<\/strong> t\u00eam reiterado que as condi\u00e7\u00f5es para a queda dos juros b\u00e1sicos ainda n\u00e3o est\u00e3o postas no Brasil. O presidente do BC, Roberto Campos Neto, tem dito que a desacelera\u00e7\u00e3o da infla\u00e7\u00e3o tem sido lenta e que \u00e9 preciso redu\u00e7\u00e3o das expectativas inflacion\u00e1rias, que j\u00e1 &#8220;fugiram&#8221; muito da meta.<\/p>\n\n\n\n<p>No \u00faltimo Boletim Focus, a proje\u00e7\u00e3o de infla\u00e7\u00e3o para 2023 era de 6,05% &#8211; bastante acima do teto da meta de 4,75%, o que aponta para tr\u00eas anos seguidos de descumprimento pelo BC de seu mandato principal, ap\u00f3s 2021 e 2022. Para 2024, a previs\u00e3o de mercado \u00e9 de 4,18%, o que j\u00e1 supera o centro da meta de 3,00%, mas est\u00e1 dentro do limite m\u00e1ximo de toler\u00e2ncia, de 4,50%.<\/p>\n\n\n\n<p>No \u00e2mbito fiscal, a proposta de novo arcabou\u00e7o foi considerada um passo na dire\u00e7\u00e3o certa por Campos Neto. Mas o projeto ainda precisa ser aprovado no Congresso.<\/p>\n\n\n\n<h2 class=\"wp-block-heading\">&#8220;Copom n\u00e3o hesitar\u00e1 em retomar ajustes&#8221; se infla\u00e7\u00e3o subir<\/h2>\n\n\n\n<p>O comunicado vai al\u00e9m e alerta at\u00e9 para a possibilidade de voltar a aumentar a alta dos juros: &#8220;O Copom enfatiza que, apesar de ser um cen\u00e1rio menos prov\u00e1vel, n\u00e3o hesitar\u00e1 em retomar o ciclo de ajuste caso o processo de desinfla\u00e7\u00e3o n\u00e3o transcorra como esperado&#8221;<\/p>\n\n\n\n<p>O comunicado faz uma sinaliza\u00e7\u00e3o ao governo sobre a <strong>pol\u00edtica monet\u00e1ria<\/strong>: &#8220;O comit\u00ea avalia que conjuntura demanda paci\u00eancia e serenidade na condu\u00e7\u00e3o da <a class=\"suno-keyword\" target=\"_blank\" data-force=\"no\" data-priority=\"1\" href=\"https:\/\/www.suno.com.br\/artigos\/politica-monetaria\/\" rel=\"noopener\">pol\u00edtica monet\u00e1ria<\/a>.&#8221; <\/p>\n\n\n\n<p>O texto sobre a decis\u00e3o do Copom cita ainda a reonera\u00e7\u00e3o de combust\u00edveis e a apresenta\u00e7\u00e3o do arcabou\u00e7o fiscal: &#8220;Reduziram parte da incerteza advinda da <a class=\"suno-keyword\" target=\"_blank\" data-force=\"no\" data-priority=\"1\" href=\"https:\/\/www.suno.com.br\/artigos\/politica-fiscal\/\" rel=\"noopener\">pol\u00edtica fiscal<\/a>. Por outro lado, a conjuntura, caracterizada por um est\u00e1gio em que o processo desinflacion\u00e1rio tende a ser mais lento em ambiente de expectativas de infla\u00e7\u00e3o desancoradas, demanda maior aten\u00e7\u00e3o na condu\u00e7\u00e3o da <a class=\"suno-keyword\" target=\"_blank\" data-force=\"no\" data-priority=\"1\" href=\"https:\/\/www.suno.com.br\/artigos\/politica-monetaria\/\" rel=\"noopener\">pol\u00edtica monet\u00e1ria<\/a>.&#8221;<\/p>\n\n\n\n<p>E pondera: &#8220;O Copom enfatiza que n\u00e3o h\u00e1 rela\u00e7\u00e3o mec\u00e2nica entre a converg\u00eancia de infla\u00e7\u00e3o e a aprova\u00e7\u00e3o do arcabou\u00e7o fiscal, e avalia que a desancoragem das expectativas de <a class=\"suno-keyword\" target=\"_blank\" data-force=\"no\" data-priority=\"1\" href=\"https:\/\/www.suno.com.br\/artigos\/longo-prazo\/\" rel=\"noopener\">longo prazo<\/a> eleva o custo da desinfla\u00e7\u00e3o necess\u00e1ria para atingir as metas estabelecidas pelo Conselho Monet\u00e1rio Nacional. Nesse cen\u00e1rio, o Copom reafirma que conduzir\u00e1 a pol\u00edtica monet\u00e1ria necess\u00e1ria para o cumprimento das metas.&#8221;<\/p>\n\n\n\n<h2 class=\"wp-block-heading\">&#8220;Ambiente externo adverso&#8221;<\/h2>\n\n\n\n<p>O Copom acrescenta: &#8220;O ambiente externo se mant\u00e9m adverso. O epis\u00f3dio envolvendo bancos no exterior tem elevado a incerteza, mas com cont\u00e1gio limitado.&#8221;<\/p>\n\n\n\n<p>Ainda sobre o cen\u00e1rio internacional, os diretores do BC enfatizaram que os bancos centrais das principais economias seguem determinados em promover a converg\u00eancia das taxas de infla\u00e7\u00e3o para suas metas, em um ambiente em que a infla\u00e7\u00e3o se mostra resiliente.<\/p>\n\n\n\n<p>No caso do quadro dom\u00e9stico, o comunicado salientou que o conjunto dos indicadores mais recentes de atividade econ\u00f4mica segue corroborando o cen\u00e1rio de desacelera\u00e7\u00e3o esperado pelo Copom, ainda que exibindo maior resili\u00eancia no mercado de trabalho.<\/p>\n\n\n\n<p>O colegiado ainda repetiu que a desancoragem das expectativas de longo prazo eleva o custo da desinfla\u00e7\u00e3o necess\u00e1ria para atingir as metas estabelecidas pelo Conselho Monet\u00e1rio Nacional (CMN) e refor\u00e7ou o compromisso com as metas. &#8220;Nesse cen\u00e1rio, o Copom reafirma que conduzir\u00e1 a pol\u00edtica monet\u00e1ria necess\u00e1ria para o cumprimento das metas.&#8221;<\/p>\n\n\n\n<p>&#8220;A infla\u00e7\u00e3o ao consumidor, assim como suas diversas medidas de infla\u00e7\u00e3o subjacente, segue acima do intervalo compat\u00edvel com o cumprimento da meta para a infla\u00e7\u00e3o&#8221;, observou o Copom.<\/p>\n\n\n\n<p>Os 44 analistas de mercado ouvidos pelo Proje\u00e7\u00f5es Broadcast na \u00faltima semana previam de forma un\u00e2nime <strong>manuten\u00e7\u00e3o da taxa Selic<\/strong> em 13,75% nesta <strong>reuni\u00e3o do Copom<\/strong>. Apesar da press\u00e3o do governo pela redu\u00e7\u00e3o dos juros, a autoridade monet\u00e1ria continua indicando que as condi\u00e7\u00f5es para a queda dos juros ainda n\u00e3o est\u00e3o postas e que \u00e9 preciso ver uma queda mais consistente da infla\u00e7\u00e3o e das expectativas de infla\u00e7\u00e3o.<\/p>\n\n\n\n<p>A partir deste Copom, o BC deve mirar somente o ano de 2024 em sua estrat\u00e9gia de converg\u00eancia da <strong>infla\u00e7\u00e3o<\/strong> \u00e0 meta. A deteriora\u00e7\u00e3o de expectativas para esse horizonte e para prazos mais longos foi estancada nas \u00faltimas semanas, mas as proje\u00e7\u00f5es j\u00e1 superam bastante as metas estabelecidas. O BC j\u00e1 descumpriu seu mandato de controle de pre\u00e7os em 2021 e 2022 e vai pelo mesmo caminho para 2023, conforme a estimativa mediana do <a class=\"suno-keyword\" data-force=\"no\" data-priority=\"2\" href=\"https:\/\/www.suno.com.br\/artigos\/boletim-focus\/\" target=\"_blank\" rel=\"noopener\">Boletim Focus<\/a>.<\/p>\n\n\n\n<p>Foi o que disse tamb\u00e9m o comunicado desta quarta: &#8220;O Comit\u00ea entende que essa decis\u00e3o de manter a <strong>Selic em 13,75% <\/strong>\u00e9 compat\u00edvel com a estrat\u00e9gia de converg\u00eancia da infla\u00e7\u00e3o para o redor da meta ao longo do horizonte relevante, que inclui o ano de 2024.&#8221;<\/p>\n\n\n\n<p>Segundo a pesquisa do Proje\u00e7\u00f5es Broadcast, a maioria das institui\u00e7\u00f5es consultadas (74%) prev\u00ea in\u00edcio dos ciclo de <strong>cortes da Selic <\/strong>ainda em 2023. Seis de 42 casas (14%) projetam redu\u00e7\u00e3o da taxa no segundo trimestre deste ano, 19 (45%) no terceiro e seis (14%) no quarto. Outras onze institui\u00e7\u00f5es esperam cortes s\u00f3 em 2024: nove (21%) no primeiro trimestre do ano e seis no segundo (6%). No Boletim Focus, a expectativa mediana \u00e9 de in\u00edcio de cortes em setembro, com a taxa terminando 2023 em 12,50%.<\/p>\n\n\n\n<p>A reuni\u00e3o do Copom deste m\u00eas para decidir sobre a Selic teve dois desfalques. A cadeira de Pol\u00edtica Monet\u00e1ria est\u00e1 vazia desde a sa\u00edda de Bruno Serra, no fim de mar\u00e7o, e espera a indica\u00e7\u00e3o de um nome pelo presidente Luiz In\u00e1cio Lula da Silva. A diretora de Administra\u00e7\u00e3o, Carolina Barros, tamb\u00e9m est\u00e1 ausente, mas devido \u00e0 morte de um familiar.<\/p>\n\n\n\n\t<div data-element=\"shortcode-read-more\" class=\"readToo\">\n\t\t\t\t<span class=\"readToo__title\">Leia mais<\/span>\n\t\t\t\t<ul class=\"readToo__list\">\n\t\t\t<li><a href=\"https:\/\/www.suno.com.br\/noticias\/previa-do-copom-maio-manutencao-selic\/\">Mesmo com melhora na infla\u00e7\u00e3o, Copom deve manter Selic a 13,75% pela 6\u00aa vez. Quando a taxa vai cair?<\/a><\/li><li><a href=\"https:\/\/www.suno.com.br\/noticias\/ata-do-copom-arcabouco-fiscal\/\">Ata do Copom cita solidez do arcabou\u00e7o fiscal  para ajudar no processo de &#8216;desinfla\u00e7\u00e3o&#8217;<\/a><\/li>\t\t<\/ul>\n\t<\/div>\n\n\n\n\t<p>\n\t\t<a href=\"https:\/\/lp.suno.com.br\/ebook-gratuito-investindo-no-exterior\/\" target=\"_blank\" data-element=\"shortcode-suno-banner\" title=\"Banner SUNO, clique e saiba mais\">\n\t\t\t<picture>\n\t\t\t\t<source media=\"(max-width: 500px)\" srcset=\"https:\/\/files.sunoresearch.com.br\/n\/uploads\/2023\/03\/400x300-Investindo-no-exterior.png\">\n\t\t\t\t<img class=\"newsContent__article__imgCapa newsContent__article__imgCapa--banner\"\n\t\t\t\t\tsrc=\"https:\/\/files.sunoresearch.com.br\/n\/uploads\/2023\/03\/1420x240-Investindo-no-exterior.png\"\n\t\t\t\t\tdata-promo-id=\"383161\"\t\t\t\t\t\t\t\t\t\twidth='1420' height='240'\t\t\t\t\talt=\"https:\/\/files.sunoresearch.com.br\/n\/uploads\/2023\/03\/1420x240-Investindo-no-exterior.png\"\n\t\t\t\t>\n\t\t\t<\/picture>\n\t\t<\/a>\n\t<\/p>\n\n\n\n\n\n<h2 class=\"wp-block-heading\">Veja a seguir o comunicado do Copom, na \u00edntegra:<\/h2>\n\n\n\n<p><em>O ambiente externo se mant\u00e9m adverso. Os epis\u00f3dios envolvendo bancos no exterior t\u00eam elevado a incerteza, mas com cont\u00e1gio limitado sobre as condi\u00e7\u00f5es financeiras at\u00e9 o momento, requerendo cont\u00ednuo monitoramento. Em paralelo, os bancos centrais das principais economias seguem determinados em promover a converg\u00eancia das taxas de infla\u00e7\u00e3o para suas metas, em um ambiente em que a infla\u00e7\u00e3o se mostra resiliente.<\/em><\/p>\n\n\n\n<p><em>Em rela\u00e7\u00e3o ao cen\u00e1rio dom\u00e9stico, o conjunto dos indicadores mais recentes de atividade econ\u00f4mica segue corroborando o cen\u00e1rio de desacelera\u00e7\u00e3o esperado pelo Copom, ainda que exibindo maior resili\u00eancia no mercado de trabalho. A infla\u00e7\u00e3o ao consumidor, assim como suas diversas medidas de infla\u00e7\u00e3o subjacente, segue acima do intervalo compat\u00edvel com o cumprimento da meta para a infla\u00e7\u00e3o. As expectativas de infla\u00e7\u00e3o para 2023 e 2024 apuradas pela pesquisa Focus elevaram-se marginalmente e encontram-se em torno de 6,1% e 4,2%, respectivamente.<\/em><\/p>\n\n\n\n<p><em>As proje\u00e7\u00f5es de infla\u00e7\u00e3o do Copom em seu cen\u00e1rio de refer\u00eancia* situam-se em 5,8% em 2023 e 3,6% em 2024. As proje\u00e7\u00f5es para a infla\u00e7\u00e3o de pre\u00e7os administrados s\u00e3o de 10,8% em 2023 e 5,2% em 2024. Em cen\u00e1rio alternativo, no qual a taxa Selic \u00e9 mantida constante ao longo de todo o horizonte relevante, as proje\u00e7\u00f5es de infla\u00e7\u00e3o situam-se em 5,7% para 2023 e 2,9% para 2024.<\/em><\/p>\n\n\n\n<p><em>O Comit\u00ea ressalta que, em seus cen\u00e1rios para a infla\u00e7\u00e3o, permanecem fatores de risco em ambas as dire\u00e7\u00f5es. Entre os riscos de alta para o cen\u00e1rio inflacion\u00e1rio e as expectativas de infla\u00e7\u00e3o, destacam-se (i) uma maior persist\u00eancia das press\u00f5es inflacion\u00e1rias globais; (ii) a incerteza ainda presente sobre o desenho final do arcabou\u00e7o fiscal a ser aprovado pelo Congresso Nacional e, de forma mais relevante para a condu\u00e7\u00e3o da pol\u00edtica monet\u00e1ria, seus impactos sobre as expectativas para as trajet\u00f3rias da d\u00edvida p\u00fablica e da infla\u00e7\u00e3o, e sobre os ativos de risco; e (iii) uma desancoragem maior, ou mais duradoura, das expectativas de infla\u00e7\u00e3o para prazos mais longos. Entre os riscos de baixa, ressaltam-se (i) uma queda adicional dos pre\u00e7os das commodities internacionais em moeda local; (ii) uma desacelera\u00e7\u00e3o da atividade econ\u00f4mica global mais acentuada do que a projetada, em particular em fun\u00e7\u00e3o de condi\u00e7\u00f5es adversas no sistema financeiro global; e (iii) uma desacelera\u00e7\u00e3o na concess\u00e3o dom\u00e9stica de cr\u00e9dito maior do que seria compat\u00edvel com o atual est\u00e1gio do ciclo de <a class=\"suno-keyword\" target=\"_blank\" data-force=\"no\" data-priority=\"1\" href=\"https:\/\/www.suno.com.br\/artigos\/politica-monetaria\/\" rel=\"noopener\">pol\u00edtica monet\u00e1ria<\/a>.<\/em><\/p>\n\n\n\n<p><em>Por um lado, a reonera\u00e7\u00e3o dos combust\u00edveis e, principalmente, a apresenta\u00e7\u00e3o de uma proposta de arcabou\u00e7o fiscal reduziram parte da incerteza advinda da <a class=\"suno-keyword\" target=\"_blank\" data-force=\"no\" data-priority=\"1\" href=\"https:\/\/www.suno.com.br\/artigos\/politica-fiscal\/\" rel=\"noopener\">pol\u00edtica fiscal<\/a>. Por outro lado, a conjuntura, caracterizada por um est\u00e1gio em que o processo desinflacion\u00e1rio tende a ser mais lento em ambiente de expectativas de infla\u00e7\u00e3o desancoradas, demanda maior aten\u00e7\u00e3o na condu\u00e7\u00e3o da <a class=\"suno-keyword\" target=\"_blank\" data-force=\"no\" data-priority=\"1\" href=\"https:\/\/www.suno.com.br\/artigos\/politica-monetaria\/\" rel=\"noopener\">pol\u00edtica monet\u00e1ria<\/a>. O Copom enfatiza que n\u00e3o h\u00e1 rela\u00e7\u00e3o mec\u00e2nica entre a converg\u00eancia de infla\u00e7\u00e3o e a aprova\u00e7\u00e3o do arcabou\u00e7o fiscal, e avalia que a desancoragem das expectativas de <a class=\"suno-keyword\" target=\"_blank\" data-force=\"no\" data-priority=\"1\" href=\"https:\/\/www.suno.com.br\/artigos\/longo-prazo\/\" rel=\"noopener\">longo prazo<\/a> eleva o custo da desinfla\u00e7\u00e3o necess\u00e1ria para atingir as metas estabelecidas pelo Conselho Monet\u00e1rio Nacional. Nesse cen\u00e1rio, o Copom reafirma que conduzir\u00e1 a pol\u00edtica monet\u00e1ria necess\u00e1ria para o cumprimento das metas.<\/em><\/p>\n\n\n\n<p><em>Considerando os cen\u00e1rios avaliados, o balan\u00e7o de riscos e o amplo conjunto de informa\u00e7\u00f5es dispon\u00edveis, o Copom decidiu manter a taxa b\u00e1sica de juros em 13,75% a.a. O Comit\u00ea entende que essa decis\u00e3o \u00e9 compat\u00edvel com a estrat\u00e9gia de converg\u00eancia da infla\u00e7\u00e3o para o redor da meta ao longo do horizonte relevante, que inclui o ano de 2024. Sem preju\u00edzo de seu objetivo fundamental de assegurar a estabilidade de pre\u00e7os, essa decis\u00e3o tamb\u00e9m implica suaviza\u00e7\u00e3o das flutua\u00e7\u00f5es do n\u00edvel de atividade econ\u00f4mica e fomento do pleno emprego.<\/em><\/p>\n\n\n\n<p><em>Considerando a incerteza ao redor de seus cen\u00e1rios, o Comit\u00ea segue vigilante, avaliando se a estrat\u00e9gia de manuten\u00e7\u00e3o da taxa b\u00e1sica de juros por per\u00edodo prolongado ser\u00e1 capaz de assegurar a converg\u00eancia da infla\u00e7\u00e3o. O Comit\u00ea refor\u00e7a que ir\u00e1 perseverar at\u00e9 que se consolide n\u00e3o apenas o processo de desinfla\u00e7\u00e3o como tamb\u00e9m a ancoragem das expectativas em torno de suas metas. O Comit\u00ea avalia que a conjuntura demanda paci\u00eancia e serenidade na condu\u00e7\u00e3o da <a class=\"suno-keyword\" target=\"_blank\" data-force=\"no\" data-priority=\"1\" href=\"https:\/\/www.suno.com.br\/artigos\/politica-monetaria\/\" rel=\"noopener\">pol\u00edtica monet\u00e1ria<\/a>. O Copom enfatiza que, apesar de ser um cen\u00e1rio menos prov\u00e1vel, n\u00e3o hesitar\u00e1 em retomar o ciclo de ajuste caso o processo de desinfla\u00e7\u00e3o n\u00e3o transcorra como esperado.<\/em><\/p>\n\n\n\n<p><em>Votaram por essa decis\u00e3o os seguintes membros do Comit\u00ea: Roberto de Oliveira Campos Neto (presidente), Diogo Abry Guillen, Fernanda Magalh\u00e3es Rumenos Guardado, Maur\u00edcio Costa de Moura, Ot\u00e1vio Ribeiro Damaso, Paulo S\u00e9rgio Neves de Souza e Renato Dias de Brito Gomes.<\/em><\/p>\n\n\n\n<ul class=\"wp-block-list\">\n<li><em>No cen\u00e1rio de refer\u00eancia, a trajet\u00f3ria para a taxa de juros \u00e9 extra\u00edda da pesquisa Focus e a taxa de c\u00e2mbio parte de USD\/BRL 5,05, evoluindo segundo a paridade do poder de compra (PPC). O pre\u00e7o do petr\u00f3leo segue aproximadamente a curva futura pelos pr\u00f3ximos seis meses e passa a aumentar 2% ao ano posteriormente. Al\u00e9m disso, adota-se a hip\u00f3tese de bandeira tarif\u00e1ria &#8220;verde&#8221; em dezembro de 2023 e de 2024. O valor para o c\u00e2mbio \u00e9 obtido pelo procedimento usual de arredondar a cota\u00e7\u00e3o m\u00e9dia da taxa de c\u00e2mbio USD\/BRL observada nos cinco dias \u00fateis encerrados no \u00faltimo dia da semana anterior \u00e0 da reuni\u00e3o do <strong>Copom<\/strong>.<\/em><\/li>\n<\/ul>\n\n\n\n<figure class=\"wp-block-image size-large\"><img loading=\"lazy\" decoding=\"async\" width=\"1024\" height=\"458\" src=\"https:\/\/files.sunoresearch.com.br\/n\/uploads\/2023\/05\/taxa-Selic-1024x458.jpg\" alt=\"\" class=\"wp-image-398949\" srcset=\"https:\/\/files.sunoresearch.com.br\/n\/uploads\/2023\/05\/taxa-Selic-1024x458.jpg 1024w, https:\/\/files.sunoresearch.com.br\/n\/uploads\/2023\/05\/taxa-Selic-300x134.jpg 300w, https:\/\/files.sunoresearch.com.br\/n\/uploads\/2023\/05\/taxa-Selic-768x343.jpg 768w, https:\/\/files.sunoresearch.com.br\/n\/uploads\/2023\/05\/taxa-Selic-150x67.jpg 150w, https:\/\/files.sunoresearch.com.br\/n\/uploads\/2023\/05\/taxa-Selic.jpg 1136w\" sizes=\"(max-width: 1024px) 100vw, 1024px\" \/><figcaption class=\"wp-element-caption\">A evolu\u00e7\u00e3o da taxa Selic. Ilustra\u00e7\u00e3o: Banco Central<\/figcaption><\/figure>\n\n\n\n<figure class=\"wp-block-image size-large\"><img loading=\"lazy\" decoding=\"async\" width=\"1024\" height=\"469\" src=\"https:\/\/files.sunoresearch.com.br\/n\/uploads\/2023\/05\/inflacao-1024x469.jpg\" alt=\"\" class=\"wp-image-398950\" srcset=\"https:\/\/files.sunoresearch.com.br\/n\/uploads\/2023\/05\/inflacao-1024x469.jpg 1024w, https:\/\/files.sunoresearch.com.br\/n\/uploads\/2023\/05\/inflacao-300x137.jpg 300w, https:\/\/files.sunoresearch.com.br\/n\/uploads\/2023\/05\/inflacao-768x352.jpg 768w, https:\/\/files.sunoresearch.com.br\/n\/uploads\/2023\/05\/inflacao-150x69.jpg 150w, https:\/\/files.sunoresearch.com.br\/n\/uploads\/2023\/05\/inflacao.jpg 1063w\" sizes=\"(max-width: 1024px) 100vw, 1024px\" \/><figcaption class=\"wp-element-caption\"> As taxas de infla\u00e7\u00e3o: gr\u00e1fico mostra desacelera\u00e7\u00e3o, mas patamares continuam elevados, segundo o BC <\/figcaption><\/figure>\n\n\n\n<h2 class=\"wp-block-heading\">Mercado repercute o Copom: &#8220;Surpresa com o tom do comunicado'&#8221;<\/h2>\n\n\n\n<p>Idean Alves, s\u00f3cio e chefe da mesa de opera\u00e7\u00f5es da A\u00e7\u00e3o Brasil, comenta: &#8220;O tom do comunicado do Copom foi bastante duro, bem mais hawkish, e mantendo a palavra quase que de lei nas \u00faltimas reuni\u00f5es do Comit\u00ea: vigil\u00e2ncia. Al\u00e9m disso, adotou um tom forte ao afirmar que n\u00e3o hesitam em retomar o ciclo de ajuste, caso vejam como necess\u00e1rio, j\u00e1 que o preocesso de desinfla\u00e7\u00e3o \u00e9 custoso. [o presidente do BC] Roberto Campos Neto e todo o o time do Copom seguem vigilantes para, al\u00e9m de realizar o processo desinflacion\u00e1rio com sucesso, ancorarem a expectativa de infla\u00e7\u00e3o no m\u00e9dio prazo.&#8221;<\/p>\n\n\n\n<p>Alves observa: &#8220;A surpresa, na minha opini\u00e3o, ficou com o tom da manuten\u00e7\u00e3o da Selic no patamar atual por mais tempo, pegando o mercado meio que na contram\u00e3o, em um momento em que havia a esperan\u00e7a de um corte de juros no curto prazo. O Comit\u00ea caminhou no sentido contr\u00e1rio por entender que ainda h\u00e1 muito a ser feito, principalmente para ancorar as expectativas de infla\u00e7\u00e3o, tentando cumprir a meta de forma t\u00e9cnica, mas tendo que cobrar um custo alto para isso.&#8221;<\/p>\n\n\n\n<p>E complementa: &#8220;O Comit\u00ea entende que o processo de alinhamento de expectativas e controle de pre\u00e7os acontecer\u00e1 de forma gradual, e mais lenta que o esperado, em raz\u00e3o de diversos fatores externos e internos como os bancos centrais l\u00e1 fora buscando tamb\u00e9m a converg\u00eancia de infla\u00e7\u00e3o via alta de juros, o risco banc\u00e1rio nos Estados Unidos, e no Brasil um novo arcabou\u00e7o fiscal ainda indefinido. O Copom sinalizou que o processo desinflacion\u00e1rio tende a ser mais lento em ambiente de expectativas de infla\u00e7\u00e3o desancoradas. Tudo isso torna o trabalho do Copom mais \u00e1rduo, duro, e caro para a economia real, e para a popula\u00e7\u00e3o como um todo, que ter\u00e1 que suportar o cen\u00e1rio de infla\u00e7\u00e3o e juros altos por mais tempo.&#8221;<\/p>\n\n\n\n<p>O BC avaliou que os balan\u00e7os de riscos continuam os mesmos apontados na ata anterior do Copom e, por isso, optou pela manuten\u00e7\u00e3o da taxa Selic em 13,75%, diz o economista-chefe da Messem Investimentos, Gustavo Bertotti. \u201cAinda existem incertezas em rela\u00e7\u00e3o ao arcabou\u00e7o fiscal que, nossa avalia\u00e7\u00e3o, \u00e9 permissivo com o aumento de gastos, o que causa uma preocupa\u00e7\u00e3o sobre a deteriora\u00e7\u00e3o da trajet\u00f3ria da d\u00edvida p\u00fablica\u201d, diz.<\/p>\n\n\n\n<p>\u201cAl\u00e9m disso, h\u00e1 o crescimento do risco pol\u00edtico no Brasil. Um exemplo s\u00e3o as cr\u00edticas do governo federal sobre a condu\u00e7\u00e3o pol\u00edtica monet\u00e1ria, o que traz uma avers\u00e3o a risco ao nosso mercado\u201d, adiciona.<\/p>\n\n\n\n<p>Segundo Bertotti, o comunicado do BC ap\u00f3s a divulga\u00e7\u00e3o da decis\u00e3o sobre a Selic tem um tom menos \u201chawkish\u201d (pol\u00edtica mais austera e contracionista), mas que o afrouxamento monet\u00e1rio dever\u00e1 ocorrer somente a partir do segundo semestre.<\/p>\n\n\n\n<p>O economista ressaltou que o <strong>Copom<\/strong> tamb\u00e9m considerou nesses balan\u00e7os de riscos uma press\u00e3o inflacion\u00e1ria no \u00e2mbito global, com um aperto monet\u00e1rio que continua nas grandes economias, como Estados Unidos e Europa. &#8220;O Fed elevou os juros dos Estados Unidos em 0,25 ponto percentual, para uma banda entre 5% e 5,25% ao ano&#8221;, lembra.<\/p>\n\n\n\n<h2 class=\"wp-block-heading\">Presidente do PT reclama da decis\u00e3o<\/h2>\n\n\n\n<p>A presidente do PT Gleisi Hoffmann se manifestou sobre a decis\u00e3o do Copom nesta quarta. Seguindo o tom do governo federal, que vem cobrando o BC sobre o corte das taxas, Gleisi escreveu no Twitter:<\/p>\n\n\n\n<figure class=\"wp-block-embed is-type-rich is-provider-twitter wp-block-embed-twitter\"><div class=\"wp-block-embed__wrapper\">\n<blockquote class=\"twitter-tweet\" data-width=\"550\" data-dnt=\"true\"><p lang=\"pt\" dir=\"ltr\">Quanto j\u00e1 custou ao pa\u00eds o negacionismo econ\u00f4mico de Campos Neto? Qtos empregos, empresas falidas, fam\u00edlias destru\u00eddas? A vacina sempre esteve ao alcance do Copom,  mas insistem nos juros genocidas. At\u00e9 qdo ficar\u00e3o impunes?<\/p>&mdash; Gleisi Hoffmann (@gleisi) <a href=\"https:\/\/twitter.com\/gleisi\/status\/1653880802336276480?ref_src=twsrc%5Etfw\">May 3, 2023<\/a><\/blockquote>\n<\/div><\/figure>\n\n\n\n<h2 class=\"wp-block-heading\">Entenda o impacto<\/h2>\n\n\n\n<p>O Copom calibra a<strong> taxa de juros<\/strong> para o controle da alta de pre\u00e7os. Quanto maior a infla\u00e7\u00e3o, menor \u00e9 o poder de compra das pessoas, principalmente das que recebem sal\u00e1rios menores.<\/p>\n\n\n\n<p>O aumento do juro b\u00e1sico da economia reflete em taxas banc\u00e1rias mais elevadas, embora haja uma defasagem entre a decis\u00e3o do BC e o encarecimento do cr\u00e9dito (entre seis meses e nove meses). A eleva\u00e7\u00e3o da taxa de juros tamb\u00e9m influencia negativamente o consumo da popula\u00e7\u00e3o e os investimentos produtivos.<\/p>\n\n\n\n<p>Por outro lado, aplica\u00e7\u00f5es em renda fixa, como no Tesouro Direto e em deb\u00eantures (t\u00edtulos de empresas), passam a render mais.<\/p>\n\n\n\n<h2 class=\"wp-block-heading\">Juro real<\/h2>\n\n\n\n<p>Mesmo com a estabilidade da taxa Selic pela sexta reuni\u00e3o consecutiva do <strong>Copom<\/strong>, o Brasil continua a ter a maior taxa de juro real (descontada a infla\u00e7\u00e3o) do mundo, em uma lista com 40 economias. C\u00e1lculos do site MoneYou e da Infinity Asset Management indicam que o juro real brasileiro est\u00e1 agora em 6,82% ao ano. Em segundo lugar na lista que considera as economias mais relevantes, aparece o M\u00e9xico (6,13%), seguido da Col\u00f4mbia (5,13%). A m\u00e9dia dos 40 pa\u00edses avaliados \u00e9 de -0,29%.<\/p>\n\n\n\n<p><em>Com informa\u00e7\u00f5es do Estad\u00e3o Conte\u00fado<\/em><\/p>\n\n\n\t<p>\n\t\t<a href=\"https:\/\/lp.suno.com.br\/suno-one\/?utm_campaign=_SNC6964518A_\" target=\"_blank\" data-element=\"shortcode-suno-banner\" title=\"Banner SUNO, clique e saiba mais\">\n\t\t\t<picture>\n\t\t\t\t<source media=\"(max-width: 500px)\" srcset=\"https:\/\/files.sunoresearch.com.br\/n\/uploads\/2025\/09\/400x300-Suno-One-png.webp\">\n\t\t\t\t<img class=\"newsContent__article__imgCapa newsContent__article__imgCapa--banner\"\n\t\t\t\t\tsrc=\"https:\/\/files.sunoresearch.com.br\/n\/uploads\/2025\/09\/1420x240-Suno-One-png.webp\"\n\t\t\t\t\tdata-promo-id=\"383121\"\t\t\t\t\t\t\t\t\t\twidth='1420' height='240'\t\t\t\t\talt=\"https:\/\/files.sunoresearch.com.br\/n\/uploads\/2025\/09\/1420x240-Suno-One-png.webp\"\n\t\t\t\t>\n\t\t\t<\/picture>\n\t\t<\/a>\n\t<\/p>\n\n\n","protected":false},"excerpt":{"rendered":"<p>O Comit\u00ea de&nbsp;Pol\u00edtica Monet\u00e1ria&nbsp;(Copom), do Banco Central, decidiu manter a taxa Selic em 13,75% ao ano pela sexta vez consecutiva, na terceira reuni\u00e3o do ano. O an\u00fancio, feito nesta quarta-feira (3), era aguardado pelo mercado. A decis\u00e3o foi un\u00e2nime. Foi a primeira reuni\u00e3o desde a apresenta\u00e7\u00e3o pelo governo Luiz In\u00e1cio Lula da Silva do novo [&hellip;]<\/p>\n","protected":false},"author":98,"featured_media":398802,"comment_status":"closed","ping_status":"closed","sticky":false,"template":"","format":"standard","meta":[],"categories":[64],"tags":[1842,1104,105816,850,1752,290],"suno_strategy":[],"class_list":["post-398590","post","type-post","status-publish","format-standard","has-post-thumbnail","hentry","category-negocios","tag-banco-central-bc","tag-copom","tag-especialistas","tag-inflacao","tag-taxa-de-juros","tag-taxa-selic"],"yoast_head":"<!-- This site is optimized with the Yoast SEO plugin v24.4 - https:\/\/yoast.com\/wordpress\/plugins\/seo\/ -->\n<title>Copom mant\u00e9m taxa Selic a 13,75%; veja comunicado<\/title>\n<meta name=\"description\" content=\"O Comit\u00ea de\u00a0Pol\u00edtica Monet\u00e1ria\u00a0(Copom), do Banco Central, decidiu manter a taxa Selic em 13,75% ao ano pela sexta vez consecutiva\" \/>\n<meta name=\"robots\" content=\"index, follow, max-snippet:-1, max-image-preview:large, max-video-preview:-1\" \/>\n<link rel=\"canonical\" href=\"https:\/\/www.suno.com.br\/noticias\/copom-selic-decisao-juros-maio-2023\/\" \/>\n<meta property=\"og:locale\" content=\"pt_BR\" \/>\n<meta property=\"og:type\" content=\"article\" \/>\n<meta property=\"og:title\" content=\"Copom mant\u00e9m taxa Selic a 13,75%; veja comunicado\" \/>\n<meta property=\"og:description\" content=\"O Comit\u00ea de\u00a0Pol\u00edtica Monet\u00e1ria\u00a0(Copom), do Banco Central, decidiu manter a taxa Selic em 13,75% ao ano pela sexta vez consecutiva\" \/>\n<meta property=\"og:url\" content=\"https:\/\/www.suno.com.br\/noticias\/copom-selic-decisao-juros-maio-2023\/\" \/>\n<meta property=\"og:site_name\" content=\"Suno Not\u00edcias\" \/>\n<meta property=\"article:publisher\" content=\"https:\/\/facebook.com\/sunoresearch\" \/>\n<meta property=\"og:image\" content=\"https:\/\/files.sunoresearch.com.br\/n\/uploads\/2023\/05\/Banco-Central.jpg\" \/>\n\t<meta property=\"og:image:width\" content=\"1350\" \/>\n\t<meta property=\"og:image:height\" content=\"808\" \/>\n\t<meta property=\"og:image:type\" content=\"image\/jpeg\" \/>\n<meta name=\"author\" content=\"Marco Ant\u00f4nio Lopes\" \/>\n<meta name=\"twitter:card\" content=\"summary_large_image\" \/>\n<meta name=\"twitter:creator\" content=\"@sunoresearch\" \/>\n<meta name=\"twitter:site\" content=\"@sunoresearch\" \/>\n<meta name=\"twitter:label1\" content=\"Escrito por\" \/>\n\t<meta name=\"twitter:data1\" content=\"Marco Ant\u00f4nio Lopes\" \/>\n\t<meta name=\"twitter:label2\" content=\"Est. tempo de leitura\" \/>\n\t<meta name=\"twitter:data2\" content=\"16 minutos\" \/>\n<script type=\"application\/ld+json\" class=\"yoast-schema-graph\">{\"@context\":\"https:\/\/schema.org\",\"@graph\":[{\"@type\":\"NewsArticle\",\"@id\":\"https:\/\/www.suno.com.br\/noticias\/copom-selic-decisao-juros-maio-2023\/#article\",\"isPartOf\":{\"@id\":\"https:\/\/www.suno.com.br\/noticias\/copom-selic-decisao-juros-maio-2023\/\"},\"author\":{\"name\":\"Marco Ant\u00f4nio Lopes\",\"@id\":\"https:\/\/www.suno.com.br\/noticias\/#\/schema\/person\/829bbe8d57f84333b966b96229c6bf5f\"},\"headline\":\"Copom mant\u00e9m taxa Selic a 13,75% ao ano pela 6\u00aa vez seguida; entenda por qu\u00ea\",\"datePublished\":\"2023-05-03T21:47:51+00:00\",\"dateModified\":\"2023-05-04T02:04:39+00:00\",\"mainEntityOfPage\":{\"@id\":\"https:\/\/www.suno.com.br\/noticias\/copom-selic-decisao-juros-maio-2023\/\"},\"wordCount\":2986,\"publisher\":{\"@id\":\"https:\/\/www.suno.com.br\/noticias\/#organization\"},\"image\":{\"@id\":\"https:\/\/www.suno.com.br\/noticias\/copom-selic-decisao-juros-maio-2023\/#primaryimage\"},\"thumbnailUrl\":\"https:\/\/files.sunoresearch.com.br\/n\/uploads\/2023\/05\/Banco-Central.jpg\",\"keywords\":[\"Banco Central (BC)\",\"Copom\",\"Especialistas\",\"infla\u00e7\u00e3o\",\"taxa de juros\",\"Taxa Selic\"],\"articleSection\":[\"Neg\u00f3cios\"],\"inLanguage\":\"pt-BR\"},{\"@type\":\"WebPage\",\"@id\":\"https:\/\/www.suno.com.br\/noticias\/copom-selic-decisao-juros-maio-2023\/\",\"url\":\"https:\/\/www.suno.com.br\/noticias\/copom-selic-decisao-juros-maio-2023\/\",\"name\":\"Copom mant\u00e9m taxa Selic a 13,75%; veja comunicado\",\"isPartOf\":{\"@id\":\"https:\/\/www.suno.com.br\/noticias\/#website\"},\"primaryImageOfPage\":{\"@id\":\"https:\/\/www.suno.com.br\/noticias\/copom-selic-decisao-juros-maio-2023\/#primaryimage\"},\"image\":{\"@id\":\"https:\/\/www.suno.com.br\/noticias\/copom-selic-decisao-juros-maio-2023\/#primaryimage\"},\"thumbnailUrl\":\"https:\/\/files.sunoresearch.com.br\/n\/uploads\/2023\/05\/Banco-Central.jpg\",\"datePublished\":\"2023-05-03T21:47:51+00:00\",\"dateModified\":\"2023-05-04T02:04:39+00:00\",\"description\":\"O Comit\u00ea de\u00a0Pol\u00edtica Monet\u00e1ria\u00a0(Copom), do Banco Central, decidiu manter a taxa Selic em 13,75% ao ano pela sexta vez consecutiva\",\"breadcrumb\":{\"@id\":\"https:\/\/www.suno.com.br\/noticias\/copom-selic-decisao-juros-maio-2023\/#breadcrumb\"},\"inLanguage\":\"pt-BR\",\"potentialAction\":[{\"@type\":\"ReadAction\",\"target\":[\"https:\/\/www.suno.com.br\/noticias\/copom-selic-decisao-juros-maio-2023\/\"]}]},{\"@type\":\"ImageObject\",\"inLanguage\":\"pt-BR\",\"@id\":\"https:\/\/www.suno.com.br\/noticias\/copom-selic-decisao-juros-maio-2023\/#primaryimage\",\"url\":\"https:\/\/files.sunoresearch.com.br\/n\/uploads\/2023\/05\/Banco-Central.jpg\",\"contentUrl\":\"https:\/\/files.sunoresearch.com.br\/n\/uploads\/2023\/05\/Banco-Central.jpg\",\"width\":1350,\"height\":808,\"caption\":\"Banco Central: Copom e a taxa Selic. Foto: Marcello Casal Jr\/Ag\u00eancia Brasil\"},{\"@type\":\"BreadcrumbList\",\"@id\":\"https:\/\/www.suno.com.br\/noticias\/copom-selic-decisao-juros-maio-2023\/#breadcrumb\",\"itemListElement\":[{\"@type\":\"ListItem\",\"position\":1,\"name\":\"Not\u00edcias\",\"item\":\"https:\/\/www.suno.com.br\/noticias\/\"},{\"@type\":\"ListItem\",\"position\":2,\"name\":\"Neg\u00f3cios\",\"item\":\"https:\/\/www.suno.com.br\/noticias\/negocios\/\"},{\"@type\":\"ListItem\",\"position\":3,\"name\":\"Copom mant\u00e9m taxa Selic a 13,75% ao ano pela 6\u00aa vez seguida; entenda por qu\u00ea\"}]},{\"@type\":\"WebSite\",\"@id\":\"https:\/\/www.suno.com.br\/noticias\/#website\",\"url\":\"https:\/\/www.suno.com.br\/noticias\/\",\"name\":\"Suno Not\u00edcias\",\"description\":\"Seu portal de informa\u00e7\u00e3o sobre o mundo dos investimentos\",\"publisher\":{\"@id\":\"https:\/\/www.suno.com.br\/noticias\/#organization\"},\"potentialAction\":[{\"@type\":\"SearchAction\",\"target\":{\"@type\":\"EntryPoint\",\"urlTemplate\":\"https:\/\/www.suno.com.br\/noticias\/?s={search_term_string}\"},\"query-input\":{\"@type\":\"PropertyValueSpecification\",\"valueRequired\":true,\"valueName\":\"search_term_string\"}}],\"inLanguage\":\"pt-BR\"},{\"@type\":\"Organization\",\"@id\":\"https:\/\/www.suno.com.br\/noticias\/#organization\",\"name\":\"Suno Not\u00edcias\",\"url\":\"https:\/\/www.suno.com.br\/noticias\/\",\"logo\":{\"@type\":\"ImageObject\",\"inLanguage\":\"pt-BR\",\"@id\":\"https:\/\/www.suno.com.br\/noticias\/#\/schema\/logo\/image\/\",\"url\":\"https:\/\/files.sunoresearch.com.br\/n\/uploads\/2021\/09\/suno-logo.png\",\"contentUrl\":\"https:\/\/files.sunoresearch.com.br\/n\/uploads\/2021\/09\/suno-logo.png\",\"width\":180,\"height\":180,\"caption\":\"Suno Not\u00edcias\"},\"image\":{\"@id\":\"https:\/\/www.suno.com.br\/noticias\/#\/schema\/logo\/image\/\"},\"sameAs\":[\"https:\/\/facebook.com\/sunoresearch\",\"https:\/\/x.com\/sunoresearch\",\"https:\/\/www.instagram.com\/suno\",\"https:\/\/www.linkedin.com\/company\/suno-research\/\",\"https:\/\/www.youtube.com\/c\/sunoresearch\"]},{\"@type\":\"Person\",\"@id\":\"https:\/\/www.suno.com.br\/noticias\/#\/schema\/person\/829bbe8d57f84333b966b96229c6bf5f\",\"name\":\"Marco Ant\u00f4nio Lopes\",\"image\":{\"@type\":\"ImageObject\",\"inLanguage\":\"pt-BR\",\"@id\":\"https:\/\/www.suno.com.br\/noticias\/#\/schema\/person\/image\/\",\"url\":\"https:\/\/secure.gravatar.com\/avatar\/385167b012fbc1cde32c5446ee253313?s=96&r=g\",\"contentUrl\":\"https:\/\/secure.gravatar.com\/avatar\/385167b012fbc1cde32c5446ee253313?s=96&r=g\",\"caption\":\"Marco Ant\u00f4nio Lopes\"},\"description\":\"Jornalista, \u00e9 editor no Suno Not\u00edcias. Trabalhou nas revistas Playboy, Super, Veja Comer &amp; Beber, Homem Vogue e Universo Masculino, al\u00e9m dos portais Abril.com, R7, nas editorias de Home, Esportes, Hora 7, Entretenimento e Geral, e Eu Quero Investir. Autor do livro Bruce Lee: Definitivo (Editora Conrad). Colaborou nas revistas Nova, Veja SP, Grandes Guerras, Placar, Bizz, Casa Claudia e Quatro Rodas.\",\"url\":\"https:\/\/www.suno.com.br\/noticias\/author\/marco-lopes\/\"}]}<\/script>\n<!-- \/ Yoast SEO plugin. -->","yoast_head_json":{"title":"Copom mant\u00e9m taxa Selic a 13,75%; veja comunicado","description":"O Comit\u00ea de\u00a0Pol\u00edtica Monet\u00e1ria\u00a0(Copom), do Banco Central, decidiu manter a taxa Selic em 13,75% ao ano pela sexta vez consecutiva","robots":{"index":"index","follow":"follow","max-snippet":"max-snippet:-1","max-image-preview":"max-image-preview:large","max-video-preview":"max-video-preview:-1"},"canonical":"https:\/\/www.suno.com.br\/noticias\/copom-selic-decisao-juros-maio-2023\/","og_locale":"pt_BR","og_type":"article","og_title":"Copom mant\u00e9m taxa Selic a 13,75%; veja comunicado","og_description":"O Comit\u00ea de\u00a0Pol\u00edtica Monet\u00e1ria\u00a0(Copom), do Banco Central, decidiu manter a taxa Selic em 13,75% ao ano pela sexta vez consecutiva","og_url":"https:\/\/www.suno.com.br\/noticias\/copom-selic-decisao-juros-maio-2023\/","og_site_name":"Suno Not\u00edcias","article_publisher":"https:\/\/facebook.com\/sunoresearch","og_image":[{"width":1350,"height":808,"url":"https:\/\/files.sunoresearch.com.br\/n\/uploads\/2023\/05\/Banco-Central.jpg","type":"image\/jpeg"}],"author":"Marco Ant\u00f4nio Lopes","twitter_card":"summary_large_image","twitter_creator":"@sunoresearch","twitter_site":"@sunoresearch","twitter_misc":{"Escrito por":"Marco Ant\u00f4nio Lopes","Est. tempo de leitura":"16 minutos"},"schema":{"@context":"https:\/\/schema.org","@graph":[{"@type":"NewsArticle","@id":"https:\/\/www.suno.com.br\/noticias\/copom-selic-decisao-juros-maio-2023\/#article","isPartOf":{"@id":"https:\/\/www.suno.com.br\/noticias\/copom-selic-decisao-juros-maio-2023\/"},"author":{"name":"Marco Ant\u00f4nio Lopes","@id":"https:\/\/www.suno.com.br\/noticias\/#\/schema\/person\/829bbe8d57f84333b966b96229c6bf5f"},"headline":"Copom mant\u00e9m taxa Selic a 13,75% ao ano pela 6\u00aa vez seguida; entenda por qu\u00ea","datePublished":"2023-05-03T21:47:51+00:00","dateModified":"2023-05-04T02:04:39+00:00","mainEntityOfPage":{"@id":"https:\/\/www.suno.com.br\/noticias\/copom-selic-decisao-juros-maio-2023\/"},"wordCount":2986,"publisher":{"@id":"https:\/\/www.suno.com.br\/noticias\/#organization"},"image":{"@id":"https:\/\/www.suno.com.br\/noticias\/copom-selic-decisao-juros-maio-2023\/#primaryimage"},"thumbnailUrl":"https:\/\/files.sunoresearch.com.br\/n\/uploads\/2023\/05\/Banco-Central.jpg","keywords":["Banco Central (BC)","Copom","Especialistas","infla\u00e7\u00e3o","taxa de juros","Taxa Selic"],"articleSection":["Neg\u00f3cios"],"inLanguage":"pt-BR"},{"@type":"WebPage","@id":"https:\/\/www.suno.com.br\/noticias\/copom-selic-decisao-juros-maio-2023\/","url":"https:\/\/www.suno.com.br\/noticias\/copom-selic-decisao-juros-maio-2023\/","name":"Copom mant\u00e9m taxa Selic a 13,75%; veja comunicado","isPartOf":{"@id":"https:\/\/www.suno.com.br\/noticias\/#website"},"primaryImageOfPage":{"@id":"https:\/\/www.suno.com.br\/noticias\/copom-selic-decisao-juros-maio-2023\/#primaryimage"},"image":{"@id":"https:\/\/www.suno.com.br\/noticias\/copom-selic-decisao-juros-maio-2023\/#primaryimage"},"thumbnailUrl":"https:\/\/files.sunoresearch.com.br\/n\/uploads\/2023\/05\/Banco-Central.jpg","datePublished":"2023-05-03T21:47:51+00:00","dateModified":"2023-05-04T02:04:39+00:00","description":"O Comit\u00ea de\u00a0Pol\u00edtica Monet\u00e1ria\u00a0(Copom), do Banco Central, decidiu manter a taxa Selic em 13,75% ao ano pela sexta vez consecutiva","breadcrumb":{"@id":"https:\/\/www.suno.com.br\/noticias\/copom-selic-decisao-juros-maio-2023\/#breadcrumb"},"inLanguage":"pt-BR","potentialAction":[{"@type":"ReadAction","target":["https:\/\/www.suno.com.br\/noticias\/copom-selic-decisao-juros-maio-2023\/"]}]},{"@type":"ImageObject","inLanguage":"pt-BR","@id":"https:\/\/www.suno.com.br\/noticias\/copom-selic-decisao-juros-maio-2023\/#primaryimage","url":"https:\/\/files.sunoresearch.com.br\/n\/uploads\/2023\/05\/Banco-Central.jpg","contentUrl":"https:\/\/files.sunoresearch.com.br\/n\/uploads\/2023\/05\/Banco-Central.jpg","width":1350,"height":808,"caption":"Banco Central: Copom e a taxa Selic. Foto: Marcello Casal Jr\/Ag\u00eancia Brasil"},{"@type":"BreadcrumbList","@id":"https:\/\/www.suno.com.br\/noticias\/copom-selic-decisao-juros-maio-2023\/#breadcrumb","itemListElement":[{"@type":"ListItem","position":1,"name":"Not\u00edcias","item":"https:\/\/www.suno.com.br\/noticias\/"},{"@type":"ListItem","position":2,"name":"Neg\u00f3cios","item":"https:\/\/www.suno.com.br\/noticias\/negocios\/"},{"@type":"ListItem","position":3,"name":"Copom mant\u00e9m taxa Selic a 13,75% ao ano pela 6\u00aa vez seguida; entenda por qu\u00ea"}]},{"@type":"WebSite","@id":"https:\/\/www.suno.com.br\/noticias\/#website","url":"https:\/\/www.suno.com.br\/noticias\/","name":"Suno Not\u00edcias","description":"Seu portal de informa\u00e7\u00e3o sobre o mundo dos investimentos","publisher":{"@id":"https:\/\/www.suno.com.br\/noticias\/#organization"},"potentialAction":[{"@type":"SearchAction","target":{"@type":"EntryPoint","urlTemplate":"https:\/\/www.suno.com.br\/noticias\/?s={search_term_string}"},"query-input":{"@type":"PropertyValueSpecification","valueRequired":true,"valueName":"search_term_string"}}],"inLanguage":"pt-BR"},{"@type":"Organization","@id":"https:\/\/www.suno.com.br\/noticias\/#organization","name":"Suno Not\u00edcias","url":"https:\/\/www.suno.com.br\/noticias\/","logo":{"@type":"ImageObject","inLanguage":"pt-BR","@id":"https:\/\/www.suno.com.br\/noticias\/#\/schema\/logo\/image\/","url":"https:\/\/files.sunoresearch.com.br\/n\/uploads\/2021\/09\/suno-logo.png","contentUrl":"https:\/\/files.sunoresearch.com.br\/n\/uploads\/2021\/09\/suno-logo.png","width":180,"height":180,"caption":"Suno Not\u00edcias"},"image":{"@id":"https:\/\/www.suno.com.br\/noticias\/#\/schema\/logo\/image\/"},"sameAs":["https:\/\/facebook.com\/sunoresearch","https:\/\/x.com\/sunoresearch","https:\/\/www.instagram.com\/suno","https:\/\/www.linkedin.com\/company\/suno-research\/","https:\/\/www.youtube.com\/c\/sunoresearch"]},{"@type":"Person","@id":"https:\/\/www.suno.com.br\/noticias\/#\/schema\/person\/829bbe8d57f84333b966b96229c6bf5f","name":"Marco Ant\u00f4nio Lopes","image":{"@type":"ImageObject","inLanguage":"pt-BR","@id":"https:\/\/www.suno.com.br\/noticias\/#\/schema\/person\/image\/","url":"https:\/\/secure.gravatar.com\/avatar\/385167b012fbc1cde32c5446ee253313?s=96&r=g","contentUrl":"https:\/\/secure.gravatar.com\/avatar\/385167b012fbc1cde32c5446ee253313?s=96&r=g","caption":"Marco Ant\u00f4nio Lopes"},"description":"Jornalista, \u00e9 editor no Suno Not\u00edcias. Trabalhou nas revistas Playboy, Super, Veja Comer &amp; Beber, Homem Vogue e Universo Masculino, al\u00e9m dos portais Abril.com, R7, nas editorias de Home, Esportes, Hora 7, Entretenimento e Geral, e Eu Quero Investir. Autor do livro Bruce Lee: Definitivo (Editora Conrad). Colaborou nas revistas Nova, Veja SP, Grandes Guerras, Placar, Bizz, Casa Claudia e Quatro Rodas.","url":"https:\/\/www.suno.com.br\/noticias\/author\/marco-lopes\/"}]}},"default_loop_html":"<div class=\"cardsPage__listCard__boxs\"><div class=\"cardsPage__listCard__boxs__img\"><a href=\"https:\/\/www.suno.com.br\/noticias\/copom-selic-decisao-juros-maio-2023\/\"><img class=\"mask\" src=\"https:\/\/www.suno.com.br\/noticias\/wp-content\/themes\/suno\/resources\/images\/spotlight\/spotlight1img\/bg-mask.png\" alt=\"Image Mask\"\/><img src=\"https:\/\/files.sunoresearch.com.br\/n\/uploads\/2023\/05\/Banco-Central-400x200.jpg\" alt=\"Copom mant\u00e9m taxa Selic a 13,75% ao ano pela 6\u00aa vez seguida; entenda por qu\u00ea\"\/><\/a><span class=\"spotlightCategory\"><a href=\"https:\/\/www.suno.com.br\/noticias\/negocios\/\">Neg\u00f3cios<\/a><\/span><\/div><div class=\"cardsPage__listCard__boxs__content\"><a href=\"https:\/\/www.suno.com.br\/noticias\/copom-selic-decisao-juros-maio-2023\/\"><h2 class=\"content__title\">Copom mant\u00e9m taxa Selic a 13,75% ao ano pela 6\u00aa vez seguida; entenda por qu\u00ea<\/h2><\/a><div class=\"newsContent__article__meta\"><div class=\"newsContent__article__meta__authorBox\"><a href=\"https:\/\/www.suno.com.br\/noticias\/author\/eduardo-vargas\/\" class=\"authorBox__avatar noMobi\"><img src=\"https:\/\/secure.gravatar.com\/avatar\/dac340933427a22924c9f99d1eb2e3f2?s=96&#038;r=g\" alt=\"Eduardo Vargas\"><\/a><div class=\"authorBox__name\"><span>por\n\t\t\t<a href=\"https:\/\/www.suno.com.br\/noticias\/author\/eduardo-vargas\/\"><span itemprop=\"author\">Eduardo Vargas<\/span><\/a><\/span><time datetime=\"2023-05-03T18:47:51-03:00\" itemprop=\"datePublished\">03\/05\/2023 18:47<\/time><\/div><\/div><\/div><\/div><\/div>","single_layout":"posts","amp_enabled":true,"_links":{"self":[{"href":"https:\/\/www.suno.com.br\/noticias\/wp-json\/wp\/v2\/posts\/398590"}],"collection":[{"href":"https:\/\/www.suno.com.br\/noticias\/wp-json\/wp\/v2\/posts"}],"about":[{"href":"https:\/\/www.suno.com.br\/noticias\/wp-json\/wp\/v2\/types\/post"}],"author":[{"embeddable":true,"href":"https:\/\/www.suno.com.br\/noticias\/wp-json\/wp\/v2\/users\/98"}],"replies":[{"embeddable":true,"href":"https:\/\/www.suno.com.br\/noticias\/wp-json\/wp\/v2\/comments?post=398590"}],"version-history":[{"count":3,"href":"https:\/\/www.suno.com.br\/noticias\/wp-json\/wp\/v2\/posts\/398590\/revisions"}],"predecessor-version":[{"id":399124,"href":"https:\/\/www.suno.com.br\/noticias\/wp-json\/wp\/v2\/posts\/398590\/revisions\/399124"}],"wp:featuredmedia":[{"embeddable":true,"href":"https:\/\/www.suno.com.br\/noticias\/wp-json\/wp\/v2\/media\/398802"}],"wp:attachment":[{"href":"https:\/\/www.suno.com.br\/noticias\/wp-json\/wp\/v2\/media?parent=398590"}],"wp:term":[{"taxonomy":"category","embeddable":true,"href":"https:\/\/www.suno.com.br\/noticias\/wp-json\/wp\/v2\/categories?post=398590"},{"taxonomy":"post_tag","embeddable":true,"href":"https:\/\/www.suno.com.br\/noticias\/wp-json\/wp\/v2\/tags?post=398590"},{"taxonomy":"suno_strategy","embeddable":true,"href":"https:\/\/www.suno.com.br\/noticias\/wp-json\/wp\/v2\/suno_strategy?post=398590"}],"curies":[{"name":"wp","href":"https:\/\/api.w.org\/{rel}","templated":true}]}}