{"id":39841,"date":"2019-10-03T20:57:09","date_gmt":"2019-10-03T23:57:09","guid":{"rendered":"https:\/\/www.suno.com.br\/noticias\/?p=39841"},"modified":"2019-10-03T20:57:09","modified_gmt":"2019-10-03T23:57:09","slug":"endividamento-familias-atinge-maior-valor-cnc","status":"publish","type":"post","link":"https:\/\/www.suno.com.br\/noticias\/endividamento-familias-atinge-maior-valor-cnc\/","title":{"rendered":"Endividamento de fam\u00edlias atinge maior valor em 6 anos, diz CNC"},"content":{"rendered":"<p>Pesquisa de Endividamento e Inadimpl\u00eancia do Consumidor <strong>(PEIC)<\/strong> divulgada nesta quinta-feira (03) mostra que por conta do n\u00e3o crescimento na renda, fam\u00edlias recorreram mais ao cr\u00e9dito no m\u00eas de setembro, tornando o per\u00edodo com a maior parcela de fam\u00edlias endividadas desde 2013. A informa\u00e7\u00e3o foi divulgada pelo jornal &#8220;Valor Econ\u00f4mico&#8221; em entrevista com a economista da Confedera\u00e7\u00e3o Nacional do Com\u00e9rcio de Bens, Servi\u00e7os e Turismo (CNC), Marianne Hanson.<\/p>\t<div class=\"wrapper-featured-image\">\n\t\t<figure class=\"spotlightImg\">\n\n\t\t\t<picture>\n\t\t\t\t<source media=\"(max-width: 768px)\" srcset=\"https:\/\/files.sunoresearch.com.br\/n\/uploads\/2019\/08\/a3d3bbd3-endividamento-400x200.webp\">\n\t\t\t\t<img loading=\"lazy\" decoding=\"async\" class=\"newsContent__article__imgCapa lazyloadDisabled newsContent__article__imgCapa--noCaption\" src=\"https:\/\/files.sunoresearch.com.br\/n\/uploads\/2019\/08\/a3d3bbd3-endividamento-jpg.webp\" width=\"800\" height=\"450\" alt=\"Endividamento de fam\u00edlias atinge maior valor em 6 anos, diz CNC\" fetchpriority=high \/>\n\t\t\t<\/picture>\n\n\t\t\t<figcaption class=\"wp-caption-text wp-caption-text--hide\">Endividamento de fam\u00edlias atinge maior valor em 6 anos, diz CNC<\/figcaption>\n\t\t<\/figure>\n\t<\/div>\n\n\n\n<p>Em setembro, o total de fam\u00edlias que declararam <a href=\"https:\/\/www.suno.com.br\/noticias\/endividamento-aumenta-80-consumidores-adimplentes\/\"><strong>endividamento<\/strong> <\/a>chegou a 65,1%. Em agosto, o valor tinha sido de 64,8%, j\u00e1 em setembro de 2018 foi de 60,7%. O resultado de setembro \u00e9 o maior desde julho de 2013, quando chegou a 65,2%.<\/p>\n<p>J\u00e1 em rela\u00e7\u00e3o a <strong>inadimpl\u00eancia,<\/strong> 24,5% das fam\u00edlias afirmaram n\u00e3o ter condi\u00e7\u00f5es de quitar <strong>d\u00e9bitos.<\/strong> O resultado foi superior ao de agosto (24,3%) e de setembro de 2018 (23,8%).<\/p>\n<p>Contudo, a economista do <strong>CNC<\/strong> n\u00e3o descartou a possibilidade de melhora do cen\u00e1rio a partir do quarto trimestre. A melhora ocorreria gra\u00e7as aos pagamentos de b\u00f4nus, 13\u00ba sal\u00e1rio e a autoriza\u00e7\u00e3o de saque de parte do <strong>Fundo<\/strong> <strong>de Garantia do Tempo de Servi\u00e7o (FGTS),<\/strong> dando maior folga ao or\u00e7amento das fam\u00edlias.<\/p>\n\t<p>\n\t\t<a href=\"https:\/\/lp.suno.com.br\/ebook-como-analisar-uma-acao\/\" target=\"_blank\" data-element=\"shortcode-suno-banner\" title=\"Banner SUNO, clique e saiba mais\">\n\t\t\t<picture>\n\t\t\t\t<source media=\"(max-width: 500px)\" srcset=\"https:\/\/files.sunoresearch.com.br\/n\/uploads\/2023\/03\/Ebook-Acoes-Mobile-1.jpg\">\n\t\t\t\t<img class=\"newsContent__article__imgCapa newsContent__article__imgCapa--banner\"\n\t\t\t\t\tsrc=\"https:\/\/files.sunoresearch.com.br\/n\/uploads\/2023\/03\/Ebook-Acoes-Desktop-1.jpg\"\n\t\t\t\t\tdata-promo-id=\"171998\"\t\t\t\t\t\t\t\t\t\twidth='1420' height='286'\t\t\t\t\talt=\"https:\/\/files.sunoresearch.com.br\/n\/uploads\/2023\/03\/Ebook-Acoes-Desktop-1.jpg\"\n\t\t\t\t>\n\t\t\t<\/picture>\n\t\t<\/a>\n\t<\/p>\n\n\n<p>\u201cComo existe essa restri\u00e7\u00e3o (de aumento de renda] no mercado de trabalho, h\u00e1 essa expans\u00e3o do cr\u00e9dito das fam\u00edlias. Como o mercado de trabalho n\u00e3o acompanha na mesma velocidade (a alta no acesso a empr\u00e9stimos), aumenta o comprometimento das fam\u00edlias, da renda, com endividamento\u201d, afirmou Hanson.<\/p>\n<p>Na pesquisa da <strong>CNC<\/strong>, a renda comprometida com d\u00edvidas das fam\u00edlias ficou em 29,8% no per\u00edodo de agosto e setembro, mas cresceu em compara\u00e7\u00e3o a setembro de 2018, quando registrou 29,6%.<\/p>\n\t<p>\n\t\t<a href=\"https:\/\/lp.suno.com.br\/lm\/simulador-de-renda-passiva\/\" target=\"_blank\" data-element=\"shortcode-suno-banner\" title=\"Banner SUNO, clique e saiba mais\">\n\t\t\t<picture>\n\t\t\t\t<source media=\"(max-width: 500px)\" srcset=\"https:\/\/files.sunoresearch.com.br\/n\/uploads\/2024\/04\/Lead-Magnet-400x300-1.png\">\n\t\t\t\t<img class=\"newsContent__article__imgCapa newsContent__article__imgCapa--banner\"\n\t\t\t\t\tsrc=\"https:\/\/files.sunoresearch.com.br\/n\/uploads\/2024\/04\/Lead-Magnet-1420x240-1.png\"\n\t\t\t\t\tdata-promo-id=\"543552\"\t\t\t\t\t\t\t\t\t\twidth='1420' height='240'\t\t\t\t\talt=\"https:\/\/files.sunoresearch.com.br\/n\/uploads\/2024\/04\/Lead-Magnet-1420x240-1.png\"\n\t\t\t\t>\n\t\t\t<\/picture>\n\t\t<\/a>\n\t<\/p>\n\n\n<p>Dos cen\u00e1rios de fam\u00edlias com mais endividamento, as mais afetadas s\u00e3o as de menor renda. Na pesquisa da <strong>CNC<\/strong>, duas faixas s\u00e3o citadas:<\/p>\n<ul>\n<li>A <strong>1\u00ba faixa<\/strong>, enquanto o cart\u00e3o de cr\u00e9dito foi citado por 77,7% dos endividados como principal modalidade de d\u00edvida.<\/li>\n<li>Na <strong>2\u00ba faixa<\/strong>, a fatia \u00e9 de 80%, acima da m\u00e9dia para todas as faixas (79,5%), registrando a maior da s\u00e9rie hist\u00f3rica da pesquisa.<\/li>\n<\/ul>\n<p>De acordo com a economista, o cart\u00e3o \u00e9 um meio de acesso a cr\u00e9dito mais r\u00e1pido e com menor burocracia do que outros perfis de empr\u00e9stimo, e por isso seria mais acess\u00edvel \u00e0s pessoas de baixa renda que se encontram neste momento entre os maiores n\u00edveis de <strong>endividamento<\/strong> do pa\u00eds.<\/p>\n","protected":false},"excerpt":{"rendered":"<p>Pesquisa de Endividamento e Inadimpl\u00eancia do Consumidor (PEIC) divulgada nesta quinta-feira (03) mostra que por conta do n\u00e3o crescimento na renda, fam\u00edlias recorreram mais ao cr\u00e9dito no m\u00eas de setembro, tornando o per\u00edodo com a maior parcela de fam\u00edlias endividadas desde 2013. A informa\u00e7\u00e3o foi divulgada pelo jornal &#8220;Valor Econ\u00f4mico&#8221; em entrevista com a economista [&hellip;]<\/p>\n","protected":false},"author":23,"featured_media":35396,"comment_status":"closed","ping_status":"closed","sticky":false,"template":"","format":"standard","meta":[],"categories":[65],"tags":[1289,1858,910],"suno_strategy":[],"class_list":["post-39841","post","type-post","status-publish","format-standard","has-post-thumbnail","hentry","category-financas-pessoais","tag-cnc","tag-endividamento","tag-fgts"],"yoast_head":"<!-- This site is optimized with the Yoast SEO plugin v24.4 - https:\/\/yoast.com\/wordpress\/plugins\/seo\/ -->\n<title>Endividamento de fam\u00edlias atinge maior valor em 6 anos, diz CNC<\/title>\n<meta name=\"description\" content=\"Pesquisa de Endividamento e Inadimpl\u00eancia do Consumidor mostra que fam\u00edlias buscaram mais ao cr\u00e9dito em setembro desde 2013. Clique par amais.\" \/>\n<meta name=\"robots\" content=\"index, follow, max-snippet:-1, max-image-preview:large, max-video-preview:-1\" \/>\n<link rel=\"canonical\" href=\"https:\/\/www.suno.com.br\/noticias\/endividamento-familias-atinge-maior-valor-cnc\/\" \/>\n<meta property=\"og:locale\" content=\"pt_BR\" \/>\n<meta property=\"og:type\" content=\"article\" \/>\n<meta property=\"og:title\" content=\"Endividamento de fam\u00edlias atinge maior valor em 6 anos, diz CNC\" \/>\n<meta property=\"og:description\" content=\"Pesquisa de Endividamento e Inadimpl\u00eancia do Consumidor mostra que fam\u00edlias buscaram mais ao cr\u00e9dito em setembro desde 2013. Clique par amais.\" \/>\n<meta property=\"og:url\" content=\"https:\/\/www.suno.com.br\/noticias\/endividamento-familias-atinge-maior-valor-cnc\/\" \/>\n<meta property=\"og:site_name\" content=\"Suno Not\u00edcias\" \/>\n<meta property=\"article:publisher\" content=\"https:\/\/facebook.com\/sunoresearch\" \/>\n<meta property=\"og:image\" content=\"https:\/\/files.sunoresearch.com.br\/n\/uploads\/2019\/08\/a3d3bbd3-endividamento.jpg\" \/>\n\t<meta property=\"og:image:width\" content=\"672\" \/>\n\t<meta property=\"og:image:height\" content=\"448\" \/>\n\t<meta property=\"og:image:type\" content=\"image\/jpeg\" \/>\n<meta name=\"author\" content=\"Rafael Lara\" \/>\n<meta name=\"twitter:card\" content=\"summary_large_image\" \/>\n<meta name=\"twitter:creator\" content=\"@sunoresearch\" \/>\n<meta name=\"twitter:site\" content=\"@sunoresearch\" \/>\n<meta name=\"twitter:label1\" content=\"Escrito por\" \/>\n\t<meta name=\"twitter:data1\" content=\"Rafael Lara\" \/>\n\t<meta name=\"twitter:label2\" content=\"Est. tempo de leitura\" \/>\n\t<meta name=\"twitter:data2\" content=\"2 minutos\" \/>\n<script type=\"application\/ld+json\" class=\"yoast-schema-graph\">{\"@context\":\"https:\/\/schema.org\",\"@graph\":[{\"@type\":\"NewsArticle\",\"@id\":\"https:\/\/www.suno.com.br\/noticias\/endividamento-familias-atinge-maior-valor-cnc\/#article\",\"isPartOf\":{\"@id\":\"https:\/\/www.suno.com.br\/noticias\/endividamento-familias-atinge-maior-valor-cnc\/\"},\"author\":{\"name\":\"Rafael Lara\",\"@id\":\"https:\/\/www.suno.com.br\/noticias\/#\/schema\/person\/098743caeed97b37f51315c9576c4078\"},\"headline\":\"Endividamento de fam\u00edlias atinge maior valor em 6 anos, diz CNC\",\"datePublished\":\"2019-10-03T23:57:09+00:00\",\"mainEntityOfPage\":{\"@id\":\"https:\/\/www.suno.com.br\/noticias\/endividamento-familias-atinge-maior-valor-cnc\/\"},\"wordCount\":435,\"publisher\":{\"@id\":\"https:\/\/www.suno.com.br\/noticias\/#organization\"},\"image\":{\"@id\":\"https:\/\/www.suno.com.br\/noticias\/endividamento-familias-atinge-maior-valor-cnc\/#primaryimage\"},\"thumbnailUrl\":\"https:\/\/files.sunoresearch.com.br\/n\/uploads\/2019\/08\/a3d3bbd3-endividamento-jpg.webp\",\"keywords\":[\"CNC\",\"endividamento\",\"FGTS\"],\"articleSection\":[\"Finan\u00e7as Pessoais\"],\"inLanguage\":\"pt-BR\"},{\"@type\":\"WebPage\",\"@id\":\"https:\/\/www.suno.com.br\/noticias\/endividamento-familias-atinge-maior-valor-cnc\/\",\"url\":\"https:\/\/www.suno.com.br\/noticias\/endividamento-familias-atinge-maior-valor-cnc\/\",\"name\":\"Endividamento de fam\u00edlias atinge maior valor em 6 anos, diz CNC\",\"isPartOf\":{\"@id\":\"https:\/\/www.suno.com.br\/noticias\/#website\"},\"primaryImageOfPage\":{\"@id\":\"https:\/\/www.suno.com.br\/noticias\/endividamento-familias-atinge-maior-valor-cnc\/#primaryimage\"},\"image\":{\"@id\":\"https:\/\/www.suno.com.br\/noticias\/endividamento-familias-atinge-maior-valor-cnc\/#primaryimage\"},\"thumbnailUrl\":\"https:\/\/files.sunoresearch.com.br\/n\/uploads\/2019\/08\/a3d3bbd3-endividamento-jpg.webp\",\"datePublished\":\"2019-10-03T23:57:09+00:00\",\"description\":\"Pesquisa de Endividamento e Inadimpl\u00eancia do Consumidor mostra que fam\u00edlias buscaram mais ao cr\u00e9dito em setembro desde 2013. Clique par amais.\",\"breadcrumb\":{\"@id\":\"https:\/\/www.suno.com.br\/noticias\/endividamento-familias-atinge-maior-valor-cnc\/#breadcrumb\"},\"inLanguage\":\"pt-BR\",\"potentialAction\":[{\"@type\":\"ReadAction\",\"target\":[\"https:\/\/www.suno.com.br\/noticias\/endividamento-familias-atinge-maior-valor-cnc\/\"]}]},{\"@type\":\"ImageObject\",\"inLanguage\":\"pt-BR\",\"@id\":\"https:\/\/www.suno.com.br\/noticias\/endividamento-familias-atinge-maior-valor-cnc\/#primaryimage\",\"url\":\"https:\/\/files.sunoresearch.com.br\/n\/uploads\/2019\/08\/a3d3bbd3-endividamento-jpg.webp\",\"contentUrl\":\"https:\/\/files.sunoresearch.com.br\/n\/uploads\/2019\/08\/a3d3bbd3-endividamento-jpg.webp\",\"width\":672,\"height\":448,\"caption\":\"Endividamento de fam\u00edlias atinge maior valor em 6 anos, diz CNC\"},{\"@type\":\"BreadcrumbList\",\"@id\":\"https:\/\/www.suno.com.br\/noticias\/endividamento-familias-atinge-maior-valor-cnc\/#breadcrumb\",\"itemListElement\":[{\"@type\":\"ListItem\",\"position\":1,\"name\":\"Not\u00edcias\",\"item\":\"https:\/\/www.suno.com.br\/noticias\/\"},{\"@type\":\"ListItem\",\"position\":2,\"name\":\"Finan\u00e7as Pessoais\",\"item\":\"https:\/\/www.suno.com.br\/noticias\/financas-pessoais\/\"},{\"@type\":\"ListItem\",\"position\":3,\"name\":\"Endividamento de fam\u00edlias atinge maior valor em 6 anos, diz CNC\"}]},{\"@type\":\"WebSite\",\"@id\":\"https:\/\/www.suno.com.br\/noticias\/#website\",\"url\":\"https:\/\/www.suno.com.br\/noticias\/\",\"name\":\"Suno Not\u00edcias\",\"description\":\"Seu portal de informa\u00e7\u00e3o sobre o mundo dos investimentos\",\"publisher\":{\"@id\":\"https:\/\/www.suno.com.br\/noticias\/#organization\"},\"potentialAction\":[{\"@type\":\"SearchAction\",\"target\":{\"@type\":\"EntryPoint\",\"urlTemplate\":\"https:\/\/www.suno.com.br\/noticias\/?s={search_term_string}\"},\"query-input\":{\"@type\":\"PropertyValueSpecification\",\"valueRequired\":true,\"valueName\":\"search_term_string\"}}],\"inLanguage\":\"pt-BR\"},{\"@type\":\"Organization\",\"@id\":\"https:\/\/www.suno.com.br\/noticias\/#organization\",\"name\":\"Suno Not\u00edcias\",\"url\":\"https:\/\/www.suno.com.br\/noticias\/\",\"logo\":{\"@type\":\"ImageObject\",\"inLanguage\":\"pt-BR\",\"@id\":\"https:\/\/www.suno.com.br\/noticias\/#\/schema\/logo\/image\/\",\"url\":\"https:\/\/files.sunoresearch.com.br\/n\/uploads\/2021\/09\/suno-logo.png\",\"contentUrl\":\"https:\/\/files.sunoresearch.com.br\/n\/uploads\/2021\/09\/suno-logo.png\",\"width\":180,\"height\":180,\"caption\":\"Suno Not\u00edcias\"},\"image\":{\"@id\":\"https:\/\/www.suno.com.br\/noticias\/#\/schema\/logo\/image\/\"},\"sameAs\":[\"https:\/\/facebook.com\/sunoresearch\",\"https:\/\/x.com\/sunoresearch\",\"https:\/\/www.instagram.com\/suno\",\"https:\/\/www.linkedin.com\/company\/suno-research\/\",\"https:\/\/www.youtube.com\/c\/sunoresearch\"]},{\"@type\":\"Person\",\"@id\":\"https:\/\/www.suno.com.br\/noticias\/#\/schema\/person\/098743caeed97b37f51315c9576c4078\",\"name\":\"Rafael Lara\",\"image\":{\"@type\":\"ImageObject\",\"inLanguage\":\"pt-BR\",\"@id\":\"https:\/\/www.suno.com.br\/noticias\/#\/schema\/person\/image\/\",\"url\":\"https:\/\/secure.gravatar.com\/avatar\/dfc254ab9bb2ea1895d98b9e9dae4bdd?s=96&r=g\",\"contentUrl\":\"https:\/\/secure.gravatar.com\/avatar\/dfc254ab9bb2ea1895d98b9e9dae4bdd?s=96&r=g\",\"caption\":\"Rafael Lara\"},\"description\":\"Rafael Lara cursa jornalismo na Faculdade C\u00e1sper L\u00edbero. Escreve sobre pol\u00edtica, economia e neg\u00f3cios para o portal Suno Not\u00edcias. Antes, colaborou na TV Gazeta na produ\u00e7\u00e3o do programa Edi\u00e7\u00e3o Extra.\",\"url\":\"https:\/\/www.suno.com.br\/noticias\/author\/rafael\/\"}]}<\/script>\n<!-- \/ Yoast SEO plugin. -->","yoast_head_json":{"title":"Endividamento de fam\u00edlias atinge maior valor em 6 anos, diz CNC","description":"Pesquisa de Endividamento e Inadimpl\u00eancia do Consumidor mostra que fam\u00edlias buscaram mais ao cr\u00e9dito em setembro desde 2013. Clique par amais.","robots":{"index":"index","follow":"follow","max-snippet":"max-snippet:-1","max-image-preview":"max-image-preview:large","max-video-preview":"max-video-preview:-1"},"canonical":"https:\/\/www.suno.com.br\/noticias\/endividamento-familias-atinge-maior-valor-cnc\/","og_locale":"pt_BR","og_type":"article","og_title":"Endividamento de fam\u00edlias atinge maior valor em 6 anos, diz CNC","og_description":"Pesquisa de Endividamento e Inadimpl\u00eancia do Consumidor mostra que fam\u00edlias buscaram mais ao cr\u00e9dito em setembro desde 2013. Clique par amais.","og_url":"https:\/\/www.suno.com.br\/noticias\/endividamento-familias-atinge-maior-valor-cnc\/","og_site_name":"Suno Not\u00edcias","article_publisher":"https:\/\/facebook.com\/sunoresearch","og_image":[{"width":672,"height":448,"url":"https:\/\/files.sunoresearch.com.br\/n\/uploads\/2019\/08\/a3d3bbd3-endividamento.jpg","type":"image\/jpeg"}],"author":"Rafael Lara","twitter_card":"summary_large_image","twitter_creator":"@sunoresearch","twitter_site":"@sunoresearch","twitter_misc":{"Escrito por":"Rafael Lara","Est. tempo de leitura":"2 minutos"},"schema":{"@context":"https:\/\/schema.org","@graph":[{"@type":"NewsArticle","@id":"https:\/\/www.suno.com.br\/noticias\/endividamento-familias-atinge-maior-valor-cnc\/#article","isPartOf":{"@id":"https:\/\/www.suno.com.br\/noticias\/endividamento-familias-atinge-maior-valor-cnc\/"},"author":{"name":"Rafael Lara","@id":"https:\/\/www.suno.com.br\/noticias\/#\/schema\/person\/098743caeed97b37f51315c9576c4078"},"headline":"Endividamento de fam\u00edlias atinge maior valor em 6 anos, diz CNC","datePublished":"2019-10-03T23:57:09+00:00","mainEntityOfPage":{"@id":"https:\/\/www.suno.com.br\/noticias\/endividamento-familias-atinge-maior-valor-cnc\/"},"wordCount":435,"publisher":{"@id":"https:\/\/www.suno.com.br\/noticias\/#organization"},"image":{"@id":"https:\/\/www.suno.com.br\/noticias\/endividamento-familias-atinge-maior-valor-cnc\/#primaryimage"},"thumbnailUrl":"https:\/\/files.sunoresearch.com.br\/n\/uploads\/2019\/08\/a3d3bbd3-endividamento-jpg.webp","keywords":["CNC","endividamento","FGTS"],"articleSection":["Finan\u00e7as Pessoais"],"inLanguage":"pt-BR"},{"@type":"WebPage","@id":"https:\/\/www.suno.com.br\/noticias\/endividamento-familias-atinge-maior-valor-cnc\/","url":"https:\/\/www.suno.com.br\/noticias\/endividamento-familias-atinge-maior-valor-cnc\/","name":"Endividamento de fam\u00edlias atinge maior valor em 6 anos, diz CNC","isPartOf":{"@id":"https:\/\/www.suno.com.br\/noticias\/#website"},"primaryImageOfPage":{"@id":"https:\/\/www.suno.com.br\/noticias\/endividamento-familias-atinge-maior-valor-cnc\/#primaryimage"},"image":{"@id":"https:\/\/www.suno.com.br\/noticias\/endividamento-familias-atinge-maior-valor-cnc\/#primaryimage"},"thumbnailUrl":"https:\/\/files.sunoresearch.com.br\/n\/uploads\/2019\/08\/a3d3bbd3-endividamento-jpg.webp","datePublished":"2019-10-03T23:57:09+00:00","description":"Pesquisa de Endividamento e Inadimpl\u00eancia do Consumidor mostra que fam\u00edlias buscaram mais ao cr\u00e9dito em setembro desde 2013. Clique par amais.","breadcrumb":{"@id":"https:\/\/www.suno.com.br\/noticias\/endividamento-familias-atinge-maior-valor-cnc\/#breadcrumb"},"inLanguage":"pt-BR","potentialAction":[{"@type":"ReadAction","target":["https:\/\/www.suno.com.br\/noticias\/endividamento-familias-atinge-maior-valor-cnc\/"]}]},{"@type":"ImageObject","inLanguage":"pt-BR","@id":"https:\/\/www.suno.com.br\/noticias\/endividamento-familias-atinge-maior-valor-cnc\/#primaryimage","url":"https:\/\/files.sunoresearch.com.br\/n\/uploads\/2019\/08\/a3d3bbd3-endividamento-jpg.webp","contentUrl":"https:\/\/files.sunoresearch.com.br\/n\/uploads\/2019\/08\/a3d3bbd3-endividamento-jpg.webp","width":672,"height":448,"caption":"Endividamento de fam\u00edlias atinge maior valor em 6 anos, diz CNC"},{"@type":"BreadcrumbList","@id":"https:\/\/www.suno.com.br\/noticias\/endividamento-familias-atinge-maior-valor-cnc\/#breadcrumb","itemListElement":[{"@type":"ListItem","position":1,"name":"Not\u00edcias","item":"https:\/\/www.suno.com.br\/noticias\/"},{"@type":"ListItem","position":2,"name":"Finan\u00e7as Pessoais","item":"https:\/\/www.suno.com.br\/noticias\/financas-pessoais\/"},{"@type":"ListItem","position":3,"name":"Endividamento de fam\u00edlias atinge maior valor em 6 anos, diz CNC"}]},{"@type":"WebSite","@id":"https:\/\/www.suno.com.br\/noticias\/#website","url":"https:\/\/www.suno.com.br\/noticias\/","name":"Suno Not\u00edcias","description":"Seu portal de informa\u00e7\u00e3o sobre o mundo dos investimentos","publisher":{"@id":"https:\/\/www.suno.com.br\/noticias\/#organization"},"potentialAction":[{"@type":"SearchAction","target":{"@type":"EntryPoint","urlTemplate":"https:\/\/www.suno.com.br\/noticias\/?s={search_term_string}"},"query-input":{"@type":"PropertyValueSpecification","valueRequired":true,"valueName":"search_term_string"}}],"inLanguage":"pt-BR"},{"@type":"Organization","@id":"https:\/\/www.suno.com.br\/noticias\/#organization","name":"Suno Not\u00edcias","url":"https:\/\/www.suno.com.br\/noticias\/","logo":{"@type":"ImageObject","inLanguage":"pt-BR","@id":"https:\/\/www.suno.com.br\/noticias\/#\/schema\/logo\/image\/","url":"https:\/\/files.sunoresearch.com.br\/n\/uploads\/2021\/09\/suno-logo.png","contentUrl":"https:\/\/files.sunoresearch.com.br\/n\/uploads\/2021\/09\/suno-logo.png","width":180,"height":180,"caption":"Suno Not\u00edcias"},"image":{"@id":"https:\/\/www.suno.com.br\/noticias\/#\/schema\/logo\/image\/"},"sameAs":["https:\/\/facebook.com\/sunoresearch","https:\/\/x.com\/sunoresearch","https:\/\/www.instagram.com\/suno","https:\/\/www.linkedin.com\/company\/suno-research\/","https:\/\/www.youtube.com\/c\/sunoresearch"]},{"@type":"Person","@id":"https:\/\/www.suno.com.br\/noticias\/#\/schema\/person\/098743caeed97b37f51315c9576c4078","name":"Rafael Lara","image":{"@type":"ImageObject","inLanguage":"pt-BR","@id":"https:\/\/www.suno.com.br\/noticias\/#\/schema\/person\/image\/","url":"https:\/\/secure.gravatar.com\/avatar\/dfc254ab9bb2ea1895d98b9e9dae4bdd?s=96&r=g","contentUrl":"https:\/\/secure.gravatar.com\/avatar\/dfc254ab9bb2ea1895d98b9e9dae4bdd?s=96&r=g","caption":"Rafael Lara"},"description":"Rafael Lara cursa jornalismo na Faculdade C\u00e1sper L\u00edbero. Escreve sobre pol\u00edtica, economia e neg\u00f3cios para o portal Suno Not\u00edcias. Antes, colaborou na TV Gazeta na produ\u00e7\u00e3o do programa Edi\u00e7\u00e3o Extra.","url":"https:\/\/www.suno.com.br\/noticias\/author\/rafael\/"}]}},"default_loop_html":"<div class=\"cardsPage__listCard__boxs\"><div class=\"cardsPage__listCard__boxs__img\"><a href=\"https:\/\/www.suno.com.br\/noticias\/endividamento-familias-atinge-maior-valor-cnc\/\"><img class=\"mask\" src=\"https:\/\/www.suno.com.br\/noticias\/wp-content\/themes\/suno\/resources\/images\/spotlight\/spotlight1img\/bg-mask.png\" alt=\"Image Mask\"\/><img src=\"https:\/\/files.sunoresearch.com.br\/n\/uploads\/2019\/08\/a3d3bbd3-endividamento-400x200.webp\" alt=\"Endividamento de fam\u00edlias atinge maior valor em 6 anos, diz CNC\"\/><\/a><span class=\"spotlightCategory\"><a href=\"https:\/\/www.suno.com.br\/noticias\/financas-pessoais\/\">Finan\u00e7as Pessoais<\/a><\/span><\/div><div class=\"cardsPage__listCard__boxs__content\"><a href=\"https:\/\/www.suno.com.br\/noticias\/endividamento-familias-atinge-maior-valor-cnc\/\"><h2 class=\"content__title\">Endividamento de fam\u00edlias atinge maior valor em 6 anos, diz CNC<\/h2><\/a><div class=\"newsContent__article__meta\"><div class=\"newsContent__article__meta__authorBox\"><a href=\"https:\/\/www.suno.com.br\/noticias\/author\/rafael\/\" class=\"authorBox__avatar noMobi\"><img src=\"https:\/\/secure.gravatar.com\/avatar\/dfc254ab9bb2ea1895d98b9e9dae4bdd?s=96&#038;r=g\" alt=\"Rafael Lara\"><\/a><div class=\"authorBox__name\"><span>por\n\t\t\t<a href=\"https:\/\/www.suno.com.br\/noticias\/author\/rafael\/\"><span itemprop=\"author\">Rafael Lara<\/span><\/a><\/span><time datetime=\"2019-10-03T20:57:09-03:00\" itemprop=\"datePublished\">03\/10\/2019 20:57<\/time><\/div><\/div><\/div><\/div><\/div>","single_layout":"posts","amp_enabled":true,"_links":{"self":[{"href":"https:\/\/www.suno.com.br\/noticias\/wp-json\/wp\/v2\/posts\/39841"}],"collection":[{"href":"https:\/\/www.suno.com.br\/noticias\/wp-json\/wp\/v2\/posts"}],"about":[{"href":"https:\/\/www.suno.com.br\/noticias\/wp-json\/wp\/v2\/types\/post"}],"author":[{"embeddable":true,"href":"https:\/\/www.suno.com.br\/noticias\/wp-json\/wp\/v2\/users\/23"}],"replies":[{"embeddable":true,"href":"https:\/\/www.suno.com.br\/noticias\/wp-json\/wp\/v2\/comments?post=39841"}],"version-history":[{"count":0,"href":"https:\/\/www.suno.com.br\/noticias\/wp-json\/wp\/v2\/posts\/39841\/revisions"}],"wp:featuredmedia":[{"embeddable":true,"href":"https:\/\/www.suno.com.br\/noticias\/wp-json\/wp\/v2\/media\/35396"}],"wp:attachment":[{"href":"https:\/\/www.suno.com.br\/noticias\/wp-json\/wp\/v2\/media?parent=39841"}],"wp:term":[{"taxonomy":"category","embeddable":true,"href":"https:\/\/www.suno.com.br\/noticias\/wp-json\/wp\/v2\/categories?post=39841"},{"taxonomy":"post_tag","embeddable":true,"href":"https:\/\/www.suno.com.br\/noticias\/wp-json\/wp\/v2\/tags?post=39841"},{"taxonomy":"suno_strategy","embeddable":true,"href":"https:\/\/www.suno.com.br\/noticias\/wp-json\/wp\/v2\/suno_strategy?post=39841"}],"curies":[{"name":"wp","href":"https:\/\/api.w.org\/{rel}","templated":true}]}}