{"id":398216,"date":"2023-05-02T23:03:21","date_gmt":"2023-05-03T02:03:21","guid":{"rendered":"https:\/\/www.suno.com.br\/noticias\/?p=398216"},"modified":"2023-05-02T23:03:37","modified_gmt":"2023-05-03T02:03:37","slug":"radar-petrobras-petr4-lojas-renner-lren3-banco-do-brasil-bbas3","status":"publish","type":"post","link":"https:\/\/www.suno.com.br\/noticias\/radar-petrobras-petr4-lojas-renner-lren3-banco-do-brasil-bbas3\/","title":{"rendered":"Radar: Petrobras (PETR4) desiste de venda em projeto, Renner (LREN3) sofre com \u2018efeito Shein\u2019 e Banco do Brasil (BBAS3) \u00e9 acusado de calote em aluguel de FII"},"content":{"rendered":"<p>A&nbsp;<strong>Petrobras<\/strong>&nbsp;(PETR4) poder\u00e1 desistir da venda de sua participa\u00e7\u00e3o de 44% no bloco Tayrona, projeto offshore de g\u00e1s na Col\u00f4mbia em parceria com a Ecopetrol. A informa\u00e7\u00e3o foi dada \u00e0 Reuters pelo diretor de desenvolvimento de produ\u00e7\u00e3o, Carlos Travassos. Ao Suno Not\u00edcias, a estatal confirmou as declara\u00e7\u00f5es do executivo.<\/p>\t<div class=\"wrapper-featured-image\">\n\t\t<figure class=\"spotlightImg\">\n\n\t\t\t<picture>\n\t\t\t\t<source media=\"(max-width: 768px)\" srcset=\"https:\/\/files.sunoresearch.com.br\/n\/uploads\/2023\/04\/edificio-sede-da-Petrobras-Edise-400x200.jpg\">\n\t\t\t\t<img loading=\"lazy\" decoding=\"async\" class=\"newsContent__article__imgCapa lazyloadDisabled \" src=\"https:\/\/files.sunoresearch.com.br\/n\/uploads\/2023\/04\/edificio-sede-da-Petrobras-Edise-800x450.jpg\" width=\"800\" height=\"450\" alt=\"Radar: Petrobras (PETR4) desiste de venda em projeto, Renner (LREN3) sofre com \u2018efeito Shein\u2019 e Banco do Brasil (BBAS3) \u00e9 acusado de calote em aluguel de FII\" fetchpriority=high \/>\n\t\t\t<\/picture>\n\n\t\t\t<figcaption class=\"wp-caption-text wp-caption-text--show\">Petrobras (PETR4) - Foto: Ag\u00eancia Petrobras<\/figcaption>\n\t\t<\/figure>\n\t<\/div>\n\n\n\n\n\n\t<p>\n\t\t<a href=\"https:\/\/lp.suno.com.br\/planilha-da-vida-financeira\/\" target=\"_blank\" data-element=\"shortcode-suno-banner\" title=\"Banner SUNO, clique e saiba mais\">\n\t\t\t<picture>\n\t\t\t\t<source media=\"(max-width: 500px)\" srcset=\"https:\/\/files.sunoresearch.com.br\/n\/uploads\/2023\/04\/400x300-Planilha-vida-financeira-true.png\">\n\t\t\t\t<img class=\"newsContent__article__imgCapa newsContent__article__imgCapa--banner\"\n\t\t\t\t\tsrc=\"https:\/\/files.sunoresearch.com.br\/n\/uploads\/2023\/04\/1420x240-Planilha-vida-financeira-true.png\"\n\t\t\t\t\tdata-promo-id=\"106682\"\t\t\t\t\t\t\t\t\t\twidth='1420' height='240'\t\t\t\t\talt=\"https:\/\/files.sunoresearch.com.br\/n\/uploads\/2023\/04\/1420x240-Planilha-vida-financeira-true.png\"\n\t\t\t\t>\n\t\t\t<\/picture>\n\t\t<\/a>\n\t<\/p>\n\n\n\n\n\n\n\n<p>\u201cN\u00e3o mais\u201d, disse Travassos em uma confer\u00eancia de energia em Houston ontem (1). \u201cVimos a relev\u00e2ncia disso\u201d.<\/p>\n\n\n\n<p>Na noite desta ter\u00e7a, em&nbsp;<a href=\"https:\/\/www.rad.cvm.gov.br\/ENET\/frmExibirArquivoIPEExterno.aspx?NumeroProtocoloEntrega=1095417\" target=\"_blank\" rel=\"noreferrer noopener\">documento arquivado na Comiss\u00e3o de Valores Mobili\u00e1rios (CVM)<\/a>, a petroleira afirmou que o processo de desinvestimento [<em>do Bloco Tayrona<\/em>] foi encerrado em 2020, ap\u00f3s n\u00e3o ter tido propostas vinculantes na ocasi\u00e3o.<\/p>\n\n\n\n<p>\u201cA Companhia entendeu, na \u00e9poca, que seria mais adequado n\u00e3o relan\u00e7ar o teaser do projeto para aguardar os resultados da perfura\u00e7\u00e3o dos po\u00e7os na regi\u00e3o\u201d, diz o comunicado.<\/p>\n\n\n\n<p>A Petrobras havia colocado sua participa\u00e7\u00e3o \u00e0 venda ap\u00f3s maus resultados de explora\u00e7\u00e3o em um po\u00e7o anterior, mas reviu o plano ap\u00f3s identificar a relev\u00e2ncia do projeto.<\/p>\n\n\n\n<p>Vale lembrar que a descoberta de g\u00e1s natural no po\u00e7o de \u00e1guas profundas Uchuva-1, no bloco Tayrona, foi anunciada pela Petrobras e a Ecopetrol no ano passado. Segundo proje\u00e7\u00f5es da Ecopetrol, o bloco Tayrona dever\u00e1 fornecer a primeira produ\u00e7\u00e3o de g\u00e1s da Col\u00f4mbia em campos de \u00e1guas profundas em 2026, conectando-se \u00e0 infraestrutura pr\u00f3xima.<\/p>\n\n\n\n<p>Al\u00e9m de Petrobras, confira outros destaques desta ter\u00e7a-feira:<\/p>\n\n\n\n<h2 class=\"wp-block-heading\">Lojas Renner (LREN3) \u00e9 atingida por \u2018efeito Shein\u2019; a\u00e7\u00e3o sofre duplo rebaixamento \u00e0s v\u00e9speras de balan\u00e7o do 1T23<\/h2>\n\n\n\n<ul class=\"wp-block-list\">\n<li>A&nbsp;<a href=\"https:\/\/www.suno.com.br\/acoes\/LREN3\/\" target=\"_blank\" rel=\"noreferrer noopener\"><strong>Lojas Renner<\/strong>&nbsp;(LREN3)<\/a>&nbsp;apresenta seu balan\u00e7o do primeiro trimestre de 2023 nesta quarta (3). Por\u00e9m, o \u201cefeito Shein\u201d caiu como uma bomba na empresa, para a Genial Investimentos. Por isso, os analistas da casa reduziram o pre\u00e7o-alvo e a recomenda\u00e7\u00e3o de compra do papel.<\/li>\n<\/ul>\n\n\n\n<ul class=\"wp-block-list\">\n<li>Agora, as&nbsp;<strong>a\u00e7\u00f5es da Renner<\/strong>&nbsp;contam com recomenda\u00e7\u00e3o manter (ante comprar), com o pre\u00e7o-alvo de R$ 20,50 (ante R$ 36,25).<\/li>\n<\/ul>\n\n\n\n<ul class=\"wp-block-list\">\n<li>\u201cDiferente de nossa proje\u00e7\u00e3o inicial -esper\u00e1vamos uma recupera\u00e7\u00e3o sequencial no 1T23 -, acreditamos que o varejo vestu\u00e1rio de baixa renda ter\u00e1 um primeiro semestre de 2023 ainda desafiador, dada a maior competi\u00e7\u00e3o&nbsp;<em>low price&nbsp;<\/em>da&nbsp;<strong>Shein<\/strong>&nbsp;e sensibilidade de pre\u00e7o do consumidor\u201d, dizem os analistas da Genial Iago Souza, Vinicius Esteves e Nina Mirazon.<\/li>\n<\/ul>\n\n\n\n<ul class=\"wp-block-list\">\n<li>&#8220;Dado o aumento de competitividade e um ambiente macroecon\u00f4mico ainda desafiador para Realize e Camicado, estamos atualizando a nossa proje\u00e7\u00e3o-base para Renner no curto prazo. Em nossa vis\u00e3o, a companhia precisar\u00e1 de mais tempo para conseguir fechar o gap de rentabilidade apresentada em 2019&#8221;.<\/li>\n<\/ul>\n\n\n\n<ul class=\"wp-block-list\">\n<li>\u201cAs nossas proje\u00e7\u00f5es de ind\u00fastria apontam que os meses entre abril e junho ainda devem se mostrar dif\u00edceis para o crescimento de&nbsp;<strong>receita da Renner<\/strong>, que sofre em meio a competitividade e uma base de compara\u00e7\u00e3o muito forte (2T22)\u201d, refor\u00e7am os especialistas.<\/li>\n<\/ul>\n\n\n\n<h2 class=\"wp-block-heading\">Banco do Brasil (BBAS3) \u00e9 acusado de n\u00e3o pagar aluguel e fundo imobili\u00e1rio diz que rendimentos ser\u00e3o afetados; empresa nega inadimpl\u00eancia<\/h2>\n\n\n\n<ul class=\"wp-block-list\">\n<li>O&nbsp;<strong>Banco do Brasil<\/strong>&nbsp;(BBAS3) foi acusado pelo&nbsp;<a href=\"https:\/\/www.suno.com.br\/acoes\/BPAC11\/\" target=\"_blank\" rel=\"noreferrer noopener\">BTG Pactual (BPAC11)<\/a>&nbsp;de n\u00e3o pagar o aluguel do im\u00f3vel CARJ, localizado no Rio de Janeiro (RJ). Por isso, os administradores do fundo imobili\u00e1rio&nbsp;<a href=\"https:\/\/www.suno.com.br\/fundos-imobiliarios\/bbfi11b\/\" target=\"_blank\" rel=\"noreferrer noopener\">BBFI11B<\/a>&nbsp;disseram que a distribui\u00e7\u00e3o dos rendimentos do m\u00eas ser\u00e1 afetada. Ao Suno Not\u00edcias, o banco negou que esteja inadimplente.<\/li>\n<\/ul>\n\n\n\n<ul class=\"wp-block-list\">\n<li>\u201cAt\u00e9 a presente data, o fundo n\u00e3o recebeu a totalidade do pagamento do aluguel referente \u00e0<br>compet\u00eancia do m\u00eas de abril de 2023, devido pelo Banco do Brasil, pela loca\u00e7\u00e3o do im\u00f3vel CARJ, localizado no Rio de Janeiro. Dessa forma, a distribui\u00e7\u00e3o de rendimentos do fundo foi impactada negativamente em, aproximadamente, R$ 7,35 por cota\u201d, disseram os administradores do&nbsp;<strong>BBFI11B<\/strong>&nbsp;em&nbsp;<a href=\"https:\/\/www.suno.com.br\/artigos\/fato-relevante\/\" target=\"_blank\" rel=\"noreferrer noopener\">fato relevante<\/a>&nbsp;publicado na sexta (28).<\/li>\n<\/ul>\n\n\n\n<ul class=\"wp-block-list\">\n<li>No comunicado, os administradores do&nbsp;<strong>fundo imobili\u00e1rio<\/strong>&nbsp;tamb\u00e9m disseram que n\u00e3o receberam os valores da \u201ca\u00e7\u00e3o renovat\u00f3ria de aluguel\u201d, tema que segue em discuss\u00e3o na Justi\u00e7a. De acordo com os gestores, esse d\u00e9bito tamb\u00e9m ser\u00e1 incluso na inadimpl\u00eancia parcial total, que totalizava at\u00e9 a \u00faltima sexta o valor de R$ 15 milh\u00f5es, sem considerar juros, multa e corre\u00e7\u00e3o monet\u00e1ria.<\/li>\n<\/ul>\n\n\n\n<ul class=\"wp-block-list\">\n<li>Procurado pelo Suno Not\u00edcias, o Banco do Brasil refor\u00e7ou que o debate em torno deste im\u00f3vel est\u00e1 sendo realizado na Justi\u00e7a e que as chaves da propriedade j\u00e1 foram entregues em ju\u00edzo. Confira o posicionamento na \u00edntegra:<\/li>\n<\/ul>\n\n\n\n<ul class=\"wp-block-list\">\n<li><em>O BB refuta a informa\u00e7\u00e3o de que exista inadimpl\u00eancia, j\u00e1 que h\u00e1 um debate judicial em curso sobre o caso, inclusive com a realiza\u00e7\u00e3o da entrega das chaves em ju\u00edzo. Cabe destacar que a sa\u00edda do CARJ se trata de decis\u00e3o administrativa rotineira na gest\u00e3o imobili\u00e1ria, que buscou sa\u00eddas amig\u00e1veis ao longo de todo o processo, mas que culminou na necessidade de entrega judicial do im\u00f3vel, sem qualquer inadimpl\u00eancia por parte do Banco.<\/em><\/li>\n<\/ul>\n\n\n\n<h2 class=\"wp-block-heading\">Arezzo (ARZZ3) tem alta de 27% no lucro do 1T23, para R$ 72 mi; empresa anuncia recompra de a\u00e7\u00f5es<\/h2>\n\n\n\n<ul class=\"wp-block-list\">\n<li>A&nbsp;<strong>Arezzo<\/strong>&nbsp;(ARZZ3) divulgou nesta ter\u00e7a-feira (02), seus resultados financeiros do primeiro trimestre de 2023 (1T23). A companhia apresentou um&nbsp;<a href=\"https:\/\/www.suno.com.br\/artigos\/lucro-liquido\/\" target=\"_blank\" rel=\"noreferrer noopener\">lucro l\u00edquido<\/a>&nbsp;recorrente de R$ 73,1 milh\u00f5es, um aumento de 27% em rela\u00e7\u00e3o ao mesmo per\u00edodo do ano passado.<\/li>\n<\/ul>\n\n\n\n<ul class=\"wp-block-list\">\n<li>O lucro antes juros, impostos,&nbsp;<a href=\"https:\/\/www.suno.com.br\/artigos\/depreciacao-amortizacao\/\" target=\"_blank\" rel=\"noreferrer noopener\">deprecia\u00e7\u00e3o e amortiza\u00e7\u00e3o<\/a>&nbsp;(Ebitda, na sigla em ingl\u00eas) recorrente, por sua vez, totalizou R$ 164,3 milh\u00f5es no 1T23, crescimento de 22,8% em rela\u00e7\u00e3o ao 1T22. J\u00e1&nbsp;<strong>margem Ebitda da Arezzo<\/strong>&nbsp;alcan\u00e7ou 16% no primeiro trimestre de 2023, um aumento de 0,1 ponto percentual em rela\u00e7\u00e3o ao mesmo per\u00edodo de 2022.<\/li>\n<\/ul>\n\n\n\n<ul class=\"wp-block-list\">\n<li>A&nbsp;<strong>receita l\u00edquida recorrente da Arezzo no 1T23<\/strong>&nbsp;somou R$ 1,025 bilh\u00e3o, um crescimento de 22,1% na compara\u00e7\u00e3o com igual etapa de 2022. O&nbsp;<a href=\"https:\/\/www.suno.com.br\/artigos\/lucro-bruto\/\" target=\"_blank\" rel=\"noreferrer noopener\">lucro bruto<\/a>&nbsp;recorrente da companhia foi de R$ 536,8 milh\u00f5es, com aumento de 19,6% na compara\u00e7\u00e3o com o mesmo per\u00edodo do ano anterior. A&nbsp;<a href=\"https:\/\/www.suno.com.br\/artigos\/margem-bruta-entenda-sua-importancia\/\" target=\"_blank\" rel=\"noreferrer noopener\">margem bruta<\/a>&nbsp;recorrente foi de 52,4% no 1T23, baixa de 1 p.p. frente a margem do 1T22.<\/li>\n<\/ul>\n\n\n\n<ul class=\"wp-block-list\">\n<li>As despesas gerais e administrativas somaram R$ 70,5 milh\u00f5es no 1T23, crescimento de 6% em rela\u00e7\u00e3o ao mesmo per\u00edodo de 2022. O&nbsp;<a href=\"https:\/\/www.suno.com.br\/artigos\/resultado-financeiro\/\" target=\"_blank\" rel=\"noreferrer noopener\">resultado financeiro<\/a>&nbsp;l\u00edquido da varejista, no entanto, foi negativo em R$ 39,6 milh\u00f5es no primeiro trimestre de 2023 \u2014 uma eleva\u00e7\u00e3o de 94% sobre as perdas financeiras da mesma etapa de 2022.<\/li>\n<\/ul>\n\n\n\n<ul class=\"wp-block-list\">\n<li>No final do primeiro trimestre de 2023, a&nbsp;<strong>d\u00edvida l\u00edquida da Arezzo<\/strong>&nbsp;era de R$ 277 milh\u00f5es, enquanto o caixa l\u00edquido era de R$ 426,3 milh\u00f5es no mesmo per\u00edodo de 2022. O indicador de&nbsp;<a href=\"https:\/\/www.suno.com.br\/artigos\/alavancagem-financeira\/\" target=\"_blank\" rel=\"noreferrer noopener\">alavancagem financeira<\/a>, medido pela&nbsp;<a href=\"https:\/\/www.suno.com.br\/artigos\/divida-liquida\/\" target=\"_blank\" rel=\"noreferrer noopener\">d\u00edvida l\u00edquida<\/a>\/Ebitda ajustado, ficou em 0,4 vez em mar\u00e7o de 2023, alta de 1 p.p. em rela\u00e7\u00e3o ao mesmo per\u00edodo do ano passado.<\/li>\n<\/ul>\n\n\n\t<p>\n\t\t<a href=\"https:\/\/lp.suno.com.br\/planilha-da-vida-financeira\/\" target=\"_blank\" data-element=\"shortcode-suno-banner\" title=\"Banner SUNO, clique e saiba mais\">\n\t\t\t<picture>\n\t\t\t\t<source media=\"(max-width: 500px)\" srcset=\"https:\/\/files.sunoresearch.com.br\/n\/uploads\/2023\/04\/400x300-Planilha-vida-financeira-true.png\">\n\t\t\t\t<img class=\"newsContent__article__imgCapa newsContent__article__imgCapa--banner\"\n\t\t\t\t\tsrc=\"https:\/\/files.sunoresearch.com.br\/n\/uploads\/2023\/04\/1420x240-Planilha-vida-financeira-true.png\"\n\t\t\t\t\tdata-promo-id=\"106682\"\t\t\t\t\t\t\t\t\t\twidth='1420' height='240'\t\t\t\t\talt=\"https:\/\/files.sunoresearch.com.br\/n\/uploads\/2023\/04\/1420x240-Planilha-vida-financeira-true.png\"\n\t\t\t\t>\n\t\t\t<\/picture>\n\t\t<\/a>\n\t<\/p>\n\n\n\n\n\n<h2 class=\"wp-block-heading\">Minerva (BEEF3) \u00e9 exclu\u00edda de carteira de dividendos do Santander; entenda<\/h2>\n\n\n\n<ul class=\"wp-block-list\">\n<li>Em nova atualiza\u00e7\u00e3o de maio, o Santander realizou duas altera\u00e7\u00f5es na sua carteira de&nbsp;<a href=\"https:\/\/www.suno.com.br\/guias\/dividendos\/\" target=\"_blank\" rel=\"noreferrer noopener\">dividendos<\/a>, retirando a&nbsp;<a href=\"https:\/\/www.suno.com.br\/acoes\/BEEF3\/\" target=\"_blank\" rel=\"noreferrer noopener\"><strong>Minerva&nbsp;<\/strong>(BEEF3)<\/a>&nbsp;e a&nbsp;<a href=\"https:\/\/www.suno.com.br\/acoes\/cpfe3\/\" target=\"_blank\" rel=\"noreferrer noopener\">CPFL Energia (CPFE3)<\/a>&nbsp;do portf\u00f3lio que tem foco em dividendos.<\/li>\n<\/ul>\n\n\n\n<ul class=\"wp-block-list\">\n<li>\u201cNo caso de Minerva, a perspectiva \u00e9 por um 1T23 mais fraco e d\u00favidas sobre a recupera\u00e7\u00e3o das exporta\u00e7\u00f5es de carne bovina para a China podem deixar as a\u00e7\u00f5es vol\u00e1teis no&nbsp;<a href=\"https:\/\/www.suno.com.br\/artigos\/curto-prazo\/\" target=\"_blank\" rel=\"noreferrer noopener\">curto prazo<\/a>. Assim, optamos por excluir a a\u00e7\u00e3o da Carteira Dividendos e mant\u00ea-la apenas na Carteira Small Caps\u201d, justificam os analistas sobre a decis\u00e3o.<\/li>\n<\/ul>\n\n\n\n<ul class=\"wp-block-list\">\n<li>No caso da CPFL, a passagem da \u2018<a href=\"https:\/\/www.suno.com.br\/artigos\/data-ex\/\" target=\"_blank\" rel=\"noreferrer noopener\">data ex<\/a>\u2018 dos&nbsp;<strong>dividendos<\/strong>&nbsp;pode fazer com que os \u201cinvestidores possam perder o interesse pelo ativo no curto prazo\u201d.<\/li>\n<\/ul>\n\n\n\n<ul class=\"wp-block-list\">\n<li>No lugar dos dois ativos, os especialistas do Santander inclu\u00edram a\u00e7\u00f5es da&nbsp;<a href=\"https:\/\/www.suno.com.br\/acoes\/SMTO3\/\" target=\"_blank\" rel=\"noreferrer noopener\">S\u00e3o Martinho (SMTO3)<\/a>&nbsp;e da&nbsp;<a href=\"https:\/\/www.suno.com.br\/acoes\/VIVT3\/\" target=\"_blank\" rel=\"noreferrer noopener\">Telef\u00f4nica (VIVT3)<\/a>&nbsp;para a&nbsp;<strong>carteira de dividendos de maio<\/strong>.<\/li>\n<\/ul>\n\n\n\n<ul class=\"wp-block-list\">\n<li>\u201cNosso pre\u00e7o-alvo de R$ 36,00 (para o ano fiscal de 2024) implica um potencial de alta de 14%. Em termos de valuation, vemos SMTO negociando a EV\/EBITDA 2024E de 3,5x, um desconto de ~40% em rela\u00e7\u00e3o \u00e0 m\u00e9dia de tr\u00eas anos da SMTO de 5,7x\u201d, diz a casa sobre os ativos.<\/li>\n<\/ul>\n\n\n\n<ul class=\"wp-block-list\">\n<li>J\u00e1 no caso da Telef\u00f4nica, o Santander tamb\u00e9m enxerga melhora operacional para as a\u00e7\u00f5es da companhia.<\/li>\n<\/ul>\n\n\n\n<ul class=\"wp-block-list\">\n<li>\u201cO momento operacional da Vivo deve continuar melhorando ao longo de 2023, pois esperamos que todas as unidades de neg\u00f3cios continuem mostrando fortes tend\u00eancias. No segmento m\u00f3vel, a combina\u00e7\u00e3o de adi\u00e7\u00f5es l\u00edquidas robustas e um ambiente de precifica\u00e7\u00e3o racional deve permitir que a Vivo cres\u00e7a acima da infla\u00e7\u00e3o, em nossa opini\u00e3o. Enquanto isso, prevemos um crescimento de receita de telefonia fixa de +3% em 2023, uma melhoria em rela\u00e7\u00e3o aos +2% de 2022\u201d.<\/li>\n<\/ul>\n\n\n\n<h2 class=\"wp-block-heading\">Veja a carteira de dividendos da Santander<\/h2>\n\n\n\n<ul class=\"wp-block-list\">\n<li>Alupar (ALUP11) -11%<\/li>\n\n\n\n<li>B3 (B3SA3) \u2013 10%<\/li>\n\n\n\n<li>Banco do Brasil (BBAS3) \u2013 11%<\/li>\n\n\n\n<li>Cury (CURY3) \u2013 6%<\/li>\n\n\n\n<li>Eletrobras (ELET6) \u2013 10%<\/li>\n\n\n\n<li>Itau Unibanco (ITUB4) \u2013 10%<\/li>\n\n\n\n<li>Petrobras (PETR3) \u2013 10%<\/li>\n\n\n\n<li>S\u00e3o Martinho (SMTO3) \u2013 9%<\/li>\n\n\n\n<li>Telef\u00f4nica Brasil (VIVT3) \u2013 10%<\/li>\n\n\n\n<li>Vale (VALE3) \u2013 13%.<\/li>\n<\/ul>\n\n\n\n<h2 class=\"wp-block-heading\">M\u00e9liuz (CASH3) desaba quase 15%; Veja as 5 a\u00e7\u00f5es que mais ca\u00edram em abril<\/h2>\n\n\n\n<ul class=\"wp-block-list\">\n<li>O Ibovespa, principal \u00edndice de&nbsp;<strong>a\u00e7\u00f5es<\/strong>&nbsp;brasileiras da&nbsp;<a href=\"https:\/\/www.suno.com.br\/guias\/bolsa-de-valores\/\" target=\"_blank\" rel=\"noreferrer noopener\">Bolsa de Valores<\/a>&nbsp;brasileira (B3), encerrou o m\u00eas de abril com uma valoriza\u00e7\u00e3o de 2,50%, registrando a segunda alta mensal de 2023.<\/li>\n<\/ul>\n\n\n\n<ul class=\"wp-block-list\">\n<li>A&nbsp;<strong>cota\u00e7\u00e3o do Ibovespa<\/strong>&nbsp;apresentou a m\u00ednima mensal de 99.897,78 pontos, j\u00e1 a m\u00e1xima foi de 108.277,02 pontos.<\/li>\n<\/ul>\n\n\n\n<ul class=\"wp-block-list\">\n<li>O Ibovespa retorna a apresentar uma relativa recupera\u00e7\u00e3o, depois de terminar o 1\u00ba trimestre de 2023 com uma forte queda de 7,16%.<\/li>\n<\/ul>\n\n\n\n<ul class=\"wp-block-list\">\n<li>O mercado ficou em um cen\u00e1rio mais positivo no m\u00eas de abril, em meio a perspectiva de que o Federal Reserve (Fed, Banco Central dos Estados Unidos) deve adotar um tom mais ameno em rela\u00e7\u00e3o ao aumento dos juros.<\/li>\n<\/ul>\n\n\n\n<ul class=\"wp-block-list\">\n<li>Tamb\u00e9m impactou de forma positiva no pre\u00e7o de algumas&nbsp;<strong>a\u00e7\u00f5es brasileiras<\/strong>, as sinaliza\u00e7\u00f5es de retomada da economia chinesa.<\/li>\n<\/ul>\n\n\n\n<ul class=\"wp-block-list\">\n<li>Apesar disso, algumas companhias tiveram desempenhos fortemente negativos no m\u00eas. Confira as 5 maiores&nbsp;<strong>quedas do Ibovespa<\/strong>&nbsp;em abril.<\/li>\n<\/ul>\n\n\n\n<h2 class=\"wp-block-heading\">Maiores quedas de abril<\/h2>\n\n\n\n<ul class=\"wp-block-list\">\n<li>Assa\u00ed (<a href=\"https:\/\/www.suno.com.br\/acoes\/asai3\/\" target=\"_blank\" rel=\"noreferrer noopener\">ASAI3<\/a>): -20,59%<\/li>\n\n\n\n<li>Natura (<a href=\"https:\/\/www.suno.com.br\/acoes\/ntco3\/\" target=\"_blank\" rel=\"noreferrer noopener\">NTCO3<\/a>): -16,21%<\/li>\n\n\n\n<li>Minerva (<a href=\"https:\/\/www.suno.com.br\/acoes\/beef3\/\" target=\"_blank\" rel=\"noreferrer noopener\">BEEF3<\/a>): -15,54%<\/li>\n\n\n\n<li>M\u00e9liuz (<a href=\"https:\/\/www.suno.com.br\/acoes\/cash3\/\" target=\"_blank\" rel=\"noreferrer noopener\">CASH3<\/a>): -14,85%<\/li>\n\n\n\n<li>Carrefour (<a href=\"https:\/\/www.suno.com.br\/acoes\/crfb3\/\" target=\"_blank\" rel=\"noreferrer noopener\">CRFB3<\/a>): -12,74%.<\/li>\n<\/ul>\n\n\n\n<h2 class=\"wp-block-heading\">BB Seguridade (BBSE3) e Cielo (CIEL3) entram na carteira de dividendos do BTG; veja quem saiu<\/h2>\n\n\n\n<ul class=\"wp-block-list\">\n<li>O&nbsp;<a href=\"https:\/\/www.suno.com.br\/acoes\/BPAC11\/\" target=\"_blank\" rel=\"noreferrer noopener\">BTG Pactual (BPAC11)<\/a>&nbsp;come\u00e7a maio \u201ccautelosamente otimista\u201d com o ambiente de investimentos do pa\u00eds. Nesta ter\u00e7a (2), os analistas fizeram altera\u00e7\u00f5es na carteira de&nbsp;<a href=\"https:\/\/www.suno.com.br\/guias\/dividendos\/\" target=\"_blank\" rel=\"noreferrer noopener\">dividendos<\/a>&nbsp;e inseriram os pap\u00e9is da&nbsp;<strong>BB Seguridade<\/strong>&nbsp;(BBSE3) e da&nbsp;<a href=\"https:\/\/www.suno.com.br\/acoes\/CIEL3\/\" target=\"_blank\" rel=\"noreferrer noopener\">Cielo (CIEL3)<\/a>. Assim, as a\u00e7\u00f5es da&nbsp;<a href=\"https:\/\/www.suno.com.br\/acoes\/PSSA3\/\" target=\"_blank\" rel=\"noreferrer noopener\">Porto Seguro (PSSA3)<\/a>&nbsp;e da&nbsp;<a href=\"https:\/\/www.suno.com.br\/acoes\/STBP3\/\" target=\"_blank\" rel=\"noreferrer noopener\">Santos Brasil (STBP3)<\/a>&nbsp;foram retiradas da carteira.<\/li>\n<\/ul>\n\n\n\n<ul class=\"wp-block-list\">\n<li>Os analistas do BTG Bruno Lima, Luis Mollo, Marcel Zambello e Vitor de Melo acreditam que as&nbsp;<strong>a\u00e7\u00f5es da BB Seguridade<\/strong>&nbsp;\u201cparecem atraentes\u201d, tendo em vista que est\u00e3o negociando a 9,2x P\/L 23.<\/li>\n<\/ul>\n\n\n\n<ul class=\"wp-block-list\">\n<li>\u201cOs resultados do quarto trimestre e de 2022 foram muito fortes e continuamos vendo uma perspectiva de n\u00fameros muito construtivos para 2023. Dada a natureza do neg\u00f3cio, com 75% dos resultados operacionais anuais geralmente vindos do que foi constru\u00eddo nos anos anteriores, a visibilidade \u00e9 muito boa para 2023 ap\u00f3s um \u00f3timo 2022\u201d, destacam os especialistas.<\/li>\n<\/ul>\n\n\n\n<ul class=\"wp-block-list\">\n<li>No caso das&nbsp;<strong>a\u00e7\u00f5es da Cielo<\/strong>, a entrada na carteira ocorre ap\u00f3s a apresenta\u00e7\u00e3o dos balan\u00e7o do primeiro trimestre de 2023, per\u00edodo em que a empresa registrou um&nbsp;<a href=\"https:\/\/www.suno.com.br\/artigos\/lucro-liquido\/\" target=\"_blank\" rel=\"noreferrer noopener\">lucro l\u00edquido<\/a>&nbsp;de R$ 441 milh\u00f5es \u2013 alta de 140% ante o mesmo per\u00edodo de 2022.<\/li>\n<\/ul>\n\n\n\n<ul class=\"wp-block-list\">\n<li>\u201cJuntamente com os fundamentos e resultados operacionais s\u00f3lidos (tamb\u00e9m vemos riscos de surpresas positivas em nossas estimativas ap\u00f3s os resultados acima do esperado no primeiro trimestre), a&nbsp;<strong>Cielo<\/strong>&nbsp;ainda parece ser uma \u00f3tima a\u00e7\u00e3o para se ter, pelo menos no&nbsp;<a href=\"https:\/\/www.suno.com.br\/artigos\/curto-prazo\/\" target=\"_blank\" rel=\"noreferrer noopener\">curto prazo<\/a>\u201c, comentam.<\/li>\n<\/ul>\n\n\n\n<h2 class=\"wp-block-heading\">Copel (CPLE6) dispara mais de 15%; Veja as 5 a\u00e7\u00f5es que mais subiram em abril<\/h2>\n\n\n\n<ul class=\"wp-block-list\">\n<li>O&nbsp;<a href=\"https:\/\/www.suno.com.br\/artigos\/ibovespa\/\" target=\"_blank\" rel=\"noreferrer noopener\">Ibovespa<\/a>, principal \u00edndice de&nbsp;<strong>a\u00e7\u00f5es<\/strong>&nbsp;brasileiras da&nbsp;<a href=\"https:\/\/www.suno.com.br\/guias\/bolsa-de-valores\/\" target=\"_blank\" rel=\"noreferrer noopener\">Bolsa de Valores<\/a>&nbsp;brasileira (B3), terminou o m\u00eas de abril com alta de 2,50%, a segunda valoriza\u00e7\u00e3o mensal de 2023.<\/li>\n<\/ul>\n\n\n\n<ul class=\"wp-block-list\">\n<li>A&nbsp;<strong>cota\u00e7\u00e3o do Ibovespa<\/strong>&nbsp;registrou a m\u00ednima mensal de 99.897,78 pontos, enquanto a m\u00e1xima fora de 108.277,02 pontos.<\/li>\n<\/ul>\n\n\n\n<ul class=\"wp-block-list\">\n<li>O Ibovespa volta a ensaiar uma recupera\u00e7\u00e3o, ap\u00f3s encerrar o 1\u00ba trimestre de 2023 com uma relevante baixa de 7,16%.<\/li>\n<\/ul>\n\n\n\n<ul class=\"wp-block-list\">\n<li>O mercado ficou mais positivo em abril, com a expectativa de que o Federal Reserve (<a href=\"https:\/\/www.suno.com.br\/artigos\/fed\/\" target=\"_blank\" rel=\"noreferrer noopener\">Fed<\/a>, Banco Central dos EUA) possa amenizar a alta dos juros. Al\u00e9m disso, algumas&nbsp;<strong>a\u00e7\u00f5es brasileiras<\/strong>&nbsp;se movimentaram conforme a sinaliza\u00e7\u00e3o de retomada da economia da China.<\/li>\n<\/ul>\n\n\n\n<ul class=\"wp-block-list\">\n<li>Veja a seguir quais foram as 5 maiores&nbsp;<strong>altas do Ibovespa<\/strong>&nbsp;em abril.<\/li>\n<\/ul>\n\n\n\n<h2 class=\"wp-block-heading\"><a><\/a>Maiores altas de abril<\/h2>\n\n\n\n<ul class=\"wp-block-list\">\n<li>EzTec (<a href=\"https:\/\/www.suno.com.br\/acoes\/eztc3\/\" target=\"_blank\" rel=\"noreferrer noopener\">EZTC3<\/a>): +19,29%<\/li>\n\n\n\n<li>BTG Pactual (<a href=\"https:\/\/www.suno.com.br\/acoes\/bpac11\/\" target=\"_blank\" rel=\"noreferrer noopener\">BPAC11<\/a>): +19,19%<\/li>\n\n\n\n<li>Ecorodovias (<a href=\"https:\/\/www.suno.com.br\/acoes\/ecor3\/\" target=\"_blank\" rel=\"noreferrer noopener\">ECOR3<\/a>): +19,11%<\/li>\n\n\n\n<li>S\u00e3o Martinho (<a href=\"https:\/\/www.suno.com.br\/acoes\/smto3\/\" target=\"_blank\" rel=\"noreferrer noopener\">SMTO3<\/a>): +16,21%<\/li>\n\n\n\n<li>Copel (<a href=\"https:\/\/www.suno.com.br\/acoes\/cple6\/\" target=\"_blank\" rel=\"noreferrer noopener\">CPLE6<\/a>): +15,56%.<\/li>\n<\/ul>\n\n\n\n<h2 class=\"wp-block-heading\">Alta no lucro, mas.. Analistas est\u00e3o divididos sobre o 1T23 de Gerdau (GGBR4), CSN (CSNA3) e CSN Minera\u00e7\u00e3o (CMIN3)<\/h2>\n\n\n\n<ul class=\"wp-block-list\">\n<li>O balan\u00e7o das empresas de&nbsp;<strong>siderurgia e minera\u00e7\u00e3o<\/strong>&nbsp;est\u00e1 sob expectativas mistas para o primeiro trimestre de 2023 (1T23). Com os&nbsp;<a href=\"https:\/\/www.suno.com.br\/artigos\/indicadores-financeiros\/\" target=\"_blank\" rel=\"noreferrer noopener\">indicadores financeiros<\/a>&nbsp;influenciados por fatores externos, a&nbsp;<a href=\"https:\/\/www.suno.com.br\/acoes\/CSNA3\/\" target=\"_blank\" rel=\"noreferrer noopener\">CSN (CSNA3)<\/a>,&nbsp;<a href=\"https:\/\/www.suno.com.br\/acoes\/cmin3\/\" target=\"_blank\" rel=\"noreferrer noopener\">CSN Minera\u00e7\u00e3o (CMIN3)<\/a>&nbsp;e&nbsp;<a href=\"https:\/\/www.suno.com.br\/acoes\/GGBR4\/\" target=\"_blank\" rel=\"noreferrer noopener\">Gerdau (GGBR4)<\/a>&nbsp;t\u00eam proje\u00e7\u00f5es distintas dos analistas.<\/li>\n<\/ul>\n\n\n\n<ul class=\"wp-block-list\">\n<li>Isso porque, conforme lembram os analistas do Ita\u00fa BBA,&nbsp;<a href=\"https:\/\/www.suno.com.br\/acoes\/SANB11\/\" target=\"_blank\" rel=\"noreferrer noopener\">Santander (SANB11)<\/a>&nbsp;e XP Investimentos, as empresas desses setores t\u00eam sido influenciadas pela<strong>&nbsp;volatilidade do min\u00e9rio de ferro<\/strong>&nbsp;e o recente rali \u2014 que alcan\u00e7ou n\u00edveis hist\u00f3ricos em janeiro deste ano, mas vem caindo drasticamente desde o m\u00eas seguinte.&nbsp;<\/li>\n<\/ul>\n\n\n\n<ul class=\"wp-block-list\">\n<li>Al\u00e9m disso, a China, maior consumidor mundial da commodity, tem sido um fator importante na oscila\u00e7\u00e3o dos pre\u00e7os. A exemplo disso, em 2022, ao reduzir a produ\u00e7\u00e3o de a\u00e7o para diminuir suas emiss\u00f5es de carbono, o pa\u00eds afetou a demanda por min\u00e9rio de ferro e reduziu os pre\u00e7os do metal.<\/li>\n<\/ul>\n\n\n\n<ul class=\"wp-block-list\">\n<li>Diante desse cen\u00e1rio, as expectativas dos analistas sobre as empresas de minera\u00e7\u00e3o e siderurgia indicam uma melhoria nos resultados da Gerdau em rela\u00e7\u00e3o ao trimestre anterior.<\/li>\n<\/ul>\n\n\n\n<ul class=\"wp-block-list\">\n<li>J\u00e1 a CSN deve apresentar um aumento de 1% no Ebitda [<em>lucros antes de juros, impostos, deprecia\u00e7\u00e3o e amortiza\u00e7\u00e3o<\/em>], enquanto a CMIN dividiu as proje\u00e7\u00f5es dos analistas da XP e do Ita\u00fa BBA.<\/li>\n<\/ul>\n\n\n\n<p>Da Petrobras ao Banco do Brasil, essas foram as empresas que se destacaram hoje. Para ler todas as mat\u00e9rias&nbsp;<strong><a href=\"https:\/\/www.suno.com.br\/noticias\/todos\/\" target=\"_blank\" rel=\"noreferrer noopener\">clique aqui<\/a><\/strong>.<a href=\"https:\/\/lp.suno.com.br\/minicurso-investindo-fiis\/\" target=\"_blank\" rel=\"noreferrer noopener\"><\/a><a href=\"https:\/\/lp.suno.com.br\/ebook-investindo-em-dividendos\/\" target=\"_blank\" rel=\"noreferrer noopener\"><\/a><a href=\"https:\/\/lp.suno.com.br\/ebook-como-analisar-uma-acao\/\" target=\"_blank\" rel=\"noreferrer noopener\"><\/a><a href=\"https:\/\/lp.suno.com.br\/planilha-da-vida-financeira\/\" target=\"_blank\" rel=\"noreferrer noopener\"><\/a><a href=\"https:\/\/lp.suno.com.br\/plataforma-de-controle-de-investimentos\/\" target=\"_blank\" rel=\"noreferrer noopener\"><\/a><\/p>\n\n\n\t<p>\n\t\t<a href=\"https:\/\/lp.suno.com.br\/ebook-como-analisar-uma-acao\/\" target=\"_blank\" data-element=\"shortcode-suno-banner\" title=\"Banner SUNO, clique e saiba mais\">\n\t\t\t<picture>\n\t\t\t\t<source media=\"(max-width: 500px)\" srcset=\"https:\/\/files.sunoresearch.com.br\/n\/uploads\/2023\/03\/Ebook-Acoes-Mobile.jpg\">\n\t\t\t\t<img class=\"newsContent__article__imgCapa newsContent__article__imgCapa--banner\"\n\t\t\t\t\tsrc=\"https:\/\/files.sunoresearch.com.br\/n\/uploads\/2023\/03\/Ebook-Acoes-Desktop.jpg\"\n\t\t\t\t\tdata-promo-id=\"378302\"\t\t\t\t\t\t\t\t\t\twidth='1420' height='286'\t\t\t\t\talt=\"https:\/\/files.sunoresearch.com.br\/n\/uploads\/2023\/03\/Ebook-Acoes-Desktop.jpg\"\n\t\t\t\t>\n\t\t\t<\/picture>\n\t\t<\/a>\n\t<\/p>\n\n\n","protected":false},"excerpt":{"rendered":"<p>A&nbsp;Petrobras&nbsp;(PETR4) poder\u00e1 desistir da venda de sua participa\u00e7\u00e3o de 44% no bloco Tayrona, projeto offshore de g\u00e1s na Col\u00f4mbia em parceria com a Ecopetrol. A informa\u00e7\u00e3o foi dada \u00e0 Reuters pelo diretor de desenvolvimento de produ\u00e7\u00e3o, Carlos Travassos. Ao Suno Not\u00edcias, a estatal confirmou as declara\u00e7\u00f5es do executivo. Petrobras (PETR4) &#8211; Foto: Ag\u00eancia Petrobras \u201cN\u00e3o [&hellip;]<\/p>\n","protected":false},"author":227,"featured_media":385140,"comment_status":"closed","ping_status":"closed","sticky":false,"template":"","format":"standard","meta":[],"categories":[64],"tags":[362,732,378,423,431,1388,104899,488,542,104467,563,595],"suno_strategy":[],"class_list":["post-398216","post","type-post","status-publish","format-standard","has-post-thumbnail","hentry","category-negocios","tag-arezzo-arzz3","tag-banco-do-brasil-bbas3","tag-bb-seguridade-bbse3","tag-cielo-ciel3","tag-copel-cple3-cple5-cple6","tag-csn-csna3","tag-csn-mineracao-cmin3","tag-gerdau-ggbr3-ggbr4","tag-lojas-renner-lren3","tag-meliuz-cash3","tag-minerva-beef11-beef3","tag-petrobras-petr4"],"yoast_head":"<!-- This site is optimized with the Yoast SEO plugin v24.4 - https:\/\/yoast.com\/wordpress\/plugins\/seo\/ -->\n<title>Radar: Petrobras (PETR4) desiste de venda em projeto, Renner (LREN3) sofre com \u2018efeito Shein\u2019 e Banco do Brasil (BBAS3) \u00e9 acusado de calote em aluguel de FII<\/title>\n<meta name=\"description\" content=\"Petrobras (PETR4) desiste de venda em projeto offshore, Renner \u00e9 atingida por \u2018efeito Shein\u2019 e Banco do Brasil \u00e9 acusado de calote, mas nega\" \/>\n<meta name=\"robots\" content=\"index, follow, max-snippet:-1, max-image-preview:large, max-video-preview:-1\" \/>\n<link rel=\"canonical\" href=\"https:\/\/www.suno.com.br\/noticias\/radar-petrobras-petr4-lojas-renner-lren3-banco-do-brasil-bbas3\/\" \/>\n<meta property=\"og:locale\" content=\"pt_BR\" \/>\n<meta property=\"og:type\" content=\"article\" \/>\n<meta property=\"og:title\" content=\"Radar: Petrobras (PETR4) desiste de venda em projeto, Renner (LREN3) sofre com \u2018efeito Shein\u2019 e Banco do Brasil (BBAS3) \u00e9 acusado de calote em aluguel de FII\" \/>\n<meta property=\"og:description\" content=\"Petrobras (PETR4) desiste de venda em projeto offshore, Renner \u00e9 atingida por \u2018efeito Shein\u2019 e Banco do Brasil \u00e9 acusado de calote, mas nega\" \/>\n<meta property=\"og:url\" content=\"https:\/\/www.suno.com.br\/noticias\/radar-petrobras-petr4-lojas-renner-lren3-banco-do-brasil-bbas3\/\" \/>\n<meta property=\"og:site_name\" content=\"Suno Not\u00edcias\" \/>\n<meta property=\"article:publisher\" content=\"https:\/\/facebook.com\/sunoresearch\" \/>\n<meta property=\"og:image\" content=\"https:\/\/files.sunoresearch.com.br\/n\/uploads\/2023\/04\/edificio-sede-da-Petrobras-Edise.jpg\" \/>\n\t<meta property=\"og:image:width\" content=\"1200\" \/>\n\t<meta property=\"og:image:height\" content=\"800\" \/>\n\t<meta property=\"og:image:type\" content=\"image\/jpeg\" \/>\n<meta name=\"author\" content=\"Vanessa Loiola\" \/>\n<meta name=\"twitter:card\" content=\"summary_large_image\" \/>\n<meta name=\"twitter:creator\" content=\"@sunoresearch\" \/>\n<meta name=\"twitter:site\" content=\"@sunoresearch\" \/>\n<meta name=\"twitter:label1\" content=\"Escrito por\" \/>\n\t<meta name=\"twitter:data1\" content=\"Vanessa Loiola\" \/>\n\t<meta name=\"twitter:label2\" content=\"Est. tempo de leitura\" \/>\n\t<meta name=\"twitter:data2\" content=\"13 minutos\" \/>\n<script type=\"application\/ld+json\" class=\"yoast-schema-graph\">{\"@context\":\"https:\/\/schema.org\",\"@graph\":[{\"@type\":\"NewsArticle\",\"@id\":\"https:\/\/www.suno.com.br\/noticias\/radar-petrobras-petr4-lojas-renner-lren3-banco-do-brasil-bbas3\/#article\",\"isPartOf\":{\"@id\":\"https:\/\/www.suno.com.br\/noticias\/radar-petrobras-petr4-lojas-renner-lren3-banco-do-brasil-bbas3\/\"},\"author\":{\"name\":\"Vanessa Loiola\",\"@id\":\"https:\/\/www.suno.com.br\/noticias\/#\/schema\/person\/450c455ecff319bab1f1a0e643451479\"},\"headline\":\"Radar: Petrobras (PETR4) desiste de venda em projeto, Renner (LREN3) sofre com \u2018efeito Shein\u2019 e Banco do Brasil (BBAS3) \u00e9 acusado de calote em aluguel de FII\",\"datePublished\":\"2023-05-03T02:03:21+00:00\",\"dateModified\":\"2023-05-03T02:03:37+00:00\",\"mainEntityOfPage\":{\"@id\":\"https:\/\/www.suno.com.br\/noticias\/radar-petrobras-petr4-lojas-renner-lren3-banco-do-brasil-bbas3\/\"},\"wordCount\":2499,\"publisher\":{\"@id\":\"https:\/\/www.suno.com.br\/noticias\/#organization\"},\"image\":{\"@id\":\"https:\/\/www.suno.com.br\/noticias\/radar-petrobras-petr4-lojas-renner-lren3-banco-do-brasil-bbas3\/#primaryimage\"},\"thumbnailUrl\":\"https:\/\/files.sunoresearch.com.br\/n\/uploads\/2023\/04\/edificio-sede-da-Petrobras-Edise.jpg\",\"keywords\":[\"Arezzo (ARZZ3)\",\"Banco do Brasil (BBAS3)\",\"BB Seguridade (BBSE3)\",\"Cielo (CIEL3)\",\"Copel (CPLE3\/CPLE5\/CPLE6)\",\"CSN (CSNA3)\",\"CSN Minera\u00e7\u00e3o (CMIN3)\",\"Gerdau (GGBR3\/GGBR4)\",\"Lojas Renner (LREN3)\",\"M\u00e9liuz (CASH3)\",\"Minerva (BEEF11\/BEEF3)\",\"Petrobras (PETR4)\"],\"articleSection\":[\"Neg\u00f3cios\"],\"inLanguage\":\"pt-BR\"},{\"@type\":\"WebPage\",\"@id\":\"https:\/\/www.suno.com.br\/noticias\/radar-petrobras-petr4-lojas-renner-lren3-banco-do-brasil-bbas3\/\",\"url\":\"https:\/\/www.suno.com.br\/noticias\/radar-petrobras-petr4-lojas-renner-lren3-banco-do-brasil-bbas3\/\",\"name\":\"Radar: Petrobras (PETR4) desiste de venda em projeto, Renner (LREN3) sofre com \u2018efeito Shein\u2019 e Banco do Brasil (BBAS3) \u00e9 acusado de calote em aluguel de FII\",\"isPartOf\":{\"@id\":\"https:\/\/www.suno.com.br\/noticias\/#website\"},\"primaryImageOfPage\":{\"@id\":\"https:\/\/www.suno.com.br\/noticias\/radar-petrobras-petr4-lojas-renner-lren3-banco-do-brasil-bbas3\/#primaryimage\"},\"image\":{\"@id\":\"https:\/\/www.suno.com.br\/noticias\/radar-petrobras-petr4-lojas-renner-lren3-banco-do-brasil-bbas3\/#primaryimage\"},\"thumbnailUrl\":\"https:\/\/files.sunoresearch.com.br\/n\/uploads\/2023\/04\/edificio-sede-da-Petrobras-Edise.jpg\",\"datePublished\":\"2023-05-03T02:03:21+00:00\",\"dateModified\":\"2023-05-03T02:03:37+00:00\",\"description\":\"Petrobras (PETR4) desiste de venda em projeto offshore, Renner \u00e9 atingida por \u2018efeito Shein\u2019 e Banco do Brasil \u00e9 acusado de calote, mas nega\",\"breadcrumb\":{\"@id\":\"https:\/\/www.suno.com.br\/noticias\/radar-petrobras-petr4-lojas-renner-lren3-banco-do-brasil-bbas3\/#breadcrumb\"},\"inLanguage\":\"pt-BR\",\"potentialAction\":[{\"@type\":\"ReadAction\",\"target\":[\"https:\/\/www.suno.com.br\/noticias\/radar-petrobras-petr4-lojas-renner-lren3-banco-do-brasil-bbas3\/\"]}]},{\"@type\":\"ImageObject\",\"inLanguage\":\"pt-BR\",\"@id\":\"https:\/\/www.suno.com.br\/noticias\/radar-petrobras-petr4-lojas-renner-lren3-banco-do-brasil-bbas3\/#primaryimage\",\"url\":\"https:\/\/files.sunoresearch.com.br\/n\/uploads\/2023\/04\/edificio-sede-da-Petrobras-Edise.jpg\",\"contentUrl\":\"https:\/\/files.sunoresearch.com.br\/n\/uploads\/2023\/04\/edificio-sede-da-Petrobras-Edise.jpg\",\"width\":1200,\"height\":800,\"caption\":\"Petrobras (PETR4) - Foto: Ag\u00eancia Petrobras\"},{\"@type\":\"BreadcrumbList\",\"@id\":\"https:\/\/www.suno.com.br\/noticias\/radar-petrobras-petr4-lojas-renner-lren3-banco-do-brasil-bbas3\/#breadcrumb\",\"itemListElement\":[{\"@type\":\"ListItem\",\"position\":1,\"name\":\"Not\u00edcias\",\"item\":\"https:\/\/www.suno.com.br\/noticias\/\"},{\"@type\":\"ListItem\",\"position\":2,\"name\":\"Neg\u00f3cios\",\"item\":\"https:\/\/www.suno.com.br\/noticias\/negocios\/\"},{\"@type\":\"ListItem\",\"position\":3,\"name\":\"Radar: Petrobras (PETR4) desiste de venda em projeto, Renner (LREN3) sofre com \u2018efeito Shein\u2019 e Banco do Brasil (BBAS3) \u00e9 acusado de calote em aluguel de FII\"}]},{\"@type\":\"WebSite\",\"@id\":\"https:\/\/www.suno.com.br\/noticias\/#website\",\"url\":\"https:\/\/www.suno.com.br\/noticias\/\",\"name\":\"Suno Not\u00edcias\",\"description\":\"Seu portal de informa\u00e7\u00e3o sobre o mundo dos investimentos\",\"publisher\":{\"@id\":\"https:\/\/www.suno.com.br\/noticias\/#organization\"},\"potentialAction\":[{\"@type\":\"SearchAction\",\"target\":{\"@type\":\"EntryPoint\",\"urlTemplate\":\"https:\/\/www.suno.com.br\/noticias\/?s={search_term_string}\"},\"query-input\":{\"@type\":\"PropertyValueSpecification\",\"valueRequired\":true,\"valueName\":\"search_term_string\"}}],\"inLanguage\":\"pt-BR\"},{\"@type\":\"Organization\",\"@id\":\"https:\/\/www.suno.com.br\/noticias\/#organization\",\"name\":\"Suno Not\u00edcias\",\"url\":\"https:\/\/www.suno.com.br\/noticias\/\",\"logo\":{\"@type\":\"ImageObject\",\"inLanguage\":\"pt-BR\",\"@id\":\"https:\/\/www.suno.com.br\/noticias\/#\/schema\/logo\/image\/\",\"url\":\"https:\/\/files.sunoresearch.com.br\/n\/uploads\/2021\/09\/suno-logo.png\",\"contentUrl\":\"https:\/\/files.sunoresearch.com.br\/n\/uploads\/2021\/09\/suno-logo.png\",\"width\":180,\"height\":180,\"caption\":\"Suno Not\u00edcias\"},\"image\":{\"@id\":\"https:\/\/www.suno.com.br\/noticias\/#\/schema\/logo\/image\/\"},\"sameAs\":[\"https:\/\/facebook.com\/sunoresearch\",\"https:\/\/x.com\/sunoresearch\",\"https:\/\/www.instagram.com\/suno\",\"https:\/\/www.linkedin.com\/company\/suno-research\/\",\"https:\/\/www.youtube.com\/c\/sunoresearch\"]},{\"@type\":\"Person\",\"@id\":\"https:\/\/www.suno.com.br\/noticias\/#\/schema\/person\/450c455ecff319bab1f1a0e643451479\",\"name\":\"Vanessa Loiola\",\"image\":{\"@type\":\"ImageObject\",\"inLanguage\":\"pt-BR\",\"@id\":\"https:\/\/www.suno.com.br\/noticias\/#\/schema\/person\/image\/\",\"url\":\"https:\/\/secure.gravatar.com\/avatar\/8b41117f9780831919eb38da349c3f20?s=96&r=g\",\"contentUrl\":\"https:\/\/secure.gravatar.com\/avatar\/8b41117f9780831919eb38da349c3f20?s=96&r=g\",\"caption\":\"Vanessa Loiola\"},\"description\":\"Jornalista formada pela PUC-SP, com experi\u00eancia na cobertura das editorias de economia, finan\u00e7as, bolsa de valores, pol\u00edtica, energia solar e entretenimento. Com passagem pela BM&amp;C News e RedeTV!\",\"url\":\"https:\/\/www.suno.com.br\/noticias\/author\/vanessal-loiolagmail-com\/\"}]}<\/script>\n<!-- \/ Yoast SEO plugin. -->","yoast_head_json":{"title":"Radar: Petrobras (PETR4) desiste de venda em projeto, Renner (LREN3) sofre com \u2018efeito Shein\u2019 e Banco do Brasil (BBAS3) \u00e9 acusado de calote em aluguel de FII","description":"Petrobras (PETR4) desiste de venda em projeto offshore, Renner \u00e9 atingida por \u2018efeito Shein\u2019 e Banco do Brasil \u00e9 acusado de calote, mas nega","robots":{"index":"index","follow":"follow","max-snippet":"max-snippet:-1","max-image-preview":"max-image-preview:large","max-video-preview":"max-video-preview:-1"},"canonical":"https:\/\/www.suno.com.br\/noticias\/radar-petrobras-petr4-lojas-renner-lren3-banco-do-brasil-bbas3\/","og_locale":"pt_BR","og_type":"article","og_title":"Radar: Petrobras (PETR4) desiste de venda em projeto, Renner (LREN3) sofre com \u2018efeito Shein\u2019 e Banco do Brasil (BBAS3) \u00e9 acusado de calote em aluguel de FII","og_description":"Petrobras (PETR4) desiste de venda em projeto offshore, Renner \u00e9 atingida por \u2018efeito Shein\u2019 e Banco do Brasil \u00e9 acusado de calote, mas nega","og_url":"https:\/\/www.suno.com.br\/noticias\/radar-petrobras-petr4-lojas-renner-lren3-banco-do-brasil-bbas3\/","og_site_name":"Suno Not\u00edcias","article_publisher":"https:\/\/facebook.com\/sunoresearch","og_image":[{"width":1200,"height":800,"url":"https:\/\/files.sunoresearch.com.br\/n\/uploads\/2023\/04\/edificio-sede-da-Petrobras-Edise.jpg","type":"image\/jpeg"}],"author":"Vanessa Loiola","twitter_card":"summary_large_image","twitter_creator":"@sunoresearch","twitter_site":"@sunoresearch","twitter_misc":{"Escrito por":"Vanessa Loiola","Est. tempo de leitura":"13 minutos"},"schema":{"@context":"https:\/\/schema.org","@graph":[{"@type":"NewsArticle","@id":"https:\/\/www.suno.com.br\/noticias\/radar-petrobras-petr4-lojas-renner-lren3-banco-do-brasil-bbas3\/#article","isPartOf":{"@id":"https:\/\/www.suno.com.br\/noticias\/radar-petrobras-petr4-lojas-renner-lren3-banco-do-brasil-bbas3\/"},"author":{"name":"Vanessa Loiola","@id":"https:\/\/www.suno.com.br\/noticias\/#\/schema\/person\/450c455ecff319bab1f1a0e643451479"},"headline":"Radar: Petrobras (PETR4) desiste de venda em projeto, Renner (LREN3) sofre com \u2018efeito Shein\u2019 e Banco do Brasil (BBAS3) \u00e9 acusado de calote em aluguel de FII","datePublished":"2023-05-03T02:03:21+00:00","dateModified":"2023-05-03T02:03:37+00:00","mainEntityOfPage":{"@id":"https:\/\/www.suno.com.br\/noticias\/radar-petrobras-petr4-lojas-renner-lren3-banco-do-brasil-bbas3\/"},"wordCount":2499,"publisher":{"@id":"https:\/\/www.suno.com.br\/noticias\/#organization"},"image":{"@id":"https:\/\/www.suno.com.br\/noticias\/radar-petrobras-petr4-lojas-renner-lren3-banco-do-brasil-bbas3\/#primaryimage"},"thumbnailUrl":"https:\/\/files.sunoresearch.com.br\/n\/uploads\/2023\/04\/edificio-sede-da-Petrobras-Edise.jpg","keywords":["Arezzo (ARZZ3)","Banco do Brasil (BBAS3)","BB Seguridade (BBSE3)","Cielo (CIEL3)","Copel (CPLE3\/CPLE5\/CPLE6)","CSN (CSNA3)","CSN Minera\u00e7\u00e3o (CMIN3)","Gerdau (GGBR3\/GGBR4)","Lojas Renner (LREN3)","M\u00e9liuz (CASH3)","Minerva (BEEF11\/BEEF3)","Petrobras (PETR4)"],"articleSection":["Neg\u00f3cios"],"inLanguage":"pt-BR"},{"@type":"WebPage","@id":"https:\/\/www.suno.com.br\/noticias\/radar-petrobras-petr4-lojas-renner-lren3-banco-do-brasil-bbas3\/","url":"https:\/\/www.suno.com.br\/noticias\/radar-petrobras-petr4-lojas-renner-lren3-banco-do-brasil-bbas3\/","name":"Radar: Petrobras (PETR4) desiste de venda em projeto, Renner (LREN3) sofre com \u2018efeito Shein\u2019 e Banco do Brasil (BBAS3) \u00e9 acusado de calote em aluguel de FII","isPartOf":{"@id":"https:\/\/www.suno.com.br\/noticias\/#website"},"primaryImageOfPage":{"@id":"https:\/\/www.suno.com.br\/noticias\/radar-petrobras-petr4-lojas-renner-lren3-banco-do-brasil-bbas3\/#primaryimage"},"image":{"@id":"https:\/\/www.suno.com.br\/noticias\/radar-petrobras-petr4-lojas-renner-lren3-banco-do-brasil-bbas3\/#primaryimage"},"thumbnailUrl":"https:\/\/files.sunoresearch.com.br\/n\/uploads\/2023\/04\/edificio-sede-da-Petrobras-Edise.jpg","datePublished":"2023-05-03T02:03:21+00:00","dateModified":"2023-05-03T02:03:37+00:00","description":"Petrobras (PETR4) desiste de venda em projeto offshore, Renner \u00e9 atingida por \u2018efeito Shein\u2019 e Banco do Brasil \u00e9 acusado de calote, mas nega","breadcrumb":{"@id":"https:\/\/www.suno.com.br\/noticias\/radar-petrobras-petr4-lojas-renner-lren3-banco-do-brasil-bbas3\/#breadcrumb"},"inLanguage":"pt-BR","potentialAction":[{"@type":"ReadAction","target":["https:\/\/www.suno.com.br\/noticias\/radar-petrobras-petr4-lojas-renner-lren3-banco-do-brasil-bbas3\/"]}]},{"@type":"ImageObject","inLanguage":"pt-BR","@id":"https:\/\/www.suno.com.br\/noticias\/radar-petrobras-petr4-lojas-renner-lren3-banco-do-brasil-bbas3\/#primaryimage","url":"https:\/\/files.sunoresearch.com.br\/n\/uploads\/2023\/04\/edificio-sede-da-Petrobras-Edise.jpg","contentUrl":"https:\/\/files.sunoresearch.com.br\/n\/uploads\/2023\/04\/edificio-sede-da-Petrobras-Edise.jpg","width":1200,"height":800,"caption":"Petrobras (PETR4) - Foto: Ag\u00eancia Petrobras"},{"@type":"BreadcrumbList","@id":"https:\/\/www.suno.com.br\/noticias\/radar-petrobras-petr4-lojas-renner-lren3-banco-do-brasil-bbas3\/#breadcrumb","itemListElement":[{"@type":"ListItem","position":1,"name":"Not\u00edcias","item":"https:\/\/www.suno.com.br\/noticias\/"},{"@type":"ListItem","position":2,"name":"Neg\u00f3cios","item":"https:\/\/www.suno.com.br\/noticias\/negocios\/"},{"@type":"ListItem","position":3,"name":"Radar: Petrobras (PETR4) desiste de venda em projeto, Renner (LREN3) sofre com \u2018efeito Shein\u2019 e Banco do Brasil (BBAS3) \u00e9 acusado de calote em aluguel de FII"}]},{"@type":"WebSite","@id":"https:\/\/www.suno.com.br\/noticias\/#website","url":"https:\/\/www.suno.com.br\/noticias\/","name":"Suno Not\u00edcias","description":"Seu portal de informa\u00e7\u00e3o sobre o mundo dos investimentos","publisher":{"@id":"https:\/\/www.suno.com.br\/noticias\/#organization"},"potentialAction":[{"@type":"SearchAction","target":{"@type":"EntryPoint","urlTemplate":"https:\/\/www.suno.com.br\/noticias\/?s={search_term_string}"},"query-input":{"@type":"PropertyValueSpecification","valueRequired":true,"valueName":"search_term_string"}}],"inLanguage":"pt-BR"},{"@type":"Organization","@id":"https:\/\/www.suno.com.br\/noticias\/#organization","name":"Suno Not\u00edcias","url":"https:\/\/www.suno.com.br\/noticias\/","logo":{"@type":"ImageObject","inLanguage":"pt-BR","@id":"https:\/\/www.suno.com.br\/noticias\/#\/schema\/logo\/image\/","url":"https:\/\/files.sunoresearch.com.br\/n\/uploads\/2021\/09\/suno-logo.png","contentUrl":"https:\/\/files.sunoresearch.com.br\/n\/uploads\/2021\/09\/suno-logo.png","width":180,"height":180,"caption":"Suno Not\u00edcias"},"image":{"@id":"https:\/\/www.suno.com.br\/noticias\/#\/schema\/logo\/image\/"},"sameAs":["https:\/\/facebook.com\/sunoresearch","https:\/\/x.com\/sunoresearch","https:\/\/www.instagram.com\/suno","https:\/\/www.linkedin.com\/company\/suno-research\/","https:\/\/www.youtube.com\/c\/sunoresearch"]},{"@type":"Person","@id":"https:\/\/www.suno.com.br\/noticias\/#\/schema\/person\/450c455ecff319bab1f1a0e643451479","name":"Vanessa Loiola","image":{"@type":"ImageObject","inLanguage":"pt-BR","@id":"https:\/\/www.suno.com.br\/noticias\/#\/schema\/person\/image\/","url":"https:\/\/secure.gravatar.com\/avatar\/8b41117f9780831919eb38da349c3f20?s=96&r=g","contentUrl":"https:\/\/secure.gravatar.com\/avatar\/8b41117f9780831919eb38da349c3f20?s=96&r=g","caption":"Vanessa Loiola"},"description":"Jornalista formada pela PUC-SP, com experi\u00eancia na cobertura das editorias de economia, finan\u00e7as, bolsa de valores, pol\u00edtica, energia solar e entretenimento. Com passagem pela BM&amp;C News e RedeTV!","url":"https:\/\/www.suno.com.br\/noticias\/author\/vanessal-loiolagmail-com\/"}]}},"default_loop_html":"<div class=\"cardsPage__listCard__boxs\"><div class=\"cardsPage__listCard__boxs__img\"><a href=\"https:\/\/www.suno.com.br\/noticias\/radar-petrobras-petr4-lojas-renner-lren3-banco-do-brasil-bbas3\/\"><img class=\"mask\" src=\"https:\/\/www.suno.com.br\/noticias\/wp-content\/themes\/suno\/resources\/images\/spotlight\/spotlight1img\/bg-mask.png\" alt=\"Image Mask\"\/><img src=\"https:\/\/files.sunoresearch.com.br\/n\/uploads\/2023\/04\/edificio-sede-da-Petrobras-Edise-400x200.jpg\" alt=\"Radar: Petrobras (PETR4) desiste de venda em projeto, Renner (LREN3) sofre com \u2018efeito Shein\u2019 e Banco do Brasil (BBAS3) \u00e9 acusado de calote em aluguel de FII\"\/><\/a><span class=\"spotlightCategory\"><a href=\"https:\/\/www.suno.com.br\/noticias\/negocios\/\">Neg\u00f3cios<\/a><\/span><\/div><div class=\"cardsPage__listCard__boxs__content\"><a href=\"https:\/\/www.suno.com.br\/noticias\/radar-petrobras-petr4-lojas-renner-lren3-banco-do-brasil-bbas3\/\"><h2 class=\"content__title\">Radar: Petrobras (PETR4) desiste de venda em projeto, Renner (LREN3) sofre com \u2018efeito Shein\u2019 e Banco do Brasil (BBAS3) \u00e9 acusado de calote em aluguel de FII<\/h2><\/a><div class=\"newsContent__article__meta\"><div class=\"newsContent__article__meta__authorBox\"><a href=\"https:\/\/www.suno.com.br\/noticias\/author\/vanessal-loiolagmail-com\/\" class=\"authorBox__avatar noMobi\"><img src=\"https:\/\/secure.gravatar.com\/avatar\/8b41117f9780831919eb38da349c3f20?s=96&#038;r=g\" alt=\"Vanessa Loiola\"><\/a><div class=\"authorBox__name\"><span>por\n\t\t\t<a href=\"https:\/\/www.suno.com.br\/noticias\/author\/vanessal-loiolagmail-com\/\"><span itemprop=\"author\">Vanessa Loiola<\/span><\/a><\/span><time datetime=\"2023-05-02T23:03:21-03:00\" itemprop=\"datePublished\">02\/05\/2023 23:03<\/time><\/div><\/div><\/div><\/div><\/div>","single_layout":"posts","amp_enabled":true,"_links":{"self":[{"href":"https:\/\/www.suno.com.br\/noticias\/wp-json\/wp\/v2\/posts\/398216"}],"collection":[{"href":"https:\/\/www.suno.com.br\/noticias\/wp-json\/wp\/v2\/posts"}],"about":[{"href":"https:\/\/www.suno.com.br\/noticias\/wp-json\/wp\/v2\/types\/post"}],"author":[{"embeddable":true,"href":"https:\/\/www.suno.com.br\/noticias\/wp-json\/wp\/v2\/users\/227"}],"replies":[{"embeddable":true,"href":"https:\/\/www.suno.com.br\/noticias\/wp-json\/wp\/v2\/comments?post=398216"}],"version-history":[{"count":2,"href":"https:\/\/www.suno.com.br\/noticias\/wp-json\/wp\/v2\/posts\/398216\/revisions"}],"predecessor-version":[{"id":398276,"href":"https:\/\/www.suno.com.br\/noticias\/wp-json\/wp\/v2\/posts\/398216\/revisions\/398276"}],"wp:featuredmedia":[{"embeddable":true,"href":"https:\/\/www.suno.com.br\/noticias\/wp-json\/wp\/v2\/media\/385140"}],"wp:attachment":[{"href":"https:\/\/www.suno.com.br\/noticias\/wp-json\/wp\/v2\/media?parent=398216"}],"wp:term":[{"taxonomy":"category","embeddable":true,"href":"https:\/\/www.suno.com.br\/noticias\/wp-json\/wp\/v2\/categories?post=398216"},{"taxonomy":"post_tag","embeddable":true,"href":"https:\/\/www.suno.com.br\/noticias\/wp-json\/wp\/v2\/tags?post=398216"},{"taxonomy":"suno_strategy","embeddable":true,"href":"https:\/\/www.suno.com.br\/noticias\/wp-json\/wp\/v2\/suno_strategy?post=398216"}],"curies":[{"name":"wp","href":"https:\/\/api.w.org\/{rel}","templated":true}]}}