{"id":398208,"date":"2023-05-02T21:11:16","date_gmt":"2023-05-03T00:11:16","guid":{"rendered":"https:\/\/www.suno.com.br\/noticias\/?p=398208"},"modified":"2023-05-02T21:36:49","modified_gmt":"2023-05-03T00:36:49","slug":"carrefour-crfb3-resultado-balanco-1t23-2","status":"publish","type":"post","link":"https:\/\/www.suno.com.br\/noticias\/carrefour-crfb3-resultado-balanco-1t23-2\/","title":{"rendered":"Carrefour (CRFB3) reverte lucro e anota preju\u00edzo ajustado de R$ 375 milh\u00f5es no 1T23"},"content":{"rendered":"<p>O <strong>Carrefour<\/strong> Brasil (CRFB3) reportou preju\u00edzo l\u00edquido ajustado ao controlador de R$ 375 milh\u00f5es no primeiro trimestre de 2023 (1T23). Com isso, reverteu a cifra positiva em R$ 421 milh\u00f5es apresentada um ano antes. Trata-se do primeiro preju\u00edzo registrado pela companhia desde o IPO, em 2017.<\/p>\t<div class=\"wrapper-featured-image\">\n\t\t<figure class=\"spotlightImg\">\n\n\t\t\t<picture>\n\t\t\t\t<source media=\"(max-width: 768px)\" srcset=\"https:\/\/files.sunoresearch.com.br\/n\/uploads\/2022\/12\/carrefour-crfb3-400x200.jpeg\">\n\t\t\t\t<img loading=\"lazy\" decoding=\"async\" class=\"newsContent__article__imgCapa lazyloadDisabled \" src=\"https:\/\/files.sunoresearch.com.br\/n\/uploads\/2022\/12\/carrefour-crfb3-800x450.jpeg\" width=\"800\" height=\"450\" alt=\"Carrefour (CRFB3) reverte lucro e anota preju\u00edzo ajustado de R$ 375 milh\u00f5es no 1T23\" fetchpriority=high \/>\n\t\t\t<\/picture>\n\n\t\t\t<figcaption class=\"wp-caption-text wp-caption-text--show\">Carrefour (CRFB3). Foto: Divulga\u00e7\u00e3o<\/figcaption>\n\t\t<\/figure>\n\t<\/div>\n\n\n\n\n\n\t<p>\n\t\t<a href=\"https:\/\/lp.suno.com.br\/planilha-da-vida-financeira\/\" target=\"_blank\" data-element=\"shortcode-suno-banner\" title=\"Banner SUNO, clique e saiba mais\">\n\t\t\t<picture>\n\t\t\t\t<source media=\"(max-width: 500px)\" srcset=\"https:\/\/files.sunoresearch.com.br\/n\/uploads\/2023\/04\/400x300-Planilha-vida-financeira-true.png\">\n\t\t\t\t<img class=\"newsContent__article__imgCapa newsContent__article__imgCapa--banner\"\n\t\t\t\t\tsrc=\"https:\/\/files.sunoresearch.com.br\/n\/uploads\/2023\/04\/1420x240-Planilha-vida-financeira-true.png\"\n\t\t\t\t\tdata-promo-id=\"106682\"\t\t\t\t\t\t\t\t\t\twidth='1420' height='240'\t\t\t\t\talt=\"https:\/\/files.sunoresearch.com.br\/n\/uploads\/2023\/04\/1420x240-Planilha-vida-financeira-true.png\"\n\t\t\t\t>\n\t\t\t<\/picture>\n\t\t<\/a>\n\t<\/p>\n\n\n\n\n\n<p>J\u00e1 o <strong>Ebitda do Carrefour <\/strong>caiu 16,8% em rela\u00e7\u00e3o a igual intervalo de 2022, para R$ 1,038 bilh\u00e3o. Excluindo o Grupo BIG, a cifra ficou em R$ 1,254 bilh\u00e3o, avan\u00e7o anual de 0,6%.<\/p>\n\n\n\n<p>A <a class=\"suno-keyword\" target=\"_blank\" data-force=\"no\" data-priority=\"1\" href=\"https:\/\/www.suno.com.br\/artigos\/margem-ebitda\/\" rel=\"noopener\">margem Ebitda<\/a> ajustada no 1T23 foi de 4,3%, diminui\u00e7\u00e3o de 2,3 pontos porcentuais que reflete o impacto da integra\u00e7\u00e3o do Grupo BIG, as despesas de convers\u00e3o e o ramp-up de vendas das lojas convertidas.<\/p>\n\n\n\n<p>As<strong> vendas l\u00edquidas do Carrefour no 1T23<\/strong> somaram R$ 24,385 bilh\u00f5es, o que significou um avan\u00e7o de 29,4% ante o mesmo per\u00edodo do ano passado, enquanto as vendas brutas atingiram R$ 27,1 bilh\u00f5es, 30,7% acima. <\/p>\n\n\n\n<p>O resultado \u00e9 fruto da combina\u00e7\u00e3o do crescimento LfL (vendas mesmas lojas) de 5,7% no <strong>Atacad\u00e3o<\/strong> (6,5% com impacto de calend\u00e1rio), 5,7% de crescimento LfL ex-gasolina no Carrefour Varejo (6,3% com impacto calend\u00e1rio), expans\u00e3o org\u00e2nica em <a class=\"suno-keyword\" data-force=\"no\" data-priority=\"1\" href=\"https:\/\/www.suno.com.br\/artigos\/cash-and-carry\/\" target=\"_blank\" rel=\"noopener\">Cash and Carry<\/a> (+3,9%) e integra\u00e7\u00e3o do Grupo BIG, que representou 17,3% do crescimento total (incluindo efeito de convers\u00e3o).<\/p>\n\n\n\n<p>J\u00e1 o <a href=\"https:\/\/www.suno.com.br\/artigos\/gmv\/\">GMV<\/a> chegou a R$ 1,6 bilh\u00e3o, crescimento de 43% na mesma base comparativa. O resultado foi impulsionado tanto pela categoria alimentar &#8211; destaque para o desempenho do Carrefour 1P com crescimento anual de 83% &#8211; quanto pela categoria de n\u00e3o alimentar, que cresceu em 24%, segundo a companhia.<\/p>\n\n\n\t<p>\n\t\t<a href=\"https:\/\/lp.suno.com.br\/ebook-como-analisar-uma-acao\/\" target=\"_blank\" data-element=\"shortcode-suno-banner\" title=\"Banner SUNO, clique e saiba mais\">\n\t\t\t<picture>\n\t\t\t\t<source media=\"(max-width: 500px)\" srcset=\"https:\/\/files.sunoresearch.com.br\/n\/uploads\/2023\/03\/Ebook-Acoes-Mobile.jpg\">\n\t\t\t\t<img class=\"newsContent__article__imgCapa newsContent__article__imgCapa--banner\"\n\t\t\t\t\tsrc=\"https:\/\/files.sunoresearch.com.br\/n\/uploads\/2023\/03\/Ebook-Acoes-Desktop.jpg\"\n\t\t\t\t\tdata-promo-id=\"378302\"\t\t\t\t\t\t\t\t\t\twidth='1420' height='286'\t\t\t\t\talt=\"https:\/\/files.sunoresearch.com.br\/n\/uploads\/2023\/03\/Ebook-Acoes-Desktop.jpg\"\n\t\t\t\t>\n\t\t\t<\/picture>\n\t\t<\/a>\n\t<\/p>\n\n\n\n\n\n<h2 class=\"wp-block-heading\">Banco Carrefour: alta no faturamento<\/h2>\n\n\n\n<p>O <strong>faturamento do Banco Carrefour<\/strong> totalizou R$ 13,7 bilh\u00f5es entre janeiro e mar\u00e7o, alta de 14,8% ano contra ano, devido ao desempenho de dois d\u00edgitos no cart\u00e3o Carrefour (+10,6%) e no cart\u00e3o Atacad\u00e3o (+17,8%), impulsionado pelo acelera\u00e7\u00e3o na integra\u00e7\u00e3o do Grupo BIG.<\/p>\n\n\n\n<p>A postura mais conservadora de <a class=\"suno-keyword\" target=\"_blank\" data-force=\"no\" data-priority=\"1\" href=\"https:\/\/www.suno.com.br\/artigos\/concessao-de-credito\/\" rel=\"noopener\">concess\u00e3o de cr\u00e9dito<\/a> levou a uma melhora no \u00edndice Over 30 (BACEN) de 0,4 p.p. Na compara\u00e7\u00e3o anual (16,7% no primeiro trimestre de 2023), O Over 90 (BACEN) piorou 0,9 p.p. e 0,2 p.p na compara\u00e7\u00e3o trimestral, atingindo 13,2% nos tr\u00eas primeiros meses do ano.<\/p>\n\n\n\n<p>&#8220;Historicamente, a sazonalidade tem um impacto importante nos \u00edndices de inadimpl\u00eancia do primeiro trimestre e foi considerada em nosso plano de neg\u00f3cios&#8221;, destaca o balan\u00e7o do <strong>Carrefour<\/strong>.<\/p>\n\n\n\n<p><em>Com informa\u00e7\u00f5es do Estad\u00e3o Conte\u00fado<\/em><\/p>\n\n\n\t<p>\n\t\t<a href=\"https:\/\/lp.suno.com.br\/suno-one\/?utm_campaign=_SNC6964518A_\" target=\"_blank\" data-element=\"shortcode-suno-banner\" title=\"Banner SUNO, clique e saiba mais\">\n\t\t\t<picture>\n\t\t\t\t<source media=\"(max-width: 500px)\" srcset=\"https:\/\/files.sunoresearch.com.br\/n\/uploads\/2025\/09\/400x300-Suno-One-png.webp\">\n\t\t\t\t<img class=\"newsContent__article__imgCapa newsContent__article__imgCapa--banner\"\n\t\t\t\t\tsrc=\"https:\/\/files.sunoresearch.com.br\/n\/uploads\/2025\/09\/1420x240-Suno-One-png.webp\"\n\t\t\t\t\tdata-promo-id=\"383121\"\t\t\t\t\t\t\t\t\t\twidth='1420' height='240'\t\t\t\t\talt=\"https:\/\/files.sunoresearch.com.br\/n\/uploads\/2025\/09\/1420x240-Suno-One-png.webp\"\n\t\t\t\t>\n\t\t\t<\/picture>\n\t\t<\/a>\n\t<\/p>\n\n\n","protected":false},"excerpt":{"rendered":"<p>O Carrefour Brasil (CRFB3) reportou preju\u00edzo l\u00edquido ajustado ao controlador de R$ 375 milh\u00f5es no primeiro trimestre de 2023 (1T23). Com isso, reverteu a cifra positiva em R$ 421 milh\u00f5es apresentada um ano antes. Trata-se do primeiro preju\u00edzo registrado pela companhia desde o IPO, em 2017. Carrefour (CRFB3). Foto: Divulga\u00e7\u00e3o J\u00e1 o Ebitda do Carrefour [&hellip;]<\/p>\n","protected":false},"author":233,"featured_media":333329,"comment_status":"closed","ping_status":"closed","sticky":false,"template":"","format":"standard","meta":[],"categories":[64],"tags":[1029,405,1607],"suno_strategy":[],"class_list":["post-398208","post","type-post","status-publish","format-standard","has-post-thumbnail","hentry","category-negocios","tag-balancos-trimestrais","tag-carrefour-crfb3","tag-resultado-das-empresas"],"yoast_head":"<!-- This site is optimized with the Yoast SEO plugin v24.4 - https:\/\/yoast.com\/wordpress\/plugins\/seo\/ -->\n<title>Carrefour (CRFB3) tem preju\u00edzo ajustado de R$ 375 milh\u00f5es no 1T23<\/title>\n<meta name=\"description\" content=\"O Carrefour Brasil (CRFB3) reportou no 1T23 o primeiro preju\u00edzo registrado pela companhia desde o IPO, em 2017. Confira!\" \/>\n<meta name=\"robots\" content=\"index, follow, max-snippet:-1, max-image-preview:large, max-video-preview:-1\" \/>\n<link rel=\"canonical\" href=\"https:\/\/www.suno.com.br\/noticias\/carrefour-crfb3-resultado-balanco-1t23-2\/\" \/>\n<meta property=\"og:locale\" content=\"pt_BR\" \/>\n<meta property=\"og:type\" content=\"article\" \/>\n<meta property=\"og:title\" content=\"Carrefour (CRFB3) tem preju\u00edzo ajustado de R$ 375 milh\u00f5es no 1T23\" \/>\n<meta property=\"og:description\" content=\"O Carrefour Brasil (CRFB3) reportou no 1T23 o primeiro preju\u00edzo registrado pela companhia desde o IPO, em 2017. Confira!\" \/>\n<meta property=\"og:url\" content=\"https:\/\/www.suno.com.br\/noticias\/carrefour-crfb3-resultado-balanco-1t23-2\/\" \/>\n<meta property=\"og:site_name\" content=\"Suno Not\u00edcias\" \/>\n<meta property=\"article:publisher\" content=\"https:\/\/facebook.com\/sunoresearch\" \/>\n<meta property=\"og:image\" content=\"https:\/\/files.sunoresearch.com.br\/n\/uploads\/2022\/12\/carrefour-crfb3.jpeg\" \/>\n\t<meta property=\"og:image:width\" content=\"1200\" \/>\n\t<meta property=\"og:image:height\" content=\"800\" \/>\n\t<meta property=\"og:image:type\" content=\"image\/jpeg\" \/>\n<meta name=\"author\" content=\"Janize Cola\u00e7o\" \/>\n<meta name=\"twitter:card\" content=\"summary_large_image\" \/>\n<meta name=\"twitter:creator\" content=\"@sunoresearch\" \/>\n<meta name=\"twitter:site\" content=\"@sunoresearch\" \/>\n<meta name=\"twitter:label1\" content=\"Escrito por\" \/>\n\t<meta name=\"twitter:data1\" content=\"Janize Cola\u00e7o\" \/>\n\t<meta name=\"twitter:label2\" content=\"Est. tempo de leitura\" \/>\n\t<meta name=\"twitter:data2\" content=\"3 minutos\" \/>\n<script type=\"application\/ld+json\" class=\"yoast-schema-graph\">{\"@context\":\"https:\/\/schema.org\",\"@graph\":[{\"@type\":\"NewsArticle\",\"@id\":\"https:\/\/www.suno.com.br\/noticias\/carrefour-crfb3-resultado-balanco-1t23-2\/#article\",\"isPartOf\":{\"@id\":\"https:\/\/www.suno.com.br\/noticias\/carrefour-crfb3-resultado-balanco-1t23-2\/\"},\"author\":{\"name\":\"Janize Cola\u00e7o\",\"@id\":\"https:\/\/www.suno.com.br\/noticias\/#\/schema\/person\/d689f06da5678e1f0b1ee402f001d676\"},\"headline\":\"Carrefour (CRFB3) reverte lucro e anota preju\u00edzo ajustado de R$ 375 milh\u00f5es no 1T23\",\"datePublished\":\"2023-05-03T00:11:16+00:00\",\"dateModified\":\"2023-05-03T00:36:49+00:00\",\"mainEntityOfPage\":{\"@id\":\"https:\/\/www.suno.com.br\/noticias\/carrefour-crfb3-resultado-balanco-1t23-2\/\"},\"wordCount\":418,\"publisher\":{\"@id\":\"https:\/\/www.suno.com.br\/noticias\/#organization\"},\"image\":{\"@id\":\"https:\/\/www.suno.com.br\/noticias\/carrefour-crfb3-resultado-balanco-1t23-2\/#primaryimage\"},\"thumbnailUrl\":\"https:\/\/files.sunoresearch.com.br\/n\/uploads\/2022\/12\/carrefour-crfb3.jpeg\",\"keywords\":[\"balan\u00e7os trimestrais\",\"Carrefour (CRFB3)\",\"Resultado das empresas\"],\"articleSection\":[\"Neg\u00f3cios\"],\"inLanguage\":\"pt-BR\"},{\"@type\":\"WebPage\",\"@id\":\"https:\/\/www.suno.com.br\/noticias\/carrefour-crfb3-resultado-balanco-1t23-2\/\",\"url\":\"https:\/\/www.suno.com.br\/noticias\/carrefour-crfb3-resultado-balanco-1t23-2\/\",\"name\":\"Carrefour (CRFB3) tem preju\u00edzo ajustado de R$ 375 milh\u00f5es no 1T23\",\"isPartOf\":{\"@id\":\"https:\/\/www.suno.com.br\/noticias\/#website\"},\"primaryImageOfPage\":{\"@id\":\"https:\/\/www.suno.com.br\/noticias\/carrefour-crfb3-resultado-balanco-1t23-2\/#primaryimage\"},\"image\":{\"@id\":\"https:\/\/www.suno.com.br\/noticias\/carrefour-crfb3-resultado-balanco-1t23-2\/#primaryimage\"},\"thumbnailUrl\":\"https:\/\/files.sunoresearch.com.br\/n\/uploads\/2022\/12\/carrefour-crfb3.jpeg\",\"datePublished\":\"2023-05-03T00:11:16+00:00\",\"dateModified\":\"2023-05-03T00:36:49+00:00\",\"description\":\"O Carrefour Brasil (CRFB3) reportou no 1T23 o primeiro preju\u00edzo registrado pela companhia desde o IPO, em 2017. Confira!\",\"breadcrumb\":{\"@id\":\"https:\/\/www.suno.com.br\/noticias\/carrefour-crfb3-resultado-balanco-1t23-2\/#breadcrumb\"},\"inLanguage\":\"pt-BR\",\"potentialAction\":[{\"@type\":\"ReadAction\",\"target\":[\"https:\/\/www.suno.com.br\/noticias\/carrefour-crfb3-resultado-balanco-1t23-2\/\"]}]},{\"@type\":\"ImageObject\",\"inLanguage\":\"pt-BR\",\"@id\":\"https:\/\/www.suno.com.br\/noticias\/carrefour-crfb3-resultado-balanco-1t23-2\/#primaryimage\",\"url\":\"https:\/\/files.sunoresearch.com.br\/n\/uploads\/2022\/12\/carrefour-crfb3.jpeg\",\"contentUrl\":\"https:\/\/files.sunoresearch.com.br\/n\/uploads\/2022\/12\/carrefour-crfb3.jpeg\",\"width\":1200,\"height\":800,\"caption\":\"Carrefour (CRFB3). Foto: Divulga\u00e7\u00e3o\"},{\"@type\":\"BreadcrumbList\",\"@id\":\"https:\/\/www.suno.com.br\/noticias\/carrefour-crfb3-resultado-balanco-1t23-2\/#breadcrumb\",\"itemListElement\":[{\"@type\":\"ListItem\",\"position\":1,\"name\":\"Not\u00edcias\",\"item\":\"https:\/\/www.suno.com.br\/noticias\/\"},{\"@type\":\"ListItem\",\"position\":2,\"name\":\"Neg\u00f3cios\",\"item\":\"https:\/\/www.suno.com.br\/noticias\/negocios\/\"},{\"@type\":\"ListItem\",\"position\":3,\"name\":\"Carrefour (CRFB3) reverte lucro e anota preju\u00edzo ajustado de R$ 375 milh\u00f5es no 1T23\"}]},{\"@type\":\"WebSite\",\"@id\":\"https:\/\/www.suno.com.br\/noticias\/#website\",\"url\":\"https:\/\/www.suno.com.br\/noticias\/\",\"name\":\"Suno Not\u00edcias\",\"description\":\"Seu portal de informa\u00e7\u00e3o sobre o mundo dos investimentos\",\"publisher\":{\"@id\":\"https:\/\/www.suno.com.br\/noticias\/#organization\"},\"potentialAction\":[{\"@type\":\"SearchAction\",\"target\":{\"@type\":\"EntryPoint\",\"urlTemplate\":\"https:\/\/www.suno.com.br\/noticias\/?s={search_term_string}\"},\"query-input\":{\"@type\":\"PropertyValueSpecification\",\"valueRequired\":true,\"valueName\":\"search_term_string\"}}],\"inLanguage\":\"pt-BR\"},{\"@type\":\"Organization\",\"@id\":\"https:\/\/www.suno.com.br\/noticias\/#organization\",\"name\":\"Suno Not\u00edcias\",\"url\":\"https:\/\/www.suno.com.br\/noticias\/\",\"logo\":{\"@type\":\"ImageObject\",\"inLanguage\":\"pt-BR\",\"@id\":\"https:\/\/www.suno.com.br\/noticias\/#\/schema\/logo\/image\/\",\"url\":\"https:\/\/files.sunoresearch.com.br\/n\/uploads\/2021\/09\/suno-logo.png\",\"contentUrl\":\"https:\/\/files.sunoresearch.com.br\/n\/uploads\/2021\/09\/suno-logo.png\",\"width\":180,\"height\":180,\"caption\":\"Suno Not\u00edcias\"},\"image\":{\"@id\":\"https:\/\/www.suno.com.br\/noticias\/#\/schema\/logo\/image\/\"},\"sameAs\":[\"https:\/\/facebook.com\/sunoresearch\",\"https:\/\/x.com\/sunoresearch\",\"https:\/\/www.instagram.com\/suno\",\"https:\/\/www.linkedin.com\/company\/suno-research\/\",\"https:\/\/www.youtube.com\/c\/sunoresearch\"]},{\"@type\":\"Person\",\"@id\":\"https:\/\/www.suno.com.br\/noticias\/#\/schema\/person\/d689f06da5678e1f0b1ee402f001d676\",\"name\":\"Janize Cola\u00e7o\",\"image\":{\"@type\":\"ImageObject\",\"inLanguage\":\"pt-BR\",\"@id\":\"https:\/\/www.suno.com.br\/noticias\/#\/schema\/person\/image\/\",\"url\":\"https:\/\/secure.gravatar.com\/avatar\/32b3bf89abae63ca2cf961bc051522d0?s=96&r=g\",\"contentUrl\":\"https:\/\/secure.gravatar.com\/avatar\/32b3bf89abae63ca2cf961bc051522d0?s=96&r=g\",\"caption\":\"Janize Cola\u00e7o\"},\"description\":\"Jornalista formada pela PUC-SP com passagens pela Record TV, Globo Cond\u00e9 Nast, Revista Panrotas e Editora Via. Hoje, \u00e9 rep\u00f3rter no Suno Not\u00edcias, cobrindo pautas sobre mercado, pol\u00edtica, economia e bolsa de valores.\",\"url\":\"https:\/\/www.suno.com.br\/noticias\/author\/janize-colaco\/\"}]}<\/script>\n<!-- \/ Yoast SEO plugin. -->","yoast_head_json":{"title":"Carrefour (CRFB3) tem preju\u00edzo ajustado de R$ 375 milh\u00f5es no 1T23","description":"O Carrefour Brasil (CRFB3) reportou no 1T23 o primeiro preju\u00edzo registrado pela companhia desde o IPO, em 2017. Confira!","robots":{"index":"index","follow":"follow","max-snippet":"max-snippet:-1","max-image-preview":"max-image-preview:large","max-video-preview":"max-video-preview:-1"},"canonical":"https:\/\/www.suno.com.br\/noticias\/carrefour-crfb3-resultado-balanco-1t23-2\/","og_locale":"pt_BR","og_type":"article","og_title":"Carrefour (CRFB3) tem preju\u00edzo ajustado de R$ 375 milh\u00f5es no 1T23","og_description":"O Carrefour Brasil (CRFB3) reportou no 1T23 o primeiro preju\u00edzo registrado pela companhia desde o IPO, em 2017. Confira!","og_url":"https:\/\/www.suno.com.br\/noticias\/carrefour-crfb3-resultado-balanco-1t23-2\/","og_site_name":"Suno Not\u00edcias","article_publisher":"https:\/\/facebook.com\/sunoresearch","og_image":[{"width":1200,"height":800,"url":"https:\/\/files.sunoresearch.com.br\/n\/uploads\/2022\/12\/carrefour-crfb3.jpeg","type":"image\/jpeg"}],"author":"Janize Cola\u00e7o","twitter_card":"summary_large_image","twitter_creator":"@sunoresearch","twitter_site":"@sunoresearch","twitter_misc":{"Escrito por":"Janize Cola\u00e7o","Est. tempo de leitura":"3 minutos"},"schema":{"@context":"https:\/\/schema.org","@graph":[{"@type":"NewsArticle","@id":"https:\/\/www.suno.com.br\/noticias\/carrefour-crfb3-resultado-balanco-1t23-2\/#article","isPartOf":{"@id":"https:\/\/www.suno.com.br\/noticias\/carrefour-crfb3-resultado-balanco-1t23-2\/"},"author":{"name":"Janize Cola\u00e7o","@id":"https:\/\/www.suno.com.br\/noticias\/#\/schema\/person\/d689f06da5678e1f0b1ee402f001d676"},"headline":"Carrefour (CRFB3) reverte lucro e anota preju\u00edzo ajustado de R$ 375 milh\u00f5es no 1T23","datePublished":"2023-05-03T00:11:16+00:00","dateModified":"2023-05-03T00:36:49+00:00","mainEntityOfPage":{"@id":"https:\/\/www.suno.com.br\/noticias\/carrefour-crfb3-resultado-balanco-1t23-2\/"},"wordCount":418,"publisher":{"@id":"https:\/\/www.suno.com.br\/noticias\/#organization"},"image":{"@id":"https:\/\/www.suno.com.br\/noticias\/carrefour-crfb3-resultado-balanco-1t23-2\/#primaryimage"},"thumbnailUrl":"https:\/\/files.sunoresearch.com.br\/n\/uploads\/2022\/12\/carrefour-crfb3.jpeg","keywords":["balan\u00e7os trimestrais","Carrefour (CRFB3)","Resultado das empresas"],"articleSection":["Neg\u00f3cios"],"inLanguage":"pt-BR"},{"@type":"WebPage","@id":"https:\/\/www.suno.com.br\/noticias\/carrefour-crfb3-resultado-balanco-1t23-2\/","url":"https:\/\/www.suno.com.br\/noticias\/carrefour-crfb3-resultado-balanco-1t23-2\/","name":"Carrefour (CRFB3) tem preju\u00edzo ajustado de R$ 375 milh\u00f5es no 1T23","isPartOf":{"@id":"https:\/\/www.suno.com.br\/noticias\/#website"},"primaryImageOfPage":{"@id":"https:\/\/www.suno.com.br\/noticias\/carrefour-crfb3-resultado-balanco-1t23-2\/#primaryimage"},"image":{"@id":"https:\/\/www.suno.com.br\/noticias\/carrefour-crfb3-resultado-balanco-1t23-2\/#primaryimage"},"thumbnailUrl":"https:\/\/files.sunoresearch.com.br\/n\/uploads\/2022\/12\/carrefour-crfb3.jpeg","datePublished":"2023-05-03T00:11:16+00:00","dateModified":"2023-05-03T00:36:49+00:00","description":"O Carrefour Brasil (CRFB3) reportou no 1T23 o primeiro preju\u00edzo registrado pela companhia desde o IPO, em 2017. Confira!","breadcrumb":{"@id":"https:\/\/www.suno.com.br\/noticias\/carrefour-crfb3-resultado-balanco-1t23-2\/#breadcrumb"},"inLanguage":"pt-BR","potentialAction":[{"@type":"ReadAction","target":["https:\/\/www.suno.com.br\/noticias\/carrefour-crfb3-resultado-balanco-1t23-2\/"]}]},{"@type":"ImageObject","inLanguage":"pt-BR","@id":"https:\/\/www.suno.com.br\/noticias\/carrefour-crfb3-resultado-balanco-1t23-2\/#primaryimage","url":"https:\/\/files.sunoresearch.com.br\/n\/uploads\/2022\/12\/carrefour-crfb3.jpeg","contentUrl":"https:\/\/files.sunoresearch.com.br\/n\/uploads\/2022\/12\/carrefour-crfb3.jpeg","width":1200,"height":800,"caption":"Carrefour (CRFB3). Foto: Divulga\u00e7\u00e3o"},{"@type":"BreadcrumbList","@id":"https:\/\/www.suno.com.br\/noticias\/carrefour-crfb3-resultado-balanco-1t23-2\/#breadcrumb","itemListElement":[{"@type":"ListItem","position":1,"name":"Not\u00edcias","item":"https:\/\/www.suno.com.br\/noticias\/"},{"@type":"ListItem","position":2,"name":"Neg\u00f3cios","item":"https:\/\/www.suno.com.br\/noticias\/negocios\/"},{"@type":"ListItem","position":3,"name":"Carrefour (CRFB3) reverte lucro e anota preju\u00edzo ajustado de R$ 375 milh\u00f5es no 1T23"}]},{"@type":"WebSite","@id":"https:\/\/www.suno.com.br\/noticias\/#website","url":"https:\/\/www.suno.com.br\/noticias\/","name":"Suno Not\u00edcias","description":"Seu portal de informa\u00e7\u00e3o sobre o mundo dos investimentos","publisher":{"@id":"https:\/\/www.suno.com.br\/noticias\/#organization"},"potentialAction":[{"@type":"SearchAction","target":{"@type":"EntryPoint","urlTemplate":"https:\/\/www.suno.com.br\/noticias\/?s={search_term_string}"},"query-input":{"@type":"PropertyValueSpecification","valueRequired":true,"valueName":"search_term_string"}}],"inLanguage":"pt-BR"},{"@type":"Organization","@id":"https:\/\/www.suno.com.br\/noticias\/#organization","name":"Suno Not\u00edcias","url":"https:\/\/www.suno.com.br\/noticias\/","logo":{"@type":"ImageObject","inLanguage":"pt-BR","@id":"https:\/\/www.suno.com.br\/noticias\/#\/schema\/logo\/image\/","url":"https:\/\/files.sunoresearch.com.br\/n\/uploads\/2021\/09\/suno-logo.png","contentUrl":"https:\/\/files.sunoresearch.com.br\/n\/uploads\/2021\/09\/suno-logo.png","width":180,"height":180,"caption":"Suno Not\u00edcias"},"image":{"@id":"https:\/\/www.suno.com.br\/noticias\/#\/schema\/logo\/image\/"},"sameAs":["https:\/\/facebook.com\/sunoresearch","https:\/\/x.com\/sunoresearch","https:\/\/www.instagram.com\/suno","https:\/\/www.linkedin.com\/company\/suno-research\/","https:\/\/www.youtube.com\/c\/sunoresearch"]},{"@type":"Person","@id":"https:\/\/www.suno.com.br\/noticias\/#\/schema\/person\/d689f06da5678e1f0b1ee402f001d676","name":"Janize Cola\u00e7o","image":{"@type":"ImageObject","inLanguage":"pt-BR","@id":"https:\/\/www.suno.com.br\/noticias\/#\/schema\/person\/image\/","url":"https:\/\/secure.gravatar.com\/avatar\/32b3bf89abae63ca2cf961bc051522d0?s=96&r=g","contentUrl":"https:\/\/secure.gravatar.com\/avatar\/32b3bf89abae63ca2cf961bc051522d0?s=96&r=g","caption":"Janize Cola\u00e7o"},"description":"Jornalista formada pela PUC-SP com passagens pela Record TV, Globo Cond\u00e9 Nast, Revista Panrotas e Editora Via. Hoje, \u00e9 rep\u00f3rter no Suno Not\u00edcias, cobrindo pautas sobre mercado, pol\u00edtica, economia e bolsa de valores.","url":"https:\/\/www.suno.com.br\/noticias\/author\/janize-colaco\/"}]}},"default_loop_html":"<div class=\"cardsPage__listCard__boxs\"><div class=\"cardsPage__listCard__boxs__img\"><a href=\"https:\/\/www.suno.com.br\/noticias\/carrefour-crfb3-resultado-balanco-1t23-2\/\"><img class=\"mask\" src=\"https:\/\/www.suno.com.br\/noticias\/wp-content\/themes\/suno\/resources\/images\/spotlight\/spotlight1img\/bg-mask.png\" alt=\"Image Mask\"\/><img src=\"https:\/\/files.sunoresearch.com.br\/n\/uploads\/2022\/12\/carrefour-crfb3-400x200.jpeg\" alt=\"Carrefour (CRFB3) reverte lucro e anota preju\u00edzo ajustado de R$ 375 milh\u00f5es no 1T23\"\/><\/a><span class=\"spotlightCategory\"><a href=\"https:\/\/www.suno.com.br\/noticias\/negocios\/\">Neg\u00f3cios<\/a><\/span><\/div><div class=\"cardsPage__listCard__boxs__content\"><a href=\"https:\/\/www.suno.com.br\/noticias\/carrefour-crfb3-resultado-balanco-1t23-2\/\"><h2 class=\"content__title\">Carrefour (CRFB3) reverte lucro e anota preju\u00edzo ajustado de R$ 375 milh\u00f5es no 1T23<\/h2><\/a><div class=\"newsContent__article__meta\"><div class=\"newsContent__article__meta__authorBox\"><a href=\"https:\/\/www.suno.com.br\/noticias\/author\/janize-colaco\/\" class=\"authorBox__avatar noMobi\"><img src=\"https:\/\/files.sunoresearch.com.br\/n\/uploads\/2022\/11\/20221120_111807-1-150x150.jpg\" alt=\"Janize Cola\u00e7o\"><\/a><div class=\"authorBox__name\"><span>por\n\t\t\t<a href=\"https:\/\/www.suno.com.br\/noticias\/author\/janize-colaco\/\"><span itemprop=\"author\">Janize Cola\u00e7o<\/span><\/a><\/span><time datetime=\"2023-05-02T21:11:16-03:00\" itemprop=\"datePublished\">02\/05\/2023 21:11<\/time><\/div><\/div><\/div><\/div><\/div>","single_layout":"posts","amp_enabled":true,"_links":{"self":[{"href":"https:\/\/www.suno.com.br\/noticias\/wp-json\/wp\/v2\/posts\/398208"}],"collection":[{"href":"https:\/\/www.suno.com.br\/noticias\/wp-json\/wp\/v2\/posts"}],"about":[{"href":"https:\/\/www.suno.com.br\/noticias\/wp-json\/wp\/v2\/types\/post"}],"author":[{"embeddable":true,"href":"https:\/\/www.suno.com.br\/noticias\/wp-json\/wp\/v2\/users\/233"}],"replies":[{"embeddable":true,"href":"https:\/\/www.suno.com.br\/noticias\/wp-json\/wp\/v2\/comments?post=398208"}],"version-history":[{"count":3,"href":"https:\/\/www.suno.com.br\/noticias\/wp-json\/wp\/v2\/posts\/398208\/revisions"}],"predecessor-version":[{"id":398256,"href":"https:\/\/www.suno.com.br\/noticias\/wp-json\/wp\/v2\/posts\/398208\/revisions\/398256"}],"wp:featuredmedia":[{"embeddable":true,"href":"https:\/\/www.suno.com.br\/noticias\/wp-json\/wp\/v2\/media\/333329"}],"wp:attachment":[{"href":"https:\/\/www.suno.com.br\/noticias\/wp-json\/wp\/v2\/media?parent=398208"}],"wp:term":[{"taxonomy":"category","embeddable":true,"href":"https:\/\/www.suno.com.br\/noticias\/wp-json\/wp\/v2\/categories?post=398208"},{"taxonomy":"post_tag","embeddable":true,"href":"https:\/\/www.suno.com.br\/noticias\/wp-json\/wp\/v2\/tags?post=398208"},{"taxonomy":"suno_strategy","embeddable":true,"href":"https:\/\/www.suno.com.br\/noticias\/wp-json\/wp\/v2\/suno_strategy?post=398208"}],"curies":[{"name":"wp","href":"https:\/\/api.w.org\/{rel}","templated":true}]}}