{"id":398132,"date":"2023-05-02T19:15:16","date_gmt":"2023-05-02T22:15:16","guid":{"rendered":"https:\/\/www.suno.com.br\/noticias\/?p=398132"},"modified":"2023-05-02T19:59:22","modified_gmt":"2023-05-02T22:59:22","slug":"petrobras-petr4-cvm-ameaca-processo-uniao-conselheiros","status":"publish","type":"post","link":"https:\/\/www.suno.com.br\/noticias\/petrobras-petr4-cvm-ameaca-processo-uniao-conselheiros\/","title":{"rendered":"Petrobras (PETR4): CVM amea\u00e7a abrir processo contra Uni\u00e3o e conselheiros &#8220;ineleg\u00edveis&#8221;"},"content":{"rendered":"<p>Os novos conselheiros da <strong>Petrobras<\/strong> (PETR4), considerados ineleg\u00edveis e eleitos na \u00faltima <a href=\"https:\/\/www.suno.com.br\/noticias\/petrobras-petr4-ago-assuntos-em-jogo\/\" target=\"_blank\" rel=\"noreferrer noopener\">assembleia de acionistas<\/a>, realizada na quinta-feira (27), devem enfrentar um processo sancionador na Comiss\u00e3o de Valores Mobili\u00e1rios (CVM), com a imputa\u00e7\u00e3o de penalidades. As informa\u00e7\u00f5es foram apuradas pelo Valor Econ\u00f4mico.<\/p>\t<div class=\"wrapper-featured-image\">\n\t\t<figure class=\"spotlightImg\">\n\n\t\t\t<picture>\n\t\t\t\t<source media=\"(max-width: 768px)\" srcset=\"https:\/\/files.sunoresearch.com.br\/n\/uploads\/2023\/04\/edificio-sede-da-Petrobras-Edise-3-400x200.jpg\">\n\t\t\t\t<img loading=\"lazy\" decoding=\"async\" class=\"newsContent__article__imgCapa lazyloadDisabled \" src=\"https:\/\/files.sunoresearch.com.br\/n\/uploads\/2023\/04\/edificio-sede-da-Petrobras-Edise-3-800x450.jpg\" width=\"800\" height=\"450\" alt=\"Petrobras (PETR4): CVM amea\u00e7a abrir processo contra Uni\u00e3o e conselheiros &#8220;ineleg\u00edveis&#8221;\" fetchpriority=high \/>\n\t\t\t<\/picture>\n\n\t\t\t<figcaption class=\"wp-caption-text wp-caption-text--show\">A Edise, edif\u00edcio-sede da Petrobras (PETR4): Foto: Ag\u00eancia Petrobras<\/figcaption>\n\t\t<\/figure>\n\t<\/div>\n\n\n\n\n\n\t<p>\n\t\t<a href=\"\" target=\"_blank\" data-element=\"shortcode-suno-banner\" title=\"Banner SUNO, clique e saiba mais\">\n\t\t\t<picture>\n\t\t\t\t<source media=\"(max-width: 500px)\" srcset=\"\">\n\t\t\t\t<img class=\"newsContent__article__imgCapa newsContent__article__imgCapa--banner\"\n\t\t\t\t\tsrc=\"\"\n\t\t\t\t\tdata-promo-id=\"254218\"\t\t\t\t\t\t\t\t\t\t\t\t\t\t\talt=\"\"\n\t\t\t\t>\n\t\t\t<\/picture>\n\t\t<\/a>\n\t<\/p>\n\n\n\n\n\n<p>De acordo com o jornal, j\u00e1 existe na autarquia um processo administrativo aberto sobre a elei\u00e7\u00e3o para o <strong>conselho da Petrobras,<\/strong> que servir\u00e1 de base para um potencial processo sancionador.<\/p>\n\n\n\n<p>Isso pode ocorrer devido ao fato de a Uni\u00e3o e os candidatos avaliados como ineleg\u00edveis terem mantido as candidaturas e sido eleitos, apesar das recomenda\u00e7\u00f5es contr\u00e1rias dos \u00f3rg\u00e3os internos de governan\u00e7a da companhia. <\/p>\n\n\n\n<p>Dos tr\u00eas conselheiros considerados ineleg\u00edveis, dois deles ocupam secretarias no Minist\u00e9rio de Minas e Energia (MME), o que configuraria conflito de interesses. Afinal, eles estariam decidindo os rumos da principal empresa de \u00f3leo e g\u00e1s do Pa\u00eds e, ao mesmo tempo, atuando na defini\u00e7\u00e3o de pol\u00edticas p\u00fablicas no setor de energia.<\/p>\n\n\n\t<div data-element=\"shortcode-read-more\" class=\"knowMore\">\n\t\t\t\t<span class=\"knowMore__title\">Leia mais<\/span>\n\t\t\t\t<a class=\"knowMore__link\" href=\"https:\/\/www.suno.com.br\/noticias\/novo-conselho-petrobras-petr4-dividendos-o-que-esperar\/\">\n\t\t\tNovo conselho da Petrobras (PETR4): presen\u00e7a majorit\u00e1ria do governo \u00e9 amea\u00e7a aos dividendos?\t\t<\/a>\n\t<\/div>\n\n\n\n\n<p>Cabe ao conselho da Petrobras definir a vis\u00e3o estrat\u00e9gica da companhia, o que inclui decis\u00f5es sobre a pol\u00edtica de pre\u00e7os dos combust\u00edveis, investimentos e pagamento de dividendos, entre outros temas. Quem define a agenda e o ritmo dos trabalhos \u00e9 o presidente do colegiado, vaga para a qual foi eleito Pietro Mendes, secret\u00e1rio de \u00f3leo e g\u00e1s do MME.<\/p>\n\n\n\t<p>\n\t\t<a href=\"https:\/\/lp.suno.com.br\/suno-one\/?utm_campaign=_SNC6964518A_\" target=\"_blank\" data-element=\"shortcode-suno-banner\" title=\"Banner SUNO, clique e saiba mais\">\n\t\t\t<picture>\n\t\t\t\t<source media=\"(max-width: 500px)\" srcset=\"https:\/\/files.sunoresearch.com.br\/n\/uploads\/2025\/09\/400x300-Suno-One-png.webp\">\n\t\t\t\t<img class=\"newsContent__article__imgCapa newsContent__article__imgCapa--banner\"\n\t\t\t\t\tsrc=\"https:\/\/files.sunoresearch.com.br\/n\/uploads\/2025\/09\/1420x240-Suno-One-png.webp\"\n\t\t\t\t\tdata-promo-id=\"383121\"\t\t\t\t\t\t\t\t\t\twidth='1420' height='240'\t\t\t\t\talt=\"https:\/\/files.sunoresearch.com.br\/n\/uploads\/2025\/09\/1420x240-Suno-One-png.webp\"\n\t\t\t\t>\n\t\t\t<\/picture>\n\t\t<\/a>\n\t<\/p>\n\n\n\n\n\n<h2 class=\"wp-block-heading\">Back Ground Check<\/h2>\n\n\n\n<p>Vale lembrar que todos os executivos indicados a um cargo na <strong>administra\u00e7\u00e3o da Petrobras<\/strong> passam por um processo conhecido como \u201cback ground check\u201d de integridade (BCI). \u00c9 essa etapa que verifica se os nomes atendem \u00e0s exig\u00eancias legais e \u00e0 pol\u00edtica de nomea\u00e7\u00f5es da companhia. <\/p>\n\n\n\n<p>As conclus\u00f5es das inst\u00e2ncias de governan\u00e7a da empresa em rela\u00e7\u00e3o aos candidatos servem como orienta\u00e7\u00f5es, mas n\u00e3o precisam necessariamente serem seguidas pelos acionistas na Assembleia Geral Ordin\u00e1ria. <\/p>\n\n\n\n<p>No entanto, a decis\u00e3o de manter as candidaturas e eleger conselheiros considerados ineleg\u00edveis \u00e0 Petrobras pode gerar consequ\u00eancias para os envolvidos, como a abertura de processos sancionadores na CVM.<\/p>\n\n\n\n<h2 class=\"wp-block-heading\">Cota\u00e7\u00e3o Petrobras<\/h2>\n\n\n\n<p>Nesta ter\u00e7a (2), as a\u00e7\u00f5es da&nbsp;<strong>Petrobras<\/strong>&nbsp;fecharam queda de 4,05%, cotadas a R$ 22,74. Confira abaixo mais detalhes do desempenho da companhia nos \u00faltimos seis meses na&nbsp;<a href=\"https:\/\/www.suno.com.br\/guias\/bolsa-de-valores\/\" target=\"_blank\" rel=\"noreferrer noopener\">bolsa de valores<\/a>:<\/p>\n\n\n\n<div class=\"pluginQuotation\">\n  <p class=\"ticker\">\n    Cota\u00e7\u00e3o <span>petr4<\/span>\n  <\/p>\n  <div class=\"info\">\n    <div class=\"leftSide\">\n      Gr\u00e1fico gerado em: 02\/05\/2023    <\/div>\n\t\t\t\t\t<div class=\"rightSide\">\n\t\t\t\t\t<span class=\"period\">\n\t\t\t\t\t\t1 Dia\t\t\t\t\t<\/span>\n\t\t\t<\/div>\n\t\t  <\/div>\n\n  <div id=\"chart-5469bdb790d1e29f0d486c10eee6d6af\" data-block-hash=\"5469bdb790d1e29f0d486c10eee6d6af\"  class=\"chart\" style=\"width:100%;height:400px;\"><\/div>\n\n  <div class=\"pluginQuotation__footer\">\n    <div class=\"dataChart\">\n\n      <div class=\"dataChart__div1 variation\">\n        <div class=\"value-negative\">\n          -3,97 (-0,94%)        <\/div>\n        <div class=\"text\">\n          Varia\u00e7\u00e3o do per\u00edodo\n        <\/div>\n      <\/div>\n\n      <div class=\"dataChart__div2 minMax\">\n        <div class=\"value\">\n          R$\u00a022,69        <\/div>\n        <div class=\"text\">\n          M\u00ednima\n        <\/div>\n      <\/div>\n\n      <div class=\"dataChart__div3 minMax\">\n        <div class=\"value\">\n          R$\u00a023,66        <\/div>\n        <div class=\"text\">\n          M\u00e1xima\n        <\/div>\n      <\/div>\n\n\t\t\t<div class=\"dataChart__div4 rightSide\">\n\t\t\t\t<div class=\"analiticaSource\">\n\t\t\t\t\t<span>\n\t\t\t\t\t\tFonte:\n\t\t\t\t\t<\/span>\n\t\t\t\t\t<img decoding=\"async\" class=\"analiticaLogo\" src=\"https:\/\/www.suno.com.br\/noticias\/wp-content\/plugins\/suno-block-ticker-quotation\/src\/suno-analitica-logo.png\" alt=\"Logo Suno Anal\u00edtica\" \/>\n\t\t\t\t<\/div>\n\n\t\t\t\t<a href=\"https:\/\/www.suno.com.br\/analitica\/acoes\/petr4\" target=\"_blank\">\n\t\t\t\t\t<span>\n\t\t\t\t\t\tVer mais cota\u00e7\u00f5es\n\t\t\t\t\t<\/span>\n\t\t\t\t\t<svg xmlns=\"http:\/\/www.w3.org\/2000\/svg\" width=\"9\" height=\"8\" viewBox=\"0 0 9 8\" fill=\"none\">\n\t\t\t\t\t\t<path d=\"M4.20996 0L3.50496 0.705L6.29496 3.5H0.209961V4.5H6.29496L3.50496 7.295L4.20996 8L8.20996 4L4.20996 0Z\" fill=\"#D42126\" \/>\n\t\t\t\t\t<\/svg>\n\t\t\t\t<\/a>\n    <\/div>\n\n    <\/div>\n  <\/div>\n<\/div>\n\n\n<script type=\"text\/javascript\">\n  let chart_5469bdb790d1e29f0d486c10eee6d6af = document.getElementById('chart-5469bdb790d1e29f0d486c10eee6d6af');\n  let data_json_5469bdb790d1e29f0d486c10eee6d6af = \"[{\\\"date\\\":\\\"02\\\\\\\/05\\\\\\\/23 10:02\\\",\\\"value\\\":23.66},{\\\"date\\\":\\\"02\\\\\\\/05\\\\\\\/23 10:04\\\",\\\"value\\\":23.66},{\\\"date\\\":\\\"02\\\\\\\/05\\\\\\\/23 10:06\\\",\\\"value\\\":23.54},{\\\"date\\\":\\\"02\\\\\\\/05\\\\\\\/23 10:08\\\",\\\"value\\\":23.62},{\\\"date\\\":\\\"02\\\\\\\/05\\\\\\\/23 10:10\\\",\\\"value\\\":23.55},{\\\"date\\\":\\\"02\\\\\\\/05\\\\\\\/23 10:12\\\",\\\"value\\\":23.55},{\\\"date\\\":\\\"02\\\\\\\/05\\\\\\\/23 10:14\\\",\\\"value\\\":23.52},{\\\"date\\\":\\\"02\\\\\\\/05\\\\\\\/23 10:16\\\",\\\"value\\\":23.61},{\\\"date\\\":\\\"02\\\\\\\/05\\\\\\\/23 10:18\\\",\\\"value\\\":23.58},{\\\"date\\\":\\\"02\\\\\\\/05\\\\\\\/23 10:20\\\",\\\"value\\\":23.53},{\\\"date\\\":\\\"02\\\\\\\/05\\\\\\\/23 10:22\\\",\\\"value\\\":23.53},{\\\"date\\\":\\\"02\\\\\\\/05\\\\\\\/23 10:24\\\",\\\"value\\\":23.48},{\\\"date\\\":\\\"02\\\\\\\/05\\\\\\\/23 10:26\\\",\\\"value\\\":23.44},{\\\"date\\\":\\\"02\\\\\\\/05\\\\\\\/23 10:28\\\",\\\"value\\\":23.43},{\\\"date\\\":\\\"02\\\\\\\/05\\\\\\\/23 10:30\\\",\\\"value\\\":23.35},{\\\"date\\\":\\\"02\\\\\\\/05\\\\\\\/23 10:32\\\",\\\"value\\\":23.4},{\\\"date\\\":\\\"02\\\\\\\/05\\\\\\\/23 10:34\\\",\\\"value\\\":23.36},{\\\"date\\\":\\\"02\\\\\\\/05\\\\\\\/23 10:36\\\",\\\"value\\\":23.31},{\\\"date\\\":\\\"02\\\\\\\/05\\\\\\\/23 10:38\\\",\\\"value\\\":23.33},{\\\"date\\\":\\\"02\\\\\\\/05\\\\\\\/23 10:40\\\",\\\"value\\\":23.28},{\\\"date\\\":\\\"02\\\\\\\/05\\\\\\\/23 10:42\\\",\\\"value\\\":23.23},{\\\"date\\\":\\\"02\\\\\\\/05\\\\\\\/23 10:44\\\",\\\"value\\\":23.17},{\\\"date\\\":\\\"02\\\\\\\/05\\\\\\\/23 10:46\\\",\\\"value\\\":23.12},{\\\"date\\\":\\\"02\\\\\\\/05\\\\\\\/23 10:48\\\",\\\"value\\\":23.05},{\\\"date\\\":\\\"02\\\\\\\/05\\\\\\\/23 10:50\\\",\\\"value\\\":23.03},{\\\"date\\\":\\\"02\\\\\\\/05\\\\\\\/23 10:52\\\",\\\"value\\\":23.07},{\\\"date\\\":\\\"02\\\\\\\/05\\\\\\\/23 10:54\\\",\\\"value\\\":23.11},{\\\"date\\\":\\\"02\\\\\\\/05\\\\\\\/23 10:56\\\",\\\"value\\\":23.07},{\\\"date\\\":\\\"02\\\\\\\/05\\\\\\\/23 10:58\\\",\\\"value\\\":23.07},{\\\"date\\\":\\\"02\\\\\\\/05\\\\\\\/23 11:00\\\",\\\"value\\\":23.01},{\\\"date\\\":\\\"02\\\\\\\/05\\\\\\\/23 11:02\\\",\\\"value\\\":22.96},{\\\"date\\\":\\\"02\\\\\\\/05\\\\\\\/23 11:04\\\",\\\"value\\\":22.93},{\\\"date\\\":\\\"02\\\\\\\/05\\\\\\\/23 11:06\\\",\\\"value\\\":22.92},{\\\"date\\\":\\\"02\\\\\\\/05\\\\\\\/23 11:08\\\",\\\"value\\\":22.93},{\\\"date\\\":\\\"02\\\\\\\/05\\\\\\\/23 11:10\\\",\\\"value\\\":22.93},{\\\"date\\\":\\\"02\\\\\\\/05\\\\\\\/23 11:12\\\",\\\"value\\\":22.99},{\\\"date\\\":\\\"02\\\\\\\/05\\\\\\\/23 11:14\\\",\\\"value\\\":23.05},{\\\"date\\\":\\\"02\\\\\\\/05\\\\\\\/23 11:16\\\",\\\"value\\\":23.03},{\\\"date\\\":\\\"02\\\\\\\/05\\\\\\\/23 11:18\\\",\\\"value\\\":22.98},{\\\"date\\\":\\\"02\\\\\\\/05\\\\\\\/23 11:20\\\",\\\"value\\\":22.96},{\\\"date\\\":\\\"02\\\\\\\/05\\\\\\\/23 11:22\\\",\\\"value\\\":22.9},{\\\"date\\\":\\\"02\\\\\\\/05\\\\\\\/23 11:24\\\",\\\"value\\\":22.9},{\\\"date\\\":\\\"02\\\\\\\/05\\\\\\\/23 11:26\\\",\\\"value\\\":22.9},{\\\"date\\\":\\\"02\\\\\\\/05\\\\\\\/23 11:28\\\",\\\"value\\\":22.88},{\\\"date\\\":\\\"02\\\\\\\/05\\\\\\\/23 11:30\\\",\\\"value\\\":22.9},{\\\"date\\\":\\\"02\\\\\\\/05\\\\\\\/23 11:32\\\",\\\"value\\\":22.96},{\\\"date\\\":\\\"02\\\\\\\/05\\\\\\\/23 11:34\\\",\\\"value\\\":22.88},{\\\"date\\\":\\\"02\\\\\\\/05\\\\\\\/23 11:36\\\",\\\"value\\\":22.86},{\\\"date\\\":\\\"02\\\\\\\/05\\\\\\\/23 11:38\\\",\\\"value\\\":22.91},{\\\"date\\\":\\\"02\\\\\\\/05\\\\\\\/23 11:40\\\",\\\"value\\\":22.92},{\\\"date\\\":\\\"02\\\\\\\/05\\\\\\\/23 11:42\\\",\\\"value\\\":22.87},{\\\"date\\\":\\\"02\\\\\\\/05\\\\\\\/23 11:44\\\",\\\"value\\\":22.85},{\\\"date\\\":\\\"02\\\\\\\/05\\\\\\\/23 11:46\\\",\\\"value\\\":22.84},{\\\"date\\\":\\\"02\\\\\\\/05\\\\\\\/23 11:48\\\",\\\"value\\\":22.92},{\\\"date\\\":\\\"02\\\\\\\/05\\\\\\\/23 11:50\\\",\\\"value\\\":22.9},{\\\"date\\\":\\\"02\\\\\\\/05\\\\\\\/23 11:52\\\",\\\"value\\\":22.85},{\\\"date\\\":\\\"02\\\\\\\/05\\\\\\\/23 11:54\\\",\\\"value\\\":22.82},{\\\"date\\\":\\\"02\\\\\\\/05\\\\\\\/23 11:56\\\",\\\"value\\\":22.84},{\\\"date\\\":\\\"02\\\\\\\/05\\\\\\\/23 11:58\\\",\\\"value\\\":22.86},{\\\"date\\\":\\\"02\\\\\\\/05\\\\\\\/23 12:00\\\",\\\"value\\\":22.87},{\\\"date\\\":\\\"02\\\\\\\/05\\\\\\\/23 12:02\\\",\\\"value\\\":22.87},{\\\"date\\\":\\\"02\\\\\\\/05\\\\\\\/23 12:04\\\",\\\"value\\\":22.87},{\\\"date\\\":\\\"02\\\\\\\/05\\\\\\\/23 12:06\\\",\\\"value\\\":22.82},{\\\"date\\\":\\\"02\\\\\\\/05\\\\\\\/23 12:08\\\",\\\"value\\\":22.82},{\\\"date\\\":\\\"02\\\\\\\/05\\\\\\\/23 12:10\\\",\\\"value\\\":22.81},{\\\"date\\\":\\\"02\\\\\\\/05\\\\\\\/23 12:12\\\",\\\"value\\\":22.78},{\\\"date\\\":\\\"02\\\\\\\/05\\\\\\\/23 12:14\\\",\\\"value\\\":22.75},{\\\"date\\\":\\\"02\\\\\\\/05\\\\\\\/23 12:16\\\",\\\"value\\\":22.73},{\\\"date\\\":\\\"02\\\\\\\/05\\\\\\\/23 12:18\\\",\\\"value\\\":22.76},{\\\"date\\\":\\\"02\\\\\\\/05\\\\\\\/23 12:20\\\",\\\"value\\\":22.7},{\\\"date\\\":\\\"02\\\\\\\/05\\\\\\\/23 12:22\\\",\\\"value\\\":22.72},{\\\"date\\\":\\\"02\\\\\\\/05\\\\\\\/23 12:24\\\",\\\"value\\\":22.7},{\\\"date\\\":\\\"02\\\\\\\/05\\\\\\\/23 12:26\\\",\\\"value\\\":22.69},{\\\"date\\\":\\\"02\\\\\\\/05\\\\\\\/23 12:28\\\",\\\"value\\\":22.74},{\\\"date\\\":\\\"02\\\\\\\/05\\\\\\\/23 12:30\\\",\\\"value\\\":22.73},{\\\"date\\\":\\\"02\\\\\\\/05\\\\\\\/23 12:32\\\",\\\"value\\\":22.76},{\\\"date\\\":\\\"02\\\\\\\/05\\\\\\\/23 12:34\\\",\\\"value\\\":22.79},{\\\"date\\\":\\\"02\\\\\\\/05\\\\\\\/23 12:36\\\",\\\"value\\\":22.81},{\\\"date\\\":\\\"02\\\\\\\/05\\\\\\\/23 12:38\\\",\\\"value\\\":22.87},{\\\"date\\\":\\\"02\\\\\\\/05\\\\\\\/23 12:40\\\",\\\"value\\\":22.81},{\\\"date\\\":\\\"02\\\\\\\/05\\\\\\\/23 12:42\\\",\\\"value\\\":22.81},{\\\"date\\\":\\\"02\\\\\\\/05\\\\\\\/23 14:48\\\",\\\"value\\\":22.93},{\\\"date\\\":\\\"02\\\\\\\/05\\\\\\\/23 14:50\\\",\\\"value\\\":22.92},{\\\"date\\\":\\\"02\\\\\\\/05\\\\\\\/23 14:52\\\",\\\"value\\\":22.9},{\\\"date\\\":\\\"02\\\\\\\/05\\\\\\\/23 14:54\\\",\\\"value\\\":22.88},{\\\"date\\\":\\\"02\\\\\\\/05\\\\\\\/23 14:56\\\",\\\"value\\\":22.88},{\\\"date\\\":\\\"02\\\\\\\/05\\\\\\\/23 14:58\\\",\\\"value\\\":22.89},{\\\"date\\\":\\\"02\\\\\\\/05\\\\\\\/23 15:00\\\",\\\"value\\\":22.84},{\\\"date\\\":\\\"02\\\\\\\/05\\\\\\\/23 15:02\\\",\\\"value\\\":22.83},{\\\"date\\\":\\\"02\\\\\\\/05\\\\\\\/23 15:04\\\",\\\"value\\\":22.86},{\\\"date\\\":\\\"02\\\\\\\/05\\\\\\\/23 15:06\\\",\\\"value\\\":22.84},{\\\"date\\\":\\\"02\\\\\\\/05\\\\\\\/23 15:08\\\",\\\"value\\\":22.87},{\\\"date\\\":\\\"02\\\\\\\/05\\\\\\\/23 15:10\\\",\\\"value\\\":22.87},{\\\"date\\\":\\\"02\\\\\\\/05\\\\\\\/23 15:12\\\",\\\"value\\\":22.84},{\\\"date\\\":\\\"02\\\\\\\/05\\\\\\\/23 15:14\\\",\\\"value\\\":22.82},{\\\"date\\\":\\\"02\\\\\\\/05\\\\\\\/23 15:16\\\",\\\"value\\\":22.84},{\\\"date\\\":\\\"02\\\\\\\/05\\\\\\\/23 15:18\\\",\\\"value\\\":22.87},{\\\"date\\\":\\\"02\\\\\\\/05\\\\\\\/23 15:20\\\",\\\"value\\\":22.84},{\\\"date\\\":\\\"02\\\\\\\/05\\\\\\\/23 15:22\\\",\\\"value\\\":22.85},{\\\"date\\\":\\\"02\\\\\\\/05\\\\\\\/23 15:24\\\",\\\"value\\\":22.84},{\\\"date\\\":\\\"02\\\\\\\/05\\\\\\\/23 15:26\\\",\\\"value\\\":22.86},{\\\"date\\\":\\\"02\\\\\\\/05\\\\\\\/23 15:28\\\",\\\"value\\\":22.85},{\\\"date\\\":\\\"02\\\\\\\/05\\\\\\\/23 15:30\\\",\\\"value\\\":22.83},{\\\"date\\\":\\\"02\\\\\\\/05\\\\\\\/23 15:32\\\",\\\"value\\\":22.82},{\\\"date\\\":\\\"02\\\\\\\/05\\\\\\\/23 15:34\\\",\\\"value\\\":22.82},{\\\"date\\\":\\\"02\\\\\\\/05\\\\\\\/23 15:36\\\",\\\"value\\\":22.84},{\\\"date\\\":\\\"02\\\\\\\/05\\\\\\\/23 15:38\\\",\\\"value\\\":22.85},{\\\"date\\\":\\\"02\\\\\\\/05\\\\\\\/23 15:40\\\",\\\"value\\\":22.72},{\\\"date\\\":\\\"02\\\\\\\/05\\\\\\\/23 15:42\\\",\\\"value\\\":22.82},{\\\"date\\\":\\\"02\\\\\\\/05\\\\\\\/23 15:44\\\",\\\"value\\\":22.81},{\\\"date\\\":\\\"02\\\\\\\/05\\\\\\\/23 15:46\\\",\\\"value\\\":22.72}]\";\n  let isPositive_5469bdb790d1e29f0d486c10eee6d6af = \"\";\n\n  let color_5469bdb790d1e29f0d486c10eee6d6af = isPositive_5469bdb790d1e29f0d486c10eee6d6af ? '#3AB53A' : '#D92C2D';\n\n  let data_5469bdb790d1e29f0d486c10eee6d6af = JSON.parse(data_json_5469bdb790d1e29f0d486c10eee6d6af);\n\n  const result_5469bdb790d1e29f0d486c10eee6d6af = {\n    date: [],\n    value: [],\n  };\n\n  data_5469bdb790d1e29f0d486c10eee6d6af.forEach((item) => {\n    result_5469bdb790d1e29f0d486c10eee6d6af.date.push(item.date);\n    result_5469bdb790d1e29f0d486c10eee6d6af.value.push(Number(item.value));\n  });\n\n  let option_5469bdb790d1e29f0d486c10eee6d6af = {\n    \/\/ variavel de cor global\n    color: [color_5469bdb790d1e29f0d486c10eee6d6af],\n    title: {\n      text: '',\n    },\n    tooltip: {\n      trigger: 'axis',\n      axisPointer: {\n        type: 'cross',\n        label: {\n          \/\/ cor dos valores em X e Y\n          backgroundColor: color_5469bdb790d1e29f0d486c10eee6d6af,\n          formatter: (value) => {\n            if (typeof value.value === 'number') {\n              return Number(value.value).toLocaleString('pt-br', {\n                style: 'currency',\n                currency: 'BRL'\n              });\n            }\n            return value.value;\n          },\n        },\n      },\n      valueFormatter: (value) => Number(value).toLocaleString('pt-br', {\n        style: 'currency',\n        currency: 'BRL'\n      }),\n    },\n    legend: {\n      \/\/ data: ['Valor de Fechamento'],\n      show: false,\n    },\n    toolbox: {\n      feature: {\n        saveAsImage: {\n          show: false,\n        },\n      },\n    },\n    grid: {\n      left: '0px',\n      right: '0px',\n      bottom: '0px',\n      containLabel: true,\n    },\n    xAxis: [{\n      type: 'category',\n      data: result_5469bdb790d1e29f0d486c10eee6d6af.date,\n      boundaryGap: true,\n    }],\n    yAxis: [{\n      type: 'value',\n      min: Math.min(...result_5469bdb790d1e29f0d486c10eee6d6af.value),\n      max: Math.max(...result_5469bdb790d1e29f0d486c10eee6d6af.value),\n      axisLabel: {\n        formatter: (value) => value.toLocaleString('pt-br', {\n          style: 'currency',\n          currency: 'BRL'\n        }),\n      },\n    }],\n    series: [{\n      name: 'Valor de Fechamento',\n      type: 'line',\n      stack: 'Total',\n      \/\/ cor do grafico\n      areaStyle: {},\n      emphasis: {\n        focus: 'series',\n      },\n      data: result_5469bdb790d1e29f0d486c10eee6d6af.value,\n      \/\/ cor da linha\n      lineStyle: {\n        color: color_5469bdb790d1e29f0d486c10eee6d6af,\n      },\n    }, ],\n  };\n\n\twindow.chart_5469bdb790d1e29f0d486c10eee6d6af = {\n\t\tel: chart_5469bdb790d1e29f0d486c10eee6d6af,\n\t\toption: option_5469bdb790d1e29f0d486c10eee6d6af\t};\n\n\n<\/script>\n\n\n\t<p>\n\t\t<a href=\"https:\/\/lp.suno.com.br\/plataforma-de-controle-de-investimentos\/\" target=\"_blank\" data-element=\"shortcode-suno-banner\" title=\"Banner SUNO, clique e saiba mais\">\n\t\t\t<picture>\n\t\t\t\t<source media=\"(max-width: 500px)\" srcset=\"https:\/\/files.sunoresearch.com.br\/n\/uploads\/2023\/03\/400x300-Controle-de-Investimentos.png\">\n\t\t\t\t<img class=\"newsContent__article__imgCapa newsContent__article__imgCapa--banner\"\n\t\t\t\t\tsrc=\"https:\/\/files.sunoresearch.com.br\/n\/uploads\/2023\/03\/1420x240-Controle-de-Investimentos.png\"\n\t\t\t\t\tdata-promo-id=\"383162\"\t\t\t\t\t\t\t\t\t\twidth='1420' height='240'\t\t\t\t\talt=\"https:\/\/files.sunoresearch.com.br\/n\/uploads\/2023\/03\/1420x240-Controle-de-Investimentos.png\"\n\t\t\t\t>\n\t\t\t<\/picture>\n\t\t<\/a>\n\t<\/p>\n\n\n","protected":false},"excerpt":{"rendered":"<p>Os novos conselheiros da Petrobras (PETR4), considerados ineleg\u00edveis e eleitos na \u00faltima assembleia de acionistas, realizada na quinta-feira (27), devem enfrentar um processo sancionador na Comiss\u00e3o de Valores Mobili\u00e1rios (CVM), com a imputa\u00e7\u00e3o de penalidades. As informa\u00e7\u00f5es foram apuradas pelo Valor Econ\u00f4mico. A Edise, edif\u00edcio-sede da Petrobras (PETR4): Foto: Ag\u00eancia Petrobras De acordo com o [&hellip;]<\/p>\n","protected":false},"author":233,"featured_media":385138,"comment_status":"closed","ping_status":"closed","sticky":false,"template":"","format":"standard","meta":[],"categories":[64],"tags":[902,2721,595],"suno_strategy":[],"class_list":["post-398132","post","type-post","status-publish","format-standard","has-post-thumbnail","hentry","category-negocios","tag-comissao-de-valores-mobiliarios-cvm","tag-conselho-de-administracao","tag-petrobras-petr4"],"yoast_head":"<!-- This site is optimized with the Yoast SEO plugin v24.4 - https:\/\/yoast.com\/wordpress\/plugins\/seo\/ -->\n<title>Petrobras (PETR4): CVM pode processar Uni\u00e3o e conselheiros ineleg\u00edveis<\/title>\n<meta name=\"description\" content=\"Os novos conselheiros da Petrobras (PETR4), considerados ineleg\u00edveis e eleitos, podem enfrentar um processo sancionador na CVM. Entenda!\" \/>\n<meta name=\"robots\" content=\"index, follow, max-snippet:-1, max-image-preview:large, max-video-preview:-1\" \/>\n<link rel=\"canonical\" href=\"https:\/\/www.suno.com.br\/noticias\/petrobras-petr4-cvm-ameaca-processo-uniao-conselheiros\/\" \/>\n<meta property=\"og:locale\" content=\"pt_BR\" \/>\n<meta property=\"og:type\" content=\"article\" \/>\n<meta property=\"og:title\" content=\"Petrobras (PETR4): CVM pode processar Uni\u00e3o e conselheiros ineleg\u00edveis\" \/>\n<meta property=\"og:description\" content=\"Os novos conselheiros da Petrobras (PETR4), considerados ineleg\u00edveis e eleitos, podem enfrentar um processo sancionador na CVM. Entenda!\" \/>\n<meta property=\"og:url\" content=\"https:\/\/www.suno.com.br\/noticias\/petrobras-petr4-cvm-ameaca-processo-uniao-conselheiros\/\" \/>\n<meta property=\"og:site_name\" content=\"Suno Not\u00edcias\" \/>\n<meta property=\"article:publisher\" content=\"https:\/\/facebook.com\/sunoresearch\" \/>\n<meta property=\"og:image\" content=\"https:\/\/files.sunoresearch.com.br\/n\/uploads\/2023\/04\/edificio-sede-da-Petrobras-Edise-3.jpg\" \/>\n\t<meta property=\"og:image:width\" content=\"1200\" \/>\n\t<meta property=\"og:image:height\" content=\"800\" \/>\n\t<meta property=\"og:image:type\" content=\"image\/jpeg\" \/>\n<meta name=\"author\" content=\"Janize Cola\u00e7o\" \/>\n<meta name=\"twitter:card\" content=\"summary_large_image\" \/>\n<meta name=\"twitter:creator\" content=\"@sunoresearch\" \/>\n<meta name=\"twitter:site\" content=\"@sunoresearch\" \/>\n<meta name=\"twitter:label1\" content=\"Escrito por\" \/>\n\t<meta name=\"twitter:data1\" content=\"Janize Cola\u00e7o\" \/>\n\t<meta name=\"twitter:label2\" content=\"Est. tempo de leitura\" \/>\n\t<meta name=\"twitter:data2\" content=\"2 minutos\" \/>\n<script type=\"application\/ld+json\" class=\"yoast-schema-graph\">{\"@context\":\"https:\/\/schema.org\",\"@graph\":[{\"@type\":\"NewsArticle\",\"@id\":\"https:\/\/www.suno.com.br\/noticias\/petrobras-petr4-cvm-ameaca-processo-uniao-conselheiros\/#article\",\"isPartOf\":{\"@id\":\"https:\/\/www.suno.com.br\/noticias\/petrobras-petr4-cvm-ameaca-processo-uniao-conselheiros\/\"},\"author\":{\"name\":\"Janize Cola\u00e7o\",\"@id\":\"https:\/\/www.suno.com.br\/noticias\/#\/schema\/person\/d689f06da5678e1f0b1ee402f001d676\"},\"headline\":\"Petrobras (PETR4): CVM amea\u00e7a abrir processo contra Uni\u00e3o e conselheiros &#8220;ineleg\u00edveis&#8221;\",\"datePublished\":\"2023-05-02T22:15:16+00:00\",\"dateModified\":\"2023-05-02T22:59:22+00:00\",\"mainEntityOfPage\":{\"@id\":\"https:\/\/www.suno.com.br\/noticias\/petrobras-petr4-cvm-ameaca-processo-uniao-conselheiros\/\"},\"wordCount\":416,\"publisher\":{\"@id\":\"https:\/\/www.suno.com.br\/noticias\/#organization\"},\"image\":{\"@id\":\"https:\/\/www.suno.com.br\/noticias\/petrobras-petr4-cvm-ameaca-processo-uniao-conselheiros\/#primaryimage\"},\"thumbnailUrl\":\"https:\/\/files.sunoresearch.com.br\/n\/uploads\/2023\/04\/edificio-sede-da-Petrobras-Edise-3.jpg\",\"keywords\":[\"Comiss\u00e3o de Valores Mobili\u00e1rios (CVM)\",\"Conselho de Administra\u00e7\u00e3o\",\"Petrobras (PETR4)\"],\"articleSection\":[\"Neg\u00f3cios\"],\"inLanguage\":\"pt-BR\"},{\"@type\":\"WebPage\",\"@id\":\"https:\/\/www.suno.com.br\/noticias\/petrobras-petr4-cvm-ameaca-processo-uniao-conselheiros\/\",\"url\":\"https:\/\/www.suno.com.br\/noticias\/petrobras-petr4-cvm-ameaca-processo-uniao-conselheiros\/\",\"name\":\"Petrobras (PETR4): CVM pode processar Uni\u00e3o e conselheiros ineleg\u00edveis\",\"isPartOf\":{\"@id\":\"https:\/\/www.suno.com.br\/noticias\/#website\"},\"primaryImageOfPage\":{\"@id\":\"https:\/\/www.suno.com.br\/noticias\/petrobras-petr4-cvm-ameaca-processo-uniao-conselheiros\/#primaryimage\"},\"image\":{\"@id\":\"https:\/\/www.suno.com.br\/noticias\/petrobras-petr4-cvm-ameaca-processo-uniao-conselheiros\/#primaryimage\"},\"thumbnailUrl\":\"https:\/\/files.sunoresearch.com.br\/n\/uploads\/2023\/04\/edificio-sede-da-Petrobras-Edise-3.jpg\",\"datePublished\":\"2023-05-02T22:15:16+00:00\",\"dateModified\":\"2023-05-02T22:59:22+00:00\",\"description\":\"Os novos conselheiros da Petrobras (PETR4), considerados ineleg\u00edveis e eleitos, podem enfrentar um processo sancionador na CVM. Entenda!\",\"breadcrumb\":{\"@id\":\"https:\/\/www.suno.com.br\/noticias\/petrobras-petr4-cvm-ameaca-processo-uniao-conselheiros\/#breadcrumb\"},\"inLanguage\":\"pt-BR\",\"potentialAction\":[{\"@type\":\"ReadAction\",\"target\":[\"https:\/\/www.suno.com.br\/noticias\/petrobras-petr4-cvm-ameaca-processo-uniao-conselheiros\/\"]}]},{\"@type\":\"ImageObject\",\"inLanguage\":\"pt-BR\",\"@id\":\"https:\/\/www.suno.com.br\/noticias\/petrobras-petr4-cvm-ameaca-processo-uniao-conselheiros\/#primaryimage\",\"url\":\"https:\/\/files.sunoresearch.com.br\/n\/uploads\/2023\/04\/edificio-sede-da-Petrobras-Edise-3.jpg\",\"contentUrl\":\"https:\/\/files.sunoresearch.com.br\/n\/uploads\/2023\/04\/edificio-sede-da-Petrobras-Edise-3.jpg\",\"width\":1200,\"height\":800,\"caption\":\"A Edise, edif\u00edcio-sede da Petrobras (PETR4): Foto: Ag\u00eancia Petrobras\"},{\"@type\":\"BreadcrumbList\",\"@id\":\"https:\/\/www.suno.com.br\/noticias\/petrobras-petr4-cvm-ameaca-processo-uniao-conselheiros\/#breadcrumb\",\"itemListElement\":[{\"@type\":\"ListItem\",\"position\":1,\"name\":\"Not\u00edcias\",\"item\":\"https:\/\/www.suno.com.br\/noticias\/\"},{\"@type\":\"ListItem\",\"position\":2,\"name\":\"Neg\u00f3cios\",\"item\":\"https:\/\/www.suno.com.br\/noticias\/negocios\/\"},{\"@type\":\"ListItem\",\"position\":3,\"name\":\"Petrobras (PETR4): CVM amea\u00e7a abrir processo contra Uni\u00e3o e conselheiros &#8220;ineleg\u00edveis&#8221;\"}]},{\"@type\":\"WebSite\",\"@id\":\"https:\/\/www.suno.com.br\/noticias\/#website\",\"url\":\"https:\/\/www.suno.com.br\/noticias\/\",\"name\":\"Suno Not\u00edcias\",\"description\":\"Seu portal de informa\u00e7\u00e3o sobre o mundo dos investimentos\",\"publisher\":{\"@id\":\"https:\/\/www.suno.com.br\/noticias\/#organization\"},\"potentialAction\":[{\"@type\":\"SearchAction\",\"target\":{\"@type\":\"EntryPoint\",\"urlTemplate\":\"https:\/\/www.suno.com.br\/noticias\/?s={search_term_string}\"},\"query-input\":{\"@type\":\"PropertyValueSpecification\",\"valueRequired\":true,\"valueName\":\"search_term_string\"}}],\"inLanguage\":\"pt-BR\"},{\"@type\":\"Organization\",\"@id\":\"https:\/\/www.suno.com.br\/noticias\/#organization\",\"name\":\"Suno Not\u00edcias\",\"url\":\"https:\/\/www.suno.com.br\/noticias\/\",\"logo\":{\"@type\":\"ImageObject\",\"inLanguage\":\"pt-BR\",\"@id\":\"https:\/\/www.suno.com.br\/noticias\/#\/schema\/logo\/image\/\",\"url\":\"https:\/\/files.sunoresearch.com.br\/n\/uploads\/2021\/09\/suno-logo.png\",\"contentUrl\":\"https:\/\/files.sunoresearch.com.br\/n\/uploads\/2021\/09\/suno-logo.png\",\"width\":180,\"height\":180,\"caption\":\"Suno Not\u00edcias\"},\"image\":{\"@id\":\"https:\/\/www.suno.com.br\/noticias\/#\/schema\/logo\/image\/\"},\"sameAs\":[\"https:\/\/facebook.com\/sunoresearch\",\"https:\/\/x.com\/sunoresearch\",\"https:\/\/www.instagram.com\/suno\",\"https:\/\/www.linkedin.com\/company\/suno-research\/\",\"https:\/\/www.youtube.com\/c\/sunoresearch\"]},{\"@type\":\"Person\",\"@id\":\"https:\/\/www.suno.com.br\/noticias\/#\/schema\/person\/d689f06da5678e1f0b1ee402f001d676\",\"name\":\"Janize Cola\u00e7o\",\"image\":{\"@type\":\"ImageObject\",\"inLanguage\":\"pt-BR\",\"@id\":\"https:\/\/www.suno.com.br\/noticias\/#\/schema\/person\/image\/\",\"url\":\"https:\/\/secure.gravatar.com\/avatar\/32b3bf89abae63ca2cf961bc051522d0?s=96&r=g\",\"contentUrl\":\"https:\/\/secure.gravatar.com\/avatar\/32b3bf89abae63ca2cf961bc051522d0?s=96&r=g\",\"caption\":\"Janize Cola\u00e7o\"},\"description\":\"Jornalista formada pela PUC-SP com passagens pela Record TV, Globo Cond\u00e9 Nast, Revista Panrotas e Editora Via. Hoje, \u00e9 rep\u00f3rter no Suno Not\u00edcias, cobrindo pautas sobre mercado, pol\u00edtica, economia e bolsa de valores.\",\"url\":\"https:\/\/www.suno.com.br\/noticias\/author\/janize-colaco\/\"}]}<\/script>\n<!-- \/ Yoast SEO plugin. -->","yoast_head_json":{"title":"Petrobras (PETR4): CVM pode processar Uni\u00e3o e conselheiros ineleg\u00edveis","description":"Os novos conselheiros da Petrobras (PETR4), considerados ineleg\u00edveis e eleitos, podem enfrentar um processo sancionador na CVM. Entenda!","robots":{"index":"index","follow":"follow","max-snippet":"max-snippet:-1","max-image-preview":"max-image-preview:large","max-video-preview":"max-video-preview:-1"},"canonical":"https:\/\/www.suno.com.br\/noticias\/petrobras-petr4-cvm-ameaca-processo-uniao-conselheiros\/","og_locale":"pt_BR","og_type":"article","og_title":"Petrobras (PETR4): CVM pode processar Uni\u00e3o e conselheiros ineleg\u00edveis","og_description":"Os novos conselheiros da Petrobras (PETR4), considerados ineleg\u00edveis e eleitos, podem enfrentar um processo sancionador na CVM. Entenda!","og_url":"https:\/\/www.suno.com.br\/noticias\/petrobras-petr4-cvm-ameaca-processo-uniao-conselheiros\/","og_site_name":"Suno Not\u00edcias","article_publisher":"https:\/\/facebook.com\/sunoresearch","og_image":[{"width":1200,"height":800,"url":"https:\/\/files.sunoresearch.com.br\/n\/uploads\/2023\/04\/edificio-sede-da-Petrobras-Edise-3.jpg","type":"image\/jpeg"}],"author":"Janize Cola\u00e7o","twitter_card":"summary_large_image","twitter_creator":"@sunoresearch","twitter_site":"@sunoresearch","twitter_misc":{"Escrito por":"Janize Cola\u00e7o","Est. tempo de leitura":"2 minutos"},"schema":{"@context":"https:\/\/schema.org","@graph":[{"@type":"NewsArticle","@id":"https:\/\/www.suno.com.br\/noticias\/petrobras-petr4-cvm-ameaca-processo-uniao-conselheiros\/#article","isPartOf":{"@id":"https:\/\/www.suno.com.br\/noticias\/petrobras-petr4-cvm-ameaca-processo-uniao-conselheiros\/"},"author":{"name":"Janize Cola\u00e7o","@id":"https:\/\/www.suno.com.br\/noticias\/#\/schema\/person\/d689f06da5678e1f0b1ee402f001d676"},"headline":"Petrobras (PETR4): CVM amea\u00e7a abrir processo contra Uni\u00e3o e conselheiros &#8220;ineleg\u00edveis&#8221;","datePublished":"2023-05-02T22:15:16+00:00","dateModified":"2023-05-02T22:59:22+00:00","mainEntityOfPage":{"@id":"https:\/\/www.suno.com.br\/noticias\/petrobras-petr4-cvm-ameaca-processo-uniao-conselheiros\/"},"wordCount":416,"publisher":{"@id":"https:\/\/www.suno.com.br\/noticias\/#organization"},"image":{"@id":"https:\/\/www.suno.com.br\/noticias\/petrobras-petr4-cvm-ameaca-processo-uniao-conselheiros\/#primaryimage"},"thumbnailUrl":"https:\/\/files.sunoresearch.com.br\/n\/uploads\/2023\/04\/edificio-sede-da-Petrobras-Edise-3.jpg","keywords":["Comiss\u00e3o de Valores Mobili\u00e1rios (CVM)","Conselho de Administra\u00e7\u00e3o","Petrobras (PETR4)"],"articleSection":["Neg\u00f3cios"],"inLanguage":"pt-BR"},{"@type":"WebPage","@id":"https:\/\/www.suno.com.br\/noticias\/petrobras-petr4-cvm-ameaca-processo-uniao-conselheiros\/","url":"https:\/\/www.suno.com.br\/noticias\/petrobras-petr4-cvm-ameaca-processo-uniao-conselheiros\/","name":"Petrobras (PETR4): CVM pode processar Uni\u00e3o e conselheiros ineleg\u00edveis","isPartOf":{"@id":"https:\/\/www.suno.com.br\/noticias\/#website"},"primaryImageOfPage":{"@id":"https:\/\/www.suno.com.br\/noticias\/petrobras-petr4-cvm-ameaca-processo-uniao-conselheiros\/#primaryimage"},"image":{"@id":"https:\/\/www.suno.com.br\/noticias\/petrobras-petr4-cvm-ameaca-processo-uniao-conselheiros\/#primaryimage"},"thumbnailUrl":"https:\/\/files.sunoresearch.com.br\/n\/uploads\/2023\/04\/edificio-sede-da-Petrobras-Edise-3.jpg","datePublished":"2023-05-02T22:15:16+00:00","dateModified":"2023-05-02T22:59:22+00:00","description":"Os novos conselheiros da Petrobras (PETR4), considerados ineleg\u00edveis e eleitos, podem enfrentar um processo sancionador na CVM. Entenda!","breadcrumb":{"@id":"https:\/\/www.suno.com.br\/noticias\/petrobras-petr4-cvm-ameaca-processo-uniao-conselheiros\/#breadcrumb"},"inLanguage":"pt-BR","potentialAction":[{"@type":"ReadAction","target":["https:\/\/www.suno.com.br\/noticias\/petrobras-petr4-cvm-ameaca-processo-uniao-conselheiros\/"]}]},{"@type":"ImageObject","inLanguage":"pt-BR","@id":"https:\/\/www.suno.com.br\/noticias\/petrobras-petr4-cvm-ameaca-processo-uniao-conselheiros\/#primaryimage","url":"https:\/\/files.sunoresearch.com.br\/n\/uploads\/2023\/04\/edificio-sede-da-Petrobras-Edise-3.jpg","contentUrl":"https:\/\/files.sunoresearch.com.br\/n\/uploads\/2023\/04\/edificio-sede-da-Petrobras-Edise-3.jpg","width":1200,"height":800,"caption":"A Edise, edif\u00edcio-sede da Petrobras (PETR4): Foto: Ag\u00eancia Petrobras"},{"@type":"BreadcrumbList","@id":"https:\/\/www.suno.com.br\/noticias\/petrobras-petr4-cvm-ameaca-processo-uniao-conselheiros\/#breadcrumb","itemListElement":[{"@type":"ListItem","position":1,"name":"Not\u00edcias","item":"https:\/\/www.suno.com.br\/noticias\/"},{"@type":"ListItem","position":2,"name":"Neg\u00f3cios","item":"https:\/\/www.suno.com.br\/noticias\/negocios\/"},{"@type":"ListItem","position":3,"name":"Petrobras (PETR4): CVM amea\u00e7a abrir processo contra Uni\u00e3o e conselheiros &#8220;ineleg\u00edveis&#8221;"}]},{"@type":"WebSite","@id":"https:\/\/www.suno.com.br\/noticias\/#website","url":"https:\/\/www.suno.com.br\/noticias\/","name":"Suno Not\u00edcias","description":"Seu portal de informa\u00e7\u00e3o sobre o mundo dos investimentos","publisher":{"@id":"https:\/\/www.suno.com.br\/noticias\/#organization"},"potentialAction":[{"@type":"SearchAction","target":{"@type":"EntryPoint","urlTemplate":"https:\/\/www.suno.com.br\/noticias\/?s={search_term_string}"},"query-input":{"@type":"PropertyValueSpecification","valueRequired":true,"valueName":"search_term_string"}}],"inLanguage":"pt-BR"},{"@type":"Organization","@id":"https:\/\/www.suno.com.br\/noticias\/#organization","name":"Suno Not\u00edcias","url":"https:\/\/www.suno.com.br\/noticias\/","logo":{"@type":"ImageObject","inLanguage":"pt-BR","@id":"https:\/\/www.suno.com.br\/noticias\/#\/schema\/logo\/image\/","url":"https:\/\/files.sunoresearch.com.br\/n\/uploads\/2021\/09\/suno-logo.png","contentUrl":"https:\/\/files.sunoresearch.com.br\/n\/uploads\/2021\/09\/suno-logo.png","width":180,"height":180,"caption":"Suno Not\u00edcias"},"image":{"@id":"https:\/\/www.suno.com.br\/noticias\/#\/schema\/logo\/image\/"},"sameAs":["https:\/\/facebook.com\/sunoresearch","https:\/\/x.com\/sunoresearch","https:\/\/www.instagram.com\/suno","https:\/\/www.linkedin.com\/company\/suno-research\/","https:\/\/www.youtube.com\/c\/sunoresearch"]},{"@type":"Person","@id":"https:\/\/www.suno.com.br\/noticias\/#\/schema\/person\/d689f06da5678e1f0b1ee402f001d676","name":"Janize Cola\u00e7o","image":{"@type":"ImageObject","inLanguage":"pt-BR","@id":"https:\/\/www.suno.com.br\/noticias\/#\/schema\/person\/image\/","url":"https:\/\/secure.gravatar.com\/avatar\/32b3bf89abae63ca2cf961bc051522d0?s=96&r=g","contentUrl":"https:\/\/secure.gravatar.com\/avatar\/32b3bf89abae63ca2cf961bc051522d0?s=96&r=g","caption":"Janize Cola\u00e7o"},"description":"Jornalista formada pela PUC-SP com passagens pela Record TV, Globo Cond\u00e9 Nast, Revista Panrotas e Editora Via. Hoje, \u00e9 rep\u00f3rter no Suno Not\u00edcias, cobrindo pautas sobre mercado, pol\u00edtica, economia e bolsa de valores.","url":"https:\/\/www.suno.com.br\/noticias\/author\/janize-colaco\/"}]}},"default_loop_html":"<div class=\"cardsPage__listCard__boxs\"><div class=\"cardsPage__listCard__boxs__img\"><a href=\"https:\/\/www.suno.com.br\/noticias\/petrobras-petr4-cvm-ameaca-processo-uniao-conselheiros\/\"><img class=\"mask\" src=\"https:\/\/www.suno.com.br\/noticias\/wp-content\/themes\/suno\/resources\/images\/spotlight\/spotlight1img\/bg-mask.png\" alt=\"Image Mask\"\/><img src=\"https:\/\/files.sunoresearch.com.br\/n\/uploads\/2023\/04\/edificio-sede-da-Petrobras-Edise-3-400x200.jpg\" alt=\"Petrobras (PETR4): CVM amea\u00e7a abrir processo contra Uni\u00e3o e conselheiros &#8220;ineleg\u00edveis&#8221;\"\/><\/a><span class=\"spotlightCategory\"><a href=\"https:\/\/www.suno.com.br\/noticias\/negocios\/\">Neg\u00f3cios<\/a><\/span><\/div><div class=\"cardsPage__listCard__boxs__content\"><a href=\"https:\/\/www.suno.com.br\/noticias\/petrobras-petr4-cvm-ameaca-processo-uniao-conselheiros\/\"><h2 class=\"content__title\">Petrobras (PETR4): CVM amea\u00e7a abrir processo contra Uni\u00e3o e conselheiros &#8220;ineleg\u00edveis&#8221;<\/h2><\/a><div class=\"newsContent__article__meta\"><div class=\"newsContent__article__meta__authorBox\"><a href=\"https:\/\/www.suno.com.br\/noticias\/author\/janize-colaco\/\" class=\"authorBox__avatar noMobi\"><img src=\"https:\/\/files.sunoresearch.com.br\/n\/uploads\/2022\/11\/20221120_111807-1-150x150.jpg\" alt=\"Janize Cola\u00e7o\"><\/a><div class=\"authorBox__name\"><span>por\n\t\t\t<a href=\"https:\/\/www.suno.com.br\/noticias\/author\/janize-colaco\/\"><span itemprop=\"author\">Janize Cola\u00e7o<\/span><\/a><\/span><time datetime=\"2023-05-02T19:15:16-03:00\" itemprop=\"datePublished\">02\/05\/2023 19:15<\/time><\/div><\/div><\/div><\/div><\/div>","single_layout":"posts","amp_enabled":true,"_links":{"self":[{"href":"https:\/\/www.suno.com.br\/noticias\/wp-json\/wp\/v2\/posts\/398132"}],"collection":[{"href":"https:\/\/www.suno.com.br\/noticias\/wp-json\/wp\/v2\/posts"}],"about":[{"href":"https:\/\/www.suno.com.br\/noticias\/wp-json\/wp\/v2\/types\/post"}],"author":[{"embeddable":true,"href":"https:\/\/www.suno.com.br\/noticias\/wp-json\/wp\/v2\/users\/233"}],"replies":[{"embeddable":true,"href":"https:\/\/www.suno.com.br\/noticias\/wp-json\/wp\/v2\/comments?post=398132"}],"version-history":[{"count":3,"href":"https:\/\/www.suno.com.br\/noticias\/wp-json\/wp\/v2\/posts\/398132\/revisions"}],"predecessor-version":[{"id":398188,"href":"https:\/\/www.suno.com.br\/noticias\/wp-json\/wp\/v2\/posts\/398132\/revisions\/398188"}],"wp:featuredmedia":[{"embeddable":true,"href":"https:\/\/www.suno.com.br\/noticias\/wp-json\/wp\/v2\/media\/385138"}],"wp:attachment":[{"href":"https:\/\/www.suno.com.br\/noticias\/wp-json\/wp\/v2\/media?parent=398132"}],"wp:term":[{"taxonomy":"category","embeddable":true,"href":"https:\/\/www.suno.com.br\/noticias\/wp-json\/wp\/v2\/categories?post=398132"},{"taxonomy":"post_tag","embeddable":true,"href":"https:\/\/www.suno.com.br\/noticias\/wp-json\/wp\/v2\/tags?post=398132"},{"taxonomy":"suno_strategy","embeddable":true,"href":"https:\/\/www.suno.com.br\/noticias\/wp-json\/wp\/v2\/suno_strategy?post=398132"}],"curies":[{"name":"wp","href":"https:\/\/api.w.org\/{rel}","templated":true}]}}