{"id":397863,"date":"2023-05-02T17:52:29","date_gmt":"2023-05-02T20:52:29","guid":{"rendered":"https:\/\/www.suno.com.br\/noticias\/?p=397863"},"modified":"2023-05-02T23:07:27","modified_gmt":"2023-05-03T02:07:27","slug":"previa-do-copom-maio-manutencao-selic","status":"publish","type":"post","link":"https:\/\/www.suno.com.br\/noticias\/previa-do-copom-maio-manutencao-selic\/","title":{"rendered":"Mesmo com melhora na infla\u00e7\u00e3o, Copom deve manter Selic a 13,75% pela 6\u00aa vez. Quando a taxa vai cair?"},"content":{"rendered":"<p>Nesta ter\u00e7a (2), teve in\u00edcio a terceira reuni\u00e3o do ano do Comit\u00ea de <a class=\"suno-keyword\" data-force=\"no\" data-priority=\"1\" href=\"https:\/\/www.suno.com.br\/artigos\/politica-monetaria\/\" target=\"_blank\" rel=\"noopener\">Pol\u00edtica Monet\u00e1ria<\/a> (<strong>Copom<\/strong>), do Banco Central (BC). O encontro come\u00e7ou \u00e0s 10h13 e se estender\u00e1 at\u00e9 amanh\u00e3, para definir a <a class=\"suno-keyword\" data-force=\"no\" data-priority=\"1\" href=\"https:\/\/www.suno.com.br\/artigos\/taxa-de-juros\/\" target=\"_blank\" rel=\"noopener\">taxa b\u00e1sica de juros<\/a> (Selic).<\/p>\t<div class=\"wrapper-featured-image\">\n\t\t<figure class=\"spotlightImg\">\n\n\t\t\t<picture>\n\t\t\t\t<source media=\"(max-width: 768px)\" srcset=\"https:\/\/files.sunoresearch.com.br\/n\/uploads\/2022\/12\/banco_central_marcello-casal-jr-400x200.jpg\">\n\t\t\t\t<img loading=\"lazy\" decoding=\"async\" class=\"newsContent__article__imgCapa lazyloadDisabled \" src=\"https:\/\/files.sunoresearch.com.br\/n\/uploads\/2022\/12\/banco_central_marcello-casal-jr-800x450.jpg\" width=\"800\" height=\"450\" alt=\"Mesmo com melhora na infla\u00e7\u00e3o, Copom deve manter Selic a 13,75% pela 6\u00aa vez. Quando a taxa vai cair?\" fetchpriority=high \/>\n\t\t\t<\/picture>\n\n\t\t\t<figcaption class=\"wp-caption-text wp-caption-text--show\">Teve in\u00edcio hoje a reuni\u00e3o do Comit\u00ea de Pol\u00edtica Monet\u00e1ria (Copom) que definir\u00e1 a taxa b\u00e1sica de juros (Selic). Foto: Marcello Casal Jr\/Ag\u00eancia Brasil <\/figcaption>\n\t\t<\/figure>\n\t<\/div>\n\n\n\n\n\n\t<p>\n\t\t<a href=\"https:\/\/lp.suno.com.br\/planilha-da-vida-financeira\/\" target=\"_blank\" data-element=\"shortcode-suno-banner\" title=\"Banner SUNO, clique e saiba mais\">\n\t\t\t<picture>\n\t\t\t\t<source media=\"(max-width: 500px)\" srcset=\"https:\/\/files.sunoresearch.com.br\/n\/uploads\/2023\/04\/400x300-Planilha-vida-financeira-true.png\">\n\t\t\t\t<img class=\"newsContent__article__imgCapa newsContent__article__imgCapa--banner\"\n\t\t\t\t\tsrc=\"https:\/\/files.sunoresearch.com.br\/n\/uploads\/2023\/04\/1420x240-Planilha-vida-financeira-true.png\"\n\t\t\t\t\tdata-promo-id=\"106682\"\t\t\t\t\t\t\t\t\t\twidth='1420' height='240'\t\t\t\t\talt=\"https:\/\/files.sunoresearch.com.br\/n\/uploads\/2023\/04\/1420x240-Planilha-vida-financeira-true.png\"\n\t\t\t\t>\n\t\t\t<\/picture>\n\t\t<\/a>\n\t<\/p>\n\n\n\n\n\n<p>De acordo com os especialistas consultados pelo Suno Not\u00edcias, a expectativa \u00e9 de que a <a class=\"suno-keyword\" target=\"_blank\" data-force=\"no\" data-priority=\"1\" href=\"https:\/\/www.suno.com.br\/artigos\/taxa-de-juros\/\" rel=\"noopener\">taxa b\u00e1sica de juros<\/a> seja mantida aos 13,75% ao ano \u2014 pela sexta vez consecutiva.&nbsp;<\/p>\n\n\n\n<p>Embora o novo arcabou\u00e7o fiscal tenha enfim sido entregue pela equipe econ\u00f4mica do Minist\u00e9rio da Fazenda, a proposta ainda traz indefini\u00e7\u00f5es: como os efeitos sobre as expectativas de infla\u00e7\u00e3o, c\u00e2mbio, al\u00e9m da <a class=\"suno-keyword\" data-force=\"no\" data-priority=\"1\" href=\"https:\/\/www.suno.com.br\/artigos\/curva-de-juros\/\" target=\"_blank\" rel=\"noopener\">curva de juros<\/a>.<\/p>\n\n\n\n<p>\u201cAinda que apresenta\u00e7\u00e3o da proposta para o novo arcabou\u00e7o fiscal possa contribuir para limitar incertezas e reduzir o risco fiscal estrutural, a evolu\u00e7\u00e3o da trajet\u00f3ria da <a class=\"suno-keyword\" target=\"_blank\" data-force=\"no\" data-priority=\"1\" href=\"https:\/\/www.suno.com.br\/artigos\/divida-publica\/\" rel=\"noopener\">d\u00edvida p\u00fablica<\/a> ainda deve ser mencionada como risco de alta, junto com a piora das expectativas de infla\u00e7\u00e3o para horizontes mais longos\u201d, explica o economista-chefe do <a class=\"suno-keyword\" target=\"_blank\" data-force=\"yes\" data-priority=\"2\" href=\"https:\/\/www.suno.com.br\/acoes\/ITUB4\/\" rel=\"noopener\">Ita\u00fa Unibanco (ITUB4)<\/a>, M\u00e1rio Mesquita.&nbsp;<\/p>\n\n\n\n<p>Por outro lado, o economista destaca as incertezas da infla\u00e7\u00e3o brasileira em meio a uma desacelera\u00e7\u00e3o global mais pronunciada, a queda adicional dos pre\u00e7os de commodities e uma redu\u00e7\u00e3o na concess\u00e3o dom\u00e9stica de cr\u00e9dito maior do que a esperada.&nbsp;<\/p>\n\n\n\n<p>E por falar em infla\u00e7\u00e3o, o \u00cdndice Nacional de Pre\u00e7os ao Consumidor Amplo (IPCA), considerado o indicador oficial da infla\u00e7\u00e3o, ficou em 0,57% em abril \u2014 inferior na compara\u00e7\u00e3o com as de mar\u00e7o deste ano (0,69%) e de abril do ano passado (1,73%).&nbsp;<\/p>\n\n\n\n<p>Nos \u00faltimos 12 meses, o \u00edndice acumula alta de 4,16%, abaixo dos 5,36% registrados em janeiro e \u00e9 o menor n\u00edvel desde outubro de 2020, conforme <a href=\"https:\/\/www.suno.com.br\/noticias\/ipca-taxa-selic-projecoes-boletim-focus\/\">proje\u00e7\u00f5es recentes do Boletim Focus<\/a>.&nbsp;<\/p>\n\n\n\n<p>J\u00e1 no cen\u00e1rio internacional, em meio \u00e0 guerra na Ucr\u00e2nia e epis\u00f3dios de bancos quebrando, a expectativa \u00e9 de que o Federal Reserve (Fed), Banco Central dos Estados Unidos, encerre o ciclo de alta de juros em breve e inicie o processo de cortes na taxa de juros em setembro.&nbsp;<\/p>\n\n\n\n<h2 class=\"wp-block-heading\">Cen\u00e1rio econ\u00f4mico melhor<\/h2>\n\n\n\n<p>Segundo Gustavo Sung, economista-chefe do Suno Research, h\u00e1 um processo de desinfla\u00e7\u00e3o em curso. Contudo, alguns grupos importantes continuam elevados e, quando \u00e9 calculada a m\u00e9dia m\u00f3vel de tr\u00eas meses anualizados, os n\u00fameros n\u00e3o s\u00e3o t\u00e3o bons.&nbsp;<\/p>\n\n\n\n<p>Ainda de acordo com o economista, na mesma dire\u00e7\u00e3o o presidente do Banco Central (BC), <a class=\"suno-keyword\" data-force=\"no\" data-priority=\"2\" href=\"https:\/\/www.suno.com.br\/tudo-sobre\/roberto-campos-neto\/\" target=\"_blank\" rel=\"noopener\">Roberto Campos Neto<\/a> (RCN), declarou que infla\u00e7\u00e3o d\u00e1 sinais de desacelera\u00e7\u00e3o, mas em passos lentos \u2013 ou seja, a batalha n\u00e3o est\u00e1 vencida.&nbsp;<\/p>\n\n\n\n<p>\u201c\u00c9 preciso esperar mais dados para entender a evolu\u00e7\u00e3o do processo inflacion\u00e1rio brasileiro, mas o panorama atual \u00e9 melhor do que meses atr\u00e1s\u201d, pontua Sung. Por\u00e9m, ele destaca que ap\u00f3s observar todos esses pontos, o cen\u00e1rio atual \u00e9 melhor do que meses atr\u00e1s.<\/p>\n\n\n\n<p>\u201cAcreditamos que se abriu uma janela de oportunidades para que o Copom comece uma discuss\u00e3o inicial sobre cortes na taxa de juros. Poderia at\u00e9 diminuir o tom duro do comunicado\u201d, frisa.&nbsp;<\/p>\n\n\n\t<p>\n\t\t<a href=\"https:\/\/lp.suno.com.br\/ebook-como-analisar-uma-acao\/\" target=\"_blank\" data-element=\"shortcode-suno-banner\" title=\"Banner SUNO, clique e saiba mais\">\n\t\t\t<picture>\n\t\t\t\t<source media=\"(max-width: 500px)\" srcset=\"https:\/\/files.sunoresearch.com.br\/n\/uploads\/2023\/03\/Ebook-Acoes-Mobile.jpg\">\n\t\t\t\t<img class=\"newsContent__article__imgCapa newsContent__article__imgCapa--banner\"\n\t\t\t\t\tsrc=\"https:\/\/files.sunoresearch.com.br\/n\/uploads\/2023\/03\/Ebook-Acoes-Desktop.jpg\"\n\t\t\t\t\tdata-promo-id=\"378302\"\t\t\t\t\t\t\t\t\t\twidth='1420' height='286'\t\t\t\t\talt=\"https:\/\/files.sunoresearch.com.br\/n\/uploads\/2023\/03\/Ebook-Acoes-Desktop.jpg\"\n\t\t\t\t>\n\t\t\t<\/picture>\n\t\t<\/a>\n\t<\/p>\n\n\n\n\n\n<h2 class=\"wp-block-heading\">Tom do comunicado do Copom<\/h2>\n\n\n\n<p>Para o estrategista-chefe da Warren, S\u00e9rgio Goldenstein, o Copom deve continuar com um tom <em>hawkish<\/em> [<em>eleva\u00e7\u00e3o de juros e contra\u00e7\u00e3o monet\u00e1ria<\/em>] e sinalizar que segue vigilante, de forma a assegurar a converg\u00eancia da infla\u00e7\u00e3o.&nbsp;<\/p>\n\n\n\n<p>O economista ainda lembra que na \u00faltima ata o comit\u00ea atribuiu grande peso \u00e0 piora das expectativas de infla\u00e7\u00e3o a fatores como:&nbsp;<\/p>\n\n\n\n<ul class=\"wp-block-list\">\n<li>seu aspecto fundamental na din\u00e2mica inflacion\u00e1ria e no processo decis\u00f3rio do Copom;<\/li>\n\n\n\n<li>risco altista para a infla\u00e7\u00e3o de uma desancoragem maior ou mais duradoura das expectativas de infla\u00e7\u00e3o para prazos mais longos;<\/li>\n\n\n\n<li>desancoragem demandar maior aten\u00e7\u00e3o na condu\u00e7\u00e3o da pol\u00edtica monet\u00e1ria, elevar o custo da desinfla\u00e7\u00e3o e representar o principal fator para a eleva\u00e7\u00e3o das proje\u00e7\u00f5es de infla\u00e7\u00e3o do Copom.&nbsp;<\/li>\n<\/ul>\n\n\n\n<p>Segundo Goldenstein, a estabilidade recente das expectativas n\u00e3o deixa de ser uma not\u00edcia positiva, mas  o desvio elevado em rela\u00e7\u00e3o \u00e0 <a class=\"suno-keyword\" data-force=\"no\" data-priority=\"1\" href=\"https:\/\/www.suno.com.br\/artigos\/meta-de-inflacao\/\" target=\"_blank\" rel=\"noopener\">meta de infla\u00e7\u00e3o<\/a> gera desconforto e afeta as proje\u00e7\u00f5es do BC.&nbsp;<\/p>\n\n\n\n<p>\u201cNesse sentido, o tom em geral do Comit\u00ea deve continuar duro, mesmo que admita algumas indica\u00e7\u00f5es positivas, tendo em vista o firme prop\u00f3sito de promover a reancoragem das expectativas\u201d, afirma.<\/p>\n\n\n\n<p>Os analistas do Goldman Sachs tamb\u00e9m preveem que a ata do Copom permanecer\u00e1 conservadora. \u201c[<em>O Banco Central<\/em>] preservar uma postura restritiva e permanecer vigilante \u00e9 justificado pelas ainda intensas press\u00f5es dos n\u00facleos da infla\u00e7\u00e3o, maior deteriora\u00e7\u00e3o da expectativa de infla\u00e7\u00e3o de curto e m\u00e9dio prazo, crescente est\u00edmulo fiscal e quase-fiscal e proje\u00e7\u00f5es de infla\u00e7\u00e3o acima da meta\u201d, afirmam.<\/p>\n\n\n\n<h2 class=\"wp-block-heading\">Quando a Selic vai cair?<\/h2>\n\n\n\n<p>Todos os especialistas consultados pelo Suno Not\u00edcias, entre bancos e corretoras financeiras, apontam que o <strong>Copom<\/strong> far\u00e1 a sexta manuten\u00e7\u00e3o consecutiva da taxa b\u00e1sica de juros. A queda, da Selic, no entanto, est\u00e1 prevista para acontecer apenas no segundo semestre do ano. Confira abaixo:<\/p>\n\n\n\n<figure class=\"wp-block-table is-style-stripes\"><table class=\"has-fixed-layout\"><tbody><tr><td class=\"has-text-align-center\" data-align=\"center\"><strong>Institui\u00e7\u00e3o<\/strong><\/td><td class=\"has-text-align-center\" data-align=\"center\"><strong>Copom maio\/2023<\/strong><\/td><td class=\"has-text-align-center\" data-align=\"center\"><strong>Corte na Selic<\/strong><\/td><\/tr><tr><td class=\"has-text-align-center\" data-align=\"center\">Associa\u00e7\u00e3o Brasileira de Bancos (ABBC)<\/td><td class=\"has-text-align-center\" data-align=\"center\">13,75%<\/td><td class=\"has-text-align-center\" data-align=\"center\">a partir de setembro<\/td><\/tr><tr><td class=\"has-text-align-center\" data-align=\"center\">BTG Pactual<\/td><td class=\"has-text-align-center\" data-align=\"center\">13,75%<\/td><td class=\"has-text-align-center\" data-align=\"center\">a partir de setembro<\/td><\/tr><tr><td class=\"has-text-align-center\" data-align=\"center\">Daycoval Asset<\/td><td class=\"has-text-align-center\" data-align=\"center\">13,75%<\/td><td class=\"has-text-align-center\" data-align=\"center\">a partir de setembro<\/td><\/tr><tr><td class=\"has-text-align-center\" data-align=\"center\">Goldman Sachs<\/td><td class=\"has-text-align-center\" data-align=\"center\">13,75%<\/td><td class=\"has-text-align-center\" data-align=\"center\">a partir de setembro<\/td><\/tr><tr><td class=\"has-text-align-center\" data-align=\"center\">Ita\u00fa Unibanco<\/td><td class=\"has-text-align-center\" data-align=\"center\">13,75%<\/td><td class=\"has-text-align-center\" data-align=\"center\">a partir de setembro<\/td><\/tr><tr><td class=\"has-text-align-center\" data-align=\"center\">Paran\u00e1 Banco<\/td><td class=\"has-text-align-center\" data-align=\"center\">13,75%<\/td><td class=\"has-text-align-center\" data-align=\"center\">a partir de setembro<\/td><\/tr><tr><td class=\"has-text-align-center\" data-align=\"center\">Suno Research<\/td><td class=\"has-text-align-center\" data-align=\"center\">13,75%<\/td><td class=\"has-text-align-center\" data-align=\"center\">a partir de agosto<\/td><\/tr><tr><td class=\"has-text-align-center\" data-align=\"center\">Warren Investimentos<\/td><td class=\"has-text-align-center\" data-align=\"center\">13,75%<\/td><td class=\"has-text-align-center\" data-align=\"center\">a partir de setembro<\/td><\/tr><\/tbody><\/table><\/figure>\n\n\n\t<p>\n\t\t<a href=\"https:\/\/lp.suno.com.br\/suno-one\/?utm_campaign=_SNC6964518A_\" target=\"_blank\" data-element=\"shortcode-suno-banner\" title=\"Banner SUNO, clique e saiba mais\">\n\t\t\t<picture>\n\t\t\t\t<source media=\"(max-width: 500px)\" srcset=\"https:\/\/files.sunoresearch.com.br\/n\/uploads\/2025\/09\/400x300-Suno-One-png.webp\">\n\t\t\t\t<img class=\"newsContent__article__imgCapa newsContent__article__imgCapa--banner\"\n\t\t\t\t\tsrc=\"https:\/\/files.sunoresearch.com.br\/n\/uploads\/2025\/09\/1420x240-Suno-One-png.webp\"\n\t\t\t\t\tdata-promo-id=\"383121\"\t\t\t\t\t\t\t\t\t\twidth='1420' height='240'\t\t\t\t\talt=\"https:\/\/files.sunoresearch.com.br\/n\/uploads\/2025\/09\/1420x240-Suno-One-png.webp\"\n\t\t\t\t>\n\t\t\t<\/picture>\n\t\t<\/a>\n\t<\/p>\n\n\n","protected":false},"excerpt":{"rendered":"<p>Nesta ter\u00e7a (2), teve in\u00edcio a terceira reuni\u00e3o do ano do Comit\u00ea de Pol\u00edtica Monet\u00e1ria (Copom), do Banco Central (BC). O encontro come\u00e7ou \u00e0s 10h13 e se estender\u00e1 at\u00e9 amanh\u00e3, para definir a taxa b\u00e1sica de juros (Selic). Teve in\u00edcio hoje a reuni\u00e3o do Comit\u00ea de Pol\u00edtica Monet\u00e1ria (Copom) que definir\u00e1 a taxa b\u00e1sica de [&hellip;]<\/p>\n","protected":false},"author":233,"featured_media":330011,"comment_status":"closed","ping_status":"closed","sticky":false,"template":"","format":"standard","meta":[],"categories":[60],"tags":[1104,105816,290],"suno_strategy":[],"class_list":["post-397863","post","type-post","status-publish","format-standard","has-post-thumbnail","hentry","category-mercado","tag-copom","tag-especialistas","tag-taxa-selic"],"yoast_head":"<!-- This site is optimized with the Yoast SEO plugin v24.4 - https:\/\/yoast.com\/wordpress\/plugins\/seo\/ -->\n<title>Copom manter\u00e1 Selic em 13,75%. E quando vir\u00e3o os cortes na taxa?<\/title>\n<meta name=\"description\" content=\"Teve in\u00edcio hoje (2) a terceira reuni\u00e3o do ano do Copom, do Banco Central, que definir\u00e1 a taxa b\u00e1sica de juros, a Selic. Confira proje\u00e7\u00f5es!\" \/>\n<meta name=\"robots\" content=\"index, follow, max-snippet:-1, max-image-preview:large, max-video-preview:-1\" \/>\n<link rel=\"canonical\" href=\"https:\/\/www.suno.com.br\/noticias\/previa-do-copom-maio-manutencao-selic\/\" \/>\n<meta property=\"og:locale\" content=\"pt_BR\" \/>\n<meta property=\"og:type\" content=\"article\" \/>\n<meta property=\"og:title\" content=\"Copom manter\u00e1 Selic em 13,75%. E quando vir\u00e3o os cortes na taxa?\" \/>\n<meta property=\"og:description\" content=\"Teve in\u00edcio hoje (2) a terceira reuni\u00e3o do ano do Copom, do Banco Central, que definir\u00e1 a taxa b\u00e1sica de juros, a Selic. Confira proje\u00e7\u00f5es!\" \/>\n<meta property=\"og:url\" content=\"https:\/\/www.suno.com.br\/noticias\/previa-do-copom-maio-manutencao-selic\/\" \/>\n<meta property=\"og:site_name\" content=\"Suno Not\u00edcias\" \/>\n<meta property=\"article:publisher\" content=\"https:\/\/facebook.com\/sunoresearch\" \/>\n<meta property=\"og:image\" content=\"https:\/\/files.sunoresearch.com.br\/n\/uploads\/2022\/12\/banco_central_marcello-casal-jr.jpg\" \/>\n\t<meta property=\"og:image:width\" content=\"1200\" \/>\n\t<meta property=\"og:image:height\" content=\"800\" \/>\n\t<meta property=\"og:image:type\" content=\"image\/jpeg\" \/>\n<meta name=\"author\" content=\"Janize Cola\u00e7o\" \/>\n<meta name=\"twitter:card\" content=\"summary_large_image\" \/>\n<meta name=\"twitter:creator\" content=\"@sunoresearch\" \/>\n<meta name=\"twitter:site\" content=\"@sunoresearch\" \/>\n<meta name=\"twitter:label1\" content=\"Escrito por\" \/>\n\t<meta name=\"twitter:data1\" content=\"Janize Cola\u00e7o\" \/>\n\t<meta name=\"twitter:label2\" content=\"Est. tempo de leitura\" \/>\n\t<meta name=\"twitter:data2\" content=\"5 minutos\" \/>\n<script type=\"application\/ld+json\" class=\"yoast-schema-graph\">{\"@context\":\"https:\/\/schema.org\",\"@graph\":[{\"@type\":\"NewsArticle\",\"@id\":\"https:\/\/www.suno.com.br\/noticias\/previa-do-copom-maio-manutencao-selic\/#article\",\"isPartOf\":{\"@id\":\"https:\/\/www.suno.com.br\/noticias\/previa-do-copom-maio-manutencao-selic\/\"},\"author\":{\"name\":\"Janize Cola\u00e7o\",\"@id\":\"https:\/\/www.suno.com.br\/noticias\/#\/schema\/person\/d689f06da5678e1f0b1ee402f001d676\"},\"headline\":\"Mesmo com melhora na infla\u00e7\u00e3o, Copom deve manter Selic a 13,75% pela 6\u00aa vez. Quando a taxa vai cair?\",\"datePublished\":\"2023-05-02T20:52:29+00:00\",\"dateModified\":\"2023-05-03T02:07:27+00:00\",\"mainEntityOfPage\":{\"@id\":\"https:\/\/www.suno.com.br\/noticias\/previa-do-copom-maio-manutencao-selic\/\"},\"wordCount\":944,\"publisher\":{\"@id\":\"https:\/\/www.suno.com.br\/noticias\/#organization\"},\"image\":{\"@id\":\"https:\/\/www.suno.com.br\/noticias\/previa-do-copom-maio-manutencao-selic\/#primaryimage\"},\"thumbnailUrl\":\"https:\/\/files.sunoresearch.com.br\/n\/uploads\/2022\/12\/banco_central_marcello-casal-jr.jpg\",\"keywords\":[\"Copom\",\"Especialistas\",\"Taxa Selic\"],\"articleSection\":[\"Mercado\"],\"inLanguage\":\"pt-BR\"},{\"@type\":\"WebPage\",\"@id\":\"https:\/\/www.suno.com.br\/noticias\/previa-do-copom-maio-manutencao-selic\/\",\"url\":\"https:\/\/www.suno.com.br\/noticias\/previa-do-copom-maio-manutencao-selic\/\",\"name\":\"Copom manter\u00e1 Selic em 13,75%. E quando vir\u00e3o os cortes na taxa?\",\"isPartOf\":{\"@id\":\"https:\/\/www.suno.com.br\/noticias\/#website\"},\"primaryImageOfPage\":{\"@id\":\"https:\/\/www.suno.com.br\/noticias\/previa-do-copom-maio-manutencao-selic\/#primaryimage\"},\"image\":{\"@id\":\"https:\/\/www.suno.com.br\/noticias\/previa-do-copom-maio-manutencao-selic\/#primaryimage\"},\"thumbnailUrl\":\"https:\/\/files.sunoresearch.com.br\/n\/uploads\/2022\/12\/banco_central_marcello-casal-jr.jpg\",\"datePublished\":\"2023-05-02T20:52:29+00:00\",\"dateModified\":\"2023-05-03T02:07:27+00:00\",\"description\":\"Teve in\u00edcio hoje (2) a terceira reuni\u00e3o do ano do Copom, do Banco Central, que definir\u00e1 a taxa b\u00e1sica de juros, a Selic. Confira proje\u00e7\u00f5es!\",\"breadcrumb\":{\"@id\":\"https:\/\/www.suno.com.br\/noticias\/previa-do-copom-maio-manutencao-selic\/#breadcrumb\"},\"inLanguage\":\"pt-BR\",\"potentialAction\":[{\"@type\":\"ReadAction\",\"target\":[\"https:\/\/www.suno.com.br\/noticias\/previa-do-copom-maio-manutencao-selic\/\"]}]},{\"@type\":\"ImageObject\",\"inLanguage\":\"pt-BR\",\"@id\":\"https:\/\/www.suno.com.br\/noticias\/previa-do-copom-maio-manutencao-selic\/#primaryimage\",\"url\":\"https:\/\/files.sunoresearch.com.br\/n\/uploads\/2022\/12\/banco_central_marcello-casal-jr.jpg\",\"contentUrl\":\"https:\/\/files.sunoresearch.com.br\/n\/uploads\/2022\/12\/banco_central_marcello-casal-jr.jpg\",\"width\":1200,\"height\":800,\"caption\":\"Teve in\u00edcio hoje a reuni\u00e3o do Comit\u00ea de Pol\u00edtica Monet\u00e1ria (Copom) que definir\u00e1 a taxa b\u00e1sica de juros (Selic). Foto: Marcello Casal Jr\/Ag\u00eancia Brasil\"},{\"@type\":\"BreadcrumbList\",\"@id\":\"https:\/\/www.suno.com.br\/noticias\/previa-do-copom-maio-manutencao-selic\/#breadcrumb\",\"itemListElement\":[{\"@type\":\"ListItem\",\"position\":1,\"name\":\"Not\u00edcias\",\"item\":\"https:\/\/www.suno.com.br\/noticias\/\"},{\"@type\":\"ListItem\",\"position\":2,\"name\":\"Mercado\",\"item\":\"https:\/\/www.suno.com.br\/noticias\/mercado\/\"},{\"@type\":\"ListItem\",\"position\":3,\"name\":\"Mesmo com melhora na infla\u00e7\u00e3o, Copom deve manter Selic a 13,75% pela 6\u00aa vez. Quando a taxa vai cair?\"}]},{\"@type\":\"WebSite\",\"@id\":\"https:\/\/www.suno.com.br\/noticias\/#website\",\"url\":\"https:\/\/www.suno.com.br\/noticias\/\",\"name\":\"Suno Not\u00edcias\",\"description\":\"Seu portal de informa\u00e7\u00e3o sobre o mundo dos investimentos\",\"publisher\":{\"@id\":\"https:\/\/www.suno.com.br\/noticias\/#organization\"},\"potentialAction\":[{\"@type\":\"SearchAction\",\"target\":{\"@type\":\"EntryPoint\",\"urlTemplate\":\"https:\/\/www.suno.com.br\/noticias\/?s={search_term_string}\"},\"query-input\":{\"@type\":\"PropertyValueSpecification\",\"valueRequired\":true,\"valueName\":\"search_term_string\"}}],\"inLanguage\":\"pt-BR\"},{\"@type\":\"Organization\",\"@id\":\"https:\/\/www.suno.com.br\/noticias\/#organization\",\"name\":\"Suno Not\u00edcias\",\"url\":\"https:\/\/www.suno.com.br\/noticias\/\",\"logo\":{\"@type\":\"ImageObject\",\"inLanguage\":\"pt-BR\",\"@id\":\"https:\/\/www.suno.com.br\/noticias\/#\/schema\/logo\/image\/\",\"url\":\"https:\/\/files.sunoresearch.com.br\/n\/uploads\/2021\/09\/suno-logo.png\",\"contentUrl\":\"https:\/\/files.sunoresearch.com.br\/n\/uploads\/2021\/09\/suno-logo.png\",\"width\":180,\"height\":180,\"caption\":\"Suno Not\u00edcias\"},\"image\":{\"@id\":\"https:\/\/www.suno.com.br\/noticias\/#\/schema\/logo\/image\/\"},\"sameAs\":[\"https:\/\/facebook.com\/sunoresearch\",\"https:\/\/x.com\/sunoresearch\",\"https:\/\/www.instagram.com\/suno\",\"https:\/\/www.linkedin.com\/company\/suno-research\/\",\"https:\/\/www.youtube.com\/c\/sunoresearch\"]},{\"@type\":\"Person\",\"@id\":\"https:\/\/www.suno.com.br\/noticias\/#\/schema\/person\/d689f06da5678e1f0b1ee402f001d676\",\"name\":\"Janize Cola\u00e7o\",\"image\":{\"@type\":\"ImageObject\",\"inLanguage\":\"pt-BR\",\"@id\":\"https:\/\/www.suno.com.br\/noticias\/#\/schema\/person\/image\/\",\"url\":\"https:\/\/secure.gravatar.com\/avatar\/32b3bf89abae63ca2cf961bc051522d0?s=96&r=g\",\"contentUrl\":\"https:\/\/secure.gravatar.com\/avatar\/32b3bf89abae63ca2cf961bc051522d0?s=96&r=g\",\"caption\":\"Janize Cola\u00e7o\"},\"description\":\"Jornalista formada pela PUC-SP com passagens pela Record TV, Globo Cond\u00e9 Nast, Revista Panrotas e Editora Via. Hoje, \u00e9 rep\u00f3rter no Suno Not\u00edcias, cobrindo pautas sobre mercado, pol\u00edtica, economia e bolsa de valores.\",\"url\":\"https:\/\/www.suno.com.br\/noticias\/author\/janize-colaco\/\"}]}<\/script>\n<!-- \/ Yoast SEO plugin. -->","yoast_head_json":{"title":"Copom manter\u00e1 Selic em 13,75%. E quando vir\u00e3o os cortes na taxa?","description":"Teve in\u00edcio hoje (2) a terceira reuni\u00e3o do ano do Copom, do Banco Central, que definir\u00e1 a taxa b\u00e1sica de juros, a Selic. Confira proje\u00e7\u00f5es!","robots":{"index":"index","follow":"follow","max-snippet":"max-snippet:-1","max-image-preview":"max-image-preview:large","max-video-preview":"max-video-preview:-1"},"canonical":"https:\/\/www.suno.com.br\/noticias\/previa-do-copom-maio-manutencao-selic\/","og_locale":"pt_BR","og_type":"article","og_title":"Copom manter\u00e1 Selic em 13,75%. E quando vir\u00e3o os cortes na taxa?","og_description":"Teve in\u00edcio hoje (2) a terceira reuni\u00e3o do ano do Copom, do Banco Central, que definir\u00e1 a taxa b\u00e1sica de juros, a Selic. Confira proje\u00e7\u00f5es!","og_url":"https:\/\/www.suno.com.br\/noticias\/previa-do-copom-maio-manutencao-selic\/","og_site_name":"Suno Not\u00edcias","article_publisher":"https:\/\/facebook.com\/sunoresearch","og_image":[{"width":1200,"height":800,"url":"https:\/\/files.sunoresearch.com.br\/n\/uploads\/2022\/12\/banco_central_marcello-casal-jr.jpg","type":"image\/jpeg"}],"author":"Janize Cola\u00e7o","twitter_card":"summary_large_image","twitter_creator":"@sunoresearch","twitter_site":"@sunoresearch","twitter_misc":{"Escrito por":"Janize Cola\u00e7o","Est. tempo de leitura":"5 minutos"},"schema":{"@context":"https:\/\/schema.org","@graph":[{"@type":"NewsArticle","@id":"https:\/\/www.suno.com.br\/noticias\/previa-do-copom-maio-manutencao-selic\/#article","isPartOf":{"@id":"https:\/\/www.suno.com.br\/noticias\/previa-do-copom-maio-manutencao-selic\/"},"author":{"name":"Janize Cola\u00e7o","@id":"https:\/\/www.suno.com.br\/noticias\/#\/schema\/person\/d689f06da5678e1f0b1ee402f001d676"},"headline":"Mesmo com melhora na infla\u00e7\u00e3o, Copom deve manter Selic a 13,75% pela 6\u00aa vez. Quando a taxa vai cair?","datePublished":"2023-05-02T20:52:29+00:00","dateModified":"2023-05-03T02:07:27+00:00","mainEntityOfPage":{"@id":"https:\/\/www.suno.com.br\/noticias\/previa-do-copom-maio-manutencao-selic\/"},"wordCount":944,"publisher":{"@id":"https:\/\/www.suno.com.br\/noticias\/#organization"},"image":{"@id":"https:\/\/www.suno.com.br\/noticias\/previa-do-copom-maio-manutencao-selic\/#primaryimage"},"thumbnailUrl":"https:\/\/files.sunoresearch.com.br\/n\/uploads\/2022\/12\/banco_central_marcello-casal-jr.jpg","keywords":["Copom","Especialistas","Taxa Selic"],"articleSection":["Mercado"],"inLanguage":"pt-BR"},{"@type":"WebPage","@id":"https:\/\/www.suno.com.br\/noticias\/previa-do-copom-maio-manutencao-selic\/","url":"https:\/\/www.suno.com.br\/noticias\/previa-do-copom-maio-manutencao-selic\/","name":"Copom manter\u00e1 Selic em 13,75%. E quando vir\u00e3o os cortes na taxa?","isPartOf":{"@id":"https:\/\/www.suno.com.br\/noticias\/#website"},"primaryImageOfPage":{"@id":"https:\/\/www.suno.com.br\/noticias\/previa-do-copom-maio-manutencao-selic\/#primaryimage"},"image":{"@id":"https:\/\/www.suno.com.br\/noticias\/previa-do-copom-maio-manutencao-selic\/#primaryimage"},"thumbnailUrl":"https:\/\/files.sunoresearch.com.br\/n\/uploads\/2022\/12\/banco_central_marcello-casal-jr.jpg","datePublished":"2023-05-02T20:52:29+00:00","dateModified":"2023-05-03T02:07:27+00:00","description":"Teve in\u00edcio hoje (2) a terceira reuni\u00e3o do ano do Copom, do Banco Central, que definir\u00e1 a taxa b\u00e1sica de juros, a Selic. Confira proje\u00e7\u00f5es!","breadcrumb":{"@id":"https:\/\/www.suno.com.br\/noticias\/previa-do-copom-maio-manutencao-selic\/#breadcrumb"},"inLanguage":"pt-BR","potentialAction":[{"@type":"ReadAction","target":["https:\/\/www.suno.com.br\/noticias\/previa-do-copom-maio-manutencao-selic\/"]}]},{"@type":"ImageObject","inLanguage":"pt-BR","@id":"https:\/\/www.suno.com.br\/noticias\/previa-do-copom-maio-manutencao-selic\/#primaryimage","url":"https:\/\/files.sunoresearch.com.br\/n\/uploads\/2022\/12\/banco_central_marcello-casal-jr.jpg","contentUrl":"https:\/\/files.sunoresearch.com.br\/n\/uploads\/2022\/12\/banco_central_marcello-casal-jr.jpg","width":1200,"height":800,"caption":"Teve in\u00edcio hoje a reuni\u00e3o do Comit\u00ea de Pol\u00edtica Monet\u00e1ria (Copom) que definir\u00e1 a taxa b\u00e1sica de juros (Selic). Foto: Marcello Casal Jr\/Ag\u00eancia Brasil"},{"@type":"BreadcrumbList","@id":"https:\/\/www.suno.com.br\/noticias\/previa-do-copom-maio-manutencao-selic\/#breadcrumb","itemListElement":[{"@type":"ListItem","position":1,"name":"Not\u00edcias","item":"https:\/\/www.suno.com.br\/noticias\/"},{"@type":"ListItem","position":2,"name":"Mercado","item":"https:\/\/www.suno.com.br\/noticias\/mercado\/"},{"@type":"ListItem","position":3,"name":"Mesmo com melhora na infla\u00e7\u00e3o, Copom deve manter Selic a 13,75% pela 6\u00aa vez. Quando a taxa vai cair?"}]},{"@type":"WebSite","@id":"https:\/\/www.suno.com.br\/noticias\/#website","url":"https:\/\/www.suno.com.br\/noticias\/","name":"Suno Not\u00edcias","description":"Seu portal de informa\u00e7\u00e3o sobre o mundo dos investimentos","publisher":{"@id":"https:\/\/www.suno.com.br\/noticias\/#organization"},"potentialAction":[{"@type":"SearchAction","target":{"@type":"EntryPoint","urlTemplate":"https:\/\/www.suno.com.br\/noticias\/?s={search_term_string}"},"query-input":{"@type":"PropertyValueSpecification","valueRequired":true,"valueName":"search_term_string"}}],"inLanguage":"pt-BR"},{"@type":"Organization","@id":"https:\/\/www.suno.com.br\/noticias\/#organization","name":"Suno Not\u00edcias","url":"https:\/\/www.suno.com.br\/noticias\/","logo":{"@type":"ImageObject","inLanguage":"pt-BR","@id":"https:\/\/www.suno.com.br\/noticias\/#\/schema\/logo\/image\/","url":"https:\/\/files.sunoresearch.com.br\/n\/uploads\/2021\/09\/suno-logo.png","contentUrl":"https:\/\/files.sunoresearch.com.br\/n\/uploads\/2021\/09\/suno-logo.png","width":180,"height":180,"caption":"Suno Not\u00edcias"},"image":{"@id":"https:\/\/www.suno.com.br\/noticias\/#\/schema\/logo\/image\/"},"sameAs":["https:\/\/facebook.com\/sunoresearch","https:\/\/x.com\/sunoresearch","https:\/\/www.instagram.com\/suno","https:\/\/www.linkedin.com\/company\/suno-research\/","https:\/\/www.youtube.com\/c\/sunoresearch"]},{"@type":"Person","@id":"https:\/\/www.suno.com.br\/noticias\/#\/schema\/person\/d689f06da5678e1f0b1ee402f001d676","name":"Janize Cola\u00e7o","image":{"@type":"ImageObject","inLanguage":"pt-BR","@id":"https:\/\/www.suno.com.br\/noticias\/#\/schema\/person\/image\/","url":"https:\/\/secure.gravatar.com\/avatar\/32b3bf89abae63ca2cf961bc051522d0?s=96&r=g","contentUrl":"https:\/\/secure.gravatar.com\/avatar\/32b3bf89abae63ca2cf961bc051522d0?s=96&r=g","caption":"Janize Cola\u00e7o"},"description":"Jornalista formada pela PUC-SP com passagens pela Record TV, Globo Cond\u00e9 Nast, Revista Panrotas e Editora Via. Hoje, \u00e9 rep\u00f3rter no Suno Not\u00edcias, cobrindo pautas sobre mercado, pol\u00edtica, economia e bolsa de valores.","url":"https:\/\/www.suno.com.br\/noticias\/author\/janize-colaco\/"}]}},"default_loop_html":"<div class=\"cardsPage__listCard__boxs\"><div class=\"cardsPage__listCard__boxs__img\"><a href=\"https:\/\/www.suno.com.br\/noticias\/previa-do-copom-maio-manutencao-selic\/\"><img class=\"mask\" src=\"https:\/\/www.suno.com.br\/noticias\/wp-content\/themes\/suno\/resources\/images\/spotlight\/spotlight1img\/bg-mask.png\" alt=\"Image Mask\"\/><img src=\"https:\/\/files.sunoresearch.com.br\/n\/uploads\/2022\/12\/banco_central_marcello-casal-jr-400x200.jpg\" alt=\"Mesmo com melhora na infla\u00e7\u00e3o, Copom deve manter Selic a 13,75% pela 6\u00aa vez. Quando a taxa vai cair?\"\/><\/a><span class=\"spotlightCategory\"><a href=\"https:\/\/www.suno.com.br\/noticias\/mercado\/\">Mercado<\/a><\/span><\/div><div class=\"cardsPage__listCard__boxs__content\"><a href=\"https:\/\/www.suno.com.br\/noticias\/previa-do-copom-maio-manutencao-selic\/\"><h2 class=\"content__title\">Mesmo com melhora na infla\u00e7\u00e3o, Copom deve manter Selic a 13,75% pela 6\u00aa vez. Quando a taxa vai cair?<\/h2><\/a><div class=\"newsContent__article__meta\"><div class=\"newsContent__article__meta__authorBox\"><a href=\"https:\/\/www.suno.com.br\/noticias\/author\/janize-colaco\/\" class=\"authorBox__avatar noMobi\"><img src=\"https:\/\/files.sunoresearch.com.br\/n\/uploads\/2022\/11\/20221120_111807-1-150x150.jpg\" alt=\"Janize Cola\u00e7o\"><\/a><div class=\"authorBox__name\"><span>por\n\t\t\t<a href=\"https:\/\/www.suno.com.br\/noticias\/author\/janize-colaco\/\"><span itemprop=\"author\">Janize Cola\u00e7o<\/span><\/a><\/span><time datetime=\"2023-05-02T17:52:29-03:00\" itemprop=\"datePublished\">02\/05\/2023 17:52<\/time><\/div><\/div><\/div><\/div><\/div>","single_layout":"posts","amp_enabled":true,"_links":{"self":[{"href":"https:\/\/www.suno.com.br\/noticias\/wp-json\/wp\/v2\/posts\/397863"}],"collection":[{"href":"https:\/\/www.suno.com.br\/noticias\/wp-json\/wp\/v2\/posts"}],"about":[{"href":"https:\/\/www.suno.com.br\/noticias\/wp-json\/wp\/v2\/types\/post"}],"author":[{"embeddable":true,"href":"https:\/\/www.suno.com.br\/noticias\/wp-json\/wp\/v2\/users\/233"}],"replies":[{"embeddable":true,"href":"https:\/\/www.suno.com.br\/noticias\/wp-json\/wp\/v2\/comments?post=397863"}],"version-history":[{"count":2,"href":"https:\/\/www.suno.com.br\/noticias\/wp-json\/wp\/v2\/posts\/397863\/revisions"}],"predecessor-version":[{"id":398279,"href":"https:\/\/www.suno.com.br\/noticias\/wp-json\/wp\/v2\/posts\/397863\/revisions\/398279"}],"wp:featuredmedia":[{"embeddable":true,"href":"https:\/\/www.suno.com.br\/noticias\/wp-json\/wp\/v2\/media\/330011"}],"wp:attachment":[{"href":"https:\/\/www.suno.com.br\/noticias\/wp-json\/wp\/v2\/media?parent=397863"}],"wp:term":[{"taxonomy":"category","embeddable":true,"href":"https:\/\/www.suno.com.br\/noticias\/wp-json\/wp\/v2\/categories?post=397863"},{"taxonomy":"post_tag","embeddable":true,"href":"https:\/\/www.suno.com.br\/noticias\/wp-json\/wp\/v2\/tags?post=397863"},{"taxonomy":"suno_strategy","embeddable":true,"href":"https:\/\/www.suno.com.br\/noticias\/wp-json\/wp\/v2\/suno_strategy?post=397863"}],"curies":[{"name":"wp","href":"https:\/\/api.w.org\/{rel}","templated":true}]}}