{"id":397611,"date":"2023-05-02T08:58:05","date_gmt":"2023-05-02T11:58:05","guid":{"rendered":"https:\/\/www.suno.com.br\/noticias\/?p=397611"},"modified":"2023-05-02T08:58:11","modified_gmt":"2023-05-02T11:58:11","slug":"ipca-taxa-selic-projecoes-boletim-focus","status":"publish","type":"post","link":"https:\/\/www.suno.com.br\/noticias\/ipca-taxa-selic-projecoes-boletim-focus\/","title":{"rendered":"IPCA ainda maior em 2023: Veja novas proje\u00e7\u00f5es do Boletim Focus"},"content":{"rendered":"<p>O <a href=\"https:\/\/www.suno.com.br\/artigos\/boletim-focus\/\" target=\"_blank\" rel=\"noreferrer noopener\">Boletim Focus<\/a> divulgado <a href=\"https:\/\/www.bcb.gov.br\/content\/focus\/focus\/R20230428.pdf\" target=\"_blank\" rel=\"noreferrer noopener\">nesta ter\u00e7a-feira (24)<\/a> mostra a quinta alta consecutiva nas proje\u00e7\u00f5es do <strong>IPCA <\/strong>para o ano de 2023.<\/p><div class=\"videoFull \">\n\t\t\t<div class=\"videoWrapper yt-lazyload center\"\n\t\t\t\tdata-width=\"960\"\n\t\t\t\tdata-height=\"540\"\n\t\t\t\tdata-id=\"M8N2J8up1UI\"\n\t\t\t\tdata-alt=\"V\u00eddeo do YouTube - clique para reproduzir\"\n\t\t\t\tdata-logo=\"3\"\n\t\t\t\tdata-imagequality=\"maxres\">\n\t\t\t<\/div>\n\t\t<\/div><script type=\"application\/ld+json\">{\"@context\":\"https:\/\/schema.org\",\"@type\":\"VideoObject\",\"name\":\"3R Petroleum (RRRP3) reverte preju\u00edzo no 1T23; veja | Suno Not\u00edcias\",\"description\":\"A 3R Petroleum #rrrp3 reportou lucro l\u00edquido de R$ 16,1 milh\u00f5es no primeiro trimestre de 2023 (1T23), conforme balan\u00e7o divulgado na manh\u00e3 de quinta-feira (27). Saiba mais detalhes sobre o balan\u00e7o. #3rpetroleum #rrrp3 #investimentos #a\u00e7\u00f5es #mercadofinanceiro #empresas #balan\u00e7os #cortes \ud83e\udd81 \ud835\uddda\ud835\udde8\ud835\udddc\ud835\uddd4 \ud835\uddd7\ud835\udde2 \ud835\udddc\ud835\udde0\ud835\udde3\ud835\udde2\ud835\udde6\ud835\udde7\ud835\udde2 \ud835\uddd7\ud835\uddd8 \ud835\udde5\ud835\uddd8\ud835\udde1\ud835\uddd7\ud835\uddd4 \ud835\udde3\ud835\uddd4\ud835\udde5\ud835\uddd4 \ud835\udddc\ud835\udde1\ud835\udde9\ud835\uddd8\ud835\udde6\ud835\udde7\ud835\udddc\ud835\uddd7\ud835\udde2\ud835\udde5\ud835\uddd8\ud835\udde6 \ud835\uddd8\ud835\udde0 \ud835\udfee\ud835\udfec\ud835\udfee\ud835\udfef \ud83d\udc49https:\/\/lp.suno.com.br\/ebook-guia-ir\/?utm_source=youtube.noticias&utm_medium=live&utm_campaign=ebookimpostoderenda.20230404&utm_content=noticias.live19h.040423 \ud83d\udcc8 \ud835\udc00 \ud835\udc12\ud835\udc2e\ud835\udc27\ud835\udc28 \ud835\udc1e \ud835\udc1a\u2026\",\"duration\":\"PT2M17S\",\"embedUrl\":\"https:\/\/www.youtube.com\/embed\/M8N2J8up1UI\",\"regionsAllowed\":\"pt-BR\",\"interactionStatistic\":{\"@type\":\"InteractionCounter\",\"interactionType\":{\"@type\":\"WatchAction\"},\"userInteractionCount\":804},\"thumbnailUrl\":\"https:\/\/i.ytimg.com\/vi\/M8N2J8up1UI\/default.jpg\",\"uploadDate\":\"2023-04-28T21:17:35Z\"}<\/script>\n\n\n\n\n\t<p>\n\t\t<a href=\"\" target=\"_blank\" data-element=\"shortcode-suno-banner\" title=\"Banner SUNO, clique e saiba mais\">\n\t\t\t<picture>\n\t\t\t\t<source media=\"(max-width: 500px)\" srcset=\"\">\n\t\t\t\t<img class=\"newsContent__article__imgCapa newsContent__article__imgCapa--banner\"\n\t\t\t\t\tsrc=\"\"\n\t\t\t\t\tdata-promo-id=\"240038\"\t\t\t\t\t\t\t\t\t\t\t\t\t\t\talt=\"\"\n\t\t\t\t>\n\t\t\t<\/picture>\n\t\t<\/a>\n\t<\/p>\n\n\n\n\n\n<p>Agora, as estimativas do <a href=\"https:\/\/www.suno.com.br\/artigos\/ipca\/\" target=\"_blank\" rel=\"noreferrer noopener\">\u00cdndice Nacional de Pre\u00e7os ao Consumidor Amplo (IPCA)<\/a> para este ano s\u00e3o de 6,05%, conforme as novas <strong>proje\u00e7\u00f5es do Boletim Focus<\/strong>. Anteriormente o mercado financeiro estimava 6,04%.<\/p>\n\n\n\n<p>Na semana anterior, foi a segunda fez que o mercado financeiro estimou <strong>infla\u00e7\u00e3o acima de 6% para o ano de 2023<\/strong>.<\/p>\n\n\n\n<p>J\u00e1 a expectativa para o IPCA em 2024 ficou est\u00e1vel em 4,18% pela segunda semana consecutiva.<\/p>\n\n\n\n\t<div data-element=\"shortcode-read-more\" class=\"readToo\">\n\t\t\t\t<span class=\"readToo__title\">Leia mais<\/span>\n\t\t\t\t<ul class=\"readToo__list\">\n\t\t\t<li><a href=\"https:\/\/www.suno.com.br\/noticias\/haddad-ata-do-copom-documento-amigavel\/\">Haddad sobre ata do Copom: &#8220;Documento mais amig\u00e1vel&#8221;<\/a><\/li><li><a href=\"https:\/\/www.suno.com.br\/noticias\/lula-ataca-banco-central-juros-selic\/\">Lula volta a atacar Banco Central e critica patamar atual da Selic<\/a><\/li><li><a href=\"https:\/\/www.suno.com.br\/noticias\/copom-selic-decisao-juros-fevereiro-2023\/\">Copom mant\u00e9m Selic em 13,75% ao ano. Entenda a decis\u00e3o do BC<\/a><\/li>\t\t<\/ul>\n\t<\/div>\n\n\n\n\n<p>Juntamente com isso, o Focus do Banco Central (BC) mostra estabilidade nas expectativas da Selic.<\/p>\n\n\n\n<p>Agora a expectativa da <strong>taxa de juros<\/strong> \u00e9 de 12,50%, ante 12,75% das proje\u00e7\u00f5es das semanas anteriores.<\/p>\n\n\n\n<p>Al\u00e9m disso, para 2024 o <strong>mercado financeiro<\/strong> segue esperando juros de 10%, mantendo h\u00e1 mesma expectativa h\u00e1 nove semanas.<\/p>\n\n\n\n<p>Por fim, o <a class=\"suno-keyword\" data-force=\"no\" data-priority=\"2\" href=\"https:\/\/www.suno.com.br\/artigos\/boletim-focus\/\" target=\"_blank\" rel=\"noopener\">Boletim Focus<\/a> manteve as proje\u00e7\u00f5es do d\u00f3lar para 2023 e tamb\u00e9m para o ano que vem,<\/p>\n\n\n\n<p>No Produto Interno Bruto (PIB), as proje\u00e7\u00f5es foram elevadas para este ano e mantidas para o pr\u00f3ximo ano.<\/p>\n\n\n\t<p>\n\t\t<a href=\"https:\/\/lp.suno.com.br\/planilha-controle-gastos\/\" target=\"_blank\" data-element=\"shortcode-suno-banner\" title=\"Banner SUNO, clique e saiba mais\">\n\t\t\t<picture>\n\t\t\t\t<source media=\"(max-width: 500px)\" srcset=\"https:\/\/files.sunoresearch.com.br\/n\/uploads\/2023\/03\/400x300-Planilha-controle-de-gastos.png\">\n\t\t\t\t<img class=\"newsContent__article__imgCapa newsContent__article__imgCapa--banner\"\n\t\t\t\t\tsrc=\"https:\/\/files.sunoresearch.com.br\/n\/uploads\/2023\/03\/1420x240-Planilha-controle-de-gastos.png\"\n\t\t\t\t\tdata-promo-id=\"101751\"\t\t\t\t\t\t\t\t\t\twidth='1420' height='240'\t\t\t\t\talt=\"https:\/\/files.sunoresearch.com.br\/n\/uploads\/2023\/03\/1420x240-Planilha-controle-de-gastos.png\"\n\t\t\t\t>\n\t\t\t<\/picture>\n\t\t<\/a>\n\t<\/p>\n\n\n\n\n\n<h2 class=\"wp-block-heading\" id=\"h-resumo-do-boletim-focus\">Resumo do Boletim Focus<\/h2>\n\n\n\n<p>Veja, em detalhes, as proje\u00e7\u00f5es mais importantes para 2023 e 2024:<\/p>\n\n\n\n<h2 class=\"wp-block-heading\" id=\"h-2023\">2023<\/h2>\n\n\n\n<ul class=\"wp-block-list\">\n<li><strong>IPCA: <\/strong>a proje\u00e7\u00e3o aumentou para 6,05%<\/li>\n\n\n\n<li><strong>PIB:<\/strong> a proje\u00e7\u00e3o subiu para 1%<\/li>\n\n\n\n<li><strong>D\u00f3lar:<\/strong> a previs\u00e3o do c\u00e2mbio seguiu em R$ 5,20<\/li>\n\n\n\n<li><strong>Taxa Selic:<\/strong> a previs\u00e3o segue em 12,50%<\/li>\n\n\n\n<li><strong>Balan\u00e7a Comercial:<\/strong> a expectativa para o super\u00e1vit subiu para US$ 60 bilh\u00f5es<\/li>\n\n\n\n<li><strong>Investimento Estrangeiro Direto<\/strong>: a previs\u00e3o segue em US$ 80 bilh\u00f5es<\/li>\n\n\n\n<li><strong><a href=\"https:\/\/www.suno.com.br\/artigos\/deficit-primario\/\">D\u00edvida do Setor P\u00fablico<\/a>: <\/strong>a previs\u00e3o caiu para 60,55% PIB<\/li>\n<\/ul>\n\n\n\n<h2 class=\"wp-block-heading\" id=\"h-2024\">2024<\/h2>\n\n\n\n<ul class=\"wp-block-list\">\n<li><strong>IPCA: <\/strong>a proje\u00e7\u00e3o segue em 4,18%<\/li>\n\n\n\n<li><strong>PIB:<\/strong> a proje\u00e7\u00e3o segue em 1,41%<\/li>\n\n\n\n<li><strong>D\u00f3lar:<\/strong> a previs\u00e3o do c\u00e2mbio segue em R$ 5,25<\/li>\n\n\n\n<li><strong>Taxa Selic:<\/strong> a previs\u00e3o segue em 10%<\/li>\n\n\n\n<li><strong>Balan\u00e7a Comercial:<\/strong> a expectativa para o super\u00e1vit subiu para US$ 54,6 bilh\u00f5es<\/li>\n\n\n\n<li><strong><a href=\"https:\/\/www.suno.com.br\/artigos\/investimento-estrangeiro-direto-ied\/\" target=\"_blank\" rel=\"noreferrer noopener\">Investimento Estrangeiro Direto<\/a><\/strong>: a previs\u00e3o segue em US$ 80 bilh\u00f5es<\/li>\n\n\n\n<li><strong>D\u00edvida do Setor P\u00fablico: <\/strong>a previs\u00e3o caiu para 64% PIB<\/li>\n<\/ul>\n\n\n\n<p>O <a href=\"https:\/\/www.youtube.com\/watch?v=5xXH4baJrtc\">Boletim Focus<\/a> \u00e9 elaborado semanalmente pelo Banco Central. S\u00e3o utilizadas as proje\u00e7\u00f5es dos especialistas das 100 principais institui\u00e7\u00f5es ligadas ao mercado financeiro do Brasil para juros, <strong>IPCA<\/strong>, c\u00e2mbio, Selic e outros indicadores.<\/p>\n\n\n\t<p>\n\t\t<a href=\"https:\/\/lp.suno.com.br\/planilha-da-vida-financeira\/\" target=\"_blank\" data-element=\"shortcode-suno-banner\" title=\"Banner SUNO, clique e saiba mais\">\n\t\t\t<picture>\n\t\t\t\t<source media=\"(max-width: 500px)\" srcset=\"https:\/\/files.sunoresearch.com.br\/n\/uploads\/2023\/04\/400x300-Planilha-vida-financeira-true.png\">\n\t\t\t\t<img class=\"newsContent__article__imgCapa newsContent__article__imgCapa--banner\"\n\t\t\t\t\tsrc=\"https:\/\/files.sunoresearch.com.br\/n\/uploads\/2023\/04\/1420x240-Planilha-vida-financeira-true.png\"\n\t\t\t\t\tdata-promo-id=\"106682\"\t\t\t\t\t\t\t\t\t\twidth='1420' height='240'\t\t\t\t\talt=\"https:\/\/files.sunoresearch.com.br\/n\/uploads\/2023\/04\/1420x240-Planilha-vida-financeira-true.png\"\n\t\t\t\t>\n\t\t\t<\/picture>\n\t\t<\/a>\n\t<\/p>\n\n\n","protected":false},"excerpt":{"rendered":"<p>O Boletim Focus divulgado nesta ter\u00e7a-feira (24) mostra a quinta alta consecutiva nas proje\u00e7\u00f5es do IPCA para o ano de 2023. Agora, as estimativas do \u00cdndice Nacional de Pre\u00e7os ao Consumidor Amplo (IPCA) para este ano s\u00e3o de 6,05%, conforme as novas proje\u00e7\u00f5es do Boletim Focus. Anteriormente o mercado financeiro estimava 6,04%. Na semana anterior, [&hellip;]<\/p>\n","protected":false},"author":73,"featured_media":54595,"comment_status":"closed","ping_status":"closed","sticky":false,"template":"","format":"standard","meta":[],"categories":[62],"tags":[834,966,1752,290],"suno_strategy":[],"class_list":["post-397611","post","type-post","status-publish","format-standard","has-post-thumbnail","hentry","category-economia","tag-boletim-focus","tag-ipca","tag-taxa-de-juros","tag-taxa-selic"],"yoast_head":"<!-- This site is optimized with the Yoast SEO plugin v24.4 - https:\/\/yoast.com\/wordpress\/plugins\/seo\/ -->\n<title>IPCA ainda maior em 2023: Veja novas proje\u00e7\u00f5es do Boletim Focus<\/title>\n<meta name=\"description\" content=\"Pela quinta semana consecutiva, o IPCA foi elevado pelos especialistas do mercado financeiro, segundo o Boletim Focus. Confira!\" \/>\n<meta name=\"robots\" content=\"index, follow, max-snippet:-1, max-image-preview:large, max-video-preview:-1\" \/>\n<link rel=\"canonical\" href=\"https:\/\/www.suno.com.br\/noticias\/ipca-taxa-selic-projecoes-boletim-focus\/\" \/>\n<meta property=\"og:locale\" content=\"pt_BR\" \/>\n<meta property=\"og:type\" content=\"article\" \/>\n<meta property=\"og:title\" content=\"IPCA ainda maior em 2023: Veja novas proje\u00e7\u00f5es do Boletim Focus\" \/>\n<meta property=\"og:description\" content=\"Pela quinta semana consecutiva, o IPCA foi elevado pelos especialistas do mercado financeiro, segundo o Boletim Focus. Confira!\" \/>\n<meta property=\"og:url\" content=\"https:\/\/www.suno.com.br\/noticias\/ipca-taxa-selic-projecoes-boletim-focus\/\" \/>\n<meta property=\"og:site_name\" content=\"Suno Not\u00edcias\" \/>\n<meta property=\"article:publisher\" content=\"https:\/\/facebook.com\/sunoresearch\" \/>\n<meta property=\"og:image\" content=\"https:\/\/files.sunoresearch.com.br\/n\/uploads\/2020\/03\/4841b894-economia.jpg\" \/>\n\t<meta property=\"og:image:width\" content=\"1540\" \/>\n\t<meta property=\"og:image:height\" content=\"800\" \/>\n\t<meta property=\"og:image:type\" content=\"image\/jpeg\" \/>\n<meta name=\"author\" content=\"Eduardo Vargas\" \/>\n<meta name=\"twitter:card\" content=\"summary_large_image\" \/>\n<meta name=\"twitter:creator\" content=\"@sunoresearch\" \/>\n<meta name=\"twitter:site\" content=\"@sunoresearch\" \/>\n<meta name=\"twitter:label1\" content=\"Escrito por\" \/>\n\t<meta name=\"twitter:data1\" content=\"Eduardo Vargas\" \/>\n\t<meta name=\"twitter:label2\" content=\"Est. tempo de leitura\" \/>\n\t<meta name=\"twitter:data2\" content=\"2 minutos\" \/>\n<script type=\"application\/ld+json\" class=\"yoast-schema-graph\">{\"@context\":\"https:\/\/schema.org\",\"@graph\":[{\"@type\":\"NewsArticle\",\"@id\":\"https:\/\/www.suno.com.br\/noticias\/ipca-taxa-selic-projecoes-boletim-focus\/#article\",\"isPartOf\":{\"@id\":\"https:\/\/www.suno.com.br\/noticias\/ipca-taxa-selic-projecoes-boletim-focus\/\"},\"author\":{\"name\":\"Eduardo Vargas\",\"@id\":\"https:\/\/www.suno.com.br\/noticias\/#\/schema\/person\/7f4d362bf3518e76090143ae77bb49a5\"},\"headline\":\"IPCA ainda maior em 2023: Veja novas proje\u00e7\u00f5es do Boletim Focus\",\"datePublished\":\"2023-05-02T11:58:05+00:00\",\"dateModified\":\"2023-05-02T11:58:11+00:00\",\"mainEntityOfPage\":{\"@id\":\"https:\/\/www.suno.com.br\/noticias\/ipca-taxa-selic-projecoes-boletim-focus\/\"},\"wordCount\":380,\"publisher\":{\"@id\":\"https:\/\/www.suno.com.br\/noticias\/#organization\"},\"image\":{\"@id\":\"https:\/\/www.suno.com.br\/noticias\/ipca-taxa-selic-projecoes-boletim-focus\/#primaryimage\"},\"thumbnailUrl\":\"https:\/\/files.sunoresearch.com.br\/n\/uploads\/2020\/03\/4841b894-economia-jpg.webp\",\"keywords\":[\"Boletim Focus\",\"IPCA\",\"taxa de juros\",\"Taxa Selic\"],\"articleSection\":[\"Economia\"],\"inLanguage\":\"pt-BR\"},{\"@type\":\"WebPage\",\"@id\":\"https:\/\/www.suno.com.br\/noticias\/ipca-taxa-selic-projecoes-boletim-focus\/\",\"url\":\"https:\/\/www.suno.com.br\/noticias\/ipca-taxa-selic-projecoes-boletim-focus\/\",\"name\":\"IPCA ainda maior em 2023: Veja novas proje\u00e7\u00f5es do Boletim Focus\",\"isPartOf\":{\"@id\":\"https:\/\/www.suno.com.br\/noticias\/#website\"},\"primaryImageOfPage\":{\"@id\":\"https:\/\/www.suno.com.br\/noticias\/ipca-taxa-selic-projecoes-boletim-focus\/#primaryimage\"},\"image\":{\"@id\":\"https:\/\/www.suno.com.br\/noticias\/ipca-taxa-selic-projecoes-boletim-focus\/#primaryimage\"},\"thumbnailUrl\":\"https:\/\/files.sunoresearch.com.br\/n\/uploads\/2020\/03\/4841b894-economia-jpg.webp\",\"datePublished\":\"2023-05-02T11:58:05+00:00\",\"dateModified\":\"2023-05-02T11:58:11+00:00\",\"description\":\"Pela quinta semana consecutiva, o IPCA foi elevado pelos especialistas do mercado financeiro, segundo o Boletim Focus. Confira!\",\"breadcrumb\":{\"@id\":\"https:\/\/www.suno.com.br\/noticias\/ipca-taxa-selic-projecoes-boletim-focus\/#breadcrumb\"},\"inLanguage\":\"pt-BR\",\"potentialAction\":[{\"@type\":\"ReadAction\",\"target\":[\"https:\/\/www.suno.com.br\/noticias\/ipca-taxa-selic-projecoes-boletim-focus\/\"]}]},{\"@type\":\"ImageObject\",\"inLanguage\":\"pt-BR\",\"@id\":\"https:\/\/www.suno.com.br\/noticias\/ipca-taxa-selic-projecoes-boletim-focus\/#primaryimage\",\"url\":\"https:\/\/files.sunoresearch.com.br\/n\/uploads\/2020\/03\/4841b894-economia-jpg.webp\",\"contentUrl\":\"https:\/\/files.sunoresearch.com.br\/n\/uploads\/2020\/03\/4841b894-economia-jpg.webp\",\"width\":1540,\"height\":800,\"caption\":\"d\u00f3lar IPCA Boletim Focus. Foto: Pixabay.\"},{\"@type\":\"BreadcrumbList\",\"@id\":\"https:\/\/www.suno.com.br\/noticias\/ipca-taxa-selic-projecoes-boletim-focus\/#breadcrumb\",\"itemListElement\":[{\"@type\":\"ListItem\",\"position\":1,\"name\":\"Not\u00edcias\",\"item\":\"https:\/\/www.suno.com.br\/noticias\/\"},{\"@type\":\"ListItem\",\"position\":2,\"name\":\"Economia\",\"item\":\"https:\/\/www.suno.com.br\/noticias\/economia\/\"},{\"@type\":\"ListItem\",\"position\":3,\"name\":\"IPCA ainda maior em 2023: Veja novas proje\u00e7\u00f5es do Boletim Focus\"}]},{\"@type\":\"WebSite\",\"@id\":\"https:\/\/www.suno.com.br\/noticias\/#website\",\"url\":\"https:\/\/www.suno.com.br\/noticias\/\",\"name\":\"Suno Not\u00edcias\",\"description\":\"Seu portal de informa\u00e7\u00e3o sobre o mundo dos investimentos\",\"publisher\":{\"@id\":\"https:\/\/www.suno.com.br\/noticias\/#organization\"},\"potentialAction\":[{\"@type\":\"SearchAction\",\"target\":{\"@type\":\"EntryPoint\",\"urlTemplate\":\"https:\/\/www.suno.com.br\/noticias\/?s={search_term_string}\"},\"query-input\":{\"@type\":\"PropertyValueSpecification\",\"valueRequired\":true,\"valueName\":\"search_term_string\"}}],\"inLanguage\":\"pt-BR\"},{\"@type\":\"Organization\",\"@id\":\"https:\/\/www.suno.com.br\/noticias\/#organization\",\"name\":\"Suno Not\u00edcias\",\"url\":\"https:\/\/www.suno.com.br\/noticias\/\",\"logo\":{\"@type\":\"ImageObject\",\"inLanguage\":\"pt-BR\",\"@id\":\"https:\/\/www.suno.com.br\/noticias\/#\/schema\/logo\/image\/\",\"url\":\"https:\/\/files.sunoresearch.com.br\/n\/uploads\/2021\/09\/suno-logo.png\",\"contentUrl\":\"https:\/\/files.sunoresearch.com.br\/n\/uploads\/2021\/09\/suno-logo.png\",\"width\":180,\"height\":180,\"caption\":\"Suno Not\u00edcias\"},\"image\":{\"@id\":\"https:\/\/www.suno.com.br\/noticias\/#\/schema\/logo\/image\/\"},\"sameAs\":[\"https:\/\/facebook.com\/sunoresearch\",\"https:\/\/x.com\/sunoresearch\",\"https:\/\/www.instagram.com\/suno\",\"https:\/\/www.linkedin.com\/company\/suno-research\/\",\"https:\/\/www.youtube.com\/c\/sunoresearch\"]},{\"@type\":\"Person\",\"@id\":\"https:\/\/www.suno.com.br\/noticias\/#\/schema\/person\/7f4d362bf3518e76090143ae77bb49a5\",\"name\":\"Eduardo Vargas\",\"image\":{\"@type\":\"ImageObject\",\"inLanguage\":\"pt-BR\",\"@id\":\"https:\/\/www.suno.com.br\/noticias\/#\/schema\/person\/image\/\",\"url\":\"https:\/\/secure.gravatar.com\/avatar\/dac340933427a22924c9f99d1eb2e3f2?s=96&r=g\",\"contentUrl\":\"https:\/\/secure.gravatar.com\/avatar\/dac340933427a22924c9f99d1eb2e3f2?s=96&r=g\",\"caption\":\"Eduardo Vargas\"},\"description\":\"Jornalista formado pela UFSC, cobre macroeconomia, neg\u00f3cios e startups para o Suno Not\u00edcias, escrevendo principalmente not\u00edcias sobre o mercado financeiro e a bolsa de valores. No YouTube e no Instagram, \u00e9 respons\u00e1vel pela produ\u00e7\u00e3o de Reels e Shorts do Suno Not\u00edcias. Anteriormente, trabalhou cobrindo economia e cotidiano no ND+ e para o ND, maior jornal impresso de Santa Catarina. Cursou um semestre letivo de Estudos de M\u00eddia na Universidad de Buenos Aires.\",\"url\":\"https:\/\/www.suno.com.br\/noticias\/author\/eduardo-vargas\/\"}]}<\/script>\n<!-- \/ Yoast SEO plugin. -->","yoast_head_json":{"title":"IPCA ainda maior em 2023: Veja novas proje\u00e7\u00f5es do Boletim Focus","description":"Pela quinta semana consecutiva, o IPCA foi elevado pelos especialistas do mercado financeiro, segundo o Boletim Focus. Confira!","robots":{"index":"index","follow":"follow","max-snippet":"max-snippet:-1","max-image-preview":"max-image-preview:large","max-video-preview":"max-video-preview:-1"},"canonical":"https:\/\/www.suno.com.br\/noticias\/ipca-taxa-selic-projecoes-boletim-focus\/","og_locale":"pt_BR","og_type":"article","og_title":"IPCA ainda maior em 2023: Veja novas proje\u00e7\u00f5es do Boletim Focus","og_description":"Pela quinta semana consecutiva, o IPCA foi elevado pelos especialistas do mercado financeiro, segundo o Boletim Focus. Confira!","og_url":"https:\/\/www.suno.com.br\/noticias\/ipca-taxa-selic-projecoes-boletim-focus\/","og_site_name":"Suno Not\u00edcias","article_publisher":"https:\/\/facebook.com\/sunoresearch","og_image":[{"width":1540,"height":800,"url":"https:\/\/files.sunoresearch.com.br\/n\/uploads\/2020\/03\/4841b894-economia.jpg","type":"image\/jpeg"}],"author":"Eduardo Vargas","twitter_card":"summary_large_image","twitter_creator":"@sunoresearch","twitter_site":"@sunoresearch","twitter_misc":{"Escrito por":"Eduardo Vargas","Est. tempo de leitura":"2 minutos"},"schema":{"@context":"https:\/\/schema.org","@graph":[{"@type":"NewsArticle","@id":"https:\/\/www.suno.com.br\/noticias\/ipca-taxa-selic-projecoes-boletim-focus\/#article","isPartOf":{"@id":"https:\/\/www.suno.com.br\/noticias\/ipca-taxa-selic-projecoes-boletim-focus\/"},"author":{"name":"Eduardo Vargas","@id":"https:\/\/www.suno.com.br\/noticias\/#\/schema\/person\/7f4d362bf3518e76090143ae77bb49a5"},"headline":"IPCA ainda maior em 2023: Veja novas proje\u00e7\u00f5es do Boletim Focus","datePublished":"2023-05-02T11:58:05+00:00","dateModified":"2023-05-02T11:58:11+00:00","mainEntityOfPage":{"@id":"https:\/\/www.suno.com.br\/noticias\/ipca-taxa-selic-projecoes-boletim-focus\/"},"wordCount":380,"publisher":{"@id":"https:\/\/www.suno.com.br\/noticias\/#organization"},"image":{"@id":"https:\/\/www.suno.com.br\/noticias\/ipca-taxa-selic-projecoes-boletim-focus\/#primaryimage"},"thumbnailUrl":"https:\/\/files.sunoresearch.com.br\/n\/uploads\/2020\/03\/4841b894-economia-jpg.webp","keywords":["Boletim Focus","IPCA","taxa de juros","Taxa Selic"],"articleSection":["Economia"],"inLanguage":"pt-BR"},{"@type":"WebPage","@id":"https:\/\/www.suno.com.br\/noticias\/ipca-taxa-selic-projecoes-boletim-focus\/","url":"https:\/\/www.suno.com.br\/noticias\/ipca-taxa-selic-projecoes-boletim-focus\/","name":"IPCA ainda maior em 2023: Veja novas proje\u00e7\u00f5es do Boletim Focus","isPartOf":{"@id":"https:\/\/www.suno.com.br\/noticias\/#website"},"primaryImageOfPage":{"@id":"https:\/\/www.suno.com.br\/noticias\/ipca-taxa-selic-projecoes-boletim-focus\/#primaryimage"},"image":{"@id":"https:\/\/www.suno.com.br\/noticias\/ipca-taxa-selic-projecoes-boletim-focus\/#primaryimage"},"thumbnailUrl":"https:\/\/files.sunoresearch.com.br\/n\/uploads\/2020\/03\/4841b894-economia-jpg.webp","datePublished":"2023-05-02T11:58:05+00:00","dateModified":"2023-05-02T11:58:11+00:00","description":"Pela quinta semana consecutiva, o IPCA foi elevado pelos especialistas do mercado financeiro, segundo o Boletim Focus. Confira!","breadcrumb":{"@id":"https:\/\/www.suno.com.br\/noticias\/ipca-taxa-selic-projecoes-boletim-focus\/#breadcrumb"},"inLanguage":"pt-BR","potentialAction":[{"@type":"ReadAction","target":["https:\/\/www.suno.com.br\/noticias\/ipca-taxa-selic-projecoes-boletim-focus\/"]}]},{"@type":"ImageObject","inLanguage":"pt-BR","@id":"https:\/\/www.suno.com.br\/noticias\/ipca-taxa-selic-projecoes-boletim-focus\/#primaryimage","url":"https:\/\/files.sunoresearch.com.br\/n\/uploads\/2020\/03\/4841b894-economia-jpg.webp","contentUrl":"https:\/\/files.sunoresearch.com.br\/n\/uploads\/2020\/03\/4841b894-economia-jpg.webp","width":1540,"height":800,"caption":"d\u00f3lar IPCA Boletim Focus. Foto: Pixabay."},{"@type":"BreadcrumbList","@id":"https:\/\/www.suno.com.br\/noticias\/ipca-taxa-selic-projecoes-boletim-focus\/#breadcrumb","itemListElement":[{"@type":"ListItem","position":1,"name":"Not\u00edcias","item":"https:\/\/www.suno.com.br\/noticias\/"},{"@type":"ListItem","position":2,"name":"Economia","item":"https:\/\/www.suno.com.br\/noticias\/economia\/"},{"@type":"ListItem","position":3,"name":"IPCA ainda maior em 2023: Veja novas proje\u00e7\u00f5es do Boletim Focus"}]},{"@type":"WebSite","@id":"https:\/\/www.suno.com.br\/noticias\/#website","url":"https:\/\/www.suno.com.br\/noticias\/","name":"Suno Not\u00edcias","description":"Seu portal de informa\u00e7\u00e3o sobre o mundo dos investimentos","publisher":{"@id":"https:\/\/www.suno.com.br\/noticias\/#organization"},"potentialAction":[{"@type":"SearchAction","target":{"@type":"EntryPoint","urlTemplate":"https:\/\/www.suno.com.br\/noticias\/?s={search_term_string}"},"query-input":{"@type":"PropertyValueSpecification","valueRequired":true,"valueName":"search_term_string"}}],"inLanguage":"pt-BR"},{"@type":"Organization","@id":"https:\/\/www.suno.com.br\/noticias\/#organization","name":"Suno Not\u00edcias","url":"https:\/\/www.suno.com.br\/noticias\/","logo":{"@type":"ImageObject","inLanguage":"pt-BR","@id":"https:\/\/www.suno.com.br\/noticias\/#\/schema\/logo\/image\/","url":"https:\/\/files.sunoresearch.com.br\/n\/uploads\/2021\/09\/suno-logo.png","contentUrl":"https:\/\/files.sunoresearch.com.br\/n\/uploads\/2021\/09\/suno-logo.png","width":180,"height":180,"caption":"Suno Not\u00edcias"},"image":{"@id":"https:\/\/www.suno.com.br\/noticias\/#\/schema\/logo\/image\/"},"sameAs":["https:\/\/facebook.com\/sunoresearch","https:\/\/x.com\/sunoresearch","https:\/\/www.instagram.com\/suno","https:\/\/www.linkedin.com\/company\/suno-research\/","https:\/\/www.youtube.com\/c\/sunoresearch"]},{"@type":"Person","@id":"https:\/\/www.suno.com.br\/noticias\/#\/schema\/person\/7f4d362bf3518e76090143ae77bb49a5","name":"Eduardo Vargas","image":{"@type":"ImageObject","inLanguage":"pt-BR","@id":"https:\/\/www.suno.com.br\/noticias\/#\/schema\/person\/image\/","url":"https:\/\/secure.gravatar.com\/avatar\/dac340933427a22924c9f99d1eb2e3f2?s=96&r=g","contentUrl":"https:\/\/secure.gravatar.com\/avatar\/dac340933427a22924c9f99d1eb2e3f2?s=96&r=g","caption":"Eduardo Vargas"},"description":"Jornalista formado pela UFSC, cobre macroeconomia, neg\u00f3cios e startups para o Suno Not\u00edcias, escrevendo principalmente not\u00edcias sobre o mercado financeiro e a bolsa de valores. No YouTube e no Instagram, \u00e9 respons\u00e1vel pela produ\u00e7\u00e3o de Reels e Shorts do Suno Not\u00edcias. Anteriormente, trabalhou cobrindo economia e cotidiano no ND+ e para o ND, maior jornal impresso de Santa Catarina. Cursou um semestre letivo de Estudos de M\u00eddia na Universidad de Buenos Aires.","url":"https:\/\/www.suno.com.br\/noticias\/author\/eduardo-vargas\/"}]}},"default_loop_html":"<div class=\"cardsPage__listCard__boxs\"><div class=\"cardsPage__listCard__boxs__img\"><a href=\"https:\/\/www.suno.com.br\/noticias\/ipca-taxa-selic-projecoes-boletim-focus\/\"><img class=\"mask\" src=\"https:\/\/www.suno.com.br\/noticias\/wp-content\/themes\/suno\/resources\/images\/spotlight\/spotlight1img\/bg-mask.png\" alt=\"Image Mask\"\/><img src=\"https:\/\/files.sunoresearch.com.br\/n\/uploads\/2020\/03\/4841b894-economia-400x200.webp\" alt=\"IPCA ainda maior em 2023: Veja novas proje\u00e7\u00f5es do Boletim Focus\"\/><\/a><span class=\"spotlightCategory\"><a href=\"https:\/\/www.suno.com.br\/noticias\/economia\/\">Economia<\/a><\/span><\/div><div class=\"cardsPage__listCard__boxs__content\"><a href=\"https:\/\/www.suno.com.br\/noticias\/ipca-taxa-selic-projecoes-boletim-focus\/\"><h2 class=\"content__title\">IPCA ainda maior em 2023: Veja novas proje\u00e7\u00f5es do Boletim Focus<\/h2><\/a><div class=\"newsContent__article__meta\"><div class=\"newsContent__article__meta__authorBox\"><a href=\"https:\/\/www.suno.com.br\/noticias\/author\/marco-lopes\/\" class=\"authorBox__avatar noMobi\"><img src=\"https:\/\/secure.gravatar.com\/avatar\/385167b012fbc1cde32c5446ee253313?s=96&#038;r=g\" alt=\"Marco Ant\u00f4nio Lopes\"><\/a><div class=\"authorBox__name\"><span>por\n\t\t\t<a href=\"https:\/\/www.suno.com.br\/noticias\/author\/marco-lopes\/\"><span itemprop=\"author\">Marco Ant\u00f4nio Lopes<\/span><\/a><\/span><time datetime=\"2023-05-02T08:58:05-03:00\" itemprop=\"datePublished\">02\/05\/2023 08:58<\/time><\/div><\/div><\/div><\/div><\/div>","single_layout":"posts","amp_enabled":true,"_links":{"self":[{"href":"https:\/\/www.suno.com.br\/noticias\/wp-json\/wp\/v2\/posts\/397611"}],"collection":[{"href":"https:\/\/www.suno.com.br\/noticias\/wp-json\/wp\/v2\/posts"}],"about":[{"href":"https:\/\/www.suno.com.br\/noticias\/wp-json\/wp\/v2\/types\/post"}],"author":[{"embeddable":true,"href":"https:\/\/www.suno.com.br\/noticias\/wp-json\/wp\/v2\/users\/73"}],"replies":[{"embeddable":true,"href":"https:\/\/www.suno.com.br\/noticias\/wp-json\/wp\/v2\/comments?post=397611"}],"version-history":[{"count":4,"href":"https:\/\/www.suno.com.br\/noticias\/wp-json\/wp\/v2\/posts\/397611\/revisions"}],"predecessor-version":[{"id":397696,"href":"https:\/\/www.suno.com.br\/noticias\/wp-json\/wp\/v2\/posts\/397611\/revisions\/397696"}],"wp:featuredmedia":[{"embeddable":true,"href":"https:\/\/www.suno.com.br\/noticias\/wp-json\/wp\/v2\/media\/54595"}],"wp:attachment":[{"href":"https:\/\/www.suno.com.br\/noticias\/wp-json\/wp\/v2\/media?parent=397611"}],"wp:term":[{"taxonomy":"category","embeddable":true,"href":"https:\/\/www.suno.com.br\/noticias\/wp-json\/wp\/v2\/categories?post=397611"},{"taxonomy":"post_tag","embeddable":true,"href":"https:\/\/www.suno.com.br\/noticias\/wp-json\/wp\/v2\/tags?post=397611"},{"taxonomy":"suno_strategy","embeddable":true,"href":"https:\/\/www.suno.com.br\/noticias\/wp-json\/wp\/v2\/suno_strategy?post=397611"}],"curies":[{"name":"wp","href":"https:\/\/api.w.org\/{rel}","templated":true}]}}