{"id":397183,"date":"2023-04-29T14:39:42","date_gmt":"2023-04-29T17:39:42","guid":{"rendered":"https:\/\/www.suno.com.br\/noticias\/?p=397183"},"modified":"2023-04-29T14:50:47","modified_gmt":"2023-04-29T17:50:47","slug":"americanas-amer3-acionistas-revoltados-lemann-atitude-as-pressas","status":"publish","type":"post","link":"https:\/\/www.suno.com.br\/noticias\/americanas-amer3-acionistas-revoltados-lemann-atitude-as-pressas\/","title":{"rendered":"Americanas (AMER3): Lemann toma atitude \u00e0s pressas e assembleia termina sob protestos"},"content":{"rendered":"<p>A primeira assembleia da <strong>Americanas<\/strong> (<a href=\"https:\/\/suno.com.br\/acoes\/amer3\/\" target=\"_blank\" rel=\"noreferrer noopener\">AMER3<\/a>) ap\u00f3s a explos\u00e3o da crise cont\u00e1bil terminou sob protestos dos acionistas minorit\u00e1rios. De acordo com as informa\u00e7\u00f5es divulgadas neste s\u00e1bado (29) pelo Valor Econ\u00f4mico, os acionistas de refer\u00eancia <a class=\"suno-keyword\" data-force=\"no\" data-priority=\"2\" href=\"https:\/\/www.suno.com.br\/tudo-sobre\/jorge-paulo-lemann\/\" target=\"_blank\" rel=\"noopener\">Jorge Paulo Lemann<\/a>, Marcel Telles e Beto Sicupira tomaram uma atitude \u00e0s pressas, o que desagradou os demais investidores.<\/p>\t<div class=\"wrapper-featured-image\">\n\t\t<figure class=\"spotlightImg\">\n\n\t\t\t<picture>\n\t\t\t\t<source media=\"(max-width: 768px)\" srcset=\"https:\/\/files.sunoresearch.com.br\/n\/uploads\/2023\/03\/americanas-amer3-jorge-paulo-lemann-guerra-bancos-foto-cnnbrasil-400x200.jpg\">\n\t\t\t\t<img loading=\"lazy\" decoding=\"async\" class=\"newsContent__article__imgCapa lazyloadDisabled \" src=\"https:\/\/files.sunoresearch.com.br\/n\/uploads\/2023\/03\/americanas-amer3-jorge-paulo-lemann-guerra-bancos-foto-cnnbrasil-800x450.jpg\" width=\"800\" height=\"450\" alt=\"Americanas (AMER3): Lemann toma atitude \u00e0s pressas e assembleia termina sob protestos\" fetchpriority=high \/>\n\t\t\t<\/picture>\n\n\t\t\t<figcaption class=\"wp-caption-text wp-caption-text--show\">Jorge Paulo Lemann. Foto: CNN Brasil<\/figcaption>\n\t\t<\/figure>\n\t<\/div>\n\n\n\n\n\n\t<p>\n\t\t<a href=\"\" target=\"_blank\" data-element=\"shortcode-suno-banner\" title=\"Banner SUNO, clique e saiba mais\">\n\t\t\t<picture>\n\t\t\t\t<source media=\"(max-width: 500px)\" srcset=\"\">\n\t\t\t\t<img class=\"newsContent__article__imgCapa newsContent__article__imgCapa--banner\"\n\t\t\t\t\tsrc=\"\"\n\t\t\t\t\tdata-promo-id=\"265277\"\t\t\t\t\t\t\t\t\t\t\t\t\t\t\talt=\"\"\n\t\t\t\t>\n\t\t\t<\/picture>\n\t\t<\/a>\n\t<\/p>\n\n\n\n\n\n<p>Segundo a reportagem, o <strong>trio de investidores<\/strong> imp\u00f4s um outro nome de \u00faltima hora para o <a class=\"suno-keyword\" target=\"_blank\" data-force=\"no\" data-priority=\"1\" href=\"https:\/\/www.suno.com.br\/artigos\/conselho-fiscal\/\" rel=\"noopener\">conselho fiscal<\/a>, sendo que o candidato defendido pelos minorit\u00e1rios era o do advogado Luiz Nelson Porto Ara\u00fajo, que foi voto vencido.<\/p>\n\n\n\n<p>&#8220;Eles engoliram a nossa indica\u00e7\u00e3o para o <a class=\"suno-keyword\" target=\"_blank\" data-force=\"no\" data-priority=\"1\" href=\"https:\/\/www.suno.com.br\/artigos\/conselho-administracao\/\" rel=\"noopener\">conselho de administra\u00e7\u00e3o<\/a>, mas chegaram com uma indica\u00e7\u00e3o de \u00faltima para o conselho fiscal. Eles suspenderam a assembleia por tr\u00eas vezes, n\u00e3o quiseram engolir a nossa indica\u00e7\u00e3o para o conselho fiscal&#8221;, afirmou o empres\u00e1rio Silvio Tini de Ara\u00fajo, acionista minorit\u00e1rio da Americanas e de outras empresas como <a class=\"suno-keyword\" target=\"_blank\" data-force=\"yes\" data-priority=\"2\" href=\"https:\/\/www.suno.com.br\/acoes\/ALPA4\/\" rel=\"noopener\">Alpargatas (ALPA4)<\/a> e <a class=\"suno-keyword\" target=\"_blank\" data-force=\"yes\" data-priority=\"2\" href=\"https:\/\/www.suno.com.br\/acoes\/GGBR4\/\" rel=\"noopener\">Gerdau (GGBR4)<\/a>.<\/p>\n\n\n\n<blockquote class=\"wp-block-quote is-layout-flow wp-block-quote-is-layout-flow\">\n<p>Eles nos colocaram no buraco. Agora eles que nos tirem do buraco.<\/p>\n<\/blockquote>\n\n\n\n<p>Segundo a reportagem, o encontro come\u00e7ou calmo, mas terminou sob protestos e com a reuni\u00e3o suspensa. Ao longo da assembleia, os detentores de <strong>a\u00e7\u00f5es da Americanas<\/strong> aprovaram a retifica\u00e7\u00e3o do plano de recupera\u00e7\u00e3o judicial e recusaram a eleva\u00e7\u00e3o do n\u00famero de membros do conselho de sete para oito.<\/p>\n\n\n\t<p>\n\t\t<a href=\"https:\/\/lp.suno.com.br\/suno-one\/?utm_campaign=_SNC6964518A_\" target=\"_blank\" data-element=\"shortcode-suno-banner\" title=\"Banner SUNO, clique e saiba mais\">\n\t\t\t<picture>\n\t\t\t\t<source media=\"(max-width: 500px)\" srcset=\"https:\/\/files.sunoresearch.com.br\/n\/uploads\/2025\/09\/400x300-Suno-One-png.webp\">\n\t\t\t\t<img class=\"newsContent__article__imgCapa newsContent__article__imgCapa--banner\"\n\t\t\t\t\tsrc=\"https:\/\/files.sunoresearch.com.br\/n\/uploads\/2025\/09\/1420x240-Suno-One-png.webp\"\n\t\t\t\t\tdata-promo-id=\"383121\"\t\t\t\t\t\t\t\t\t\twidth='1420' height='240'\t\t\t\t\talt=\"https:\/\/files.sunoresearch.com.br\/n\/uploads\/2025\/09\/1420x240-Suno-One-png.webp\"\n\t\t\t\t>\n\t\t\t<\/picture>\n\t\t<\/a>\n\t<\/p>\n\n\n\n\n\n<h2 class=\"wp-block-heading\">Americanas: O que estava na pauta da reuni\u00e3o?<\/h2>\n\n\n\n<p>Na pauta da <strong>assembleia da Americanas<\/strong>, estavam os seguintes temas: <\/p>\n\n\n\n<ul class=\"wp-block-list\">\n<li>Aprova\u00e7\u00e3o das contas dos administradores;<\/li>\n\n\n\n<li>Conselho de Administra\u00e7\u00e3o e do Conselho Fiscal: defini\u00e7\u00e3o dos membros e remunera\u00e7\u00f5es;<\/li>\n\n\n\n<li>Desdobramentos referentes ao pedido de recupera\u00e7\u00e3o judicial;<\/li>\n<\/ul>\n\n\n\n<p>A varejista est\u00e1 em&nbsp;<a href=\"https:\/\/www.suno.com.br\/artigos\/recuperacao-judicial\/\" target=\"_blank\" rel=\"noreferrer noopener\">recupera\u00e7\u00e3o judicial<\/a>&nbsp;com d\u00e9bitos que ultrapassam a casa dos R$ 40 bilh\u00f5es. A&nbsp;<strong>crise cont\u00e1bil na Americanas<\/strong>&nbsp;explodiu no come\u00e7o do ano, quando S\u00e9rgio Rial, ent\u00e3o CEO da varejista, revelou ter encontrado inconsist\u00eancias cont\u00e1beis de R$ 20 bilh\u00f5es.<\/p>\n\n\n\n<p>Em uma audi\u00eancia no Senado Federal no m\u00eas passado, o atual CEO da varejista, Leonardo Coelho Pereira, disse que o plano de&nbsp;<strong>recupera\u00e7\u00e3o judicial da Americanas<\/strong>&nbsp;\u00e9 \u201cmuito melhor\u201d que o de outras empresas do varejo que j\u00e1 passaram por situa\u00e7\u00e3o parecida.<\/p>\n\n\n\n<p>\u201cMencionei que o plano da\u00a0<strong>Americanas<\/strong>\u00a0\u00e9 melhor que o da m\u00e9dia do varejo, e a raz\u00e3o para isso \u00e9 que ele partiu, logo do come\u00e7o, com uma estrutura de liquidez de mais ou menos R$ 1 bilh\u00e3o, com mais duas poss\u00edveis transfer\u00eancias de R$ 500 milh\u00f5es, que tem ajudado a Americanas a passar por essa fase mais cr\u00edtica\u201d, detalhou Pereira em alus\u00e3o ao empr\u00e9stimo DIP feito pelos acionistas de refer\u00eancia.<\/p>\n\n\n\t<p>\n\t\t<a href=\"https:\/\/lp.suno.com.br\/ebook-como-analisar-uma-acao\/\" target=\"_blank\" data-element=\"shortcode-suno-banner\" title=\"Banner SUNO, clique e saiba mais\">\n\t\t\t<picture>\n\t\t\t\t<source media=\"(max-width: 500px)\" srcset=\"https:\/\/files.sunoresearch.com.br\/n\/uploads\/2023\/03\/Ebook-Acoes-Mobile-1.jpg\">\n\t\t\t\t<img class=\"newsContent__article__imgCapa newsContent__article__imgCapa--banner\"\n\t\t\t\t\tsrc=\"https:\/\/files.sunoresearch.com.br\/n\/uploads\/2023\/03\/Ebook-Acoes-Desktop-1.jpg\"\n\t\t\t\t\tdata-promo-id=\"171998\"\t\t\t\t\t\t\t\t\t\twidth='1420' height='286'\t\t\t\t\talt=\"https:\/\/files.sunoresearch.com.br\/n\/uploads\/2023\/03\/Ebook-Acoes-Desktop-1.jpg\"\n\t\t\t\t>\n\t\t\t<\/picture>\n\t\t<\/a>\n\t<\/p>\n\n\n","protected":false},"excerpt":{"rendered":"<p>A primeira assembleia da Americanas (AMER3) ap\u00f3s a explos\u00e3o da crise cont\u00e1bil terminou sob protestos dos acionistas minorit\u00e1rios. De acordo com as informa\u00e7\u00f5es divulgadas neste s\u00e1bado (29) pelo Valor Econ\u00f4mico, os acionistas de refer\u00eancia Jorge Paulo Lemann, Marcel Telles e Beto Sicupira tomaram uma atitude \u00e0s pressas, o que desagradou os demais investidores. Jorge Paulo [&hellip;]<\/p>\n","protected":false},"author":232,"featured_media":382776,"comment_status":"closed","ping_status":"closed","sticky":false,"template":"","format":"standard","meta":[],"categories":[60],"tags":[106605,1550],"suno_strategy":[],"class_list":["post-397183","post","type-post","status-publish","format-standard","has-post-thumbnail","hentry","category-mercado","tag-americanas-s-a-amer3","tag-jorge-paulo-lemann"],"yoast_head":"<!-- This site is optimized with the Yoast SEO plugin v24.4 - https:\/\/yoast.com\/wordpress\/plugins\/seo\/ -->\n<title>Americanas (AMER3): Lemann toma atitude \u00e0s pressas e revolta acionistas<\/title>\n<meta name=\"description\" content=\"A primeira assembleia da Americanas (AMER3) ap\u00f3s a explos\u00e3o da crise cont\u00e1bil terminou sob protestos dos acionistas minorit\u00e1rios. Veja!\" \/>\n<meta name=\"robots\" content=\"index, follow, max-snippet:-1, max-image-preview:large, max-video-preview:-1\" \/>\n<link rel=\"canonical\" href=\"https:\/\/www.suno.com.br\/noticias\/americanas-amer3-acionistas-revoltados-lemann-atitude-as-pressas\/\" \/>\n<meta property=\"og:locale\" content=\"pt_BR\" \/>\n<meta property=\"og:type\" content=\"article\" \/>\n<meta property=\"og:title\" content=\"Americanas (AMER3): Lemann toma atitude \u00e0s pressas e revolta acionistas\" \/>\n<meta property=\"og:description\" content=\"A primeira assembleia da Americanas (AMER3) ap\u00f3s a explos\u00e3o da crise cont\u00e1bil terminou sob protestos dos acionistas minorit\u00e1rios. Veja!\" \/>\n<meta property=\"og:url\" content=\"https:\/\/www.suno.com.br\/noticias\/americanas-amer3-acionistas-revoltados-lemann-atitude-as-pressas\/\" \/>\n<meta property=\"og:site_name\" content=\"Suno Not\u00edcias\" \/>\n<meta property=\"article:publisher\" content=\"https:\/\/facebook.com\/sunoresearch\" \/>\n<meta property=\"og:image\" content=\"https:\/\/files.sunoresearch.com.br\/n\/uploads\/2023\/03\/americanas-amer3-jorge-paulo-lemann-guerra-bancos-foto-cnnbrasil.jpg\" \/>\n\t<meta property=\"og:image:width\" content=\"1200\" \/>\n\t<meta property=\"og:image:height\" content=\"675\" \/>\n\t<meta property=\"og:image:type\" content=\"image\/jpeg\" \/>\n<meta name=\"author\" content=\"Erick Matheus Nery\" \/>\n<meta name=\"twitter:card\" content=\"summary_large_image\" \/>\n<meta name=\"twitter:creator\" content=\"@sunoresearch\" \/>\n<meta name=\"twitter:site\" content=\"@sunoresearch\" \/>\n<meta name=\"twitter:label1\" content=\"Escrito por\" \/>\n\t<meta name=\"twitter:data1\" content=\"Erick Matheus Nery\" \/>\n\t<meta name=\"twitter:label2\" content=\"Est. tempo de leitura\" \/>\n\t<meta name=\"twitter:data2\" content=\"3 minutos\" \/>\n<script type=\"application\/ld+json\" class=\"yoast-schema-graph\">{\"@context\":\"https:\/\/schema.org\",\"@graph\":[{\"@type\":\"NewsArticle\",\"@id\":\"https:\/\/www.suno.com.br\/noticias\/americanas-amer3-acionistas-revoltados-lemann-atitude-as-pressas\/#article\",\"isPartOf\":{\"@id\":\"https:\/\/www.suno.com.br\/noticias\/americanas-amer3-acionistas-revoltados-lemann-atitude-as-pressas\/\"},\"author\":{\"name\":\"Erick Matheus Nery\",\"@id\":\"https:\/\/www.suno.com.br\/noticias\/#\/schema\/person\/6899bc3f19d1a7315f807131c2c013a0\"},\"headline\":\"Americanas (AMER3): Lemann toma atitude \u00e0s pressas e assembleia termina sob protestos\",\"datePublished\":\"2023-04-29T17:39:42+00:00\",\"dateModified\":\"2023-04-29T17:50:47+00:00\",\"mainEntityOfPage\":{\"@id\":\"https:\/\/www.suno.com.br\/noticias\/americanas-amer3-acionistas-revoltados-lemann-atitude-as-pressas\/\"},\"wordCount\":483,\"publisher\":{\"@id\":\"https:\/\/www.suno.com.br\/noticias\/#organization\"},\"image\":{\"@id\":\"https:\/\/www.suno.com.br\/noticias\/americanas-amer3-acionistas-revoltados-lemann-atitude-as-pressas\/#primaryimage\"},\"thumbnailUrl\":\"https:\/\/files.sunoresearch.com.br\/n\/uploads\/2023\/03\/americanas-amer3-jorge-paulo-lemann-guerra-bancos-foto-cnnbrasil.jpg\",\"keywords\":[\"Americanas (AMER3)\",\"Jorge Paulo Lemann\"],\"articleSection\":[\"Mercado\"],\"inLanguage\":\"pt-BR\"},{\"@type\":\"WebPage\",\"@id\":\"https:\/\/www.suno.com.br\/noticias\/americanas-amer3-acionistas-revoltados-lemann-atitude-as-pressas\/\",\"url\":\"https:\/\/www.suno.com.br\/noticias\/americanas-amer3-acionistas-revoltados-lemann-atitude-as-pressas\/\",\"name\":\"Americanas (AMER3): Lemann toma atitude \u00e0s pressas e revolta acionistas\",\"isPartOf\":{\"@id\":\"https:\/\/www.suno.com.br\/noticias\/#website\"},\"primaryImageOfPage\":{\"@id\":\"https:\/\/www.suno.com.br\/noticias\/americanas-amer3-acionistas-revoltados-lemann-atitude-as-pressas\/#primaryimage\"},\"image\":{\"@id\":\"https:\/\/www.suno.com.br\/noticias\/americanas-amer3-acionistas-revoltados-lemann-atitude-as-pressas\/#primaryimage\"},\"thumbnailUrl\":\"https:\/\/files.sunoresearch.com.br\/n\/uploads\/2023\/03\/americanas-amer3-jorge-paulo-lemann-guerra-bancos-foto-cnnbrasil.jpg\",\"datePublished\":\"2023-04-29T17:39:42+00:00\",\"dateModified\":\"2023-04-29T17:50:47+00:00\",\"description\":\"A primeira assembleia da Americanas (AMER3) ap\u00f3s a explos\u00e3o da crise cont\u00e1bil terminou sob protestos dos acionistas minorit\u00e1rios. Veja!\",\"breadcrumb\":{\"@id\":\"https:\/\/www.suno.com.br\/noticias\/americanas-amer3-acionistas-revoltados-lemann-atitude-as-pressas\/#breadcrumb\"},\"inLanguage\":\"pt-BR\",\"potentialAction\":[{\"@type\":\"ReadAction\",\"target\":[\"https:\/\/www.suno.com.br\/noticias\/americanas-amer3-acionistas-revoltados-lemann-atitude-as-pressas\/\"]}]},{\"@type\":\"ImageObject\",\"inLanguage\":\"pt-BR\",\"@id\":\"https:\/\/www.suno.com.br\/noticias\/americanas-amer3-acionistas-revoltados-lemann-atitude-as-pressas\/#primaryimage\",\"url\":\"https:\/\/files.sunoresearch.com.br\/n\/uploads\/2023\/03\/americanas-amer3-jorge-paulo-lemann-guerra-bancos-foto-cnnbrasil.jpg\",\"contentUrl\":\"https:\/\/files.sunoresearch.com.br\/n\/uploads\/2023\/03\/americanas-amer3-jorge-paulo-lemann-guerra-bancos-foto-cnnbrasil.jpg\",\"width\":1200,\"height\":675,\"caption\":\"Jorge Paulo Lemann. Foto: CNN Brasil\"},{\"@type\":\"BreadcrumbList\",\"@id\":\"https:\/\/www.suno.com.br\/noticias\/americanas-amer3-acionistas-revoltados-lemann-atitude-as-pressas\/#breadcrumb\",\"itemListElement\":[{\"@type\":\"ListItem\",\"position\":1,\"name\":\"Not\u00edcias\",\"item\":\"https:\/\/www.suno.com.br\/noticias\/\"},{\"@type\":\"ListItem\",\"position\":2,\"name\":\"Mercado\",\"item\":\"https:\/\/www.suno.com.br\/noticias\/mercado\/\"},{\"@type\":\"ListItem\",\"position\":3,\"name\":\"Americanas (AMER3): Lemann toma atitude \u00e0s pressas e assembleia termina sob protestos\"}]},{\"@type\":\"WebSite\",\"@id\":\"https:\/\/www.suno.com.br\/noticias\/#website\",\"url\":\"https:\/\/www.suno.com.br\/noticias\/\",\"name\":\"Suno Not\u00edcias\",\"description\":\"Seu portal de informa\u00e7\u00e3o sobre o mundo dos investimentos\",\"publisher\":{\"@id\":\"https:\/\/www.suno.com.br\/noticias\/#organization\"},\"potentialAction\":[{\"@type\":\"SearchAction\",\"target\":{\"@type\":\"EntryPoint\",\"urlTemplate\":\"https:\/\/www.suno.com.br\/noticias\/?s={search_term_string}\"},\"query-input\":{\"@type\":\"PropertyValueSpecification\",\"valueRequired\":true,\"valueName\":\"search_term_string\"}}],\"inLanguage\":\"pt-BR\"},{\"@type\":\"Organization\",\"@id\":\"https:\/\/www.suno.com.br\/noticias\/#organization\",\"name\":\"Suno Not\u00edcias\",\"url\":\"https:\/\/www.suno.com.br\/noticias\/\",\"logo\":{\"@type\":\"ImageObject\",\"inLanguage\":\"pt-BR\",\"@id\":\"https:\/\/www.suno.com.br\/noticias\/#\/schema\/logo\/image\/\",\"url\":\"https:\/\/files.sunoresearch.com.br\/n\/uploads\/2021\/09\/suno-logo.png\",\"contentUrl\":\"https:\/\/files.sunoresearch.com.br\/n\/uploads\/2021\/09\/suno-logo.png\",\"width\":180,\"height\":180,\"caption\":\"Suno Not\u00edcias\"},\"image\":{\"@id\":\"https:\/\/www.suno.com.br\/noticias\/#\/schema\/logo\/image\/\"},\"sameAs\":[\"https:\/\/facebook.com\/sunoresearch\",\"https:\/\/x.com\/sunoresearch\",\"https:\/\/www.instagram.com\/suno\",\"https:\/\/www.linkedin.com\/company\/suno-research\/\",\"https:\/\/www.youtube.com\/c\/sunoresearch\"]},{\"@type\":\"Person\",\"@id\":\"https:\/\/www.suno.com.br\/noticias\/#\/schema\/person\/6899bc3f19d1a7315f807131c2c013a0\",\"name\":\"Erick Matheus Nery\",\"image\":{\"@type\":\"ImageObject\",\"inLanguage\":\"pt-BR\",\"@id\":\"https:\/\/www.suno.com.br\/noticias\/#\/schema\/person\/image\/\",\"url\":\"https:\/\/secure.gravatar.com\/avatar\/518ddffe438ccb767782d372a66304d2?s=96&r=g\",\"contentUrl\":\"https:\/\/secure.gravatar.com\/avatar\/518ddffe438ccb767782d372a66304d2?s=96&r=g\",\"caption\":\"Erick Matheus Nery\"},\"description\":\"Formado em Jornalismo pela Universidade Federal do Par\u00e1 (UFPA), conta com extens\u00e3o em Jornalismo Econ\u00f4mico pela Funda\u00e7\u00e3o Get\u00falio Vargas (FGV). No Suno Not\u00edcias, atua como rep\u00f3rter de Mercado, com foco nos setores de telecomunica\u00e7\u00f5es, varejo, alimentos e renda fixa. Conta com passagens pelo jornal O Estado de S\u00e3o Paulo, como trainee de Jornalismo Econ\u00f4mico, e pelo site Not\u00edcias da TV.\",\"url\":\"https:\/\/www.suno.com.br\/noticias\/author\/erick-nery\/\"}]}<\/script>\n<!-- \/ Yoast SEO plugin. -->","yoast_head_json":{"title":"Americanas (AMER3): Lemann toma atitude \u00e0s pressas e revolta acionistas","description":"A primeira assembleia da Americanas (AMER3) ap\u00f3s a explos\u00e3o da crise cont\u00e1bil terminou sob protestos dos acionistas minorit\u00e1rios. Veja!","robots":{"index":"index","follow":"follow","max-snippet":"max-snippet:-1","max-image-preview":"max-image-preview:large","max-video-preview":"max-video-preview:-1"},"canonical":"https:\/\/www.suno.com.br\/noticias\/americanas-amer3-acionistas-revoltados-lemann-atitude-as-pressas\/","og_locale":"pt_BR","og_type":"article","og_title":"Americanas (AMER3): Lemann toma atitude \u00e0s pressas e revolta acionistas","og_description":"A primeira assembleia da Americanas (AMER3) ap\u00f3s a explos\u00e3o da crise cont\u00e1bil terminou sob protestos dos acionistas minorit\u00e1rios. Veja!","og_url":"https:\/\/www.suno.com.br\/noticias\/americanas-amer3-acionistas-revoltados-lemann-atitude-as-pressas\/","og_site_name":"Suno Not\u00edcias","article_publisher":"https:\/\/facebook.com\/sunoresearch","og_image":[{"width":1200,"height":675,"url":"https:\/\/files.sunoresearch.com.br\/n\/uploads\/2023\/03\/americanas-amer3-jorge-paulo-lemann-guerra-bancos-foto-cnnbrasil.jpg","type":"image\/jpeg"}],"author":"Erick Matheus Nery","twitter_card":"summary_large_image","twitter_creator":"@sunoresearch","twitter_site":"@sunoresearch","twitter_misc":{"Escrito por":"Erick Matheus Nery","Est. tempo de leitura":"3 minutos"},"schema":{"@context":"https:\/\/schema.org","@graph":[{"@type":"NewsArticle","@id":"https:\/\/www.suno.com.br\/noticias\/americanas-amer3-acionistas-revoltados-lemann-atitude-as-pressas\/#article","isPartOf":{"@id":"https:\/\/www.suno.com.br\/noticias\/americanas-amer3-acionistas-revoltados-lemann-atitude-as-pressas\/"},"author":{"name":"Erick Matheus Nery","@id":"https:\/\/www.suno.com.br\/noticias\/#\/schema\/person\/6899bc3f19d1a7315f807131c2c013a0"},"headline":"Americanas (AMER3): Lemann toma atitude \u00e0s pressas e assembleia termina sob protestos","datePublished":"2023-04-29T17:39:42+00:00","dateModified":"2023-04-29T17:50:47+00:00","mainEntityOfPage":{"@id":"https:\/\/www.suno.com.br\/noticias\/americanas-amer3-acionistas-revoltados-lemann-atitude-as-pressas\/"},"wordCount":483,"publisher":{"@id":"https:\/\/www.suno.com.br\/noticias\/#organization"},"image":{"@id":"https:\/\/www.suno.com.br\/noticias\/americanas-amer3-acionistas-revoltados-lemann-atitude-as-pressas\/#primaryimage"},"thumbnailUrl":"https:\/\/files.sunoresearch.com.br\/n\/uploads\/2023\/03\/americanas-amer3-jorge-paulo-lemann-guerra-bancos-foto-cnnbrasil.jpg","keywords":["Americanas (AMER3)","Jorge Paulo Lemann"],"articleSection":["Mercado"],"inLanguage":"pt-BR"},{"@type":"WebPage","@id":"https:\/\/www.suno.com.br\/noticias\/americanas-amer3-acionistas-revoltados-lemann-atitude-as-pressas\/","url":"https:\/\/www.suno.com.br\/noticias\/americanas-amer3-acionistas-revoltados-lemann-atitude-as-pressas\/","name":"Americanas (AMER3): Lemann toma atitude \u00e0s pressas e revolta acionistas","isPartOf":{"@id":"https:\/\/www.suno.com.br\/noticias\/#website"},"primaryImageOfPage":{"@id":"https:\/\/www.suno.com.br\/noticias\/americanas-amer3-acionistas-revoltados-lemann-atitude-as-pressas\/#primaryimage"},"image":{"@id":"https:\/\/www.suno.com.br\/noticias\/americanas-amer3-acionistas-revoltados-lemann-atitude-as-pressas\/#primaryimage"},"thumbnailUrl":"https:\/\/files.sunoresearch.com.br\/n\/uploads\/2023\/03\/americanas-amer3-jorge-paulo-lemann-guerra-bancos-foto-cnnbrasil.jpg","datePublished":"2023-04-29T17:39:42+00:00","dateModified":"2023-04-29T17:50:47+00:00","description":"A primeira assembleia da Americanas (AMER3) ap\u00f3s a explos\u00e3o da crise cont\u00e1bil terminou sob protestos dos acionistas minorit\u00e1rios. Veja!","breadcrumb":{"@id":"https:\/\/www.suno.com.br\/noticias\/americanas-amer3-acionistas-revoltados-lemann-atitude-as-pressas\/#breadcrumb"},"inLanguage":"pt-BR","potentialAction":[{"@type":"ReadAction","target":["https:\/\/www.suno.com.br\/noticias\/americanas-amer3-acionistas-revoltados-lemann-atitude-as-pressas\/"]}]},{"@type":"ImageObject","inLanguage":"pt-BR","@id":"https:\/\/www.suno.com.br\/noticias\/americanas-amer3-acionistas-revoltados-lemann-atitude-as-pressas\/#primaryimage","url":"https:\/\/files.sunoresearch.com.br\/n\/uploads\/2023\/03\/americanas-amer3-jorge-paulo-lemann-guerra-bancos-foto-cnnbrasil.jpg","contentUrl":"https:\/\/files.sunoresearch.com.br\/n\/uploads\/2023\/03\/americanas-amer3-jorge-paulo-lemann-guerra-bancos-foto-cnnbrasil.jpg","width":1200,"height":675,"caption":"Jorge Paulo Lemann. Foto: CNN Brasil"},{"@type":"BreadcrumbList","@id":"https:\/\/www.suno.com.br\/noticias\/americanas-amer3-acionistas-revoltados-lemann-atitude-as-pressas\/#breadcrumb","itemListElement":[{"@type":"ListItem","position":1,"name":"Not\u00edcias","item":"https:\/\/www.suno.com.br\/noticias\/"},{"@type":"ListItem","position":2,"name":"Mercado","item":"https:\/\/www.suno.com.br\/noticias\/mercado\/"},{"@type":"ListItem","position":3,"name":"Americanas (AMER3): Lemann toma atitude \u00e0s pressas e assembleia termina sob protestos"}]},{"@type":"WebSite","@id":"https:\/\/www.suno.com.br\/noticias\/#website","url":"https:\/\/www.suno.com.br\/noticias\/","name":"Suno Not\u00edcias","description":"Seu portal de informa\u00e7\u00e3o sobre o mundo dos investimentos","publisher":{"@id":"https:\/\/www.suno.com.br\/noticias\/#organization"},"potentialAction":[{"@type":"SearchAction","target":{"@type":"EntryPoint","urlTemplate":"https:\/\/www.suno.com.br\/noticias\/?s={search_term_string}"},"query-input":{"@type":"PropertyValueSpecification","valueRequired":true,"valueName":"search_term_string"}}],"inLanguage":"pt-BR"},{"@type":"Organization","@id":"https:\/\/www.suno.com.br\/noticias\/#organization","name":"Suno Not\u00edcias","url":"https:\/\/www.suno.com.br\/noticias\/","logo":{"@type":"ImageObject","inLanguage":"pt-BR","@id":"https:\/\/www.suno.com.br\/noticias\/#\/schema\/logo\/image\/","url":"https:\/\/files.sunoresearch.com.br\/n\/uploads\/2021\/09\/suno-logo.png","contentUrl":"https:\/\/files.sunoresearch.com.br\/n\/uploads\/2021\/09\/suno-logo.png","width":180,"height":180,"caption":"Suno Not\u00edcias"},"image":{"@id":"https:\/\/www.suno.com.br\/noticias\/#\/schema\/logo\/image\/"},"sameAs":["https:\/\/facebook.com\/sunoresearch","https:\/\/x.com\/sunoresearch","https:\/\/www.instagram.com\/suno","https:\/\/www.linkedin.com\/company\/suno-research\/","https:\/\/www.youtube.com\/c\/sunoresearch"]},{"@type":"Person","@id":"https:\/\/www.suno.com.br\/noticias\/#\/schema\/person\/6899bc3f19d1a7315f807131c2c013a0","name":"Erick Matheus Nery","image":{"@type":"ImageObject","inLanguage":"pt-BR","@id":"https:\/\/www.suno.com.br\/noticias\/#\/schema\/person\/image\/","url":"https:\/\/secure.gravatar.com\/avatar\/518ddffe438ccb767782d372a66304d2?s=96&r=g","contentUrl":"https:\/\/secure.gravatar.com\/avatar\/518ddffe438ccb767782d372a66304d2?s=96&r=g","caption":"Erick Matheus Nery"},"description":"Formado em Jornalismo pela Universidade Federal do Par\u00e1 (UFPA), conta com extens\u00e3o em Jornalismo Econ\u00f4mico pela Funda\u00e7\u00e3o Get\u00falio Vargas (FGV). No Suno Not\u00edcias, atua como rep\u00f3rter de Mercado, com foco nos setores de telecomunica\u00e7\u00f5es, varejo, alimentos e renda fixa. Conta com passagens pelo jornal O Estado de S\u00e3o Paulo, como trainee de Jornalismo Econ\u00f4mico, e pelo site Not\u00edcias da TV.","url":"https:\/\/www.suno.com.br\/noticias\/author\/erick-nery\/"}]}},"default_loop_html":"<div class=\"cardsPage__listCard__boxs\"><div class=\"cardsPage__listCard__boxs__img\"><a href=\"https:\/\/www.suno.com.br\/noticias\/americanas-amer3-acionistas-revoltados-lemann-atitude-as-pressas\/\"><img class=\"mask\" src=\"https:\/\/www.suno.com.br\/noticias\/wp-content\/themes\/suno\/resources\/images\/spotlight\/spotlight1img\/bg-mask.png\" alt=\"Image Mask\"\/><img src=\"https:\/\/files.sunoresearch.com.br\/n\/uploads\/2023\/03\/americanas-amer3-jorge-paulo-lemann-guerra-bancos-foto-cnnbrasil-400x200.jpg\" alt=\"Americanas (AMER3): Lemann toma atitude \u00e0s pressas e assembleia termina sob protestos\"\/><\/a><span class=\"spotlightCategory\"><a href=\"https:\/\/www.suno.com.br\/noticias\/mercado\/\">Mercado<\/a><\/span><\/div><div class=\"cardsPage__listCard__boxs__content\"><a href=\"https:\/\/www.suno.com.br\/noticias\/americanas-amer3-acionistas-revoltados-lemann-atitude-as-pressas\/\"><h2 class=\"content__title\">Americanas (AMER3): Lemann toma atitude \u00e0s pressas e assembleia termina sob protestos<\/h2><\/a><div class=\"newsContent__article__meta\"><div class=\"newsContent__article__meta__authorBox\"><a href=\"https:\/\/www.suno.com.br\/noticias\/author\/erick-nery\/\" class=\"authorBox__avatar noMobi\"><img src=\"https:\/\/secure.gravatar.com\/avatar\/518ddffe438ccb767782d372a66304d2?s=96&#038;r=g\" alt=\"Erick Matheus Nery\"><\/a><div class=\"authorBox__name\"><span>por\n\t\t\t<a href=\"https:\/\/www.suno.com.br\/noticias\/author\/erick-nery\/\"><span itemprop=\"author\">Erick Matheus Nery<\/span><\/a><\/span><time datetime=\"2023-04-29T14:39:42-03:00\" itemprop=\"datePublished\">29\/04\/2023 14:39<\/time><\/div><\/div><\/div><\/div><\/div>","single_layout":"posts","amp_enabled":true,"_links":{"self":[{"href":"https:\/\/www.suno.com.br\/noticias\/wp-json\/wp\/v2\/posts\/397183"}],"collection":[{"href":"https:\/\/www.suno.com.br\/noticias\/wp-json\/wp\/v2\/posts"}],"about":[{"href":"https:\/\/www.suno.com.br\/noticias\/wp-json\/wp\/v2\/types\/post"}],"author":[{"embeddable":true,"href":"https:\/\/www.suno.com.br\/noticias\/wp-json\/wp\/v2\/users\/232"}],"replies":[{"embeddable":true,"href":"https:\/\/www.suno.com.br\/noticias\/wp-json\/wp\/v2\/comments?post=397183"}],"version-history":[{"count":3,"href":"https:\/\/www.suno.com.br\/noticias\/wp-json\/wp\/v2\/posts\/397183\/revisions"}],"predecessor-version":[{"id":397193,"href":"https:\/\/www.suno.com.br\/noticias\/wp-json\/wp\/v2\/posts\/397183\/revisions\/397193"}],"wp:featuredmedia":[{"embeddable":true,"href":"https:\/\/www.suno.com.br\/noticias\/wp-json\/wp\/v2\/media\/382776"}],"wp:attachment":[{"href":"https:\/\/www.suno.com.br\/noticias\/wp-json\/wp\/v2\/media?parent=397183"}],"wp:term":[{"taxonomy":"category","embeddable":true,"href":"https:\/\/www.suno.com.br\/noticias\/wp-json\/wp\/v2\/categories?post=397183"},{"taxonomy":"post_tag","embeddable":true,"href":"https:\/\/www.suno.com.br\/noticias\/wp-json\/wp\/v2\/tags?post=397183"},{"taxonomy":"suno_strategy","embeddable":true,"href":"https:\/\/www.suno.com.br\/noticias\/wp-json\/wp\/v2\/suno_strategy?post=397183"}],"curies":[{"name":"wp","href":"https:\/\/api.w.org\/{rel}","templated":true}]}}