{"id":397170,"date":"2023-04-29T12:40:25","date_gmt":"2023-04-29T15:40:25","guid":{"rendered":"https:\/\/www.suno.com.br\/noticias\/?p=397170"},"modified":"2023-04-29T12:40:30","modified_gmt":"2023-04-29T15:40:30","slug":"suzano-suzb3-acoes-preco-alvo-cortado-entenda","status":"publish","type":"post","link":"https:\/\/www.suno.com.br\/noticias\/suzano-suzb3-acoes-preco-alvo-cortado-entenda\/","title":{"rendered":"Suzano (SUZB3) tem pre\u00e7o-alvo cortado pelo Ita\u00fa BBA ap\u00f3s n\u00fameros do 1T23; o que aconteceu?"},"content":{"rendered":"<p>A <strong>Suzano<\/strong> (<a href=\"https:\/\/suno.com.br\/acoes\/suzb3\/\" target=\"_blank\" rel=\"noreferrer noopener\">SUZB3<\/a>) teve seu pre\u00e7o-alvo cortado pelos analistas do Ita\u00fa BBA ap\u00f3s a divulga\u00e7\u00e3o do balan\u00e7o do primeiro trimestre de 2023 (1T23), no qual o <a class=\"suno-keyword\" data-force=\"no\" data-priority=\"1\" href=\"https:\/\/www.suno.com.br\/artigos\/lucro-liquido\/\" target=\"_blank\" rel=\"noopener\">lucro l\u00edquido<\/a> da empresa desabou 49%. Por\u00e9m, os pap\u00e9is continuam com recomenda\u00e7\u00e3o <em>outperform<\/em>, equivalente \u00e0 compra, ao pre\u00e7o de R$ 51 (ante R$ 62).<\/p>\t<div class=\"wrapper-featured-image\">\n\t\t<figure class=\"spotlightImg\">\n\n\t\t\t<picture>\n\t\t\t\t<source media=\"(max-width: 768px)\" srcset=\"https:\/\/files.sunoresearch.com.br\/n\/uploads\/2021\/03\/051f07a2-suzano-400x200.webp\">\n\t\t\t\t<img loading=\"lazy\" decoding=\"async\" class=\"newsContent__article__imgCapa lazyloadDisabled \" src=\"https:\/\/files.sunoresearch.com.br\/n\/uploads\/2021\/03\/051f07a2-suzano-800x450.webp\" width=\"800\" height=\"450\" alt=\"Suzano (SUZB3) tem pre\u00e7o-alvo cortado pelo Ita\u00fa BBA ap\u00f3s n\u00fameros do 1T23; o que aconteceu?\" fetchpriority=high \/>\n\t\t\t<\/picture>\n\n\t\t\t<figcaption class=\"wp-caption-text wp-caption-text--show\">Suzano (SUZB3). Foto: Divulga\u00e7\u00e3o<\/figcaption>\n\t\t<\/figure>\n\t<\/div>\n\n\n\n\n\n\t<p>\n\t\t<a href=\"https:\/\/lp.suno.com.br\/planilha-da-vida-financeira\/\" target=\"_blank\" data-element=\"shortcode-suno-banner\" title=\"Banner SUNO, clique e saiba mais\">\n\t\t\t<picture>\n\t\t\t\t<source media=\"(max-width: 500px)\" srcset=\"https:\/\/files.sunoresearch.com.br\/n\/uploads\/2023\/04\/400x300-Planilha-vida-financeira-true.png\">\n\t\t\t\t<img class=\"newsContent__article__imgCapa newsContent__article__imgCapa--banner\"\n\t\t\t\t\tsrc=\"https:\/\/files.sunoresearch.com.br\/n\/uploads\/2023\/04\/1420x240-Planilha-vida-financeira-true.png\"\n\t\t\t\t\tdata-promo-id=\"106682\"\t\t\t\t\t\t\t\t\t\twidth='1420' height='240'\t\t\t\t\talt=\"https:\/\/files.sunoresearch.com.br\/n\/uploads\/2023\/04\/1420x240-Planilha-vida-financeira-true.png\"\n\t\t\t\t>\n\t\t\t<\/picture>\n\t\t<\/a>\n\t<\/p>\n\n\n\n\n\n<p>Os analistas do <strong>Ita\u00fa BBA<\/strong> Daniel Sasson, Marcelo Furlan Palhares, Edgard Pinto de Souza e Barbara Soares reduziram as proje\u00e7\u00f5es de Ebitda (Lucros antes de juros, impostos, <a class=\"suno-keyword\" target=\"_blank\" data-force=\"no\" data-priority=\"1\" href=\"https:\/\/www.suno.com.br\/artigos\/depreciacao-amortizacao\/\" rel=\"noopener\">deprecia\u00e7\u00e3o e amortiza\u00e7\u00e3o<\/a>) da Suzano para 2023 e 2024: R$ 18,9 bilh\u00f5es neste ano (recuo de 23%) e R$ 19,1 bilh\u00f5es (recuo de 15%).<\/p>\n\n\n\n<p>Essa redu\u00e7\u00e3o foi motivada pelos pre\u00e7os mais fracos da celulose, &#8220;dado o decl\u00ednio mais acentuado do que o esperado no primeiro semestre de 2023 logo ap\u00f3s o esperado desequil\u00edbrio do mercado pela frente, com o enfraquecimento da demanda global por celulose e adi\u00e7\u00f5es de capacidade na ind\u00fastria&#8221;.<\/p>\n\n\n\n<blockquote class=\"wp-block-quote is-layout-flow wp-block-quote-is-layout-flow\">\n<p>Os resultados de celulose foram afetados por volumes e pre\u00e7os realizados sequencialmente menores.<\/p>\n<\/blockquote>\n\n\n\n<p>Al\u00e9m disso, a mudan\u00e7a no pre\u00e7o-alvo das <strong>a\u00e7\u00f5es da Suzano<\/strong> conta com uma revis\u00e3o para cima do <em>guidance<\/em> de <em>capex<\/em> da empresa na opera\u00e7\u00e3o do Cerrado.<\/p>\n\n\n\t<p>\n\t\t<a href=\"https:\/\/lp.suno.com.br\/ebook-como-analisar-uma-acao\/\" target=\"_blank\" data-element=\"shortcode-suno-banner\" title=\"Banner SUNO, clique e saiba mais\">\n\t\t\t<picture>\n\t\t\t\t<source media=\"(max-width: 500px)\" srcset=\"https:\/\/files.sunoresearch.com.br\/n\/uploads\/2023\/03\/Ebook-Acoes-Mobile.jpg\">\n\t\t\t\t<img class=\"newsContent__article__imgCapa newsContent__article__imgCapa--banner\"\n\t\t\t\t\tsrc=\"https:\/\/files.sunoresearch.com.br\/n\/uploads\/2023\/03\/Ebook-Acoes-Desktop.jpg\"\n\t\t\t\t\tdata-promo-id=\"378302\"\t\t\t\t\t\t\t\t\t\twidth='1420' height='286'\t\t\t\t\talt=\"https:\/\/files.sunoresearch.com.br\/n\/uploads\/2023\/03\/Ebook-Acoes-Desktop.jpg\"\n\t\t\t\t>\n\t\t\t<\/picture>\n\t\t<\/a>\n\t<\/p>\n\n\n\n\n\n<h2 class=\"wp-block-heading\">Suzano: Balan\u00e7o do 1T23<\/h2>\n\n\n\n<p>O <strong>lucro l\u00edquido da Suzano<\/strong> no primeiro trimestre de 2023 somou R$ 5,243 bilh\u00f5es, o que representa uma queda de 49% ante o mesmo per\u00edodo em 2022, ou redu\u00e7\u00e3o de 30% na compara\u00e7\u00e3o com os tr\u00eas primeiros meses imediatamente anteriores.<\/p>\n\n\n\n<p>A companhia informou que o resultado negativo foi provocado pela queda no pre\u00e7o dos volumes vendidos de celulose em rela\u00e7\u00e3o ao trimestre anterior.<\/p>\n\n\n\n<p>O <a class=\"suno-keyword\" target=\"_blank\" data-force=\"no\" data-priority=\"1\" href=\"https:\/\/www.suno.com.br\/artigos\/ebitda-ajustado\/\" rel=\"noopener\">Ebitda ajustado<\/a> da Suzano atingiu R$ 6,155 bilh\u00f5es no primeiro trimestre. O valor \u00e9 20% maior na compara\u00e7\u00e3o anual e 25% menor ante o trimestre imediatamente anterior.<\/p>\n\n\n\n<p>Quanto \u00e0 <a class=\"suno-keyword\" target=\"_blank\" data-force=\"no\" data-priority=\"1\" href=\"https:\/\/www.suno.com.br\/artigos\/o-que-receita-liquida\/\" rel=\"noopener\">receita l\u00edquida<\/a>, o resultado da <strong>Suzano<\/strong> foi de R$ 11,276 bilh\u00f5es no primeiro trimestre de 2023. O valor representa um ganho de 16% na compara\u00e7\u00e3o anual e uma perda de 22% ante os tr\u00eas meses imediatamente anteriores.<\/p>\n\n\n\n<p><em>Com informa\u00e7\u00f5es de Estad\u00e3o Conte\u00fado<\/em><\/p>\n\n\n\t<p>\n\t\t<a href=\"https:\/\/lp.suno.com.br\/suno-one\/?utm_campaign=_SNC6964518A_\" target=\"_blank\" data-element=\"shortcode-suno-banner\" title=\"Banner SUNO, clique e saiba mais\">\n\t\t\t<picture>\n\t\t\t\t<source media=\"(max-width: 500px)\" srcset=\"https:\/\/files.sunoresearch.com.br\/n\/uploads\/2025\/09\/400x300-Suno-One-png.webp\">\n\t\t\t\t<img class=\"newsContent__article__imgCapa newsContent__article__imgCapa--banner\"\n\t\t\t\t\tsrc=\"https:\/\/files.sunoresearch.com.br\/n\/uploads\/2025\/09\/1420x240-Suno-One-png.webp\"\n\t\t\t\t\tdata-promo-id=\"383121\"\t\t\t\t\t\t\t\t\t\twidth='1420' height='240'\t\t\t\t\talt=\"https:\/\/files.sunoresearch.com.br\/n\/uploads\/2025\/09\/1420x240-Suno-One-png.webp\"\n\t\t\t\t>\n\t\t\t<\/picture>\n\t\t<\/a>\n\t<\/p>\n\n\n","protected":false},"excerpt":{"rendered":"<p>A Suzano (SUZB3) teve seu pre\u00e7o-alvo cortado pelos analistas do Ita\u00fa BBA ap\u00f3s a divulga\u00e7\u00e3o do balan\u00e7o do primeiro trimestre de 2023 (1T23), no qual o lucro l\u00edquido da empresa desabou 49%. Por\u00e9m, os pap\u00e9is continuam com recomenda\u00e7\u00e3o outperform, equivalente \u00e0 compra, ao pre\u00e7o de R$ 51 (ante R$ 62). Suzano (SUZB3). Foto: Divulga\u00e7\u00e3o Os [&hellip;]<\/p>\n","protected":false},"author":232,"featured_media":130491,"comment_status":"closed","ping_status":"closed","sticky":false,"template":"","format":"standard","meta":[],"categories":[60],"tags":[286,105816,648],"suno_strategy":[],"class_list":["post-397170","post","type-post","status-publish","format-standard","has-post-thumbnail","hentry","category-mercado","tag-acoes","tag-especialistas","tag-suzano-suzb3"],"yoast_head":"<!-- This site is optimized with the Yoast SEO plugin v24.4 - https:\/\/yoast.com\/wordpress\/plugins\/seo\/ -->\n<title>Suzano (SUZB3) tem pre\u00e7o-alvo cortado ap\u00f3s n\u00fameros do 1T23; entenda<\/title>\n<meta name=\"description\" content=\"A Suzano (SUZB3) teve seu pre\u00e7o-alvo cortado pelos analistas do Ita\u00fa BBA ap\u00f3s a divulga\u00e7\u00e3o do balan\u00e7o do primeiro trimestre de 2023 (1T23).\" \/>\n<meta name=\"robots\" content=\"index, follow, max-snippet:-1, max-image-preview:large, max-video-preview:-1\" \/>\n<link rel=\"canonical\" href=\"https:\/\/www.suno.com.br\/noticias\/suzano-suzb3-acoes-preco-alvo-cortado-entenda\/\" \/>\n<meta property=\"og:locale\" content=\"pt_BR\" \/>\n<meta property=\"og:type\" content=\"article\" \/>\n<meta property=\"og:title\" content=\"Suzano (SUZB3) tem pre\u00e7o-alvo cortado ap\u00f3s n\u00fameros do 1T23; entenda\" \/>\n<meta property=\"og:description\" content=\"A Suzano (SUZB3) teve seu pre\u00e7o-alvo cortado pelos analistas do Ita\u00fa BBA ap\u00f3s a divulga\u00e7\u00e3o do balan\u00e7o do primeiro trimestre de 2023 (1T23).\" \/>\n<meta property=\"og:url\" content=\"https:\/\/www.suno.com.br\/noticias\/suzano-suzb3-acoes-preco-alvo-cortado-entenda\/\" \/>\n<meta property=\"og:site_name\" content=\"Suno Not\u00edcias\" \/>\n<meta property=\"article:publisher\" content=\"https:\/\/facebook.com\/sunoresearch\" \/>\n<meta property=\"og:image\" content=\"https:\/\/files.sunoresearch.com.br\/n\/uploads\/2021\/03\/051f07a2-suzano.jpg\" \/>\n\t<meta property=\"og:image:width\" content=\"1200\" \/>\n\t<meta property=\"og:image:height\" content=\"800\" \/>\n\t<meta property=\"og:image:type\" content=\"image\/jpeg\" \/>\n<meta name=\"author\" content=\"Erick Matheus Nery\" \/>\n<meta name=\"twitter:card\" content=\"summary_large_image\" \/>\n<meta name=\"twitter:creator\" content=\"@sunoresearch\" \/>\n<meta name=\"twitter:site\" content=\"@sunoresearch\" \/>\n<meta name=\"twitter:label1\" content=\"Escrito por\" \/>\n\t<meta name=\"twitter:data1\" content=\"Erick Matheus Nery\" \/>\n\t<meta name=\"twitter:label2\" content=\"Est. tempo de leitura\" \/>\n\t<meta name=\"twitter:data2\" content=\"2 minutos\" \/>\n<script type=\"application\/ld+json\" class=\"yoast-schema-graph\">{\"@context\":\"https:\/\/schema.org\",\"@graph\":[{\"@type\":\"NewsArticle\",\"@id\":\"https:\/\/www.suno.com.br\/noticias\/suzano-suzb3-acoes-preco-alvo-cortado-entenda\/#article\",\"isPartOf\":{\"@id\":\"https:\/\/www.suno.com.br\/noticias\/suzano-suzb3-acoes-preco-alvo-cortado-entenda\/\"},\"author\":{\"name\":\"Erick Matheus Nery\",\"@id\":\"https:\/\/www.suno.com.br\/noticias\/#\/schema\/person\/6899bc3f19d1a7315f807131c2c013a0\"},\"headline\":\"Suzano (SUZB3) tem pre\u00e7o-alvo cortado pelo Ita\u00fa BBA ap\u00f3s n\u00fameros do 1T23; o que aconteceu?\",\"datePublished\":\"2023-04-29T15:40:25+00:00\",\"dateModified\":\"2023-04-29T15:40:30+00:00\",\"mainEntityOfPage\":{\"@id\":\"https:\/\/www.suno.com.br\/noticias\/suzano-suzb3-acoes-preco-alvo-cortado-entenda\/\"},\"wordCount\":373,\"publisher\":{\"@id\":\"https:\/\/www.suno.com.br\/noticias\/#organization\"},\"image\":{\"@id\":\"https:\/\/www.suno.com.br\/noticias\/suzano-suzb3-acoes-preco-alvo-cortado-entenda\/#primaryimage\"},\"thumbnailUrl\":\"https:\/\/files.sunoresearch.com.br\/n\/uploads\/2021\/03\/051f07a2-suzano-jpg.webp\",\"keywords\":[\"A\u00e7\u00f5es\",\"Especialistas\",\"Suzano (SUZB3)\"],\"articleSection\":[\"Mercado\"],\"inLanguage\":\"pt-BR\"},{\"@type\":\"WebPage\",\"@id\":\"https:\/\/www.suno.com.br\/noticias\/suzano-suzb3-acoes-preco-alvo-cortado-entenda\/\",\"url\":\"https:\/\/www.suno.com.br\/noticias\/suzano-suzb3-acoes-preco-alvo-cortado-entenda\/\",\"name\":\"Suzano (SUZB3) tem pre\u00e7o-alvo cortado ap\u00f3s n\u00fameros do 1T23; entenda\",\"isPartOf\":{\"@id\":\"https:\/\/www.suno.com.br\/noticias\/#website\"},\"primaryImageOfPage\":{\"@id\":\"https:\/\/www.suno.com.br\/noticias\/suzano-suzb3-acoes-preco-alvo-cortado-entenda\/#primaryimage\"},\"image\":{\"@id\":\"https:\/\/www.suno.com.br\/noticias\/suzano-suzb3-acoes-preco-alvo-cortado-entenda\/#primaryimage\"},\"thumbnailUrl\":\"https:\/\/files.sunoresearch.com.br\/n\/uploads\/2021\/03\/051f07a2-suzano-jpg.webp\",\"datePublished\":\"2023-04-29T15:40:25+00:00\",\"dateModified\":\"2023-04-29T15:40:30+00:00\",\"description\":\"A Suzano (SUZB3) teve seu pre\u00e7o-alvo cortado pelos analistas do Ita\u00fa BBA ap\u00f3s a divulga\u00e7\u00e3o do balan\u00e7o do primeiro trimestre de 2023 (1T23).\",\"breadcrumb\":{\"@id\":\"https:\/\/www.suno.com.br\/noticias\/suzano-suzb3-acoes-preco-alvo-cortado-entenda\/#breadcrumb\"},\"inLanguage\":\"pt-BR\",\"potentialAction\":[{\"@type\":\"ReadAction\",\"target\":[\"https:\/\/www.suno.com.br\/noticias\/suzano-suzb3-acoes-preco-alvo-cortado-entenda\/\"]}]},{\"@type\":\"ImageObject\",\"inLanguage\":\"pt-BR\",\"@id\":\"https:\/\/www.suno.com.br\/noticias\/suzano-suzb3-acoes-preco-alvo-cortado-entenda\/#primaryimage\",\"url\":\"https:\/\/files.sunoresearch.com.br\/n\/uploads\/2021\/03\/051f07a2-suzano-jpg.webp\",\"contentUrl\":\"https:\/\/files.sunoresearch.com.br\/n\/uploads\/2021\/03\/051f07a2-suzano-jpg.webp\",\"width\":1200,\"height\":800,\"caption\":\"Suzano (SUZB3). Foto: Divulga\u00e7\u00e3o\"},{\"@type\":\"BreadcrumbList\",\"@id\":\"https:\/\/www.suno.com.br\/noticias\/suzano-suzb3-acoes-preco-alvo-cortado-entenda\/#breadcrumb\",\"itemListElement\":[{\"@type\":\"ListItem\",\"position\":1,\"name\":\"Not\u00edcias\",\"item\":\"https:\/\/www.suno.com.br\/noticias\/\"},{\"@type\":\"ListItem\",\"position\":2,\"name\":\"Mercado\",\"item\":\"https:\/\/www.suno.com.br\/noticias\/mercado\/\"},{\"@type\":\"ListItem\",\"position\":3,\"name\":\"Suzano (SUZB3) tem pre\u00e7o-alvo cortado pelo Ita\u00fa BBA ap\u00f3s n\u00fameros do 1T23; o que aconteceu?\"}]},{\"@type\":\"WebSite\",\"@id\":\"https:\/\/www.suno.com.br\/noticias\/#website\",\"url\":\"https:\/\/www.suno.com.br\/noticias\/\",\"name\":\"Suno Not\u00edcias\",\"description\":\"Seu portal de informa\u00e7\u00e3o sobre o mundo dos investimentos\",\"publisher\":{\"@id\":\"https:\/\/www.suno.com.br\/noticias\/#organization\"},\"potentialAction\":[{\"@type\":\"SearchAction\",\"target\":{\"@type\":\"EntryPoint\",\"urlTemplate\":\"https:\/\/www.suno.com.br\/noticias\/?s={search_term_string}\"},\"query-input\":{\"@type\":\"PropertyValueSpecification\",\"valueRequired\":true,\"valueName\":\"search_term_string\"}}],\"inLanguage\":\"pt-BR\"},{\"@type\":\"Organization\",\"@id\":\"https:\/\/www.suno.com.br\/noticias\/#organization\",\"name\":\"Suno Not\u00edcias\",\"url\":\"https:\/\/www.suno.com.br\/noticias\/\",\"logo\":{\"@type\":\"ImageObject\",\"inLanguage\":\"pt-BR\",\"@id\":\"https:\/\/www.suno.com.br\/noticias\/#\/schema\/logo\/image\/\",\"url\":\"https:\/\/files.sunoresearch.com.br\/n\/uploads\/2021\/09\/suno-logo.png\",\"contentUrl\":\"https:\/\/files.sunoresearch.com.br\/n\/uploads\/2021\/09\/suno-logo.png\",\"width\":180,\"height\":180,\"caption\":\"Suno Not\u00edcias\"},\"image\":{\"@id\":\"https:\/\/www.suno.com.br\/noticias\/#\/schema\/logo\/image\/\"},\"sameAs\":[\"https:\/\/facebook.com\/sunoresearch\",\"https:\/\/x.com\/sunoresearch\",\"https:\/\/www.instagram.com\/suno\",\"https:\/\/www.linkedin.com\/company\/suno-research\/\",\"https:\/\/www.youtube.com\/c\/sunoresearch\"]},{\"@type\":\"Person\",\"@id\":\"https:\/\/www.suno.com.br\/noticias\/#\/schema\/person\/6899bc3f19d1a7315f807131c2c013a0\",\"name\":\"Erick Matheus Nery\",\"image\":{\"@type\":\"ImageObject\",\"inLanguage\":\"pt-BR\",\"@id\":\"https:\/\/www.suno.com.br\/noticias\/#\/schema\/person\/image\/\",\"url\":\"https:\/\/secure.gravatar.com\/avatar\/518ddffe438ccb767782d372a66304d2?s=96&r=g\",\"contentUrl\":\"https:\/\/secure.gravatar.com\/avatar\/518ddffe438ccb767782d372a66304d2?s=96&r=g\",\"caption\":\"Erick Matheus Nery\"},\"description\":\"Formado em Jornalismo pela Universidade Federal do Par\u00e1 (UFPA), conta com extens\u00e3o em Jornalismo Econ\u00f4mico pela Funda\u00e7\u00e3o Get\u00falio Vargas (FGV). No Suno Not\u00edcias, atua como rep\u00f3rter de Mercado, com foco nos setores de telecomunica\u00e7\u00f5es, varejo, alimentos e renda fixa. Conta com passagens pelo jornal O Estado de S\u00e3o Paulo, como trainee de Jornalismo Econ\u00f4mico, e pelo site Not\u00edcias da TV.\",\"url\":\"https:\/\/www.suno.com.br\/noticias\/author\/erick-nery\/\"}]}<\/script>\n<!-- \/ Yoast SEO plugin. -->","yoast_head_json":{"title":"Suzano (SUZB3) tem pre\u00e7o-alvo cortado ap\u00f3s n\u00fameros do 1T23; entenda","description":"A Suzano (SUZB3) teve seu pre\u00e7o-alvo cortado pelos analistas do Ita\u00fa BBA ap\u00f3s a divulga\u00e7\u00e3o do balan\u00e7o do primeiro trimestre de 2023 (1T23).","robots":{"index":"index","follow":"follow","max-snippet":"max-snippet:-1","max-image-preview":"max-image-preview:large","max-video-preview":"max-video-preview:-1"},"canonical":"https:\/\/www.suno.com.br\/noticias\/suzano-suzb3-acoes-preco-alvo-cortado-entenda\/","og_locale":"pt_BR","og_type":"article","og_title":"Suzano (SUZB3) tem pre\u00e7o-alvo cortado ap\u00f3s n\u00fameros do 1T23; entenda","og_description":"A Suzano (SUZB3) teve seu pre\u00e7o-alvo cortado pelos analistas do Ita\u00fa BBA ap\u00f3s a divulga\u00e7\u00e3o do balan\u00e7o do primeiro trimestre de 2023 (1T23).","og_url":"https:\/\/www.suno.com.br\/noticias\/suzano-suzb3-acoes-preco-alvo-cortado-entenda\/","og_site_name":"Suno Not\u00edcias","article_publisher":"https:\/\/facebook.com\/sunoresearch","og_image":[{"width":1200,"height":800,"url":"https:\/\/files.sunoresearch.com.br\/n\/uploads\/2021\/03\/051f07a2-suzano.jpg","type":"image\/jpeg"}],"author":"Erick Matheus Nery","twitter_card":"summary_large_image","twitter_creator":"@sunoresearch","twitter_site":"@sunoresearch","twitter_misc":{"Escrito por":"Erick Matheus Nery","Est. tempo de leitura":"2 minutos"},"schema":{"@context":"https:\/\/schema.org","@graph":[{"@type":"NewsArticle","@id":"https:\/\/www.suno.com.br\/noticias\/suzano-suzb3-acoes-preco-alvo-cortado-entenda\/#article","isPartOf":{"@id":"https:\/\/www.suno.com.br\/noticias\/suzano-suzb3-acoes-preco-alvo-cortado-entenda\/"},"author":{"name":"Erick Matheus Nery","@id":"https:\/\/www.suno.com.br\/noticias\/#\/schema\/person\/6899bc3f19d1a7315f807131c2c013a0"},"headline":"Suzano (SUZB3) tem pre\u00e7o-alvo cortado pelo Ita\u00fa BBA ap\u00f3s n\u00fameros do 1T23; o que aconteceu?","datePublished":"2023-04-29T15:40:25+00:00","dateModified":"2023-04-29T15:40:30+00:00","mainEntityOfPage":{"@id":"https:\/\/www.suno.com.br\/noticias\/suzano-suzb3-acoes-preco-alvo-cortado-entenda\/"},"wordCount":373,"publisher":{"@id":"https:\/\/www.suno.com.br\/noticias\/#organization"},"image":{"@id":"https:\/\/www.suno.com.br\/noticias\/suzano-suzb3-acoes-preco-alvo-cortado-entenda\/#primaryimage"},"thumbnailUrl":"https:\/\/files.sunoresearch.com.br\/n\/uploads\/2021\/03\/051f07a2-suzano-jpg.webp","keywords":["A\u00e7\u00f5es","Especialistas","Suzano (SUZB3)"],"articleSection":["Mercado"],"inLanguage":"pt-BR"},{"@type":"WebPage","@id":"https:\/\/www.suno.com.br\/noticias\/suzano-suzb3-acoes-preco-alvo-cortado-entenda\/","url":"https:\/\/www.suno.com.br\/noticias\/suzano-suzb3-acoes-preco-alvo-cortado-entenda\/","name":"Suzano (SUZB3) tem pre\u00e7o-alvo cortado ap\u00f3s n\u00fameros do 1T23; entenda","isPartOf":{"@id":"https:\/\/www.suno.com.br\/noticias\/#website"},"primaryImageOfPage":{"@id":"https:\/\/www.suno.com.br\/noticias\/suzano-suzb3-acoes-preco-alvo-cortado-entenda\/#primaryimage"},"image":{"@id":"https:\/\/www.suno.com.br\/noticias\/suzano-suzb3-acoes-preco-alvo-cortado-entenda\/#primaryimage"},"thumbnailUrl":"https:\/\/files.sunoresearch.com.br\/n\/uploads\/2021\/03\/051f07a2-suzano-jpg.webp","datePublished":"2023-04-29T15:40:25+00:00","dateModified":"2023-04-29T15:40:30+00:00","description":"A Suzano (SUZB3) teve seu pre\u00e7o-alvo cortado pelos analistas do Ita\u00fa BBA ap\u00f3s a divulga\u00e7\u00e3o do balan\u00e7o do primeiro trimestre de 2023 (1T23).","breadcrumb":{"@id":"https:\/\/www.suno.com.br\/noticias\/suzano-suzb3-acoes-preco-alvo-cortado-entenda\/#breadcrumb"},"inLanguage":"pt-BR","potentialAction":[{"@type":"ReadAction","target":["https:\/\/www.suno.com.br\/noticias\/suzano-suzb3-acoes-preco-alvo-cortado-entenda\/"]}]},{"@type":"ImageObject","inLanguage":"pt-BR","@id":"https:\/\/www.suno.com.br\/noticias\/suzano-suzb3-acoes-preco-alvo-cortado-entenda\/#primaryimage","url":"https:\/\/files.sunoresearch.com.br\/n\/uploads\/2021\/03\/051f07a2-suzano-jpg.webp","contentUrl":"https:\/\/files.sunoresearch.com.br\/n\/uploads\/2021\/03\/051f07a2-suzano-jpg.webp","width":1200,"height":800,"caption":"Suzano (SUZB3). Foto: Divulga\u00e7\u00e3o"},{"@type":"BreadcrumbList","@id":"https:\/\/www.suno.com.br\/noticias\/suzano-suzb3-acoes-preco-alvo-cortado-entenda\/#breadcrumb","itemListElement":[{"@type":"ListItem","position":1,"name":"Not\u00edcias","item":"https:\/\/www.suno.com.br\/noticias\/"},{"@type":"ListItem","position":2,"name":"Mercado","item":"https:\/\/www.suno.com.br\/noticias\/mercado\/"},{"@type":"ListItem","position":3,"name":"Suzano (SUZB3) tem pre\u00e7o-alvo cortado pelo Ita\u00fa BBA ap\u00f3s n\u00fameros do 1T23; o que aconteceu?"}]},{"@type":"WebSite","@id":"https:\/\/www.suno.com.br\/noticias\/#website","url":"https:\/\/www.suno.com.br\/noticias\/","name":"Suno Not\u00edcias","description":"Seu portal de informa\u00e7\u00e3o sobre o mundo dos investimentos","publisher":{"@id":"https:\/\/www.suno.com.br\/noticias\/#organization"},"potentialAction":[{"@type":"SearchAction","target":{"@type":"EntryPoint","urlTemplate":"https:\/\/www.suno.com.br\/noticias\/?s={search_term_string}"},"query-input":{"@type":"PropertyValueSpecification","valueRequired":true,"valueName":"search_term_string"}}],"inLanguage":"pt-BR"},{"@type":"Organization","@id":"https:\/\/www.suno.com.br\/noticias\/#organization","name":"Suno Not\u00edcias","url":"https:\/\/www.suno.com.br\/noticias\/","logo":{"@type":"ImageObject","inLanguage":"pt-BR","@id":"https:\/\/www.suno.com.br\/noticias\/#\/schema\/logo\/image\/","url":"https:\/\/files.sunoresearch.com.br\/n\/uploads\/2021\/09\/suno-logo.png","contentUrl":"https:\/\/files.sunoresearch.com.br\/n\/uploads\/2021\/09\/suno-logo.png","width":180,"height":180,"caption":"Suno Not\u00edcias"},"image":{"@id":"https:\/\/www.suno.com.br\/noticias\/#\/schema\/logo\/image\/"},"sameAs":["https:\/\/facebook.com\/sunoresearch","https:\/\/x.com\/sunoresearch","https:\/\/www.instagram.com\/suno","https:\/\/www.linkedin.com\/company\/suno-research\/","https:\/\/www.youtube.com\/c\/sunoresearch"]},{"@type":"Person","@id":"https:\/\/www.suno.com.br\/noticias\/#\/schema\/person\/6899bc3f19d1a7315f807131c2c013a0","name":"Erick Matheus Nery","image":{"@type":"ImageObject","inLanguage":"pt-BR","@id":"https:\/\/www.suno.com.br\/noticias\/#\/schema\/person\/image\/","url":"https:\/\/secure.gravatar.com\/avatar\/518ddffe438ccb767782d372a66304d2?s=96&r=g","contentUrl":"https:\/\/secure.gravatar.com\/avatar\/518ddffe438ccb767782d372a66304d2?s=96&r=g","caption":"Erick Matheus Nery"},"description":"Formado em Jornalismo pela Universidade Federal do Par\u00e1 (UFPA), conta com extens\u00e3o em Jornalismo Econ\u00f4mico pela Funda\u00e7\u00e3o Get\u00falio Vargas (FGV). No Suno Not\u00edcias, atua como rep\u00f3rter de Mercado, com foco nos setores de telecomunica\u00e7\u00f5es, varejo, alimentos e renda fixa. Conta com passagens pelo jornal O Estado de S\u00e3o Paulo, como trainee de Jornalismo Econ\u00f4mico, e pelo site Not\u00edcias da TV.","url":"https:\/\/www.suno.com.br\/noticias\/author\/erick-nery\/"}]}},"default_loop_html":"<div class=\"cardsPage__listCard__boxs\"><div class=\"cardsPage__listCard__boxs__img\"><a href=\"https:\/\/www.suno.com.br\/noticias\/suzano-suzb3-acoes-preco-alvo-cortado-entenda\/\"><img class=\"mask\" src=\"https:\/\/www.suno.com.br\/noticias\/wp-content\/themes\/suno\/resources\/images\/spotlight\/spotlight1img\/bg-mask.png\" alt=\"Image Mask\"\/><img src=\"https:\/\/files.sunoresearch.com.br\/n\/uploads\/2021\/03\/051f07a2-suzano-400x200.webp\" alt=\"Suzano (SUZB3) tem pre\u00e7o-alvo cortado pelo Ita\u00fa BBA ap\u00f3s n\u00fameros do 1T23; o que aconteceu?\"\/><\/a><span class=\"spotlightCategory\"><a href=\"https:\/\/www.suno.com.br\/noticias\/mercado\/\">Mercado<\/a><\/span><\/div><div class=\"cardsPage__listCard__boxs__content\"><a href=\"https:\/\/www.suno.com.br\/noticias\/suzano-suzb3-acoes-preco-alvo-cortado-entenda\/\"><h2 class=\"content__title\">Suzano (SUZB3) tem pre\u00e7o-alvo cortado pelo Ita\u00fa BBA ap\u00f3s n\u00fameros do 1T23; o que aconteceu?<\/h2><\/a><div class=\"newsContent__article__meta\"><div class=\"newsContent__article__meta__authorBox\"><a href=\"https:\/\/www.suno.com.br\/noticias\/author\/erick-nery\/\" class=\"authorBox__avatar noMobi\"><img src=\"https:\/\/secure.gravatar.com\/avatar\/518ddffe438ccb767782d372a66304d2?s=96&#038;r=g\" alt=\"Erick Matheus Nery\"><\/a><div class=\"authorBox__name\"><span>por\n\t\t\t<a href=\"https:\/\/www.suno.com.br\/noticias\/author\/erick-nery\/\"><span itemprop=\"author\">Erick Matheus Nery<\/span><\/a><\/span><time datetime=\"2023-04-29T12:40:25-03:00\" itemprop=\"datePublished\">29\/04\/2023 12:40<\/time><\/div><\/div><\/div><\/div><\/div>","single_layout":"posts","amp_enabled":true,"_links":{"self":[{"href":"https:\/\/www.suno.com.br\/noticias\/wp-json\/wp\/v2\/posts\/397170"}],"collection":[{"href":"https:\/\/www.suno.com.br\/noticias\/wp-json\/wp\/v2\/posts"}],"about":[{"href":"https:\/\/www.suno.com.br\/noticias\/wp-json\/wp\/v2\/types\/post"}],"author":[{"embeddable":true,"href":"https:\/\/www.suno.com.br\/noticias\/wp-json\/wp\/v2\/users\/232"}],"replies":[{"embeddable":true,"href":"https:\/\/www.suno.com.br\/noticias\/wp-json\/wp\/v2\/comments?post=397170"}],"version-history":[{"count":3,"href":"https:\/\/www.suno.com.br\/noticias\/wp-json\/wp\/v2\/posts\/397170\/revisions"}],"predecessor-version":[{"id":397179,"href":"https:\/\/www.suno.com.br\/noticias\/wp-json\/wp\/v2\/posts\/397170\/revisions\/397179"}],"wp:featuredmedia":[{"embeddable":true,"href":"https:\/\/www.suno.com.br\/noticias\/wp-json\/wp\/v2\/media\/130491"}],"wp:attachment":[{"href":"https:\/\/www.suno.com.br\/noticias\/wp-json\/wp\/v2\/media?parent=397170"}],"wp:term":[{"taxonomy":"category","embeddable":true,"href":"https:\/\/www.suno.com.br\/noticias\/wp-json\/wp\/v2\/categories?post=397170"},{"taxonomy":"post_tag","embeddable":true,"href":"https:\/\/www.suno.com.br\/noticias\/wp-json\/wp\/v2\/tags?post=397170"},{"taxonomy":"suno_strategy","embeddable":true,"href":"https:\/\/www.suno.com.br\/noticias\/wp-json\/wp\/v2\/suno_strategy?post=397170"}],"curies":[{"name":"wp","href":"https:\/\/api.w.org\/{rel}","templated":true}]}}