{"id":39707,"date":"2019-10-03T08:28:42","date_gmt":"2019-10-03T11:28:42","guid":{"rendered":"https:\/\/www.suno.com.br\/noticias\/?p=39707"},"modified":"2019-10-03T08:28:42","modified_gmt":"2019-10-03T11:28:42","slug":"amazon-lanca-assistente-de-voz-e-novidades-da-linha-echo","status":"publish","type":"post","link":"https:\/\/www.suno.com.br\/noticias\/amazon-lanca-assistente-de-voz-e-novidades-da-linha-echo\/","title":{"rendered":"Amazon lan\u00e7a assistente de voz e novidades da linha Echo"},"content":{"rendered":"<p>Nesta quinta-feira (3), a Amazon lan\u00e7ou a sua assistente de voz no Brasil, chamada <strong>Alexa<\/strong>. Al\u00e9m disso, foram divulgados dois automatizadores de resid\u00eancia da linha <strong>Echo<\/strong>.<\/p>\t<div class=\"wrapper-featured-image\">\n\t\t<figure class=\"spotlightImg\">\n\n\t\t\t<picture>\n\t\t\t\t<source media=\"(max-width: 768px)\" srcset=\"https:\/\/files.sunoresearch.com.br\/n\/uploads\/2019\/09\/373373b4-amazon-400x200.webp\">\n\t\t\t\t<img loading=\"lazy\" decoding=\"async\" class=\"newsContent__article__imgCapa lazyloadDisabled newsContent__article__imgCapa--noCaption\" src=\"https:\/\/files.sunoresearch.com.br\/n\/uploads\/2019\/09\/373373b4-amazon-800x450.webp\" width=\"800\" height=\"450\" alt=\"Amazon lan\u00e7a assistente de voz e novidades da linha Echo\" fetchpriority=high \/>\n\t\t\t<\/picture>\n\n\t\t\t<figcaption class=\"wp-caption-text wp-caption-text--hide\">Agenda do Dia<\/figcaption>\n\t\t<\/figure>\n\t<\/div>\n\n\n\n<p>Os aparelhos da <strong>Amazon<\/strong> est\u00e3o no per\u00edodo de pr\u00e9-venda. As entregas come\u00e7ar\u00e3o a serem realizadas no dia 8 de outubro.<\/p>\n<p>A multinacional varejista \u00e9 a primeira a trazer ao Brasil um hardware pr\u00f3prio relacionado a resid\u00eancias. Google e Apple j\u00e1 possuem funcionalidades similares, no entanto, n\u00e3o est\u00e3o dispon\u00edveis no Pa\u00eds.<\/p>\n<h2>Amazon inaugura a Alexa<\/h2>\n<p>A <strong>Alexa<\/strong> \u00e9 o nome dado \u00e0 assistente de voz, que utilizada a intelig\u00eancia artificial da Amazon, e permite que o Echo responde perguntas e se conecte a outros itens inteligentes de parceiros da empresa norte-americana.<\/p>\n\t<p>\n\t\t<a href=\"https:\/\/lp.statusinvest.com.br\/ao\/assessoria-status-invest\/\" target=\"_blank\" data-element=\"shortcode-suno-banner\" title=\"Banner SUNO, clique e saiba mais\">\n\t\t\t<picture>\n\t\t\t\t<source media=\"(max-width: 500px)\" srcset=\"https:\/\/files.sunoresearch.com.br\/n\/uploads\/2024\/03\/400x300-Mobile.png\">\n\t\t\t\t<img class=\"newsContent__article__imgCapa newsContent__article__imgCapa--banner\"\n\t\t\t\t\tsrc=\"https:\/\/files.sunoresearch.com.br\/n\/uploads\/2024\/03\/1420x240-Desktop.png\"\n\t\t\t\t\tdata-promo-id=\"537248\"\t\t\t\t\t\t\t\t\t\twidth='1400' height='240'\t\t\t\t\talt=\"https:\/\/files.sunoresearch.com.br\/n\/uploads\/2024\/03\/1420x240-Desktop.png\"\n\t\t\t\t>\n\t\t\t<\/picture>\n\t\t<\/a>\n\t<\/p>\n\n\n<div class=\"mc-column content-text active-extra-styles \" data-block-type=\"unstyled\" data-block-weight=\"38\" data-block-id=\"6\">\n<p class=\"content-text__container \" data-track-category=\"Link no Texto\" data-track-links=\"\">Segundo Ricardo Garrido, gerente geral de Alexa no Pa\u00eds, trazer os aparelhos \u00e9 essencial porque a assistente possui um &#8220;melhor funcionamento&#8221; integrado com esses devices. O Brasil ser\u00e1 o 15\u00ba pa\u00eds a receber a funcionalidade.<\/p>\n<p><p data-track-category=\"Link no Texto\" data-track-links=\"\"><a href=\"https:\/\/www.suno.com.br\/noticias\/oi-nao-vendera-operacao-movel-diz-diretor\/\">Veja tamb\u00e9m: Oi n\u00e3o vender\u00e1 opera\u00e7\u00e3o m\u00f3vel no curto prazo, diz diretor de opera\u00e7\u00f5es<\/a><\/p>\n<\/p>\n<\/div>\n<div class=\"mc-column content-text active-extra-styles \" data-block-type=\"unstyled\" data-block-weight=\"16\" data-block-id=\"7\">\n<div class=\"mc-column content-text active-extra-styles \" data-block-type=\"unstyled\" data-block-weight=\"16\" data-block-id=\"7\">\n<p class=\"content-text__container \" data-track-category=\"Link no Texto\" data-track-links=\"\">A partir desta quinta, ser\u00e1 poss\u00edvel encomendar os dois dispositivos diretamente pelo site da Amazon.<\/p>\n<h2 data-track-category=\"Link no Texto\">Confira as vers\u00f5es e os pre\u00e7os<\/h2>\n<h4>Echo Dot<\/h4>\n<p>Menor e mais compacto, o Dot sai por R$ 249 durante a pr\u00e9-venda de 8 de outubro (pre\u00e7o base ser\u00e1 R$ 349)<\/p>\n<h4>Echo Show 5<\/h4>\n<p>Modelo um pouco maior, com uma tela de 5,5 polegadas, al\u00e9m de uma c\u00e2mera de alta defini\u00e7\u00e3o, \u00e9 poss\u00edvel conectar com pessoas que tenham o mesmo item. O Show 5 custar\u00e1 R$ 449 durante a pr\u00e9-venda at\u00e9 o dia 8 de outubro (pre\u00e7o base ser\u00e1 R$ 599).<\/p>\n<p>Al\u00e9m dos dois modelos, ser\u00e1 lan\u00e7ado o Amazon Echo em novembro. O item ser\u00e1 maior e com uma caixa de som mais potente, saindo por por R$ 699.<\/p>\n<p><a href=\"https:\/\/valor.globo.com\/financas\/noticia\/2019\/10\/02\/visa-e-mastercard-reconsideram-envolvimento-com-moeda-digital-do-facebook.ghtml\">Veja tamb\u00e9m: Arezzo assina acordo com Vans para ser distribuidora exclusiva no Brasil<\/a><\/p>\n<p>Quem adquirir um dos modelos poder\u00e1 ter o servi\u00e7o de m\u00fasica Amazon Music Unlimited, por R$ 6,90. At\u00e9 agora, a Amazon n\u00e3o esclareceu se os produtos da linha Echo ter\u00e3o algum tipo de parceria com o <strong>Amazon Prime<\/strong>.<\/p>\n<h2>Vers\u00e3o brasileira<\/h2>\n<p>Para atuar no Brasil, a Alexa foi adaptada pela Amazon para reconhecer diversos sotaques e entender costumes culturais: a intelig\u00eancia artificial ser\u00e1 capaz de entender piadas e memes, cantar hinos de quase 30 times diferentes, dizer qual \u00e9 seu livro predileto e quais cantores prefere.<\/p>\n<p>Aqui no Pa\u00eds, a assistente ter\u00e1 um perfil mais &#8220;descolado&#8221; em compara\u00e7\u00e3o com outros lugares onde j\u00e1 atua. Na Fran\u00e7a e no Jap\u00e3o, por exemplo, os usu\u00e1rios preferem que ela fale de uma maneira mais formal.<\/p>\n<p><a href=\"https:\/\/www.suno.com.br\/noticias\/softbank-startups-join-ventures-america-latina\/\">Saiba mais: Softbank anuncia seu projeto de investimento em startups na Am\u00e9rica Latina<\/a><\/p>\n<div class=\"mc-column content-text active-extra-styles \" data-block-type=\"unstyled\" data-block-weight=\"29\" data-block-id=\"26\">\n<p class=\"content-text__container \" data-track-category=\"Link no Texto\" data-track-links=\"\">&#8220;Ela informa como se fosse um amigo falando, foi uma das decis\u00f5es que tomamos no in\u00edcio do desenvolvimento por aqui&#8221;, afirmou Garrido.<\/p>\n<div class=\"mc-column content-text active-extra-styles \" data-block-type=\"unstyled\" data-block-weight=\"33\" data-block-id=\"27\">\n<div class=\"mc-column content-text active-extra-styles \" data-block-type=\"unstyled\" data-block-weight=\"45\" data-block-id=\"36\">\n<p class=\"content-text__container \" data-track-category=\"Link no Texto\" data-track-links=\"\">A implementa\u00e7\u00e3o da <strong>Alexa<\/strong> e da linha Echo \u00e9 outro passo de expans\u00e3o da <strong>Amazon<\/strong> no Brasil. A companhia estadunidense come\u00e7ou comercializando apenas livros no e-commerce, expandiu para vender tamb\u00e9m o leitor digital <strong>Kindle<\/strong> e depois incorporou o market place. No final de agosto, a empresa anunciou que o portf\u00f3lio de produtos vendidos no Brasil \u00e9 de aproximadamente 200 mil itens.<\/p>\n<\/div>\n<\/div>\n<\/div>\n<\/div>\n<\/div>\n","protected":false},"excerpt":{"rendered":"<p>Nesta quinta-feira (3), a Amazon lan\u00e7ou a sua assistente de voz no Brasil, chamada Alexa. Al\u00e9m disso, foram divulgados dois automatizadores de resid\u00eancia da linha Echo. Agenda do Dia Os aparelhos da Amazon est\u00e3o no per\u00edodo de pr\u00e9-venda. As entregas come\u00e7ar\u00e3o a serem realizadas no dia 8 de outubro. A multinacional varejista \u00e9 a primeira [&hellip;]<\/p>\n","protected":false},"author":24,"featured_media":37121,"comment_status":"closed","ping_status":"closed","sticky":false,"template":"","format":"standard","meta":[],"categories":[64],"tags":[694,803],"suno_strategy":[],"class_list":["post-39707","post","type-post","status-publish","format-standard","has-post-thumbnail","hentry","category-negocios","tag-amazon-amzo34","tag-varejo"],"yoast_head":"<!-- This site is optimized with the Yoast SEO plugin v24.4 - https:\/\/yoast.com\/wordpress\/plugins\/seo\/ -->\n<title>Amazon lan\u00e7a assistente de voz e novidades da linha Echo<\/title>\n<meta name=\"description\" content=\"Nesta quinta (3), a Amazon lan\u00e7ou a sua assistente de voz no Brasil, a Alexa. Al\u00e9m disso, foram anunciados itens da linha Echo. Saiba mais.\" \/>\n<meta name=\"robots\" content=\"index, follow, max-snippet:-1, max-image-preview:large, max-video-preview:-1\" \/>\n<link rel=\"canonical\" href=\"https:\/\/www.suno.com.br\/noticias\/amazon-lanca-assistente-de-voz-e-novidades-da-linha-echo\/\" \/>\n<meta property=\"og:locale\" content=\"pt_BR\" \/>\n<meta property=\"og:type\" content=\"article\" \/>\n<meta property=\"og:title\" content=\"Amazon lan\u00e7a assistente de voz e novidades da linha Echo\" \/>\n<meta property=\"og:description\" content=\"Nesta quinta (3), a Amazon lan\u00e7ou a sua assistente de voz no Brasil, a Alexa. Al\u00e9m disso, foram anunciados itens da linha Echo. Saiba mais.\" \/>\n<meta property=\"og:url\" content=\"https:\/\/www.suno.com.br\/noticias\/amazon-lanca-assistente-de-voz-e-novidades-da-linha-echo\/\" \/>\n<meta property=\"og:site_name\" content=\"Suno Not\u00edcias\" \/>\n<meta property=\"article:publisher\" content=\"https:\/\/facebook.com\/sunoresearch\" \/>\n<meta property=\"og:image\" content=\"https:\/\/files.sunoresearch.com.br\/n\/uploads\/2019\/09\/373373b4-amazon.jpg\" \/>\n\t<meta property=\"og:image:width\" content=\"1600\" \/>\n\t<meta property=\"og:image:height\" content=\"900\" \/>\n\t<meta property=\"og:image:type\" content=\"image\/jpeg\" \/>\n<meta name=\"author\" content=\"Jader Lazarini\" \/>\n<meta name=\"twitter:card\" content=\"summary_large_image\" \/>\n<meta name=\"twitter:creator\" content=\"@sunoresearch\" \/>\n<meta name=\"twitter:site\" content=\"@sunoresearch\" \/>\n<meta name=\"twitter:label1\" content=\"Escrito por\" \/>\n\t<meta name=\"twitter:data1\" content=\"Jader Lazarini\" \/>\n\t<meta name=\"twitter:label2\" content=\"Est. tempo de leitura\" \/>\n\t<meta name=\"twitter:data2\" content=\"3 minutos\" \/>\n<script type=\"application\/ld+json\" class=\"yoast-schema-graph\">{\"@context\":\"https:\/\/schema.org\",\"@graph\":[{\"@type\":\"NewsArticle\",\"@id\":\"https:\/\/www.suno.com.br\/noticias\/amazon-lanca-assistente-de-voz-e-novidades-da-linha-echo\/#article\",\"isPartOf\":{\"@id\":\"https:\/\/www.suno.com.br\/noticias\/amazon-lanca-assistente-de-voz-e-novidades-da-linha-echo\/\"},\"author\":{\"name\":\"Jader Lazarini\",\"@id\":\"https:\/\/www.suno.com.br\/noticias\/#\/schema\/person\/918d79de1f0281f01599b93f9ea6e23f\"},\"headline\":\"Amazon lan\u00e7a assistente de voz e novidades da linha Echo\",\"datePublished\":\"2019-10-03T11:28:42+00:00\",\"mainEntityOfPage\":{\"@id\":\"https:\/\/www.suno.com.br\/noticias\/amazon-lanca-assistente-de-voz-e-novidades-da-linha-echo\/\"},\"wordCount\":565,\"publisher\":{\"@id\":\"https:\/\/www.suno.com.br\/noticias\/#organization\"},\"image\":{\"@id\":\"https:\/\/www.suno.com.br\/noticias\/amazon-lanca-assistente-de-voz-e-novidades-da-linha-echo\/#primaryimage\"},\"thumbnailUrl\":\"https:\/\/files.sunoresearch.com.br\/n\/uploads\/2019\/09\/373373b4-amazon-jpg.webp\",\"keywords\":[\"Amazon (AMZO34)\",\"varejo\"],\"articleSection\":[\"Neg\u00f3cios\"],\"inLanguage\":\"pt-BR\"},{\"@type\":\"WebPage\",\"@id\":\"https:\/\/www.suno.com.br\/noticias\/amazon-lanca-assistente-de-voz-e-novidades-da-linha-echo\/\",\"url\":\"https:\/\/www.suno.com.br\/noticias\/amazon-lanca-assistente-de-voz-e-novidades-da-linha-echo\/\",\"name\":\"Amazon lan\u00e7a assistente de voz e novidades da linha Echo\",\"isPartOf\":{\"@id\":\"https:\/\/www.suno.com.br\/noticias\/#website\"},\"primaryImageOfPage\":{\"@id\":\"https:\/\/www.suno.com.br\/noticias\/amazon-lanca-assistente-de-voz-e-novidades-da-linha-echo\/#primaryimage\"},\"image\":{\"@id\":\"https:\/\/www.suno.com.br\/noticias\/amazon-lanca-assistente-de-voz-e-novidades-da-linha-echo\/#primaryimage\"},\"thumbnailUrl\":\"https:\/\/files.sunoresearch.com.br\/n\/uploads\/2019\/09\/373373b4-amazon-jpg.webp\",\"datePublished\":\"2019-10-03T11:28:42+00:00\",\"description\":\"Nesta quinta (3), a Amazon lan\u00e7ou a sua assistente de voz no Brasil, a Alexa. Al\u00e9m disso, foram anunciados itens da linha Echo. Saiba mais.\",\"breadcrumb\":{\"@id\":\"https:\/\/www.suno.com.br\/noticias\/amazon-lanca-assistente-de-voz-e-novidades-da-linha-echo\/#breadcrumb\"},\"inLanguage\":\"pt-BR\",\"potentialAction\":[{\"@type\":\"ReadAction\",\"target\":[\"https:\/\/www.suno.com.br\/noticias\/amazon-lanca-assistente-de-voz-e-novidades-da-linha-echo\/\"]}]},{\"@type\":\"ImageObject\",\"inLanguage\":\"pt-BR\",\"@id\":\"https:\/\/www.suno.com.br\/noticias\/amazon-lanca-assistente-de-voz-e-novidades-da-linha-echo\/#primaryimage\",\"url\":\"https:\/\/files.sunoresearch.com.br\/n\/uploads\/2019\/09\/373373b4-amazon-jpg.webp\",\"contentUrl\":\"https:\/\/files.sunoresearch.com.br\/n\/uploads\/2019\/09\/373373b4-amazon-jpg.webp\",\"width\":1600,\"height\":900,\"caption\":\"Agenda do Dia\"},{\"@type\":\"BreadcrumbList\",\"@id\":\"https:\/\/www.suno.com.br\/noticias\/amazon-lanca-assistente-de-voz-e-novidades-da-linha-echo\/#breadcrumb\",\"itemListElement\":[{\"@type\":\"ListItem\",\"position\":1,\"name\":\"Not\u00edcias\",\"item\":\"https:\/\/www.suno.com.br\/noticias\/\"},{\"@type\":\"ListItem\",\"position\":2,\"name\":\"Neg\u00f3cios\",\"item\":\"https:\/\/www.suno.com.br\/noticias\/negocios\/\"},{\"@type\":\"ListItem\",\"position\":3,\"name\":\"Amazon lan\u00e7a assistente de voz e novidades da linha Echo\"}]},{\"@type\":\"WebSite\",\"@id\":\"https:\/\/www.suno.com.br\/noticias\/#website\",\"url\":\"https:\/\/www.suno.com.br\/noticias\/\",\"name\":\"Suno Not\u00edcias\",\"description\":\"Seu portal de informa\u00e7\u00e3o sobre o mundo dos investimentos\",\"publisher\":{\"@id\":\"https:\/\/www.suno.com.br\/noticias\/#organization\"},\"potentialAction\":[{\"@type\":\"SearchAction\",\"target\":{\"@type\":\"EntryPoint\",\"urlTemplate\":\"https:\/\/www.suno.com.br\/noticias\/?s={search_term_string}\"},\"query-input\":{\"@type\":\"PropertyValueSpecification\",\"valueRequired\":true,\"valueName\":\"search_term_string\"}}],\"inLanguage\":\"pt-BR\"},{\"@type\":\"Organization\",\"@id\":\"https:\/\/www.suno.com.br\/noticias\/#organization\",\"name\":\"Suno Not\u00edcias\",\"url\":\"https:\/\/www.suno.com.br\/noticias\/\",\"logo\":{\"@type\":\"ImageObject\",\"inLanguage\":\"pt-BR\",\"@id\":\"https:\/\/www.suno.com.br\/noticias\/#\/schema\/logo\/image\/\",\"url\":\"https:\/\/files.sunoresearch.com.br\/n\/uploads\/2021\/09\/suno-logo.png\",\"contentUrl\":\"https:\/\/files.sunoresearch.com.br\/n\/uploads\/2021\/09\/suno-logo.png\",\"width\":180,\"height\":180,\"caption\":\"Suno Not\u00edcias\"},\"image\":{\"@id\":\"https:\/\/www.suno.com.br\/noticias\/#\/schema\/logo\/image\/\"},\"sameAs\":[\"https:\/\/facebook.com\/sunoresearch\",\"https:\/\/x.com\/sunoresearch\",\"https:\/\/www.instagram.com\/suno\",\"https:\/\/www.linkedin.com\/company\/suno-research\/\",\"https:\/\/www.youtube.com\/c\/sunoresearch\"]},{\"@type\":\"Person\",\"@id\":\"https:\/\/www.suno.com.br\/noticias\/#\/schema\/person\/918d79de1f0281f01599b93f9ea6e23f\",\"name\":\"Jader Lazarini\",\"image\":{\"@type\":\"ImageObject\",\"inLanguage\":\"pt-BR\",\"@id\":\"https:\/\/www.suno.com.br\/noticias\/#\/schema\/person\/image\/\",\"url\":\"https:\/\/secure.gravatar.com\/avatar\/3c1ad8caa51589841baeb923fcddea97?s=96&r=g\",\"contentUrl\":\"https:\/\/secure.gravatar.com\/avatar\/3c1ad8caa51589841baeb923fcddea97?s=96&r=g\",\"caption\":\"Jader Lazarini\"},\"description\":\"Jader Lazarini escreve sobre investimentos, finan\u00e7as, economia e neg\u00f3cios. \u00c9 bacharel em Rela\u00e7\u00f5es Internacionais e analista CNPI (2619).\",\"url\":\"https:\/\/www.suno.com.br\/noticias\/author\/jader-lazarini\/\"}]}<\/script>\n<!-- \/ Yoast SEO plugin. -->","yoast_head_json":{"title":"Amazon lan\u00e7a assistente de voz e novidades da linha Echo","description":"Nesta quinta (3), a Amazon lan\u00e7ou a sua assistente de voz no Brasil, a Alexa. Al\u00e9m disso, foram anunciados itens da linha Echo. Saiba mais.","robots":{"index":"index","follow":"follow","max-snippet":"max-snippet:-1","max-image-preview":"max-image-preview:large","max-video-preview":"max-video-preview:-1"},"canonical":"https:\/\/www.suno.com.br\/noticias\/amazon-lanca-assistente-de-voz-e-novidades-da-linha-echo\/","og_locale":"pt_BR","og_type":"article","og_title":"Amazon lan\u00e7a assistente de voz e novidades da linha Echo","og_description":"Nesta quinta (3), a Amazon lan\u00e7ou a sua assistente de voz no Brasil, a Alexa. Al\u00e9m disso, foram anunciados itens da linha Echo. Saiba mais.","og_url":"https:\/\/www.suno.com.br\/noticias\/amazon-lanca-assistente-de-voz-e-novidades-da-linha-echo\/","og_site_name":"Suno Not\u00edcias","article_publisher":"https:\/\/facebook.com\/sunoresearch","og_image":[{"width":1600,"height":900,"url":"https:\/\/files.sunoresearch.com.br\/n\/uploads\/2019\/09\/373373b4-amazon.jpg","type":"image\/jpeg"}],"author":"Jader Lazarini","twitter_card":"summary_large_image","twitter_creator":"@sunoresearch","twitter_site":"@sunoresearch","twitter_misc":{"Escrito por":"Jader Lazarini","Est. tempo de leitura":"3 minutos"},"schema":{"@context":"https:\/\/schema.org","@graph":[{"@type":"NewsArticle","@id":"https:\/\/www.suno.com.br\/noticias\/amazon-lanca-assistente-de-voz-e-novidades-da-linha-echo\/#article","isPartOf":{"@id":"https:\/\/www.suno.com.br\/noticias\/amazon-lanca-assistente-de-voz-e-novidades-da-linha-echo\/"},"author":{"name":"Jader Lazarini","@id":"https:\/\/www.suno.com.br\/noticias\/#\/schema\/person\/918d79de1f0281f01599b93f9ea6e23f"},"headline":"Amazon lan\u00e7a assistente de voz e novidades da linha Echo","datePublished":"2019-10-03T11:28:42+00:00","mainEntityOfPage":{"@id":"https:\/\/www.suno.com.br\/noticias\/amazon-lanca-assistente-de-voz-e-novidades-da-linha-echo\/"},"wordCount":565,"publisher":{"@id":"https:\/\/www.suno.com.br\/noticias\/#organization"},"image":{"@id":"https:\/\/www.suno.com.br\/noticias\/amazon-lanca-assistente-de-voz-e-novidades-da-linha-echo\/#primaryimage"},"thumbnailUrl":"https:\/\/files.sunoresearch.com.br\/n\/uploads\/2019\/09\/373373b4-amazon-jpg.webp","keywords":["Amazon (AMZO34)","varejo"],"articleSection":["Neg\u00f3cios"],"inLanguage":"pt-BR"},{"@type":"WebPage","@id":"https:\/\/www.suno.com.br\/noticias\/amazon-lanca-assistente-de-voz-e-novidades-da-linha-echo\/","url":"https:\/\/www.suno.com.br\/noticias\/amazon-lanca-assistente-de-voz-e-novidades-da-linha-echo\/","name":"Amazon lan\u00e7a assistente de voz e novidades da linha Echo","isPartOf":{"@id":"https:\/\/www.suno.com.br\/noticias\/#website"},"primaryImageOfPage":{"@id":"https:\/\/www.suno.com.br\/noticias\/amazon-lanca-assistente-de-voz-e-novidades-da-linha-echo\/#primaryimage"},"image":{"@id":"https:\/\/www.suno.com.br\/noticias\/amazon-lanca-assistente-de-voz-e-novidades-da-linha-echo\/#primaryimage"},"thumbnailUrl":"https:\/\/files.sunoresearch.com.br\/n\/uploads\/2019\/09\/373373b4-amazon-jpg.webp","datePublished":"2019-10-03T11:28:42+00:00","description":"Nesta quinta (3), a Amazon lan\u00e7ou a sua assistente de voz no Brasil, a Alexa. Al\u00e9m disso, foram anunciados itens da linha Echo. Saiba mais.","breadcrumb":{"@id":"https:\/\/www.suno.com.br\/noticias\/amazon-lanca-assistente-de-voz-e-novidades-da-linha-echo\/#breadcrumb"},"inLanguage":"pt-BR","potentialAction":[{"@type":"ReadAction","target":["https:\/\/www.suno.com.br\/noticias\/amazon-lanca-assistente-de-voz-e-novidades-da-linha-echo\/"]}]},{"@type":"ImageObject","inLanguage":"pt-BR","@id":"https:\/\/www.suno.com.br\/noticias\/amazon-lanca-assistente-de-voz-e-novidades-da-linha-echo\/#primaryimage","url":"https:\/\/files.sunoresearch.com.br\/n\/uploads\/2019\/09\/373373b4-amazon-jpg.webp","contentUrl":"https:\/\/files.sunoresearch.com.br\/n\/uploads\/2019\/09\/373373b4-amazon-jpg.webp","width":1600,"height":900,"caption":"Agenda do Dia"},{"@type":"BreadcrumbList","@id":"https:\/\/www.suno.com.br\/noticias\/amazon-lanca-assistente-de-voz-e-novidades-da-linha-echo\/#breadcrumb","itemListElement":[{"@type":"ListItem","position":1,"name":"Not\u00edcias","item":"https:\/\/www.suno.com.br\/noticias\/"},{"@type":"ListItem","position":2,"name":"Neg\u00f3cios","item":"https:\/\/www.suno.com.br\/noticias\/negocios\/"},{"@type":"ListItem","position":3,"name":"Amazon lan\u00e7a assistente de voz e novidades da linha Echo"}]},{"@type":"WebSite","@id":"https:\/\/www.suno.com.br\/noticias\/#website","url":"https:\/\/www.suno.com.br\/noticias\/","name":"Suno Not\u00edcias","description":"Seu portal de informa\u00e7\u00e3o sobre o mundo dos investimentos","publisher":{"@id":"https:\/\/www.suno.com.br\/noticias\/#organization"},"potentialAction":[{"@type":"SearchAction","target":{"@type":"EntryPoint","urlTemplate":"https:\/\/www.suno.com.br\/noticias\/?s={search_term_string}"},"query-input":{"@type":"PropertyValueSpecification","valueRequired":true,"valueName":"search_term_string"}}],"inLanguage":"pt-BR"},{"@type":"Organization","@id":"https:\/\/www.suno.com.br\/noticias\/#organization","name":"Suno Not\u00edcias","url":"https:\/\/www.suno.com.br\/noticias\/","logo":{"@type":"ImageObject","inLanguage":"pt-BR","@id":"https:\/\/www.suno.com.br\/noticias\/#\/schema\/logo\/image\/","url":"https:\/\/files.sunoresearch.com.br\/n\/uploads\/2021\/09\/suno-logo.png","contentUrl":"https:\/\/files.sunoresearch.com.br\/n\/uploads\/2021\/09\/suno-logo.png","width":180,"height":180,"caption":"Suno Not\u00edcias"},"image":{"@id":"https:\/\/www.suno.com.br\/noticias\/#\/schema\/logo\/image\/"},"sameAs":["https:\/\/facebook.com\/sunoresearch","https:\/\/x.com\/sunoresearch","https:\/\/www.instagram.com\/suno","https:\/\/www.linkedin.com\/company\/suno-research\/","https:\/\/www.youtube.com\/c\/sunoresearch"]},{"@type":"Person","@id":"https:\/\/www.suno.com.br\/noticias\/#\/schema\/person\/918d79de1f0281f01599b93f9ea6e23f","name":"Jader Lazarini","image":{"@type":"ImageObject","inLanguage":"pt-BR","@id":"https:\/\/www.suno.com.br\/noticias\/#\/schema\/person\/image\/","url":"https:\/\/secure.gravatar.com\/avatar\/3c1ad8caa51589841baeb923fcddea97?s=96&r=g","contentUrl":"https:\/\/secure.gravatar.com\/avatar\/3c1ad8caa51589841baeb923fcddea97?s=96&r=g","caption":"Jader Lazarini"},"description":"Jader Lazarini escreve sobre investimentos, finan\u00e7as, economia e neg\u00f3cios. \u00c9 bacharel em Rela\u00e7\u00f5es Internacionais e analista CNPI (2619).","url":"https:\/\/www.suno.com.br\/noticias\/author\/jader-lazarini\/"}]}},"default_loop_html":"<div class=\"cardsPage__listCard__boxs\"><div class=\"cardsPage__listCard__boxs__img\"><a href=\"https:\/\/www.suno.com.br\/noticias\/amazon-lanca-assistente-de-voz-e-novidades-da-linha-echo\/\"><img class=\"mask\" src=\"https:\/\/www.suno.com.br\/noticias\/wp-content\/themes\/suno\/resources\/images\/spotlight\/spotlight1img\/bg-mask.png\" alt=\"Image Mask\"\/><img src=\"https:\/\/files.sunoresearch.com.br\/n\/uploads\/2019\/09\/373373b4-amazon-400x200.webp\" alt=\"Amazon lan\u00e7a assistente de voz e novidades da linha Echo\"\/><\/a><span class=\"spotlightCategory\"><a href=\"https:\/\/www.suno.com.br\/noticias\/negocios\/\">Neg\u00f3cios<\/a><\/span><\/div><div class=\"cardsPage__listCard__boxs__content\"><a href=\"https:\/\/www.suno.com.br\/noticias\/amazon-lanca-assistente-de-voz-e-novidades-da-linha-echo\/\"><h2 class=\"content__title\">Amazon lan\u00e7a assistente de voz e novidades da linha Echo<\/h2><\/a><div class=\"newsContent__article__meta\"><div class=\"newsContent__article__meta__authorBox\"><a href=\"https:\/\/www.suno.com.br\/noticias\/author\/jader-lazarini\/\" class=\"authorBox__avatar noMobi\"><img src=\"https:\/\/files.sunoresearch.com.br\/n\/uploads\/2021\/01\/178e6598-foto-perfil-2-150x150.jpg\" alt=\"Jader Lazarini\"><\/a><div class=\"authorBox__name\"><span>por\n\t\t\t<a href=\"https:\/\/www.suno.com.br\/noticias\/author\/jader-lazarini\/\"><span itemprop=\"author\">Jader Lazarini<\/span><\/a><\/span><time datetime=\"2019-10-03T08:28:42-03:00\" itemprop=\"datePublished\">03\/10\/2019 08:28<\/time><\/div><\/div><\/div><\/div><\/div>","single_layout":"posts","amp_enabled":true,"_links":{"self":[{"href":"https:\/\/www.suno.com.br\/noticias\/wp-json\/wp\/v2\/posts\/39707"}],"collection":[{"href":"https:\/\/www.suno.com.br\/noticias\/wp-json\/wp\/v2\/posts"}],"about":[{"href":"https:\/\/www.suno.com.br\/noticias\/wp-json\/wp\/v2\/types\/post"}],"author":[{"embeddable":true,"href":"https:\/\/www.suno.com.br\/noticias\/wp-json\/wp\/v2\/users\/24"}],"replies":[{"embeddable":true,"href":"https:\/\/www.suno.com.br\/noticias\/wp-json\/wp\/v2\/comments?post=39707"}],"version-history":[{"count":0,"href":"https:\/\/www.suno.com.br\/noticias\/wp-json\/wp\/v2\/posts\/39707\/revisions"}],"wp:featuredmedia":[{"embeddable":true,"href":"https:\/\/www.suno.com.br\/noticias\/wp-json\/wp\/v2\/media\/37121"}],"wp:attachment":[{"href":"https:\/\/www.suno.com.br\/noticias\/wp-json\/wp\/v2\/media?parent=39707"}],"wp:term":[{"taxonomy":"category","embeddable":true,"href":"https:\/\/www.suno.com.br\/noticias\/wp-json\/wp\/v2\/categories?post=39707"},{"taxonomy":"post_tag","embeddable":true,"href":"https:\/\/www.suno.com.br\/noticias\/wp-json\/wp\/v2\/tags?post=39707"},{"taxonomy":"suno_strategy","embeddable":true,"href":"https:\/\/www.suno.com.br\/noticias\/wp-json\/wp\/v2\/suno_strategy?post=39707"}],"curies":[{"name":"wp","href":"https:\/\/api.w.org\/{rel}","templated":true}]}}