{"id":396922,"date":"2023-04-28T19:15:27","date_gmt":"2023-04-28T22:15:27","guid":{"rendered":"https:\/\/www.suno.com.br\/noticias\/?p=396922"},"modified":"2023-04-28T19:15:59","modified_gmt":"2023-04-28T22:15:59","slug":"marinho-confirma-isencao-imposto-renda-ir","status":"publish","type":"post","link":"https:\/\/www.suno.com.br\/noticias\/marinho-confirma-isencao-imposto-renda-ir\/","title":{"rendered":"Luiz Marinho confirma isen\u00e7\u00e3o do Imposto de Renda para quem ganha at\u00e9 R$ 2.640"},"content":{"rendered":"<p>Est\u00e1 confirmado: ganhos de at\u00e9 R$ 2.640 estar\u00e3o isen\u00e7\u00e3o do <strong>Imposto de Renda<\/strong> <a class=\"suno-keyword\" target=\"_blank\" data-force=\"no\" data-priority=\"1\" href=\"https:\/\/www.suno.com.br\/artigos\/pessoa-fisica\/\" rel=\"noopener\">Pessoa F\u00edsica<\/a> (IRPF) a partir de maio. A informa\u00e7\u00e3o foi dita hoje (28) pelo ministro do Trabalho e Emprego, Luiz Marinho. Segundo ele, o governo est\u00e1 cumprindo um compromisso de campanha do presidente Luiz In\u00e1cio Lula da Silva de elevar gradualmente a faixa de isen\u00e7\u00e3o.<img decoding=\"async\" style=\"width: 1px; height: 1px;\" src=\"https:\/\/agenciabrasil.ebc.com.br\/ebc.png?id=1526750&amp;o=rss\"><img decoding=\"async\" style=\"width: 1px; height: 1px;\" src=\"https:\/\/agenciabrasil.ebc.com.br\/ebc.gif?id=1526750&amp;o=rss\"><\/p>\t<div class=\"wrapper-featured-image\">\n\t\t<figure class=\"spotlightImg\">\n\n\t\t\t<picture>\n\t\t\t\t<source media=\"(max-width: 768px)\" srcset=\"https:\/\/files.sunoresearch.com.br\/n\/uploads\/2023\/01\/luiz-marinho-ministro-trabalho-emprego-400x200.jpg\">\n\t\t\t\t<img loading=\"lazy\" decoding=\"async\" class=\"newsContent__article__imgCapa lazyloadDisabled \" src=\"https:\/\/files.sunoresearch.com.br\/n\/uploads\/2023\/01\/luiz-marinho-ministro-trabalho-emprego-800x450.jpg\" width=\"800\" height=\"450\" alt=\"Luiz Marinho confirma isen\u00e7\u00e3o do Imposto de Renda para quem ganha at\u00e9 R$ 2.640\" fetchpriority=high \/>\n\t\t\t<\/picture>\n\n\t\t\t<figcaption class=\"wp-caption-text wp-caption-text--show\">Luiz Marinho, ministro do Trabalho e Emprego. Foto: Marcelo Camargo\/Ag\u00eancia Brasil<\/figcaption>\n\t\t<\/figure>\n\t<\/div>\n\n\n\n\n\n\t<p>\n\t\t<a href=\"https:\/\/lp.suno.com.br\/suno-one\/?utm_campaign=_SNC6964518A_\" target=\"_blank\" data-element=\"shortcode-suno-banner\" title=\"Banner SUNO, clique e saiba mais\">\n\t\t\t<picture>\n\t\t\t\t<source media=\"(max-width: 500px)\" srcset=\"https:\/\/files.sunoresearch.com.br\/n\/uploads\/2025\/09\/400x300-Suno-One-png.webp\">\n\t\t\t\t<img class=\"newsContent__article__imgCapa newsContent__article__imgCapa--banner\"\n\t\t\t\t\tsrc=\"https:\/\/files.sunoresearch.com.br\/n\/uploads\/2025\/09\/1420x240-Suno-One-png.webp\"\n\t\t\t\t\tdata-promo-id=\"383121\"\t\t\t\t\t\t\t\t\t\twidth='1420' height='240'\t\t\t\t\talt=\"https:\/\/files.sunoresearch.com.br\/n\/uploads\/2025\/09\/1420x240-Suno-One-png.webp\"\n\t\t\t\t>\n\t\t\t<\/picture>\n\t\t<\/a>\n\t<\/p>\n\n\n\n\n\n<p>\u201cH\u00e1 o compromisso do presidente Lula de<strong> isentar do IR <\/strong>sal\u00e1rios de at\u00e9 R$ 5 mil, at\u00e9 o fim do governo. Por enquanto, os sal\u00e1rios de at\u00e9 R$ 2.640, a partir de 1\u00ba de maio, n\u00e3o ter\u00e3o reten\u00e7\u00e3o do IR. Durante o mandato, vamos voltar a falar de isen\u00e7\u00e3o quando a condi\u00e7\u00e3o econ\u00f4mica permitir\u201d, disse o ministro, ap\u00f3s cerim\u00f4nia de assinatura do reajuste de 9% para os servidores do Executivo federal.<\/p>\n\n\n\n<p>O aumento da isen\u00e7\u00e3o se dar\u00e1 pela combina\u00e7\u00e3o de duas medidas. A<strong> faixa de isen\u00e7\u00e3o na tabela do IRPF<\/strong> passar\u00e1 de R$ 1.903,98, valor em vigor desde 2015, para R$ 2.112. Al\u00e9m disso, haver\u00e1 um desconto de R$ 528 sobre o imposto pago na fonte, retido automaticamente todos os meses.<\/p>\n\n\n\n<p>Ao somar os dois valores, o da nova faixa de isen\u00e7\u00e3o e o do desconto, o valor chega a R$ 2.640. A quantia equivale a dois sal\u00e1rios m\u00ednimos de R$ 1.320, valor que vigorar\u00e1 a partir de maio. At\u00e9 o fim de abril, o <a class=\"suno-keyword\" target=\"_blank\" data-force=\"no\" data-priority=\"3\" href=\"https:\/\/www.suno.com.br\/artigos\/salario-minimo\/\" rel=\"noopener\">sal\u00e1rio m\u00ednimo<\/a> est\u00e1 em R$ 1.304.<\/p>\n\n\n\n<p>O ministro do Trabalho e Emprego informou que a medida dever\u00e1 ser institu\u00edda por um \u201cato discricion\u00e1rio\u201d da Receita Federal. Segundo o ministro, a formaliza\u00e7\u00e3o do aumento \u201cest\u00e1 tramitando\u201d dentro do \u00f3rg\u00e3o.<\/p>\n\n\n\t<p>\n\t\t<a href=\"https:\/\/lp.suno.com.br\/ebook-guia-ir\/\" target=\"_blank\" data-element=\"shortcode-suno-banner\" title=\"Banner SUNO, clique e saiba mais\">\n\t\t\t<picture>\n\t\t\t\t<source media=\"(max-width: 500px)\" srcset=\"https:\/\/files.sunoresearch.com.br\/n\/uploads\/2023\/03\/400x300-Ebook-IR.png\">\n\t\t\t\t<img class=\"newsContent__article__imgCapa newsContent__article__imgCapa--banner\"\n\t\t\t\t\tsrc=\"https:\/\/files.sunoresearch.com.br\/n\/uploads\/2023\/03\/1420x240-Ebook-IR.png\"\n\t\t\t\t\tdata-promo-id=\"383124\"\t\t\t\t\t\t\t\t\t\twidth='1420' height='240'\t\t\t\t\talt=\"https:\/\/files.sunoresearch.com.br\/n\/uploads\/2023\/03\/1420x240-Ebook-IR.png\"\n\t\t\t\t>\n\t\t\t<\/picture>\n\t\t<\/a>\n\t<\/p>\n\n\n\n\n\n<h2 class=\"wp-block-heading\">Novo sal\u00e1rio m\u00ednimo e o imposto de renda<\/h2>\n\n\n\n<p>Em rela\u00e7\u00e3o ao <strong>aumento do <a class=\"suno-keyword\" data-force=\"no\" data-priority=\"3\" href=\"https:\/\/www.suno.com.br\/artigos\/salario-minimo\/\" target=\"_blank\" rel=\"noopener\">sal\u00e1rio m\u00ednimo<\/a><\/strong> para R$ 1.320, Marinho disse j\u00e1 ter assinado a medida provis\u00f3ria (MP). \u201cJ\u00e1 assinei a MP do sal\u00e1rio m\u00ednimo, falta a assinatura do presidente\u201d, disse. <\/p>\n\n\n\n<p>A eleva\u00e7\u00e3o do m\u00ednimo foi oficialmente decidida ontem (27), em reuni\u00e3o entre o presidente Lula, as centrais sindicais e ministros da \u00e1rea econ\u00f4mica. A medida ser\u00e1 anunciada durante as comemora\u00e7\u00f5es do Dia do Trabalhador em S\u00e3o Paulo, mas ainda n\u00e3o se sabe se a MP s\u00f3 ser\u00e1 publicada em 1\u00ba de maio ou sair\u00e1 antes, em edi\u00e7\u00e3o extraordin\u00e1ria do <em>Di\u00e1rio Oficial da Uni\u00e3o.<\/em><\/p>\n\n\n\n<p>Segundo a Receita Federal, 13,7 milh\u00f5es de contribuintes deixar\u00e3o de <strong>pagar Imposto de Renda<\/strong> a partir do pr\u00f3ximo m\u00eas com a isen\u00e7\u00e3o para quem recebe at\u00e9 R$ 2.640. Isso equivale a 40% das pessoas f\u00edsicas que pagam o tributo.<\/p>\n\n\n\n<p><em>Com informa\u00e7\u00f5es da Ag\u00eancia Brasil<\/em><\/p>\n\n\n\t<p>\n\t\t<a href=\"https:\/\/lp.suno.com.br\/planilha-da-vida-financeira\/\" target=\"_blank\" data-element=\"shortcode-suno-banner\" title=\"Banner SUNO, clique e saiba mais\">\n\t\t\t<picture>\n\t\t\t\t<source media=\"(max-width: 500px)\" srcset=\"https:\/\/files.sunoresearch.com.br\/n\/uploads\/2023\/04\/400x300-Planilha-vida-financeira-true.png\">\n\t\t\t\t<img class=\"newsContent__article__imgCapa newsContent__article__imgCapa--banner\"\n\t\t\t\t\tsrc=\"https:\/\/files.sunoresearch.com.br\/n\/uploads\/2023\/04\/1420x240-Planilha-vida-financeira-true.png\"\n\t\t\t\t\tdata-promo-id=\"383123\"\t\t\t\t\t\t\t\t\t\twidth='1420' height='240'\t\t\t\t\talt=\"https:\/\/files.sunoresearch.com.br\/n\/uploads\/2023\/04\/1420x240-Planilha-vida-financeira-true.png\"\n\t\t\t\t>\n\t\t\t<\/picture>\n\t\t<\/a>\n\t<\/p>\n\n\n","protected":false},"excerpt":{"rendered":"<p>Est\u00e1 confirmado: ganhos de at\u00e9 R$ 2.640 estar\u00e3o isen\u00e7\u00e3o do Imposto de Renda Pessoa F\u00edsica (IRPF) a partir de maio. A informa\u00e7\u00e3o foi dita hoje (28) pelo ministro do Trabalho e Emprego, Luiz Marinho. Segundo ele, o governo est\u00e1 cumprindo um compromisso de campanha do presidente Luiz In\u00e1cio Lula da Silva de elevar gradualmente a [&hellip;]<\/p>\n","protected":false},"author":233,"featured_media":341600,"comment_status":"closed","ping_status":"closed","sticky":false,"template":"","format":"standard","meta":[],"categories":[62,65],"tags":[303,1824],"suno_strategy":[],"class_list":["post-396922","post","type-post","status-publish","format-standard","has-post-thumbnail","hentry","category-economia","category-financas-pessoais","tag-imposto-de-renda","tag-salario-minimo"],"yoast_head":"<!-- This site is optimized with the Yoast SEO plugin v24.4 - https:\/\/yoast.com\/wordpress\/plugins\/seo\/ -->\n<title>Imposto de Renda: Marinho confirma isen\u00e7\u00e3o em ganhos de at\u00e9 R$ 2.640<\/title>\n<meta name=\"description\" content=\"Est\u00e1 confirmado: ganhos de at\u00e9 R$ 2.640 estar\u00e3o isen\u00e7\u00e3o do Imposto de Renda Pessoa F\u00edsica (IRPF) a partir de maio. Confira!\" \/>\n<meta name=\"robots\" content=\"index, follow, max-snippet:-1, max-image-preview:large, max-video-preview:-1\" \/>\n<link rel=\"canonical\" href=\"https:\/\/www.suno.com.br\/noticias\/marinho-confirma-isencao-imposto-renda-ir\/\" \/>\n<meta property=\"og:locale\" content=\"pt_BR\" \/>\n<meta property=\"og:type\" content=\"article\" \/>\n<meta property=\"og:title\" content=\"Imposto de Renda: Marinho confirma isen\u00e7\u00e3o em ganhos de at\u00e9 R$ 2.640\" \/>\n<meta property=\"og:description\" content=\"Est\u00e1 confirmado: ganhos de at\u00e9 R$ 2.640 estar\u00e3o isen\u00e7\u00e3o do Imposto de Renda Pessoa F\u00edsica (IRPF) a partir de maio. Confira!\" \/>\n<meta property=\"og:url\" content=\"https:\/\/www.suno.com.br\/noticias\/marinho-confirma-isencao-imposto-renda-ir\/\" \/>\n<meta property=\"og:site_name\" content=\"Suno Not\u00edcias\" \/>\n<meta property=\"article:publisher\" content=\"https:\/\/facebook.com\/sunoresearch\" \/>\n<meta property=\"og:image\" content=\"https:\/\/files.sunoresearch.com.br\/n\/uploads\/2023\/01\/luiz-marinho-ministro-trabalho-emprego.jpg\" \/>\n\t<meta property=\"og:image:width\" content=\"1200\" \/>\n\t<meta property=\"og:image:height\" content=\"800\" \/>\n\t<meta property=\"og:image:type\" content=\"image\/jpeg\" \/>\n<meta name=\"author\" content=\"Janize Cola\u00e7o\" \/>\n<meta name=\"twitter:card\" content=\"summary_large_image\" \/>\n<meta name=\"twitter:creator\" content=\"@sunoresearch\" \/>\n<meta name=\"twitter:site\" content=\"@sunoresearch\" \/>\n<meta name=\"twitter:label1\" content=\"Escrito por\" \/>\n\t<meta name=\"twitter:data1\" content=\"Janize Cola\u00e7o\" \/>\n\t<meta name=\"twitter:label2\" content=\"Est. tempo de leitura\" \/>\n\t<meta name=\"twitter:data2\" content=\"3 minutos\" \/>\n<script type=\"application\/ld+json\" class=\"yoast-schema-graph\">{\"@context\":\"https:\/\/schema.org\",\"@graph\":[{\"@type\":\"NewsArticle\",\"@id\":\"https:\/\/www.suno.com.br\/noticias\/marinho-confirma-isencao-imposto-renda-ir\/#article\",\"isPartOf\":{\"@id\":\"https:\/\/www.suno.com.br\/noticias\/marinho-confirma-isencao-imposto-renda-ir\/\"},\"author\":{\"name\":\"Janize Cola\u00e7o\",\"@id\":\"https:\/\/www.suno.com.br\/noticias\/#\/schema\/person\/d689f06da5678e1f0b1ee402f001d676\"},\"headline\":\"Luiz Marinho confirma isen\u00e7\u00e3o do Imposto de Renda para quem ganha at\u00e9 R$ 2.640\",\"datePublished\":\"2023-04-28T22:15:27+00:00\",\"dateModified\":\"2023-04-28T22:15:59+00:00\",\"mainEntityOfPage\":{\"@id\":\"https:\/\/www.suno.com.br\/noticias\/marinho-confirma-isencao-imposto-renda-ir\/\"},\"wordCount\":468,\"publisher\":{\"@id\":\"https:\/\/www.suno.com.br\/noticias\/#organization\"},\"image\":{\"@id\":\"https:\/\/www.suno.com.br\/noticias\/marinho-confirma-isencao-imposto-renda-ir\/#primaryimage\"},\"thumbnailUrl\":\"https:\/\/files.sunoresearch.com.br\/n\/uploads\/2023\/01\/luiz-marinho-ministro-trabalho-emprego.jpg\",\"keywords\":[\"Imposto de Renda\",\"sal\u00e1rio m\u00ednimo\"],\"articleSection\":[\"Economia\",\"Finan\u00e7as Pessoais\"],\"inLanguage\":\"pt-BR\"},{\"@type\":\"WebPage\",\"@id\":\"https:\/\/www.suno.com.br\/noticias\/marinho-confirma-isencao-imposto-renda-ir\/\",\"url\":\"https:\/\/www.suno.com.br\/noticias\/marinho-confirma-isencao-imposto-renda-ir\/\",\"name\":\"Imposto de Renda: Marinho confirma isen\u00e7\u00e3o em ganhos de at\u00e9 R$ 2.640\",\"isPartOf\":{\"@id\":\"https:\/\/www.suno.com.br\/noticias\/#website\"},\"primaryImageOfPage\":{\"@id\":\"https:\/\/www.suno.com.br\/noticias\/marinho-confirma-isencao-imposto-renda-ir\/#primaryimage\"},\"image\":{\"@id\":\"https:\/\/www.suno.com.br\/noticias\/marinho-confirma-isencao-imposto-renda-ir\/#primaryimage\"},\"thumbnailUrl\":\"https:\/\/files.sunoresearch.com.br\/n\/uploads\/2023\/01\/luiz-marinho-ministro-trabalho-emprego.jpg\",\"datePublished\":\"2023-04-28T22:15:27+00:00\",\"dateModified\":\"2023-04-28T22:15:59+00:00\",\"description\":\"Est\u00e1 confirmado: ganhos de at\u00e9 R$ 2.640 estar\u00e3o isen\u00e7\u00e3o do Imposto de Renda Pessoa F\u00edsica (IRPF) a partir de maio. Confira!\",\"breadcrumb\":{\"@id\":\"https:\/\/www.suno.com.br\/noticias\/marinho-confirma-isencao-imposto-renda-ir\/#breadcrumb\"},\"inLanguage\":\"pt-BR\",\"potentialAction\":[{\"@type\":\"ReadAction\",\"target\":[\"https:\/\/www.suno.com.br\/noticias\/marinho-confirma-isencao-imposto-renda-ir\/\"]}]},{\"@type\":\"ImageObject\",\"inLanguage\":\"pt-BR\",\"@id\":\"https:\/\/www.suno.com.br\/noticias\/marinho-confirma-isencao-imposto-renda-ir\/#primaryimage\",\"url\":\"https:\/\/files.sunoresearch.com.br\/n\/uploads\/2023\/01\/luiz-marinho-ministro-trabalho-emprego.jpg\",\"contentUrl\":\"https:\/\/files.sunoresearch.com.br\/n\/uploads\/2023\/01\/luiz-marinho-ministro-trabalho-emprego.jpg\",\"width\":1200,\"height\":800,\"caption\":\"Luiz Marinho, ministro do Trabalho e Emprego. Foto: Marcelo Camargo\/Ag\u00eancia Brasil\"},{\"@type\":\"BreadcrumbList\",\"@id\":\"https:\/\/www.suno.com.br\/noticias\/marinho-confirma-isencao-imposto-renda-ir\/#breadcrumb\",\"itemListElement\":[{\"@type\":\"ListItem\",\"position\":1,\"name\":\"Not\u00edcias\",\"item\":\"https:\/\/www.suno.com.br\/noticias\/\"},{\"@type\":\"ListItem\",\"position\":2,\"name\":\"Economia\",\"item\":\"https:\/\/www.suno.com.br\/noticias\/economia\/\"},{\"@type\":\"ListItem\",\"position\":3,\"name\":\"Luiz Marinho confirma isen\u00e7\u00e3o do Imposto de Renda para quem ganha at\u00e9 R$ 2.640\"}]},{\"@type\":\"WebSite\",\"@id\":\"https:\/\/www.suno.com.br\/noticias\/#website\",\"url\":\"https:\/\/www.suno.com.br\/noticias\/\",\"name\":\"Suno Not\u00edcias\",\"description\":\"Seu portal de informa\u00e7\u00e3o sobre o mundo dos investimentos\",\"publisher\":{\"@id\":\"https:\/\/www.suno.com.br\/noticias\/#organization\"},\"potentialAction\":[{\"@type\":\"SearchAction\",\"target\":{\"@type\":\"EntryPoint\",\"urlTemplate\":\"https:\/\/www.suno.com.br\/noticias\/?s={search_term_string}\"},\"query-input\":{\"@type\":\"PropertyValueSpecification\",\"valueRequired\":true,\"valueName\":\"search_term_string\"}}],\"inLanguage\":\"pt-BR\"},{\"@type\":\"Organization\",\"@id\":\"https:\/\/www.suno.com.br\/noticias\/#organization\",\"name\":\"Suno Not\u00edcias\",\"url\":\"https:\/\/www.suno.com.br\/noticias\/\",\"logo\":{\"@type\":\"ImageObject\",\"inLanguage\":\"pt-BR\",\"@id\":\"https:\/\/www.suno.com.br\/noticias\/#\/schema\/logo\/image\/\",\"url\":\"https:\/\/files.sunoresearch.com.br\/n\/uploads\/2021\/09\/suno-logo.png\",\"contentUrl\":\"https:\/\/files.sunoresearch.com.br\/n\/uploads\/2021\/09\/suno-logo.png\",\"width\":180,\"height\":180,\"caption\":\"Suno Not\u00edcias\"},\"image\":{\"@id\":\"https:\/\/www.suno.com.br\/noticias\/#\/schema\/logo\/image\/\"},\"sameAs\":[\"https:\/\/facebook.com\/sunoresearch\",\"https:\/\/x.com\/sunoresearch\",\"https:\/\/www.instagram.com\/suno\",\"https:\/\/www.linkedin.com\/company\/suno-research\/\",\"https:\/\/www.youtube.com\/c\/sunoresearch\"]},{\"@type\":\"Person\",\"@id\":\"https:\/\/www.suno.com.br\/noticias\/#\/schema\/person\/d689f06da5678e1f0b1ee402f001d676\",\"name\":\"Janize Cola\u00e7o\",\"image\":{\"@type\":\"ImageObject\",\"inLanguage\":\"pt-BR\",\"@id\":\"https:\/\/www.suno.com.br\/noticias\/#\/schema\/person\/image\/\",\"url\":\"https:\/\/secure.gravatar.com\/avatar\/32b3bf89abae63ca2cf961bc051522d0?s=96&r=g\",\"contentUrl\":\"https:\/\/secure.gravatar.com\/avatar\/32b3bf89abae63ca2cf961bc051522d0?s=96&r=g\",\"caption\":\"Janize Cola\u00e7o\"},\"description\":\"Jornalista formada pela PUC-SP com passagens pela Record TV, Globo Cond\u00e9 Nast, Revista Panrotas e Editora Via. Hoje, \u00e9 rep\u00f3rter no Suno Not\u00edcias, cobrindo pautas sobre mercado, pol\u00edtica, economia e bolsa de valores.\",\"url\":\"https:\/\/www.suno.com.br\/noticias\/author\/janize-colaco\/\"}]}<\/script>\n<!-- \/ Yoast SEO plugin. -->","yoast_head_json":{"title":"Imposto de Renda: Marinho confirma isen\u00e7\u00e3o em ganhos de at\u00e9 R$ 2.640","description":"Est\u00e1 confirmado: ganhos de at\u00e9 R$ 2.640 estar\u00e3o isen\u00e7\u00e3o do Imposto de Renda Pessoa F\u00edsica (IRPF) a partir de maio. Confira!","robots":{"index":"index","follow":"follow","max-snippet":"max-snippet:-1","max-image-preview":"max-image-preview:large","max-video-preview":"max-video-preview:-1"},"canonical":"https:\/\/www.suno.com.br\/noticias\/marinho-confirma-isencao-imposto-renda-ir\/","og_locale":"pt_BR","og_type":"article","og_title":"Imposto de Renda: Marinho confirma isen\u00e7\u00e3o em ganhos de at\u00e9 R$ 2.640","og_description":"Est\u00e1 confirmado: ganhos de at\u00e9 R$ 2.640 estar\u00e3o isen\u00e7\u00e3o do Imposto de Renda Pessoa F\u00edsica (IRPF) a partir de maio. Confira!","og_url":"https:\/\/www.suno.com.br\/noticias\/marinho-confirma-isencao-imposto-renda-ir\/","og_site_name":"Suno Not\u00edcias","article_publisher":"https:\/\/facebook.com\/sunoresearch","og_image":[{"width":1200,"height":800,"url":"https:\/\/files.sunoresearch.com.br\/n\/uploads\/2023\/01\/luiz-marinho-ministro-trabalho-emprego.jpg","type":"image\/jpeg"}],"author":"Janize Cola\u00e7o","twitter_card":"summary_large_image","twitter_creator":"@sunoresearch","twitter_site":"@sunoresearch","twitter_misc":{"Escrito por":"Janize Cola\u00e7o","Est. tempo de leitura":"3 minutos"},"schema":{"@context":"https:\/\/schema.org","@graph":[{"@type":"NewsArticle","@id":"https:\/\/www.suno.com.br\/noticias\/marinho-confirma-isencao-imposto-renda-ir\/#article","isPartOf":{"@id":"https:\/\/www.suno.com.br\/noticias\/marinho-confirma-isencao-imposto-renda-ir\/"},"author":{"name":"Janize Cola\u00e7o","@id":"https:\/\/www.suno.com.br\/noticias\/#\/schema\/person\/d689f06da5678e1f0b1ee402f001d676"},"headline":"Luiz Marinho confirma isen\u00e7\u00e3o do Imposto de Renda para quem ganha at\u00e9 R$ 2.640","datePublished":"2023-04-28T22:15:27+00:00","dateModified":"2023-04-28T22:15:59+00:00","mainEntityOfPage":{"@id":"https:\/\/www.suno.com.br\/noticias\/marinho-confirma-isencao-imposto-renda-ir\/"},"wordCount":468,"publisher":{"@id":"https:\/\/www.suno.com.br\/noticias\/#organization"},"image":{"@id":"https:\/\/www.suno.com.br\/noticias\/marinho-confirma-isencao-imposto-renda-ir\/#primaryimage"},"thumbnailUrl":"https:\/\/files.sunoresearch.com.br\/n\/uploads\/2023\/01\/luiz-marinho-ministro-trabalho-emprego.jpg","keywords":["Imposto de Renda","sal\u00e1rio m\u00ednimo"],"articleSection":["Economia","Finan\u00e7as Pessoais"],"inLanguage":"pt-BR"},{"@type":"WebPage","@id":"https:\/\/www.suno.com.br\/noticias\/marinho-confirma-isencao-imposto-renda-ir\/","url":"https:\/\/www.suno.com.br\/noticias\/marinho-confirma-isencao-imposto-renda-ir\/","name":"Imposto de Renda: Marinho confirma isen\u00e7\u00e3o em ganhos de at\u00e9 R$ 2.640","isPartOf":{"@id":"https:\/\/www.suno.com.br\/noticias\/#website"},"primaryImageOfPage":{"@id":"https:\/\/www.suno.com.br\/noticias\/marinho-confirma-isencao-imposto-renda-ir\/#primaryimage"},"image":{"@id":"https:\/\/www.suno.com.br\/noticias\/marinho-confirma-isencao-imposto-renda-ir\/#primaryimage"},"thumbnailUrl":"https:\/\/files.sunoresearch.com.br\/n\/uploads\/2023\/01\/luiz-marinho-ministro-trabalho-emprego.jpg","datePublished":"2023-04-28T22:15:27+00:00","dateModified":"2023-04-28T22:15:59+00:00","description":"Est\u00e1 confirmado: ganhos de at\u00e9 R$ 2.640 estar\u00e3o isen\u00e7\u00e3o do Imposto de Renda Pessoa F\u00edsica (IRPF) a partir de maio. Confira!","breadcrumb":{"@id":"https:\/\/www.suno.com.br\/noticias\/marinho-confirma-isencao-imposto-renda-ir\/#breadcrumb"},"inLanguage":"pt-BR","potentialAction":[{"@type":"ReadAction","target":["https:\/\/www.suno.com.br\/noticias\/marinho-confirma-isencao-imposto-renda-ir\/"]}]},{"@type":"ImageObject","inLanguage":"pt-BR","@id":"https:\/\/www.suno.com.br\/noticias\/marinho-confirma-isencao-imposto-renda-ir\/#primaryimage","url":"https:\/\/files.sunoresearch.com.br\/n\/uploads\/2023\/01\/luiz-marinho-ministro-trabalho-emprego.jpg","contentUrl":"https:\/\/files.sunoresearch.com.br\/n\/uploads\/2023\/01\/luiz-marinho-ministro-trabalho-emprego.jpg","width":1200,"height":800,"caption":"Luiz Marinho, ministro do Trabalho e Emprego. Foto: Marcelo Camargo\/Ag\u00eancia Brasil"},{"@type":"BreadcrumbList","@id":"https:\/\/www.suno.com.br\/noticias\/marinho-confirma-isencao-imposto-renda-ir\/#breadcrumb","itemListElement":[{"@type":"ListItem","position":1,"name":"Not\u00edcias","item":"https:\/\/www.suno.com.br\/noticias\/"},{"@type":"ListItem","position":2,"name":"Economia","item":"https:\/\/www.suno.com.br\/noticias\/economia\/"},{"@type":"ListItem","position":3,"name":"Luiz Marinho confirma isen\u00e7\u00e3o do Imposto de Renda para quem ganha at\u00e9 R$ 2.640"}]},{"@type":"WebSite","@id":"https:\/\/www.suno.com.br\/noticias\/#website","url":"https:\/\/www.suno.com.br\/noticias\/","name":"Suno Not\u00edcias","description":"Seu portal de informa\u00e7\u00e3o sobre o mundo dos investimentos","publisher":{"@id":"https:\/\/www.suno.com.br\/noticias\/#organization"},"potentialAction":[{"@type":"SearchAction","target":{"@type":"EntryPoint","urlTemplate":"https:\/\/www.suno.com.br\/noticias\/?s={search_term_string}"},"query-input":{"@type":"PropertyValueSpecification","valueRequired":true,"valueName":"search_term_string"}}],"inLanguage":"pt-BR"},{"@type":"Organization","@id":"https:\/\/www.suno.com.br\/noticias\/#organization","name":"Suno Not\u00edcias","url":"https:\/\/www.suno.com.br\/noticias\/","logo":{"@type":"ImageObject","inLanguage":"pt-BR","@id":"https:\/\/www.suno.com.br\/noticias\/#\/schema\/logo\/image\/","url":"https:\/\/files.sunoresearch.com.br\/n\/uploads\/2021\/09\/suno-logo.png","contentUrl":"https:\/\/files.sunoresearch.com.br\/n\/uploads\/2021\/09\/suno-logo.png","width":180,"height":180,"caption":"Suno Not\u00edcias"},"image":{"@id":"https:\/\/www.suno.com.br\/noticias\/#\/schema\/logo\/image\/"},"sameAs":["https:\/\/facebook.com\/sunoresearch","https:\/\/x.com\/sunoresearch","https:\/\/www.instagram.com\/suno","https:\/\/www.linkedin.com\/company\/suno-research\/","https:\/\/www.youtube.com\/c\/sunoresearch"]},{"@type":"Person","@id":"https:\/\/www.suno.com.br\/noticias\/#\/schema\/person\/d689f06da5678e1f0b1ee402f001d676","name":"Janize Cola\u00e7o","image":{"@type":"ImageObject","inLanguage":"pt-BR","@id":"https:\/\/www.suno.com.br\/noticias\/#\/schema\/person\/image\/","url":"https:\/\/secure.gravatar.com\/avatar\/32b3bf89abae63ca2cf961bc051522d0?s=96&r=g","contentUrl":"https:\/\/secure.gravatar.com\/avatar\/32b3bf89abae63ca2cf961bc051522d0?s=96&r=g","caption":"Janize Cola\u00e7o"},"description":"Jornalista formada pela PUC-SP com passagens pela Record TV, Globo Cond\u00e9 Nast, Revista Panrotas e Editora Via. Hoje, \u00e9 rep\u00f3rter no Suno Not\u00edcias, cobrindo pautas sobre mercado, pol\u00edtica, economia e bolsa de valores.","url":"https:\/\/www.suno.com.br\/noticias\/author\/janize-colaco\/"}]}},"default_loop_html":"<div class=\"cardsPage__listCard__boxs\"><div class=\"cardsPage__listCard__boxs__img\"><a href=\"https:\/\/www.suno.com.br\/noticias\/marinho-confirma-isencao-imposto-renda-ir\/\"><img class=\"mask\" src=\"https:\/\/www.suno.com.br\/noticias\/wp-content\/themes\/suno\/resources\/images\/spotlight\/spotlight1img\/bg-mask.png\" alt=\"Image Mask\"\/><img src=\"https:\/\/files.sunoresearch.com.br\/n\/uploads\/2023\/01\/luiz-marinho-ministro-trabalho-emprego-400x200.jpg\" alt=\"Luiz Marinho confirma isen\u00e7\u00e3o do Imposto de Renda para quem ganha at\u00e9 R$ 2.640\"\/><\/a><span class=\"spotlightCategory\"><a href=\"https:\/\/www.suno.com.br\/noticias\/economia\/\">Economia<\/a><\/span><\/div><div class=\"cardsPage__listCard__boxs__content\"><a href=\"https:\/\/www.suno.com.br\/noticias\/marinho-confirma-isencao-imposto-renda-ir\/\"><h2 class=\"content__title\">Luiz Marinho confirma isen\u00e7\u00e3o do Imposto de Renda para quem ganha at\u00e9 R$ 2.640<\/h2><\/a><div class=\"newsContent__article__meta\"><div class=\"newsContent__article__meta__authorBox\"><a href=\"https:\/\/www.suno.com.br\/noticias\/author\/janize-colaco\/\" class=\"authorBox__avatar noMobi\"><img src=\"https:\/\/files.sunoresearch.com.br\/n\/uploads\/2022\/11\/20221120_111807-1-150x150.jpg\" alt=\"Janize Cola\u00e7o\"><\/a><div class=\"authorBox__name\"><span>por\n\t\t\t<a href=\"https:\/\/www.suno.com.br\/noticias\/author\/janize-colaco\/\"><span itemprop=\"author\">Janize Cola\u00e7o<\/span><\/a><\/span><time datetime=\"2023-04-28T19:15:27-03:00\" itemprop=\"datePublished\">28\/04\/2023 19:15<\/time><\/div><\/div><\/div><\/div><\/div>","single_layout":"posts","amp_enabled":true,"_links":{"self":[{"href":"https:\/\/www.suno.com.br\/noticias\/wp-json\/wp\/v2\/posts\/396922"}],"collection":[{"href":"https:\/\/www.suno.com.br\/noticias\/wp-json\/wp\/v2\/posts"}],"about":[{"href":"https:\/\/www.suno.com.br\/noticias\/wp-json\/wp\/v2\/types\/post"}],"author":[{"embeddable":true,"href":"https:\/\/www.suno.com.br\/noticias\/wp-json\/wp\/v2\/users\/233"}],"replies":[{"embeddable":true,"href":"https:\/\/www.suno.com.br\/noticias\/wp-json\/wp\/v2\/comments?post=396922"}],"version-history":[{"count":3,"href":"https:\/\/www.suno.com.br\/noticias\/wp-json\/wp\/v2\/posts\/396922\/revisions"}],"predecessor-version":[{"id":397030,"href":"https:\/\/www.suno.com.br\/noticias\/wp-json\/wp\/v2\/posts\/396922\/revisions\/397030"}],"wp:featuredmedia":[{"embeddable":true,"href":"https:\/\/www.suno.com.br\/noticias\/wp-json\/wp\/v2\/media\/341600"}],"wp:attachment":[{"href":"https:\/\/www.suno.com.br\/noticias\/wp-json\/wp\/v2\/media?parent=396922"}],"wp:term":[{"taxonomy":"category","embeddable":true,"href":"https:\/\/www.suno.com.br\/noticias\/wp-json\/wp\/v2\/categories?post=396922"},{"taxonomy":"post_tag","embeddable":true,"href":"https:\/\/www.suno.com.br\/noticias\/wp-json\/wp\/v2\/tags?post=396922"},{"taxonomy":"suno_strategy","embeddable":true,"href":"https:\/\/www.suno.com.br\/noticias\/wp-json\/wp\/v2\/suno_strategy?post=396922"}],"curies":[{"name":"wp","href":"https:\/\/api.w.org\/{rel}","templated":true}]}}