{"id":39690,"date":"2019-10-02T19:42:03","date_gmt":"2019-10-02T22:42:03","guid":{"rendered":"https:\/\/www.suno.com.br\/noticias\/?p=39690"},"modified":"2019-10-02T19:42:03","modified_gmt":"2019-10-02T22:42:03","slug":"acordo-ue-mercosul-aprovado-2020","status":"publish","type":"post","link":"https:\/\/www.suno.com.br\/noticias\/acordo-ue-mercosul-aprovado-2020\/","title":{"rendered":"Acordo entre UE e Mercosul ser\u00e1 aprovado ap\u00f3s 2020, diz comiss\u00e1ria"},"content":{"rendered":"<p>A comiss\u00e1ria de Com\u00e9rcio da <a href=\"https:\/\/www.suno.com.br\/artigos\/uniao-europeia\/\"><strong>Uni\u00e3o Europeia<\/strong><\/a>, Cecilia Malmstr\u00f6m, declarou na \u00faltima ter\u00e7a-feira (1) que o bloco n\u00e3o assinar\u00e1 o <a href=\"https:\/\/www.suno.com.br\/artigos\/acordo-comercial\/\"><strong>acordo comercial<\/strong><\/a> com o <a href=\"https:\/\/www.suno.com.br\/artigos\/mercosul\/\">Mercosul<\/a> antes do final de 2020.<\/p>\t<div class=\"wrapper-featured-image\">\n\t\t<figure class=\"spotlightImg\">\n\n\t\t\t<picture>\n\t\t\t\t<source media=\"(max-width: 768px)\" srcset=\"https:\/\/files.sunoresearch.com.br\/n\/uploads\/2019\/07\/2ccd4418-mercosul-ue-400x200.webp\">\n\t\t\t\t<img loading=\"lazy\" decoding=\"async\" class=\"newsContent__article__imgCapa lazyloadDisabled newsContent__article__imgCapa--noCaption\" src=\"https:\/\/files.sunoresearch.com.br\/n\/uploads\/2019\/07\/2ccd4418-mercosul-ue-jpg.webp\" width=\"800\" height=\"450\" alt=\"Acordo entre UE e Mercosul ser\u00e1 aprovado ap\u00f3s 2020, diz comiss\u00e1ria\" fetchpriority=high \/>\n\t\t\t<\/picture>\n\n\t\t\t<figcaption class=\"wp-caption-text wp-caption-text--hide\">Acordo entre UE e Mercosul ser\u00e1 aprovado ap\u00f3s 2020, diz comiss\u00e1ria<\/figcaption>\n\t\t<\/figure>\n\t<\/div>\n\n\n<p>De acordo com Malmstr\u00f6m, at\u00e9 que o acordo seja aprovado, os pa\u00edses do <strong>Mercosul<\/strong> e da UE dever\u00e3o buscar compromissos com &#8216;seus respectivos interessados&#8217;.<\/p>\n\n<p>&#8220;Isso provavelmente n\u00e3o chegar\u00e1 \u00e0 mesa dos ministros antes do Natal do pr\u00f3ximo ano&#8221;, declarou a comiss\u00e1ria.<\/p>\n<p>Antes de ser aprovado, os pa\u00edses europeus far\u00e3o uma s\u00e9rie de revis\u00f5es no acordo. Ap\u00f3s a aprova\u00e7\u00e3o, a alian\u00e7a entrar\u00e1 em vigor provisoriamente at\u00e9 a valida\u00e7\u00e3o dos parlamentos de todas as na\u00e7\u00f5es envolvidas.<\/p>\n<p>O <strong>Acordo de Paris<\/strong> sobre as mudan\u00e7as clim\u00e1ticas foi citado pela comiss\u00e1ria como uma problem\u00e1tica para o acordo, caso n\u00e3o seja respeitado. A declara\u00e7\u00e3o ocorreu pois alguns membros da <strong>UE<\/strong> est\u00e3o pressionando o governo brasileiro a respeito das pol\u00edticas ambientais do Pa\u00eds.<\/p>\n<h2>Preserva\u00e7\u00e3o ambiental no acordo entre Mercosul e UE<\/h2>\n<p>Na \u00faltima semana, Malmstro\u0308m j\u00e1 havia demonstrado preocupa\u00e7\u00e3o com os reflexos das pol\u00edticas ambientais do <strong>Brasil<\/strong> para o acordo entre os dois blocos, segundo o chanceler brasileiro Ernesto Ara\u00fajo.<\/p>\n<p>&#8220;Ela [Malmstro\u0308m] mencionou essa preocupa\u00e7\u00e3o de alguns membros em rela\u00e7\u00e3o \u00e0 ratifica\u00e7\u00e3o. O que conversamos \u00e9 que precisamos intensificar o di\u00e1logo para mostrar qual \u00e9 a prioridade da Amaz\u00f4nia, a dimens\u00e3o real da quest\u00e3o, a qualidade das pol\u00edticas brasileiras e o que est\u00e1 sendo feito&#8221;, afirmou Ara\u00fajo.<\/p>\n\t<p>\n\t\t<a href=\"https:\/\/lp.suno.com.br\/asset\/suno-fundo-infra-estrutura-snid11\/\" target=\"_blank\" data-element=\"shortcode-suno-banner\" title=\"Banner SUNO, clique e saiba mais\">\n\t\t\t<picture>\n\t\t\t\t<source media=\"(max-width: 500px)\" srcset=\"https:\/\/files.sunoresearch.com.br\/n\/uploads\/2024\/01\/400x300-Banner-Home-1-SNID-AO.png\">\n\t\t\t\t<img class=\"newsContent__article__imgCapa newsContent__article__imgCapa--banner\"\n\t\t\t\t\tsrc=\"https:\/\/files.sunoresearch.com.br\/n\/uploads\/2024\/01\/1420x240-Banner-Home-1-SNID-AO.png\"\n\t\t\t\t\tdata-promo-id=\"364419\"\t\t\t\t\t\t\t\t\t\twidth='1420' height='240'\t\t\t\t\talt=\"https:\/\/files.sunoresearch.com.br\/n\/uploads\/2024\/01\/1420x240-Banner-Home-1-SNID-AO.png\"\n\t\t\t\t>\n\t\t\t<\/picture>\n\t\t<\/a>\n\t<\/p>\n\n\n<p>De acordo com o chanceler, os blocos est\u00e3o enfrentando problemas de comunica\u00e7\u00e3o. Por conta disso, a UE n\u00e3o possu\u00ed a percep\u00e7\u00e3o correta sobre as pol\u00edticas ambientais brasileiras.<\/p>\n<h2>\u00c1ustria veta acordo de livre com\u00e9rcio<\/h2>\n<p>O Parlamento da <strong>\u00c1ustria<\/strong> decidiu rejeitar o acordo comercial entre os dois blocos. Para que o tratado seja ratificado \u00e9 necess\u00e1rio da aprova\u00e7\u00e3o de ao menos 28 pa\u00edses do bloco europeu.<\/p>\n<p><a href=\"https:\/\/www.suno.com.br\/noticias\/austria-rejeita-veta-acordo-entre-ue-mercosul\/\">Saiba mais: \u00c1ustria veta acordo de livre-com\u00e9rcio entre Mercosul e Uni\u00e3o Europeia<\/a><\/p>\n<p>O pa\u00eds europeu acredita que o Brasil n\u00e3o tem compromisso com a preserva\u00e7\u00e3o da Amaz\u00f4nia. &#8220;O acordo teria sido ruim para a nossa agricultura, mas especialmente para a prote\u00e7\u00e3o clim\u00e1tica e os direitos trabalhistas na Am\u00e9rica do Sul&#8221;, disse o vice-chefe do Partido Social-Democrata do pa\u00eds, J\u00f6rg Leichtfried.<\/p>\n<p>A Fran\u00e7a, no m\u00eas de agosto, ap\u00f3s as <a href=\"https:\/\/www.suno.com.br\/noticias\/mercosul-uniao-europeia-acordo-franca-amazonia\/\">queimadas na Amaz\u00f4nia<\/a>, se posicionou contra acordo de livre-com\u00e9rcio entre o <strong>Mercosul<\/strong> e a UE. O presidente fr\u00e2nces Emmanuel Macron acusou o presidente da Rep\u00fablica Jair Bolsonaro de mentir sobre as quest\u00f5es ambientais do Pa\u00eds.<\/p>\n","protected":false},"excerpt":{"rendered":"<p>A comiss\u00e1ria de Com\u00e9rcio da Uni\u00e3o Europeia, Cecilia Malmstr\u00f6m, declarou na \u00faltima ter\u00e7a-feira (1) que o bloco n\u00e3o assinar\u00e1 o acordo comercial com o Mercosul antes do final de 2020. Acordo entre UE e Mercosul ser\u00e1 aprovado ap\u00f3s 2020, diz comiss\u00e1ria De acordo com Malmstr\u00f6m, at\u00e9 que o acordo seja aprovado, os pa\u00edses do Mercosul [&hellip;]<\/p>\n","protected":false},"author":18,"featured_media":31634,"comment_status":"closed","ping_status":"closed","sticky":false,"template":"","format":"standard","meta":[],"categories":[63],"tags":[1546,810,868,731],"suno_strategy":[],"class_list":["post-39690","post","type-post","status-publish","format-standard","has-post-thumbnail","hentry","category-internacional","tag-acordo-comercial","tag-acordo-de-paris","tag-mercosul","tag-uniao-europeia"],"yoast_head":"<!-- This site is optimized with the Yoast SEO plugin v24.4 - https:\/\/yoast.com\/wordpress\/plugins\/seo\/ -->\n<title>Acordo entre UE e Mercosul ser\u00e1 aprovado ap\u00f3s 2020, diz comiss\u00e1ria<\/title>\n<meta name=\"description\" content=\"A comiss\u00e1ria de Com\u00e9rcio da UE disse que o bloco n\u00e3o assinar\u00e1 o acordo comercial com o Mercosul antes do fim de 2020. Clique para saber mais.\" \/>\n<meta name=\"robots\" content=\"index, follow, max-snippet:-1, max-image-preview:large, max-video-preview:-1\" \/>\n<link rel=\"canonical\" href=\"https:\/\/www.suno.com.br\/noticias\/acordo-ue-mercosul-aprovado-2020\/\" \/>\n<meta property=\"og:locale\" content=\"pt_BR\" \/>\n<meta property=\"og:type\" content=\"article\" \/>\n<meta property=\"og:title\" content=\"Acordo entre UE e Mercosul ser\u00e1 aprovado ap\u00f3s 2020, diz comiss\u00e1ria\" \/>\n<meta property=\"og:description\" content=\"A comiss\u00e1ria de Com\u00e9rcio da UE disse que o bloco n\u00e3o assinar\u00e1 o acordo comercial com o Mercosul antes do fim de 2020. Clique para saber mais.\" \/>\n<meta property=\"og:url\" content=\"https:\/\/www.suno.com.br\/noticias\/acordo-ue-mercosul-aprovado-2020\/\" \/>\n<meta property=\"og:site_name\" content=\"Suno Not\u00edcias\" \/>\n<meta property=\"article:publisher\" content=\"https:\/\/facebook.com\/sunoresearch\" \/>\n<meta property=\"og:image\" content=\"https:\/\/files.sunoresearch.com.br\/n\/uploads\/2019\/07\/2ccd4418-mercosul-ue.jpg\" \/>\n\t<meta property=\"og:image:width\" content=\"640\" \/>\n\t<meta property=\"og:image:height\" content=\"359\" \/>\n\t<meta property=\"og:image:type\" content=\"image\/jpeg\" \/>\n<meta name=\"author\" content=\"Giovanna Oliveira\" \/>\n<meta name=\"twitter:card\" content=\"summary_large_image\" \/>\n<meta name=\"twitter:creator\" content=\"@sunoresearch\" \/>\n<meta name=\"twitter:site\" content=\"@sunoresearch\" \/>\n<meta name=\"twitter:label1\" content=\"Escrito por\" \/>\n\t<meta name=\"twitter:data1\" content=\"Giovanna Oliveira\" \/>\n\t<meta name=\"twitter:label2\" content=\"Est. tempo de leitura\" \/>\n\t<meta name=\"twitter:data2\" content=\"2 minutos\" \/>\n<script type=\"application\/ld+json\" class=\"yoast-schema-graph\">{\"@context\":\"https:\/\/schema.org\",\"@graph\":[{\"@type\":\"NewsArticle\",\"@id\":\"https:\/\/www.suno.com.br\/noticias\/acordo-ue-mercosul-aprovado-2020\/#article\",\"isPartOf\":{\"@id\":\"https:\/\/www.suno.com.br\/noticias\/acordo-ue-mercosul-aprovado-2020\/\"},\"author\":{\"name\":\"Giovanna Oliveira\",\"@id\":\"https:\/\/www.suno.com.br\/noticias\/#\/schema\/person\/4e19e3d2575736e5283d58eb3199d120\"},\"headline\":\"Acordo entre UE e Mercosul ser\u00e1 aprovado ap\u00f3s 2020, diz comiss\u00e1ria\",\"datePublished\":\"2019-10-02T22:42:03+00:00\",\"mainEntityOfPage\":{\"@id\":\"https:\/\/www.suno.com.br\/noticias\/acordo-ue-mercosul-aprovado-2020\/\"},\"wordCount\":480,\"publisher\":{\"@id\":\"https:\/\/www.suno.com.br\/noticias\/#organization\"},\"image\":{\"@id\":\"https:\/\/www.suno.com.br\/noticias\/acordo-ue-mercosul-aprovado-2020\/#primaryimage\"},\"thumbnailUrl\":\"https:\/\/files.sunoresearch.com.br\/n\/uploads\/2019\/07\/2ccd4418-mercosul-ue-jpg.webp\",\"keywords\":[\"acordo comercial\",\"Acordo de Paris\",\"Mercosul\",\"Uni\u00e3o Europeia\"],\"articleSection\":[\"Internacional\"],\"inLanguage\":\"pt-BR\"},{\"@type\":\"WebPage\",\"@id\":\"https:\/\/www.suno.com.br\/noticias\/acordo-ue-mercosul-aprovado-2020\/\",\"url\":\"https:\/\/www.suno.com.br\/noticias\/acordo-ue-mercosul-aprovado-2020\/\",\"name\":\"Acordo entre UE e Mercosul ser\u00e1 aprovado ap\u00f3s 2020, diz comiss\u00e1ria\",\"isPartOf\":{\"@id\":\"https:\/\/www.suno.com.br\/noticias\/#website\"},\"primaryImageOfPage\":{\"@id\":\"https:\/\/www.suno.com.br\/noticias\/acordo-ue-mercosul-aprovado-2020\/#primaryimage\"},\"image\":{\"@id\":\"https:\/\/www.suno.com.br\/noticias\/acordo-ue-mercosul-aprovado-2020\/#primaryimage\"},\"thumbnailUrl\":\"https:\/\/files.sunoresearch.com.br\/n\/uploads\/2019\/07\/2ccd4418-mercosul-ue-jpg.webp\",\"datePublished\":\"2019-10-02T22:42:03+00:00\",\"description\":\"A comiss\u00e1ria de Com\u00e9rcio da UE disse que o bloco n\u00e3o assinar\u00e1 o acordo comercial com o Mercosul antes do fim de 2020. Clique para saber mais.\",\"breadcrumb\":{\"@id\":\"https:\/\/www.suno.com.br\/noticias\/acordo-ue-mercosul-aprovado-2020\/#breadcrumb\"},\"inLanguage\":\"pt-BR\",\"potentialAction\":[{\"@type\":\"ReadAction\",\"target\":[\"https:\/\/www.suno.com.br\/noticias\/acordo-ue-mercosul-aprovado-2020\/\"]}]},{\"@type\":\"ImageObject\",\"inLanguage\":\"pt-BR\",\"@id\":\"https:\/\/www.suno.com.br\/noticias\/acordo-ue-mercosul-aprovado-2020\/#primaryimage\",\"url\":\"https:\/\/files.sunoresearch.com.br\/n\/uploads\/2019\/07\/2ccd4418-mercosul-ue-jpg.webp\",\"contentUrl\":\"https:\/\/files.sunoresearch.com.br\/n\/uploads\/2019\/07\/2ccd4418-mercosul-ue-jpg.webp\",\"width\":640,\"height\":359,\"caption\":\"Acordo entre UE e Mercosul ser\u00e1 aprovado ap\u00f3s 2020, diz comiss\u00e1ria\"},{\"@type\":\"BreadcrumbList\",\"@id\":\"https:\/\/www.suno.com.br\/noticias\/acordo-ue-mercosul-aprovado-2020\/#breadcrumb\",\"itemListElement\":[{\"@type\":\"ListItem\",\"position\":1,\"name\":\"Not\u00edcias\",\"item\":\"https:\/\/www.suno.com.br\/noticias\/\"},{\"@type\":\"ListItem\",\"position\":2,\"name\":\"Internacional\",\"item\":\"https:\/\/www.suno.com.br\/noticias\/internacional\/\"},{\"@type\":\"ListItem\",\"position\":3,\"name\":\"Acordo entre UE e Mercosul ser\u00e1 aprovado ap\u00f3s 2020, diz comiss\u00e1ria\"}]},{\"@type\":\"WebSite\",\"@id\":\"https:\/\/www.suno.com.br\/noticias\/#website\",\"url\":\"https:\/\/www.suno.com.br\/noticias\/\",\"name\":\"Suno Not\u00edcias\",\"description\":\"Seu portal de informa\u00e7\u00e3o sobre o mundo dos investimentos\",\"publisher\":{\"@id\":\"https:\/\/www.suno.com.br\/noticias\/#organization\"},\"potentialAction\":[{\"@type\":\"SearchAction\",\"target\":{\"@type\":\"EntryPoint\",\"urlTemplate\":\"https:\/\/www.suno.com.br\/noticias\/?s={search_term_string}\"},\"query-input\":{\"@type\":\"PropertyValueSpecification\",\"valueRequired\":true,\"valueName\":\"search_term_string\"}}],\"inLanguage\":\"pt-BR\"},{\"@type\":\"Organization\",\"@id\":\"https:\/\/www.suno.com.br\/noticias\/#organization\",\"name\":\"Suno Not\u00edcias\",\"url\":\"https:\/\/www.suno.com.br\/noticias\/\",\"logo\":{\"@type\":\"ImageObject\",\"inLanguage\":\"pt-BR\",\"@id\":\"https:\/\/www.suno.com.br\/noticias\/#\/schema\/logo\/image\/\",\"url\":\"https:\/\/files.sunoresearch.com.br\/n\/uploads\/2021\/09\/suno-logo.png\",\"contentUrl\":\"https:\/\/files.sunoresearch.com.br\/n\/uploads\/2021\/09\/suno-logo.png\",\"width\":180,\"height\":180,\"caption\":\"Suno Not\u00edcias\"},\"image\":{\"@id\":\"https:\/\/www.suno.com.br\/noticias\/#\/schema\/logo\/image\/\"},\"sameAs\":[\"https:\/\/facebook.com\/sunoresearch\",\"https:\/\/x.com\/sunoresearch\",\"https:\/\/www.instagram.com\/suno\",\"https:\/\/www.linkedin.com\/company\/suno-research\/\",\"https:\/\/www.youtube.com\/c\/sunoresearch\"]},{\"@type\":\"Person\",\"@id\":\"https:\/\/www.suno.com.br\/noticias\/#\/schema\/person\/4e19e3d2575736e5283d58eb3199d120\",\"name\":\"Giovanna Oliveira\",\"image\":{\"@type\":\"ImageObject\",\"inLanguage\":\"pt-BR\",\"@id\":\"https:\/\/www.suno.com.br\/noticias\/#\/schema\/person\/image\/\",\"url\":\"https:\/\/secure.gravatar.com\/avatar\/9a37b3ae208962ac568992d0ffdbc2eb?s=96&r=g\",\"contentUrl\":\"https:\/\/secure.gravatar.com\/avatar\/9a37b3ae208962ac568992d0ffdbc2eb?s=96&r=g\",\"caption\":\"Giovanna Oliveira\"},\"description\":\"Giovanna Oliveira escreve sobre economia e pol\u00edtica. Foi rep\u00f3rter do portal de jornalismo da ESPM-SP e produziu conte\u00fado para a Corinthians TV. \u00c9 estudante da ESPM.\",\"url\":\"https:\/\/www.suno.com.br\/noticias\/author\/giovanna\/\"}]}<\/script>\n<!-- \/ Yoast SEO plugin. -->","yoast_head_json":{"title":"Acordo entre UE e Mercosul ser\u00e1 aprovado ap\u00f3s 2020, diz comiss\u00e1ria","description":"A comiss\u00e1ria de Com\u00e9rcio da UE disse que o bloco n\u00e3o assinar\u00e1 o acordo comercial com o Mercosul antes do fim de 2020. Clique para saber mais.","robots":{"index":"index","follow":"follow","max-snippet":"max-snippet:-1","max-image-preview":"max-image-preview:large","max-video-preview":"max-video-preview:-1"},"canonical":"https:\/\/www.suno.com.br\/noticias\/acordo-ue-mercosul-aprovado-2020\/","og_locale":"pt_BR","og_type":"article","og_title":"Acordo entre UE e Mercosul ser\u00e1 aprovado ap\u00f3s 2020, diz comiss\u00e1ria","og_description":"A comiss\u00e1ria de Com\u00e9rcio da UE disse que o bloco n\u00e3o assinar\u00e1 o acordo comercial com o Mercosul antes do fim de 2020. Clique para saber mais.","og_url":"https:\/\/www.suno.com.br\/noticias\/acordo-ue-mercosul-aprovado-2020\/","og_site_name":"Suno Not\u00edcias","article_publisher":"https:\/\/facebook.com\/sunoresearch","og_image":[{"width":640,"height":359,"url":"https:\/\/files.sunoresearch.com.br\/n\/uploads\/2019\/07\/2ccd4418-mercosul-ue.jpg","type":"image\/jpeg"}],"author":"Giovanna Oliveira","twitter_card":"summary_large_image","twitter_creator":"@sunoresearch","twitter_site":"@sunoresearch","twitter_misc":{"Escrito por":"Giovanna Oliveira","Est. tempo de leitura":"2 minutos"},"schema":{"@context":"https:\/\/schema.org","@graph":[{"@type":"NewsArticle","@id":"https:\/\/www.suno.com.br\/noticias\/acordo-ue-mercosul-aprovado-2020\/#article","isPartOf":{"@id":"https:\/\/www.suno.com.br\/noticias\/acordo-ue-mercosul-aprovado-2020\/"},"author":{"name":"Giovanna Oliveira","@id":"https:\/\/www.suno.com.br\/noticias\/#\/schema\/person\/4e19e3d2575736e5283d58eb3199d120"},"headline":"Acordo entre UE e Mercosul ser\u00e1 aprovado ap\u00f3s 2020, diz comiss\u00e1ria","datePublished":"2019-10-02T22:42:03+00:00","mainEntityOfPage":{"@id":"https:\/\/www.suno.com.br\/noticias\/acordo-ue-mercosul-aprovado-2020\/"},"wordCount":480,"publisher":{"@id":"https:\/\/www.suno.com.br\/noticias\/#organization"},"image":{"@id":"https:\/\/www.suno.com.br\/noticias\/acordo-ue-mercosul-aprovado-2020\/#primaryimage"},"thumbnailUrl":"https:\/\/files.sunoresearch.com.br\/n\/uploads\/2019\/07\/2ccd4418-mercosul-ue-jpg.webp","keywords":["acordo comercial","Acordo de Paris","Mercosul","Uni\u00e3o Europeia"],"articleSection":["Internacional"],"inLanguage":"pt-BR"},{"@type":"WebPage","@id":"https:\/\/www.suno.com.br\/noticias\/acordo-ue-mercosul-aprovado-2020\/","url":"https:\/\/www.suno.com.br\/noticias\/acordo-ue-mercosul-aprovado-2020\/","name":"Acordo entre UE e Mercosul ser\u00e1 aprovado ap\u00f3s 2020, diz comiss\u00e1ria","isPartOf":{"@id":"https:\/\/www.suno.com.br\/noticias\/#website"},"primaryImageOfPage":{"@id":"https:\/\/www.suno.com.br\/noticias\/acordo-ue-mercosul-aprovado-2020\/#primaryimage"},"image":{"@id":"https:\/\/www.suno.com.br\/noticias\/acordo-ue-mercosul-aprovado-2020\/#primaryimage"},"thumbnailUrl":"https:\/\/files.sunoresearch.com.br\/n\/uploads\/2019\/07\/2ccd4418-mercosul-ue-jpg.webp","datePublished":"2019-10-02T22:42:03+00:00","description":"A comiss\u00e1ria de Com\u00e9rcio da UE disse que o bloco n\u00e3o assinar\u00e1 o acordo comercial com o Mercosul antes do fim de 2020. Clique para saber mais.","breadcrumb":{"@id":"https:\/\/www.suno.com.br\/noticias\/acordo-ue-mercosul-aprovado-2020\/#breadcrumb"},"inLanguage":"pt-BR","potentialAction":[{"@type":"ReadAction","target":["https:\/\/www.suno.com.br\/noticias\/acordo-ue-mercosul-aprovado-2020\/"]}]},{"@type":"ImageObject","inLanguage":"pt-BR","@id":"https:\/\/www.suno.com.br\/noticias\/acordo-ue-mercosul-aprovado-2020\/#primaryimage","url":"https:\/\/files.sunoresearch.com.br\/n\/uploads\/2019\/07\/2ccd4418-mercosul-ue-jpg.webp","contentUrl":"https:\/\/files.sunoresearch.com.br\/n\/uploads\/2019\/07\/2ccd4418-mercosul-ue-jpg.webp","width":640,"height":359,"caption":"Acordo entre UE e Mercosul ser\u00e1 aprovado ap\u00f3s 2020, diz comiss\u00e1ria"},{"@type":"BreadcrumbList","@id":"https:\/\/www.suno.com.br\/noticias\/acordo-ue-mercosul-aprovado-2020\/#breadcrumb","itemListElement":[{"@type":"ListItem","position":1,"name":"Not\u00edcias","item":"https:\/\/www.suno.com.br\/noticias\/"},{"@type":"ListItem","position":2,"name":"Internacional","item":"https:\/\/www.suno.com.br\/noticias\/internacional\/"},{"@type":"ListItem","position":3,"name":"Acordo entre UE e Mercosul ser\u00e1 aprovado ap\u00f3s 2020, diz comiss\u00e1ria"}]},{"@type":"WebSite","@id":"https:\/\/www.suno.com.br\/noticias\/#website","url":"https:\/\/www.suno.com.br\/noticias\/","name":"Suno Not\u00edcias","description":"Seu portal de informa\u00e7\u00e3o sobre o mundo dos investimentos","publisher":{"@id":"https:\/\/www.suno.com.br\/noticias\/#organization"},"potentialAction":[{"@type":"SearchAction","target":{"@type":"EntryPoint","urlTemplate":"https:\/\/www.suno.com.br\/noticias\/?s={search_term_string}"},"query-input":{"@type":"PropertyValueSpecification","valueRequired":true,"valueName":"search_term_string"}}],"inLanguage":"pt-BR"},{"@type":"Organization","@id":"https:\/\/www.suno.com.br\/noticias\/#organization","name":"Suno Not\u00edcias","url":"https:\/\/www.suno.com.br\/noticias\/","logo":{"@type":"ImageObject","inLanguage":"pt-BR","@id":"https:\/\/www.suno.com.br\/noticias\/#\/schema\/logo\/image\/","url":"https:\/\/files.sunoresearch.com.br\/n\/uploads\/2021\/09\/suno-logo.png","contentUrl":"https:\/\/files.sunoresearch.com.br\/n\/uploads\/2021\/09\/suno-logo.png","width":180,"height":180,"caption":"Suno Not\u00edcias"},"image":{"@id":"https:\/\/www.suno.com.br\/noticias\/#\/schema\/logo\/image\/"},"sameAs":["https:\/\/facebook.com\/sunoresearch","https:\/\/x.com\/sunoresearch","https:\/\/www.instagram.com\/suno","https:\/\/www.linkedin.com\/company\/suno-research\/","https:\/\/www.youtube.com\/c\/sunoresearch"]},{"@type":"Person","@id":"https:\/\/www.suno.com.br\/noticias\/#\/schema\/person\/4e19e3d2575736e5283d58eb3199d120","name":"Giovanna Oliveira","image":{"@type":"ImageObject","inLanguage":"pt-BR","@id":"https:\/\/www.suno.com.br\/noticias\/#\/schema\/person\/image\/","url":"https:\/\/secure.gravatar.com\/avatar\/9a37b3ae208962ac568992d0ffdbc2eb?s=96&r=g","contentUrl":"https:\/\/secure.gravatar.com\/avatar\/9a37b3ae208962ac568992d0ffdbc2eb?s=96&r=g","caption":"Giovanna Oliveira"},"description":"Giovanna Oliveira escreve sobre economia e pol\u00edtica. Foi rep\u00f3rter do portal de jornalismo da ESPM-SP e produziu conte\u00fado para a Corinthians TV. \u00c9 estudante da ESPM.","url":"https:\/\/www.suno.com.br\/noticias\/author\/giovanna\/"}]}},"default_loop_html":"<div class=\"cardsPage__listCard__boxs\"><div class=\"cardsPage__listCard__boxs__img\"><a href=\"https:\/\/www.suno.com.br\/noticias\/acordo-ue-mercosul-aprovado-2020\/\"><img class=\"mask\" src=\"https:\/\/www.suno.com.br\/noticias\/wp-content\/themes\/suno\/resources\/images\/spotlight\/spotlight1img\/bg-mask.png\" alt=\"Image Mask\"\/><img src=\"https:\/\/files.sunoresearch.com.br\/n\/uploads\/2019\/07\/2ccd4418-mercosul-ue-400x200.webp\" alt=\"Acordo entre UE e Mercosul ser\u00e1 aprovado ap\u00f3s 2020, diz comiss\u00e1ria\"\/><\/a><span class=\"spotlightCategory\"><a href=\"https:\/\/www.suno.com.br\/noticias\/internacional\/\">Internacional<\/a><\/span><\/div><div class=\"cardsPage__listCard__boxs__content\"><a href=\"https:\/\/www.suno.com.br\/noticias\/acordo-ue-mercosul-aprovado-2020\/\"><h2 class=\"content__title\">Acordo entre UE e Mercosul ser\u00e1 aprovado ap\u00f3s 2020, diz comiss\u00e1ria<\/h2><\/a><div class=\"newsContent__article__meta\"><div class=\"newsContent__article__meta__authorBox\"><a href=\"https:\/\/www.suno.com.br\/noticias\/author\/giovanna\/\" class=\"authorBox__avatar noMobi\"><img src=\"https:\/\/files.sunoresearch.com.br\/n\/uploads\/2019\/06\/952a89ca-screenshot_20190608-171507-150x150.webp\" alt=\"Giovanna Oliveira\"><\/a><div class=\"authorBox__name\"><span>por\n\t\t\t<a href=\"https:\/\/www.suno.com.br\/noticias\/author\/giovanna\/\"><span itemprop=\"author\">Giovanna Oliveira<\/span><\/a><\/span><time datetime=\"2019-10-02T19:42:03-03:00\" itemprop=\"datePublished\">02\/10\/2019 19:42<\/time><\/div><\/div><\/div><\/div><\/div>","single_layout":"posts","amp_enabled":true,"_links":{"self":[{"href":"https:\/\/www.suno.com.br\/noticias\/wp-json\/wp\/v2\/posts\/39690"}],"collection":[{"href":"https:\/\/www.suno.com.br\/noticias\/wp-json\/wp\/v2\/posts"}],"about":[{"href":"https:\/\/www.suno.com.br\/noticias\/wp-json\/wp\/v2\/types\/post"}],"author":[{"embeddable":true,"href":"https:\/\/www.suno.com.br\/noticias\/wp-json\/wp\/v2\/users\/18"}],"replies":[{"embeddable":true,"href":"https:\/\/www.suno.com.br\/noticias\/wp-json\/wp\/v2\/comments?post=39690"}],"version-history":[{"count":0,"href":"https:\/\/www.suno.com.br\/noticias\/wp-json\/wp\/v2\/posts\/39690\/revisions"}],"wp:featuredmedia":[{"embeddable":true,"href":"https:\/\/www.suno.com.br\/noticias\/wp-json\/wp\/v2\/media\/31634"}],"wp:attachment":[{"href":"https:\/\/www.suno.com.br\/noticias\/wp-json\/wp\/v2\/media?parent=39690"}],"wp:term":[{"taxonomy":"category","embeddable":true,"href":"https:\/\/www.suno.com.br\/noticias\/wp-json\/wp\/v2\/categories?post=39690"},{"taxonomy":"post_tag","embeddable":true,"href":"https:\/\/www.suno.com.br\/noticias\/wp-json\/wp\/v2\/tags?post=39690"},{"taxonomy":"suno_strategy","embeddable":true,"href":"https:\/\/www.suno.com.br\/noticias\/wp-json\/wp\/v2\/suno_strategy?post=39690"}],"curies":[{"name":"wp","href":"https:\/\/api.w.org\/{rel}","templated":true}]}}