{"id":39684,"date":"2019-10-02T19:10:08","date_gmt":"2019-10-02T22:10:08","guid":{"rendered":"https:\/\/www.suno.com.br\/noticias\/?p=39684"},"modified":"2021-06-21T05:44:50","modified_gmt":"2021-06-21T08:44:50","slug":"oi-nao-vendera-operacao-movel-diz-diretor","status":"publish","type":"post","link":"https:\/\/www.suno.com.br\/noticias\/oi-nao-vendera-operacao-movel-diz-diretor\/","title":{"rendered":"Oi n\u00e3o vender\u00e1 opera\u00e7\u00e3o de telefonia m\u00f3vel no curto prazo, diz diretor de opera\u00e7\u00f5es"},"content":{"rendered":"<p>O diretor de opera\u00e7\u00f5es da Oi, Rodrigo Abreu, afirmou que a empresa n\u00e3o planeja se desfazer de sua <strong>opera\u00e7\u00e3o de telefonia m\u00f3vel<\/strong> a curto prazo. A declara\u00e7\u00e3o ocorreu nesta quarta-feira (2) em entrevista ao jornal &#8220;Valor Econ\u00f4mico&#8221;.<\/p>\t<div class=\"wrapper-featured-image\">\n\t\t<figure class=\"spotlightImg\">\n\n\t\t\t<picture>\n\t\t\t\t<source media=\"(max-width: 768px)\" srcset=\"https:\/\/files.sunoresearch.com.br\/n\/uploads\/2019\/08\/c7b884fb-logotipo-da-operadora-de-telecomunicacoes-oi-durante-inauguracao-de-loja-1426871751488_1920x1440-400x200.webp\">\n\t\t\t\t<img loading=\"lazy\" decoding=\"async\" class=\"newsContent__article__imgCapa lazyloadDisabled newsContent__article__imgCapa--noCaption\" src=\"https:\/\/files.sunoresearch.com.br\/n\/uploads\/2019\/08\/c7b884fb-logotipo-da-operadora-de-telecomunicacoes-oi-durante-inauguracao-de-loja-1426871751488_1920x1440-800x450.webp\" width=\"800\" height=\"450\" alt=\"Oi n\u00e3o vender\u00e1 opera\u00e7\u00e3o de telefonia m\u00f3vel no curto prazo, diz diretor de opera\u00e7\u00f5es\" fetchpriority=high \/>\n\t\t\t<\/picture>\n\n\t\t\t<figcaption class=\"wp-caption-text wp-caption-text--hide\">Oi (divulga\u00e7\u00e3o)<\/figcaption>\n\t\t<\/figure>\n\t<\/div>\n\n\n<p>De acordo com o executivo, a <strong>Oi<\/strong> n\u00e3o considera a possibilidade de vender a rede m\u00f3vel para financiar suas <strong>d\u00edvidas<\/strong>.<\/p>\n\n<p>\u201cVamos imaginar que, por acaso, isso [venda da opera\u00e7\u00e3o de telefonia m\u00f3vel para cobrir as necessidades imediatas de financiamento] acontecesse. N\u00e3o se consegue fazer um processo [desse tipo] em alguns meses. Voc\u00ea tem processos regulat\u00f3rios, concorrenciais, legais. N\u00e3o existe essa possibilidade de curt\u00edssimo prazo\u201d, afirmou Abreu.<\/p>\n<p>Em contrapartida, o diretor de opera\u00e7\u00f5es n\u00e3o negou a possibilidade de que a venda ocorra futuramente.<\/p>\n<p>\u201cUm dos pontos positivos do nosso plano \u00e9 que temos tamb\u00e9m essa op\u00e7\u00e3o de futuro, de analisar se essa seria uma op\u00e7\u00e3o que poderia gerar valor para a companhia com o valor correto se existisse uma oferta\u201d, ressaltou o executivo.<\/p>\n<h2>Venda de ativos pode captar R$ 7 bi<\/h2>\n<p>Na \u00faltima segunda-feira (30), o <strong>BTG Pactual<\/strong> informou que a venda de ativos da empresa de telefonia \u00e9 de extrema import\u00e2ncia para o cumprimento do planejamento estrat\u00e9gico. Segundo o banco, o desinvestimento seria a \u00fanica forma de atingir os objetivos do plano.<\/p>\n<p><a href=\"https:\/\/www.suno.com.br\/noticias\/oi-pode-captar-ate-7-bi-com-venda-de-ativos-e-acao-valorizar-260\/\">Saiba mais: Oi pode captar at\u00e9 R$ 7 bi com venda de ativos e a\u00e7\u00e3o valorizar 260%, diz BTG<\/a><\/p>\n<p>\u201cPara cobrir o buraco existente entre baixa <a href=\"https:\/\/www.suno.com.br\/artigos\/geracao-de-caixa\/\">gera\u00e7\u00e3o de caixa<\/a> e <a href=\"https:\/\/www.suno.com.br\/artigos\/capex\/\">Capex<\/a> (plano de investimentos) mais alto, a Oi divulgou uma lista de ativos para vender. A lista \u00e9 longa e pode levantar de R$ 6 bilh\u00f5es a R$ 7 bilh\u00f5es\u201d, disseram os analistas da institui\u00e7\u00e3o financeira.<\/p>\n<p>De acordo com o banco, a empresa dever\u00e1 dever\u00e1 gerar cerca de R$ 300 milh\u00f5es por m\u00eas de caixa at\u00e9 o final do ano, totalizando R$ 1,2 bilh\u00e3o no fim de 2019.<\/p>\n<h2>Resultados negativos da Oi<\/h2>\n<p>Em <a href=\"https:\/\/www.suno.com.br\/artigos\/recuperacao-judicial\/\"><strong>recupera\u00e7\u00e3o judicial<\/strong><\/a> desde junho de 2016, a operadora segue apresentando resultados negativos. Na \u00e9poca em que a companhia protocolou o pedido de recupera\u00e7\u00e3o, as d\u00edvidas declaradas somavam R$ 65 bilh\u00f5es.<\/p>\n<p>No relat\u00f3rio de resultados para o segundo trimestre de 2019, a empresa informou que elevou o preju\u00edzo em 24% no per\u00edodo de abril e junho. O preju\u00edzo l\u00edquido atribu\u00eddo foi de R$ 1,559 bilh\u00e3o.<\/p>\n\t<p>\n\t\t<a href=\"https:\/\/lp.suno.com.br\/ao\/sessao-estrategica-consultoria-c\/?utm_source=suno-noticias&#038;utm_medium=banner&#038;utm_campaing=dolar-cair-juros\" target=\"_blank\" data-element=\"shortcode-suno-banner\" title=\"Banner SUNO, clique e saiba mais\">\n\t\t\t<picture>\n\t\t\t\t<source media=\"(max-width: 500px)\" srcset=\"https:\/\/files.sunoresearch.com.br\/n\/uploads\/2025\/09\/300x400.webp\">\n\t\t\t\t<img class=\"newsContent__article__imgCapa newsContent__article__imgCapa--banner\"\n\t\t\t\t\tsrc=\"https:\/\/files.sunoresearch.com.br\/n\/uploads\/2025\/09\/SN-DT-1420x240-1.webp\"\n\t\t\t\t\tdata-promo-id=\"624946\"\t\t\t\t\t\t\t\t\t\twidth='1420' height='240'\t\t\t\t\talt=\"https:\/\/files.sunoresearch.com.br\/n\/uploads\/2025\/09\/SN-DT-1420x240-1.webp\"\n\t\t\t\t>\n\t\t\t<\/picture>\n\t\t<\/a>\n\t<\/p>\n\n\n<p>O resultado consolidado das opera\u00e7\u00f5es continuadas ficou em R$ 1,625 bilh\u00e3o negativos. A <a href=\"https:\/\/www.suno.com.br\/artigos\/o-que-receita-liquida\/\">receita l\u00edquida<\/a> da <strong>Oi<\/strong> tamb\u00e9m caiu 8,2% no comparativo anual no segundo trimestre deste ano.<\/p>\n","protected":false},"excerpt":{"rendered":"<p>O diretor de opera\u00e7\u00f5es da Oi, Rodrigo Abreu, afirmou que a empresa n\u00e3o planeja se desfazer de sua opera\u00e7\u00e3o de telefonia m\u00f3vel a curto prazo. A declara\u00e7\u00e3o ocorreu nesta quarta-feira (2) em entrevista ao jornal &#8220;Valor Econ\u00f4mico&#8221;. Oi (divulga\u00e7\u00e3o) De acordo com o executivo, a Oi n\u00e3o considera a possibilidade de vender a rede m\u00f3vel [&hellip;]<\/p>\n","protected":false},"author":18,"featured_media":34594,"comment_status":"closed","ping_status":"closed","sticky":false,"template":"","format":"standard","meta":[],"categories":[64],"tags":[584,314],"suno_strategy":[],"class_list":["post-39684","post","type-post","status-publish","format-standard","has-post-thumbnail","hentry","category-negocios","tag-oi-oibr3-oibr4","tag-recuperacao-judicial"],"yoast_head":"<!-- This site is optimized with the Yoast SEO plugin v24.4 - https:\/\/yoast.com\/wordpress\/plugins\/seo\/ -->\n<title>Oi n\u00e3o vender\u00e1 opera\u00e7\u00e3o m\u00f3vel no curto prazo, diz diretor de opera\u00e7\u00f5es<\/title>\n<meta name=\"description\" content=\"O diretor de opera\u00e7\u00f5es da Oi, Rodrigo Abreu, disse que a empresa n\u00e3o planeja se desfazer da opera\u00e7\u00e3o m\u00f3vel. Clique para saber mais.\" \/>\n<meta name=\"robots\" content=\"index, follow, max-snippet:-1, max-image-preview:large, max-video-preview:-1\" \/>\n<link rel=\"canonical\" href=\"https:\/\/www.suno.com.br\/noticias\/oi-nao-vendera-operacao-movel-diz-diretor\/\" \/>\n<meta property=\"og:locale\" content=\"pt_BR\" \/>\n<meta property=\"og:type\" content=\"article\" \/>\n<meta property=\"og:title\" content=\"Oi n\u00e3o vender\u00e1 opera\u00e7\u00e3o m\u00f3vel no curto prazo, diz diretor de opera\u00e7\u00f5es\" \/>\n<meta property=\"og:description\" content=\"O diretor de opera\u00e7\u00f5es da Oi, Rodrigo Abreu, disse que a empresa n\u00e3o planeja se desfazer da opera\u00e7\u00e3o m\u00f3vel. Clique para saber mais.\" \/>\n<meta property=\"og:url\" content=\"https:\/\/www.suno.com.br\/noticias\/oi-nao-vendera-operacao-movel-diz-diretor\/\" \/>\n<meta property=\"og:site_name\" content=\"Suno Not\u00edcias\" \/>\n<meta property=\"article:publisher\" content=\"https:\/\/facebook.com\/sunoresearch\" \/>\n<meta property=\"og:image\" content=\"https:\/\/files.sunoresearch.com.br\/n\/uploads\/2019\/08\/c7b884fb-logotipo-da-operadora-de-telecomunicacoes-oi-durante-inauguracao-de-loja-1426871751488_1920x1440.jpg\" \/>\n\t<meta property=\"og:image:width\" content=\"1920\" \/>\n\t<meta property=\"og:image:height\" content=\"1440\" \/>\n\t<meta property=\"og:image:type\" content=\"image\/jpeg\" \/>\n<meta name=\"author\" content=\"Giovanna Oliveira\" \/>\n<meta name=\"twitter:card\" content=\"summary_large_image\" \/>\n<meta name=\"twitter:creator\" content=\"@sunoresearch\" \/>\n<meta name=\"twitter:site\" content=\"@sunoresearch\" \/>\n<meta name=\"twitter:label1\" content=\"Escrito por\" \/>\n\t<meta name=\"twitter:data1\" content=\"Giovanna Oliveira\" \/>\n\t<meta name=\"twitter:label2\" content=\"Est. tempo de leitura\" \/>\n\t<meta name=\"twitter:data2\" content=\"2 minutos\" \/>\n<script type=\"application\/ld+json\" class=\"yoast-schema-graph\">{\"@context\":\"https:\/\/schema.org\",\"@graph\":[{\"@type\":\"NewsArticle\",\"@id\":\"https:\/\/www.suno.com.br\/noticias\/oi-nao-vendera-operacao-movel-diz-diretor\/#article\",\"isPartOf\":{\"@id\":\"https:\/\/www.suno.com.br\/noticias\/oi-nao-vendera-operacao-movel-diz-diretor\/\"},\"author\":{\"name\":\"Giovanna Oliveira\",\"@id\":\"https:\/\/www.suno.com.br\/noticias\/#\/schema\/person\/4e19e3d2575736e5283d58eb3199d120\"},\"headline\":\"Oi n\u00e3o vender\u00e1 opera\u00e7\u00e3o de telefonia m\u00f3vel no curto prazo, diz diretor de opera\u00e7\u00f5es\",\"datePublished\":\"2019-10-02T22:10:08+00:00\",\"dateModified\":\"2021-06-21T08:44:50+00:00\",\"mainEntityOfPage\":{\"@id\":\"https:\/\/www.suno.com.br\/noticias\/oi-nao-vendera-operacao-movel-diz-diretor\/\"},\"wordCount\":452,\"publisher\":{\"@id\":\"https:\/\/www.suno.com.br\/noticias\/#organization\"},\"image\":{\"@id\":\"https:\/\/www.suno.com.br\/noticias\/oi-nao-vendera-operacao-movel-diz-diretor\/#primaryimage\"},\"thumbnailUrl\":\"https:\/\/files.sunoresearch.com.br\/n\/uploads\/2019\/08\/c7b884fb-logotipo-da-operadora-de-telecomunicacoes-oi-durante-inauguracao-de-loja-1426871751488_1920x1440-jpg.webp\",\"keywords\":[\"Oi (OIBR3\/OIBR4)\",\"recupera\u00e7\u00e3o judicial\"],\"articleSection\":[\"Neg\u00f3cios\"],\"inLanguage\":\"pt-BR\"},{\"@type\":\"WebPage\",\"@id\":\"https:\/\/www.suno.com.br\/noticias\/oi-nao-vendera-operacao-movel-diz-diretor\/\",\"url\":\"https:\/\/www.suno.com.br\/noticias\/oi-nao-vendera-operacao-movel-diz-diretor\/\",\"name\":\"Oi n\u00e3o vender\u00e1 opera\u00e7\u00e3o m\u00f3vel no curto prazo, diz diretor de opera\u00e7\u00f5es\",\"isPartOf\":{\"@id\":\"https:\/\/www.suno.com.br\/noticias\/#website\"},\"primaryImageOfPage\":{\"@id\":\"https:\/\/www.suno.com.br\/noticias\/oi-nao-vendera-operacao-movel-diz-diretor\/#primaryimage\"},\"image\":{\"@id\":\"https:\/\/www.suno.com.br\/noticias\/oi-nao-vendera-operacao-movel-diz-diretor\/#primaryimage\"},\"thumbnailUrl\":\"https:\/\/files.sunoresearch.com.br\/n\/uploads\/2019\/08\/c7b884fb-logotipo-da-operadora-de-telecomunicacoes-oi-durante-inauguracao-de-loja-1426871751488_1920x1440-jpg.webp\",\"datePublished\":\"2019-10-02T22:10:08+00:00\",\"dateModified\":\"2021-06-21T08:44:50+00:00\",\"description\":\"O diretor de opera\u00e7\u00f5es da Oi, Rodrigo Abreu, disse que a empresa n\u00e3o planeja se desfazer da opera\u00e7\u00e3o m\u00f3vel. Clique para saber mais.\",\"breadcrumb\":{\"@id\":\"https:\/\/www.suno.com.br\/noticias\/oi-nao-vendera-operacao-movel-diz-diretor\/#breadcrumb\"},\"inLanguage\":\"pt-BR\",\"potentialAction\":[{\"@type\":\"ReadAction\",\"target\":[\"https:\/\/www.suno.com.br\/noticias\/oi-nao-vendera-operacao-movel-diz-diretor\/\"]}]},{\"@type\":\"ImageObject\",\"inLanguage\":\"pt-BR\",\"@id\":\"https:\/\/www.suno.com.br\/noticias\/oi-nao-vendera-operacao-movel-diz-diretor\/#primaryimage\",\"url\":\"https:\/\/files.sunoresearch.com.br\/n\/uploads\/2019\/08\/c7b884fb-logotipo-da-operadora-de-telecomunicacoes-oi-durante-inauguracao-de-loja-1426871751488_1920x1440-jpg.webp\",\"contentUrl\":\"https:\/\/files.sunoresearch.com.br\/n\/uploads\/2019\/08\/c7b884fb-logotipo-da-operadora-de-telecomunicacoes-oi-durante-inauguracao-de-loja-1426871751488_1920x1440-jpg.webp\",\"width\":1920,\"height\":1440,\"caption\":\"Oi (divulga\u00e7\u00e3o)\"},{\"@type\":\"BreadcrumbList\",\"@id\":\"https:\/\/www.suno.com.br\/noticias\/oi-nao-vendera-operacao-movel-diz-diretor\/#breadcrumb\",\"itemListElement\":[{\"@type\":\"ListItem\",\"position\":1,\"name\":\"Not\u00edcias\",\"item\":\"https:\/\/www.suno.com.br\/noticias\/\"},{\"@type\":\"ListItem\",\"position\":2,\"name\":\"Neg\u00f3cios\",\"item\":\"https:\/\/www.suno.com.br\/noticias\/negocios\/\"},{\"@type\":\"ListItem\",\"position\":3,\"name\":\"Oi n\u00e3o vender\u00e1 opera\u00e7\u00e3o de telefonia m\u00f3vel no curto prazo, diz diretor de opera\u00e7\u00f5es\"}]},{\"@type\":\"WebSite\",\"@id\":\"https:\/\/www.suno.com.br\/noticias\/#website\",\"url\":\"https:\/\/www.suno.com.br\/noticias\/\",\"name\":\"Suno Not\u00edcias\",\"description\":\"Seu portal de informa\u00e7\u00e3o sobre o mundo dos investimentos\",\"publisher\":{\"@id\":\"https:\/\/www.suno.com.br\/noticias\/#organization\"},\"potentialAction\":[{\"@type\":\"SearchAction\",\"target\":{\"@type\":\"EntryPoint\",\"urlTemplate\":\"https:\/\/www.suno.com.br\/noticias\/?s={search_term_string}\"},\"query-input\":{\"@type\":\"PropertyValueSpecification\",\"valueRequired\":true,\"valueName\":\"search_term_string\"}}],\"inLanguage\":\"pt-BR\"},{\"@type\":\"Organization\",\"@id\":\"https:\/\/www.suno.com.br\/noticias\/#organization\",\"name\":\"Suno Not\u00edcias\",\"url\":\"https:\/\/www.suno.com.br\/noticias\/\",\"logo\":{\"@type\":\"ImageObject\",\"inLanguage\":\"pt-BR\",\"@id\":\"https:\/\/www.suno.com.br\/noticias\/#\/schema\/logo\/image\/\",\"url\":\"https:\/\/files.sunoresearch.com.br\/n\/uploads\/2021\/09\/suno-logo.png\",\"contentUrl\":\"https:\/\/files.sunoresearch.com.br\/n\/uploads\/2021\/09\/suno-logo.png\",\"width\":180,\"height\":180,\"caption\":\"Suno Not\u00edcias\"},\"image\":{\"@id\":\"https:\/\/www.suno.com.br\/noticias\/#\/schema\/logo\/image\/\"},\"sameAs\":[\"https:\/\/facebook.com\/sunoresearch\",\"https:\/\/x.com\/sunoresearch\",\"https:\/\/www.instagram.com\/suno\",\"https:\/\/www.linkedin.com\/company\/suno-research\/\",\"https:\/\/www.youtube.com\/c\/sunoresearch\"]},{\"@type\":\"Person\",\"@id\":\"https:\/\/www.suno.com.br\/noticias\/#\/schema\/person\/4e19e3d2575736e5283d58eb3199d120\",\"name\":\"Giovanna Oliveira\",\"image\":{\"@type\":\"ImageObject\",\"inLanguage\":\"pt-BR\",\"@id\":\"https:\/\/www.suno.com.br\/noticias\/#\/schema\/person\/image\/\",\"url\":\"https:\/\/secure.gravatar.com\/avatar\/9a37b3ae208962ac568992d0ffdbc2eb?s=96&r=g\",\"contentUrl\":\"https:\/\/secure.gravatar.com\/avatar\/9a37b3ae208962ac568992d0ffdbc2eb?s=96&r=g\",\"caption\":\"Giovanna Oliveira\"},\"description\":\"Giovanna Oliveira escreve sobre economia e pol\u00edtica. Foi rep\u00f3rter do portal de jornalismo da ESPM-SP e produziu conte\u00fado para a Corinthians TV. \u00c9 estudante da ESPM.\",\"url\":\"https:\/\/www.suno.com.br\/noticias\/author\/giovanna\/\"}]}<\/script>\n<!-- \/ Yoast SEO plugin. -->","yoast_head_json":{"title":"Oi n\u00e3o vender\u00e1 opera\u00e7\u00e3o m\u00f3vel no curto prazo, diz diretor de opera\u00e7\u00f5es","description":"O diretor de opera\u00e7\u00f5es da Oi, Rodrigo Abreu, disse que a empresa n\u00e3o planeja se desfazer da opera\u00e7\u00e3o m\u00f3vel. Clique para saber mais.","robots":{"index":"index","follow":"follow","max-snippet":"max-snippet:-1","max-image-preview":"max-image-preview:large","max-video-preview":"max-video-preview:-1"},"canonical":"https:\/\/www.suno.com.br\/noticias\/oi-nao-vendera-operacao-movel-diz-diretor\/","og_locale":"pt_BR","og_type":"article","og_title":"Oi n\u00e3o vender\u00e1 opera\u00e7\u00e3o m\u00f3vel no curto prazo, diz diretor de opera\u00e7\u00f5es","og_description":"O diretor de opera\u00e7\u00f5es da Oi, Rodrigo Abreu, disse que a empresa n\u00e3o planeja se desfazer da opera\u00e7\u00e3o m\u00f3vel. Clique para saber mais.","og_url":"https:\/\/www.suno.com.br\/noticias\/oi-nao-vendera-operacao-movel-diz-diretor\/","og_site_name":"Suno Not\u00edcias","article_publisher":"https:\/\/facebook.com\/sunoresearch","og_image":[{"width":1920,"height":1440,"url":"https:\/\/files.sunoresearch.com.br\/n\/uploads\/2019\/08\/c7b884fb-logotipo-da-operadora-de-telecomunicacoes-oi-durante-inauguracao-de-loja-1426871751488_1920x1440.jpg","type":"image\/jpeg"}],"author":"Giovanna Oliveira","twitter_card":"summary_large_image","twitter_creator":"@sunoresearch","twitter_site":"@sunoresearch","twitter_misc":{"Escrito por":"Giovanna Oliveira","Est. tempo de leitura":"2 minutos"},"schema":{"@context":"https:\/\/schema.org","@graph":[{"@type":"NewsArticle","@id":"https:\/\/www.suno.com.br\/noticias\/oi-nao-vendera-operacao-movel-diz-diretor\/#article","isPartOf":{"@id":"https:\/\/www.suno.com.br\/noticias\/oi-nao-vendera-operacao-movel-diz-diretor\/"},"author":{"name":"Giovanna Oliveira","@id":"https:\/\/www.suno.com.br\/noticias\/#\/schema\/person\/4e19e3d2575736e5283d58eb3199d120"},"headline":"Oi n\u00e3o vender\u00e1 opera\u00e7\u00e3o de telefonia m\u00f3vel no curto prazo, diz diretor de opera\u00e7\u00f5es","datePublished":"2019-10-02T22:10:08+00:00","dateModified":"2021-06-21T08:44:50+00:00","mainEntityOfPage":{"@id":"https:\/\/www.suno.com.br\/noticias\/oi-nao-vendera-operacao-movel-diz-diretor\/"},"wordCount":452,"publisher":{"@id":"https:\/\/www.suno.com.br\/noticias\/#organization"},"image":{"@id":"https:\/\/www.suno.com.br\/noticias\/oi-nao-vendera-operacao-movel-diz-diretor\/#primaryimage"},"thumbnailUrl":"https:\/\/files.sunoresearch.com.br\/n\/uploads\/2019\/08\/c7b884fb-logotipo-da-operadora-de-telecomunicacoes-oi-durante-inauguracao-de-loja-1426871751488_1920x1440-jpg.webp","keywords":["Oi (OIBR3\/OIBR4)","recupera\u00e7\u00e3o judicial"],"articleSection":["Neg\u00f3cios"],"inLanguage":"pt-BR"},{"@type":"WebPage","@id":"https:\/\/www.suno.com.br\/noticias\/oi-nao-vendera-operacao-movel-diz-diretor\/","url":"https:\/\/www.suno.com.br\/noticias\/oi-nao-vendera-operacao-movel-diz-diretor\/","name":"Oi n\u00e3o vender\u00e1 opera\u00e7\u00e3o m\u00f3vel no curto prazo, diz diretor de opera\u00e7\u00f5es","isPartOf":{"@id":"https:\/\/www.suno.com.br\/noticias\/#website"},"primaryImageOfPage":{"@id":"https:\/\/www.suno.com.br\/noticias\/oi-nao-vendera-operacao-movel-diz-diretor\/#primaryimage"},"image":{"@id":"https:\/\/www.suno.com.br\/noticias\/oi-nao-vendera-operacao-movel-diz-diretor\/#primaryimage"},"thumbnailUrl":"https:\/\/files.sunoresearch.com.br\/n\/uploads\/2019\/08\/c7b884fb-logotipo-da-operadora-de-telecomunicacoes-oi-durante-inauguracao-de-loja-1426871751488_1920x1440-jpg.webp","datePublished":"2019-10-02T22:10:08+00:00","dateModified":"2021-06-21T08:44:50+00:00","description":"O diretor de opera\u00e7\u00f5es da Oi, Rodrigo Abreu, disse que a empresa n\u00e3o planeja se desfazer da opera\u00e7\u00e3o m\u00f3vel. Clique para saber mais.","breadcrumb":{"@id":"https:\/\/www.suno.com.br\/noticias\/oi-nao-vendera-operacao-movel-diz-diretor\/#breadcrumb"},"inLanguage":"pt-BR","potentialAction":[{"@type":"ReadAction","target":["https:\/\/www.suno.com.br\/noticias\/oi-nao-vendera-operacao-movel-diz-diretor\/"]}]},{"@type":"ImageObject","inLanguage":"pt-BR","@id":"https:\/\/www.suno.com.br\/noticias\/oi-nao-vendera-operacao-movel-diz-diretor\/#primaryimage","url":"https:\/\/files.sunoresearch.com.br\/n\/uploads\/2019\/08\/c7b884fb-logotipo-da-operadora-de-telecomunicacoes-oi-durante-inauguracao-de-loja-1426871751488_1920x1440-jpg.webp","contentUrl":"https:\/\/files.sunoresearch.com.br\/n\/uploads\/2019\/08\/c7b884fb-logotipo-da-operadora-de-telecomunicacoes-oi-durante-inauguracao-de-loja-1426871751488_1920x1440-jpg.webp","width":1920,"height":1440,"caption":"Oi (divulga\u00e7\u00e3o)"},{"@type":"BreadcrumbList","@id":"https:\/\/www.suno.com.br\/noticias\/oi-nao-vendera-operacao-movel-diz-diretor\/#breadcrumb","itemListElement":[{"@type":"ListItem","position":1,"name":"Not\u00edcias","item":"https:\/\/www.suno.com.br\/noticias\/"},{"@type":"ListItem","position":2,"name":"Neg\u00f3cios","item":"https:\/\/www.suno.com.br\/noticias\/negocios\/"},{"@type":"ListItem","position":3,"name":"Oi n\u00e3o vender\u00e1 opera\u00e7\u00e3o de telefonia m\u00f3vel no curto prazo, diz diretor de opera\u00e7\u00f5es"}]},{"@type":"WebSite","@id":"https:\/\/www.suno.com.br\/noticias\/#website","url":"https:\/\/www.suno.com.br\/noticias\/","name":"Suno Not\u00edcias","description":"Seu portal de informa\u00e7\u00e3o sobre o mundo dos investimentos","publisher":{"@id":"https:\/\/www.suno.com.br\/noticias\/#organization"},"potentialAction":[{"@type":"SearchAction","target":{"@type":"EntryPoint","urlTemplate":"https:\/\/www.suno.com.br\/noticias\/?s={search_term_string}"},"query-input":{"@type":"PropertyValueSpecification","valueRequired":true,"valueName":"search_term_string"}}],"inLanguage":"pt-BR"},{"@type":"Organization","@id":"https:\/\/www.suno.com.br\/noticias\/#organization","name":"Suno Not\u00edcias","url":"https:\/\/www.suno.com.br\/noticias\/","logo":{"@type":"ImageObject","inLanguage":"pt-BR","@id":"https:\/\/www.suno.com.br\/noticias\/#\/schema\/logo\/image\/","url":"https:\/\/files.sunoresearch.com.br\/n\/uploads\/2021\/09\/suno-logo.png","contentUrl":"https:\/\/files.sunoresearch.com.br\/n\/uploads\/2021\/09\/suno-logo.png","width":180,"height":180,"caption":"Suno Not\u00edcias"},"image":{"@id":"https:\/\/www.suno.com.br\/noticias\/#\/schema\/logo\/image\/"},"sameAs":["https:\/\/facebook.com\/sunoresearch","https:\/\/x.com\/sunoresearch","https:\/\/www.instagram.com\/suno","https:\/\/www.linkedin.com\/company\/suno-research\/","https:\/\/www.youtube.com\/c\/sunoresearch"]},{"@type":"Person","@id":"https:\/\/www.suno.com.br\/noticias\/#\/schema\/person\/4e19e3d2575736e5283d58eb3199d120","name":"Giovanna Oliveira","image":{"@type":"ImageObject","inLanguage":"pt-BR","@id":"https:\/\/www.suno.com.br\/noticias\/#\/schema\/person\/image\/","url":"https:\/\/secure.gravatar.com\/avatar\/9a37b3ae208962ac568992d0ffdbc2eb?s=96&r=g","contentUrl":"https:\/\/secure.gravatar.com\/avatar\/9a37b3ae208962ac568992d0ffdbc2eb?s=96&r=g","caption":"Giovanna Oliveira"},"description":"Giovanna Oliveira escreve sobre economia e pol\u00edtica. Foi rep\u00f3rter do portal de jornalismo da ESPM-SP e produziu conte\u00fado para a Corinthians TV. \u00c9 estudante da ESPM.","url":"https:\/\/www.suno.com.br\/noticias\/author\/giovanna\/"}]}},"default_loop_html":"<div class=\"cardsPage__listCard__boxs\"><div class=\"cardsPage__listCard__boxs__img\"><a href=\"https:\/\/www.suno.com.br\/noticias\/oi-nao-vendera-operacao-movel-diz-diretor\/\"><img class=\"mask\" src=\"https:\/\/www.suno.com.br\/noticias\/wp-content\/themes\/suno\/resources\/images\/spotlight\/spotlight1img\/bg-mask.png\" alt=\"Image Mask\"\/><img src=\"https:\/\/files.sunoresearch.com.br\/n\/uploads\/2019\/08\/c7b884fb-logotipo-da-operadora-de-telecomunicacoes-oi-durante-inauguracao-de-loja-1426871751488_1920x1440-400x200.webp\" alt=\"Oi n\u00e3o vender\u00e1 opera\u00e7\u00e3o de telefonia m\u00f3vel no curto prazo, diz diretor de opera\u00e7\u00f5es\"\/><\/a><span class=\"spotlightCategory\"><a href=\"https:\/\/www.suno.com.br\/noticias\/negocios\/\">Neg\u00f3cios<\/a><\/span><\/div><div class=\"cardsPage__listCard__boxs__content\"><a href=\"https:\/\/www.suno.com.br\/noticias\/oi-nao-vendera-operacao-movel-diz-diretor\/\"><h2 class=\"content__title\">Oi n\u00e3o vender\u00e1 opera\u00e7\u00e3o de telefonia m\u00f3vel no curto prazo, diz diretor de opera\u00e7\u00f5es<\/h2><\/a><div class=\"newsContent__article__meta\"><div class=\"newsContent__article__meta__authorBox\"><a href=\"https:\/\/www.suno.com.br\/noticias\/author\/giovanna\/\" class=\"authorBox__avatar noMobi\"><img src=\"https:\/\/files.sunoresearch.com.br\/n\/uploads\/2019\/06\/952a89ca-screenshot_20190608-171507-150x150.webp\" alt=\"Giovanna Oliveira\"><\/a><div class=\"authorBox__name\"><span>por\n\t\t\t<a href=\"https:\/\/www.suno.com.br\/noticias\/author\/giovanna\/\"><span itemprop=\"author\">Giovanna Oliveira<\/span><\/a><\/span><time datetime=\"2019-10-02T19:10:08-03:00\" itemprop=\"datePublished\">02\/10\/2019 19:10<\/time><\/div><\/div><\/div><\/div><\/div>","single_layout":"posts","amp_enabled":true,"_links":{"self":[{"href":"https:\/\/www.suno.com.br\/noticias\/wp-json\/wp\/v2\/posts\/39684"}],"collection":[{"href":"https:\/\/www.suno.com.br\/noticias\/wp-json\/wp\/v2\/posts"}],"about":[{"href":"https:\/\/www.suno.com.br\/noticias\/wp-json\/wp\/v2\/types\/post"}],"author":[{"embeddable":true,"href":"https:\/\/www.suno.com.br\/noticias\/wp-json\/wp\/v2\/users\/18"}],"replies":[{"embeddable":true,"href":"https:\/\/www.suno.com.br\/noticias\/wp-json\/wp\/v2\/comments?post=39684"}],"version-history":[{"count":1,"href":"https:\/\/www.suno.com.br\/noticias\/wp-json\/wp\/v2\/posts\/39684\/revisions"}],"predecessor-version":[{"id":159612,"href":"https:\/\/www.suno.com.br\/noticias\/wp-json\/wp\/v2\/posts\/39684\/revisions\/159612"}],"wp:featuredmedia":[{"embeddable":true,"href":"https:\/\/www.suno.com.br\/noticias\/wp-json\/wp\/v2\/media\/34594"}],"wp:attachment":[{"href":"https:\/\/www.suno.com.br\/noticias\/wp-json\/wp\/v2\/media?parent=39684"}],"wp:term":[{"taxonomy":"category","embeddable":true,"href":"https:\/\/www.suno.com.br\/noticias\/wp-json\/wp\/v2\/categories?post=39684"},{"taxonomy":"post_tag","embeddable":true,"href":"https:\/\/www.suno.com.br\/noticias\/wp-json\/wp\/v2\/tags?post=39684"},{"taxonomy":"suno_strategy","embeddable":true,"href":"https:\/\/www.suno.com.br\/noticias\/wp-json\/wp\/v2\/suno_strategy?post=39684"}],"curies":[{"name":"wp","href":"https:\/\/api.w.org\/{rel}","templated":true}]}}