{"id":39679,"date":"2019-10-02T17:55:26","date_gmt":"2019-10-02T20:55:26","guid":{"rendered":"https:\/\/www.suno.com.br\/noticias\/?p=39679"},"modified":"2021-02-17T20:08:01","modified_gmt":"2021-02-17T23:08:01","slug":"ibovespa-encerra-290-bancos-02102019","status":"publish","type":"post","link":"https:\/\/www.suno.com.br\/noticias\/ibovespa-encerra-290-bancos-02102019\/","title":{"rendered":"Ibovespa encerra em queda de 2,90% com bancos em opera\u00e7\u00e3o Lava Jato"},"content":{"rendered":"<p>O Ibovespa encerrou o preg\u00e3o desta quarta-feira (2) em queda de 2,9% e retornou a casa dos 101 mil pontos. A baixa do \u00edndice acion\u00e1rio foi puxada pela investiga\u00e7\u00e3o dos principais <strong>bancos<\/strong> do Pa\u00eds pela <strong>Opera\u00e7\u00e3o Lava Jato<\/strong>.<\/p>\t<div class=\"wrapper-featured-image\">\n\t\t<figure class=\"spotlightImg\">\n\n\t\t\t<picture>\n\t\t\t\t<source media=\"(max-width: 768px)\" srcset=\"https:\/\/files.sunoresearch.com.br\/n\/uploads\/2018\/12\/22a35ec4-ibovespa-400x200.webp\">\n\t\t\t\t<img loading=\"lazy\" decoding=\"async\" class=\"newsContent__article__imgCapa lazyloadDisabled newsContent__article__imgCapa--noCaption\" src=\"https:\/\/files.sunoresearch.com.br\/n\/uploads\/2018\/12\/22a35ec4-ibovespa-800x450.webp\" width=\"800\" height=\"450\" alt=\"Ibovespa encerra em queda de 2,90% com bancos em opera\u00e7\u00e3o Lava Jato\" fetchpriority=high \/>\n\t\t\t<\/picture>\n\n\t\t\t<figcaption class=\"wp-caption-text wp-caption-text--hide\">Ibovespa fecha em alta de 2,03%, a 95.735,35 pontos<\/figcaption>\n\t\t<\/figure>\n\t<\/div>\n\n\n<p>No fechamento do mercado, o <strong>Ibovespa<\/strong> registrava queda de 2,9%, a 101.031,44 pontos.<\/p>\n\n<p>O mercado reagiu a aprova\u00e7\u00e3o em primeiro turno da <strong>reforma da Previd\u00eancia<\/strong> no Senado. Al\u00e9m disso, a redu\u00e7\u00e3o da economia da reforma foi alvo de aten\u00e7\u00e3o dos investidores.<\/p>\n<p>Em contrapartida aos resultados negativos, a alta das a\u00e7\u00f5es da <strong>Arezzo<\/strong> ap\u00f3s o acordo com a <strong>Vans<\/strong> movimentou o principal indicador da <a href=\"https:\/\/www.suno.com.br\/artigos\/b3\/\">B3<\/a>. O projeto de investimentos do <strong>Softbank<\/strong> em empresas da Am\u00e9rica Latina tamb\u00e9m esteve no radar do mercado.<\/p>\n<h2>Lavagem de dinheiro em bancos brasileiros<\/h2>\n<p>As recentes investiga\u00e7\u00f5es da <strong>Opera\u00e7\u00e3o Lava Jato<\/strong> indicaram que contas abertas nos cinco maiores bancos do pa\u00eds foram utilizados como meio para <a href=\"https:\/\/www.suno.com.br\/artigos\/lavagem-de-dinheiro\/\">lavagem de dinheiro<\/a>.<\/p>\n<p><a href=\"https:\/\/www.suno.com.br\/noticias\/lava-jato-aponta-lavagem-de-1-bilhao-entre-cinco-maiores-bancos\/\">Saiba mais: Lava Jato aponta lavagem de R$ 1,3 bilh\u00e3o entre os cinco maiores bancos do Brasil<\/a><\/p>\n<p>De acordo com as apura\u00e7\u00f5es baseadas em duas fases da opera\u00e7\u00e3o deste ano, pagamentos de propina passaram pelas cinco maiores institui\u00e7\u00f5es banc\u00e1rias do Pa\u00eds. S\u00e3o elas:<\/p>\n<ul>\n<li>Bradesco: R$ 989,6 milh\u00f5es<\/li>\n<li>Banco do Brasil: R$ 200 milh\u00f5es<\/li>\n<li>Ita\u00fa Unibanco: R$ 94,5 milh\u00f5es<\/li>\n<li>Santander: R$ 19,5 milh\u00f5es<\/li>\n<li>Caixa Econ\u00f4mica Federal: R$ 4,1 milh\u00f5es<\/li>\n<\/ul>\n<h2>Aprova\u00e7\u00e3o da Previd\u00eancia no Senado<\/h2>\n<p>O Senado aprovou em primeiro turno a <strong>reforma da Previd\u00eancia.<\/strong> Os senadores rejeitaram ou retiraram os seis destaques, ou seja, altera\u00e7\u00f5es no texto que foram propostos.<\/p>\n<p><a href=\"https:\/\/www.suno.com.br\/noticias\/senado-aprova-previdencia-em-primeiro-turno-destaques-sao-rejeitados\/\">Saiba mais: Senado aprova Previd\u00eancia em primeiro turno; destaques s\u00e3o rejeitados<\/a><\/p>\n<p>Entre as propostas de altera\u00e7\u00e3o, tr\u00eas foram rejeitadas. Sendo elas sobre a aposentadoria especial, a pens\u00e3o por morte e a idade m\u00ednima das mulheres. As outras tr\u00eas propostas, que foram retiradas, eram sobre a aposentadoria de anistiados, altera\u00e7\u00f5es no c\u00e1lculo de benef\u00edcios e nas regras de transi\u00e7\u00e3o.<\/p>\n<p>Al\u00e9m disso, o plen\u00e1rio do Senado Federal retirou a proposta de mudar as regras para concess\u00e3o do <a href=\"https:\/\/www.suno.com.br\/artigos\/abono-salarial\/\">abono salarial<\/a> da reforma. A mudan\u00e7a no texto desidrata a reforma em R$ 76,4 bilh\u00f5es e reduz a economia prevista para pouco mais de R$ 800 bilh\u00f5es em dez anos.<\/p>\n<h2>Acordo entre Arezzo e Vans<\/h2>\n<p>A <strong>Arezzo<\/strong>\u00a0anunciou, atrav\u00e9s de seu fato relevante que ser\u00e1 distribuidora exclusiva da<strong> Vans<\/strong> no Brasil.<\/p>\n<p><a href=\"https:\/\/www.suno.com.br\/noticias\/arezzo-acordo-vans-distribuidora-brasil-exclusiva\/\">Saiba mais: Arezzo assina acordo com Vans para ser distribuidora exclusiva no Brasil<\/a><\/p>\n<p>&#8220;A companhia passar\u00e1 a ser distribuidora exclusiva dos Produtos Vans no territ\u00f3rio brasileiro, pelo prazo inicial de 5 anos a partir de 1\u00b0 de janeiro de 2020, com possibilidade de extens\u00e3o por mais 2 anos vinculada ao atingimento de determinadas m\u00e9tricas operacionais e financeiras&#8221;, informou a empresa.<\/p>\n<p>Al\u00e9m disso, a varejista informou que investir\u00e1 aproximadamente R$ 50 milh\u00f5es na aquisi\u00e7\u00e3o de estoque de produtos e de outras quatro outlets pr\u00f3prios Vans.<\/p>\n\t<p>\n\t\t<a href=\"https:\/\/lp.suno.com.br\/ao\/cadastro-whatsapp\/\" target=\"_blank\" data-element=\"shortcode-suno-banner\" title=\"Banner SUNO, clique e saiba mais\">\n\t\t\t<picture>\n\t\t\t\t<source media=\"(max-width: 500px)\" srcset=\"https:\/\/files.sunoresearch.com.br\/n\/uploads\/2024\/03\/400x300-whatsapp-Suno.png\">\n\t\t\t\t<img class=\"newsContent__article__imgCapa newsContent__article__imgCapa--banner\"\n\t\t\t\t\tsrc=\"https:\/\/files.sunoresearch.com.br\/n\/uploads\/2024\/03\/1420x240-whatsapp-Suno.png\"\n\t\t\t\t\tdata-promo-id=\"101743\"\t\t\t\t\t\t\t\t\t\twidth='1420' height='240'\t\t\t\t\talt=\"https:\/\/files.sunoresearch.com.br\/n\/uploads\/2024\/03\/1420x240-whatsapp-Suno.png\"\n\t\t\t\t>\n\t\t\t<\/picture>\n\t\t<\/a>\n\t<\/p>\n\n\n<p>Os pap\u00e9is da Arezzo (<strong>ARZZ3<\/strong>) encerraram em alta de 2,96%, sendo negociadas a R$ 51,15.<\/p>\n<h2>Softbank investir\u00e1 em startups na Am\u00e9rica Latina<\/h2>\n<p>De olho na Am\u00e9rica Latina, o <strong>Softbank<\/strong> anunciou o lan\u00e7amento de sua incubadora, projeto que tem como objetivo o desenvolvimento de<a href=\"https:\/\/www.suno.com.br\/artigos\/aceleradoras\/\"> startups,<\/a> Latin America Tech Hub.<\/p>\n<p><a href=\"https:\/\/www.suno.com.br\/noticias\/softbank-startups-join-ventures-america-latina\/\">Saiba mais: Softbank anuncia seu projeto de investimento em startups na Am\u00e9rica Latina<\/a><\/p>\n<p>Em comunicado, a institui\u00e7\u00e3o financeira informou que deseja criar 50 parcerias em cinco anos, com o objetivo de que a Vision Fund, fundo de investimento de startups, se expanda na Am\u00e9rica Latina.<\/p>\n<p>O grupo japon\u00eas tem o intuito de investir em<em><a href=\"https:\/\/www.suno.com.br\/artigos\/joint-venture\/\"> joint<\/a><\/em><em><a href=\"https:\/\/www.suno.com.br\/artigos\/joint-venture\/\"> ventures<\/a><\/em>e startups. Al\u00e9m disso, o\u00a0fundo trar\u00e1 companhias do portf\u00f3lio mundial para a regi\u00e3o latino-americana. &#8220;Estamos animados em ajudar empresas do portf\u00f3lio do Vision Fund a entrarem na Am\u00e9rica Latina&#8221;, disse o presidente do fundo investimento, <a href=\"https:\/\/www.suno.com.br\/artigos\/ceo\/\">Rajeev Misra<\/a>.<\/p>\n<h2>\u00daltima cota\u00e7\u00e3o do Ibovespa<\/h2>\n<p>Na \u00faltima sess\u00e3o, na ter\u00e7a-feira (1), o <a href=\"https:\/\/www.suno.com.br\/artigos\/ibovespa\/\"><strong>Ibovespa<\/strong><\/a> encerrou em queda de -0,66% a 104.053,398 pontos.<\/p>\n","protected":false},"excerpt":{"rendered":"<p>O Ibovespa encerrou o preg\u00e3o desta quarta-feira (2) em queda de 2,9% e retornou a casa dos 101 mil pontos. A baixa do \u00edndice acion\u00e1rio foi puxada pela investiga\u00e7\u00e3o dos principais bancos do Pa\u00eds pela Opera\u00e7\u00e3o Lava Jato. Ibovespa fecha em alta de 2,03%, a 95.735,35 pontos No fechamento do mercado, o Ibovespa registrava queda [&hellip;]<\/p>\n","protected":false},"author":18,"featured_media":8246,"comment_status":"closed","ping_status":"closed","sticky":false,"template":"","format":"standard","meta":[],"categories":[60],"tags":[362,721,1914,940,951],"suno_strategy":[],"class_list":["post-39679","post","type-post","status-publish","format-standard","has-post-thumbnail","hentry","category-mercado","tag-arezzo-arzz3","tag-ibovespa","tag-operacao-lava-jato","tag-reforma-da-previdencia","tag-softbank"],"yoast_head":"<!-- This site is optimized with the Yoast SEO plugin v24.4 - https:\/\/yoast.com\/wordpress\/plugins\/seo\/ -->\n<title>Ibovespa encerra em queda de 2,90% com bancos em opera\u00e7\u00e3o Lava Jato<\/title>\n<meta name=\"description\" content=\"No fechamento do mercado desta quarta-feira (2), o Ibovespa registrava queda de 2,9%, a 101.031,44 pontos. Clique para saber mais.\" \/>\n<meta name=\"robots\" content=\"index, follow, max-snippet:-1, max-image-preview:large, max-video-preview:-1\" \/>\n<link rel=\"canonical\" href=\"https:\/\/www.suno.com.br\/noticias\/ibovespa-encerra-290-bancos-02102019\/\" \/>\n<meta property=\"og:locale\" content=\"pt_BR\" \/>\n<meta property=\"og:type\" content=\"article\" \/>\n<meta property=\"og:title\" content=\"Ibovespa encerra em queda de 2,90% com bancos em opera\u00e7\u00e3o Lava Jato\" \/>\n<meta property=\"og:description\" content=\"No fechamento do mercado desta quarta-feira (2), o Ibovespa registrava queda de 2,9%, a 101.031,44 pontos. Clique para saber mais.\" \/>\n<meta property=\"og:url\" content=\"https:\/\/www.suno.com.br\/noticias\/ibovespa-encerra-290-bancos-02102019\/\" \/>\n<meta property=\"og:site_name\" content=\"Suno Not\u00edcias\" \/>\n<meta property=\"article:publisher\" content=\"https:\/\/facebook.com\/sunoresearch\" \/>\n<meta property=\"og:image\" content=\"https:\/\/files.sunoresearch.com.br\/n\/uploads\/2018\/12\/22a35ec4-ibovespa.jpg\" \/>\n\t<meta property=\"og:image:width\" content=\"1280\" \/>\n\t<meta property=\"og:image:height\" content=\"902\" \/>\n\t<meta property=\"og:image:type\" content=\"image\/jpeg\" \/>\n<meta name=\"author\" content=\"Giovanna Oliveira\" \/>\n<meta name=\"twitter:card\" content=\"summary_large_image\" \/>\n<meta name=\"twitter:creator\" content=\"@sunoresearch\" \/>\n<meta name=\"twitter:site\" content=\"@sunoresearch\" \/>\n<meta name=\"twitter:label1\" content=\"Escrito por\" \/>\n\t<meta name=\"twitter:data1\" content=\"Giovanna Oliveira\" \/>\n\t<meta name=\"twitter:label2\" content=\"Est. tempo de leitura\" \/>\n\t<meta name=\"twitter:data2\" content=\"3 minutos\" \/>\n<script type=\"application\/ld+json\" class=\"yoast-schema-graph\">{\"@context\":\"https:\/\/schema.org\",\"@graph\":[{\"@type\":\"NewsArticle\",\"@id\":\"https:\/\/www.suno.com.br\/noticias\/ibovespa-encerra-290-bancos-02102019\/#article\",\"isPartOf\":{\"@id\":\"https:\/\/www.suno.com.br\/noticias\/ibovespa-encerra-290-bancos-02102019\/\"},\"author\":{\"name\":\"Giovanna Oliveira\",\"@id\":\"https:\/\/www.suno.com.br\/noticias\/#\/schema\/person\/4e19e3d2575736e5283d58eb3199d120\"},\"headline\":\"Ibovespa encerra em queda de 2,90% com bancos em opera\u00e7\u00e3o Lava Jato\",\"datePublished\":\"2019-10-02T20:55:26+00:00\",\"dateModified\":\"2021-02-17T23:08:01+00:00\",\"mainEntityOfPage\":{\"@id\":\"https:\/\/www.suno.com.br\/noticias\/ibovespa-encerra-290-bancos-02102019\/\"},\"wordCount\":690,\"publisher\":{\"@id\":\"https:\/\/www.suno.com.br\/noticias\/#organization\"},\"image\":{\"@id\":\"https:\/\/www.suno.com.br\/noticias\/ibovespa-encerra-290-bancos-02102019\/#primaryimage\"},\"thumbnailUrl\":\"https:\/\/files.sunoresearch.com.br\/n\/uploads\/2018\/12\/22a35ec4-ibovespa-jpg.webp\",\"keywords\":[\"Arezzo (ARZZ3)\",\"Ibovespa\",\"Opera\u00e7\u00e3o Lava Jato\",\"Reforma da Previd\u00eancia\",\"SoftBank\"],\"articleSection\":[\"Mercado\"],\"inLanguage\":\"pt-BR\"},{\"@type\":\"WebPage\",\"@id\":\"https:\/\/www.suno.com.br\/noticias\/ibovespa-encerra-290-bancos-02102019\/\",\"url\":\"https:\/\/www.suno.com.br\/noticias\/ibovespa-encerra-290-bancos-02102019\/\",\"name\":\"Ibovespa encerra em queda de 2,90% com bancos em opera\u00e7\u00e3o Lava Jato\",\"isPartOf\":{\"@id\":\"https:\/\/www.suno.com.br\/noticias\/#website\"},\"primaryImageOfPage\":{\"@id\":\"https:\/\/www.suno.com.br\/noticias\/ibovespa-encerra-290-bancos-02102019\/#primaryimage\"},\"image\":{\"@id\":\"https:\/\/www.suno.com.br\/noticias\/ibovespa-encerra-290-bancos-02102019\/#primaryimage\"},\"thumbnailUrl\":\"https:\/\/files.sunoresearch.com.br\/n\/uploads\/2018\/12\/22a35ec4-ibovespa-jpg.webp\",\"datePublished\":\"2019-10-02T20:55:26+00:00\",\"dateModified\":\"2021-02-17T23:08:01+00:00\",\"description\":\"No fechamento do mercado desta quarta-feira (2), o Ibovespa registrava queda de 2,9%, a 101.031,44 pontos. Clique para saber mais.\",\"breadcrumb\":{\"@id\":\"https:\/\/www.suno.com.br\/noticias\/ibovespa-encerra-290-bancos-02102019\/#breadcrumb\"},\"inLanguage\":\"pt-BR\",\"potentialAction\":[{\"@type\":\"ReadAction\",\"target\":[\"https:\/\/www.suno.com.br\/noticias\/ibovespa-encerra-290-bancos-02102019\/\"]}]},{\"@type\":\"ImageObject\",\"inLanguage\":\"pt-BR\",\"@id\":\"https:\/\/www.suno.com.br\/noticias\/ibovespa-encerra-290-bancos-02102019\/#primaryimage\",\"url\":\"https:\/\/files.sunoresearch.com.br\/n\/uploads\/2018\/12\/22a35ec4-ibovespa-jpg.webp\",\"contentUrl\":\"https:\/\/files.sunoresearch.com.br\/n\/uploads\/2018\/12\/22a35ec4-ibovespa-jpg.webp\",\"width\":1280,\"height\":902,\"caption\":\"Ibovespa fecha em alta de 2,03%, a 95.735,35 pontos\"},{\"@type\":\"BreadcrumbList\",\"@id\":\"https:\/\/www.suno.com.br\/noticias\/ibovespa-encerra-290-bancos-02102019\/#breadcrumb\",\"itemListElement\":[{\"@type\":\"ListItem\",\"position\":1,\"name\":\"Not\u00edcias\",\"item\":\"https:\/\/www.suno.com.br\/noticias\/\"},{\"@type\":\"ListItem\",\"position\":2,\"name\":\"Mercado\",\"item\":\"https:\/\/www.suno.com.br\/noticias\/mercado\/\"},{\"@type\":\"ListItem\",\"position\":3,\"name\":\"Ibovespa encerra em queda de 2,90% com bancos em opera\u00e7\u00e3o Lava Jato\"}]},{\"@type\":\"WebSite\",\"@id\":\"https:\/\/www.suno.com.br\/noticias\/#website\",\"url\":\"https:\/\/www.suno.com.br\/noticias\/\",\"name\":\"Suno Not\u00edcias\",\"description\":\"Seu portal de informa\u00e7\u00e3o sobre o mundo dos investimentos\",\"publisher\":{\"@id\":\"https:\/\/www.suno.com.br\/noticias\/#organization\"},\"potentialAction\":[{\"@type\":\"SearchAction\",\"target\":{\"@type\":\"EntryPoint\",\"urlTemplate\":\"https:\/\/www.suno.com.br\/noticias\/?s={search_term_string}\"},\"query-input\":{\"@type\":\"PropertyValueSpecification\",\"valueRequired\":true,\"valueName\":\"search_term_string\"}}],\"inLanguage\":\"pt-BR\"},{\"@type\":\"Organization\",\"@id\":\"https:\/\/www.suno.com.br\/noticias\/#organization\",\"name\":\"Suno Not\u00edcias\",\"url\":\"https:\/\/www.suno.com.br\/noticias\/\",\"logo\":{\"@type\":\"ImageObject\",\"inLanguage\":\"pt-BR\",\"@id\":\"https:\/\/www.suno.com.br\/noticias\/#\/schema\/logo\/image\/\",\"url\":\"https:\/\/files.sunoresearch.com.br\/n\/uploads\/2021\/09\/suno-logo.png\",\"contentUrl\":\"https:\/\/files.sunoresearch.com.br\/n\/uploads\/2021\/09\/suno-logo.png\",\"width\":180,\"height\":180,\"caption\":\"Suno Not\u00edcias\"},\"image\":{\"@id\":\"https:\/\/www.suno.com.br\/noticias\/#\/schema\/logo\/image\/\"},\"sameAs\":[\"https:\/\/facebook.com\/sunoresearch\",\"https:\/\/x.com\/sunoresearch\",\"https:\/\/www.instagram.com\/suno\",\"https:\/\/www.linkedin.com\/company\/suno-research\/\",\"https:\/\/www.youtube.com\/c\/sunoresearch\"]},{\"@type\":\"Person\",\"@id\":\"https:\/\/www.suno.com.br\/noticias\/#\/schema\/person\/4e19e3d2575736e5283d58eb3199d120\",\"name\":\"Giovanna Oliveira\",\"image\":{\"@type\":\"ImageObject\",\"inLanguage\":\"pt-BR\",\"@id\":\"https:\/\/www.suno.com.br\/noticias\/#\/schema\/person\/image\/\",\"url\":\"https:\/\/secure.gravatar.com\/avatar\/9a37b3ae208962ac568992d0ffdbc2eb?s=96&r=g\",\"contentUrl\":\"https:\/\/secure.gravatar.com\/avatar\/9a37b3ae208962ac568992d0ffdbc2eb?s=96&r=g\",\"caption\":\"Giovanna Oliveira\"},\"description\":\"Giovanna Oliveira escreve sobre economia e pol\u00edtica. Foi rep\u00f3rter do portal de jornalismo da ESPM-SP e produziu conte\u00fado para a Corinthians TV. \u00c9 estudante da ESPM.\",\"url\":\"https:\/\/www.suno.com.br\/noticias\/author\/giovanna\/\"}]}<\/script>\n<!-- \/ Yoast SEO plugin. -->","yoast_head_json":{"title":"Ibovespa encerra em queda de 2,90% com bancos em opera\u00e7\u00e3o Lava Jato","description":"No fechamento do mercado desta quarta-feira (2), o Ibovespa registrava queda de 2,9%, a 101.031,44 pontos. Clique para saber mais.","robots":{"index":"index","follow":"follow","max-snippet":"max-snippet:-1","max-image-preview":"max-image-preview:large","max-video-preview":"max-video-preview:-1"},"canonical":"https:\/\/www.suno.com.br\/noticias\/ibovespa-encerra-290-bancos-02102019\/","og_locale":"pt_BR","og_type":"article","og_title":"Ibovespa encerra em queda de 2,90% com bancos em opera\u00e7\u00e3o Lava Jato","og_description":"No fechamento do mercado desta quarta-feira (2), o Ibovespa registrava queda de 2,9%, a 101.031,44 pontos. Clique para saber mais.","og_url":"https:\/\/www.suno.com.br\/noticias\/ibovespa-encerra-290-bancos-02102019\/","og_site_name":"Suno Not\u00edcias","article_publisher":"https:\/\/facebook.com\/sunoresearch","og_image":[{"width":1280,"height":902,"url":"https:\/\/files.sunoresearch.com.br\/n\/uploads\/2018\/12\/22a35ec4-ibovespa.jpg","type":"image\/jpeg"}],"author":"Giovanna Oliveira","twitter_card":"summary_large_image","twitter_creator":"@sunoresearch","twitter_site":"@sunoresearch","twitter_misc":{"Escrito por":"Giovanna Oliveira","Est. tempo de leitura":"3 minutos"},"schema":{"@context":"https:\/\/schema.org","@graph":[{"@type":"NewsArticle","@id":"https:\/\/www.suno.com.br\/noticias\/ibovespa-encerra-290-bancos-02102019\/#article","isPartOf":{"@id":"https:\/\/www.suno.com.br\/noticias\/ibovespa-encerra-290-bancos-02102019\/"},"author":{"name":"Giovanna Oliveira","@id":"https:\/\/www.suno.com.br\/noticias\/#\/schema\/person\/4e19e3d2575736e5283d58eb3199d120"},"headline":"Ibovespa encerra em queda de 2,90% com bancos em opera\u00e7\u00e3o Lava Jato","datePublished":"2019-10-02T20:55:26+00:00","dateModified":"2021-02-17T23:08:01+00:00","mainEntityOfPage":{"@id":"https:\/\/www.suno.com.br\/noticias\/ibovespa-encerra-290-bancos-02102019\/"},"wordCount":690,"publisher":{"@id":"https:\/\/www.suno.com.br\/noticias\/#organization"},"image":{"@id":"https:\/\/www.suno.com.br\/noticias\/ibovespa-encerra-290-bancos-02102019\/#primaryimage"},"thumbnailUrl":"https:\/\/files.sunoresearch.com.br\/n\/uploads\/2018\/12\/22a35ec4-ibovespa-jpg.webp","keywords":["Arezzo (ARZZ3)","Ibovespa","Opera\u00e7\u00e3o Lava Jato","Reforma da Previd\u00eancia","SoftBank"],"articleSection":["Mercado"],"inLanguage":"pt-BR"},{"@type":"WebPage","@id":"https:\/\/www.suno.com.br\/noticias\/ibovespa-encerra-290-bancos-02102019\/","url":"https:\/\/www.suno.com.br\/noticias\/ibovespa-encerra-290-bancos-02102019\/","name":"Ibovespa encerra em queda de 2,90% com bancos em opera\u00e7\u00e3o Lava Jato","isPartOf":{"@id":"https:\/\/www.suno.com.br\/noticias\/#website"},"primaryImageOfPage":{"@id":"https:\/\/www.suno.com.br\/noticias\/ibovespa-encerra-290-bancos-02102019\/#primaryimage"},"image":{"@id":"https:\/\/www.suno.com.br\/noticias\/ibovespa-encerra-290-bancos-02102019\/#primaryimage"},"thumbnailUrl":"https:\/\/files.sunoresearch.com.br\/n\/uploads\/2018\/12\/22a35ec4-ibovespa-jpg.webp","datePublished":"2019-10-02T20:55:26+00:00","dateModified":"2021-02-17T23:08:01+00:00","description":"No fechamento do mercado desta quarta-feira (2), o Ibovespa registrava queda de 2,9%, a 101.031,44 pontos. Clique para saber mais.","breadcrumb":{"@id":"https:\/\/www.suno.com.br\/noticias\/ibovespa-encerra-290-bancos-02102019\/#breadcrumb"},"inLanguage":"pt-BR","potentialAction":[{"@type":"ReadAction","target":["https:\/\/www.suno.com.br\/noticias\/ibovespa-encerra-290-bancos-02102019\/"]}]},{"@type":"ImageObject","inLanguage":"pt-BR","@id":"https:\/\/www.suno.com.br\/noticias\/ibovespa-encerra-290-bancos-02102019\/#primaryimage","url":"https:\/\/files.sunoresearch.com.br\/n\/uploads\/2018\/12\/22a35ec4-ibovespa-jpg.webp","contentUrl":"https:\/\/files.sunoresearch.com.br\/n\/uploads\/2018\/12\/22a35ec4-ibovespa-jpg.webp","width":1280,"height":902,"caption":"Ibovespa fecha em alta de 2,03%, a 95.735,35 pontos"},{"@type":"BreadcrumbList","@id":"https:\/\/www.suno.com.br\/noticias\/ibovespa-encerra-290-bancos-02102019\/#breadcrumb","itemListElement":[{"@type":"ListItem","position":1,"name":"Not\u00edcias","item":"https:\/\/www.suno.com.br\/noticias\/"},{"@type":"ListItem","position":2,"name":"Mercado","item":"https:\/\/www.suno.com.br\/noticias\/mercado\/"},{"@type":"ListItem","position":3,"name":"Ibovespa encerra em queda de 2,90% com bancos em opera\u00e7\u00e3o Lava Jato"}]},{"@type":"WebSite","@id":"https:\/\/www.suno.com.br\/noticias\/#website","url":"https:\/\/www.suno.com.br\/noticias\/","name":"Suno Not\u00edcias","description":"Seu portal de informa\u00e7\u00e3o sobre o mundo dos investimentos","publisher":{"@id":"https:\/\/www.suno.com.br\/noticias\/#organization"},"potentialAction":[{"@type":"SearchAction","target":{"@type":"EntryPoint","urlTemplate":"https:\/\/www.suno.com.br\/noticias\/?s={search_term_string}"},"query-input":{"@type":"PropertyValueSpecification","valueRequired":true,"valueName":"search_term_string"}}],"inLanguage":"pt-BR"},{"@type":"Organization","@id":"https:\/\/www.suno.com.br\/noticias\/#organization","name":"Suno Not\u00edcias","url":"https:\/\/www.suno.com.br\/noticias\/","logo":{"@type":"ImageObject","inLanguage":"pt-BR","@id":"https:\/\/www.suno.com.br\/noticias\/#\/schema\/logo\/image\/","url":"https:\/\/files.sunoresearch.com.br\/n\/uploads\/2021\/09\/suno-logo.png","contentUrl":"https:\/\/files.sunoresearch.com.br\/n\/uploads\/2021\/09\/suno-logo.png","width":180,"height":180,"caption":"Suno Not\u00edcias"},"image":{"@id":"https:\/\/www.suno.com.br\/noticias\/#\/schema\/logo\/image\/"},"sameAs":["https:\/\/facebook.com\/sunoresearch","https:\/\/x.com\/sunoresearch","https:\/\/www.instagram.com\/suno","https:\/\/www.linkedin.com\/company\/suno-research\/","https:\/\/www.youtube.com\/c\/sunoresearch"]},{"@type":"Person","@id":"https:\/\/www.suno.com.br\/noticias\/#\/schema\/person\/4e19e3d2575736e5283d58eb3199d120","name":"Giovanna Oliveira","image":{"@type":"ImageObject","inLanguage":"pt-BR","@id":"https:\/\/www.suno.com.br\/noticias\/#\/schema\/person\/image\/","url":"https:\/\/secure.gravatar.com\/avatar\/9a37b3ae208962ac568992d0ffdbc2eb?s=96&r=g","contentUrl":"https:\/\/secure.gravatar.com\/avatar\/9a37b3ae208962ac568992d0ffdbc2eb?s=96&r=g","caption":"Giovanna Oliveira"},"description":"Giovanna Oliveira escreve sobre economia e pol\u00edtica. Foi rep\u00f3rter do portal de jornalismo da ESPM-SP e produziu conte\u00fado para a Corinthians TV. \u00c9 estudante da ESPM.","url":"https:\/\/www.suno.com.br\/noticias\/author\/giovanna\/"}]}},"default_loop_html":"<div class=\"cardsPage__listCard__boxs\"><div class=\"cardsPage__listCard__boxs__img\"><a href=\"https:\/\/www.suno.com.br\/noticias\/ibovespa-encerra-290-bancos-02102019\/\"><img class=\"mask\" src=\"https:\/\/www.suno.com.br\/noticias\/wp-content\/themes\/suno\/resources\/images\/spotlight\/spotlight1img\/bg-mask.png\" alt=\"Image Mask\"\/><img src=\"https:\/\/files.sunoresearch.com.br\/n\/uploads\/2018\/12\/22a35ec4-ibovespa-400x200.webp\" alt=\"Ibovespa encerra em queda de 2,90% com bancos em opera\u00e7\u00e3o Lava Jato\"\/><\/a><span class=\"spotlightCategory\"><a href=\"https:\/\/www.suno.com.br\/noticias\/mercado\/\">Mercado<\/a><\/span><\/div><div class=\"cardsPage__listCard__boxs__content\"><a href=\"https:\/\/www.suno.com.br\/noticias\/ibovespa-encerra-290-bancos-02102019\/\"><h2 class=\"content__title\">Ibovespa encerra em queda de 2,90% com bancos em opera\u00e7\u00e3o Lava Jato<\/h2><\/a><div class=\"newsContent__article__meta\"><div class=\"newsContent__article__meta__authorBox\"><a href=\"https:\/\/www.suno.com.br\/noticias\/author\/giovanna\/\" class=\"authorBox__avatar noMobi\"><img src=\"https:\/\/files.sunoresearch.com.br\/n\/uploads\/2019\/06\/952a89ca-screenshot_20190608-171507-150x150.webp\" alt=\"Giovanna Oliveira\"><\/a><div class=\"authorBox__name\"><span>por\n\t\t\t<a href=\"https:\/\/www.suno.com.br\/noticias\/author\/giovanna\/\"><span itemprop=\"author\">Giovanna Oliveira<\/span><\/a><\/span><time datetime=\"2019-10-02T17:55:26-03:00\" itemprop=\"datePublished\">02\/10\/2019 17:55<\/time><\/div><\/div><\/div><\/div><\/div>","single_layout":"posts","amp_enabled":true,"_links":{"self":[{"href":"https:\/\/www.suno.com.br\/noticias\/wp-json\/wp\/v2\/posts\/39679"}],"collection":[{"href":"https:\/\/www.suno.com.br\/noticias\/wp-json\/wp\/v2\/posts"}],"about":[{"href":"https:\/\/www.suno.com.br\/noticias\/wp-json\/wp\/v2\/types\/post"}],"author":[{"embeddable":true,"href":"https:\/\/www.suno.com.br\/noticias\/wp-json\/wp\/v2\/users\/18"}],"replies":[{"embeddable":true,"href":"https:\/\/www.suno.com.br\/noticias\/wp-json\/wp\/v2\/comments?post=39679"}],"version-history":[{"count":0,"href":"https:\/\/www.suno.com.br\/noticias\/wp-json\/wp\/v2\/posts\/39679\/revisions"}],"wp:featuredmedia":[{"embeddable":true,"href":"https:\/\/www.suno.com.br\/noticias\/wp-json\/wp\/v2\/media\/8246"}],"wp:attachment":[{"href":"https:\/\/www.suno.com.br\/noticias\/wp-json\/wp\/v2\/media?parent=39679"}],"wp:term":[{"taxonomy":"category","embeddable":true,"href":"https:\/\/www.suno.com.br\/noticias\/wp-json\/wp\/v2\/categories?post=39679"},{"taxonomy":"post_tag","embeddable":true,"href":"https:\/\/www.suno.com.br\/noticias\/wp-json\/wp\/v2\/tags?post=39679"},{"taxonomy":"suno_strategy","embeddable":true,"href":"https:\/\/www.suno.com.br\/noticias\/wp-json\/wp\/v2\/suno_strategy?post=39679"}],"curies":[{"name":"wp","href":"https:\/\/api.w.org\/{rel}","templated":true}]}}