{"id":39668,"date":"2019-10-02T17:26:11","date_gmt":"2019-10-02T20:26:11","guid":{"rendered":"https:\/\/www.suno.com.br\/noticias\/?p=39668"},"modified":"2021-02-17T22:41:54","modified_gmt":"2021-02-18T01:41:54","slug":"senado-aprova-previdencia-em-primeiro-turno-destaques-sao-rejeitados","status":"publish","type":"post","link":"https:\/\/www.suno.com.br\/noticias\/senado-aprova-previdencia-em-primeiro-turno-destaques-sao-rejeitados\/","title":{"rendered":"Senado aprova Previd\u00eancia em primeiro turno; destaques s\u00e3o rejeitados"},"content":{"rendered":"<p>O <strong>Senado<\/strong> aprovou em primeiro turno a reforma da Previd\u00eancia na tarde desta quarta-feira (2). Os senadores rejeitaram ou retiraram os seis destaques, ou seja, altera\u00e7\u00f5es no texto que foram propostos.<\/p>\t<div class=\"wrapper-featured-image\">\n\t\t<figure class=\"spotlightImg\">\n\n\t\t\t<picture>\n\t\t\t\t<source media=\"(max-width: 768px)\" srcset=\"https:\/\/files.sunoresearch.com.br\/n\/uploads\/2019\/10\/556f9a6e-senado-400x200.webp\">\n\t\t\t\t<img loading=\"lazy\" decoding=\"async\" class=\"newsContent__article__imgCapa lazyloadDisabled newsContent__article__imgCapa--noCaption\" src=\"https:\/\/files.sunoresearch.com.br\/n\/uploads\/2019\/10\/556f9a6e-senado-800x450.webp\" width=\"800\" height=\"450\" alt=\"Senado aprova Previd\u00eancia em primeiro turno; destaques s\u00e3o rejeitados\" fetchpriority=high \/>\n\t\t\t<\/picture>\n\n\t\t\t<figcaption class=\"wp-caption-text wp-caption-text--hide\">PEC dos Precat\u00f3rios: altera\u00e7\u00f5es propostas pelo Senado ser\u00e3o votadas na pr\u00f3xima ter\u00e7a-feira (14) no Plen\u00e1rio da C\u00e2mara<\/figcaption>\n\t\t<\/figure>\n\t<\/div>\n\n\n<p>A vota\u00e7\u00e3o da <strong>reforma da Previd\u00eancia<\/strong> foi conclu\u00edda com 56 votos favor\u00e1veis e 19 contr\u00e1rios. Para ser aprovado, o texto precisava de 49 votos a favor.<\/p>\n\n<p>Entre as propostas de altera\u00e7\u00e3o, tr\u00eas foram rejeitadas. Sendo elas sobre a aposentadoria especial, a pens\u00e3o por morte e a idade m\u00ednima das mulheres. As outras tr\u00eas propostas, que foram retiradas, eram sobre a aposentadoria de anistiados, altera\u00e7\u00f5es no c\u00e1lculo de benef\u00edcios e nas regras de transi\u00e7\u00e3o.<\/p>\n<h2>Destaques rejeitados<\/h2>\n<p>Um dos destaques negados, o de <strong>pens\u00e3o por morte<\/strong>, foi apresentado pelo Partido dos Trabalhadores (PT). A proposta buscava manter o benef\u00edcio da forma que \u00e9 hoje, ou seja, integral. Caso o destaque fosse aprovado, o impacto na economia da reforma seria de R$ 106,8 bilh\u00f5es.<\/p>\n<p>O destaque de <strong>aposentadoria especial<\/strong>, apresentado pelo PROS e assumido posteriormente pela Rede, tamb\u00e9m foi rejeitado. Neste caso, a proposta buscava idades m\u00ednimas para aposentadoria especial em casos de atividades em que os trabalhadores est\u00e3o expostos a agentes nocivos para a sa\u00fade. Essa altera\u00e7\u00e3o poderia impactar a economia em at\u00e9 R$ 57,6 bilh\u00f5es.<\/p>\n\t<p>\n\t\t<a href=\"https:\/\/lp2.suno.com.br\/pv\/curso-zero-ao-primeiro-rendimento\/?utm_source=suno-noticias&#038;utm_medium=banner&#038;utm_campaign=_SNC4CCF8112_\" target=\"_blank\" data-element=\"shortcode-suno-banner\" title=\"Banner SUNO, clique e saiba mais\">\n\t\t\t<picture>\n\t\t\t\t<source media=\"(max-width: 500px)\" srcset=\"https:\/\/files.sunoresearch.com.br\/n\/uploads\/2025\/12\/Artigos-e-Noticias-Banner-Materias-02-Mobile_-400x300-1-png.webp\">\n\t\t\t\t<img class=\"newsContent__article__imgCapa newsContent__article__imgCapa--banner\"\n\t\t\t\t\tsrc=\"https:\/\/files.sunoresearch.com.br\/n\/uploads\/2025\/12\/Artigos-e-Noticias-Banner-Materias-01-Desktop_-1420x240-1-png.webp\"\n\t\t\t\t\tdata-promo-id=\"635313\"\t\t\t\t\t\t\t\t\t\twidth='1420' height='240'\t\t\t\t\talt=\"https:\/\/files.sunoresearch.com.br\/n\/uploads\/2025\/12\/Artigos-e-Noticias-Banner-Materias-01-Desktop_-1420x240-1-png.webp\"\n\t\t\t\t>\n\t\t\t<\/picture>\n\t\t<\/a>\n\t<\/p>\n\n\n<p>O outro destaque rejeitado tinha como objetivo a diminui\u00e7\u00e3o da <strong>idade m\u00ednima<\/strong> para as mulheres. A proposta foi reprovada por 54 votos contr\u00e1rios e 18 a favor.<\/p>\n<h2>Altera\u00e7\u00f5es com a reforma da Previd\u00eancia<\/h2>\n<p>Confira quais s\u00e3o as principais altera\u00e7\u00f5es que ocorrer\u00e3o com a <strong>reforma da Previd\u00eancia<\/strong>:<\/p>\n<ul>\n<li><strong>Idade m\u00ednima<\/strong>: De acordo com o texto aprovado pelo Senado, a idade m\u00ednima para aposentadoria ser\u00e1 de 62 anos para as mulheres e 65 anos para os homens;<\/li>\n<li><strong>Tempo de contribui\u00e7\u00e3o:<\/strong> O texto aprovado tamb\u00e9m prev\u00ea altera\u00e7\u00f5es no tempo de contribui\u00e7\u00e3o. Assim, ser\u00e1 de 15 anos tanto para as mulheres quanto para os homens que come\u00e7aram a trabalhar antes da reforma valer. Para os que come\u00e7arem a trabalhar depois, o tempo m\u00ednimo ser\u00e1 de 20 anos;<\/li>\n<li><strong>Valor da aposentadoria:<\/strong> A reforma prev\u00ea altera\u00e7\u00f5es na maneira de calcular o valor da aposentadoria. Para receber 100%, as mulheres precisar\u00e3o contribuir por 35 anos e os homens por 40 anos.<\/li>\n<li><strong>Pens\u00e3o por morte:<\/strong> A forma de calcular a pens\u00e3o por morte tamb\u00e9m foi modificada. Assim, o novo valor ser\u00e1 de 50% da aposentadoria somado a 10% por cada dependente.<\/li>\n<li><strong>Servidor p\u00fablico:<\/strong> Para que possam se aposentar, os servidores p\u00fablicos precisar\u00e3o contribuir por 25 anos, sendo dez anos de servi\u00e7o p\u00fablico e ao menos cinco no mesmo cargo. A idade m\u00ednima \u00e9 de 62 anos para as mulheres e 65 anos aos homens.<\/li>\n<\/ul>\n<h2>Redu\u00e7\u00e3o de R$ 76,4 bilh\u00f5es na economia<\/h2>\n<p>O plen\u00e1rio do Senado Federal retirou, nesta madrugada, a proposta de mudar as regras para concess\u00e3o do <a href=\"https:\/\/www.suno.com.br\/artigos\/abono-salarial\/\"><strong>abono salarial<\/strong><\/a> da reforma. A mudan\u00e7a no texto desidrata a reforma em R$ 76,4 bilh\u00f5es e reduz a economia prevista para pouco mais de R$ 800 bilh\u00f5es em dez anos.<\/p>\n<p><a href=\"https:\/\/www.suno.com.br\/noticias\/reforma-da-previdencia-economia-abono-salarial-800-76\/\">Saiba mais: Mudan\u00e7a no texto da reforma da Previd\u00eancia reduz economia para R$ 800 bilh\u00f5es<\/a><\/p>\n<p>Atualmente, o trabalhador que ganha at\u00e9 dois <a href=\"https:\/\/www.suno.com.br\/artigos\/salario-minimo\/\"><strong>sal\u00e1rios m\u00ednimos<\/strong><\/a> (R$ 1.996) tem direito ao benef\u00edcio. O destaque retirado do texto previa abono salarial para quem ganhasse at\u00e9 R$ 1.346,43, valor calculado pelo crit\u00e9rio previsto na Constitui\u00e7\u00e3o que define a condi\u00e7\u00e3o de baixa renda.<\/p>\n<p>Para a manuten\u00e7\u00e3o do texto da <strong>reforma<\/strong>\u00a0<strong>da Previd\u00eancia<\/strong> eram necess\u00e1rios 49 votos. No entanto, apenas 42 senadores votaram a favor da nova regra do abono. Os contr\u00e1rios a proposta somatizaram 30 votos.<\/p>\n","protected":false},"excerpt":{"rendered":"<p>O Senado aprovou em primeiro turno a reforma da Previd\u00eancia na tarde desta quarta-feira (2). Os senadores rejeitaram ou retiraram os seis destaques, ou seja, altera\u00e7\u00f5es no texto que foram propostos. PEC dos Precat\u00f3rios: altera\u00e7\u00f5es propostas pelo Senado ser\u00e3o votadas na pr\u00f3xima ter\u00e7a-feira (14) no Plen\u00e1rio da C\u00e2mara A vota\u00e7\u00e3o da reforma da Previd\u00eancia foi [&hellip;]<\/p>\n","protected":false},"author":18,"featured_media":39670,"comment_status":"closed","ping_status":"closed","sticky":false,"template":"","format":"standard","meta":[],"categories":[62],"tags":[740,940,1068],"suno_strategy":[],"class_list":["post-39668","post","type-post","status-publish","format-standard","has-post-thumbnail","hentry","category-economia","tag-economia","tag-reforma-da-previdencia","tag-senado-federal"],"yoast_head":"<!-- This site is optimized with the Yoast SEO plugin v24.4 - https:\/\/yoast.com\/wordpress\/plugins\/seo\/ -->\n<title>Senado aprova Previd\u00eancia em primeiro turno; destaques s\u00e3o rejeitados<\/title>\n<meta name=\"description\" content=\"O Senado aprovou em primeiro turno a reforma da Previd\u00eancia na tarde desta quarta-feira (2), com 56 votos favor\u00e1veis. Clique para saber mais.\" \/>\n<meta name=\"robots\" content=\"index, follow, max-snippet:-1, max-image-preview:large, max-video-preview:-1\" \/>\n<link rel=\"canonical\" href=\"https:\/\/www.suno.com.br\/noticias\/senado-aprova-previdencia-em-primeiro-turno-destaques-sao-rejeitados\/\" \/>\n<meta property=\"og:locale\" content=\"pt_BR\" \/>\n<meta property=\"og:type\" content=\"article\" \/>\n<meta property=\"og:title\" content=\"Senado aprova Previd\u00eancia em primeiro turno; destaques s\u00e3o rejeitados\" \/>\n<meta property=\"og:description\" content=\"O Senado aprovou em primeiro turno a reforma da Previd\u00eancia na tarde desta quarta-feira (2), com 56 votos favor\u00e1veis. Clique para saber mais.\" \/>\n<meta property=\"og:url\" content=\"https:\/\/www.suno.com.br\/noticias\/senado-aprova-previdencia-em-primeiro-turno-destaques-sao-rejeitados\/\" \/>\n<meta property=\"og:site_name\" content=\"Suno Not\u00edcias\" \/>\n<meta property=\"article:publisher\" content=\"https:\/\/facebook.com\/sunoresearch\" \/>\n<meta property=\"og:image\" content=\"https:\/\/files.sunoresearch.com.br\/n\/uploads\/2019\/10\/556f9a6e-senado.jpg\" \/>\n\t<meta property=\"og:image:width\" content=\"1920\" \/>\n\t<meta property=\"og:image:height\" content=\"1080\" \/>\n\t<meta property=\"og:image:type\" content=\"image\/jpeg\" \/>\n<meta name=\"author\" content=\"Giovanna Oliveira\" \/>\n<meta name=\"twitter:card\" content=\"summary_large_image\" \/>\n<meta name=\"twitter:creator\" content=\"@sunoresearch\" \/>\n<meta name=\"twitter:site\" content=\"@sunoresearch\" \/>\n<meta name=\"twitter:label1\" content=\"Escrito por\" \/>\n\t<meta name=\"twitter:data1\" content=\"Giovanna Oliveira\" \/>\n\t<meta name=\"twitter:label2\" content=\"Est. tempo de leitura\" \/>\n\t<meta name=\"twitter:data2\" content=\"3 minutos\" \/>\n<script type=\"application\/ld+json\" class=\"yoast-schema-graph\">{\"@context\":\"https:\/\/schema.org\",\"@graph\":[{\"@type\":\"NewsArticle\",\"@id\":\"https:\/\/www.suno.com.br\/noticias\/senado-aprova-previdencia-em-primeiro-turno-destaques-sao-rejeitados\/#article\",\"isPartOf\":{\"@id\":\"https:\/\/www.suno.com.br\/noticias\/senado-aprova-previdencia-em-primeiro-turno-destaques-sao-rejeitados\/\"},\"author\":{\"name\":\"Giovanna Oliveira\",\"@id\":\"https:\/\/www.suno.com.br\/noticias\/#\/schema\/person\/4e19e3d2575736e5283d58eb3199d120\"},\"headline\":\"Senado aprova Previd\u00eancia em primeiro turno; destaques s\u00e3o rejeitados\",\"datePublished\":\"2019-10-02T20:26:11+00:00\",\"dateModified\":\"2021-02-18T01:41:54+00:00\",\"mainEntityOfPage\":{\"@id\":\"https:\/\/www.suno.com.br\/noticias\/senado-aprova-previdencia-em-primeiro-turno-destaques-sao-rejeitados\/\"},\"wordCount\":634,\"publisher\":{\"@id\":\"https:\/\/www.suno.com.br\/noticias\/#organization\"},\"image\":{\"@id\":\"https:\/\/www.suno.com.br\/noticias\/senado-aprova-previdencia-em-primeiro-turno-destaques-sao-rejeitados\/#primaryimage\"},\"thumbnailUrl\":\"https:\/\/files.sunoresearch.com.br\/n\/uploads\/2019\/10\/556f9a6e-senado-jpg.webp\",\"keywords\":[\"Economia\",\"Reforma da Previd\u00eancia\",\"Senado Federal\"],\"articleSection\":[\"Economia\"],\"inLanguage\":\"pt-BR\"},{\"@type\":\"WebPage\",\"@id\":\"https:\/\/www.suno.com.br\/noticias\/senado-aprova-previdencia-em-primeiro-turno-destaques-sao-rejeitados\/\",\"url\":\"https:\/\/www.suno.com.br\/noticias\/senado-aprova-previdencia-em-primeiro-turno-destaques-sao-rejeitados\/\",\"name\":\"Senado aprova Previd\u00eancia em primeiro turno; destaques s\u00e3o rejeitados\",\"isPartOf\":{\"@id\":\"https:\/\/www.suno.com.br\/noticias\/#website\"},\"primaryImageOfPage\":{\"@id\":\"https:\/\/www.suno.com.br\/noticias\/senado-aprova-previdencia-em-primeiro-turno-destaques-sao-rejeitados\/#primaryimage\"},\"image\":{\"@id\":\"https:\/\/www.suno.com.br\/noticias\/senado-aprova-previdencia-em-primeiro-turno-destaques-sao-rejeitados\/#primaryimage\"},\"thumbnailUrl\":\"https:\/\/files.sunoresearch.com.br\/n\/uploads\/2019\/10\/556f9a6e-senado-jpg.webp\",\"datePublished\":\"2019-10-02T20:26:11+00:00\",\"dateModified\":\"2021-02-18T01:41:54+00:00\",\"description\":\"O Senado aprovou em primeiro turno a reforma da Previd\u00eancia na tarde desta quarta-feira (2), com 56 votos favor\u00e1veis. Clique para saber mais.\",\"breadcrumb\":{\"@id\":\"https:\/\/www.suno.com.br\/noticias\/senado-aprova-previdencia-em-primeiro-turno-destaques-sao-rejeitados\/#breadcrumb\"},\"inLanguage\":\"pt-BR\",\"potentialAction\":[{\"@type\":\"ReadAction\",\"target\":[\"https:\/\/www.suno.com.br\/noticias\/senado-aprova-previdencia-em-primeiro-turno-destaques-sao-rejeitados\/\"]}]},{\"@type\":\"ImageObject\",\"inLanguage\":\"pt-BR\",\"@id\":\"https:\/\/www.suno.com.br\/noticias\/senado-aprova-previdencia-em-primeiro-turno-destaques-sao-rejeitados\/#primaryimage\",\"url\":\"https:\/\/files.sunoresearch.com.br\/n\/uploads\/2019\/10\/556f9a6e-senado-jpg.webp\",\"contentUrl\":\"https:\/\/files.sunoresearch.com.br\/n\/uploads\/2019\/10\/556f9a6e-senado-jpg.webp\",\"width\":1920,\"height\":1080,\"caption\":\"PEC dos Precat\u00f3rios: altera\u00e7\u00f5es propostas pelo Senado ser\u00e3o votadas na pr\u00f3xima ter\u00e7a-feira (14) no Plen\u00e1rio da C\u00e2mara\"},{\"@type\":\"BreadcrumbList\",\"@id\":\"https:\/\/www.suno.com.br\/noticias\/senado-aprova-previdencia-em-primeiro-turno-destaques-sao-rejeitados\/#breadcrumb\",\"itemListElement\":[{\"@type\":\"ListItem\",\"position\":1,\"name\":\"Not\u00edcias\",\"item\":\"https:\/\/www.suno.com.br\/noticias\/\"},{\"@type\":\"ListItem\",\"position\":2,\"name\":\"Economia\",\"item\":\"https:\/\/www.suno.com.br\/noticias\/economia\/\"},{\"@type\":\"ListItem\",\"position\":3,\"name\":\"Senado aprova Previd\u00eancia em primeiro turno; destaques s\u00e3o rejeitados\"}]},{\"@type\":\"WebSite\",\"@id\":\"https:\/\/www.suno.com.br\/noticias\/#website\",\"url\":\"https:\/\/www.suno.com.br\/noticias\/\",\"name\":\"Suno Not\u00edcias\",\"description\":\"Seu portal de informa\u00e7\u00e3o sobre o mundo dos investimentos\",\"publisher\":{\"@id\":\"https:\/\/www.suno.com.br\/noticias\/#organization\"},\"potentialAction\":[{\"@type\":\"SearchAction\",\"target\":{\"@type\":\"EntryPoint\",\"urlTemplate\":\"https:\/\/www.suno.com.br\/noticias\/?s={search_term_string}\"},\"query-input\":{\"@type\":\"PropertyValueSpecification\",\"valueRequired\":true,\"valueName\":\"search_term_string\"}}],\"inLanguage\":\"pt-BR\"},{\"@type\":\"Organization\",\"@id\":\"https:\/\/www.suno.com.br\/noticias\/#organization\",\"name\":\"Suno Not\u00edcias\",\"url\":\"https:\/\/www.suno.com.br\/noticias\/\",\"logo\":{\"@type\":\"ImageObject\",\"inLanguage\":\"pt-BR\",\"@id\":\"https:\/\/www.suno.com.br\/noticias\/#\/schema\/logo\/image\/\",\"url\":\"https:\/\/files.sunoresearch.com.br\/n\/uploads\/2021\/09\/suno-logo.png\",\"contentUrl\":\"https:\/\/files.sunoresearch.com.br\/n\/uploads\/2021\/09\/suno-logo.png\",\"width\":180,\"height\":180,\"caption\":\"Suno Not\u00edcias\"},\"image\":{\"@id\":\"https:\/\/www.suno.com.br\/noticias\/#\/schema\/logo\/image\/\"},\"sameAs\":[\"https:\/\/facebook.com\/sunoresearch\",\"https:\/\/x.com\/sunoresearch\",\"https:\/\/www.instagram.com\/suno\",\"https:\/\/www.linkedin.com\/company\/suno-research\/\",\"https:\/\/www.youtube.com\/c\/sunoresearch\"]},{\"@type\":\"Person\",\"@id\":\"https:\/\/www.suno.com.br\/noticias\/#\/schema\/person\/4e19e3d2575736e5283d58eb3199d120\",\"name\":\"Giovanna Oliveira\",\"image\":{\"@type\":\"ImageObject\",\"inLanguage\":\"pt-BR\",\"@id\":\"https:\/\/www.suno.com.br\/noticias\/#\/schema\/person\/image\/\",\"url\":\"https:\/\/secure.gravatar.com\/avatar\/9a37b3ae208962ac568992d0ffdbc2eb?s=96&r=g\",\"contentUrl\":\"https:\/\/secure.gravatar.com\/avatar\/9a37b3ae208962ac568992d0ffdbc2eb?s=96&r=g\",\"caption\":\"Giovanna Oliveira\"},\"description\":\"Giovanna Oliveira escreve sobre economia e pol\u00edtica. Foi rep\u00f3rter do portal de jornalismo da ESPM-SP e produziu conte\u00fado para a Corinthians TV. \u00c9 estudante da ESPM.\",\"url\":\"https:\/\/www.suno.com.br\/noticias\/author\/giovanna\/\"}]}<\/script>\n<!-- \/ Yoast SEO plugin. -->","yoast_head_json":{"title":"Senado aprova Previd\u00eancia em primeiro turno; destaques s\u00e3o rejeitados","description":"O Senado aprovou em primeiro turno a reforma da Previd\u00eancia na tarde desta quarta-feira (2), com 56 votos favor\u00e1veis. Clique para saber mais.","robots":{"index":"index","follow":"follow","max-snippet":"max-snippet:-1","max-image-preview":"max-image-preview:large","max-video-preview":"max-video-preview:-1"},"canonical":"https:\/\/www.suno.com.br\/noticias\/senado-aprova-previdencia-em-primeiro-turno-destaques-sao-rejeitados\/","og_locale":"pt_BR","og_type":"article","og_title":"Senado aprova Previd\u00eancia em primeiro turno; destaques s\u00e3o rejeitados","og_description":"O Senado aprovou em primeiro turno a reforma da Previd\u00eancia na tarde desta quarta-feira (2), com 56 votos favor\u00e1veis. Clique para saber mais.","og_url":"https:\/\/www.suno.com.br\/noticias\/senado-aprova-previdencia-em-primeiro-turno-destaques-sao-rejeitados\/","og_site_name":"Suno Not\u00edcias","article_publisher":"https:\/\/facebook.com\/sunoresearch","og_image":[{"width":1920,"height":1080,"url":"https:\/\/files.sunoresearch.com.br\/n\/uploads\/2019\/10\/556f9a6e-senado.jpg","type":"image\/jpeg"}],"author":"Giovanna Oliveira","twitter_card":"summary_large_image","twitter_creator":"@sunoresearch","twitter_site":"@sunoresearch","twitter_misc":{"Escrito por":"Giovanna Oliveira","Est. tempo de leitura":"3 minutos"},"schema":{"@context":"https:\/\/schema.org","@graph":[{"@type":"NewsArticle","@id":"https:\/\/www.suno.com.br\/noticias\/senado-aprova-previdencia-em-primeiro-turno-destaques-sao-rejeitados\/#article","isPartOf":{"@id":"https:\/\/www.suno.com.br\/noticias\/senado-aprova-previdencia-em-primeiro-turno-destaques-sao-rejeitados\/"},"author":{"name":"Giovanna Oliveira","@id":"https:\/\/www.suno.com.br\/noticias\/#\/schema\/person\/4e19e3d2575736e5283d58eb3199d120"},"headline":"Senado aprova Previd\u00eancia em primeiro turno; destaques s\u00e3o rejeitados","datePublished":"2019-10-02T20:26:11+00:00","dateModified":"2021-02-18T01:41:54+00:00","mainEntityOfPage":{"@id":"https:\/\/www.suno.com.br\/noticias\/senado-aprova-previdencia-em-primeiro-turno-destaques-sao-rejeitados\/"},"wordCount":634,"publisher":{"@id":"https:\/\/www.suno.com.br\/noticias\/#organization"},"image":{"@id":"https:\/\/www.suno.com.br\/noticias\/senado-aprova-previdencia-em-primeiro-turno-destaques-sao-rejeitados\/#primaryimage"},"thumbnailUrl":"https:\/\/files.sunoresearch.com.br\/n\/uploads\/2019\/10\/556f9a6e-senado-jpg.webp","keywords":["Economia","Reforma da Previd\u00eancia","Senado Federal"],"articleSection":["Economia"],"inLanguage":"pt-BR"},{"@type":"WebPage","@id":"https:\/\/www.suno.com.br\/noticias\/senado-aprova-previdencia-em-primeiro-turno-destaques-sao-rejeitados\/","url":"https:\/\/www.suno.com.br\/noticias\/senado-aprova-previdencia-em-primeiro-turno-destaques-sao-rejeitados\/","name":"Senado aprova Previd\u00eancia em primeiro turno; destaques s\u00e3o rejeitados","isPartOf":{"@id":"https:\/\/www.suno.com.br\/noticias\/#website"},"primaryImageOfPage":{"@id":"https:\/\/www.suno.com.br\/noticias\/senado-aprova-previdencia-em-primeiro-turno-destaques-sao-rejeitados\/#primaryimage"},"image":{"@id":"https:\/\/www.suno.com.br\/noticias\/senado-aprova-previdencia-em-primeiro-turno-destaques-sao-rejeitados\/#primaryimage"},"thumbnailUrl":"https:\/\/files.sunoresearch.com.br\/n\/uploads\/2019\/10\/556f9a6e-senado-jpg.webp","datePublished":"2019-10-02T20:26:11+00:00","dateModified":"2021-02-18T01:41:54+00:00","description":"O Senado aprovou em primeiro turno a reforma da Previd\u00eancia na tarde desta quarta-feira (2), com 56 votos favor\u00e1veis. Clique para saber mais.","breadcrumb":{"@id":"https:\/\/www.suno.com.br\/noticias\/senado-aprova-previdencia-em-primeiro-turno-destaques-sao-rejeitados\/#breadcrumb"},"inLanguage":"pt-BR","potentialAction":[{"@type":"ReadAction","target":["https:\/\/www.suno.com.br\/noticias\/senado-aprova-previdencia-em-primeiro-turno-destaques-sao-rejeitados\/"]}]},{"@type":"ImageObject","inLanguage":"pt-BR","@id":"https:\/\/www.suno.com.br\/noticias\/senado-aprova-previdencia-em-primeiro-turno-destaques-sao-rejeitados\/#primaryimage","url":"https:\/\/files.sunoresearch.com.br\/n\/uploads\/2019\/10\/556f9a6e-senado-jpg.webp","contentUrl":"https:\/\/files.sunoresearch.com.br\/n\/uploads\/2019\/10\/556f9a6e-senado-jpg.webp","width":1920,"height":1080,"caption":"PEC dos Precat\u00f3rios: altera\u00e7\u00f5es propostas pelo Senado ser\u00e3o votadas na pr\u00f3xima ter\u00e7a-feira (14) no Plen\u00e1rio da C\u00e2mara"},{"@type":"BreadcrumbList","@id":"https:\/\/www.suno.com.br\/noticias\/senado-aprova-previdencia-em-primeiro-turno-destaques-sao-rejeitados\/#breadcrumb","itemListElement":[{"@type":"ListItem","position":1,"name":"Not\u00edcias","item":"https:\/\/www.suno.com.br\/noticias\/"},{"@type":"ListItem","position":2,"name":"Economia","item":"https:\/\/www.suno.com.br\/noticias\/economia\/"},{"@type":"ListItem","position":3,"name":"Senado aprova Previd\u00eancia em primeiro turno; destaques s\u00e3o rejeitados"}]},{"@type":"WebSite","@id":"https:\/\/www.suno.com.br\/noticias\/#website","url":"https:\/\/www.suno.com.br\/noticias\/","name":"Suno Not\u00edcias","description":"Seu portal de informa\u00e7\u00e3o sobre o mundo dos investimentos","publisher":{"@id":"https:\/\/www.suno.com.br\/noticias\/#organization"},"potentialAction":[{"@type":"SearchAction","target":{"@type":"EntryPoint","urlTemplate":"https:\/\/www.suno.com.br\/noticias\/?s={search_term_string}"},"query-input":{"@type":"PropertyValueSpecification","valueRequired":true,"valueName":"search_term_string"}}],"inLanguage":"pt-BR"},{"@type":"Organization","@id":"https:\/\/www.suno.com.br\/noticias\/#organization","name":"Suno Not\u00edcias","url":"https:\/\/www.suno.com.br\/noticias\/","logo":{"@type":"ImageObject","inLanguage":"pt-BR","@id":"https:\/\/www.suno.com.br\/noticias\/#\/schema\/logo\/image\/","url":"https:\/\/files.sunoresearch.com.br\/n\/uploads\/2021\/09\/suno-logo.png","contentUrl":"https:\/\/files.sunoresearch.com.br\/n\/uploads\/2021\/09\/suno-logo.png","width":180,"height":180,"caption":"Suno Not\u00edcias"},"image":{"@id":"https:\/\/www.suno.com.br\/noticias\/#\/schema\/logo\/image\/"},"sameAs":["https:\/\/facebook.com\/sunoresearch","https:\/\/x.com\/sunoresearch","https:\/\/www.instagram.com\/suno","https:\/\/www.linkedin.com\/company\/suno-research\/","https:\/\/www.youtube.com\/c\/sunoresearch"]},{"@type":"Person","@id":"https:\/\/www.suno.com.br\/noticias\/#\/schema\/person\/4e19e3d2575736e5283d58eb3199d120","name":"Giovanna Oliveira","image":{"@type":"ImageObject","inLanguage":"pt-BR","@id":"https:\/\/www.suno.com.br\/noticias\/#\/schema\/person\/image\/","url":"https:\/\/secure.gravatar.com\/avatar\/9a37b3ae208962ac568992d0ffdbc2eb?s=96&r=g","contentUrl":"https:\/\/secure.gravatar.com\/avatar\/9a37b3ae208962ac568992d0ffdbc2eb?s=96&r=g","caption":"Giovanna Oliveira"},"description":"Giovanna Oliveira escreve sobre economia e pol\u00edtica. Foi rep\u00f3rter do portal de jornalismo da ESPM-SP e produziu conte\u00fado para a Corinthians TV. \u00c9 estudante da ESPM.","url":"https:\/\/www.suno.com.br\/noticias\/author\/giovanna\/"}]}},"default_loop_html":"<div class=\"cardsPage__listCard__boxs\"><div class=\"cardsPage__listCard__boxs__img\"><a href=\"https:\/\/www.suno.com.br\/noticias\/senado-aprova-previdencia-em-primeiro-turno-destaques-sao-rejeitados\/\"><img class=\"mask\" src=\"https:\/\/www.suno.com.br\/noticias\/wp-content\/themes\/suno\/resources\/images\/spotlight\/spotlight1img\/bg-mask.png\" alt=\"Image Mask\"\/><img src=\"https:\/\/files.sunoresearch.com.br\/n\/uploads\/2019\/10\/556f9a6e-senado-400x200.webp\" alt=\"Senado aprova Previd\u00eancia em primeiro turno; destaques s\u00e3o rejeitados\"\/><\/a><span class=\"spotlightCategory\"><a href=\"https:\/\/www.suno.com.br\/noticias\/economia\/\">Economia<\/a><\/span><\/div><div class=\"cardsPage__listCard__boxs__content\"><a href=\"https:\/\/www.suno.com.br\/noticias\/senado-aprova-previdencia-em-primeiro-turno-destaques-sao-rejeitados\/\"><h2 class=\"content__title\">Senado aprova Previd\u00eancia em primeiro turno; destaques s\u00e3o rejeitados<\/h2><\/a><div class=\"newsContent__article__meta\"><div class=\"newsContent__article__meta__authorBox\"><a href=\"https:\/\/www.suno.com.br\/noticias\/author\/giovanna\/\" class=\"authorBox__avatar noMobi\"><img src=\"https:\/\/files.sunoresearch.com.br\/n\/uploads\/2019\/06\/952a89ca-screenshot_20190608-171507-150x150.webp\" alt=\"Giovanna Oliveira\"><\/a><div class=\"authorBox__name\"><span>por\n\t\t\t<a href=\"https:\/\/www.suno.com.br\/noticias\/author\/giovanna\/\"><span itemprop=\"author\">Giovanna Oliveira<\/span><\/a><\/span><time datetime=\"2019-10-02T17:26:11-03:00\" itemprop=\"datePublished\">02\/10\/2019 17:26<\/time><\/div><\/div><\/div><\/div><\/div>","single_layout":"posts","amp_enabled":true,"_links":{"self":[{"href":"https:\/\/www.suno.com.br\/noticias\/wp-json\/wp\/v2\/posts\/39668"}],"collection":[{"href":"https:\/\/www.suno.com.br\/noticias\/wp-json\/wp\/v2\/posts"}],"about":[{"href":"https:\/\/www.suno.com.br\/noticias\/wp-json\/wp\/v2\/types\/post"}],"author":[{"embeddable":true,"href":"https:\/\/www.suno.com.br\/noticias\/wp-json\/wp\/v2\/users\/18"}],"replies":[{"embeddable":true,"href":"https:\/\/www.suno.com.br\/noticias\/wp-json\/wp\/v2\/comments?post=39668"}],"version-history":[{"count":0,"href":"https:\/\/www.suno.com.br\/noticias\/wp-json\/wp\/v2\/posts\/39668\/revisions"}],"wp:featuredmedia":[{"embeddable":true,"href":"https:\/\/www.suno.com.br\/noticias\/wp-json\/wp\/v2\/media\/39670"}],"wp:attachment":[{"href":"https:\/\/www.suno.com.br\/noticias\/wp-json\/wp\/v2\/media?parent=39668"}],"wp:term":[{"taxonomy":"category","embeddable":true,"href":"https:\/\/www.suno.com.br\/noticias\/wp-json\/wp\/v2\/categories?post=39668"},{"taxonomy":"post_tag","embeddable":true,"href":"https:\/\/www.suno.com.br\/noticias\/wp-json\/wp\/v2\/tags?post=39668"},{"taxonomy":"suno_strategy","embeddable":true,"href":"https:\/\/www.suno.com.br\/noticias\/wp-json\/wp\/v2\/suno_strategy?post=39668"}],"curies":[{"name":"wp","href":"https:\/\/api.w.org\/{rel}","templated":true}]}}