{"id":396518,"date":"2023-04-28T10:08:16","date_gmt":"2023-04-28T13:08:16","guid":{"rendered":"https:\/\/www.suno.com.br\/noticias\/?p=396518"},"modified":"2023-04-28T10:18:30","modified_gmt":"2023-04-28T13:18:30","slug":"ibc-br-previa-do-pib-fevereiro-bc","status":"publish","type":"post","link":"https:\/\/www.suno.com.br\/noticias\/ibc-br-previa-do-pib-fevereiro-bc\/","title":{"rendered":"IBC-Br: &#8216;Pr\u00e9via do PIB&#8217; sobe 3,32% em fevereiro ante janeiro, mostra BC"},"content":{"rendered":"<p>O <a href=\"https:\/\/www.suno.com.br\/artigos\/ibc-br\/\" target=\"_blank\" rel=\"noreferrer noopener\">\u00cdndice de Atividade Econ\u00f4mica (<strong>IBC-Br<\/strong>)<\/a> &#8211; a pr\u00e9via do PIB &#8211; teve alta de 3,32% em fevereiro ante janeiro, conforme os dados do <a href=\"https:\/\/www.bcb.gov.br\/\" target=\"_blank\" rel=\"noreferrer noopener\">Banco Central (BC)<\/a> divulgados nesta sexta-feira (28).<\/p><div class=\"videoFull \">\n\t\t\t<div class=\"videoWrapper yt-lazyload center\"\n\t\t\t\tdata-width=\"960\"\n\t\t\t\tdata-height=\"540\"\n\t\t\t\tdata-id=\"hjplDNajLVw\"\n\t\t\t\tdata-alt=\"V\u00eddeo do YouTube - clique para reproduzir\"\n\t\t\t\tdata-logo=\"3\"\n\t\t\t\tdata-imagequality=\"maxres\">\n\t\t\t<\/div>\n\t\t<\/div><script type=\"application\/ld+json\">{\"@context\":\"https:\/\/schema.org\",\"@type\":\"VideoObject\",\"name\":\"Gol (GOLL4): lucro cai, vem acima do esperado e a\u00e7\u00f5es caem; entenda | Suno Not\u00edcias\",\"description\":\"O lucro da Gol #goll4 caiu fortemente no 1T23 na compara\u00e7\u00e3o com o mesmo per\u00edodo do ano passado. Apesar disso, ficou acima do que o mercado esperava. Entenda. #goll4 #gol #balan\u00e7os #mercadofinanceiro #avia\u00e7\u00e3o #cortes \ud83d\udcc8 \ud835\udc00 \ud835\udc12\ud835\udc2e\ud835\udc27\ud835\udc28 \ud835\udc1e \ud835\udc1a \ud835\udc01\ud835\udfd1 \ud835\uddf9\ud835\uddee\ud835\uddfb\u00e7\ud835\uddee\ud835\uddff\ud835\uddee\ud835\uddfa \ud835\udc2e\ud835\udc26 \ud835\udc1c\ud835\udc2e\ud835\udc2b\ud835\udc2c\ud835\udc28 \ud835\udc2a\ud835\udc2e\ud835\udc1e \ud835\udc2f\ud835\udc1a\ud835\udc22 \ud835\udc2d\ud835\udc1e \ud835\udc1e\ud835\udc27\ud835\udc2c\ud835\udc22\ud835\udc27\ud835\udc1a\ud835\udc2b \ud835\udc1d\ud835\udc1e \ud835\udc06\ud835\udc11\ud835\udc00\u00c7\ud835\udc00 \ud835\udc28 \ud835\udc29\ud835\udc1a\ud835\udc2c\ud835\udc2c\ud835\udc28 \ud835\udc1a \ud835\udc29\ud835\udc1a\ud835\udc2c\ud835\udc2c\ud835\udc28 \ud835\udc29\ud835\udc1a\ud835\udc2b\ud835\udc1a \ud835\udc1f\ud835\udc1a\ud835\udc33\ud835\udc1e\ud835\udc2b\u2026\",\"duration\":\"PT4M40S\",\"embedUrl\":\"https:\/\/www.youtube.com\/embed\/hjplDNajLVw\",\"regionsAllowed\":\"pt-BR\",\"interactionStatistic\":{\"@type\":\"InteractionCounter\",\"interactionType\":{\"@type\":\"WatchAction\"},\"userInteractionCount\":401},\"thumbnailUrl\":\"https:\/\/i.ytimg.com\/vi\/hjplDNajLVw\/default.jpg\",\"uploadDate\":\"2023-04-27T19:52:35Z\"}<\/script>\n\n\n\n\n\n\n\t<p>\n\t\t<a href=\"\" target=\"_blank\" data-element=\"shortcode-suno-banner\" title=\"Banner SUNO, clique e saiba mais\">\n\t\t\t<picture>\n\t\t\t\t<source media=\"(max-width: 500px)\" srcset=\"\">\n\t\t\t\t<img class=\"newsContent__article__imgCapa newsContent__article__imgCapa--banner\"\n\t\t\t\t\tsrc=\"\"\n\t\t\t\t\tdata-promo-id=\"240038\"\t\t\t\t\t\t\t\t\t\t\t\t\t\t\talt=\"\"\n\t\t\t\t>\n\t\t\t<\/picture>\n\t\t<\/a>\n\t<\/p>\n\n\n\n\n\n<p>Em janeiro, o IBC-Br havia tido um recuo de 0,04% ante o m\u00eas anterior.<\/p>\n\n\n\n<p>Em fevereiro, do dado mais recente, houve uma alta de 2,76%. J\u00e1 no acumulado de 12 meses, o IBC-Br subiu 3,08% e no acumulado do ano a eleva\u00e7\u00e3o foi de 2,87%. <\/p>\n\n\n\n<p>Vale lembrar que o indicador do acumulado de 12 meses costuma ser mais &#8216;veross\u00edmil&#8217; por conta das constantes revis\u00f5es por parte do BC.<\/p>\n\n\n\n<p>Na m\u00e9dia m\u00f3vel trimestral, o IBC-Br subiu alta de 1,32% ante os tr\u00eas meses findos em janeiro.<\/p>\n\n\n\n<h2 class=\"wp-block-heading\">Setor de servi\u00e7os cresceu 1,1% em fevereiro<\/h2>\n\n\n\n<p>O dado da <strong>pr\u00e9via do PIB<\/strong> vem um dia ap\u00f3s a divulga\u00e7\u00e3o do crescimento do setor de servi\u00e7os pelo Instituto Brasileiro de Geografia e Estat\u00edstica (IBGE).<\/p>\n\n\n\t<p>\n\t\t<a href=\"https:\/\/lp.suno.com.br\/ebook-gratuito-investindo-no-exterior\/\" target=\"_blank\" data-element=\"shortcode-suno-banner\" title=\"Banner SUNO, clique e saiba mais\">\n\t\t\t<picture>\n\t\t\t\t<source media=\"(max-width: 500px)\" srcset=\"https:\/\/files.sunoresearch.com.br\/n\/uploads\/2023\/03\/400x300-Investindo-no-exterior.png\">\n\t\t\t\t<img class=\"newsContent__article__imgCapa newsContent__article__imgCapa--banner\"\n\t\t\t\t\tsrc=\"https:\/\/files.sunoresearch.com.br\/n\/uploads\/2023\/03\/1420x240-Investindo-no-exterior.png\"\n\t\t\t\t\tdata-promo-id=\"383161\"\t\t\t\t\t\t\t\t\t\twidth='1420' height='240'\t\t\t\t\talt=\"https:\/\/files.sunoresearch.com.br\/n\/uploads\/2023\/03\/1420x240-Investindo-no-exterior.png\"\n\t\t\t\t>\n\t\t\t<\/picture>\n\t\t<\/a>\n\t<\/p>\n\n\n\n\n\n<p>O volume de servi\u00e7os no Brasil avan\u00e7ou 1,1% em fevereiro ante janeiro, na s\u00e9rie com ajuste sazonal, conforme a autoridade.<\/p>\n\n\n\n<p>Ante fevereiro de 2022, o setor mostrou crescimento de 5,4%, configurando a 24\u00aa alta consecutiva.<\/p>\n\n\n\n<p>As proje\u00e7\u00f5es do consenso Refinitiv miravam uma alta de 0,4% no m\u00eas e de 4,8% na compara\u00e7\u00e3o com fevereiro de 2022. <\/p>\n\n\n\n<p>&#8220;Apesar desse resultado melhor do que o esperado em fevereiro, o setor de servi\u00e7os ter\u00e1 dificuldades para crescer durante este ano, devido \u00e0 pol\u00edtica monet\u00e1ria restritiva, ao alto endividamento das fam\u00edlias, \u00e0 desacelera\u00e7\u00e3o da melhora no mercado de trabalho, ao crescimento da inadimpl\u00eancia que afeta as condi\u00e7\u00f5es de cr\u00e9dito e ao poder de compra da popula\u00e7\u00e3o que est\u00e1 sendo afetado pela infla\u00e7\u00e3o ainda alta&#8221;, comentam os especialistas do Mitsubishi UFJ Financial Group (MUFG).<\/p>\n\n\n\n<p>&#8220;Do lado positivo, os servi\u00e7os prestados \u00e0s fam\u00edlias t\u00eam algum espa\u00e7o para crescer ainda mais, na esteira da cria\u00e7\u00e3o l\u00edquida de cerca de 1 milh\u00e3o de empregos registrados esperada para este ano (embora inferior aos 2 milh\u00f5es de empregos criados no ano passado, ainda \u00e9 um quadro significativo), do prov\u00e1vel novo reajuste do sal\u00e1rio m\u00ednimo em maio e dos gastos p\u00fablicos mais elevados com programas sociais&#8221;, completam.<\/p>\n\n\n\t<p>\n\t\t<a href=\"https:\/\/lp.suno.com.br\/suno-one\/?utm_campaign=_SNC6964518A_\" target=\"_blank\" data-element=\"shortcode-suno-banner\" title=\"Banner SUNO, clique e saiba mais\">\n\t\t\t<picture>\n\t\t\t\t<source media=\"(max-width: 500px)\" srcset=\"https:\/\/files.sunoresearch.com.br\/n\/uploads\/2025\/09\/400x300-Suno-One-png.webp\">\n\t\t\t\t<img class=\"newsContent__article__imgCapa newsContent__article__imgCapa--banner\"\n\t\t\t\t\tsrc=\"https:\/\/files.sunoresearch.com.br\/n\/uploads\/2025\/09\/1420x240-Suno-One-png.webp\"\n\t\t\t\t\tdata-promo-id=\"383121\"\t\t\t\t\t\t\t\t\t\twidth='1420' height='240'\t\t\t\t\talt=\"https:\/\/files.sunoresearch.com.br\/n\/uploads\/2025\/09\/1420x240-Suno-One-png.webp\"\n\t\t\t\t>\n\t\t\t<\/picture>\n\t\t<\/a>\n\t<\/p>\n\n\n","protected":false},"excerpt":{"rendered":"<p>O \u00cdndice de Atividade Econ\u00f4mica (IBC-Br) &#8211; a pr\u00e9via do PIB &#8211; teve alta de 3,32% em fevereiro ante janeiro, conforme os dados do Banco Central (BC) divulgados nesta sexta-feira (28). Em janeiro, o IBC-Br havia tido um recuo de 0,04% ante o m\u00eas anterior. Em fevereiro, do dado mais recente, houve uma alta de [&hellip;]<\/p>\n","protected":false},"author":73,"featured_media":395784,"comment_status":"closed","ping_status":"closed","sticky":false,"template":"","format":"standard","meta":[],"categories":[62],"tags":[1842,1637,105816,875,807],"suno_strategy":[],"class_list":["post-396518","post","type-post","status-publish","format-standard","has-post-thumbnail","hentry","category-economia","tag-banco-central-bc","tag-crescimento-economico","tag-especialistas","tag-ibc-br","tag-produto-interno-bruto-pib"],"yoast_head":"<!-- This site is optimized with the Yoast SEO plugin v24.4 - https:\/\/yoast.com\/wordpress\/plugins\/seo\/ -->\n<title>IBC-Br: &#039;Pr\u00e9via do PIB&#039; sobe 3,32% em fevereiro ante janeiro, mostra BC<\/title>\n<meta name=\"description\" content=\"Em janeiro, conforme os dados do Banco Central, o IBC-Br havia tido um recuo de 0,04% ante o m\u00eas anterior. Clique e confira!\" \/>\n<meta name=\"robots\" content=\"index, follow, max-snippet:-1, max-image-preview:large, max-video-preview:-1\" \/>\n<link rel=\"canonical\" href=\"https:\/\/www.suno.com.br\/noticias\/ibc-br-previa-do-pib-fevereiro-bc\/\" \/>\n<meta property=\"og:locale\" content=\"pt_BR\" \/>\n<meta property=\"og:type\" content=\"article\" \/>\n<meta property=\"og:title\" content=\"IBC-Br: &#039;Pr\u00e9via do PIB&#039; sobe 3,32% em fevereiro ante janeiro, mostra BC\" \/>\n<meta property=\"og:description\" content=\"Em janeiro, conforme os dados do Banco Central, o IBC-Br havia tido um recuo de 0,04% ante o m\u00eas anterior. Clique e confira!\" \/>\n<meta property=\"og:url\" content=\"https:\/\/www.suno.com.br\/noticias\/ibc-br-previa-do-pib-fevereiro-bc\/\" \/>\n<meta property=\"og:site_name\" content=\"Suno Not\u00edcias\" \/>\n<meta property=\"article:publisher\" content=\"https:\/\/facebook.com\/sunoresearch\" \/>\n<meta property=\"og:image\" content=\"https:\/\/files.sunoresearch.com.br\/n\/uploads\/2023\/04\/real-digital-bc-projeto-piloto.jpg\" \/>\n\t<meta property=\"og:image:width\" content=\"1200\" \/>\n\t<meta property=\"og:image:height\" content=\"800\" \/>\n\t<meta property=\"og:image:type\" content=\"image\/jpeg\" \/>\n<meta name=\"author\" content=\"Eduardo Vargas\" \/>\n<meta name=\"twitter:card\" content=\"summary_large_image\" \/>\n<meta name=\"twitter:creator\" content=\"@sunoresearch\" \/>\n<meta name=\"twitter:site\" content=\"@sunoresearch\" \/>\n<meta name=\"twitter:label1\" content=\"Escrito por\" \/>\n\t<meta name=\"twitter:data1\" content=\"Eduardo Vargas\" \/>\n\t<meta name=\"twitter:label2\" content=\"Est. tempo de leitura\" \/>\n\t<meta name=\"twitter:data2\" content=\"2 minutos\" \/>\n<script type=\"application\/ld+json\" class=\"yoast-schema-graph\">{\"@context\":\"https:\/\/schema.org\",\"@graph\":[{\"@type\":\"NewsArticle\",\"@id\":\"https:\/\/www.suno.com.br\/noticias\/ibc-br-previa-do-pib-fevereiro-bc\/#article\",\"isPartOf\":{\"@id\":\"https:\/\/www.suno.com.br\/noticias\/ibc-br-previa-do-pib-fevereiro-bc\/\"},\"author\":{\"name\":\"Eduardo Vargas\",\"@id\":\"https:\/\/www.suno.com.br\/noticias\/#\/schema\/person\/7f4d362bf3518e76090143ae77bb49a5\"},\"headline\":\"IBC-Br: &#8216;Pr\u00e9via do PIB&#8217; sobe 3,32% em fevereiro ante janeiro, mostra BC\",\"datePublished\":\"2023-04-28T13:08:16+00:00\",\"dateModified\":\"2023-04-28T13:18:30+00:00\",\"mainEntityOfPage\":{\"@id\":\"https:\/\/www.suno.com.br\/noticias\/ibc-br-previa-do-pib-fevereiro-bc\/\"},\"wordCount\":387,\"publisher\":{\"@id\":\"https:\/\/www.suno.com.br\/noticias\/#organization\"},\"image\":{\"@id\":\"https:\/\/www.suno.com.br\/noticias\/ibc-br-previa-do-pib-fevereiro-bc\/#primaryimage\"},\"thumbnailUrl\":\"https:\/\/files.sunoresearch.com.br\/n\/uploads\/2023\/04\/real-digital-bc-projeto-piloto.jpg\",\"keywords\":[\"Banco Central (BC)\",\"crescimento econ\u00f4mico\",\"Especialistas\",\"IBC-Br\",\"Produto Interno Bruto (PIB)\"],\"articleSection\":[\"Economia\"],\"inLanguage\":\"pt-BR\"},{\"@type\":\"WebPage\",\"@id\":\"https:\/\/www.suno.com.br\/noticias\/ibc-br-previa-do-pib-fevereiro-bc\/\",\"url\":\"https:\/\/www.suno.com.br\/noticias\/ibc-br-previa-do-pib-fevereiro-bc\/\",\"name\":\"IBC-Br: 'Pr\u00e9via do PIB' sobe 3,32% em fevereiro ante janeiro, mostra BC\",\"isPartOf\":{\"@id\":\"https:\/\/www.suno.com.br\/noticias\/#website\"},\"primaryImageOfPage\":{\"@id\":\"https:\/\/www.suno.com.br\/noticias\/ibc-br-previa-do-pib-fevereiro-bc\/#primaryimage\"},\"image\":{\"@id\":\"https:\/\/www.suno.com.br\/noticias\/ibc-br-previa-do-pib-fevereiro-bc\/#primaryimage\"},\"thumbnailUrl\":\"https:\/\/files.sunoresearch.com.br\/n\/uploads\/2023\/04\/real-digital-bc-projeto-piloto.jpg\",\"datePublished\":\"2023-04-28T13:08:16+00:00\",\"dateModified\":\"2023-04-28T13:18:30+00:00\",\"description\":\"Em janeiro, conforme os dados do Banco Central, o IBC-Br havia tido um recuo de 0,04% ante o m\u00eas anterior. Clique e confira!\",\"breadcrumb\":{\"@id\":\"https:\/\/www.suno.com.br\/noticias\/ibc-br-previa-do-pib-fevereiro-bc\/#breadcrumb\"},\"inLanguage\":\"pt-BR\",\"potentialAction\":[{\"@type\":\"ReadAction\",\"target\":[\"https:\/\/www.suno.com.br\/noticias\/ibc-br-previa-do-pib-fevereiro-bc\/\"]}]},{\"@type\":\"ImageObject\",\"inLanguage\":\"pt-BR\",\"@id\":\"https:\/\/www.suno.com.br\/noticias\/ibc-br-previa-do-pib-fevereiro-bc\/#primaryimage\",\"url\":\"https:\/\/files.sunoresearch.com.br\/n\/uploads\/2023\/04\/real-digital-bc-projeto-piloto.jpg\",\"contentUrl\":\"https:\/\/files.sunoresearch.com.br\/n\/uploads\/2023\/04\/real-digital-bc-projeto-piloto.jpg\",\"width\":1200,\"height\":800,\"caption\":\"Banco Central divulgou nesta quinta-feira, 27, o regulamento do projeto-piloto da moeda digital\"},{\"@type\":\"BreadcrumbList\",\"@id\":\"https:\/\/www.suno.com.br\/noticias\/ibc-br-previa-do-pib-fevereiro-bc\/#breadcrumb\",\"itemListElement\":[{\"@type\":\"ListItem\",\"position\":1,\"name\":\"Not\u00edcias\",\"item\":\"https:\/\/www.suno.com.br\/noticias\/\"},{\"@type\":\"ListItem\",\"position\":2,\"name\":\"Economia\",\"item\":\"https:\/\/www.suno.com.br\/noticias\/economia\/\"},{\"@type\":\"ListItem\",\"position\":3,\"name\":\"IBC-Br: &#8216;Pr\u00e9via do PIB&#8217; sobe 3,32% em fevereiro ante janeiro, mostra BC\"}]},{\"@type\":\"WebSite\",\"@id\":\"https:\/\/www.suno.com.br\/noticias\/#website\",\"url\":\"https:\/\/www.suno.com.br\/noticias\/\",\"name\":\"Suno Not\u00edcias\",\"description\":\"Seu portal de informa\u00e7\u00e3o sobre o mundo dos investimentos\",\"publisher\":{\"@id\":\"https:\/\/www.suno.com.br\/noticias\/#organization\"},\"potentialAction\":[{\"@type\":\"SearchAction\",\"target\":{\"@type\":\"EntryPoint\",\"urlTemplate\":\"https:\/\/www.suno.com.br\/noticias\/?s={search_term_string}\"},\"query-input\":{\"@type\":\"PropertyValueSpecification\",\"valueRequired\":true,\"valueName\":\"search_term_string\"}}],\"inLanguage\":\"pt-BR\"},{\"@type\":\"Organization\",\"@id\":\"https:\/\/www.suno.com.br\/noticias\/#organization\",\"name\":\"Suno Not\u00edcias\",\"url\":\"https:\/\/www.suno.com.br\/noticias\/\",\"logo\":{\"@type\":\"ImageObject\",\"inLanguage\":\"pt-BR\",\"@id\":\"https:\/\/www.suno.com.br\/noticias\/#\/schema\/logo\/image\/\",\"url\":\"https:\/\/files.sunoresearch.com.br\/n\/uploads\/2021\/09\/suno-logo.png\",\"contentUrl\":\"https:\/\/files.sunoresearch.com.br\/n\/uploads\/2021\/09\/suno-logo.png\",\"width\":180,\"height\":180,\"caption\":\"Suno Not\u00edcias\"},\"image\":{\"@id\":\"https:\/\/www.suno.com.br\/noticias\/#\/schema\/logo\/image\/\"},\"sameAs\":[\"https:\/\/facebook.com\/sunoresearch\",\"https:\/\/x.com\/sunoresearch\",\"https:\/\/www.instagram.com\/suno\",\"https:\/\/www.linkedin.com\/company\/suno-research\/\",\"https:\/\/www.youtube.com\/c\/sunoresearch\"]},{\"@type\":\"Person\",\"@id\":\"https:\/\/www.suno.com.br\/noticias\/#\/schema\/person\/7f4d362bf3518e76090143ae77bb49a5\",\"name\":\"Eduardo Vargas\",\"image\":{\"@type\":\"ImageObject\",\"inLanguage\":\"pt-BR\",\"@id\":\"https:\/\/www.suno.com.br\/noticias\/#\/schema\/person\/image\/\",\"url\":\"https:\/\/secure.gravatar.com\/avatar\/dac340933427a22924c9f99d1eb2e3f2?s=96&r=g\",\"contentUrl\":\"https:\/\/secure.gravatar.com\/avatar\/dac340933427a22924c9f99d1eb2e3f2?s=96&r=g\",\"caption\":\"Eduardo Vargas\"},\"description\":\"Jornalista formado pela UFSC, cobre macroeconomia, neg\u00f3cios e startups para o Suno Not\u00edcias, escrevendo principalmente not\u00edcias sobre o mercado financeiro e a bolsa de valores. No YouTube e no Instagram, \u00e9 respons\u00e1vel pela produ\u00e7\u00e3o de Reels e Shorts do Suno Not\u00edcias. Anteriormente, trabalhou cobrindo economia e cotidiano no ND+ e para o ND, maior jornal impresso de Santa Catarina. Cursou um semestre letivo de Estudos de M\u00eddia na Universidad de Buenos Aires.\",\"url\":\"https:\/\/www.suno.com.br\/noticias\/author\/eduardo-vargas\/\"}]}<\/script>\n<!-- \/ Yoast SEO plugin. -->","yoast_head_json":{"title":"IBC-Br: 'Pr\u00e9via do PIB' sobe 3,32% em fevereiro ante janeiro, mostra BC","description":"Em janeiro, conforme os dados do Banco Central, o IBC-Br havia tido um recuo de 0,04% ante o m\u00eas anterior. Clique e confira!","robots":{"index":"index","follow":"follow","max-snippet":"max-snippet:-1","max-image-preview":"max-image-preview:large","max-video-preview":"max-video-preview:-1"},"canonical":"https:\/\/www.suno.com.br\/noticias\/ibc-br-previa-do-pib-fevereiro-bc\/","og_locale":"pt_BR","og_type":"article","og_title":"IBC-Br: 'Pr\u00e9via do PIB' sobe 3,32% em fevereiro ante janeiro, mostra BC","og_description":"Em janeiro, conforme os dados do Banco Central, o IBC-Br havia tido um recuo de 0,04% ante o m\u00eas anterior. Clique e confira!","og_url":"https:\/\/www.suno.com.br\/noticias\/ibc-br-previa-do-pib-fevereiro-bc\/","og_site_name":"Suno Not\u00edcias","article_publisher":"https:\/\/facebook.com\/sunoresearch","og_image":[{"width":1200,"height":800,"url":"https:\/\/files.sunoresearch.com.br\/n\/uploads\/2023\/04\/real-digital-bc-projeto-piloto.jpg","type":"image\/jpeg"}],"author":"Eduardo Vargas","twitter_card":"summary_large_image","twitter_creator":"@sunoresearch","twitter_site":"@sunoresearch","twitter_misc":{"Escrito por":"Eduardo Vargas","Est. tempo de leitura":"2 minutos"},"schema":{"@context":"https:\/\/schema.org","@graph":[{"@type":"NewsArticle","@id":"https:\/\/www.suno.com.br\/noticias\/ibc-br-previa-do-pib-fevereiro-bc\/#article","isPartOf":{"@id":"https:\/\/www.suno.com.br\/noticias\/ibc-br-previa-do-pib-fevereiro-bc\/"},"author":{"name":"Eduardo Vargas","@id":"https:\/\/www.suno.com.br\/noticias\/#\/schema\/person\/7f4d362bf3518e76090143ae77bb49a5"},"headline":"IBC-Br: &#8216;Pr\u00e9via do PIB&#8217; sobe 3,32% em fevereiro ante janeiro, mostra BC","datePublished":"2023-04-28T13:08:16+00:00","dateModified":"2023-04-28T13:18:30+00:00","mainEntityOfPage":{"@id":"https:\/\/www.suno.com.br\/noticias\/ibc-br-previa-do-pib-fevereiro-bc\/"},"wordCount":387,"publisher":{"@id":"https:\/\/www.suno.com.br\/noticias\/#organization"},"image":{"@id":"https:\/\/www.suno.com.br\/noticias\/ibc-br-previa-do-pib-fevereiro-bc\/#primaryimage"},"thumbnailUrl":"https:\/\/files.sunoresearch.com.br\/n\/uploads\/2023\/04\/real-digital-bc-projeto-piloto.jpg","keywords":["Banco Central (BC)","crescimento econ\u00f4mico","Especialistas","IBC-Br","Produto Interno Bruto (PIB)"],"articleSection":["Economia"],"inLanguage":"pt-BR"},{"@type":"WebPage","@id":"https:\/\/www.suno.com.br\/noticias\/ibc-br-previa-do-pib-fevereiro-bc\/","url":"https:\/\/www.suno.com.br\/noticias\/ibc-br-previa-do-pib-fevereiro-bc\/","name":"IBC-Br: 'Pr\u00e9via do PIB' sobe 3,32% em fevereiro ante janeiro, mostra BC","isPartOf":{"@id":"https:\/\/www.suno.com.br\/noticias\/#website"},"primaryImageOfPage":{"@id":"https:\/\/www.suno.com.br\/noticias\/ibc-br-previa-do-pib-fevereiro-bc\/#primaryimage"},"image":{"@id":"https:\/\/www.suno.com.br\/noticias\/ibc-br-previa-do-pib-fevereiro-bc\/#primaryimage"},"thumbnailUrl":"https:\/\/files.sunoresearch.com.br\/n\/uploads\/2023\/04\/real-digital-bc-projeto-piloto.jpg","datePublished":"2023-04-28T13:08:16+00:00","dateModified":"2023-04-28T13:18:30+00:00","description":"Em janeiro, conforme os dados do Banco Central, o IBC-Br havia tido um recuo de 0,04% ante o m\u00eas anterior. Clique e confira!","breadcrumb":{"@id":"https:\/\/www.suno.com.br\/noticias\/ibc-br-previa-do-pib-fevereiro-bc\/#breadcrumb"},"inLanguage":"pt-BR","potentialAction":[{"@type":"ReadAction","target":["https:\/\/www.suno.com.br\/noticias\/ibc-br-previa-do-pib-fevereiro-bc\/"]}]},{"@type":"ImageObject","inLanguage":"pt-BR","@id":"https:\/\/www.suno.com.br\/noticias\/ibc-br-previa-do-pib-fevereiro-bc\/#primaryimage","url":"https:\/\/files.sunoresearch.com.br\/n\/uploads\/2023\/04\/real-digital-bc-projeto-piloto.jpg","contentUrl":"https:\/\/files.sunoresearch.com.br\/n\/uploads\/2023\/04\/real-digital-bc-projeto-piloto.jpg","width":1200,"height":800,"caption":"Banco Central divulgou nesta quinta-feira, 27, o regulamento do projeto-piloto da moeda digital"},{"@type":"BreadcrumbList","@id":"https:\/\/www.suno.com.br\/noticias\/ibc-br-previa-do-pib-fevereiro-bc\/#breadcrumb","itemListElement":[{"@type":"ListItem","position":1,"name":"Not\u00edcias","item":"https:\/\/www.suno.com.br\/noticias\/"},{"@type":"ListItem","position":2,"name":"Economia","item":"https:\/\/www.suno.com.br\/noticias\/economia\/"},{"@type":"ListItem","position":3,"name":"IBC-Br: &#8216;Pr\u00e9via do PIB&#8217; sobe 3,32% em fevereiro ante janeiro, mostra BC"}]},{"@type":"WebSite","@id":"https:\/\/www.suno.com.br\/noticias\/#website","url":"https:\/\/www.suno.com.br\/noticias\/","name":"Suno Not\u00edcias","description":"Seu portal de informa\u00e7\u00e3o sobre o mundo dos investimentos","publisher":{"@id":"https:\/\/www.suno.com.br\/noticias\/#organization"},"potentialAction":[{"@type":"SearchAction","target":{"@type":"EntryPoint","urlTemplate":"https:\/\/www.suno.com.br\/noticias\/?s={search_term_string}"},"query-input":{"@type":"PropertyValueSpecification","valueRequired":true,"valueName":"search_term_string"}}],"inLanguage":"pt-BR"},{"@type":"Organization","@id":"https:\/\/www.suno.com.br\/noticias\/#organization","name":"Suno Not\u00edcias","url":"https:\/\/www.suno.com.br\/noticias\/","logo":{"@type":"ImageObject","inLanguage":"pt-BR","@id":"https:\/\/www.suno.com.br\/noticias\/#\/schema\/logo\/image\/","url":"https:\/\/files.sunoresearch.com.br\/n\/uploads\/2021\/09\/suno-logo.png","contentUrl":"https:\/\/files.sunoresearch.com.br\/n\/uploads\/2021\/09\/suno-logo.png","width":180,"height":180,"caption":"Suno Not\u00edcias"},"image":{"@id":"https:\/\/www.suno.com.br\/noticias\/#\/schema\/logo\/image\/"},"sameAs":["https:\/\/facebook.com\/sunoresearch","https:\/\/x.com\/sunoresearch","https:\/\/www.instagram.com\/suno","https:\/\/www.linkedin.com\/company\/suno-research\/","https:\/\/www.youtube.com\/c\/sunoresearch"]},{"@type":"Person","@id":"https:\/\/www.suno.com.br\/noticias\/#\/schema\/person\/7f4d362bf3518e76090143ae77bb49a5","name":"Eduardo Vargas","image":{"@type":"ImageObject","inLanguage":"pt-BR","@id":"https:\/\/www.suno.com.br\/noticias\/#\/schema\/person\/image\/","url":"https:\/\/secure.gravatar.com\/avatar\/dac340933427a22924c9f99d1eb2e3f2?s=96&r=g","contentUrl":"https:\/\/secure.gravatar.com\/avatar\/dac340933427a22924c9f99d1eb2e3f2?s=96&r=g","caption":"Eduardo Vargas"},"description":"Jornalista formado pela UFSC, cobre macroeconomia, neg\u00f3cios e startups para o Suno Not\u00edcias, escrevendo principalmente not\u00edcias sobre o mercado financeiro e a bolsa de valores. No YouTube e no Instagram, \u00e9 respons\u00e1vel pela produ\u00e7\u00e3o de Reels e Shorts do Suno Not\u00edcias. Anteriormente, trabalhou cobrindo economia e cotidiano no ND+ e para o ND, maior jornal impresso de Santa Catarina. Cursou um semestre letivo de Estudos de M\u00eddia na Universidad de Buenos Aires.","url":"https:\/\/www.suno.com.br\/noticias\/author\/eduardo-vargas\/"}]}},"default_loop_html":"<div class=\"cardsPage__listCard__boxs\"><div class=\"cardsPage__listCard__boxs__img\"><a href=\"https:\/\/www.suno.com.br\/noticias\/ibc-br-previa-do-pib-fevereiro-bc\/\"><img class=\"mask\" src=\"https:\/\/www.suno.com.br\/noticias\/wp-content\/themes\/suno\/resources\/images\/spotlight\/spotlight1img\/bg-mask.png\" alt=\"Image Mask\"\/><img src=\"https:\/\/files.sunoresearch.com.br\/n\/uploads\/2023\/04\/real-digital-bc-projeto-piloto-400x200.jpg\" alt=\"IBC-Br: &#8216;Pr\u00e9via do PIB&#8217; sobe 3,32% em fevereiro ante janeiro, mostra BC\"\/><\/a><span class=\"spotlightCategory\"><a href=\"https:\/\/www.suno.com.br\/noticias\/economia\/\">Economia<\/a><\/span><\/div><div class=\"cardsPage__listCard__boxs__content\"><a href=\"https:\/\/www.suno.com.br\/noticias\/ibc-br-previa-do-pib-fevereiro-bc\/\"><h2 class=\"content__title\">IBC-Br: &#8216;Pr\u00e9via do PIB&#8217; sobe 3,32% em fevereiro ante janeiro, mostra BC<\/h2><\/a><div class=\"newsContent__article__meta\"><div class=\"newsContent__article__meta__authorBox\"><a href=\"https:\/\/www.suno.com.br\/noticias\/author\/eduardo-vargas\/\" class=\"authorBox__avatar noMobi\"><img src=\"https:\/\/secure.gravatar.com\/avatar\/dac340933427a22924c9f99d1eb2e3f2?s=96&#038;r=g\" alt=\"Eduardo Vargas\"><\/a><div class=\"authorBox__name\"><span>por\n\t\t\t<a href=\"https:\/\/www.suno.com.br\/noticias\/author\/eduardo-vargas\/\"><span itemprop=\"author\">Eduardo Vargas<\/span><\/a><\/span><time datetime=\"2023-04-28T10:08:16-03:00\" itemprop=\"datePublished\">28\/04\/2023 10:08<\/time><\/div><\/div><\/div><\/div><\/div>","single_layout":"posts","amp_enabled":true,"_links":{"self":[{"href":"https:\/\/www.suno.com.br\/noticias\/wp-json\/wp\/v2\/posts\/396518"}],"collection":[{"href":"https:\/\/www.suno.com.br\/noticias\/wp-json\/wp\/v2\/posts"}],"about":[{"href":"https:\/\/www.suno.com.br\/noticias\/wp-json\/wp\/v2\/types\/post"}],"author":[{"embeddable":true,"href":"https:\/\/www.suno.com.br\/noticias\/wp-json\/wp\/v2\/users\/73"}],"replies":[{"embeddable":true,"href":"https:\/\/www.suno.com.br\/noticias\/wp-json\/wp\/v2\/comments?post=396518"}],"version-history":[{"count":3,"href":"https:\/\/www.suno.com.br\/noticias\/wp-json\/wp\/v2\/posts\/396518\/revisions"}],"predecessor-version":[{"id":396540,"href":"https:\/\/www.suno.com.br\/noticias\/wp-json\/wp\/v2\/posts\/396518\/revisions\/396540"}],"wp:featuredmedia":[{"embeddable":true,"href":"https:\/\/www.suno.com.br\/noticias\/wp-json\/wp\/v2\/media\/395784"}],"wp:attachment":[{"href":"https:\/\/www.suno.com.br\/noticias\/wp-json\/wp\/v2\/media?parent=396518"}],"wp:term":[{"taxonomy":"category","embeddable":true,"href":"https:\/\/www.suno.com.br\/noticias\/wp-json\/wp\/v2\/categories?post=396518"},{"taxonomy":"post_tag","embeddable":true,"href":"https:\/\/www.suno.com.br\/noticias\/wp-json\/wp\/v2\/tags?post=396518"},{"taxonomy":"suno_strategy","embeddable":true,"href":"https:\/\/www.suno.com.br\/noticias\/wp-json\/wp\/v2\/suno_strategy?post=396518"}],"curies":[{"name":"wp","href":"https:\/\/api.w.org\/{rel}","templated":true}]}}