{"id":39633,"date":"2019-10-02T12:38:32","date_gmt":"2019-10-02T15:38:32","guid":{"rendered":"https:\/\/www.suno.com.br\/noticias\/?p=39633"},"modified":"2019-10-03T10:34:34","modified_gmt":"2019-10-03T13:34:34","slug":"boris-johnson-apresenta-proposta-final-para-a-saida-do-reino-unido","status":"publish","type":"post","link":"https:\/\/www.suno.com.br\/noticias\/boris-johnson-apresenta-proposta-final-para-a-saida-do-reino-unido\/","title":{"rendered":"Boris Johnson apresenta proposta final para a sa\u00edda do Reino Unido da UE"},"content":{"rendered":"<p>O primeiro-ministro brit\u00e2nico, <strong>Boris Johnson<\/strong>, anunciou nesta quarta-feira (2) a elabora\u00e7\u00e3o de uma proposta final para o <strong>Brexit<\/strong>. Ele reafirma que o Reino Unido sair\u00e1 da Uni\u00e3o Europeia em 31 de outubro, com ou sem acordo.<\/p>\t<div class=\"wrapper-featured-image\">\n\t\t<figure class=\"spotlightImg\">\n\n\t\t\t<picture>\n\t\t\t\t<source media=\"(max-width: 768px)\" srcset=\"https:\/\/files.sunoresearch.com.br\/n\/uploads\/2019\/10\/2233c712-boris-johnson-400x200.webp\">\n\t\t\t\t<img loading=\"lazy\" decoding=\"async\" class=\"newsContent__article__imgCapa lazyloadDisabled newsContent__article__imgCapa--noCaption\" src=\"https:\/\/files.sunoresearch.com.br\/n\/uploads\/2019\/10\/2233c712-boris-johnson-800x450.webp\" width=\"800\" height=\"450\" alt=\"Boris Johnson apresenta proposta final para a sa\u00edda do Reino Unido da UE\" fetchpriority=high \/>\n\t\t\t<\/picture>\n\n\t\t\t<figcaption class=\"wp-caption-text wp-caption-text--hide\">O primeiro-ministro afirmou que o Reino Unido deixaria o bloco europeu no dia 1\u00ba de janeiro sem um acordo comercial<\/figcaption>\n\t\t<\/figure>\n\t<\/div>\n\n\n\n<p>Em um discurso no congresso anual do Partido Conservador do <strong>Reino Unido<\/strong>, o premi\u00ea solicitou \u00e0s autoridades do bloco europeu que colaborassem para que o acordo estabelecendo os termos para a sa\u00edda da UE seja alcan\u00e7ado.<\/p>\n<p><a href=\"https:\/\/www.suno.com.br\/noticias\/omc-diminui-projecao-de-crescimento-comercio-internacional\/\">Veja tamb\u00e9m: OMC diminui proje\u00e7\u00e3o de crescimento do com\u00e9rcio internacional<\/a><\/p>\n<p>&#8220;Hoje apresentaremos em Bruxelas o que acredito que s\u00e3o propostas construtivas e sensatas, que representam um compromisso de ambas as partes&#8221;, afirmou Johnson.<\/p>\n<h2>Reino Unido d\u00e1 ultimato no Brexit<\/h2>\n<p>Entretanto, o formato negociador tomado por Johnson pode criar mais divis\u00f5es entre ambas as partes, j\u00e1 que \u00e9 curto o prazo at\u00e9 o dia 17 de outubro, prazo m\u00e1ximo para a aprova\u00e7\u00e3o de um acordo pela c\u00fapula europeia.<\/p>\n\t<p>\n\t\t<a href=\"https:\/\/lp.suno.com.br\/ebook-como-analisar-uma-acao\/\" target=\"_blank\" data-element=\"shortcode-suno-banner\" title=\"Banner SUNO, clique e saiba mais\">\n\t\t\t<picture>\n\t\t\t\t<source media=\"(max-width: 500px)\" srcset=\"https:\/\/files.sunoresearch.com.br\/n\/uploads\/2023\/03\/Ebook-Acoes-Mobile.jpg\">\n\t\t\t\t<img class=\"newsContent__article__imgCapa newsContent__article__imgCapa--banner\"\n\t\t\t\t\tsrc=\"https:\/\/files.sunoresearch.com.br\/n\/uploads\/2023\/03\/Ebook-Acoes-Desktop.jpg\"\n\t\t\t\t\tdata-promo-id=\"311946\"\t\t\t\t\t\t\t\t\t\twidth='1420' height='286'\t\t\t\t\talt=\"https:\/\/files.sunoresearch.com.br\/n\/uploads\/2023\/03\/Ebook-Acoes-Desktop.jpg\"\n\t\t\t\t>\n\t\t\t<\/picture>\n\t\t<\/a>\n\t<\/p>\n\n\n<p>O governo do Reino Unido vai divulgar os detalhes das propostas numa carta ainda nesta quarta, segundo fontes do governo brit\u00e2nico. A equipe da <a href=\"https:\/\/www.suno.com.br\/artigos\/uniao-europeia\/\"><strong>Uni\u00e3o Europeia<\/strong><\/a> vai se encontrar com representantes dos 27 Estados-membros do bloco para avaliar a proposta ainda no final do dia, de acordo com funcion\u00e1rios europeus.<\/p>\n<p>Representantes irlandeses, apoiados pelos demais governos da UE, j\u00e1 demonstraram contrariedade ao plano que envolve criar controles nas fronteiras, por entenderem que pode amea\u00e7ar o acordo de paz na ilha, o &#8220;backstop&#8221;.<\/p>\n<p><a href=\"https:\/\/www.suno.com.br\/noticias\/donald-trump-volta-criticar-denuncia-impeachment\/\">Confira: Trump volta a criticar den\u00fancia que levou ao seu processo de impeachment<\/a><\/p>\n<p>Esse termo refere-se a uma forma de respeitar o tratado de paz que colocou fim \u00e0 viol\u00eancia separatista na <strong>Irlanda do Norte<\/strong>. Desde ent\u00e3o, um dos pilares do pa\u00eds \u00e9 a manuten\u00e7\u00e3o de fronteiras abertas na ilha.<\/p>\n<p>Johnson, no entanto, disse que o planejamento do governo brit\u00e2nico n\u00e3o \u00e9 a cria\u00e7\u00e3o de barreiras de controle na fronteira, ou pr\u00f3ximo da fronteira. Al\u00e9m disso, afirmou que a Irlanda do Norte permanecer\u00e1 seguindo as regras da UE para agricultura e ind\u00fastria.<\/p>\n<p>De acordo com o jornal brit\u00e2nico \u201cTelegraph\u201d, os detalhes da proposta do <strong>Reino Unido<\/strong> prop\u00f5em que isso ocorra at\u00e9 2025. Isso poderia gerar mais um entrave na UE, que n\u00e3o quer estipular um prazo para esse aspecto.<\/p>\n","protected":false},"excerpt":{"rendered":"<p>O primeiro-ministro brit\u00e2nico, Boris Johnson, anunciou nesta quarta-feira (2) a elabora\u00e7\u00e3o de uma proposta final para o Brexit. Ele reafirma que o Reino Unido sair\u00e1 da Uni\u00e3o Europeia em 31 de outubro, com ou sem acordo. O primeiro-ministro afirmou que o Reino Unido deixaria o bloco europeu no dia 1\u00ba de janeiro sem um acordo [&hellip;]<\/p>\n","protected":false},"author":24,"featured_media":39640,"comment_status":"closed","ping_status":"closed","sticky":false,"template":"","format":"standard","meta":[],"categories":[63],"tags":[1648,753,730,731],"suno_strategy":[],"class_list":["post-39633","post","type-post","status-publish","format-standard","has-post-thumbnail","hentry","category-internacional","tag-boris-johnson","tag-brexit","tag-reino-unido","tag-uniao-europeia"],"yoast_head":"<!-- This site is optimized with the Yoast SEO plugin v24.4 - https:\/\/yoast.com\/wordpress\/plugins\/seo\/ -->\n<title>Boris Johnson apresenta proposta para a sa\u00edda do Reino Unido da UE<\/title>\n<meta name=\"description\" content=\"O premie brit\u00e2nico, Boris Johnson, anunciou nesta quarta (2) a elabora\u00e7\u00e3o de uma proposta final para a sa\u00edda do Reino Unido da UE. Saiba mais.\" \/>\n<meta name=\"robots\" content=\"index, follow, max-snippet:-1, max-image-preview:large, max-video-preview:-1\" \/>\n<link rel=\"canonical\" href=\"https:\/\/www.suno.com.br\/noticias\/boris-johnson-apresenta-proposta-final-para-a-saida-do-reino-unido\/\" \/>\n<meta property=\"og:locale\" content=\"pt_BR\" \/>\n<meta property=\"og:type\" content=\"article\" \/>\n<meta property=\"og:title\" content=\"Boris Johnson apresenta proposta para a sa\u00edda do Reino Unido da UE\" \/>\n<meta property=\"og:description\" content=\"O premie brit\u00e2nico, Boris Johnson, anunciou nesta quarta (2) a elabora\u00e7\u00e3o de uma proposta final para a sa\u00edda do Reino Unido da UE. Saiba mais.\" \/>\n<meta property=\"og:url\" content=\"https:\/\/www.suno.com.br\/noticias\/boris-johnson-apresenta-proposta-final-para-a-saida-do-reino-unido\/\" \/>\n<meta property=\"og:site_name\" content=\"Suno Not\u00edcias\" \/>\n<meta property=\"article:publisher\" content=\"https:\/\/facebook.com\/sunoresearch\" \/>\n<meta property=\"og:image\" content=\"https:\/\/files.sunoresearch.com.br\/n\/uploads\/2019\/10\/2233c712-boris-johnson.jpg\" \/>\n\t<meta property=\"og:image:width\" content=\"1536\" \/>\n\t<meta property=\"og:image:height\" content=\"1024\" \/>\n\t<meta property=\"og:image:type\" content=\"image\/jpeg\" \/>\n<meta name=\"author\" content=\"Jader Lazarini\" \/>\n<meta name=\"twitter:card\" content=\"summary_large_image\" \/>\n<meta name=\"twitter:creator\" content=\"@sunoresearch\" \/>\n<meta name=\"twitter:site\" content=\"@sunoresearch\" \/>\n<meta name=\"twitter:label1\" content=\"Escrito por\" \/>\n\t<meta name=\"twitter:data1\" content=\"Jader Lazarini\" \/>\n\t<meta name=\"twitter:label2\" content=\"Est. tempo de leitura\" \/>\n\t<meta name=\"twitter:data2\" content=\"2 minutos\" \/>\n<script type=\"application\/ld+json\" class=\"yoast-schema-graph\">{\"@context\":\"https:\/\/schema.org\",\"@graph\":[{\"@type\":\"NewsArticle\",\"@id\":\"https:\/\/www.suno.com.br\/noticias\/boris-johnson-apresenta-proposta-final-para-a-saida-do-reino-unido\/#article\",\"isPartOf\":{\"@id\":\"https:\/\/www.suno.com.br\/noticias\/boris-johnson-apresenta-proposta-final-para-a-saida-do-reino-unido\/\"},\"author\":{\"name\":\"Jader Lazarini\",\"@id\":\"https:\/\/www.suno.com.br\/noticias\/#\/schema\/person\/918d79de1f0281f01599b93f9ea6e23f\"},\"headline\":\"Boris Johnson apresenta proposta final para a sa\u00edda do Reino Unido da UE\",\"datePublished\":\"2019-10-02T15:38:32+00:00\",\"dateModified\":\"2019-10-03T13:34:34+00:00\",\"mainEntityOfPage\":{\"@id\":\"https:\/\/www.suno.com.br\/noticias\/boris-johnson-apresenta-proposta-final-para-a-saida-do-reino-unido\/\"},\"wordCount\":401,\"publisher\":{\"@id\":\"https:\/\/www.suno.com.br\/noticias\/#organization\"},\"image\":{\"@id\":\"https:\/\/www.suno.com.br\/noticias\/boris-johnson-apresenta-proposta-final-para-a-saida-do-reino-unido\/#primaryimage\"},\"thumbnailUrl\":\"https:\/\/files.sunoresearch.com.br\/n\/uploads\/2019\/10\/2233c712-boris-johnson-jpg.webp\",\"keywords\":[\"Boris Johnson\",\"Brexit\",\"Reino Unido\",\"Uni\u00e3o Europeia\"],\"articleSection\":[\"Internacional\"],\"inLanguage\":\"pt-BR\"},{\"@type\":\"WebPage\",\"@id\":\"https:\/\/www.suno.com.br\/noticias\/boris-johnson-apresenta-proposta-final-para-a-saida-do-reino-unido\/\",\"url\":\"https:\/\/www.suno.com.br\/noticias\/boris-johnson-apresenta-proposta-final-para-a-saida-do-reino-unido\/\",\"name\":\"Boris Johnson apresenta proposta para a sa\u00edda do Reino Unido da UE\",\"isPartOf\":{\"@id\":\"https:\/\/www.suno.com.br\/noticias\/#website\"},\"primaryImageOfPage\":{\"@id\":\"https:\/\/www.suno.com.br\/noticias\/boris-johnson-apresenta-proposta-final-para-a-saida-do-reino-unido\/#primaryimage\"},\"image\":{\"@id\":\"https:\/\/www.suno.com.br\/noticias\/boris-johnson-apresenta-proposta-final-para-a-saida-do-reino-unido\/#primaryimage\"},\"thumbnailUrl\":\"https:\/\/files.sunoresearch.com.br\/n\/uploads\/2019\/10\/2233c712-boris-johnson-jpg.webp\",\"datePublished\":\"2019-10-02T15:38:32+00:00\",\"dateModified\":\"2019-10-03T13:34:34+00:00\",\"description\":\"O premie brit\u00e2nico, Boris Johnson, anunciou nesta quarta (2) a elabora\u00e7\u00e3o de uma proposta final para a sa\u00edda do Reino Unido da UE. Saiba mais.\",\"breadcrumb\":{\"@id\":\"https:\/\/www.suno.com.br\/noticias\/boris-johnson-apresenta-proposta-final-para-a-saida-do-reino-unido\/#breadcrumb\"},\"inLanguage\":\"pt-BR\",\"potentialAction\":[{\"@type\":\"ReadAction\",\"target\":[\"https:\/\/www.suno.com.br\/noticias\/boris-johnson-apresenta-proposta-final-para-a-saida-do-reino-unido\/\"]}]},{\"@type\":\"ImageObject\",\"inLanguage\":\"pt-BR\",\"@id\":\"https:\/\/www.suno.com.br\/noticias\/boris-johnson-apresenta-proposta-final-para-a-saida-do-reino-unido\/#primaryimage\",\"url\":\"https:\/\/files.sunoresearch.com.br\/n\/uploads\/2019\/10\/2233c712-boris-johnson-jpg.webp\",\"contentUrl\":\"https:\/\/files.sunoresearch.com.br\/n\/uploads\/2019\/10\/2233c712-boris-johnson-jpg.webp\",\"width\":1536,\"height\":1024,\"caption\":\"O primeiro-ministro afirmou que o Reino Unido deixaria o bloco europeu no dia 1\u00ba de janeiro sem um acordo comercial\"},{\"@type\":\"BreadcrumbList\",\"@id\":\"https:\/\/www.suno.com.br\/noticias\/boris-johnson-apresenta-proposta-final-para-a-saida-do-reino-unido\/#breadcrumb\",\"itemListElement\":[{\"@type\":\"ListItem\",\"position\":1,\"name\":\"Not\u00edcias\",\"item\":\"https:\/\/www.suno.com.br\/noticias\/\"},{\"@type\":\"ListItem\",\"position\":2,\"name\":\"Internacional\",\"item\":\"https:\/\/www.suno.com.br\/noticias\/internacional\/\"},{\"@type\":\"ListItem\",\"position\":3,\"name\":\"Boris Johnson apresenta proposta final para a sa\u00edda do Reino Unido da UE\"}]},{\"@type\":\"WebSite\",\"@id\":\"https:\/\/www.suno.com.br\/noticias\/#website\",\"url\":\"https:\/\/www.suno.com.br\/noticias\/\",\"name\":\"Suno Not\u00edcias\",\"description\":\"Seu portal de informa\u00e7\u00e3o sobre o mundo dos investimentos\",\"publisher\":{\"@id\":\"https:\/\/www.suno.com.br\/noticias\/#organization\"},\"potentialAction\":[{\"@type\":\"SearchAction\",\"target\":{\"@type\":\"EntryPoint\",\"urlTemplate\":\"https:\/\/www.suno.com.br\/noticias\/?s={search_term_string}\"},\"query-input\":{\"@type\":\"PropertyValueSpecification\",\"valueRequired\":true,\"valueName\":\"search_term_string\"}}],\"inLanguage\":\"pt-BR\"},{\"@type\":\"Organization\",\"@id\":\"https:\/\/www.suno.com.br\/noticias\/#organization\",\"name\":\"Suno Not\u00edcias\",\"url\":\"https:\/\/www.suno.com.br\/noticias\/\",\"logo\":{\"@type\":\"ImageObject\",\"inLanguage\":\"pt-BR\",\"@id\":\"https:\/\/www.suno.com.br\/noticias\/#\/schema\/logo\/image\/\",\"url\":\"https:\/\/files.sunoresearch.com.br\/n\/uploads\/2021\/09\/suno-logo.png\",\"contentUrl\":\"https:\/\/files.sunoresearch.com.br\/n\/uploads\/2021\/09\/suno-logo.png\",\"width\":180,\"height\":180,\"caption\":\"Suno Not\u00edcias\"},\"image\":{\"@id\":\"https:\/\/www.suno.com.br\/noticias\/#\/schema\/logo\/image\/\"},\"sameAs\":[\"https:\/\/facebook.com\/sunoresearch\",\"https:\/\/x.com\/sunoresearch\",\"https:\/\/www.instagram.com\/suno\",\"https:\/\/www.linkedin.com\/company\/suno-research\/\",\"https:\/\/www.youtube.com\/c\/sunoresearch\"]},{\"@type\":\"Person\",\"@id\":\"https:\/\/www.suno.com.br\/noticias\/#\/schema\/person\/918d79de1f0281f01599b93f9ea6e23f\",\"name\":\"Jader Lazarini\",\"image\":{\"@type\":\"ImageObject\",\"inLanguage\":\"pt-BR\",\"@id\":\"https:\/\/www.suno.com.br\/noticias\/#\/schema\/person\/image\/\",\"url\":\"https:\/\/secure.gravatar.com\/avatar\/3c1ad8caa51589841baeb923fcddea97?s=96&r=g\",\"contentUrl\":\"https:\/\/secure.gravatar.com\/avatar\/3c1ad8caa51589841baeb923fcddea97?s=96&r=g\",\"caption\":\"Jader Lazarini\"},\"description\":\"Jader Lazarini escreve sobre investimentos, finan\u00e7as, economia e neg\u00f3cios. \u00c9 bacharel em Rela\u00e7\u00f5es Internacionais e analista CNPI (2619).\",\"url\":\"https:\/\/www.suno.com.br\/noticias\/author\/jader-lazarini\/\"}]}<\/script>\n<!-- \/ Yoast SEO plugin. -->","yoast_head_json":{"title":"Boris Johnson apresenta proposta para a sa\u00edda do Reino Unido da UE","description":"O premie brit\u00e2nico, Boris Johnson, anunciou nesta quarta (2) a elabora\u00e7\u00e3o de uma proposta final para a sa\u00edda do Reino Unido da UE. Saiba mais.","robots":{"index":"index","follow":"follow","max-snippet":"max-snippet:-1","max-image-preview":"max-image-preview:large","max-video-preview":"max-video-preview:-1"},"canonical":"https:\/\/www.suno.com.br\/noticias\/boris-johnson-apresenta-proposta-final-para-a-saida-do-reino-unido\/","og_locale":"pt_BR","og_type":"article","og_title":"Boris Johnson apresenta proposta para a sa\u00edda do Reino Unido da UE","og_description":"O premie brit\u00e2nico, Boris Johnson, anunciou nesta quarta (2) a elabora\u00e7\u00e3o de uma proposta final para a sa\u00edda do Reino Unido da UE. Saiba mais.","og_url":"https:\/\/www.suno.com.br\/noticias\/boris-johnson-apresenta-proposta-final-para-a-saida-do-reino-unido\/","og_site_name":"Suno Not\u00edcias","article_publisher":"https:\/\/facebook.com\/sunoresearch","og_image":[{"width":1536,"height":1024,"url":"https:\/\/files.sunoresearch.com.br\/n\/uploads\/2019\/10\/2233c712-boris-johnson.jpg","type":"image\/jpeg"}],"author":"Jader Lazarini","twitter_card":"summary_large_image","twitter_creator":"@sunoresearch","twitter_site":"@sunoresearch","twitter_misc":{"Escrito por":"Jader Lazarini","Est. tempo de leitura":"2 minutos"},"schema":{"@context":"https:\/\/schema.org","@graph":[{"@type":"NewsArticle","@id":"https:\/\/www.suno.com.br\/noticias\/boris-johnson-apresenta-proposta-final-para-a-saida-do-reino-unido\/#article","isPartOf":{"@id":"https:\/\/www.suno.com.br\/noticias\/boris-johnson-apresenta-proposta-final-para-a-saida-do-reino-unido\/"},"author":{"name":"Jader Lazarini","@id":"https:\/\/www.suno.com.br\/noticias\/#\/schema\/person\/918d79de1f0281f01599b93f9ea6e23f"},"headline":"Boris Johnson apresenta proposta final para a sa\u00edda do Reino Unido da UE","datePublished":"2019-10-02T15:38:32+00:00","dateModified":"2019-10-03T13:34:34+00:00","mainEntityOfPage":{"@id":"https:\/\/www.suno.com.br\/noticias\/boris-johnson-apresenta-proposta-final-para-a-saida-do-reino-unido\/"},"wordCount":401,"publisher":{"@id":"https:\/\/www.suno.com.br\/noticias\/#organization"},"image":{"@id":"https:\/\/www.suno.com.br\/noticias\/boris-johnson-apresenta-proposta-final-para-a-saida-do-reino-unido\/#primaryimage"},"thumbnailUrl":"https:\/\/files.sunoresearch.com.br\/n\/uploads\/2019\/10\/2233c712-boris-johnson-jpg.webp","keywords":["Boris Johnson","Brexit","Reino Unido","Uni\u00e3o Europeia"],"articleSection":["Internacional"],"inLanguage":"pt-BR"},{"@type":"WebPage","@id":"https:\/\/www.suno.com.br\/noticias\/boris-johnson-apresenta-proposta-final-para-a-saida-do-reino-unido\/","url":"https:\/\/www.suno.com.br\/noticias\/boris-johnson-apresenta-proposta-final-para-a-saida-do-reino-unido\/","name":"Boris Johnson apresenta proposta para a sa\u00edda do Reino Unido da UE","isPartOf":{"@id":"https:\/\/www.suno.com.br\/noticias\/#website"},"primaryImageOfPage":{"@id":"https:\/\/www.suno.com.br\/noticias\/boris-johnson-apresenta-proposta-final-para-a-saida-do-reino-unido\/#primaryimage"},"image":{"@id":"https:\/\/www.suno.com.br\/noticias\/boris-johnson-apresenta-proposta-final-para-a-saida-do-reino-unido\/#primaryimage"},"thumbnailUrl":"https:\/\/files.sunoresearch.com.br\/n\/uploads\/2019\/10\/2233c712-boris-johnson-jpg.webp","datePublished":"2019-10-02T15:38:32+00:00","dateModified":"2019-10-03T13:34:34+00:00","description":"O premie brit\u00e2nico, Boris Johnson, anunciou nesta quarta (2) a elabora\u00e7\u00e3o de uma proposta final para a sa\u00edda do Reino Unido da UE. Saiba mais.","breadcrumb":{"@id":"https:\/\/www.suno.com.br\/noticias\/boris-johnson-apresenta-proposta-final-para-a-saida-do-reino-unido\/#breadcrumb"},"inLanguage":"pt-BR","potentialAction":[{"@type":"ReadAction","target":["https:\/\/www.suno.com.br\/noticias\/boris-johnson-apresenta-proposta-final-para-a-saida-do-reino-unido\/"]}]},{"@type":"ImageObject","inLanguage":"pt-BR","@id":"https:\/\/www.suno.com.br\/noticias\/boris-johnson-apresenta-proposta-final-para-a-saida-do-reino-unido\/#primaryimage","url":"https:\/\/files.sunoresearch.com.br\/n\/uploads\/2019\/10\/2233c712-boris-johnson-jpg.webp","contentUrl":"https:\/\/files.sunoresearch.com.br\/n\/uploads\/2019\/10\/2233c712-boris-johnson-jpg.webp","width":1536,"height":1024,"caption":"O primeiro-ministro afirmou que o Reino Unido deixaria o bloco europeu no dia 1\u00ba de janeiro sem um acordo comercial"},{"@type":"BreadcrumbList","@id":"https:\/\/www.suno.com.br\/noticias\/boris-johnson-apresenta-proposta-final-para-a-saida-do-reino-unido\/#breadcrumb","itemListElement":[{"@type":"ListItem","position":1,"name":"Not\u00edcias","item":"https:\/\/www.suno.com.br\/noticias\/"},{"@type":"ListItem","position":2,"name":"Internacional","item":"https:\/\/www.suno.com.br\/noticias\/internacional\/"},{"@type":"ListItem","position":3,"name":"Boris Johnson apresenta proposta final para a sa\u00edda do Reino Unido da UE"}]},{"@type":"WebSite","@id":"https:\/\/www.suno.com.br\/noticias\/#website","url":"https:\/\/www.suno.com.br\/noticias\/","name":"Suno Not\u00edcias","description":"Seu portal de informa\u00e7\u00e3o sobre o mundo dos investimentos","publisher":{"@id":"https:\/\/www.suno.com.br\/noticias\/#organization"},"potentialAction":[{"@type":"SearchAction","target":{"@type":"EntryPoint","urlTemplate":"https:\/\/www.suno.com.br\/noticias\/?s={search_term_string}"},"query-input":{"@type":"PropertyValueSpecification","valueRequired":true,"valueName":"search_term_string"}}],"inLanguage":"pt-BR"},{"@type":"Organization","@id":"https:\/\/www.suno.com.br\/noticias\/#organization","name":"Suno Not\u00edcias","url":"https:\/\/www.suno.com.br\/noticias\/","logo":{"@type":"ImageObject","inLanguage":"pt-BR","@id":"https:\/\/www.suno.com.br\/noticias\/#\/schema\/logo\/image\/","url":"https:\/\/files.sunoresearch.com.br\/n\/uploads\/2021\/09\/suno-logo.png","contentUrl":"https:\/\/files.sunoresearch.com.br\/n\/uploads\/2021\/09\/suno-logo.png","width":180,"height":180,"caption":"Suno Not\u00edcias"},"image":{"@id":"https:\/\/www.suno.com.br\/noticias\/#\/schema\/logo\/image\/"},"sameAs":["https:\/\/facebook.com\/sunoresearch","https:\/\/x.com\/sunoresearch","https:\/\/www.instagram.com\/suno","https:\/\/www.linkedin.com\/company\/suno-research\/","https:\/\/www.youtube.com\/c\/sunoresearch"]},{"@type":"Person","@id":"https:\/\/www.suno.com.br\/noticias\/#\/schema\/person\/918d79de1f0281f01599b93f9ea6e23f","name":"Jader Lazarini","image":{"@type":"ImageObject","inLanguage":"pt-BR","@id":"https:\/\/www.suno.com.br\/noticias\/#\/schema\/person\/image\/","url":"https:\/\/secure.gravatar.com\/avatar\/3c1ad8caa51589841baeb923fcddea97?s=96&r=g","contentUrl":"https:\/\/secure.gravatar.com\/avatar\/3c1ad8caa51589841baeb923fcddea97?s=96&r=g","caption":"Jader Lazarini"},"description":"Jader Lazarini escreve sobre investimentos, finan\u00e7as, economia e neg\u00f3cios. \u00c9 bacharel em Rela\u00e7\u00f5es Internacionais e analista CNPI (2619).","url":"https:\/\/www.suno.com.br\/noticias\/author\/jader-lazarini\/"}]}},"default_loop_html":"<div class=\"cardsPage__listCard__boxs\"><div class=\"cardsPage__listCard__boxs__img\"><a href=\"https:\/\/www.suno.com.br\/noticias\/boris-johnson-apresenta-proposta-final-para-a-saida-do-reino-unido\/\"><img class=\"mask\" src=\"https:\/\/www.suno.com.br\/noticias\/wp-content\/themes\/suno\/resources\/images\/spotlight\/spotlight1img\/bg-mask.png\" alt=\"Image Mask\"\/><img src=\"https:\/\/files.sunoresearch.com.br\/n\/uploads\/2019\/10\/2233c712-boris-johnson-400x200.webp\" alt=\"Boris Johnson apresenta proposta final para a sa\u00edda do Reino Unido da UE\"\/><\/a><span class=\"spotlightCategory\"><a href=\"https:\/\/www.suno.com.br\/noticias\/internacional\/\">Internacional<\/a><\/span><\/div><div class=\"cardsPage__listCard__boxs__content\"><a href=\"https:\/\/www.suno.com.br\/noticias\/boris-johnson-apresenta-proposta-final-para-a-saida-do-reino-unido\/\"><h2 class=\"content__title\">Boris Johnson apresenta proposta final para a sa\u00edda do Reino Unido da UE<\/h2><\/a><div class=\"newsContent__article__meta\"><div class=\"newsContent__article__meta__authorBox\"><a href=\"https:\/\/www.suno.com.br\/noticias\/author\/jader-lazarini\/\" class=\"authorBox__avatar noMobi\"><img src=\"https:\/\/files.sunoresearch.com.br\/n\/uploads\/2021\/01\/178e6598-foto-perfil-2-150x150.jpg\" alt=\"Jader Lazarini\"><\/a><div class=\"authorBox__name\"><span>por\n\t\t\t<a href=\"https:\/\/www.suno.com.br\/noticias\/author\/jader-lazarini\/\"><span itemprop=\"author\">Jader Lazarini<\/span><\/a><\/span><time datetime=\"2019-10-02T12:38:32-03:00\" itemprop=\"datePublished\">02\/10\/2019 12:38<\/time><\/div><\/div><\/div><\/div><\/div>","single_layout":"posts","amp_enabled":true,"_links":{"self":[{"href":"https:\/\/www.suno.com.br\/noticias\/wp-json\/wp\/v2\/posts\/39633"}],"collection":[{"href":"https:\/\/www.suno.com.br\/noticias\/wp-json\/wp\/v2\/posts"}],"about":[{"href":"https:\/\/www.suno.com.br\/noticias\/wp-json\/wp\/v2\/types\/post"}],"author":[{"embeddable":true,"href":"https:\/\/www.suno.com.br\/noticias\/wp-json\/wp\/v2\/users\/24"}],"replies":[{"embeddable":true,"href":"https:\/\/www.suno.com.br\/noticias\/wp-json\/wp\/v2\/comments?post=39633"}],"version-history":[{"count":0,"href":"https:\/\/www.suno.com.br\/noticias\/wp-json\/wp\/v2\/posts\/39633\/revisions"}],"wp:featuredmedia":[{"embeddable":true,"href":"https:\/\/www.suno.com.br\/noticias\/wp-json\/wp\/v2\/media\/39640"}],"wp:attachment":[{"href":"https:\/\/www.suno.com.br\/noticias\/wp-json\/wp\/v2\/media?parent=39633"}],"wp:term":[{"taxonomy":"category","embeddable":true,"href":"https:\/\/www.suno.com.br\/noticias\/wp-json\/wp\/v2\/categories?post=39633"},{"taxonomy":"post_tag","embeddable":true,"href":"https:\/\/www.suno.com.br\/noticias\/wp-json\/wp\/v2\/tags?post=39633"},{"taxonomy":"suno_strategy","embeddable":true,"href":"https:\/\/www.suno.com.br\/noticias\/wp-json\/wp\/v2\/suno_strategy?post=39633"}],"curies":[{"name":"wp","href":"https:\/\/api.w.org\/{rel}","templated":true}]}}