{"id":39630,"date":"2019-10-02T12:26:49","date_gmt":"2019-10-02T15:26:49","guid":{"rendered":"https:\/\/www.suno.com.br\/noticias\/?p=39630"},"modified":"2019-10-03T13:08:50","modified_gmt":"2019-10-03T16:08:50","slug":"arezzo-acordo-vans-distribuidora-brasil-exclusiva","status":"publish","type":"post","link":"https:\/\/www.suno.com.br\/noticias\/arezzo-acordo-vans-distribuidora-brasil-exclusiva\/","title":{"rendered":"Arezzo assina acordo com Vans para ser distribuidora exclusiva no Brasil"},"content":{"rendered":"<p>A Arezzo (ARZZ3) anunciou, atrav\u00e9s de seu fato relevante, nesta quarta-feira (2), que ser\u00e1 distribuidora exclusiva da<strong> Vans<\/strong> no <strong>Brasil<\/strong>. O conselho de administra\u00e7\u00e3o da varejista aprovou na \u00faltima ter\u00e7a-feira (1) o acordo com a companhia americana de moda.<\/p>\t<div class=\"wrapper-featured-image\">\n\t\t<figure class=\"spotlightImg\">\n\n\t\t\t<picture>\n\t\t\t\t<source media=\"(max-width: 768px)\" srcset=\"https:\/\/files.sunoresearch.com.br\/n\/uploads\/2019\/10\/5b2399ba-arezzo--400x200.webp\">\n\t\t\t\t<img loading=\"lazy\" decoding=\"async\" class=\"newsContent__article__imgCapa lazyloadDisabled newsContent__article__imgCapa--noCaption\" src=\"https:\/\/files.sunoresearch.com.br\/n\/uploads\/2019\/10\/5b2399ba-arezzo--jpg.webp\" width=\"800\" height=\"450\" alt=\"Arezzo assina acordo com Vans para ser distribuidora exclusiva no Brasil\" fetchpriority=high \/>\n\t\t\t<\/picture>\n\n\t\t\t<figcaption class=\"wp-caption-text wp-caption-text--hide\">Arezzo (ARZZ3): Conselho aprova incorpora\u00e7\u00e3o da VQV e aumento de capital <\/figcaption>\n\t\t<\/figure>\n\t<\/div>\n\n\n\n<p>&#8220;A companhia passar\u00e1 a ser distribuidora exclusiva dos Produtos Vans no territ\u00f3rio brasileiro, pelo prazo inicial de 5 anos a partir de 1\u00b0 de janeiro de 2020, com possibilidade de extens\u00e3o por mais 2 anos vinculada ao atingimento de determinadas m\u00e9tricas operacionais e financeiras&#8221;, informou a <strong>Arezzo<\/strong>.<\/p>\n<p>Desse modo, a varejista ficar\u00e1 respons\u00e1vel por:<\/p>\n<ul>\n<li>gest\u00e3o de fornecedores;<\/li>\n<li>log\u00edstica;<\/li>\n<li>distribui\u00e7\u00e3o;<\/li>\n<li>franchising;<\/li>\n<li>e-commerce;<\/li>\n<li>e expans\u00e3o e lojas Vans no Brasil.<\/li>\n<\/ul>\n<p>Al\u00e9m disso, a Arezzo informou que investir\u00e1 aproximadamente R$ 50 milh\u00f5es na aquisi\u00e7\u00e3o de estoque de produtos e de outras quatro outlets pr\u00f3prios Vans. O fechamento da opera\u00e7\u00e3o esta sujeito a aprova\u00e7\u00e3o do <a href=\"https:\/\/www.suno.com.br\/artigos\/cade\/\">Conselho Administrativo de Defesa Econ\u00f4mica (Cade)<\/a>.<\/p>\n<p>O mercado reage positivamente ao an\u00fancio de parceria entre a Arezzo e a Vans. Por volta das 12h, a ARZZ3 registrava varia\u00e7\u00e3o de +3,32% sendo negociada a R$ 51,33.<\/p>\n<h2>Arezzo registra lucro de R$ 42,3 milh\u00f5es no 2T19<\/h2>\n<p>A Arezzo reportou uma alta de 22,5% no seu <a href=\"https:\/\/www.suno.com.br\/artigos\/lucro-liquido\/\">lucro l\u00edquido<\/a> do trimestre, que come\u00e7ou em abril e terminou em junho. O valor, sem IFRS, foi de R$ 33,1 milh\u00f5es para R$ 40,5 milh\u00f5es. Com a norma cont\u00e1bil, o lucro chegou a R$ 42,3 milh\u00f5es. O avan\u00e7o foi de 27,9% em rela\u00e7\u00e3o ao igual per\u00edodo do ano passado.<\/p>\n<p>No primeiro semestre deste ano, o lucro da Arezzo<strong>,<\/strong> sem a norma do <a href=\"https:\/\/www.suno.com.br\/artigos\/ifrs\/\">IFRS<\/a>, chegou a R$ 63,7 milh\u00f5es. A alta foi de 5,8% em rela\u00e7\u00e3o ao igual per\u00edodo de 2018. Considerando o IFRS, o valor atingiu R$ 66,2 milh\u00f5es.<\/p>\n<p><a href=\"\/\/www.suno.com.br\/noticias\/arezzo-dividendos-pagamentos-suplementares\/\">Confira Tamb\u00e9m: Diretoria da Arezzo aprova distribui\u00e7\u00e3o de R$ 17,7 milh\u00f5es em dividendos<\/a><\/p>\n<p>O <a href=\"https:\/\/www.suno.com.br\/artigos\/ebitda\/\">Ebtida<\/a>, sem o efeito do IFRS, chegou a R$ 68,9 milh\u00f5es neste segundo trimestre. O crescimento foi de 22% em compara\u00e7\u00e3o ao ano passado. Em 2018, o valor atingido foi de R$ 56,5 milh\u00f5es. Levando em conta o IFRS, o valor diminui para R$ 58,8 milh\u00f5es.<\/p>\n<p>O semestre teve uma alta de 27% em rela\u00e7\u00e3o a 2018. Dessa forma, o valor foi de R$ 97,3 milh\u00f5es para R$ 123,5 milh\u00f5es. Considerando o IFRS, o avan\u00e7o diminui um pouco e chega a R$ 103,6 milh\u00f5es. Assim, o aumento \u00e9 de 6,5%.<\/p>\n\t<p>\n\t\t<a href=\"https:\/\/lp.suno.com.br\/ebook-guia-ir\/\" target=\"_blank\" data-element=\"shortcode-suno-banner\" title=\"Banner SUNO, clique e saiba mais\">\n\t\t\t<picture>\n\t\t\t\t<source media=\"(max-width: 500px)\" srcset=\"https:\/\/files.sunoresearch.com.br\/n\/uploads\/2023\/03\/400x300-Ebook-IR.png\">\n\t\t\t\t<img class=\"newsContent__article__imgCapa newsContent__article__imgCapa--banner\"\n\t\t\t\t\tsrc=\"https:\/\/files.sunoresearch.com.br\/n\/uploads\/2023\/03\/1420x240-Ebook-IR.png\"\n\t\t\t\t\tdata-promo-id=\"383124\"\t\t\t\t\t\t\t\t\t\twidth='1420' height='240'\t\t\t\t\talt=\"https:\/\/files.sunoresearch.com.br\/n\/uploads\/2023\/03\/1420x240-Ebook-IR.png\"\n\t\t\t\t>\n\t\t\t<\/picture>\n\t\t<\/a>\n\t<\/p>\n\n\n<p>As vendas <a href=\"https:\/\/www.suno.com.br\/artigos\/same-store-sales\/\">Same Stores Sales (SSS)<\/a> ca\u00edram em 6% no trimestre de abril a junho. Mesmo assim, houve uma alta de 1,3%. Entretanto, na compara\u00e7\u00e3o com o mesmo semestre do ano passado, a <strong>Arezzo<\/strong> teve um baixa de 4,2%. O Same Store Sales \u00e9 um importante indicado para empresas do com\u00e9rcio. O SSS mostra o quanto as vendas cresceram em lojas iguais em rela\u00e7\u00e3o ao per\u00edodo anterior.<\/p>\n","protected":false},"excerpt":{"rendered":"<p>A Arezzo (ARZZ3) anunciou, atrav\u00e9s de seu fato relevante, nesta quarta-feira (2), que ser\u00e1 distribuidora exclusiva da Vans no Brasil. O conselho de administra\u00e7\u00e3o da varejista aprovou na \u00faltima ter\u00e7a-feira (1) o acordo com a companhia americana de moda. Arezzo (ARZZ3): Conselho aprova incorpora\u00e7\u00e3o da VQV e aumento de capital &#8220;A companhia passar\u00e1 a ser [&hellip;]<\/p>\n","protected":false},"author":15,"featured_media":39635,"comment_status":"closed","ping_status":"closed","sticky":false,"template":"","format":"standard","meta":[],"categories":[64],"tags":[362,1961],"suno_strategy":[],"class_list":["post-39630","post","type-post","status-publish","format-standard","has-post-thumbnail","hentry","category-negocios","tag-arezzo-arzz3","tag-vans"],"yoast_head":"<!-- This site is optimized with the Yoast SEO plugin v24.4 - https:\/\/yoast.com\/wordpress\/plugins\/seo\/ -->\n<title>Arezzo assina acordo com Vans para ser distribuidora exclusiva no Brasil<\/title>\n<meta name=\"description\" content=\"A Arezzo (ARZZ3) anunciou nesta quarta-feira (2) que ser\u00e1 distribuidora exclusiva da Vans no Brasil. Clique aqui e saiba mais\" \/>\n<meta name=\"robots\" content=\"index, follow, max-snippet:-1, max-image-preview:large, max-video-preview:-1\" \/>\n<link rel=\"canonical\" href=\"https:\/\/www.suno.com.br\/noticias\/arezzo-acordo-vans-distribuidora-brasil-exclusiva\/\" \/>\n<meta property=\"og:locale\" content=\"pt_BR\" \/>\n<meta property=\"og:type\" content=\"article\" \/>\n<meta property=\"og:title\" content=\"Arezzo assina acordo com Vans para ser distribuidora exclusiva no Brasil\" \/>\n<meta property=\"og:description\" content=\"A Arezzo (ARZZ3) anunciou nesta quarta-feira (2) que ser\u00e1 distribuidora exclusiva da Vans no Brasil. Clique aqui e saiba mais\" \/>\n<meta property=\"og:url\" content=\"https:\/\/www.suno.com.br\/noticias\/arezzo-acordo-vans-distribuidora-brasil-exclusiva\/\" \/>\n<meta property=\"og:site_name\" content=\"Suno Not\u00edcias\" \/>\n<meta property=\"article:publisher\" content=\"https:\/\/facebook.com\/sunoresearch\" \/>\n<meta property=\"og:image\" content=\"https:\/\/files.sunoresearch.com.br\/n\/uploads\/2019\/10\/5b2399ba-arezzo-.jpg\" \/>\n\t<meta property=\"og:image:width\" content=\"498\" \/>\n\t<meta property=\"og:image:height\" content=\"312\" \/>\n\t<meta property=\"og:image:type\" content=\"image\/jpeg\" \/>\n<meta name=\"author\" content=\"Poliana Santos\" \/>\n<meta name=\"twitter:card\" content=\"summary_large_image\" \/>\n<meta name=\"twitter:creator\" content=\"@sunoresearch\" \/>\n<meta name=\"twitter:site\" content=\"@sunoresearch\" \/>\n<meta name=\"twitter:label1\" content=\"Escrito por\" \/>\n\t<meta name=\"twitter:data1\" content=\"Poliana Santos\" \/>\n\t<meta name=\"twitter:label2\" content=\"Est. tempo de leitura\" \/>\n\t<meta name=\"twitter:data2\" content=\"2 minutos\" \/>\n<script type=\"application\/ld+json\" class=\"yoast-schema-graph\">{\"@context\":\"https:\/\/schema.org\",\"@graph\":[{\"@type\":\"NewsArticle\",\"@id\":\"https:\/\/www.suno.com.br\/noticias\/arezzo-acordo-vans-distribuidora-brasil-exclusiva\/#article\",\"isPartOf\":{\"@id\":\"https:\/\/www.suno.com.br\/noticias\/arezzo-acordo-vans-distribuidora-brasil-exclusiva\/\"},\"author\":{\"name\":\"Poliana Santos\",\"@id\":\"https:\/\/www.suno.com.br\/noticias\/#\/schema\/person\/02ec1f752758247878a2bf4abee1aeda\"},\"headline\":\"Arezzo assina acordo com Vans para ser distribuidora exclusiva no Brasil\",\"datePublished\":\"2019-10-02T15:26:49+00:00\",\"dateModified\":\"2019-10-03T16:08:50+00:00\",\"mainEntityOfPage\":{\"@id\":\"https:\/\/www.suno.com.br\/noticias\/arezzo-acordo-vans-distribuidora-brasil-exclusiva\/\"},\"wordCount\":484,\"publisher\":{\"@id\":\"https:\/\/www.suno.com.br\/noticias\/#organization\"},\"image\":{\"@id\":\"https:\/\/www.suno.com.br\/noticias\/arezzo-acordo-vans-distribuidora-brasil-exclusiva\/#primaryimage\"},\"thumbnailUrl\":\"https:\/\/files.sunoresearch.com.br\/n\/uploads\/2019\/10\/5b2399ba-arezzo--jpg.webp\",\"keywords\":[\"Arezzo (ARZZ3)\",\"Vans\"],\"articleSection\":[\"Neg\u00f3cios\"],\"inLanguage\":\"pt-BR\"},{\"@type\":\"WebPage\",\"@id\":\"https:\/\/www.suno.com.br\/noticias\/arezzo-acordo-vans-distribuidora-brasil-exclusiva\/\",\"url\":\"https:\/\/www.suno.com.br\/noticias\/arezzo-acordo-vans-distribuidora-brasil-exclusiva\/\",\"name\":\"Arezzo assina acordo com Vans para ser distribuidora exclusiva no Brasil\",\"isPartOf\":{\"@id\":\"https:\/\/www.suno.com.br\/noticias\/#website\"},\"primaryImageOfPage\":{\"@id\":\"https:\/\/www.suno.com.br\/noticias\/arezzo-acordo-vans-distribuidora-brasil-exclusiva\/#primaryimage\"},\"image\":{\"@id\":\"https:\/\/www.suno.com.br\/noticias\/arezzo-acordo-vans-distribuidora-brasil-exclusiva\/#primaryimage\"},\"thumbnailUrl\":\"https:\/\/files.sunoresearch.com.br\/n\/uploads\/2019\/10\/5b2399ba-arezzo--jpg.webp\",\"datePublished\":\"2019-10-02T15:26:49+00:00\",\"dateModified\":\"2019-10-03T16:08:50+00:00\",\"description\":\"A Arezzo (ARZZ3) anunciou nesta quarta-feira (2) que ser\u00e1 distribuidora exclusiva da Vans no Brasil. Clique aqui e saiba mais\",\"breadcrumb\":{\"@id\":\"https:\/\/www.suno.com.br\/noticias\/arezzo-acordo-vans-distribuidora-brasil-exclusiva\/#breadcrumb\"},\"inLanguage\":\"pt-BR\",\"potentialAction\":[{\"@type\":\"ReadAction\",\"target\":[\"https:\/\/www.suno.com.br\/noticias\/arezzo-acordo-vans-distribuidora-brasil-exclusiva\/\"]}]},{\"@type\":\"ImageObject\",\"inLanguage\":\"pt-BR\",\"@id\":\"https:\/\/www.suno.com.br\/noticias\/arezzo-acordo-vans-distribuidora-brasil-exclusiva\/#primaryimage\",\"url\":\"https:\/\/files.sunoresearch.com.br\/n\/uploads\/2019\/10\/5b2399ba-arezzo--jpg.webp\",\"contentUrl\":\"https:\/\/files.sunoresearch.com.br\/n\/uploads\/2019\/10\/5b2399ba-arezzo--jpg.webp\",\"width\":498,\"height\":312,\"caption\":\"Arezzo (ARZZ3): Conselho aprova incorpora\u00e7\u00e3o da VQV e aumento de capital\"},{\"@type\":\"BreadcrumbList\",\"@id\":\"https:\/\/www.suno.com.br\/noticias\/arezzo-acordo-vans-distribuidora-brasil-exclusiva\/#breadcrumb\",\"itemListElement\":[{\"@type\":\"ListItem\",\"position\":1,\"name\":\"Not\u00edcias\",\"item\":\"https:\/\/www.suno.com.br\/noticias\/\"},{\"@type\":\"ListItem\",\"position\":2,\"name\":\"Neg\u00f3cios\",\"item\":\"https:\/\/www.suno.com.br\/noticias\/negocios\/\"},{\"@type\":\"ListItem\",\"position\":3,\"name\":\"Arezzo assina acordo com Vans para ser distribuidora exclusiva no Brasil\"}]},{\"@type\":\"WebSite\",\"@id\":\"https:\/\/www.suno.com.br\/noticias\/#website\",\"url\":\"https:\/\/www.suno.com.br\/noticias\/\",\"name\":\"Suno Not\u00edcias\",\"description\":\"Seu portal de informa\u00e7\u00e3o sobre o mundo dos investimentos\",\"publisher\":{\"@id\":\"https:\/\/www.suno.com.br\/noticias\/#organization\"},\"potentialAction\":[{\"@type\":\"SearchAction\",\"target\":{\"@type\":\"EntryPoint\",\"urlTemplate\":\"https:\/\/www.suno.com.br\/noticias\/?s={search_term_string}\"},\"query-input\":{\"@type\":\"PropertyValueSpecification\",\"valueRequired\":true,\"valueName\":\"search_term_string\"}}],\"inLanguage\":\"pt-BR\"},{\"@type\":\"Organization\",\"@id\":\"https:\/\/www.suno.com.br\/noticias\/#organization\",\"name\":\"Suno Not\u00edcias\",\"url\":\"https:\/\/www.suno.com.br\/noticias\/\",\"logo\":{\"@type\":\"ImageObject\",\"inLanguage\":\"pt-BR\",\"@id\":\"https:\/\/www.suno.com.br\/noticias\/#\/schema\/logo\/image\/\",\"url\":\"https:\/\/files.sunoresearch.com.br\/n\/uploads\/2021\/09\/suno-logo.png\",\"contentUrl\":\"https:\/\/files.sunoresearch.com.br\/n\/uploads\/2021\/09\/suno-logo.png\",\"width\":180,\"height\":180,\"caption\":\"Suno Not\u00edcias\"},\"image\":{\"@id\":\"https:\/\/www.suno.com.br\/noticias\/#\/schema\/logo\/image\/\"},\"sameAs\":[\"https:\/\/facebook.com\/sunoresearch\",\"https:\/\/x.com\/sunoresearch\",\"https:\/\/www.instagram.com\/suno\",\"https:\/\/www.linkedin.com\/company\/suno-research\/\",\"https:\/\/www.youtube.com\/c\/sunoresearch\"]},{\"@type\":\"Person\",\"@id\":\"https:\/\/www.suno.com.br\/noticias\/#\/schema\/person\/02ec1f752758247878a2bf4abee1aeda\",\"name\":\"Poliana Santos\",\"image\":{\"@type\":\"ImageObject\",\"inLanguage\":\"pt-BR\",\"@id\":\"https:\/\/www.suno.com.br\/noticias\/#\/schema\/person\/image\/\",\"url\":\"https:\/\/secure.gravatar.com\/avatar\/0645bd32f23d87b2130f2b2dff1d3f8d?s=96&r=g\",\"contentUrl\":\"https:\/\/secure.gravatar.com\/avatar\/0645bd32f23d87b2130f2b2dff1d3f8d?s=96&r=g\",\"caption\":\"Poliana Santos\"},\"description\":\"Rep\u00f3rter no Suno Not\u00edcias, com cobertura em mercado financeiro, economia, finan\u00e7as pessoais, renda fixa e varejo. Jornalista formada pela Faculdade C\u00e1sper L\u00edbero e possui passagem na R\u00e1dio Gazeta AM com a produ\u00e7\u00e3o de conte\u00fado sobre economia, pol\u00edtica, sa\u00fade, moda e m\u00fasica. Possui certificado de conclus\u00e3o do curso de An\u00e1lise de Balan\u00e7os pela Funda\u00e7\u00e3o Bradesco, Agenda Brasil pela FAAP, Educa\u00e7\u00e3o Pol\u00edtica por Alexandre Garcia e do Tesouro Direto e Mercado de A\u00e7\u00f5es pela B3.\",\"url\":\"https:\/\/www.suno.com.br\/noticias\/author\/poliana-santos\/\"}]}<\/script>\n<!-- \/ Yoast SEO plugin. -->","yoast_head_json":{"title":"Arezzo assina acordo com Vans para ser distribuidora exclusiva no Brasil","description":"A Arezzo (ARZZ3) anunciou nesta quarta-feira (2) que ser\u00e1 distribuidora exclusiva da Vans no Brasil. Clique aqui e saiba mais","robots":{"index":"index","follow":"follow","max-snippet":"max-snippet:-1","max-image-preview":"max-image-preview:large","max-video-preview":"max-video-preview:-1"},"canonical":"https:\/\/www.suno.com.br\/noticias\/arezzo-acordo-vans-distribuidora-brasil-exclusiva\/","og_locale":"pt_BR","og_type":"article","og_title":"Arezzo assina acordo com Vans para ser distribuidora exclusiva no Brasil","og_description":"A Arezzo (ARZZ3) anunciou nesta quarta-feira (2) que ser\u00e1 distribuidora exclusiva da Vans no Brasil. Clique aqui e saiba mais","og_url":"https:\/\/www.suno.com.br\/noticias\/arezzo-acordo-vans-distribuidora-brasil-exclusiva\/","og_site_name":"Suno Not\u00edcias","article_publisher":"https:\/\/facebook.com\/sunoresearch","og_image":[{"width":498,"height":312,"url":"https:\/\/files.sunoresearch.com.br\/n\/uploads\/2019\/10\/5b2399ba-arezzo-.jpg","type":"image\/jpeg"}],"author":"Poliana Santos","twitter_card":"summary_large_image","twitter_creator":"@sunoresearch","twitter_site":"@sunoresearch","twitter_misc":{"Escrito por":"Poliana Santos","Est. tempo de leitura":"2 minutos"},"schema":{"@context":"https:\/\/schema.org","@graph":[{"@type":"NewsArticle","@id":"https:\/\/www.suno.com.br\/noticias\/arezzo-acordo-vans-distribuidora-brasil-exclusiva\/#article","isPartOf":{"@id":"https:\/\/www.suno.com.br\/noticias\/arezzo-acordo-vans-distribuidora-brasil-exclusiva\/"},"author":{"name":"Poliana Santos","@id":"https:\/\/www.suno.com.br\/noticias\/#\/schema\/person\/02ec1f752758247878a2bf4abee1aeda"},"headline":"Arezzo assina acordo com Vans para ser distribuidora exclusiva no Brasil","datePublished":"2019-10-02T15:26:49+00:00","dateModified":"2019-10-03T16:08:50+00:00","mainEntityOfPage":{"@id":"https:\/\/www.suno.com.br\/noticias\/arezzo-acordo-vans-distribuidora-brasil-exclusiva\/"},"wordCount":484,"publisher":{"@id":"https:\/\/www.suno.com.br\/noticias\/#organization"},"image":{"@id":"https:\/\/www.suno.com.br\/noticias\/arezzo-acordo-vans-distribuidora-brasil-exclusiva\/#primaryimage"},"thumbnailUrl":"https:\/\/files.sunoresearch.com.br\/n\/uploads\/2019\/10\/5b2399ba-arezzo--jpg.webp","keywords":["Arezzo (ARZZ3)","Vans"],"articleSection":["Neg\u00f3cios"],"inLanguage":"pt-BR"},{"@type":"WebPage","@id":"https:\/\/www.suno.com.br\/noticias\/arezzo-acordo-vans-distribuidora-brasil-exclusiva\/","url":"https:\/\/www.suno.com.br\/noticias\/arezzo-acordo-vans-distribuidora-brasil-exclusiva\/","name":"Arezzo assina acordo com Vans para ser distribuidora exclusiva no Brasil","isPartOf":{"@id":"https:\/\/www.suno.com.br\/noticias\/#website"},"primaryImageOfPage":{"@id":"https:\/\/www.suno.com.br\/noticias\/arezzo-acordo-vans-distribuidora-brasil-exclusiva\/#primaryimage"},"image":{"@id":"https:\/\/www.suno.com.br\/noticias\/arezzo-acordo-vans-distribuidora-brasil-exclusiva\/#primaryimage"},"thumbnailUrl":"https:\/\/files.sunoresearch.com.br\/n\/uploads\/2019\/10\/5b2399ba-arezzo--jpg.webp","datePublished":"2019-10-02T15:26:49+00:00","dateModified":"2019-10-03T16:08:50+00:00","description":"A Arezzo (ARZZ3) anunciou nesta quarta-feira (2) que ser\u00e1 distribuidora exclusiva da Vans no Brasil. Clique aqui e saiba mais","breadcrumb":{"@id":"https:\/\/www.suno.com.br\/noticias\/arezzo-acordo-vans-distribuidora-brasil-exclusiva\/#breadcrumb"},"inLanguage":"pt-BR","potentialAction":[{"@type":"ReadAction","target":["https:\/\/www.suno.com.br\/noticias\/arezzo-acordo-vans-distribuidora-brasil-exclusiva\/"]}]},{"@type":"ImageObject","inLanguage":"pt-BR","@id":"https:\/\/www.suno.com.br\/noticias\/arezzo-acordo-vans-distribuidora-brasil-exclusiva\/#primaryimage","url":"https:\/\/files.sunoresearch.com.br\/n\/uploads\/2019\/10\/5b2399ba-arezzo--jpg.webp","contentUrl":"https:\/\/files.sunoresearch.com.br\/n\/uploads\/2019\/10\/5b2399ba-arezzo--jpg.webp","width":498,"height":312,"caption":"Arezzo (ARZZ3): Conselho aprova incorpora\u00e7\u00e3o da VQV e aumento de capital"},{"@type":"BreadcrumbList","@id":"https:\/\/www.suno.com.br\/noticias\/arezzo-acordo-vans-distribuidora-brasil-exclusiva\/#breadcrumb","itemListElement":[{"@type":"ListItem","position":1,"name":"Not\u00edcias","item":"https:\/\/www.suno.com.br\/noticias\/"},{"@type":"ListItem","position":2,"name":"Neg\u00f3cios","item":"https:\/\/www.suno.com.br\/noticias\/negocios\/"},{"@type":"ListItem","position":3,"name":"Arezzo assina acordo com Vans para ser distribuidora exclusiva no Brasil"}]},{"@type":"WebSite","@id":"https:\/\/www.suno.com.br\/noticias\/#website","url":"https:\/\/www.suno.com.br\/noticias\/","name":"Suno Not\u00edcias","description":"Seu portal de informa\u00e7\u00e3o sobre o mundo dos investimentos","publisher":{"@id":"https:\/\/www.suno.com.br\/noticias\/#organization"},"potentialAction":[{"@type":"SearchAction","target":{"@type":"EntryPoint","urlTemplate":"https:\/\/www.suno.com.br\/noticias\/?s={search_term_string}"},"query-input":{"@type":"PropertyValueSpecification","valueRequired":true,"valueName":"search_term_string"}}],"inLanguage":"pt-BR"},{"@type":"Organization","@id":"https:\/\/www.suno.com.br\/noticias\/#organization","name":"Suno Not\u00edcias","url":"https:\/\/www.suno.com.br\/noticias\/","logo":{"@type":"ImageObject","inLanguage":"pt-BR","@id":"https:\/\/www.suno.com.br\/noticias\/#\/schema\/logo\/image\/","url":"https:\/\/files.sunoresearch.com.br\/n\/uploads\/2021\/09\/suno-logo.png","contentUrl":"https:\/\/files.sunoresearch.com.br\/n\/uploads\/2021\/09\/suno-logo.png","width":180,"height":180,"caption":"Suno Not\u00edcias"},"image":{"@id":"https:\/\/www.suno.com.br\/noticias\/#\/schema\/logo\/image\/"},"sameAs":["https:\/\/facebook.com\/sunoresearch","https:\/\/x.com\/sunoresearch","https:\/\/www.instagram.com\/suno","https:\/\/www.linkedin.com\/company\/suno-research\/","https:\/\/www.youtube.com\/c\/sunoresearch"]},{"@type":"Person","@id":"https:\/\/www.suno.com.br\/noticias\/#\/schema\/person\/02ec1f752758247878a2bf4abee1aeda","name":"Poliana Santos","image":{"@type":"ImageObject","inLanguage":"pt-BR","@id":"https:\/\/www.suno.com.br\/noticias\/#\/schema\/person\/image\/","url":"https:\/\/secure.gravatar.com\/avatar\/0645bd32f23d87b2130f2b2dff1d3f8d?s=96&r=g","contentUrl":"https:\/\/secure.gravatar.com\/avatar\/0645bd32f23d87b2130f2b2dff1d3f8d?s=96&r=g","caption":"Poliana Santos"},"description":"Rep\u00f3rter no Suno Not\u00edcias, com cobertura em mercado financeiro, economia, finan\u00e7as pessoais, renda fixa e varejo. Jornalista formada pela Faculdade C\u00e1sper L\u00edbero e possui passagem na R\u00e1dio Gazeta AM com a produ\u00e7\u00e3o de conte\u00fado sobre economia, pol\u00edtica, sa\u00fade, moda e m\u00fasica. Possui certificado de conclus\u00e3o do curso de An\u00e1lise de Balan\u00e7os pela Funda\u00e7\u00e3o Bradesco, Agenda Brasil pela FAAP, Educa\u00e7\u00e3o Pol\u00edtica por Alexandre Garcia e do Tesouro Direto e Mercado de A\u00e7\u00f5es pela B3.","url":"https:\/\/www.suno.com.br\/noticias\/author\/poliana-santos\/"}]}},"default_loop_html":"<div class=\"cardsPage__listCard__boxs\"><div class=\"cardsPage__listCard__boxs__img\"><a href=\"https:\/\/www.suno.com.br\/noticias\/arezzo-acordo-vans-distribuidora-brasil-exclusiva\/\"><img class=\"mask\" src=\"https:\/\/www.suno.com.br\/noticias\/wp-content\/themes\/suno\/resources\/images\/spotlight\/spotlight1img\/bg-mask.png\" alt=\"Image Mask\"\/><img src=\"https:\/\/files.sunoresearch.com.br\/n\/uploads\/2019\/10\/5b2399ba-arezzo--400x200.webp\" alt=\"Arezzo assina acordo com Vans para ser distribuidora exclusiva no Brasil\"\/><\/a><span class=\"spotlightCategory\"><a href=\"https:\/\/www.suno.com.br\/noticias\/negocios\/\">Neg\u00f3cios<\/a><\/span><\/div><div class=\"cardsPage__listCard__boxs__content\"><a href=\"https:\/\/www.suno.com.br\/noticias\/arezzo-acordo-vans-distribuidora-brasil-exclusiva\/\"><h2 class=\"content__title\">Arezzo assina acordo com Vans para ser distribuidora exclusiva no Brasil<\/h2><\/a><div class=\"newsContent__article__meta\"><div class=\"newsContent__article__meta__authorBox\"><a href=\"https:\/\/www.suno.com.br\/noticias\/author\/poliana-santos\/\" class=\"authorBox__avatar noMobi\"><img src=\"https:\/\/files.sunoresearch.com.br\/n\/uploads\/2020\/08\/7ef34026-whatsapp-image-2020-08-03-at-12.37.57-150x150.webp\" alt=\"Poliana Santos\"><\/a><div class=\"authorBox__name\"><span>por\n\t\t\t<a href=\"https:\/\/www.suno.com.br\/noticias\/author\/poliana-santos\/\"><span itemprop=\"author\">Poliana Santos<\/span><\/a><\/span><time datetime=\"2019-10-02T12:26:49-03:00\" itemprop=\"datePublished\">02\/10\/2019 12:26<\/time><\/div><\/div><\/div><\/div><\/div>","single_layout":"posts","amp_enabled":true,"_links":{"self":[{"href":"https:\/\/www.suno.com.br\/noticias\/wp-json\/wp\/v2\/posts\/39630"}],"collection":[{"href":"https:\/\/www.suno.com.br\/noticias\/wp-json\/wp\/v2\/posts"}],"about":[{"href":"https:\/\/www.suno.com.br\/noticias\/wp-json\/wp\/v2\/types\/post"}],"author":[{"embeddable":true,"href":"https:\/\/www.suno.com.br\/noticias\/wp-json\/wp\/v2\/users\/15"}],"replies":[{"embeddable":true,"href":"https:\/\/www.suno.com.br\/noticias\/wp-json\/wp\/v2\/comments?post=39630"}],"version-history":[{"count":0,"href":"https:\/\/www.suno.com.br\/noticias\/wp-json\/wp\/v2\/posts\/39630\/revisions"}],"wp:featuredmedia":[{"embeddable":true,"href":"https:\/\/www.suno.com.br\/noticias\/wp-json\/wp\/v2\/media\/39635"}],"wp:attachment":[{"href":"https:\/\/www.suno.com.br\/noticias\/wp-json\/wp\/v2\/media?parent=39630"}],"wp:term":[{"taxonomy":"category","embeddable":true,"href":"https:\/\/www.suno.com.br\/noticias\/wp-json\/wp\/v2\/categories?post=39630"},{"taxonomy":"post_tag","embeddable":true,"href":"https:\/\/www.suno.com.br\/noticias\/wp-json\/wp\/v2\/tags?post=39630"},{"taxonomy":"suno_strategy","embeddable":true,"href":"https:\/\/www.suno.com.br\/noticias\/wp-json\/wp\/v2\/suno_strategy?post=39630"}],"curies":[{"name":"wp","href":"https:\/\/api.w.org\/{rel}","templated":true}]}}