{"id":39585,"date":"2019-10-02T09:19:09","date_gmt":"2019-10-02T12:19:09","guid":{"rendered":"https:\/\/www.suno.com.br\/noticias\/?p=39585"},"modified":"2019-10-02T09:19:09","modified_gmt":"2019-10-02T12:19:09","slug":"apos-impasse-com-sindicatos-petrobras-cortara-beneficios","status":"publish","type":"post","link":"https:\/\/www.suno.com.br\/noticias\/apos-impasse-com-sindicatos-petrobras-cortara-beneficios\/","title":{"rendered":"Ap\u00f3s impasse com sindicatos, Petrobras cortar\u00e1 benef\u00edcios a funcion\u00e1rios"},"content":{"rendered":"<p>A Petrobras (<strong>PETR3<\/strong>; <strong>PETR4<\/strong>) anunciou a seus empregados que come\u00e7ar\u00e1 a retirar benef\u00edcios e migrar para a <strong>legisla\u00e7\u00e3o trabalhista<\/strong> vigente. O impasse nas negocia\u00e7\u00f5es com os sindicatos relativo ao acordo coletivo de trabalho far\u00e1 com que a estatal parta para acordos individuais, com alguns benef\u00edcios espec\u00edficos.<\/p>\t<div class=\"wrapper-featured-image\">\n\t\t<figure class=\"spotlightImg\">\n\n\t\t\t<picture>\n\t\t\t\t<source media=\"(max-width: 768px)\" srcset=\"https:\/\/files.sunoresearch.com.br\/n\/uploads\/2018\/11\/7836f21f-petrobras-400x200.webp\">\n\t\t\t\t<img loading=\"lazy\" decoding=\"async\" class=\"newsContent__article__imgCapa lazyloadDisabled newsContent__article__imgCapa--noCaption\" src=\"https:\/\/files.sunoresearch.com.br\/n\/uploads\/2018\/11\/7836f21f-petrobras-800x450.webp\" width=\"800\" height=\"450\" alt=\"Ap\u00f3s impasse com sindicatos, Petrobras cortar\u00e1 benef\u00edcios a funcion\u00e1rios\" fetchpriority=high \/>\n\t\t\t<\/picture>\n\n\t\t\t<figcaption class=\"wp-caption-text wp-caption-text--hide\">Petrobras (PETR4): BNDES reprovou bonifica\u00e7\u00e3o para diretoria, diz jornal<\/figcaption>\n\t\t<\/figure>\n\t<\/div>\n\n\n\n<p>A declara\u00e7\u00e3o da <strong>Petrobras<\/strong> faz com que a crise entre a companhia e as federa\u00e7\u00f5es de petroleiros, negocia\u00e7\u00f5es iniciadas em maio. No m\u00eas passado, a pedido da estatal, as discuss\u00f5es passaram a ser mediadas pelo Tribunal Superior do Trabalho (<strong>TST<\/strong>), mas tamb\u00e9m n\u00e3o encontraram um consenso.<\/p>\n<p>Em uma nota divulgada na \u00faltima ter\u00e7a-feira (1), a dire\u00e7\u00e3o da empresa afirmou que, como o acordo atual encerrou-se ontem, \u201ca Petrobras est\u00e1 iniciando a migra\u00e7\u00e3o para a legisla\u00e7\u00e3o trabalhista vigente, uma vez que, na aus\u00eancia de acordo coletivo, a empresa n\u00e3o pode ter pr\u00e1ticas distintas das previstas em lei\u201d.<\/p>\n<p>O acordo expirado na \u00faltima ter\u00e7a garantia aos colaboradores alguns benef\u00edcios como adicional de f\u00e9rias de 100% do sal\u00e1rio, adicionais por tempo de servi\u00e7o ou incentivo para educa\u00e7\u00e3o de filhos no ensino superior.<\/p>\n<p><a href=\"https:\/\/www.suno.com.br\/noticias\/balanca-comercial-superavit-2-bilhoes-agosto\/\">Veja tamb\u00e9m: Balan\u00e7a comercial registra super\u00e1vit de US$ 2,246 bilh\u00f5es em agosto<\/a><\/p>\n<p>J\u00e1 neste m\u00eas de outubro, de acordo com a Petrobras, come\u00e7am a serem retirados os benef\u00edcios educacionais, adicional para trabalho no Amazonas e bonifica\u00e7\u00e3o por trabalho em campo terrestre, al\u00e9m de outras regalias. O \u00edndice de reajuste ser\u00e1 zero.<\/p>\n<p>Para empregados com n\u00edvel superior e sal\u00e1rios acima de R$ 11.678, foi oferecido pela Petrobras um acordo particular, possibilidade estabelecida pela reforma trabalhista de 2017.<\/p>\n<p>Neste caso, o reajuste proposto \u00e9 de 70% do \u00cdndice Nacional de Pre\u00e7os ao Consumidor (INPC), conforme a empresa prop\u00f4s desde o in\u00edcio, al\u00e9m de serem mantidos alguns benef\u00edcios. Ao todo, 6.692 dos 44.845 empregados estariam eleg\u00edveis para negociar de forma individual.<\/p>\n<p>A estatal petroleira afirmou que, no caso de novo acordo coletivo ou decis\u00e3o em diss\u00eddio, os funcion\u00e1rios que optarem pelo acordo individual podem migrar para os novos termos.<\/p>\n<p><a href=\"https:\/\/www.suno.com.br\/noticias\/reforma-da-previdencia-economia-abono-salarial-800-76\/\">Confira: Mudan\u00e7a no texto da reforma da Previd\u00eancia reduz economia para R$ 800 bilh\u00f5es<\/a><\/p>\n<p>Ap\u00f3s questionamentos do TST, os sindicatos receberam um novo prazo e t\u00eam at\u00e9 esta quarta-feira (2) para decidir se levam a proposta do tribunal a assembleias. Em despacho publicado na \u00faltima segunda-feira (30), o vice-ministro criticou o comportamento das entidades e disse que os termos eram mais favor\u00e1veis do que a proposta original da Petrobras.<\/p>\n<h2>Petrobras e TST temem uma greve<\/h2>\n<p>Em comunicado, a Petrobras reiterou que \u201cfoi incans\u00e1vel na busca de um acordo\u201d, apresentando duas novas vers\u00f5es de sua proposta inicial. \u201cDurante todo o processo, os sindicatos n\u00e3o levaram contrapropostas para a mesa de negocia\u00e7\u00e3o\u201d, informou a estatal.<\/p>\n\t<p>\n\t\t<a href=\"https:\/\/lp.suno.com.br\/ebook-10-livros\/\" target=\"_blank\" data-element=\"shortcode-suno-banner\" title=\"Banner SUNO, clique e saiba mais\">\n\t\t\t<picture>\n\t\t\t\t<source media=\"(max-width: 500px)\" srcset=\"https:\/\/files.sunoresearch.com.br\/n\/uploads\/2023\/03\/400x300-10-livros.png\">\n\t\t\t\t<img class=\"newsContent__article__imgCapa newsContent__article__imgCapa--banner\"\n\t\t\t\t\tsrc=\"https:\/\/files.sunoresearch.com.br\/n\/uploads\/2023\/03\/1420x240-10-livros.png\"\n\t\t\t\t\tdata-promo-id=\"383159\"\t\t\t\t\t\t\t\t\t\twidth='1420' height='240'\t\t\t\t\talt=\"https:\/\/files.sunoresearch.com.br\/n\/uploads\/2023\/03\/1420x240-10-livros.png\"\n\t\t\t\t>\n\t\t\t<\/picture>\n\t\t<\/a>\n\t<\/p>\n\n\n<p>Atrav\u00e9s de informa\u00e7\u00f5es internas, comando da companhia alega que seu custo com pessoal aumentou 56% desde 2014, para R$ 21 bilh\u00f5es, o equivalente a 40% de seu investimento ou 90% do lucro de 2018. Informa ainda que entre 1995 e 2018, concedeu ganho real acumulado de 40% aos seus colaboradores.<\/p>\n<p><a href=\"https:\/\/www.suno.com.br\/noticias\/banco-do-brasil-operacao-lava-jato-funcionarios-lavagem-de-dinheiro\/\">Saiba mais: Funcion\u00e1rios do Banco do Brasil s\u00e3o investigados por lavagem de dinheiro<\/a><\/p>\n<p>Refor\u00e7ando seu argumento, a Petrobras cita que seu efetivo tem baixa produtividade em rela\u00e7\u00e3o aos seus concorrentes: US$ 1,5 milh\u00e3o (cerca de R$ 6,26 milh\u00f5es) em receita gerada por empregado, contra US$ 4,9 milh\u00f5es (R$ 20,46 milh\u00f5es) da Shell e US$ 4,4 milh\u00f5es (R$ 18,37 milh\u00f5es) da Equinor.<\/p>\n<p>No TST, existe a preocupa\u00e7\u00e3o de que o plano sindical \u00e9 for\u00e7ar uma greve ideologizada politicamente contra a venda de refinarias da <strong>Petrobras<\/strong>. Os petroleiros, por outro lado, afirmam n\u00e3o ceder \u00e0 perda de direitos e que s\u00f3 levariam aos funcion\u00e1rios uma proposta da companhia.<\/p>\n","protected":false},"excerpt":{"rendered":"<p>A Petrobras (PETR3; PETR4) anunciou a seus empregados que come\u00e7ar\u00e1 a retirar benef\u00edcios e migrar para a legisla\u00e7\u00e3o trabalhista vigente. O impasse nas negocia\u00e7\u00f5es com os sindicatos relativo ao acordo coletivo de trabalho far\u00e1 com que a estatal parta para acordos individuais, com alguns benef\u00edcios espec\u00edficos. Petrobras (PETR4): BNDES reprovou bonifica\u00e7\u00e3o para diretoria, diz jornal [&hellip;]<\/p>\n","protected":false},"author":24,"featured_media":7316,"comment_status":"closed","ping_status":"closed","sticky":false,"template":"","format":"standard","meta":[],"categories":[64],"tags":[595,1213,1480],"suno_strategy":[],"class_list":["post-39585","post","type-post","status-publish","format-standard","has-post-thumbnail","hentry","category-negocios","tag-petrobras-petr4","tag-reforma-trabalhista","tag-tst"],"yoast_head":"<!-- This site is optimized with the Yoast SEO plugin v24.4 - https:\/\/yoast.com\/wordpress\/plugins\/seo\/ -->\n<title>Ap\u00f3s impasse com sindicatos, Petrobras cortar\u00e1 benef\u00edcios a funcion\u00e1rios<\/title>\n<meta name=\"description\" content=\"A Petrobras anunciou a seus empregados que come\u00e7ar\u00e1 a retirar benef\u00edcios e migrar para a legisla\u00e7\u00e3o trabalhista vigente. Clique e saiba mais.\" \/>\n<meta name=\"robots\" content=\"index, follow, max-snippet:-1, max-image-preview:large, max-video-preview:-1\" \/>\n<link rel=\"canonical\" href=\"https:\/\/www.suno.com.br\/noticias\/apos-impasse-com-sindicatos-petrobras-cortara-beneficios\/\" \/>\n<meta property=\"og:locale\" content=\"pt_BR\" \/>\n<meta property=\"og:type\" content=\"article\" \/>\n<meta property=\"og:title\" content=\"Ap\u00f3s impasse com sindicatos, Petrobras cortar\u00e1 benef\u00edcios a funcion\u00e1rios\" \/>\n<meta property=\"og:description\" content=\"A Petrobras anunciou a seus empregados que come\u00e7ar\u00e1 a retirar benef\u00edcios e migrar para a legisla\u00e7\u00e3o trabalhista vigente. Clique e saiba mais.\" \/>\n<meta property=\"og:url\" content=\"https:\/\/www.suno.com.br\/noticias\/apos-impasse-com-sindicatos-petrobras-cortara-beneficios\/\" \/>\n<meta property=\"og:site_name\" content=\"Suno Not\u00edcias\" \/>\n<meta property=\"article:publisher\" content=\"https:\/\/facebook.com\/sunoresearch\" \/>\n<meta property=\"og:image\" content=\"https:\/\/files.sunoresearch.com.br\/n\/uploads\/2018\/11\/7836f21f-petrobras.jpg\" \/>\n\t<meta property=\"og:image:width\" content=\"1346\" \/>\n\t<meta property=\"og:image:height\" content=\"861\" \/>\n\t<meta property=\"og:image:type\" content=\"image\/jpeg\" \/>\n<meta name=\"author\" content=\"Jader Lazarini\" \/>\n<meta name=\"twitter:card\" content=\"summary_large_image\" \/>\n<meta name=\"twitter:creator\" content=\"@sunoresearch\" \/>\n<meta name=\"twitter:site\" content=\"@sunoresearch\" \/>\n<meta name=\"twitter:label1\" content=\"Escrito por\" \/>\n\t<meta name=\"twitter:data1\" content=\"Jader Lazarini\" \/>\n\t<meta name=\"twitter:label2\" content=\"Est. tempo de leitura\" \/>\n\t<meta name=\"twitter:data2\" content=\"3 minutos\" \/>\n<script type=\"application\/ld+json\" class=\"yoast-schema-graph\">{\"@context\":\"https:\/\/schema.org\",\"@graph\":[{\"@type\":\"NewsArticle\",\"@id\":\"https:\/\/www.suno.com.br\/noticias\/apos-impasse-com-sindicatos-petrobras-cortara-beneficios\/#article\",\"isPartOf\":{\"@id\":\"https:\/\/www.suno.com.br\/noticias\/apos-impasse-com-sindicatos-petrobras-cortara-beneficios\/\"},\"author\":{\"name\":\"Jader Lazarini\",\"@id\":\"https:\/\/www.suno.com.br\/noticias\/#\/schema\/person\/918d79de1f0281f01599b93f9ea6e23f\"},\"headline\":\"Ap\u00f3s impasse com sindicatos, Petrobras cortar\u00e1 benef\u00edcios a funcion\u00e1rios\",\"datePublished\":\"2019-10-02T12:19:09+00:00\",\"mainEntityOfPage\":{\"@id\":\"https:\/\/www.suno.com.br\/noticias\/apos-impasse-com-sindicatos-petrobras-cortara-beneficios\/\"},\"wordCount\":651,\"publisher\":{\"@id\":\"https:\/\/www.suno.com.br\/noticias\/#organization\"},\"image\":{\"@id\":\"https:\/\/www.suno.com.br\/noticias\/apos-impasse-com-sindicatos-petrobras-cortara-beneficios\/#primaryimage\"},\"thumbnailUrl\":\"https:\/\/files.sunoresearch.com.br\/n\/uploads\/2018\/11\/7836f21f-petrobras-jpg.webp\",\"keywords\":[\"Petrobras (PETR4)\",\"reforma trabalhista\",\"TST\"],\"articleSection\":[\"Neg\u00f3cios\"],\"inLanguage\":\"pt-BR\"},{\"@type\":\"WebPage\",\"@id\":\"https:\/\/www.suno.com.br\/noticias\/apos-impasse-com-sindicatos-petrobras-cortara-beneficios\/\",\"url\":\"https:\/\/www.suno.com.br\/noticias\/apos-impasse-com-sindicatos-petrobras-cortara-beneficios\/\",\"name\":\"Ap\u00f3s impasse com sindicatos, Petrobras cortar\u00e1 benef\u00edcios a funcion\u00e1rios\",\"isPartOf\":{\"@id\":\"https:\/\/www.suno.com.br\/noticias\/#website\"},\"primaryImageOfPage\":{\"@id\":\"https:\/\/www.suno.com.br\/noticias\/apos-impasse-com-sindicatos-petrobras-cortara-beneficios\/#primaryimage\"},\"image\":{\"@id\":\"https:\/\/www.suno.com.br\/noticias\/apos-impasse-com-sindicatos-petrobras-cortara-beneficios\/#primaryimage\"},\"thumbnailUrl\":\"https:\/\/files.sunoresearch.com.br\/n\/uploads\/2018\/11\/7836f21f-petrobras-jpg.webp\",\"datePublished\":\"2019-10-02T12:19:09+00:00\",\"description\":\"A Petrobras anunciou a seus empregados que come\u00e7ar\u00e1 a retirar benef\u00edcios e migrar para a legisla\u00e7\u00e3o trabalhista vigente. Clique e saiba mais.\",\"breadcrumb\":{\"@id\":\"https:\/\/www.suno.com.br\/noticias\/apos-impasse-com-sindicatos-petrobras-cortara-beneficios\/#breadcrumb\"},\"inLanguage\":\"pt-BR\",\"potentialAction\":[{\"@type\":\"ReadAction\",\"target\":[\"https:\/\/www.suno.com.br\/noticias\/apos-impasse-com-sindicatos-petrobras-cortara-beneficios\/\"]}]},{\"@type\":\"ImageObject\",\"inLanguage\":\"pt-BR\",\"@id\":\"https:\/\/www.suno.com.br\/noticias\/apos-impasse-com-sindicatos-petrobras-cortara-beneficios\/#primaryimage\",\"url\":\"https:\/\/files.sunoresearch.com.br\/n\/uploads\/2018\/11\/7836f21f-petrobras-jpg.webp\",\"contentUrl\":\"https:\/\/files.sunoresearch.com.br\/n\/uploads\/2018\/11\/7836f21f-petrobras-jpg.webp\",\"width\":1346,\"height\":861,\"caption\":\"Petrobras (PETR4): BNDES reprovou bonifica\u00e7\u00e3o para diretoria, diz jornal\"},{\"@type\":\"BreadcrumbList\",\"@id\":\"https:\/\/www.suno.com.br\/noticias\/apos-impasse-com-sindicatos-petrobras-cortara-beneficios\/#breadcrumb\",\"itemListElement\":[{\"@type\":\"ListItem\",\"position\":1,\"name\":\"Not\u00edcias\",\"item\":\"https:\/\/www.suno.com.br\/noticias\/\"},{\"@type\":\"ListItem\",\"position\":2,\"name\":\"Neg\u00f3cios\",\"item\":\"https:\/\/www.suno.com.br\/noticias\/negocios\/\"},{\"@type\":\"ListItem\",\"position\":3,\"name\":\"Ap\u00f3s impasse com sindicatos, Petrobras cortar\u00e1 benef\u00edcios a funcion\u00e1rios\"}]},{\"@type\":\"WebSite\",\"@id\":\"https:\/\/www.suno.com.br\/noticias\/#website\",\"url\":\"https:\/\/www.suno.com.br\/noticias\/\",\"name\":\"Suno Not\u00edcias\",\"description\":\"Seu portal de informa\u00e7\u00e3o sobre o mundo dos investimentos\",\"publisher\":{\"@id\":\"https:\/\/www.suno.com.br\/noticias\/#organization\"},\"potentialAction\":[{\"@type\":\"SearchAction\",\"target\":{\"@type\":\"EntryPoint\",\"urlTemplate\":\"https:\/\/www.suno.com.br\/noticias\/?s={search_term_string}\"},\"query-input\":{\"@type\":\"PropertyValueSpecification\",\"valueRequired\":true,\"valueName\":\"search_term_string\"}}],\"inLanguage\":\"pt-BR\"},{\"@type\":\"Organization\",\"@id\":\"https:\/\/www.suno.com.br\/noticias\/#organization\",\"name\":\"Suno Not\u00edcias\",\"url\":\"https:\/\/www.suno.com.br\/noticias\/\",\"logo\":{\"@type\":\"ImageObject\",\"inLanguage\":\"pt-BR\",\"@id\":\"https:\/\/www.suno.com.br\/noticias\/#\/schema\/logo\/image\/\",\"url\":\"https:\/\/files.sunoresearch.com.br\/n\/uploads\/2021\/09\/suno-logo.png\",\"contentUrl\":\"https:\/\/files.sunoresearch.com.br\/n\/uploads\/2021\/09\/suno-logo.png\",\"width\":180,\"height\":180,\"caption\":\"Suno Not\u00edcias\"},\"image\":{\"@id\":\"https:\/\/www.suno.com.br\/noticias\/#\/schema\/logo\/image\/\"},\"sameAs\":[\"https:\/\/facebook.com\/sunoresearch\",\"https:\/\/x.com\/sunoresearch\",\"https:\/\/www.instagram.com\/suno\",\"https:\/\/www.linkedin.com\/company\/suno-research\/\",\"https:\/\/www.youtube.com\/c\/sunoresearch\"]},{\"@type\":\"Person\",\"@id\":\"https:\/\/www.suno.com.br\/noticias\/#\/schema\/person\/918d79de1f0281f01599b93f9ea6e23f\",\"name\":\"Jader Lazarini\",\"image\":{\"@type\":\"ImageObject\",\"inLanguage\":\"pt-BR\",\"@id\":\"https:\/\/www.suno.com.br\/noticias\/#\/schema\/person\/image\/\",\"url\":\"https:\/\/secure.gravatar.com\/avatar\/3c1ad8caa51589841baeb923fcddea97?s=96&r=g\",\"contentUrl\":\"https:\/\/secure.gravatar.com\/avatar\/3c1ad8caa51589841baeb923fcddea97?s=96&r=g\",\"caption\":\"Jader Lazarini\"},\"description\":\"Jader Lazarini escreve sobre investimentos, finan\u00e7as, economia e neg\u00f3cios. \u00c9 bacharel em Rela\u00e7\u00f5es Internacionais e analista CNPI (2619).\",\"url\":\"https:\/\/www.suno.com.br\/noticias\/author\/jader-lazarini\/\"}]}<\/script>\n<!-- \/ Yoast SEO plugin. -->","yoast_head_json":{"title":"Ap\u00f3s impasse com sindicatos, Petrobras cortar\u00e1 benef\u00edcios a funcion\u00e1rios","description":"A Petrobras anunciou a seus empregados que come\u00e7ar\u00e1 a retirar benef\u00edcios e migrar para a legisla\u00e7\u00e3o trabalhista vigente. Clique e saiba mais.","robots":{"index":"index","follow":"follow","max-snippet":"max-snippet:-1","max-image-preview":"max-image-preview:large","max-video-preview":"max-video-preview:-1"},"canonical":"https:\/\/www.suno.com.br\/noticias\/apos-impasse-com-sindicatos-petrobras-cortara-beneficios\/","og_locale":"pt_BR","og_type":"article","og_title":"Ap\u00f3s impasse com sindicatos, Petrobras cortar\u00e1 benef\u00edcios a funcion\u00e1rios","og_description":"A Petrobras anunciou a seus empregados que come\u00e7ar\u00e1 a retirar benef\u00edcios e migrar para a legisla\u00e7\u00e3o trabalhista vigente. Clique e saiba mais.","og_url":"https:\/\/www.suno.com.br\/noticias\/apos-impasse-com-sindicatos-petrobras-cortara-beneficios\/","og_site_name":"Suno Not\u00edcias","article_publisher":"https:\/\/facebook.com\/sunoresearch","og_image":[{"width":1346,"height":861,"url":"https:\/\/files.sunoresearch.com.br\/n\/uploads\/2018\/11\/7836f21f-petrobras.jpg","type":"image\/jpeg"}],"author":"Jader Lazarini","twitter_card":"summary_large_image","twitter_creator":"@sunoresearch","twitter_site":"@sunoresearch","twitter_misc":{"Escrito por":"Jader Lazarini","Est. tempo de leitura":"3 minutos"},"schema":{"@context":"https:\/\/schema.org","@graph":[{"@type":"NewsArticle","@id":"https:\/\/www.suno.com.br\/noticias\/apos-impasse-com-sindicatos-petrobras-cortara-beneficios\/#article","isPartOf":{"@id":"https:\/\/www.suno.com.br\/noticias\/apos-impasse-com-sindicatos-petrobras-cortara-beneficios\/"},"author":{"name":"Jader Lazarini","@id":"https:\/\/www.suno.com.br\/noticias\/#\/schema\/person\/918d79de1f0281f01599b93f9ea6e23f"},"headline":"Ap\u00f3s impasse com sindicatos, Petrobras cortar\u00e1 benef\u00edcios a funcion\u00e1rios","datePublished":"2019-10-02T12:19:09+00:00","mainEntityOfPage":{"@id":"https:\/\/www.suno.com.br\/noticias\/apos-impasse-com-sindicatos-petrobras-cortara-beneficios\/"},"wordCount":651,"publisher":{"@id":"https:\/\/www.suno.com.br\/noticias\/#organization"},"image":{"@id":"https:\/\/www.suno.com.br\/noticias\/apos-impasse-com-sindicatos-petrobras-cortara-beneficios\/#primaryimage"},"thumbnailUrl":"https:\/\/files.sunoresearch.com.br\/n\/uploads\/2018\/11\/7836f21f-petrobras-jpg.webp","keywords":["Petrobras (PETR4)","reforma trabalhista","TST"],"articleSection":["Neg\u00f3cios"],"inLanguage":"pt-BR"},{"@type":"WebPage","@id":"https:\/\/www.suno.com.br\/noticias\/apos-impasse-com-sindicatos-petrobras-cortara-beneficios\/","url":"https:\/\/www.suno.com.br\/noticias\/apos-impasse-com-sindicatos-petrobras-cortara-beneficios\/","name":"Ap\u00f3s impasse com sindicatos, Petrobras cortar\u00e1 benef\u00edcios a funcion\u00e1rios","isPartOf":{"@id":"https:\/\/www.suno.com.br\/noticias\/#website"},"primaryImageOfPage":{"@id":"https:\/\/www.suno.com.br\/noticias\/apos-impasse-com-sindicatos-petrobras-cortara-beneficios\/#primaryimage"},"image":{"@id":"https:\/\/www.suno.com.br\/noticias\/apos-impasse-com-sindicatos-petrobras-cortara-beneficios\/#primaryimage"},"thumbnailUrl":"https:\/\/files.sunoresearch.com.br\/n\/uploads\/2018\/11\/7836f21f-petrobras-jpg.webp","datePublished":"2019-10-02T12:19:09+00:00","description":"A Petrobras anunciou a seus empregados que come\u00e7ar\u00e1 a retirar benef\u00edcios e migrar para a legisla\u00e7\u00e3o trabalhista vigente. Clique e saiba mais.","breadcrumb":{"@id":"https:\/\/www.suno.com.br\/noticias\/apos-impasse-com-sindicatos-petrobras-cortara-beneficios\/#breadcrumb"},"inLanguage":"pt-BR","potentialAction":[{"@type":"ReadAction","target":["https:\/\/www.suno.com.br\/noticias\/apos-impasse-com-sindicatos-petrobras-cortara-beneficios\/"]}]},{"@type":"ImageObject","inLanguage":"pt-BR","@id":"https:\/\/www.suno.com.br\/noticias\/apos-impasse-com-sindicatos-petrobras-cortara-beneficios\/#primaryimage","url":"https:\/\/files.sunoresearch.com.br\/n\/uploads\/2018\/11\/7836f21f-petrobras-jpg.webp","contentUrl":"https:\/\/files.sunoresearch.com.br\/n\/uploads\/2018\/11\/7836f21f-petrobras-jpg.webp","width":1346,"height":861,"caption":"Petrobras (PETR4): BNDES reprovou bonifica\u00e7\u00e3o para diretoria, diz jornal"},{"@type":"BreadcrumbList","@id":"https:\/\/www.suno.com.br\/noticias\/apos-impasse-com-sindicatos-petrobras-cortara-beneficios\/#breadcrumb","itemListElement":[{"@type":"ListItem","position":1,"name":"Not\u00edcias","item":"https:\/\/www.suno.com.br\/noticias\/"},{"@type":"ListItem","position":2,"name":"Neg\u00f3cios","item":"https:\/\/www.suno.com.br\/noticias\/negocios\/"},{"@type":"ListItem","position":3,"name":"Ap\u00f3s impasse com sindicatos, Petrobras cortar\u00e1 benef\u00edcios a funcion\u00e1rios"}]},{"@type":"WebSite","@id":"https:\/\/www.suno.com.br\/noticias\/#website","url":"https:\/\/www.suno.com.br\/noticias\/","name":"Suno Not\u00edcias","description":"Seu portal de informa\u00e7\u00e3o sobre o mundo dos investimentos","publisher":{"@id":"https:\/\/www.suno.com.br\/noticias\/#organization"},"potentialAction":[{"@type":"SearchAction","target":{"@type":"EntryPoint","urlTemplate":"https:\/\/www.suno.com.br\/noticias\/?s={search_term_string}"},"query-input":{"@type":"PropertyValueSpecification","valueRequired":true,"valueName":"search_term_string"}}],"inLanguage":"pt-BR"},{"@type":"Organization","@id":"https:\/\/www.suno.com.br\/noticias\/#organization","name":"Suno Not\u00edcias","url":"https:\/\/www.suno.com.br\/noticias\/","logo":{"@type":"ImageObject","inLanguage":"pt-BR","@id":"https:\/\/www.suno.com.br\/noticias\/#\/schema\/logo\/image\/","url":"https:\/\/files.sunoresearch.com.br\/n\/uploads\/2021\/09\/suno-logo.png","contentUrl":"https:\/\/files.sunoresearch.com.br\/n\/uploads\/2021\/09\/suno-logo.png","width":180,"height":180,"caption":"Suno Not\u00edcias"},"image":{"@id":"https:\/\/www.suno.com.br\/noticias\/#\/schema\/logo\/image\/"},"sameAs":["https:\/\/facebook.com\/sunoresearch","https:\/\/x.com\/sunoresearch","https:\/\/www.instagram.com\/suno","https:\/\/www.linkedin.com\/company\/suno-research\/","https:\/\/www.youtube.com\/c\/sunoresearch"]},{"@type":"Person","@id":"https:\/\/www.suno.com.br\/noticias\/#\/schema\/person\/918d79de1f0281f01599b93f9ea6e23f","name":"Jader Lazarini","image":{"@type":"ImageObject","inLanguage":"pt-BR","@id":"https:\/\/www.suno.com.br\/noticias\/#\/schema\/person\/image\/","url":"https:\/\/secure.gravatar.com\/avatar\/3c1ad8caa51589841baeb923fcddea97?s=96&r=g","contentUrl":"https:\/\/secure.gravatar.com\/avatar\/3c1ad8caa51589841baeb923fcddea97?s=96&r=g","caption":"Jader Lazarini"},"description":"Jader Lazarini escreve sobre investimentos, finan\u00e7as, economia e neg\u00f3cios. \u00c9 bacharel em Rela\u00e7\u00f5es Internacionais e analista CNPI (2619).","url":"https:\/\/www.suno.com.br\/noticias\/author\/jader-lazarini\/"}]}},"default_loop_html":"<div class=\"cardsPage__listCard__boxs\"><div class=\"cardsPage__listCard__boxs__img\"><a href=\"https:\/\/www.suno.com.br\/noticias\/apos-impasse-com-sindicatos-petrobras-cortara-beneficios\/\"><img class=\"mask\" src=\"https:\/\/www.suno.com.br\/noticias\/wp-content\/themes\/suno\/resources\/images\/spotlight\/spotlight1img\/bg-mask.png\" alt=\"Image Mask\"\/><img src=\"https:\/\/files.sunoresearch.com.br\/n\/uploads\/2018\/11\/7836f21f-petrobras-400x200.webp\" alt=\"Ap\u00f3s impasse com sindicatos, Petrobras cortar\u00e1 benef\u00edcios a funcion\u00e1rios\"\/><\/a><span class=\"spotlightCategory\"><a href=\"https:\/\/www.suno.com.br\/noticias\/negocios\/\">Neg\u00f3cios<\/a><\/span><\/div><div class=\"cardsPage__listCard__boxs__content\"><a href=\"https:\/\/www.suno.com.br\/noticias\/apos-impasse-com-sindicatos-petrobras-cortara-beneficios\/\"><h2 class=\"content__title\">Ap\u00f3s impasse com sindicatos, Petrobras cortar\u00e1 benef\u00edcios a funcion\u00e1rios<\/h2><\/a><div class=\"newsContent__article__meta\"><div class=\"newsContent__article__meta__authorBox\"><a href=\"https:\/\/www.suno.com.br\/noticias\/author\/jader-lazarini\/\" class=\"authorBox__avatar noMobi\"><img src=\"https:\/\/files.sunoresearch.com.br\/n\/uploads\/2021\/01\/178e6598-foto-perfil-2-150x150.jpg\" alt=\"Jader Lazarini\"><\/a><div class=\"authorBox__name\"><span>por\n\t\t\t<a href=\"https:\/\/www.suno.com.br\/noticias\/author\/jader-lazarini\/\"><span itemprop=\"author\">Jader Lazarini<\/span><\/a><\/span><time datetime=\"2019-10-02T09:19:09-03:00\" itemprop=\"datePublished\">02\/10\/2019 09:19<\/time><\/div><\/div><\/div><\/div><\/div>","single_layout":"posts","amp_enabled":true,"_links":{"self":[{"href":"https:\/\/www.suno.com.br\/noticias\/wp-json\/wp\/v2\/posts\/39585"}],"collection":[{"href":"https:\/\/www.suno.com.br\/noticias\/wp-json\/wp\/v2\/posts"}],"about":[{"href":"https:\/\/www.suno.com.br\/noticias\/wp-json\/wp\/v2\/types\/post"}],"author":[{"embeddable":true,"href":"https:\/\/www.suno.com.br\/noticias\/wp-json\/wp\/v2\/users\/24"}],"replies":[{"embeddable":true,"href":"https:\/\/www.suno.com.br\/noticias\/wp-json\/wp\/v2\/comments?post=39585"}],"version-history":[{"count":0,"href":"https:\/\/www.suno.com.br\/noticias\/wp-json\/wp\/v2\/posts\/39585\/revisions"}],"wp:featuredmedia":[{"embeddable":true,"href":"https:\/\/www.suno.com.br\/noticias\/wp-json\/wp\/v2\/media\/7316"}],"wp:attachment":[{"href":"https:\/\/www.suno.com.br\/noticias\/wp-json\/wp\/v2\/media?parent=39585"}],"wp:term":[{"taxonomy":"category","embeddable":true,"href":"https:\/\/www.suno.com.br\/noticias\/wp-json\/wp\/v2\/categories?post=39585"},{"taxonomy":"post_tag","embeddable":true,"href":"https:\/\/www.suno.com.br\/noticias\/wp-json\/wp\/v2\/tags?post=39585"},{"taxonomy":"suno_strategy","embeddable":true,"href":"https:\/\/www.suno.com.br\/noticias\/wp-json\/wp\/v2\/suno_strategy?post=39585"}],"curies":[{"name":"wp","href":"https:\/\/api.w.org\/{rel}","templated":true}]}}