{"id":39580,"date":"2019-10-02T08:26:36","date_gmt":"2019-10-02T11:26:36","guid":{"rendered":"https:\/\/www.suno.com.br\/noticias\/?p=39580"},"modified":"2019-10-02T09:03:27","modified_gmt":"2019-10-02T12:03:27","slug":"reforma-da-previdencia-texto-base-aprovado-em-1o-turno","status":"publish","type":"post","link":"https:\/\/www.suno.com.br\/noticias\/reforma-da-previdencia-texto-base-aprovado-em-1o-turno\/","title":{"rendered":"Reforma da Previd\u00eancia: texto-base \u00e9 aprovado em 1\u00ba turno no Senado"},"content":{"rendered":"<p>Na noite da \u00faltima ter\u00e7a-feira (1), o texto-base da <strong>Proposta de Emenda a Constitui\u00e7\u00e3o (PEC)<\/strong> da reforma da Previd\u00eancia foi aprovado. Em 1\u00ba turno, o Senado aprovou por 56 votos a 19.<\/p>\t<div class=\"wrapper-featured-image\">\n\t\t<figure class=\"spotlightImg\">\n\n\t\t\t<picture>\n\t\t\t\t<source media=\"(max-width: 768px)\" srcset=\"https:\/\/files.sunoresearch.com.br\/n\/uploads\/2019\/08\/f83a7260-senado-400x200.webp\">\n\t\t\t\t<img loading=\"lazy\" decoding=\"async\" class=\"newsContent__article__imgCapa lazyloadDisabled newsContent__article__imgCapa--noCaption\" src=\"https:\/\/files.sunoresearch.com.br\/n\/uploads\/2019\/08\/f83a7260-senado-800x450.webp\" width=\"800\" height=\"450\" alt=\"Reforma da Previd\u00eancia: texto-base \u00e9 aprovado em 1\u00ba turno no Senado\" fetchpriority=high \/>\n\t\t\t<\/picture>\n\n\t\t\t<figcaption class=\"wp-caption-text wp-caption-text--hide\">Serasa: Projeto quer proibir novos nomes sujos em 2020<\/figcaption>\n\t\t<\/figure>\n\t<\/div>\n\n\n\n<p>Ap\u00f3s a vota\u00e7\u00e3o de tr\u00eas destaques, os senadores suspenderam a sess\u00e3o e decidiram votar os destaques pendentes em uma sess\u00e3o extraordin\u00e1ria, que acontecer\u00e1 nesta quarta-feira (2), \u00e0s 11h. Ap\u00f3s a an\u00e1lise de todos os destaques, a vota\u00e7\u00e3o da<strong> reforma da Previd\u00eancia<\/strong> em primeiro turno ser\u00e1 conclu\u00edda.<\/p>\n<p><a href=\"https:\/\/www.suno.com.br\/noticias\/brasil-perfil-fiscal-fraco-america-latina-moodys\/\">Veja tamb\u00e9m: Brasil ter\u00e1 um dos perfis fiscais mais fracos da Am\u00e9rica Latina, diz Moody\u2019s<\/a><\/p>\n<p>Os senadores pr\u00f3-reforma s\u00e3o contra os destaques que alterem a base do texto que j\u00e1 foi aprovado pela C\u00e2mara dos Deputados. Essas mudan\u00e7as poderiam fazer com que a <strong>PEC<\/strong> voltasse para uma nova an\u00e1lise pelos deputados, atrasando a processo de aprova\u00e7\u00e3o da reforma.<\/p>\n<p>Os congressistas esperavam que todos os destaques fossem rejeitados, entretanto, um dos tr\u00eas votados na noite da \u00faltima ter\u00e7a, foi aprovado. O destaque sobre o <a href=\"https:\/\/www.suno.com.br\/noticias\/reforma-da-previdencia-economia-abono-salarial-800-76\/\"><strong>abono salarial<\/strong><\/a> fez com que o item permanecesse na lei atual. Dos 49 votos necess\u00e1rios para a rejei\u00e7\u00e3o do destaque, apenas 42 foram \u00e0 favor da n\u00e3o aprova\u00e7\u00e3o da altera\u00e7\u00e3o na reforma da Previd\u00eancia. No entanto, tratando-se de uma supress\u00e3o, n\u00e3o exigir\u00e1 a volta do processo para a C\u00e2mara.<\/p>\n<h2>2\u00ba turno da reforma da Previd\u00eancia ser\u00e1 votado na semana que vem<\/h2>\n<p>Ap\u00f3s o encerramento da sess\u00e3o extraordin\u00e1rio da manh\u00e3 desta quarta-feira, a PEC ir\u00e1 passar pelo segundo turno de vota\u00e7\u00e3o, previsto para a pr\u00f3xima semana. A proposta dever\u00e1 ser votada por ao menos 49 votos favor\u00e1veis para que a altera\u00e7\u00e3o na Constitui\u00e7\u00e3o se confirme.<\/p>\n\t<p>\n\t\t<a href=\"https:\/\/lp.suno.com.br\/ao\/servico-especializado-suno-tf\/?utm_source=adwords&#038;utm_medium=search&#038;utm_campaign=search.servico.funilconsultoria&#038;utm_content=1147_responsivo-a&#038;hsa_acc=2326072784&#038;hsa_cam=18022897917&#038;hsa_grp=141470255993&#038;hsa_ad=616145467912&#038;hsa_src=g&#038;hsa_tgt=kwd-303658942458&#038;hsa_kw=gestora+de+investimentos&#038;hsa_mt=b&#038;hsa_net=adwords&#038;hsa_ver=3&#038;gad_source=1&#038;gclid=CjwKCAjw1emzBhB8EiwAHwZZxQMvA3xJVRzLGZ70LmuSzR55X-KvxijSay8c5Hm88Sznnq97j8XbORoC-sMQAvD_BwE\" target=\"_blank\" data-element=\"shortcode-suno-banner\" title=\"Banner SUNO, clique e saiba mais\">\n\t\t\t<picture>\n\t\t\t\t<source media=\"(max-width: 500px)\" srcset=\"https:\/\/files.sunoresearch.com.br\/n\/uploads\/2024\/06\/400x300-Mobile-Artigos-5.png\">\n\t\t\t\t<img class=\"newsContent__article__imgCapa newsContent__article__imgCapa--banner\"\n\t\t\t\t\tsrc=\"https:\/\/files.sunoresearch.com.br\/n\/uploads\/2024\/06\/1420x240-Banner-Artigos-1-_-Banner-Materias-3.png\"\n\t\t\t\t\tdata-promo-id=\"563605\"\t\t\t\t\t\t\t\t\t\twidth='1420' height='240'\t\t\t\t\talt=\"https:\/\/files.sunoresearch.com.br\/n\/uploads\/2024\/06\/1420x240-Banner-Artigos-1-_-Banner-Materias-3.png\"\n\t\t\t\t>\n\t\t\t<\/picture>\n\t\t<\/a>\n\t<\/p>\n\n\n<p>Caso seja aprovada, a reforma da Previd\u00eancia ser\u00e1 a maior mudan\u00e7a na <strong>Constitui\u00e7\u00e3o<\/strong> desde quando foi promulgada, em 1988.<\/p>\n<p>Inicialmente, em fevereiro, o governo afirmou que o texto encaminhado ao Congresso iria gerar uma economia de mais de R$ 1 trilh\u00e3o em 10 anos. Ap\u00f3s as altera\u00e7\u00f5es do texto na C\u00e2mara, o montante caiu para aproximadamente R$ 930 bilh\u00f5es. Segundo a equipe econ\u00f4mica do governo, no Senado, a reforma ainda foi desidratada e chegou a R$ 876 bilh\u00f5es em economia.<\/p>\n<p>Antes da discuss\u00e3o da reforma da Previd\u00eancia em plen\u00e1rio que durou aproximadamente quatro horas na \u00faltima ter\u00e7a, a <a href=\"https:\/\/www.suno.com.br\/noticias\/ccj-aprova-reforma-previdencia-17-votos-9\/\">proposta<\/a> passou pela <strong>Comiss\u00e3o de Constitui\u00e7\u00e3o e Justi\u00e7a (CCJ)<\/strong> do Senado.<\/p>\n<p><a href=\"https:\/\/www.suno.com.br\/noticias\/producao-industrial-registra-melhor-agosto-ultimos-5-anos\/\">Confira: Produ\u00e7\u00e3o industrial registra melhor agosto dos \u00faltimos 5 anos<\/a><\/p>\n<div class=\"mc-column content-text active-extra-styles \" data-block-type=\"unstyled\" data-block-weight=\"24\" data-block-id=\"23\">\n<p class=\"content-text__container \" data-track-category=\"Link no Texto\" data-track-links=\"\">Relator da proposta, <strong>Tasso Jereissati<\/strong> (PSDB-CE) disse em seu parecer que \u201co impacto fiscal da reforma\u201d chegou ao Senado \u201cconcentrado naqueles que ganham mais\u201d.<\/p>\n<\/div>\n<div class=\"mc-column content-text active-extra-styles \" data-block-type=\"unstyled\" data-block-weight=\"45\" data-block-id=\"24\">\n<p class=\"content-text__container \" data-track-category=\"Link no Texto\" data-track-links=\"\">\u201cO impacto por segurado da <strong>reforma da Previd\u00eancia<\/strong> \u00e9 sete vezes maior para os servidores p\u00fablicos do que para os trabalhadores no INSS que ganham at\u00e9 dois sal\u00e1rios m\u00ednimos \u2013 na conta do pesquisador Carlos G\u00f3es, da Universidade da Calif\u00f3rnia, em San Diego\u201d, mencionou Tasso em seu relat\u00f3rio.<\/p>\n<\/div>\n","protected":false},"excerpt":{"rendered":"<p>Na noite da \u00faltima ter\u00e7a-feira (1), o texto-base da Proposta de Emenda a Constitui\u00e7\u00e3o (PEC) da reforma da Previd\u00eancia foi aprovado. Em 1\u00ba turno, o Senado aprovou por 56 votos a 19. Serasa: Projeto quer proibir novos nomes sujos em 2020 Ap\u00f3s a vota\u00e7\u00e3o de tr\u00eas destaques, os senadores suspenderam a sess\u00e3o e decidiram votar [&hellip;]<\/p>\n","protected":false},"author":24,"featured_media":34891,"comment_status":"closed","ping_status":"closed","sticky":false,"template":"","format":"standard","meta":[],"categories":[61],"tags":[940],"suno_strategy":[],"class_list":["post-39580","post","type-post","status-publish","format-standard","has-post-thumbnail","hentry","category-politica","tag-reforma-da-previdencia"],"yoast_head":"<!-- This site is optimized with the Yoast SEO plugin v24.4 - https:\/\/yoast.com\/wordpress\/plugins\/seo\/ -->\n<title>Reforma da Previd\u00eancia: texto-base \u00e9 aprovado em 1\u00ba turno no Senado<\/title>\n<meta name=\"description\" content=\"Na noite da \u00faltima ter\u00e7a-feira (1), o texto-base da PEC da reforma da Previd\u00eancia foi aprovado em 1\u00ba turno no Senado. Saiba mais.\" \/>\n<meta name=\"robots\" content=\"index, follow, max-snippet:-1, max-image-preview:large, max-video-preview:-1\" \/>\n<link rel=\"canonical\" href=\"https:\/\/www.suno.com.br\/noticias\/reforma-da-previdencia-texto-base-aprovado-em-1o-turno\/\" \/>\n<meta property=\"og:locale\" content=\"pt_BR\" \/>\n<meta property=\"og:type\" content=\"article\" \/>\n<meta property=\"og:title\" content=\"Reforma da Previd\u00eancia: texto-base \u00e9 aprovado em 1\u00ba turno no Senado\" \/>\n<meta property=\"og:description\" content=\"Na noite da \u00faltima ter\u00e7a-feira (1), o texto-base da PEC da reforma da Previd\u00eancia foi aprovado em 1\u00ba turno no Senado. Saiba mais.\" \/>\n<meta property=\"og:url\" content=\"https:\/\/www.suno.com.br\/noticias\/reforma-da-previdencia-texto-base-aprovado-em-1o-turno\/\" \/>\n<meta property=\"og:site_name\" content=\"Suno Not\u00edcias\" \/>\n<meta property=\"article:publisher\" content=\"https:\/\/facebook.com\/sunoresearch\" \/>\n<meta property=\"og:image\" content=\"https:\/\/files.sunoresearch.com.br\/n\/uploads\/2019\/08\/f83a7260-senado.jpg\" \/>\n\t<meta property=\"og:image:width\" content=\"2662\" \/>\n\t<meta property=\"og:image:height\" content=\"1772\" \/>\n\t<meta property=\"og:image:type\" content=\"image\/jpeg\" \/>\n<meta name=\"author\" content=\"Jader Lazarini\" \/>\n<meta name=\"twitter:card\" content=\"summary_large_image\" \/>\n<meta name=\"twitter:creator\" content=\"@sunoresearch\" \/>\n<meta name=\"twitter:site\" content=\"@sunoresearch\" \/>\n<meta name=\"twitter:label1\" content=\"Escrito por\" \/>\n\t<meta name=\"twitter:data1\" content=\"Jader Lazarini\" \/>\n\t<meta name=\"twitter:label2\" content=\"Est. tempo de leitura\" \/>\n\t<meta name=\"twitter:data2\" content=\"3 minutos\" \/>\n<script type=\"application\/ld+json\" class=\"yoast-schema-graph\">{\"@context\":\"https:\/\/schema.org\",\"@graph\":[{\"@type\":\"NewsArticle\",\"@id\":\"https:\/\/www.suno.com.br\/noticias\/reforma-da-previdencia-texto-base-aprovado-em-1o-turno\/#article\",\"isPartOf\":{\"@id\":\"https:\/\/www.suno.com.br\/noticias\/reforma-da-previdencia-texto-base-aprovado-em-1o-turno\/\"},\"author\":{\"name\":\"Jader Lazarini\",\"@id\":\"https:\/\/www.suno.com.br\/noticias\/#\/schema\/person\/918d79de1f0281f01599b93f9ea6e23f\"},\"headline\":\"Reforma da Previd\u00eancia: texto-base \u00e9 aprovado em 1\u00ba turno no Senado\",\"datePublished\":\"2019-10-02T11:26:36+00:00\",\"dateModified\":\"2019-10-02T12:03:27+00:00\",\"mainEntityOfPage\":{\"@id\":\"https:\/\/www.suno.com.br\/noticias\/reforma-da-previdencia-texto-base-aprovado-em-1o-turno\/\"},\"wordCount\":521,\"publisher\":{\"@id\":\"https:\/\/www.suno.com.br\/noticias\/#organization\"},\"image\":{\"@id\":\"https:\/\/www.suno.com.br\/noticias\/reforma-da-previdencia-texto-base-aprovado-em-1o-turno\/#primaryimage\"},\"thumbnailUrl\":\"https:\/\/files.sunoresearch.com.br\/n\/uploads\/2019\/08\/f83a7260-senado-scaled.webp\",\"keywords\":[\"Reforma da Previd\u00eancia\"],\"articleSection\":[\"Pol\u00edtica\"],\"inLanguage\":\"pt-BR\"},{\"@type\":\"WebPage\",\"@id\":\"https:\/\/www.suno.com.br\/noticias\/reforma-da-previdencia-texto-base-aprovado-em-1o-turno\/\",\"url\":\"https:\/\/www.suno.com.br\/noticias\/reforma-da-previdencia-texto-base-aprovado-em-1o-turno\/\",\"name\":\"Reforma da Previd\u00eancia: texto-base \u00e9 aprovado em 1\u00ba turno no Senado\",\"isPartOf\":{\"@id\":\"https:\/\/www.suno.com.br\/noticias\/#website\"},\"primaryImageOfPage\":{\"@id\":\"https:\/\/www.suno.com.br\/noticias\/reforma-da-previdencia-texto-base-aprovado-em-1o-turno\/#primaryimage\"},\"image\":{\"@id\":\"https:\/\/www.suno.com.br\/noticias\/reforma-da-previdencia-texto-base-aprovado-em-1o-turno\/#primaryimage\"},\"thumbnailUrl\":\"https:\/\/files.sunoresearch.com.br\/n\/uploads\/2019\/08\/f83a7260-senado-scaled.webp\",\"datePublished\":\"2019-10-02T11:26:36+00:00\",\"dateModified\":\"2019-10-02T12:03:27+00:00\",\"description\":\"Na noite da \u00faltima ter\u00e7a-feira (1), o texto-base da PEC da reforma da Previd\u00eancia foi aprovado em 1\u00ba turno no Senado. Saiba mais.\",\"breadcrumb\":{\"@id\":\"https:\/\/www.suno.com.br\/noticias\/reforma-da-previdencia-texto-base-aprovado-em-1o-turno\/#breadcrumb\"},\"inLanguage\":\"pt-BR\",\"potentialAction\":[{\"@type\":\"ReadAction\",\"target\":[\"https:\/\/www.suno.com.br\/noticias\/reforma-da-previdencia-texto-base-aprovado-em-1o-turno\/\"]}]},{\"@type\":\"ImageObject\",\"inLanguage\":\"pt-BR\",\"@id\":\"https:\/\/www.suno.com.br\/noticias\/reforma-da-previdencia-texto-base-aprovado-em-1o-turno\/#primaryimage\",\"url\":\"https:\/\/files.sunoresearch.com.br\/n\/uploads\/2019\/08\/f83a7260-senado-scaled.webp\",\"contentUrl\":\"https:\/\/files.sunoresearch.com.br\/n\/uploads\/2019\/08\/f83a7260-senado-scaled.webp\",\"width\":2560,\"height\":1704,\"caption\":\"Serasa: Projeto quer proibir novos nomes sujos em 2020\"},{\"@type\":\"BreadcrumbList\",\"@id\":\"https:\/\/www.suno.com.br\/noticias\/reforma-da-previdencia-texto-base-aprovado-em-1o-turno\/#breadcrumb\",\"itemListElement\":[{\"@type\":\"ListItem\",\"position\":1,\"name\":\"Not\u00edcias\",\"item\":\"https:\/\/www.suno.com.br\/noticias\/\"},{\"@type\":\"ListItem\",\"position\":2,\"name\":\"Pol\u00edtica\",\"item\":\"https:\/\/www.suno.com.br\/noticias\/politica\/\"},{\"@type\":\"ListItem\",\"position\":3,\"name\":\"Reforma da Previd\u00eancia: texto-base \u00e9 aprovado em 1\u00ba turno no Senado\"}]},{\"@type\":\"WebSite\",\"@id\":\"https:\/\/www.suno.com.br\/noticias\/#website\",\"url\":\"https:\/\/www.suno.com.br\/noticias\/\",\"name\":\"Suno Not\u00edcias\",\"description\":\"Seu portal de informa\u00e7\u00e3o sobre o mundo dos investimentos\",\"publisher\":{\"@id\":\"https:\/\/www.suno.com.br\/noticias\/#organization\"},\"potentialAction\":[{\"@type\":\"SearchAction\",\"target\":{\"@type\":\"EntryPoint\",\"urlTemplate\":\"https:\/\/www.suno.com.br\/noticias\/?s={search_term_string}\"},\"query-input\":{\"@type\":\"PropertyValueSpecification\",\"valueRequired\":true,\"valueName\":\"search_term_string\"}}],\"inLanguage\":\"pt-BR\"},{\"@type\":\"Organization\",\"@id\":\"https:\/\/www.suno.com.br\/noticias\/#organization\",\"name\":\"Suno Not\u00edcias\",\"url\":\"https:\/\/www.suno.com.br\/noticias\/\",\"logo\":{\"@type\":\"ImageObject\",\"inLanguage\":\"pt-BR\",\"@id\":\"https:\/\/www.suno.com.br\/noticias\/#\/schema\/logo\/image\/\",\"url\":\"https:\/\/files.sunoresearch.com.br\/n\/uploads\/2021\/09\/suno-logo.png\",\"contentUrl\":\"https:\/\/files.sunoresearch.com.br\/n\/uploads\/2021\/09\/suno-logo.png\",\"width\":180,\"height\":180,\"caption\":\"Suno Not\u00edcias\"},\"image\":{\"@id\":\"https:\/\/www.suno.com.br\/noticias\/#\/schema\/logo\/image\/\"},\"sameAs\":[\"https:\/\/facebook.com\/sunoresearch\",\"https:\/\/x.com\/sunoresearch\",\"https:\/\/www.instagram.com\/suno\",\"https:\/\/www.linkedin.com\/company\/suno-research\/\",\"https:\/\/www.youtube.com\/c\/sunoresearch\"]},{\"@type\":\"Person\",\"@id\":\"https:\/\/www.suno.com.br\/noticias\/#\/schema\/person\/918d79de1f0281f01599b93f9ea6e23f\",\"name\":\"Jader Lazarini\",\"image\":{\"@type\":\"ImageObject\",\"inLanguage\":\"pt-BR\",\"@id\":\"https:\/\/www.suno.com.br\/noticias\/#\/schema\/person\/image\/\",\"url\":\"https:\/\/secure.gravatar.com\/avatar\/3c1ad8caa51589841baeb923fcddea97?s=96&r=g\",\"contentUrl\":\"https:\/\/secure.gravatar.com\/avatar\/3c1ad8caa51589841baeb923fcddea97?s=96&r=g\",\"caption\":\"Jader Lazarini\"},\"description\":\"Jader Lazarini escreve sobre investimentos, finan\u00e7as, economia e neg\u00f3cios. \u00c9 bacharel em Rela\u00e7\u00f5es Internacionais e analista CNPI (2619).\",\"url\":\"https:\/\/www.suno.com.br\/noticias\/author\/jader-lazarini\/\"}]}<\/script>\n<!-- \/ Yoast SEO plugin. -->","yoast_head_json":{"title":"Reforma da Previd\u00eancia: texto-base \u00e9 aprovado em 1\u00ba turno no Senado","description":"Na noite da \u00faltima ter\u00e7a-feira (1), o texto-base da PEC da reforma da Previd\u00eancia foi aprovado em 1\u00ba turno no Senado. Saiba mais.","robots":{"index":"index","follow":"follow","max-snippet":"max-snippet:-1","max-image-preview":"max-image-preview:large","max-video-preview":"max-video-preview:-1"},"canonical":"https:\/\/www.suno.com.br\/noticias\/reforma-da-previdencia-texto-base-aprovado-em-1o-turno\/","og_locale":"pt_BR","og_type":"article","og_title":"Reforma da Previd\u00eancia: texto-base \u00e9 aprovado em 1\u00ba turno no Senado","og_description":"Na noite da \u00faltima ter\u00e7a-feira (1), o texto-base da PEC da reforma da Previd\u00eancia foi aprovado em 1\u00ba turno no Senado. Saiba mais.","og_url":"https:\/\/www.suno.com.br\/noticias\/reforma-da-previdencia-texto-base-aprovado-em-1o-turno\/","og_site_name":"Suno Not\u00edcias","article_publisher":"https:\/\/facebook.com\/sunoresearch","og_image":[{"width":2662,"height":1772,"url":"https:\/\/files.sunoresearch.com.br\/n\/uploads\/2019\/08\/f83a7260-senado.jpg","type":"image\/jpeg"}],"author":"Jader Lazarini","twitter_card":"summary_large_image","twitter_creator":"@sunoresearch","twitter_site":"@sunoresearch","twitter_misc":{"Escrito por":"Jader Lazarini","Est. tempo de leitura":"3 minutos"},"schema":{"@context":"https:\/\/schema.org","@graph":[{"@type":"NewsArticle","@id":"https:\/\/www.suno.com.br\/noticias\/reforma-da-previdencia-texto-base-aprovado-em-1o-turno\/#article","isPartOf":{"@id":"https:\/\/www.suno.com.br\/noticias\/reforma-da-previdencia-texto-base-aprovado-em-1o-turno\/"},"author":{"name":"Jader Lazarini","@id":"https:\/\/www.suno.com.br\/noticias\/#\/schema\/person\/918d79de1f0281f01599b93f9ea6e23f"},"headline":"Reforma da Previd\u00eancia: texto-base \u00e9 aprovado em 1\u00ba turno no Senado","datePublished":"2019-10-02T11:26:36+00:00","dateModified":"2019-10-02T12:03:27+00:00","mainEntityOfPage":{"@id":"https:\/\/www.suno.com.br\/noticias\/reforma-da-previdencia-texto-base-aprovado-em-1o-turno\/"},"wordCount":521,"publisher":{"@id":"https:\/\/www.suno.com.br\/noticias\/#organization"},"image":{"@id":"https:\/\/www.suno.com.br\/noticias\/reforma-da-previdencia-texto-base-aprovado-em-1o-turno\/#primaryimage"},"thumbnailUrl":"https:\/\/files.sunoresearch.com.br\/n\/uploads\/2019\/08\/f83a7260-senado-scaled.webp","keywords":["Reforma da Previd\u00eancia"],"articleSection":["Pol\u00edtica"],"inLanguage":"pt-BR"},{"@type":"WebPage","@id":"https:\/\/www.suno.com.br\/noticias\/reforma-da-previdencia-texto-base-aprovado-em-1o-turno\/","url":"https:\/\/www.suno.com.br\/noticias\/reforma-da-previdencia-texto-base-aprovado-em-1o-turno\/","name":"Reforma da Previd\u00eancia: texto-base \u00e9 aprovado em 1\u00ba turno no Senado","isPartOf":{"@id":"https:\/\/www.suno.com.br\/noticias\/#website"},"primaryImageOfPage":{"@id":"https:\/\/www.suno.com.br\/noticias\/reforma-da-previdencia-texto-base-aprovado-em-1o-turno\/#primaryimage"},"image":{"@id":"https:\/\/www.suno.com.br\/noticias\/reforma-da-previdencia-texto-base-aprovado-em-1o-turno\/#primaryimage"},"thumbnailUrl":"https:\/\/files.sunoresearch.com.br\/n\/uploads\/2019\/08\/f83a7260-senado-scaled.webp","datePublished":"2019-10-02T11:26:36+00:00","dateModified":"2019-10-02T12:03:27+00:00","description":"Na noite da \u00faltima ter\u00e7a-feira (1), o texto-base da PEC da reforma da Previd\u00eancia foi aprovado em 1\u00ba turno no Senado. Saiba mais.","breadcrumb":{"@id":"https:\/\/www.suno.com.br\/noticias\/reforma-da-previdencia-texto-base-aprovado-em-1o-turno\/#breadcrumb"},"inLanguage":"pt-BR","potentialAction":[{"@type":"ReadAction","target":["https:\/\/www.suno.com.br\/noticias\/reforma-da-previdencia-texto-base-aprovado-em-1o-turno\/"]}]},{"@type":"ImageObject","inLanguage":"pt-BR","@id":"https:\/\/www.suno.com.br\/noticias\/reforma-da-previdencia-texto-base-aprovado-em-1o-turno\/#primaryimage","url":"https:\/\/files.sunoresearch.com.br\/n\/uploads\/2019\/08\/f83a7260-senado-scaled.webp","contentUrl":"https:\/\/files.sunoresearch.com.br\/n\/uploads\/2019\/08\/f83a7260-senado-scaled.webp","width":2560,"height":1704,"caption":"Serasa: Projeto quer proibir novos nomes sujos em 2020"},{"@type":"BreadcrumbList","@id":"https:\/\/www.suno.com.br\/noticias\/reforma-da-previdencia-texto-base-aprovado-em-1o-turno\/#breadcrumb","itemListElement":[{"@type":"ListItem","position":1,"name":"Not\u00edcias","item":"https:\/\/www.suno.com.br\/noticias\/"},{"@type":"ListItem","position":2,"name":"Pol\u00edtica","item":"https:\/\/www.suno.com.br\/noticias\/politica\/"},{"@type":"ListItem","position":3,"name":"Reforma da Previd\u00eancia: texto-base \u00e9 aprovado em 1\u00ba turno no Senado"}]},{"@type":"WebSite","@id":"https:\/\/www.suno.com.br\/noticias\/#website","url":"https:\/\/www.suno.com.br\/noticias\/","name":"Suno Not\u00edcias","description":"Seu portal de informa\u00e7\u00e3o sobre o mundo dos investimentos","publisher":{"@id":"https:\/\/www.suno.com.br\/noticias\/#organization"},"potentialAction":[{"@type":"SearchAction","target":{"@type":"EntryPoint","urlTemplate":"https:\/\/www.suno.com.br\/noticias\/?s={search_term_string}"},"query-input":{"@type":"PropertyValueSpecification","valueRequired":true,"valueName":"search_term_string"}}],"inLanguage":"pt-BR"},{"@type":"Organization","@id":"https:\/\/www.suno.com.br\/noticias\/#organization","name":"Suno Not\u00edcias","url":"https:\/\/www.suno.com.br\/noticias\/","logo":{"@type":"ImageObject","inLanguage":"pt-BR","@id":"https:\/\/www.suno.com.br\/noticias\/#\/schema\/logo\/image\/","url":"https:\/\/files.sunoresearch.com.br\/n\/uploads\/2021\/09\/suno-logo.png","contentUrl":"https:\/\/files.sunoresearch.com.br\/n\/uploads\/2021\/09\/suno-logo.png","width":180,"height":180,"caption":"Suno Not\u00edcias"},"image":{"@id":"https:\/\/www.suno.com.br\/noticias\/#\/schema\/logo\/image\/"},"sameAs":["https:\/\/facebook.com\/sunoresearch","https:\/\/x.com\/sunoresearch","https:\/\/www.instagram.com\/suno","https:\/\/www.linkedin.com\/company\/suno-research\/","https:\/\/www.youtube.com\/c\/sunoresearch"]},{"@type":"Person","@id":"https:\/\/www.suno.com.br\/noticias\/#\/schema\/person\/918d79de1f0281f01599b93f9ea6e23f","name":"Jader Lazarini","image":{"@type":"ImageObject","inLanguage":"pt-BR","@id":"https:\/\/www.suno.com.br\/noticias\/#\/schema\/person\/image\/","url":"https:\/\/secure.gravatar.com\/avatar\/3c1ad8caa51589841baeb923fcddea97?s=96&r=g","contentUrl":"https:\/\/secure.gravatar.com\/avatar\/3c1ad8caa51589841baeb923fcddea97?s=96&r=g","caption":"Jader Lazarini"},"description":"Jader Lazarini escreve sobre investimentos, finan\u00e7as, economia e neg\u00f3cios. \u00c9 bacharel em Rela\u00e7\u00f5es Internacionais e analista CNPI (2619).","url":"https:\/\/www.suno.com.br\/noticias\/author\/jader-lazarini\/"}]}},"default_loop_html":"<div class=\"cardsPage__listCard__boxs\"><div class=\"cardsPage__listCard__boxs__img\"><a href=\"https:\/\/www.suno.com.br\/noticias\/reforma-da-previdencia-texto-base-aprovado-em-1o-turno\/\"><img class=\"mask\" src=\"https:\/\/www.suno.com.br\/noticias\/wp-content\/themes\/suno\/resources\/images\/spotlight\/spotlight1img\/bg-mask.png\" alt=\"Image Mask\"\/><img src=\"https:\/\/files.sunoresearch.com.br\/n\/uploads\/2019\/08\/f83a7260-senado-400x200.webp\" alt=\"Reforma da Previd\u00eancia: texto-base \u00e9 aprovado em 1\u00ba turno no Senado\"\/><\/a><span class=\"spotlightCategory\"><a href=\"https:\/\/www.suno.com.br\/noticias\/politica\/\">Pol\u00edtica<\/a><\/span><\/div><div class=\"cardsPage__listCard__boxs__content\"><a href=\"https:\/\/www.suno.com.br\/noticias\/reforma-da-previdencia-texto-base-aprovado-em-1o-turno\/\"><h2 class=\"content__title\">Reforma da Previd\u00eancia: texto-base \u00e9 aprovado em 1\u00ba turno no Senado<\/h2><\/a><div class=\"newsContent__article__meta\"><div class=\"newsContent__article__meta__authorBox\"><a href=\"https:\/\/www.suno.com.br\/noticias\/author\/jader-lazarini\/\" class=\"authorBox__avatar noMobi\"><img src=\"https:\/\/files.sunoresearch.com.br\/n\/uploads\/2021\/01\/178e6598-foto-perfil-2-150x150.jpg\" alt=\"Jader Lazarini\"><\/a><div class=\"authorBox__name\"><span>por\n\t\t\t<a href=\"https:\/\/www.suno.com.br\/noticias\/author\/jader-lazarini\/\"><span itemprop=\"author\">Jader Lazarini<\/span><\/a><\/span><time datetime=\"2019-10-02T08:26:36-03:00\" itemprop=\"datePublished\">02\/10\/2019 08:26<\/time><\/div><\/div><\/div><\/div><\/div>","single_layout":"posts","amp_enabled":true,"_links":{"self":[{"href":"https:\/\/www.suno.com.br\/noticias\/wp-json\/wp\/v2\/posts\/39580"}],"collection":[{"href":"https:\/\/www.suno.com.br\/noticias\/wp-json\/wp\/v2\/posts"}],"about":[{"href":"https:\/\/www.suno.com.br\/noticias\/wp-json\/wp\/v2\/types\/post"}],"author":[{"embeddable":true,"href":"https:\/\/www.suno.com.br\/noticias\/wp-json\/wp\/v2\/users\/24"}],"replies":[{"embeddable":true,"href":"https:\/\/www.suno.com.br\/noticias\/wp-json\/wp\/v2\/comments?post=39580"}],"version-history":[{"count":0,"href":"https:\/\/www.suno.com.br\/noticias\/wp-json\/wp\/v2\/posts\/39580\/revisions"}],"wp:featuredmedia":[{"embeddable":true,"href":"https:\/\/www.suno.com.br\/noticias\/wp-json\/wp\/v2\/media\/34891"}],"wp:attachment":[{"href":"https:\/\/www.suno.com.br\/noticias\/wp-json\/wp\/v2\/media?parent=39580"}],"wp:term":[{"taxonomy":"category","embeddable":true,"href":"https:\/\/www.suno.com.br\/noticias\/wp-json\/wp\/v2\/categories?post=39580"},{"taxonomy":"post_tag","embeddable":true,"href":"https:\/\/www.suno.com.br\/noticias\/wp-json\/wp\/v2\/tags?post=39580"},{"taxonomy":"suno_strategy","embeddable":true,"href":"https:\/\/www.suno.com.br\/noticias\/wp-json\/wp\/v2\/suno_strategy?post=39580"}],"curies":[{"name":"wp","href":"https:\/\/api.w.org\/{rel}","templated":true}]}}