{"id":39576,"date":"2019-10-01T21:11:42","date_gmt":"2019-10-02T00:11:42","guid":{"rendered":"https:\/\/www.suno.com.br\/noticias\/?p=39576"},"modified":"2019-10-01T21:11:42","modified_gmt":"2019-10-02T00:11:42","slug":"notredame-intermedica-adquire-sao-lucas-saude","status":"publish","type":"post","link":"https:\/\/www.suno.com.br\/noticias\/notredame-intermedica-adquire-sao-lucas-saude\/","title":{"rendered":"NotreDame Interm\u00e9dica adquire S\u00e3o Lucas Sa\u00fade por R$ 312 mi"},"content":{"rendered":"<p>A companhia de planos de sa\u00fade Notre Dame Interm\u00e9dica (GNDI3) comunicou nesta ter\u00e7a-feira (01) que fechou o acordo para aquisi\u00e7\u00e3o da <strong>S\u00e3o Lucas Sa\u00fade,<\/strong> que atua na cidade de Americana (SP).<\/p>\t<div class=\"wrapper-featured-image\">\n\t\t<figure class=\"spotlightImg\">\n\n\t\t\t<picture>\n\t\t\t\t<source media=\"(max-width: 768px)\" srcset=\"https:\/\/files.sunoresearch.com.br\/n\/uploads\/2019\/08\/03fec173-notredame-intermedica-400x200.webp\">\n\t\t\t\t<img loading=\"lazy\" decoding=\"async\" class=\"newsContent__article__imgCapa lazyloadDisabled newsContent__article__imgCapa--noCaption\" src=\"https:\/\/files.sunoresearch.com.br\/n\/uploads\/2019\/08\/03fec173-notredame-intermedica-800x450.webp\" width=\"800\" height=\"450\" alt=\"NotreDame Interm\u00e9dica adquire S\u00e3o Lucas Sa\u00fade por R$ 312 mi\" fetchpriority=high \/>\n\t\t\t<\/picture>\n\n\t\t\t<figcaption class=\"wp-caption-text wp-caption-text--hide\">CEOs da Hapvida e NotreDame Intermedica comentaram fus\u00e3o nesta segunda<\/figcaption>\n\t\t<\/figure>\n\t<\/div>\n\n\n\n<p>Em fato relevante, a <strong>Notre Dame<\/strong> informou que: \u201cCom a conclus\u00e3o da transa\u00e7\u00e3o, a companhia passar\u00e1 a deter, de forma indireta, 100% do capital social da <strong>S\u00e3o Lucas Sa\u00fade<\/strong> e o controle das demais entidades do grupo <strong>S\u00e3o<\/strong> <strong>Lucas<\/strong>\u201d. Al\u00e9m disso, comunicou que o pre\u00e7o da compra de R$ 312 milh\u00f5es ser\u00e1 pago \u00e0 vista somado ao caixa l\u00edquido apurado e retirando uma parcela destinada para conting\u00eancias.<\/p>\n<p>O <strong>Grupo S\u00e3o Lucas<\/strong> registrou em 2018 um <strong>faturamento l\u00edquido<\/strong> no valor de R$ 229 milh\u00f5es, com sinistralidade caixa de 80%.<\/p>\n<h2>Expans\u00e3o da NotreDame<\/h2>\n<p>A <strong>NotreDame Interm\u00e9dica,<\/strong> operadora de sa\u00fade, possui plano de expans\u00e3o atrav\u00e9s de novas aquisi\u00e7\u00f5es. De acordo com a divulga\u00e7\u00e3o da ag\u00eancia de not\u00edcias &#8220;Bloomberg&#8221;, a companhia est\u00e1 conversando com oito poss\u00edveis compras.<\/p>\n<p>A operadora <strong>NotreDame Interm\u00e9dica<\/strong> informou no dia 25 de julho deste ano que comprou por R$ 240 milh\u00f5es o <strong>Grupo Ghelfond.<\/strong> Em seu fato relevante, a empresa afirma que aquisi\u00e7\u00e3o foi feito \u00e0 vista. <strong>Ghelfond<\/strong> possui 11 unidades, todas localizadas na capital paulista e na Grande S\u00e3o Paulo.<\/p>\n<p><a href=\"https:\/\/www.suno.com.br\/noticias\/notredame-intermedica-oito-aquisicao-compra\/\">Saiba mais: NotreDame Interm\u00e9dica planeja se expandir com novas aquisi\u00e7\u00f5es<\/a><\/p>\n<p>Al\u00e9m disso, a operadora de sa\u00fade anunciou em abril a aquisi\u00e7\u00e3o de 100% das cotas do <strong>Hospital Amiu<\/strong>\u00a0por R$ 40 milh\u00f5es. O hospital \u00e9 localizado na zona oeste da cidade do <strong>Rio<\/strong> <strong>de<\/strong> <strong>Janeiro<\/strong>.<\/p>\n<p>Em maio, a Interm\u00e9dica comprou por R$ 80 milh\u00f5es a operadora Belo Dente Odontologia, situada em Belo Horizonte.<\/p>\n\t<p>\n\t\t<a href=\"https:\/\/lp.suno.com.br\/planilha-de-controle-de-investimentos\/\" target=\"_blank\" data-element=\"shortcode-suno-banner\" title=\"Banner SUNO, clique e saiba mais\">\n\t\t\t<picture>\n\t\t\t\t<source media=\"(max-width: 500px)\" srcset=\"https:\/\/files.sunoresearch.com.br\/n\/uploads\/2023\/03\/400x300-Controle-de-Investimentos.png\">\n\t\t\t\t<img class=\"newsContent__article__imgCapa newsContent__article__imgCapa--banner\"\n\t\t\t\t\tsrc=\"https:\/\/files.sunoresearch.com.br\/n\/uploads\/2023\/03\/1420x240-Controle-de-Investimentos.png\"\n\t\t\t\t\tdata-promo-id=\"75934\"\t\t\t\t\t\t\t\t\t\twidth='1420' height='240'\t\t\t\t\talt=\"https:\/\/files.sunoresearch.com.br\/n\/uploads\/2023\/03\/1420x240-Controle-de-Investimentos.png\"\n\t\t\t\t>\n\t\t\t<\/picture>\n\t\t<\/a>\n\t<\/p>\n\n\n<p>&#8220;Nosso crescimento por meio de aquisi\u00e7\u00f5es tem sido primordial para oferecer aos benefici\u00e1rios uma completa experi\u00eancia em cuidados com a sa\u00fade, inclusive em odontologia&#8221;, informou a empresa ap\u00f3s a compra.<\/p>\n<p>Outro plano de sa\u00fade que possui objetivo de se expandir, al\u00e9m do <strong>NotreDame Interm\u00e9dica<\/strong> \u00e9 o <strong>Grupo Hapvida.<\/strong><\/p>\n","protected":false},"excerpt":{"rendered":"<p>A companhia de planos de sa\u00fade Notre Dame Interm\u00e9dica (GNDI3) comunicou nesta ter\u00e7a-feira (01) que fechou o acordo para aquisi\u00e7\u00e3o da S\u00e3o Lucas Sa\u00fade, que atua na cidade de Americana (SP). CEOs da Hapvida e NotreDame Intermedica comentaram fus\u00e3o nesta segunda Em fato relevante, a Notre Dame informou que: \u201cCom a conclus\u00e3o da transa\u00e7\u00e3o, a [&hellip;]<\/p>\n","protected":false},"author":23,"featured_media":33018,"comment_status":"closed","ping_status":"closed","sticky":false,"template":"","format":"standard","meta":[],"categories":[64],"tags":[512],"suno_strategy":[],"class_list":["post-39576","post","type-post","status-publish","format-standard","has-post-thumbnail","hentry","category-negocios","tag-notredame-intermedica-gndi3"],"yoast_head":"<!-- This site is optimized with the Yoast SEO plugin v24.4 - https:\/\/yoast.com\/wordpress\/plugins\/seo\/ -->\n<title>NotreDame Interm\u00e9dica adquire S\u00e3o Lucas Sa\u00fade por R$ 312 mi<\/title>\n<meta name=\"description\" content=\"A Notre Dame Interm\u00e9dica comunicou que fechou o acordo para aquisi\u00e7\u00e3o da S\u00e3o S\u00e3o Lucas Sa\u00fade. Clique aqui para saber mais.\" \/>\n<meta name=\"robots\" content=\"index, follow, max-snippet:-1, max-image-preview:large, max-video-preview:-1\" \/>\n<link rel=\"canonical\" href=\"https:\/\/www.suno.com.br\/noticias\/notredame-intermedica-adquire-sao-lucas-saude\/\" \/>\n<meta property=\"og:locale\" content=\"pt_BR\" \/>\n<meta property=\"og:type\" content=\"article\" \/>\n<meta property=\"og:title\" content=\"NotreDame Interm\u00e9dica adquire S\u00e3o Lucas Sa\u00fade por R$ 312 mi\" \/>\n<meta property=\"og:description\" content=\"A Notre Dame Interm\u00e9dica comunicou que fechou o acordo para aquisi\u00e7\u00e3o da S\u00e3o S\u00e3o Lucas Sa\u00fade. Clique aqui para saber mais.\" \/>\n<meta property=\"og:url\" content=\"https:\/\/www.suno.com.br\/noticias\/notredame-intermedica-adquire-sao-lucas-saude\/\" \/>\n<meta property=\"og:site_name\" content=\"Suno Not\u00edcias\" \/>\n<meta property=\"article:publisher\" content=\"https:\/\/facebook.com\/sunoresearch\" \/>\n<meta property=\"og:image\" content=\"https:\/\/files.sunoresearch.com.br\/n\/uploads\/2019\/08\/03fec173-notredame-intermedica.jpg\" \/>\n\t<meta property=\"og:image:width\" content=\"1030\" \/>\n\t<meta property=\"og:image:height\" content=\"773\" \/>\n\t<meta property=\"og:image:type\" content=\"image\/jpeg\" \/>\n<meta name=\"author\" content=\"Rafael Lara\" \/>\n<meta name=\"twitter:card\" content=\"summary_large_image\" \/>\n<meta name=\"twitter:creator\" content=\"@sunoresearch\" \/>\n<meta name=\"twitter:site\" content=\"@sunoresearch\" \/>\n<meta name=\"twitter:label1\" content=\"Escrito por\" \/>\n\t<meta name=\"twitter:data1\" content=\"Rafael Lara\" \/>\n\t<meta name=\"twitter:label2\" content=\"Est. tempo de leitura\" \/>\n\t<meta name=\"twitter:data2\" content=\"2 minutos\" \/>\n<script type=\"application\/ld+json\" class=\"yoast-schema-graph\">{\"@context\":\"https:\/\/schema.org\",\"@graph\":[{\"@type\":\"NewsArticle\",\"@id\":\"https:\/\/www.suno.com.br\/noticias\/notredame-intermedica-adquire-sao-lucas-saude\/#article\",\"isPartOf\":{\"@id\":\"https:\/\/www.suno.com.br\/noticias\/notredame-intermedica-adquire-sao-lucas-saude\/\"},\"author\":{\"name\":\"Rafael Lara\",\"@id\":\"https:\/\/www.suno.com.br\/noticias\/#\/schema\/person\/098743caeed97b37f51315c9576c4078\"},\"headline\":\"NotreDame Interm\u00e9dica adquire S\u00e3o Lucas Sa\u00fade por R$ 312 mi\",\"datePublished\":\"2019-10-02T00:11:42+00:00\",\"mainEntityOfPage\":{\"@id\":\"https:\/\/www.suno.com.br\/noticias\/notredame-intermedica-adquire-sao-lucas-saude\/\"},\"wordCount\":363,\"publisher\":{\"@id\":\"https:\/\/www.suno.com.br\/noticias\/#organization\"},\"image\":{\"@id\":\"https:\/\/www.suno.com.br\/noticias\/notredame-intermedica-adquire-sao-lucas-saude\/#primaryimage\"},\"thumbnailUrl\":\"https:\/\/files.sunoresearch.com.br\/n\/uploads\/2019\/08\/03fec173-notredame-intermedica-jpg.webp\",\"keywords\":[\"NotreDame Intermedica (GNDI3)\"],\"articleSection\":[\"Neg\u00f3cios\"],\"inLanguage\":\"pt-BR\"},{\"@type\":\"WebPage\",\"@id\":\"https:\/\/www.suno.com.br\/noticias\/notredame-intermedica-adquire-sao-lucas-saude\/\",\"url\":\"https:\/\/www.suno.com.br\/noticias\/notredame-intermedica-adquire-sao-lucas-saude\/\",\"name\":\"NotreDame Interm\u00e9dica adquire S\u00e3o Lucas Sa\u00fade por R$ 312 mi\",\"isPartOf\":{\"@id\":\"https:\/\/www.suno.com.br\/noticias\/#website\"},\"primaryImageOfPage\":{\"@id\":\"https:\/\/www.suno.com.br\/noticias\/notredame-intermedica-adquire-sao-lucas-saude\/#primaryimage\"},\"image\":{\"@id\":\"https:\/\/www.suno.com.br\/noticias\/notredame-intermedica-adquire-sao-lucas-saude\/#primaryimage\"},\"thumbnailUrl\":\"https:\/\/files.sunoresearch.com.br\/n\/uploads\/2019\/08\/03fec173-notredame-intermedica-jpg.webp\",\"datePublished\":\"2019-10-02T00:11:42+00:00\",\"description\":\"A Notre Dame Interm\u00e9dica comunicou que fechou o acordo para aquisi\u00e7\u00e3o da S\u00e3o S\u00e3o Lucas Sa\u00fade. Clique aqui para saber mais.\",\"breadcrumb\":{\"@id\":\"https:\/\/www.suno.com.br\/noticias\/notredame-intermedica-adquire-sao-lucas-saude\/#breadcrumb\"},\"inLanguage\":\"pt-BR\",\"potentialAction\":[{\"@type\":\"ReadAction\",\"target\":[\"https:\/\/www.suno.com.br\/noticias\/notredame-intermedica-adquire-sao-lucas-saude\/\"]}]},{\"@type\":\"ImageObject\",\"inLanguage\":\"pt-BR\",\"@id\":\"https:\/\/www.suno.com.br\/noticias\/notredame-intermedica-adquire-sao-lucas-saude\/#primaryimage\",\"url\":\"https:\/\/files.sunoresearch.com.br\/n\/uploads\/2019\/08\/03fec173-notredame-intermedica-jpg.webp\",\"contentUrl\":\"https:\/\/files.sunoresearch.com.br\/n\/uploads\/2019\/08\/03fec173-notredame-intermedica-jpg.webp\",\"width\":1030,\"height\":773,\"caption\":\"CEOs da Hapvida e NotreDame Intermedica comentaram fus\u00e3o nesta segunda\"},{\"@type\":\"BreadcrumbList\",\"@id\":\"https:\/\/www.suno.com.br\/noticias\/notredame-intermedica-adquire-sao-lucas-saude\/#breadcrumb\",\"itemListElement\":[{\"@type\":\"ListItem\",\"position\":1,\"name\":\"Not\u00edcias\",\"item\":\"https:\/\/www.suno.com.br\/noticias\/\"},{\"@type\":\"ListItem\",\"position\":2,\"name\":\"Neg\u00f3cios\",\"item\":\"https:\/\/www.suno.com.br\/noticias\/negocios\/\"},{\"@type\":\"ListItem\",\"position\":3,\"name\":\"NotreDame Interm\u00e9dica adquire S\u00e3o Lucas Sa\u00fade por R$ 312 mi\"}]},{\"@type\":\"WebSite\",\"@id\":\"https:\/\/www.suno.com.br\/noticias\/#website\",\"url\":\"https:\/\/www.suno.com.br\/noticias\/\",\"name\":\"Suno Not\u00edcias\",\"description\":\"Seu portal de informa\u00e7\u00e3o sobre o mundo dos investimentos\",\"publisher\":{\"@id\":\"https:\/\/www.suno.com.br\/noticias\/#organization\"},\"potentialAction\":[{\"@type\":\"SearchAction\",\"target\":{\"@type\":\"EntryPoint\",\"urlTemplate\":\"https:\/\/www.suno.com.br\/noticias\/?s={search_term_string}\"},\"query-input\":{\"@type\":\"PropertyValueSpecification\",\"valueRequired\":true,\"valueName\":\"search_term_string\"}}],\"inLanguage\":\"pt-BR\"},{\"@type\":\"Organization\",\"@id\":\"https:\/\/www.suno.com.br\/noticias\/#organization\",\"name\":\"Suno Not\u00edcias\",\"url\":\"https:\/\/www.suno.com.br\/noticias\/\",\"logo\":{\"@type\":\"ImageObject\",\"inLanguage\":\"pt-BR\",\"@id\":\"https:\/\/www.suno.com.br\/noticias\/#\/schema\/logo\/image\/\",\"url\":\"https:\/\/files.sunoresearch.com.br\/n\/uploads\/2021\/09\/suno-logo.png\",\"contentUrl\":\"https:\/\/files.sunoresearch.com.br\/n\/uploads\/2021\/09\/suno-logo.png\",\"width\":180,\"height\":180,\"caption\":\"Suno Not\u00edcias\"},\"image\":{\"@id\":\"https:\/\/www.suno.com.br\/noticias\/#\/schema\/logo\/image\/\"},\"sameAs\":[\"https:\/\/facebook.com\/sunoresearch\",\"https:\/\/x.com\/sunoresearch\",\"https:\/\/www.instagram.com\/suno\",\"https:\/\/www.linkedin.com\/company\/suno-research\/\",\"https:\/\/www.youtube.com\/c\/sunoresearch\"]},{\"@type\":\"Person\",\"@id\":\"https:\/\/www.suno.com.br\/noticias\/#\/schema\/person\/098743caeed97b37f51315c9576c4078\",\"name\":\"Rafael Lara\",\"image\":{\"@type\":\"ImageObject\",\"inLanguage\":\"pt-BR\",\"@id\":\"https:\/\/www.suno.com.br\/noticias\/#\/schema\/person\/image\/\",\"url\":\"https:\/\/secure.gravatar.com\/avatar\/dfc254ab9bb2ea1895d98b9e9dae4bdd?s=96&r=g\",\"contentUrl\":\"https:\/\/secure.gravatar.com\/avatar\/dfc254ab9bb2ea1895d98b9e9dae4bdd?s=96&r=g\",\"caption\":\"Rafael Lara\"},\"description\":\"Rafael Lara cursa jornalismo na Faculdade C\u00e1sper L\u00edbero. Escreve sobre pol\u00edtica, economia e neg\u00f3cios para o portal Suno Not\u00edcias. Antes, colaborou na TV Gazeta na produ\u00e7\u00e3o do programa Edi\u00e7\u00e3o Extra.\",\"url\":\"https:\/\/www.suno.com.br\/noticias\/author\/rafael\/\"}]}<\/script>\n<!-- \/ Yoast SEO plugin. -->","yoast_head_json":{"title":"NotreDame Interm\u00e9dica adquire S\u00e3o Lucas Sa\u00fade por R$ 312 mi","description":"A Notre Dame Interm\u00e9dica comunicou que fechou o acordo para aquisi\u00e7\u00e3o da S\u00e3o S\u00e3o Lucas Sa\u00fade. Clique aqui para saber mais.","robots":{"index":"index","follow":"follow","max-snippet":"max-snippet:-1","max-image-preview":"max-image-preview:large","max-video-preview":"max-video-preview:-1"},"canonical":"https:\/\/www.suno.com.br\/noticias\/notredame-intermedica-adquire-sao-lucas-saude\/","og_locale":"pt_BR","og_type":"article","og_title":"NotreDame Interm\u00e9dica adquire S\u00e3o Lucas Sa\u00fade por R$ 312 mi","og_description":"A Notre Dame Interm\u00e9dica comunicou que fechou o acordo para aquisi\u00e7\u00e3o da S\u00e3o S\u00e3o Lucas Sa\u00fade. Clique aqui para saber mais.","og_url":"https:\/\/www.suno.com.br\/noticias\/notredame-intermedica-adquire-sao-lucas-saude\/","og_site_name":"Suno Not\u00edcias","article_publisher":"https:\/\/facebook.com\/sunoresearch","og_image":[{"width":1030,"height":773,"url":"https:\/\/files.sunoresearch.com.br\/n\/uploads\/2019\/08\/03fec173-notredame-intermedica.jpg","type":"image\/jpeg"}],"author":"Rafael Lara","twitter_card":"summary_large_image","twitter_creator":"@sunoresearch","twitter_site":"@sunoresearch","twitter_misc":{"Escrito por":"Rafael Lara","Est. tempo de leitura":"2 minutos"},"schema":{"@context":"https:\/\/schema.org","@graph":[{"@type":"NewsArticle","@id":"https:\/\/www.suno.com.br\/noticias\/notredame-intermedica-adquire-sao-lucas-saude\/#article","isPartOf":{"@id":"https:\/\/www.suno.com.br\/noticias\/notredame-intermedica-adquire-sao-lucas-saude\/"},"author":{"name":"Rafael Lara","@id":"https:\/\/www.suno.com.br\/noticias\/#\/schema\/person\/098743caeed97b37f51315c9576c4078"},"headline":"NotreDame Interm\u00e9dica adquire S\u00e3o Lucas Sa\u00fade por R$ 312 mi","datePublished":"2019-10-02T00:11:42+00:00","mainEntityOfPage":{"@id":"https:\/\/www.suno.com.br\/noticias\/notredame-intermedica-adquire-sao-lucas-saude\/"},"wordCount":363,"publisher":{"@id":"https:\/\/www.suno.com.br\/noticias\/#organization"},"image":{"@id":"https:\/\/www.suno.com.br\/noticias\/notredame-intermedica-adquire-sao-lucas-saude\/#primaryimage"},"thumbnailUrl":"https:\/\/files.sunoresearch.com.br\/n\/uploads\/2019\/08\/03fec173-notredame-intermedica-jpg.webp","keywords":["NotreDame Intermedica (GNDI3)"],"articleSection":["Neg\u00f3cios"],"inLanguage":"pt-BR"},{"@type":"WebPage","@id":"https:\/\/www.suno.com.br\/noticias\/notredame-intermedica-adquire-sao-lucas-saude\/","url":"https:\/\/www.suno.com.br\/noticias\/notredame-intermedica-adquire-sao-lucas-saude\/","name":"NotreDame Interm\u00e9dica adquire S\u00e3o Lucas Sa\u00fade por R$ 312 mi","isPartOf":{"@id":"https:\/\/www.suno.com.br\/noticias\/#website"},"primaryImageOfPage":{"@id":"https:\/\/www.suno.com.br\/noticias\/notredame-intermedica-adquire-sao-lucas-saude\/#primaryimage"},"image":{"@id":"https:\/\/www.suno.com.br\/noticias\/notredame-intermedica-adquire-sao-lucas-saude\/#primaryimage"},"thumbnailUrl":"https:\/\/files.sunoresearch.com.br\/n\/uploads\/2019\/08\/03fec173-notredame-intermedica-jpg.webp","datePublished":"2019-10-02T00:11:42+00:00","description":"A Notre Dame Interm\u00e9dica comunicou que fechou o acordo para aquisi\u00e7\u00e3o da S\u00e3o S\u00e3o Lucas Sa\u00fade. Clique aqui para saber mais.","breadcrumb":{"@id":"https:\/\/www.suno.com.br\/noticias\/notredame-intermedica-adquire-sao-lucas-saude\/#breadcrumb"},"inLanguage":"pt-BR","potentialAction":[{"@type":"ReadAction","target":["https:\/\/www.suno.com.br\/noticias\/notredame-intermedica-adquire-sao-lucas-saude\/"]}]},{"@type":"ImageObject","inLanguage":"pt-BR","@id":"https:\/\/www.suno.com.br\/noticias\/notredame-intermedica-adquire-sao-lucas-saude\/#primaryimage","url":"https:\/\/files.sunoresearch.com.br\/n\/uploads\/2019\/08\/03fec173-notredame-intermedica-jpg.webp","contentUrl":"https:\/\/files.sunoresearch.com.br\/n\/uploads\/2019\/08\/03fec173-notredame-intermedica-jpg.webp","width":1030,"height":773,"caption":"CEOs da Hapvida e NotreDame Intermedica comentaram fus\u00e3o nesta segunda"},{"@type":"BreadcrumbList","@id":"https:\/\/www.suno.com.br\/noticias\/notredame-intermedica-adquire-sao-lucas-saude\/#breadcrumb","itemListElement":[{"@type":"ListItem","position":1,"name":"Not\u00edcias","item":"https:\/\/www.suno.com.br\/noticias\/"},{"@type":"ListItem","position":2,"name":"Neg\u00f3cios","item":"https:\/\/www.suno.com.br\/noticias\/negocios\/"},{"@type":"ListItem","position":3,"name":"NotreDame Interm\u00e9dica adquire S\u00e3o Lucas Sa\u00fade por R$ 312 mi"}]},{"@type":"WebSite","@id":"https:\/\/www.suno.com.br\/noticias\/#website","url":"https:\/\/www.suno.com.br\/noticias\/","name":"Suno Not\u00edcias","description":"Seu portal de informa\u00e7\u00e3o sobre o mundo dos investimentos","publisher":{"@id":"https:\/\/www.suno.com.br\/noticias\/#organization"},"potentialAction":[{"@type":"SearchAction","target":{"@type":"EntryPoint","urlTemplate":"https:\/\/www.suno.com.br\/noticias\/?s={search_term_string}"},"query-input":{"@type":"PropertyValueSpecification","valueRequired":true,"valueName":"search_term_string"}}],"inLanguage":"pt-BR"},{"@type":"Organization","@id":"https:\/\/www.suno.com.br\/noticias\/#organization","name":"Suno Not\u00edcias","url":"https:\/\/www.suno.com.br\/noticias\/","logo":{"@type":"ImageObject","inLanguage":"pt-BR","@id":"https:\/\/www.suno.com.br\/noticias\/#\/schema\/logo\/image\/","url":"https:\/\/files.sunoresearch.com.br\/n\/uploads\/2021\/09\/suno-logo.png","contentUrl":"https:\/\/files.sunoresearch.com.br\/n\/uploads\/2021\/09\/suno-logo.png","width":180,"height":180,"caption":"Suno Not\u00edcias"},"image":{"@id":"https:\/\/www.suno.com.br\/noticias\/#\/schema\/logo\/image\/"},"sameAs":["https:\/\/facebook.com\/sunoresearch","https:\/\/x.com\/sunoresearch","https:\/\/www.instagram.com\/suno","https:\/\/www.linkedin.com\/company\/suno-research\/","https:\/\/www.youtube.com\/c\/sunoresearch"]},{"@type":"Person","@id":"https:\/\/www.suno.com.br\/noticias\/#\/schema\/person\/098743caeed97b37f51315c9576c4078","name":"Rafael Lara","image":{"@type":"ImageObject","inLanguage":"pt-BR","@id":"https:\/\/www.suno.com.br\/noticias\/#\/schema\/person\/image\/","url":"https:\/\/secure.gravatar.com\/avatar\/dfc254ab9bb2ea1895d98b9e9dae4bdd?s=96&r=g","contentUrl":"https:\/\/secure.gravatar.com\/avatar\/dfc254ab9bb2ea1895d98b9e9dae4bdd?s=96&r=g","caption":"Rafael Lara"},"description":"Rafael Lara cursa jornalismo na Faculdade C\u00e1sper L\u00edbero. Escreve sobre pol\u00edtica, economia e neg\u00f3cios para o portal Suno Not\u00edcias. Antes, colaborou na TV Gazeta na produ\u00e7\u00e3o do programa Edi\u00e7\u00e3o Extra.","url":"https:\/\/www.suno.com.br\/noticias\/author\/rafael\/"}]}},"default_loop_html":"<div class=\"cardsPage__listCard__boxs\"><div class=\"cardsPage__listCard__boxs__img\"><a href=\"https:\/\/www.suno.com.br\/noticias\/notredame-intermedica-adquire-sao-lucas-saude\/\"><img class=\"mask\" src=\"https:\/\/www.suno.com.br\/noticias\/wp-content\/themes\/suno\/resources\/images\/spotlight\/spotlight1img\/bg-mask.png\" alt=\"Image Mask\"\/><img src=\"https:\/\/files.sunoresearch.com.br\/n\/uploads\/2019\/08\/03fec173-notredame-intermedica-400x200.webp\" alt=\"NotreDame Interm\u00e9dica adquire S\u00e3o Lucas Sa\u00fade por R$ 312 mi\"\/><\/a><span class=\"spotlightCategory\"><a href=\"https:\/\/www.suno.com.br\/noticias\/negocios\/\">Neg\u00f3cios<\/a><\/span><\/div><div class=\"cardsPage__listCard__boxs__content\"><a href=\"https:\/\/www.suno.com.br\/noticias\/notredame-intermedica-adquire-sao-lucas-saude\/\"><h2 class=\"content__title\">NotreDame Interm\u00e9dica adquire S\u00e3o Lucas Sa\u00fade por R$ 312 mi<\/h2><\/a><div class=\"newsContent__article__meta\"><div class=\"newsContent__article__meta__authorBox\"><a href=\"https:\/\/www.suno.com.br\/noticias\/author\/rafael\/\" class=\"authorBox__avatar noMobi\"><img src=\"https:\/\/secure.gravatar.com\/avatar\/dfc254ab9bb2ea1895d98b9e9dae4bdd?s=96&#038;r=g\" alt=\"Rafael Lara\"><\/a><div class=\"authorBox__name\"><span>por\n\t\t\t<a href=\"https:\/\/www.suno.com.br\/noticias\/author\/rafael\/\"><span itemprop=\"author\">Rafael Lara<\/span><\/a><\/span><time datetime=\"2019-10-01T21:11:42-03:00\" itemprop=\"datePublished\">01\/10\/2019 21:11<\/time><\/div><\/div><\/div><\/div><\/div>","single_layout":"posts","amp_enabled":true,"_links":{"self":[{"href":"https:\/\/www.suno.com.br\/noticias\/wp-json\/wp\/v2\/posts\/39576"}],"collection":[{"href":"https:\/\/www.suno.com.br\/noticias\/wp-json\/wp\/v2\/posts"}],"about":[{"href":"https:\/\/www.suno.com.br\/noticias\/wp-json\/wp\/v2\/types\/post"}],"author":[{"embeddable":true,"href":"https:\/\/www.suno.com.br\/noticias\/wp-json\/wp\/v2\/users\/23"}],"replies":[{"embeddable":true,"href":"https:\/\/www.suno.com.br\/noticias\/wp-json\/wp\/v2\/comments?post=39576"}],"version-history":[{"count":0,"href":"https:\/\/www.suno.com.br\/noticias\/wp-json\/wp\/v2\/posts\/39576\/revisions"}],"wp:featuredmedia":[{"embeddable":true,"href":"https:\/\/www.suno.com.br\/noticias\/wp-json\/wp\/v2\/media\/33018"}],"wp:attachment":[{"href":"https:\/\/www.suno.com.br\/noticias\/wp-json\/wp\/v2\/media?parent=39576"}],"wp:term":[{"taxonomy":"category","embeddable":true,"href":"https:\/\/www.suno.com.br\/noticias\/wp-json\/wp\/v2\/categories?post=39576"},{"taxonomy":"post_tag","embeddable":true,"href":"https:\/\/www.suno.com.br\/noticias\/wp-json\/wp\/v2\/tags?post=39576"},{"taxonomy":"suno_strategy","embeddable":true,"href":"https:\/\/www.suno.com.br\/noticias\/wp-json\/wp\/v2\/suno_strategy?post=39576"}],"curies":[{"name":"wp","href":"https:\/\/api.w.org\/{rel}","templated":true}]}}